{"id":453,"date":"2013-11-02T08:14:36","date_gmt":"2013-11-02T08:14:36","guid":{"rendered":""},"modified":"2020-04-06T22:05:30","modified_gmt":"2020-04-06T20:05:30","slug":"doli-ne-qarkullim-nr-i-ri-i-gazetes-ngjallja-tetor-2013","status":"publish","type":"post","link":"https:\/\/orthodoxalbania.org\/2020\/2013\/11\/02\/doli-ne-qarkullim-nr-i-ri-i-gazetes-ngjallja-tetor-2013\/","title":{"rendered":"Doli n\u00eb qarkullim nr. i ri i gazet\u00ebs \u201cNgjallja\u201d- TETOR 2013"},"content":{"rendered":"<p style=\"text-align: justify;\">\n\t<img decoding=\"async\" class=\"lazyload HAa Eha\" height=\"368\" src=\"data:image\/svg+xml,%3Csvg%20xmlns%3D%27http%3A%2F%2Fwww.w3.org%2F2000%2Fsvg%27%20width%3D%27271%27%20height%3D%27368%27%20viewBox%3D%270%200%20271%20368%27%3E%3Crect%20width%3D%27271%27%20height%3D%27368%27%20fill-opacity%3D%220%22%2F%3E%3C%2Fsvg%3E\" data-orig-src=\"https:\/\/lh4.googleusercontent.com\/-l8Ni6l5ns6U\/UnTJ5ETiVPI\/AAAAAAAAGyY\/GClmw4byj_k\/w403-h548-no\/Gazeta+TETOR+2013+per+internet-page-001.jpg\" style=\"margin: 10px; float: left; border-width: 1px; border-style: solid;\" width=\"271\" \/><span style=\"color:#000000;\"><span style=\"font-family: tahoma,geneva,sans-serif;\"><span style=\"font-size: 12px;\"><strong>&nbsp;&nbsp;&nbsp;&nbsp; Doli n\u00eb qarkullim nr. i ri i gazet\u00ebs \u201cNgjallja\u201d- TETOR 2013.<\/strong><\/span><\/span><\/span><\/p>\n<div style=\"text-align: justify;\">\n\t<span style=\"color:#000000;\"><span style=\"font-family: tahoma,geneva,sans-serif;\"><span style=\"font-size: 12px;\"><strong>&nbsp;&nbsp;&nbsp;&nbsp; N\u00eb k\u00ebt\u00eb num\u00ebr do t\u00eb njiheni:<\/strong><\/p>\n<p>\t&#8211;&nbsp;&nbsp; &nbsp;Rr\u00ebzimi i nje s\u00ebr\u00eb akuzave shpif\u00ebse &#8211; nga Kryepiskopi \u2020 Prof. Dr. Anastasi<\/span><\/span><\/span><\/div>\n<div style=\"text-align: justify;\">\n\t<br \/>\n\t<span style=\"color:#000000;\"><span style=\"font-family: tahoma,geneva,sans-serif;\"><span style=\"font-size: 12px;\">&#8211;&nbsp;&nbsp; &nbsp;Nj\u00eb hap n\u00eb rrug\u00ebn p\u00ebr t\u00eb kthyer n\u00eb kisha ikonat e grabitura &#8211; Korresp. i \u201cNgjallja\u201d<\/span><\/span><\/span><\/div>\n<div style=\"text-align: justify;\">\n\t<br \/>\n\t<span style=\"color:#000000;\"><span style=\"font-family: tahoma,geneva,sans-serif;\"><span style=\"font-size: 12px;\">&#8211;&nbsp;&nbsp; &nbsp;Filloi viti i dyt\u00eb m\u00ebsimor n\u00eb Shkoll\u00ebn e Muzik\u00ebs Bizantine<\/span><\/span><\/span><\/div>\n<div style=\"text-align: justify;\">\n\t<br \/>\n\t<span style=\"color:#000000;\"><span style=\"font-family: tahoma,geneva,sans-serif;\"><span style=\"font-size: 12px;\">&#8211;&nbsp;&nbsp; &nbsp;P\u00ebrpjekje t\u00eb vazhdueshme n\u00eb famullin\u00eb e Sh\u00ebn Athanasit \u2013 nga Pavlina Dede<\/span><\/span><\/span><\/div>\n<div style=\"text-align: justify;\">\n\t<br \/>\n\t<span style=\"color:#000000;\"><span style=\"font-family: tahoma,geneva,sans-serif;\"><span style=\"font-size: 12px;\">&#8211;&nbsp;&nbsp; &nbsp;U krijua Lidhja e Intelektual\u00ebve Orthodhoks\u00eb t\u00eb Kish\u00ebs Orthodhokse Autoqefale t\u00eb Shqip\u00ebris\u00eb \u2013 nga Edvin Ziso<\/span><\/span><\/span><\/div>\n<div style=\"text-align: justify;\">\n\t<br \/>\n\t<span style=\"color:#000000;\"><span style=\"font-family: tahoma,geneva,sans-serif;\"><span style=\"font-size: 12px;\">&#8211;&nbsp;&nbsp; &nbsp;Llukai, ungjillor<\/span><\/span><\/span><\/div>\n<div style=\"text-align: justify;\">\n\t<br \/>\n\t<span style=\"color:#000000;\"><span style=\"font-family: tahoma,geneva,sans-serif;\"><span style=\"font-size: 12px;\">&#8211;&nbsp;&nbsp; &nbsp;Dhimitri, martir i madh<\/span><\/span><\/span><\/div>\n<div style=\"text-align: justify;\">\n\t<br \/>\n\t<span style=\"color:#000000;\"><span style=\"font-family: tahoma,geneva,sans-serif;\"><span style=\"font-size: 12px;\">&#8211;&nbsp;&nbsp; &nbsp;Objektivizimi i Trash\u00ebgimis\u00eb: P\u00ebrpar\u00ebsi, Mbar\u00ebsi dhe Prap\u00ebsi Kulturore \u2013 nga Dr. Konstantinos Giakoumis<\/span><\/span><\/span><\/div>\n<div style=\"text-align: justify;\">\n\t<br \/>\n\t<span style=\"color:#000000;\"><span style=\"font-family: tahoma,geneva,sans-serif;\"><span style=\"font-size: 12px;\">&#8211;&nbsp;&nbsp; &nbsp;Festohet 20-vjetori i Lidhjes Rinore Orthodhokse t\u00eb Ballkanit &#8211; (BOYA-Balkan Orthodox Youth Association)- nga Joan Meni<\/span><\/span><\/span><\/div>\n<div style=\"text-align: justify;\">\n\t<br \/>\n\t<span style=\"color:#000000;\"><span style=\"font-family: tahoma,geneva,sans-serif;\"><span style=\"font-size: 12px;\">&#8211;&nbsp;&nbsp; &nbsp;Kremtime madh\u00ebshtore nga Kishat Orthodhokse p\u00ebr 1700-vjetorin e Ediktit t\u00eb Milanos<\/span><\/span><\/span><br \/>\n\t&nbsp;<\/div>\n","protected":false},"excerpt":{"rendered":"<p>&nbsp;&nbsp;&nbsp;&nbsp; Doli n\u00eb qarkullim nr. i ri i gazet\u00ebs \u201cNgjallja\u201d- TETOR 2013. &nbsp;&nbsp;&nbsp;&nbsp; N\u00eb k\u00ebt\u00eb num\u00ebr do t\u00eb njiheni: &#8211;&nbsp;&nbsp; &nbsp;Rr\u00ebzimi i nje s\u00ebr\u00eb akuzave shpif\u00ebse &#8211; nga Kryepiskopi \u2020 Prof. Dr. Anastasi &#8211;&nbsp;&nbsp; &nbsp;Nj\u00eb hap n\u00eb rrug\u00ebn p\u00ebr t\u00eb kthyer n\u00eb kisha ikonat e grabitura &#8211; Korresp. i \u201cNgjallja\u201d &#8211;&nbsp;&nbsp; &nbsp;Filloi viti i dyt\u00eb m\u00ebsimor n\u00eb Shkoll\u00ebn e Muzik\u00ebs Bizantine &#8211;&nbsp;&nbsp; &nbsp;P\u00ebrpjekje t\u00eb vazhdueshme<\/p>\n","protected":false},"author":1,"featured_media":0,"comment_status":"open","ping_status":"open","sticky":false,"template":"","format":"standard","meta":{"_acf_changed":false,"pagelayer_contact_templates":[],"_pagelayer_content":"","inline_featured_image":false,"fifu_image_url":"","fifu_image_alt":"","footnotes":""},"categories":[108],"tags":[141,161,196,212,607],"class_list":["post-453","post","type-post","status-publish","format-standard","hentry","category-lajme","tag-141","tag-gazeta-ngjallja","tag-tirane","tag-lajme-d27","tag-promovimepublikime"],"acf":[],"yoast_head":"<!-- This site is optimized with the Yoast SEO plugin v27.2 - https:\/\/yoast.com\/product\/yoast-seo-wordpress\/ -->\n<title>Doli n\u00eb qarkullim nr. i ri i gazet\u00ebs \u201cNgjallja\u201d- TETOR 2013 - Kisha Orthodh\u03bfkse Autoqefale e Shqip\u00ebris\u00eb<\/title>\n<meta name=\"robots\" content=\"index, follow, max-snippet:-1, max-image-preview:large, max-video-preview:-1\" \/>\n<link rel=\"canonical\" href=\"https:\/\/orthodoxalbania.org\/2020\/2013\/11\/02\/doli-ne-qarkullim-nr-i-ri-i-gazetes-ngjallja-tetor-2013\/\" \/>\n<meta property=\"og:locale\" content=\"en_US\" \/>\n<meta property=\"og:type\" content=\"article\" \/>\n<meta property=\"og:title\" content=\"Doli n\u00eb qarkullim nr. i ri i gazet\u00ebs \u201cNgjallja\u201d- TETOR 2013 - Kisha Orthodh\u03bfkse Autoqefale e Shqip\u00ebris\u00eb\" \/>\n<meta property=\"og:description\" content=\"&nbsp;&nbsp;&nbsp;&nbsp; Doli n\u00eb qarkullim nr. i ri i gazet\u00ebs \u201cNgjallja\u201d- TETOR 2013. &nbsp;&nbsp;&nbsp;&nbsp; N\u00eb k\u00ebt\u00eb num\u00ebr do t\u00eb njiheni: &#8211;&nbsp;&nbsp; &nbsp;Rr\u00ebzimi i nje s\u00ebr\u00eb akuzave shpif\u00ebse &#8211; nga Kryepiskopi \u2020 Prof. Dr. Anastasi &#8211;&nbsp;&nbsp; &nbsp;Nj\u00eb hap n\u00eb rrug\u00ebn p\u00ebr t\u00eb kthyer n\u00eb kisha ikonat e grabitura &#8211; Korresp. i \u201cNgjallja\u201d &#8211;&nbsp;&nbsp; &nbsp;Filloi viti i dyt\u00eb m\u00ebsimor n\u00eb Shkoll\u00ebn e Muzik\u00ebs Bizantine &#8211;&nbsp;&nbsp; &nbsp;P\u00ebrpjekje t\u00eb vazhdueshme\" \/>\n<meta property=\"og:url\" content=\"https:\/\/orthodoxalbania.org\/2020\/2013\/11\/02\/doli-ne-qarkullim-nr-i-ri-i-gazetes-ngjallja-tetor-2013\/\" \/>\n<meta property=\"og:site_name\" content=\"Kisha Orthodh\u03bfkse Autoqefale e Shqip\u00ebris\u00eb\" \/>\n<meta property=\"article:publisher\" content=\"https:\/\/www.facebook.com\/koash1991\" \/>\n<meta property=\"article:published_time\" content=\"2013-11-02T08:14:36+00:00\" \/>\n<meta property=\"article:modified_time\" content=\"2020-04-06T20:05:30+00:00\" \/>\n<meta property=\"og:image\" content=\"https:\/\/lh4.googleusercontent.com\/-l8Ni6l5ns6U\/UnTJ5ETiVPI\/AAAAAAAAGyY\/GClmw4byj_k\/w403-h548-no\/Gazeta+TETOR+2013+per+internet-page-001.jpg\" \/>\n<meta name=\"author\" content=\"Kisha Orthodhokse\" \/>\n<meta name=\"twitter:card\" content=\"summary_large_image\" \/>\n<meta name=\"twitter:label1\" content=\"Written by\" \/>\n\t<meta name=\"twitter:data1\" content=\"Kisha Orthodhokse\" \/>\n\t<meta name=\"twitter:label2\" content=\"Est. reading time\" \/>\n\t<meta name=\"twitter:data2\" content=\"1 minute\" \/>\n<script type=\"application\/ld+json\" class=\"yoast-schema-graph\">{\"@context\":\"https:\/\/schema.org\",\"@graph\":[{\"@type\":\"Article\",\"@id\":\"https:\/\/orthodoxalbania.org\/2020\/2013\/11\/02\/doli-ne-qarkullim-nr-i-ri-i-gazetes-ngjallja-tetor-2013\/#article\",\"isPartOf\":{\"@id\":\"https:\/\/orthodoxalbania.org\/2020\/2013\/11\/02\/doli-ne-qarkullim-nr-i-ri-i-gazetes-ngjallja-tetor-2013\/\"},\"author\":{\"name\":\"Kisha Orthodhokse\",\"@id\":\"https:\/\/orthodoxalbania.org\/2020\/#\/schema\/person\/0c387634a7063ac612d7ed9ce71c7e86\"},\"headline\":\"Doli n\u00eb qarkullim nr. i ri i gazet\u00ebs \u201cNgjallja\u201d- TETOR 2013\",\"datePublished\":\"2013-11-02T08:14:36+00:00\",\"dateModified\":\"2020-04-06T20:05:30+00:00\",\"mainEntityOfPage\":{\"@id\":\"https:\/\/orthodoxalbania.org\/2020\/2013\/11\/02\/doli-ne-qarkullim-nr-i-ri-i-gazetes-ngjallja-tetor-2013\/\"},\"wordCount\":211,\"commentCount\":0,\"publisher\":{\"@id\":\"https:\/\/orthodoxalbania.org\/2020\/#organization\"},\"image\":{\"@id\":\"https:\/\/orthodoxalbania.org\/2020\/2013\/11\/02\/doli-ne-qarkullim-nr-i-ri-i-gazetes-ngjallja-tetor-2013\/#primaryimage\"},\"thumbnailUrl\":\"https:\/\/lh4.googleusercontent.com\/-l8Ni6l5ns6U\/UnTJ5ETiVPI\/AAAAAAAAGyY\/GClmw4byj_k\/w403-h548-no\/Gazeta+TETOR+2013+per+internet-page-001.jpg\",\"keywords\":[\"2013\",\"Gazeta \\\"Ngjallja\\\"\",\"Kryepiskopata Tiran\u00eb\",\"lajme\",\"PromovimePublikime\"],\"articleSection\":[\"Lajme\"],\"inLanguage\":\"en-US\"},{\"@type\":\"WebPage\",\"@id\":\"https:\/\/orthodoxalbania.org\/2020\/2013\/11\/02\/doli-ne-qarkullim-nr-i-ri-i-gazetes-ngjallja-tetor-2013\/\",\"url\":\"https:\/\/orthodoxalbania.org\/2020\/2013\/11\/02\/doli-ne-qarkullim-nr-i-ri-i-gazetes-ngjallja-tetor-2013\/\",\"name\":\"Doli n\u00eb qarkullim nr. i ri i gazet\u00ebs \u201cNgjallja\u201d- TETOR 2013 - Kisha Orthodh\u03bfkse Autoqefale e Shqip\u00ebris\u00eb\",\"isPartOf\":{\"@id\":\"https:\/\/orthodoxalbania.org\/2020\/#website\"},\"primaryImageOfPage\":{\"@id\":\"https:\/\/orthodoxalbania.org\/2020\/2013\/11\/02\/doli-ne-qarkullim-nr-i-ri-i-gazetes-ngjallja-tetor-2013\/#primaryimage\"},\"image\":{\"@id\":\"https:\/\/orthodoxalbania.org\/2020\/2013\/11\/02\/doli-ne-qarkullim-nr-i-ri-i-gazetes-ngjallja-tetor-2013\/#primaryimage\"},\"thumbnailUrl\":\"https:\/\/lh4.googleusercontent.com\/-l8Ni6l5ns6U\/UnTJ5ETiVPI\/AAAAAAAAGyY\/GClmw4byj_k\/w403-h548-no\/Gazeta+TETOR+2013+per+internet-page-001.jpg\",\"datePublished\":\"2013-11-02T08:14:36+00:00\",\"dateModified\":\"2020-04-06T20:05:30+00:00\",\"breadcrumb\":{\"@id\":\"https:\/\/orthodoxalbania.org\/2020\/2013\/11\/02\/doli-ne-qarkullim-nr-i-ri-i-gazetes-ngjallja-tetor-2013\/#breadcrumb\"},\"inLanguage\":\"en-US\",\"potentialAction\":[{\"@type\":\"ReadAction\",\"target\":[\"https:\/\/orthodoxalbania.org\/2020\/2013\/11\/02\/doli-ne-qarkullim-nr-i-ri-i-gazetes-ngjallja-tetor-2013\/\"]}]},{\"@type\":\"ImageObject\",\"inLanguage\":\"en-US\",\"@id\":\"https:\/\/orthodoxalbania.org\/2020\/2013\/11\/02\/doli-ne-qarkullim-nr-i-ri-i-gazetes-ngjallja-tetor-2013\/#primaryimage\",\"url\":\"https:\/\/lh4.googleusercontent.com\/-l8Ni6l5ns6U\/UnTJ5ETiVPI\/AAAAAAAAGyY\/GClmw4byj_k\/w403-h548-no\/Gazeta+TETOR+2013+per+internet-page-001.jpg\",\"contentUrl\":\"https:\/\/lh4.googleusercontent.com\/-l8Ni6l5ns6U\/UnTJ5ETiVPI\/AAAAAAAAGyY\/GClmw4byj_k\/w403-h548-no\/Gazeta+TETOR+2013+per+internet-page-001.jpg\"},{\"@type\":\"BreadcrumbList\",\"@id\":\"https:\/\/orthodoxalbania.org\/2020\/2013\/11\/02\/doli-ne-qarkullim-nr-i-ri-i-gazetes-ngjallja-tetor-2013\/#breadcrumb\",\"itemListElement\":[{\"@type\":\"ListItem\",\"position\":1,\"name\":\"Home\",\"item\":\"https:\/\/orthodoxalbania.org\/2020\/\"},{\"@type\":\"ListItem\",\"position\":2,\"name\":\"Doli n\u00eb qarkullim nr. i ri i gazet\u00ebs \u201cNgjallja\u201d- TETOR 2013\"}]},{\"@type\":\"WebSite\",\"@id\":\"https:\/\/orthodoxalbania.org\/2020\/#website\",\"url\":\"https:\/\/orthodoxalbania.org\/2020\/\",\"name\":\"Kisha Orthodh\u03bfkse Autoqefale e Shqip\u00ebris\u00eb\",\"description\":\"Fqja Zyrtare e Kish\u00ebs Orthodhokse Autoqefale e Shqip\u00ebris\u00eb me lajmet edhe informacionet zyrtare p\u00ebr struktur\u00ebn edhe veprimtarin e saj.\",\"publisher\":{\"@id\":\"https:\/\/orthodoxalbania.org\/2020\/#organization\"},\"potentialAction\":[{\"@type\":\"SearchAction\",\"target\":{\"@type\":\"EntryPoint\",\"urlTemplate\":\"https:\/\/orthodoxalbania.org\/2020\/?s={search_term_string}\"},\"query-input\":{\"@type\":\"PropertyValueSpecification\",\"valueRequired\":true,\"valueName\":\"search_term_string\"}}],\"inLanguage\":\"en-US\"},{\"@type\":\"Organization\",\"@id\":\"https:\/\/orthodoxalbania.org\/2020\/#organization\",\"name\":\"Kisha Orthodhokse Autoqefale e Shqip\u00ebris\u00eb\",\"url\":\"https:\/\/orthodoxalbania.org\/2020\/\",\"logo\":{\"@type\":\"ImageObject\",\"inLanguage\":\"en-US\",\"@id\":\"https:\/\/orthodoxalbania.org\/2020\/#\/schema\/logo\/image\/\",\"url\":\"https:\/\/orthodoxalbania.org\/2020\/wp-content\/uploads\/2020\/05\/albania.jpeg\",\"contentUrl\":\"https:\/\/orthodoxalbania.org\/2020\/wp-content\/uploads\/2020\/05\/albania.jpeg\",\"width\":540,\"height\":540,\"caption\":\"Kisha Orthodhokse Autoqefale e Shqip\u00ebris\u00eb\"},\"image\":{\"@id\":\"https:\/\/orthodoxalbania.org\/2020\/#\/schema\/logo\/image\/\"},\"sameAs\":[\"https:\/\/www.facebook.com\/koash1991\"]},{\"@type\":\"Person\",\"@id\":\"https:\/\/orthodoxalbania.org\/2020\/#\/schema\/person\/0c387634a7063ac612d7ed9ce71c7e86\",\"name\":\"Kisha Orthodhokse\",\"image\":{\"@type\":\"ImageObject\",\"inLanguage\":\"en-US\",\"@id\":\"https:\/\/secure.gravatar.com\/avatar\/596e7c417251e30f2fbb9c00e026fce61a695a00e51c889caded71c96cbbdde5?s=96&d=mm&r=g\",\"url\":\"https:\/\/secure.gravatar.com\/avatar\/596e7c417251e30f2fbb9c00e026fce61a695a00e51c889caded71c96cbbdde5?s=96&d=mm&r=g\",\"contentUrl\":\"https:\/\/secure.gravatar.com\/avatar\/596e7c417251e30f2fbb9c00e026fce61a695a00e51c889caded71c96cbbdde5?s=96&d=mm&r=g\",\"caption\":\"Kisha Orthodhokse\"}}]}<\/script>\n<!-- \/ Yoast SEO plugin. -->","yoast_head_json":{"title":"Doli n\u00eb qarkullim nr. i ri i gazet\u00ebs \u201cNgjallja\u201d- TETOR 2013 - Kisha Orthodh\u03bfkse Autoqefale e Shqip\u00ebris\u00eb","robots":{"index":"index","follow":"follow","max-snippet":"max-snippet:-1","max-image-preview":"max-image-preview:large","max-video-preview":"max-video-preview:-1"},"canonical":"https:\/\/orthodoxalbania.org\/2020\/2013\/11\/02\/doli-ne-qarkullim-nr-i-ri-i-gazetes-ngjallja-tetor-2013\/","og_locale":"en_US","og_type":"article","og_title":"Doli n\u00eb qarkullim nr. i ri i gazet\u00ebs \u201cNgjallja\u201d- TETOR 2013 - Kisha Orthodh\u03bfkse Autoqefale e Shqip\u00ebris\u00eb","og_description":"&nbsp;&nbsp;&nbsp;&nbsp; Doli n\u00eb qarkullim nr. i ri i gazet\u00ebs \u201cNgjallja\u201d- TETOR 2013. &nbsp;&nbsp;&nbsp;&nbsp; N\u00eb k\u00ebt\u00eb num\u00ebr do t\u00eb njiheni: &#8211;&nbsp;&nbsp; &nbsp;Rr\u00ebzimi i nje s\u00ebr\u00eb akuzave shpif\u00ebse &#8211; nga Kryepiskopi \u2020 Prof. Dr. Anastasi &#8211;&nbsp;&nbsp; &nbsp;Nj\u00eb hap n\u00eb rrug\u00ebn p\u00ebr t\u00eb kthyer n\u00eb kisha ikonat e grabitura &#8211; Korresp. i \u201cNgjallja\u201d &#8211;&nbsp;&nbsp; &nbsp;Filloi viti i dyt\u00eb m\u00ebsimor n\u00eb Shkoll\u00ebn e Muzik\u00ebs Bizantine &#8211;&nbsp;&nbsp; &nbsp;P\u00ebrpjekje t\u00eb vazhdueshme","og_url":"https:\/\/orthodoxalbania.org\/2020\/2013\/11\/02\/doli-ne-qarkullim-nr-i-ri-i-gazetes-ngjallja-tetor-2013\/","og_site_name":"Kisha Orthodh\u03bfkse Autoqefale e Shqip\u00ebris\u00eb","article_publisher":"https:\/\/www.facebook.com\/koash1991","article_published_time":"2013-11-02T08:14:36+00:00","article_modified_time":"2020-04-06T20:05:30+00:00","og_image":[{"url":"https:\/\/lh4.googleusercontent.com\/-l8Ni6l5ns6U\/UnTJ5ETiVPI\/AAAAAAAAGyY\/GClmw4byj_k\/w403-h548-no\/Gazeta+TETOR+2013+per+internet-page-001.jpg","type":"","width":"","height":""}],"author":"Kisha Orthodhokse","twitter_card":"summary_large_image","twitter_misc":{"Written by":"Kisha Orthodhokse","Est. reading time":"1 minute"},"schema":{"@context":"https:\/\/schema.org","@graph":[{"@type":"Article","@id":"https:\/\/orthodoxalbania.org\/2020\/2013\/11\/02\/doli-ne-qarkullim-nr-i-ri-i-gazetes-ngjallja-tetor-2013\/#article","isPartOf":{"@id":"https:\/\/orthodoxalbania.org\/2020\/2013\/11\/02\/doli-ne-qarkullim-nr-i-ri-i-gazetes-ngjallja-tetor-2013\/"},"author":{"name":"Kisha Orthodhokse","@id":"https:\/\/orthodoxalbania.org\/2020\/#\/schema\/person\/0c387634a7063ac612d7ed9ce71c7e86"},"headline":"Doli n\u00eb qarkullim nr. i ri i gazet\u00ebs \u201cNgjallja\u201d- TETOR 2013","datePublished":"2013-11-02T08:14:36+00:00","dateModified":"2020-04-06T20:05:30+00:00","mainEntityOfPage":{"@id":"https:\/\/orthodoxalbania.org\/2020\/2013\/11\/02\/doli-ne-qarkullim-nr-i-ri-i-gazetes-ngjallja-tetor-2013\/"},"wordCount":211,"commentCount":0,"publisher":{"@id":"https:\/\/orthodoxalbania.org\/2020\/#organization"},"image":{"@id":"https:\/\/orthodoxalbania.org\/2020\/2013\/11\/02\/doli-ne-qarkullim-nr-i-ri-i-gazetes-ngjallja-tetor-2013\/#primaryimage"},"thumbnailUrl":"https:\/\/lh4.googleusercontent.com\/-l8Ni6l5ns6U\/UnTJ5ETiVPI\/AAAAAAAAGyY\/GClmw4byj_k\/w403-h548-no\/Gazeta+TETOR+2013+per+internet-page-001.jpg","keywords":["2013","Gazeta \"Ngjallja\"","Kryepiskopata Tiran\u00eb","lajme","PromovimePublikime"],"articleSection":["Lajme"],"inLanguage":"en-US"},{"@type":"WebPage","@id":"https:\/\/orthodoxalbania.org\/2020\/2013\/11\/02\/doli-ne-qarkullim-nr-i-ri-i-gazetes-ngjallja-tetor-2013\/","url":"https:\/\/orthodoxalbania.org\/2020\/2013\/11\/02\/doli-ne-qarkullim-nr-i-ri-i-gazetes-ngjallja-tetor-2013\/","name":"Doli n\u00eb qarkullim nr. i ri i gazet\u00ebs \u201cNgjallja\u201d- TETOR 2013 - Kisha Orthodh\u03bfkse Autoqefale e Shqip\u00ebris\u00eb","isPartOf":{"@id":"https:\/\/orthodoxalbania.org\/2020\/#website"},"primaryImageOfPage":{"@id":"https:\/\/orthodoxalbania.org\/2020\/2013\/11\/02\/doli-ne-qarkullim-nr-i-ri-i-gazetes-ngjallja-tetor-2013\/#primaryimage"},"image":{"@id":"https:\/\/orthodoxalbania.org\/2020\/2013\/11\/02\/doli-ne-qarkullim-nr-i-ri-i-gazetes-ngjallja-tetor-2013\/#primaryimage"},"thumbnailUrl":"https:\/\/lh4.googleusercontent.com\/-l8Ni6l5ns6U\/UnTJ5ETiVPI\/AAAAAAAAGyY\/GClmw4byj_k\/w403-h548-no\/Gazeta+TETOR+2013+per+internet-page-001.jpg","datePublished":"2013-11-02T08:14:36+00:00","dateModified":"2020-04-06T20:05:30+00:00","breadcrumb":{"@id":"https:\/\/orthodoxalbania.org\/2020\/2013\/11\/02\/doli-ne-qarkullim-nr-i-ri-i-gazetes-ngjallja-tetor-2013\/#breadcrumb"},"inLanguage":"en-US","potentialAction":[{"@type":"ReadAction","target":["https:\/\/orthodoxalbania.org\/2020\/2013\/11\/02\/doli-ne-qarkullim-nr-i-ri-i-gazetes-ngjallja-tetor-2013\/"]}]},{"@type":"ImageObject","inLanguage":"en-US","@id":"https:\/\/orthodoxalbania.org\/2020\/2013\/11\/02\/doli-ne-qarkullim-nr-i-ri-i-gazetes-ngjallja-tetor-2013\/#primaryimage","url":"https:\/\/lh4.googleusercontent.com\/-l8Ni6l5ns6U\/UnTJ5ETiVPI\/AAAAAAAAGyY\/GClmw4byj_k\/w403-h548-no\/Gazeta+TETOR+2013+per+internet-page-001.jpg","contentUrl":"https:\/\/lh4.googleusercontent.com\/-l8Ni6l5ns6U\/UnTJ5ETiVPI\/AAAAAAAAGyY\/GClmw4byj_k\/w403-h548-no\/Gazeta+TETOR+2013+per+internet-page-001.jpg"},{"@type":"BreadcrumbList","@id":"https:\/\/orthodoxalbania.org\/2020\/2013\/11\/02\/doli-ne-qarkullim-nr-i-ri-i-gazetes-ngjallja-tetor-2013\/#breadcrumb","itemListElement":[{"@type":"ListItem","position":1,"name":"Home","item":"https:\/\/orthodoxalbania.org\/2020\/"},{"@type":"ListItem","position":2,"name":"Doli n\u00eb qarkullim nr. i ri i gazet\u00ebs \u201cNgjallja\u201d- TETOR 2013"}]},{"@type":"WebSite","@id":"https:\/\/orthodoxalbania.org\/2020\/#website","url":"https:\/\/orthodoxalbania.org\/2020\/","name":"Kisha Orthodh\u03bfkse Autoqefale e Shqip\u00ebris\u00eb","description":"Fqja Zyrtare e Kish\u00ebs Orthodhokse Autoqefale e Shqip\u00ebris\u00eb me lajmet edhe informacionet zyrtare p\u00ebr struktur\u00ebn edhe veprimtarin e saj.","publisher":{"@id":"https:\/\/orthodoxalbania.org\/2020\/#organization"},"potentialAction":[{"@type":"SearchAction","target":{"@type":"EntryPoint","urlTemplate":"https:\/\/orthodoxalbania.org\/2020\/?s={search_term_string}"},"query-input":{"@type":"PropertyValueSpecification","valueRequired":true,"valueName":"search_term_string"}}],"inLanguage":"en-US"},{"@type":"Organization","@id":"https:\/\/orthodoxalbania.org\/2020\/#organization","name":"Kisha Orthodhokse Autoqefale e Shqip\u00ebris\u00eb","url":"https:\/\/orthodoxalbania.org\/2020\/","logo":{"@type":"ImageObject","inLanguage":"en-US","@id":"https:\/\/orthodoxalbania.org\/2020\/#\/schema\/logo\/image\/","url":"https:\/\/orthodoxalbania.org\/2020\/wp-content\/uploads\/2020\/05\/albania.jpeg","contentUrl":"https:\/\/orthodoxalbania.org\/2020\/wp-content\/uploads\/2020\/05\/albania.jpeg","width":540,"height":540,"caption":"Kisha Orthodhokse Autoqefale e Shqip\u00ebris\u00eb"},"image":{"@id":"https:\/\/orthodoxalbania.org\/2020\/#\/schema\/logo\/image\/"},"sameAs":["https:\/\/www.facebook.com\/koash1991"]},{"@type":"Person","@id":"https:\/\/orthodoxalbania.org\/2020\/#\/schema\/person\/0c387634a7063ac612d7ed9ce71c7e86","name":"Kisha Orthodhokse","image":{"@type":"ImageObject","inLanguage":"en-US","@id":"https:\/\/secure.gravatar.com\/avatar\/596e7c417251e30f2fbb9c00e026fce61a695a00e51c889caded71c96cbbdde5?s=96&d=mm&r=g","url":"https:\/\/secure.gravatar.com\/avatar\/596e7c417251e30f2fbb9c00e026fce61a695a00e51c889caded71c96cbbdde5?s=96&d=mm&r=g","contentUrl":"https:\/\/secure.gravatar.com\/avatar\/596e7c417251e30f2fbb9c00e026fce61a695a00e51c889caded71c96cbbdde5?s=96&d=mm&r=g","caption":"Kisha Orthodhokse"}}]}},"_links":{"self":[{"href":"https:\/\/orthodoxalbania.org\/2020\/wp-json\/wp\/v2\/posts\/453","targetHints":{"allow":["GET"]}}],"collection":[{"href":"https:\/\/orthodoxalbania.org\/2020\/wp-json\/wp\/v2\/posts"}],"about":[{"href":"https:\/\/orthodoxalbania.org\/2020\/wp-json\/wp\/v2\/types\/post"}],"author":[{"embeddable":true,"href":"https:\/\/orthodoxalbania.org\/2020\/wp-json\/wp\/v2\/users\/1"}],"replies":[{"embeddable":true,"href":"https:\/\/orthodoxalbania.org\/2020\/wp-json\/wp\/v2\/comments?post=453"}],"version-history":[{"count":1,"href":"https:\/\/orthodoxalbania.org\/2020\/wp-json\/wp\/v2\/posts\/453\/revisions"}],"predecessor-version":[{"id":15163,"href":"https:\/\/orthodoxalbania.org\/2020\/wp-json\/wp\/v2\/posts\/453\/revisions\/15163"}],"wp:attachment":[{"href":"https:\/\/orthodoxalbania.org\/2020\/wp-json\/wp\/v2\/media?parent=453"}],"wp:term":[{"taxonomy":"category","embeddable":true,"href":"https:\/\/orthodoxalbania.org\/2020\/wp-json\/wp\/v2\/categories?post=453"},{"taxonomy":"post_tag","embeddable":true,"href":"https:\/\/orthodoxalbania.org\/2020\/wp-json\/wp\/v2\/tags?post=453"}],"curies":[{"name":"wp","href":"https:\/\/api.w.org\/{rel}","templated":true}]}}