{"id":452,"date":"2013-10-03T12:09:28","date_gmt":"2013-10-03T12:09:28","guid":{"rendered":""},"modified":"2020-04-06T22:05:32","modified_gmt":"2020-04-06T20:05:32","slug":"doli-ne-qarkullim-nr-i-ri-i-gazetes-ngjallja-shtator-2013","status":"publish","type":"post","link":"https:\/\/orthodoxalbania.org\/2020\/2013\/10\/03\/doli-ne-qarkullim-nr-i-ri-i-gazetes-ngjallja-shtator-2013\/","title":{"rendered":"Doli n\u00eb qarkullim nr. i ri i gazet\u00ebs \u201cNgjallja\u201d- SHTATOR 2013"},"content":{"rendered":"<p style=\"text-align: justify;\">\n\t<span style=\"color:#000000;\"><img decoding=\"async\" class=\"lazyload uw xO\" src=\"data:image\/gif;base64,R0lGODlhAQABAAAAACH5BAEKAAEALAAAAAABAAEAAAICTAEAOw==\" data-orig-src=\"https:\/\/lh5.googleusercontent.com\/-aLz1s3_zqE8\/Uk1ZwBxGHOI\/AAAAAAAAGiU\/UJaVSYyz4uY\/w403-h548-no\/Gazeta+SHTATOR+2013-page-0.jpg\" style=\"height: 408px; width: 300px; margin: 10px; float: left; border-width: 1px; border-style: solid;\" \/><span style=\"font-family: tahoma,geneva,sans-serif;\"><span style=\"font-size: 12px;\"><strong>Doli n\u00eb qarkullim nr. i ri i gazet\u00ebs \u201cNgjallja\u201d- SHTATOR 2013. N\u00eb k\u00ebt\u00eb num\u00ebr do t\u00eb njiheni:<\/strong><\/span><\/span><\/span><\/p>\n<p style=\"text-align: justify;\">\n\t<span style=\"color:#000000;\"><span style=\"font-family: tahoma,geneva,sans-serif;\"><span style=\"font-size: 12px;\"><strong>&#8211; <\/strong>Skandal i trefisht\u00eb: Sakrilegji, fshehja e ekzistenc\u00ebs s\u00eb qendr\u00ebs s\u00eb re kulturore moderne n\u00eb P\u00ebrmet, fyerjet dhe akuzat e pabaza &#8211; <em>nga Kryepiskopi Prof. Dr. Anastasi<\/em> <em>(Yannoulatos).<\/em><\/span><\/span><\/span><\/p>\n<p style=\"text-align: justify;\">\n\t<span style=\"color:#000000;\"><span style=\"font-family: tahoma,geneva,sans-serif;\"><span style=\"font-size: 12px;\">&#8211; Mashtrimi q\u00eb d\u00ebshmon diskriminimin fetar. Bashkia e P\u00ebrmetit e ka qendr\u00ebn e saj kulturore polifunksionale.<\/span><\/span><\/span><\/p>\n<p style=\"text-align: justify;\">\n\t<span style=\"color:#000000;\"><span style=\"font-family: tahoma,geneva,sans-serif;\"><span style=\"font-size: 12px;\">&#8211; Nderim p\u00ebr Anastas Janullatosin &#8211; <em>nga Arben Duka.<\/em><\/span><\/span><\/span><\/p>\n<p style=\"text-align: justify;\">\n\t<span style=\"color:#000000;\"><span style=\"font-family: tahoma,geneva,sans-serif;\"><span style=\"font-size: 12px;\">&#8211; Vazhdon tradita e kampeve p\u00ebr f\u00ebmij\u00ebt e Kosov\u00ebs &#8211; nga Zyr\u00ebs Qendrore e F\u00ebmij\u00ebve.<\/span><\/span><\/span><\/p>\n<p style=\"text-align: justify;\">\n\t<span style=\"color:#000000;\"><span style=\"font-family: tahoma,geneva,sans-serif;\"><span style=\"font-size: 12px;\">&#8211; Projekti \u201cFuqizim dhe praktika institucionale p\u00ebrfshir\u00ebse p\u00ebr komunitetin egjiptian\u201d, Shushic\u00eb, Elbasan &#8211; <em>nga <\/em><em>Zyra \u201cDiakonia Agapes\u201d e Kish\u00ebs son\u00eb<\/em>.<\/span><\/span><\/span><\/p>\n<p style=\"text-align: justify;\">\n\t<span style=\"color:#000000;\"><span style=\"font-family: tahoma,geneva,sans-serif;\"><span style=\"font-size: 12px;\">&#8211; Ligjet vlejn\u00eb vet\u00ebm p\u00ebr Orthodhoks\u00ebt! Jo p\u00ebr Mashtruesit! Nikolla Marku \u00ebsht\u00eb nj\u00eb \u201cnd\u00ebrtim pa leje\u201d, q\u00eb mbrohet nga shteti dhe mediat &#8211; <em>nga Thoma Dhima.<\/em><\/span><\/span><\/span><\/p>\n<p style=\"text-align: justify;\">\n\t<span style=\"color:#000000;\"><span style=\"font-family: tahoma,geneva,sans-serif;\"><span style=\"font-size: 12px;\">&#8211; Takim nd\u00ebrkomb\u00ebtar midis Kishave Orthodhokse dhe Evangjelike, n\u00eb Manastirin e Ri t\u00eb Sh\u00ebn Vlashit, Durr\u00ebs.<\/span><\/span><\/span><\/p>\n<p style=\"text-align: justify;\">\n\t<span style=\"color:#000000;\"><span style=\"font-family: tahoma,geneva,sans-serif;\"><span style=\"font-size: 12px;\">&#8211; Hap\u00ebn dyert institucionet e arsimit parauniversitar t\u00eb Kish\u00ebs son\u00eb.<\/span><\/span><\/span><\/p>\n<p style=\"text-align: justify;\">\n\t<span style=\"color:#000000;\"><span style=\"font-family: tahoma,geneva,sans-serif;\"><span style=\"font-size: 12px;\">&#8211; P\u00ebrs\u00ebri ju\u2026? Turp i rip\u00ebrs\u00ebritur n\u00eb disa media &#8211; n<em>ga Ikonom at\u00eb Spiro Katundi.<\/em><\/span><\/span><\/span><\/p>\n<p style=\"text-align: justify;\">\n\t<span style=\"color:#000000;\"><span style=\"font-family: tahoma,geneva,sans-serif;\"><span style=\"font-size: 12px;\">&#8211; Kisha e Lindjes s\u00eb Hyjlind\u00ebses tek Pazari i Vjet\u00ebr, P\u00ebrmet. Fragment studimi-<em>nga <\/em><em>K. Gjakumis dhe J. Stratob\u00ebrdha.<\/em><\/span><\/span><\/span><\/p>\n<p style=\"text-align: justify;\">\n\t<span style=\"color:#000000;\"><span style=\"font-family: tahoma,geneva,sans-serif;\"><span style=\"font-size: 12px;\">&#8211; Akt ekstremizmi kund\u00ebr Krishterimit n\u00eb Truallin Evropian. Rezolut\u00eb e adoptuar nga Asambleja Politike e Partive Popullore Evropiane, mbi lirin\u00eb e besimit dhe t\u00eb ushtrimit t\u00eb tij. Bruksel, 5 shtator 2013.<\/span><\/span><\/span><\/p>\n<p style=\"text-align: justify;\">\n\t<span style=\"color:#000000;\"><span style=\"font-family: tahoma,geneva,sans-serif;\"><span style=\"font-size: 12px;\">&#8211; Stefan Fyle, Komisioneri i Bashkimit Evropian:\u201cDuhet t\u00eb gjendet nj\u00eb zgjidhje e pranueshme reciprokisht\u201d p\u00ebr P\u00ebrmetin.<\/span><\/span><\/span><\/p>\n<p style=\"text-align: justify;\">\n\t&nbsp;<\/p>\n","protected":false},"excerpt":{"rendered":"<p>Doli n\u00eb qarkullim nr. i ri i gazet\u00ebs \u201cNgjallja\u201d- SHTATOR 2013. N\u00eb k\u00ebt\u00eb num\u00ebr do t\u00eb njiheni: &#8211; Skandal i trefisht\u00eb: Sakrilegji, fshehja e ekzistenc\u00ebs s\u00eb qendr\u00ebs s\u00eb re kulturore moderne n\u00eb P\u00ebrmet, fyerjet dhe akuzat e pabaza &#8211; nga Kryepiskopi Prof. Dr. Anastasi (Yannoulatos). &#8211; Mashtrimi q\u00eb d\u00ebshmon diskriminimin fetar. Bashkia e P\u00ebrmetit e ka qendr\u00ebn e saj kulturore polifunksionale. &#8211; Nderim p\u00ebr Anastas<\/p>\n","protected":false},"author":1,"featured_media":0,"comment_status":"open","ping_status":"open","sticky":false,"template":"","format":"standard","meta":{"_acf_changed":false,"pagelayer_contact_templates":[],"_pagelayer_content":"","inline_featured_image":false,"fifu_image_url":"","fifu_image_alt":"","footnotes":""},"categories":[108],"tags":[141,161,196,212,607],"class_list":["post-452","post","type-post","status-publish","format-standard","hentry","category-lajme","tag-141","tag-gazeta-ngjallja","tag-tirane","tag-lajme-d27","tag-promovimepublikime"],"acf":[],"yoast_head":"<!-- This site is optimized with the Yoast SEO plugin v27.2 - https:\/\/yoast.com\/product\/yoast-seo-wordpress\/ -->\n<title>Doli n\u00eb qarkullim nr. i ri i gazet\u00ebs \u201cNgjallja\u201d- SHTATOR 2013 - Kisha Orthodh\u03bfkse Autoqefale e Shqip\u00ebris\u00eb<\/title>\n<meta name=\"robots\" content=\"index, follow, max-snippet:-1, max-image-preview:large, max-video-preview:-1\" \/>\n<link rel=\"canonical\" href=\"https:\/\/orthodoxalbania.org\/2020\/2013\/10\/03\/doli-ne-qarkullim-nr-i-ri-i-gazetes-ngjallja-shtator-2013\/\" \/>\n<meta property=\"og:locale\" content=\"en_US\" \/>\n<meta property=\"og:type\" content=\"article\" \/>\n<meta property=\"og:title\" content=\"Doli n\u00eb qarkullim nr. i ri i gazet\u00ebs \u201cNgjallja\u201d- SHTATOR 2013 - Kisha Orthodh\u03bfkse Autoqefale e Shqip\u00ebris\u00eb\" \/>\n<meta property=\"og:description\" content=\"Doli n\u00eb qarkullim nr. i ri i gazet\u00ebs \u201cNgjallja\u201d- SHTATOR 2013. N\u00eb k\u00ebt\u00eb num\u00ebr do t\u00eb njiheni: &#8211; Skandal i trefisht\u00eb: Sakrilegji, fshehja e ekzistenc\u00ebs s\u00eb qendr\u00ebs s\u00eb re kulturore moderne n\u00eb P\u00ebrmet, fyerjet dhe akuzat e pabaza &#8211; nga Kryepiskopi Prof. Dr. Anastasi (Yannoulatos). &#8211; Mashtrimi q\u00eb d\u00ebshmon diskriminimin fetar. Bashkia e P\u00ebrmetit e ka qendr\u00ebn e saj kulturore polifunksionale. &#8211; Nderim p\u00ebr Anastas\" \/>\n<meta property=\"og:url\" content=\"https:\/\/orthodoxalbania.org\/2020\/2013\/10\/03\/doli-ne-qarkullim-nr-i-ri-i-gazetes-ngjallja-shtator-2013\/\" \/>\n<meta property=\"og:site_name\" content=\"Kisha Orthodh\u03bfkse Autoqefale e Shqip\u00ebris\u00eb\" \/>\n<meta property=\"article:publisher\" content=\"https:\/\/www.facebook.com\/koash1991\" \/>\n<meta property=\"article:published_time\" content=\"2013-10-03T12:09:28+00:00\" \/>\n<meta property=\"article:modified_time\" content=\"2020-04-06T20:05:32+00:00\" \/>\n<meta property=\"og:image\" content=\"https:\/\/lh5.googleusercontent.com\/-aLz1s3_zqE8\/Uk1ZwBxGHOI\/AAAAAAAAGiU\/UJaVSYyz4uY\/w403-h548-no\/Gazeta+SHTATOR+2013-page-0.jpg\" \/>\n<meta name=\"author\" content=\"Kisha Orthodhokse\" \/>\n<meta name=\"twitter:card\" content=\"summary_large_image\" \/>\n<meta name=\"twitter:label1\" content=\"Written by\" \/>\n\t<meta name=\"twitter:data1\" content=\"Kisha Orthodhokse\" \/>\n\t<meta name=\"twitter:label2\" content=\"Est. reading time\" \/>\n\t<meta name=\"twitter:data2\" content=\"1 minute\" \/>\n<script type=\"application\/ld+json\" class=\"yoast-schema-graph\">{\"@context\":\"https:\/\/schema.org\",\"@graph\":[{\"@type\":\"Article\",\"@id\":\"https:\/\/orthodoxalbania.org\/2020\/2013\/10\/03\/doli-ne-qarkullim-nr-i-ri-i-gazetes-ngjallja-shtator-2013\/#article\",\"isPartOf\":{\"@id\":\"https:\/\/orthodoxalbania.org\/2020\/2013\/10\/03\/doli-ne-qarkullim-nr-i-ri-i-gazetes-ngjallja-shtator-2013\/\"},\"author\":{\"name\":\"Kisha Orthodhokse\",\"@id\":\"https:\/\/orthodoxalbania.org\/2020\/#\/schema\/person\/0c387634a7063ac612d7ed9ce71c7e86\"},\"headline\":\"Doli n\u00eb qarkullim nr. i ri i gazet\u00ebs \u201cNgjallja\u201d- SHTATOR 2013\",\"datePublished\":\"2013-10-03T12:09:28+00:00\",\"dateModified\":\"2020-04-06T20:05:32+00:00\",\"mainEntityOfPage\":{\"@id\":\"https:\/\/orthodoxalbania.org\/2020\/2013\/10\/03\/doli-ne-qarkullim-nr-i-ri-i-gazetes-ngjallja-shtator-2013\/\"},\"wordCount\":292,\"commentCount\":0,\"publisher\":{\"@id\":\"https:\/\/orthodoxalbania.org\/2020\/#organization\"},\"image\":{\"@id\":\"https:\/\/orthodoxalbania.org\/2020\/2013\/10\/03\/doli-ne-qarkullim-nr-i-ri-i-gazetes-ngjallja-shtator-2013\/#primaryimage\"},\"thumbnailUrl\":\"https:\/\/lh5.googleusercontent.com\/-aLz1s3_zqE8\/Uk1ZwBxGHOI\/AAAAAAAAGiU\/UJaVSYyz4uY\/w403-h548-no\/Gazeta+SHTATOR+2013-page-0.jpg\",\"keywords\":[\"2013\",\"Gazeta \\\"Ngjallja\\\"\",\"Kryepiskopata Tiran\u00eb\",\"lajme\",\"PromovimePublikime\"],\"articleSection\":[\"Lajme\"],\"inLanguage\":\"en-US\"},{\"@type\":\"WebPage\",\"@id\":\"https:\/\/orthodoxalbania.org\/2020\/2013\/10\/03\/doli-ne-qarkullim-nr-i-ri-i-gazetes-ngjallja-shtator-2013\/\",\"url\":\"https:\/\/orthodoxalbania.org\/2020\/2013\/10\/03\/doli-ne-qarkullim-nr-i-ri-i-gazetes-ngjallja-shtator-2013\/\",\"name\":\"Doli n\u00eb qarkullim nr. i ri i gazet\u00ebs \u201cNgjallja\u201d- SHTATOR 2013 - Kisha Orthodh\u03bfkse Autoqefale e Shqip\u00ebris\u00eb\",\"isPartOf\":{\"@id\":\"https:\/\/orthodoxalbania.org\/2020\/#website\"},\"primaryImageOfPage\":{\"@id\":\"https:\/\/orthodoxalbania.org\/2020\/2013\/10\/03\/doli-ne-qarkullim-nr-i-ri-i-gazetes-ngjallja-shtator-2013\/#primaryimage\"},\"image\":{\"@id\":\"https:\/\/orthodoxalbania.org\/2020\/2013\/10\/03\/doli-ne-qarkullim-nr-i-ri-i-gazetes-ngjallja-shtator-2013\/#primaryimage\"},\"thumbnailUrl\":\"https:\/\/lh5.googleusercontent.com\/-aLz1s3_zqE8\/Uk1ZwBxGHOI\/AAAAAAAAGiU\/UJaVSYyz4uY\/w403-h548-no\/Gazeta+SHTATOR+2013-page-0.jpg\",\"datePublished\":\"2013-10-03T12:09:28+00:00\",\"dateModified\":\"2020-04-06T20:05:32+00:00\",\"breadcrumb\":{\"@id\":\"https:\/\/orthodoxalbania.org\/2020\/2013\/10\/03\/doli-ne-qarkullim-nr-i-ri-i-gazetes-ngjallja-shtator-2013\/#breadcrumb\"},\"inLanguage\":\"en-US\",\"potentialAction\":[{\"@type\":\"ReadAction\",\"target\":[\"https:\/\/orthodoxalbania.org\/2020\/2013\/10\/03\/doli-ne-qarkullim-nr-i-ri-i-gazetes-ngjallja-shtator-2013\/\"]}]},{\"@type\":\"ImageObject\",\"inLanguage\":\"en-US\",\"@id\":\"https:\/\/orthodoxalbania.org\/2020\/2013\/10\/03\/doli-ne-qarkullim-nr-i-ri-i-gazetes-ngjallja-shtator-2013\/#primaryimage\",\"url\":\"https:\/\/lh5.googleusercontent.com\/-aLz1s3_zqE8\/Uk1ZwBxGHOI\/AAAAAAAAGiU\/UJaVSYyz4uY\/w403-h548-no\/Gazeta+SHTATOR+2013-page-0.jpg\",\"contentUrl\":\"https:\/\/lh5.googleusercontent.com\/-aLz1s3_zqE8\/Uk1ZwBxGHOI\/AAAAAAAAGiU\/UJaVSYyz4uY\/w403-h548-no\/Gazeta+SHTATOR+2013-page-0.jpg\"},{\"@type\":\"BreadcrumbList\",\"@id\":\"https:\/\/orthodoxalbania.org\/2020\/2013\/10\/03\/doli-ne-qarkullim-nr-i-ri-i-gazetes-ngjallja-shtator-2013\/#breadcrumb\",\"itemListElement\":[{\"@type\":\"ListItem\",\"position\":1,\"name\":\"Home\",\"item\":\"https:\/\/orthodoxalbania.org\/2020\/\"},{\"@type\":\"ListItem\",\"position\":2,\"name\":\"Doli n\u00eb qarkullim nr. i ri i gazet\u00ebs \u201cNgjallja\u201d- SHTATOR 2013\"}]},{\"@type\":\"WebSite\",\"@id\":\"https:\/\/orthodoxalbania.org\/2020\/#website\",\"url\":\"https:\/\/orthodoxalbania.org\/2020\/\",\"name\":\"Kisha Orthodh\u03bfkse Autoqefale e Shqip\u00ebris\u00eb\",\"description\":\"Fqja Zyrtare e Kish\u00ebs Orthodhokse Autoqefale e Shqip\u00ebris\u00eb me lajmet edhe informacionet zyrtare p\u00ebr struktur\u00ebn edhe veprimtarin e saj.\",\"publisher\":{\"@id\":\"https:\/\/orthodoxalbania.org\/2020\/#organization\"},\"potentialAction\":[{\"@type\":\"SearchAction\",\"target\":{\"@type\":\"EntryPoint\",\"urlTemplate\":\"https:\/\/orthodoxalbania.org\/2020\/?s={search_term_string}\"},\"query-input\":{\"@type\":\"PropertyValueSpecification\",\"valueRequired\":true,\"valueName\":\"search_term_string\"}}],\"inLanguage\":\"en-US\"},{\"@type\":\"Organization\",\"@id\":\"https:\/\/orthodoxalbania.org\/2020\/#organization\",\"name\":\"Kisha Orthodhokse Autoqefale e Shqip\u00ebris\u00eb\",\"url\":\"https:\/\/orthodoxalbania.org\/2020\/\",\"logo\":{\"@type\":\"ImageObject\",\"inLanguage\":\"en-US\",\"@id\":\"https:\/\/orthodoxalbania.org\/2020\/#\/schema\/logo\/image\/\",\"url\":\"https:\/\/orthodoxalbania.org\/2020\/wp-content\/uploads\/2020\/05\/albania.jpeg\",\"contentUrl\":\"https:\/\/orthodoxalbania.org\/2020\/wp-content\/uploads\/2020\/05\/albania.jpeg\",\"width\":540,\"height\":540,\"caption\":\"Kisha Orthodhokse Autoqefale e Shqip\u00ebris\u00eb\"},\"image\":{\"@id\":\"https:\/\/orthodoxalbania.org\/2020\/#\/schema\/logo\/image\/\"},\"sameAs\":[\"https:\/\/www.facebook.com\/koash1991\"]},{\"@type\":\"Person\",\"@id\":\"https:\/\/orthodoxalbania.org\/2020\/#\/schema\/person\/0c387634a7063ac612d7ed9ce71c7e86\",\"name\":\"Kisha Orthodhokse\",\"image\":{\"@type\":\"ImageObject\",\"inLanguage\":\"en-US\",\"@id\":\"https:\/\/secure.gravatar.com\/avatar\/596e7c417251e30f2fbb9c00e026fce61a695a00e51c889caded71c96cbbdde5?s=96&d=mm&r=g\",\"url\":\"https:\/\/secure.gravatar.com\/avatar\/596e7c417251e30f2fbb9c00e026fce61a695a00e51c889caded71c96cbbdde5?s=96&d=mm&r=g\",\"contentUrl\":\"https:\/\/secure.gravatar.com\/avatar\/596e7c417251e30f2fbb9c00e026fce61a695a00e51c889caded71c96cbbdde5?s=96&d=mm&r=g\",\"caption\":\"Kisha Orthodhokse\"}}]}<\/script>\n<!-- \/ Yoast SEO plugin. -->","yoast_head_json":{"title":"Doli n\u00eb qarkullim nr. i ri i gazet\u00ebs \u201cNgjallja\u201d- SHTATOR 2013 - Kisha Orthodh\u03bfkse Autoqefale e Shqip\u00ebris\u00eb","robots":{"index":"index","follow":"follow","max-snippet":"max-snippet:-1","max-image-preview":"max-image-preview:large","max-video-preview":"max-video-preview:-1"},"canonical":"https:\/\/orthodoxalbania.org\/2020\/2013\/10\/03\/doli-ne-qarkullim-nr-i-ri-i-gazetes-ngjallja-shtator-2013\/","og_locale":"en_US","og_type":"article","og_title":"Doli n\u00eb qarkullim nr. i ri i gazet\u00ebs \u201cNgjallja\u201d- SHTATOR 2013 - Kisha Orthodh\u03bfkse Autoqefale e Shqip\u00ebris\u00eb","og_description":"Doli n\u00eb qarkullim nr. i ri i gazet\u00ebs \u201cNgjallja\u201d- SHTATOR 2013. N\u00eb k\u00ebt\u00eb num\u00ebr do t\u00eb njiheni: &#8211; Skandal i trefisht\u00eb: Sakrilegji, fshehja e ekzistenc\u00ebs s\u00eb qendr\u00ebs s\u00eb re kulturore moderne n\u00eb P\u00ebrmet, fyerjet dhe akuzat e pabaza &#8211; nga Kryepiskopi Prof. Dr. Anastasi (Yannoulatos). &#8211; Mashtrimi q\u00eb d\u00ebshmon diskriminimin fetar. Bashkia e P\u00ebrmetit e ka qendr\u00ebn e saj kulturore polifunksionale. &#8211; Nderim p\u00ebr Anastas","og_url":"https:\/\/orthodoxalbania.org\/2020\/2013\/10\/03\/doli-ne-qarkullim-nr-i-ri-i-gazetes-ngjallja-shtator-2013\/","og_site_name":"Kisha Orthodh\u03bfkse Autoqefale e Shqip\u00ebris\u00eb","article_publisher":"https:\/\/www.facebook.com\/koash1991","article_published_time":"2013-10-03T12:09:28+00:00","article_modified_time":"2020-04-06T20:05:32+00:00","og_image":[{"url":"https:\/\/lh5.googleusercontent.com\/-aLz1s3_zqE8\/Uk1ZwBxGHOI\/AAAAAAAAGiU\/UJaVSYyz4uY\/w403-h548-no\/Gazeta+SHTATOR+2013-page-0.jpg","type":"","width":"","height":""}],"author":"Kisha Orthodhokse","twitter_card":"summary_large_image","twitter_misc":{"Written by":"Kisha Orthodhokse","Est. reading time":"1 minute"},"schema":{"@context":"https:\/\/schema.org","@graph":[{"@type":"Article","@id":"https:\/\/orthodoxalbania.org\/2020\/2013\/10\/03\/doli-ne-qarkullim-nr-i-ri-i-gazetes-ngjallja-shtator-2013\/#article","isPartOf":{"@id":"https:\/\/orthodoxalbania.org\/2020\/2013\/10\/03\/doli-ne-qarkullim-nr-i-ri-i-gazetes-ngjallja-shtator-2013\/"},"author":{"name":"Kisha Orthodhokse","@id":"https:\/\/orthodoxalbania.org\/2020\/#\/schema\/person\/0c387634a7063ac612d7ed9ce71c7e86"},"headline":"Doli n\u00eb qarkullim nr. i ri i gazet\u00ebs \u201cNgjallja\u201d- SHTATOR 2013","datePublished":"2013-10-03T12:09:28+00:00","dateModified":"2020-04-06T20:05:32+00:00","mainEntityOfPage":{"@id":"https:\/\/orthodoxalbania.org\/2020\/2013\/10\/03\/doli-ne-qarkullim-nr-i-ri-i-gazetes-ngjallja-shtator-2013\/"},"wordCount":292,"commentCount":0,"publisher":{"@id":"https:\/\/orthodoxalbania.org\/2020\/#organization"},"image":{"@id":"https:\/\/orthodoxalbania.org\/2020\/2013\/10\/03\/doli-ne-qarkullim-nr-i-ri-i-gazetes-ngjallja-shtator-2013\/#primaryimage"},"thumbnailUrl":"https:\/\/lh5.googleusercontent.com\/-aLz1s3_zqE8\/Uk1ZwBxGHOI\/AAAAAAAAGiU\/UJaVSYyz4uY\/w403-h548-no\/Gazeta+SHTATOR+2013-page-0.jpg","keywords":["2013","Gazeta \"Ngjallja\"","Kryepiskopata Tiran\u00eb","lajme","PromovimePublikime"],"articleSection":["Lajme"],"inLanguage":"en-US"},{"@type":"WebPage","@id":"https:\/\/orthodoxalbania.org\/2020\/2013\/10\/03\/doli-ne-qarkullim-nr-i-ri-i-gazetes-ngjallja-shtator-2013\/","url":"https:\/\/orthodoxalbania.org\/2020\/2013\/10\/03\/doli-ne-qarkullim-nr-i-ri-i-gazetes-ngjallja-shtator-2013\/","name":"Doli n\u00eb qarkullim nr. i ri i gazet\u00ebs \u201cNgjallja\u201d- SHTATOR 2013 - Kisha Orthodh\u03bfkse Autoqefale e Shqip\u00ebris\u00eb","isPartOf":{"@id":"https:\/\/orthodoxalbania.org\/2020\/#website"},"primaryImageOfPage":{"@id":"https:\/\/orthodoxalbania.org\/2020\/2013\/10\/03\/doli-ne-qarkullim-nr-i-ri-i-gazetes-ngjallja-shtator-2013\/#primaryimage"},"image":{"@id":"https:\/\/orthodoxalbania.org\/2020\/2013\/10\/03\/doli-ne-qarkullim-nr-i-ri-i-gazetes-ngjallja-shtator-2013\/#primaryimage"},"thumbnailUrl":"https:\/\/lh5.googleusercontent.com\/-aLz1s3_zqE8\/Uk1ZwBxGHOI\/AAAAAAAAGiU\/UJaVSYyz4uY\/w403-h548-no\/Gazeta+SHTATOR+2013-page-0.jpg","datePublished":"2013-10-03T12:09:28+00:00","dateModified":"2020-04-06T20:05:32+00:00","breadcrumb":{"@id":"https:\/\/orthodoxalbania.org\/2020\/2013\/10\/03\/doli-ne-qarkullim-nr-i-ri-i-gazetes-ngjallja-shtator-2013\/#breadcrumb"},"inLanguage":"en-US","potentialAction":[{"@type":"ReadAction","target":["https:\/\/orthodoxalbania.org\/2020\/2013\/10\/03\/doli-ne-qarkullim-nr-i-ri-i-gazetes-ngjallja-shtator-2013\/"]}]},{"@type":"ImageObject","inLanguage":"en-US","@id":"https:\/\/orthodoxalbania.org\/2020\/2013\/10\/03\/doli-ne-qarkullim-nr-i-ri-i-gazetes-ngjallja-shtator-2013\/#primaryimage","url":"https:\/\/lh5.googleusercontent.com\/-aLz1s3_zqE8\/Uk1ZwBxGHOI\/AAAAAAAAGiU\/UJaVSYyz4uY\/w403-h548-no\/Gazeta+SHTATOR+2013-page-0.jpg","contentUrl":"https:\/\/lh5.googleusercontent.com\/-aLz1s3_zqE8\/Uk1ZwBxGHOI\/AAAAAAAAGiU\/UJaVSYyz4uY\/w403-h548-no\/Gazeta+SHTATOR+2013-page-0.jpg"},{"@type":"BreadcrumbList","@id":"https:\/\/orthodoxalbania.org\/2020\/2013\/10\/03\/doli-ne-qarkullim-nr-i-ri-i-gazetes-ngjallja-shtator-2013\/#breadcrumb","itemListElement":[{"@type":"ListItem","position":1,"name":"Home","item":"https:\/\/orthodoxalbania.org\/2020\/"},{"@type":"ListItem","position":2,"name":"Doli n\u00eb qarkullim nr. i ri i gazet\u00ebs \u201cNgjallja\u201d- SHTATOR 2013"}]},{"@type":"WebSite","@id":"https:\/\/orthodoxalbania.org\/2020\/#website","url":"https:\/\/orthodoxalbania.org\/2020\/","name":"Kisha Orthodh\u03bfkse Autoqefale e Shqip\u00ebris\u00eb","description":"Fqja Zyrtare e Kish\u00ebs Orthodhokse Autoqefale e Shqip\u00ebris\u00eb me lajmet edhe informacionet zyrtare p\u00ebr struktur\u00ebn edhe veprimtarin e saj.","publisher":{"@id":"https:\/\/orthodoxalbania.org\/2020\/#organization"},"potentialAction":[{"@type":"SearchAction","target":{"@type":"EntryPoint","urlTemplate":"https:\/\/orthodoxalbania.org\/2020\/?s={search_term_string}"},"query-input":{"@type":"PropertyValueSpecification","valueRequired":true,"valueName":"search_term_string"}}],"inLanguage":"en-US"},{"@type":"Organization","@id":"https:\/\/orthodoxalbania.org\/2020\/#organization","name":"Kisha Orthodhokse Autoqefale e Shqip\u00ebris\u00eb","url":"https:\/\/orthodoxalbania.org\/2020\/","logo":{"@type":"ImageObject","inLanguage":"en-US","@id":"https:\/\/orthodoxalbania.org\/2020\/#\/schema\/logo\/image\/","url":"https:\/\/orthodoxalbania.org\/2020\/wp-content\/uploads\/2020\/05\/albania.jpeg","contentUrl":"https:\/\/orthodoxalbania.org\/2020\/wp-content\/uploads\/2020\/05\/albania.jpeg","width":540,"height":540,"caption":"Kisha Orthodhokse Autoqefale e Shqip\u00ebris\u00eb"},"image":{"@id":"https:\/\/orthodoxalbania.org\/2020\/#\/schema\/logo\/image\/"},"sameAs":["https:\/\/www.facebook.com\/koash1991"]},{"@type":"Person","@id":"https:\/\/orthodoxalbania.org\/2020\/#\/schema\/person\/0c387634a7063ac612d7ed9ce71c7e86","name":"Kisha Orthodhokse","image":{"@type":"ImageObject","inLanguage":"en-US","@id":"https:\/\/secure.gravatar.com\/avatar\/596e7c417251e30f2fbb9c00e026fce61a695a00e51c889caded71c96cbbdde5?s=96&d=mm&r=g","url":"https:\/\/secure.gravatar.com\/avatar\/596e7c417251e30f2fbb9c00e026fce61a695a00e51c889caded71c96cbbdde5?s=96&d=mm&r=g","contentUrl":"https:\/\/secure.gravatar.com\/avatar\/596e7c417251e30f2fbb9c00e026fce61a695a00e51c889caded71c96cbbdde5?s=96&d=mm&r=g","caption":"Kisha Orthodhokse"}}]}},"_links":{"self":[{"href":"https:\/\/orthodoxalbania.org\/2020\/wp-json\/wp\/v2\/posts\/452","targetHints":{"allow":["GET"]}}],"collection":[{"href":"https:\/\/orthodoxalbania.org\/2020\/wp-json\/wp\/v2\/posts"}],"about":[{"href":"https:\/\/orthodoxalbania.org\/2020\/wp-json\/wp\/v2\/types\/post"}],"author":[{"embeddable":true,"href":"https:\/\/orthodoxalbania.org\/2020\/wp-json\/wp\/v2\/users\/1"}],"replies":[{"embeddable":true,"href":"https:\/\/orthodoxalbania.org\/2020\/wp-json\/wp\/v2\/comments?post=452"}],"version-history":[{"count":1,"href":"https:\/\/orthodoxalbania.org\/2020\/wp-json\/wp\/v2\/posts\/452\/revisions"}],"predecessor-version":[{"id":15172,"href":"https:\/\/orthodoxalbania.org\/2020\/wp-json\/wp\/v2\/posts\/452\/revisions\/15172"}],"wp:attachment":[{"href":"https:\/\/orthodoxalbania.org\/2020\/wp-json\/wp\/v2\/media?parent=452"}],"wp:term":[{"taxonomy":"category","embeddable":true,"href":"https:\/\/orthodoxalbania.org\/2020\/wp-json\/wp\/v2\/categories?post=452"},{"taxonomy":"post_tag","embeddable":true,"href":"https:\/\/orthodoxalbania.org\/2020\/wp-json\/wp\/v2\/tags?post=452"}],"curies":[{"name":"wp","href":"https:\/\/api.w.org\/{rel}","templated":true}]}}