{"id":450,"date":"2013-11-27T12:01:00","date_gmt":"2013-11-27T12:01:00","guid":{"rendered":""},"modified":"2020-04-06T22:05:27","modified_gmt":"2020-04-06T20:05:27","slug":"doli-ne-qarkullim-nr-i-ri-i-gazetes-ngjallja-nentor-2013","status":"publish","type":"post","link":"https:\/\/orthodoxalbania.org\/2020\/2013\/11\/27\/doli-ne-qarkullim-nr-i-ri-i-gazetes-ngjallja-nentor-2013\/","title":{"rendered":"Doli n\u00eb qarkullim nr. i ri i gazet\u00ebs \u201cNgjallja\u201d- N\u00cbNTOR 2013."},"content":{"rendered":"<div style=\"text-align: justify;\">\n\t<span style=\"font-family:tahoma,geneva,sans-serif;\"><span style=\"font-size: 12px;\"><strong><img decoding=\"async\" class=\"lazyload HAa Eha\" src=\"data:image\/gif;base64,R0lGODlhAQABAAAAACH5BAEKAAEALAAAAAABAAEAAAICTAEAOw==\" data-orig-src=\"https:\/\/lh4.googleusercontent.com\/-rD16ZwGKims\/UpnI8tgxboI\/AAAAAAAAG-g\/IJ6hCVgmQE8\/w403-h548-no\/Gazeta+NENTOR+2013-page-0.jpg\" style=\"height: 408px; width: 300px; margin: 10px; float: left; border-width: 1px; border-style: solid;\" \/><span style=\"color:#000000;\">&nbsp;&nbsp;&nbsp;&nbsp;&nbsp;&nbsp;&nbsp;&nbsp;&nbsp; Doli n\u00eb qarkullim nr. i ri i gazet\u00ebs \u201cNgjallja\u201d- N\u00cbNTOR 2013.<\/p>\n<p>\t&nbsp;&nbsp;&nbsp;&nbsp;&nbsp;&nbsp;&nbsp;&nbsp;&nbsp; N\u00eb k\u00ebt\u00eb num\u00ebr do t\u00eb njiheni:<\/span><\/strong><\/p>\n<p>\t<span style=\"color:#000000;\"> \u2022&nbsp;&nbsp;&nbsp;&nbsp;&nbsp;&nbsp;&nbsp;&nbsp; Zhvilloi punimet Asambleja e 9-t\u00eb Bot\u00ebrore e organizat\u00ebs \u201cFet\u00eb p\u00ebr paqen\u201d. Lider\u00ebt fetar\u00eb bot\u00ebror\u00eb \u201cMir\u00ebpresin tjetrin\u201d.<\/span><\/span><\/span><\/div>\n<div style=\"text-align: justify;\">\n\t<br \/>\n\t<span style=\"font-family:tahoma,geneva,sans-serif;\"><span style=\"font-size: 12px;\"><span style=\"color:#000000;\">\u2022&nbsp;&nbsp;&nbsp;&nbsp;&nbsp;&nbsp;&nbsp;&nbsp; U zhvillua Asambleja e 10-t\u00eb e K\u00ebshillit Bot\u00ebror t\u00eb Kishave n\u00eb Busan, Koreja e Jugut -\u201cZot i jet\u00ebs, na drejto n\u00eb drejt\u00ebsi edhe paqe\u201d \u2013 nga Gabriela Dalipi<\/span><\/span><\/span><\/div>\n<div style=\"text-align: justify;\">\n\t<br \/>\n\t<span style=\"font-family:tahoma,geneva,sans-serif;\"><span style=\"font-size: 12px;\"><span style=\"color:#000000;\">\u2022&nbsp;&nbsp;&nbsp;&nbsp;&nbsp;&nbsp;&nbsp;&nbsp; K\u00ebshilli Nd\u00ebrfetar i Shqip\u00ebris\u00eb \u2013 Interreligious Council of Albania &#8211; DEKLARAT\u00cb P\u00cbR SHTYP<\/span><\/span><\/span><\/div>\n<div style=\"text-align: justify;\">\n\t<br \/>\n\t<span style=\"font-family:tahoma,geneva,sans-serif;\"><span style=\"font-size: 12px;\"><span style=\"color:#000000;\">\u2022&nbsp;&nbsp;&nbsp;&nbsp;&nbsp;&nbsp;&nbsp;&nbsp; Udh\u00ebtimi im n\u00eb Mbret\u00ebrin\u00eb e Per\u00ebndis\u00eb&nbsp; \u2013 nga Anastasia Pamela Barksdale<\/span><\/span><\/span><\/div>\n<div style=\"text-align: justify;\">\n\t<br \/>\n\t<span style=\"font-family:tahoma,geneva,sans-serif;\"><span style=\"font-size: 12px;\"><span style=\"color:#000000;\">\u2022&nbsp;&nbsp;&nbsp;&nbsp;&nbsp;&nbsp;&nbsp;&nbsp; M\u00ebsuesit kosovar\u00eb dhe shqiptar\u00eb marrin pjes\u00eb n\u00eb trajnimin me tem\u00eb: \u201cTeoria e inteligjencave t\u00eb shum\u00ebfishta dhe aplikimi i saj n\u00eb m\u00ebsimdh\u00ebnie dhe m\u00ebsim-marrje\u201d \u2013 nga Ana Meni<\/span><\/span><\/span><\/div>\n<div style=\"text-align: justify;\">\n\t<br \/>\n\t<span style=\"font-family:tahoma,geneva,sans-serif;\"><span style=\"font-size: 12px;\"><span style=\"color:#000000;\">\u2022&nbsp;&nbsp;&nbsp;&nbsp;&nbsp;&nbsp;&nbsp;&nbsp; Doli n\u00eb qarkullim libri \u201cPjes\u00eb t\u00eb zgjedhura nga kryeveprat e Sh\u00ebn Joan Gojartit\u201d<\/span><\/span><\/span><\/div>\n<div style=\"text-align: justify;\">\n\t<br \/>\n\t<span style=\"font-family:tahoma,geneva,sans-serif;\"><span style=\"font-size: 12px;\"><span style=\"color:#000000;\">\u2022&nbsp;&nbsp;&nbsp;&nbsp;&nbsp;&nbsp;&nbsp;&nbsp; Si u krye Ringritja e Kish\u00ebs Orthodhokse Autoqefale t\u00eb Shqip\u00ebris\u00eb (1991-1992) \u2013 nga Prof. Dr. \u2020 Anastasi<\/span><\/span><\/span><\/div>\n<div style=\"text-align: justify;\">\n\t<br \/>\n\t<span style=\"font-family:tahoma,geneva,sans-serif;\"><span style=\"font-size: 12px;\"><span style=\"color:#000000;\">\u2022&nbsp;&nbsp;&nbsp;&nbsp;&nbsp;&nbsp;&nbsp;&nbsp; Prokli, Kryepiskop i Konstandinopoj\u00ebs (20 n\u00ebntor)<\/span><\/span><\/span><\/div>\n<div style=\"text-align: justify;\">\n\t<br \/>\n\t<span style=\"font-family:tahoma,geneva,sans-serif;\"><span style=\"font-size: 12px;\"><span style=\"color:#000000;\">\u2022&nbsp;&nbsp;&nbsp;&nbsp;&nbsp;&nbsp;&nbsp;&nbsp; Objektivizimi i Trash\u00ebgimis\u00eb:p\u00ebrpar\u00ebsi, mbar\u00ebsi dhe prap\u00ebsi kulturore (vijon nga numri i kaluar) &#8211; Nga Dr. Konstantinos Giakoumis<\/span><\/span><\/span><\/div>\n<div style=\"text-align: justify;\">\n\t<br \/>\n\t<span style=\"font-family:tahoma,geneva,sans-serif;\"><span style=\"font-size: 12px;\"><span style=\"color:#000000;\">\u2022&nbsp;&nbsp;&nbsp;&nbsp;&nbsp;&nbsp;&nbsp;&nbsp; Persekutor\u00ebt komunist\u00eb t\u00eb besimit fetar pranojn\u00eb fajin \u2013Nga Pirro Prifti<\/span><\/span><\/span><\/div>\n<div style=\"text-align: justify;\">\n\t<br \/>\n\t<span style=\"font-family:tahoma,geneva,sans-serif;\"><span style=\"font-size: 12px;\"><span style=\"color:#000000;\">\u2022&nbsp;&nbsp;&nbsp;&nbsp;&nbsp;&nbsp;&nbsp;&nbsp; Presidenti Papulias vizitoi selin\u00eb e Sinodit t\u00eb Shenjt\u00eb dhe kompleksin e Katedrales \u201cNgjallja e Krishtit\u201d<\/span><\/span><\/span><\/div>\n<div style=\"text-align: justify;\">\n\t<br \/>\n\t<span style=\"font-family:tahoma,geneva,sans-serif;\"><span style=\"font-size: 12px;\"><span style=\"color:#000000;\">\u2022&nbsp;&nbsp;&nbsp;&nbsp;&nbsp;&nbsp;&nbsp;&nbsp; \u201cA e ke \u00e7el\u00ebsin?\u201d &#8211; tema q\u00eb shoq\u00ebron k\u00ebt\u00eb vit student\u00ebt e Qendr\u00ebs Orthodhokse<\/span><br \/>\n\t&nbsp;<\/span><\/span><\/div>\n","protected":false},"excerpt":{"rendered":"<p>&nbsp;&nbsp;&nbsp;&nbsp;&nbsp;&nbsp;&nbsp;&nbsp;&nbsp; Doli n\u00eb qarkullim nr. i ri i gazet\u00ebs \u201cNgjallja\u201d- N\u00cbNTOR 2013. &nbsp;&nbsp;&nbsp;&nbsp;&nbsp;&nbsp;&nbsp;&nbsp;&nbsp; N\u00eb k\u00ebt\u00eb num\u00ebr do t\u00eb njiheni: \u2022&nbsp;&nbsp;&nbsp;&nbsp;&nbsp;&nbsp;&nbsp;&nbsp; Zhvilloi punimet Asambleja e 9-t\u00eb Bot\u00ebrore e organizat\u00ebs \u201cFet\u00eb p\u00ebr paqen\u201d. Lider\u00ebt fetar\u00eb bot\u00ebror\u00eb \u201cMir\u00ebpresin tjetrin\u201d. \u2022&nbsp;&nbsp;&nbsp;&nbsp;&nbsp;&nbsp;&nbsp;&nbsp; U zhvillua Asambleja e 10-t\u00eb e K\u00ebshillit Bot\u00ebror t\u00eb Kishave n\u00eb Busan, Koreja e Jugut -\u201cZot i jet\u00ebs, na drejto n\u00eb drejt\u00ebsi edhe paqe\u201d \u2013 nga Gabriela Dalipi<\/p>\n","protected":false},"author":1,"featured_media":0,"comment_status":"open","ping_status":"open","sticky":false,"template":"","format":"standard","meta":{"_acf_changed":false,"pagelayer_contact_templates":[],"_pagelayer_content":"","inline_featured_image":false,"fifu_image_url":"","fifu_image_alt":"","footnotes":""},"categories":[108],"tags":[141,161,196,212,607],"class_list":["post-450","post","type-post","status-publish","format-standard","hentry","category-lajme","tag-141","tag-gazeta-ngjallja","tag-tirane","tag-lajme-d27","tag-promovimepublikime"],"acf":[],"yoast_head":"<!-- This site is optimized with the Yoast SEO plugin v27.2 - https:\/\/yoast.com\/product\/yoast-seo-wordpress\/ -->\n<title>Doli n\u00eb qarkullim nr. i ri i gazet\u00ebs \u201cNgjallja\u201d- N\u00cbNTOR 2013. - Kisha Orthodh\u03bfkse Autoqefale e Shqip\u00ebris\u00eb<\/title>\n<meta name=\"robots\" content=\"index, follow, max-snippet:-1, max-image-preview:large, max-video-preview:-1\" \/>\n<link rel=\"canonical\" href=\"https:\/\/orthodoxalbania.org\/2020\/2013\/11\/27\/doli-ne-qarkullim-nr-i-ri-i-gazetes-ngjallja-nentor-2013\/\" \/>\n<meta property=\"og:locale\" content=\"en_US\" \/>\n<meta property=\"og:type\" content=\"article\" \/>\n<meta property=\"og:title\" content=\"Doli n\u00eb qarkullim nr. i ri i gazet\u00ebs \u201cNgjallja\u201d- N\u00cbNTOR 2013. - Kisha Orthodh\u03bfkse Autoqefale e Shqip\u00ebris\u00eb\" \/>\n<meta property=\"og:description\" content=\"&nbsp;&nbsp;&nbsp;&nbsp;&nbsp;&nbsp;&nbsp;&nbsp;&nbsp; Doli n\u00eb qarkullim nr. i ri i gazet\u00ebs \u201cNgjallja\u201d- N\u00cbNTOR 2013. &nbsp;&nbsp;&nbsp;&nbsp;&nbsp;&nbsp;&nbsp;&nbsp;&nbsp; N\u00eb k\u00ebt\u00eb num\u00ebr do t\u00eb njiheni: \u2022&nbsp;&nbsp;&nbsp;&nbsp;&nbsp;&nbsp;&nbsp;&nbsp; Zhvilloi punimet Asambleja e 9-t\u00eb Bot\u00ebrore e organizat\u00ebs \u201cFet\u00eb p\u00ebr paqen\u201d. Lider\u00ebt fetar\u00eb bot\u00ebror\u00eb \u201cMir\u00ebpresin tjetrin\u201d. \u2022&nbsp;&nbsp;&nbsp;&nbsp;&nbsp;&nbsp;&nbsp;&nbsp; U zhvillua Asambleja e 10-t\u00eb e K\u00ebshillit Bot\u00ebror t\u00eb Kishave n\u00eb Busan, Koreja e Jugut -\u201cZot i jet\u00ebs, na drejto n\u00eb drejt\u00ebsi edhe paqe\u201d \u2013 nga Gabriela Dalipi\" \/>\n<meta property=\"og:url\" content=\"https:\/\/orthodoxalbania.org\/2020\/2013\/11\/27\/doli-ne-qarkullim-nr-i-ri-i-gazetes-ngjallja-nentor-2013\/\" \/>\n<meta property=\"og:site_name\" content=\"Kisha Orthodh\u03bfkse Autoqefale e Shqip\u00ebris\u00eb\" \/>\n<meta property=\"article:publisher\" content=\"https:\/\/www.facebook.com\/koash1991\" \/>\n<meta property=\"article:published_time\" content=\"2013-11-27T12:01:00+00:00\" \/>\n<meta property=\"article:modified_time\" content=\"2020-04-06T20:05:27+00:00\" \/>\n<meta property=\"og:image\" content=\"https:\/\/lh4.googleusercontent.com\/-rD16ZwGKims\/UpnI8tgxboI\/AAAAAAAAG-g\/IJ6hCVgmQE8\/w403-h548-no\/Gazeta+NENTOR+2013-page-0.jpg\" \/>\n<meta name=\"author\" content=\"Kisha Orthodhokse\" \/>\n<meta name=\"twitter:card\" content=\"summary_large_image\" \/>\n<meta name=\"twitter:label1\" content=\"Written by\" \/>\n\t<meta name=\"twitter:data1\" content=\"Kisha Orthodhokse\" \/>\n\t<meta name=\"twitter:label2\" content=\"Est. reading time\" \/>\n\t<meta name=\"twitter:data2\" content=\"2 minutes\" \/>\n<script type=\"application\/ld+json\" class=\"yoast-schema-graph\">{\"@context\":\"https:\/\/schema.org\",\"@graph\":[{\"@type\":\"Article\",\"@id\":\"https:\/\/orthodoxalbania.org\/2020\/2013\/11\/27\/doli-ne-qarkullim-nr-i-ri-i-gazetes-ngjallja-nentor-2013\/#article\",\"isPartOf\":{\"@id\":\"https:\/\/orthodoxalbania.org\/2020\/2013\/11\/27\/doli-ne-qarkullim-nr-i-ri-i-gazetes-ngjallja-nentor-2013\/\"},\"author\":{\"name\":\"Kisha Orthodhokse\",\"@id\":\"https:\/\/orthodoxalbania.org\/2020\/#\/schema\/person\/0c387634a7063ac612d7ed9ce71c7e86\"},\"headline\":\"Doli n\u00eb qarkullim nr. i ri i gazet\u00ebs \u201cNgjallja\u201d- N\u00cbNTOR 2013.\",\"datePublished\":\"2013-11-27T12:01:00+00:00\",\"dateModified\":\"2020-04-06T20:05:27+00:00\",\"mainEntityOfPage\":{\"@id\":\"https:\/\/orthodoxalbania.org\/2020\/2013\/11\/27\/doli-ne-qarkullim-nr-i-ri-i-gazetes-ngjallja-nentor-2013\/\"},\"wordCount\":370,\"commentCount\":0,\"publisher\":{\"@id\":\"https:\/\/orthodoxalbania.org\/2020\/#organization\"},\"image\":{\"@id\":\"https:\/\/orthodoxalbania.org\/2020\/2013\/11\/27\/doli-ne-qarkullim-nr-i-ri-i-gazetes-ngjallja-nentor-2013\/#primaryimage\"},\"thumbnailUrl\":\"https:\/\/lh4.googleusercontent.com\/-rD16ZwGKims\/UpnI8tgxboI\/AAAAAAAAG-g\/IJ6hCVgmQE8\/w403-h548-no\/Gazeta+NENTOR+2013-page-0.jpg\",\"keywords\":[\"2013\",\"Gazeta \\\"Ngjallja\\\"\",\"Kryepiskopata Tiran\u00eb\",\"lajme\",\"PromovimePublikime\"],\"articleSection\":[\"Lajme\"],\"inLanguage\":\"en-US\"},{\"@type\":\"WebPage\",\"@id\":\"https:\/\/orthodoxalbania.org\/2020\/2013\/11\/27\/doli-ne-qarkullim-nr-i-ri-i-gazetes-ngjallja-nentor-2013\/\",\"url\":\"https:\/\/orthodoxalbania.org\/2020\/2013\/11\/27\/doli-ne-qarkullim-nr-i-ri-i-gazetes-ngjallja-nentor-2013\/\",\"name\":\"Doli n\u00eb qarkullim nr. i ri i gazet\u00ebs \u201cNgjallja\u201d- N\u00cbNTOR 2013. - Kisha Orthodh\u03bfkse Autoqefale e Shqip\u00ebris\u00eb\",\"isPartOf\":{\"@id\":\"https:\/\/orthodoxalbania.org\/2020\/#website\"},\"primaryImageOfPage\":{\"@id\":\"https:\/\/orthodoxalbania.org\/2020\/2013\/11\/27\/doli-ne-qarkullim-nr-i-ri-i-gazetes-ngjallja-nentor-2013\/#primaryimage\"},\"image\":{\"@id\":\"https:\/\/orthodoxalbania.org\/2020\/2013\/11\/27\/doli-ne-qarkullim-nr-i-ri-i-gazetes-ngjallja-nentor-2013\/#primaryimage\"},\"thumbnailUrl\":\"https:\/\/lh4.googleusercontent.com\/-rD16ZwGKims\/UpnI8tgxboI\/AAAAAAAAG-g\/IJ6hCVgmQE8\/w403-h548-no\/Gazeta+NENTOR+2013-page-0.jpg\",\"datePublished\":\"2013-11-27T12:01:00+00:00\",\"dateModified\":\"2020-04-06T20:05:27+00:00\",\"breadcrumb\":{\"@id\":\"https:\/\/orthodoxalbania.org\/2020\/2013\/11\/27\/doli-ne-qarkullim-nr-i-ri-i-gazetes-ngjallja-nentor-2013\/#breadcrumb\"},\"inLanguage\":\"en-US\",\"potentialAction\":[{\"@type\":\"ReadAction\",\"target\":[\"https:\/\/orthodoxalbania.org\/2020\/2013\/11\/27\/doli-ne-qarkullim-nr-i-ri-i-gazetes-ngjallja-nentor-2013\/\"]}]},{\"@type\":\"ImageObject\",\"inLanguage\":\"en-US\",\"@id\":\"https:\/\/orthodoxalbania.org\/2020\/2013\/11\/27\/doli-ne-qarkullim-nr-i-ri-i-gazetes-ngjallja-nentor-2013\/#primaryimage\",\"url\":\"https:\/\/lh4.googleusercontent.com\/-rD16ZwGKims\/UpnI8tgxboI\/AAAAAAAAG-g\/IJ6hCVgmQE8\/w403-h548-no\/Gazeta+NENTOR+2013-page-0.jpg\",\"contentUrl\":\"https:\/\/lh4.googleusercontent.com\/-rD16ZwGKims\/UpnI8tgxboI\/AAAAAAAAG-g\/IJ6hCVgmQE8\/w403-h548-no\/Gazeta+NENTOR+2013-page-0.jpg\"},{\"@type\":\"BreadcrumbList\",\"@id\":\"https:\/\/orthodoxalbania.org\/2020\/2013\/11\/27\/doli-ne-qarkullim-nr-i-ri-i-gazetes-ngjallja-nentor-2013\/#breadcrumb\",\"itemListElement\":[{\"@type\":\"ListItem\",\"position\":1,\"name\":\"Home\",\"item\":\"https:\/\/orthodoxalbania.org\/2020\/\"},{\"@type\":\"ListItem\",\"position\":2,\"name\":\"Doli n\u00eb qarkullim nr. i ri i gazet\u00ebs \u201cNgjallja\u201d- N\u00cbNTOR 2013.\"}]},{\"@type\":\"WebSite\",\"@id\":\"https:\/\/orthodoxalbania.org\/2020\/#website\",\"url\":\"https:\/\/orthodoxalbania.org\/2020\/\",\"name\":\"Kisha Orthodh\u03bfkse Autoqefale e Shqip\u00ebris\u00eb\",\"description\":\"Fqja Zyrtare e Kish\u00ebs Orthodhokse Autoqefale e Shqip\u00ebris\u00eb me lajmet edhe informacionet zyrtare p\u00ebr struktur\u00ebn edhe veprimtarin e saj.\",\"publisher\":{\"@id\":\"https:\/\/orthodoxalbania.org\/2020\/#organization\"},\"potentialAction\":[{\"@type\":\"SearchAction\",\"target\":{\"@type\":\"EntryPoint\",\"urlTemplate\":\"https:\/\/orthodoxalbania.org\/2020\/?s={search_term_string}\"},\"query-input\":{\"@type\":\"PropertyValueSpecification\",\"valueRequired\":true,\"valueName\":\"search_term_string\"}}],\"inLanguage\":\"en-US\"},{\"@type\":\"Organization\",\"@id\":\"https:\/\/orthodoxalbania.org\/2020\/#organization\",\"name\":\"Kisha Orthodhokse Autoqefale e Shqip\u00ebris\u00eb\",\"url\":\"https:\/\/orthodoxalbania.org\/2020\/\",\"logo\":{\"@type\":\"ImageObject\",\"inLanguage\":\"en-US\",\"@id\":\"https:\/\/orthodoxalbania.org\/2020\/#\/schema\/logo\/image\/\",\"url\":\"https:\/\/orthodoxalbania.org\/2020\/wp-content\/uploads\/2020\/05\/albania.jpeg\",\"contentUrl\":\"https:\/\/orthodoxalbania.org\/2020\/wp-content\/uploads\/2020\/05\/albania.jpeg\",\"width\":540,\"height\":540,\"caption\":\"Kisha Orthodhokse Autoqefale e Shqip\u00ebris\u00eb\"},\"image\":{\"@id\":\"https:\/\/orthodoxalbania.org\/2020\/#\/schema\/logo\/image\/\"},\"sameAs\":[\"https:\/\/www.facebook.com\/koash1991\"]},{\"@type\":\"Person\",\"@id\":\"https:\/\/orthodoxalbania.org\/2020\/#\/schema\/person\/0c387634a7063ac612d7ed9ce71c7e86\",\"name\":\"Kisha Orthodhokse\",\"image\":{\"@type\":\"ImageObject\",\"inLanguage\":\"en-US\",\"@id\":\"https:\/\/secure.gravatar.com\/avatar\/596e7c417251e30f2fbb9c00e026fce61a695a00e51c889caded71c96cbbdde5?s=96&d=mm&r=g\",\"url\":\"https:\/\/secure.gravatar.com\/avatar\/596e7c417251e30f2fbb9c00e026fce61a695a00e51c889caded71c96cbbdde5?s=96&d=mm&r=g\",\"contentUrl\":\"https:\/\/secure.gravatar.com\/avatar\/596e7c417251e30f2fbb9c00e026fce61a695a00e51c889caded71c96cbbdde5?s=96&d=mm&r=g\",\"caption\":\"Kisha Orthodhokse\"}}]}<\/script>\n<!-- \/ Yoast SEO plugin. -->","yoast_head_json":{"title":"Doli n\u00eb qarkullim nr. i ri i gazet\u00ebs \u201cNgjallja\u201d- N\u00cbNTOR 2013. - Kisha Orthodh\u03bfkse Autoqefale e Shqip\u00ebris\u00eb","robots":{"index":"index","follow":"follow","max-snippet":"max-snippet:-1","max-image-preview":"max-image-preview:large","max-video-preview":"max-video-preview:-1"},"canonical":"https:\/\/orthodoxalbania.org\/2020\/2013\/11\/27\/doli-ne-qarkullim-nr-i-ri-i-gazetes-ngjallja-nentor-2013\/","og_locale":"en_US","og_type":"article","og_title":"Doli n\u00eb qarkullim nr. i ri i gazet\u00ebs \u201cNgjallja\u201d- N\u00cbNTOR 2013. - Kisha Orthodh\u03bfkse Autoqefale e Shqip\u00ebris\u00eb","og_description":"&nbsp;&nbsp;&nbsp;&nbsp;&nbsp;&nbsp;&nbsp;&nbsp;&nbsp; Doli n\u00eb qarkullim nr. i ri i gazet\u00ebs \u201cNgjallja\u201d- N\u00cbNTOR 2013. &nbsp;&nbsp;&nbsp;&nbsp;&nbsp;&nbsp;&nbsp;&nbsp;&nbsp; N\u00eb k\u00ebt\u00eb num\u00ebr do t\u00eb njiheni: \u2022&nbsp;&nbsp;&nbsp;&nbsp;&nbsp;&nbsp;&nbsp;&nbsp; Zhvilloi punimet Asambleja e 9-t\u00eb Bot\u00ebrore e organizat\u00ebs \u201cFet\u00eb p\u00ebr paqen\u201d. Lider\u00ebt fetar\u00eb bot\u00ebror\u00eb \u201cMir\u00ebpresin tjetrin\u201d. \u2022&nbsp;&nbsp;&nbsp;&nbsp;&nbsp;&nbsp;&nbsp;&nbsp; U zhvillua Asambleja e 10-t\u00eb e K\u00ebshillit Bot\u00ebror t\u00eb Kishave n\u00eb Busan, Koreja e Jugut -\u201cZot i jet\u00ebs, na drejto n\u00eb drejt\u00ebsi edhe paqe\u201d \u2013 nga Gabriela Dalipi","og_url":"https:\/\/orthodoxalbania.org\/2020\/2013\/11\/27\/doli-ne-qarkullim-nr-i-ri-i-gazetes-ngjallja-nentor-2013\/","og_site_name":"Kisha Orthodh\u03bfkse Autoqefale e Shqip\u00ebris\u00eb","article_publisher":"https:\/\/www.facebook.com\/koash1991","article_published_time":"2013-11-27T12:01:00+00:00","article_modified_time":"2020-04-06T20:05:27+00:00","og_image":[{"url":"https:\/\/lh4.googleusercontent.com\/-rD16ZwGKims\/UpnI8tgxboI\/AAAAAAAAG-g\/IJ6hCVgmQE8\/w403-h548-no\/Gazeta+NENTOR+2013-page-0.jpg","type":"","width":"","height":""}],"author":"Kisha Orthodhokse","twitter_card":"summary_large_image","twitter_misc":{"Written by":"Kisha Orthodhokse","Est. reading time":"2 minutes"},"schema":{"@context":"https:\/\/schema.org","@graph":[{"@type":"Article","@id":"https:\/\/orthodoxalbania.org\/2020\/2013\/11\/27\/doli-ne-qarkullim-nr-i-ri-i-gazetes-ngjallja-nentor-2013\/#article","isPartOf":{"@id":"https:\/\/orthodoxalbania.org\/2020\/2013\/11\/27\/doli-ne-qarkullim-nr-i-ri-i-gazetes-ngjallja-nentor-2013\/"},"author":{"name":"Kisha Orthodhokse","@id":"https:\/\/orthodoxalbania.org\/2020\/#\/schema\/person\/0c387634a7063ac612d7ed9ce71c7e86"},"headline":"Doli n\u00eb qarkullim nr. i ri i gazet\u00ebs \u201cNgjallja\u201d- N\u00cbNTOR 2013.","datePublished":"2013-11-27T12:01:00+00:00","dateModified":"2020-04-06T20:05:27+00:00","mainEntityOfPage":{"@id":"https:\/\/orthodoxalbania.org\/2020\/2013\/11\/27\/doli-ne-qarkullim-nr-i-ri-i-gazetes-ngjallja-nentor-2013\/"},"wordCount":370,"commentCount":0,"publisher":{"@id":"https:\/\/orthodoxalbania.org\/2020\/#organization"},"image":{"@id":"https:\/\/orthodoxalbania.org\/2020\/2013\/11\/27\/doli-ne-qarkullim-nr-i-ri-i-gazetes-ngjallja-nentor-2013\/#primaryimage"},"thumbnailUrl":"https:\/\/lh4.googleusercontent.com\/-rD16ZwGKims\/UpnI8tgxboI\/AAAAAAAAG-g\/IJ6hCVgmQE8\/w403-h548-no\/Gazeta+NENTOR+2013-page-0.jpg","keywords":["2013","Gazeta \"Ngjallja\"","Kryepiskopata Tiran\u00eb","lajme","PromovimePublikime"],"articleSection":["Lajme"],"inLanguage":"en-US"},{"@type":"WebPage","@id":"https:\/\/orthodoxalbania.org\/2020\/2013\/11\/27\/doli-ne-qarkullim-nr-i-ri-i-gazetes-ngjallja-nentor-2013\/","url":"https:\/\/orthodoxalbania.org\/2020\/2013\/11\/27\/doli-ne-qarkullim-nr-i-ri-i-gazetes-ngjallja-nentor-2013\/","name":"Doli n\u00eb qarkullim nr. i ri i gazet\u00ebs \u201cNgjallja\u201d- N\u00cbNTOR 2013. - Kisha Orthodh\u03bfkse Autoqefale e Shqip\u00ebris\u00eb","isPartOf":{"@id":"https:\/\/orthodoxalbania.org\/2020\/#website"},"primaryImageOfPage":{"@id":"https:\/\/orthodoxalbania.org\/2020\/2013\/11\/27\/doli-ne-qarkullim-nr-i-ri-i-gazetes-ngjallja-nentor-2013\/#primaryimage"},"image":{"@id":"https:\/\/orthodoxalbania.org\/2020\/2013\/11\/27\/doli-ne-qarkullim-nr-i-ri-i-gazetes-ngjallja-nentor-2013\/#primaryimage"},"thumbnailUrl":"https:\/\/lh4.googleusercontent.com\/-rD16ZwGKims\/UpnI8tgxboI\/AAAAAAAAG-g\/IJ6hCVgmQE8\/w403-h548-no\/Gazeta+NENTOR+2013-page-0.jpg","datePublished":"2013-11-27T12:01:00+00:00","dateModified":"2020-04-06T20:05:27+00:00","breadcrumb":{"@id":"https:\/\/orthodoxalbania.org\/2020\/2013\/11\/27\/doli-ne-qarkullim-nr-i-ri-i-gazetes-ngjallja-nentor-2013\/#breadcrumb"},"inLanguage":"en-US","potentialAction":[{"@type":"ReadAction","target":["https:\/\/orthodoxalbania.org\/2020\/2013\/11\/27\/doli-ne-qarkullim-nr-i-ri-i-gazetes-ngjallja-nentor-2013\/"]}]},{"@type":"ImageObject","inLanguage":"en-US","@id":"https:\/\/orthodoxalbania.org\/2020\/2013\/11\/27\/doli-ne-qarkullim-nr-i-ri-i-gazetes-ngjallja-nentor-2013\/#primaryimage","url":"https:\/\/lh4.googleusercontent.com\/-rD16ZwGKims\/UpnI8tgxboI\/AAAAAAAAG-g\/IJ6hCVgmQE8\/w403-h548-no\/Gazeta+NENTOR+2013-page-0.jpg","contentUrl":"https:\/\/lh4.googleusercontent.com\/-rD16ZwGKims\/UpnI8tgxboI\/AAAAAAAAG-g\/IJ6hCVgmQE8\/w403-h548-no\/Gazeta+NENTOR+2013-page-0.jpg"},{"@type":"BreadcrumbList","@id":"https:\/\/orthodoxalbania.org\/2020\/2013\/11\/27\/doli-ne-qarkullim-nr-i-ri-i-gazetes-ngjallja-nentor-2013\/#breadcrumb","itemListElement":[{"@type":"ListItem","position":1,"name":"Home","item":"https:\/\/orthodoxalbania.org\/2020\/"},{"@type":"ListItem","position":2,"name":"Doli n\u00eb qarkullim nr. i ri i gazet\u00ebs \u201cNgjallja\u201d- N\u00cbNTOR 2013."}]},{"@type":"WebSite","@id":"https:\/\/orthodoxalbania.org\/2020\/#website","url":"https:\/\/orthodoxalbania.org\/2020\/","name":"Kisha Orthodh\u03bfkse Autoqefale e Shqip\u00ebris\u00eb","description":"Fqja Zyrtare e Kish\u00ebs Orthodhokse Autoqefale e Shqip\u00ebris\u00eb me lajmet edhe informacionet zyrtare p\u00ebr struktur\u00ebn edhe veprimtarin e saj.","publisher":{"@id":"https:\/\/orthodoxalbania.org\/2020\/#organization"},"potentialAction":[{"@type":"SearchAction","target":{"@type":"EntryPoint","urlTemplate":"https:\/\/orthodoxalbania.org\/2020\/?s={search_term_string}"},"query-input":{"@type":"PropertyValueSpecification","valueRequired":true,"valueName":"search_term_string"}}],"inLanguage":"en-US"},{"@type":"Organization","@id":"https:\/\/orthodoxalbania.org\/2020\/#organization","name":"Kisha Orthodhokse Autoqefale e Shqip\u00ebris\u00eb","url":"https:\/\/orthodoxalbania.org\/2020\/","logo":{"@type":"ImageObject","inLanguage":"en-US","@id":"https:\/\/orthodoxalbania.org\/2020\/#\/schema\/logo\/image\/","url":"https:\/\/orthodoxalbania.org\/2020\/wp-content\/uploads\/2020\/05\/albania.jpeg","contentUrl":"https:\/\/orthodoxalbania.org\/2020\/wp-content\/uploads\/2020\/05\/albania.jpeg","width":540,"height":540,"caption":"Kisha Orthodhokse Autoqefale e Shqip\u00ebris\u00eb"},"image":{"@id":"https:\/\/orthodoxalbania.org\/2020\/#\/schema\/logo\/image\/"},"sameAs":["https:\/\/www.facebook.com\/koash1991"]},{"@type":"Person","@id":"https:\/\/orthodoxalbania.org\/2020\/#\/schema\/person\/0c387634a7063ac612d7ed9ce71c7e86","name":"Kisha Orthodhokse","image":{"@type":"ImageObject","inLanguage":"en-US","@id":"https:\/\/secure.gravatar.com\/avatar\/596e7c417251e30f2fbb9c00e026fce61a695a00e51c889caded71c96cbbdde5?s=96&d=mm&r=g","url":"https:\/\/secure.gravatar.com\/avatar\/596e7c417251e30f2fbb9c00e026fce61a695a00e51c889caded71c96cbbdde5?s=96&d=mm&r=g","contentUrl":"https:\/\/secure.gravatar.com\/avatar\/596e7c417251e30f2fbb9c00e026fce61a695a00e51c889caded71c96cbbdde5?s=96&d=mm&r=g","caption":"Kisha Orthodhokse"}}]}},"_links":{"self":[{"href":"https:\/\/orthodoxalbania.org\/2020\/wp-json\/wp\/v2\/posts\/450","targetHints":{"allow":["GET"]}}],"collection":[{"href":"https:\/\/orthodoxalbania.org\/2020\/wp-json\/wp\/v2\/posts"}],"about":[{"href":"https:\/\/orthodoxalbania.org\/2020\/wp-json\/wp\/v2\/types\/post"}],"author":[{"embeddable":true,"href":"https:\/\/orthodoxalbania.org\/2020\/wp-json\/wp\/v2\/users\/1"}],"replies":[{"embeddable":true,"href":"https:\/\/orthodoxalbania.org\/2020\/wp-json\/wp\/v2\/comments?post=450"}],"version-history":[{"count":1,"href":"https:\/\/orthodoxalbania.org\/2020\/wp-json\/wp\/v2\/posts\/450\/revisions"}],"predecessor-version":[{"id":15150,"href":"https:\/\/orthodoxalbania.org\/2020\/wp-json\/wp\/v2\/posts\/450\/revisions\/15150"}],"wp:attachment":[{"href":"https:\/\/orthodoxalbania.org\/2020\/wp-json\/wp\/v2\/media?parent=450"}],"wp:term":[{"taxonomy":"category","embeddable":true,"href":"https:\/\/orthodoxalbania.org\/2020\/wp-json\/wp\/v2\/categories?post=450"},{"taxonomy":"post_tag","embeddable":true,"href":"https:\/\/orthodoxalbania.org\/2020\/wp-json\/wp\/v2\/tags?post=450"}],"curies":[{"name":"wp","href":"https:\/\/api.w.org\/{rel}","templated":true}]}}