{"id":447,"date":"2014-02-25T10:02:22","date_gmt":"2014-02-25T10:02:22","guid":{"rendered":""},"modified":"2020-04-06T22:05:20","modified_gmt":"2020-04-06T20:05:20","slug":"doli-ne-qarkullim-nr-i-ri-i-gazetes-ngjallja-shkurt-2014","status":"publish","type":"post","link":"https:\/\/orthodoxalbania.org\/2020\/2014\/02\/25\/doli-ne-qarkullim-nr-i-ri-i-gazetes-ngjallja-shkurt-2014\/","title":{"rendered":"Doli n\u00eb qarkullim nr. i ri i gazet\u00ebs \u201cNgjallja\u201d &#8211; SHKURT 2014"},"content":{"rendered":"<p style=\"text-align: center;\"><span style=\"color: #000000; font-size: 12pt; font-family: verdana,geneva;\"><strong>&nbsp;<span style=\"color: #800000; font-family: helvetica;\"> Doli n\u00eb qarkullim nr. i ri i gazet\u00ebs \u201cNgjallja\u201d &#8211; SHKURT 2014<\/span><\/strong><\/span><\/p>\n<p style=\"text-align: center;\">&nbsp;<\/p>\n<p style=\"text-align: center;\"><span style=\"color: #800000; font-family: helvetica;\"><strong><span style=\"font-size: 12pt;\"><\/span><\/strong><\/span><span style=\"color: #000000; font-size: 12pt; font-family: verdana,geneva;\"><span style=\"color: #800000; font-family: helvetica;\"><strong>&nbsp;&nbsp;&nbsp; N\u00eb k\u00ebt\u00eb num\u00ebr do t\u00eb njiheni:<\/strong><\/span><br \/> <\/span><\/p>\n<p style=\"text-align: justify;\">&nbsp;<\/p>\n<p style=\"text-align: justify;\"><span style=\"color: #000000; font-size: 12pt; font-family: helvetica;\">&#8211; Intelektual dhe studiues i njohur bot\u00ebrisht &#8211; U promovua libri m\u00eb i ri i Kryepiskopit Anastas \u201cRingritja e Kish\u00ebs Orthodhokse Autoqefale t\u00eb Shqip\u00ebris\u00eb (1991-2012)\u201d &#8211; nga Th. Dh.<\/span><\/p>\n<p style=\"text-align: justify;\"><span style=\"color: #000000; font-size: 12pt; font-family: helvetica;\">&#8211; Kthimi i djalit plangprish\u00ebs<\/span><\/p>\n<p style=\"text-align: justify;\"><span style=\"color: #000000; font-size: 12pt; font-family: helvetica;\">&#8211; Aktivitet i pasur i Zyr\u00ebs s\u00eb Katekizmit n\u00ebp\u00ebr burgje &#8211; \u201cIsha n\u00eb burg dhe m\u00eb vizituat\u201d- nga Elisabeta Shqau<\/span><\/p>\n<p style=\"text-align: justify;\"><span style=\"color: #000000; font-size: 12pt; font-family: helvetica;\">&#8211; \u201cShqip\u00ebris\u00eb i \u00ebsht\u00eb dashur nj\u00eb ringjallje lazariane dhe libri \u00ebsht\u00eb pasqyr\u00eb e saj\u201d- Prof. dr. Shaban Sinani<\/span><\/p>\n<p style=\"text-align: justify;\"><span style=\"color: #000000; font-size: 12pt; font-family: helvetica;\">&#8211; \u201cLibri \u00ebsht\u00eb model modestie&#8230;\u201d &#8211; Prof. dr. Vasil S. Tole<\/span><\/p>\n<p style=\"text-align: justify;\"><span style=\"color: #000000; font-size: 12pt; font-family: helvetica;\">&#8211; Simeoni i Drejt\u00eb &#8211; Shembull i predispozit\u00ebs s\u00eb mir\u00eb \u2013 nga Arkimandrit Kozma Sovjani<\/span><\/p>\n<p style=\"text-align: justify;\"><span style=\"color: #000000; font-size: 12pt; font-family: helvetica;\">&#8211; Himni Akathist<\/span><\/p>\n<p style=\"text-align: justify;\"><span style=\"color: #000000; font-size: 12pt; font-family: helvetica;\">&#8211; U zhvillua ceremonia e dor\u00ebzimit Kryepiskopit Anastas t\u00eb titullit \u201cDoktor Nderi i Shkencave Shoq\u00ebrore\u201d, nga Universiteti Katolik Fordham, Nju Jork \u2013 Korresp. i \u201cNgjallja\u201d<\/span><\/p>\n<p style=\"text-align: justify;\"><span style=\"color: #000000; font-size: 12pt; font-family: helvetica;\">&#8211; Kreshma e v\u00ebrtet\u00eb &#8211; Marr\u00eb nga libri \u201cSi do t\u00eb besojn\u00eb po t\u00eb mos d\u00ebgjojn\u00eb?\u201d i (\u2020) Apostol Papakonstandini<\/span><\/p>\n<p style=\"text-align: justify;\"><span style=\"color: #000000; font-size: 12pt; font-family: helvetica;\">&#8211; Kishat orthodhokse t\u00eb Steblev\u00ebs &#8211; nga Cvetan Mazniku<\/span><\/p>\n<p style=\"text-align: justify;\"><span style=\"color: #000000; font-size: 12pt; font-family: helvetica;\">&#8211; Veprimtari t\u00eb Zyr\u00ebs Diakonia Agapes t\u00eb Kish\u00ebs &#8211; Dita e Evrop\u00ebs Lindore \u2013 nga Oltiana Thoma<\/span><\/p>\n<p style=\"text-align: justify;\"><span style=\"color: #000000; font-size: 12pt; font-family: helvetica;\">&#8211; P\u00ebrs\u00ebri nj\u00eb masak\u00ebr t\u00eb krishter\u00ebsh n\u00eb Nigeri<\/span><\/p>\n<p style=\"text-align: justify;\"><span style=\"color: #000000; font-size: 12pt; font-family: helvetica;\">&#8211; Kompleksi i Katedrales s\u00eb re \u201cNgjallja e Krishtit\u201d, Gjirokast\u00ebr<\/span><\/p>\n<p style=\"text-align: justify;\"><span style=\"color: #000000; font-size: 12pt; font-family: helvetica;\">&#8211;&nbsp; Festim i trefisht\u00eb<\/span><\/p>\n<div style=\"text-align: justify;\">&nbsp;<\/div>\n<div>&nbsp;<\/div>\n<div style=\"text-align: center;\"><span style=\"color: #000000;\"><strong><span style=\"font-family: tahoma,geneva,sans-serif;\"><span style=\"font-size: 12px;\"><span style=\"font-family: tahoma,geneva,sans-serif;\"><span style=\"font-size: 12px;\"><img decoding=\"async\" class=\"lazyload HAa Eha\" style=\"margin: 10px auto; display: block; border: 1px solid;\" alt=\"\" src=\"data:image\/svg+xml,%3Csvg%20xmlns%3D%27http%3A%2F%2Fwww.w3.org%2F2000%2Fsvg%27%20width%3D%27356%27%20height%3D%27483%27%20viewBox%3D%270%200%20356%20483%27%3E%3Crect%20width%3D%27356%27%20height%3D%27483%27%20fill-opacity%3D%220%22%2F%3E%3C%2Fsvg%3E\" data-orig-src=\"https:\/\/lh3.googleusercontent.com\/-Au5_N3lZzUg\/UwxmsQ_Ok6I\/AAAAAAAAHkY\/VKw4Tia9uHo\/w610-h830-no\/Gazeta+SHKURT+2014+per+internet-page-0.jpg\" height=\"483\" width=\"356\" \/><\/span><\/span><\/span><\/span><\/strong><\/span><\/div>\n","protected":false},"excerpt":{"rendered":"<p>&nbsp; Doli n\u00eb qarkullim nr. i ri i gazet\u00ebs \u201cNgjallja\u201d &#8211; SHKURT 2014 &nbsp; &nbsp;&nbsp;&nbsp; N\u00eb k\u00ebt\u00eb num\u00ebr do t\u00eb njiheni: &nbsp; &#8211; Intelektual dhe studiues i njohur bot\u00ebrisht &#8211; U promovua libri m\u00eb i ri i Kryepiskopit Anastas \u201cRingritja e Kish\u00ebs Orthodhokse Autoqefale t\u00eb Shqip\u00ebris\u00eb (1991-2012)\u201d &#8211; nga Th. Dh. &#8211; Kthimi i djalit plangprish\u00ebs &#8211; Aktivitet i pasur i Zyr\u00ebs s\u00eb Katekizmit n\u00ebp\u00ebr<\/p>\n","protected":false},"author":1,"featured_media":448,"comment_status":"open","ping_status":"open","sticky":false,"template":"","format":"standard","meta":{"_acf_changed":false,"pagelayer_contact_templates":[],"_pagelayer_content":"","inline_featured_image":false,"fifu_image_url":"","fifu_image_alt":"","footnotes":""},"categories":[108],"tags":[140,161,196,212,607],"class_list":["post-447","post","type-post","status-publish","format-standard","has-post-thumbnail","hentry","category-lajme","tag-140","tag-gazeta-ngjallja","tag-tirane","tag-lajme-d27","tag-promovimepublikime"],"acf":[],"yoast_head":"<!-- This site is optimized with the Yoast SEO plugin v27.2 - https:\/\/yoast.com\/product\/yoast-seo-wordpress\/ -->\n<title>Doli n\u00eb qarkullim nr. i ri i gazet\u00ebs \u201cNgjallja\u201d - SHKURT 2014 - Kisha Orthodh\u03bfkse Autoqefale e Shqip\u00ebris\u00eb<\/title>\n<meta name=\"robots\" content=\"index, follow, max-snippet:-1, max-image-preview:large, max-video-preview:-1\" \/>\n<link rel=\"canonical\" href=\"https:\/\/orthodoxalbania.org\/2020\/2014\/02\/25\/doli-ne-qarkullim-nr-i-ri-i-gazetes-ngjallja-shkurt-2014\/\" \/>\n<meta property=\"og:locale\" content=\"en_US\" \/>\n<meta property=\"og:type\" content=\"article\" \/>\n<meta property=\"og:title\" content=\"Doli n\u00eb qarkullim nr. i ri i gazet\u00ebs \u201cNgjallja\u201d - SHKURT 2014 - Kisha Orthodh\u03bfkse Autoqefale e Shqip\u00ebris\u00eb\" \/>\n<meta property=\"og:description\" content=\"&nbsp; Doli n\u00eb qarkullim nr. i ri i gazet\u00ebs \u201cNgjallja\u201d &#8211; SHKURT 2014 &nbsp; &nbsp;&nbsp;&nbsp; N\u00eb k\u00ebt\u00eb num\u00ebr do t\u00eb njiheni: &nbsp; &#8211; Intelektual dhe studiues i njohur bot\u00ebrisht &#8211; U promovua libri m\u00eb i ri i Kryepiskopit Anastas \u201cRingritja e Kish\u00ebs Orthodhokse Autoqefale t\u00eb Shqip\u00ebris\u00eb (1991-2012)\u201d &#8211; nga Th. Dh. &#8211; Kthimi i djalit plangprish\u00ebs &#8211; Aktivitet i pasur i Zyr\u00ebs s\u00eb Katekizmit n\u00ebp\u00ebr\" \/>\n<meta property=\"og:url\" content=\"https:\/\/orthodoxalbania.org\/2020\/2014\/02\/25\/doli-ne-qarkullim-nr-i-ri-i-gazetes-ngjallja-shkurt-2014\/\" \/>\n<meta property=\"og:site_name\" content=\"Kisha Orthodh\u03bfkse Autoqefale e Shqip\u00ebris\u00eb\" \/>\n<meta property=\"article:publisher\" content=\"https:\/\/www.facebook.com\/koash1991\" \/>\n<meta property=\"article:published_time\" content=\"2014-02-25T10:02:22+00:00\" \/>\n<meta property=\"article:modified_time\" content=\"2020-04-06T20:05:20+00:00\" \/>\n<meta property=\"og:image\" content=\"https:\/\/orthodoxalbania.org\/2020\/wp-content\/uploads\/2020\/04\/Gazeta-SHKURT-2014-per-internet-page-0.jpg\" \/>\n\t<meta property=\"og:image:width\" content=\"610\" \/>\n\t<meta property=\"og:image:height\" content=\"830\" \/>\n\t<meta property=\"og:image:type\" content=\"image\/jpeg\" \/>\n<meta name=\"author\" content=\"Kisha Orthodhokse\" \/>\n<meta name=\"twitter:card\" content=\"summary_large_image\" \/>\n<meta name=\"twitter:label1\" content=\"Written by\" \/>\n\t<meta name=\"twitter:data1\" content=\"Kisha Orthodhokse\" \/>\n\t<meta name=\"twitter:label2\" content=\"Est. reading time\" \/>\n\t<meta name=\"twitter:data2\" content=\"1 minute\" \/>\n<script type=\"application\/ld+json\" class=\"yoast-schema-graph\">{\"@context\":\"https:\/\/schema.org\",\"@graph\":[{\"@type\":\"Article\",\"@id\":\"https:\/\/orthodoxalbania.org\/2020\/2014\/02\/25\/doli-ne-qarkullim-nr-i-ri-i-gazetes-ngjallja-shkurt-2014\/#article\",\"isPartOf\":{\"@id\":\"https:\/\/orthodoxalbania.org\/2020\/2014\/02\/25\/doli-ne-qarkullim-nr-i-ri-i-gazetes-ngjallja-shkurt-2014\/\"},\"author\":{\"name\":\"Kisha Orthodhokse\",\"@id\":\"https:\/\/orthodoxalbania.org\/2020\/#\/schema\/person\/0c387634a7063ac612d7ed9ce71c7e86\"},\"headline\":\"Doli n\u00eb qarkullim nr. i ri i gazet\u00ebs \u201cNgjallja\u201d &#8211; SHKURT 2014\",\"datePublished\":\"2014-02-25T10:02:22+00:00\",\"dateModified\":\"2020-04-06T20:05:20+00:00\",\"mainEntityOfPage\":{\"@id\":\"https:\/\/orthodoxalbania.org\/2020\/2014\/02\/25\/doli-ne-qarkullim-nr-i-ri-i-gazetes-ngjallja-shkurt-2014\/\"},\"wordCount\":255,\"commentCount\":0,\"publisher\":{\"@id\":\"https:\/\/orthodoxalbania.org\/2020\/#organization\"},\"image\":{\"@id\":\"https:\/\/orthodoxalbania.org\/2020\/2014\/02\/25\/doli-ne-qarkullim-nr-i-ri-i-gazetes-ngjallja-shkurt-2014\/#primaryimage\"},\"thumbnailUrl\":\"https:\/\/orthodoxalbania.org\/2020\/wp-content\/uploads\/2020\/04\/Gazeta-SHKURT-2014-per-internet-page-0.jpg\",\"keywords\":[\"2014\",\"Gazeta \\\"Ngjallja\\\"\",\"Kryepiskopata Tiran\u00eb\",\"lajme\",\"PromovimePublikime\"],\"articleSection\":[\"Lajme\"],\"inLanguage\":\"en-US\"},{\"@type\":\"WebPage\",\"@id\":\"https:\/\/orthodoxalbania.org\/2020\/2014\/02\/25\/doli-ne-qarkullim-nr-i-ri-i-gazetes-ngjallja-shkurt-2014\/\",\"url\":\"https:\/\/orthodoxalbania.org\/2020\/2014\/02\/25\/doli-ne-qarkullim-nr-i-ri-i-gazetes-ngjallja-shkurt-2014\/\",\"name\":\"Doli n\u00eb qarkullim nr. i ri i gazet\u00ebs \u201cNgjallja\u201d - SHKURT 2014 - Kisha Orthodh\u03bfkse Autoqefale e Shqip\u00ebris\u00eb\",\"isPartOf\":{\"@id\":\"https:\/\/orthodoxalbania.org\/2020\/#website\"},\"primaryImageOfPage\":{\"@id\":\"https:\/\/orthodoxalbania.org\/2020\/2014\/02\/25\/doli-ne-qarkullim-nr-i-ri-i-gazetes-ngjallja-shkurt-2014\/#primaryimage\"},\"image\":{\"@id\":\"https:\/\/orthodoxalbania.org\/2020\/2014\/02\/25\/doli-ne-qarkullim-nr-i-ri-i-gazetes-ngjallja-shkurt-2014\/#primaryimage\"},\"thumbnailUrl\":\"https:\/\/orthodoxalbania.org\/2020\/wp-content\/uploads\/2020\/04\/Gazeta-SHKURT-2014-per-internet-page-0.jpg\",\"datePublished\":\"2014-02-25T10:02:22+00:00\",\"dateModified\":\"2020-04-06T20:05:20+00:00\",\"breadcrumb\":{\"@id\":\"https:\/\/orthodoxalbania.org\/2020\/2014\/02\/25\/doli-ne-qarkullim-nr-i-ri-i-gazetes-ngjallja-shkurt-2014\/#breadcrumb\"},\"inLanguage\":\"en-US\",\"potentialAction\":[{\"@type\":\"ReadAction\",\"target\":[\"https:\/\/orthodoxalbania.org\/2020\/2014\/02\/25\/doli-ne-qarkullim-nr-i-ri-i-gazetes-ngjallja-shkurt-2014\/\"]}]},{\"@type\":\"ImageObject\",\"inLanguage\":\"en-US\",\"@id\":\"https:\/\/orthodoxalbania.org\/2020\/2014\/02\/25\/doli-ne-qarkullim-nr-i-ri-i-gazetes-ngjallja-shkurt-2014\/#primaryimage\",\"url\":\"https:\/\/orthodoxalbania.org\/2020\/wp-content\/uploads\/2020\/04\/Gazeta-SHKURT-2014-per-internet-page-0.jpg\",\"contentUrl\":\"https:\/\/orthodoxalbania.org\/2020\/wp-content\/uploads\/2020\/04\/Gazeta-SHKURT-2014-per-internet-page-0.jpg\",\"width\":610,\"height\":830},{\"@type\":\"BreadcrumbList\",\"@id\":\"https:\/\/orthodoxalbania.org\/2020\/2014\/02\/25\/doli-ne-qarkullim-nr-i-ri-i-gazetes-ngjallja-shkurt-2014\/#breadcrumb\",\"itemListElement\":[{\"@type\":\"ListItem\",\"position\":1,\"name\":\"Home\",\"item\":\"https:\/\/orthodoxalbania.org\/2020\/\"},{\"@type\":\"ListItem\",\"position\":2,\"name\":\"Doli n\u00eb qarkullim nr. i ri i gazet\u00ebs \u201cNgjallja\u201d &#8211; SHKURT 2014\"}]},{\"@type\":\"WebSite\",\"@id\":\"https:\/\/orthodoxalbania.org\/2020\/#website\",\"url\":\"https:\/\/orthodoxalbania.org\/2020\/\",\"name\":\"Kisha Orthodh\u03bfkse Autoqefale e Shqip\u00ebris\u00eb\",\"description\":\"Fqja Zyrtare e Kish\u00ebs Orthodhokse Autoqefale e Shqip\u00ebris\u00eb me lajmet edhe informacionet zyrtare p\u00ebr struktur\u00ebn edhe veprimtarin e saj.\",\"publisher\":{\"@id\":\"https:\/\/orthodoxalbania.org\/2020\/#organization\"},\"potentialAction\":[{\"@type\":\"SearchAction\",\"target\":{\"@type\":\"EntryPoint\",\"urlTemplate\":\"https:\/\/orthodoxalbania.org\/2020\/?s={search_term_string}\"},\"query-input\":{\"@type\":\"PropertyValueSpecification\",\"valueRequired\":true,\"valueName\":\"search_term_string\"}}],\"inLanguage\":\"en-US\"},{\"@type\":\"Organization\",\"@id\":\"https:\/\/orthodoxalbania.org\/2020\/#organization\",\"name\":\"Kisha Orthodhokse Autoqefale e Shqip\u00ebris\u00eb\",\"url\":\"https:\/\/orthodoxalbania.org\/2020\/\",\"logo\":{\"@type\":\"ImageObject\",\"inLanguage\":\"en-US\",\"@id\":\"https:\/\/orthodoxalbania.org\/2020\/#\/schema\/logo\/image\/\",\"url\":\"https:\/\/orthodoxalbania.org\/2020\/wp-content\/uploads\/2020\/05\/albania.jpeg\",\"contentUrl\":\"https:\/\/orthodoxalbania.org\/2020\/wp-content\/uploads\/2020\/05\/albania.jpeg\",\"width\":540,\"height\":540,\"caption\":\"Kisha Orthodhokse Autoqefale e Shqip\u00ebris\u00eb\"},\"image\":{\"@id\":\"https:\/\/orthodoxalbania.org\/2020\/#\/schema\/logo\/image\/\"},\"sameAs\":[\"https:\/\/www.facebook.com\/koash1991\"]},{\"@type\":\"Person\",\"@id\":\"https:\/\/orthodoxalbania.org\/2020\/#\/schema\/person\/0c387634a7063ac612d7ed9ce71c7e86\",\"name\":\"Kisha Orthodhokse\",\"image\":{\"@type\":\"ImageObject\",\"inLanguage\":\"en-US\",\"@id\":\"https:\/\/secure.gravatar.com\/avatar\/596e7c417251e30f2fbb9c00e026fce61a695a00e51c889caded71c96cbbdde5?s=96&d=mm&r=g\",\"url\":\"https:\/\/secure.gravatar.com\/avatar\/596e7c417251e30f2fbb9c00e026fce61a695a00e51c889caded71c96cbbdde5?s=96&d=mm&r=g\",\"contentUrl\":\"https:\/\/secure.gravatar.com\/avatar\/596e7c417251e30f2fbb9c00e026fce61a695a00e51c889caded71c96cbbdde5?s=96&d=mm&r=g\",\"caption\":\"Kisha Orthodhokse\"}}]}<\/script>\n<!-- \/ Yoast SEO plugin. -->","yoast_head_json":{"title":"Doli n\u00eb qarkullim nr. i ri i gazet\u00ebs \u201cNgjallja\u201d - SHKURT 2014 - Kisha Orthodh\u03bfkse Autoqefale e Shqip\u00ebris\u00eb","robots":{"index":"index","follow":"follow","max-snippet":"max-snippet:-1","max-image-preview":"max-image-preview:large","max-video-preview":"max-video-preview:-1"},"canonical":"https:\/\/orthodoxalbania.org\/2020\/2014\/02\/25\/doli-ne-qarkullim-nr-i-ri-i-gazetes-ngjallja-shkurt-2014\/","og_locale":"en_US","og_type":"article","og_title":"Doli n\u00eb qarkullim nr. i ri i gazet\u00ebs \u201cNgjallja\u201d - SHKURT 2014 - Kisha Orthodh\u03bfkse Autoqefale e Shqip\u00ebris\u00eb","og_description":"&nbsp; Doli n\u00eb qarkullim nr. i ri i gazet\u00ebs \u201cNgjallja\u201d &#8211; SHKURT 2014 &nbsp; &nbsp;&nbsp;&nbsp; N\u00eb k\u00ebt\u00eb num\u00ebr do t\u00eb njiheni: &nbsp; &#8211; Intelektual dhe studiues i njohur bot\u00ebrisht &#8211; U promovua libri m\u00eb i ri i Kryepiskopit Anastas \u201cRingritja e Kish\u00ebs Orthodhokse Autoqefale t\u00eb Shqip\u00ebris\u00eb (1991-2012)\u201d &#8211; nga Th. Dh. &#8211; Kthimi i djalit plangprish\u00ebs &#8211; Aktivitet i pasur i Zyr\u00ebs s\u00eb Katekizmit n\u00ebp\u00ebr","og_url":"https:\/\/orthodoxalbania.org\/2020\/2014\/02\/25\/doli-ne-qarkullim-nr-i-ri-i-gazetes-ngjallja-shkurt-2014\/","og_site_name":"Kisha Orthodh\u03bfkse Autoqefale e Shqip\u00ebris\u00eb","article_publisher":"https:\/\/www.facebook.com\/koash1991","article_published_time":"2014-02-25T10:02:22+00:00","article_modified_time":"2020-04-06T20:05:20+00:00","og_image":[{"width":610,"height":830,"url":"https:\/\/orthodoxalbania.org\/2020\/wp-content\/uploads\/2020\/04\/Gazeta-SHKURT-2014-per-internet-page-0.jpg","type":"image\/jpeg"}],"author":"Kisha Orthodhokse","twitter_card":"summary_large_image","twitter_misc":{"Written by":"Kisha Orthodhokse","Est. reading time":"1 minute"},"schema":{"@context":"https:\/\/schema.org","@graph":[{"@type":"Article","@id":"https:\/\/orthodoxalbania.org\/2020\/2014\/02\/25\/doli-ne-qarkullim-nr-i-ri-i-gazetes-ngjallja-shkurt-2014\/#article","isPartOf":{"@id":"https:\/\/orthodoxalbania.org\/2020\/2014\/02\/25\/doli-ne-qarkullim-nr-i-ri-i-gazetes-ngjallja-shkurt-2014\/"},"author":{"name":"Kisha Orthodhokse","@id":"https:\/\/orthodoxalbania.org\/2020\/#\/schema\/person\/0c387634a7063ac612d7ed9ce71c7e86"},"headline":"Doli n\u00eb qarkullim nr. i ri i gazet\u00ebs \u201cNgjallja\u201d &#8211; SHKURT 2014","datePublished":"2014-02-25T10:02:22+00:00","dateModified":"2020-04-06T20:05:20+00:00","mainEntityOfPage":{"@id":"https:\/\/orthodoxalbania.org\/2020\/2014\/02\/25\/doli-ne-qarkullim-nr-i-ri-i-gazetes-ngjallja-shkurt-2014\/"},"wordCount":255,"commentCount":0,"publisher":{"@id":"https:\/\/orthodoxalbania.org\/2020\/#organization"},"image":{"@id":"https:\/\/orthodoxalbania.org\/2020\/2014\/02\/25\/doli-ne-qarkullim-nr-i-ri-i-gazetes-ngjallja-shkurt-2014\/#primaryimage"},"thumbnailUrl":"https:\/\/orthodoxalbania.org\/2020\/wp-content\/uploads\/2020\/04\/Gazeta-SHKURT-2014-per-internet-page-0.jpg","keywords":["2014","Gazeta \"Ngjallja\"","Kryepiskopata Tiran\u00eb","lajme","PromovimePublikime"],"articleSection":["Lajme"],"inLanguage":"en-US"},{"@type":"WebPage","@id":"https:\/\/orthodoxalbania.org\/2020\/2014\/02\/25\/doli-ne-qarkullim-nr-i-ri-i-gazetes-ngjallja-shkurt-2014\/","url":"https:\/\/orthodoxalbania.org\/2020\/2014\/02\/25\/doli-ne-qarkullim-nr-i-ri-i-gazetes-ngjallja-shkurt-2014\/","name":"Doli n\u00eb qarkullim nr. i ri i gazet\u00ebs \u201cNgjallja\u201d - SHKURT 2014 - Kisha Orthodh\u03bfkse Autoqefale e Shqip\u00ebris\u00eb","isPartOf":{"@id":"https:\/\/orthodoxalbania.org\/2020\/#website"},"primaryImageOfPage":{"@id":"https:\/\/orthodoxalbania.org\/2020\/2014\/02\/25\/doli-ne-qarkullim-nr-i-ri-i-gazetes-ngjallja-shkurt-2014\/#primaryimage"},"image":{"@id":"https:\/\/orthodoxalbania.org\/2020\/2014\/02\/25\/doli-ne-qarkullim-nr-i-ri-i-gazetes-ngjallja-shkurt-2014\/#primaryimage"},"thumbnailUrl":"https:\/\/orthodoxalbania.org\/2020\/wp-content\/uploads\/2020\/04\/Gazeta-SHKURT-2014-per-internet-page-0.jpg","datePublished":"2014-02-25T10:02:22+00:00","dateModified":"2020-04-06T20:05:20+00:00","breadcrumb":{"@id":"https:\/\/orthodoxalbania.org\/2020\/2014\/02\/25\/doli-ne-qarkullim-nr-i-ri-i-gazetes-ngjallja-shkurt-2014\/#breadcrumb"},"inLanguage":"en-US","potentialAction":[{"@type":"ReadAction","target":["https:\/\/orthodoxalbania.org\/2020\/2014\/02\/25\/doli-ne-qarkullim-nr-i-ri-i-gazetes-ngjallja-shkurt-2014\/"]}]},{"@type":"ImageObject","inLanguage":"en-US","@id":"https:\/\/orthodoxalbania.org\/2020\/2014\/02\/25\/doli-ne-qarkullim-nr-i-ri-i-gazetes-ngjallja-shkurt-2014\/#primaryimage","url":"https:\/\/orthodoxalbania.org\/2020\/wp-content\/uploads\/2020\/04\/Gazeta-SHKURT-2014-per-internet-page-0.jpg","contentUrl":"https:\/\/orthodoxalbania.org\/2020\/wp-content\/uploads\/2020\/04\/Gazeta-SHKURT-2014-per-internet-page-0.jpg","width":610,"height":830},{"@type":"BreadcrumbList","@id":"https:\/\/orthodoxalbania.org\/2020\/2014\/02\/25\/doli-ne-qarkullim-nr-i-ri-i-gazetes-ngjallja-shkurt-2014\/#breadcrumb","itemListElement":[{"@type":"ListItem","position":1,"name":"Home","item":"https:\/\/orthodoxalbania.org\/2020\/"},{"@type":"ListItem","position":2,"name":"Doli n\u00eb qarkullim nr. i ri i gazet\u00ebs \u201cNgjallja\u201d &#8211; SHKURT 2014"}]},{"@type":"WebSite","@id":"https:\/\/orthodoxalbania.org\/2020\/#website","url":"https:\/\/orthodoxalbania.org\/2020\/","name":"Kisha Orthodh\u03bfkse Autoqefale e Shqip\u00ebris\u00eb","description":"Fqja Zyrtare e Kish\u00ebs Orthodhokse Autoqefale e Shqip\u00ebris\u00eb me lajmet edhe informacionet zyrtare p\u00ebr struktur\u00ebn edhe veprimtarin e saj.","publisher":{"@id":"https:\/\/orthodoxalbania.org\/2020\/#organization"},"potentialAction":[{"@type":"SearchAction","target":{"@type":"EntryPoint","urlTemplate":"https:\/\/orthodoxalbania.org\/2020\/?s={search_term_string}"},"query-input":{"@type":"PropertyValueSpecification","valueRequired":true,"valueName":"search_term_string"}}],"inLanguage":"en-US"},{"@type":"Organization","@id":"https:\/\/orthodoxalbania.org\/2020\/#organization","name":"Kisha Orthodhokse Autoqefale e Shqip\u00ebris\u00eb","url":"https:\/\/orthodoxalbania.org\/2020\/","logo":{"@type":"ImageObject","inLanguage":"en-US","@id":"https:\/\/orthodoxalbania.org\/2020\/#\/schema\/logo\/image\/","url":"https:\/\/orthodoxalbania.org\/2020\/wp-content\/uploads\/2020\/05\/albania.jpeg","contentUrl":"https:\/\/orthodoxalbania.org\/2020\/wp-content\/uploads\/2020\/05\/albania.jpeg","width":540,"height":540,"caption":"Kisha Orthodhokse Autoqefale e Shqip\u00ebris\u00eb"},"image":{"@id":"https:\/\/orthodoxalbania.org\/2020\/#\/schema\/logo\/image\/"},"sameAs":["https:\/\/www.facebook.com\/koash1991"]},{"@type":"Person","@id":"https:\/\/orthodoxalbania.org\/2020\/#\/schema\/person\/0c387634a7063ac612d7ed9ce71c7e86","name":"Kisha Orthodhokse","image":{"@type":"ImageObject","inLanguage":"en-US","@id":"https:\/\/secure.gravatar.com\/avatar\/596e7c417251e30f2fbb9c00e026fce61a695a00e51c889caded71c96cbbdde5?s=96&d=mm&r=g","url":"https:\/\/secure.gravatar.com\/avatar\/596e7c417251e30f2fbb9c00e026fce61a695a00e51c889caded71c96cbbdde5?s=96&d=mm&r=g","contentUrl":"https:\/\/secure.gravatar.com\/avatar\/596e7c417251e30f2fbb9c00e026fce61a695a00e51c889caded71c96cbbdde5?s=96&d=mm&r=g","caption":"Kisha Orthodhokse"}}]}},"_links":{"self":[{"href":"https:\/\/orthodoxalbania.org\/2020\/wp-json\/wp\/v2\/posts\/447","targetHints":{"allow":["GET"]}}],"collection":[{"href":"https:\/\/orthodoxalbania.org\/2020\/wp-json\/wp\/v2\/posts"}],"about":[{"href":"https:\/\/orthodoxalbania.org\/2020\/wp-json\/wp\/v2\/types\/post"}],"author":[{"embeddable":true,"href":"https:\/\/orthodoxalbania.org\/2020\/wp-json\/wp\/v2\/users\/1"}],"replies":[{"embeddable":true,"href":"https:\/\/orthodoxalbania.org\/2020\/wp-json\/wp\/v2\/comments?post=447"}],"version-history":[{"count":1,"href":"https:\/\/orthodoxalbania.org\/2020\/wp-json\/wp\/v2\/posts\/447\/revisions"}],"predecessor-version":[{"id":15121,"href":"https:\/\/orthodoxalbania.org\/2020\/wp-json\/wp\/v2\/posts\/447\/revisions\/15121"}],"wp:featuredmedia":[{"embeddable":true,"href":"https:\/\/orthodoxalbania.org\/2020\/wp-json\/wp\/v2\/media\/448"}],"wp:attachment":[{"href":"https:\/\/orthodoxalbania.org\/2020\/wp-json\/wp\/v2\/media?parent=447"}],"wp:term":[{"taxonomy":"category","embeddable":true,"href":"https:\/\/orthodoxalbania.org\/2020\/wp-json\/wp\/v2\/categories?post=447"},{"taxonomy":"post_tag","embeddable":true,"href":"https:\/\/orthodoxalbania.org\/2020\/wp-json\/wp\/v2\/tags?post=447"}],"curies":[{"name":"wp","href":"https:\/\/api.w.org\/{rel}","templated":true}]}}