{"id":445,"date":"2014-03-28T08:02:45","date_gmt":"2014-03-28T08:02:45","guid":{"rendered":""},"modified":"2020-04-06T22:05:19","modified_gmt":"2020-04-06T20:05:19","slug":"doli-ne-qarkullim-nr-i-ri-i-gazetes-ngjallja-mars-2014","status":"publish","type":"post","link":"https:\/\/orthodoxalbania.org\/2020\/2014\/03\/28\/doli-ne-qarkullim-nr-i-ri-i-gazetes-ngjallja-mars-2014\/","title":{"rendered":"Doli n\u00eb qarkullim nr. i ri i gazet\u00ebs \u201cNgjallja\u201d &#8211; MARS 2014"},"content":{"rendered":"<p style=\"text-align: center;\"><span style=\"color: #800000;\"><span style=\"font-size: 12pt; font-family: helvetica;\"><\/span><\/span><\/p>\n<p> <\/p>\n<p style=\"text-align: center;\"><span style=\"color: #800000;\"><span style=\"font-size: 12pt; font-family: helvetica;\"><strong>Doli n\u00eb qarkullim nr. i ri i gazet\u00ebs \u201cNgjallja\u201d &#8211; MARS 2014<\/strong><\/span><span style=\"font-size: 12pt; font-family: helvetica;\"><\/span><\/span><\/p>\n<p style=\"text-align: center;\">&nbsp;<\/p>\n<p style=\"text-align: center;\"><span style=\"color: #800000;\"><strong><span style=\"font-size: 12pt; font-family: helvetica;\">N\u00eb k\u00ebt\u00eb num\u00ebr do t\u00eb njiheni:<\/span><\/strong><\/span><span style=\"font-size: 12pt; font-family: helvetica;\"><\/span><\/p>\n<p style=\"text-align: center;\">&nbsp;<\/p>\n<p><span style=\"font-size: 12pt; font-family: helvetica;\">&#8211; Mbledhja e Krer\u00ebve t\u00eb Kishave Orthodhokse &#8211; Mesazh.<\/span><span style=\"font-size: 12pt; font-family: helvetica;\"><\/span><\/p>\n<p><span style=\"font-size: 12pt; font-family: helvetica;\">&#8211; P\u00ebrfundoi takimi triditor i Primat\u00ebve Orthodhoks\u00eb.<\/span><span style=\"font-size: 12pt; font-family: helvetica;\"><\/span><\/p>\n<p><span style=\"font-size: 12pt; font-family: helvetica;\">&#8211; E Diela e Orthodhoksis\u00eb n\u00eb Tiran\u00eb, 9 mars.<\/span><span style=\"font-size: 12pt; font-family: helvetica;\"><\/span><\/p>\n<p><span style=\"font-size: 12pt; font-family: helvetica;\">&#8211; Sh\u00ebn Joani i Shkall\u00ebs.<\/span><span style=\"font-size: 12pt; font-family: helvetica;\"><\/span><\/p>\n<p><span style=\"font-size: 12pt; font-family: helvetica;\">&#8211; Sh\u00ebm Grigor Pallamai, Kryepiskopi i Selanikut, \u00e7udib\u00ebr\u00ebs.<\/span><\/p>\n<p><span style=\"font-size: 12pt; font-family: helvetica;\">&#8211; &#8220;Ekumeni &#8211; Besimi &#8211; Kultura&#8221;. Nga fjala e Kryepiskopit Anastas mbajtur n\u00eb veprimtarin\u00eb e Diakonis\u00eb Apostolike p\u00eb prezantimin e vepr\u00ebs s\u00eb tij t\u00eb shkruar (24-2-2014)<\/span><span style=\"font-size: 12pt; font-family: helvetica;\"><\/span><\/p>\n<p><span style=\"font-size: 12pt; font-family: helvetica;\">&#8211; Nderim p\u00ebr vepr\u00ebn shkencore e hierapostolike t\u00eb Kryepiskopit Anastas. U prezantuan n\u00eb Athin\u00eb botimet m\u00eb t\u00eb fundit t\u00eb Fortlumturis\u00eb s\u00eb Tij.<\/span><span style=\"font-size: 12pt; font-family: helvetica;\"><\/span><\/p>\n<p><span style=\"font-size: 12pt; font-family: helvetica;\">&#8211; &#8220;Kreshma e v\u00ebrtet\u00eb \u00ebsht\u00eb largimi nga pasionet dhe m\u00ebkatet&#8221;. Kreshma n\u00eb Kish\u00ebn Orthodhokse sipas Atit t\u00eb Kish\u00ebs son\u00eb, Sh\u00ebn Vasilit t\u00eb Madh. &#8211; P\u00ebrktheu: Thoma Shkira.<\/span><span style=\"font-size: 12pt; font-family: helvetica;\"><\/span><\/p>\n<p><span style=\"font-size: 12pt; font-family: helvetica;\">&#8211; Sinodi i Par\u00eb Kanonik i Kish\u00ebs son\u00eb.<\/span><span style=\"font-size: 12pt; font-family: helvetica;\"><\/span><\/p>\n<p><span style=\"font-size: 12pt; font-family: helvetica;\">&#8211; Kisha Orthodhokse merr pjes\u00eb n\u00eb Panairin e Dit\u00ebs s\u00eb Ver\u00ebs, Elbasan.<\/span><span style=\"font-size: 12pt; font-family: helvetica;\"><\/span><\/p>\n<p><span style=\"font-size: 12pt; font-family: helvetica;\">&#8211; Veprimtari me udh\u00ebheq\u00ebsit rinor\u00eb orthodhoks\u00eb &#8211; Dhjak Stefan Ritsi<\/span><span style=\"font-size: 12pt; font-family: helvetica;\"><\/span><\/p>\n<p><span style=\"font-size: 12pt; font-family: helvetica;\">&#8211; Poezi &#8211; Dhimit\u00ebr Gabici, Kavaj\u00eb.<\/span><span style=\"font-size: 12pt; font-family: helvetica;\"><\/span><\/p>\n<p><span style=\"font-size: 12pt; font-family: helvetica;\">&#8211; D\u00ebshmi mbi situat\u00ebn e t\u00eb krishter\u00ebve n\u00eb Lindjen e Mesme.<\/span><span style=\"font-size: 12pt; font-family: helvetica;\"><\/span><\/p>\n<p><span style=\"font-size: 12pt; font-family: helvetica;\">&#8211; Qielli dhe toka bashk\u00eb n\u00eb Nazaret &#8211; Arkimandrit Kozma Sovjani.<\/span><\/p>\n<p>&nbsp;<\/p>\n<div style=\"text-align: justify;\">&nbsp;<\/div>\n<div style=\"text-align: center;\"><span style=\"color: #000000;\"><img class=\"lazyload\" decoding=\"async\" style=\"margin: 10px auto; display: block; border: 1px solid;\" alt=\"\" src=\"data:image\/svg+xml,%3Csvg%20xmlns%3D%27http%3A%2F%2Fwww.w3.org%2F2000%2Fsvg%27%20width%3D%27472%27%20height%3D%27639%27%20viewBox%3D%270%200%20472%20639%27%3E%3Crect%20width%3D%27472%27%20height%3D%27639%27%20fill-opacity%3D%220%22%2F%3E%3C%2Fsvg%3E\" data-orig-src=\"https:\/\/lh6.googleusercontent.com\/-ey6CXQvPtSk\/UzUr17k25OI\/AAAAAAAAHtE\/b7byUx_HI_4\/w613-h833-no\/Gazeta+mars+2014+per+internet-page-0.jpg\" height=\"639\" width=\"472\" \/><\/span><\/div>\n","protected":false},"excerpt":{"rendered":"<p>Doli n\u00eb qarkullim nr. i ri i gazet\u00ebs \u201cNgjallja\u201d &#8211; MARS 2014 &nbsp; N\u00eb k\u00ebt\u00eb num\u00ebr do t\u00eb njiheni: &nbsp; &#8211; Mbledhja e Krer\u00ebve t\u00eb Kishave Orthodhokse &#8211; Mesazh. &#8211; P\u00ebrfundoi takimi triditor i Primat\u00ebve Orthodhoks\u00eb. &#8211; E Diela e Orthodhoksis\u00eb n\u00eb Tiran\u00eb, 9 mars. &#8211; Sh\u00ebn Joani i Shkall\u00ebs. &#8211; Sh\u00ebm Grigor Pallamai, Kryepiskopi i Selanikut, \u00e7udib\u00ebr\u00ebs. &#8211; &#8220;Ekumeni &#8211; Besimi &#8211; Kultura&#8221;. Nga<\/p>\n","protected":false},"author":1,"featured_media":446,"comment_status":"open","ping_status":"open","sticky":false,"template":"","format":"standard","meta":{"_acf_changed":false,"pagelayer_contact_templates":[],"_pagelayer_content":"","inline_featured_image":false,"fifu_image_url":"","fifu_image_alt":"","footnotes":""},"categories":[108],"tags":[140,161,196,212,607],"class_list":["post-445","post","type-post","status-publish","format-standard","has-post-thumbnail","hentry","category-lajme","tag-140","tag-gazeta-ngjallja","tag-tirane","tag-lajme-d27","tag-promovimepublikime"],"acf":[],"yoast_head":"<!-- This site is optimized with the Yoast SEO plugin v27.2 - https:\/\/yoast.com\/product\/yoast-seo-wordpress\/ -->\n<title>Doli n\u00eb qarkullim nr. i ri i gazet\u00ebs \u201cNgjallja\u201d - MARS 2014 - Kisha Orthodh\u03bfkse Autoqefale e Shqip\u00ebris\u00eb<\/title>\n<meta name=\"robots\" content=\"index, follow, max-snippet:-1, max-image-preview:large, max-video-preview:-1\" \/>\n<link rel=\"canonical\" href=\"https:\/\/orthodoxalbania.org\/2020\/2014\/03\/28\/doli-ne-qarkullim-nr-i-ri-i-gazetes-ngjallja-mars-2014\/\" \/>\n<meta property=\"og:locale\" content=\"en_US\" \/>\n<meta property=\"og:type\" content=\"article\" \/>\n<meta property=\"og:title\" content=\"Doli n\u00eb qarkullim nr. i ri i gazet\u00ebs \u201cNgjallja\u201d - MARS 2014 - Kisha Orthodh\u03bfkse Autoqefale e Shqip\u00ebris\u00eb\" \/>\n<meta property=\"og:description\" content=\"Doli n\u00eb qarkullim nr. i ri i gazet\u00ebs \u201cNgjallja\u201d &#8211; MARS 2014 &nbsp; N\u00eb k\u00ebt\u00eb num\u00ebr do t\u00eb njiheni: &nbsp; &#8211; Mbledhja e Krer\u00ebve t\u00eb Kishave Orthodhokse &#8211; Mesazh. &#8211; P\u00ebrfundoi takimi triditor i Primat\u00ebve Orthodhoks\u00eb. &#8211; E Diela e Orthodhoksis\u00eb n\u00eb Tiran\u00eb, 9 mars. &#8211; Sh\u00ebn Joani i Shkall\u00ebs. &#8211; Sh\u00ebm Grigor Pallamai, Kryepiskopi i Selanikut, \u00e7udib\u00ebr\u00ebs. &#8211; &#8220;Ekumeni &#8211; Besimi &#8211; Kultura&#8221;. Nga\" \/>\n<meta property=\"og:url\" content=\"https:\/\/orthodoxalbania.org\/2020\/2014\/03\/28\/doli-ne-qarkullim-nr-i-ri-i-gazetes-ngjallja-mars-2014\/\" \/>\n<meta property=\"og:site_name\" content=\"Kisha Orthodh\u03bfkse Autoqefale e Shqip\u00ebris\u00eb\" \/>\n<meta property=\"article:publisher\" content=\"https:\/\/www.facebook.com\/koash1991\" \/>\n<meta property=\"article:published_time\" content=\"2014-03-28T08:02:45+00:00\" \/>\n<meta property=\"article:modified_time\" content=\"2020-04-06T20:05:19+00:00\" \/>\n<meta property=\"og:image\" content=\"https:\/\/orthodoxalbania.org\/2020\/wp-content\/uploads\/2020\/04\/Gazeta-mars-2014-per-internet-page-0.jpg\" \/>\n\t<meta property=\"og:image:width\" content=\"613\" \/>\n\t<meta property=\"og:image:height\" content=\"833\" \/>\n\t<meta property=\"og:image:type\" content=\"image\/jpeg\" \/>\n<meta name=\"author\" content=\"Kisha Orthodhokse\" \/>\n<meta name=\"twitter:card\" content=\"summary_large_image\" \/>\n<meta name=\"twitter:label1\" content=\"Written by\" \/>\n\t<meta name=\"twitter:data1\" content=\"Kisha Orthodhokse\" \/>\n\t<meta name=\"twitter:label2\" content=\"Est. reading time\" \/>\n\t<meta name=\"twitter:data2\" content=\"1 minute\" \/>\n<script type=\"application\/ld+json\" class=\"yoast-schema-graph\">{\"@context\":\"https:\/\/schema.org\",\"@graph\":[{\"@type\":\"Article\",\"@id\":\"https:\/\/orthodoxalbania.org\/2020\/2014\/03\/28\/doli-ne-qarkullim-nr-i-ri-i-gazetes-ngjallja-mars-2014\/#article\",\"isPartOf\":{\"@id\":\"https:\/\/orthodoxalbania.org\/2020\/2014\/03\/28\/doli-ne-qarkullim-nr-i-ri-i-gazetes-ngjallja-mars-2014\/\"},\"author\":{\"name\":\"Kisha Orthodhokse\",\"@id\":\"https:\/\/orthodoxalbania.org\/2020\/#\/schema\/person\/0c387634a7063ac612d7ed9ce71c7e86\"},\"headline\":\"Doli n\u00eb qarkullim nr. i ri i gazet\u00ebs \u201cNgjallja\u201d &#8211; MARS 2014\",\"datePublished\":\"2014-03-28T08:02:45+00:00\",\"dateModified\":\"2020-04-06T20:05:19+00:00\",\"mainEntityOfPage\":{\"@id\":\"https:\/\/orthodoxalbania.org\/2020\/2014\/03\/28\/doli-ne-qarkullim-nr-i-ri-i-gazetes-ngjallja-mars-2014\/\"},\"wordCount\":233,\"commentCount\":0,\"publisher\":{\"@id\":\"https:\/\/orthodoxalbania.org\/2020\/#organization\"},\"image\":{\"@id\":\"https:\/\/orthodoxalbania.org\/2020\/2014\/03\/28\/doli-ne-qarkullim-nr-i-ri-i-gazetes-ngjallja-mars-2014\/#primaryimage\"},\"thumbnailUrl\":\"https:\/\/orthodoxalbania.org\/2020\/wp-content\/uploads\/2020\/04\/Gazeta-mars-2014-per-internet-page-0.jpg\",\"keywords\":[\"2014\",\"Gazeta \\\"Ngjallja\\\"\",\"Kryepiskopata Tiran\u00eb\",\"lajme\",\"PromovimePublikime\"],\"articleSection\":[\"Lajme\"],\"inLanguage\":\"en-US\"},{\"@type\":\"WebPage\",\"@id\":\"https:\/\/orthodoxalbania.org\/2020\/2014\/03\/28\/doli-ne-qarkullim-nr-i-ri-i-gazetes-ngjallja-mars-2014\/\",\"url\":\"https:\/\/orthodoxalbania.org\/2020\/2014\/03\/28\/doli-ne-qarkullim-nr-i-ri-i-gazetes-ngjallja-mars-2014\/\",\"name\":\"Doli n\u00eb qarkullim nr. i ri i gazet\u00ebs \u201cNgjallja\u201d - MARS 2014 - Kisha Orthodh\u03bfkse Autoqefale e Shqip\u00ebris\u00eb\",\"isPartOf\":{\"@id\":\"https:\/\/orthodoxalbania.org\/2020\/#website\"},\"primaryImageOfPage\":{\"@id\":\"https:\/\/orthodoxalbania.org\/2020\/2014\/03\/28\/doli-ne-qarkullim-nr-i-ri-i-gazetes-ngjallja-mars-2014\/#primaryimage\"},\"image\":{\"@id\":\"https:\/\/orthodoxalbania.org\/2020\/2014\/03\/28\/doli-ne-qarkullim-nr-i-ri-i-gazetes-ngjallja-mars-2014\/#primaryimage\"},\"thumbnailUrl\":\"https:\/\/orthodoxalbania.org\/2020\/wp-content\/uploads\/2020\/04\/Gazeta-mars-2014-per-internet-page-0.jpg\",\"datePublished\":\"2014-03-28T08:02:45+00:00\",\"dateModified\":\"2020-04-06T20:05:19+00:00\",\"breadcrumb\":{\"@id\":\"https:\/\/orthodoxalbania.org\/2020\/2014\/03\/28\/doli-ne-qarkullim-nr-i-ri-i-gazetes-ngjallja-mars-2014\/#breadcrumb\"},\"inLanguage\":\"en-US\",\"potentialAction\":[{\"@type\":\"ReadAction\",\"target\":[\"https:\/\/orthodoxalbania.org\/2020\/2014\/03\/28\/doli-ne-qarkullim-nr-i-ri-i-gazetes-ngjallja-mars-2014\/\"]}]},{\"@type\":\"ImageObject\",\"inLanguage\":\"en-US\",\"@id\":\"https:\/\/orthodoxalbania.org\/2020\/2014\/03\/28\/doli-ne-qarkullim-nr-i-ri-i-gazetes-ngjallja-mars-2014\/#primaryimage\",\"url\":\"https:\/\/orthodoxalbania.org\/2020\/wp-content\/uploads\/2020\/04\/Gazeta-mars-2014-per-internet-page-0.jpg\",\"contentUrl\":\"https:\/\/orthodoxalbania.org\/2020\/wp-content\/uploads\/2020\/04\/Gazeta-mars-2014-per-internet-page-0.jpg\",\"width\":613,\"height\":833},{\"@type\":\"BreadcrumbList\",\"@id\":\"https:\/\/orthodoxalbania.org\/2020\/2014\/03\/28\/doli-ne-qarkullim-nr-i-ri-i-gazetes-ngjallja-mars-2014\/#breadcrumb\",\"itemListElement\":[{\"@type\":\"ListItem\",\"position\":1,\"name\":\"Home\",\"item\":\"https:\/\/orthodoxalbania.org\/2020\/\"},{\"@type\":\"ListItem\",\"position\":2,\"name\":\"Doli n\u00eb qarkullim nr. i ri i gazet\u00ebs \u201cNgjallja\u201d &#8211; MARS 2014\"}]},{\"@type\":\"WebSite\",\"@id\":\"https:\/\/orthodoxalbania.org\/2020\/#website\",\"url\":\"https:\/\/orthodoxalbania.org\/2020\/\",\"name\":\"Kisha Orthodh\u03bfkse Autoqefale e Shqip\u00ebris\u00eb\",\"description\":\"Fqja Zyrtare e Kish\u00ebs Orthodhokse Autoqefale e Shqip\u00ebris\u00eb me lajmet edhe informacionet zyrtare p\u00ebr struktur\u00ebn edhe veprimtarin e saj.\",\"publisher\":{\"@id\":\"https:\/\/orthodoxalbania.org\/2020\/#organization\"},\"potentialAction\":[{\"@type\":\"SearchAction\",\"target\":{\"@type\":\"EntryPoint\",\"urlTemplate\":\"https:\/\/orthodoxalbania.org\/2020\/?s={search_term_string}\"},\"query-input\":{\"@type\":\"PropertyValueSpecification\",\"valueRequired\":true,\"valueName\":\"search_term_string\"}}],\"inLanguage\":\"en-US\"},{\"@type\":\"Organization\",\"@id\":\"https:\/\/orthodoxalbania.org\/2020\/#organization\",\"name\":\"Kisha Orthodhokse Autoqefale e Shqip\u00ebris\u00eb\",\"url\":\"https:\/\/orthodoxalbania.org\/2020\/\",\"logo\":{\"@type\":\"ImageObject\",\"inLanguage\":\"en-US\",\"@id\":\"https:\/\/orthodoxalbania.org\/2020\/#\/schema\/logo\/image\/\",\"url\":\"https:\/\/orthodoxalbania.org\/2020\/wp-content\/uploads\/2020\/05\/albania.jpeg\",\"contentUrl\":\"https:\/\/orthodoxalbania.org\/2020\/wp-content\/uploads\/2020\/05\/albania.jpeg\",\"width\":540,\"height\":540,\"caption\":\"Kisha Orthodhokse Autoqefale e Shqip\u00ebris\u00eb\"},\"image\":{\"@id\":\"https:\/\/orthodoxalbania.org\/2020\/#\/schema\/logo\/image\/\"},\"sameAs\":[\"https:\/\/www.facebook.com\/koash1991\"]},{\"@type\":\"Person\",\"@id\":\"https:\/\/orthodoxalbania.org\/2020\/#\/schema\/person\/0c387634a7063ac612d7ed9ce71c7e86\",\"name\":\"Kisha Orthodhokse\",\"image\":{\"@type\":\"ImageObject\",\"inLanguage\":\"en-US\",\"@id\":\"https:\/\/secure.gravatar.com\/avatar\/596e7c417251e30f2fbb9c00e026fce61a695a00e51c889caded71c96cbbdde5?s=96&d=mm&r=g\",\"url\":\"https:\/\/secure.gravatar.com\/avatar\/596e7c417251e30f2fbb9c00e026fce61a695a00e51c889caded71c96cbbdde5?s=96&d=mm&r=g\",\"contentUrl\":\"https:\/\/secure.gravatar.com\/avatar\/596e7c417251e30f2fbb9c00e026fce61a695a00e51c889caded71c96cbbdde5?s=96&d=mm&r=g\",\"caption\":\"Kisha Orthodhokse\"}}]}<\/script>\n<!-- \/ Yoast SEO plugin. -->","yoast_head_json":{"title":"Doli n\u00eb qarkullim nr. i ri i gazet\u00ebs \u201cNgjallja\u201d - MARS 2014 - Kisha Orthodh\u03bfkse Autoqefale e Shqip\u00ebris\u00eb","robots":{"index":"index","follow":"follow","max-snippet":"max-snippet:-1","max-image-preview":"max-image-preview:large","max-video-preview":"max-video-preview:-1"},"canonical":"https:\/\/orthodoxalbania.org\/2020\/2014\/03\/28\/doli-ne-qarkullim-nr-i-ri-i-gazetes-ngjallja-mars-2014\/","og_locale":"en_US","og_type":"article","og_title":"Doli n\u00eb qarkullim nr. i ri i gazet\u00ebs \u201cNgjallja\u201d - MARS 2014 - Kisha Orthodh\u03bfkse Autoqefale e Shqip\u00ebris\u00eb","og_description":"Doli n\u00eb qarkullim nr. i ri i gazet\u00ebs \u201cNgjallja\u201d &#8211; MARS 2014 &nbsp; N\u00eb k\u00ebt\u00eb num\u00ebr do t\u00eb njiheni: &nbsp; &#8211; Mbledhja e Krer\u00ebve t\u00eb Kishave Orthodhokse &#8211; Mesazh. &#8211; P\u00ebrfundoi takimi triditor i Primat\u00ebve Orthodhoks\u00eb. &#8211; E Diela e Orthodhoksis\u00eb n\u00eb Tiran\u00eb, 9 mars. &#8211; Sh\u00ebn Joani i Shkall\u00ebs. &#8211; Sh\u00ebm Grigor Pallamai, Kryepiskopi i Selanikut, \u00e7udib\u00ebr\u00ebs. &#8211; &#8220;Ekumeni &#8211; Besimi &#8211; Kultura&#8221;. Nga","og_url":"https:\/\/orthodoxalbania.org\/2020\/2014\/03\/28\/doli-ne-qarkullim-nr-i-ri-i-gazetes-ngjallja-mars-2014\/","og_site_name":"Kisha Orthodh\u03bfkse Autoqefale e Shqip\u00ebris\u00eb","article_publisher":"https:\/\/www.facebook.com\/koash1991","article_published_time":"2014-03-28T08:02:45+00:00","article_modified_time":"2020-04-06T20:05:19+00:00","og_image":[{"width":613,"height":833,"url":"https:\/\/orthodoxalbania.org\/2020\/wp-content\/uploads\/2020\/04\/Gazeta-mars-2014-per-internet-page-0.jpg","type":"image\/jpeg"}],"author":"Kisha Orthodhokse","twitter_card":"summary_large_image","twitter_misc":{"Written by":"Kisha Orthodhokse","Est. reading time":"1 minute"},"schema":{"@context":"https:\/\/schema.org","@graph":[{"@type":"Article","@id":"https:\/\/orthodoxalbania.org\/2020\/2014\/03\/28\/doli-ne-qarkullim-nr-i-ri-i-gazetes-ngjallja-mars-2014\/#article","isPartOf":{"@id":"https:\/\/orthodoxalbania.org\/2020\/2014\/03\/28\/doli-ne-qarkullim-nr-i-ri-i-gazetes-ngjallja-mars-2014\/"},"author":{"name":"Kisha Orthodhokse","@id":"https:\/\/orthodoxalbania.org\/2020\/#\/schema\/person\/0c387634a7063ac612d7ed9ce71c7e86"},"headline":"Doli n\u00eb qarkullim nr. i ri i gazet\u00ebs \u201cNgjallja\u201d &#8211; MARS 2014","datePublished":"2014-03-28T08:02:45+00:00","dateModified":"2020-04-06T20:05:19+00:00","mainEntityOfPage":{"@id":"https:\/\/orthodoxalbania.org\/2020\/2014\/03\/28\/doli-ne-qarkullim-nr-i-ri-i-gazetes-ngjallja-mars-2014\/"},"wordCount":233,"commentCount":0,"publisher":{"@id":"https:\/\/orthodoxalbania.org\/2020\/#organization"},"image":{"@id":"https:\/\/orthodoxalbania.org\/2020\/2014\/03\/28\/doli-ne-qarkullim-nr-i-ri-i-gazetes-ngjallja-mars-2014\/#primaryimage"},"thumbnailUrl":"https:\/\/orthodoxalbania.org\/2020\/wp-content\/uploads\/2020\/04\/Gazeta-mars-2014-per-internet-page-0.jpg","keywords":["2014","Gazeta \"Ngjallja\"","Kryepiskopata Tiran\u00eb","lajme","PromovimePublikime"],"articleSection":["Lajme"],"inLanguage":"en-US"},{"@type":"WebPage","@id":"https:\/\/orthodoxalbania.org\/2020\/2014\/03\/28\/doli-ne-qarkullim-nr-i-ri-i-gazetes-ngjallja-mars-2014\/","url":"https:\/\/orthodoxalbania.org\/2020\/2014\/03\/28\/doli-ne-qarkullim-nr-i-ri-i-gazetes-ngjallja-mars-2014\/","name":"Doli n\u00eb qarkullim nr. i ri i gazet\u00ebs \u201cNgjallja\u201d - MARS 2014 - Kisha Orthodh\u03bfkse Autoqefale e Shqip\u00ebris\u00eb","isPartOf":{"@id":"https:\/\/orthodoxalbania.org\/2020\/#website"},"primaryImageOfPage":{"@id":"https:\/\/orthodoxalbania.org\/2020\/2014\/03\/28\/doli-ne-qarkullim-nr-i-ri-i-gazetes-ngjallja-mars-2014\/#primaryimage"},"image":{"@id":"https:\/\/orthodoxalbania.org\/2020\/2014\/03\/28\/doli-ne-qarkullim-nr-i-ri-i-gazetes-ngjallja-mars-2014\/#primaryimage"},"thumbnailUrl":"https:\/\/orthodoxalbania.org\/2020\/wp-content\/uploads\/2020\/04\/Gazeta-mars-2014-per-internet-page-0.jpg","datePublished":"2014-03-28T08:02:45+00:00","dateModified":"2020-04-06T20:05:19+00:00","breadcrumb":{"@id":"https:\/\/orthodoxalbania.org\/2020\/2014\/03\/28\/doli-ne-qarkullim-nr-i-ri-i-gazetes-ngjallja-mars-2014\/#breadcrumb"},"inLanguage":"en-US","potentialAction":[{"@type":"ReadAction","target":["https:\/\/orthodoxalbania.org\/2020\/2014\/03\/28\/doli-ne-qarkullim-nr-i-ri-i-gazetes-ngjallja-mars-2014\/"]}]},{"@type":"ImageObject","inLanguage":"en-US","@id":"https:\/\/orthodoxalbania.org\/2020\/2014\/03\/28\/doli-ne-qarkullim-nr-i-ri-i-gazetes-ngjallja-mars-2014\/#primaryimage","url":"https:\/\/orthodoxalbania.org\/2020\/wp-content\/uploads\/2020\/04\/Gazeta-mars-2014-per-internet-page-0.jpg","contentUrl":"https:\/\/orthodoxalbania.org\/2020\/wp-content\/uploads\/2020\/04\/Gazeta-mars-2014-per-internet-page-0.jpg","width":613,"height":833},{"@type":"BreadcrumbList","@id":"https:\/\/orthodoxalbania.org\/2020\/2014\/03\/28\/doli-ne-qarkullim-nr-i-ri-i-gazetes-ngjallja-mars-2014\/#breadcrumb","itemListElement":[{"@type":"ListItem","position":1,"name":"Home","item":"https:\/\/orthodoxalbania.org\/2020\/"},{"@type":"ListItem","position":2,"name":"Doli n\u00eb qarkullim nr. i ri i gazet\u00ebs \u201cNgjallja\u201d &#8211; MARS 2014"}]},{"@type":"WebSite","@id":"https:\/\/orthodoxalbania.org\/2020\/#website","url":"https:\/\/orthodoxalbania.org\/2020\/","name":"Kisha Orthodh\u03bfkse Autoqefale e Shqip\u00ebris\u00eb","description":"Fqja Zyrtare e Kish\u00ebs Orthodhokse Autoqefale e Shqip\u00ebris\u00eb me lajmet edhe informacionet zyrtare p\u00ebr struktur\u00ebn edhe veprimtarin e saj.","publisher":{"@id":"https:\/\/orthodoxalbania.org\/2020\/#organization"},"potentialAction":[{"@type":"SearchAction","target":{"@type":"EntryPoint","urlTemplate":"https:\/\/orthodoxalbania.org\/2020\/?s={search_term_string}"},"query-input":{"@type":"PropertyValueSpecification","valueRequired":true,"valueName":"search_term_string"}}],"inLanguage":"en-US"},{"@type":"Organization","@id":"https:\/\/orthodoxalbania.org\/2020\/#organization","name":"Kisha Orthodhokse Autoqefale e Shqip\u00ebris\u00eb","url":"https:\/\/orthodoxalbania.org\/2020\/","logo":{"@type":"ImageObject","inLanguage":"en-US","@id":"https:\/\/orthodoxalbania.org\/2020\/#\/schema\/logo\/image\/","url":"https:\/\/orthodoxalbania.org\/2020\/wp-content\/uploads\/2020\/05\/albania.jpeg","contentUrl":"https:\/\/orthodoxalbania.org\/2020\/wp-content\/uploads\/2020\/05\/albania.jpeg","width":540,"height":540,"caption":"Kisha Orthodhokse Autoqefale e Shqip\u00ebris\u00eb"},"image":{"@id":"https:\/\/orthodoxalbania.org\/2020\/#\/schema\/logo\/image\/"},"sameAs":["https:\/\/www.facebook.com\/koash1991"]},{"@type":"Person","@id":"https:\/\/orthodoxalbania.org\/2020\/#\/schema\/person\/0c387634a7063ac612d7ed9ce71c7e86","name":"Kisha Orthodhokse","image":{"@type":"ImageObject","inLanguage":"en-US","@id":"https:\/\/secure.gravatar.com\/avatar\/596e7c417251e30f2fbb9c00e026fce61a695a00e51c889caded71c96cbbdde5?s=96&d=mm&r=g","url":"https:\/\/secure.gravatar.com\/avatar\/596e7c417251e30f2fbb9c00e026fce61a695a00e51c889caded71c96cbbdde5?s=96&d=mm&r=g","contentUrl":"https:\/\/secure.gravatar.com\/avatar\/596e7c417251e30f2fbb9c00e026fce61a695a00e51c889caded71c96cbbdde5?s=96&d=mm&r=g","caption":"Kisha Orthodhokse"}}]}},"_links":{"self":[{"href":"https:\/\/orthodoxalbania.org\/2020\/wp-json\/wp\/v2\/posts\/445","targetHints":{"allow":["GET"]}}],"collection":[{"href":"https:\/\/orthodoxalbania.org\/2020\/wp-json\/wp\/v2\/posts"}],"about":[{"href":"https:\/\/orthodoxalbania.org\/2020\/wp-json\/wp\/v2\/types\/post"}],"author":[{"embeddable":true,"href":"https:\/\/orthodoxalbania.org\/2020\/wp-json\/wp\/v2\/users\/1"}],"replies":[{"embeddable":true,"href":"https:\/\/orthodoxalbania.org\/2020\/wp-json\/wp\/v2\/comments?post=445"}],"version-history":[{"count":1,"href":"https:\/\/orthodoxalbania.org\/2020\/wp-json\/wp\/v2\/posts\/445\/revisions"}],"predecessor-version":[{"id":15115,"href":"https:\/\/orthodoxalbania.org\/2020\/wp-json\/wp\/v2\/posts\/445\/revisions\/15115"}],"wp:featuredmedia":[{"embeddable":true,"href":"https:\/\/orthodoxalbania.org\/2020\/wp-json\/wp\/v2\/media\/446"}],"wp:attachment":[{"href":"https:\/\/orthodoxalbania.org\/2020\/wp-json\/wp\/v2\/media?parent=445"}],"wp:term":[{"taxonomy":"category","embeddable":true,"href":"https:\/\/orthodoxalbania.org\/2020\/wp-json\/wp\/v2\/categories?post=445"},{"taxonomy":"post_tag","embeddable":true,"href":"https:\/\/orthodoxalbania.org\/2020\/wp-json\/wp\/v2\/tags?post=445"}],"curies":[{"name":"wp","href":"https:\/\/api.w.org\/{rel}","templated":true}]}}