{"id":442,"date":"2013-12-24T10:26:21","date_gmt":"2013-12-24T10:26:21","guid":{"rendered":""},"modified":"2020-04-06T22:05:25","modified_gmt":"2020-04-06T20:05:25","slug":"doli-ne-qarkullim-nr-i-ri-i-gazetes-ngjallja-dhjetor-2013","status":"publish","type":"post","link":"https:\/\/orthodoxalbania.org\/2020\/2013\/12\/24\/doli-ne-qarkullim-nr-i-ri-i-gazetes-ngjallja-dhjetor-2013\/","title":{"rendered":"Doli n\u00eb qarkullim nr. i ri i gazet\u00ebs \u201cNgjallja\u201d &#8211; DHJETOR 2013."},"content":{"rendered":"<div style=\"text-align: justify;\">\n\t<span style=\"font-family:tahoma,geneva,sans-serif;\"><span style=\"font-size: 12px;\"><strong><img decoding=\"async\" class=\"lazyload HAa Eha\" src=\"data:image\/gif;base64,R0lGODlhAQABAAAAACH5BAEKAAEALAAAAAABAAEAAAICTAEAOw==\" data-orig-src=\"https:\/\/lh3.googleusercontent.com\/-VYJevHPGv64\/UrmSyY4394I\/AAAAAAAAHGE\/aZiw325rMO8\/w403-h548-no\/Gazeta+DHJETOR+2013+per+internet-page-0.jpg\" style=\"height: 408px; width: 300px; margin: 10px; float: left; border-width: 1px; border-style: solid;\" \/><span style=\"color:#000000;\">&nbsp;&nbsp;&nbsp;&nbsp; Doli n\u00eb qarkullim nr. i ri i gazet\u00ebs \u201cNgjallja\u201d &#8211; DHJETOR 2013<\/span><\/strong><\/p>\n<p>\t&nbsp;&nbsp;&nbsp;&nbsp; <span style=\"color:#000000;\"> N\u00eb k\u00ebt\u00eb num\u00ebr do t\u00eb njiheni:<\/p>\n<p>\t\u2022&nbsp;&nbsp; &nbsp;1700 vjet nga Edikti i Milanos &#8211; Liria fetare \u00ebsht\u00eb pazgjidhshm\u00ebrisht e lidhur me kthimin e vendeve t\u00eb shenjta t\u00eb kultit \u2013 nga Kryepiskopi Anastas<\/span><\/span><\/span><\/div>\n<div style=\"text-align: justify;\">\n\t<br \/>\n\t<span style=\"font-family:tahoma,geneva,sans-serif;\"><span style=\"font-size: 12px;\"><span style=\"color:#000000;\">\u2022&nbsp;&nbsp; &nbsp;Nderim p\u00ebr Kish\u00ebn ton\u00eb dhe gjith\u00eb vendin &#8211; Kryepiskopi Anastas u rizgjodh President Nderi i \u201cFet\u00eb p\u00ebr Paqen\u201d<\/span><\/span><\/span><\/div>\n<div style=\"text-align: justify;\">\n\t<br \/>\n\t<span style=\"font-family:tahoma,geneva,sans-serif;\"><span style=\"font-size: 12px;\"><span style=\"color:#000000;\">\u2022&nbsp;&nbsp; &nbsp;OBJEKTET E SEKUESTRUARA NGA DREJT\u00cbSIA DUHET T\u2019I KTHEHEN KISH\u00cbS &#8211; P\u00ebr B\u00ebrtham\u00ebn e Trash\u00ebgimis\u00eb Kulturore Ark. Rest. Gentian Stratob\u00ebrdha<\/span><\/span><\/span><\/div>\n<div style=\"text-align: justify;\">\n\t<br \/>\n\t<span style=\"font-family:tahoma,geneva,sans-serif;\"><span style=\"font-size: 12px;\"><span style=\"color:#000000;\">\u2022&nbsp;&nbsp; &nbsp;Disa nga vjedhjet e kishave orthodhokse &#8211; monument n\u00eb vite<\/span><\/span><\/span><\/div>\n<div style=\"text-align: justify;\">\n\t<br \/>\n\t<span style=\"font-family:tahoma,geneva,sans-serif;\"><span style=\"font-size: 12px;\"><span style=\"color:#000000;\">\u2022&nbsp;&nbsp; &nbsp;Me rastin e 1900 &#8211; vjetorit t\u00eb martirizimit &#8211; Hieromartiri i shenjt\u00eb, Ignat Hyjmbajt\u00ebsi \u2013 nga Arkimandrit Kozma Sovjani<\/span><\/span><\/span><\/div>\n<div style=\"text-align: justify;\">\n\t<br \/>\n\t<span style=\"font-family:tahoma,geneva,sans-serif;\"><span style=\"font-size: 12px;\"><span style=\"color:#000000;\">\u2022&nbsp;&nbsp; &nbsp;Nisma \u201cT\u00eb pastrojm\u00eb Shqip\u00ebrin\u00eb n\u00eb nj\u00eb dit\u00eb\u201d &#8211; Rinia Orthodhokse \u201cBij t\u00eb Drit\u00ebs\u201d kontribuon n\u00eb pastrimin e mjedisit \u2013 nga Joan Meni<\/span><\/span><\/span><\/div>\n<div style=\"text-align: justify;\">\n\t<br \/>\n\t<span style=\"font-family:tahoma,geneva,sans-serif;\"><span style=\"font-size: 12px;\"><span style=\"color:#000000;\">\u2022&nbsp;&nbsp; &nbsp;Dor\u00ebzimi i diplomave p\u00ebr student\u00ebt q\u00eb mbaruan sistemin trevje\u00e7ar n\u00eb Universitetin \u201cLOGOS\u201d \u2013 nga Luljeta Pjetri<\/span><\/span><\/span><\/div>\n<div style=\"text-align: justify;\">\n\t<br \/>\n\t<span style=\"font-family:tahoma,geneva,sans-serif;\"><span style=\"font-size: 12px;\"><span style=\"color:#000000;\">\u2022&nbsp;&nbsp; &nbsp;Deklarata Finale e Asambles\u00eb s\u00eb 9-t\u00eb Bot\u00ebrore t\u00eb Organizat\u00ebs \u201cFet\u00eb p\u00ebr Paqen\u201d, Vjen\u00eb, 22 n\u00ebntor 2013- T\u00eb mir\u00ebpres\u00ebsh tjetrin &#8211; Nj\u00eb vizion multifetar i Paqes<\/span><\/span><\/span><\/div>\n<div style=\"text-align: justify;\">\n\t<br \/>\n\t<span style=\"font-family:tahoma,geneva,sans-serif;\"><span style=\"font-size: 12px;\"><span style=\"color:#000000;\">\u2022&nbsp;&nbsp; &nbsp;Jet\u00eb e pasur shpirt\u00ebrore e grave t\u00eb Lidhjes Orthodhokse \u2013 nga Rajmonda Shqevi<\/span><\/span><\/span><\/div>\n<div style=\"text-align: justify;\">\n\t<br \/>\n\t<span style=\"font-family:tahoma,geneva,sans-serif;\"><span style=\"font-size: 12px;\"><span style=\"color:#000000;\">\u2022&nbsp;&nbsp; &nbsp;K\u00ebll\u00ebzi, mes lasht\u00ebsis\u00eb dhe rigjall\u00ebrimit t\u00eb adhurimit t\u00eb krishter\u00eb &#8211; Spiro Nika,arkeolog-restaurator, IMK<\/span><\/span><\/span><\/div>\n<div style=\"text-align: justify;\">\n\t<br \/>\n\t<span style=\"font-family:tahoma,geneva,sans-serif;\"><span style=\"font-size: 12px;\"><span style=\"color:#000000;\">\u2022&nbsp;&nbsp; &nbsp;Mbi p\u00ebrul\u00ebsin\u00eb, faljen dhe dashurin\u00eb p\u00ebr nj\u00ebri-tjetrin \u2013 nga Ana Meni<\/span><\/span><\/span><\/div>\n<div style=\"text-align: justify;\">\n\t<br \/>\n\t<span style=\"font-family:tahoma,geneva,sans-serif;\"><span style=\"font-size: 12px;\"><span style=\"color:#000000;\">\u2022&nbsp;&nbsp; &nbsp;Akt i r\u00ebnd\u00eb kund\u00ebr t\u00eb krishter\u00ebve orthodhoks\u00eb<\/span><\/span><\/span><\/div>\n<div style=\"text-align: justify;\">\n\t<br \/>\n\t<span style=\"font-family:tahoma,geneva,sans-serif;\"><span style=\"font-size: 12px;\"><span style=\"color:#000000;\">\u2022&nbsp;&nbsp; &nbsp;Fondacioni \u201cKlinikat Orthodhokse t\u00eb Ungjill\u00ebzimit\u201d &#8211; Klinika Okulistike dhe ORL &#8211; Sh\u00ebrbim i ri i Kirurgjis\u00eb Okulistike &#8211; Po kryhen nd\u00ebrhyrje me nivel t\u00eb lart\u00eb dhe me teknika bashk\u00ebkohore<\/span><\/span><\/span><\/div>\n<div style=\"text-align: justify;\">\n\t<br \/>\n\t<span style=\"font-family:tahoma,geneva,sans-serif;\"><span style=\"font-size: 12px;\"><span style=\"color:#000000;\">\u2022&nbsp;&nbsp; &nbsp;Ja Krishti lind \u2013 pjes\u00eb e shk\u00ebputur nga Sh\u00ebn Joan Gojarti<\/span><\/span><\/span><\/p>\n<p>\t&nbsp;<\/p><\/div>\n","protected":false},"excerpt":{"rendered":"<p>&nbsp;&nbsp;&nbsp;&nbsp; Doli n\u00eb qarkullim nr. i ri i gazet\u00ebs \u201cNgjallja\u201d &#8211; DHJETOR 2013 &nbsp;&nbsp;&nbsp;&nbsp; N\u00eb k\u00ebt\u00eb num\u00ebr do t\u00eb njiheni: \u2022&nbsp;&nbsp; &nbsp;1700 vjet nga Edikti i Milanos &#8211; Liria fetare \u00ebsht\u00eb pazgjidhshm\u00ebrisht e lidhur me kthimin e vendeve t\u00eb shenjta t\u00eb kultit \u2013 nga Kryepiskopi Anastas \u2022&nbsp;&nbsp; &nbsp;Nderim p\u00ebr Kish\u00ebn ton\u00eb dhe gjith\u00eb vendin &#8211; Kryepiskopi Anastas u rizgjodh President Nderi i \u201cFet\u00eb p\u00ebr Paqen\u201d<\/p>\n","protected":false},"author":1,"featured_media":0,"comment_status":"open","ping_status":"open","sticky":false,"template":"","format":"standard","meta":{"_acf_changed":false,"pagelayer_contact_templates":[],"_pagelayer_content":"","inline_featured_image":false,"fifu_image_url":"","fifu_image_alt":"","footnotes":""},"categories":[108],"tags":[141,161,196,212],"class_list":["post-442","post","type-post","status-publish","format-standard","hentry","category-lajme","tag-141","tag-gazeta-ngjallja","tag-tirane","tag-lajme-d27"],"acf":[],"yoast_head":"<!-- This site is optimized with the Yoast SEO plugin v27.2 - https:\/\/yoast.com\/product\/yoast-seo-wordpress\/ -->\n<title>Doli n\u00eb qarkullim nr. i ri i gazet\u00ebs \u201cNgjallja\u201d - DHJETOR 2013. - Kisha Orthodh\u03bfkse Autoqefale e Shqip\u00ebris\u00eb<\/title>\n<meta name=\"robots\" content=\"index, follow, max-snippet:-1, max-image-preview:large, max-video-preview:-1\" \/>\n<link rel=\"canonical\" href=\"https:\/\/orthodoxalbania.org\/2020\/2013\/12\/24\/doli-ne-qarkullim-nr-i-ri-i-gazetes-ngjallja-dhjetor-2013\/\" \/>\n<meta property=\"og:locale\" content=\"en_US\" \/>\n<meta property=\"og:type\" content=\"article\" \/>\n<meta property=\"og:title\" content=\"Doli n\u00eb qarkullim nr. i ri i gazet\u00ebs \u201cNgjallja\u201d - DHJETOR 2013. - Kisha Orthodh\u03bfkse Autoqefale e Shqip\u00ebris\u00eb\" \/>\n<meta property=\"og:description\" content=\"&nbsp;&nbsp;&nbsp;&nbsp; Doli n\u00eb qarkullim nr. i ri i gazet\u00ebs \u201cNgjallja\u201d &#8211; DHJETOR 2013 &nbsp;&nbsp;&nbsp;&nbsp; N\u00eb k\u00ebt\u00eb num\u00ebr do t\u00eb njiheni: \u2022&nbsp;&nbsp; &nbsp;1700 vjet nga Edikti i Milanos &#8211; Liria fetare \u00ebsht\u00eb pazgjidhshm\u00ebrisht e lidhur me kthimin e vendeve t\u00eb shenjta t\u00eb kultit \u2013 nga Kryepiskopi Anastas \u2022&nbsp;&nbsp; &nbsp;Nderim p\u00ebr Kish\u00ebn ton\u00eb dhe gjith\u00eb vendin &#8211; Kryepiskopi Anastas u rizgjodh President Nderi i \u201cFet\u00eb p\u00ebr Paqen\u201d\" \/>\n<meta property=\"og:url\" content=\"https:\/\/orthodoxalbania.org\/2020\/2013\/12\/24\/doli-ne-qarkullim-nr-i-ri-i-gazetes-ngjallja-dhjetor-2013\/\" \/>\n<meta property=\"og:site_name\" content=\"Kisha Orthodh\u03bfkse Autoqefale e Shqip\u00ebris\u00eb\" \/>\n<meta property=\"article:publisher\" content=\"https:\/\/www.facebook.com\/koash1991\" \/>\n<meta property=\"article:published_time\" content=\"2013-12-24T10:26:21+00:00\" \/>\n<meta property=\"article:modified_time\" content=\"2020-04-06T20:05:25+00:00\" \/>\n<meta property=\"og:image\" content=\"https:\/\/lh3.googleusercontent.com\/-VYJevHPGv64\/UrmSyY4394I\/AAAAAAAAHGE\/aZiw325rMO8\/w403-h548-no\/Gazeta+DHJETOR+2013+per+internet-page-0.jpg\" \/>\n<meta name=\"author\" content=\"Kisha Orthodhokse\" \/>\n<meta name=\"twitter:card\" content=\"summary_large_image\" \/>\n<meta name=\"twitter:label1\" content=\"Written by\" \/>\n\t<meta name=\"twitter:data1\" content=\"Kisha Orthodhokse\" \/>\n\t<meta name=\"twitter:label2\" content=\"Est. reading time\" \/>\n\t<meta name=\"twitter:data2\" content=\"2 minutes\" \/>\n<script type=\"application\/ld+json\" class=\"yoast-schema-graph\">{\"@context\":\"https:\/\/schema.org\",\"@graph\":[{\"@type\":\"Article\",\"@id\":\"https:\/\/orthodoxalbania.org\/2020\/2013\/12\/24\/doli-ne-qarkullim-nr-i-ri-i-gazetes-ngjallja-dhjetor-2013\/#article\",\"isPartOf\":{\"@id\":\"https:\/\/orthodoxalbania.org\/2020\/2013\/12\/24\/doli-ne-qarkullim-nr-i-ri-i-gazetes-ngjallja-dhjetor-2013\/\"},\"author\":{\"name\":\"Kisha Orthodhokse\",\"@id\":\"https:\/\/orthodoxalbania.org\/2020\/#\/schema\/person\/0c387634a7063ac612d7ed9ce71c7e86\"},\"headline\":\"Doli n\u00eb qarkullim nr. i ri i gazet\u00ebs \u201cNgjallja\u201d &#8211; DHJETOR 2013.\",\"datePublished\":\"2013-12-24T10:26:21+00:00\",\"dateModified\":\"2020-04-06T20:05:25+00:00\",\"mainEntityOfPage\":{\"@id\":\"https:\/\/orthodoxalbania.org\/2020\/2013\/12\/24\/doli-ne-qarkullim-nr-i-ri-i-gazetes-ngjallja-dhjetor-2013\/\"},\"wordCount\":355,\"commentCount\":0,\"publisher\":{\"@id\":\"https:\/\/orthodoxalbania.org\/2020\/#organization\"},\"image\":{\"@id\":\"https:\/\/orthodoxalbania.org\/2020\/2013\/12\/24\/doli-ne-qarkullim-nr-i-ri-i-gazetes-ngjallja-dhjetor-2013\/#primaryimage\"},\"thumbnailUrl\":\"https:\/\/lh3.googleusercontent.com\/-VYJevHPGv64\/UrmSyY4394I\/AAAAAAAAHGE\/aZiw325rMO8\/w403-h548-no\/Gazeta+DHJETOR+2013+per+internet-page-0.jpg\",\"keywords\":[\"2013\",\"Gazeta \\\"Ngjallja\\\"\",\"Kryepiskopata Tiran\u00eb\",\"lajme\"],\"articleSection\":[\"Lajme\"],\"inLanguage\":\"en-US\"},{\"@type\":\"WebPage\",\"@id\":\"https:\/\/orthodoxalbania.org\/2020\/2013\/12\/24\/doli-ne-qarkullim-nr-i-ri-i-gazetes-ngjallja-dhjetor-2013\/\",\"url\":\"https:\/\/orthodoxalbania.org\/2020\/2013\/12\/24\/doli-ne-qarkullim-nr-i-ri-i-gazetes-ngjallja-dhjetor-2013\/\",\"name\":\"Doli n\u00eb qarkullim nr. i ri i gazet\u00ebs \u201cNgjallja\u201d - DHJETOR 2013. - Kisha Orthodh\u03bfkse Autoqefale e Shqip\u00ebris\u00eb\",\"isPartOf\":{\"@id\":\"https:\/\/orthodoxalbania.org\/2020\/#website\"},\"primaryImageOfPage\":{\"@id\":\"https:\/\/orthodoxalbania.org\/2020\/2013\/12\/24\/doli-ne-qarkullim-nr-i-ri-i-gazetes-ngjallja-dhjetor-2013\/#primaryimage\"},\"image\":{\"@id\":\"https:\/\/orthodoxalbania.org\/2020\/2013\/12\/24\/doli-ne-qarkullim-nr-i-ri-i-gazetes-ngjallja-dhjetor-2013\/#primaryimage\"},\"thumbnailUrl\":\"https:\/\/lh3.googleusercontent.com\/-VYJevHPGv64\/UrmSyY4394I\/AAAAAAAAHGE\/aZiw325rMO8\/w403-h548-no\/Gazeta+DHJETOR+2013+per+internet-page-0.jpg\",\"datePublished\":\"2013-12-24T10:26:21+00:00\",\"dateModified\":\"2020-04-06T20:05:25+00:00\",\"breadcrumb\":{\"@id\":\"https:\/\/orthodoxalbania.org\/2020\/2013\/12\/24\/doli-ne-qarkullim-nr-i-ri-i-gazetes-ngjallja-dhjetor-2013\/#breadcrumb\"},\"inLanguage\":\"en-US\",\"potentialAction\":[{\"@type\":\"ReadAction\",\"target\":[\"https:\/\/orthodoxalbania.org\/2020\/2013\/12\/24\/doli-ne-qarkullim-nr-i-ri-i-gazetes-ngjallja-dhjetor-2013\/\"]}]},{\"@type\":\"ImageObject\",\"inLanguage\":\"en-US\",\"@id\":\"https:\/\/orthodoxalbania.org\/2020\/2013\/12\/24\/doli-ne-qarkullim-nr-i-ri-i-gazetes-ngjallja-dhjetor-2013\/#primaryimage\",\"url\":\"https:\/\/lh3.googleusercontent.com\/-VYJevHPGv64\/UrmSyY4394I\/AAAAAAAAHGE\/aZiw325rMO8\/w403-h548-no\/Gazeta+DHJETOR+2013+per+internet-page-0.jpg\",\"contentUrl\":\"https:\/\/lh3.googleusercontent.com\/-VYJevHPGv64\/UrmSyY4394I\/AAAAAAAAHGE\/aZiw325rMO8\/w403-h548-no\/Gazeta+DHJETOR+2013+per+internet-page-0.jpg\"},{\"@type\":\"BreadcrumbList\",\"@id\":\"https:\/\/orthodoxalbania.org\/2020\/2013\/12\/24\/doli-ne-qarkullim-nr-i-ri-i-gazetes-ngjallja-dhjetor-2013\/#breadcrumb\",\"itemListElement\":[{\"@type\":\"ListItem\",\"position\":1,\"name\":\"Home\",\"item\":\"https:\/\/orthodoxalbania.org\/2020\/\"},{\"@type\":\"ListItem\",\"position\":2,\"name\":\"Doli n\u00eb qarkullim nr. i ri i gazet\u00ebs \u201cNgjallja\u201d &#8211; DHJETOR 2013.\"}]},{\"@type\":\"WebSite\",\"@id\":\"https:\/\/orthodoxalbania.org\/2020\/#website\",\"url\":\"https:\/\/orthodoxalbania.org\/2020\/\",\"name\":\"Kisha Orthodh\u03bfkse Autoqefale e Shqip\u00ebris\u00eb\",\"description\":\"Fqja Zyrtare e Kish\u00ebs Orthodhokse Autoqefale e Shqip\u00ebris\u00eb me lajmet edhe informacionet zyrtare p\u00ebr struktur\u00ebn edhe veprimtarin e saj.\",\"publisher\":{\"@id\":\"https:\/\/orthodoxalbania.org\/2020\/#organization\"},\"potentialAction\":[{\"@type\":\"SearchAction\",\"target\":{\"@type\":\"EntryPoint\",\"urlTemplate\":\"https:\/\/orthodoxalbania.org\/2020\/?s={search_term_string}\"},\"query-input\":{\"@type\":\"PropertyValueSpecification\",\"valueRequired\":true,\"valueName\":\"search_term_string\"}}],\"inLanguage\":\"en-US\"},{\"@type\":\"Organization\",\"@id\":\"https:\/\/orthodoxalbania.org\/2020\/#organization\",\"name\":\"Kisha Orthodhokse Autoqefale e Shqip\u00ebris\u00eb\",\"url\":\"https:\/\/orthodoxalbania.org\/2020\/\",\"logo\":{\"@type\":\"ImageObject\",\"inLanguage\":\"en-US\",\"@id\":\"https:\/\/orthodoxalbania.org\/2020\/#\/schema\/logo\/image\/\",\"url\":\"https:\/\/orthodoxalbania.org\/2020\/wp-content\/uploads\/2020\/05\/albania.jpeg\",\"contentUrl\":\"https:\/\/orthodoxalbania.org\/2020\/wp-content\/uploads\/2020\/05\/albania.jpeg\",\"width\":540,\"height\":540,\"caption\":\"Kisha Orthodhokse Autoqefale e Shqip\u00ebris\u00eb\"},\"image\":{\"@id\":\"https:\/\/orthodoxalbania.org\/2020\/#\/schema\/logo\/image\/\"},\"sameAs\":[\"https:\/\/www.facebook.com\/koash1991\"]},{\"@type\":\"Person\",\"@id\":\"https:\/\/orthodoxalbania.org\/2020\/#\/schema\/person\/0c387634a7063ac612d7ed9ce71c7e86\",\"name\":\"Kisha Orthodhokse\",\"image\":{\"@type\":\"ImageObject\",\"inLanguage\":\"en-US\",\"@id\":\"https:\/\/secure.gravatar.com\/avatar\/596e7c417251e30f2fbb9c00e026fce61a695a00e51c889caded71c96cbbdde5?s=96&d=mm&r=g\",\"url\":\"https:\/\/secure.gravatar.com\/avatar\/596e7c417251e30f2fbb9c00e026fce61a695a00e51c889caded71c96cbbdde5?s=96&d=mm&r=g\",\"contentUrl\":\"https:\/\/secure.gravatar.com\/avatar\/596e7c417251e30f2fbb9c00e026fce61a695a00e51c889caded71c96cbbdde5?s=96&d=mm&r=g\",\"caption\":\"Kisha Orthodhokse\"}}]}<\/script>\n<!-- \/ Yoast SEO plugin. -->","yoast_head_json":{"title":"Doli n\u00eb qarkullim nr. i ri i gazet\u00ebs \u201cNgjallja\u201d - DHJETOR 2013. - Kisha Orthodh\u03bfkse Autoqefale e Shqip\u00ebris\u00eb","robots":{"index":"index","follow":"follow","max-snippet":"max-snippet:-1","max-image-preview":"max-image-preview:large","max-video-preview":"max-video-preview:-1"},"canonical":"https:\/\/orthodoxalbania.org\/2020\/2013\/12\/24\/doli-ne-qarkullim-nr-i-ri-i-gazetes-ngjallja-dhjetor-2013\/","og_locale":"en_US","og_type":"article","og_title":"Doli n\u00eb qarkullim nr. i ri i gazet\u00ebs \u201cNgjallja\u201d - DHJETOR 2013. - Kisha Orthodh\u03bfkse Autoqefale e Shqip\u00ebris\u00eb","og_description":"&nbsp;&nbsp;&nbsp;&nbsp; Doli n\u00eb qarkullim nr. i ri i gazet\u00ebs \u201cNgjallja\u201d &#8211; DHJETOR 2013 &nbsp;&nbsp;&nbsp;&nbsp; N\u00eb k\u00ebt\u00eb num\u00ebr do t\u00eb njiheni: \u2022&nbsp;&nbsp; &nbsp;1700 vjet nga Edikti i Milanos &#8211; Liria fetare \u00ebsht\u00eb pazgjidhshm\u00ebrisht e lidhur me kthimin e vendeve t\u00eb shenjta t\u00eb kultit \u2013 nga Kryepiskopi Anastas \u2022&nbsp;&nbsp; &nbsp;Nderim p\u00ebr Kish\u00ebn ton\u00eb dhe gjith\u00eb vendin &#8211; Kryepiskopi Anastas u rizgjodh President Nderi i \u201cFet\u00eb p\u00ebr Paqen\u201d","og_url":"https:\/\/orthodoxalbania.org\/2020\/2013\/12\/24\/doli-ne-qarkullim-nr-i-ri-i-gazetes-ngjallja-dhjetor-2013\/","og_site_name":"Kisha Orthodh\u03bfkse Autoqefale e Shqip\u00ebris\u00eb","article_publisher":"https:\/\/www.facebook.com\/koash1991","article_published_time":"2013-12-24T10:26:21+00:00","article_modified_time":"2020-04-06T20:05:25+00:00","og_image":[{"url":"https:\/\/lh3.googleusercontent.com\/-VYJevHPGv64\/UrmSyY4394I\/AAAAAAAAHGE\/aZiw325rMO8\/w403-h548-no\/Gazeta+DHJETOR+2013+per+internet-page-0.jpg","type":"","width":"","height":""}],"author":"Kisha Orthodhokse","twitter_card":"summary_large_image","twitter_misc":{"Written by":"Kisha Orthodhokse","Est. reading time":"2 minutes"},"schema":{"@context":"https:\/\/schema.org","@graph":[{"@type":"Article","@id":"https:\/\/orthodoxalbania.org\/2020\/2013\/12\/24\/doli-ne-qarkullim-nr-i-ri-i-gazetes-ngjallja-dhjetor-2013\/#article","isPartOf":{"@id":"https:\/\/orthodoxalbania.org\/2020\/2013\/12\/24\/doli-ne-qarkullim-nr-i-ri-i-gazetes-ngjallja-dhjetor-2013\/"},"author":{"name":"Kisha Orthodhokse","@id":"https:\/\/orthodoxalbania.org\/2020\/#\/schema\/person\/0c387634a7063ac612d7ed9ce71c7e86"},"headline":"Doli n\u00eb qarkullim nr. i ri i gazet\u00ebs \u201cNgjallja\u201d &#8211; DHJETOR 2013.","datePublished":"2013-12-24T10:26:21+00:00","dateModified":"2020-04-06T20:05:25+00:00","mainEntityOfPage":{"@id":"https:\/\/orthodoxalbania.org\/2020\/2013\/12\/24\/doli-ne-qarkullim-nr-i-ri-i-gazetes-ngjallja-dhjetor-2013\/"},"wordCount":355,"commentCount":0,"publisher":{"@id":"https:\/\/orthodoxalbania.org\/2020\/#organization"},"image":{"@id":"https:\/\/orthodoxalbania.org\/2020\/2013\/12\/24\/doli-ne-qarkullim-nr-i-ri-i-gazetes-ngjallja-dhjetor-2013\/#primaryimage"},"thumbnailUrl":"https:\/\/lh3.googleusercontent.com\/-VYJevHPGv64\/UrmSyY4394I\/AAAAAAAAHGE\/aZiw325rMO8\/w403-h548-no\/Gazeta+DHJETOR+2013+per+internet-page-0.jpg","keywords":["2013","Gazeta \"Ngjallja\"","Kryepiskopata Tiran\u00eb","lajme"],"articleSection":["Lajme"],"inLanguage":"en-US"},{"@type":"WebPage","@id":"https:\/\/orthodoxalbania.org\/2020\/2013\/12\/24\/doli-ne-qarkullim-nr-i-ri-i-gazetes-ngjallja-dhjetor-2013\/","url":"https:\/\/orthodoxalbania.org\/2020\/2013\/12\/24\/doli-ne-qarkullim-nr-i-ri-i-gazetes-ngjallja-dhjetor-2013\/","name":"Doli n\u00eb qarkullim nr. i ri i gazet\u00ebs \u201cNgjallja\u201d - DHJETOR 2013. - Kisha Orthodh\u03bfkse Autoqefale e Shqip\u00ebris\u00eb","isPartOf":{"@id":"https:\/\/orthodoxalbania.org\/2020\/#website"},"primaryImageOfPage":{"@id":"https:\/\/orthodoxalbania.org\/2020\/2013\/12\/24\/doli-ne-qarkullim-nr-i-ri-i-gazetes-ngjallja-dhjetor-2013\/#primaryimage"},"image":{"@id":"https:\/\/orthodoxalbania.org\/2020\/2013\/12\/24\/doli-ne-qarkullim-nr-i-ri-i-gazetes-ngjallja-dhjetor-2013\/#primaryimage"},"thumbnailUrl":"https:\/\/lh3.googleusercontent.com\/-VYJevHPGv64\/UrmSyY4394I\/AAAAAAAAHGE\/aZiw325rMO8\/w403-h548-no\/Gazeta+DHJETOR+2013+per+internet-page-0.jpg","datePublished":"2013-12-24T10:26:21+00:00","dateModified":"2020-04-06T20:05:25+00:00","breadcrumb":{"@id":"https:\/\/orthodoxalbania.org\/2020\/2013\/12\/24\/doli-ne-qarkullim-nr-i-ri-i-gazetes-ngjallja-dhjetor-2013\/#breadcrumb"},"inLanguage":"en-US","potentialAction":[{"@type":"ReadAction","target":["https:\/\/orthodoxalbania.org\/2020\/2013\/12\/24\/doli-ne-qarkullim-nr-i-ri-i-gazetes-ngjallja-dhjetor-2013\/"]}]},{"@type":"ImageObject","inLanguage":"en-US","@id":"https:\/\/orthodoxalbania.org\/2020\/2013\/12\/24\/doli-ne-qarkullim-nr-i-ri-i-gazetes-ngjallja-dhjetor-2013\/#primaryimage","url":"https:\/\/lh3.googleusercontent.com\/-VYJevHPGv64\/UrmSyY4394I\/AAAAAAAAHGE\/aZiw325rMO8\/w403-h548-no\/Gazeta+DHJETOR+2013+per+internet-page-0.jpg","contentUrl":"https:\/\/lh3.googleusercontent.com\/-VYJevHPGv64\/UrmSyY4394I\/AAAAAAAAHGE\/aZiw325rMO8\/w403-h548-no\/Gazeta+DHJETOR+2013+per+internet-page-0.jpg"},{"@type":"BreadcrumbList","@id":"https:\/\/orthodoxalbania.org\/2020\/2013\/12\/24\/doli-ne-qarkullim-nr-i-ri-i-gazetes-ngjallja-dhjetor-2013\/#breadcrumb","itemListElement":[{"@type":"ListItem","position":1,"name":"Home","item":"https:\/\/orthodoxalbania.org\/2020\/"},{"@type":"ListItem","position":2,"name":"Doli n\u00eb qarkullim nr. i ri i gazet\u00ebs \u201cNgjallja\u201d &#8211; DHJETOR 2013."}]},{"@type":"WebSite","@id":"https:\/\/orthodoxalbania.org\/2020\/#website","url":"https:\/\/orthodoxalbania.org\/2020\/","name":"Kisha Orthodh\u03bfkse Autoqefale e Shqip\u00ebris\u00eb","description":"Fqja Zyrtare e Kish\u00ebs Orthodhokse Autoqefale e Shqip\u00ebris\u00eb me lajmet edhe informacionet zyrtare p\u00ebr struktur\u00ebn edhe veprimtarin e saj.","publisher":{"@id":"https:\/\/orthodoxalbania.org\/2020\/#organization"},"potentialAction":[{"@type":"SearchAction","target":{"@type":"EntryPoint","urlTemplate":"https:\/\/orthodoxalbania.org\/2020\/?s={search_term_string}"},"query-input":{"@type":"PropertyValueSpecification","valueRequired":true,"valueName":"search_term_string"}}],"inLanguage":"en-US"},{"@type":"Organization","@id":"https:\/\/orthodoxalbania.org\/2020\/#organization","name":"Kisha Orthodhokse Autoqefale e Shqip\u00ebris\u00eb","url":"https:\/\/orthodoxalbania.org\/2020\/","logo":{"@type":"ImageObject","inLanguage":"en-US","@id":"https:\/\/orthodoxalbania.org\/2020\/#\/schema\/logo\/image\/","url":"https:\/\/orthodoxalbania.org\/2020\/wp-content\/uploads\/2020\/05\/albania.jpeg","contentUrl":"https:\/\/orthodoxalbania.org\/2020\/wp-content\/uploads\/2020\/05\/albania.jpeg","width":540,"height":540,"caption":"Kisha Orthodhokse Autoqefale e Shqip\u00ebris\u00eb"},"image":{"@id":"https:\/\/orthodoxalbania.org\/2020\/#\/schema\/logo\/image\/"},"sameAs":["https:\/\/www.facebook.com\/koash1991"]},{"@type":"Person","@id":"https:\/\/orthodoxalbania.org\/2020\/#\/schema\/person\/0c387634a7063ac612d7ed9ce71c7e86","name":"Kisha Orthodhokse","image":{"@type":"ImageObject","inLanguage":"en-US","@id":"https:\/\/secure.gravatar.com\/avatar\/596e7c417251e30f2fbb9c00e026fce61a695a00e51c889caded71c96cbbdde5?s=96&d=mm&r=g","url":"https:\/\/secure.gravatar.com\/avatar\/596e7c417251e30f2fbb9c00e026fce61a695a00e51c889caded71c96cbbdde5?s=96&d=mm&r=g","contentUrl":"https:\/\/secure.gravatar.com\/avatar\/596e7c417251e30f2fbb9c00e026fce61a695a00e51c889caded71c96cbbdde5?s=96&d=mm&r=g","caption":"Kisha Orthodhokse"}}]}},"_links":{"self":[{"href":"https:\/\/orthodoxalbania.org\/2020\/wp-json\/wp\/v2\/posts\/442","targetHints":{"allow":["GET"]}}],"collection":[{"href":"https:\/\/orthodoxalbania.org\/2020\/wp-json\/wp\/v2\/posts"}],"about":[{"href":"https:\/\/orthodoxalbania.org\/2020\/wp-json\/wp\/v2\/types\/post"}],"author":[{"embeddable":true,"href":"https:\/\/orthodoxalbania.org\/2020\/wp-json\/wp\/v2\/users\/1"}],"replies":[{"embeddable":true,"href":"https:\/\/orthodoxalbania.org\/2020\/wp-json\/wp\/v2\/comments?post=442"}],"version-history":[{"count":1,"href":"https:\/\/orthodoxalbania.org\/2020\/wp-json\/wp\/v2\/posts\/442\/revisions"}],"predecessor-version":[{"id":15142,"href":"https:\/\/orthodoxalbania.org\/2020\/wp-json\/wp\/v2\/posts\/442\/revisions\/15142"}],"wp:attachment":[{"href":"https:\/\/orthodoxalbania.org\/2020\/wp-json\/wp\/v2\/media?parent=442"}],"wp:term":[{"taxonomy":"category","embeddable":true,"href":"https:\/\/orthodoxalbania.org\/2020\/wp-json\/wp\/v2\/categories?post=442"},{"taxonomy":"post_tag","embeddable":true,"href":"https:\/\/orthodoxalbania.org\/2020\/wp-json\/wp\/v2\/tags?post=442"}],"curies":[{"name":"wp","href":"https:\/\/api.w.org\/{rel}","templated":true}]}}