{"id":441,"date":"2013-11-25T00:03:19","date_gmt":"2013-11-25T00:03:19","guid":{"rendered":""},"modified":"2020-04-06T22:05:27","modified_gmt":"2020-04-06T20:05:27","slug":"doli-ne-qarkullim-libri-pjese-te-zgjedhura-nga-kryeveprat-e-shen-joan-gojartit","status":"publish","type":"post","link":"https:\/\/orthodoxalbania.org\/2020\/2013\/11\/25\/doli-ne-qarkullim-libri-pjese-te-zgjedhura-nga-kryeveprat-e-shen-joan-gojartit\/","title":{"rendered":"Doli n\u00eb qarkullim libri \u201cPjes\u00eb t\u00eb zgjedhura nga kryeveprat e Sh\u00ebn Joan Gojartit\u201d. (N\u00ebntor 2013)"},"content":{"rendered":"<div style=\"text-align: justify;\">\n\t<span style=\"font-family:tahoma,geneva,sans-serif;\"><span style=\"font-size: 12px;\"><img decoding=\"async\" alt=\"Photo\" class=\"lazyload Bea VLb\" src=\"data:image\/gif;base64,R0lGODlhAQABAAAAACH5BAEKAAEALAAAAAABAAEAAAICTAEAOw==\" data-orig-src=\"https:\/\/lh3.googleusercontent.com\/k1a0FeBX7qjHCAcqaLHk1sfCoz-rLakaVIM8IlV0hCU=w142-h207-p-no\" style=\"width: 206px; height: 300px; margin: 10px; border-width: 1px; border-style: solid; float: left;\" \/>&nbsp;&nbsp; <\/span><\/span><\/div>\n<div style=\"text-align: justify;\">\n\t<span style=\"font-family:tahoma,geneva,sans-serif;\"><span style=\"font-size: 12px;\">&nbsp;&nbsp;&nbsp;<span style=\"color: rgb(0, 0, 0);\"> Doli n\u00eb qarkullim botimi m\u00eb i ri i Kish\u00ebs son\u00eb<\/span> <span style=\"color: rgb(128, 0, 0);\"><em>\u201cPjes\u00eb t\u00eb zgjedhura nga kryeveprat e Sh\u00ebn Joan Gojartit\u201d<\/em><\/span><span style=\"color: rgb(0, 0, 0);\">, shqip\u00ebruar nga prof. S. Papahristo, p\u00ebrgatitur p\u00ebr shtyp nga z. Gaqo Bushaka.<\/span><\/span><\/span><\/div>\n<div style=\"text-align: justify;\">\n\t&nbsp;<\/div>\n<div style=\"text-align: justify;\">\n\t<span style=\"font-family:tahoma,geneva,sans-serif;\"><span style=\"font-size: 12px;\"><span style=\"color: rgb(0, 0, 0);\">&nbsp;&nbsp;&nbsp; Sh\u00ebn Joan Gojarti, ky hierark i madh i Kish\u00ebs son\u00eb (shek. IV), \u201c\u00ebsht\u00eb nga ata yjet e m\u00ebdhenj q\u00eb shk\u00eblqejn\u00eb pa pushim n\u00eb qiellin shpirt\u00ebror e q\u00eb l\u00ebshojn\u00eb nj\u00eb shk\u00eblqim e nj\u00eb drit\u00eb aq t\u00eb fort\u00eb, sa kjo t\u00eb mund\u00eb t\u00eb arrij\u00eb dhe gjer n\u00eb koh\u00ebt m\u00eb t\u00eb larg\u00ebta, duke thyer e d\u00ebrrmuar pengesat e koh\u00ebs s\u00eb t\u00ebr\u00ebfuqishme dhe duke \u00e7ar\u00eb me triumf mjegull\u00ebn e dendur q\u00eb l\u00ebshojn\u00eb smira e lig\u00ebsit\u00eb e tjera\u2026 Shtat\u00ebmb\u00ebdhjet\u00eb shekuj kan\u00eb shkuar q\u00eb kur u shfaq Gojarti n\u00eb k\u00ebt\u00eb bot\u00eb. Shtat\u00ebmb\u00ebdhjet\u00eb shekuj! Megjith\u00ebk\u00ebt\u00eb, fjal\u00ebt e tij q\u00eb elektrizonin dikur shpres\u00ebtar\u00ebt e Antiokis\u00eb dhe t\u00eb Konstandinopoj\u00ebs, vazhdojn\u00eb t\u00eb jen\u00eb t\u00eb fresk\u00ebta edhe sot e k\u00ebsaj dite dhe tingulli i tyre ka arritur gjer sot po me at\u00eb fuqi q\u00eb kishte n\u00eb koh\u00ebn kur dilte nga goja e oratorit t\u00eb madh\u2026\u201d.<\/span><\/span><\/span><\/div>\n<div style=\"text-align: justify;\">\n\t&nbsp;<\/div>\n<div style=\"text-align: justify;\">\n\t<span style=\"font-family:tahoma,geneva,sans-serif;\"><span style=\"font-size: 12px;\"><span style=\"color: rgb(0, 0, 0);\">&nbsp;&nbsp;&nbsp; Pjes\u00ebt e p\u00ebrzgjedhura nga predikime t\u00eb Sh\u00ebn Joan Gojartit, q\u00eb paraqiten n\u00eb k\u00ebt\u00eb botim, me nj\u00eb gjuh\u00eb t\u00eb thjesht\u00eb dhe shkurt, synojn\u00eb nj\u00eb nd\u00ebrtim shpirt\u00ebror, moral dhe social-edukues. Libri gjendet n\u00eb t\u00eb gjitha enorit\u00eb e Kish\u00ebs son\u00eb.<\/span><\/span><\/span><\/div>\n<div style=\"text-align: justify;\">\n\t&nbsp;<\/div>\n<div style=\"text-align: justify;\">\n\t<span style=\"font-family:tahoma,geneva,sans-serif;\"><span style=\"font-size: 12px;\"><span style=\"color: rgb(0, 0, 0);\">&nbsp;&nbsp; <\/span><\/span><\/span><\/div>\n<div style=\"text-align: justify;\">\n\t&nbsp;<\/div>\n<div style=\"text-align: justify;\">\n\t&nbsp;<\/div>\n<div style=\"text-align: justify;\">\n\t&nbsp;<\/div>\n<div style=\"text-align: justify;\">\n\t<span style=\"color:#b22222;\"><strong><span style=\"font-family: tahoma,geneva,sans-serif;\"><span style=\"font-size: 12px;\">&nbsp;&nbsp;&nbsp;&nbsp;&nbsp; Libri p\u00ebrmban:<\/span><\/span><\/strong><\/span><\/div>\n<div style=\"text-align: justify;\">\n\t&nbsp;<\/div>\n<div style=\"text-align: justify;\">\n\t<span style=\"font-family:tahoma,geneva,sans-serif;\"><span style=\"font-size: 12px;\"><span style=\"color: rgb(0, 0, 0);\">&nbsp;&nbsp;&nbsp; \u00b7 Jet\u00ebn dhe vepr\u00ebn e tij<\/span><\/span><\/span><\/div>\n<div style=\"text-align: justify;\">\n\t&nbsp;<\/div>\n<div style=\"text-align: justify;\">\n\t<span style=\"font-family:tahoma,geneva,sans-serif;\"><span style=\"font-size: 12px;\"><span style=\"color: rgb(0, 0, 0);\">&nbsp;&nbsp;&nbsp; \u00b7 P\u00ebr zem\u00ebrimin<\/span><\/span><\/span><\/div>\n<div style=\"text-align: justify;\">\n\t&nbsp;<\/div>\n<div style=\"text-align: justify;\">\n\t<span style=\"font-family:tahoma,geneva,sans-serif;\"><span style=\"font-size: 12px;\"><span style=\"color: rgb(0, 0, 0);\">&nbsp;&nbsp;&nbsp; \u00b7 Kund\u00ebr t\u00eb b\u00ebrtiturave <em>Zonjat dhe sh\u00ebrb\u00ebtoret<\/em><\/span><\/span><\/span><\/div>\n<div style=\"text-align: justify;\">\n\t&nbsp;<\/div>\n<div style=\"text-align: justify;\">\n\t<span style=\"font-family:tahoma,geneva,sans-serif;\"><span style=\"font-size: 12px;\"><span style=\"color: rgb(0, 0, 0);\">&nbsp;&nbsp;&nbsp; \u00b7 Kreshma e v\u00ebrtet\u00eb<\/span><\/span><\/span><\/div>\n<div style=\"text-align: justify;\">\n\t&nbsp;<\/div>\n<div style=\"text-align: justify;\">\n\t<span style=\"font-family:tahoma,geneva,sans-serif;\"><span style=\"font-size: 12px;\"><span style=\"color: rgb(0, 0, 0);\">&nbsp;&nbsp;&nbsp; \u00b7 Influenca e gruas mbi burrin e saj<\/span><\/span><\/span><\/div>\n<div style=\"text-align: justify;\">\n\t&nbsp;<\/div>\n<div style=\"text-align: justify;\">\n\t<span style=\"font-family:tahoma,geneva,sans-serif;\"><span style=\"font-size: 12px;\"><span style=\"color: rgb(0, 0, 0);\">&nbsp;&nbsp;&nbsp; \u00b7 Stolia e gruas dhe luksi<\/span><\/span><\/span><\/div>\n<div style=\"text-align: justify;\">\n\t&nbsp;<\/div>\n<div style=\"text-align: justify;\">\n\t<span style=\"font-family:tahoma,geneva,sans-serif;\"><span style=\"font-size: 12px;\"><span style=\"color: rgb(0, 0, 0);\">&nbsp;&nbsp;&nbsp; \u00b7 Zakoni i betimeve<\/span><\/span><\/span><\/div>\n<div style=\"text-align: justify;\">\n\t&nbsp;<\/div>\n<div style=\"text-align: justify;\">\n\t<span style=\"font-family:tahoma,geneva,sans-serif;\"><span style=\"font-size: 12px;\"><span style=\"color: rgb(0, 0, 0);\">&nbsp;&nbsp;&nbsp; \u00b7 P\u00ebr t\u00eb martuarit rishtas<\/span><\/span><\/span><\/div>\n<div style=\"text-align: justify;\">\n\t&nbsp;<\/div>\n<div style=\"text-align: justify;\">\n\t<span style=\"font-family:tahoma,geneva,sans-serif;\"><span style=\"font-size: 12px;\"><span style=\"color: rgb(0, 0, 0);\">&nbsp;&nbsp;&nbsp; \u00b7 Dor\u00ebshtr\u00ebnguari dhe i pasuri i v\u00ebrtet\u00eb<\/span><\/span><\/span><\/div>\n<div style=\"text-align: justify;\">\n\t&nbsp;<\/div>\n<div style=\"text-align: justify;\">\n\t<span style=\"font-family:tahoma,geneva,sans-serif;\"><span style=\"font-size: 12px;\"><span style=\"color: rgb(0, 0, 0);\">&nbsp;&nbsp;&nbsp; \u00b7 Madh\u00ebshtia e Krijuesit<\/span><\/span><\/span><\/div>\n<div style=\"text-align: justify;\">\n\t&nbsp;<\/div>\n<div style=\"text-align: justify;\">\n\t<span style=\"font-family:tahoma,geneva,sans-serif;\"><span style=\"font-size: 12px;\"><span style=\"color: rgb(0, 0, 0);\">&nbsp;&nbsp;&nbsp; \u00b7 Kisha triumfuese<\/span><\/span><\/span><\/div>\n<div style=\"text-align: justify;\">\n\t&nbsp;<\/div>\n<div style=\"text-align: justify;\">\n\t<span style=\"font-family:tahoma,geneva,sans-serif;\"><span style=\"font-size: 12px;\"><span style=\"color: rgb(0, 0, 0);\">&nbsp;&nbsp;&nbsp; \u00b7 Rritja dhe edukimi i f\u00ebmij\u00ebve<\/span><\/span><\/span><\/div>\n<div style=\"text-align: justify;\">\n\t&nbsp;<\/div>\n<div style=\"text-align: justify;\">\n\t<span style=\"font-family:tahoma,geneva,sans-serif;\"><span style=\"font-size: 12px;\"><span style=\"color: rgb(0, 0, 0);\">&nbsp;&nbsp;&nbsp; \u00b7 P\u00ebrs\u00ebri p\u00ebr t\u00eb pasurit dhe p\u00ebr pasurin\u00eb<\/span><\/span><\/span><\/div>\n<div style=\"text-align: justify;\">\n\t&nbsp;<\/div>\n<div style=\"text-align: justify;\">\n\t<span style=\"font-family:tahoma,geneva,sans-serif;\"><span style=\"font-size: 12px;\"><span style=\"color: rgb(0, 0, 0);\">&nbsp;&nbsp;&nbsp; \u00b7 T\u00eb pajtohesh me armikun shpejt e pa vones\u00eb<\/span><\/span><\/span><\/div>\n<div style=\"text-align: justify;\">\n\t&nbsp;<\/div>\n<div style=\"text-align: justify;\">\n\t<span style=\"font-family:tahoma,geneva,sans-serif;\"><span style=\"font-size: 12px;\"><span style=\"color: rgb(0, 0, 0);\">&nbsp;&nbsp;&nbsp; \u00b7 Vlera dhe fuqia e epsheve (volupteteve)<\/span><\/span><\/span><\/div>\n<div style=\"text-align: justify;\">\n\t&nbsp;<\/div>\n<div style=\"text-align: justify;\">\n\t<span style=\"font-family:tahoma,geneva,sans-serif;\"><span style=\"font-size: 12px;\"><span style=\"color: rgb(0, 0, 0);\">&nbsp;&nbsp;&nbsp; \u00b7 Si t\u00eb sillemi me ata q\u00eb m\u00ebkatojn\u00eb<\/span><\/span><\/span><\/div>\n<div style=\"text-align: justify;\">\n\t&nbsp;<\/div>\n<div style=\"text-align: justify;\">\n\t<span style=\"font-family:tahoma,geneva,sans-serif;\"><span style=\"font-size: 12px;\"><span style=\"color: rgb(0, 0, 0);\">&nbsp;&nbsp;&nbsp; \u00b7 Per\u00ebndia dhe mendja jon\u00eb<\/span><\/span><\/span><\/div>\n<div style=\"text-align: justify;\">\n\t&nbsp;<\/div>\n<div style=\"text-align: justify;\">\n\t<span style=\"font-family:tahoma,geneva,sans-serif;\"><span style=\"font-size: 12px;\"><span style=\"color: rgb(0, 0, 0);\">&nbsp;&nbsp;&nbsp; \u00b7 Gruaja dhe Per\u00ebndia<\/span><\/span><\/span><\/div>\n<div style=\"text-align: justify;\">\n\t&nbsp;<\/div>\n<div style=\"text-align: justify;\">\n\t<span style=\"font-family:tahoma,geneva,sans-serif;\"><span style=\"font-size: 12px;\"><span style=\"color: rgb(0, 0, 0);\">&nbsp;&nbsp;&nbsp; \u00b7 Prind\u00ebrit m\u00eb t\u00eb ligj se f\u00ebmij\u00ebvras\u00ebsit<\/span><\/span><\/span><\/div>\n<div style=\"text-align: justify;\">\n\t&nbsp;<\/div>\n<div style=\"text-align: justify;\">\n\t<span style=\"font-family:tahoma,geneva,sans-serif;\"><span style=\"font-size: 12px;\"><span style=\"color: rgb(0, 0, 0);\">&nbsp;&nbsp;&nbsp; \u00b7 M\u00ebsimet e prind\u00ebrve dhe f\u00ebmij\u00ebt<\/span><\/span><\/span><\/div>\n<div style=\"text-align: justify;\">\n\t&nbsp;<\/div>\n<div style=\"text-align: justify;\">\n\t<span style=\"font-family:tahoma,geneva,sans-serif;\"><span style=\"font-size: 12px;\"><span style=\"color: rgb(0, 0, 0);\">&nbsp;&nbsp;&nbsp; \u00b7 Nx\u00ebn\u00ebsit e v\u00ebrtet\u00eb t\u00eb Krishtit<\/span><\/span><\/span><\/div>\n<div style=\"text-align: justify;\">\n\t&nbsp;<\/div>\n<div style=\"text-align: justify;\">\n\t<span style=\"font-family:tahoma,geneva,sans-serif;\"><span style=\"font-size: 12px;\"><span style=\"color: rgb(0, 0, 0);\">&nbsp;&nbsp;&nbsp; \u00b7 Triumfi i Krishterimit<\/span><\/span><\/span><\/div>\n<div style=\"text-align: justify;\">\n\t&nbsp;<\/div>\n<div style=\"text-align: justify;\">\n\t<span style=\"font-family:tahoma,geneva,sans-serif;\"><span style=\"font-size: 12px;\"><span style=\"color: rgb(0, 0, 0);\">&nbsp;&nbsp;&nbsp; \u00b7 Fuqia e fjal\u00ebs dhe e k\u00ebshill\u00ebs<\/span><\/span><\/span><\/div>\n<div style=\"text-align: justify;\">\n\t&nbsp;<\/div>\n<div style=\"text-align: justify;\">\n\t<span style=\"font-family:tahoma,geneva,sans-serif;\"><span style=\"font-size: 12px;\"><span style=\"color: rgb(0, 0, 0);\">&nbsp;&nbsp;&nbsp; \u00b7 T\u00eb b\u00ebhemi vet\u00eb gjykat\u00ebs dhe ligjv\u00ebn\u00ebs<\/span><\/span><\/span><\/div>\n<div style=\"text-align: justify;\">\n\t&nbsp;<\/div>\n<div style=\"text-align: justify;\">\n\t<span style=\"font-family:tahoma,geneva,sans-serif;\"><span style=\"font-size: 12px;\"><span style=\"color: rgb(0, 0, 0);\">&nbsp;&nbsp;&nbsp; \u00b7 Shembulli dhe modeli i p\u00ebrul\u00ebsis\u00eb<\/span><\/span><\/span><\/div>\n<div style=\"text-align: justify;\">\n\t&nbsp;<\/div>\n<div style=\"text-align: justify;\">\n\t<span style=\"font-family:tahoma,geneva,sans-serif;\"><span style=\"font-size: 12px;\"><span style=\"color: rgb(0, 0, 0);\">&nbsp;&nbsp;&nbsp; \u00b7 Fuqia e fjal\u00ebs dhe e k\u00ebshill\u00ebs <em>Pjesa e II-t\u00eb <\/em><\/span><\/span><\/span><\/div>\n<div style=\"text-align: justify;\">\n\t&nbsp;<\/div>\n<div style=\"text-align: justify;\">\n\t<span style=\"font-family:tahoma,geneva,sans-serif;\"><span style=\"font-size: 12px;\"><span style=\"color: rgb(0, 0, 0);\">&nbsp;&nbsp;&nbsp; \u00b7 Durimi i vdekjes<\/span><\/span><\/span><\/div>\n<div style=\"text-align: justify;\">\n\t&nbsp;<\/div>\n<div style=\"text-align: justify;\">\n\t<span style=\"font-family:tahoma,geneva,sans-serif;\"><span style=\"font-size: 12px;\"><span style=\"color: rgb(0, 0, 0);\">&nbsp;&nbsp;&nbsp; \u00b7 Pse jan\u00eb t\u00eb dobishme hidh\u00ebrimet<\/span><\/span><\/span><\/div>\n<div style=\"text-align: justify;\">\n\t&nbsp;<\/div>\n<div style=\"text-align: justify;\">\n\t<span style=\"font-family:tahoma,geneva,sans-serif;\"><span style=\"font-size: 12px;\"><span style=\"color: rgb(0, 0, 0);\">&nbsp;&nbsp;&nbsp; \u00b7 Edhe t\u00eb rinjt\u00eb, edhe pleqt\u00eb<\/span><\/span><\/span><\/div>\n<div style=\"text-align: justify;\">\n\t&nbsp;<\/div>\n<div style=\"text-align: justify;\">\n\t<span style=\"font-family:tahoma,geneva,sans-serif;\"><span style=\"font-size: 12px;\"><span style=\"color: rgb(0, 0, 0);\">&nbsp;&nbsp;&nbsp; \u00b7 Kur do t\u00eb vij\u00eb drita<\/span><\/span><\/span><\/div>\n<div style=\"text-align: justify;\">\n\t&nbsp;<\/div>\n<div style=\"text-align: justify;\">\n\t<span style=\"font-family:tahoma,geneva,sans-serif;\"><span style=\"font-size: 12px;\"><span style=\"color: rgb(0, 0, 0);\">&nbsp;&nbsp;&nbsp; \u00b7 Puna nuk \u00ebsht\u00eb ndalim p\u00ebr virtytin<\/span><\/span><\/span><\/div>\n<div style=\"text-align: justify;\">\n\t&nbsp;<\/div>\n<div style=\"text-align: justify;\">\n\t<span style=\"font-family:tahoma,geneva,sans-serif;\"><span style=\"font-size: 12px;\"><span style=\"color: rgb(0, 0, 0);\">&nbsp;&nbsp;&nbsp; \u00b7 Bashk\u00ebpunimi midis nd\u00ebrgjegjes dhe vullnetit<\/span><\/span><\/span><\/div>\n<div style=\"text-align: justify;\">\n\t&nbsp;<\/div>\n<div style=\"text-align: justify;\">\n\t<span style=\"font-family:tahoma,geneva,sans-serif;\"><span style=\"font-size: 12px;\"><span style=\"color: rgb(0, 0, 0);\">&nbsp;&nbsp;&nbsp; \u00b7 Gjithnj\u00eb i mir\u00eb<\/span><\/span><\/span><\/div>\n<div style=\"text-align: justify;\">\n\t&nbsp;<\/div>\n<div style=\"text-align: justify;\">\n\t<span style=\"font-family:tahoma,geneva,sans-serif;\"><span style=\"font-size: 12px;\"><span style=\"color: rgb(0, 0, 0);\">&nbsp;&nbsp;&nbsp; \u00b7 P\u00ebrpjekje nga ana juaj<\/span><\/span><\/span><\/div>\n<div style=\"text-align: justify;\">\n\t&nbsp;<\/div>\n<div style=\"text-align: justify;\">\n\t<span style=\"font-family:tahoma,geneva,sans-serif;\"><span style=\"font-size: 12px;\"><span style=\"color: rgb(0, 0, 0);\">&nbsp;&nbsp;&nbsp; \u00b7 N\u00ebn mbrojtjen e Per\u00ebndis\u00eb<\/span><\/span><\/span><\/div>\n<div style=\"text-align: justify;\">\n\t&nbsp;<\/div>\n<div style=\"text-align: justify;\">\n\t<span style=\"font-family:tahoma,geneva,sans-serif;\"><span style=\"font-size: 12px;\"><span style=\"color: rgb(0, 0, 0);\">&nbsp;&nbsp;&nbsp; \u00b7 Harroje t\u00eb keqen dhe pajtohu me armikun<\/span><\/span><\/span><\/div>\n<div style=\"text-align: justify;\">\n\t&nbsp;<\/div>\n<div style=\"text-align: justify;\">\n\t<span style=\"font-family:tahoma,geneva,sans-serif;\"><span style=\"font-size: 12px;\"><span style=\"color: rgb(0, 0, 0);\">&nbsp;&nbsp;&nbsp; \u00b7 Sa vuan ai q\u00eb nuk harron t\u00eb keqen<\/span><\/span><\/span><\/div>\n<div style=\"text-align: justify;\">\n\t&nbsp;<\/div>\n<div style=\"text-align: justify;\">\n\t<span style=\"font-family:tahoma,geneva,sans-serif;\"><span style=\"font-size: 12px;\"><span style=\"color: rgb(0, 0, 0);\">&nbsp;&nbsp;&nbsp; \u00b7 Sasia dhe cil\u00ebsia<\/span><\/span><\/span><\/div>\n<div style=\"text-align: justify;\">\n\t&nbsp;<\/div>\n<div style=\"text-align: justify;\">\n\t<span style=\"font-family:tahoma,geneva,sans-serif;\"><span style=\"font-size: 12px;\"><span style=\"color: rgb(0, 0, 0);\">&nbsp;&nbsp;&nbsp; \u00b7 Fytyra dhe shpirti<\/span><\/span><\/span><\/div>\n<div style=\"text-align: justify;\">\n\t&nbsp;<\/div>\n<div style=\"text-align: justify;\">\n\t<span style=\"font-family:tahoma,geneva,sans-serif;\"><span style=\"font-size: 12px;\"><span style=\"color: rgb(0, 0, 0);\">&nbsp;&nbsp;&nbsp; \u00b7 G\u00ebzimi i v\u00ebrtet\u00eb<\/span><\/span><\/span><\/div>\n<div style=\"text-align: justify;\">\n\t&nbsp;<\/div>\n<div style=\"text-align: justify;\">\n\t<span style=\"font-family:tahoma,geneva,sans-serif;\"><span style=\"font-size: 12px;\"><span style=\"color: rgb(0, 0, 0);\">&nbsp;&nbsp;&nbsp; \u00b7 Shk\u00eblqimi i Krishtlindjes<\/span><\/span><\/span><\/div>\n<div style=\"text-align: justify;\">\n\t&nbsp;<\/div>\n<div style=\"text-align: justify;\">\n\t<span style=\"font-family:tahoma,geneva,sans-serif;\"><span style=\"font-size: 12px;\"><span style=\"color: rgb(0, 0, 0);\">&nbsp;&nbsp;&nbsp; \u00b7 Nj\u00eb apologji e pamjaftueshme<\/span><\/span><\/span><\/div>\n<div style=\"text-align: justify;\">\n\t&nbsp;<\/div>\n<div style=\"text-align: justify;\">\n\t<span style=\"font-family:tahoma,geneva,sans-serif;\"><span style=\"font-size: 12px;\"><span style=\"color: rgb(0, 0, 0);\">&nbsp;&nbsp;&nbsp; \u00b7 Nj\u00eb or\u00eb n\u00eb jav\u00eb<\/span><\/span><\/span><\/div>\n<div style=\"text-align: justify;\">\n\t&nbsp;<\/div>\n","protected":false},"excerpt":{"rendered":"<p>&nbsp;&nbsp; &nbsp;&nbsp;&nbsp; Doli n\u00eb qarkullim botimi m\u00eb i ri i Kish\u00ebs son\u00eb \u201cPjes\u00eb t\u00eb zgjedhura nga kryeveprat e Sh\u00ebn Joan Gojartit\u201d, shqip\u00ebruar nga prof. S. Papahristo, p\u00ebrgatitur p\u00ebr shtyp nga z. Gaqo Bushaka. &nbsp; &nbsp;&nbsp;&nbsp; Sh\u00ebn Joan Gojarti, ky hierark i madh i Kish\u00ebs son\u00eb (shek. IV), \u201c\u00ebsht\u00eb nga ata yjet e m\u00ebdhenj q\u00eb shk\u00eblqejn\u00eb pa pushim n\u00eb qiellin shpirt\u00ebror e q\u00eb l\u00ebshojn\u00eb nj\u00eb shk\u00eblqim<\/p>\n","protected":false},"author":5,"featured_media":0,"comment_status":"open","ping_status":"open","sticky":false,"template":"","format":"standard","meta":{"_acf_changed":false,"pagelayer_contact_templates":[],"_pagelayer_content":"","inline_featured_image":false,"fifu_image_url":"","fifu_image_alt":"","footnotes":""},"categories":[108],"tags":[141,196,212,607],"class_list":["post-441","post","type-post","status-publish","format-standard","hentry","category-lajme","tag-141","tag-tirane","tag-lajme-d27","tag-promovimepublikime"],"acf":[],"yoast_head":"<!-- This site is optimized with the Yoast SEO plugin v27.2 - https:\/\/yoast.com\/product\/yoast-seo-wordpress\/ -->\n<title>Doli n\u00eb qarkullim libri \u201cPjes\u00eb t\u00eb zgjedhura nga kryeveprat e Sh\u00ebn Joan Gojartit\u201d. (N\u00ebntor 2013) - Kisha Orthodh\u03bfkse Autoqefale e Shqip\u00ebris\u00eb<\/title>\n<meta name=\"robots\" content=\"index, follow, max-snippet:-1, max-image-preview:large, max-video-preview:-1\" \/>\n<link rel=\"canonical\" href=\"https:\/\/orthodoxalbania.org\/2020\/2013\/11\/25\/doli-ne-qarkullim-libri-pjese-te-zgjedhura-nga-kryeveprat-e-shen-joan-gojartit\/\" \/>\n<meta property=\"og:locale\" content=\"en_US\" \/>\n<meta property=\"og:type\" content=\"article\" \/>\n<meta property=\"og:title\" content=\"Doli n\u00eb qarkullim libri \u201cPjes\u00eb t\u00eb zgjedhura nga kryeveprat e Sh\u00ebn Joan Gojartit\u201d. (N\u00ebntor 2013) - Kisha Orthodh\u03bfkse Autoqefale e Shqip\u00ebris\u00eb\" \/>\n<meta property=\"og:description\" content=\"&nbsp;&nbsp; &nbsp;&nbsp;&nbsp; Doli n\u00eb qarkullim botimi m\u00eb i ri i Kish\u00ebs son\u00eb \u201cPjes\u00eb t\u00eb zgjedhura nga kryeveprat e Sh\u00ebn Joan Gojartit\u201d, shqip\u00ebruar nga prof. S. Papahristo, p\u00ebrgatitur p\u00ebr shtyp nga z. Gaqo Bushaka. &nbsp; &nbsp;&nbsp;&nbsp; Sh\u00ebn Joan Gojarti, ky hierark i madh i Kish\u00ebs son\u00eb (shek. IV), \u201c\u00ebsht\u00eb nga ata yjet e m\u00ebdhenj q\u00eb shk\u00eblqejn\u00eb pa pushim n\u00eb qiellin shpirt\u00ebror e q\u00eb l\u00ebshojn\u00eb nj\u00eb shk\u00eblqim\" \/>\n<meta property=\"og:url\" content=\"https:\/\/orthodoxalbania.org\/2020\/2013\/11\/25\/doli-ne-qarkullim-libri-pjese-te-zgjedhura-nga-kryeveprat-e-shen-joan-gojartit\/\" \/>\n<meta property=\"og:site_name\" content=\"Kisha Orthodh\u03bfkse Autoqefale e Shqip\u00ebris\u00eb\" \/>\n<meta property=\"article:publisher\" content=\"https:\/\/www.facebook.com\/koash1991\" \/>\n<meta property=\"article:published_time\" content=\"2013-11-25T00:03:19+00:00\" \/>\n<meta property=\"article:modified_time\" content=\"2020-04-06T20:05:27+00:00\" \/>\n<meta property=\"og:image\" content=\"https:\/\/lh3.googleusercontent.com\/k1a0FeBX7qjHCAcqaLHk1sfCoz-rLakaVIM8IlV0hCU=w142-h207-p-no\" \/>\n<meta name=\"author\" content=\"Administrator3\" \/>\n<meta name=\"twitter:card\" content=\"summary_large_image\" \/>\n<meta name=\"twitter:label1\" content=\"Written by\" \/>\n\t<meta name=\"twitter:data1\" content=\"Administrator3\" \/>\n\t<meta name=\"twitter:label2\" content=\"Est. reading time\" \/>\n\t<meta name=\"twitter:data2\" content=\"4 minutes\" \/>\n<script type=\"application\/ld+json\" class=\"yoast-schema-graph\">{\"@context\":\"https:\/\/schema.org\",\"@graph\":[{\"@type\":\"Article\",\"@id\":\"https:\/\/orthodoxalbania.org\/2020\/2013\/11\/25\/doli-ne-qarkullim-libri-pjese-te-zgjedhura-nga-kryeveprat-e-shen-joan-gojartit\/#article\",\"isPartOf\":{\"@id\":\"https:\/\/orthodoxalbania.org\/2020\/2013\/11\/25\/doli-ne-qarkullim-libri-pjese-te-zgjedhura-nga-kryeveprat-e-shen-joan-gojartit\/\"},\"author\":{\"name\":\"Administrator3\",\"@id\":\"https:\/\/orthodoxalbania.org\/2020\/#\/schema\/person\/8f81792a8d818674e96c380e1085eb43\"},\"headline\":\"Doli n\u00eb qarkullim libri \u201cPjes\u00eb t\u00eb zgjedhura nga kryeveprat e Sh\u00ebn Joan Gojartit\u201d. (N\u00ebntor 2013)\",\"datePublished\":\"2013-11-25T00:03:19+00:00\",\"dateModified\":\"2020-04-06T20:05:27+00:00\",\"mainEntityOfPage\":{\"@id\":\"https:\/\/orthodoxalbania.org\/2020\/2013\/11\/25\/doli-ne-qarkullim-libri-pjese-te-zgjedhura-nga-kryeveprat-e-shen-joan-gojartit\/\"},\"wordCount\":723,\"commentCount\":0,\"publisher\":{\"@id\":\"https:\/\/orthodoxalbania.org\/2020\/#organization\"},\"image\":{\"@id\":\"https:\/\/orthodoxalbania.org\/2020\/2013\/11\/25\/doli-ne-qarkullim-libri-pjese-te-zgjedhura-nga-kryeveprat-e-shen-joan-gojartit\/#primaryimage\"},\"thumbnailUrl\":\"https:\/\/lh3.googleusercontent.com\/k1a0FeBX7qjHCAcqaLHk1sfCoz-rLakaVIM8IlV0hCU=w142-h207-p-no\",\"keywords\":[\"2013\",\"Kryepiskopata Tiran\u00eb\",\"lajme\",\"PromovimePublikime\"],\"articleSection\":[\"Lajme\"],\"inLanguage\":\"en-US\"},{\"@type\":\"WebPage\",\"@id\":\"https:\/\/orthodoxalbania.org\/2020\/2013\/11\/25\/doli-ne-qarkullim-libri-pjese-te-zgjedhura-nga-kryeveprat-e-shen-joan-gojartit\/\",\"url\":\"https:\/\/orthodoxalbania.org\/2020\/2013\/11\/25\/doli-ne-qarkullim-libri-pjese-te-zgjedhura-nga-kryeveprat-e-shen-joan-gojartit\/\",\"name\":\"Doli n\u00eb qarkullim libri \u201cPjes\u00eb t\u00eb zgjedhura nga kryeveprat e Sh\u00ebn Joan Gojartit\u201d. (N\u00ebntor 2013) - Kisha Orthodh\u03bfkse Autoqefale e Shqip\u00ebris\u00eb\",\"isPartOf\":{\"@id\":\"https:\/\/orthodoxalbania.org\/2020\/#website\"},\"primaryImageOfPage\":{\"@id\":\"https:\/\/orthodoxalbania.org\/2020\/2013\/11\/25\/doli-ne-qarkullim-libri-pjese-te-zgjedhura-nga-kryeveprat-e-shen-joan-gojartit\/#primaryimage\"},\"image\":{\"@id\":\"https:\/\/orthodoxalbania.org\/2020\/2013\/11\/25\/doli-ne-qarkullim-libri-pjese-te-zgjedhura-nga-kryeveprat-e-shen-joan-gojartit\/#primaryimage\"},\"thumbnailUrl\":\"https:\/\/lh3.googleusercontent.com\/k1a0FeBX7qjHCAcqaLHk1sfCoz-rLakaVIM8IlV0hCU=w142-h207-p-no\",\"datePublished\":\"2013-11-25T00:03:19+00:00\",\"dateModified\":\"2020-04-06T20:05:27+00:00\",\"breadcrumb\":{\"@id\":\"https:\/\/orthodoxalbania.org\/2020\/2013\/11\/25\/doli-ne-qarkullim-libri-pjese-te-zgjedhura-nga-kryeveprat-e-shen-joan-gojartit\/#breadcrumb\"},\"inLanguage\":\"en-US\",\"potentialAction\":[{\"@type\":\"ReadAction\",\"target\":[\"https:\/\/orthodoxalbania.org\/2020\/2013\/11\/25\/doli-ne-qarkullim-libri-pjese-te-zgjedhura-nga-kryeveprat-e-shen-joan-gojartit\/\"]}]},{\"@type\":\"ImageObject\",\"inLanguage\":\"en-US\",\"@id\":\"https:\/\/orthodoxalbania.org\/2020\/2013\/11\/25\/doli-ne-qarkullim-libri-pjese-te-zgjedhura-nga-kryeveprat-e-shen-joan-gojartit\/#primaryimage\",\"url\":\"https:\/\/lh3.googleusercontent.com\/k1a0FeBX7qjHCAcqaLHk1sfCoz-rLakaVIM8IlV0hCU=w142-h207-p-no\",\"contentUrl\":\"https:\/\/lh3.googleusercontent.com\/k1a0FeBX7qjHCAcqaLHk1sfCoz-rLakaVIM8IlV0hCU=w142-h207-p-no\"},{\"@type\":\"BreadcrumbList\",\"@id\":\"https:\/\/orthodoxalbania.org\/2020\/2013\/11\/25\/doli-ne-qarkullim-libri-pjese-te-zgjedhura-nga-kryeveprat-e-shen-joan-gojartit\/#breadcrumb\",\"itemListElement\":[{\"@type\":\"ListItem\",\"position\":1,\"name\":\"Home\",\"item\":\"https:\/\/orthodoxalbania.org\/2020\/\"},{\"@type\":\"ListItem\",\"position\":2,\"name\":\"Doli n\u00eb qarkullim libri \u201cPjes\u00eb t\u00eb zgjedhura nga kryeveprat e Sh\u00ebn Joan Gojartit\u201d. (N\u00ebntor 2013)\"}]},{\"@type\":\"WebSite\",\"@id\":\"https:\/\/orthodoxalbania.org\/2020\/#website\",\"url\":\"https:\/\/orthodoxalbania.org\/2020\/\",\"name\":\"Kisha Orthodh\u03bfkse Autoqefale e Shqip\u00ebris\u00eb\",\"description\":\"Fqja Zyrtare e Kish\u00ebs Orthodhokse Autoqefale e Shqip\u00ebris\u00eb me lajmet edhe informacionet zyrtare p\u00ebr struktur\u00ebn edhe veprimtarin e saj.\",\"publisher\":{\"@id\":\"https:\/\/orthodoxalbania.org\/2020\/#organization\"},\"potentialAction\":[{\"@type\":\"SearchAction\",\"target\":{\"@type\":\"EntryPoint\",\"urlTemplate\":\"https:\/\/orthodoxalbania.org\/2020\/?s={search_term_string}\"},\"query-input\":{\"@type\":\"PropertyValueSpecification\",\"valueRequired\":true,\"valueName\":\"search_term_string\"}}],\"inLanguage\":\"en-US\"},{\"@type\":\"Organization\",\"@id\":\"https:\/\/orthodoxalbania.org\/2020\/#organization\",\"name\":\"Kisha Orthodhokse Autoqefale e Shqip\u00ebris\u00eb\",\"url\":\"https:\/\/orthodoxalbania.org\/2020\/\",\"logo\":{\"@type\":\"ImageObject\",\"inLanguage\":\"en-US\",\"@id\":\"https:\/\/orthodoxalbania.org\/2020\/#\/schema\/logo\/image\/\",\"url\":\"https:\/\/orthodoxalbania.org\/2020\/wp-content\/uploads\/2020\/05\/albania.jpeg\",\"contentUrl\":\"https:\/\/orthodoxalbania.org\/2020\/wp-content\/uploads\/2020\/05\/albania.jpeg\",\"width\":540,\"height\":540,\"caption\":\"Kisha Orthodhokse Autoqefale e Shqip\u00ebris\u00eb\"},\"image\":{\"@id\":\"https:\/\/orthodoxalbania.org\/2020\/#\/schema\/logo\/image\/\"},\"sameAs\":[\"https:\/\/www.facebook.com\/koash1991\"]},{\"@type\":\"Person\",\"@id\":\"https:\/\/orthodoxalbania.org\/2020\/#\/schema\/person\/8f81792a8d818674e96c380e1085eb43\",\"name\":\"Administrator3\",\"image\":{\"@type\":\"ImageObject\",\"inLanguage\":\"en-US\",\"@id\":\"https:\/\/secure.gravatar.com\/avatar\/f6b85b21b3f9159ff2c0d0cf50724456629c45a3e9069c9124ecd8a6cb95f6ca?s=96&d=mm&r=g\",\"url\":\"https:\/\/secure.gravatar.com\/avatar\/f6b85b21b3f9159ff2c0d0cf50724456629c45a3e9069c9124ecd8a6cb95f6ca?s=96&d=mm&r=g\",\"contentUrl\":\"https:\/\/secure.gravatar.com\/avatar\/f6b85b21b3f9159ff2c0d0cf50724456629c45a3e9069c9124ecd8a6cb95f6ca?s=96&d=mm&r=g\",\"caption\":\"Administrator3\"}}]}<\/script>\n<!-- \/ Yoast SEO plugin. -->","yoast_head_json":{"title":"Doli n\u00eb qarkullim libri \u201cPjes\u00eb t\u00eb zgjedhura nga kryeveprat e Sh\u00ebn Joan Gojartit\u201d. (N\u00ebntor 2013) - Kisha Orthodh\u03bfkse Autoqefale e Shqip\u00ebris\u00eb","robots":{"index":"index","follow":"follow","max-snippet":"max-snippet:-1","max-image-preview":"max-image-preview:large","max-video-preview":"max-video-preview:-1"},"canonical":"https:\/\/orthodoxalbania.org\/2020\/2013\/11\/25\/doli-ne-qarkullim-libri-pjese-te-zgjedhura-nga-kryeveprat-e-shen-joan-gojartit\/","og_locale":"en_US","og_type":"article","og_title":"Doli n\u00eb qarkullim libri \u201cPjes\u00eb t\u00eb zgjedhura nga kryeveprat e Sh\u00ebn Joan Gojartit\u201d. (N\u00ebntor 2013) - Kisha Orthodh\u03bfkse Autoqefale e Shqip\u00ebris\u00eb","og_description":"&nbsp;&nbsp; &nbsp;&nbsp;&nbsp; Doli n\u00eb qarkullim botimi m\u00eb i ri i Kish\u00ebs son\u00eb \u201cPjes\u00eb t\u00eb zgjedhura nga kryeveprat e Sh\u00ebn Joan Gojartit\u201d, shqip\u00ebruar nga prof. S. Papahristo, p\u00ebrgatitur p\u00ebr shtyp nga z. Gaqo Bushaka. &nbsp; &nbsp;&nbsp;&nbsp; Sh\u00ebn Joan Gojarti, ky hierark i madh i Kish\u00ebs son\u00eb (shek. IV), \u201c\u00ebsht\u00eb nga ata yjet e m\u00ebdhenj q\u00eb shk\u00eblqejn\u00eb pa pushim n\u00eb qiellin shpirt\u00ebror e q\u00eb l\u00ebshojn\u00eb nj\u00eb shk\u00eblqim","og_url":"https:\/\/orthodoxalbania.org\/2020\/2013\/11\/25\/doli-ne-qarkullim-libri-pjese-te-zgjedhura-nga-kryeveprat-e-shen-joan-gojartit\/","og_site_name":"Kisha Orthodh\u03bfkse Autoqefale e Shqip\u00ebris\u00eb","article_publisher":"https:\/\/www.facebook.com\/koash1991","article_published_time":"2013-11-25T00:03:19+00:00","article_modified_time":"2020-04-06T20:05:27+00:00","og_image":[{"url":"https:\/\/lh3.googleusercontent.com\/k1a0FeBX7qjHCAcqaLHk1sfCoz-rLakaVIM8IlV0hCU=w142-h207-p-no","type":"","width":"","height":""}],"author":"Administrator3","twitter_card":"summary_large_image","twitter_misc":{"Written by":"Administrator3","Est. reading time":"4 minutes"},"schema":{"@context":"https:\/\/schema.org","@graph":[{"@type":"Article","@id":"https:\/\/orthodoxalbania.org\/2020\/2013\/11\/25\/doli-ne-qarkullim-libri-pjese-te-zgjedhura-nga-kryeveprat-e-shen-joan-gojartit\/#article","isPartOf":{"@id":"https:\/\/orthodoxalbania.org\/2020\/2013\/11\/25\/doli-ne-qarkullim-libri-pjese-te-zgjedhura-nga-kryeveprat-e-shen-joan-gojartit\/"},"author":{"name":"Administrator3","@id":"https:\/\/orthodoxalbania.org\/2020\/#\/schema\/person\/8f81792a8d818674e96c380e1085eb43"},"headline":"Doli n\u00eb qarkullim libri \u201cPjes\u00eb t\u00eb zgjedhura nga kryeveprat e Sh\u00ebn Joan Gojartit\u201d. (N\u00ebntor 2013)","datePublished":"2013-11-25T00:03:19+00:00","dateModified":"2020-04-06T20:05:27+00:00","mainEntityOfPage":{"@id":"https:\/\/orthodoxalbania.org\/2020\/2013\/11\/25\/doli-ne-qarkullim-libri-pjese-te-zgjedhura-nga-kryeveprat-e-shen-joan-gojartit\/"},"wordCount":723,"commentCount":0,"publisher":{"@id":"https:\/\/orthodoxalbania.org\/2020\/#organization"},"image":{"@id":"https:\/\/orthodoxalbania.org\/2020\/2013\/11\/25\/doli-ne-qarkullim-libri-pjese-te-zgjedhura-nga-kryeveprat-e-shen-joan-gojartit\/#primaryimage"},"thumbnailUrl":"https:\/\/lh3.googleusercontent.com\/k1a0FeBX7qjHCAcqaLHk1sfCoz-rLakaVIM8IlV0hCU=w142-h207-p-no","keywords":["2013","Kryepiskopata Tiran\u00eb","lajme","PromovimePublikime"],"articleSection":["Lajme"],"inLanguage":"en-US"},{"@type":"WebPage","@id":"https:\/\/orthodoxalbania.org\/2020\/2013\/11\/25\/doli-ne-qarkullim-libri-pjese-te-zgjedhura-nga-kryeveprat-e-shen-joan-gojartit\/","url":"https:\/\/orthodoxalbania.org\/2020\/2013\/11\/25\/doli-ne-qarkullim-libri-pjese-te-zgjedhura-nga-kryeveprat-e-shen-joan-gojartit\/","name":"Doli n\u00eb qarkullim libri \u201cPjes\u00eb t\u00eb zgjedhura nga kryeveprat e Sh\u00ebn Joan Gojartit\u201d. (N\u00ebntor 2013) - Kisha Orthodh\u03bfkse Autoqefale e Shqip\u00ebris\u00eb","isPartOf":{"@id":"https:\/\/orthodoxalbania.org\/2020\/#website"},"primaryImageOfPage":{"@id":"https:\/\/orthodoxalbania.org\/2020\/2013\/11\/25\/doli-ne-qarkullim-libri-pjese-te-zgjedhura-nga-kryeveprat-e-shen-joan-gojartit\/#primaryimage"},"image":{"@id":"https:\/\/orthodoxalbania.org\/2020\/2013\/11\/25\/doli-ne-qarkullim-libri-pjese-te-zgjedhura-nga-kryeveprat-e-shen-joan-gojartit\/#primaryimage"},"thumbnailUrl":"https:\/\/lh3.googleusercontent.com\/k1a0FeBX7qjHCAcqaLHk1sfCoz-rLakaVIM8IlV0hCU=w142-h207-p-no","datePublished":"2013-11-25T00:03:19+00:00","dateModified":"2020-04-06T20:05:27+00:00","breadcrumb":{"@id":"https:\/\/orthodoxalbania.org\/2020\/2013\/11\/25\/doli-ne-qarkullim-libri-pjese-te-zgjedhura-nga-kryeveprat-e-shen-joan-gojartit\/#breadcrumb"},"inLanguage":"en-US","potentialAction":[{"@type":"ReadAction","target":["https:\/\/orthodoxalbania.org\/2020\/2013\/11\/25\/doli-ne-qarkullim-libri-pjese-te-zgjedhura-nga-kryeveprat-e-shen-joan-gojartit\/"]}]},{"@type":"ImageObject","inLanguage":"en-US","@id":"https:\/\/orthodoxalbania.org\/2020\/2013\/11\/25\/doli-ne-qarkullim-libri-pjese-te-zgjedhura-nga-kryeveprat-e-shen-joan-gojartit\/#primaryimage","url":"https:\/\/lh3.googleusercontent.com\/k1a0FeBX7qjHCAcqaLHk1sfCoz-rLakaVIM8IlV0hCU=w142-h207-p-no","contentUrl":"https:\/\/lh3.googleusercontent.com\/k1a0FeBX7qjHCAcqaLHk1sfCoz-rLakaVIM8IlV0hCU=w142-h207-p-no"},{"@type":"BreadcrumbList","@id":"https:\/\/orthodoxalbania.org\/2020\/2013\/11\/25\/doli-ne-qarkullim-libri-pjese-te-zgjedhura-nga-kryeveprat-e-shen-joan-gojartit\/#breadcrumb","itemListElement":[{"@type":"ListItem","position":1,"name":"Home","item":"https:\/\/orthodoxalbania.org\/2020\/"},{"@type":"ListItem","position":2,"name":"Doli n\u00eb qarkullim libri \u201cPjes\u00eb t\u00eb zgjedhura nga kryeveprat e Sh\u00ebn Joan Gojartit\u201d. (N\u00ebntor 2013)"}]},{"@type":"WebSite","@id":"https:\/\/orthodoxalbania.org\/2020\/#website","url":"https:\/\/orthodoxalbania.org\/2020\/","name":"Kisha Orthodh\u03bfkse Autoqefale e Shqip\u00ebris\u00eb","description":"Fqja Zyrtare e Kish\u00ebs Orthodhokse Autoqefale e Shqip\u00ebris\u00eb me lajmet edhe informacionet zyrtare p\u00ebr struktur\u00ebn edhe veprimtarin e saj.","publisher":{"@id":"https:\/\/orthodoxalbania.org\/2020\/#organization"},"potentialAction":[{"@type":"SearchAction","target":{"@type":"EntryPoint","urlTemplate":"https:\/\/orthodoxalbania.org\/2020\/?s={search_term_string}"},"query-input":{"@type":"PropertyValueSpecification","valueRequired":true,"valueName":"search_term_string"}}],"inLanguage":"en-US"},{"@type":"Organization","@id":"https:\/\/orthodoxalbania.org\/2020\/#organization","name":"Kisha Orthodhokse Autoqefale e Shqip\u00ebris\u00eb","url":"https:\/\/orthodoxalbania.org\/2020\/","logo":{"@type":"ImageObject","inLanguage":"en-US","@id":"https:\/\/orthodoxalbania.org\/2020\/#\/schema\/logo\/image\/","url":"https:\/\/orthodoxalbania.org\/2020\/wp-content\/uploads\/2020\/05\/albania.jpeg","contentUrl":"https:\/\/orthodoxalbania.org\/2020\/wp-content\/uploads\/2020\/05\/albania.jpeg","width":540,"height":540,"caption":"Kisha Orthodhokse Autoqefale e Shqip\u00ebris\u00eb"},"image":{"@id":"https:\/\/orthodoxalbania.org\/2020\/#\/schema\/logo\/image\/"},"sameAs":["https:\/\/www.facebook.com\/koash1991"]},{"@type":"Person","@id":"https:\/\/orthodoxalbania.org\/2020\/#\/schema\/person\/8f81792a8d818674e96c380e1085eb43","name":"Administrator3","image":{"@type":"ImageObject","inLanguage":"en-US","@id":"https:\/\/secure.gravatar.com\/avatar\/f6b85b21b3f9159ff2c0d0cf50724456629c45a3e9069c9124ecd8a6cb95f6ca?s=96&d=mm&r=g","url":"https:\/\/secure.gravatar.com\/avatar\/f6b85b21b3f9159ff2c0d0cf50724456629c45a3e9069c9124ecd8a6cb95f6ca?s=96&d=mm&r=g","contentUrl":"https:\/\/secure.gravatar.com\/avatar\/f6b85b21b3f9159ff2c0d0cf50724456629c45a3e9069c9124ecd8a6cb95f6ca?s=96&d=mm&r=g","caption":"Administrator3"}}]}},"_links":{"self":[{"href":"https:\/\/orthodoxalbania.org\/2020\/wp-json\/wp\/v2\/posts\/441","targetHints":{"allow":["GET"]}}],"collection":[{"href":"https:\/\/orthodoxalbania.org\/2020\/wp-json\/wp\/v2\/posts"}],"about":[{"href":"https:\/\/orthodoxalbania.org\/2020\/wp-json\/wp\/v2\/types\/post"}],"author":[{"embeddable":true,"href":"https:\/\/orthodoxalbania.org\/2020\/wp-json\/wp\/v2\/users\/5"}],"replies":[{"embeddable":true,"href":"https:\/\/orthodoxalbania.org\/2020\/wp-json\/wp\/v2\/comments?post=441"}],"version-history":[{"count":1,"href":"https:\/\/orthodoxalbania.org\/2020\/wp-json\/wp\/v2\/posts\/441\/revisions"}],"predecessor-version":[{"id":15152,"href":"https:\/\/orthodoxalbania.org\/2020\/wp-json\/wp\/v2\/posts\/441\/revisions\/15152"}],"wp:attachment":[{"href":"https:\/\/orthodoxalbania.org\/2020\/wp-json\/wp\/v2\/media?parent=441"}],"wp:term":[{"taxonomy":"category","embeddable":true,"href":"https:\/\/orthodoxalbania.org\/2020\/wp-json\/wp\/v2\/categories?post=441"},{"taxonomy":"post_tag","embeddable":true,"href":"https:\/\/orthodoxalbania.org\/2020\/wp-json\/wp\/v2\/tags?post=441"}],"curies":[{"name":"wp","href":"https:\/\/api.w.org\/{rel}","templated":true}]}}