{"id":4404,"date":"2016-02-18T12:16:51","date_gmt":"2016-02-18T12:16:51","guid":{"rendered":""},"modified":"2020-04-13T00:27:58","modified_gmt":"2020-04-12T22:27:58","slug":"historic-meeting-between-the-pope-and-patriarch-kirill","status":"publish","type":"post","link":"https:\/\/orthodoxalbania.org\/2020\/en\/2016\/02\/18\/historic-meeting-between-the-pope-and-patriarch-kirill\/","title":{"rendered":"Historic meeting between the Pope and Patriarch Kirill"},"content":{"rendered":"<p style=\"text-align: justify;\"> <\/p>\n<p style=\"text-align: justify;\"><span style=\"font-size: 12pt; font-family: helvetica; color: #000000;\">&nbsp; &nbsp; On February 13, at the airport in Cuba, a historical meeting between Pope Francis and His Holiness Kirill, Patriarch of Moscow took place. The Hierarchs held a two- hour meeting and then made a joint public appearance. Afterwards, the exchange of gifts proceeded. Pope gave to the Patriarch a reliquary containing the relics of St. Cyril, the Enlightener, and of St. Methodius of Slavs as well as a chalice; and Patriarch Kirill, for his part, offered a replica of the Madonna of Kazan icon. Finally a joint declaration was signed on religious unity.<\/span><\/p>\n<p style=\"text-align: justify;\"><span style=\"font-size: 12pt; font-family: helvetica; color: #000000;\">&nbsp; &nbsp; In the declaration, they expressed their satisfaction about the meeting and emphasized the importance of dialogue between the Roman Catholic and the Orthodox Church. They stressed out the need for overcoming divisions and facing common challenges in the world today, such as the growing persecution of Christians. In their declaration they called for peace, but also bowed in reverence before those who chose martyrdom instead of denying Christ. In addition, the two Hierarchs urged Europe to stay united and maintain its faithfulness to its Christian roots. In their declaration, they also brought up the conflict in Ukraine and made a special call for overcoming it and restoring peace.<\/span><\/p>\n<p style=\"text-align: justify;\"><span style=\"font-size: 12pt; font-family: helvetica; color: #000000;\">&nbsp; &nbsp; Another important issue mentioned in the declaration was the family and the problems related to it: &#8220;The family is based on marriage, an act of freely given and faithful love between a man and a woman.&#8221; Also they touched upon issues of euthanasia, abortion, moral crisis, etc.<\/span><\/p>\n<p style=\"text-align: justify;\"><span style=\"font-size: 12pt; font-family: helvetica; color: #000000;\">&nbsp; &nbsp; \u201cWe spoke like brothers. We have the same baptism. We are bishops. We talked about our Churches, and agreed that the unity is built as we move along. We spoke clearly, without mincing our words. I confess I felt the consolation of the Spirit in our talk,&#8221; the Pope explained.<\/span><br \/><span style=\"font-size: 12pt; font-family: helvetica; color: #000000;\">Further on, the Pope thanked Patriarch Kirill for &#8220;his brotherly humility and strong desire for unity,&#8221; and mentioned \u201ca number of feasible initiatives that can be implemented.&#8221;<\/span><\/p>\n<p style=\"text-align: justify;\"><span style=\"font-size: 12pt; font-family: helvetica; color: #000000;\">&nbsp; &nbsp; In his address, the Patriarch of Moscow Kirill insisted on the brotherly spirit of the meeting and noted that both Churches can work together with full responsibility for the future of Christianity. In his speech, which was rich in content, he clarified that the meeting &#8220;gave us the opportunity to understand and hear the position of each other.&#8221; &#8220;Both Churches, &#8220;ended Cyril, &#8220;can work together to ensure no more war, to respect human life and reinforce the foundations of morality, family, and the person.&#8221;<\/span><\/p>\n<p style=\"text-align: justify;\"><span style=\"font-size: 12pt; font-family: helvetica; color: #000000;\">&nbsp; &nbsp; Hence, this historic meeting came to an end and it was in fact \u201cthe will of God,\u201d claimed Pope Francis, who several times called Kirill &#8220;brother&#8221;, words which His Holiness replied with the same affection: &#8220;Despite the difficulties,\u201d he said, before their meeting took place, \u201cwe still can talk. And that is really nice.\u201d<\/span><\/p>\n<p style=\"text-align: center;\"><span style=\"font-size: 14pt; font-family: helvetica; color: #000000;\">***<\/span><\/p>\n<p style=\"text-align: justify;\"><span style=\"font-size: 12pt; font-family: helvetica; color: #000000;\">&nbsp; &nbsp; With two tweets from his account on the popular social network Twitter, the Ecumenical Patriarch Bartholomew congratulated the historic meeting between Pope Francis of Rome and Patriarch Kirill of Moscow.<\/span><\/p>\n<p style=\"text-align: justify;\"><span style=\"font-size: 12pt; font-family: helvetica; color: #000000;\">&nbsp; &nbsp; &#8220;I pray for my brothers in Christ, Pope Francis and Patriarch Kirill&#8230; [and feel] pleased that 1964 dialogue started by Athenagoras and Paul VI continues to bear fruit,\u201d states the Ecumenical Patriarch Bartholomew in his first message.<\/span><\/p>\n<p style=\"text-align: justify;\"><span style=\"font-size: 12pt; font-family: helvetica; color: #000000;\">&nbsp; &nbsp; In his second message, the Ecumenical Patriarch responds to the message sent by Pope Francis, in which the Primate of the Roman Catholic Church wrote: &#8220;Today is a day of joy. The meeting with Patriarch Kirill is a gift from God. Pray for us.&#8221;<\/span><\/p>\n<p style=\"text-align: justify;\"><span style=\"font-size: 12pt; font-family: helvetica; color: #000000;\">&nbsp; &nbsp; In their dialogue on Twitter &#8211; where the answer goes to the account name &#8211; the Ecumenical Patriarch addressed the Pope and wrote: &#8220;I pray for you, brother in Christ and for your meeting with our brother Kirill.&#8221;<\/span><\/p>\n<p>&nbsp;<\/p>\n<div>&nbsp;<\/div>\n<div>\n<p style=\"font-family: Verdana, Arial, Helvetica, sans-serif; font-size: 11px; line-height: 24px;\"><img class=\"lazyload\" decoding=\"async\" style=\"border: 1px solid #000000; cursor: default; max-width: 100%; height: auto; margin: 10px auto; display: block;\" alt=\"\" src=\"data:image\/svg+xml,%3Csvg%20xmlns%3D%27http%3A%2F%2Fwww.w3.org%2F2000%2Fsvg%27%20width%3D%27450%27%20height%3D%27253%27%20viewBox%3D%270%200%20450%20253%27%3E%3Crect%20width%3D%27450%27%20height%3D%27253%27%20fill-opacity%3D%220%22%2F%3E%3C%2Fsvg%3E\" data-orig-src=\"https:\/\/lh6.googleusercontent.com\/-4x7Nhre3kJk\/VsQ1TE9pWNI\/AAAAAAAASWQ\/5rhPpVVNgvM\/w620-h349-no\/15.jpg\" height=\"253\" width=\"450\" \/><\/p>\n<p style=\"font-family: Verdana, Arial, Helvetica, sans-serif; font-size: 11px; line-height: 24px;\"><img class=\"lazyload\" decoding=\"async\" style=\"border: 1px solid #000000; cursor: default; max-width: 100%; height: auto; margin: 10px auto; display: block;\" alt=\"\" src=\"data:image\/svg+xml,%3Csvg%20xmlns%3D%27http%3A%2F%2Fwww.w3.org%2F2000%2Fsvg%27%20width%3D%27450%27%20height%3D%27283%27%20viewBox%3D%270%200%20450%20283%27%3E%3Crect%20width%3D%27450%27%20height%3D%27283%27%20fill-opacity%3D%220%22%2F%3E%3C%2Fsvg%3E\" data-orig-src=\"https:\/\/lh6.googleusercontent.com\/-k1_dK8u9WGU\/VsQ1TYlqLWI\/AAAAAAAASWU\/ks9v-63yraU\/w958-h602-no\/16.jpg\" height=\"283\" width=\"450\" \/><\/p>\n<p style=\"font-family: Verdana, Arial, Helvetica, sans-serif; font-size: 11px; line-height: 24px;\"><img class=\"lazyload\" decoding=\"async\" style=\"border: 1px solid #000000; cursor: default; max-width: 100%; height: auto; margin: 10px auto; display: block;\" alt=\"\" src=\"data:image\/svg+xml,%3Csvg%20xmlns%3D%27http%3A%2F%2Fwww.w3.org%2F2000%2Fsvg%27%20width%3D%27450%27%20height%3D%27300%27%20viewBox%3D%270%200%20450%20300%27%3E%3Crect%20width%3D%27450%27%20height%3D%27300%27%20fill-opacity%3D%220%22%2F%3E%3C%2Fsvg%3E\" data-orig-src=\"https:\/\/lh6.googleusercontent.com\/-whH4RvjRuiY\/VsQ1TmSU9aI\/AAAAAAAASWY\/Z7gYeBLh8GE\/w680-h453-no\/17.jpg\" height=\"300\" width=\"450\" \/><\/p>\n<p style=\"font-family: Verdana, Arial, Helvetica, sans-serif; font-size: 11px; line-height: 24px;\"><img class=\"lazyload\" decoding=\"async\" style=\"border: 1px solid #000000; cursor: default; max-width: 100%; height: auto; margin: 10px auto; display: block;\" alt=\"\" src=\"data:image\/svg+xml,%3Csvg%20xmlns%3D%27http%3A%2F%2Fwww.w3.org%2F2000%2Fsvg%27%20width%3D%27450%27%20height%3D%27262%27%20viewBox%3D%270%200%20450%20262%27%3E%3Crect%20width%3D%27450%27%20height%3D%27262%27%20fill-opacity%3D%220%22%2F%3E%3C%2Fsvg%3E\" data-orig-src=\"https:\/\/lh4.googleusercontent.com\/--MIKLSum7oA\/VsQ1UI_2NiI\/AAAAAAAASWg\/sU3GsA4bz_4\/w630-h368-no\/18.jpg\" height=\"262\" width=\"450\" \/><\/p>\n<p style=\"font-family: Verdana, Arial, Helvetica, sans-serif; font-size: 11px; line-height: 24px;\"><img class=\"lazyload\" decoding=\"async\" style=\"border: 1px solid #000000; cursor: default; max-width: 100%; height: auto; margin: 10px auto; display: block;\" alt=\"\" src=\"data:image\/svg+xml,%3Csvg%20xmlns%3D%27http%3A%2F%2Fwww.w3.org%2F2000%2Fsvg%27%20width%3D%27450%27%20height%3D%27239%27%20viewBox%3D%270%200%20450%20239%27%3E%3Crect%20width%3D%27450%27%20height%3D%27239%27%20fill-opacity%3D%220%22%2F%3E%3C%2Fsvg%3E\" data-orig-src=\"https:\/\/lh3.googleusercontent.com\/-4lEK7UzZ0j4\/VsQ1SvRbgrI\/AAAAAAAASXA\/SA21o5LORRY\/w705-h375-no\/12.jpg\" height=\"239\" width=\"450\" \/><\/p>\n<p style=\"font-family: Verdana, Arial, Helvetica, sans-serif; font-size: 11px; line-height: 24px;\"><img class=\"lazyload\" decoding=\"async\" style=\"border: 1px solid #000000; cursor: default; max-width: 100%; height: auto; margin: 10px auto; display: block;\" alt=\"\" src=\"data:image\/svg+xml,%3Csvg%20xmlns%3D%27http%3A%2F%2Fwww.w3.org%2F2000%2Fsvg%27%20width%3D%27450%27%20height%3D%27209%27%20viewBox%3D%270%200%20450%20209%27%3E%3Crect%20width%3D%27450%27%20height%3D%27209%27%20fill-opacity%3D%220%22%2F%3E%3C%2Fsvg%3E\" data-orig-src=\"https:\/\/lh4.googleusercontent.com\/-R41syW-ZyD0\/VsQ1TI4krtI\/AAAAAAAASWc\/6_dePJp5L-Y\/w958-h446-no\/13.jpg\" height=\"209\" width=\"450\" \/><\/p>\n<p style=\"font-family: Verdana, Arial, Helvetica, sans-serif; font-size: 11px; line-height: 24px;\"><img class=\"lazyload\" decoding=\"async\" style=\"border: 1px solid #000000; cursor: default; max-width: 100%; height: auto; margin: 10px auto; display: block;\" alt=\"\" src=\"data:image\/svg+xml,%3Csvg%20xmlns%3D%27http%3A%2F%2Fwww.w3.org%2F2000%2Fsvg%27%20width%3D%27450%27%20height%3D%27253%27%20viewBox%3D%270%200%20450%20253%27%3E%3Crect%20width%3D%27450%27%20height%3D%27253%27%20fill-opacity%3D%220%22%2F%3E%3C%2Fsvg%3E\" data-orig-src=\"https:\/\/lh5.googleusercontent.com\/-CxRcT_NuBS4\/VsQ1SrZpOsI\/AAAAAAAASWM\/1jbPWCv8D9s\/w958-h539-no\/14.jpg\" height=\"253\" width=\"450\" \/><\/p>\n<\/div>\n","protected":false},"excerpt":{"rendered":"<p>&nbsp; &nbsp; On February 13, at the airport in Cuba, a historical meeting between Pope Francis and His Holiness Kirill, Patriarch of Moscow took place. The Hierarchs held a two- hour meeting and then made a joint public appearance. Afterwards, the exchange of gifts proceeded. Pope gave to the Patriarch a reliquary containing the relics of St. Cyril, the Enlightener, and of St. Methodius of<\/p>\n","protected":false},"author":7,"featured_media":4403,"comment_status":"open","ping_status":"open","sticky":false,"template":"","format":"standard","meta":{"_acf_changed":false,"pagelayer_contact_templates":[],"_pagelayer_content":"","inline_featured_image":false,"fifu_image_url":"","fifu_image_alt":"","footnotes":""},"categories":[1455,311],"tags":[1153],"class_list":["post-4404","post","type-post","status-publish","format-standard","has-post-thumbnail","hentry","category-news-en","category-news-d25","tag-2016-en"],"acf":[],"yoast_head":"<!-- This site is optimized with the Yoast SEO plugin v27.2 - https:\/\/yoast.com\/product\/yoast-seo-wordpress\/ -->\n<title>Historic meeting between the Pope and Patriarch Kirill - Kisha Orthodh\u03bfkse Autoqefale e Shqip\u00ebris\u00eb<\/title>\n<meta name=\"robots\" content=\"index, follow, max-snippet:-1, max-image-preview:large, max-video-preview:-1\" \/>\n<link rel=\"canonical\" href=\"https:\/\/orthodoxalbania.org\/2020\/en\/2016\/02\/18\/historic-meeting-between-the-pope-and-patriarch-kirill\/\" \/>\n<meta property=\"og:locale\" content=\"en_US\" \/>\n<meta property=\"og:type\" content=\"article\" \/>\n<meta property=\"og:title\" content=\"Historic meeting between the Pope and Patriarch Kirill - Kisha Orthodh\u03bfkse Autoqefale e Shqip\u00ebris\u00eb\" \/>\n<meta property=\"og:description\" content=\"&nbsp; &nbsp; On February 13, at the airport in Cuba, a historical meeting between Pope Francis and His Holiness Kirill, Patriarch of Moscow took place. The Hierarchs held a two- hour meeting and then made a joint public appearance. Afterwards, the exchange of gifts proceeded. Pope gave to the Patriarch a reliquary containing the relics of St. Cyril, the Enlightener, and of St. Methodius of\" \/>\n<meta property=\"og:url\" content=\"https:\/\/orthodoxalbania.org\/2020\/en\/2016\/02\/18\/historic-meeting-between-the-pope-and-patriarch-kirill\/\" \/>\n<meta property=\"og:site_name\" content=\"Kisha Orthodh\u03bfkse Autoqefale e Shqip\u00ebris\u00eb\" \/>\n<meta property=\"article:publisher\" content=\"https:\/\/www.facebook.com\/koash1991\" \/>\n<meta property=\"article:published_time\" content=\"2016-02-18T12:16:51+00:00\" \/>\n<meta property=\"article:modified_time\" content=\"2020-04-12T22:27:58+00:00\" \/>\n<meta property=\"og:image\" content=\"https:\/\/orthodoxalbania.org\/2020\/wp-content\/uploads\/2020\/04\/17.jpg\" \/>\n\t<meta property=\"og:image:width\" content=\"150\" \/>\n\t<meta property=\"og:image:height\" content=\"150\" \/>\n\t<meta property=\"og:image:type\" content=\"image\/jpeg\" \/>\n<meta name=\"author\" content=\"Kisha Orthodhokse\" \/>\n<meta name=\"twitter:card\" content=\"summary_large_image\" \/>\n<meta name=\"twitter:label1\" content=\"Written by\" \/>\n\t<meta name=\"twitter:data1\" content=\"Kisha Orthodhokse\" \/>\n\t<meta name=\"twitter:label2\" content=\"Est. reading time\" \/>\n\t<meta name=\"twitter:data2\" content=\"3 minutes\" \/>\n<script type=\"application\/ld+json\" class=\"yoast-schema-graph\">{\"@context\":\"https:\/\/schema.org\",\"@graph\":[{\"@type\":\"Article\",\"@id\":\"https:\/\/orthodoxalbania.org\/2020\/en\/2016\/02\/18\/historic-meeting-between-the-pope-and-patriarch-kirill\/#article\",\"isPartOf\":{\"@id\":\"https:\/\/orthodoxalbania.org\/2020\/en\/2016\/02\/18\/historic-meeting-between-the-pope-and-patriarch-kirill\/\"},\"author\":{\"name\":\"Kisha Orthodhokse\",\"@id\":\"https:\/\/orthodoxalbania.org\/2020\/#\/schema\/person\/df745f942b70e045b3dc05a30211f0de\"},\"headline\":\"Historic meeting between the Pope and Patriarch Kirill\",\"datePublished\":\"2016-02-18T12:16:51+00:00\",\"dateModified\":\"2020-04-12T22:27:58+00:00\",\"mainEntityOfPage\":{\"@id\":\"https:\/\/orthodoxalbania.org\/2020\/en\/2016\/02\/18\/historic-meeting-between-the-pope-and-patriarch-kirill\/\"},\"wordCount\":640,\"commentCount\":0,\"publisher\":{\"@id\":\"https:\/\/orthodoxalbania.org\/2020\/#organization\"},\"image\":{\"@id\":\"https:\/\/orthodoxalbania.org\/2020\/en\/2016\/02\/18\/historic-meeting-between-the-pope-and-patriarch-kirill\/#primaryimage\"},\"thumbnailUrl\":\"https:\/\/orthodoxalbania.org\/2020\/wp-content\/uploads\/2020\/04\/17.jpg\",\"keywords\":[\"2016\"],\"articleSection\":[\"News - \u0395\u039d\",\"News old page\"],\"inLanguage\":\"en-US\"},{\"@type\":\"WebPage\",\"@id\":\"https:\/\/orthodoxalbania.org\/2020\/en\/2016\/02\/18\/historic-meeting-between-the-pope-and-patriarch-kirill\/\",\"url\":\"https:\/\/orthodoxalbania.org\/2020\/en\/2016\/02\/18\/historic-meeting-between-the-pope-and-patriarch-kirill\/\",\"name\":\"Historic meeting between the Pope and Patriarch Kirill - Kisha Orthodh\u03bfkse Autoqefale e Shqip\u00ebris\u00eb\",\"isPartOf\":{\"@id\":\"https:\/\/orthodoxalbania.org\/2020\/#website\"},\"primaryImageOfPage\":{\"@id\":\"https:\/\/orthodoxalbania.org\/2020\/en\/2016\/02\/18\/historic-meeting-between-the-pope-and-patriarch-kirill\/#primaryimage\"},\"image\":{\"@id\":\"https:\/\/orthodoxalbania.org\/2020\/en\/2016\/02\/18\/historic-meeting-between-the-pope-and-patriarch-kirill\/#primaryimage\"},\"thumbnailUrl\":\"https:\/\/orthodoxalbania.org\/2020\/wp-content\/uploads\/2020\/04\/17.jpg\",\"datePublished\":\"2016-02-18T12:16:51+00:00\",\"dateModified\":\"2020-04-12T22:27:58+00:00\",\"breadcrumb\":{\"@id\":\"https:\/\/orthodoxalbania.org\/2020\/en\/2016\/02\/18\/historic-meeting-between-the-pope-and-patriarch-kirill\/#breadcrumb\"},\"inLanguage\":\"en-US\",\"potentialAction\":[{\"@type\":\"ReadAction\",\"target\":[\"https:\/\/orthodoxalbania.org\/2020\/en\/2016\/02\/18\/historic-meeting-between-the-pope-and-patriarch-kirill\/\"]}]},{\"@type\":\"ImageObject\",\"inLanguage\":\"en-US\",\"@id\":\"https:\/\/orthodoxalbania.org\/2020\/en\/2016\/02\/18\/historic-meeting-between-the-pope-and-patriarch-kirill\/#primaryimage\",\"url\":\"https:\/\/orthodoxalbania.org\/2020\/wp-content\/uploads\/2020\/04\/17.jpg\",\"contentUrl\":\"https:\/\/orthodoxalbania.org\/2020\/wp-content\/uploads\/2020\/04\/17.jpg\",\"width\":150,\"height\":150},{\"@type\":\"BreadcrumbList\",\"@id\":\"https:\/\/orthodoxalbania.org\/2020\/en\/2016\/02\/18\/historic-meeting-between-the-pope-and-patriarch-kirill\/#breadcrumb\",\"itemListElement\":[{\"@type\":\"ListItem\",\"position\":1,\"name\":\"Home\",\"item\":\"https:\/\/orthodoxalbania.org\/2020\/\"},{\"@type\":\"ListItem\",\"position\":2,\"name\":\"Historic meeting between the Pope and Patriarch Kirill\"}]},{\"@type\":\"WebSite\",\"@id\":\"https:\/\/orthodoxalbania.org\/2020\/#website\",\"url\":\"https:\/\/orthodoxalbania.org\/2020\/\",\"name\":\"Kisha Orthodh\u03bfkse Autoqefale e Shqip\u00ebris\u00eb\",\"description\":\"Fqja Zyrtare e Kish\u00ebs Orthodhokse Autoqefale e Shqip\u00ebris\u00eb me lajmet edhe informacionet zyrtare p\u00ebr struktur\u00ebn edhe veprimtarin e saj.\",\"publisher\":{\"@id\":\"https:\/\/orthodoxalbania.org\/2020\/#organization\"},\"potentialAction\":[{\"@type\":\"SearchAction\",\"target\":{\"@type\":\"EntryPoint\",\"urlTemplate\":\"https:\/\/orthodoxalbania.org\/2020\/?s={search_term_string}\"},\"query-input\":{\"@type\":\"PropertyValueSpecification\",\"valueRequired\":true,\"valueName\":\"search_term_string\"}}],\"inLanguage\":\"en-US\"},{\"@type\":\"Organization\",\"@id\":\"https:\/\/orthodoxalbania.org\/2020\/#organization\",\"name\":\"Kisha Orthodhokse Autoqefale e Shqip\u00ebris\u00eb\",\"url\":\"https:\/\/orthodoxalbania.org\/2020\/\",\"logo\":{\"@type\":\"ImageObject\",\"inLanguage\":\"en-US\",\"@id\":\"https:\/\/orthodoxalbania.org\/2020\/#\/schema\/logo\/image\/\",\"url\":\"https:\/\/orthodoxalbania.org\/2020\/wp-content\/uploads\/2020\/05\/albania.jpeg\",\"contentUrl\":\"https:\/\/orthodoxalbania.org\/2020\/wp-content\/uploads\/2020\/05\/albania.jpeg\",\"width\":540,\"height\":540,\"caption\":\"Kisha Orthodhokse Autoqefale e Shqip\u00ebris\u00eb\"},\"image\":{\"@id\":\"https:\/\/orthodoxalbania.org\/2020\/#\/schema\/logo\/image\/\"},\"sameAs\":[\"https:\/\/www.facebook.com\/koash1991\"]},{\"@type\":\"Person\",\"@id\":\"https:\/\/orthodoxalbania.org\/2020\/#\/schema\/person\/df745f942b70e045b3dc05a30211f0de\",\"name\":\"Kisha Orthodhokse\",\"image\":{\"@type\":\"ImageObject\",\"inLanguage\":\"en-US\",\"@id\":\"https:\/\/secure.gravatar.com\/avatar\/2676eb8d97178435c9f691a7871595a1da6c33542dec218bce40885573150e28?s=96&d=mm&r=g\",\"url\":\"https:\/\/secure.gravatar.com\/avatar\/2676eb8d97178435c9f691a7871595a1da6c33542dec218bce40885573150e28?s=96&d=mm&r=g\",\"contentUrl\":\"https:\/\/secure.gravatar.com\/avatar\/2676eb8d97178435c9f691a7871595a1da6c33542dec218bce40885573150e28?s=96&d=mm&r=g\",\"caption\":\"Kisha Orthodhokse\"}}]}<\/script>\n<!-- \/ Yoast SEO plugin. -->","yoast_head_json":{"title":"Historic meeting between the Pope and Patriarch Kirill - Kisha Orthodh\u03bfkse Autoqefale e Shqip\u00ebris\u00eb","robots":{"index":"index","follow":"follow","max-snippet":"max-snippet:-1","max-image-preview":"max-image-preview:large","max-video-preview":"max-video-preview:-1"},"canonical":"https:\/\/orthodoxalbania.org\/2020\/en\/2016\/02\/18\/historic-meeting-between-the-pope-and-patriarch-kirill\/","og_locale":"en_US","og_type":"article","og_title":"Historic meeting between the Pope and Patriarch Kirill - Kisha Orthodh\u03bfkse Autoqefale e Shqip\u00ebris\u00eb","og_description":"&nbsp; &nbsp; On February 13, at the airport in Cuba, a historical meeting between Pope Francis and His Holiness Kirill, Patriarch of Moscow took place. The Hierarchs held a two- hour meeting and then made a joint public appearance. Afterwards, the exchange of gifts proceeded. Pope gave to the Patriarch a reliquary containing the relics of St. Cyril, the Enlightener, and of St. Methodius of","og_url":"https:\/\/orthodoxalbania.org\/2020\/en\/2016\/02\/18\/historic-meeting-between-the-pope-and-patriarch-kirill\/","og_site_name":"Kisha Orthodh\u03bfkse Autoqefale e Shqip\u00ebris\u00eb","article_publisher":"https:\/\/www.facebook.com\/koash1991","article_published_time":"2016-02-18T12:16:51+00:00","article_modified_time":"2020-04-12T22:27:58+00:00","og_image":[{"width":150,"height":150,"url":"https:\/\/orthodoxalbania.org\/2020\/wp-content\/uploads\/2020\/04\/17.jpg","type":"image\/jpeg"}],"author":"Kisha Orthodhokse","twitter_card":"summary_large_image","twitter_misc":{"Written by":"Kisha Orthodhokse","Est. reading time":"3 minutes"},"schema":{"@context":"https:\/\/schema.org","@graph":[{"@type":"Article","@id":"https:\/\/orthodoxalbania.org\/2020\/en\/2016\/02\/18\/historic-meeting-between-the-pope-and-patriarch-kirill\/#article","isPartOf":{"@id":"https:\/\/orthodoxalbania.org\/2020\/en\/2016\/02\/18\/historic-meeting-between-the-pope-and-patriarch-kirill\/"},"author":{"name":"Kisha Orthodhokse","@id":"https:\/\/orthodoxalbania.org\/2020\/#\/schema\/person\/df745f942b70e045b3dc05a30211f0de"},"headline":"Historic meeting between the Pope and Patriarch Kirill","datePublished":"2016-02-18T12:16:51+00:00","dateModified":"2020-04-12T22:27:58+00:00","mainEntityOfPage":{"@id":"https:\/\/orthodoxalbania.org\/2020\/en\/2016\/02\/18\/historic-meeting-between-the-pope-and-patriarch-kirill\/"},"wordCount":640,"commentCount":0,"publisher":{"@id":"https:\/\/orthodoxalbania.org\/2020\/#organization"},"image":{"@id":"https:\/\/orthodoxalbania.org\/2020\/en\/2016\/02\/18\/historic-meeting-between-the-pope-and-patriarch-kirill\/#primaryimage"},"thumbnailUrl":"https:\/\/orthodoxalbania.org\/2020\/wp-content\/uploads\/2020\/04\/17.jpg","keywords":["2016"],"articleSection":["News - \u0395\u039d","News old page"],"inLanguage":"en-US"},{"@type":"WebPage","@id":"https:\/\/orthodoxalbania.org\/2020\/en\/2016\/02\/18\/historic-meeting-between-the-pope-and-patriarch-kirill\/","url":"https:\/\/orthodoxalbania.org\/2020\/en\/2016\/02\/18\/historic-meeting-between-the-pope-and-patriarch-kirill\/","name":"Historic meeting between the Pope and Patriarch Kirill - Kisha Orthodh\u03bfkse Autoqefale e Shqip\u00ebris\u00eb","isPartOf":{"@id":"https:\/\/orthodoxalbania.org\/2020\/#website"},"primaryImageOfPage":{"@id":"https:\/\/orthodoxalbania.org\/2020\/en\/2016\/02\/18\/historic-meeting-between-the-pope-and-patriarch-kirill\/#primaryimage"},"image":{"@id":"https:\/\/orthodoxalbania.org\/2020\/en\/2016\/02\/18\/historic-meeting-between-the-pope-and-patriarch-kirill\/#primaryimage"},"thumbnailUrl":"https:\/\/orthodoxalbania.org\/2020\/wp-content\/uploads\/2020\/04\/17.jpg","datePublished":"2016-02-18T12:16:51+00:00","dateModified":"2020-04-12T22:27:58+00:00","breadcrumb":{"@id":"https:\/\/orthodoxalbania.org\/2020\/en\/2016\/02\/18\/historic-meeting-between-the-pope-and-patriarch-kirill\/#breadcrumb"},"inLanguage":"en-US","potentialAction":[{"@type":"ReadAction","target":["https:\/\/orthodoxalbania.org\/2020\/en\/2016\/02\/18\/historic-meeting-between-the-pope-and-patriarch-kirill\/"]}]},{"@type":"ImageObject","inLanguage":"en-US","@id":"https:\/\/orthodoxalbania.org\/2020\/en\/2016\/02\/18\/historic-meeting-between-the-pope-and-patriarch-kirill\/#primaryimage","url":"https:\/\/orthodoxalbania.org\/2020\/wp-content\/uploads\/2020\/04\/17.jpg","contentUrl":"https:\/\/orthodoxalbania.org\/2020\/wp-content\/uploads\/2020\/04\/17.jpg","width":150,"height":150},{"@type":"BreadcrumbList","@id":"https:\/\/orthodoxalbania.org\/2020\/en\/2016\/02\/18\/historic-meeting-between-the-pope-and-patriarch-kirill\/#breadcrumb","itemListElement":[{"@type":"ListItem","position":1,"name":"Home","item":"https:\/\/orthodoxalbania.org\/2020\/"},{"@type":"ListItem","position":2,"name":"Historic meeting between the Pope and Patriarch Kirill"}]},{"@type":"WebSite","@id":"https:\/\/orthodoxalbania.org\/2020\/#website","url":"https:\/\/orthodoxalbania.org\/2020\/","name":"Kisha Orthodh\u03bfkse Autoqefale e Shqip\u00ebris\u00eb","description":"Fqja Zyrtare e Kish\u00ebs Orthodhokse Autoqefale e Shqip\u00ebris\u00eb me lajmet edhe informacionet zyrtare p\u00ebr struktur\u00ebn edhe veprimtarin e saj.","publisher":{"@id":"https:\/\/orthodoxalbania.org\/2020\/#organization"},"potentialAction":[{"@type":"SearchAction","target":{"@type":"EntryPoint","urlTemplate":"https:\/\/orthodoxalbania.org\/2020\/?s={search_term_string}"},"query-input":{"@type":"PropertyValueSpecification","valueRequired":true,"valueName":"search_term_string"}}],"inLanguage":"en-US"},{"@type":"Organization","@id":"https:\/\/orthodoxalbania.org\/2020\/#organization","name":"Kisha Orthodhokse Autoqefale e Shqip\u00ebris\u00eb","url":"https:\/\/orthodoxalbania.org\/2020\/","logo":{"@type":"ImageObject","inLanguage":"en-US","@id":"https:\/\/orthodoxalbania.org\/2020\/#\/schema\/logo\/image\/","url":"https:\/\/orthodoxalbania.org\/2020\/wp-content\/uploads\/2020\/05\/albania.jpeg","contentUrl":"https:\/\/orthodoxalbania.org\/2020\/wp-content\/uploads\/2020\/05\/albania.jpeg","width":540,"height":540,"caption":"Kisha Orthodhokse Autoqefale e Shqip\u00ebris\u00eb"},"image":{"@id":"https:\/\/orthodoxalbania.org\/2020\/#\/schema\/logo\/image\/"},"sameAs":["https:\/\/www.facebook.com\/koash1991"]},{"@type":"Person","@id":"https:\/\/orthodoxalbania.org\/2020\/#\/schema\/person\/df745f942b70e045b3dc05a30211f0de","name":"Kisha Orthodhokse","image":{"@type":"ImageObject","inLanguage":"en-US","@id":"https:\/\/secure.gravatar.com\/avatar\/2676eb8d97178435c9f691a7871595a1da6c33542dec218bce40885573150e28?s=96&d=mm&r=g","url":"https:\/\/secure.gravatar.com\/avatar\/2676eb8d97178435c9f691a7871595a1da6c33542dec218bce40885573150e28?s=96&d=mm&r=g","contentUrl":"https:\/\/secure.gravatar.com\/avatar\/2676eb8d97178435c9f691a7871595a1da6c33542dec218bce40885573150e28?s=96&d=mm&r=g","caption":"Kisha Orthodhokse"}}]}},"_links":{"self":[{"href":"https:\/\/orthodoxalbania.org\/2020\/wp-json\/wp\/v2\/posts\/4404","targetHints":{"allow":["GET"]}}],"collection":[{"href":"https:\/\/orthodoxalbania.org\/2020\/wp-json\/wp\/v2\/posts"}],"about":[{"href":"https:\/\/orthodoxalbania.org\/2020\/wp-json\/wp\/v2\/types\/post"}],"author":[{"embeddable":true,"href":"https:\/\/orthodoxalbania.org\/2020\/wp-json\/wp\/v2\/users\/7"}],"replies":[{"embeddable":true,"href":"https:\/\/orthodoxalbania.org\/2020\/wp-json\/wp\/v2\/comments?post=4404"}],"version-history":[{"count":1,"href":"https:\/\/orthodoxalbania.org\/2020\/wp-json\/wp\/v2\/posts\/4404\/revisions"}],"predecessor-version":[{"id":17201,"href":"https:\/\/orthodoxalbania.org\/2020\/wp-json\/wp\/v2\/posts\/4404\/revisions\/17201"}],"wp:featuredmedia":[{"embeddable":true,"href":"https:\/\/orthodoxalbania.org\/2020\/wp-json\/wp\/v2\/media\/4403"}],"wp:attachment":[{"href":"https:\/\/orthodoxalbania.org\/2020\/wp-json\/wp\/v2\/media?parent=4404"}],"wp:term":[{"taxonomy":"category","embeddable":true,"href":"https:\/\/orthodoxalbania.org\/2020\/wp-json\/wp\/v2\/categories?post=4404"},{"taxonomy":"post_tag","embeddable":true,"href":"https:\/\/orthodoxalbania.org\/2020\/wp-json\/wp\/v2\/tags?post=4404"}],"curies":[{"name":"wp","href":"https:\/\/api.w.org\/{rel}","templated":true}]}}