{"id":4358,"date":"2016-01-16T10:57:11","date_gmt":"2016-01-16T10:57:11","guid":{"rendered":""},"modified":"2020-04-06T22:02:02","modified_gmt":"2020-04-06T20:02:02","slug":"edhe-nje-here-replike-me-z-arben-llalla","status":"publish","type":"post","link":"https:\/\/orthodoxalbania.org\/2020\/2016\/01\/16\/edhe-nje-here-replike-me-z-arben-llalla\/","title":{"rendered":"Edhe nj\u00eb her\u00eb replik\u00eb me z. Arben Llalla"},"content":{"rendered":"<p style=\"text-align: justify;\"> <\/p>\n<p style=\"text-align: right;\"><span style=\"color: #800000;\"><strong><span style=\"font-size: 12pt; font-family: helvetica;\">Botuar n\u00eb gazet\u00ebn &#8220;Tirana Observer&#8221; online, dt. 15 janar 2016<\/span><\/strong><\/span><\/p>\n<p style=\"text-align: justify;\"><span style=\"font-size: 12pt; font-family: helvetica; color: #000000;\">&nbsp;&nbsp;&nbsp; Arben Llalla ti q\u00eb k\u00ebrkon t\u00eb p\u00ebrul\u00ebsh edhe Zotin p\u00ebrpara t\u00eb \u201cv\u00ebrtet\u00ebs\u201d t\u00ebnde dhe k\u00ebrkon t\u00eb sfidosh Kish\u00ebn Orthodokse, si shum\u00eb lart e ke marr\u00eb, por kjo \u00ebsht\u00eb zgjedhja jote, ti ke p\u00ebr t\u00eb par\u00eb. T\u00eb them t\u00eb drejt\u00ebn nuk kam koh\u00eb t\u00eb merrem me ty sepse ti k\u00ebrkon t\u00eb na kthesh prapa n\u00eb koh\u00eb dhe t\u00eb na ngat\u00ebrrosh me ngjarje q\u00eb kan\u00eb gati nj\u00eb shekull q\u00eb kan\u00eb kaluar dhe nuk kan\u00eb lidhje aspak me Kish\u00ebn Orthodhokse Autoqefale t\u00eb Shqip\u00ebris\u00eb q\u00eb drejtohet nga Fortlumturia e tij Kryepeshkopi Anastas dhe Sinodi i Shenjt\u00eb.<\/span><\/p>\n<p style=\"text-align: justify;\"><span style=\"font-size: 12pt; font-family: helvetica; color: #000000;\">&nbsp;&nbsp;&nbsp; Un\u00eb nuk jam historian q\u00eb t\u00eb p\u00ebrballem me fakte historike, por nj\u00eb teolog q\u00eb ju m\u00ebsoj njer\u00ebzve t\u00eb duan Zotin dhe t\u00eb af\u00ebrmin, t\u00eb falin armikun,t\u00eb shohin p\u00ebrpara dhe t\u00eb p\u00ebrpiqen sa t\u00eb jet\u00eb e mundur t\u00eb b\u00ebjn\u00eb mir\u00eb e t\u00eb ken\u00eb paqe me t\u00eb tjer\u00ebt, se jeta \u00ebsht\u00eb e shkurt\u00ebr dhe nj\u00eb dit\u00eb do t\u00eb p\u00ebrballemi me Zotin t\u00eb V\u00ebrtetin, Gjykat\u00ebsin e drejt\u00eb, p\u00ebr t\u00eb dh\u00ebn\u00eb llogari p\u00ebr \u00e7do pun\u00eb ton\u00ebn personale. Por po t\u00eb replikoj edhe nj\u00eb her\u00eb tjet\u00ebr ashtu si\u00e7 thot\u00eb edhe Shkrimi i Shenjt\u00eb \u201cFoli nj\u00eb her\u00eb, dy her\u00eb dhe po nuk d\u00ebgjoi hiq dor\u00eb\u201d.<\/span><\/p>\n<p style=\"text-align: justify;\"><span style=\"font-size: 12pt; font-family: helvetica; color: #000000;\">&nbsp;&nbsp;&nbsp; N\u00eb p\u00ebrgjigjen t\u00ebnde t\u00eb shpejt\u00eb \u201cReplik\u00eb me fakte me z. Miron \u00c7ako\u201d n\u00eb gazet\u00ebn Bota Sot dhe Tirana Observer, data 13 janar p\u00ebrs\u00ebri nuk thoni t\u00eb v\u00ebrtet\u00ebn sepse v\u00ebrtet paraqisni disa fakte dhe fotografi q\u00eb \u00e7do kush mund t\u2019i shoh\u00eb shum\u00eb leht\u00eb me nj\u00eb t\u00eb klikuar n\u00eb faqen e internetit, por ato fakte ju i paraqisni sipas interesit tuaj dhe nuk e thoni t\u00eb v\u00ebrtet\u00ebn t\u00eb plot\u00eb. V\u00ebrtet n\u00eb at\u00eb periudh\u00eb t\u00eb vrullshme t\u00eb formimit t\u00eb shteteve t\u00eb \u00e7liruara nga dora e Perandoris\u00eb Osmane dhe luft\u00ebrave ballkanike, t\u00eb par\u00ebn dhe t\u00eb dyt\u00ebn bot\u00ebrore (1913,1944) n\u00eb Greqi por edhe n\u00eb Shqip\u00ebri jan\u00eb ngat\u00ebrruar klerik\u00eb fetar\u00eb me \u00e7\u00ebshtjen komb\u00ebtare dhe politike. Patjet\u00ebr duke qen\u00eb njer\u00ebz kan\u00eb b\u00ebr\u00eb gabimet e tyre, koha i gjykon dhe secili merr at\u00eb q\u00eb meriton por po t\u00eb gjesh nj\u00eb fakt dhe nj\u00eb fotografi dhe me t\u00eb, t\u00eb krijosh nj\u00eb telenovel\u00eb me shum\u00eb seri t\u00eb mbushura me personazhe dhe histori t\u00eb hamend\u00ebsuara, nuk \u00ebsht\u00eb e ndershme p\u00ebr nj\u00eb historian, si\u00e7 ju pretendoni.<\/span><\/p>\n<p style=\"text-align: justify;\"><span style=\"font-size: 12pt; font-family: helvetica; color: #000000;\">&nbsp;&nbsp;&nbsp; N\u00eb p\u00ebrgjigjen tuaj ju nuk na tregoni burimet historike nga i keni marr\u00eb faktet me t\u00eb cilat ngrini akuzat p\u00ebr kryepeshkop\u00ebt dhe episkop\u00ebt e Greqis\u00eb, p\u00ebrve\u00e7 k\u00ebsaj ju b\u00ebni shum\u00eb pyetje retorike: \u00c7far\u00eb? P\u00ebrse? N\u00eb k\u00ebt\u00eb terren q\u00eb ju paraqisni n\u00eb shkrimin tuaj, q\u00eb i ngjan nj\u00eb mo\u00e7ali, shum\u00eb mund t\u00eb mbeten brenda dhe t\u00eb mbyten n\u00eb hamend\u00ebsime dhe trillime, un\u00eb nuk do ta jap k\u00ebt\u00eb k\u00ebnaq\u00ebsi. Ju p\u00ebrmendi argumente me cop\u00ebza t\u00eb v\u00ebrteta dhe me njer\u00ebz t\u00eb ve\u00e7ant\u00eb dhe k\u00ebrkoni t\u00eb stigmatizoni t\u00eb gjith\u00eb, jo vet\u00ebm Kish\u00ebn e Greqis\u00eb q\u00eb ka me qindra episkop\u00eb dhe mij\u00ebra prift\u00ebrinj por edhe t\u00eb gjith\u00eb krishterimin. Kjo \u00ebsht\u00eb g\u00ebnjeshtra juaj e madhe, prandaj edhe kur thoni cop\u00ebza t\u00eb v\u00ebrteta ju jeni i pabesuesh\u00ebm. Absolutizimi juaj \u00ebsht\u00eb i pa baz\u00eb dhe dashakeq dhe p\u00ebr absolutizimin e personave dhe ngjarjeve me karakter fetar ta kam dh\u00ebn\u00eb p\u00ebrgjigjen n\u00eb replik\u00ebn par\u00eb.<\/span><\/p>\n<p style=\"text-align: justify;\"><span style=\"font-size: 12pt; font-family: helvetica; color: #000000;\">&nbsp;&nbsp;&nbsp; Duhet t\u00eb dish se Kisha si trupi i Krishtit \u00ebsht\u00eb nj\u00eb Institucion Hyj-njer\u00ebzor dhe pjesa njer\u00ebzore ka gabime t\u00eb cilat jan\u00eb personale,individuale dhe \u00e7do kush p\u00ebrgjigjet vet p\u00ebr ato q\u00eb ka b\u00ebr\u00eb p\u00ebrpara Zotit,por edhe p\u00ebrpara Kish\u00ebs. Kisha me sit\u00ebn e koh\u00ebs nxjerr nga radh\u00ebt e saj njer\u00ebz q\u00eb kan\u00eb shp\u00ebrdoruar detyr\u00ebn q\u00eb ajo i ngarkoi, prandaj dhe n\u00eb historin\u00eb e Kish\u00ebs p\u00ebrmenden hererik\u00ebt, skizmatik\u00ebt dhe abuzuesit. N\u00eb Kish\u00eb kriteri p\u00ebr t\u00eb nderuar nj\u00eb njeri, klerik ose laik \u00ebsht\u00eb jo kur ai abuzon dhe d\u00ebmton t\u00eb tjer\u00ebt n\u00eb emrin e Zotit por kur at\u00eb e abuzojn\u00eb, e d\u00ebmtojn\u00eb dhe e vrasin duke e urryer pa shkak se tha t\u00eb v\u00ebrtet\u00ebn me dashuri, k\u00ebta quhen shenjtor\u00eb dhe martir\u00eb n\u00eb krisht\u00ebrim dhe k\u00ebta jan\u00eb modeli dhe shembulli i imitimit. Prandaj edhe sikur personat q\u00eb ju p\u00ebrmendni n\u00eb akt-akuz\u00ebn tuaj jan\u00eb v\u00ebrtet\u00eb t\u00eb p\u00ebrfshir\u00eb n\u00eb genocidin kund\u00ebr popullsis\u00eb \u00e7ame 1944-1945 kjo p\u00ebrs\u00ebri nuk ngarkon me faj ask\u00ebnd tjet\u00ebr p\u00ebrve\u00e7 atyre. Pra alibia juaj p\u00ebr t\u00eb akuzuar p\u00ebr k\u00ebt\u00eb fakt Kryepiskopin Anastas i cili n\u00eb k\u00ebt\u00eb koh\u00eb ka qen\u00eb nj\u00eb adoleshent 15 vje\u00e7ar i paangazhuar n\u00eb postet drejtuese t\u00eb Kish\u00ebs s\u00eb Greqis\u00eb dhe sot Kish\u00ebn Orthodhokse Autoqefale t\u00eb Shqip\u00ebris\u00eb q\u00eb drejtohet nga Kryepiskopi dhe Sinodi i Shenjt\u00eb \u00ebsht\u00eb absurditet. \u00cbsht\u00eb si p.sh t\u00eb b\u00ebjn\u00eb ty fajtor p\u00ebr gabimet e v\u00ebllait t\u00ebnd, kur ti s\u2019kishe lindur ose jetoni t\u00eb ndar\u00eb.<\/span><\/p>\n<p style=\"text-align: justify;\"><span style=\"font-size: 12pt; font-family: helvetica; color: #000000;\">&nbsp;&nbsp;&nbsp; Ju q\u00eb pretendoni se keni n\u00eb dor\u00eb kutin\u00eb e Pandor\u00ebs dhe nxirrni prej andej, kur t\u00eb doni juve, fakte dhe prova q\u00eb do t\u00eb na gozhdojn\u00eb, pse nuk thoni n\u00eb shkrimet tuaja se dhe vet Kryepiskopi Anastas q\u00eb juve e quani nj\u00eb \u201cagjent grek\u2019\u2019 t\u00eb d\u00ebrguar nga Kisha e Greqis\u00eb n\u00eb Shqip\u00ebri, nuk e shikonin me sy t\u00eb mir\u00eb disa eksponent\u00eb edhe brenda Kish\u00ebs n\u00eb Greqi, jo vet\u00ebm p\u00ebr aft\u00ebsit\u00eb e tij t\u00eb rralla intelektuale por sepse ai kishte t\u00eb tjera mendime t\u00eb frym\u00ebzuara nga Ungjilli, p\u00ebr dashuri p\u00ebr t\u00eb gjith\u00eb njer\u00ebzit, q\u00eb Kisha duhet t\u00eb jet\u00eb e hapur p\u00ebr t\u00eb gjith\u00eb kombet pa frym\u00eb nacionaliste, q\u00eb \u00e7do njeri \u00ebsht\u00eb nj\u00eb ikon\u00eb e Krishtit dhe duhet respektuar n\u00eb dinjitetin e tij dhe p\u00ebr rikujtimin e porosis\u00eb s\u00eb harruar q\u00eb tha Zoti Krisht: \u201cDilni n\u00eb mbar\u00eb bot\u00ebn dhe predikoni ungjillin gjith\u00eb kombeve\u201d (Mk. 16:15)<\/span><\/p>\n<p style=\"text-align: justify;\"><span style=\"font-size: 12pt; font-family: helvetica; color: #000000;\">&nbsp;&nbsp;&nbsp; Shkoni n\u00eb gjith\u00eb kombet dhe predikoni Lajmin e Mir\u00eb\u201d. E p\u00ebr k\u00ebt\u00eb arsye ai nuk mori n\u00eb drejtim nj\u00eb episkopate n\u00eb Greqi, por postin e Drejtorit t\u00eb P\u00ebrgjithsh\u00ebm t\u00eb Sh\u00ebrbimit Apostolik t\u00eb Kish\u00ebs s\u00eb Greqis\u00eb nga viti 1972-1991. Dhe si nj\u00eb isapostull (i barabart\u00eb me apostujt) ka punuar p\u00ebr nj\u00eb dhjet\u00ebvje\u00e7ar nga viti 1981-1990 p\u00ebr ngritjen e kishave t\u00eb reja lokale n\u00eb Afrik\u00eb dhe p\u00ebr k\u00ebt\u00eb u nderua me dekorat\u00ebn \u201cbamir\u00ebsi i madh\u201d, i Patriarkan\u00ebs s\u00eb Aleksandris\u00eb 2009. Nga Afrika ai erdhi n\u00eb Shqip\u00ebri jo i d\u00ebrguar nga Kisha e Greqis\u00eb por nga Patriarkana Ekumenike, n\u00eb fillim si Ekzark Patriarkal dhe m\u00eb von\u00eb me k\u00ebrkes\u00ebn e t\u00eb krishter\u00ebve besimtar\u00eb orthodhoks\u00eb, mbi 22 % me komb\u00ebsi shqiptare, greke, vllahe dhe sllave, ai u kanonizua nga Patriarkana Ekumenike si Kryepiskop i Kish\u00ebs Orthodhokse Autoqefale t\u00eb Shqip\u00ebris\u00eb 24 .6 .1992 dhe ky nj\u00eb fakt i kryer kishtar dhe i njohur nga gjith\u00eb kishat e krishtera si motra n\u00eb bot\u00eb, i pranuar nga shteti shqiptar 30. 6 .1992 dhe i fron\u00ebzuar n\u00eb katedralen e Tiran\u00ebs 2.8.1992, n\u00eb pranin\u00eb e t\u00eb gjith\u00eb klerik\u00ebve dhe p\u00ebrfaq\u00ebsuesve laik\u00eb t\u00eb dioqezave t\u00eb Shqip\u00ebris\u00eb.<\/span><\/p>\n<p style=\"text-align: justify;\"><span style=\"font-size: 12pt; font-family: helvetica; color: #000000;\">&nbsp;&nbsp;&nbsp; Por si nuk t\u00eb tha goja nj\u00eb fjal\u00eb t\u00eb mir\u00eb o zoti Arben p\u00ebr k\u00ebt\u00eb njeri t\u00eb Per\u00ebndis\u00eb q\u00eb 24 vjet n\u00eb Shqip\u00ebrin\u00eb ton\u00eb t\u00eb traumatizuar dha kontributin p\u00ebr ringritjen nga g\u00ebrmadhat e Kish\u00ebs Orthodhokse Autoqefale t\u00eb Shqip\u00ebris\u00eb, duke zhvilluar nj\u00eb veprimtari t\u00eb shum\u00ebanshme sociale n\u00eb fushat e sh\u00ebndetit,arsimit kujdesit social,mjedisit dhe kultur\u00ebs? Nj\u00ebkoh\u00ebsisht ka luftuar p\u00ebr zbutjen e kontradiktave n\u00eb Ballkan duke ju th\u00ebn\u00eb me autoritetin e Zotit, \u00e7dokujt q\u00eb lufton p\u00ebr interesat e tij n\u00eb em\u00ebr t\u00eb fes\u00eb\u201ct\u00eb mos e p\u00ebrdor\u00eb askush vajin e kandilit t\u00eb besimit p\u00ebr t\u00eb ndezur urrejtjen fetare.\u201d<\/span><\/p>\n<p style=\"text-align: justify;\"><span style=\"font-size: 12pt; font-family: helvetica; color: #000000;\">&nbsp;&nbsp;&nbsp; Por fatkeq\u00ebsisht ti t\u00eb gjitha k\u00ebto i quan \u201cmite\u201d n\u00eb shkrimin t\u00ebnd amatoresk, t\u00eb botuar n\u00eb gazet\u00ebn Ballkan dat\u00eb 9-10 janar dhe Dielli.com 11 janar, q\u00eb ngjan si nj\u00eb p\u00ebrpjekje e nj\u00eb njeriu t\u00eb d\u00ebshtuar dhe t\u00eb p\u00ebr\u00e7artur p\u00ebr t\u00eb mbuluar diellin me shosh\u00eb.<\/span><\/p>\n<p style=\"text-align: justify;\"><span style=\"font-size: 12pt; font-family: helvetica; color: #000000;\">&nbsp;&nbsp;&nbsp; Ju quani mit t\u00eb Anastasit riorganizimin e rreth 460 enorive orthodhokse ku zhvillohen veprimtari liturgjike, predikuese e katekiste n\u00eb qytete e fshatra.<\/span><\/p>\n<p style=\"text-align: justify;\"><span style=\"font-size: 12pt; font-family: helvetica; color: #000000;\">&nbsp;&nbsp;&nbsp; Ju quani mit t\u00eb Anastasit hirotonin\u00eb e 150 klerik\u00ebve me n\u00ebnshtet\u00ebsi shqiptare, t\u00eb t\u00eb gjitha gradave me arsim t\u00eb lart\u00eb (Akademia Teologjike) nd\u00ebrkoh\u00eb kan\u00eb nd\u00ebrruar jet\u00eb 18 klerik\u00eb.<\/span><\/p>\n<p style=\"text-align: justify;\"><span style=\"font-size: 12pt; font-family: helvetica; color: #000000;\">&nbsp;&nbsp;&nbsp; Ju quani mit t\u00eb Anastasit nd\u00ebrtimin e 150 kishave t\u00eb reja, restaurimin e 60 kishave, manastireve, monumenteve t\u00eb kultur\u00ebs dhe riparimin e 160 kishave. Blerjen dhe rikonstruksionin e 70 godinave p\u00ebr kopshte, shkolla, qendra rinore, qendra sh\u00ebndet\u00ebsore, selit\u00eb mitropolitane, sht\u00ebpi pritje, punishte, mensa p\u00ebr t\u00eb varfrit dhe t\u00eb gjitha k\u00ebto p\u00ebrb\u00ebjn\u00eb 250 objekte.<\/span><\/p>\n<p style=\"text-align: justify;\"><span style=\"font-size: 12pt; font-family: helvetica; color: #000000;\">&nbsp;&nbsp;&nbsp; Ju quani mit t\u00eb Anastasit krijimin dhe funksionimin e mbi 50 qendrave rinore n\u00eb qytete e fshatra dhe organizimin \u00e7do vit t\u00eb veprimtarive rinore si kampingjet verore e dim\u00ebrore, konferenca dhe veprimtari sportive, aktivitete me t\u00eb rinjt\u00eb me aft\u00ebsi kufizuara, aktivitete n\u00eb burgje, sht\u00ebpi f\u00ebmije, azile dhe festivalet rinore.<\/span><\/p>\n<p style=\"text-align: justify;\"><span style=\"font-size: 12pt; font-family: helvetica; color: #000000;\">&nbsp;&nbsp;&nbsp; Ju quani mit t\u00eb Anastasit qendr\u00ebn diagnostikuese Ungjill\u00ebzimi n\u00eb Tiran\u00eb, me 23 specialist\u00eb, me sh\u00ebrbime bashk\u00ebkohore mjek\u00ebsore dhe me kontributin e mjek\u00ebve t\u00eb njohur ku n\u00eb 11 vjet t\u00eb funksionimit t\u00eb saj jan\u00eb realizuar m\u00eb shum\u00eb s\u00eb 1 milion\u00eb vizita e 3 milion analiza p\u00ebr t\u00eb gjith\u00eb njer\u00ebzit pa dallim feje dhe me nj\u00eb vler\u00eb t\u00eb arsyeshme. Po ashtu dhe qendrat diagnostikuese okulstike dhe ORL, qendra t\u00eb kujdesit par\u00ebsor, sh\u00ebndet\u00ebsor q\u00eb funksionojn\u00eb p\u00ebr t\u00eb gjith\u00eb njer\u00ebzit n\u00eb Kavaj\u00eb, Kor\u00e7\u00eb, Jergucat (Gjirokast\u00ebr) dhe Lushnj\u00eb.<\/span><\/p>\n<p style=\"text-align: justify;\"><span style=\"font-size: 12pt; font-family: helvetica; color: #000000;\">&nbsp;&nbsp;&nbsp; Ju quani mit t\u00eb Anastasit nd\u00ebrtimin dhe funksionimin e shkoll\u00ebs Teologjike \u201cNgjallja e Krishtit\u201d n\u00eb sh\u00ebn Vlash, Durr\u00ebs, dy shkollat e mesme Kryqi i Nderuar, Gjirokast\u00ebr dhe Sukth t\u00eb Durr\u00ebsit, gjithashtu 21 kopshtet n\u00eb 19 qytete, Kompleksin Arsimor Shqiptaro-Amerikan \u201cProtagonist\u00ebt\u201d kop\u00ebsht f\u00ebmij\u00ebsh, shkoll\u00eb n\u00ebnt\u00eb vje\u00e7are dhe t\u00eb mesme dhe Shkoll\u00ebn N\u00ebnt\u00ebvje\u00e7are Shqiptaro-Greke \u2018Frym\u00eb Dashurie\u201d Gjirokast\u00ebr, shkoll\u00ebn e mesme Kor\u00e7\u00eb, shkoll\u00eb teknike Sarand\u00eb, shkoll\u00ebn e Muzik\u00ebs Bizantine, Tiran\u00eb, Instituti i Formimit Profesional \u201cFrym\u00eb Dashurie\u201d, Gjirokast\u00ebr dhe Shkolla e Lart\u00eb Logos , Tiran\u00eb, Sht\u00ebpia e F\u00ebmij\u00ebs, Durr\u00ebs.<\/span><\/p>\n<p style=\"text-align: justify;\"><span style=\"font-size: 12pt; font-family: helvetica; color: #000000;\">&nbsp;&nbsp;&nbsp; Ju quani mit t\u00eb Anastasit ndihmat humanitare q\u00eb Kisha Orthodhokse e drejtuar prej tij ka dh\u00ebn\u00eb: gjat\u00eb krizave t\u00eb ndryshme 1992,1994,1997 duke dh\u00ebn\u00eb ndihma humanitare me shp\u00ebrndarjen e mij\u00ebrave ton ushqimeve, veshmbathjeve dhe ila\u00e7e. Ju quani mit ndihm\u00ebn q\u00eb iu dha 33000 refugjat\u00ebve nga Kosova dhe shumica e k\u00ebtyre ndihmave nuk erdhi nga bota orthodhokse dhe shteti grek por nga vendet skandinave t\u00eb Konferenc\u00ebs s\u00eb Kishave Europiane, t\u00eb cilat iu p\u00ebrgjigj\u00ebn thirrjes s\u00eb Kryepiskopit dhe lan\u00eb n\u00eb dor\u00ebn e tij dhe t\u00eb Kish\u00ebs Orthodhokse t\u00eb Shqip\u00ebris\u00eb menaxhimin e tyre, sepse ai ishte njeriu i besuar p\u00ebr ta.<\/span><\/p>\n<p style=\"text-align: justify;\"><span style=\"font-size: 12pt; font-family: helvetica; color: #000000;\">&nbsp;&nbsp;&nbsp; Ju quani mit t\u00eb Anastasit kontributin e Kish\u00ebs Orthodhokse t\u00eb Shqip\u00ebris\u00eb n\u00eb trash\u00ebgimin\u00eb kulturore n\u00eb restaurimin e 600 ikonave, me vler\u00eb t\u00eb madhe jo vet\u00ebm artistike por edhe komb\u00ebtare si\u00e7\u00ebsht\u00eb arti i ikonografis\u00eb s\u00eb Shqip\u00ebris\u00eb dhe kontributi gati 11 milion\u00eb euro p\u00ebr restaurimin e monumenteve t\u00eb kultur\u00ebs (kisha),etj.<\/span><\/p>\n<p style=\"text-align: justify;\"><span style=\"font-size: 12pt; font-family: helvetica; color: #000000;\">&nbsp;&nbsp;&nbsp; K\u00ebto fakte tregojn\u00eb se mit nuk \u00ebsht\u00eb Anastasi q\u00eb nd\u00ebrton, por mit q\u00eb mohon me nihiliz\u00ebm gjith\u00e7ka q\u00eb b\u00ebhet n\u00eb drit\u00ebn e diellit je ti.<\/span><\/p>\n<p style=\"text-align: justify;\"><span style=\"font-size: 12pt; font-family: helvetica; color: #000000;\">&nbsp;&nbsp;&nbsp; Por mir\u00eb mo zoti Arben kush je ti q\u00eb guxon dhe fyen nj\u00eb personalitet t\u00eb till\u00eb, Kryepeshkopin e Tiranes, Durr\u00ebsit dhe gjith\u00eb Shqip\u00ebris\u00eb, profesor doktor Anastas Janullatosin, i shpallur doktor nderi i teologjis\u00eb apo doktor nderi i filozofis\u00eb i 17 universiteteve, fakulteteve dhe deg\u00ebve universitare n\u00eb Greqi, SHBA, Rumani, Qipro, Gjeorgji, Shqip\u00ebri, Itali. Njeriu q\u00eb flet shum\u00eb mir\u00eb fr\u00ebngjisht, gjermanisht, anglisht, lexon latinisht,italisht, spanjisht dhe tani shqip. Autorin e dhjetra monografive shkencore dhe mbi 240 studimeve dhe artikujve me p\u00ebrmbajtje teologjike ose fetarologjike. Studimet dhe artikujt e tij jan\u00eb p\u00ebrkthyer n\u00eb 12 gjuh\u00eb t\u00eb huaja,ka mbajtur ligj\u00ebrata n\u00eb tribunat nd\u00ebrkomb\u00ebtare,lidhur me d\u00ebshmi t\u00eb sotme t\u00eb krishtera,dialogun nd\u00ebrfetar solidaritetin dhe paqen bot\u00ebrore,\u00ebsht\u00eb nderuar me shum\u00eb dekorata dhe \u00e7mime nga Kisha t\u00eb shumta orthodhokse dhe nga vende t\u00eb ndryshme,mbi 26\u00e7mime dhe dekorata,si p.sh \u00e7mimi \u2018\u2019Athenagora\u2019s Human Rights Award (Nju \u2013Jork 2001), \u201cP\u00ebr kontributin e shquar p\u00ebr paqen,dialogun dhe mirkuptimin\u2019\u2019 (Mosk\u00eb 2006) dhe dekorata \u2018\u2019Gjergj Kastriot Sk\u00ebnd\u00ebrbeu e Republik\u00ebs s\u00eb Shqip\u00ebris\u00eb 2010 dhe tani n\u00eb Vatikan \u201cGiuseppe Sciacca\u201d p\u00ebr Aktivitet Hierapostolik, Solidaritet Social dhe Humaniz\u00ebm dhe n\u00eb vitin 2000 kandidat p\u00ebr \u00e7mimin Nob\u00ebl p\u00ebr paqen.<\/span><\/p>\n<p style=\"text-align: justify;\"><span style=\"font-size: 12pt; font-family: helvetica; color: #000000;\">&nbsp;&nbsp;&nbsp; Ta fyesh k\u00ebt\u00eb njeri dhe t\u00eb diskutosh mbi formimin e karakterit t\u00eb tij duke b\u00ebr\u00eb analiza psikologjike p\u00ebr at\u00eb n\u00eb shkrimin tuaj \u201cnj\u00eb intervist\u00eb mitomane e Kryepiskop Anastasit\u201d(dt 10 janar) dhe duke e quajtuar nj\u00eb agjent t\u00eb r\u00ebndomt\u00eb, nj\u00eb shkat\u00ebrrues t\u00eb Institucionit t\u00eb Kish\u00ebs Orthodhokse,nj\u00eb rrezik komb\u00ebtar, ti nuk je duke fyer at\u00eb por gjith\u00eb bot\u00ebn q\u00eb e nderon dhe vet\u00eb Shtetin Shqiptar i cili e nderoi me dekorat\u00ebn e heroit komb\u00ebtar \u201cGjergj Kastriot Sk\u00ebnderbeut\u2019\u2019. Me duket se e ke tepruar shum\u00eb dhe po b\u00ebhesh qesharak, urrejta pa shkak t\u00eb \u00ebsht\u00eb b\u00ebr\u00eb opsesion, mendoj se ke nevoj\u00eb p\u00ebr nj\u00eb psikolog, do ishte mir\u00eb nj\u00eb at\u00eb shpirt\u00ebror q\u00eb t\u00eb rr\u00ebfehesh, por ti nuk do.<\/span><\/p>\n<p style=\"text-align: justify;\"><span style=\"font-size: 12pt; font-family: helvetica; color: #000000;\">&nbsp;&nbsp;&nbsp; Por mir\u00eb o zoti Arben q\u00eb thua se jam shqiptar, \u00e7far\u00eb je duke b\u00ebr\u00eb p\u00ebr Shqip\u00ebrin\u00eb sot, q\u00eb k\u00ebrkon t\u00eb integrohet n\u00eb Bashkimin Europian dhe s\u00eb bashku me vendet fqinje si Greqia, etj? Apo ty nuk t\u00eb inereson kjo gj\u00eb, ndoshta ty t\u00eb intereson vet\u00ebm kthimi i kok\u00ebs prapa tek baba dovleti q\u00eb na izoloi nga Europa e qytet\u00ebruar p\u00ebr 500 vjet, ku do t\u00eb dal\u00ebsh ti, \u00e7far\u00eb do t\u00eb thuash q\u00eb grek\u00ebt jan\u00eb armiq, se ata jan\u00eb t\u00eb krishter\u00eb, dhe e ardhmja e Shqip\u00ebris\u00eb \u00ebsht\u00eb ribashkimi me Turqin\u00eb? Por ti je i vonuar se edhe vet\u00eb Turqia e shikon t\u00eb ardhmen n\u00eb Bashkimin Europian dhe aq m\u00eb shum\u00eb vendi yn\u00eb i cili ka 26 vjet tranzicion, duke u p\u00ebrpjekur akoma dhe nuk po b\u00ebhemi pjes\u00eb e k\u00ebsaj Evrope sepse duhet t\u00eb p\u00ebrmbushim disa kritere dhe boshll\u00ebqe q\u00eb na lan\u00eb shekujt e pushtuesve osman\u00eb dhe komunizmi ateist.<\/span><\/p>\n<p style=\"text-align: justify;\"><span style=\"font-size: 12pt; font-family: helvetica; color: #000000;\">&nbsp;&nbsp;&nbsp; Por ne t\u00eb krishter\u00ebt orthodhoks\u00eb t\u00eb Shqip\u00ebris\u00eb kemi hyr\u00eb n\u00eb Europ\u00eb dhe nderohemi dhe jemi faktor i r\u00ebnd\u00ebsish\u00ebm n\u00eb bot\u00eb. Kisha Orthodhokse Autoqefale e Shqip\u00ebris\u00eb u njoh dhe u b\u00eb an\u00ebtare e rregullt e Konferenc\u00ebs s\u00eb Kishave Europiane (CEC), an\u00ebtare e K\u00ebshillit Bot\u00ebror t\u00eb Kishave (WCC)si dhe organizmit nd\u00ebrfetar global \u201cFet\u00eb p\u00ebr Paqen\u201d dhe k\u00ebt\u00eb e ka b\u00ebr\u00eb t\u00eb mundur ky njeriu \u201cky agjenti\u2018\u2019 q\u00eb \u00ebsht\u00eb zgjedhur vazhdimisht n\u00eb pozicione t\u00eb shquara t\u00eb organizmave nd\u00ebrkomb\u00ebtare, President i Komitetit t\u00eb Misionarizmit dhe Ungjill\u00ebzimit Bot\u00ebror pran\u00eb KBK nga viti 1984-1989 Z\u00ebvend\u00ebspresident i Kishave t\u00eb Europ\u00ebs 2003-2009 dhe president nderi i Konferences Bot\u00ebrore t\u00eb Feve p\u00ebr Paqen 2009 e n\u00eb vazhdim.<\/span><\/p>\n<p style=\"text-align: justify;\"><span style=\"font-size: 12pt; font-family: helvetica; color: #000000;\">&nbsp;&nbsp;&nbsp; N\u00eb Tiran\u00eb n\u00eb datat 6-8 shtator u organizua takimi nd\u00ebrfetar \u201cPaqja \u00ebsht\u00eb e mundur\u201d dhe protagonist kryesor ishte Kryepiskop Anastasi dhe Kisha Orthodhokse Autoqefale e Shqip\u00ebris\u00eb s\u00eb bashku me Kish\u00ebn Katolike dhe Komunitetin Sant\u2019Egidio ku mor\u00ebn pjes\u00eb 400 lider\u00eb fetar\u00eb t\u00eb t\u00eb gjitha feve n\u00eb bot\u00eb. Kryepiskopi Anastas, mbajti nj\u00eb nga fjal\u00ebt p\u00ebrmbyll\u00ebse. Ai tha nd\u00ebr t\u00eb tjera se: Per\u00ebndia \u00ebsht\u00eb gjithmon\u00eb me paqeb\u00ebr\u00ebsit dhe na frym\u00ebzon e mb\u00ebshtet n\u00eb p\u00ebrpjekjet dhe mundimet tona. Ne t\u00eb krishter\u00ebt dim\u00eb se Per\u00ebndia vet\u00eb \u00ebsht\u00eb dashuri dhe ai q\u00eb q\u00ebndron n\u00eb dashuri, q\u00ebndron n\u00eb Per\u00ebndin\u00eb dhe Per\u00ebndia n\u00eb at\u00eb (1 Jn. 4:16). \u00c7do dhun\u00eb n\u00eb em\u00ebr t\u00eb fes\u00eb dhunon esenc\u00ebn e fes\u00eb.<\/span><\/p>\n<p style=\"text-align: justify;\"><span style=\"font-size: 12pt; font-family: helvetica; color: #000000;\">&nbsp;&nbsp;&nbsp; Gjithashtu nga 2-4 n\u00ebntor 2015, n\u00eb Tiran\u00eb u zhvillua Konsultimi i par\u00eb Nd\u00ebrkomb\u00ebtar p\u00ebr tem\u00ebn \u201cDiskriminim, persekutim, martirizim: Duke ndjekur Krishtin s\u00eb bashku\u201d. N\u00eb takim mor\u00ebn pjes\u00eb mbi 150 pjes\u00ebmarr\u00ebs, nga 65 shtete nga Azia, Afrika, Amerika e Jugut, Lindja e Mesme dhe nga gjith\u00eb Veriu i Globit si p\u00ebrfaq\u00ebsues t\u00eb Kish\u00ebs Orthodhokse, Katolike, K\u00ebshillit Bot\u00ebror t\u00eb Kishave, Aleanc\u00ebs Bot\u00ebrore Evangjelike dhe Pentekostal\u00ebt. Ata diskutuan problematik\u00ebn e p\u00ebrndjekjeve t\u00eb krishtera nga fondamentalizmi islamik dhe pasojat e tyre tek t\u00eb krishter\u00ebt n\u00eb mbar\u00eb bot\u00ebn dhe u zgjodh Shqip\u00ebria p\u00ebr simbolik\u00ebn e vuajtjes dhe martirizimit q\u00eb kaluan t\u00eb gjitha besimet gjat\u00eb persekutimit ateist. Gjith\u00e7ka u realizua me mikpritjen e Kish\u00ebs Orthodhokse q\u00eb drejtohet nga Kryepeshkopi Anastas.<\/span><\/p>\n<p style=\"text-align: justify;\"><span style=\"font-size: 12pt; font-family: helvetica; color: #000000;\">&nbsp;&nbsp;&nbsp; Un\u00eb nuk jam avokati i djallit q\u00eb \u00ebsht\u00eb babai i g\u00ebnjeshtr\u00ebs,as avokati i Anastasit sepse ai nuk ka nevoj\u00eb p\u00ebr avokat q\u00eb t\u00eb mbrohet, \u201cse pema njihet nga frutat\u201d, por jam duke t\u00eb th\u00ebn\u00eb at\u00eb q\u00eb \u00ebsht\u00eb e v\u00ebrtet\u00eb dhe n\u00eb interesin e p\u00ebrbashk\u00ebt t\u00eb t\u00eb gjith\u00eb shqiptar\u00ebve.<\/span><\/p>\n<p style=\"text-align: justify;\"><span style=\"font-size: 12pt; font-family: helvetica; color: #000000;\">&nbsp;&nbsp;&nbsp; Po le t\u00eb pyesim popullin kush do ishte m\u00eb i mir\u00eb p\u00ebr t\u00eb, nj\u00eb \u201cagjent grek\u201d q\u00eb nd\u00ebrton dhe kontribuon q\u00eb t\u00eb njihemi n\u00eb Europ\u00eb dhe t\u00eb b\u00ebhemi pjes\u00eb e saj integrale apo nj\u00eb nacionalist ekstremist q\u00eb do t\u00eb na izoloj\u00eb dhe armiq\u00ebsoj\u00eb me fqinj\u00ebt dhe t\u00eb na kthej\u00eb prapa n\u00eb luftra dhe gjakderdhje etnike dhe fetare?<\/span><\/p>\n<p style=\"text-align: justify;\"><span style=\"font-size: 12pt; font-family: helvetica; color: #000000;\">&nbsp;&nbsp;&nbsp; D\u00ebgjo edhe 2 fjal\u00eb p\u00ebr \u00e7\u00ebshtjen \u00e7ame,me q\u00eb e ke nj\u00eb shqet\u00ebsim t\u00eb madh. Un\u00eb q\u00eb po t\u00eb shkruaj jam nj\u00eb i krishter\u00eb me origjin\u00eb shqiptare dhe dh\u00ebnd\u00ebr tek \u00e7am\u00ebt Paramithiot\u00eb, por n.q.s. do t\u2019i sh\u00ebrbesh me t\u00eb v\u00ebrtet\u00eb \u00e7\u00ebshtjes \u00e7ame q\u00eb \u00ebsht\u00eb nj\u00eb \u00e7\u00ebshtje p\u00ebr \u201c\u00c7ezarin\u201d. Vet\u00eb integrimi n\u00eb Europ\u00eb do t\u2019i jap\u00eb nj\u00eb zgjidhje t\u00eb natyrshme k\u00ebsaj \u00e7\u00ebshtjeje q\u00eb me t\u00eb v\u00ebrtet\u00eb \u00ebsht\u00eb e dhimbshme, prandaj shiko p\u00ebrpara dhe n.q.s. ke nd\u00ebrmend t\u00eb b\u00ebsh di\u00e7ka q\u00eb ne t\u00eb qytet\u00ebrohemi si popujt e Europ\u00ebs q\u00eb din\u00eb t\u00eb falin dhe bashk\u00ebpunojn\u00eb me nj\u00ebri tjetrin n\u00eb nj\u00eb Europ\u00eb t\u00eb bashkuar b\u00ebje,n\u00eb t\u00eb kund\u00ebrt\u00ebn mos vazhdo k\u00ebt\u00eb rrug\u00eb se jo vet\u00ebm do d\u00ebmtosh veten por do t\u2019i shtosh akoma m\u00eb shum\u00eb energjit\u00eb negative k\u00ebtij populli i cili ka vuajtur prej kaq shum\u00eb koh\u00ebsh nga njer\u00ebzit q\u00eb p\u00ebr interesat e tyre kane l\u00ebn\u00eb mbrapa nj\u00eb tok\u00eb t\u00eb djegur.<\/span><\/p>\n<p style=\"text-align: justify;\"><span style=\"font-size: 12pt; font-family: helvetica; color: #000000;\">&nbsp;&nbsp;&nbsp; N\u00eb replik\u00ebn e shpejt\u00eb, besoj se harrove t\u00eb sqarosh pse nuk the t\u00eb v\u00ebrtet\u00ebn n\u00eb lidhje me dhoksollogjin\u00eb e flamurit q\u00eb u krye pothuajse vet\u00ebm n\u00eb \u00e7do kish\u00eb orthodhokse edhe n\u00eb Kish\u00ebn Katedrale \u201cNgjallja e Krishtit\u201d nga Fortlumturia e tij Kryepiskopi i Tiran\u00ebs Durr\u00ebsit Elbasanit dhe i gjith\u00eb Shqip\u00ebris\u00eb Anastasi, por t\u2019i k\u00ebt\u00eb e mohove dhe g\u00ebnjeve duke th\u00ebn\u00eb q\u00eb nuk u krye. Uroj q\u00eb t\u00eb gjitha ato q\u00eb ke shkruar me mllef dhe shpifje kund\u00ebr Kryepiskopit dhe Kish\u00ebs Orthodhokse Autoqefale t\u00eb Shqip\u00ebris\u00eb t\u2019i kesh b\u00ebr\u00eb nga padija dhe jo nga &#8230;? Dhe mos kujto se ne orthodhoks\u00ebt s\u2019jemi burra dhe jemi frikacak\u00eb, por burr\u00eb \u00ebsht\u00eb ai q\u00eb thot\u00eb t\u00eb v\u00ebrtet\u00ebn dhe fal, t\u00eb drejt\u00ebn e hakmarrjes, e ka Zoti, Gjykat\u00ebsi i Drejt\u00eb.<\/span><\/p>\n<p style=\"text-align: justify;\">&nbsp;<\/p>\n<p style=\"text-align: right;\"><strong><span style=\"font-size: 12pt; font-family: helvetica; color: #000000;\">Nga Miron \u00c7ako, P\u00ebrgjegj\u00ebs i Zyr\u00ebs s\u00eb Katekizmit<\/span><\/strong><\/p>\n<p style=\"text-align: right;\">&nbsp;<\/p>\n<p><img class=\"lazyload\" decoding=\"async\" style=\"margin: 10px auto; border: 1px solid #000000; display: block;\" alt=\"\" src=\"data:image\/svg+xml,%3Csvg%20xmlns%3D%27http%3A%2F%2Fwww.w3.org%2F2000%2Fsvg%27%20width%3D%27450%27%20height%3D%27412%27%20viewBox%3D%270%200%20450%20412%27%3E%3Crect%20width%3D%27450%27%20height%3D%27412%27%20fill-opacity%3D%220%22%2F%3E%3C%2Fsvg%3E\" data-orig-src=\"https:\/\/lh4.googleusercontent.com\/-f0vUlAK2sGY\/VjsT5bpaH1I\/AAAAAAAAQEk\/69ARUi8GJlo\/w631-h578-no\/foto+mironi+web+2.JPG\" height=\"412\" width=\"450\" \/><\/p>\n","protected":false},"excerpt":{"rendered":"<p>Botuar n\u00eb gazet\u00ebn &#8220;Tirana Observer&#8221; online, dt. 15 janar 2016 &nbsp;&nbsp;&nbsp; Arben Llalla ti q\u00eb k\u00ebrkon t\u00eb p\u00ebrul\u00ebsh edhe Zotin p\u00ebrpara t\u00eb \u201cv\u00ebrtet\u00ebs\u201d t\u00ebnde dhe k\u00ebrkon t\u00eb sfidosh Kish\u00ebn Orthodokse, si shum\u00eb lart e ke marr\u00eb, por kjo \u00ebsht\u00eb zgjedhja jote, ti ke p\u00ebr t\u00eb par\u00eb. T\u00eb them t\u00eb drejt\u00ebn nuk kam koh\u00eb t\u00eb merrem me ty sepse ti k\u00ebrkon t\u00eb na kthesh prapa n\u00eb<\/p>\n","protected":false},"author":1,"featured_media":4240,"comment_status":"open","ping_status":"open","sticky":false,"template":"","format":"standard","meta":{"_acf_changed":false,"pagelayer_contact_templates":[],"_pagelayer_content":"","inline_featured_image":false,"fifu_image_url":"","fifu_image_alt":"","footnotes":""},"categories":[108],"tags":[204,196,212,203],"class_list":["post-4358","post","type-post","status-publish","format-standard","has-post-thumbnail","hentry","category-lajme","tag-204","tag-tirane","tag-lajme-d27","tag-pergjigje-ndaj-akuzave"],"acf":[],"yoast_head":"<!-- This site is optimized with the Yoast SEO plugin v27.2 - https:\/\/yoast.com\/product\/yoast-seo-wordpress\/ -->\n<title>Edhe nj\u00eb her\u00eb replik\u00eb me z. Arben Llalla - Kisha Orthodh\u03bfkse Autoqefale e Shqip\u00ebris\u00eb<\/title>\n<meta name=\"robots\" content=\"index, follow, max-snippet:-1, max-image-preview:large, max-video-preview:-1\" \/>\n<link rel=\"canonical\" href=\"https:\/\/orthodoxalbania.org\/2020\/2016\/01\/16\/edhe-nje-here-replike-me-z-arben-llalla\/\" \/>\n<meta property=\"og:locale\" content=\"en_US\" \/>\n<meta property=\"og:type\" content=\"article\" \/>\n<meta property=\"og:title\" content=\"Edhe nj\u00eb her\u00eb replik\u00eb me z. Arben Llalla - Kisha Orthodh\u03bfkse Autoqefale e Shqip\u00ebris\u00eb\" \/>\n<meta property=\"og:description\" content=\"Botuar n\u00eb gazet\u00ebn &#8220;Tirana Observer&#8221; online, dt. 15 janar 2016 &nbsp;&nbsp;&nbsp; Arben Llalla ti q\u00eb k\u00ebrkon t\u00eb p\u00ebrul\u00ebsh edhe Zotin p\u00ebrpara t\u00eb \u201cv\u00ebrtet\u00ebs\u201d t\u00ebnde dhe k\u00ebrkon t\u00eb sfidosh Kish\u00ebn Orthodokse, si shum\u00eb lart e ke marr\u00eb, por kjo \u00ebsht\u00eb zgjedhja jote, ti ke p\u00ebr t\u00eb par\u00eb. T\u00eb them t\u00eb drejt\u00ebn nuk kam koh\u00eb t\u00eb merrem me ty sepse ti k\u00ebrkon t\u00eb na kthesh prapa n\u00eb\" \/>\n<meta property=\"og:url\" content=\"https:\/\/orthodoxalbania.org\/2020\/2016\/01\/16\/edhe-nje-here-replike-me-z-arben-llalla\/\" \/>\n<meta property=\"og:site_name\" content=\"Kisha Orthodh\u03bfkse Autoqefale e Shqip\u00ebris\u00eb\" \/>\n<meta property=\"article:publisher\" content=\"https:\/\/www.facebook.com\/koash1991\" \/>\n<meta property=\"article:published_time\" content=\"2016-01-16T10:57:11+00:00\" \/>\n<meta property=\"article:modified_time\" content=\"2020-04-06T20:02:02+00:00\" \/>\n<meta property=\"og:image\" content=\"https:\/\/orthodoxalbania.org\/2020\/wp-content\/uploads\/2020\/04\/foto%2Bmironi%2Bweb%2B2.JPG\" \/>\n\t<meta property=\"og:image:width\" content=\"150\" \/>\n\t<meta property=\"og:image:height\" content=\"150\" \/>\n\t<meta property=\"og:image:type\" content=\"image\/jpeg\" \/>\n<meta name=\"author\" content=\"Kisha Orthodhokse\" \/>\n<meta name=\"twitter:card\" content=\"summary_large_image\" \/>\n<meta name=\"twitter:label1\" content=\"Written by\" \/>\n\t<meta name=\"twitter:data1\" content=\"Kisha Orthodhokse\" \/>\n\t<meta name=\"twitter:label2\" content=\"Est. reading time\" \/>\n\t<meta name=\"twitter:data2\" content=\"17 minutes\" \/>\n<script type=\"application\/ld+json\" class=\"yoast-schema-graph\">{\"@context\":\"https:\/\/schema.org\",\"@graph\":[{\"@type\":\"Article\",\"@id\":\"https:\/\/orthodoxalbania.org\/2020\/2016\/01\/16\/edhe-nje-here-replike-me-z-arben-llalla\/#article\",\"isPartOf\":{\"@id\":\"https:\/\/orthodoxalbania.org\/2020\/2016\/01\/16\/edhe-nje-here-replike-me-z-arben-llalla\/\"},\"author\":{\"name\":\"Kisha Orthodhokse\",\"@id\":\"https:\/\/orthodoxalbania.org\/2020\/#\/schema\/person\/0c387634a7063ac612d7ed9ce71c7e86\"},\"headline\":\"Edhe nj\u00eb her\u00eb replik\u00eb me z. Arben Llalla\",\"datePublished\":\"2016-01-16T10:57:11+00:00\",\"dateModified\":\"2020-04-06T20:02:02+00:00\",\"mainEntityOfPage\":{\"@id\":\"https:\/\/orthodoxalbania.org\/2020\/2016\/01\/16\/edhe-nje-here-replike-me-z-arben-llalla\/\"},\"wordCount\":3410,\"commentCount\":0,\"publisher\":{\"@id\":\"https:\/\/orthodoxalbania.org\/2020\/#organization\"},\"image\":{\"@id\":\"https:\/\/orthodoxalbania.org\/2020\/2016\/01\/16\/edhe-nje-here-replike-me-z-arben-llalla\/#primaryimage\"},\"thumbnailUrl\":\"https:\/\/orthodoxalbania.org\/2020\/wp-content\/uploads\/2020\/04\/foto%2Bmironi%2Bweb%2B2.JPG\",\"keywords\":[\"2016\",\"Kryepiskopata Tiran\u00eb\",\"lajme\",\"P\u00ebrgjigje ndaj akuzave\"],\"articleSection\":[\"Lajme\"],\"inLanguage\":\"en-US\"},{\"@type\":\"WebPage\",\"@id\":\"https:\/\/orthodoxalbania.org\/2020\/2016\/01\/16\/edhe-nje-here-replike-me-z-arben-llalla\/\",\"url\":\"https:\/\/orthodoxalbania.org\/2020\/2016\/01\/16\/edhe-nje-here-replike-me-z-arben-llalla\/\",\"name\":\"Edhe nj\u00eb her\u00eb replik\u00eb me z. Arben Llalla - Kisha Orthodh\u03bfkse Autoqefale e Shqip\u00ebris\u00eb\",\"isPartOf\":{\"@id\":\"https:\/\/orthodoxalbania.org\/2020\/#website\"},\"primaryImageOfPage\":{\"@id\":\"https:\/\/orthodoxalbania.org\/2020\/2016\/01\/16\/edhe-nje-here-replike-me-z-arben-llalla\/#primaryimage\"},\"image\":{\"@id\":\"https:\/\/orthodoxalbania.org\/2020\/2016\/01\/16\/edhe-nje-here-replike-me-z-arben-llalla\/#primaryimage\"},\"thumbnailUrl\":\"https:\/\/orthodoxalbania.org\/2020\/wp-content\/uploads\/2020\/04\/foto%2Bmironi%2Bweb%2B2.JPG\",\"datePublished\":\"2016-01-16T10:57:11+00:00\",\"dateModified\":\"2020-04-06T20:02:02+00:00\",\"breadcrumb\":{\"@id\":\"https:\/\/orthodoxalbania.org\/2020\/2016\/01\/16\/edhe-nje-here-replike-me-z-arben-llalla\/#breadcrumb\"},\"inLanguage\":\"en-US\",\"potentialAction\":[{\"@type\":\"ReadAction\",\"target\":[\"https:\/\/orthodoxalbania.org\/2020\/2016\/01\/16\/edhe-nje-here-replike-me-z-arben-llalla\/\"]}]},{\"@type\":\"ImageObject\",\"inLanguage\":\"en-US\",\"@id\":\"https:\/\/orthodoxalbania.org\/2020\/2016\/01\/16\/edhe-nje-here-replike-me-z-arben-llalla\/#primaryimage\",\"url\":\"https:\/\/orthodoxalbania.org\/2020\/wp-content\/uploads\/2020\/04\/foto%2Bmironi%2Bweb%2B2.JPG\",\"contentUrl\":\"https:\/\/orthodoxalbania.org\/2020\/wp-content\/uploads\/2020\/04\/foto%2Bmironi%2Bweb%2B2.JPG\",\"width\":150,\"height\":150},{\"@type\":\"BreadcrumbList\",\"@id\":\"https:\/\/orthodoxalbania.org\/2020\/2016\/01\/16\/edhe-nje-here-replike-me-z-arben-llalla\/#breadcrumb\",\"itemListElement\":[{\"@type\":\"ListItem\",\"position\":1,\"name\":\"Home\",\"item\":\"https:\/\/orthodoxalbania.org\/2020\/\"},{\"@type\":\"ListItem\",\"position\":2,\"name\":\"Edhe nj\u00eb her\u00eb replik\u00eb me z. Arben Llalla\"}]},{\"@type\":\"WebSite\",\"@id\":\"https:\/\/orthodoxalbania.org\/2020\/#website\",\"url\":\"https:\/\/orthodoxalbania.org\/2020\/\",\"name\":\"Kisha Orthodh\u03bfkse Autoqefale e Shqip\u00ebris\u00eb\",\"description\":\"Fqja Zyrtare e Kish\u00ebs Orthodhokse Autoqefale e Shqip\u00ebris\u00eb me lajmet edhe informacionet zyrtare p\u00ebr struktur\u00ebn edhe veprimtarin e saj.\",\"publisher\":{\"@id\":\"https:\/\/orthodoxalbania.org\/2020\/#organization\"},\"potentialAction\":[{\"@type\":\"SearchAction\",\"target\":{\"@type\":\"EntryPoint\",\"urlTemplate\":\"https:\/\/orthodoxalbania.org\/2020\/?s={search_term_string}\"},\"query-input\":{\"@type\":\"PropertyValueSpecification\",\"valueRequired\":true,\"valueName\":\"search_term_string\"}}],\"inLanguage\":\"en-US\"},{\"@type\":\"Organization\",\"@id\":\"https:\/\/orthodoxalbania.org\/2020\/#organization\",\"name\":\"Kisha Orthodhokse Autoqefale e Shqip\u00ebris\u00eb\",\"url\":\"https:\/\/orthodoxalbania.org\/2020\/\",\"logo\":{\"@type\":\"ImageObject\",\"inLanguage\":\"en-US\",\"@id\":\"https:\/\/orthodoxalbania.org\/2020\/#\/schema\/logo\/image\/\",\"url\":\"https:\/\/orthodoxalbania.org\/2020\/wp-content\/uploads\/2020\/05\/albania.jpeg\",\"contentUrl\":\"https:\/\/orthodoxalbania.org\/2020\/wp-content\/uploads\/2020\/05\/albania.jpeg\",\"width\":540,\"height\":540,\"caption\":\"Kisha Orthodhokse Autoqefale e Shqip\u00ebris\u00eb\"},\"image\":{\"@id\":\"https:\/\/orthodoxalbania.org\/2020\/#\/schema\/logo\/image\/\"},\"sameAs\":[\"https:\/\/www.facebook.com\/koash1991\"]},{\"@type\":\"Person\",\"@id\":\"https:\/\/orthodoxalbania.org\/2020\/#\/schema\/person\/0c387634a7063ac612d7ed9ce71c7e86\",\"name\":\"Kisha Orthodhokse\",\"image\":{\"@type\":\"ImageObject\",\"inLanguage\":\"en-US\",\"@id\":\"https:\/\/secure.gravatar.com\/avatar\/596e7c417251e30f2fbb9c00e026fce61a695a00e51c889caded71c96cbbdde5?s=96&d=mm&r=g\",\"url\":\"https:\/\/secure.gravatar.com\/avatar\/596e7c417251e30f2fbb9c00e026fce61a695a00e51c889caded71c96cbbdde5?s=96&d=mm&r=g\",\"contentUrl\":\"https:\/\/secure.gravatar.com\/avatar\/596e7c417251e30f2fbb9c00e026fce61a695a00e51c889caded71c96cbbdde5?s=96&d=mm&r=g\",\"caption\":\"Kisha Orthodhokse\"}}]}<\/script>\n<!-- \/ Yoast SEO plugin. -->","yoast_head_json":{"title":"Edhe nj\u00eb her\u00eb replik\u00eb me z. Arben Llalla - Kisha Orthodh\u03bfkse Autoqefale e Shqip\u00ebris\u00eb","robots":{"index":"index","follow":"follow","max-snippet":"max-snippet:-1","max-image-preview":"max-image-preview:large","max-video-preview":"max-video-preview:-1"},"canonical":"https:\/\/orthodoxalbania.org\/2020\/2016\/01\/16\/edhe-nje-here-replike-me-z-arben-llalla\/","og_locale":"en_US","og_type":"article","og_title":"Edhe nj\u00eb her\u00eb replik\u00eb me z. Arben Llalla - Kisha Orthodh\u03bfkse Autoqefale e Shqip\u00ebris\u00eb","og_description":"Botuar n\u00eb gazet\u00ebn &#8220;Tirana Observer&#8221; online, dt. 15 janar 2016 &nbsp;&nbsp;&nbsp; Arben Llalla ti q\u00eb k\u00ebrkon t\u00eb p\u00ebrul\u00ebsh edhe Zotin p\u00ebrpara t\u00eb \u201cv\u00ebrtet\u00ebs\u201d t\u00ebnde dhe k\u00ebrkon t\u00eb sfidosh Kish\u00ebn Orthodokse, si shum\u00eb lart e ke marr\u00eb, por kjo \u00ebsht\u00eb zgjedhja jote, ti ke p\u00ebr t\u00eb par\u00eb. T\u00eb them t\u00eb drejt\u00ebn nuk kam koh\u00eb t\u00eb merrem me ty sepse ti k\u00ebrkon t\u00eb na kthesh prapa n\u00eb","og_url":"https:\/\/orthodoxalbania.org\/2020\/2016\/01\/16\/edhe-nje-here-replike-me-z-arben-llalla\/","og_site_name":"Kisha Orthodh\u03bfkse Autoqefale e Shqip\u00ebris\u00eb","article_publisher":"https:\/\/www.facebook.com\/koash1991","article_published_time":"2016-01-16T10:57:11+00:00","article_modified_time":"2020-04-06T20:02:02+00:00","og_image":[{"width":150,"height":150,"url":"https:\/\/orthodoxalbania.org\/2020\/wp-content\/uploads\/2020\/04\/foto%2Bmironi%2Bweb%2B2.JPG","type":"image\/jpeg"}],"author":"Kisha Orthodhokse","twitter_card":"summary_large_image","twitter_misc":{"Written by":"Kisha Orthodhokse","Est. reading time":"17 minutes"},"schema":{"@context":"https:\/\/schema.org","@graph":[{"@type":"Article","@id":"https:\/\/orthodoxalbania.org\/2020\/2016\/01\/16\/edhe-nje-here-replike-me-z-arben-llalla\/#article","isPartOf":{"@id":"https:\/\/orthodoxalbania.org\/2020\/2016\/01\/16\/edhe-nje-here-replike-me-z-arben-llalla\/"},"author":{"name":"Kisha Orthodhokse","@id":"https:\/\/orthodoxalbania.org\/2020\/#\/schema\/person\/0c387634a7063ac612d7ed9ce71c7e86"},"headline":"Edhe nj\u00eb her\u00eb replik\u00eb me z. Arben Llalla","datePublished":"2016-01-16T10:57:11+00:00","dateModified":"2020-04-06T20:02:02+00:00","mainEntityOfPage":{"@id":"https:\/\/orthodoxalbania.org\/2020\/2016\/01\/16\/edhe-nje-here-replike-me-z-arben-llalla\/"},"wordCount":3410,"commentCount":0,"publisher":{"@id":"https:\/\/orthodoxalbania.org\/2020\/#organization"},"image":{"@id":"https:\/\/orthodoxalbania.org\/2020\/2016\/01\/16\/edhe-nje-here-replike-me-z-arben-llalla\/#primaryimage"},"thumbnailUrl":"https:\/\/orthodoxalbania.org\/2020\/wp-content\/uploads\/2020\/04\/foto%2Bmironi%2Bweb%2B2.JPG","keywords":["2016","Kryepiskopata Tiran\u00eb","lajme","P\u00ebrgjigje ndaj akuzave"],"articleSection":["Lajme"],"inLanguage":"en-US"},{"@type":"WebPage","@id":"https:\/\/orthodoxalbania.org\/2020\/2016\/01\/16\/edhe-nje-here-replike-me-z-arben-llalla\/","url":"https:\/\/orthodoxalbania.org\/2020\/2016\/01\/16\/edhe-nje-here-replike-me-z-arben-llalla\/","name":"Edhe nj\u00eb her\u00eb replik\u00eb me z. Arben Llalla - Kisha Orthodh\u03bfkse Autoqefale e Shqip\u00ebris\u00eb","isPartOf":{"@id":"https:\/\/orthodoxalbania.org\/2020\/#website"},"primaryImageOfPage":{"@id":"https:\/\/orthodoxalbania.org\/2020\/2016\/01\/16\/edhe-nje-here-replike-me-z-arben-llalla\/#primaryimage"},"image":{"@id":"https:\/\/orthodoxalbania.org\/2020\/2016\/01\/16\/edhe-nje-here-replike-me-z-arben-llalla\/#primaryimage"},"thumbnailUrl":"https:\/\/orthodoxalbania.org\/2020\/wp-content\/uploads\/2020\/04\/foto%2Bmironi%2Bweb%2B2.JPG","datePublished":"2016-01-16T10:57:11+00:00","dateModified":"2020-04-06T20:02:02+00:00","breadcrumb":{"@id":"https:\/\/orthodoxalbania.org\/2020\/2016\/01\/16\/edhe-nje-here-replike-me-z-arben-llalla\/#breadcrumb"},"inLanguage":"en-US","potentialAction":[{"@type":"ReadAction","target":["https:\/\/orthodoxalbania.org\/2020\/2016\/01\/16\/edhe-nje-here-replike-me-z-arben-llalla\/"]}]},{"@type":"ImageObject","inLanguage":"en-US","@id":"https:\/\/orthodoxalbania.org\/2020\/2016\/01\/16\/edhe-nje-here-replike-me-z-arben-llalla\/#primaryimage","url":"https:\/\/orthodoxalbania.org\/2020\/wp-content\/uploads\/2020\/04\/foto%2Bmironi%2Bweb%2B2.JPG","contentUrl":"https:\/\/orthodoxalbania.org\/2020\/wp-content\/uploads\/2020\/04\/foto%2Bmironi%2Bweb%2B2.JPG","width":150,"height":150},{"@type":"BreadcrumbList","@id":"https:\/\/orthodoxalbania.org\/2020\/2016\/01\/16\/edhe-nje-here-replike-me-z-arben-llalla\/#breadcrumb","itemListElement":[{"@type":"ListItem","position":1,"name":"Home","item":"https:\/\/orthodoxalbania.org\/2020\/"},{"@type":"ListItem","position":2,"name":"Edhe nj\u00eb her\u00eb replik\u00eb me z. Arben Llalla"}]},{"@type":"WebSite","@id":"https:\/\/orthodoxalbania.org\/2020\/#website","url":"https:\/\/orthodoxalbania.org\/2020\/","name":"Kisha Orthodh\u03bfkse Autoqefale e Shqip\u00ebris\u00eb","description":"Fqja Zyrtare e Kish\u00ebs Orthodhokse Autoqefale e Shqip\u00ebris\u00eb me lajmet edhe informacionet zyrtare p\u00ebr struktur\u00ebn edhe veprimtarin e saj.","publisher":{"@id":"https:\/\/orthodoxalbania.org\/2020\/#organization"},"potentialAction":[{"@type":"SearchAction","target":{"@type":"EntryPoint","urlTemplate":"https:\/\/orthodoxalbania.org\/2020\/?s={search_term_string}"},"query-input":{"@type":"PropertyValueSpecification","valueRequired":true,"valueName":"search_term_string"}}],"inLanguage":"en-US"},{"@type":"Organization","@id":"https:\/\/orthodoxalbania.org\/2020\/#organization","name":"Kisha Orthodhokse Autoqefale e Shqip\u00ebris\u00eb","url":"https:\/\/orthodoxalbania.org\/2020\/","logo":{"@type":"ImageObject","inLanguage":"en-US","@id":"https:\/\/orthodoxalbania.org\/2020\/#\/schema\/logo\/image\/","url":"https:\/\/orthodoxalbania.org\/2020\/wp-content\/uploads\/2020\/05\/albania.jpeg","contentUrl":"https:\/\/orthodoxalbania.org\/2020\/wp-content\/uploads\/2020\/05\/albania.jpeg","width":540,"height":540,"caption":"Kisha Orthodhokse Autoqefale e Shqip\u00ebris\u00eb"},"image":{"@id":"https:\/\/orthodoxalbania.org\/2020\/#\/schema\/logo\/image\/"},"sameAs":["https:\/\/www.facebook.com\/koash1991"]},{"@type":"Person","@id":"https:\/\/orthodoxalbania.org\/2020\/#\/schema\/person\/0c387634a7063ac612d7ed9ce71c7e86","name":"Kisha Orthodhokse","image":{"@type":"ImageObject","inLanguage":"en-US","@id":"https:\/\/secure.gravatar.com\/avatar\/596e7c417251e30f2fbb9c00e026fce61a695a00e51c889caded71c96cbbdde5?s=96&d=mm&r=g","url":"https:\/\/secure.gravatar.com\/avatar\/596e7c417251e30f2fbb9c00e026fce61a695a00e51c889caded71c96cbbdde5?s=96&d=mm&r=g","contentUrl":"https:\/\/secure.gravatar.com\/avatar\/596e7c417251e30f2fbb9c00e026fce61a695a00e51c889caded71c96cbbdde5?s=96&d=mm&r=g","caption":"Kisha Orthodhokse"}}]}},"_links":{"self":[{"href":"https:\/\/orthodoxalbania.org\/2020\/wp-json\/wp\/v2\/posts\/4358","targetHints":{"allow":["GET"]}}],"collection":[{"href":"https:\/\/orthodoxalbania.org\/2020\/wp-json\/wp\/v2\/posts"}],"about":[{"href":"https:\/\/orthodoxalbania.org\/2020\/wp-json\/wp\/v2\/types\/post"}],"author":[{"embeddable":true,"href":"https:\/\/orthodoxalbania.org\/2020\/wp-json\/wp\/v2\/users\/1"}],"replies":[{"embeddable":true,"href":"https:\/\/orthodoxalbania.org\/2020\/wp-json\/wp\/v2\/comments?post=4358"}],"version-history":[{"count":1,"href":"https:\/\/orthodoxalbania.org\/2020\/wp-json\/wp\/v2\/posts\/4358\/revisions"}],"predecessor-version":[{"id":14928,"href":"https:\/\/orthodoxalbania.org\/2020\/wp-json\/wp\/v2\/posts\/4358\/revisions\/14928"}],"wp:featuredmedia":[{"embeddable":true,"href":"https:\/\/orthodoxalbania.org\/2020\/wp-json\/wp\/v2\/media\/4240"}],"wp:attachment":[{"href":"https:\/\/orthodoxalbania.org\/2020\/wp-json\/wp\/v2\/media?parent=4358"}],"wp:term":[{"taxonomy":"category","embeddable":true,"href":"https:\/\/orthodoxalbania.org\/2020\/wp-json\/wp\/v2\/categories?post=4358"},{"taxonomy":"post_tag","embeddable":true,"href":"https:\/\/orthodoxalbania.org\/2020\/wp-json\/wp\/v2\/tags?post=4358"}],"curies":[{"name":"wp","href":"https:\/\/api.w.org\/{rel}","templated":true}]}}