{"id":4355,"date":"2016-01-13T13:24:14","date_gmt":"2016-01-13T13:24:14","guid":{"rendered":""},"modified":"2020-04-06T22:02:02","modified_gmt":"2020-04-06T20:02:02","slug":"doli-ne-qarkullim-sinaksari-jeta-e-shenjtoreve-te-kishes-orthodhokse-vellimi-ii-nentor-dhjetor","status":"publish","type":"post","link":"https:\/\/orthodoxalbania.org\/2020\/2016\/01\/13\/doli-ne-qarkullim-sinaksari-jeta-e-shenjtoreve-te-kishes-orthodhokse-vellimi-ii-nentor-dhjetor\/","title":{"rendered":"Doli n\u00eb qarkullim SINAKSARI, \u201cJeta e shenjtor\u00ebve t\u00eb Kish\u00ebs Orthodhokse\u201d, V\u00ebllimi II, N\u00ebntor-Dhjetor"},"content":{"rendered":"<p style=\"text-align: justify;\"> <\/p>\n<p style=\"text-align: justify;\"><span style=\"font-size: 12pt; font-family: helvetica; color: #ff6600;\">&nbsp; &nbsp;<span style=\"color: #000000;\"> Dit\u00ebt e fundit, n\u00eb pikat e shitjes pran\u00eb kishave tona n\u00eb t\u00eb gjith\u00eb vendin do t\u00eb gjeni botimin m\u00eb t\u00eb fundit t\u00eb Kish\u00ebs Orthodhokse Autoqefale t\u00eb Shqip\u00ebris\u00eb \u2013 \u201cSINAKSARI, Jeta e shenjtor\u00ebve t\u00eb Kish\u00ebs Orthodhokse\u201d, V\u00ebllimi II, muajt n\u00ebntor-dhjetor. Ai \u00ebsht\u00eb nj\u00eb botim voluminoz dhe mjaft cil\u00ebsor, me 800 faqe, shtypur n\u00eb shtypshkronj\u00ebn \u201cNgjallja\u201d, n\u00eb Kompleksin e punishteve \u201cNazaret\u201d. Esht\u00eb p\u00ebrkthyer nga At\u00eb Anastas Bendo dhe Eleni Pani dhe u p\u00ebrgatit p\u00ebr botim nga Donika Shuraja. Esht\u00eb n\u00eb proces p\u00ebrkthimi dhe redaktimi i v\u00ebllimeve t\u00eb tjera n\u00eb vazhdim.<\/span><\/span><\/p>\n<p style=\"text-align: justify;\"><span style=\"font-size: 12pt; font-family: helvetica; color: #000000;\">&nbsp; &nbsp; N\u00eb parath\u00ebnien e V\u00ebllimit I, Kryepiskopi Anastas, me bekimin dhe kujdesin e t\u00eb cilit u realizua ky botim, nd\u00ebr t\u00eb tjera thekson: \u201cEkzistojn\u00eb rr\u00ebfime t\u00eb shumta p\u00ebr jet\u00ebn dhe kryesisht p\u00ebr martirizimin e shenjtor\u00ebve t\u00eb ndrysh\u00ebm, t\u00eb cilat jan\u00eb ruajtur si thesare n\u00eb librat e quajtur \u201cSinaksar\u00eb\u201d. N\u00eb mjaft raste, p\u00ebr arsye t\u00eb dobis\u00eb shpirt\u00ebrore, tregimet n\u00eb fjal\u00eb b\u00ebhen n\u00eb m\u00ebnyr\u00eb t\u00eb lir\u00eb, me shtesa t\u00eb element\u00ebve q\u00eb nuk jan\u00eb sakt\u00ebsuar. Nga shumica e p\u00ebrmbledhjeve q\u00eb qarkullojn\u00eb, parap\u00eblqyem p\u00ebr p\u00ebrkthim n\u00eb gjuh\u00ebn shqipe botimin e Sinaksarit q\u00eb ka hartuar Manastiri i hirsh\u00ebm i Simonopetr\u00ebs n\u00eb Malin e Shenjt\u00eb Athos, sepse mb\u00ebshtetet n\u00eb burimet m\u00eb t\u00eb mira dhe \u00ebsht\u00eb hartuar me nj\u00eb p\u00ebrpunim kritik serioz.<\/span><\/p>\n<p style=\"text-align: justify;\"><span style=\"font-size: 12pt; font-family: helvetica; color: #000000;\">&nbsp; &nbsp; Vepra do t\u00eb plot\u00ebsohet me botimin e v\u00ebllimeve t\u00eb tjera, q\u00eb do t\u00eb p\u00ebrmbajn\u00eb shenjtor\u00ebt q\u00eb kremtohen gjat\u00eb muajve t\u00eb tjer\u00eb.\u201c<\/span><\/p>\n<p style=\"text-align: justify;\">&nbsp;<\/p>\n<p style=\"text-align: center;\"><img class=\"lazyload\" decoding=\"async\" src=\"data:image\/svg+xml,%3Csvg%20xmlns%3D%27http%3A%2F%2Fwww.w3.org%2F2000%2Fsvg%27%20width%3D%27450%27%20height%3D%27578%27%20viewBox%3D%270%200%20450%20578%27%3E%3Crect%20width%3D%27450%27%20height%3D%27578%27%20fill-opacity%3D%220%22%2F%3E%3C%2Fsvg%3E\" data-orig-src=\"https:\/\/lh5.googleusercontent.com\/-Ma52PDeX5E0\/VpZPmvmCCZI\/AAAAAAAASLk\/SVC6o5wdLXI\/w467-h600-no\/per+intro.jpg\" width=\"450\" height=\"578\" style=\"display: block; margin: 10px auto; border: 1px solid #000000;\" \/><\/p>\n","protected":false},"excerpt":{"rendered":"<p>&nbsp; &nbsp; Dit\u00ebt e fundit, n\u00eb pikat e shitjes pran\u00eb kishave tona n\u00eb t\u00eb gjith\u00eb vendin do t\u00eb gjeni botimin m\u00eb t\u00eb fundit t\u00eb Kish\u00ebs Orthodhokse Autoqefale t\u00eb Shqip\u00ebris\u00eb \u2013 \u201cSINAKSARI, Jeta e shenjtor\u00ebve t\u00eb Kish\u00ebs Orthodhokse\u201d, V\u00ebllimi II, muajt n\u00ebntor-dhjetor. Ai \u00ebsht\u00eb nj\u00eb botim voluminoz dhe mjaft cil\u00ebsor, me 800 faqe, shtypur n\u00eb shtypshkronj\u00ebn \u201cNgjallja\u201d, n\u00eb Kompleksin e punishteve \u201cNazaret\u201d. Esht\u00eb p\u00ebrkthyer nga At\u00eb<\/p>\n","protected":false},"author":1,"featured_media":4356,"comment_status":"open","ping_status":"open","sticky":false,"template":"","format":"standard","meta":{"_acf_changed":false,"pagelayer_contact_templates":[],"_pagelayer_content":"","inline_featured_image":false,"fifu_image_url":"","fifu_image_alt":"","footnotes":""},"categories":[108],"tags":[204,196,212,607],"class_list":["post-4355","post","type-post","status-publish","format-standard","has-post-thumbnail","hentry","category-lajme","tag-204","tag-tirane","tag-lajme-d27","tag-promovimepublikime"],"acf":[],"yoast_head":"<!-- This site is optimized with the Yoast SEO plugin v27.2 - https:\/\/yoast.com\/product\/yoast-seo-wordpress\/ -->\n<title>Doli n\u00eb qarkullim SINAKSARI, \u201cJeta e shenjtor\u00ebve t\u00eb Kish\u00ebs Orthodhokse\u201d, V\u00ebllimi II, N\u00ebntor-Dhjetor - Kisha Orthodh\u03bfkse Autoqefale e Shqip\u00ebris\u00eb<\/title>\n<meta name=\"robots\" content=\"index, follow, max-snippet:-1, max-image-preview:large, max-video-preview:-1\" \/>\n<link rel=\"canonical\" href=\"https:\/\/orthodoxalbania.org\/2020\/2016\/01\/13\/doli-ne-qarkullim-sinaksari-jeta-e-shenjtoreve-te-kishes-orthodhokse-vellimi-ii-nentor-dhjetor\/\" \/>\n<meta property=\"og:locale\" content=\"en_US\" \/>\n<meta property=\"og:type\" content=\"article\" \/>\n<meta property=\"og:title\" content=\"Doli n\u00eb qarkullim SINAKSARI, \u201cJeta e shenjtor\u00ebve t\u00eb Kish\u00ebs Orthodhokse\u201d, V\u00ebllimi II, N\u00ebntor-Dhjetor - Kisha Orthodh\u03bfkse Autoqefale e Shqip\u00ebris\u00eb\" \/>\n<meta property=\"og:description\" content=\"&nbsp; &nbsp; Dit\u00ebt e fundit, n\u00eb pikat e shitjes pran\u00eb kishave tona n\u00eb t\u00eb gjith\u00eb vendin do t\u00eb gjeni botimin m\u00eb t\u00eb fundit t\u00eb Kish\u00ebs Orthodhokse Autoqefale t\u00eb Shqip\u00ebris\u00eb \u2013 \u201cSINAKSARI, Jeta e shenjtor\u00ebve t\u00eb Kish\u00ebs Orthodhokse\u201d, V\u00ebllimi II, muajt n\u00ebntor-dhjetor. Ai \u00ebsht\u00eb nj\u00eb botim voluminoz dhe mjaft cil\u00ebsor, me 800 faqe, shtypur n\u00eb shtypshkronj\u00ebn \u201cNgjallja\u201d, n\u00eb Kompleksin e punishteve \u201cNazaret\u201d. Esht\u00eb p\u00ebrkthyer nga At\u00eb\" \/>\n<meta property=\"og:url\" content=\"https:\/\/orthodoxalbania.org\/2020\/2016\/01\/13\/doli-ne-qarkullim-sinaksari-jeta-e-shenjtoreve-te-kishes-orthodhokse-vellimi-ii-nentor-dhjetor\/\" \/>\n<meta property=\"og:site_name\" content=\"Kisha Orthodh\u03bfkse Autoqefale e Shqip\u00ebris\u00eb\" \/>\n<meta property=\"article:publisher\" content=\"https:\/\/www.facebook.com\/koash1991\" \/>\n<meta property=\"article:published_time\" content=\"2016-01-13T13:24:14+00:00\" \/>\n<meta property=\"article:modified_time\" content=\"2020-04-06T20:02:02+00:00\" \/>\n<meta property=\"og:image\" content=\"https:\/\/orthodoxalbania.org\/2020\/wp-content\/uploads\/2020\/04\/per%2Bintro-5.jpg\" \/>\n\t<meta property=\"og:image:width\" content=\"150\" \/>\n\t<meta property=\"og:image:height\" content=\"150\" \/>\n\t<meta property=\"og:image:type\" content=\"image\/jpeg\" \/>\n<meta name=\"author\" content=\"Kisha Orthodhokse\" \/>\n<meta name=\"twitter:card\" content=\"summary_large_image\" \/>\n<meta name=\"twitter:label1\" content=\"Written by\" \/>\n\t<meta name=\"twitter:data1\" content=\"Kisha Orthodhokse\" \/>\n\t<meta name=\"twitter:label2\" content=\"Est. reading time\" \/>\n\t<meta name=\"twitter:data2\" content=\"1 minute\" \/>\n<script type=\"application\/ld+json\" class=\"yoast-schema-graph\">{\"@context\":\"https:\/\/schema.org\",\"@graph\":[{\"@type\":\"Article\",\"@id\":\"https:\/\/orthodoxalbania.org\/2020\/2016\/01\/13\/doli-ne-qarkullim-sinaksari-jeta-e-shenjtoreve-te-kishes-orthodhokse-vellimi-ii-nentor-dhjetor\/#article\",\"isPartOf\":{\"@id\":\"https:\/\/orthodoxalbania.org\/2020\/2016\/01\/13\/doli-ne-qarkullim-sinaksari-jeta-e-shenjtoreve-te-kishes-orthodhokse-vellimi-ii-nentor-dhjetor\/\"},\"author\":{\"name\":\"Kisha Orthodhokse\",\"@id\":\"https:\/\/orthodoxalbania.org\/2020\/#\/schema\/person\/0c387634a7063ac612d7ed9ce71c7e86\"},\"headline\":\"Doli n\u00eb qarkullim SINAKSARI, \u201cJeta e shenjtor\u00ebve t\u00eb Kish\u00ebs Orthodhokse\u201d, V\u00ebllimi II, N\u00ebntor-Dhjetor\",\"datePublished\":\"2016-01-13T13:24:14+00:00\",\"dateModified\":\"2020-04-06T20:02:02+00:00\",\"mainEntityOfPage\":{\"@id\":\"https:\/\/orthodoxalbania.org\/2020\/2016\/01\/13\/doli-ne-qarkullim-sinaksari-jeta-e-shenjtoreve-te-kishes-orthodhokse-vellimi-ii-nentor-dhjetor\/\"},\"wordCount\":287,\"commentCount\":0,\"publisher\":{\"@id\":\"https:\/\/orthodoxalbania.org\/2020\/#organization\"},\"image\":{\"@id\":\"https:\/\/orthodoxalbania.org\/2020\/2016\/01\/13\/doli-ne-qarkullim-sinaksari-jeta-e-shenjtoreve-te-kishes-orthodhokse-vellimi-ii-nentor-dhjetor\/#primaryimage\"},\"thumbnailUrl\":\"https:\/\/orthodoxalbania.org\/2020\/wp-content\/uploads\/2020\/04\/per%2Bintro-5.jpg\",\"keywords\":[\"2016\",\"Kryepiskopata Tiran\u00eb\",\"lajme\",\"PromovimePublikime\"],\"articleSection\":[\"Lajme\"],\"inLanguage\":\"en-US\"},{\"@type\":\"WebPage\",\"@id\":\"https:\/\/orthodoxalbania.org\/2020\/2016\/01\/13\/doli-ne-qarkullim-sinaksari-jeta-e-shenjtoreve-te-kishes-orthodhokse-vellimi-ii-nentor-dhjetor\/\",\"url\":\"https:\/\/orthodoxalbania.org\/2020\/2016\/01\/13\/doli-ne-qarkullim-sinaksari-jeta-e-shenjtoreve-te-kishes-orthodhokse-vellimi-ii-nentor-dhjetor\/\",\"name\":\"Doli n\u00eb qarkullim SINAKSARI, \u201cJeta e shenjtor\u00ebve t\u00eb Kish\u00ebs Orthodhokse\u201d, V\u00ebllimi II, N\u00ebntor-Dhjetor - Kisha Orthodh\u03bfkse Autoqefale e Shqip\u00ebris\u00eb\",\"isPartOf\":{\"@id\":\"https:\/\/orthodoxalbania.org\/2020\/#website\"},\"primaryImageOfPage\":{\"@id\":\"https:\/\/orthodoxalbania.org\/2020\/2016\/01\/13\/doli-ne-qarkullim-sinaksari-jeta-e-shenjtoreve-te-kishes-orthodhokse-vellimi-ii-nentor-dhjetor\/#primaryimage\"},\"image\":{\"@id\":\"https:\/\/orthodoxalbania.org\/2020\/2016\/01\/13\/doli-ne-qarkullim-sinaksari-jeta-e-shenjtoreve-te-kishes-orthodhokse-vellimi-ii-nentor-dhjetor\/#primaryimage\"},\"thumbnailUrl\":\"https:\/\/orthodoxalbania.org\/2020\/wp-content\/uploads\/2020\/04\/per%2Bintro-5.jpg\",\"datePublished\":\"2016-01-13T13:24:14+00:00\",\"dateModified\":\"2020-04-06T20:02:02+00:00\",\"breadcrumb\":{\"@id\":\"https:\/\/orthodoxalbania.org\/2020\/2016\/01\/13\/doli-ne-qarkullim-sinaksari-jeta-e-shenjtoreve-te-kishes-orthodhokse-vellimi-ii-nentor-dhjetor\/#breadcrumb\"},\"inLanguage\":\"en-US\",\"potentialAction\":[{\"@type\":\"ReadAction\",\"target\":[\"https:\/\/orthodoxalbania.org\/2020\/2016\/01\/13\/doli-ne-qarkullim-sinaksari-jeta-e-shenjtoreve-te-kishes-orthodhokse-vellimi-ii-nentor-dhjetor\/\"]}]},{\"@type\":\"ImageObject\",\"inLanguage\":\"en-US\",\"@id\":\"https:\/\/orthodoxalbania.org\/2020\/2016\/01\/13\/doli-ne-qarkullim-sinaksari-jeta-e-shenjtoreve-te-kishes-orthodhokse-vellimi-ii-nentor-dhjetor\/#primaryimage\",\"url\":\"https:\/\/orthodoxalbania.org\/2020\/wp-content\/uploads\/2020\/04\/per%2Bintro-5.jpg\",\"contentUrl\":\"https:\/\/orthodoxalbania.org\/2020\/wp-content\/uploads\/2020\/04\/per%2Bintro-5.jpg\",\"width\":150,\"height\":150},{\"@type\":\"BreadcrumbList\",\"@id\":\"https:\/\/orthodoxalbania.org\/2020\/2016\/01\/13\/doli-ne-qarkullim-sinaksari-jeta-e-shenjtoreve-te-kishes-orthodhokse-vellimi-ii-nentor-dhjetor\/#breadcrumb\",\"itemListElement\":[{\"@type\":\"ListItem\",\"position\":1,\"name\":\"Home\",\"item\":\"https:\/\/orthodoxalbania.org\/2020\/\"},{\"@type\":\"ListItem\",\"position\":2,\"name\":\"Doli n\u00eb qarkullim SINAKSARI, \u201cJeta e shenjtor\u00ebve t\u00eb Kish\u00ebs Orthodhokse\u201d, V\u00ebllimi II, N\u00ebntor-Dhjetor\"}]},{\"@type\":\"WebSite\",\"@id\":\"https:\/\/orthodoxalbania.org\/2020\/#website\",\"url\":\"https:\/\/orthodoxalbania.org\/2020\/\",\"name\":\"Kisha Orthodh\u03bfkse Autoqefale e Shqip\u00ebris\u00eb\",\"description\":\"Fqja Zyrtare e Kish\u00ebs Orthodhokse Autoqefale e Shqip\u00ebris\u00eb me lajmet edhe informacionet zyrtare p\u00ebr struktur\u00ebn edhe veprimtarin e saj.\",\"publisher\":{\"@id\":\"https:\/\/orthodoxalbania.org\/2020\/#organization\"},\"potentialAction\":[{\"@type\":\"SearchAction\",\"target\":{\"@type\":\"EntryPoint\",\"urlTemplate\":\"https:\/\/orthodoxalbania.org\/2020\/?s={search_term_string}\"},\"query-input\":{\"@type\":\"PropertyValueSpecification\",\"valueRequired\":true,\"valueName\":\"search_term_string\"}}],\"inLanguage\":\"en-US\"},{\"@type\":\"Organization\",\"@id\":\"https:\/\/orthodoxalbania.org\/2020\/#organization\",\"name\":\"Kisha Orthodhokse Autoqefale e Shqip\u00ebris\u00eb\",\"url\":\"https:\/\/orthodoxalbania.org\/2020\/\",\"logo\":{\"@type\":\"ImageObject\",\"inLanguage\":\"en-US\",\"@id\":\"https:\/\/orthodoxalbania.org\/2020\/#\/schema\/logo\/image\/\",\"url\":\"https:\/\/orthodoxalbania.org\/2020\/wp-content\/uploads\/2020\/05\/albania.jpeg\",\"contentUrl\":\"https:\/\/orthodoxalbania.org\/2020\/wp-content\/uploads\/2020\/05\/albania.jpeg\",\"width\":540,\"height\":540,\"caption\":\"Kisha Orthodhokse Autoqefale e Shqip\u00ebris\u00eb\"},\"image\":{\"@id\":\"https:\/\/orthodoxalbania.org\/2020\/#\/schema\/logo\/image\/\"},\"sameAs\":[\"https:\/\/www.facebook.com\/koash1991\"]},{\"@type\":\"Person\",\"@id\":\"https:\/\/orthodoxalbania.org\/2020\/#\/schema\/person\/0c387634a7063ac612d7ed9ce71c7e86\",\"name\":\"Kisha Orthodhokse\",\"image\":{\"@type\":\"ImageObject\",\"inLanguage\":\"en-US\",\"@id\":\"https:\/\/secure.gravatar.com\/avatar\/596e7c417251e30f2fbb9c00e026fce61a695a00e51c889caded71c96cbbdde5?s=96&d=mm&r=g\",\"url\":\"https:\/\/secure.gravatar.com\/avatar\/596e7c417251e30f2fbb9c00e026fce61a695a00e51c889caded71c96cbbdde5?s=96&d=mm&r=g\",\"contentUrl\":\"https:\/\/secure.gravatar.com\/avatar\/596e7c417251e30f2fbb9c00e026fce61a695a00e51c889caded71c96cbbdde5?s=96&d=mm&r=g\",\"caption\":\"Kisha Orthodhokse\"}}]}<\/script>\n<!-- \/ Yoast SEO plugin. -->","yoast_head_json":{"title":"Doli n\u00eb qarkullim SINAKSARI, \u201cJeta e shenjtor\u00ebve t\u00eb Kish\u00ebs Orthodhokse\u201d, V\u00ebllimi II, N\u00ebntor-Dhjetor - Kisha Orthodh\u03bfkse Autoqefale e Shqip\u00ebris\u00eb","robots":{"index":"index","follow":"follow","max-snippet":"max-snippet:-1","max-image-preview":"max-image-preview:large","max-video-preview":"max-video-preview:-1"},"canonical":"https:\/\/orthodoxalbania.org\/2020\/2016\/01\/13\/doli-ne-qarkullim-sinaksari-jeta-e-shenjtoreve-te-kishes-orthodhokse-vellimi-ii-nentor-dhjetor\/","og_locale":"en_US","og_type":"article","og_title":"Doli n\u00eb qarkullim SINAKSARI, \u201cJeta e shenjtor\u00ebve t\u00eb Kish\u00ebs Orthodhokse\u201d, V\u00ebllimi II, N\u00ebntor-Dhjetor - Kisha Orthodh\u03bfkse Autoqefale e Shqip\u00ebris\u00eb","og_description":"&nbsp; &nbsp; Dit\u00ebt e fundit, n\u00eb pikat e shitjes pran\u00eb kishave tona n\u00eb t\u00eb gjith\u00eb vendin do t\u00eb gjeni botimin m\u00eb t\u00eb fundit t\u00eb Kish\u00ebs Orthodhokse Autoqefale t\u00eb Shqip\u00ebris\u00eb \u2013 \u201cSINAKSARI, Jeta e shenjtor\u00ebve t\u00eb Kish\u00ebs Orthodhokse\u201d, V\u00ebllimi II, muajt n\u00ebntor-dhjetor. Ai \u00ebsht\u00eb nj\u00eb botim voluminoz dhe mjaft cil\u00ebsor, me 800 faqe, shtypur n\u00eb shtypshkronj\u00ebn \u201cNgjallja\u201d, n\u00eb Kompleksin e punishteve \u201cNazaret\u201d. Esht\u00eb p\u00ebrkthyer nga At\u00eb","og_url":"https:\/\/orthodoxalbania.org\/2020\/2016\/01\/13\/doli-ne-qarkullim-sinaksari-jeta-e-shenjtoreve-te-kishes-orthodhokse-vellimi-ii-nentor-dhjetor\/","og_site_name":"Kisha Orthodh\u03bfkse Autoqefale e Shqip\u00ebris\u00eb","article_publisher":"https:\/\/www.facebook.com\/koash1991","article_published_time":"2016-01-13T13:24:14+00:00","article_modified_time":"2020-04-06T20:02:02+00:00","og_image":[{"width":150,"height":150,"url":"https:\/\/orthodoxalbania.org\/2020\/wp-content\/uploads\/2020\/04\/per%2Bintro-5.jpg","type":"image\/jpeg"}],"author":"Kisha Orthodhokse","twitter_card":"summary_large_image","twitter_misc":{"Written by":"Kisha Orthodhokse","Est. reading time":"1 minute"},"schema":{"@context":"https:\/\/schema.org","@graph":[{"@type":"Article","@id":"https:\/\/orthodoxalbania.org\/2020\/2016\/01\/13\/doli-ne-qarkullim-sinaksari-jeta-e-shenjtoreve-te-kishes-orthodhokse-vellimi-ii-nentor-dhjetor\/#article","isPartOf":{"@id":"https:\/\/orthodoxalbania.org\/2020\/2016\/01\/13\/doli-ne-qarkullim-sinaksari-jeta-e-shenjtoreve-te-kishes-orthodhokse-vellimi-ii-nentor-dhjetor\/"},"author":{"name":"Kisha Orthodhokse","@id":"https:\/\/orthodoxalbania.org\/2020\/#\/schema\/person\/0c387634a7063ac612d7ed9ce71c7e86"},"headline":"Doli n\u00eb qarkullim SINAKSARI, \u201cJeta e shenjtor\u00ebve t\u00eb Kish\u00ebs Orthodhokse\u201d, V\u00ebllimi II, N\u00ebntor-Dhjetor","datePublished":"2016-01-13T13:24:14+00:00","dateModified":"2020-04-06T20:02:02+00:00","mainEntityOfPage":{"@id":"https:\/\/orthodoxalbania.org\/2020\/2016\/01\/13\/doli-ne-qarkullim-sinaksari-jeta-e-shenjtoreve-te-kishes-orthodhokse-vellimi-ii-nentor-dhjetor\/"},"wordCount":287,"commentCount":0,"publisher":{"@id":"https:\/\/orthodoxalbania.org\/2020\/#organization"},"image":{"@id":"https:\/\/orthodoxalbania.org\/2020\/2016\/01\/13\/doli-ne-qarkullim-sinaksari-jeta-e-shenjtoreve-te-kishes-orthodhokse-vellimi-ii-nentor-dhjetor\/#primaryimage"},"thumbnailUrl":"https:\/\/orthodoxalbania.org\/2020\/wp-content\/uploads\/2020\/04\/per%2Bintro-5.jpg","keywords":["2016","Kryepiskopata Tiran\u00eb","lajme","PromovimePublikime"],"articleSection":["Lajme"],"inLanguage":"en-US"},{"@type":"WebPage","@id":"https:\/\/orthodoxalbania.org\/2020\/2016\/01\/13\/doli-ne-qarkullim-sinaksari-jeta-e-shenjtoreve-te-kishes-orthodhokse-vellimi-ii-nentor-dhjetor\/","url":"https:\/\/orthodoxalbania.org\/2020\/2016\/01\/13\/doli-ne-qarkullim-sinaksari-jeta-e-shenjtoreve-te-kishes-orthodhokse-vellimi-ii-nentor-dhjetor\/","name":"Doli n\u00eb qarkullim SINAKSARI, \u201cJeta e shenjtor\u00ebve t\u00eb Kish\u00ebs Orthodhokse\u201d, V\u00ebllimi II, N\u00ebntor-Dhjetor - Kisha Orthodh\u03bfkse Autoqefale e Shqip\u00ebris\u00eb","isPartOf":{"@id":"https:\/\/orthodoxalbania.org\/2020\/#website"},"primaryImageOfPage":{"@id":"https:\/\/orthodoxalbania.org\/2020\/2016\/01\/13\/doli-ne-qarkullim-sinaksari-jeta-e-shenjtoreve-te-kishes-orthodhokse-vellimi-ii-nentor-dhjetor\/#primaryimage"},"image":{"@id":"https:\/\/orthodoxalbania.org\/2020\/2016\/01\/13\/doli-ne-qarkullim-sinaksari-jeta-e-shenjtoreve-te-kishes-orthodhokse-vellimi-ii-nentor-dhjetor\/#primaryimage"},"thumbnailUrl":"https:\/\/orthodoxalbania.org\/2020\/wp-content\/uploads\/2020\/04\/per%2Bintro-5.jpg","datePublished":"2016-01-13T13:24:14+00:00","dateModified":"2020-04-06T20:02:02+00:00","breadcrumb":{"@id":"https:\/\/orthodoxalbania.org\/2020\/2016\/01\/13\/doli-ne-qarkullim-sinaksari-jeta-e-shenjtoreve-te-kishes-orthodhokse-vellimi-ii-nentor-dhjetor\/#breadcrumb"},"inLanguage":"en-US","potentialAction":[{"@type":"ReadAction","target":["https:\/\/orthodoxalbania.org\/2020\/2016\/01\/13\/doli-ne-qarkullim-sinaksari-jeta-e-shenjtoreve-te-kishes-orthodhokse-vellimi-ii-nentor-dhjetor\/"]}]},{"@type":"ImageObject","inLanguage":"en-US","@id":"https:\/\/orthodoxalbania.org\/2020\/2016\/01\/13\/doli-ne-qarkullim-sinaksari-jeta-e-shenjtoreve-te-kishes-orthodhokse-vellimi-ii-nentor-dhjetor\/#primaryimage","url":"https:\/\/orthodoxalbania.org\/2020\/wp-content\/uploads\/2020\/04\/per%2Bintro-5.jpg","contentUrl":"https:\/\/orthodoxalbania.org\/2020\/wp-content\/uploads\/2020\/04\/per%2Bintro-5.jpg","width":150,"height":150},{"@type":"BreadcrumbList","@id":"https:\/\/orthodoxalbania.org\/2020\/2016\/01\/13\/doli-ne-qarkullim-sinaksari-jeta-e-shenjtoreve-te-kishes-orthodhokse-vellimi-ii-nentor-dhjetor\/#breadcrumb","itemListElement":[{"@type":"ListItem","position":1,"name":"Home","item":"https:\/\/orthodoxalbania.org\/2020\/"},{"@type":"ListItem","position":2,"name":"Doli n\u00eb qarkullim SINAKSARI, \u201cJeta e shenjtor\u00ebve t\u00eb Kish\u00ebs Orthodhokse\u201d, V\u00ebllimi II, N\u00ebntor-Dhjetor"}]},{"@type":"WebSite","@id":"https:\/\/orthodoxalbania.org\/2020\/#website","url":"https:\/\/orthodoxalbania.org\/2020\/","name":"Kisha Orthodh\u03bfkse Autoqefale e Shqip\u00ebris\u00eb","description":"Fqja Zyrtare e Kish\u00ebs Orthodhokse Autoqefale e Shqip\u00ebris\u00eb me lajmet edhe informacionet zyrtare p\u00ebr struktur\u00ebn edhe veprimtarin e saj.","publisher":{"@id":"https:\/\/orthodoxalbania.org\/2020\/#organization"},"potentialAction":[{"@type":"SearchAction","target":{"@type":"EntryPoint","urlTemplate":"https:\/\/orthodoxalbania.org\/2020\/?s={search_term_string}"},"query-input":{"@type":"PropertyValueSpecification","valueRequired":true,"valueName":"search_term_string"}}],"inLanguage":"en-US"},{"@type":"Organization","@id":"https:\/\/orthodoxalbania.org\/2020\/#organization","name":"Kisha Orthodhokse Autoqefale e Shqip\u00ebris\u00eb","url":"https:\/\/orthodoxalbania.org\/2020\/","logo":{"@type":"ImageObject","inLanguage":"en-US","@id":"https:\/\/orthodoxalbania.org\/2020\/#\/schema\/logo\/image\/","url":"https:\/\/orthodoxalbania.org\/2020\/wp-content\/uploads\/2020\/05\/albania.jpeg","contentUrl":"https:\/\/orthodoxalbania.org\/2020\/wp-content\/uploads\/2020\/05\/albania.jpeg","width":540,"height":540,"caption":"Kisha Orthodhokse Autoqefale e Shqip\u00ebris\u00eb"},"image":{"@id":"https:\/\/orthodoxalbania.org\/2020\/#\/schema\/logo\/image\/"},"sameAs":["https:\/\/www.facebook.com\/koash1991"]},{"@type":"Person","@id":"https:\/\/orthodoxalbania.org\/2020\/#\/schema\/person\/0c387634a7063ac612d7ed9ce71c7e86","name":"Kisha Orthodhokse","image":{"@type":"ImageObject","inLanguage":"en-US","@id":"https:\/\/secure.gravatar.com\/avatar\/596e7c417251e30f2fbb9c00e026fce61a695a00e51c889caded71c96cbbdde5?s=96&d=mm&r=g","url":"https:\/\/secure.gravatar.com\/avatar\/596e7c417251e30f2fbb9c00e026fce61a695a00e51c889caded71c96cbbdde5?s=96&d=mm&r=g","contentUrl":"https:\/\/secure.gravatar.com\/avatar\/596e7c417251e30f2fbb9c00e026fce61a695a00e51c889caded71c96cbbdde5?s=96&d=mm&r=g","caption":"Kisha Orthodhokse"}}]}},"_links":{"self":[{"href":"https:\/\/orthodoxalbania.org\/2020\/wp-json\/wp\/v2\/posts\/4355","targetHints":{"allow":["GET"]}}],"collection":[{"href":"https:\/\/orthodoxalbania.org\/2020\/wp-json\/wp\/v2\/posts"}],"about":[{"href":"https:\/\/orthodoxalbania.org\/2020\/wp-json\/wp\/v2\/types\/post"}],"author":[{"embeddable":true,"href":"https:\/\/orthodoxalbania.org\/2020\/wp-json\/wp\/v2\/users\/1"}],"replies":[{"embeddable":true,"href":"https:\/\/orthodoxalbania.org\/2020\/wp-json\/wp\/v2\/comments?post=4355"}],"version-history":[{"count":1,"href":"https:\/\/orthodoxalbania.org\/2020\/wp-json\/wp\/v2\/posts\/4355\/revisions"}],"predecessor-version":[{"id":14929,"href":"https:\/\/orthodoxalbania.org\/2020\/wp-json\/wp\/v2\/posts\/4355\/revisions\/14929"}],"wp:featuredmedia":[{"embeddable":true,"href":"https:\/\/orthodoxalbania.org\/2020\/wp-json\/wp\/v2\/media\/4356"}],"wp:attachment":[{"href":"https:\/\/orthodoxalbania.org\/2020\/wp-json\/wp\/v2\/media?parent=4355"}],"wp:term":[{"taxonomy":"category","embeddable":true,"href":"https:\/\/orthodoxalbania.org\/2020\/wp-json\/wp\/v2\/categories?post=4355"},{"taxonomy":"post_tag","embeddable":true,"href":"https:\/\/orthodoxalbania.org\/2020\/wp-json\/wp\/v2\/tags?post=4355"}],"curies":[{"name":"wp","href":"https:\/\/api.w.org\/{rel}","templated":true}]}}