{"id":435,"date":"2014-10-29T09:17:49","date_gmt":"2014-10-29T09:17:49","guid":{"rendered":""},"modified":"2020-04-06T22:02:21","modified_gmt":"2020-04-06T20:02:21","slug":"doli-ne-qarkullim-gazeta-ngjallja-e-muajit-tetor-2014","status":"publish","type":"post","link":"https:\/\/orthodoxalbania.org\/2020\/2014\/10\/29\/doli-ne-qarkullim-gazeta-ngjallja-e-muajit-tetor-2014\/","title":{"rendered":"Doli n\u00eb qarkullim gazeta &#8220;Ngjallja&#8221; e muajit tetor 2014."},"content":{"rendered":"<p style=\"text-align: center;\">\n\t<span style=\"font-family: helvetica; font-size: 12pt;\"><span style=\"color: #b22222;\"><strong>Doli n\u00eb qarkullim gazeta &#8220;Ngjallja&#8221; e muajit tetor 2014.<\/strong><\/span><\/span><\/p>\n<p style=\"text-align: center;\">\n\t&nbsp;<\/p>\n<p style=\"text-align: center;\">\n\t<span style=\"font-family: helvetica; font-size: 12pt;\"><span style=\"color: #b22222;\"><strong>N\u00eb k\u00ebt\u00eb num\u00ebr do t\u00eb lexoni:<\/strong><\/span><\/span><\/p>\n<p style=\"text-align: justify;\">\n\t&nbsp;<\/p>\n<p style=\"text-align: justify;\">\n\t<span style=\"color: #000000; font-size: 12pt; font-family: helvetica;\">&#8211; U MBLODH ASAMBLEJA KLERIKO LAIKE E KISH\u00cbS ORTHODHOKSE AUTOQEFALE T\u00cb SHQIP\u00cbRIS\u00cb<\/span><span style=\"font-size: 12pt; font-family: helvetica;\"> <\/span><\/p>\n<p style=\"text-align: justify;\">\n\t<span style=\"color: #000000; font-size: 12pt; font-family: helvetica;\">&#8211; \u201cTradita dhe vizioni i bashkekzistenc\u00ebs paq\u00ebsore t\u00eb komuniteteve fetare n\u00eb Shqip\u00ebri\u201d &#8211; Fragmente nga referati i Kryepiskopit Anastas, n\u00eb Asamblen\u00eb Kleriko-Laike<\/span><span style=\"font-size: 12pt; font-family: helvetica;\">&nbsp; <\/span><\/p>\n<p style=\"text-align: justify;\">\n\t<span style=\"color: #000000; font-size: 12pt; font-family: helvetica;\">&#8211; Kryepiskopi ka fituar respektin bot\u00ebror me mendimin, pranin\u00eb dhe kontributin e tij &#8211; Klerik\u00ebt orthodhoks\u00eb shqiptar\u00eb u japin p\u00ebrgjigje sajesave paradoksale<\/span><span style=\"font-size: 12pt; font-family: helvetica;\">&nbsp; <\/span><\/p>\n<p style=\"text-align: justify;\">\n\t<span style=\"color: #000000; font-size: 12pt; font-family: helvetica;\">&#8211; D\u00ebshmor Longin kryeqind\u00ebshi dhe 2 ushtar\u00ebt (16 tetor)<\/span><\/p>\n<p style=\"text-align: justify;\">\n\t<span style=\"color: #000000; font-size: 12pt; font-family: helvetica;\">&#8211; \u201cJu \u00ebsht\u00eb dh\u00ebn\u00eb t\u00eb njihni misteret e mbret\u00ebris\u00eb s\u00eb Per\u00ebndis\u00eb\u201d<\/span><span style=\"font-size: 12pt; font-family: helvetica;\">&nbsp; <\/span><\/p>\n<p style=\"text-align: justify;\">\n\t<span style=\"color: #000000; font-size: 12pt; font-family: helvetica;\">&#8211; Konferenc\u00eb me bashk\u00ebshortet e klerik\u00ebve orthodhoks\u00eb t\u00eb Shqip\u00ebris\u00eb<\/span><span style=\"font-size: 12pt; font-family: helvetica;\">&nbsp; <\/span><\/p>\n<p style=\"text-align: justify;\">\n\t<span style=\"color: #000000; font-size: 12pt; font-family: helvetica;\">&#8211; U zhvillua Asambleja e Lidhjes s\u00eb Intelektual\u00ebve Orthodhoks\u00eb<\/span><span style=\"font-size: 12pt; font-family: helvetica;\">&nbsp; <\/span><\/p>\n<p style=\"text-align: justify;\">\n\t<span style=\"color: #000000; font-size: 12pt; font-family: helvetica;\">&#8211; Mensa e bamir\u00ebsis\u00eb \u201cShoq\u00ebria e Dashuris\u00eb\u201d vazhdon t\u00eb pres\u00eb \u00e7do jav\u00eb njer\u00ebz n\u00eb nevoj\u00eb \u2013 nga Dhjakon Nikolla Kodheli<\/span><span style=\"font-size: 12pt; font-family: helvetica;\">&nbsp; <\/span><\/p>\n<p style=\"text-align: justify;\">\n\t<span style=\"color: #000000; font-size: 12pt; font-family: helvetica;\">&#8211; KONTRIBUTI I KRISHTERIMIT N\u00cb EVOLUIMIN E MENDIMIT HISTORIK DHE N\u00cb HISTORIOGRAFI &#8211; nga Thoma Shkira, teolog<\/span><span style=\"font-size: 12pt; font-family: helvetica;\">&nbsp; <\/span><\/p>\n<p style=\"text-align: justify;\">\n\t<span style=\"color: #000000; font-size: 12pt; font-family: helvetica;\">&#8211; Filloi viti i ri m\u00ebsimor n\u00eb Akademin\u00eb Teologjike &#8211; Dhimit\u00ebr Qosja, pedagog<\/span><span style=\"font-size: 12pt; font-family: helvetica;\">&nbsp; <\/span><\/p>\n<p style=\"text-align: justify;\">\n\t<span style=\"color: #000000; font-size: 12pt; font-family: helvetica;\">&#8211; Duhet t\u00eb reagojm\u00eb ndaj trajtimeve diskriminuese \u2013 nga Thoma Dhima<\/span><\/p>\n<p style=\"text-align: justify;\">\n\t&nbsp;<\/p>\n<p>\n\t<img class=\"lazyload\" decoding=\"async\" alt=\"https:\/\/lh4.googleusercontent.com\/-9-EyKIMcRkI\/VFCzDMbQnnI\/AAAAAAAAECw\/oAxbVAN4aeQ\/w601-h823-no\/Pages%2Bfrom%2BGazeta%2Btetor%2B2014%2Bper%2Binternet.jpg\" src=\"data:image\/gif;base64,R0lGODlhAQABAAAAACH5BAEKAAEALAAAAAABAAEAAAICTAEAOw==\" data-orig-src=\"https:\/\/lh4.googleusercontent.com\/-9-EyKIMcRkI\/VFCzDMbQnnI\/AAAAAAAAECw\/oAxbVAN4aeQ\/w601-h823-no\/Pages+from+Gazeta+tetor+2014+per+internet.jpg\" style=\"display: block; margin-left: auto; margin-right: auto; border: 1px solid #000000; margin-top: 10px;\" \/><\/p>\n","protected":false},"excerpt":{"rendered":"<p>Doli n\u00eb qarkullim gazeta &#8220;Ngjallja&#8221; e muajit tetor 2014. &nbsp; N\u00eb k\u00ebt\u00eb num\u00ebr do t\u00eb lexoni: &nbsp; &#8211; U MBLODH ASAMBLEJA KLERIKO LAIKE E KISH\u00cbS ORTHODHOKSE AUTOQEFALE T\u00cb SHQIP\u00cbRIS\u00cb &#8211; \u201cTradita dhe vizioni i bashkekzistenc\u00ebs paq\u00ebsore t\u00eb komuniteteve fetare n\u00eb Shqip\u00ebri\u201d &#8211; Fragmente nga referati i Kryepiskopit Anastas, n\u00eb Asamblen\u00eb Kleriko-Laike&nbsp; &#8211; Kryepiskopi ka fituar respektin bot\u00ebror me mendimin, pranin\u00eb dhe kontributin e tij &#8211;<\/p>\n","protected":false},"author":1,"featured_media":436,"comment_status":"open","ping_status":"open","sticky":false,"template":"","format":"standard","meta":{"_acf_changed":false,"pagelayer_contact_templates":[],"_pagelayer_content":"","inline_featured_image":false,"fifu_image_url":"","fifu_image_alt":"","footnotes":""},"categories":[108],"tags":[140,161,196,212,607],"class_list":["post-435","post","type-post","status-publish","format-standard","has-post-thumbnail","hentry","category-lajme","tag-140","tag-gazeta-ngjallja","tag-tirane","tag-lajme-d27","tag-promovimepublikime"],"acf":[],"yoast_head":"<!-- This site is optimized with the Yoast SEO plugin v27.2 - https:\/\/yoast.com\/product\/yoast-seo-wordpress\/ -->\n<title>Doli n\u00eb qarkullim gazeta &quot;Ngjallja&quot; e muajit tetor 2014. - Kisha Orthodh\u03bfkse Autoqefale e Shqip\u00ebris\u00eb<\/title>\n<meta name=\"robots\" content=\"index, follow, max-snippet:-1, max-image-preview:large, max-video-preview:-1\" \/>\n<link rel=\"canonical\" href=\"https:\/\/orthodoxalbania.org\/2020\/2014\/10\/29\/doli-ne-qarkullim-gazeta-ngjallja-e-muajit-tetor-2014\/\" \/>\n<meta property=\"og:locale\" content=\"en_US\" \/>\n<meta property=\"og:type\" content=\"article\" \/>\n<meta property=\"og:title\" content=\"Doli n\u00eb qarkullim gazeta &quot;Ngjallja&quot; e muajit tetor 2014. - Kisha Orthodh\u03bfkse Autoqefale e Shqip\u00ebris\u00eb\" \/>\n<meta property=\"og:description\" content=\"Doli n\u00eb qarkullim gazeta &#8220;Ngjallja&#8221; e muajit tetor 2014. &nbsp; N\u00eb k\u00ebt\u00eb num\u00ebr do t\u00eb lexoni: &nbsp; &#8211; U MBLODH ASAMBLEJA KLERIKO LAIKE E KISH\u00cbS ORTHODHOKSE AUTOQEFALE T\u00cb SHQIP\u00cbRIS\u00cb &#8211; \u201cTradita dhe vizioni i bashkekzistenc\u00ebs paq\u00ebsore t\u00eb komuniteteve fetare n\u00eb Shqip\u00ebri\u201d &#8211; Fragmente nga referati i Kryepiskopit Anastas, n\u00eb Asamblen\u00eb Kleriko-Laike&nbsp; &#8211; Kryepiskopi ka fituar respektin bot\u00ebror me mendimin, pranin\u00eb dhe kontributin e tij &#8211;\" \/>\n<meta property=\"og:url\" content=\"https:\/\/orthodoxalbania.org\/2020\/2014\/10\/29\/doli-ne-qarkullim-gazeta-ngjallja-e-muajit-tetor-2014\/\" \/>\n<meta property=\"og:site_name\" content=\"Kisha Orthodh\u03bfkse Autoqefale e Shqip\u00ebris\u00eb\" \/>\n<meta property=\"article:publisher\" content=\"https:\/\/www.facebook.com\/koash1991\" \/>\n<meta property=\"article:published_time\" content=\"2014-10-29T09:17:49+00:00\" \/>\n<meta property=\"article:modified_time\" content=\"2020-04-06T20:02:21+00:00\" \/>\n<meta property=\"og:image\" content=\"https:\/\/orthodoxalbania.org\/2020\/wp-content\/uploads\/2020\/04\/Pages%2Bfrom%2BGazeta%2Btetor%2B2014%2Bper%2Binternet.jpg\" \/>\n\t<meta property=\"og:image:width\" content=\"150\" \/>\n\t<meta property=\"og:image:height\" content=\"150\" \/>\n\t<meta property=\"og:image:type\" content=\"image\/jpeg\" \/>\n<meta name=\"author\" content=\"Kisha Orthodhokse\" \/>\n<meta name=\"twitter:card\" content=\"summary_large_image\" \/>\n<meta name=\"twitter:label1\" content=\"Written by\" \/>\n\t<meta name=\"twitter:data1\" content=\"Kisha Orthodhokse\" \/>\n\t<meta name=\"twitter:label2\" content=\"Est. reading time\" \/>\n\t<meta name=\"twitter:data2\" content=\"1 minute\" \/>\n<script type=\"application\/ld+json\" class=\"yoast-schema-graph\">{\"@context\":\"https:\/\/schema.org\",\"@graph\":[{\"@type\":\"Article\",\"@id\":\"https:\/\/orthodoxalbania.org\/2020\/2014\/10\/29\/doli-ne-qarkullim-gazeta-ngjallja-e-muajit-tetor-2014\/#article\",\"isPartOf\":{\"@id\":\"https:\/\/orthodoxalbania.org\/2020\/2014\/10\/29\/doli-ne-qarkullim-gazeta-ngjallja-e-muajit-tetor-2014\/\"},\"author\":{\"name\":\"Kisha Orthodhokse\",\"@id\":\"https:\/\/orthodoxalbania.org\/2020\/#\/schema\/person\/0c387634a7063ac612d7ed9ce71c7e86\"},\"headline\":\"Doli n\u00eb qarkullim gazeta &#8220;Ngjallja&#8221; e muajit tetor 2014.\",\"datePublished\":\"2014-10-29T09:17:49+00:00\",\"dateModified\":\"2020-04-06T20:02:21+00:00\",\"mainEntityOfPage\":{\"@id\":\"https:\/\/orthodoxalbania.org\/2020\/2014\/10\/29\/doli-ne-qarkullim-gazeta-ngjallja-e-muajit-tetor-2014\/\"},\"wordCount\":209,\"commentCount\":0,\"publisher\":{\"@id\":\"https:\/\/orthodoxalbania.org\/2020\/#organization\"},\"image\":{\"@id\":\"https:\/\/orthodoxalbania.org\/2020\/2014\/10\/29\/doli-ne-qarkullim-gazeta-ngjallja-e-muajit-tetor-2014\/#primaryimage\"},\"thumbnailUrl\":\"https:\/\/orthodoxalbania.org\/2020\/wp-content\/uploads\/2020\/04\/Pages%2Bfrom%2BGazeta%2Btetor%2B2014%2Bper%2Binternet.jpg\",\"keywords\":[\"2014\",\"Gazeta \\\"Ngjallja\\\"\",\"Kryepiskopata Tiran\u00eb\",\"lajme\",\"PromovimePublikime\"],\"articleSection\":[\"Lajme\"],\"inLanguage\":\"en-US\"},{\"@type\":\"WebPage\",\"@id\":\"https:\/\/orthodoxalbania.org\/2020\/2014\/10\/29\/doli-ne-qarkullim-gazeta-ngjallja-e-muajit-tetor-2014\/\",\"url\":\"https:\/\/orthodoxalbania.org\/2020\/2014\/10\/29\/doli-ne-qarkullim-gazeta-ngjallja-e-muajit-tetor-2014\/\",\"name\":\"Doli n\u00eb qarkullim gazeta \\\"Ngjallja\\\" e muajit tetor 2014. - Kisha Orthodh\u03bfkse Autoqefale e Shqip\u00ebris\u00eb\",\"isPartOf\":{\"@id\":\"https:\/\/orthodoxalbania.org\/2020\/#website\"},\"primaryImageOfPage\":{\"@id\":\"https:\/\/orthodoxalbania.org\/2020\/2014\/10\/29\/doli-ne-qarkullim-gazeta-ngjallja-e-muajit-tetor-2014\/#primaryimage\"},\"image\":{\"@id\":\"https:\/\/orthodoxalbania.org\/2020\/2014\/10\/29\/doli-ne-qarkullim-gazeta-ngjallja-e-muajit-tetor-2014\/#primaryimage\"},\"thumbnailUrl\":\"https:\/\/orthodoxalbania.org\/2020\/wp-content\/uploads\/2020\/04\/Pages%2Bfrom%2BGazeta%2Btetor%2B2014%2Bper%2Binternet.jpg\",\"datePublished\":\"2014-10-29T09:17:49+00:00\",\"dateModified\":\"2020-04-06T20:02:21+00:00\",\"breadcrumb\":{\"@id\":\"https:\/\/orthodoxalbania.org\/2020\/2014\/10\/29\/doli-ne-qarkullim-gazeta-ngjallja-e-muajit-tetor-2014\/#breadcrumb\"},\"inLanguage\":\"en-US\",\"potentialAction\":[{\"@type\":\"ReadAction\",\"target\":[\"https:\/\/orthodoxalbania.org\/2020\/2014\/10\/29\/doli-ne-qarkullim-gazeta-ngjallja-e-muajit-tetor-2014\/\"]}]},{\"@type\":\"ImageObject\",\"inLanguage\":\"en-US\",\"@id\":\"https:\/\/orthodoxalbania.org\/2020\/2014\/10\/29\/doli-ne-qarkullim-gazeta-ngjallja-e-muajit-tetor-2014\/#primaryimage\",\"url\":\"https:\/\/orthodoxalbania.org\/2020\/wp-content\/uploads\/2020\/04\/Pages%2Bfrom%2BGazeta%2Btetor%2B2014%2Bper%2Binternet.jpg\",\"contentUrl\":\"https:\/\/orthodoxalbania.org\/2020\/wp-content\/uploads\/2020\/04\/Pages%2Bfrom%2BGazeta%2Btetor%2B2014%2Bper%2Binternet.jpg\",\"width\":150,\"height\":150},{\"@type\":\"BreadcrumbList\",\"@id\":\"https:\/\/orthodoxalbania.org\/2020\/2014\/10\/29\/doli-ne-qarkullim-gazeta-ngjallja-e-muajit-tetor-2014\/#breadcrumb\",\"itemListElement\":[{\"@type\":\"ListItem\",\"position\":1,\"name\":\"Home\",\"item\":\"https:\/\/orthodoxalbania.org\/2020\/\"},{\"@type\":\"ListItem\",\"position\":2,\"name\":\"Doli n\u00eb qarkullim gazeta &#8220;Ngjallja&#8221; e muajit tetor 2014.\"}]},{\"@type\":\"WebSite\",\"@id\":\"https:\/\/orthodoxalbania.org\/2020\/#website\",\"url\":\"https:\/\/orthodoxalbania.org\/2020\/\",\"name\":\"Kisha Orthodh\u03bfkse Autoqefale e Shqip\u00ebris\u00eb\",\"description\":\"Fqja Zyrtare e Kish\u00ebs Orthodhokse Autoqefale e Shqip\u00ebris\u00eb me lajmet edhe informacionet zyrtare p\u00ebr struktur\u00ebn edhe veprimtarin e saj.\",\"publisher\":{\"@id\":\"https:\/\/orthodoxalbania.org\/2020\/#organization\"},\"potentialAction\":[{\"@type\":\"SearchAction\",\"target\":{\"@type\":\"EntryPoint\",\"urlTemplate\":\"https:\/\/orthodoxalbania.org\/2020\/?s={search_term_string}\"},\"query-input\":{\"@type\":\"PropertyValueSpecification\",\"valueRequired\":true,\"valueName\":\"search_term_string\"}}],\"inLanguage\":\"en-US\"},{\"@type\":\"Organization\",\"@id\":\"https:\/\/orthodoxalbania.org\/2020\/#organization\",\"name\":\"Kisha Orthodhokse Autoqefale e Shqip\u00ebris\u00eb\",\"url\":\"https:\/\/orthodoxalbania.org\/2020\/\",\"logo\":{\"@type\":\"ImageObject\",\"inLanguage\":\"en-US\",\"@id\":\"https:\/\/orthodoxalbania.org\/2020\/#\/schema\/logo\/image\/\",\"url\":\"https:\/\/orthodoxalbania.org\/2020\/wp-content\/uploads\/2020\/05\/albania.jpeg\",\"contentUrl\":\"https:\/\/orthodoxalbania.org\/2020\/wp-content\/uploads\/2020\/05\/albania.jpeg\",\"width\":540,\"height\":540,\"caption\":\"Kisha Orthodhokse Autoqefale e Shqip\u00ebris\u00eb\"},\"image\":{\"@id\":\"https:\/\/orthodoxalbania.org\/2020\/#\/schema\/logo\/image\/\"},\"sameAs\":[\"https:\/\/www.facebook.com\/koash1991\"]},{\"@type\":\"Person\",\"@id\":\"https:\/\/orthodoxalbania.org\/2020\/#\/schema\/person\/0c387634a7063ac612d7ed9ce71c7e86\",\"name\":\"Kisha Orthodhokse\",\"image\":{\"@type\":\"ImageObject\",\"inLanguage\":\"en-US\",\"@id\":\"https:\/\/secure.gravatar.com\/avatar\/596e7c417251e30f2fbb9c00e026fce61a695a00e51c889caded71c96cbbdde5?s=96&d=mm&r=g\",\"url\":\"https:\/\/secure.gravatar.com\/avatar\/596e7c417251e30f2fbb9c00e026fce61a695a00e51c889caded71c96cbbdde5?s=96&d=mm&r=g\",\"contentUrl\":\"https:\/\/secure.gravatar.com\/avatar\/596e7c417251e30f2fbb9c00e026fce61a695a00e51c889caded71c96cbbdde5?s=96&d=mm&r=g\",\"caption\":\"Kisha Orthodhokse\"}}]}<\/script>\n<!-- \/ Yoast SEO plugin. -->","yoast_head_json":{"title":"Doli n\u00eb qarkullim gazeta \"Ngjallja\" e muajit tetor 2014. - Kisha Orthodh\u03bfkse Autoqefale e Shqip\u00ebris\u00eb","robots":{"index":"index","follow":"follow","max-snippet":"max-snippet:-1","max-image-preview":"max-image-preview:large","max-video-preview":"max-video-preview:-1"},"canonical":"https:\/\/orthodoxalbania.org\/2020\/2014\/10\/29\/doli-ne-qarkullim-gazeta-ngjallja-e-muajit-tetor-2014\/","og_locale":"en_US","og_type":"article","og_title":"Doli n\u00eb qarkullim gazeta \"Ngjallja\" e muajit tetor 2014. - Kisha Orthodh\u03bfkse Autoqefale e Shqip\u00ebris\u00eb","og_description":"Doli n\u00eb qarkullim gazeta &#8220;Ngjallja&#8221; e muajit tetor 2014. &nbsp; N\u00eb k\u00ebt\u00eb num\u00ebr do t\u00eb lexoni: &nbsp; &#8211; U MBLODH ASAMBLEJA KLERIKO LAIKE E KISH\u00cbS ORTHODHOKSE AUTOQEFALE T\u00cb SHQIP\u00cbRIS\u00cb &#8211; \u201cTradita dhe vizioni i bashkekzistenc\u00ebs paq\u00ebsore t\u00eb komuniteteve fetare n\u00eb Shqip\u00ebri\u201d &#8211; Fragmente nga referati i Kryepiskopit Anastas, n\u00eb Asamblen\u00eb Kleriko-Laike&nbsp; &#8211; Kryepiskopi ka fituar respektin bot\u00ebror me mendimin, pranin\u00eb dhe kontributin e tij &#8211;","og_url":"https:\/\/orthodoxalbania.org\/2020\/2014\/10\/29\/doli-ne-qarkullim-gazeta-ngjallja-e-muajit-tetor-2014\/","og_site_name":"Kisha Orthodh\u03bfkse Autoqefale e Shqip\u00ebris\u00eb","article_publisher":"https:\/\/www.facebook.com\/koash1991","article_published_time":"2014-10-29T09:17:49+00:00","article_modified_time":"2020-04-06T20:02:21+00:00","og_image":[{"width":150,"height":150,"url":"https:\/\/orthodoxalbania.org\/2020\/wp-content\/uploads\/2020\/04\/Pages%2Bfrom%2BGazeta%2Btetor%2B2014%2Bper%2Binternet.jpg","type":"image\/jpeg"}],"author":"Kisha Orthodhokse","twitter_card":"summary_large_image","twitter_misc":{"Written by":"Kisha Orthodhokse","Est. reading time":"1 minute"},"schema":{"@context":"https:\/\/schema.org","@graph":[{"@type":"Article","@id":"https:\/\/orthodoxalbania.org\/2020\/2014\/10\/29\/doli-ne-qarkullim-gazeta-ngjallja-e-muajit-tetor-2014\/#article","isPartOf":{"@id":"https:\/\/orthodoxalbania.org\/2020\/2014\/10\/29\/doli-ne-qarkullim-gazeta-ngjallja-e-muajit-tetor-2014\/"},"author":{"name":"Kisha Orthodhokse","@id":"https:\/\/orthodoxalbania.org\/2020\/#\/schema\/person\/0c387634a7063ac612d7ed9ce71c7e86"},"headline":"Doli n\u00eb qarkullim gazeta &#8220;Ngjallja&#8221; e muajit tetor 2014.","datePublished":"2014-10-29T09:17:49+00:00","dateModified":"2020-04-06T20:02:21+00:00","mainEntityOfPage":{"@id":"https:\/\/orthodoxalbania.org\/2020\/2014\/10\/29\/doli-ne-qarkullim-gazeta-ngjallja-e-muajit-tetor-2014\/"},"wordCount":209,"commentCount":0,"publisher":{"@id":"https:\/\/orthodoxalbania.org\/2020\/#organization"},"image":{"@id":"https:\/\/orthodoxalbania.org\/2020\/2014\/10\/29\/doli-ne-qarkullim-gazeta-ngjallja-e-muajit-tetor-2014\/#primaryimage"},"thumbnailUrl":"https:\/\/orthodoxalbania.org\/2020\/wp-content\/uploads\/2020\/04\/Pages%2Bfrom%2BGazeta%2Btetor%2B2014%2Bper%2Binternet.jpg","keywords":["2014","Gazeta \"Ngjallja\"","Kryepiskopata Tiran\u00eb","lajme","PromovimePublikime"],"articleSection":["Lajme"],"inLanguage":"en-US"},{"@type":"WebPage","@id":"https:\/\/orthodoxalbania.org\/2020\/2014\/10\/29\/doli-ne-qarkullim-gazeta-ngjallja-e-muajit-tetor-2014\/","url":"https:\/\/orthodoxalbania.org\/2020\/2014\/10\/29\/doli-ne-qarkullim-gazeta-ngjallja-e-muajit-tetor-2014\/","name":"Doli n\u00eb qarkullim gazeta \"Ngjallja\" e muajit tetor 2014. - Kisha Orthodh\u03bfkse Autoqefale e Shqip\u00ebris\u00eb","isPartOf":{"@id":"https:\/\/orthodoxalbania.org\/2020\/#website"},"primaryImageOfPage":{"@id":"https:\/\/orthodoxalbania.org\/2020\/2014\/10\/29\/doli-ne-qarkullim-gazeta-ngjallja-e-muajit-tetor-2014\/#primaryimage"},"image":{"@id":"https:\/\/orthodoxalbania.org\/2020\/2014\/10\/29\/doli-ne-qarkullim-gazeta-ngjallja-e-muajit-tetor-2014\/#primaryimage"},"thumbnailUrl":"https:\/\/orthodoxalbania.org\/2020\/wp-content\/uploads\/2020\/04\/Pages%2Bfrom%2BGazeta%2Btetor%2B2014%2Bper%2Binternet.jpg","datePublished":"2014-10-29T09:17:49+00:00","dateModified":"2020-04-06T20:02:21+00:00","breadcrumb":{"@id":"https:\/\/orthodoxalbania.org\/2020\/2014\/10\/29\/doli-ne-qarkullim-gazeta-ngjallja-e-muajit-tetor-2014\/#breadcrumb"},"inLanguage":"en-US","potentialAction":[{"@type":"ReadAction","target":["https:\/\/orthodoxalbania.org\/2020\/2014\/10\/29\/doli-ne-qarkullim-gazeta-ngjallja-e-muajit-tetor-2014\/"]}]},{"@type":"ImageObject","inLanguage":"en-US","@id":"https:\/\/orthodoxalbania.org\/2020\/2014\/10\/29\/doli-ne-qarkullim-gazeta-ngjallja-e-muajit-tetor-2014\/#primaryimage","url":"https:\/\/orthodoxalbania.org\/2020\/wp-content\/uploads\/2020\/04\/Pages%2Bfrom%2BGazeta%2Btetor%2B2014%2Bper%2Binternet.jpg","contentUrl":"https:\/\/orthodoxalbania.org\/2020\/wp-content\/uploads\/2020\/04\/Pages%2Bfrom%2BGazeta%2Btetor%2B2014%2Bper%2Binternet.jpg","width":150,"height":150},{"@type":"BreadcrumbList","@id":"https:\/\/orthodoxalbania.org\/2020\/2014\/10\/29\/doli-ne-qarkullim-gazeta-ngjallja-e-muajit-tetor-2014\/#breadcrumb","itemListElement":[{"@type":"ListItem","position":1,"name":"Home","item":"https:\/\/orthodoxalbania.org\/2020\/"},{"@type":"ListItem","position":2,"name":"Doli n\u00eb qarkullim gazeta &#8220;Ngjallja&#8221; e muajit tetor 2014."}]},{"@type":"WebSite","@id":"https:\/\/orthodoxalbania.org\/2020\/#website","url":"https:\/\/orthodoxalbania.org\/2020\/","name":"Kisha Orthodh\u03bfkse Autoqefale e Shqip\u00ebris\u00eb","description":"Fqja Zyrtare e Kish\u00ebs Orthodhokse Autoqefale e Shqip\u00ebris\u00eb me lajmet edhe informacionet zyrtare p\u00ebr struktur\u00ebn edhe veprimtarin e saj.","publisher":{"@id":"https:\/\/orthodoxalbania.org\/2020\/#organization"},"potentialAction":[{"@type":"SearchAction","target":{"@type":"EntryPoint","urlTemplate":"https:\/\/orthodoxalbania.org\/2020\/?s={search_term_string}"},"query-input":{"@type":"PropertyValueSpecification","valueRequired":true,"valueName":"search_term_string"}}],"inLanguage":"en-US"},{"@type":"Organization","@id":"https:\/\/orthodoxalbania.org\/2020\/#organization","name":"Kisha Orthodhokse Autoqefale e Shqip\u00ebris\u00eb","url":"https:\/\/orthodoxalbania.org\/2020\/","logo":{"@type":"ImageObject","inLanguage":"en-US","@id":"https:\/\/orthodoxalbania.org\/2020\/#\/schema\/logo\/image\/","url":"https:\/\/orthodoxalbania.org\/2020\/wp-content\/uploads\/2020\/05\/albania.jpeg","contentUrl":"https:\/\/orthodoxalbania.org\/2020\/wp-content\/uploads\/2020\/05\/albania.jpeg","width":540,"height":540,"caption":"Kisha Orthodhokse Autoqefale e Shqip\u00ebris\u00eb"},"image":{"@id":"https:\/\/orthodoxalbania.org\/2020\/#\/schema\/logo\/image\/"},"sameAs":["https:\/\/www.facebook.com\/koash1991"]},{"@type":"Person","@id":"https:\/\/orthodoxalbania.org\/2020\/#\/schema\/person\/0c387634a7063ac612d7ed9ce71c7e86","name":"Kisha Orthodhokse","image":{"@type":"ImageObject","inLanguage":"en-US","@id":"https:\/\/secure.gravatar.com\/avatar\/596e7c417251e30f2fbb9c00e026fce61a695a00e51c889caded71c96cbbdde5?s=96&d=mm&r=g","url":"https:\/\/secure.gravatar.com\/avatar\/596e7c417251e30f2fbb9c00e026fce61a695a00e51c889caded71c96cbbdde5?s=96&d=mm&r=g","contentUrl":"https:\/\/secure.gravatar.com\/avatar\/596e7c417251e30f2fbb9c00e026fce61a695a00e51c889caded71c96cbbdde5?s=96&d=mm&r=g","caption":"Kisha Orthodhokse"}}]}},"_links":{"self":[{"href":"https:\/\/orthodoxalbania.org\/2020\/wp-json\/wp\/v2\/posts\/435","targetHints":{"allow":["GET"]}}],"collection":[{"href":"https:\/\/orthodoxalbania.org\/2020\/wp-json\/wp\/v2\/posts"}],"about":[{"href":"https:\/\/orthodoxalbania.org\/2020\/wp-json\/wp\/v2\/types\/post"}],"author":[{"embeddable":true,"href":"https:\/\/orthodoxalbania.org\/2020\/wp-json\/wp\/v2\/users\/1"}],"replies":[{"embeddable":true,"href":"https:\/\/orthodoxalbania.org\/2020\/wp-json\/wp\/v2\/comments?post=435"}],"version-history":[{"count":1,"href":"https:\/\/orthodoxalbania.org\/2020\/wp-json\/wp\/v2\/posts\/435\/revisions"}],"predecessor-version":[{"id":15046,"href":"https:\/\/orthodoxalbania.org\/2020\/wp-json\/wp\/v2\/posts\/435\/revisions\/15046"}],"wp:featuredmedia":[{"embeddable":true,"href":"https:\/\/orthodoxalbania.org\/2020\/wp-json\/wp\/v2\/media\/436"}],"wp:attachment":[{"href":"https:\/\/orthodoxalbania.org\/2020\/wp-json\/wp\/v2\/media?parent=435"}],"wp:term":[{"taxonomy":"category","embeddable":true,"href":"https:\/\/orthodoxalbania.org\/2020\/wp-json\/wp\/v2\/categories?post=435"},{"taxonomy":"post_tag","embeddable":true,"href":"https:\/\/orthodoxalbania.org\/2020\/wp-json\/wp\/v2\/tags?post=435"}],"curies":[{"name":"wp","href":"https:\/\/api.w.org\/{rel}","templated":true}]}}