{"id":4332,"date":"2015-12-29T13:53:31","date_gmt":"2015-12-29T13:53:31","guid":{"rendered":""},"modified":"2020-04-06T22:02:03","modified_gmt":"2020-04-06T20:02:03","slug":"presidenti-nishani-shtroi-darke-zyrtare-per-komunitetet-fetare","status":"publish","type":"post","link":"https:\/\/orthodoxalbania.org\/2020\/2015\/12\/29\/presidenti-nishani-shtroi-darke-zyrtare-per-komunitetet-fetare\/","title":{"rendered":"Presidenti Nishani shtroi dark\u00eb zyrtare p\u00ebr Komunitetet Fetare"},"content":{"rendered":"<p style=\"text-align: justify;\"> <\/p>\n<p style=\"text-align: justify;\"><span style=\"font-size: 12pt; font-family: helvetica; color: #ff6600;\">&nbsp; &nbsp;<span style=\"color: #000000;\"> Me rastin e fest\u00ebs s\u00eb Krishtlindjes, t\u00eb shtun\u00ebn, 26 dhjetor 2015, Presidenti i Republik\u00ebs, Z. Bujar Nishani, shtroi nj\u00eb dark\u00eb zyrtare n\u00eb Pallatin e Brigadave, ku ishin t\u00eb ftuar p\u00ebrfaq\u00ebsues nga komunitetet e krishtera dhe nga komunitetet e tjera fetare n\u00eb vend, drejtues t\u00eb institucioneve t\u00eb pavarura, deputet\u00eb etj. N\u00eb dark\u00eb mori pjes\u00eb edhe nj\u00eb p\u00ebrfaq\u00ebsi e zgjeruar nga Kisha Orthodhokse Autoqefale e Shqip\u00ebris\u00eb, kryesuar nga Kryepiskopin Anastas, ku b\u00ebnin pjes\u00eb t\u00eb gjith\u00eb an\u00ebtar\u00ebt e Sinodit t\u00eb Shenjt\u00eb, si dhe klerik\u00eb e laik\u00eb nga Kryepiskopata dhe nga tri Mitropolit\u00eb.<\/span><\/span><\/p>\n<p style=\"text-align: justify;\"><span style=\"font-size: 12pt; font-family: helvetica; color: #000000;\">&nbsp; &nbsp; N\u00eb p\u00ebrsh\u00ebndetjen e tij, Presidenti, Z. Bujar Nishani, nd\u00ebr t\u00eb tjera theksoi: \u201cJam i nderuar t\u00eb jem sonte mikprit\u00ebsi juaj. Ndihem gjithashtu i lumtur q\u00eb kam mund\u00ebsi t\u00eb p\u00ebrs\u00ebris se feja \u00ebsht\u00eb instrument paqeje dhe dashurie, se ajo nuk duhet instrumentalizuar dhe p\u00ebrdorur n\u00eb sh\u00ebrbim t\u00eb ideve dhe q\u00ebllimeve totalitare e integraliste. Ne shqiptar\u00ebt mund ta pohojm\u00eb me forc\u00eb k\u00ebt\u00eb, mund ta p\u00ebr\u00e7ojm\u00eb kudo mesazhin ton\u00eb, por kemi edhe detyr\u00ebn t\u00eb dekurajojm\u00eb, t\u00eb izolojm\u00eb, t\u00eb mposhtim \u00e7do tentativ\u00eb q\u00eb cenon trash\u00ebgimin\u00eb ton\u00eb, t\u00eb sotmen apo hedh hije dyshimi p\u00ebr t\u00eb ardhmen.<\/span><\/p>\n<p style=\"text-align: justify;\"><span style=\"font-size: 12pt; font-family: helvetica; color: #000000;\">&nbsp; &nbsp; Bashk\u00ebsia Ortodokse, Bashk\u00ebsia Katolike dhe V\u00ebllaz\u00ebria Ungjillore si dhe prij\u00ebsit e tyre e kan\u00eb b\u00ebr\u00eb gjithmon\u00eb k\u00ebt\u00eb sh\u00ebrbes\u00eb dhe shfryt\u00ebzoj rastin t\u2019iu shpreh admirimin tim t\u00eb thell\u00eb personal dhe institucional, si dhe vler\u00ebsimin plot\u00ebsisht t\u00eb merituar t\u00eb t\u00eb gjith\u00eb shqiptar\u00ebve n\u00eb cil\u00ebsin\u00eb e Kreut t\u00eb Shtetit shqiptar!<\/span><\/p>\n<p style=\"text-align: justify;\"><span style=\"font-size: 12pt; font-family: helvetica; color: #000000;\">&nbsp; &nbsp; Ju fal\u00ebnderoj t\u00eb gjith\u00eb! Edhe nj\u00ebher\u00eb, si\u00e7 urojm\u00eb ne shqiptar\u00ebt: P\u00ebr shum\u00eb mot G\u00ebzuar Krishtlindjet!\u201d<\/span><\/p>\n<p style=\"text-align: justify;\"><span style=\"font-size: 12pt; font-family: helvetica; color: #000000;\">&nbsp; &nbsp; N\u00eb em\u00ebr t\u00eb Kish\u00ebs son\u00eb p\u00ebrsh\u00ebndeti Fortlumturia e Tij Anastasi, i cili fal\u00ebnderoi p\u00ebr ftes\u00ebn, e cila \u00ebsht\u00eb e para e k\u00ebtij lloji p\u00ebr k\u00ebt\u00eb t\u00eb kremte t\u00eb madhe, si dhe theksoi rolin q\u00eb kan\u00eb luajtur komunitetet fetare n\u00eb zhvillimin e gjithansh\u00ebm t\u00eb vendit n\u00eb k\u00ebta 24 vjet.<\/span><\/p>\n<p style=\"text-align: justify;\"><span style=\"font-size: 12pt; font-family: helvetica; color: #000000;\">&nbsp; &nbsp; Gjithashtu, p\u00ebrsh\u00ebndet\u00ebn e dhe Kryetari i Konferenc\u00ebs Ipeshkvnore, Mons. Angelo Masafra dhe Presidenti i V\u00ebllaz\u00ebris\u00eb Ungjillore, pastor Ali Kurti.<\/span><\/p>\n<p style=\"text-align: justify;\">&nbsp;<\/p>\n<p style=\"text-align: center;\"><img class=\"lazyload\" decoding=\"async\" src=\"data:image\/svg+xml,%3Csvg%20xmlns%3D%27http%3A%2F%2Fwww.w3.org%2F2000%2Fsvg%27%20width%3D%27450%27%20height%3D%27300%27%20viewBox%3D%270%200%20450%20300%27%3E%3Crect%20width%3D%27450%27%20height%3D%27300%27%20fill-opacity%3D%220%22%2F%3E%3C%2Fsvg%3E\" data-orig-src=\"https:\/\/lh4.googleusercontent.com\/-EM_wRQ60nP0\/VoKN9SMp2lI\/AAAAAAAARjU\/YlKWuJVgA7Y\/w800-h534-no\/DSC_9080.JPG\" width=\"450\" height=\"300\" style=\"display: block; margin: 10px auto; border: 1px solid #000000;\" \/><\/p>\n<p style=\"text-align: center;\"><img class=\"lazyload\" decoding=\"async\" src=\"data:image\/svg+xml,%3Csvg%20xmlns%3D%27http%3A%2F%2Fwww.w3.org%2F2000%2Fsvg%27%20width%3D%27450%27%20height%3D%27300%27%20viewBox%3D%270%200%20450%20300%27%3E%3Crect%20width%3D%27450%27%20height%3D%27300%27%20fill-opacity%3D%220%22%2F%3E%3C%2Fsvg%3E\" data-orig-src=\"https:\/\/lh4.googleusercontent.com\/-XC4Y2HxtDWU\/VoKN9PJlrFI\/AAAAAAAARjM\/A5XUvMeHwNw\/w800-h534-no\/DSC_9082.JPG\" width=\"450\" height=\"300\" style=\"display: block; margin: 10px auto; border: 1px solid #000000;\" \/><\/p>\n<p style=\"text-align: center;\"><img class=\"lazyload\" decoding=\"async\" src=\"data:image\/svg+xml,%3Csvg%20xmlns%3D%27http%3A%2F%2Fwww.w3.org%2F2000%2Fsvg%27%20width%3D%27450%27%20height%3D%27300%27%20viewBox%3D%270%200%20450%20300%27%3E%3Crect%20width%3D%27450%27%20height%3D%27300%27%20fill-opacity%3D%220%22%2F%3E%3C%2Fsvg%3E\" data-orig-src=\"https:\/\/lh4.googleusercontent.com\/-MTf3Q4JFtnU\/VoKN9Tu_2yI\/AAAAAAAARjk\/GU35Li_Urbk\/w800-h534-no\/DSC_9086.JPG\" width=\"450\" height=\"300\" style=\"display: block; margin: 10px auto; border: 1px solid #000000;\" \/><\/p>\n<p style=\"text-align: center;\"><img class=\"lazyload\" decoding=\"async\" src=\"data:image\/svg+xml,%3Csvg%20xmlns%3D%27http%3A%2F%2Fwww.w3.org%2F2000%2Fsvg%27%20width%3D%27450%27%20height%3D%27300%27%20viewBox%3D%270%200%20450%20300%27%3E%3Crect%20width%3D%27450%27%20height%3D%27300%27%20fill-opacity%3D%220%22%2F%3E%3C%2Fsvg%3E\" data-orig-src=\"https:\/\/lh4.googleusercontent.com\/-HtSr4-I3d4Y\/VoKN975GveI\/AAAAAAAARjc\/t4bH8yjiMLQ\/w800-h534-no\/DSC_9088.JPG\" width=\"450\" height=\"300\" style=\"display: block; margin: 10px auto; border: 1px solid #000000;\" \/><\/p>\n<p style=\"text-align: center;\"><img class=\"lazyload\" decoding=\"async\" src=\"data:image\/svg+xml,%3Csvg%20xmlns%3D%27http%3A%2F%2Fwww.w3.org%2F2000%2Fsvg%27%20width%3D%27450%27%20height%3D%27300%27%20viewBox%3D%270%200%20450%20300%27%3E%3Crect%20width%3D%27450%27%20height%3D%27300%27%20fill-opacity%3D%220%22%2F%3E%3C%2Fsvg%3E\" data-orig-src=\"https:\/\/lh4.googleusercontent.com\/-wCICaYwQQr0\/VoKN9_6bzTI\/AAAAAAAARjY\/IK_NqSODQTU\/w800-h534-no\/DSC_9099.JPG\" width=\"450\" height=\"300\" style=\"display: block; margin: 10px auto; border: 1px solid #000000;\" \/><\/p>\n<p style=\"text-align: center;\"><img class=\"lazyload\" decoding=\"async\" src=\"data:image\/svg+xml,%3Csvg%20xmlns%3D%27http%3A%2F%2Fwww.w3.org%2F2000%2Fsvg%27%20width%3D%27450%27%20height%3D%27300%27%20viewBox%3D%270%200%20450%20300%27%3E%3Crect%20width%3D%27450%27%20height%3D%27300%27%20fill-opacity%3D%220%22%2F%3E%3C%2Fsvg%3E\" data-orig-src=\"https:\/\/lh4.googleusercontent.com\/-Gs8y3oXY4Yc\/VoKN-IOGBEI\/AAAAAAAARjg\/zvHbyIFzJhY\/w800-h534-no\/DSC_9102.JPG\" width=\"450\" height=\"300\" style=\"display: block; margin: 10px auto; border: 1px solid #000000;\" \/><\/p>\n","protected":false},"excerpt":{"rendered":"<p>&nbsp; &nbsp; Me rastin e fest\u00ebs s\u00eb Krishtlindjes, t\u00eb shtun\u00ebn, 26 dhjetor 2015, Presidenti i Republik\u00ebs, Z. Bujar Nishani, shtroi nj\u00eb dark\u00eb zyrtare n\u00eb Pallatin e Brigadave, ku ishin t\u00eb ftuar p\u00ebrfaq\u00ebsues nga komunitetet e krishtera dhe nga komunitetet e tjera fetare n\u00eb vend, drejtues t\u00eb institucioneve t\u00eb pavarura, deputet\u00eb etj. N\u00eb dark\u00eb mori pjes\u00eb edhe nj\u00eb p\u00ebrfaq\u00ebsi e zgjeruar nga Kisha Orthodhokse Autoqefale e<\/p>\n","protected":false},"author":1,"featured_media":4333,"comment_status":"open","ping_status":"open","sticky":false,"template":"","format":"standard","meta":{"_acf_changed":false,"pagelayer_contact_templates":[],"_pagelayer_content":"","inline_featured_image":false,"fifu_image_url":"","fifu_image_alt":"","footnotes":""},"categories":[108],"tags":[139,162,196,201,212],"class_list":["post-4332","post","type-post","status-publish","format-standard","has-post-thumbnail","hentry","category-lajme","tag-139","tag-aktivitete-nderfetare","tag-tirane","tag-kryepiskopi-anastas","tag-lajme-d27"],"acf":[],"yoast_head":"<!-- This site is optimized with the Yoast SEO plugin v27.2 - https:\/\/yoast.com\/product\/yoast-seo-wordpress\/ -->\n<title>Presidenti Nishani shtroi dark\u00eb zyrtare p\u00ebr Komunitetet Fetare - Kisha Orthodh\u03bfkse Autoqefale e Shqip\u00ebris\u00eb<\/title>\n<meta name=\"robots\" content=\"index, follow, max-snippet:-1, max-image-preview:large, max-video-preview:-1\" \/>\n<link rel=\"canonical\" href=\"https:\/\/orthodoxalbania.org\/2020\/2015\/12\/29\/presidenti-nishani-shtroi-darke-zyrtare-per-komunitetet-fetare\/\" \/>\n<meta property=\"og:locale\" content=\"en_US\" \/>\n<meta property=\"og:type\" content=\"article\" \/>\n<meta property=\"og:title\" content=\"Presidenti Nishani shtroi dark\u00eb zyrtare p\u00ebr Komunitetet Fetare - Kisha Orthodh\u03bfkse Autoqefale e Shqip\u00ebris\u00eb\" \/>\n<meta property=\"og:description\" content=\"&nbsp; &nbsp; Me rastin e fest\u00ebs s\u00eb Krishtlindjes, t\u00eb shtun\u00ebn, 26 dhjetor 2015, Presidenti i Republik\u00ebs, Z. Bujar Nishani, shtroi nj\u00eb dark\u00eb zyrtare n\u00eb Pallatin e Brigadave, ku ishin t\u00eb ftuar p\u00ebrfaq\u00ebsues nga komunitetet e krishtera dhe nga komunitetet e tjera fetare n\u00eb vend, drejtues t\u00eb institucioneve t\u00eb pavarura, deputet\u00eb etj. N\u00eb dark\u00eb mori pjes\u00eb edhe nj\u00eb p\u00ebrfaq\u00ebsi e zgjeruar nga Kisha Orthodhokse Autoqefale e\" \/>\n<meta property=\"og:url\" content=\"https:\/\/orthodoxalbania.org\/2020\/2015\/12\/29\/presidenti-nishani-shtroi-darke-zyrtare-per-komunitetet-fetare\/\" \/>\n<meta property=\"og:site_name\" content=\"Kisha Orthodh\u03bfkse Autoqefale e Shqip\u00ebris\u00eb\" \/>\n<meta property=\"article:publisher\" content=\"https:\/\/www.facebook.com\/koash1991\" \/>\n<meta property=\"article:published_time\" content=\"2015-12-29T13:53:31+00:00\" \/>\n<meta property=\"article:modified_time\" content=\"2020-04-06T20:02:03+00:00\" \/>\n<meta property=\"og:image\" content=\"https:\/\/orthodoxalbania.org\/2020\/wp-content\/uploads\/2020\/04\/per%2Bintro.JPG\" \/>\n\t<meta property=\"og:image:width\" content=\"150\" \/>\n\t<meta property=\"og:image:height\" content=\"150\" \/>\n\t<meta property=\"og:image:type\" content=\"image\/jpeg\" \/>\n<meta name=\"author\" content=\"Kisha Orthodhokse\" \/>\n<meta name=\"twitter:card\" content=\"summary_large_image\" \/>\n<meta name=\"twitter:label1\" content=\"Written by\" \/>\n\t<meta name=\"twitter:data1\" content=\"Kisha Orthodhokse\" \/>\n\t<meta name=\"twitter:label2\" content=\"Est. reading time\" \/>\n\t<meta name=\"twitter:data2\" content=\"2 minutes\" \/>\n<script type=\"application\/ld+json\" class=\"yoast-schema-graph\">{\"@context\":\"https:\/\/schema.org\",\"@graph\":[{\"@type\":\"Article\",\"@id\":\"https:\/\/orthodoxalbania.org\/2020\/2015\/12\/29\/presidenti-nishani-shtroi-darke-zyrtare-per-komunitetet-fetare\/#article\",\"isPartOf\":{\"@id\":\"https:\/\/orthodoxalbania.org\/2020\/2015\/12\/29\/presidenti-nishani-shtroi-darke-zyrtare-per-komunitetet-fetare\/\"},\"author\":{\"name\":\"Kisha Orthodhokse\",\"@id\":\"https:\/\/orthodoxalbania.org\/2020\/#\/schema\/person\/0c387634a7063ac612d7ed9ce71c7e86\"},\"headline\":\"Presidenti Nishani shtroi dark\u00eb zyrtare p\u00ebr Komunitetet Fetare\",\"datePublished\":\"2015-12-29T13:53:31+00:00\",\"dateModified\":\"2020-04-06T20:02:03+00:00\",\"mainEntityOfPage\":{\"@id\":\"https:\/\/orthodoxalbania.org\/2020\/2015\/12\/29\/presidenti-nishani-shtroi-darke-zyrtare-per-komunitetet-fetare\/\"},\"wordCount\":393,\"commentCount\":0,\"publisher\":{\"@id\":\"https:\/\/orthodoxalbania.org\/2020\/#organization\"},\"image\":{\"@id\":\"https:\/\/orthodoxalbania.org\/2020\/2015\/12\/29\/presidenti-nishani-shtroi-darke-zyrtare-per-komunitetet-fetare\/#primaryimage\"},\"thumbnailUrl\":\"https:\/\/orthodoxalbania.org\/2020\/wp-content\/uploads\/2020\/04\/per%2Bintro.JPG\",\"keywords\":[\"2015\",\"Aktivitete Nd\u00ebrfetare\",\"Kryepiskopata Tiran\u00eb\",\"Kryepiskopi Anastas\",\"lajme\"],\"articleSection\":[\"Lajme\"],\"inLanguage\":\"en-US\"},{\"@type\":\"WebPage\",\"@id\":\"https:\/\/orthodoxalbania.org\/2020\/2015\/12\/29\/presidenti-nishani-shtroi-darke-zyrtare-per-komunitetet-fetare\/\",\"url\":\"https:\/\/orthodoxalbania.org\/2020\/2015\/12\/29\/presidenti-nishani-shtroi-darke-zyrtare-per-komunitetet-fetare\/\",\"name\":\"Presidenti Nishani shtroi dark\u00eb zyrtare p\u00ebr Komunitetet Fetare - Kisha Orthodh\u03bfkse Autoqefale e Shqip\u00ebris\u00eb\",\"isPartOf\":{\"@id\":\"https:\/\/orthodoxalbania.org\/2020\/#website\"},\"primaryImageOfPage\":{\"@id\":\"https:\/\/orthodoxalbania.org\/2020\/2015\/12\/29\/presidenti-nishani-shtroi-darke-zyrtare-per-komunitetet-fetare\/#primaryimage\"},\"image\":{\"@id\":\"https:\/\/orthodoxalbania.org\/2020\/2015\/12\/29\/presidenti-nishani-shtroi-darke-zyrtare-per-komunitetet-fetare\/#primaryimage\"},\"thumbnailUrl\":\"https:\/\/orthodoxalbania.org\/2020\/wp-content\/uploads\/2020\/04\/per%2Bintro.JPG\",\"datePublished\":\"2015-12-29T13:53:31+00:00\",\"dateModified\":\"2020-04-06T20:02:03+00:00\",\"breadcrumb\":{\"@id\":\"https:\/\/orthodoxalbania.org\/2020\/2015\/12\/29\/presidenti-nishani-shtroi-darke-zyrtare-per-komunitetet-fetare\/#breadcrumb\"},\"inLanguage\":\"en-US\",\"potentialAction\":[{\"@type\":\"ReadAction\",\"target\":[\"https:\/\/orthodoxalbania.org\/2020\/2015\/12\/29\/presidenti-nishani-shtroi-darke-zyrtare-per-komunitetet-fetare\/\"]}]},{\"@type\":\"ImageObject\",\"inLanguage\":\"en-US\",\"@id\":\"https:\/\/orthodoxalbania.org\/2020\/2015\/12\/29\/presidenti-nishani-shtroi-darke-zyrtare-per-komunitetet-fetare\/#primaryimage\",\"url\":\"https:\/\/orthodoxalbania.org\/2020\/wp-content\/uploads\/2020\/04\/per%2Bintro.JPG\",\"contentUrl\":\"https:\/\/orthodoxalbania.org\/2020\/wp-content\/uploads\/2020\/04\/per%2Bintro.JPG\",\"width\":150,\"height\":150},{\"@type\":\"BreadcrumbList\",\"@id\":\"https:\/\/orthodoxalbania.org\/2020\/2015\/12\/29\/presidenti-nishani-shtroi-darke-zyrtare-per-komunitetet-fetare\/#breadcrumb\",\"itemListElement\":[{\"@type\":\"ListItem\",\"position\":1,\"name\":\"Home\",\"item\":\"https:\/\/orthodoxalbania.org\/2020\/\"},{\"@type\":\"ListItem\",\"position\":2,\"name\":\"Presidenti Nishani shtroi dark\u00eb zyrtare p\u00ebr Komunitetet Fetare\"}]},{\"@type\":\"WebSite\",\"@id\":\"https:\/\/orthodoxalbania.org\/2020\/#website\",\"url\":\"https:\/\/orthodoxalbania.org\/2020\/\",\"name\":\"Kisha Orthodh\u03bfkse Autoqefale e Shqip\u00ebris\u00eb\",\"description\":\"Fqja Zyrtare e Kish\u00ebs Orthodhokse Autoqefale e Shqip\u00ebris\u00eb me lajmet edhe informacionet zyrtare p\u00ebr struktur\u00ebn edhe veprimtarin e saj.\",\"publisher\":{\"@id\":\"https:\/\/orthodoxalbania.org\/2020\/#organization\"},\"potentialAction\":[{\"@type\":\"SearchAction\",\"target\":{\"@type\":\"EntryPoint\",\"urlTemplate\":\"https:\/\/orthodoxalbania.org\/2020\/?s={search_term_string}\"},\"query-input\":{\"@type\":\"PropertyValueSpecification\",\"valueRequired\":true,\"valueName\":\"search_term_string\"}}],\"inLanguage\":\"en-US\"},{\"@type\":\"Organization\",\"@id\":\"https:\/\/orthodoxalbania.org\/2020\/#organization\",\"name\":\"Kisha Orthodhokse Autoqefale e Shqip\u00ebris\u00eb\",\"url\":\"https:\/\/orthodoxalbania.org\/2020\/\",\"logo\":{\"@type\":\"ImageObject\",\"inLanguage\":\"en-US\",\"@id\":\"https:\/\/orthodoxalbania.org\/2020\/#\/schema\/logo\/image\/\",\"url\":\"https:\/\/orthodoxalbania.org\/2020\/wp-content\/uploads\/2020\/05\/albania.jpeg\",\"contentUrl\":\"https:\/\/orthodoxalbania.org\/2020\/wp-content\/uploads\/2020\/05\/albania.jpeg\",\"width\":540,\"height\":540,\"caption\":\"Kisha Orthodhokse Autoqefale e Shqip\u00ebris\u00eb\"},\"image\":{\"@id\":\"https:\/\/orthodoxalbania.org\/2020\/#\/schema\/logo\/image\/\"},\"sameAs\":[\"https:\/\/www.facebook.com\/koash1991\"]},{\"@type\":\"Person\",\"@id\":\"https:\/\/orthodoxalbania.org\/2020\/#\/schema\/person\/0c387634a7063ac612d7ed9ce71c7e86\",\"name\":\"Kisha Orthodhokse\",\"image\":{\"@type\":\"ImageObject\",\"inLanguage\":\"en-US\",\"@id\":\"https:\/\/secure.gravatar.com\/avatar\/596e7c417251e30f2fbb9c00e026fce61a695a00e51c889caded71c96cbbdde5?s=96&d=mm&r=g\",\"url\":\"https:\/\/secure.gravatar.com\/avatar\/596e7c417251e30f2fbb9c00e026fce61a695a00e51c889caded71c96cbbdde5?s=96&d=mm&r=g\",\"contentUrl\":\"https:\/\/secure.gravatar.com\/avatar\/596e7c417251e30f2fbb9c00e026fce61a695a00e51c889caded71c96cbbdde5?s=96&d=mm&r=g\",\"caption\":\"Kisha Orthodhokse\"}}]}<\/script>\n<!-- \/ Yoast SEO plugin. -->","yoast_head_json":{"title":"Presidenti Nishani shtroi dark\u00eb zyrtare p\u00ebr Komunitetet Fetare - Kisha Orthodh\u03bfkse Autoqefale e Shqip\u00ebris\u00eb","robots":{"index":"index","follow":"follow","max-snippet":"max-snippet:-1","max-image-preview":"max-image-preview:large","max-video-preview":"max-video-preview:-1"},"canonical":"https:\/\/orthodoxalbania.org\/2020\/2015\/12\/29\/presidenti-nishani-shtroi-darke-zyrtare-per-komunitetet-fetare\/","og_locale":"en_US","og_type":"article","og_title":"Presidenti Nishani shtroi dark\u00eb zyrtare p\u00ebr Komunitetet Fetare - Kisha Orthodh\u03bfkse Autoqefale e Shqip\u00ebris\u00eb","og_description":"&nbsp; &nbsp; Me rastin e fest\u00ebs s\u00eb Krishtlindjes, t\u00eb shtun\u00ebn, 26 dhjetor 2015, Presidenti i Republik\u00ebs, Z. Bujar Nishani, shtroi nj\u00eb dark\u00eb zyrtare n\u00eb Pallatin e Brigadave, ku ishin t\u00eb ftuar p\u00ebrfaq\u00ebsues nga komunitetet e krishtera dhe nga komunitetet e tjera fetare n\u00eb vend, drejtues t\u00eb institucioneve t\u00eb pavarura, deputet\u00eb etj. N\u00eb dark\u00eb mori pjes\u00eb edhe nj\u00eb p\u00ebrfaq\u00ebsi e zgjeruar nga Kisha Orthodhokse Autoqefale e","og_url":"https:\/\/orthodoxalbania.org\/2020\/2015\/12\/29\/presidenti-nishani-shtroi-darke-zyrtare-per-komunitetet-fetare\/","og_site_name":"Kisha Orthodh\u03bfkse Autoqefale e Shqip\u00ebris\u00eb","article_publisher":"https:\/\/www.facebook.com\/koash1991","article_published_time":"2015-12-29T13:53:31+00:00","article_modified_time":"2020-04-06T20:02:03+00:00","og_image":[{"width":150,"height":150,"url":"https:\/\/orthodoxalbania.org\/2020\/wp-content\/uploads\/2020\/04\/per%2Bintro.JPG","type":"image\/jpeg"}],"author":"Kisha Orthodhokse","twitter_card":"summary_large_image","twitter_misc":{"Written by":"Kisha Orthodhokse","Est. reading time":"2 minutes"},"schema":{"@context":"https:\/\/schema.org","@graph":[{"@type":"Article","@id":"https:\/\/orthodoxalbania.org\/2020\/2015\/12\/29\/presidenti-nishani-shtroi-darke-zyrtare-per-komunitetet-fetare\/#article","isPartOf":{"@id":"https:\/\/orthodoxalbania.org\/2020\/2015\/12\/29\/presidenti-nishani-shtroi-darke-zyrtare-per-komunitetet-fetare\/"},"author":{"name":"Kisha Orthodhokse","@id":"https:\/\/orthodoxalbania.org\/2020\/#\/schema\/person\/0c387634a7063ac612d7ed9ce71c7e86"},"headline":"Presidenti Nishani shtroi dark\u00eb zyrtare p\u00ebr Komunitetet Fetare","datePublished":"2015-12-29T13:53:31+00:00","dateModified":"2020-04-06T20:02:03+00:00","mainEntityOfPage":{"@id":"https:\/\/orthodoxalbania.org\/2020\/2015\/12\/29\/presidenti-nishani-shtroi-darke-zyrtare-per-komunitetet-fetare\/"},"wordCount":393,"commentCount":0,"publisher":{"@id":"https:\/\/orthodoxalbania.org\/2020\/#organization"},"image":{"@id":"https:\/\/orthodoxalbania.org\/2020\/2015\/12\/29\/presidenti-nishani-shtroi-darke-zyrtare-per-komunitetet-fetare\/#primaryimage"},"thumbnailUrl":"https:\/\/orthodoxalbania.org\/2020\/wp-content\/uploads\/2020\/04\/per%2Bintro.JPG","keywords":["2015","Aktivitete Nd\u00ebrfetare","Kryepiskopata Tiran\u00eb","Kryepiskopi Anastas","lajme"],"articleSection":["Lajme"],"inLanguage":"en-US"},{"@type":"WebPage","@id":"https:\/\/orthodoxalbania.org\/2020\/2015\/12\/29\/presidenti-nishani-shtroi-darke-zyrtare-per-komunitetet-fetare\/","url":"https:\/\/orthodoxalbania.org\/2020\/2015\/12\/29\/presidenti-nishani-shtroi-darke-zyrtare-per-komunitetet-fetare\/","name":"Presidenti Nishani shtroi dark\u00eb zyrtare p\u00ebr Komunitetet Fetare - Kisha Orthodh\u03bfkse Autoqefale e Shqip\u00ebris\u00eb","isPartOf":{"@id":"https:\/\/orthodoxalbania.org\/2020\/#website"},"primaryImageOfPage":{"@id":"https:\/\/orthodoxalbania.org\/2020\/2015\/12\/29\/presidenti-nishani-shtroi-darke-zyrtare-per-komunitetet-fetare\/#primaryimage"},"image":{"@id":"https:\/\/orthodoxalbania.org\/2020\/2015\/12\/29\/presidenti-nishani-shtroi-darke-zyrtare-per-komunitetet-fetare\/#primaryimage"},"thumbnailUrl":"https:\/\/orthodoxalbania.org\/2020\/wp-content\/uploads\/2020\/04\/per%2Bintro.JPG","datePublished":"2015-12-29T13:53:31+00:00","dateModified":"2020-04-06T20:02:03+00:00","breadcrumb":{"@id":"https:\/\/orthodoxalbania.org\/2020\/2015\/12\/29\/presidenti-nishani-shtroi-darke-zyrtare-per-komunitetet-fetare\/#breadcrumb"},"inLanguage":"en-US","potentialAction":[{"@type":"ReadAction","target":["https:\/\/orthodoxalbania.org\/2020\/2015\/12\/29\/presidenti-nishani-shtroi-darke-zyrtare-per-komunitetet-fetare\/"]}]},{"@type":"ImageObject","inLanguage":"en-US","@id":"https:\/\/orthodoxalbania.org\/2020\/2015\/12\/29\/presidenti-nishani-shtroi-darke-zyrtare-per-komunitetet-fetare\/#primaryimage","url":"https:\/\/orthodoxalbania.org\/2020\/wp-content\/uploads\/2020\/04\/per%2Bintro.JPG","contentUrl":"https:\/\/orthodoxalbania.org\/2020\/wp-content\/uploads\/2020\/04\/per%2Bintro.JPG","width":150,"height":150},{"@type":"BreadcrumbList","@id":"https:\/\/orthodoxalbania.org\/2020\/2015\/12\/29\/presidenti-nishani-shtroi-darke-zyrtare-per-komunitetet-fetare\/#breadcrumb","itemListElement":[{"@type":"ListItem","position":1,"name":"Home","item":"https:\/\/orthodoxalbania.org\/2020\/"},{"@type":"ListItem","position":2,"name":"Presidenti Nishani shtroi dark\u00eb zyrtare p\u00ebr Komunitetet Fetare"}]},{"@type":"WebSite","@id":"https:\/\/orthodoxalbania.org\/2020\/#website","url":"https:\/\/orthodoxalbania.org\/2020\/","name":"Kisha Orthodh\u03bfkse Autoqefale e Shqip\u00ebris\u00eb","description":"Fqja Zyrtare e Kish\u00ebs Orthodhokse Autoqefale e Shqip\u00ebris\u00eb me lajmet edhe informacionet zyrtare p\u00ebr struktur\u00ebn edhe veprimtarin e saj.","publisher":{"@id":"https:\/\/orthodoxalbania.org\/2020\/#organization"},"potentialAction":[{"@type":"SearchAction","target":{"@type":"EntryPoint","urlTemplate":"https:\/\/orthodoxalbania.org\/2020\/?s={search_term_string}"},"query-input":{"@type":"PropertyValueSpecification","valueRequired":true,"valueName":"search_term_string"}}],"inLanguage":"en-US"},{"@type":"Organization","@id":"https:\/\/orthodoxalbania.org\/2020\/#organization","name":"Kisha Orthodhokse Autoqefale e Shqip\u00ebris\u00eb","url":"https:\/\/orthodoxalbania.org\/2020\/","logo":{"@type":"ImageObject","inLanguage":"en-US","@id":"https:\/\/orthodoxalbania.org\/2020\/#\/schema\/logo\/image\/","url":"https:\/\/orthodoxalbania.org\/2020\/wp-content\/uploads\/2020\/05\/albania.jpeg","contentUrl":"https:\/\/orthodoxalbania.org\/2020\/wp-content\/uploads\/2020\/05\/albania.jpeg","width":540,"height":540,"caption":"Kisha Orthodhokse Autoqefale e Shqip\u00ebris\u00eb"},"image":{"@id":"https:\/\/orthodoxalbania.org\/2020\/#\/schema\/logo\/image\/"},"sameAs":["https:\/\/www.facebook.com\/koash1991"]},{"@type":"Person","@id":"https:\/\/orthodoxalbania.org\/2020\/#\/schema\/person\/0c387634a7063ac612d7ed9ce71c7e86","name":"Kisha Orthodhokse","image":{"@type":"ImageObject","inLanguage":"en-US","@id":"https:\/\/secure.gravatar.com\/avatar\/596e7c417251e30f2fbb9c00e026fce61a695a00e51c889caded71c96cbbdde5?s=96&d=mm&r=g","url":"https:\/\/secure.gravatar.com\/avatar\/596e7c417251e30f2fbb9c00e026fce61a695a00e51c889caded71c96cbbdde5?s=96&d=mm&r=g","contentUrl":"https:\/\/secure.gravatar.com\/avatar\/596e7c417251e30f2fbb9c00e026fce61a695a00e51c889caded71c96cbbdde5?s=96&d=mm&r=g","caption":"Kisha Orthodhokse"}}]}},"_links":{"self":[{"href":"https:\/\/orthodoxalbania.org\/2020\/wp-json\/wp\/v2\/posts\/4332","targetHints":{"allow":["GET"]}}],"collection":[{"href":"https:\/\/orthodoxalbania.org\/2020\/wp-json\/wp\/v2\/posts"}],"about":[{"href":"https:\/\/orthodoxalbania.org\/2020\/wp-json\/wp\/v2\/types\/post"}],"author":[{"embeddable":true,"href":"https:\/\/orthodoxalbania.org\/2020\/wp-json\/wp\/v2\/users\/1"}],"replies":[{"embeddable":true,"href":"https:\/\/orthodoxalbania.org\/2020\/wp-json\/wp\/v2\/comments?post=4332"}],"version-history":[{"count":1,"href":"https:\/\/orthodoxalbania.org\/2020\/wp-json\/wp\/v2\/posts\/4332\/revisions"}],"predecessor-version":[{"id":14932,"href":"https:\/\/orthodoxalbania.org\/2020\/wp-json\/wp\/v2\/posts\/4332\/revisions\/14932"}],"wp:featuredmedia":[{"embeddable":true,"href":"https:\/\/orthodoxalbania.org\/2020\/wp-json\/wp\/v2\/media\/4333"}],"wp:attachment":[{"href":"https:\/\/orthodoxalbania.org\/2020\/wp-json\/wp\/v2\/media?parent=4332"}],"wp:term":[{"taxonomy":"category","embeddable":true,"href":"https:\/\/orthodoxalbania.org\/2020\/wp-json\/wp\/v2\/categories?post=4332"},{"taxonomy":"post_tag","embeddable":true,"href":"https:\/\/orthodoxalbania.org\/2020\/wp-json\/wp\/v2\/tags?post=4332"}],"curies":[{"name":"wp","href":"https:\/\/api.w.org\/{rel}","templated":true}]}}