{"id":433,"date":"2014-10-01T12:46:42","date_gmt":"2014-10-01T12:46:42","guid":{"rendered":""},"modified":"2020-04-06T22:02:22","modified_gmt":"2020-04-06T20:02:22","slug":"doli-ne-qarkullim-gazeta-ngjallja-e-muajit-shtator-2014","status":"publish","type":"post","link":"https:\/\/orthodoxalbania.org\/2020\/2014\/10\/01\/doli-ne-qarkullim-gazeta-ngjallja-e-muajit-shtator-2014\/","title":{"rendered":"Doli n\u00eb qarkullim gazeta &#8220;Ngjallja&#8221; e muajit shtator 2014."},"content":{"rendered":"<p style=\"text-align: center;\">\n\t<span style=\"font-family: tahoma,geneva,sans-serif;\"><span style=\"font-size: 12px;\"><strong><span style=\"color: #b22222; font-size: 12pt; font-family: helvetica;\">Doli n\u00eb qarkullim gazeta &#8220;Ngjallja&#8221; e muajit shtator 2014.<\/span><\/strong><\/span><\/span><\/p>\n<p style=\"text-align: center;\">\n\t&nbsp;<\/p>\n<p style=\"text-align: center;\">\n\t<span style=\"font-family: helvetica; font-size: 12pt;\"><strong><span style=\"color: #b22222;\">N\u00eb k\u00ebt\u00eb num\u00ebr do t\u00eb lexoni:<\/span><\/strong><\/span><\/p>\n<p style=\"text-align: center;\">\n\t&nbsp;<\/p>\n<p style=\"text-align: justify;\">\n\t<span style=\"font-family: helvetica; font-size: 12pt;\"><span style=\"color: #000000;\">&#8211;&nbsp; Dashuri pa fund e pa kufi \u2013 nga Kryepiskopi i Tiran\u00ebs, Durr\u00ebsit dhe i Gjith\u00eb Shqip\u00ebris\u00eb \u2020 Anastasi.<\/span><\/span><span style=\"font-size: 12pt; font-family: helvetica;\">&nbsp; <\/span><\/p>\n<p style=\"text-align: justify;\">\n\t<span style=\"color: #000000; font-size: 12pt; font-family: helvetica;\">&#8211;&nbsp; 200 afrikan\u00eb pag\u00ebzohen orthodhoks\u00eb.<\/span><span style=\"font-size: 12pt; font-family: helvetica;\">&nbsp; <\/span><\/p>\n<p style=\"text-align: justify;\">\n\t<span style=\"color: #000000; font-size: 12pt; font-family: helvetica;\">&#8211;&nbsp; U kremtua me nj\u00eb Liturgji Hyjnore t\u00eb kryer nga Sinodi i Shenjt\u00eb 300-vjetori i lindjes s\u00eb Shenjtorit \u2013 nga Th. Dh.<\/span><span style=\"font-size: 12pt; font-family: helvetica;\">&nbsp; <\/span><\/p>\n<p style=\"text-align: justify;\">\n\t<span style=\"color: #000000; font-size: 12pt; font-family: helvetica;\">&#8211;&nbsp; Komet\u00eb n\u00eb kup\u00ebn e qiellit &#8211; Imzot Kristofori, Kryepiskopi i par\u00eb kanonik i Kish\u00ebs Orthodhokse Autoqefale t\u00eb Shqip\u00ebris\u00eb.<\/span><span style=\"font-size: 12pt; font-family: helvetica;\">&nbsp; <\/span><\/p>\n<p style=\"text-align: justify;\">\n\t<span style=\"color: #000000; font-size: 12pt; font-family: helvetica;\">&#8211;&nbsp; Shkolla dhe vatra besimi \u2013 nga Dr. Dion Tushi.<\/span><\/p>\n<p style=\"text-align: justify;\">\n\t<span style=\"color: #000000; font-size: 12pt; font-family: helvetica;\">&#8211;&nbsp; Deklarat\u00eb p\u00ebr shtyp e Komitetit Shtet\u00ebror p\u00ebr Kultet.<\/span><span style=\"font-size: 12pt; font-family: helvetica;\">&nbsp; <\/span><\/p>\n<p style=\"text-align: justify;\">\n\t<span style=\"color: #000000; font-size: 12pt; font-family: helvetica;\">&#8211;&nbsp; Bashk\u00ebpunim i ngroht\u00eb n\u00eb k\u00ebta 23 vjet &#8211; Thoma Dhima, Kryeredaktor i gazet\u00ebs \u201cNgjallja\u201d.<\/span><span style=\"font-size: 12pt; font-family: helvetica;\">&nbsp; <\/span><\/p>\n<p style=\"text-align: justify;\">\n\t<span style=\"color: #000000; font-size: 12pt; font-family: helvetica;\">&#8211;&nbsp; Filloi viti i ri shkollor n\u00eb shkollat parauniversitare t\u00eb Kish\u00ebs son\u00eb.<\/span><span style=\"font-size: 12pt; font-family: helvetica;\">&nbsp; <\/span><\/p>\n<p style=\"text-align: justify;\">\n\t<span style=\"color: #000000; font-size: 12pt; font-family: helvetica;\">&#8211;&nbsp; Kampe t\u00eb shumta p\u00ebr f\u00ebmij\u00eb n\u00eb t\u00eb gjitha dioqezat.<\/span><span style=\"font-size: 12pt; font-family: helvetica;\">&nbsp; <\/span><\/p>\n<p style=\"text-align: justify;\">\n\t<span style=\"color: #000000; font-size: 12pt; font-family: helvetica;\">&#8211;&nbsp; Fjal\u00eb t\u00eb arta &#8211; At\u00eb Simeon Arvaniti (1901-1988).<\/span><span style=\"font-size: 12pt; font-family: helvetica;\">&nbsp; <\/span><\/p>\n<p style=\"text-align: justify;\">\n\t<span style=\"color: #000000; font-size: 12pt; font-family: helvetica;\">&#8211;&nbsp; T\u00eb pav\u00ebrtetat e p\u00ebrs\u00ebritura nuk mund t\u00eb b\u00ebhen t\u00eb v\u00ebrteta \u2013 nga Andon (Merdani), Episkopi i Kruj\u00ebs.<\/span><span style=\"font-size: 12pt; font-family: helvetica;\">&nbsp; <\/span><\/p>\n<p style=\"text-align: justify;\">\n\t<span style=\"color: #000000; font-size: 12pt; font-family: helvetica;\">&#8211;&nbsp; Filloi nd\u00ebrtimi i serrave t\u00eb p\u00ebrfitueseve t\u00eb projektit \u201cNisma t\u00eb q\u00ebndrueshme ekonomike\u201d.<\/span><span style=\"font-size: 12pt; font-family: helvetica;\">&nbsp; <\/span><\/p>\n<p style=\"text-align: justify;\">\n\t<span style=\"color: #000000; font-size: 12pt; font-family: helvetica;\">&#8211;&nbsp; Kisha ofron antidotin p\u00ebr zgjidhjen e kriz\u00ebs son\u00eb ekologjike.<\/span><span style=\"font-size: 12pt; font-family: helvetica;\">&nbsp; <\/span><\/p>\n<p style=\"text-align: justify;\">\n\t<span style=\"color: #000000; font-size: 12pt; font-family: helvetica;\">&#8211;&nbsp; Nga vizita e Papa Fran\u00e7eskut n\u00eb vendin ton\u00eb.<\/span><\/p>\n<div style=\"text-align: justify;\">\n\t&nbsp;<\/div>\n<div>\n\t<span style=\"font-family: tahoma,geneva,sans-serif;\"><span style=\"font-size: 12px;\"><strong><img decoding=\"async\" alt=\"\" class=\"lazyload HAa Eha\" height=\"779\" src=\"data:image\/svg+xml,%3Csvg%20xmlns%3D%27http%3A%2F%2Fwww.w3.org%2F2000%2Fsvg%27%20width%3D%27573%27%20height%3D%27779%27%20viewBox%3D%270%200%20573%20779%27%3E%3Crect%20width%3D%27573%27%20height%3D%27779%27%20fill-opacity%3D%220%22%2F%3E%3C%2Fsvg%3E\" data-orig-src=\"https:\/\/lh3.googleusercontent.com\/-u4LkasL7BM0\/VCv2U4NvFzI\/AAAAAAAADXE\/lu_439plX7o\/w611-h833-no\/Pages%2Bfrom%2BGazeta%2Bshtator%2B2014%2Bper%2Binternet..jpg\" style=\"border-width: 1px; border-style: solid; margin: 10px auto; display: block;\" width=\"573\" \/><\/strong><\/span><\/span><\/div>\n","protected":false},"excerpt":{"rendered":"<p>Doli n\u00eb qarkullim gazeta &#8220;Ngjallja&#8221; e muajit shtator 2014. &nbsp; N\u00eb k\u00ebt\u00eb num\u00ebr do t\u00eb lexoni: &nbsp; &#8211;&nbsp; Dashuri pa fund e pa kufi \u2013 nga Kryepiskopi i Tiran\u00ebs, Durr\u00ebsit dhe i Gjith\u00eb Shqip\u00ebris\u00eb \u2020 Anastasi.&nbsp; &#8211;&nbsp; 200 afrikan\u00eb pag\u00ebzohen orthodhoks\u00eb.&nbsp; &#8211;&nbsp; U kremtua me nj\u00eb Liturgji Hyjnore t\u00eb kryer nga Sinodi i Shenjt\u00eb 300-vjetori i lindjes s\u00eb Shenjtorit \u2013 nga Th. Dh.&nbsp; &#8211;&nbsp; Komet\u00eb<\/p>\n","protected":false},"author":1,"featured_media":434,"comment_status":"open","ping_status":"open","sticky":false,"template":"","format":"standard","meta":{"_acf_changed":false,"pagelayer_contact_templates":[],"_pagelayer_content":"","inline_featured_image":false,"fifu_image_url":"","fifu_image_alt":"","footnotes":""},"categories":[108],"tags":[140,161,196,212,607],"class_list":["post-433","post","type-post","status-publish","format-standard","has-post-thumbnail","hentry","category-lajme","tag-140","tag-gazeta-ngjallja","tag-tirane","tag-lajme-d27","tag-promovimepublikime"],"acf":[],"yoast_head":"<!-- This site is optimized with the Yoast SEO plugin v27.2 - https:\/\/yoast.com\/product\/yoast-seo-wordpress\/ -->\n<title>Doli n\u00eb qarkullim gazeta &quot;Ngjallja&quot; e muajit shtator 2014. - Kisha Orthodh\u03bfkse Autoqefale e Shqip\u00ebris\u00eb<\/title>\n<meta name=\"robots\" content=\"index, follow, max-snippet:-1, max-image-preview:large, max-video-preview:-1\" \/>\n<link rel=\"canonical\" href=\"https:\/\/orthodoxalbania.org\/2020\/2014\/10\/01\/doli-ne-qarkullim-gazeta-ngjallja-e-muajit-shtator-2014\/\" \/>\n<meta property=\"og:locale\" content=\"en_US\" \/>\n<meta property=\"og:type\" content=\"article\" \/>\n<meta property=\"og:title\" content=\"Doli n\u00eb qarkullim gazeta &quot;Ngjallja&quot; e muajit shtator 2014. - Kisha Orthodh\u03bfkse Autoqefale e Shqip\u00ebris\u00eb\" \/>\n<meta property=\"og:description\" content=\"Doli n\u00eb qarkullim gazeta &#8220;Ngjallja&#8221; e muajit shtator 2014. &nbsp; N\u00eb k\u00ebt\u00eb num\u00ebr do t\u00eb lexoni: &nbsp; &#8211;&nbsp; Dashuri pa fund e pa kufi \u2013 nga Kryepiskopi i Tiran\u00ebs, Durr\u00ebsit dhe i Gjith\u00eb Shqip\u00ebris\u00eb \u2020 Anastasi.&nbsp; &#8211;&nbsp; 200 afrikan\u00eb pag\u00ebzohen orthodhoks\u00eb.&nbsp; &#8211;&nbsp; U kremtua me nj\u00eb Liturgji Hyjnore t\u00eb kryer nga Sinodi i Shenjt\u00eb 300-vjetori i lindjes s\u00eb Shenjtorit \u2013 nga Th. Dh.&nbsp; &#8211;&nbsp; Komet\u00eb\" \/>\n<meta property=\"og:url\" content=\"https:\/\/orthodoxalbania.org\/2020\/2014\/10\/01\/doli-ne-qarkullim-gazeta-ngjallja-e-muajit-shtator-2014\/\" \/>\n<meta property=\"og:site_name\" content=\"Kisha Orthodh\u03bfkse Autoqefale e Shqip\u00ebris\u00eb\" \/>\n<meta property=\"article:publisher\" content=\"https:\/\/www.facebook.com\/koash1991\" \/>\n<meta property=\"article:published_time\" content=\"2014-10-01T12:46:42+00:00\" \/>\n<meta property=\"article:modified_time\" content=\"2020-04-06T20:02:22+00:00\" \/>\n<meta property=\"og:image\" content=\"https:\/\/orthodoxalbania.org\/2020\/wp-content\/uploads\/2020\/04\/Pages%2Bfrom%2BGazeta%2Bshtator%2B2014%2Bper%2Binternet..jpg\" \/>\n\t<meta property=\"og:image:width\" content=\"150\" \/>\n\t<meta property=\"og:image:height\" content=\"150\" \/>\n\t<meta property=\"og:image:type\" content=\"image\/jpeg\" \/>\n<meta name=\"author\" content=\"Kisha Orthodhokse\" \/>\n<meta name=\"twitter:card\" content=\"summary_large_image\" \/>\n<meta name=\"twitter:label1\" content=\"Written by\" \/>\n\t<meta name=\"twitter:data1\" content=\"Kisha Orthodhokse\" \/>\n\t<meta name=\"twitter:label2\" content=\"Est. reading time\" \/>\n\t<meta name=\"twitter:data2\" content=\"1 minute\" \/>\n<script type=\"application\/ld+json\" class=\"yoast-schema-graph\">{\"@context\":\"https:\/\/schema.org\",\"@graph\":[{\"@type\":\"Article\",\"@id\":\"https:\/\/orthodoxalbania.org\/2020\/2014\/10\/01\/doli-ne-qarkullim-gazeta-ngjallja-e-muajit-shtator-2014\/#article\",\"isPartOf\":{\"@id\":\"https:\/\/orthodoxalbania.org\/2020\/2014\/10\/01\/doli-ne-qarkullim-gazeta-ngjallja-e-muajit-shtator-2014\/\"},\"author\":{\"name\":\"Kisha Orthodhokse\",\"@id\":\"https:\/\/orthodoxalbania.org\/2020\/#\/schema\/person\/0c387634a7063ac612d7ed9ce71c7e86\"},\"headline\":\"Doli n\u00eb qarkullim gazeta &#8220;Ngjallja&#8221; e muajit shtator 2014.\",\"datePublished\":\"2014-10-01T12:46:42+00:00\",\"dateModified\":\"2020-04-06T20:02:22+00:00\",\"mainEntityOfPage\":{\"@id\":\"https:\/\/orthodoxalbania.org\/2020\/2014\/10\/01\/doli-ne-qarkullim-gazeta-ngjallja-e-muajit-shtator-2014\/\"},\"wordCount\":254,\"commentCount\":0,\"publisher\":{\"@id\":\"https:\/\/orthodoxalbania.org\/2020\/#organization\"},\"image\":{\"@id\":\"https:\/\/orthodoxalbania.org\/2020\/2014\/10\/01\/doli-ne-qarkullim-gazeta-ngjallja-e-muajit-shtator-2014\/#primaryimage\"},\"thumbnailUrl\":\"https:\/\/orthodoxalbania.org\/2020\/wp-content\/uploads\/2020\/04\/Pages%2Bfrom%2BGazeta%2Bshtator%2B2014%2Bper%2Binternet..jpg\",\"keywords\":[\"2014\",\"Gazeta \\\"Ngjallja\\\"\",\"Kryepiskopata Tiran\u00eb\",\"lajme\",\"PromovimePublikime\"],\"articleSection\":[\"Lajme\"],\"inLanguage\":\"en-US\"},{\"@type\":\"WebPage\",\"@id\":\"https:\/\/orthodoxalbania.org\/2020\/2014\/10\/01\/doli-ne-qarkullim-gazeta-ngjallja-e-muajit-shtator-2014\/\",\"url\":\"https:\/\/orthodoxalbania.org\/2020\/2014\/10\/01\/doli-ne-qarkullim-gazeta-ngjallja-e-muajit-shtator-2014\/\",\"name\":\"Doli n\u00eb qarkullim gazeta \\\"Ngjallja\\\" e muajit shtator 2014. - Kisha Orthodh\u03bfkse Autoqefale e Shqip\u00ebris\u00eb\",\"isPartOf\":{\"@id\":\"https:\/\/orthodoxalbania.org\/2020\/#website\"},\"primaryImageOfPage\":{\"@id\":\"https:\/\/orthodoxalbania.org\/2020\/2014\/10\/01\/doli-ne-qarkullim-gazeta-ngjallja-e-muajit-shtator-2014\/#primaryimage\"},\"image\":{\"@id\":\"https:\/\/orthodoxalbania.org\/2020\/2014\/10\/01\/doli-ne-qarkullim-gazeta-ngjallja-e-muajit-shtator-2014\/#primaryimage\"},\"thumbnailUrl\":\"https:\/\/orthodoxalbania.org\/2020\/wp-content\/uploads\/2020\/04\/Pages%2Bfrom%2BGazeta%2Bshtator%2B2014%2Bper%2Binternet..jpg\",\"datePublished\":\"2014-10-01T12:46:42+00:00\",\"dateModified\":\"2020-04-06T20:02:22+00:00\",\"breadcrumb\":{\"@id\":\"https:\/\/orthodoxalbania.org\/2020\/2014\/10\/01\/doli-ne-qarkullim-gazeta-ngjallja-e-muajit-shtator-2014\/#breadcrumb\"},\"inLanguage\":\"en-US\",\"potentialAction\":[{\"@type\":\"ReadAction\",\"target\":[\"https:\/\/orthodoxalbania.org\/2020\/2014\/10\/01\/doli-ne-qarkullim-gazeta-ngjallja-e-muajit-shtator-2014\/\"]}]},{\"@type\":\"ImageObject\",\"inLanguage\":\"en-US\",\"@id\":\"https:\/\/orthodoxalbania.org\/2020\/2014\/10\/01\/doli-ne-qarkullim-gazeta-ngjallja-e-muajit-shtator-2014\/#primaryimage\",\"url\":\"https:\/\/orthodoxalbania.org\/2020\/wp-content\/uploads\/2020\/04\/Pages%2Bfrom%2BGazeta%2Bshtator%2B2014%2Bper%2Binternet..jpg\",\"contentUrl\":\"https:\/\/orthodoxalbania.org\/2020\/wp-content\/uploads\/2020\/04\/Pages%2Bfrom%2BGazeta%2Bshtator%2B2014%2Bper%2Binternet..jpg\",\"width\":150,\"height\":150},{\"@type\":\"BreadcrumbList\",\"@id\":\"https:\/\/orthodoxalbania.org\/2020\/2014\/10\/01\/doli-ne-qarkullim-gazeta-ngjallja-e-muajit-shtator-2014\/#breadcrumb\",\"itemListElement\":[{\"@type\":\"ListItem\",\"position\":1,\"name\":\"Home\",\"item\":\"https:\/\/orthodoxalbania.org\/2020\/\"},{\"@type\":\"ListItem\",\"position\":2,\"name\":\"Doli n\u00eb qarkullim gazeta &#8220;Ngjallja&#8221; e muajit shtator 2014.\"}]},{\"@type\":\"WebSite\",\"@id\":\"https:\/\/orthodoxalbania.org\/2020\/#website\",\"url\":\"https:\/\/orthodoxalbania.org\/2020\/\",\"name\":\"Kisha Orthodh\u03bfkse Autoqefale e Shqip\u00ebris\u00eb\",\"description\":\"Fqja Zyrtare e Kish\u00ebs Orthodhokse Autoqefale e Shqip\u00ebris\u00eb me lajmet edhe informacionet zyrtare p\u00ebr struktur\u00ebn edhe veprimtarin e saj.\",\"publisher\":{\"@id\":\"https:\/\/orthodoxalbania.org\/2020\/#organization\"},\"potentialAction\":[{\"@type\":\"SearchAction\",\"target\":{\"@type\":\"EntryPoint\",\"urlTemplate\":\"https:\/\/orthodoxalbania.org\/2020\/?s={search_term_string}\"},\"query-input\":{\"@type\":\"PropertyValueSpecification\",\"valueRequired\":true,\"valueName\":\"search_term_string\"}}],\"inLanguage\":\"en-US\"},{\"@type\":\"Organization\",\"@id\":\"https:\/\/orthodoxalbania.org\/2020\/#organization\",\"name\":\"Kisha Orthodhokse Autoqefale e Shqip\u00ebris\u00eb\",\"url\":\"https:\/\/orthodoxalbania.org\/2020\/\",\"logo\":{\"@type\":\"ImageObject\",\"inLanguage\":\"en-US\",\"@id\":\"https:\/\/orthodoxalbania.org\/2020\/#\/schema\/logo\/image\/\",\"url\":\"https:\/\/orthodoxalbania.org\/2020\/wp-content\/uploads\/2020\/05\/albania.jpeg\",\"contentUrl\":\"https:\/\/orthodoxalbania.org\/2020\/wp-content\/uploads\/2020\/05\/albania.jpeg\",\"width\":540,\"height\":540,\"caption\":\"Kisha Orthodhokse Autoqefale e Shqip\u00ebris\u00eb\"},\"image\":{\"@id\":\"https:\/\/orthodoxalbania.org\/2020\/#\/schema\/logo\/image\/\"},\"sameAs\":[\"https:\/\/www.facebook.com\/koash1991\"]},{\"@type\":\"Person\",\"@id\":\"https:\/\/orthodoxalbania.org\/2020\/#\/schema\/person\/0c387634a7063ac612d7ed9ce71c7e86\",\"name\":\"Kisha Orthodhokse\",\"image\":{\"@type\":\"ImageObject\",\"inLanguage\":\"en-US\",\"@id\":\"https:\/\/secure.gravatar.com\/avatar\/596e7c417251e30f2fbb9c00e026fce61a695a00e51c889caded71c96cbbdde5?s=96&d=mm&r=g\",\"url\":\"https:\/\/secure.gravatar.com\/avatar\/596e7c417251e30f2fbb9c00e026fce61a695a00e51c889caded71c96cbbdde5?s=96&d=mm&r=g\",\"contentUrl\":\"https:\/\/secure.gravatar.com\/avatar\/596e7c417251e30f2fbb9c00e026fce61a695a00e51c889caded71c96cbbdde5?s=96&d=mm&r=g\",\"caption\":\"Kisha Orthodhokse\"}}]}<\/script>\n<!-- \/ Yoast SEO plugin. -->","yoast_head_json":{"title":"Doli n\u00eb qarkullim gazeta \"Ngjallja\" e muajit shtator 2014. - Kisha Orthodh\u03bfkse Autoqefale e Shqip\u00ebris\u00eb","robots":{"index":"index","follow":"follow","max-snippet":"max-snippet:-1","max-image-preview":"max-image-preview:large","max-video-preview":"max-video-preview:-1"},"canonical":"https:\/\/orthodoxalbania.org\/2020\/2014\/10\/01\/doli-ne-qarkullim-gazeta-ngjallja-e-muajit-shtator-2014\/","og_locale":"en_US","og_type":"article","og_title":"Doli n\u00eb qarkullim gazeta \"Ngjallja\" e muajit shtator 2014. - Kisha Orthodh\u03bfkse Autoqefale e Shqip\u00ebris\u00eb","og_description":"Doli n\u00eb qarkullim gazeta &#8220;Ngjallja&#8221; e muajit shtator 2014. &nbsp; N\u00eb k\u00ebt\u00eb num\u00ebr do t\u00eb lexoni: &nbsp; &#8211;&nbsp; Dashuri pa fund e pa kufi \u2013 nga Kryepiskopi i Tiran\u00ebs, Durr\u00ebsit dhe i Gjith\u00eb Shqip\u00ebris\u00eb \u2020 Anastasi.&nbsp; &#8211;&nbsp; 200 afrikan\u00eb pag\u00ebzohen orthodhoks\u00eb.&nbsp; &#8211;&nbsp; U kremtua me nj\u00eb Liturgji Hyjnore t\u00eb kryer nga Sinodi i Shenjt\u00eb 300-vjetori i lindjes s\u00eb Shenjtorit \u2013 nga Th. Dh.&nbsp; &#8211;&nbsp; Komet\u00eb","og_url":"https:\/\/orthodoxalbania.org\/2020\/2014\/10\/01\/doli-ne-qarkullim-gazeta-ngjallja-e-muajit-shtator-2014\/","og_site_name":"Kisha Orthodh\u03bfkse Autoqefale e Shqip\u00ebris\u00eb","article_publisher":"https:\/\/www.facebook.com\/koash1991","article_published_time":"2014-10-01T12:46:42+00:00","article_modified_time":"2020-04-06T20:02:22+00:00","og_image":[{"width":150,"height":150,"url":"https:\/\/orthodoxalbania.org\/2020\/wp-content\/uploads\/2020\/04\/Pages%2Bfrom%2BGazeta%2Bshtator%2B2014%2Bper%2Binternet..jpg","type":"image\/jpeg"}],"author":"Kisha Orthodhokse","twitter_card":"summary_large_image","twitter_misc":{"Written by":"Kisha Orthodhokse","Est. reading time":"1 minute"},"schema":{"@context":"https:\/\/schema.org","@graph":[{"@type":"Article","@id":"https:\/\/orthodoxalbania.org\/2020\/2014\/10\/01\/doli-ne-qarkullim-gazeta-ngjallja-e-muajit-shtator-2014\/#article","isPartOf":{"@id":"https:\/\/orthodoxalbania.org\/2020\/2014\/10\/01\/doli-ne-qarkullim-gazeta-ngjallja-e-muajit-shtator-2014\/"},"author":{"name":"Kisha Orthodhokse","@id":"https:\/\/orthodoxalbania.org\/2020\/#\/schema\/person\/0c387634a7063ac612d7ed9ce71c7e86"},"headline":"Doli n\u00eb qarkullim gazeta &#8220;Ngjallja&#8221; e muajit shtator 2014.","datePublished":"2014-10-01T12:46:42+00:00","dateModified":"2020-04-06T20:02:22+00:00","mainEntityOfPage":{"@id":"https:\/\/orthodoxalbania.org\/2020\/2014\/10\/01\/doli-ne-qarkullim-gazeta-ngjallja-e-muajit-shtator-2014\/"},"wordCount":254,"commentCount":0,"publisher":{"@id":"https:\/\/orthodoxalbania.org\/2020\/#organization"},"image":{"@id":"https:\/\/orthodoxalbania.org\/2020\/2014\/10\/01\/doli-ne-qarkullim-gazeta-ngjallja-e-muajit-shtator-2014\/#primaryimage"},"thumbnailUrl":"https:\/\/orthodoxalbania.org\/2020\/wp-content\/uploads\/2020\/04\/Pages%2Bfrom%2BGazeta%2Bshtator%2B2014%2Bper%2Binternet..jpg","keywords":["2014","Gazeta \"Ngjallja\"","Kryepiskopata Tiran\u00eb","lajme","PromovimePublikime"],"articleSection":["Lajme"],"inLanguage":"en-US"},{"@type":"WebPage","@id":"https:\/\/orthodoxalbania.org\/2020\/2014\/10\/01\/doli-ne-qarkullim-gazeta-ngjallja-e-muajit-shtator-2014\/","url":"https:\/\/orthodoxalbania.org\/2020\/2014\/10\/01\/doli-ne-qarkullim-gazeta-ngjallja-e-muajit-shtator-2014\/","name":"Doli n\u00eb qarkullim gazeta \"Ngjallja\" e muajit shtator 2014. - Kisha Orthodh\u03bfkse Autoqefale e Shqip\u00ebris\u00eb","isPartOf":{"@id":"https:\/\/orthodoxalbania.org\/2020\/#website"},"primaryImageOfPage":{"@id":"https:\/\/orthodoxalbania.org\/2020\/2014\/10\/01\/doli-ne-qarkullim-gazeta-ngjallja-e-muajit-shtator-2014\/#primaryimage"},"image":{"@id":"https:\/\/orthodoxalbania.org\/2020\/2014\/10\/01\/doli-ne-qarkullim-gazeta-ngjallja-e-muajit-shtator-2014\/#primaryimage"},"thumbnailUrl":"https:\/\/orthodoxalbania.org\/2020\/wp-content\/uploads\/2020\/04\/Pages%2Bfrom%2BGazeta%2Bshtator%2B2014%2Bper%2Binternet..jpg","datePublished":"2014-10-01T12:46:42+00:00","dateModified":"2020-04-06T20:02:22+00:00","breadcrumb":{"@id":"https:\/\/orthodoxalbania.org\/2020\/2014\/10\/01\/doli-ne-qarkullim-gazeta-ngjallja-e-muajit-shtator-2014\/#breadcrumb"},"inLanguage":"en-US","potentialAction":[{"@type":"ReadAction","target":["https:\/\/orthodoxalbania.org\/2020\/2014\/10\/01\/doli-ne-qarkullim-gazeta-ngjallja-e-muajit-shtator-2014\/"]}]},{"@type":"ImageObject","inLanguage":"en-US","@id":"https:\/\/orthodoxalbania.org\/2020\/2014\/10\/01\/doli-ne-qarkullim-gazeta-ngjallja-e-muajit-shtator-2014\/#primaryimage","url":"https:\/\/orthodoxalbania.org\/2020\/wp-content\/uploads\/2020\/04\/Pages%2Bfrom%2BGazeta%2Bshtator%2B2014%2Bper%2Binternet..jpg","contentUrl":"https:\/\/orthodoxalbania.org\/2020\/wp-content\/uploads\/2020\/04\/Pages%2Bfrom%2BGazeta%2Bshtator%2B2014%2Bper%2Binternet..jpg","width":150,"height":150},{"@type":"BreadcrumbList","@id":"https:\/\/orthodoxalbania.org\/2020\/2014\/10\/01\/doli-ne-qarkullim-gazeta-ngjallja-e-muajit-shtator-2014\/#breadcrumb","itemListElement":[{"@type":"ListItem","position":1,"name":"Home","item":"https:\/\/orthodoxalbania.org\/2020\/"},{"@type":"ListItem","position":2,"name":"Doli n\u00eb qarkullim gazeta &#8220;Ngjallja&#8221; e muajit shtator 2014."}]},{"@type":"WebSite","@id":"https:\/\/orthodoxalbania.org\/2020\/#website","url":"https:\/\/orthodoxalbania.org\/2020\/","name":"Kisha Orthodh\u03bfkse Autoqefale e Shqip\u00ebris\u00eb","description":"Fqja Zyrtare e Kish\u00ebs Orthodhokse Autoqefale e Shqip\u00ebris\u00eb me lajmet edhe informacionet zyrtare p\u00ebr struktur\u00ebn edhe veprimtarin e saj.","publisher":{"@id":"https:\/\/orthodoxalbania.org\/2020\/#organization"},"potentialAction":[{"@type":"SearchAction","target":{"@type":"EntryPoint","urlTemplate":"https:\/\/orthodoxalbania.org\/2020\/?s={search_term_string}"},"query-input":{"@type":"PropertyValueSpecification","valueRequired":true,"valueName":"search_term_string"}}],"inLanguage":"en-US"},{"@type":"Organization","@id":"https:\/\/orthodoxalbania.org\/2020\/#organization","name":"Kisha Orthodhokse Autoqefale e Shqip\u00ebris\u00eb","url":"https:\/\/orthodoxalbania.org\/2020\/","logo":{"@type":"ImageObject","inLanguage":"en-US","@id":"https:\/\/orthodoxalbania.org\/2020\/#\/schema\/logo\/image\/","url":"https:\/\/orthodoxalbania.org\/2020\/wp-content\/uploads\/2020\/05\/albania.jpeg","contentUrl":"https:\/\/orthodoxalbania.org\/2020\/wp-content\/uploads\/2020\/05\/albania.jpeg","width":540,"height":540,"caption":"Kisha Orthodhokse Autoqefale e Shqip\u00ebris\u00eb"},"image":{"@id":"https:\/\/orthodoxalbania.org\/2020\/#\/schema\/logo\/image\/"},"sameAs":["https:\/\/www.facebook.com\/koash1991"]},{"@type":"Person","@id":"https:\/\/orthodoxalbania.org\/2020\/#\/schema\/person\/0c387634a7063ac612d7ed9ce71c7e86","name":"Kisha Orthodhokse","image":{"@type":"ImageObject","inLanguage":"en-US","@id":"https:\/\/secure.gravatar.com\/avatar\/596e7c417251e30f2fbb9c00e026fce61a695a00e51c889caded71c96cbbdde5?s=96&d=mm&r=g","url":"https:\/\/secure.gravatar.com\/avatar\/596e7c417251e30f2fbb9c00e026fce61a695a00e51c889caded71c96cbbdde5?s=96&d=mm&r=g","contentUrl":"https:\/\/secure.gravatar.com\/avatar\/596e7c417251e30f2fbb9c00e026fce61a695a00e51c889caded71c96cbbdde5?s=96&d=mm&r=g","caption":"Kisha Orthodhokse"}}]}},"_links":{"self":[{"href":"https:\/\/orthodoxalbania.org\/2020\/wp-json\/wp\/v2\/posts\/433","targetHints":{"allow":["GET"]}}],"collection":[{"href":"https:\/\/orthodoxalbania.org\/2020\/wp-json\/wp\/v2\/posts"}],"about":[{"href":"https:\/\/orthodoxalbania.org\/2020\/wp-json\/wp\/v2\/types\/post"}],"author":[{"embeddable":true,"href":"https:\/\/orthodoxalbania.org\/2020\/wp-json\/wp\/v2\/users\/1"}],"replies":[{"embeddable":true,"href":"https:\/\/orthodoxalbania.org\/2020\/wp-json\/wp\/v2\/comments?post=433"}],"version-history":[{"count":1,"href":"https:\/\/orthodoxalbania.org\/2020\/wp-json\/wp\/v2\/posts\/433\/revisions"}],"predecessor-version":[{"id":15052,"href":"https:\/\/orthodoxalbania.org\/2020\/wp-json\/wp\/v2\/posts\/433\/revisions\/15052"}],"wp:featuredmedia":[{"embeddable":true,"href":"https:\/\/orthodoxalbania.org\/2020\/wp-json\/wp\/v2\/media\/434"}],"wp:attachment":[{"href":"https:\/\/orthodoxalbania.org\/2020\/wp-json\/wp\/v2\/media?parent=433"}],"wp:term":[{"taxonomy":"category","embeddable":true,"href":"https:\/\/orthodoxalbania.org\/2020\/wp-json\/wp\/v2\/categories?post=433"},{"taxonomy":"post_tag","embeddable":true,"href":"https:\/\/orthodoxalbania.org\/2020\/wp-json\/wp\/v2\/tags?post=433"}],"curies":[{"name":"wp","href":"https:\/\/api.w.org\/{rel}","templated":true}]}}