{"id":4310,"date":"2015-12-21T12:48:42","date_gmt":"2015-12-21T12:48:42","guid":{"rendered":""},"modified":"2020-04-06T22:02:03","modified_gmt":"2020-04-06T20:02:03","slug":"koncert-festiv-i-shkolles-shqiptaro-amerikane-protagonistet","status":"publish","type":"post","link":"https:\/\/orthodoxalbania.org\/2020\/2015\/12\/21\/koncert-festiv-i-shkolles-shqiptaro-amerikane-protagonistet\/","title":{"rendered":"Koncert festiv i shkoll\u00ebs shqiptaro-amerikane \u201cProtagonist\u00ebt\u201d"},"content":{"rendered":"<p style=\"text-align: justify;\"><span style=\"font-size: 12pt; font-family: helvetica; color: #000000;\">&nbsp; &nbsp; Festat e fundvitit po afrojn\u00eb dhe sipas tradit\u00ebs s\u00eb shkoll\u00ebs \u201cProtagonist\u00ebt\u201d, u organizua koncerti festiv me rastin e Krishtlindjes dhe Vitit te Ri, n\u00ebn p\u00ebrkujdesjen e va\u00e7ant t\u00eb drejtoreve t\u00eb shkoll\u00ebs Znj.Tatiana Dodbiba dhe Znj.Georgia Bendo. N\u00ebn drejtimin arstistik t\u00eb m\u00ebsuese Agi Nano dhe me skenografi t\u00eb m\u00ebsuese Iriana Papamihali, n\u00eb bashk\u00ebpunim me stafin dhe p\u00ebrkushtimin e seriozitetin e nx\u00ebn\u00ebsve t\u00eb shkoll\u00ebs arrit\u00ebm t\u00eb p\u00ebrfaq\u00ebsohemi me nj\u00eb koncert dinjitoz. Programi ishte I larmish\u00ebm me k\u00ebng\u00eb, poezi, humor, valle, dram\u00eb, n\u00eb gjuh\u00ebn: shqip, anglisht dhe greqisht.<\/span><\/p>\n<p style=\"text-align: justify;\"><span style=\"color: #000000;\"><span style=\"font-size: 12pt; font-family: helvetica;\"><\/span><span style=\"font-size: 12pt; font-family: helvetica;\">&nbsp; &nbsp; N\u00eb k\u00ebt\u00eb koncert na nderoi me pjes\u00ebmarrjen e tij, Presidenti I shkoll\u00ebs, vet\u00eb Fortlumturia e Tij Kryepiskopi I Tiran\u00ebs, Durr\u00ebsit dhe I gjith\u00eb Shqip\u00ebris\u00eb, Imzot Anastasi. I nderuari ambasador I Amerik\u00ebs, Z.Donald Lu me bashk\u00ebshorten dhe vajz\u00ebn e tij. P\u00ebrfaq\u00ebsues t\u00eb nderuar t\u00eb klerit t\u00eb KOASH, p\u00ebrfaq\u00ebsues t\u00eb institucioneve si motra t\u00eb Fondacionit \u201cFryma e Dashuris\u00eb\u201d, kryetari I bordit t\u00eb prind\u00ebrve, prind\u00ebr, gjysh\u00ebr e shum\u00eb miq e t\u00eb af\u00ebrm.<\/span><\/span><\/p>\n<p style=\"text-align: justify;\"><span style=\"font-family: helvetica; font-size: 12pt; color: #000000;\">&nbsp; &nbsp; Pjes\u00ebmarrja n\u00eb sall\u00eb ishte jasht\u00ebzakonisht e madhe (mbi 600 persona e ndoq\u00ebn koncertin nga salla) dhe shum\u00eb t\u00eb tjer\u00eb nga val\u00ebt e radios \u201cNgjallja\u201d si edhe n\u00ebp\u00ebrmjet kanaleve t\u00eb ndryshme televizive q\u00eb ishin t\u00eb pranish\u00ebm.<\/span><\/p>\n<p style=\"text-align: justify;\"><span style=\"font-size: 12pt; font-family: helvetica; color: #000000;\">&nbsp; &nbsp; Ju urojm\u00eb t\u00eb gjith\u00ebve Krishtlindje t\u00eb bekuara dhe vit t\u00eb begat\u00eb p\u00ebr t\u00eb gjjith\u00eb popullin! G\u00cbZUAR!<\/span><br \/><span style=\"font-size: 12pt; font-family: helvetica; color: #000000;\"><\/span><\/p>\n<p style=\"text-align: right;\">&nbsp;<\/p>\n<p style=\"text-align: right;\"><span style=\"color: #000000;\"><strong><span style=\"font-size: 12pt; font-family: helvetica;\">Shkolla \u201cPROTAGONIST\u00cbT\u201d<\/span><\/strong><\/span><\/p>\n<p style=\"text-align: right;\">&nbsp;<\/p>\n<p style=\"text-align: center;\"><img class=\"lazyload\" decoding=\"async\" style=\"display: block; margin: 10px auto; border: 1px solid #000000;\" alt=\"\" src=\"data:image\/svg+xml,%3Csvg%20xmlns%3D%27http%3A%2F%2Fwww.w3.org%2F2000%2Fsvg%27%20width%3D%27400%27%20height%3D%27300%27%20viewBox%3D%270%200%20400%20300%27%3E%3Crect%20width%3D%27400%27%20height%3D%27300%27%20fill-opacity%3D%220%22%2F%3E%3C%2Fsvg%3E\" data-orig-src=\"https:\/\/lh6.googleusercontent.com\/-kVoQ5xRKHFc\/VnfyHtd8odI\/AAAAAAAARTQ\/eX1oqI5KlC8\/w671-h503-no\/12404226_1004964259547139_1900799105_n+%281%29.jpg\" height=\"300\" width=\"400\" \/><\/p>\n<p style=\"text-align: center;\"><img class=\"lazyload\" decoding=\"async\" style=\"display: block; margin: 10px auto; border: 1px solid #000000;\" alt=\"\" src=\"data:image\/svg+xml,%3Csvg%20xmlns%3D%27http%3A%2F%2Fwww.w3.org%2F2000%2Fsvg%27%20width%3D%27400%27%20height%3D%27227%27%20viewBox%3D%270%200%20400%20227%27%3E%3Crect%20width%3D%27400%27%20height%3D%27227%27%20fill-opacity%3D%220%22%2F%3E%3C%2Fsvg%3E\" data-orig-src=\"https:\/\/lh6.googleusercontent.com\/-uyhSJc2zpsE\/VnfyH27Zf_I\/AAAAAAAARTk\/UL6hwaYbReQ\/w958-h543-no\/12404317_1004964439547121_920296049_n.jpg\" height=\"227\" width=\"400\" \/><\/p>\n<p style=\"text-align: center;\"><img class=\"lazyload\" decoding=\"async\" style=\"display: block; margin: 10px auto; border: 1px solid #000000;\" alt=\"\" src=\"data:image\/svg+xml,%3Csvg%20xmlns%3D%27http%3A%2F%2Fwww.w3.org%2F2000%2Fsvg%27%20width%3D%27400%27%20height%3D%27300%27%20viewBox%3D%270%200%20400%20300%27%3E%3Crect%20width%3D%27400%27%20height%3D%27300%27%20fill-opacity%3D%220%22%2F%3E%3C%2Fsvg%3E\" data-orig-src=\"https:\/\/lh3.googleusercontent.com\/-hQTYhYZf0Mw\/VnfyIcQoolI\/AAAAAAAARTs\/dq7U9o0saWc\/w958-h719-no\/12404545_1004964406213791_665920055_n.jpg\" height=\"300\" width=\"400\" \/><\/p>\n<p style=\"text-align: center;\"><img class=\"lazyload\" decoding=\"async\" style=\"display: block; margin: 10px auto; border: 1px solid #000000;\" alt=\"\" src=\"data:image\/svg+xml,%3Csvg%20xmlns%3D%27http%3A%2F%2Fwww.w3.org%2F2000%2Fsvg%27%20width%3D%27400%27%20height%3D%27227%27%20viewBox%3D%270%200%20400%20227%27%3E%3Crect%20width%3D%27400%27%20height%3D%27227%27%20fill-opacity%3D%220%22%2F%3E%3C%2Fsvg%3E\" data-orig-src=\"https:\/\/lh6.googleusercontent.com\/-nuQ5MqLOU6U\/VnfyIDfdC6I\/AAAAAAAARTg\/s78jtyqqEa0\/w958-h543-no\/12404359_1004964429547122_1361410504_n.jpg\" height=\"227\" width=\"400\" \/><\/p>\n<p style=\"text-align: center;\"><img class=\"lazyload\" decoding=\"async\" style=\"display: block; margin: 10px auto; border: 1px solid #000000;\" alt=\"\" src=\"data:image\/svg+xml,%3Csvg%20xmlns%3D%27http%3A%2F%2Fwww.w3.org%2F2000%2Fsvg%27%20width%3D%27400%27%20height%3D%27227%27%20viewBox%3D%270%200%20400%20227%27%3E%3Crect%20width%3D%27400%27%20height%3D%27227%27%20fill-opacity%3D%220%22%2F%3E%3C%2Fsvg%3E\" data-orig-src=\"https:\/\/lh6.googleusercontent.com\/-wa_MZ0aU0BQ\/VnfyG60mF_I\/AAAAAAAART8\/7bRBlcep_HQ\/w958-h543-no\/12395122_1004964416213790_1812644789_n.jpg\" height=\"227\" width=\"400\" \/><\/p>\n<p style=\"text-align: center;\"><img class=\"lazyload\" decoding=\"async\" style=\"display: block; margin: 10px auto; border: 1px solid #000000;\" alt=\"\" src=\"data:image\/svg+xml,%3Csvg%20xmlns%3D%27http%3A%2F%2Fwww.w3.org%2F2000%2Fsvg%27%20width%3D%27400%27%20height%3D%27227%27%20viewBox%3D%270%200%20400%20227%27%3E%3Crect%20width%3D%27400%27%20height%3D%27227%27%20fill-opacity%3D%220%22%2F%3E%3C%2Fsvg%3E\" data-orig-src=\"https:\/\/lh6.googleusercontent.com\/-pGdlJPwKLQE\/VnfyGhR0FeI\/AAAAAAAARTA\/WCSwkRYebZk\/w958-h543-no\/12395501_1004964436213788_965438977_n.jpg\" height=\"227\" width=\"400\" \/><\/p>\n<p style=\"text-align: center;\"><img class=\"lazyload\" decoding=\"async\" style=\"display: block; margin: 10px auto; border: 1px solid #000000;\" alt=\"\" src=\"data:image\/svg+xml,%3Csvg%20xmlns%3D%27http%3A%2F%2Fwww.w3.org%2F2000%2Fsvg%27%20width%3D%27400%27%20height%3D%27227%27%20viewBox%3D%270%200%20400%20227%27%3E%3Crect%20width%3D%27400%27%20height%3D%27227%27%20fill-opacity%3D%220%22%2F%3E%3C%2Fsvg%3E\" data-orig-src=\"https:\/\/lh4.googleusercontent.com\/-53E-RjlMlBs\/VnfyHT4xyaI\/AAAAAAAARTw\/zSRxARvxDAQ\/w958-h543-no\/12399137_1004964422880456_839859101_n.jpg\" height=\"227\" width=\"400\" \/><\/p>\n<p style=\"text-align: center;\"><img class=\"lazyload\" decoding=\"async\" style=\"display: block; margin: 10px auto; border: 1px solid #000000;\" alt=\"\" src=\"data:image\/svg+xml,%3Csvg%20xmlns%3D%27http%3A%2F%2Fwww.w3.org%2F2000%2Fsvg%27%20width%3D%27400%27%20height%3D%27300%27%20viewBox%3D%270%200%20400%20300%27%3E%3Crect%20width%3D%27400%27%20height%3D%27300%27%20fill-opacity%3D%220%22%2F%3E%3C%2Fsvg%3E\" data-orig-src=\"https:\/\/lh6.googleusercontent.com\/-7ZoHXdh0--A\/VnfyGqkUp_I\/AAAAAAAARTo\/3mC64_LCf7Y\/w671-h503-no\/10602722_1004964386213793_2070056432_n.jpg\" height=\"300\" width=\"400\" \/><\/p>\n<p style=\"text-align: center;\"><img class=\"lazyload\" decoding=\"async\" src=\"data:image\/svg+xml,%3Csvg%20xmlns%3D%27http%3A%2F%2Fwww.w3.org%2F2000%2Fsvg%27%20width%3D%27400%27%20height%3D%27267%27%20viewBox%3D%270%200%20400%20267%27%3E%3Crect%20width%3D%27400%27%20height%3D%27267%27%20fill-opacity%3D%220%22%2F%3E%3C%2Fsvg%3E\" data-orig-src=\"https:\/\/lh5.googleusercontent.com\/-D2_UEdzlHG4\/VnpEmrARvTI\/AAAAAAAARV0\/mtPyxL9bW5g\/w958-h638-no\/12369223_537384889769867_5176075465659547699_n.jpg\" width=\"400\" height=\"267\" style=\"display: block; margin: 10px auto; border: 1px solid #000000;\" \/><\/p>\n<p style=\"text-align: center;\"><img class=\"lazyload\" decoding=\"async\" style=\"display: block; margin: 10px auto; border: 1px solid #000000;\" alt=\"\" src=\"data:image\/svg+xml,%3Csvg%20xmlns%3D%27http%3A%2F%2Fwww.w3.org%2F2000%2Fsvg%27%20width%3D%27400%27%20height%3D%27240%27%20viewBox%3D%270%200%20400%20240%27%3E%3Crect%20width%3D%27400%27%20height%3D%27240%27%20fill-opacity%3D%220%22%2F%3E%3C%2Fsvg%3E\" data-orig-src=\"https:\/\/lh5.googleusercontent.com\/-LYkwdtiAr_M\/VnfyHaPUnnI\/AAAAAAAART0\/17cNBWpkPpg\/w958-h575-no\/12399118_1004964412880457_1164525175_n.jpg\" height=\"240\" width=\"400\" \/><\/p>\n<p style=\"text-align: center;\">&nbsp;<\/p>\n","protected":false},"excerpt":{"rendered":"<p>&nbsp; &nbsp; Festat e fundvitit po afrojn\u00eb dhe sipas tradit\u00ebs s\u00eb shkoll\u00ebs \u201cProtagonist\u00ebt\u201d, u organizua koncerti festiv me rastin e Krishtlindjes dhe Vitit te Ri, n\u00ebn p\u00ebrkujdesjen e va\u00e7ant t\u00eb drejtoreve t\u00eb shkoll\u00ebs Znj.Tatiana Dodbiba dhe Znj.Georgia Bendo. N\u00ebn drejtimin arstistik t\u00eb m\u00ebsuese Agi Nano dhe me skenografi t\u00eb m\u00ebsuese Iriana Papamihali, n\u00eb bashk\u00ebpunim me stafin dhe p\u00ebrkushtimin e seriozitetin e nx\u00ebn\u00ebsve t\u00eb shkoll\u00ebs arrit\u00ebm<\/p>\n","protected":false},"author":1,"featured_media":4311,"comment_status":"open","ping_status":"open","sticky":false,"template":"","format":"standard","meta":{"_acf_changed":false,"pagelayer_contact_templates":[],"_pagelayer_content":"","inline_featured_image":false,"fifu_image_url":"","fifu_image_alt":"","footnotes":""},"categories":[108],"tags":[139,154,184,196,201,212],"class_list":["post-4310","post","type-post","status-publish","format-standard","has-post-thumbnail","hentry","category-lajme","tag-139","tag-aktivitete","tag-katedralja-ngjallja-e-krishtit-tirane","tag-tirane","tag-kryepiskopi-anastas","tag-lajme-d27"],"acf":[],"yoast_head":"<!-- This site is optimized with the Yoast SEO plugin v27.2 - https:\/\/yoast.com\/product\/yoast-seo-wordpress\/ -->\n<title>Koncert festiv i shkoll\u00ebs shqiptaro-amerikane \u201cProtagonist\u00ebt\u201d - Kisha Orthodh\u03bfkse Autoqefale e Shqip\u00ebris\u00eb<\/title>\n<meta name=\"robots\" content=\"index, follow, max-snippet:-1, max-image-preview:large, max-video-preview:-1\" \/>\n<link rel=\"canonical\" href=\"https:\/\/orthodoxalbania.org\/2020\/2015\/12\/21\/koncert-festiv-i-shkolles-shqiptaro-amerikane-protagonistet\/\" \/>\n<meta property=\"og:locale\" content=\"en_US\" \/>\n<meta property=\"og:type\" content=\"article\" \/>\n<meta property=\"og:title\" content=\"Koncert festiv i shkoll\u00ebs shqiptaro-amerikane \u201cProtagonist\u00ebt\u201d - Kisha Orthodh\u03bfkse Autoqefale e Shqip\u00ebris\u00eb\" \/>\n<meta property=\"og:description\" content=\"&nbsp; &nbsp; Festat e fundvitit po afrojn\u00eb dhe sipas tradit\u00ebs s\u00eb shkoll\u00ebs \u201cProtagonist\u00ebt\u201d, u organizua koncerti festiv me rastin e Krishtlindjes dhe Vitit te Ri, n\u00ebn p\u00ebrkujdesjen e va\u00e7ant t\u00eb drejtoreve t\u00eb shkoll\u00ebs Znj.Tatiana Dodbiba dhe Znj.Georgia Bendo. N\u00ebn drejtimin arstistik t\u00eb m\u00ebsuese Agi Nano dhe me skenografi t\u00eb m\u00ebsuese Iriana Papamihali, n\u00eb bashk\u00ebpunim me stafin dhe p\u00ebrkushtimin e seriozitetin e nx\u00ebn\u00ebsve t\u00eb shkoll\u00ebs arrit\u00ebm\" \/>\n<meta property=\"og:url\" content=\"https:\/\/orthodoxalbania.org\/2020\/2015\/12\/21\/koncert-festiv-i-shkolles-shqiptaro-amerikane-protagonistet\/\" \/>\n<meta property=\"og:site_name\" content=\"Kisha Orthodh\u03bfkse Autoqefale e Shqip\u00ebris\u00eb\" \/>\n<meta property=\"article:publisher\" content=\"https:\/\/www.facebook.com\/koash1991\" \/>\n<meta property=\"article:published_time\" content=\"2015-12-21T12:48:42+00:00\" \/>\n<meta property=\"article:modified_time\" content=\"2020-04-06T20:02:03+00:00\" \/>\n<meta property=\"og:image\" content=\"https:\/\/orthodoxalbania.org\/2020\/wp-content\/uploads\/2020\/04\/per%2Bintro-2.jpg\" \/>\n\t<meta property=\"og:image:width\" content=\"150\" \/>\n\t<meta property=\"og:image:height\" content=\"150\" \/>\n\t<meta property=\"og:image:type\" content=\"image\/jpeg\" \/>\n<meta name=\"author\" content=\"Kisha Orthodhokse\" \/>\n<meta name=\"twitter:card\" content=\"summary_large_image\" \/>\n<meta name=\"twitter:label1\" content=\"Written by\" \/>\n\t<meta name=\"twitter:data1\" content=\"Kisha Orthodhokse\" \/>\n\t<meta name=\"twitter:label2\" content=\"Est. reading time\" \/>\n\t<meta name=\"twitter:data2\" content=\"1 minute\" \/>\n<script type=\"application\/ld+json\" class=\"yoast-schema-graph\">{\"@context\":\"https:\/\/schema.org\",\"@graph\":[{\"@type\":\"Article\",\"@id\":\"https:\/\/orthodoxalbania.org\/2020\/2015\/12\/21\/koncert-festiv-i-shkolles-shqiptaro-amerikane-protagonistet\/#article\",\"isPartOf\":{\"@id\":\"https:\/\/orthodoxalbania.org\/2020\/2015\/12\/21\/koncert-festiv-i-shkolles-shqiptaro-amerikane-protagonistet\/\"},\"author\":{\"name\":\"Kisha Orthodhokse\",\"@id\":\"https:\/\/orthodoxalbania.org\/2020\/#\/schema\/person\/0c387634a7063ac612d7ed9ce71c7e86\"},\"headline\":\"Koncert festiv i shkoll\u00ebs shqiptaro-amerikane \u201cProtagonist\u00ebt\u201d\",\"datePublished\":\"2015-12-21T12:48:42+00:00\",\"dateModified\":\"2020-04-06T20:02:03+00:00\",\"mainEntityOfPage\":{\"@id\":\"https:\/\/orthodoxalbania.org\/2020\/2015\/12\/21\/koncert-festiv-i-shkolles-shqiptaro-amerikane-protagonistet\/\"},\"wordCount\":277,\"commentCount\":0,\"publisher\":{\"@id\":\"https:\/\/orthodoxalbania.org\/2020\/#organization\"},\"image\":{\"@id\":\"https:\/\/orthodoxalbania.org\/2020\/2015\/12\/21\/koncert-festiv-i-shkolles-shqiptaro-amerikane-protagonistet\/#primaryimage\"},\"thumbnailUrl\":\"https:\/\/orthodoxalbania.org\/2020\/wp-content\/uploads\/2020\/04\/per%2Bintro-2.jpg\",\"keywords\":[\"2015\",\"Aktivitete\",\"Katedralja \u201cNgjallja e Krishtit\u201d Tiran\u00eb\",\"Kryepiskopata Tiran\u00eb\",\"Kryepiskopi Anastas\",\"lajme\"],\"articleSection\":[\"Lajme\"],\"inLanguage\":\"en-US\"},{\"@type\":\"WebPage\",\"@id\":\"https:\/\/orthodoxalbania.org\/2020\/2015\/12\/21\/koncert-festiv-i-shkolles-shqiptaro-amerikane-protagonistet\/\",\"url\":\"https:\/\/orthodoxalbania.org\/2020\/2015\/12\/21\/koncert-festiv-i-shkolles-shqiptaro-amerikane-protagonistet\/\",\"name\":\"Koncert festiv i shkoll\u00ebs shqiptaro-amerikane \u201cProtagonist\u00ebt\u201d - Kisha Orthodh\u03bfkse Autoqefale e Shqip\u00ebris\u00eb\",\"isPartOf\":{\"@id\":\"https:\/\/orthodoxalbania.org\/2020\/#website\"},\"primaryImageOfPage\":{\"@id\":\"https:\/\/orthodoxalbania.org\/2020\/2015\/12\/21\/koncert-festiv-i-shkolles-shqiptaro-amerikane-protagonistet\/#primaryimage\"},\"image\":{\"@id\":\"https:\/\/orthodoxalbania.org\/2020\/2015\/12\/21\/koncert-festiv-i-shkolles-shqiptaro-amerikane-protagonistet\/#primaryimage\"},\"thumbnailUrl\":\"https:\/\/orthodoxalbania.org\/2020\/wp-content\/uploads\/2020\/04\/per%2Bintro-2.jpg\",\"datePublished\":\"2015-12-21T12:48:42+00:00\",\"dateModified\":\"2020-04-06T20:02:03+00:00\",\"breadcrumb\":{\"@id\":\"https:\/\/orthodoxalbania.org\/2020\/2015\/12\/21\/koncert-festiv-i-shkolles-shqiptaro-amerikane-protagonistet\/#breadcrumb\"},\"inLanguage\":\"en-US\",\"potentialAction\":[{\"@type\":\"ReadAction\",\"target\":[\"https:\/\/orthodoxalbania.org\/2020\/2015\/12\/21\/koncert-festiv-i-shkolles-shqiptaro-amerikane-protagonistet\/\"]}]},{\"@type\":\"ImageObject\",\"inLanguage\":\"en-US\",\"@id\":\"https:\/\/orthodoxalbania.org\/2020\/2015\/12\/21\/koncert-festiv-i-shkolles-shqiptaro-amerikane-protagonistet\/#primaryimage\",\"url\":\"https:\/\/orthodoxalbania.org\/2020\/wp-content\/uploads\/2020\/04\/per%2Bintro-2.jpg\",\"contentUrl\":\"https:\/\/orthodoxalbania.org\/2020\/wp-content\/uploads\/2020\/04\/per%2Bintro-2.jpg\",\"width\":150,\"height\":150},{\"@type\":\"BreadcrumbList\",\"@id\":\"https:\/\/orthodoxalbania.org\/2020\/2015\/12\/21\/koncert-festiv-i-shkolles-shqiptaro-amerikane-protagonistet\/#breadcrumb\",\"itemListElement\":[{\"@type\":\"ListItem\",\"position\":1,\"name\":\"Home\",\"item\":\"https:\/\/orthodoxalbania.org\/2020\/\"},{\"@type\":\"ListItem\",\"position\":2,\"name\":\"Koncert festiv i shkoll\u00ebs shqiptaro-amerikane \u201cProtagonist\u00ebt\u201d\"}]},{\"@type\":\"WebSite\",\"@id\":\"https:\/\/orthodoxalbania.org\/2020\/#website\",\"url\":\"https:\/\/orthodoxalbania.org\/2020\/\",\"name\":\"Kisha Orthodh\u03bfkse Autoqefale e Shqip\u00ebris\u00eb\",\"description\":\"Fqja Zyrtare e Kish\u00ebs Orthodhokse Autoqefale e Shqip\u00ebris\u00eb me lajmet edhe informacionet zyrtare p\u00ebr struktur\u00ebn edhe veprimtarin e saj.\",\"publisher\":{\"@id\":\"https:\/\/orthodoxalbania.org\/2020\/#organization\"},\"potentialAction\":[{\"@type\":\"SearchAction\",\"target\":{\"@type\":\"EntryPoint\",\"urlTemplate\":\"https:\/\/orthodoxalbania.org\/2020\/?s={search_term_string}\"},\"query-input\":{\"@type\":\"PropertyValueSpecification\",\"valueRequired\":true,\"valueName\":\"search_term_string\"}}],\"inLanguage\":\"en-US\"},{\"@type\":\"Organization\",\"@id\":\"https:\/\/orthodoxalbania.org\/2020\/#organization\",\"name\":\"Kisha Orthodhokse Autoqefale e Shqip\u00ebris\u00eb\",\"url\":\"https:\/\/orthodoxalbania.org\/2020\/\",\"logo\":{\"@type\":\"ImageObject\",\"inLanguage\":\"en-US\",\"@id\":\"https:\/\/orthodoxalbania.org\/2020\/#\/schema\/logo\/image\/\",\"url\":\"https:\/\/orthodoxalbania.org\/2020\/wp-content\/uploads\/2020\/05\/albania.jpeg\",\"contentUrl\":\"https:\/\/orthodoxalbania.org\/2020\/wp-content\/uploads\/2020\/05\/albania.jpeg\",\"width\":540,\"height\":540,\"caption\":\"Kisha Orthodhokse Autoqefale e Shqip\u00ebris\u00eb\"},\"image\":{\"@id\":\"https:\/\/orthodoxalbania.org\/2020\/#\/schema\/logo\/image\/\"},\"sameAs\":[\"https:\/\/www.facebook.com\/koash1991\"]},{\"@type\":\"Person\",\"@id\":\"https:\/\/orthodoxalbania.org\/2020\/#\/schema\/person\/0c387634a7063ac612d7ed9ce71c7e86\",\"name\":\"Kisha Orthodhokse\",\"image\":{\"@type\":\"ImageObject\",\"inLanguage\":\"en-US\",\"@id\":\"https:\/\/secure.gravatar.com\/avatar\/596e7c417251e30f2fbb9c00e026fce61a695a00e51c889caded71c96cbbdde5?s=96&d=mm&r=g\",\"url\":\"https:\/\/secure.gravatar.com\/avatar\/596e7c417251e30f2fbb9c00e026fce61a695a00e51c889caded71c96cbbdde5?s=96&d=mm&r=g\",\"contentUrl\":\"https:\/\/secure.gravatar.com\/avatar\/596e7c417251e30f2fbb9c00e026fce61a695a00e51c889caded71c96cbbdde5?s=96&d=mm&r=g\",\"caption\":\"Kisha Orthodhokse\"}}]}<\/script>\n<!-- \/ Yoast SEO plugin. -->","yoast_head_json":{"title":"Koncert festiv i shkoll\u00ebs shqiptaro-amerikane \u201cProtagonist\u00ebt\u201d - Kisha Orthodh\u03bfkse Autoqefale e Shqip\u00ebris\u00eb","robots":{"index":"index","follow":"follow","max-snippet":"max-snippet:-1","max-image-preview":"max-image-preview:large","max-video-preview":"max-video-preview:-1"},"canonical":"https:\/\/orthodoxalbania.org\/2020\/2015\/12\/21\/koncert-festiv-i-shkolles-shqiptaro-amerikane-protagonistet\/","og_locale":"en_US","og_type":"article","og_title":"Koncert festiv i shkoll\u00ebs shqiptaro-amerikane \u201cProtagonist\u00ebt\u201d - Kisha Orthodh\u03bfkse Autoqefale e Shqip\u00ebris\u00eb","og_description":"&nbsp; &nbsp; Festat e fundvitit po afrojn\u00eb dhe sipas tradit\u00ebs s\u00eb shkoll\u00ebs \u201cProtagonist\u00ebt\u201d, u organizua koncerti festiv me rastin e Krishtlindjes dhe Vitit te Ri, n\u00ebn p\u00ebrkujdesjen e va\u00e7ant t\u00eb drejtoreve t\u00eb shkoll\u00ebs Znj.Tatiana Dodbiba dhe Znj.Georgia Bendo. N\u00ebn drejtimin arstistik t\u00eb m\u00ebsuese Agi Nano dhe me skenografi t\u00eb m\u00ebsuese Iriana Papamihali, n\u00eb bashk\u00ebpunim me stafin dhe p\u00ebrkushtimin e seriozitetin e nx\u00ebn\u00ebsve t\u00eb shkoll\u00ebs arrit\u00ebm","og_url":"https:\/\/orthodoxalbania.org\/2020\/2015\/12\/21\/koncert-festiv-i-shkolles-shqiptaro-amerikane-protagonistet\/","og_site_name":"Kisha Orthodh\u03bfkse Autoqefale e Shqip\u00ebris\u00eb","article_publisher":"https:\/\/www.facebook.com\/koash1991","article_published_time":"2015-12-21T12:48:42+00:00","article_modified_time":"2020-04-06T20:02:03+00:00","og_image":[{"width":150,"height":150,"url":"https:\/\/orthodoxalbania.org\/2020\/wp-content\/uploads\/2020\/04\/per%2Bintro-2.jpg","type":"image\/jpeg"}],"author":"Kisha Orthodhokse","twitter_card":"summary_large_image","twitter_misc":{"Written by":"Kisha Orthodhokse","Est. reading time":"1 minute"},"schema":{"@context":"https:\/\/schema.org","@graph":[{"@type":"Article","@id":"https:\/\/orthodoxalbania.org\/2020\/2015\/12\/21\/koncert-festiv-i-shkolles-shqiptaro-amerikane-protagonistet\/#article","isPartOf":{"@id":"https:\/\/orthodoxalbania.org\/2020\/2015\/12\/21\/koncert-festiv-i-shkolles-shqiptaro-amerikane-protagonistet\/"},"author":{"name":"Kisha Orthodhokse","@id":"https:\/\/orthodoxalbania.org\/2020\/#\/schema\/person\/0c387634a7063ac612d7ed9ce71c7e86"},"headline":"Koncert festiv i shkoll\u00ebs shqiptaro-amerikane \u201cProtagonist\u00ebt\u201d","datePublished":"2015-12-21T12:48:42+00:00","dateModified":"2020-04-06T20:02:03+00:00","mainEntityOfPage":{"@id":"https:\/\/orthodoxalbania.org\/2020\/2015\/12\/21\/koncert-festiv-i-shkolles-shqiptaro-amerikane-protagonistet\/"},"wordCount":277,"commentCount":0,"publisher":{"@id":"https:\/\/orthodoxalbania.org\/2020\/#organization"},"image":{"@id":"https:\/\/orthodoxalbania.org\/2020\/2015\/12\/21\/koncert-festiv-i-shkolles-shqiptaro-amerikane-protagonistet\/#primaryimage"},"thumbnailUrl":"https:\/\/orthodoxalbania.org\/2020\/wp-content\/uploads\/2020\/04\/per%2Bintro-2.jpg","keywords":["2015","Aktivitete","Katedralja \u201cNgjallja e Krishtit\u201d Tiran\u00eb","Kryepiskopata Tiran\u00eb","Kryepiskopi Anastas","lajme"],"articleSection":["Lajme"],"inLanguage":"en-US"},{"@type":"WebPage","@id":"https:\/\/orthodoxalbania.org\/2020\/2015\/12\/21\/koncert-festiv-i-shkolles-shqiptaro-amerikane-protagonistet\/","url":"https:\/\/orthodoxalbania.org\/2020\/2015\/12\/21\/koncert-festiv-i-shkolles-shqiptaro-amerikane-protagonistet\/","name":"Koncert festiv i shkoll\u00ebs shqiptaro-amerikane \u201cProtagonist\u00ebt\u201d - Kisha Orthodh\u03bfkse Autoqefale e Shqip\u00ebris\u00eb","isPartOf":{"@id":"https:\/\/orthodoxalbania.org\/2020\/#website"},"primaryImageOfPage":{"@id":"https:\/\/orthodoxalbania.org\/2020\/2015\/12\/21\/koncert-festiv-i-shkolles-shqiptaro-amerikane-protagonistet\/#primaryimage"},"image":{"@id":"https:\/\/orthodoxalbania.org\/2020\/2015\/12\/21\/koncert-festiv-i-shkolles-shqiptaro-amerikane-protagonistet\/#primaryimage"},"thumbnailUrl":"https:\/\/orthodoxalbania.org\/2020\/wp-content\/uploads\/2020\/04\/per%2Bintro-2.jpg","datePublished":"2015-12-21T12:48:42+00:00","dateModified":"2020-04-06T20:02:03+00:00","breadcrumb":{"@id":"https:\/\/orthodoxalbania.org\/2020\/2015\/12\/21\/koncert-festiv-i-shkolles-shqiptaro-amerikane-protagonistet\/#breadcrumb"},"inLanguage":"en-US","potentialAction":[{"@type":"ReadAction","target":["https:\/\/orthodoxalbania.org\/2020\/2015\/12\/21\/koncert-festiv-i-shkolles-shqiptaro-amerikane-protagonistet\/"]}]},{"@type":"ImageObject","inLanguage":"en-US","@id":"https:\/\/orthodoxalbania.org\/2020\/2015\/12\/21\/koncert-festiv-i-shkolles-shqiptaro-amerikane-protagonistet\/#primaryimage","url":"https:\/\/orthodoxalbania.org\/2020\/wp-content\/uploads\/2020\/04\/per%2Bintro-2.jpg","contentUrl":"https:\/\/orthodoxalbania.org\/2020\/wp-content\/uploads\/2020\/04\/per%2Bintro-2.jpg","width":150,"height":150},{"@type":"BreadcrumbList","@id":"https:\/\/orthodoxalbania.org\/2020\/2015\/12\/21\/koncert-festiv-i-shkolles-shqiptaro-amerikane-protagonistet\/#breadcrumb","itemListElement":[{"@type":"ListItem","position":1,"name":"Home","item":"https:\/\/orthodoxalbania.org\/2020\/"},{"@type":"ListItem","position":2,"name":"Koncert festiv i shkoll\u00ebs shqiptaro-amerikane \u201cProtagonist\u00ebt\u201d"}]},{"@type":"WebSite","@id":"https:\/\/orthodoxalbania.org\/2020\/#website","url":"https:\/\/orthodoxalbania.org\/2020\/","name":"Kisha Orthodh\u03bfkse Autoqefale e Shqip\u00ebris\u00eb","description":"Fqja Zyrtare e Kish\u00ebs Orthodhokse Autoqefale e Shqip\u00ebris\u00eb me lajmet edhe informacionet zyrtare p\u00ebr struktur\u00ebn edhe veprimtarin e saj.","publisher":{"@id":"https:\/\/orthodoxalbania.org\/2020\/#organization"},"potentialAction":[{"@type":"SearchAction","target":{"@type":"EntryPoint","urlTemplate":"https:\/\/orthodoxalbania.org\/2020\/?s={search_term_string}"},"query-input":{"@type":"PropertyValueSpecification","valueRequired":true,"valueName":"search_term_string"}}],"inLanguage":"en-US"},{"@type":"Organization","@id":"https:\/\/orthodoxalbania.org\/2020\/#organization","name":"Kisha Orthodhokse Autoqefale e Shqip\u00ebris\u00eb","url":"https:\/\/orthodoxalbania.org\/2020\/","logo":{"@type":"ImageObject","inLanguage":"en-US","@id":"https:\/\/orthodoxalbania.org\/2020\/#\/schema\/logo\/image\/","url":"https:\/\/orthodoxalbania.org\/2020\/wp-content\/uploads\/2020\/05\/albania.jpeg","contentUrl":"https:\/\/orthodoxalbania.org\/2020\/wp-content\/uploads\/2020\/05\/albania.jpeg","width":540,"height":540,"caption":"Kisha Orthodhokse Autoqefale e Shqip\u00ebris\u00eb"},"image":{"@id":"https:\/\/orthodoxalbania.org\/2020\/#\/schema\/logo\/image\/"},"sameAs":["https:\/\/www.facebook.com\/koash1991"]},{"@type":"Person","@id":"https:\/\/orthodoxalbania.org\/2020\/#\/schema\/person\/0c387634a7063ac612d7ed9ce71c7e86","name":"Kisha Orthodhokse","image":{"@type":"ImageObject","inLanguage":"en-US","@id":"https:\/\/secure.gravatar.com\/avatar\/596e7c417251e30f2fbb9c00e026fce61a695a00e51c889caded71c96cbbdde5?s=96&d=mm&r=g","url":"https:\/\/secure.gravatar.com\/avatar\/596e7c417251e30f2fbb9c00e026fce61a695a00e51c889caded71c96cbbdde5?s=96&d=mm&r=g","contentUrl":"https:\/\/secure.gravatar.com\/avatar\/596e7c417251e30f2fbb9c00e026fce61a695a00e51c889caded71c96cbbdde5?s=96&d=mm&r=g","caption":"Kisha Orthodhokse"}}]}},"_links":{"self":[{"href":"https:\/\/orthodoxalbania.org\/2020\/wp-json\/wp\/v2\/posts\/4310","targetHints":{"allow":["GET"]}}],"collection":[{"href":"https:\/\/orthodoxalbania.org\/2020\/wp-json\/wp\/v2\/posts"}],"about":[{"href":"https:\/\/orthodoxalbania.org\/2020\/wp-json\/wp\/v2\/types\/post"}],"author":[{"embeddable":true,"href":"https:\/\/orthodoxalbania.org\/2020\/wp-json\/wp\/v2\/users\/1"}],"replies":[{"embeddable":true,"href":"https:\/\/orthodoxalbania.org\/2020\/wp-json\/wp\/v2\/comments?post=4310"}],"version-history":[{"count":1,"href":"https:\/\/orthodoxalbania.org\/2020\/wp-json\/wp\/v2\/posts\/4310\/revisions"}],"predecessor-version":[{"id":14936,"href":"https:\/\/orthodoxalbania.org\/2020\/wp-json\/wp\/v2\/posts\/4310\/revisions\/14936"}],"wp:featuredmedia":[{"embeddable":true,"href":"https:\/\/orthodoxalbania.org\/2020\/wp-json\/wp\/v2\/media\/4311"}],"wp:attachment":[{"href":"https:\/\/orthodoxalbania.org\/2020\/wp-json\/wp\/v2\/media?parent=4310"}],"wp:term":[{"taxonomy":"category","embeddable":true,"href":"https:\/\/orthodoxalbania.org\/2020\/wp-json\/wp\/v2\/categories?post=4310"},{"taxonomy":"post_tag","embeddable":true,"href":"https:\/\/orthodoxalbania.org\/2020\/wp-json\/wp\/v2\/tags?post=4310"}],"curies":[{"name":"wp","href":"https:\/\/api.w.org\/{rel}","templated":true}]}}