{"id":431,"date":"2015-02-27T08:28:01","date_gmt":"2015-02-27T08:28:01","guid":{"rendered":""},"modified":"2020-04-06T22:02:18","modified_gmt":"2020-04-06T20:02:18","slug":"doli-ne-qarkullim-gazeta-ngjallja-e-muajit-shkurt-2015","status":"publish","type":"post","link":"https:\/\/orthodoxalbania.org\/2020\/2015\/02\/27\/doli-ne-qarkullim-gazeta-ngjallja-e-muajit-shkurt-2015\/","title":{"rendered":"Doli n\u00eb qarkullim gazeta &#8220;Ngjallja&#8221; e muajit shkurt 2015"},"content":{"rendered":"<p style=\"text-align: center;\"><span style=\"font-family: helvetica; font-size: 12pt; color: #800000;\"><\/span><\/p>\n<p> <\/p>\n<p style=\"text-align: center;\"><span style=\"font-family: helvetica; font-size: 12pt; color: #800000;\"><strong>&nbsp; Doli n\u00eb qarkullim gazeta &#8220;Ngjallja&#8221; e muajit shkurt 2015.<\/strong><\/span><\/p>\n<p style=\"text-align: center;\">&nbsp;<\/p>\n<p style=\"text-align: center;\"><span style=\"font-family: helvetica; font-size: 12pt; color: #800000;\"><strong> N\u00eb k\u00ebt\u00eb num\u00ebr do t\u00eb lexoni:<\/strong><\/span><\/p>\n<p style=\"text-align: center;\">&nbsp;<\/p>\n<p style=\"text-align: justify;\"><span style=\"font-family: helvetica; font-size: 12pt; color: #000000;\">&#8211; Kontributi i Kish\u00ebs n\u00eb arsimin parauniversitar<\/span><\/p>\n<p style=\"text-align: justify;\"><span style=\"font-family: helvetica; font-size: 12pt; color: #000000;\">&#8211; Solidaritet kund\u00ebr vendimeve t\u00eb padrejta &#8211; nga Thoma Dhima<\/span><\/p>\n<p style=\"text-align: justify;\"><span style=\"font-family: helvetica; font-size: 12pt; color: #000000;\">&#8211; Grabitet p\u00ebr t\u00eb pest\u00ebn her\u00eb kisha \u201cSh\u00ebn Vasili\u201d, n\u00eb Presp\u00eb &#8211; Artikull i botuar n\u00eb \u201cGazeta Shqiptare\u201d dat\u00eb 16 shkurt 2015<\/span><\/p>\n<p style=\"text-align: justify;\"><span style=\"font-family: helvetica; font-size: 12pt; color: #000000;\">&#8211; Shpresojm\u00eb q\u00eb kjo nj\u00ebanshm\u00ebri t\u00eb mos vazhdoj\u00eb &#8211; Drejtuar Redaksis\u00eb s\u00eb gazet\u00ebs \u201cMAPO\u201d &#8211; nga Zyra e Shtypit e Kish\u00ebs Orthodhokse Autoqefale t\u00eb Shqip\u00ebris\u00eb<\/span><\/p>\n<p style=\"text-align: justify;\"><span style=\"font-family: helvetica; font-size: 12pt; color: #000000;\">&#8211; \u201cLe t\u2019i largohemi egoizmit t\u00eb fariseut dhe le t\u00eb imitojm\u00eb p\u00ebrul\u00ebsin\u00eb e doganierit\u201d<\/span><\/p>\n<p style=\"text-align: justify;\"><span style=\"font-family: helvetica; font-size: 12pt; color: #000000;\">&nbsp;&#8211; \u201cHierarku orthodhoks ka nj\u00eb detyr\u00eb t\u00eb caktuar kishtare. Ai nuk mund t\u00eb marr\u00eb poste politike\u201d &#8211; nga Korrespondenti i \u201cNgjallja\u201d<\/span><\/p>\n<p style=\"text-align: justify;\"><span style=\"font-family: helvetica; font-size: 12pt; color: #000000;\">&#8211; Si t\u00eb m\u00ebsojm\u00eb nx\u00ebn\u00ebsit me nevoja t\u00eb ve\u00e7anta?&nbsp; &#8211; nga Korrespondenti i \u201cNgjallja\u201d<\/span><\/p>\n<p style=\"text-align: justify;\"><span style=\"font-family: helvetica; font-size: 12pt; color: #000000;\">&#8211; Veprimtari e Lidhjes s\u00eb Intelektual\u00ebve Orthodhoks\u00eb &#8211; Tre Hierark\u00ebt M\u00ebsuesit e M\u00ebdhenj Ekumenik\u00eb t\u00eb Kish\u00ebs son\u00eb<\/span><\/p>\n<p style=\"text-align: justify;\"><span style=\"font-family: helvetica; font-size: 12pt; color: #000000;\">&#8211; ND\u00cbRGJEGJJA E FORT\u00cb \u201cE SHOQ\u00cbRIS\u00cb\u201d N\u00cb JET\u00cbN DHE VEPR\u00cbN E TRE HIERARK\u00cbVE &#8211; Nga ligj\u00ebrata e Prof. Dr. Anastasit n\u00eb takimin me intelektual\u00ebt orthodhoks\u00eb<\/span><\/p>\n<p style=\"text-align: justify;\"><span style=\"font-family: helvetica; font-size: 12pt; color: #000000;\">&#8211; Nj\u00eb konflikt dhe nj\u00eb deformim i historis\u00eb<\/span><\/p>\n<p style=\"text-align: justify;\"><span style=\"font-family: helvetica; font-size: 12pt; color: #000000;\">&#8211; SH\u00cbN NIFONI I KONSTANDINOPOJ\u00cbS, V\u00cbLLAMI I GJERGJ KASTRIOTIT<\/span><\/p>\n<p style=\"text-align: justify;\"><span style=\"font-family: helvetica; font-size: 12pt; color: #000000;\">&#8211; Liturgji Hyjnore n\u00eb kish\u00ebn e mbyllur m\u00eb 1922<\/span><\/p>\n<p style=\"text-align: justify;\"><span style=\"font-family: helvetica; font-size: 12pt; color: #000000;\">&#8211; Nj\u00eb krim i tmerrsh\u00ebm kund\u00ebr t\u00eb krishter\u00ebve&nbsp; &#8211; nga Korrespondenti i \u201cNgjallja\u201d<\/span><\/p>\n<p style=\"text-align: justify;\"><span style=\"font-family: helvetica; font-size: 12pt; color: #000000;\">&#8211; N\u00eb ndihm\u00eb t\u00eb banor\u00ebve t\u00eb zonave t\u00eb p\u00ebrmbytura<\/span><\/p>\n<p style=\"text-align: justify;\"><span style=\"font-family: helvetica; font-size: 12pt; color: #000000;\">&#8211; Vizit\u00eb njoh\u00ebse dhe shpirt\u00ebrore &#8211; nga Dhjakon Joan Qako<\/span><\/p>\n<p style=\"text-align: justify;\">&nbsp;<\/p>\n<p style=\"text-align: justify;\">&nbsp;<\/p>\n<p><span style=\"font-family: tahoma,geneva,sans-serif; font-size: 12pt;\"><span style=\"color: #000000;\"><strong><img decoding=\"async\" class=\"lazyload HAa Eha cke-resize\" style=\"border-width: 1px; border-style: solid; margin: 10px auto; display: block;\" alt=\"\" src=\"data:image\/svg+xml,%3Csvg%20xmlns%3D%27http%3A%2F%2Fwww.w3.org%2F2000%2Fsvg%27%20width%3D%27516%27%20height%3D%27733%27%20viewBox%3D%270%200%20516%20733%27%3E%3Crect%20width%3D%27516%27%20height%3D%27733%27%20fill-opacity%3D%220%22%2F%3E%3C%2Fsvg%3E\" data-orig-src=\"https:\/\/lh3.googleusercontent.com\/-Oof37AonvCM\/VPApVCAMQMI\/AAAAAAAALSg\/3xXAesxNdr0\/w578-h823-no\/Pages%2Bfrom%2BGazeta%2Bshkurt%2B2015.jpg\" height=\"733\" width=\"516\" \/><\/strong><\/span><\/span><\/p>\n<p style=\"text-align: justify;\">&nbsp;<\/p>\n<p style=\"text-align: center;\">&nbsp;<\/p>\n<p id=\"ckimgrsz\" style=\"left: 18px; top: 18px;\">&nbsp;<\/p>\n<div class=\"preview\"><span style=\"font-size: 12pt; font-family: helvetica;\"><\/span><\/div>\n<p>&nbsp;<\/p>\n","protected":false},"excerpt":{"rendered":"<p>&nbsp; Doli n\u00eb qarkullim gazeta &#8220;Ngjallja&#8221; e muajit shkurt 2015. &nbsp; N\u00eb k\u00ebt\u00eb num\u00ebr do t\u00eb lexoni: &nbsp; &#8211; Kontributi i Kish\u00ebs n\u00eb arsimin parauniversitar &#8211; Solidaritet kund\u00ebr vendimeve t\u00eb padrejta &#8211; nga Thoma Dhima &#8211; Grabitet p\u00ebr t\u00eb pest\u00ebn her\u00eb kisha \u201cSh\u00ebn Vasili\u201d, n\u00eb Presp\u00eb &#8211; Artikull i botuar n\u00eb \u201cGazeta Shqiptare\u201d dat\u00eb 16 shkurt 2015 &#8211; Shpresojm\u00eb q\u00eb kjo nj\u00ebanshm\u00ebri t\u00eb mos vazhdoj\u00eb<\/p>\n","protected":false},"author":1,"featured_media":432,"comment_status":"open","ping_status":"open","sticky":false,"template":"","format":"standard","meta":{"_acf_changed":false,"pagelayer_contact_templates":[],"_pagelayer_content":"","inline_featured_image":false,"fifu_image_url":"","fifu_image_alt":"","footnotes":""},"categories":[108],"tags":[139,161,196,212,607],"class_list":["post-431","post","type-post","status-publish","format-standard","has-post-thumbnail","hentry","category-lajme","tag-139","tag-gazeta-ngjallja","tag-tirane","tag-lajme-d27","tag-promovimepublikime"],"acf":[],"yoast_head":"<!-- This site is optimized with the Yoast SEO plugin v27.2 - https:\/\/yoast.com\/product\/yoast-seo-wordpress\/ -->\n<title>Doli n\u00eb qarkullim gazeta &quot;Ngjallja&quot; e muajit shkurt 2015 - Kisha Orthodh\u03bfkse Autoqefale e Shqip\u00ebris\u00eb<\/title>\n<meta name=\"robots\" content=\"index, follow, max-snippet:-1, max-image-preview:large, max-video-preview:-1\" \/>\n<link rel=\"canonical\" href=\"https:\/\/orthodoxalbania.org\/2020\/2015\/02\/27\/doli-ne-qarkullim-gazeta-ngjallja-e-muajit-shkurt-2015\/\" \/>\n<meta property=\"og:locale\" content=\"en_US\" \/>\n<meta property=\"og:type\" content=\"article\" \/>\n<meta property=\"og:title\" content=\"Doli n\u00eb qarkullim gazeta &quot;Ngjallja&quot; e muajit shkurt 2015 - Kisha Orthodh\u03bfkse Autoqefale e Shqip\u00ebris\u00eb\" \/>\n<meta property=\"og:description\" content=\"&nbsp; Doli n\u00eb qarkullim gazeta &#8220;Ngjallja&#8221; e muajit shkurt 2015. &nbsp; N\u00eb k\u00ebt\u00eb num\u00ebr do t\u00eb lexoni: &nbsp; &#8211; Kontributi i Kish\u00ebs n\u00eb arsimin parauniversitar &#8211; Solidaritet kund\u00ebr vendimeve t\u00eb padrejta &#8211; nga Thoma Dhima &#8211; Grabitet p\u00ebr t\u00eb pest\u00ebn her\u00eb kisha \u201cSh\u00ebn Vasili\u201d, n\u00eb Presp\u00eb &#8211; Artikull i botuar n\u00eb \u201cGazeta Shqiptare\u201d dat\u00eb 16 shkurt 2015 &#8211; Shpresojm\u00eb q\u00eb kjo nj\u00ebanshm\u00ebri t\u00eb mos vazhdoj\u00eb\" \/>\n<meta property=\"og:url\" content=\"https:\/\/orthodoxalbania.org\/2020\/2015\/02\/27\/doli-ne-qarkullim-gazeta-ngjallja-e-muajit-shkurt-2015\/\" \/>\n<meta property=\"og:site_name\" content=\"Kisha Orthodh\u03bfkse Autoqefale e Shqip\u00ebris\u00eb\" \/>\n<meta property=\"article:publisher\" content=\"https:\/\/www.facebook.com\/koash1991\" \/>\n<meta property=\"article:published_time\" content=\"2015-02-27T08:28:01+00:00\" \/>\n<meta property=\"article:modified_time\" content=\"2020-04-06T20:02:18+00:00\" \/>\n<meta property=\"og:image\" content=\"https:\/\/orthodoxalbania.org\/2020\/wp-content\/uploads\/2020\/04\/Pages%2Bfrom%2BGazeta%2Bshkurt%2B2015.jpg\" \/>\n\t<meta property=\"og:image:width\" content=\"150\" \/>\n\t<meta property=\"og:image:height\" content=\"150\" \/>\n\t<meta property=\"og:image:type\" content=\"image\/jpeg\" \/>\n<meta name=\"author\" content=\"Kisha Orthodhokse\" \/>\n<meta name=\"twitter:card\" content=\"summary_large_image\" \/>\n<meta name=\"twitter:label1\" content=\"Written by\" \/>\n\t<meta name=\"twitter:data1\" content=\"Kisha Orthodhokse\" \/>\n\t<meta name=\"twitter:label2\" content=\"Est. reading time\" \/>\n\t<meta name=\"twitter:data2\" content=\"1 minute\" \/>\n<script type=\"application\/ld+json\" class=\"yoast-schema-graph\">{\"@context\":\"https:\/\/schema.org\",\"@graph\":[{\"@type\":\"Article\",\"@id\":\"https:\/\/orthodoxalbania.org\/2020\/2015\/02\/27\/doli-ne-qarkullim-gazeta-ngjallja-e-muajit-shkurt-2015\/#article\",\"isPartOf\":{\"@id\":\"https:\/\/orthodoxalbania.org\/2020\/2015\/02\/27\/doli-ne-qarkullim-gazeta-ngjallja-e-muajit-shkurt-2015\/\"},\"author\":{\"name\":\"Kisha Orthodhokse\",\"@id\":\"https:\/\/orthodoxalbania.org\/2020\/#\/schema\/person\/0c387634a7063ac612d7ed9ce71c7e86\"},\"headline\":\"Doli n\u00eb qarkullim gazeta &#8220;Ngjallja&#8221; e muajit shkurt 2015\",\"datePublished\":\"2015-02-27T08:28:01+00:00\",\"dateModified\":\"2020-04-06T20:02:18+00:00\",\"mainEntityOfPage\":{\"@id\":\"https:\/\/orthodoxalbania.org\/2020\/2015\/02\/27\/doli-ne-qarkullim-gazeta-ngjallja-e-muajit-shkurt-2015\/\"},\"wordCount\":286,\"commentCount\":0,\"publisher\":{\"@id\":\"https:\/\/orthodoxalbania.org\/2020\/#organization\"},\"image\":{\"@id\":\"https:\/\/orthodoxalbania.org\/2020\/2015\/02\/27\/doli-ne-qarkullim-gazeta-ngjallja-e-muajit-shkurt-2015\/#primaryimage\"},\"thumbnailUrl\":\"https:\/\/orthodoxalbania.org\/2020\/wp-content\/uploads\/2020\/04\/Pages%2Bfrom%2BGazeta%2Bshkurt%2B2015.jpg\",\"keywords\":[\"2015\",\"Gazeta \\\"Ngjallja\\\"\",\"Kryepiskopata Tiran\u00eb\",\"lajme\",\"PromovimePublikime\"],\"articleSection\":[\"Lajme\"],\"inLanguage\":\"en-US\"},{\"@type\":\"WebPage\",\"@id\":\"https:\/\/orthodoxalbania.org\/2020\/2015\/02\/27\/doli-ne-qarkullim-gazeta-ngjallja-e-muajit-shkurt-2015\/\",\"url\":\"https:\/\/orthodoxalbania.org\/2020\/2015\/02\/27\/doli-ne-qarkullim-gazeta-ngjallja-e-muajit-shkurt-2015\/\",\"name\":\"Doli n\u00eb qarkullim gazeta \\\"Ngjallja\\\" e muajit shkurt 2015 - Kisha Orthodh\u03bfkse Autoqefale e Shqip\u00ebris\u00eb\",\"isPartOf\":{\"@id\":\"https:\/\/orthodoxalbania.org\/2020\/#website\"},\"primaryImageOfPage\":{\"@id\":\"https:\/\/orthodoxalbania.org\/2020\/2015\/02\/27\/doli-ne-qarkullim-gazeta-ngjallja-e-muajit-shkurt-2015\/#primaryimage\"},\"image\":{\"@id\":\"https:\/\/orthodoxalbania.org\/2020\/2015\/02\/27\/doli-ne-qarkullim-gazeta-ngjallja-e-muajit-shkurt-2015\/#primaryimage\"},\"thumbnailUrl\":\"https:\/\/orthodoxalbania.org\/2020\/wp-content\/uploads\/2020\/04\/Pages%2Bfrom%2BGazeta%2Bshkurt%2B2015.jpg\",\"datePublished\":\"2015-02-27T08:28:01+00:00\",\"dateModified\":\"2020-04-06T20:02:18+00:00\",\"breadcrumb\":{\"@id\":\"https:\/\/orthodoxalbania.org\/2020\/2015\/02\/27\/doli-ne-qarkullim-gazeta-ngjallja-e-muajit-shkurt-2015\/#breadcrumb\"},\"inLanguage\":\"en-US\",\"potentialAction\":[{\"@type\":\"ReadAction\",\"target\":[\"https:\/\/orthodoxalbania.org\/2020\/2015\/02\/27\/doli-ne-qarkullim-gazeta-ngjallja-e-muajit-shkurt-2015\/\"]}]},{\"@type\":\"ImageObject\",\"inLanguage\":\"en-US\",\"@id\":\"https:\/\/orthodoxalbania.org\/2020\/2015\/02\/27\/doli-ne-qarkullim-gazeta-ngjallja-e-muajit-shkurt-2015\/#primaryimage\",\"url\":\"https:\/\/orthodoxalbania.org\/2020\/wp-content\/uploads\/2020\/04\/Pages%2Bfrom%2BGazeta%2Bshkurt%2B2015.jpg\",\"contentUrl\":\"https:\/\/orthodoxalbania.org\/2020\/wp-content\/uploads\/2020\/04\/Pages%2Bfrom%2BGazeta%2Bshkurt%2B2015.jpg\",\"width\":150,\"height\":150},{\"@type\":\"BreadcrumbList\",\"@id\":\"https:\/\/orthodoxalbania.org\/2020\/2015\/02\/27\/doli-ne-qarkullim-gazeta-ngjallja-e-muajit-shkurt-2015\/#breadcrumb\",\"itemListElement\":[{\"@type\":\"ListItem\",\"position\":1,\"name\":\"Home\",\"item\":\"https:\/\/orthodoxalbania.org\/2020\/\"},{\"@type\":\"ListItem\",\"position\":2,\"name\":\"Doli n\u00eb qarkullim gazeta &#8220;Ngjallja&#8221; e muajit shkurt 2015\"}]},{\"@type\":\"WebSite\",\"@id\":\"https:\/\/orthodoxalbania.org\/2020\/#website\",\"url\":\"https:\/\/orthodoxalbania.org\/2020\/\",\"name\":\"Kisha Orthodh\u03bfkse Autoqefale e Shqip\u00ebris\u00eb\",\"description\":\"Fqja Zyrtare e Kish\u00ebs Orthodhokse Autoqefale e Shqip\u00ebris\u00eb me lajmet edhe informacionet zyrtare p\u00ebr struktur\u00ebn edhe veprimtarin e saj.\",\"publisher\":{\"@id\":\"https:\/\/orthodoxalbania.org\/2020\/#organization\"},\"potentialAction\":[{\"@type\":\"SearchAction\",\"target\":{\"@type\":\"EntryPoint\",\"urlTemplate\":\"https:\/\/orthodoxalbania.org\/2020\/?s={search_term_string}\"},\"query-input\":{\"@type\":\"PropertyValueSpecification\",\"valueRequired\":true,\"valueName\":\"search_term_string\"}}],\"inLanguage\":\"en-US\"},{\"@type\":\"Organization\",\"@id\":\"https:\/\/orthodoxalbania.org\/2020\/#organization\",\"name\":\"Kisha Orthodhokse Autoqefale e Shqip\u00ebris\u00eb\",\"url\":\"https:\/\/orthodoxalbania.org\/2020\/\",\"logo\":{\"@type\":\"ImageObject\",\"inLanguage\":\"en-US\",\"@id\":\"https:\/\/orthodoxalbania.org\/2020\/#\/schema\/logo\/image\/\",\"url\":\"https:\/\/orthodoxalbania.org\/2020\/wp-content\/uploads\/2020\/05\/albania.jpeg\",\"contentUrl\":\"https:\/\/orthodoxalbania.org\/2020\/wp-content\/uploads\/2020\/05\/albania.jpeg\",\"width\":540,\"height\":540,\"caption\":\"Kisha Orthodhokse Autoqefale e Shqip\u00ebris\u00eb\"},\"image\":{\"@id\":\"https:\/\/orthodoxalbania.org\/2020\/#\/schema\/logo\/image\/\"},\"sameAs\":[\"https:\/\/www.facebook.com\/koash1991\"]},{\"@type\":\"Person\",\"@id\":\"https:\/\/orthodoxalbania.org\/2020\/#\/schema\/person\/0c387634a7063ac612d7ed9ce71c7e86\",\"name\":\"Kisha Orthodhokse\",\"image\":{\"@type\":\"ImageObject\",\"inLanguage\":\"en-US\",\"@id\":\"https:\/\/secure.gravatar.com\/avatar\/596e7c417251e30f2fbb9c00e026fce61a695a00e51c889caded71c96cbbdde5?s=96&d=mm&r=g\",\"url\":\"https:\/\/secure.gravatar.com\/avatar\/596e7c417251e30f2fbb9c00e026fce61a695a00e51c889caded71c96cbbdde5?s=96&d=mm&r=g\",\"contentUrl\":\"https:\/\/secure.gravatar.com\/avatar\/596e7c417251e30f2fbb9c00e026fce61a695a00e51c889caded71c96cbbdde5?s=96&d=mm&r=g\",\"caption\":\"Kisha Orthodhokse\"}}]}<\/script>\n<!-- \/ Yoast SEO plugin. -->","yoast_head_json":{"title":"Doli n\u00eb qarkullim gazeta \"Ngjallja\" e muajit shkurt 2015 - Kisha Orthodh\u03bfkse Autoqefale e Shqip\u00ebris\u00eb","robots":{"index":"index","follow":"follow","max-snippet":"max-snippet:-1","max-image-preview":"max-image-preview:large","max-video-preview":"max-video-preview:-1"},"canonical":"https:\/\/orthodoxalbania.org\/2020\/2015\/02\/27\/doli-ne-qarkullim-gazeta-ngjallja-e-muajit-shkurt-2015\/","og_locale":"en_US","og_type":"article","og_title":"Doli n\u00eb qarkullim gazeta \"Ngjallja\" e muajit shkurt 2015 - Kisha Orthodh\u03bfkse Autoqefale e Shqip\u00ebris\u00eb","og_description":"&nbsp; Doli n\u00eb qarkullim gazeta &#8220;Ngjallja&#8221; e muajit shkurt 2015. &nbsp; N\u00eb k\u00ebt\u00eb num\u00ebr do t\u00eb lexoni: &nbsp; &#8211; Kontributi i Kish\u00ebs n\u00eb arsimin parauniversitar &#8211; Solidaritet kund\u00ebr vendimeve t\u00eb padrejta &#8211; nga Thoma Dhima &#8211; Grabitet p\u00ebr t\u00eb pest\u00ebn her\u00eb kisha \u201cSh\u00ebn Vasili\u201d, n\u00eb Presp\u00eb &#8211; Artikull i botuar n\u00eb \u201cGazeta Shqiptare\u201d dat\u00eb 16 shkurt 2015 &#8211; Shpresojm\u00eb q\u00eb kjo nj\u00ebanshm\u00ebri t\u00eb mos vazhdoj\u00eb","og_url":"https:\/\/orthodoxalbania.org\/2020\/2015\/02\/27\/doli-ne-qarkullim-gazeta-ngjallja-e-muajit-shkurt-2015\/","og_site_name":"Kisha Orthodh\u03bfkse Autoqefale e Shqip\u00ebris\u00eb","article_publisher":"https:\/\/www.facebook.com\/koash1991","article_published_time":"2015-02-27T08:28:01+00:00","article_modified_time":"2020-04-06T20:02:18+00:00","og_image":[{"width":150,"height":150,"url":"https:\/\/orthodoxalbania.org\/2020\/wp-content\/uploads\/2020\/04\/Pages%2Bfrom%2BGazeta%2Bshkurt%2B2015.jpg","type":"image\/jpeg"}],"author":"Kisha Orthodhokse","twitter_card":"summary_large_image","twitter_misc":{"Written by":"Kisha Orthodhokse","Est. reading time":"1 minute"},"schema":{"@context":"https:\/\/schema.org","@graph":[{"@type":"Article","@id":"https:\/\/orthodoxalbania.org\/2020\/2015\/02\/27\/doli-ne-qarkullim-gazeta-ngjallja-e-muajit-shkurt-2015\/#article","isPartOf":{"@id":"https:\/\/orthodoxalbania.org\/2020\/2015\/02\/27\/doli-ne-qarkullim-gazeta-ngjallja-e-muajit-shkurt-2015\/"},"author":{"name":"Kisha Orthodhokse","@id":"https:\/\/orthodoxalbania.org\/2020\/#\/schema\/person\/0c387634a7063ac612d7ed9ce71c7e86"},"headline":"Doli n\u00eb qarkullim gazeta &#8220;Ngjallja&#8221; e muajit shkurt 2015","datePublished":"2015-02-27T08:28:01+00:00","dateModified":"2020-04-06T20:02:18+00:00","mainEntityOfPage":{"@id":"https:\/\/orthodoxalbania.org\/2020\/2015\/02\/27\/doli-ne-qarkullim-gazeta-ngjallja-e-muajit-shkurt-2015\/"},"wordCount":286,"commentCount":0,"publisher":{"@id":"https:\/\/orthodoxalbania.org\/2020\/#organization"},"image":{"@id":"https:\/\/orthodoxalbania.org\/2020\/2015\/02\/27\/doli-ne-qarkullim-gazeta-ngjallja-e-muajit-shkurt-2015\/#primaryimage"},"thumbnailUrl":"https:\/\/orthodoxalbania.org\/2020\/wp-content\/uploads\/2020\/04\/Pages%2Bfrom%2BGazeta%2Bshkurt%2B2015.jpg","keywords":["2015","Gazeta \"Ngjallja\"","Kryepiskopata Tiran\u00eb","lajme","PromovimePublikime"],"articleSection":["Lajme"],"inLanguage":"en-US"},{"@type":"WebPage","@id":"https:\/\/orthodoxalbania.org\/2020\/2015\/02\/27\/doli-ne-qarkullim-gazeta-ngjallja-e-muajit-shkurt-2015\/","url":"https:\/\/orthodoxalbania.org\/2020\/2015\/02\/27\/doli-ne-qarkullim-gazeta-ngjallja-e-muajit-shkurt-2015\/","name":"Doli n\u00eb qarkullim gazeta \"Ngjallja\" e muajit shkurt 2015 - Kisha Orthodh\u03bfkse Autoqefale e Shqip\u00ebris\u00eb","isPartOf":{"@id":"https:\/\/orthodoxalbania.org\/2020\/#website"},"primaryImageOfPage":{"@id":"https:\/\/orthodoxalbania.org\/2020\/2015\/02\/27\/doli-ne-qarkullim-gazeta-ngjallja-e-muajit-shkurt-2015\/#primaryimage"},"image":{"@id":"https:\/\/orthodoxalbania.org\/2020\/2015\/02\/27\/doli-ne-qarkullim-gazeta-ngjallja-e-muajit-shkurt-2015\/#primaryimage"},"thumbnailUrl":"https:\/\/orthodoxalbania.org\/2020\/wp-content\/uploads\/2020\/04\/Pages%2Bfrom%2BGazeta%2Bshkurt%2B2015.jpg","datePublished":"2015-02-27T08:28:01+00:00","dateModified":"2020-04-06T20:02:18+00:00","breadcrumb":{"@id":"https:\/\/orthodoxalbania.org\/2020\/2015\/02\/27\/doli-ne-qarkullim-gazeta-ngjallja-e-muajit-shkurt-2015\/#breadcrumb"},"inLanguage":"en-US","potentialAction":[{"@type":"ReadAction","target":["https:\/\/orthodoxalbania.org\/2020\/2015\/02\/27\/doli-ne-qarkullim-gazeta-ngjallja-e-muajit-shkurt-2015\/"]}]},{"@type":"ImageObject","inLanguage":"en-US","@id":"https:\/\/orthodoxalbania.org\/2020\/2015\/02\/27\/doli-ne-qarkullim-gazeta-ngjallja-e-muajit-shkurt-2015\/#primaryimage","url":"https:\/\/orthodoxalbania.org\/2020\/wp-content\/uploads\/2020\/04\/Pages%2Bfrom%2BGazeta%2Bshkurt%2B2015.jpg","contentUrl":"https:\/\/orthodoxalbania.org\/2020\/wp-content\/uploads\/2020\/04\/Pages%2Bfrom%2BGazeta%2Bshkurt%2B2015.jpg","width":150,"height":150},{"@type":"BreadcrumbList","@id":"https:\/\/orthodoxalbania.org\/2020\/2015\/02\/27\/doli-ne-qarkullim-gazeta-ngjallja-e-muajit-shkurt-2015\/#breadcrumb","itemListElement":[{"@type":"ListItem","position":1,"name":"Home","item":"https:\/\/orthodoxalbania.org\/2020\/"},{"@type":"ListItem","position":2,"name":"Doli n\u00eb qarkullim gazeta &#8220;Ngjallja&#8221; e muajit shkurt 2015"}]},{"@type":"WebSite","@id":"https:\/\/orthodoxalbania.org\/2020\/#website","url":"https:\/\/orthodoxalbania.org\/2020\/","name":"Kisha Orthodh\u03bfkse Autoqefale e Shqip\u00ebris\u00eb","description":"Fqja Zyrtare e Kish\u00ebs Orthodhokse Autoqefale e Shqip\u00ebris\u00eb me lajmet edhe informacionet zyrtare p\u00ebr struktur\u00ebn edhe veprimtarin e saj.","publisher":{"@id":"https:\/\/orthodoxalbania.org\/2020\/#organization"},"potentialAction":[{"@type":"SearchAction","target":{"@type":"EntryPoint","urlTemplate":"https:\/\/orthodoxalbania.org\/2020\/?s={search_term_string}"},"query-input":{"@type":"PropertyValueSpecification","valueRequired":true,"valueName":"search_term_string"}}],"inLanguage":"en-US"},{"@type":"Organization","@id":"https:\/\/orthodoxalbania.org\/2020\/#organization","name":"Kisha Orthodhokse Autoqefale e Shqip\u00ebris\u00eb","url":"https:\/\/orthodoxalbania.org\/2020\/","logo":{"@type":"ImageObject","inLanguage":"en-US","@id":"https:\/\/orthodoxalbania.org\/2020\/#\/schema\/logo\/image\/","url":"https:\/\/orthodoxalbania.org\/2020\/wp-content\/uploads\/2020\/05\/albania.jpeg","contentUrl":"https:\/\/orthodoxalbania.org\/2020\/wp-content\/uploads\/2020\/05\/albania.jpeg","width":540,"height":540,"caption":"Kisha Orthodhokse Autoqefale e Shqip\u00ebris\u00eb"},"image":{"@id":"https:\/\/orthodoxalbania.org\/2020\/#\/schema\/logo\/image\/"},"sameAs":["https:\/\/www.facebook.com\/koash1991"]},{"@type":"Person","@id":"https:\/\/orthodoxalbania.org\/2020\/#\/schema\/person\/0c387634a7063ac612d7ed9ce71c7e86","name":"Kisha Orthodhokse","image":{"@type":"ImageObject","inLanguage":"en-US","@id":"https:\/\/secure.gravatar.com\/avatar\/596e7c417251e30f2fbb9c00e026fce61a695a00e51c889caded71c96cbbdde5?s=96&d=mm&r=g","url":"https:\/\/secure.gravatar.com\/avatar\/596e7c417251e30f2fbb9c00e026fce61a695a00e51c889caded71c96cbbdde5?s=96&d=mm&r=g","contentUrl":"https:\/\/secure.gravatar.com\/avatar\/596e7c417251e30f2fbb9c00e026fce61a695a00e51c889caded71c96cbbdde5?s=96&d=mm&r=g","caption":"Kisha Orthodhokse"}}]}},"_links":{"self":[{"href":"https:\/\/orthodoxalbania.org\/2020\/wp-json\/wp\/v2\/posts\/431","targetHints":{"allow":["GET"]}}],"collection":[{"href":"https:\/\/orthodoxalbania.org\/2020\/wp-json\/wp\/v2\/posts"}],"about":[{"href":"https:\/\/orthodoxalbania.org\/2020\/wp-json\/wp\/v2\/types\/post"}],"author":[{"embeddable":true,"href":"https:\/\/orthodoxalbania.org\/2020\/wp-json\/wp\/v2\/users\/1"}],"replies":[{"embeddable":true,"href":"https:\/\/orthodoxalbania.org\/2020\/wp-json\/wp\/v2\/comments?post=431"}],"version-history":[{"count":1,"href":"https:\/\/orthodoxalbania.org\/2020\/wp-json\/wp\/v2\/posts\/431\/revisions"}],"predecessor-version":[{"id":15027,"href":"https:\/\/orthodoxalbania.org\/2020\/wp-json\/wp\/v2\/posts\/431\/revisions\/15027"}],"wp:featuredmedia":[{"embeddable":true,"href":"https:\/\/orthodoxalbania.org\/2020\/wp-json\/wp\/v2\/media\/432"}],"wp:attachment":[{"href":"https:\/\/orthodoxalbania.org\/2020\/wp-json\/wp\/v2\/media?parent=431"}],"wp:term":[{"taxonomy":"category","embeddable":true,"href":"https:\/\/orthodoxalbania.org\/2020\/wp-json\/wp\/v2\/categories?post=431"},{"taxonomy":"post_tag","embeddable":true,"href":"https:\/\/orthodoxalbania.org\/2020\/wp-json\/wp\/v2\/tags?post=431"}],"curies":[{"name":"wp","href":"https:\/\/api.w.org\/{rel}","templated":true}]}}