{"id":4289,"date":"2015-12-09T07:19:15","date_gmt":"2015-12-09T07:19:15","guid":{"rendered":""},"modified":"2020-04-06T22:02:04","modified_gmt":"2020-04-06T20:02:04","slug":"i-jepet-cmimi-i-mirenjohjes-kishes-orthodhokse-8-12-2015","status":"publish","type":"post","link":"https:\/\/orthodoxalbania.org\/2020\/2015\/12\/09\/i-jepet-cmimi-i-mirenjohjes-kishes-orthodhokse-8-12-2015\/","title":{"rendered":"I jepet \u00e7mimi i Mir\u00ebnjohjes Kish\u00ebs Orthodhokse 8.12.2015"},"content":{"rendered":"<p style=\"text-align: justify;\"> <\/p>\n<p style=\"text-align: justify;\"><span style=\"font-size: 12pt; font-family: helvetica;\">&nbsp; &nbsp;<span style=\"color: #000000;\"> I jepet \u00e7mimi i Mir\u00ebnjohjes Kish\u00ebs Orthodhokse Autoqefale t\u00eb Shqip\u00ebris\u00eb me rastin e 25 vjetorit t\u00eb Liris\u00eb dhe Demokracis\u00eb n\u00eb Shqip\u00ebri nga L\u00ebvizja Studentore Shqiptare &#8217;90-&#8217;91 organizuar sot m\u00eb dat\u00ebn 8 dhjetor 2015 n\u00eb ambjentet e Hotel Tirana Internacional.&nbsp;<\/span><\/span><\/p>\n<p style=\"text-align: justify;\"><span style=\"font-family: helvetica; font-size: 12pt; color: #000000;\">&nbsp; &nbsp; T\u00eb pranish\u00ebm ishin ish-student\u00eb t\u00eb l\u00ebvizjes studentore t\u00eb viteve 1990-91 si dhe politikan\u00eb e t\u00eb ftuar. Nj\u00eb vler\u00ebsim i ve\u00e7ant\u00eb iu dedikua Komunitetve Fetare n\u00eb Shqip\u00ebri si kontribuues t\u00eb r\u00ebnd\u00ebsish\u00ebm n\u00eb ndryshimet demokratike n\u00eb vend. P\u00ebr k\u00ebt\u00eb arsye nga ana e Kryetarit t\u00eb L\u00ebvizjes z. Ilir Dizdari iu akordua Komuniteve Fetare Certifikata e mir\u00ebnjohjes.&nbsp;<\/span><\/p>\n<p style=\"text-align: justify;\"><span style=\"font-family: helvetica; font-size: 12pt; color: #000000;\">&nbsp; &nbsp; N\u00eb em\u00ebr t\u00eb Kish\u00ebs Orthodhokse ishte i pranish\u00ebm Episkopi i Kruj\u00ebs Imzot Andoni, i cili n\u00eb fjal\u00ebn e tij p\u00ebrsh\u00ebndet\u00ebse fal\u00ebnderoi p\u00ebr k\u00ebt\u00eb vler\u00ebsim si dhe shprehu nd\u00ebr t\u00eb tjera shembullin e rezistenc\u00ebs s\u00eb heshtur, por t\u00eb r\u00ebnd\u00ebsishme t\u00eb besimtareve ortodoks\u00eb, t\u00eb cil\u00ebt asnj\u00ebher\u00eb nuk i nd\u00ebrpren\u00eb lutjet me besimin se nj\u00eb dit\u00eb Per\u00ebndia do t\u00eb b\u00ebnte t\u00eb mundur ardhjen e liris\u00eb s\u00eb besimit dhe t\u00eb demokracis\u00eb. Ishin k\u00ebta njer\u00ebz t\u00eb cil\u00ebt i kishin m\u00eb shum\u00eb frik\u00eb Per\u00ebndis\u00eb e p\u00ebr k\u00ebt\u00eb arsye nuk iu frik\u00ebsoheshin njer\u00ebzve, si\u00e7 ishte edhe rasti i klerik\u00ebve dhe besimtar\u00ebve ortodoks\u00eb.&nbsp;<\/span><\/p>\n<p style=\"text-align: justify;\"><span style=\"font-family: helvetica; font-size: 12pt; color: #000000;\">&nbsp; &nbsp; Gjithashtu p\u00ebrsh\u00ebndetje p\u00ebrkat\u00ebse u b\u00ebn\u00eb edhe nga Komunitetet e tjera Fetare.<\/span><\/p>\n<p style=\"text-align: justify;\">&nbsp;<\/p>\n<p style=\"text-align: center;\"><img class=\"lazyload\" decoding=\"async\" src=\"data:image\/svg+xml,%3Csvg%20xmlns%3D%27http%3A%2F%2Fwww.w3.org%2F2000%2Fsvg%27%20width%3D%27450%27%20height%3D%27337%27%20viewBox%3D%270%200%20450%20337%27%3E%3Crect%20width%3D%27450%27%20height%3D%27337%27%20fill-opacity%3D%220%22%2F%3E%3C%2Fsvg%3E\" data-orig-src=\"https:\/\/lh5.googleusercontent.com\/-OvI6MlN61hQ\/VmfTsE4FHsI\/AAAAAAAAQTU\/TX9I9JpAZMw\/w958-h719-no\/12347782_532620493579640_601879808026219757_n.jpg\" width=\"450\" height=\"337\" style=\"display: block; margin: 10px auto; border: 1px solid #000000;\" \/><\/p>\n<p style=\"text-align: center;\"><img class=\"lazyload\" decoding=\"async\" src=\"data:image\/svg+xml,%3Csvg%20xmlns%3D%27http%3A%2F%2Fwww.w3.org%2F2000%2Fsvg%27%20width%3D%27450%27%20height%3D%27564%27%20viewBox%3D%270%200%20450%20564%27%3E%3Crect%20width%3D%27450%27%20height%3D%27564%27%20fill-opacity%3D%220%22%2F%3E%3C%2Fsvg%3E\" data-orig-src=\"https:\/\/lh3.googleusercontent.com\/-khbAXN_dEns\/VmfTrqB3NUI\/AAAAAAAAQTQ\/iNPubIpMrbk\/w630-h789-no\/12308644_532620340246322_5607927787297727058_n.jpg\" width=\"450\" height=\"564\" style=\"display: block; margin: 10px auto; border: 1px solid #000000;\" \/><\/p>\n<p style=\"text-align: center;\"><img class=\"lazyload\" decoding=\"async\" src=\"data:image\/svg+xml,%3Csvg%20xmlns%3D%27http%3A%2F%2Fwww.w3.org%2F2000%2Fsvg%27%20width%3D%27450%27%20height%3D%27337%27%20viewBox%3D%270%200%20450%20337%27%3E%3Crect%20width%3D%27450%27%20height%3D%27337%27%20fill-opacity%3D%220%22%2F%3E%3C%2Fsvg%3E\" data-orig-src=\"https:\/\/lh5.googleusercontent.com\/-JkVAUQ0KHwY\/VmfTqy4xVXI\/AAAAAAAAQTg\/_yRcz1DrtIc\/w958-h719-no\/12301467_532620333579656_2325600276527766660_n.jpg\" width=\"450\" height=\"337\" style=\"display: block; margin: 10px auto; border: 1px solid #000000;\" \/><\/p>\n<p style=\"text-align: center;\"><img class=\"lazyload\" decoding=\"async\" src=\"data:image\/svg+xml,%3Csvg%20xmlns%3D%27http%3A%2F%2Fwww.w3.org%2F2000%2Fsvg%27%20width%3D%27450%27%20height%3D%27337%27%20viewBox%3D%270%200%20450%20337%27%3E%3Crect%20width%3D%27450%27%20height%3D%27337%27%20fill-opacity%3D%220%22%2F%3E%3C%2Fsvg%3E\" data-orig-src=\"https:\/\/lh5.googleusercontent.com\/-Bvj8Au663Ys\/VmfTrg_gVOI\/AAAAAAAAQTc\/KgeQTheJtKM\/w958-h719-no\/12341057_532620413579648_8745941898725997598_n.jpg\" width=\"450\" height=\"337\" style=\"display: block; margin: 10px auto; border: 1px solid #000000;\" \/><\/p>\n<p style=\"text-align: center;\"><img class=\"lazyload\" decoding=\"async\" src=\"data:image\/svg+xml,%3Csvg%20xmlns%3D%27http%3A%2F%2Fwww.w3.org%2F2000%2Fsvg%27%20width%3D%27450%27%20height%3D%27337%27%20viewBox%3D%270%200%20450%20337%27%3E%3Crect%20width%3D%27450%27%20height%3D%27337%27%20fill-opacity%3D%220%22%2F%3E%3C%2Fsvg%3E\" data-orig-src=\"https:\/\/lh5.googleusercontent.com\/-UqWrQ9vDmcg\/VmfTq0zmuYI\/AAAAAAAAQTk\/LdY7P5z1KOQ\/w958-h719-no\/12299398_532620423579647_6962080939540255991_n.jpg\" width=\"450\" height=\"337\" style=\"display: block; margin: 10px auto; border: 1px solid #000000;\" \/><\/p>\n<p style=\"text-align: center;\"><img class=\"lazyload\" decoding=\"async\" src=\"data:image\/svg+xml,%3Csvg%20xmlns%3D%27http%3A%2F%2Fwww.w3.org%2F2000%2Fsvg%27%20width%3D%27450%27%20height%3D%27337%27%20viewBox%3D%270%200%20450%20337%27%3E%3Crect%20width%3D%27450%27%20height%3D%27337%27%20fill-opacity%3D%220%22%2F%3E%3C%2Fsvg%3E\" data-orig-src=\"https:\/\/lh5.googleusercontent.com\/-GcB8iHB_8Sg\/VmfTq0PcNmI\/AAAAAAAAQTY\/jw90XXWWnFw\/w958-h719-no\/11214292_532620336912989_5991636857047186981_n.jpg\" width=\"450\" height=\"337\" style=\"display: block; margin: 10px auto; border: 1px solid #000000;\" \/><\/p>\n<p style=\"text-align: center;\"><img class=\"lazyload\" decoding=\"async\" src=\"data:image\/svg+xml,%3Csvg%20xmlns%3D%27http%3A%2F%2Fwww.w3.org%2F2000%2Fsvg%27%20width%3D%27450%27%20height%3D%27337%27%20viewBox%3D%270%200%20450%20337%27%3E%3Crect%20width%3D%27450%27%20height%3D%27337%27%20fill-opacity%3D%220%22%2F%3E%3C%2Fsvg%3E\" data-orig-src=\"https:\/\/lh5.googleusercontent.com\/-yj1e5q8Bzv8\/VmfTrviu-EI\/AAAAAAAAQTM\/AxCHc9GbZgk\/w958-h719-no\/12347647_532620430246313_3131142250047145011_n.jpg\" width=\"450\" height=\"337\" style=\"display: block; margin: 10px auto; border: 1px solid #000000;\" \/><\/p>\n","protected":false},"excerpt":{"rendered":"<p>&nbsp; &nbsp; I jepet \u00e7mimi i Mir\u00ebnjohjes Kish\u00ebs Orthodhokse Autoqefale t\u00eb Shqip\u00ebris\u00eb me rastin e 25 vjetorit t\u00eb Liris\u00eb dhe Demokracis\u00eb n\u00eb Shqip\u00ebri nga L\u00ebvizja Studentore Shqiptare &#8217;90-&#8217;91 organizuar sot m\u00eb dat\u00ebn 8 dhjetor 2015 n\u00eb ambjentet e Hotel Tirana Internacional.&nbsp; &nbsp; &nbsp; T\u00eb pranish\u00ebm ishin ish-student\u00eb t\u00eb l\u00ebvizjes studentore t\u00eb viteve 1990-91 si dhe politikan\u00eb e t\u00eb ftuar. Nj\u00eb vler\u00ebsim i ve\u00e7ant\u00eb iu dedikua<\/p>\n","protected":false},"author":1,"featured_media":4290,"comment_status":"open","ping_status":"open","sticky":false,"template":"","format":"standard","meta":{"_acf_changed":false,"pagelayer_contact_templates":[],"_pagelayer_content":"","inline_featured_image":false,"fifu_image_url":"","fifu_image_alt":"","footnotes":""},"categories":[108],"tags":[139,162,196,212],"class_list":["post-4289","post","type-post","status-publish","format-standard","has-post-thumbnail","hentry","category-lajme","tag-139","tag-aktivitete-nderfetare","tag-tirane","tag-lajme-d27"],"acf":[],"yoast_head":"<!-- This site is optimized with the Yoast SEO plugin v27.2 - https:\/\/yoast.com\/product\/yoast-seo-wordpress\/ -->\n<title>I jepet \u00e7mimi i Mir\u00ebnjohjes Kish\u00ebs Orthodhokse 8.12.2015 - Kisha Orthodh\u03bfkse Autoqefale e Shqip\u00ebris\u00eb<\/title>\n<meta name=\"robots\" content=\"index, follow, max-snippet:-1, max-image-preview:large, max-video-preview:-1\" \/>\n<link rel=\"canonical\" href=\"https:\/\/orthodoxalbania.org\/2020\/2015\/12\/09\/i-jepet-cmimi-i-mirenjohjes-kishes-orthodhokse-8-12-2015\/\" \/>\n<meta property=\"og:locale\" content=\"en_US\" \/>\n<meta property=\"og:type\" content=\"article\" \/>\n<meta property=\"og:title\" content=\"I jepet \u00e7mimi i Mir\u00ebnjohjes Kish\u00ebs Orthodhokse 8.12.2015 - Kisha Orthodh\u03bfkse Autoqefale e Shqip\u00ebris\u00eb\" \/>\n<meta property=\"og:description\" content=\"&nbsp; &nbsp; I jepet \u00e7mimi i Mir\u00ebnjohjes Kish\u00ebs Orthodhokse Autoqefale t\u00eb Shqip\u00ebris\u00eb me rastin e 25 vjetorit t\u00eb Liris\u00eb dhe Demokracis\u00eb n\u00eb Shqip\u00ebri nga L\u00ebvizja Studentore Shqiptare &#8217;90-&#8217;91 organizuar sot m\u00eb dat\u00ebn 8 dhjetor 2015 n\u00eb ambjentet e Hotel Tirana Internacional.&nbsp; &nbsp; &nbsp; T\u00eb pranish\u00ebm ishin ish-student\u00eb t\u00eb l\u00ebvizjes studentore t\u00eb viteve 1990-91 si dhe politikan\u00eb e t\u00eb ftuar. Nj\u00eb vler\u00ebsim i ve\u00e7ant\u00eb iu dedikua\" \/>\n<meta property=\"og:url\" content=\"https:\/\/orthodoxalbania.org\/2020\/2015\/12\/09\/i-jepet-cmimi-i-mirenjohjes-kishes-orthodhokse-8-12-2015\/\" \/>\n<meta property=\"og:site_name\" content=\"Kisha Orthodh\u03bfkse Autoqefale e Shqip\u00ebris\u00eb\" \/>\n<meta property=\"article:publisher\" content=\"https:\/\/www.facebook.com\/koash1991\" \/>\n<meta property=\"article:published_time\" content=\"2015-12-09T07:19:15+00:00\" \/>\n<meta property=\"article:modified_time\" content=\"2020-04-06T20:02:04+00:00\" \/>\n<meta property=\"og:image\" content=\"https:\/\/orthodoxalbania.org\/2020\/wp-content\/uploads\/2020\/04\/per%2Bintro.jpg\" \/>\n\t<meta property=\"og:image:width\" content=\"150\" \/>\n\t<meta property=\"og:image:height\" content=\"150\" \/>\n\t<meta property=\"og:image:type\" content=\"image\/jpeg\" \/>\n<meta name=\"author\" content=\"Kisha Orthodhokse\" \/>\n<meta name=\"twitter:card\" content=\"summary_large_image\" \/>\n<meta name=\"twitter:label1\" content=\"Written by\" \/>\n\t<meta name=\"twitter:data1\" content=\"Kisha Orthodhokse\" \/>\n\t<meta name=\"twitter:label2\" content=\"Est. reading time\" \/>\n\t<meta name=\"twitter:data2\" content=\"1 minute\" \/>\n<script type=\"application\/ld+json\" class=\"yoast-schema-graph\">{\"@context\":\"https:\/\/schema.org\",\"@graph\":[{\"@type\":\"Article\",\"@id\":\"https:\/\/orthodoxalbania.org\/2020\/2015\/12\/09\/i-jepet-cmimi-i-mirenjohjes-kishes-orthodhokse-8-12-2015\/#article\",\"isPartOf\":{\"@id\":\"https:\/\/orthodoxalbania.org\/2020\/2015\/12\/09\/i-jepet-cmimi-i-mirenjohjes-kishes-orthodhokse-8-12-2015\/\"},\"author\":{\"name\":\"Kisha Orthodhokse\",\"@id\":\"https:\/\/orthodoxalbania.org\/2020\/#\/schema\/person\/0c387634a7063ac612d7ed9ce71c7e86\"},\"headline\":\"I jepet \u00e7mimi i Mir\u00ebnjohjes Kish\u00ebs Orthodhokse 8.12.2015\",\"datePublished\":\"2015-12-09T07:19:15+00:00\",\"dateModified\":\"2020-04-06T20:02:04+00:00\",\"mainEntityOfPage\":{\"@id\":\"https:\/\/orthodoxalbania.org\/2020\/2015\/12\/09\/i-jepet-cmimi-i-mirenjohjes-kishes-orthodhokse-8-12-2015\/\"},\"wordCount\":272,\"commentCount\":0,\"publisher\":{\"@id\":\"https:\/\/orthodoxalbania.org\/2020\/#organization\"},\"image\":{\"@id\":\"https:\/\/orthodoxalbania.org\/2020\/2015\/12\/09\/i-jepet-cmimi-i-mirenjohjes-kishes-orthodhokse-8-12-2015\/#primaryimage\"},\"thumbnailUrl\":\"https:\/\/orthodoxalbania.org\/2020\/wp-content\/uploads\/2020\/04\/per%2Bintro.jpg\",\"keywords\":[\"2015\",\"Aktivitete Nd\u00ebrfetare\",\"Kryepiskopata Tiran\u00eb\",\"lajme\"],\"articleSection\":[\"Lajme\"],\"inLanguage\":\"en-US\"},{\"@type\":\"WebPage\",\"@id\":\"https:\/\/orthodoxalbania.org\/2020\/2015\/12\/09\/i-jepet-cmimi-i-mirenjohjes-kishes-orthodhokse-8-12-2015\/\",\"url\":\"https:\/\/orthodoxalbania.org\/2020\/2015\/12\/09\/i-jepet-cmimi-i-mirenjohjes-kishes-orthodhokse-8-12-2015\/\",\"name\":\"I jepet \u00e7mimi i Mir\u00ebnjohjes Kish\u00ebs Orthodhokse 8.12.2015 - Kisha Orthodh\u03bfkse Autoqefale e Shqip\u00ebris\u00eb\",\"isPartOf\":{\"@id\":\"https:\/\/orthodoxalbania.org\/2020\/#website\"},\"primaryImageOfPage\":{\"@id\":\"https:\/\/orthodoxalbania.org\/2020\/2015\/12\/09\/i-jepet-cmimi-i-mirenjohjes-kishes-orthodhokse-8-12-2015\/#primaryimage\"},\"image\":{\"@id\":\"https:\/\/orthodoxalbania.org\/2020\/2015\/12\/09\/i-jepet-cmimi-i-mirenjohjes-kishes-orthodhokse-8-12-2015\/#primaryimage\"},\"thumbnailUrl\":\"https:\/\/orthodoxalbania.org\/2020\/wp-content\/uploads\/2020\/04\/per%2Bintro.jpg\",\"datePublished\":\"2015-12-09T07:19:15+00:00\",\"dateModified\":\"2020-04-06T20:02:04+00:00\",\"breadcrumb\":{\"@id\":\"https:\/\/orthodoxalbania.org\/2020\/2015\/12\/09\/i-jepet-cmimi-i-mirenjohjes-kishes-orthodhokse-8-12-2015\/#breadcrumb\"},\"inLanguage\":\"en-US\",\"potentialAction\":[{\"@type\":\"ReadAction\",\"target\":[\"https:\/\/orthodoxalbania.org\/2020\/2015\/12\/09\/i-jepet-cmimi-i-mirenjohjes-kishes-orthodhokse-8-12-2015\/\"]}]},{\"@type\":\"ImageObject\",\"inLanguage\":\"en-US\",\"@id\":\"https:\/\/orthodoxalbania.org\/2020\/2015\/12\/09\/i-jepet-cmimi-i-mirenjohjes-kishes-orthodhokse-8-12-2015\/#primaryimage\",\"url\":\"https:\/\/orthodoxalbania.org\/2020\/wp-content\/uploads\/2020\/04\/per%2Bintro.jpg\",\"contentUrl\":\"https:\/\/orthodoxalbania.org\/2020\/wp-content\/uploads\/2020\/04\/per%2Bintro.jpg\",\"width\":150,\"height\":150},{\"@type\":\"BreadcrumbList\",\"@id\":\"https:\/\/orthodoxalbania.org\/2020\/2015\/12\/09\/i-jepet-cmimi-i-mirenjohjes-kishes-orthodhokse-8-12-2015\/#breadcrumb\",\"itemListElement\":[{\"@type\":\"ListItem\",\"position\":1,\"name\":\"Home\",\"item\":\"https:\/\/orthodoxalbania.org\/2020\/\"},{\"@type\":\"ListItem\",\"position\":2,\"name\":\"I jepet \u00e7mimi i Mir\u00ebnjohjes Kish\u00ebs Orthodhokse 8.12.2015\"}]},{\"@type\":\"WebSite\",\"@id\":\"https:\/\/orthodoxalbania.org\/2020\/#website\",\"url\":\"https:\/\/orthodoxalbania.org\/2020\/\",\"name\":\"Kisha Orthodh\u03bfkse Autoqefale e Shqip\u00ebris\u00eb\",\"description\":\"Fqja Zyrtare e Kish\u00ebs Orthodhokse Autoqefale e Shqip\u00ebris\u00eb me lajmet edhe informacionet zyrtare p\u00ebr struktur\u00ebn edhe veprimtarin e saj.\",\"publisher\":{\"@id\":\"https:\/\/orthodoxalbania.org\/2020\/#organization\"},\"potentialAction\":[{\"@type\":\"SearchAction\",\"target\":{\"@type\":\"EntryPoint\",\"urlTemplate\":\"https:\/\/orthodoxalbania.org\/2020\/?s={search_term_string}\"},\"query-input\":{\"@type\":\"PropertyValueSpecification\",\"valueRequired\":true,\"valueName\":\"search_term_string\"}}],\"inLanguage\":\"en-US\"},{\"@type\":\"Organization\",\"@id\":\"https:\/\/orthodoxalbania.org\/2020\/#organization\",\"name\":\"Kisha Orthodhokse Autoqefale e Shqip\u00ebris\u00eb\",\"url\":\"https:\/\/orthodoxalbania.org\/2020\/\",\"logo\":{\"@type\":\"ImageObject\",\"inLanguage\":\"en-US\",\"@id\":\"https:\/\/orthodoxalbania.org\/2020\/#\/schema\/logo\/image\/\",\"url\":\"https:\/\/orthodoxalbania.org\/2020\/wp-content\/uploads\/2020\/05\/albania.jpeg\",\"contentUrl\":\"https:\/\/orthodoxalbania.org\/2020\/wp-content\/uploads\/2020\/05\/albania.jpeg\",\"width\":540,\"height\":540,\"caption\":\"Kisha Orthodhokse Autoqefale e Shqip\u00ebris\u00eb\"},\"image\":{\"@id\":\"https:\/\/orthodoxalbania.org\/2020\/#\/schema\/logo\/image\/\"},\"sameAs\":[\"https:\/\/www.facebook.com\/koash1991\"]},{\"@type\":\"Person\",\"@id\":\"https:\/\/orthodoxalbania.org\/2020\/#\/schema\/person\/0c387634a7063ac612d7ed9ce71c7e86\",\"name\":\"Kisha Orthodhokse\",\"image\":{\"@type\":\"ImageObject\",\"inLanguage\":\"en-US\",\"@id\":\"https:\/\/secure.gravatar.com\/avatar\/596e7c417251e30f2fbb9c00e026fce61a695a00e51c889caded71c96cbbdde5?s=96&d=mm&r=g\",\"url\":\"https:\/\/secure.gravatar.com\/avatar\/596e7c417251e30f2fbb9c00e026fce61a695a00e51c889caded71c96cbbdde5?s=96&d=mm&r=g\",\"contentUrl\":\"https:\/\/secure.gravatar.com\/avatar\/596e7c417251e30f2fbb9c00e026fce61a695a00e51c889caded71c96cbbdde5?s=96&d=mm&r=g\",\"caption\":\"Kisha Orthodhokse\"}}]}<\/script>\n<!-- \/ Yoast SEO plugin. -->","yoast_head_json":{"title":"I jepet \u00e7mimi i Mir\u00ebnjohjes Kish\u00ebs Orthodhokse 8.12.2015 - Kisha Orthodh\u03bfkse Autoqefale e Shqip\u00ebris\u00eb","robots":{"index":"index","follow":"follow","max-snippet":"max-snippet:-1","max-image-preview":"max-image-preview:large","max-video-preview":"max-video-preview:-1"},"canonical":"https:\/\/orthodoxalbania.org\/2020\/2015\/12\/09\/i-jepet-cmimi-i-mirenjohjes-kishes-orthodhokse-8-12-2015\/","og_locale":"en_US","og_type":"article","og_title":"I jepet \u00e7mimi i Mir\u00ebnjohjes Kish\u00ebs Orthodhokse 8.12.2015 - Kisha Orthodh\u03bfkse Autoqefale e Shqip\u00ebris\u00eb","og_description":"&nbsp; &nbsp; I jepet \u00e7mimi i Mir\u00ebnjohjes Kish\u00ebs Orthodhokse Autoqefale t\u00eb Shqip\u00ebris\u00eb me rastin e 25 vjetorit t\u00eb Liris\u00eb dhe Demokracis\u00eb n\u00eb Shqip\u00ebri nga L\u00ebvizja Studentore Shqiptare &#8217;90-&#8217;91 organizuar sot m\u00eb dat\u00ebn 8 dhjetor 2015 n\u00eb ambjentet e Hotel Tirana Internacional.&nbsp; &nbsp; &nbsp; T\u00eb pranish\u00ebm ishin ish-student\u00eb t\u00eb l\u00ebvizjes studentore t\u00eb viteve 1990-91 si dhe politikan\u00eb e t\u00eb ftuar. Nj\u00eb vler\u00ebsim i ve\u00e7ant\u00eb iu dedikua","og_url":"https:\/\/orthodoxalbania.org\/2020\/2015\/12\/09\/i-jepet-cmimi-i-mirenjohjes-kishes-orthodhokse-8-12-2015\/","og_site_name":"Kisha Orthodh\u03bfkse Autoqefale e Shqip\u00ebris\u00eb","article_publisher":"https:\/\/www.facebook.com\/koash1991","article_published_time":"2015-12-09T07:19:15+00:00","article_modified_time":"2020-04-06T20:02:04+00:00","og_image":[{"width":150,"height":150,"url":"https:\/\/orthodoxalbania.org\/2020\/wp-content\/uploads\/2020\/04\/per%2Bintro.jpg","type":"image\/jpeg"}],"author":"Kisha Orthodhokse","twitter_card":"summary_large_image","twitter_misc":{"Written by":"Kisha Orthodhokse","Est. reading time":"1 minute"},"schema":{"@context":"https:\/\/schema.org","@graph":[{"@type":"Article","@id":"https:\/\/orthodoxalbania.org\/2020\/2015\/12\/09\/i-jepet-cmimi-i-mirenjohjes-kishes-orthodhokse-8-12-2015\/#article","isPartOf":{"@id":"https:\/\/orthodoxalbania.org\/2020\/2015\/12\/09\/i-jepet-cmimi-i-mirenjohjes-kishes-orthodhokse-8-12-2015\/"},"author":{"name":"Kisha Orthodhokse","@id":"https:\/\/orthodoxalbania.org\/2020\/#\/schema\/person\/0c387634a7063ac612d7ed9ce71c7e86"},"headline":"I jepet \u00e7mimi i Mir\u00ebnjohjes Kish\u00ebs Orthodhokse 8.12.2015","datePublished":"2015-12-09T07:19:15+00:00","dateModified":"2020-04-06T20:02:04+00:00","mainEntityOfPage":{"@id":"https:\/\/orthodoxalbania.org\/2020\/2015\/12\/09\/i-jepet-cmimi-i-mirenjohjes-kishes-orthodhokse-8-12-2015\/"},"wordCount":272,"commentCount":0,"publisher":{"@id":"https:\/\/orthodoxalbania.org\/2020\/#organization"},"image":{"@id":"https:\/\/orthodoxalbania.org\/2020\/2015\/12\/09\/i-jepet-cmimi-i-mirenjohjes-kishes-orthodhokse-8-12-2015\/#primaryimage"},"thumbnailUrl":"https:\/\/orthodoxalbania.org\/2020\/wp-content\/uploads\/2020\/04\/per%2Bintro.jpg","keywords":["2015","Aktivitete Nd\u00ebrfetare","Kryepiskopata Tiran\u00eb","lajme"],"articleSection":["Lajme"],"inLanguage":"en-US"},{"@type":"WebPage","@id":"https:\/\/orthodoxalbania.org\/2020\/2015\/12\/09\/i-jepet-cmimi-i-mirenjohjes-kishes-orthodhokse-8-12-2015\/","url":"https:\/\/orthodoxalbania.org\/2020\/2015\/12\/09\/i-jepet-cmimi-i-mirenjohjes-kishes-orthodhokse-8-12-2015\/","name":"I jepet \u00e7mimi i Mir\u00ebnjohjes Kish\u00ebs Orthodhokse 8.12.2015 - Kisha Orthodh\u03bfkse Autoqefale e Shqip\u00ebris\u00eb","isPartOf":{"@id":"https:\/\/orthodoxalbania.org\/2020\/#website"},"primaryImageOfPage":{"@id":"https:\/\/orthodoxalbania.org\/2020\/2015\/12\/09\/i-jepet-cmimi-i-mirenjohjes-kishes-orthodhokse-8-12-2015\/#primaryimage"},"image":{"@id":"https:\/\/orthodoxalbania.org\/2020\/2015\/12\/09\/i-jepet-cmimi-i-mirenjohjes-kishes-orthodhokse-8-12-2015\/#primaryimage"},"thumbnailUrl":"https:\/\/orthodoxalbania.org\/2020\/wp-content\/uploads\/2020\/04\/per%2Bintro.jpg","datePublished":"2015-12-09T07:19:15+00:00","dateModified":"2020-04-06T20:02:04+00:00","breadcrumb":{"@id":"https:\/\/orthodoxalbania.org\/2020\/2015\/12\/09\/i-jepet-cmimi-i-mirenjohjes-kishes-orthodhokse-8-12-2015\/#breadcrumb"},"inLanguage":"en-US","potentialAction":[{"@type":"ReadAction","target":["https:\/\/orthodoxalbania.org\/2020\/2015\/12\/09\/i-jepet-cmimi-i-mirenjohjes-kishes-orthodhokse-8-12-2015\/"]}]},{"@type":"ImageObject","inLanguage":"en-US","@id":"https:\/\/orthodoxalbania.org\/2020\/2015\/12\/09\/i-jepet-cmimi-i-mirenjohjes-kishes-orthodhokse-8-12-2015\/#primaryimage","url":"https:\/\/orthodoxalbania.org\/2020\/wp-content\/uploads\/2020\/04\/per%2Bintro.jpg","contentUrl":"https:\/\/orthodoxalbania.org\/2020\/wp-content\/uploads\/2020\/04\/per%2Bintro.jpg","width":150,"height":150},{"@type":"BreadcrumbList","@id":"https:\/\/orthodoxalbania.org\/2020\/2015\/12\/09\/i-jepet-cmimi-i-mirenjohjes-kishes-orthodhokse-8-12-2015\/#breadcrumb","itemListElement":[{"@type":"ListItem","position":1,"name":"Home","item":"https:\/\/orthodoxalbania.org\/2020\/"},{"@type":"ListItem","position":2,"name":"I jepet \u00e7mimi i Mir\u00ebnjohjes Kish\u00ebs Orthodhokse 8.12.2015"}]},{"@type":"WebSite","@id":"https:\/\/orthodoxalbania.org\/2020\/#website","url":"https:\/\/orthodoxalbania.org\/2020\/","name":"Kisha Orthodh\u03bfkse Autoqefale e Shqip\u00ebris\u00eb","description":"Fqja Zyrtare e Kish\u00ebs Orthodhokse Autoqefale e Shqip\u00ebris\u00eb me lajmet edhe informacionet zyrtare p\u00ebr struktur\u00ebn edhe veprimtarin e saj.","publisher":{"@id":"https:\/\/orthodoxalbania.org\/2020\/#organization"},"potentialAction":[{"@type":"SearchAction","target":{"@type":"EntryPoint","urlTemplate":"https:\/\/orthodoxalbania.org\/2020\/?s={search_term_string}"},"query-input":{"@type":"PropertyValueSpecification","valueRequired":true,"valueName":"search_term_string"}}],"inLanguage":"en-US"},{"@type":"Organization","@id":"https:\/\/orthodoxalbania.org\/2020\/#organization","name":"Kisha Orthodhokse Autoqefale e Shqip\u00ebris\u00eb","url":"https:\/\/orthodoxalbania.org\/2020\/","logo":{"@type":"ImageObject","inLanguage":"en-US","@id":"https:\/\/orthodoxalbania.org\/2020\/#\/schema\/logo\/image\/","url":"https:\/\/orthodoxalbania.org\/2020\/wp-content\/uploads\/2020\/05\/albania.jpeg","contentUrl":"https:\/\/orthodoxalbania.org\/2020\/wp-content\/uploads\/2020\/05\/albania.jpeg","width":540,"height":540,"caption":"Kisha Orthodhokse Autoqefale e Shqip\u00ebris\u00eb"},"image":{"@id":"https:\/\/orthodoxalbania.org\/2020\/#\/schema\/logo\/image\/"},"sameAs":["https:\/\/www.facebook.com\/koash1991"]},{"@type":"Person","@id":"https:\/\/orthodoxalbania.org\/2020\/#\/schema\/person\/0c387634a7063ac612d7ed9ce71c7e86","name":"Kisha Orthodhokse","image":{"@type":"ImageObject","inLanguage":"en-US","@id":"https:\/\/secure.gravatar.com\/avatar\/596e7c417251e30f2fbb9c00e026fce61a695a00e51c889caded71c96cbbdde5?s=96&d=mm&r=g","url":"https:\/\/secure.gravatar.com\/avatar\/596e7c417251e30f2fbb9c00e026fce61a695a00e51c889caded71c96cbbdde5?s=96&d=mm&r=g","contentUrl":"https:\/\/secure.gravatar.com\/avatar\/596e7c417251e30f2fbb9c00e026fce61a695a00e51c889caded71c96cbbdde5?s=96&d=mm&r=g","caption":"Kisha Orthodhokse"}}]}},"_links":{"self":[{"href":"https:\/\/orthodoxalbania.org\/2020\/wp-json\/wp\/v2\/posts\/4289","targetHints":{"allow":["GET"]}}],"collection":[{"href":"https:\/\/orthodoxalbania.org\/2020\/wp-json\/wp\/v2\/posts"}],"about":[{"href":"https:\/\/orthodoxalbania.org\/2020\/wp-json\/wp\/v2\/types\/post"}],"author":[{"embeddable":true,"href":"https:\/\/orthodoxalbania.org\/2020\/wp-json\/wp\/v2\/users\/1"}],"replies":[{"embeddable":true,"href":"https:\/\/orthodoxalbania.org\/2020\/wp-json\/wp\/v2\/comments?post=4289"}],"version-history":[{"count":1,"href":"https:\/\/orthodoxalbania.org\/2020\/wp-json\/wp\/v2\/posts\/4289\/revisions"}],"predecessor-version":[{"id":14940,"href":"https:\/\/orthodoxalbania.org\/2020\/wp-json\/wp\/v2\/posts\/4289\/revisions\/14940"}],"wp:featuredmedia":[{"embeddable":true,"href":"https:\/\/orthodoxalbania.org\/2020\/wp-json\/wp\/v2\/media\/4290"}],"wp:attachment":[{"href":"https:\/\/orthodoxalbania.org\/2020\/wp-json\/wp\/v2\/media?parent=4289"}],"wp:term":[{"taxonomy":"category","embeddable":true,"href":"https:\/\/orthodoxalbania.org\/2020\/wp-json\/wp\/v2\/categories?post=4289"},{"taxonomy":"post_tag","embeddable":true,"href":"https:\/\/orthodoxalbania.org\/2020\/wp-json\/wp\/v2\/tags?post=4289"}],"curies":[{"name":"wp","href":"https:\/\/api.w.org\/{rel}","templated":true}]}}