{"id":4273,"date":"2015-11-27T13:38:34","date_gmt":"2015-11-27T13:38:34","guid":{"rendered":""},"modified":"2020-04-06T22:02:04","modified_gmt":"2020-04-06T20:02:04","slug":"10-vjetori-i-qendres-se-bashkepunimit-nderfetar-ne-elbasan","status":"publish","type":"post","link":"https:\/\/orthodoxalbania.org\/2020\/2015\/11\/27\/10-vjetori-i-qendres-se-bashkepunimit-nderfetar-ne-elbasan\/","title":{"rendered":"10-vjetori i Qendr\u00ebs s\u00eb Bashk\u00ebpunimit Nd\u00ebrfetar n\u00eb Elbasan"},"content":{"rendered":"<p style=\"text-align: justify;\"><span style=\"font-size: 12pt; font-family: helvetica; color: #000000;\">&nbsp; <\/span><span style=\"font-size: 12pt; font-family: helvetica;\"><\/span><span style=\"font-size: 12pt; font-family: helvetica; color: #000000;\"> M\u00eb dat\u00ebn 26 n\u00ebntor 2015, n\u00eb mjediset e Hotel \u201cSkampa\u201d t\u00eb Elbasanit, u p\u00ebrkujtua 10-vjetori i krijimit t\u00eb Qendr\u00ebs s\u00eb Bashk\u00ebpunimit Nd\u00ebrfetar n\u00eb k\u00ebt\u00eb qytet. Ky eveniment mblodhi p\u00ebrfaq\u00ebsuesit m\u00eb t\u00eb lart\u00eb t\u00eb pushtetit lokal, Kryetarin e Bashkis\u00eb Z. Qazim Sejdini, Prefektin e Qarkut, Z. Arben Kamami, Kryetarin e K\u00ebshillit t\u00eb Qarkut, Z. Bukurosh Stafa, si edhe t\u00eb ftuar t\u00eb tjer\u00eb, Nuncin Apostolik, Mons.Romiro Ingles, Kryetarin e Komitetit t\u00eb Kulteve, Z. Ilir Dizdari, klerik\u00eb nga t\u00eb gjitha komunitetet fetare t\u00eb Elbasanit dhe shum\u00eb besimtar\u00eb. Kisha Orthodhokse Autoqefale e Shqip\u00ebris\u00eb u p\u00ebrfaq\u00ebsua nga Episkopi i Kruj\u00ebs, Hir\u00ebsia e Tij Andoni.<\/span><\/p>\n<p style=\"text-align: justify;\"><span style=\"font-size: 12pt; font-family: helvetica; color: #000000;\">&nbsp; &nbsp; Profesori i Universitetit t\u00eb Elbasanit, Z. Roland Gjini, historian, b\u00ebri nj\u00eb p\u00ebrmbledhje t\u00eb detajuar t\u00eb bashk\u00ebjetes\u00ebs fetare n\u00eb trev\u00ebn e Elbasanit nd\u00ebr shekuj, duke sjell\u00eb shembuj interesant\u00eb edhe nga studiues t\u00eb huaj, si Georg Hahn, Margaret Hazll\u00ebk etj. Ai e vuri theksin n\u00eb tradit\u00ebn e t\u00eb qenit bashk\u00eb t\u00eb shqiptar\u00ebve n\u00eb shekuj pa dallim feje. Koordinatori i Komitetit Nd\u00ebrfetar, Z. Sokol Lulgjuraj, foli p\u00ebr pun\u00ebn e b\u00ebr\u00eb gjat\u00eb k\u00ebtyre 10 viteve, si dhe u ndal n\u00eb sfidat e detyrat q\u00eb i dalin k\u00ebtij komiteti n\u00eb t\u00eb ardhmen. P\u00ebrfaq\u00ebsuesi i komunitetit Katolik, Don Emilio Valente, foli p\u00ebr r\u00ebnd\u00ebsin\u00eb e \u201cNderimin e Maris\u00eb n\u00eb Kuran\u201d, si ur\u00eb e fort\u00eb lidh\u00ebse nd\u00ebrmjet Islamit dhe Krishterimit. Nga komuniteti mysliman referoi teologu Ergys Muzhaqi i cili foli p\u00ebr m\u00ebsimet dhe urat lidh\u00ebse t\u00eb p\u00ebrbashk\u00ebta drejt bashk\u00ebpunimit nd\u00ebrfetar.<\/span><\/p>\n<p style=\"text-align: justify;\"><span style=\"font-size: 12pt; font-family: helvetica; color: #000000;\">&nbsp; &nbsp; N\u00eb takim foli edhe Hir\u00ebsi Andoni, i cili shtjelloi tem\u00ebn \u201cVlerat e p\u00ebrbashk\u00ebta q\u00eb na nxisin n\u00eb bashk\u00ebpunim\u201d. Ai, pasi b\u00ebri nj\u00eb retrospektiv\u00eb t\u00eb shkurt\u00ebr historike mbi faktor\u00ebt q\u00eb ndikuan n\u00eb formimin e pluralizmit fetar n\u00eb vend, u ndal n\u00eb frym\u00ebn pozitive q\u00eb ka ekzistuar nd\u00ebrmjet komuniteteve fetare, si dhe t\u00eb vazhdim\u00ebsis\u00eb s\u00eb saj edhe sot n\u00eb bashk\u00ebpunimin nd\u00ebrfetar, si domosdoshm\u00ebri e proceseve dhe nevojave t\u00eb koh\u00ebs. Gjithashtu, Episkopi i Kruj\u00ebs ngriti shqet\u00ebsimet q\u00eb ende kan\u00eb Komunitetet Fetare n\u00eb lidhje me kthimin dhe kompensimin e pronave, si dhe t\u00eb rasteve kur organet shtet\u00ebrore nuk kan\u00eb vepruar me kujdesin dhe p\u00ebrgjegjshm\u00ebrin\u00eb q\u00eb k\u00ebrkohet n\u00eb lidhje me disa objekte kulti orthodhokse.<\/span><\/p>\n<p style=\"text-align: justify;\"><span style=\"font-size: 12pt; font-family: helvetica; color: #000000;\">&nbsp; &nbsp; P\u00ebrfaq\u00ebsuesi i Komuniteti Bektashian Baba Ardit Selmani, i m\u00ebshoi fort vler\u00ebs s\u00eb bashk\u00ebpunimit nd\u00ebrfetar. Ai theksoi fuqish\u00ebm se fet\u00eb tona kan\u00eb gjith\u00e7ka q\u00eb na bashkon e asgj\u00eb q\u00eb na ndan. Konferenca u mbyll me p\u00ebrsh\u00ebndetjen e Kryetarit t\u00eb K\u00ebshillit t\u00eb Myftinis\u00eb Elbasan, z. Arben Ramkaj, i cili fal\u00ebnderoi t\u00eb gjith\u00eb p\u00ebrfaq\u00ebsuesit dhe duke p\u00ebrfituar nga rasti uroi edhe p\u00ebr festat e Pavar\u00ebsis\u00eb dhe t\u00eb \u00c7lirimit t\u00eb vendit.<\/span><\/p>\n<p style=\"text-align: justify;\">&nbsp;<\/p>\n<p style=\"text-align: right;\"><span style=\"color: #000000;\"><strong><span style=\"font-size: 12pt; font-family: helvetica;\">P\u00ebrgatiti: At\u00eb Stavri \u00c7ipi<\/span><\/strong><\/span><\/p>\n<p style=\"text-align: right;\">&nbsp;<\/p>\n<p style=\"text-align: center;\"><img class=\"lazyload\" decoding=\"async\" style=\"display: block; margin: 10px auto; border: 1px solid #000000;\" alt=\"\" src=\"data:image\/svg+xml,%3Csvg%20xmlns%3D%27http%3A%2F%2Fwww.w3.org%2F2000%2Fsvg%27%20width%3D%27450%27%20height%3D%27337%27%20viewBox%3D%270%200%20450%20337%27%3E%3Crect%20width%3D%27450%27%20height%3D%27337%27%20fill-opacity%3D%220%22%2F%3E%3C%2Fsvg%3E\" data-orig-src=\"https:\/\/lh5.googleusercontent.com\/-Pi46VnSApso\/Vlhaf9reJoI\/AAAAAAAAQQY\/crHxeKo3IYk\/w958-h719-no\/12311061_10208404707181142_4970979323482801035_n.jpg\" height=\"337\" width=\"450\" \/><\/p>\n<p style=\"text-align: center;\"><img class=\"lazyload\" decoding=\"async\" style=\"display: block; margin: 10px auto; border: 1px solid #000000;\" alt=\"\" src=\"data:image\/svg+xml,%3Csvg%20xmlns%3D%27http%3A%2F%2Fwww.w3.org%2F2000%2Fsvg%27%20width%3D%27450%27%20height%3D%27600%27%20viewBox%3D%270%200%20450%20600%27%3E%3Crect%20width%3D%27450%27%20height%3D%27600%27%20fill-opacity%3D%220%22%2F%3E%3C%2Fsvg%3E\" data-orig-src=\"https:\/\/lh5.googleusercontent.com\/-nIVLszgqKkc\/VlhagXtPsiI\/AAAAAAAAQQI\/p9GtSczBivg\/w625-h833-no\/12313843_10208404696820883_7203244322292714329_n.jpg\" height=\"600\" width=\"450\" \/><\/p>\n<p style=\"text-align: center;\"><img class=\"lazyload\" decoding=\"async\" style=\"display: block; margin: 10px auto; border: 1px solid #000000;\" alt=\"\" src=\"data:image\/svg+xml,%3Csvg%20xmlns%3D%27http%3A%2F%2Fwww.w3.org%2F2000%2Fsvg%27%20width%3D%27450%27%20height%3D%27337%27%20viewBox%3D%270%200%20450%20337%27%3E%3Crect%20width%3D%27450%27%20height%3D%27337%27%20fill-opacity%3D%220%22%2F%3E%3C%2Fsvg%3E\" data-orig-src=\"https:\/\/lh5.googleusercontent.com\/-mi62eoKibuw\/VlhaeSuBjWI\/AAAAAAAAQPY\/i02C75NmmuU\/w958-h719-no\/12250098_10208404703141041_3373010400455467577_n.jpg\" height=\"337\" width=\"450\" \/><\/p>\n<p style=\"text-align: center;\"><img class=\"lazyload\" decoding=\"async\" style=\"display: block; margin: 10px auto; border: 1px solid #000000;\" alt=\"\" src=\"data:image\/svg+xml,%3Csvg%20xmlns%3D%27http%3A%2F%2Fwww.w3.org%2F2000%2Fsvg%27%20width%3D%27450%27%20height%3D%27600%27%20viewBox%3D%270%200%20450%20600%27%3E%3Crect%20width%3D%27450%27%20height%3D%27600%27%20fill-opacity%3D%220%22%2F%3E%3C%2Fsvg%3E\" data-orig-src=\"https:\/\/lh5.googleusercontent.com\/-BxURdGJicT4\/VlhafFcH7HI\/AAAAAAAAQQc\/gKpA6Ft0hIs\/w625-h833-no\/12308679_10208404712861284_2257896515984734525_n.jpg\" height=\"600\" width=\"450\" \/><\/p>\n<p style=\"text-align: center;\"><img class=\"lazyload\" decoding=\"async\" style=\"display: block; margin: 10px auto; border: 1px solid #000000;\" alt=\"\" src=\"data:image\/svg+xml,%3Csvg%20xmlns%3D%27http%3A%2F%2Fwww.w3.org%2F2000%2Fsvg%27%20width%3D%27450%27%20height%3D%27337%27%20viewBox%3D%270%200%20450%20337%27%3E%3Crect%20width%3D%27450%27%20height%3D%27337%27%20fill-opacity%3D%220%22%2F%3E%3C%2Fsvg%3E\" data-orig-src=\"https:\/\/lh5.googleusercontent.com\/-lffytoBeiho\/Vlhae_qSdfI\/AAAAAAAAQPw\/UJ0zkqqr-9E\/w958-h719-no\/12299281_10208404712181267_2230900550217485599_n.jpg\" height=\"337\" width=\"450\" \/><\/p>\n<p style=\"text-align: center;\"><img class=\"lazyload\" decoding=\"async\" style=\"display: block; margin: 10px auto; border: 1px solid #000000;\" alt=\"\" src=\"data:image\/svg+xml,%3Csvg%20xmlns%3D%27http%3A%2F%2Fwww.w3.org%2F2000%2Fsvg%27%20width%3D%27450%27%20height%3D%27600%27%20viewBox%3D%270%200%20450%20600%27%3E%3Crect%20width%3D%27450%27%20height%3D%27600%27%20fill-opacity%3D%220%22%2F%3E%3C%2Fsvg%3E\" data-orig-src=\"https:\/\/lh5.googleusercontent.com\/-gQgvBe8Fd0o\/VlhafpA2N2I\/AAAAAAAAQP4\/k7cAhy70gBE\/w625-h833-no\/12308693_10208404715861359_2664641825028372613_n.jpg\" height=\"600\" width=\"450\" \/><\/p>\n<p style=\"text-align: center;\"><img class=\"lazyload\" decoding=\"async\" style=\"display: block; margin: 10px auto; border: 1px solid #000000;\" alt=\"\" src=\"data:image\/svg+xml,%3Csvg%20xmlns%3D%27http%3A%2F%2Fwww.w3.org%2F2000%2Fsvg%27%20width%3D%27450%27%20height%3D%27600%27%20viewBox%3D%270%200%20450%20600%27%3E%3Crect%20width%3D%27450%27%20height%3D%27600%27%20fill-opacity%3D%220%22%2F%3E%3C%2Fsvg%3E\" data-orig-src=\"https:\/\/lh5.googleusercontent.com\/-slFyfflAavw\/VlhaeWmxRWI\/AAAAAAAAQQQ\/ByB2RXjNmwQ\/w625-h833-no\/12279029_10208404724901585_9000840788766084025_n.jpg\" height=\"600\" width=\"450\" \/><\/p>\n<p style=\"text-align: center;\"><img class=\"lazyload\" decoding=\"async\" style=\"display: block; margin: 10px auto; border: 1px solid #000000;\" alt=\"\" src=\"data:image\/svg+xml,%3Csvg%20xmlns%3D%27http%3A%2F%2Fwww.w3.org%2F2000%2Fsvg%27%20width%3D%27450%27%20height%3D%27600%27%20viewBox%3D%270%200%20450%20600%27%3E%3Crect%20width%3D%27450%27%20height%3D%27600%27%20fill-opacity%3D%220%22%2F%3E%3C%2Fsvg%3E\" data-orig-src=\"https:\/\/lh5.googleusercontent.com\/-13emhs-DXMw\/VlhaftFm6RI\/AAAAAAAAQP8\/0M7bGLeI8AY\/w625-h833-no\/12310589_10208404719461449_2460931045150755036_n.jpg\" height=\"600\" width=\"450\" \/><\/p>\n<p style=\"text-align: center;\"><img class=\"lazyload\" decoding=\"async\" style=\"display: block; margin: 10px auto; border: 1px solid #000000;\" alt=\"\" src=\"data:image\/svg+xml,%3Csvg%20xmlns%3D%27http%3A%2F%2Fwww.w3.org%2F2000%2Fsvg%27%20width%3D%27450%27%20height%3D%27337%27%20viewBox%3D%270%200%20450%20337%27%3E%3Crect%20width%3D%27450%27%20height%3D%27337%27%20fill-opacity%3D%220%22%2F%3E%3C%2Fsvg%3E\" data-orig-src=\"https:\/\/lh5.googleusercontent.com\/-yLkD9Cy1ksc\/VlhagGvZDUI\/AAAAAAAAQQM\/JCZI5YmlZy4\/w958-h719-no\/12311093_10208404716301370_2826255535915190053_n.jpg\" height=\"337\" width=\"450\" \/><\/p>\n<p style=\"text-align: center;\"><img class=\"lazyload\" decoding=\"async\" style=\"display: block; margin: 10px auto; border: 1px solid #000000;\" alt=\"\" src=\"data:image\/svg+xml,%3Csvg%20xmlns%3D%27http%3A%2F%2Fwww.w3.org%2F2000%2Fsvg%27%20width%3D%27450%27%20height%3D%27600%27%20viewBox%3D%270%200%20450%20600%27%3E%3Crect%20width%3D%27450%27%20height%3D%27600%27%20fill-opacity%3D%220%22%2F%3E%3C%2Fsvg%3E\" data-orig-src=\"https:\/\/lh5.googleusercontent.com\/-eMDdV3tI9dw\/Vlhaetk2XZI\/AAAAAAAAQQ8\/JJ1do55gu5Q\/w625-h833-no\/12279194_10208404739341946_2786498552539795212_n.jpg\" height=\"600\" width=\"450\" \/><\/p>\n","protected":false},"excerpt":{"rendered":"<p>&nbsp; M\u00eb dat\u00ebn 26 n\u00ebntor 2015, n\u00eb mjediset e Hotel \u201cSkampa\u201d t\u00eb Elbasanit, u p\u00ebrkujtua 10-vjetori i krijimit t\u00eb Qendr\u00ebs s\u00eb Bashk\u00ebpunimit Nd\u00ebrfetar n\u00eb k\u00ebt\u00eb qytet. Ky eveniment mblodhi p\u00ebrfaq\u00ebsuesit m\u00eb t\u00eb lart\u00eb t\u00eb pushtetit lokal, Kryetarin e Bashkis\u00eb Z. Qazim Sejdini, Prefektin e Qarkut, Z. Arben Kamami, Kryetarin e K\u00ebshillit t\u00eb Qarkut, Z. Bukurosh Stafa, si edhe t\u00eb ftuar t\u00eb tjer\u00eb, Nuncin Apostolik, Mons.Romiro<\/p>\n","protected":false},"author":1,"featured_media":4274,"comment_status":"open","ping_status":"open","sticky":false,"template":"","format":"standard","meta":{"_acf_changed":false,"pagelayer_contact_templates":[],"_pagelayer_content":"","inline_featured_image":false,"fifu_image_url":"","fifu_image_alt":"","footnotes":""},"categories":[108],"tags":[139,154,196,212],"class_list":["post-4273","post","type-post","status-publish","format-standard","has-post-thumbnail","hentry","category-lajme","tag-139","tag-aktivitete","tag-tirane","tag-lajme-d27"],"acf":[],"yoast_head":"<!-- This site is optimized with the Yoast SEO plugin v27.2 - https:\/\/yoast.com\/product\/yoast-seo-wordpress\/ -->\n<title>10-vjetori i Qendr\u00ebs s\u00eb Bashk\u00ebpunimit Nd\u00ebrfetar n\u00eb Elbasan - Kisha Orthodh\u03bfkse Autoqefale e Shqip\u00ebris\u00eb<\/title>\n<meta name=\"robots\" content=\"index, follow, max-snippet:-1, max-image-preview:large, max-video-preview:-1\" \/>\n<link rel=\"canonical\" href=\"https:\/\/orthodoxalbania.org\/2020\/2015\/11\/27\/10-vjetori-i-qendres-se-bashkepunimit-nderfetar-ne-elbasan\/\" \/>\n<meta property=\"og:locale\" content=\"en_US\" \/>\n<meta property=\"og:type\" content=\"article\" \/>\n<meta property=\"og:title\" content=\"10-vjetori i Qendr\u00ebs s\u00eb Bashk\u00ebpunimit Nd\u00ebrfetar n\u00eb Elbasan - Kisha Orthodh\u03bfkse Autoqefale e Shqip\u00ebris\u00eb\" \/>\n<meta property=\"og:description\" content=\"&nbsp; M\u00eb dat\u00ebn 26 n\u00ebntor 2015, n\u00eb mjediset e Hotel \u201cSkampa\u201d t\u00eb Elbasanit, u p\u00ebrkujtua 10-vjetori i krijimit t\u00eb Qendr\u00ebs s\u00eb Bashk\u00ebpunimit Nd\u00ebrfetar n\u00eb k\u00ebt\u00eb qytet. Ky eveniment mblodhi p\u00ebrfaq\u00ebsuesit m\u00eb t\u00eb lart\u00eb t\u00eb pushtetit lokal, Kryetarin e Bashkis\u00eb Z. Qazim Sejdini, Prefektin e Qarkut, Z. Arben Kamami, Kryetarin e K\u00ebshillit t\u00eb Qarkut, Z. Bukurosh Stafa, si edhe t\u00eb ftuar t\u00eb tjer\u00eb, Nuncin Apostolik, Mons.Romiro\" \/>\n<meta property=\"og:url\" content=\"https:\/\/orthodoxalbania.org\/2020\/2015\/11\/27\/10-vjetori-i-qendres-se-bashkepunimit-nderfetar-ne-elbasan\/\" \/>\n<meta property=\"og:site_name\" content=\"Kisha Orthodh\u03bfkse Autoqefale e Shqip\u00ebris\u00eb\" \/>\n<meta property=\"article:publisher\" content=\"https:\/\/www.facebook.com\/koash1991\" \/>\n<meta property=\"article:published_time\" content=\"2015-11-27T13:38:34+00:00\" \/>\n<meta property=\"article:modified_time\" content=\"2020-04-06T20:02:04+00:00\" \/>\n<meta property=\"og:image\" content=\"https:\/\/orthodoxalbania.org\/2020\/wp-content\/uploads\/2020\/04\/per%2Bweb-0.jpg\" \/>\n\t<meta property=\"og:image:width\" content=\"150\" \/>\n\t<meta property=\"og:image:height\" content=\"150\" \/>\n\t<meta property=\"og:image:type\" content=\"image\/jpeg\" \/>\n<meta name=\"author\" content=\"Kisha Orthodhokse\" \/>\n<meta name=\"twitter:card\" content=\"summary_large_image\" \/>\n<meta name=\"twitter:label1\" content=\"Written by\" \/>\n\t<meta name=\"twitter:data1\" content=\"Kisha Orthodhokse\" \/>\n\t<meta name=\"twitter:label2\" content=\"Est. reading time\" \/>\n\t<meta name=\"twitter:data2\" content=\"3 minutes\" \/>\n<script type=\"application\/ld+json\" class=\"yoast-schema-graph\">{\"@context\":\"https:\/\/schema.org\",\"@graph\":[{\"@type\":\"Article\",\"@id\":\"https:\/\/orthodoxalbania.org\/2020\/2015\/11\/27\/10-vjetori-i-qendres-se-bashkepunimit-nderfetar-ne-elbasan\/#article\",\"isPartOf\":{\"@id\":\"https:\/\/orthodoxalbania.org\/2020\/2015\/11\/27\/10-vjetori-i-qendres-se-bashkepunimit-nderfetar-ne-elbasan\/\"},\"author\":{\"name\":\"Kisha Orthodhokse\",\"@id\":\"https:\/\/orthodoxalbania.org\/2020\/#\/schema\/person\/0c387634a7063ac612d7ed9ce71c7e86\"},\"headline\":\"10-vjetori i Qendr\u00ebs s\u00eb Bashk\u00ebpunimit Nd\u00ebrfetar n\u00eb Elbasan\",\"datePublished\":\"2015-11-27T13:38:34+00:00\",\"dateModified\":\"2020-04-06T20:02:04+00:00\",\"mainEntityOfPage\":{\"@id\":\"https:\/\/orthodoxalbania.org\/2020\/2015\/11\/27\/10-vjetori-i-qendres-se-bashkepunimit-nderfetar-ne-elbasan\/\"},\"wordCount\":512,\"commentCount\":0,\"publisher\":{\"@id\":\"https:\/\/orthodoxalbania.org\/2020\/#organization\"},\"image\":{\"@id\":\"https:\/\/orthodoxalbania.org\/2020\/2015\/11\/27\/10-vjetori-i-qendres-se-bashkepunimit-nderfetar-ne-elbasan\/#primaryimage\"},\"thumbnailUrl\":\"https:\/\/orthodoxalbania.org\/2020\/wp-content\/uploads\/2020\/04\/per%2Bweb-0.jpg\",\"keywords\":[\"2015\",\"Aktivitete\",\"Kryepiskopata Tiran\u00eb\",\"lajme\"],\"articleSection\":[\"Lajme\"],\"inLanguage\":\"en-US\"},{\"@type\":\"WebPage\",\"@id\":\"https:\/\/orthodoxalbania.org\/2020\/2015\/11\/27\/10-vjetori-i-qendres-se-bashkepunimit-nderfetar-ne-elbasan\/\",\"url\":\"https:\/\/orthodoxalbania.org\/2020\/2015\/11\/27\/10-vjetori-i-qendres-se-bashkepunimit-nderfetar-ne-elbasan\/\",\"name\":\"10-vjetori i Qendr\u00ebs s\u00eb Bashk\u00ebpunimit Nd\u00ebrfetar n\u00eb Elbasan - Kisha Orthodh\u03bfkse Autoqefale e Shqip\u00ebris\u00eb\",\"isPartOf\":{\"@id\":\"https:\/\/orthodoxalbania.org\/2020\/#website\"},\"primaryImageOfPage\":{\"@id\":\"https:\/\/orthodoxalbania.org\/2020\/2015\/11\/27\/10-vjetori-i-qendres-se-bashkepunimit-nderfetar-ne-elbasan\/#primaryimage\"},\"image\":{\"@id\":\"https:\/\/orthodoxalbania.org\/2020\/2015\/11\/27\/10-vjetori-i-qendres-se-bashkepunimit-nderfetar-ne-elbasan\/#primaryimage\"},\"thumbnailUrl\":\"https:\/\/orthodoxalbania.org\/2020\/wp-content\/uploads\/2020\/04\/per%2Bweb-0.jpg\",\"datePublished\":\"2015-11-27T13:38:34+00:00\",\"dateModified\":\"2020-04-06T20:02:04+00:00\",\"breadcrumb\":{\"@id\":\"https:\/\/orthodoxalbania.org\/2020\/2015\/11\/27\/10-vjetori-i-qendres-se-bashkepunimit-nderfetar-ne-elbasan\/#breadcrumb\"},\"inLanguage\":\"en-US\",\"potentialAction\":[{\"@type\":\"ReadAction\",\"target\":[\"https:\/\/orthodoxalbania.org\/2020\/2015\/11\/27\/10-vjetori-i-qendres-se-bashkepunimit-nderfetar-ne-elbasan\/\"]}]},{\"@type\":\"ImageObject\",\"inLanguage\":\"en-US\",\"@id\":\"https:\/\/orthodoxalbania.org\/2020\/2015\/11\/27\/10-vjetori-i-qendres-se-bashkepunimit-nderfetar-ne-elbasan\/#primaryimage\",\"url\":\"https:\/\/orthodoxalbania.org\/2020\/wp-content\/uploads\/2020\/04\/per%2Bweb-0.jpg\",\"contentUrl\":\"https:\/\/orthodoxalbania.org\/2020\/wp-content\/uploads\/2020\/04\/per%2Bweb-0.jpg\",\"width\":150,\"height\":150},{\"@type\":\"BreadcrumbList\",\"@id\":\"https:\/\/orthodoxalbania.org\/2020\/2015\/11\/27\/10-vjetori-i-qendres-se-bashkepunimit-nderfetar-ne-elbasan\/#breadcrumb\",\"itemListElement\":[{\"@type\":\"ListItem\",\"position\":1,\"name\":\"Home\",\"item\":\"https:\/\/orthodoxalbania.org\/2020\/\"},{\"@type\":\"ListItem\",\"position\":2,\"name\":\"10-vjetori i Qendr\u00ebs s\u00eb Bashk\u00ebpunimit Nd\u00ebrfetar n\u00eb Elbasan\"}]},{\"@type\":\"WebSite\",\"@id\":\"https:\/\/orthodoxalbania.org\/2020\/#website\",\"url\":\"https:\/\/orthodoxalbania.org\/2020\/\",\"name\":\"Kisha Orthodh\u03bfkse Autoqefale e Shqip\u00ebris\u00eb\",\"description\":\"Fqja Zyrtare e Kish\u00ebs Orthodhokse Autoqefale e Shqip\u00ebris\u00eb me lajmet edhe informacionet zyrtare p\u00ebr struktur\u00ebn edhe veprimtarin e saj.\",\"publisher\":{\"@id\":\"https:\/\/orthodoxalbania.org\/2020\/#organization\"},\"potentialAction\":[{\"@type\":\"SearchAction\",\"target\":{\"@type\":\"EntryPoint\",\"urlTemplate\":\"https:\/\/orthodoxalbania.org\/2020\/?s={search_term_string}\"},\"query-input\":{\"@type\":\"PropertyValueSpecification\",\"valueRequired\":true,\"valueName\":\"search_term_string\"}}],\"inLanguage\":\"en-US\"},{\"@type\":\"Organization\",\"@id\":\"https:\/\/orthodoxalbania.org\/2020\/#organization\",\"name\":\"Kisha Orthodhokse Autoqefale e Shqip\u00ebris\u00eb\",\"url\":\"https:\/\/orthodoxalbania.org\/2020\/\",\"logo\":{\"@type\":\"ImageObject\",\"inLanguage\":\"en-US\",\"@id\":\"https:\/\/orthodoxalbania.org\/2020\/#\/schema\/logo\/image\/\",\"url\":\"https:\/\/orthodoxalbania.org\/2020\/wp-content\/uploads\/2020\/05\/albania.jpeg\",\"contentUrl\":\"https:\/\/orthodoxalbania.org\/2020\/wp-content\/uploads\/2020\/05\/albania.jpeg\",\"width\":540,\"height\":540,\"caption\":\"Kisha Orthodhokse Autoqefale e Shqip\u00ebris\u00eb\"},\"image\":{\"@id\":\"https:\/\/orthodoxalbania.org\/2020\/#\/schema\/logo\/image\/\"},\"sameAs\":[\"https:\/\/www.facebook.com\/koash1991\"]},{\"@type\":\"Person\",\"@id\":\"https:\/\/orthodoxalbania.org\/2020\/#\/schema\/person\/0c387634a7063ac612d7ed9ce71c7e86\",\"name\":\"Kisha Orthodhokse\",\"image\":{\"@type\":\"ImageObject\",\"inLanguage\":\"en-US\",\"@id\":\"https:\/\/secure.gravatar.com\/avatar\/596e7c417251e30f2fbb9c00e026fce61a695a00e51c889caded71c96cbbdde5?s=96&d=mm&r=g\",\"url\":\"https:\/\/secure.gravatar.com\/avatar\/596e7c417251e30f2fbb9c00e026fce61a695a00e51c889caded71c96cbbdde5?s=96&d=mm&r=g\",\"contentUrl\":\"https:\/\/secure.gravatar.com\/avatar\/596e7c417251e30f2fbb9c00e026fce61a695a00e51c889caded71c96cbbdde5?s=96&d=mm&r=g\",\"caption\":\"Kisha Orthodhokse\"}}]}<\/script>\n<!-- \/ Yoast SEO plugin. -->","yoast_head_json":{"title":"10-vjetori i Qendr\u00ebs s\u00eb Bashk\u00ebpunimit Nd\u00ebrfetar n\u00eb Elbasan - Kisha Orthodh\u03bfkse Autoqefale e Shqip\u00ebris\u00eb","robots":{"index":"index","follow":"follow","max-snippet":"max-snippet:-1","max-image-preview":"max-image-preview:large","max-video-preview":"max-video-preview:-1"},"canonical":"https:\/\/orthodoxalbania.org\/2020\/2015\/11\/27\/10-vjetori-i-qendres-se-bashkepunimit-nderfetar-ne-elbasan\/","og_locale":"en_US","og_type":"article","og_title":"10-vjetori i Qendr\u00ebs s\u00eb Bashk\u00ebpunimit Nd\u00ebrfetar n\u00eb Elbasan - Kisha Orthodh\u03bfkse Autoqefale e Shqip\u00ebris\u00eb","og_description":"&nbsp; M\u00eb dat\u00ebn 26 n\u00ebntor 2015, n\u00eb mjediset e Hotel \u201cSkampa\u201d t\u00eb Elbasanit, u p\u00ebrkujtua 10-vjetori i krijimit t\u00eb Qendr\u00ebs s\u00eb Bashk\u00ebpunimit Nd\u00ebrfetar n\u00eb k\u00ebt\u00eb qytet. Ky eveniment mblodhi p\u00ebrfaq\u00ebsuesit m\u00eb t\u00eb lart\u00eb t\u00eb pushtetit lokal, Kryetarin e Bashkis\u00eb Z. Qazim Sejdini, Prefektin e Qarkut, Z. Arben Kamami, Kryetarin e K\u00ebshillit t\u00eb Qarkut, Z. Bukurosh Stafa, si edhe t\u00eb ftuar t\u00eb tjer\u00eb, Nuncin Apostolik, Mons.Romiro","og_url":"https:\/\/orthodoxalbania.org\/2020\/2015\/11\/27\/10-vjetori-i-qendres-se-bashkepunimit-nderfetar-ne-elbasan\/","og_site_name":"Kisha Orthodh\u03bfkse Autoqefale e Shqip\u00ebris\u00eb","article_publisher":"https:\/\/www.facebook.com\/koash1991","article_published_time":"2015-11-27T13:38:34+00:00","article_modified_time":"2020-04-06T20:02:04+00:00","og_image":[{"width":150,"height":150,"url":"https:\/\/orthodoxalbania.org\/2020\/wp-content\/uploads\/2020\/04\/per%2Bweb-0.jpg","type":"image\/jpeg"}],"author":"Kisha Orthodhokse","twitter_card":"summary_large_image","twitter_misc":{"Written by":"Kisha Orthodhokse","Est. reading time":"3 minutes"},"schema":{"@context":"https:\/\/schema.org","@graph":[{"@type":"Article","@id":"https:\/\/orthodoxalbania.org\/2020\/2015\/11\/27\/10-vjetori-i-qendres-se-bashkepunimit-nderfetar-ne-elbasan\/#article","isPartOf":{"@id":"https:\/\/orthodoxalbania.org\/2020\/2015\/11\/27\/10-vjetori-i-qendres-se-bashkepunimit-nderfetar-ne-elbasan\/"},"author":{"name":"Kisha Orthodhokse","@id":"https:\/\/orthodoxalbania.org\/2020\/#\/schema\/person\/0c387634a7063ac612d7ed9ce71c7e86"},"headline":"10-vjetori i Qendr\u00ebs s\u00eb Bashk\u00ebpunimit Nd\u00ebrfetar n\u00eb Elbasan","datePublished":"2015-11-27T13:38:34+00:00","dateModified":"2020-04-06T20:02:04+00:00","mainEntityOfPage":{"@id":"https:\/\/orthodoxalbania.org\/2020\/2015\/11\/27\/10-vjetori-i-qendres-se-bashkepunimit-nderfetar-ne-elbasan\/"},"wordCount":512,"commentCount":0,"publisher":{"@id":"https:\/\/orthodoxalbania.org\/2020\/#organization"},"image":{"@id":"https:\/\/orthodoxalbania.org\/2020\/2015\/11\/27\/10-vjetori-i-qendres-se-bashkepunimit-nderfetar-ne-elbasan\/#primaryimage"},"thumbnailUrl":"https:\/\/orthodoxalbania.org\/2020\/wp-content\/uploads\/2020\/04\/per%2Bweb-0.jpg","keywords":["2015","Aktivitete","Kryepiskopata Tiran\u00eb","lajme"],"articleSection":["Lajme"],"inLanguage":"en-US"},{"@type":"WebPage","@id":"https:\/\/orthodoxalbania.org\/2020\/2015\/11\/27\/10-vjetori-i-qendres-se-bashkepunimit-nderfetar-ne-elbasan\/","url":"https:\/\/orthodoxalbania.org\/2020\/2015\/11\/27\/10-vjetori-i-qendres-se-bashkepunimit-nderfetar-ne-elbasan\/","name":"10-vjetori i Qendr\u00ebs s\u00eb Bashk\u00ebpunimit Nd\u00ebrfetar n\u00eb Elbasan - Kisha Orthodh\u03bfkse Autoqefale e Shqip\u00ebris\u00eb","isPartOf":{"@id":"https:\/\/orthodoxalbania.org\/2020\/#website"},"primaryImageOfPage":{"@id":"https:\/\/orthodoxalbania.org\/2020\/2015\/11\/27\/10-vjetori-i-qendres-se-bashkepunimit-nderfetar-ne-elbasan\/#primaryimage"},"image":{"@id":"https:\/\/orthodoxalbania.org\/2020\/2015\/11\/27\/10-vjetori-i-qendres-se-bashkepunimit-nderfetar-ne-elbasan\/#primaryimage"},"thumbnailUrl":"https:\/\/orthodoxalbania.org\/2020\/wp-content\/uploads\/2020\/04\/per%2Bweb-0.jpg","datePublished":"2015-11-27T13:38:34+00:00","dateModified":"2020-04-06T20:02:04+00:00","breadcrumb":{"@id":"https:\/\/orthodoxalbania.org\/2020\/2015\/11\/27\/10-vjetori-i-qendres-se-bashkepunimit-nderfetar-ne-elbasan\/#breadcrumb"},"inLanguage":"en-US","potentialAction":[{"@type":"ReadAction","target":["https:\/\/orthodoxalbania.org\/2020\/2015\/11\/27\/10-vjetori-i-qendres-se-bashkepunimit-nderfetar-ne-elbasan\/"]}]},{"@type":"ImageObject","inLanguage":"en-US","@id":"https:\/\/orthodoxalbania.org\/2020\/2015\/11\/27\/10-vjetori-i-qendres-se-bashkepunimit-nderfetar-ne-elbasan\/#primaryimage","url":"https:\/\/orthodoxalbania.org\/2020\/wp-content\/uploads\/2020\/04\/per%2Bweb-0.jpg","contentUrl":"https:\/\/orthodoxalbania.org\/2020\/wp-content\/uploads\/2020\/04\/per%2Bweb-0.jpg","width":150,"height":150},{"@type":"BreadcrumbList","@id":"https:\/\/orthodoxalbania.org\/2020\/2015\/11\/27\/10-vjetori-i-qendres-se-bashkepunimit-nderfetar-ne-elbasan\/#breadcrumb","itemListElement":[{"@type":"ListItem","position":1,"name":"Home","item":"https:\/\/orthodoxalbania.org\/2020\/"},{"@type":"ListItem","position":2,"name":"10-vjetori i Qendr\u00ebs s\u00eb Bashk\u00ebpunimit Nd\u00ebrfetar n\u00eb Elbasan"}]},{"@type":"WebSite","@id":"https:\/\/orthodoxalbania.org\/2020\/#website","url":"https:\/\/orthodoxalbania.org\/2020\/","name":"Kisha Orthodh\u03bfkse Autoqefale e Shqip\u00ebris\u00eb","description":"Fqja Zyrtare e Kish\u00ebs Orthodhokse Autoqefale e Shqip\u00ebris\u00eb me lajmet edhe informacionet zyrtare p\u00ebr struktur\u00ebn edhe veprimtarin e saj.","publisher":{"@id":"https:\/\/orthodoxalbania.org\/2020\/#organization"},"potentialAction":[{"@type":"SearchAction","target":{"@type":"EntryPoint","urlTemplate":"https:\/\/orthodoxalbania.org\/2020\/?s={search_term_string}"},"query-input":{"@type":"PropertyValueSpecification","valueRequired":true,"valueName":"search_term_string"}}],"inLanguage":"en-US"},{"@type":"Organization","@id":"https:\/\/orthodoxalbania.org\/2020\/#organization","name":"Kisha Orthodhokse Autoqefale e Shqip\u00ebris\u00eb","url":"https:\/\/orthodoxalbania.org\/2020\/","logo":{"@type":"ImageObject","inLanguage":"en-US","@id":"https:\/\/orthodoxalbania.org\/2020\/#\/schema\/logo\/image\/","url":"https:\/\/orthodoxalbania.org\/2020\/wp-content\/uploads\/2020\/05\/albania.jpeg","contentUrl":"https:\/\/orthodoxalbania.org\/2020\/wp-content\/uploads\/2020\/05\/albania.jpeg","width":540,"height":540,"caption":"Kisha Orthodhokse Autoqefale e Shqip\u00ebris\u00eb"},"image":{"@id":"https:\/\/orthodoxalbania.org\/2020\/#\/schema\/logo\/image\/"},"sameAs":["https:\/\/www.facebook.com\/koash1991"]},{"@type":"Person","@id":"https:\/\/orthodoxalbania.org\/2020\/#\/schema\/person\/0c387634a7063ac612d7ed9ce71c7e86","name":"Kisha Orthodhokse","image":{"@type":"ImageObject","inLanguage":"en-US","@id":"https:\/\/secure.gravatar.com\/avatar\/596e7c417251e30f2fbb9c00e026fce61a695a00e51c889caded71c96cbbdde5?s=96&d=mm&r=g","url":"https:\/\/secure.gravatar.com\/avatar\/596e7c417251e30f2fbb9c00e026fce61a695a00e51c889caded71c96cbbdde5?s=96&d=mm&r=g","contentUrl":"https:\/\/secure.gravatar.com\/avatar\/596e7c417251e30f2fbb9c00e026fce61a695a00e51c889caded71c96cbbdde5?s=96&d=mm&r=g","caption":"Kisha Orthodhokse"}}]}},"_links":{"self":[{"href":"https:\/\/orthodoxalbania.org\/2020\/wp-json\/wp\/v2\/posts\/4273","targetHints":{"allow":["GET"]}}],"collection":[{"href":"https:\/\/orthodoxalbania.org\/2020\/wp-json\/wp\/v2\/posts"}],"about":[{"href":"https:\/\/orthodoxalbania.org\/2020\/wp-json\/wp\/v2\/types\/post"}],"author":[{"embeddable":true,"href":"https:\/\/orthodoxalbania.org\/2020\/wp-json\/wp\/v2\/users\/1"}],"replies":[{"embeddable":true,"href":"https:\/\/orthodoxalbania.org\/2020\/wp-json\/wp\/v2\/comments?post=4273"}],"version-history":[{"count":1,"href":"https:\/\/orthodoxalbania.org\/2020\/wp-json\/wp\/v2\/posts\/4273\/revisions"}],"predecessor-version":[{"id":14942,"href":"https:\/\/orthodoxalbania.org\/2020\/wp-json\/wp\/v2\/posts\/4273\/revisions\/14942"}],"wp:featuredmedia":[{"embeddable":true,"href":"https:\/\/orthodoxalbania.org\/2020\/wp-json\/wp\/v2\/media\/4274"}],"wp:attachment":[{"href":"https:\/\/orthodoxalbania.org\/2020\/wp-json\/wp\/v2\/media?parent=4273"}],"wp:term":[{"taxonomy":"category","embeddable":true,"href":"https:\/\/orthodoxalbania.org\/2020\/wp-json\/wp\/v2\/categories?post=4273"},{"taxonomy":"post_tag","embeddable":true,"href":"https:\/\/orthodoxalbania.org\/2020\/wp-json\/wp\/v2\/tags?post=4273"}],"curies":[{"name":"wp","href":"https:\/\/api.w.org\/{rel}","templated":true}]}}