{"id":4271,"date":"2015-11-27T13:02:24","date_gmt":"2015-11-27T13:02:24","guid":{"rendered":""},"modified":"2020-04-06T22:02:05","modified_gmt":"2020-04-06T20:02:05","slug":"dorezohen-medalje-falenderimi-me-rastin-e-dites-se-ngritjes-se-flamurit","status":"publish","type":"post","link":"https:\/\/orthodoxalbania.org\/2020\/2015\/11\/27\/dorezohen-medalje-falenderimi-me-rastin-e-dites-se-ngritjes-se-flamurit\/","title":{"rendered":"Dor\u00ebzohen medalje fal\u00ebnderimi me rastin e Dit\u00ebs s\u00eb ngritjes s\u00eb Flamurit"},"content":{"rendered":"<p style=\"text-align: justify;\"><span style=\"font-size: 12pt; font-family: helvetica;\">&nbsp;&nbsp;<span style=\"color: #000000;\"> P\u00ebrvjetori I Ngritjes s\u00eb Flamurit n\u00eb Tiran\u00eb, n\u00eb 26 n\u00ebntor 1912, u sh\u00ebnua nga disa veprimtari t\u00eb organizuara nga Bashkia. N\u00eb fillim, kryetari i Bashkis\u00eb, Z. Erion Veliaj, priti p\u00ebrfaq\u00ebsues t\u00eb familjeve t\u00eb atyre q\u00eb mor\u00ebn pjes\u00eb n\u00eb k\u00ebt\u00eb ngjarje t\u00eb sh\u00ebnuar dhe p\u00ebrfaq\u00ebsues t\u00eb komuniteteve fetare, klerik\u00ebt e t\u00eb cilave ishin po ashtu t\u00eb pranish\u00ebm. <\/span><\/span><\/p>\n<p style=\"text-align: justify;\"><span style=\"font-size: 12pt; font-family: helvetica; color: #000000;\">&nbsp; &nbsp; N\u00eb nj\u00eb bashk\u00ebbisedim t\u00eb ngroht\u00eb, ai u dor\u00ebzoi familjar\u00ebve dhe komuniteteve fetare Medaljen e fal\u00ebnderimit t\u00eb Bashkis\u00eb s\u00eb Tiran\u00ebs. P\u00ebr Komunitetin Orthodhoks Medalja iu dor\u00ebzua Episkopit t\u00eb Bylisit, Hir\u00ebsi Astit.<\/span><\/p>\n<p style=\"text-align: justify;\"><span style=\"font-size: 12pt; font-family: helvetica; color: #000000;\">&nbsp; &nbsp; M\u00eb pas, t\u00eb gjith\u00eb u drejtuan p\u00ebr tek Monumenti i Pavar\u00ebsis\u00eb, n\u00eb Parkun Rinia, p\u00ebr t\u00eb p\u00ebruruar restaurimin etij t\u00eb kryer nga Bashkia, q\u00eb mbaroi n\u00eb prag t\u00eb festave komb\u00ebtare.<\/span><\/p>\n<p style=\"text-align: justify;\">&nbsp;<\/p>\n<p style=\"text-align: center;\"><img class=\"lazyload\" decoding=\"async\" style=\"display: block; margin: 10px auto; border: 1px solid #000000;\" alt=\"\" src=\"data:image\/svg+xml,%3Csvg%20xmlns%3D%27http%3A%2F%2Fwww.w3.org%2F2000%2Fsvg%27%20width%3D%27450%27%20height%3D%27300%27%20viewBox%3D%270%200%20450%20300%27%3E%3Crect%20width%3D%27450%27%20height%3D%27300%27%20fill-opacity%3D%220%22%2F%3E%3C%2Fsvg%3E\" data-orig-src=\"https:\/\/lh6.googleusercontent.com\/-wzAcSX7sdDI\/VlhRxG0GO5I\/AAAAAAAAQOY\/bFsbmTy4f4s\/w599-h399-no\/Pavaresia+4.jpg\" height=\"300\" width=\"450\" \/><\/p>\n<p style=\"text-align: center;\"><img class=\"lazyload\" decoding=\"async\" style=\"display: block; margin: 10px auto; border: 1px solid #000000;\" alt=\"\" src=\"data:image\/svg+xml,%3Csvg%20xmlns%3D%27http%3A%2F%2Fwww.w3.org%2F2000%2Fsvg%27%20width%3D%27450%27%20height%3D%27300%27%20viewBox%3D%270%200%20450%20300%27%3E%3Crect%20width%3D%27450%27%20height%3D%27300%27%20fill-opacity%3D%220%22%2F%3E%3C%2Fsvg%3E\" data-orig-src=\"https:\/\/lh4.googleusercontent.com\/-yFi08UsmOsU\/VlhRwpwRpPI\/AAAAAAAAQOM\/PtMdoWwMBmk\/w599-h399-no\/Pavaresia+3.jpg\" height=\"300\" width=\"450\" \/><\/p>\n<p style=\"text-align: center;\"><img class=\"lazyload\" decoding=\"async\" style=\"display: block; margin: 10px auto; border: 1px solid #000000;\" alt=\"\" src=\"data:image\/svg+xml,%3Csvg%20xmlns%3D%27http%3A%2F%2Fwww.w3.org%2F2000%2Fsvg%27%20width%3D%27444%27%20height%3D%27686%27%20viewBox%3D%270%200%20444%20686%27%3E%3Crect%20width%3D%27444%27%20height%3D%27686%27%20fill-opacity%3D%220%22%2F%3E%3C%2Fsvg%3E\" data-orig-src=\"https:\/\/lh3.googleusercontent.com\/-mH3BsRXalsg\/VlhRyQBFwHI\/AAAAAAAAQOg\/2UmPrvvoqFo\/w469-h833-no\/Pavaresia+5.jpg\" height=\"686\" width=\"444\" \/><\/p>\n<p style=\"text-align: center;\"><img class=\"lazyload\" decoding=\"async\" style=\"display: block; margin: 10px auto; border: 1px solid #000000;\" alt=\"\" src=\"data:image\/svg+xml,%3Csvg%20xmlns%3D%27http%3A%2F%2Fwww.w3.org%2F2000%2Fsvg%27%20width%3D%27450%27%20height%3D%27300%27%20viewBox%3D%270%200%20450%20300%27%3E%3Crect%20width%3D%27450%27%20height%3D%27300%27%20fill-opacity%3D%220%22%2F%3E%3C%2Fsvg%3E\" data-orig-src=\"https:\/\/lh6.googleusercontent.com\/-p7koVx2mFkQ\/VlhRwx0DFQI\/AAAAAAAAQOU\/a1uIsDjoIJo\/w599-h399-no\/Pavaresia+1.jpg\" height=\"300\" width=\"450\" \/><\/p>\n<p style=\"text-align: center;\"><img class=\"lazyload\" decoding=\"async\" style=\"display: block; margin: 10px auto; border: 1px solid #000000;\" alt=\"\" src=\"data:image\/svg+xml,%3Csvg%20xmlns%3D%27http%3A%2F%2Fwww.w3.org%2F2000%2Fsvg%27%20width%3D%27450%27%20height%3D%27300%27%20viewBox%3D%270%200%20450%20300%27%3E%3Crect%20width%3D%27450%27%20height%3D%27300%27%20fill-opacity%3D%220%22%2F%3E%3C%2Fsvg%3E\" data-orig-src=\"https:\/\/lh6.googleusercontent.com\/-INLi68OXNT8\/VlhRw-5B0LI\/AAAAAAAAQOQ\/leNYqYciiKo\/w599-h399-no\/Pavaresia+2.jpg\" height=\"300\" width=\"450\" \/><\/p>\n","protected":false},"excerpt":{"rendered":"<p>&nbsp;&nbsp; P\u00ebrvjetori I Ngritjes s\u00eb Flamurit n\u00eb Tiran\u00eb, n\u00eb 26 n\u00ebntor 1912, u sh\u00ebnua nga disa veprimtari t\u00eb organizuara nga Bashkia. N\u00eb fillim, kryetari i Bashkis\u00eb, Z. Erion Veliaj, priti p\u00ebrfaq\u00ebsues t\u00eb familjeve t\u00eb atyre q\u00eb mor\u00ebn pjes\u00eb n\u00eb k\u00ebt\u00eb ngjarje t\u00eb sh\u00ebnuar dhe p\u00ebrfaq\u00ebsues t\u00eb komuniteteve fetare, klerik\u00ebt e t\u00eb cilave ishin po ashtu t\u00eb pranish\u00ebm. &nbsp; &nbsp; N\u00eb nj\u00eb bashk\u00ebbisedim t\u00eb ngroht\u00eb, ai<\/p>\n","protected":false},"author":1,"featured_media":4272,"comment_status":"open","ping_status":"open","sticky":false,"template":"","format":"standard","meta":{"_acf_changed":false,"pagelayer_contact_templates":[],"_pagelayer_content":"","inline_featured_image":false,"fifu_image_url":"","fifu_image_alt":"","footnotes":""},"categories":[108],"tags":[139,154,196,212],"class_list":["post-4271","post","type-post","status-publish","format-standard","has-post-thumbnail","hentry","category-lajme","tag-139","tag-aktivitete","tag-tirane","tag-lajme-d27"],"acf":[],"yoast_head":"<!-- This site is optimized with the Yoast SEO plugin v27.2 - https:\/\/yoast.com\/product\/yoast-seo-wordpress\/ -->\n<title>Dor\u00ebzohen medalje fal\u00ebnderimi me rastin e Dit\u00ebs s\u00eb ngritjes s\u00eb Flamurit - Kisha Orthodh\u03bfkse Autoqefale e Shqip\u00ebris\u00eb<\/title>\n<meta name=\"robots\" content=\"index, follow, max-snippet:-1, max-image-preview:large, max-video-preview:-1\" \/>\n<link rel=\"canonical\" href=\"https:\/\/orthodoxalbania.org\/2020\/2015\/11\/27\/dorezohen-medalje-falenderimi-me-rastin-e-dites-se-ngritjes-se-flamurit\/\" \/>\n<meta property=\"og:locale\" content=\"en_US\" \/>\n<meta property=\"og:type\" content=\"article\" \/>\n<meta property=\"og:title\" content=\"Dor\u00ebzohen medalje fal\u00ebnderimi me rastin e Dit\u00ebs s\u00eb ngritjes s\u00eb Flamurit - Kisha Orthodh\u03bfkse Autoqefale e Shqip\u00ebris\u00eb\" \/>\n<meta property=\"og:description\" content=\"&nbsp;&nbsp; P\u00ebrvjetori I Ngritjes s\u00eb Flamurit n\u00eb Tiran\u00eb, n\u00eb 26 n\u00ebntor 1912, u sh\u00ebnua nga disa veprimtari t\u00eb organizuara nga Bashkia. N\u00eb fillim, kryetari i Bashkis\u00eb, Z. Erion Veliaj, priti p\u00ebrfaq\u00ebsues t\u00eb familjeve t\u00eb atyre q\u00eb mor\u00ebn pjes\u00eb n\u00eb k\u00ebt\u00eb ngjarje t\u00eb sh\u00ebnuar dhe p\u00ebrfaq\u00ebsues t\u00eb komuniteteve fetare, klerik\u00ebt e t\u00eb cilave ishin po ashtu t\u00eb pranish\u00ebm. &nbsp; &nbsp; N\u00eb nj\u00eb bashk\u00ebbisedim t\u00eb ngroht\u00eb, ai\" \/>\n<meta property=\"og:url\" content=\"https:\/\/orthodoxalbania.org\/2020\/2015\/11\/27\/dorezohen-medalje-falenderimi-me-rastin-e-dites-se-ngritjes-se-flamurit\/\" \/>\n<meta property=\"og:site_name\" content=\"Kisha Orthodh\u03bfkse Autoqefale e Shqip\u00ebris\u00eb\" \/>\n<meta property=\"article:publisher\" content=\"https:\/\/www.facebook.com\/koash1991\" \/>\n<meta property=\"article:published_time\" content=\"2015-11-27T13:02:24+00:00\" \/>\n<meta property=\"article:modified_time\" content=\"2020-04-06T20:02:05+00:00\" \/>\n<meta property=\"og:image\" content=\"https:\/\/orthodoxalbania.org\/2020\/wp-content\/uploads\/2020\/04\/Pavaresia%2B1.jpg\" \/>\n\t<meta property=\"og:image:width\" content=\"150\" \/>\n\t<meta property=\"og:image:height\" content=\"150\" \/>\n\t<meta property=\"og:image:type\" content=\"image\/jpeg\" \/>\n<meta name=\"author\" content=\"Kisha Orthodhokse\" \/>\n<meta name=\"twitter:card\" content=\"summary_large_image\" \/>\n<meta name=\"twitter:label1\" content=\"Written by\" \/>\n\t<meta name=\"twitter:data1\" content=\"Kisha Orthodhokse\" \/>\n\t<meta name=\"twitter:label2\" content=\"Est. reading time\" \/>\n\t<meta name=\"twitter:data2\" content=\"1 minute\" \/>\n<script type=\"application\/ld+json\" class=\"yoast-schema-graph\">{\"@context\":\"https:\/\/schema.org\",\"@graph\":[{\"@type\":\"Article\",\"@id\":\"https:\/\/orthodoxalbania.org\/2020\/2015\/11\/27\/dorezohen-medalje-falenderimi-me-rastin-e-dites-se-ngritjes-se-flamurit\/#article\",\"isPartOf\":{\"@id\":\"https:\/\/orthodoxalbania.org\/2020\/2015\/11\/27\/dorezohen-medalje-falenderimi-me-rastin-e-dites-se-ngritjes-se-flamurit\/\"},\"author\":{\"name\":\"Kisha Orthodhokse\",\"@id\":\"https:\/\/orthodoxalbania.org\/2020\/#\/schema\/person\/0c387634a7063ac612d7ed9ce71c7e86\"},\"headline\":\"Dor\u00ebzohen medalje fal\u00ebnderimi me rastin e Dit\u00ebs s\u00eb ngritjes s\u00eb Flamurit\",\"datePublished\":\"2015-11-27T13:02:24+00:00\",\"dateModified\":\"2020-04-06T20:02:05+00:00\",\"mainEntityOfPage\":{\"@id\":\"https:\/\/orthodoxalbania.org\/2020\/2015\/11\/27\/dorezohen-medalje-falenderimi-me-rastin-e-dites-se-ngritjes-se-flamurit\/\"},\"wordCount\":160,\"commentCount\":0,\"publisher\":{\"@id\":\"https:\/\/orthodoxalbania.org\/2020\/#organization\"},\"image\":{\"@id\":\"https:\/\/orthodoxalbania.org\/2020\/2015\/11\/27\/dorezohen-medalje-falenderimi-me-rastin-e-dites-se-ngritjes-se-flamurit\/#primaryimage\"},\"thumbnailUrl\":\"https:\/\/orthodoxalbania.org\/2020\/wp-content\/uploads\/2020\/04\/Pavaresia%2B1.jpg\",\"keywords\":[\"2015\",\"Aktivitete\",\"Kryepiskopata Tiran\u00eb\",\"lajme\"],\"articleSection\":[\"Lajme\"],\"inLanguage\":\"en-US\"},{\"@type\":\"WebPage\",\"@id\":\"https:\/\/orthodoxalbania.org\/2020\/2015\/11\/27\/dorezohen-medalje-falenderimi-me-rastin-e-dites-se-ngritjes-se-flamurit\/\",\"url\":\"https:\/\/orthodoxalbania.org\/2020\/2015\/11\/27\/dorezohen-medalje-falenderimi-me-rastin-e-dites-se-ngritjes-se-flamurit\/\",\"name\":\"Dor\u00ebzohen medalje fal\u00ebnderimi me rastin e Dit\u00ebs s\u00eb ngritjes s\u00eb Flamurit - Kisha Orthodh\u03bfkse Autoqefale e Shqip\u00ebris\u00eb\",\"isPartOf\":{\"@id\":\"https:\/\/orthodoxalbania.org\/2020\/#website\"},\"primaryImageOfPage\":{\"@id\":\"https:\/\/orthodoxalbania.org\/2020\/2015\/11\/27\/dorezohen-medalje-falenderimi-me-rastin-e-dites-se-ngritjes-se-flamurit\/#primaryimage\"},\"image\":{\"@id\":\"https:\/\/orthodoxalbania.org\/2020\/2015\/11\/27\/dorezohen-medalje-falenderimi-me-rastin-e-dites-se-ngritjes-se-flamurit\/#primaryimage\"},\"thumbnailUrl\":\"https:\/\/orthodoxalbania.org\/2020\/wp-content\/uploads\/2020\/04\/Pavaresia%2B1.jpg\",\"datePublished\":\"2015-11-27T13:02:24+00:00\",\"dateModified\":\"2020-04-06T20:02:05+00:00\",\"breadcrumb\":{\"@id\":\"https:\/\/orthodoxalbania.org\/2020\/2015\/11\/27\/dorezohen-medalje-falenderimi-me-rastin-e-dites-se-ngritjes-se-flamurit\/#breadcrumb\"},\"inLanguage\":\"en-US\",\"potentialAction\":[{\"@type\":\"ReadAction\",\"target\":[\"https:\/\/orthodoxalbania.org\/2020\/2015\/11\/27\/dorezohen-medalje-falenderimi-me-rastin-e-dites-se-ngritjes-se-flamurit\/\"]}]},{\"@type\":\"ImageObject\",\"inLanguage\":\"en-US\",\"@id\":\"https:\/\/orthodoxalbania.org\/2020\/2015\/11\/27\/dorezohen-medalje-falenderimi-me-rastin-e-dites-se-ngritjes-se-flamurit\/#primaryimage\",\"url\":\"https:\/\/orthodoxalbania.org\/2020\/wp-content\/uploads\/2020\/04\/Pavaresia%2B1.jpg\",\"contentUrl\":\"https:\/\/orthodoxalbania.org\/2020\/wp-content\/uploads\/2020\/04\/Pavaresia%2B1.jpg\",\"width\":150,\"height\":150},{\"@type\":\"BreadcrumbList\",\"@id\":\"https:\/\/orthodoxalbania.org\/2020\/2015\/11\/27\/dorezohen-medalje-falenderimi-me-rastin-e-dites-se-ngritjes-se-flamurit\/#breadcrumb\",\"itemListElement\":[{\"@type\":\"ListItem\",\"position\":1,\"name\":\"Home\",\"item\":\"https:\/\/orthodoxalbania.org\/2020\/\"},{\"@type\":\"ListItem\",\"position\":2,\"name\":\"Dor\u00ebzohen medalje fal\u00ebnderimi me rastin e Dit\u00ebs s\u00eb ngritjes s\u00eb Flamurit\"}]},{\"@type\":\"WebSite\",\"@id\":\"https:\/\/orthodoxalbania.org\/2020\/#website\",\"url\":\"https:\/\/orthodoxalbania.org\/2020\/\",\"name\":\"Kisha Orthodh\u03bfkse Autoqefale e Shqip\u00ebris\u00eb\",\"description\":\"Fqja Zyrtare e Kish\u00ebs Orthodhokse Autoqefale e Shqip\u00ebris\u00eb me lajmet edhe informacionet zyrtare p\u00ebr struktur\u00ebn edhe veprimtarin e saj.\",\"publisher\":{\"@id\":\"https:\/\/orthodoxalbania.org\/2020\/#organization\"},\"potentialAction\":[{\"@type\":\"SearchAction\",\"target\":{\"@type\":\"EntryPoint\",\"urlTemplate\":\"https:\/\/orthodoxalbania.org\/2020\/?s={search_term_string}\"},\"query-input\":{\"@type\":\"PropertyValueSpecification\",\"valueRequired\":true,\"valueName\":\"search_term_string\"}}],\"inLanguage\":\"en-US\"},{\"@type\":\"Organization\",\"@id\":\"https:\/\/orthodoxalbania.org\/2020\/#organization\",\"name\":\"Kisha Orthodhokse Autoqefale e Shqip\u00ebris\u00eb\",\"url\":\"https:\/\/orthodoxalbania.org\/2020\/\",\"logo\":{\"@type\":\"ImageObject\",\"inLanguage\":\"en-US\",\"@id\":\"https:\/\/orthodoxalbania.org\/2020\/#\/schema\/logo\/image\/\",\"url\":\"https:\/\/orthodoxalbania.org\/2020\/wp-content\/uploads\/2020\/05\/albania.jpeg\",\"contentUrl\":\"https:\/\/orthodoxalbania.org\/2020\/wp-content\/uploads\/2020\/05\/albania.jpeg\",\"width\":540,\"height\":540,\"caption\":\"Kisha Orthodhokse Autoqefale e Shqip\u00ebris\u00eb\"},\"image\":{\"@id\":\"https:\/\/orthodoxalbania.org\/2020\/#\/schema\/logo\/image\/\"},\"sameAs\":[\"https:\/\/www.facebook.com\/koash1991\"]},{\"@type\":\"Person\",\"@id\":\"https:\/\/orthodoxalbania.org\/2020\/#\/schema\/person\/0c387634a7063ac612d7ed9ce71c7e86\",\"name\":\"Kisha Orthodhokse\",\"image\":{\"@type\":\"ImageObject\",\"inLanguage\":\"en-US\",\"@id\":\"https:\/\/secure.gravatar.com\/avatar\/596e7c417251e30f2fbb9c00e026fce61a695a00e51c889caded71c96cbbdde5?s=96&d=mm&r=g\",\"url\":\"https:\/\/secure.gravatar.com\/avatar\/596e7c417251e30f2fbb9c00e026fce61a695a00e51c889caded71c96cbbdde5?s=96&d=mm&r=g\",\"contentUrl\":\"https:\/\/secure.gravatar.com\/avatar\/596e7c417251e30f2fbb9c00e026fce61a695a00e51c889caded71c96cbbdde5?s=96&d=mm&r=g\",\"caption\":\"Kisha Orthodhokse\"}}]}<\/script>\n<!-- \/ Yoast SEO plugin. -->","yoast_head_json":{"title":"Dor\u00ebzohen medalje fal\u00ebnderimi me rastin e Dit\u00ebs s\u00eb ngritjes s\u00eb Flamurit - Kisha Orthodh\u03bfkse Autoqefale e Shqip\u00ebris\u00eb","robots":{"index":"index","follow":"follow","max-snippet":"max-snippet:-1","max-image-preview":"max-image-preview:large","max-video-preview":"max-video-preview:-1"},"canonical":"https:\/\/orthodoxalbania.org\/2020\/2015\/11\/27\/dorezohen-medalje-falenderimi-me-rastin-e-dites-se-ngritjes-se-flamurit\/","og_locale":"en_US","og_type":"article","og_title":"Dor\u00ebzohen medalje fal\u00ebnderimi me rastin e Dit\u00ebs s\u00eb ngritjes s\u00eb Flamurit - Kisha Orthodh\u03bfkse Autoqefale e Shqip\u00ebris\u00eb","og_description":"&nbsp;&nbsp; P\u00ebrvjetori I Ngritjes s\u00eb Flamurit n\u00eb Tiran\u00eb, n\u00eb 26 n\u00ebntor 1912, u sh\u00ebnua nga disa veprimtari t\u00eb organizuara nga Bashkia. N\u00eb fillim, kryetari i Bashkis\u00eb, Z. Erion Veliaj, priti p\u00ebrfaq\u00ebsues t\u00eb familjeve t\u00eb atyre q\u00eb mor\u00ebn pjes\u00eb n\u00eb k\u00ebt\u00eb ngjarje t\u00eb sh\u00ebnuar dhe p\u00ebrfaq\u00ebsues t\u00eb komuniteteve fetare, klerik\u00ebt e t\u00eb cilave ishin po ashtu t\u00eb pranish\u00ebm. &nbsp; &nbsp; N\u00eb nj\u00eb bashk\u00ebbisedim t\u00eb ngroht\u00eb, ai","og_url":"https:\/\/orthodoxalbania.org\/2020\/2015\/11\/27\/dorezohen-medalje-falenderimi-me-rastin-e-dites-se-ngritjes-se-flamurit\/","og_site_name":"Kisha Orthodh\u03bfkse Autoqefale e Shqip\u00ebris\u00eb","article_publisher":"https:\/\/www.facebook.com\/koash1991","article_published_time":"2015-11-27T13:02:24+00:00","article_modified_time":"2020-04-06T20:02:05+00:00","og_image":[{"width":150,"height":150,"url":"https:\/\/orthodoxalbania.org\/2020\/wp-content\/uploads\/2020\/04\/Pavaresia%2B1.jpg","type":"image\/jpeg"}],"author":"Kisha Orthodhokse","twitter_card":"summary_large_image","twitter_misc":{"Written by":"Kisha Orthodhokse","Est. reading time":"1 minute"},"schema":{"@context":"https:\/\/schema.org","@graph":[{"@type":"Article","@id":"https:\/\/orthodoxalbania.org\/2020\/2015\/11\/27\/dorezohen-medalje-falenderimi-me-rastin-e-dites-se-ngritjes-se-flamurit\/#article","isPartOf":{"@id":"https:\/\/orthodoxalbania.org\/2020\/2015\/11\/27\/dorezohen-medalje-falenderimi-me-rastin-e-dites-se-ngritjes-se-flamurit\/"},"author":{"name":"Kisha Orthodhokse","@id":"https:\/\/orthodoxalbania.org\/2020\/#\/schema\/person\/0c387634a7063ac612d7ed9ce71c7e86"},"headline":"Dor\u00ebzohen medalje fal\u00ebnderimi me rastin e Dit\u00ebs s\u00eb ngritjes s\u00eb Flamurit","datePublished":"2015-11-27T13:02:24+00:00","dateModified":"2020-04-06T20:02:05+00:00","mainEntityOfPage":{"@id":"https:\/\/orthodoxalbania.org\/2020\/2015\/11\/27\/dorezohen-medalje-falenderimi-me-rastin-e-dites-se-ngritjes-se-flamurit\/"},"wordCount":160,"commentCount":0,"publisher":{"@id":"https:\/\/orthodoxalbania.org\/2020\/#organization"},"image":{"@id":"https:\/\/orthodoxalbania.org\/2020\/2015\/11\/27\/dorezohen-medalje-falenderimi-me-rastin-e-dites-se-ngritjes-se-flamurit\/#primaryimage"},"thumbnailUrl":"https:\/\/orthodoxalbania.org\/2020\/wp-content\/uploads\/2020\/04\/Pavaresia%2B1.jpg","keywords":["2015","Aktivitete","Kryepiskopata Tiran\u00eb","lajme"],"articleSection":["Lajme"],"inLanguage":"en-US"},{"@type":"WebPage","@id":"https:\/\/orthodoxalbania.org\/2020\/2015\/11\/27\/dorezohen-medalje-falenderimi-me-rastin-e-dites-se-ngritjes-se-flamurit\/","url":"https:\/\/orthodoxalbania.org\/2020\/2015\/11\/27\/dorezohen-medalje-falenderimi-me-rastin-e-dites-se-ngritjes-se-flamurit\/","name":"Dor\u00ebzohen medalje fal\u00ebnderimi me rastin e Dit\u00ebs s\u00eb ngritjes s\u00eb Flamurit - Kisha Orthodh\u03bfkse Autoqefale e Shqip\u00ebris\u00eb","isPartOf":{"@id":"https:\/\/orthodoxalbania.org\/2020\/#website"},"primaryImageOfPage":{"@id":"https:\/\/orthodoxalbania.org\/2020\/2015\/11\/27\/dorezohen-medalje-falenderimi-me-rastin-e-dites-se-ngritjes-se-flamurit\/#primaryimage"},"image":{"@id":"https:\/\/orthodoxalbania.org\/2020\/2015\/11\/27\/dorezohen-medalje-falenderimi-me-rastin-e-dites-se-ngritjes-se-flamurit\/#primaryimage"},"thumbnailUrl":"https:\/\/orthodoxalbania.org\/2020\/wp-content\/uploads\/2020\/04\/Pavaresia%2B1.jpg","datePublished":"2015-11-27T13:02:24+00:00","dateModified":"2020-04-06T20:02:05+00:00","breadcrumb":{"@id":"https:\/\/orthodoxalbania.org\/2020\/2015\/11\/27\/dorezohen-medalje-falenderimi-me-rastin-e-dites-se-ngritjes-se-flamurit\/#breadcrumb"},"inLanguage":"en-US","potentialAction":[{"@type":"ReadAction","target":["https:\/\/orthodoxalbania.org\/2020\/2015\/11\/27\/dorezohen-medalje-falenderimi-me-rastin-e-dites-se-ngritjes-se-flamurit\/"]}]},{"@type":"ImageObject","inLanguage":"en-US","@id":"https:\/\/orthodoxalbania.org\/2020\/2015\/11\/27\/dorezohen-medalje-falenderimi-me-rastin-e-dites-se-ngritjes-se-flamurit\/#primaryimage","url":"https:\/\/orthodoxalbania.org\/2020\/wp-content\/uploads\/2020\/04\/Pavaresia%2B1.jpg","contentUrl":"https:\/\/orthodoxalbania.org\/2020\/wp-content\/uploads\/2020\/04\/Pavaresia%2B1.jpg","width":150,"height":150},{"@type":"BreadcrumbList","@id":"https:\/\/orthodoxalbania.org\/2020\/2015\/11\/27\/dorezohen-medalje-falenderimi-me-rastin-e-dites-se-ngritjes-se-flamurit\/#breadcrumb","itemListElement":[{"@type":"ListItem","position":1,"name":"Home","item":"https:\/\/orthodoxalbania.org\/2020\/"},{"@type":"ListItem","position":2,"name":"Dor\u00ebzohen medalje fal\u00ebnderimi me rastin e Dit\u00ebs s\u00eb ngritjes s\u00eb Flamurit"}]},{"@type":"WebSite","@id":"https:\/\/orthodoxalbania.org\/2020\/#website","url":"https:\/\/orthodoxalbania.org\/2020\/","name":"Kisha Orthodh\u03bfkse Autoqefale e Shqip\u00ebris\u00eb","description":"Fqja Zyrtare e Kish\u00ebs Orthodhokse Autoqefale e Shqip\u00ebris\u00eb me lajmet edhe informacionet zyrtare p\u00ebr struktur\u00ebn edhe veprimtarin e saj.","publisher":{"@id":"https:\/\/orthodoxalbania.org\/2020\/#organization"},"potentialAction":[{"@type":"SearchAction","target":{"@type":"EntryPoint","urlTemplate":"https:\/\/orthodoxalbania.org\/2020\/?s={search_term_string}"},"query-input":{"@type":"PropertyValueSpecification","valueRequired":true,"valueName":"search_term_string"}}],"inLanguage":"en-US"},{"@type":"Organization","@id":"https:\/\/orthodoxalbania.org\/2020\/#organization","name":"Kisha Orthodhokse Autoqefale e Shqip\u00ebris\u00eb","url":"https:\/\/orthodoxalbania.org\/2020\/","logo":{"@type":"ImageObject","inLanguage":"en-US","@id":"https:\/\/orthodoxalbania.org\/2020\/#\/schema\/logo\/image\/","url":"https:\/\/orthodoxalbania.org\/2020\/wp-content\/uploads\/2020\/05\/albania.jpeg","contentUrl":"https:\/\/orthodoxalbania.org\/2020\/wp-content\/uploads\/2020\/05\/albania.jpeg","width":540,"height":540,"caption":"Kisha Orthodhokse Autoqefale e Shqip\u00ebris\u00eb"},"image":{"@id":"https:\/\/orthodoxalbania.org\/2020\/#\/schema\/logo\/image\/"},"sameAs":["https:\/\/www.facebook.com\/koash1991"]},{"@type":"Person","@id":"https:\/\/orthodoxalbania.org\/2020\/#\/schema\/person\/0c387634a7063ac612d7ed9ce71c7e86","name":"Kisha Orthodhokse","image":{"@type":"ImageObject","inLanguage":"en-US","@id":"https:\/\/secure.gravatar.com\/avatar\/596e7c417251e30f2fbb9c00e026fce61a695a00e51c889caded71c96cbbdde5?s=96&d=mm&r=g","url":"https:\/\/secure.gravatar.com\/avatar\/596e7c417251e30f2fbb9c00e026fce61a695a00e51c889caded71c96cbbdde5?s=96&d=mm&r=g","contentUrl":"https:\/\/secure.gravatar.com\/avatar\/596e7c417251e30f2fbb9c00e026fce61a695a00e51c889caded71c96cbbdde5?s=96&d=mm&r=g","caption":"Kisha Orthodhokse"}}]}},"_links":{"self":[{"href":"https:\/\/orthodoxalbania.org\/2020\/wp-json\/wp\/v2\/posts\/4271","targetHints":{"allow":["GET"]}}],"collection":[{"href":"https:\/\/orthodoxalbania.org\/2020\/wp-json\/wp\/v2\/posts"}],"about":[{"href":"https:\/\/orthodoxalbania.org\/2020\/wp-json\/wp\/v2\/types\/post"}],"author":[{"embeddable":true,"href":"https:\/\/orthodoxalbania.org\/2020\/wp-json\/wp\/v2\/users\/1"}],"replies":[{"embeddable":true,"href":"https:\/\/orthodoxalbania.org\/2020\/wp-json\/wp\/v2\/comments?post=4271"}],"version-history":[{"count":1,"href":"https:\/\/orthodoxalbania.org\/2020\/wp-json\/wp\/v2\/posts\/4271\/revisions"}],"predecessor-version":[{"id":14943,"href":"https:\/\/orthodoxalbania.org\/2020\/wp-json\/wp\/v2\/posts\/4271\/revisions\/14943"}],"wp:featuredmedia":[{"embeddable":true,"href":"https:\/\/orthodoxalbania.org\/2020\/wp-json\/wp\/v2\/media\/4272"}],"wp:attachment":[{"href":"https:\/\/orthodoxalbania.org\/2020\/wp-json\/wp\/v2\/media?parent=4271"}],"wp:term":[{"taxonomy":"category","embeddable":true,"href":"https:\/\/orthodoxalbania.org\/2020\/wp-json\/wp\/v2\/categories?post=4271"},{"taxonomy":"post_tag","embeddable":true,"href":"https:\/\/orthodoxalbania.org\/2020\/wp-json\/wp\/v2\/tags?post=4271"}],"curies":[{"name":"wp","href":"https:\/\/api.w.org\/{rel}","templated":true}]}}