{"id":4269,"date":"2015-11-20T09:48:55","date_gmt":"2015-11-20T09:48:55","guid":{"rendered":""},"modified":"2020-04-06T22:02:05","modified_gmt":"2020-04-06T20:02:05","slug":"a-eshte-feja-shkak-i-lufterave","status":"publish","type":"post","link":"https:\/\/orthodoxalbania.org\/2020\/2015\/11\/20\/a-eshte-feja-shkak-i-lufterave\/","title":{"rendered":"A \u00ebsht\u00eb feja shkak i luft\u00ebrave?"},"content":{"rendered":"<p style=\"text-align: justify;\"><span style=\"font-size: 12pt; font-family: helvetica; color: #000000;\"><\/span><\/p>\n<p style=\"text-align: right;\"><strong style=\"color: #800000; font-family: Roboto, Verdana, Helvetica, Arial, sans-serif; font-size: 15px; line-height: 26px; text-align: right; background-color: #ffffff;\"><span style=\"font-size: 12pt; font-family: helvetica;\">Botuar n\u00eb gazet\u00ebn &#8220;Tirana Observer&#8221; &amp; &#8220;Balkanweb&#8221; online, dt. 19, 20 n\u00ebntor 2015<\/span><\/strong><\/p>\n<p style=\"text-align: justify;\"><span style=\"font-size: 12pt; font-family: helvetica; color: #000000;\">&nbsp; &nbsp; Duke par\u00eb dhe duke d\u00ebgjuar p\u00ebrgjat\u00eb gjith\u00eb k\u00ebtyre dit\u00ebve, t\u00eb mbushura me tension p\u00ebr t\u00eb vrar\u00ebt 129 viktima dhe t\u00eb plagosurit e shumt\u00eb n\u00eb rrug\u00ebt e Parisit, nga dhuna patologjike e disa njer\u00ebzve fondamentalist\u00eb ekstremist\u00eb, t\u00eb cil\u00ebt mendojn\u00eb se duke vrar\u00eb veten dhe t\u00eb tjer\u00ebt i sh\u00ebrbejn\u00eb Zotit (Allahut), instinkti i vet\u00ebmbrojtjes menj\u00ebher\u00eb t\u00eb pozicionon p\u00ebr t\u00eb gjetur dhe u bashkuar me mendimet, ndjenjat dhe veprimet e nj\u00eb grupi t\u00eb caktuar i cili e shikon grupin tjet\u00ebr si armik dhe e kund\u00ebrsulmon nga ana mediatike dhe fizike si m\u00ebnyra m\u00eb e mir\u00eb p\u00ebr t\u2019u mbrojtur. Kjo gj\u00eb q\u00eb ndodhi n\u00eb Paris nuk \u00ebsht\u00eb fillimi por vazhdimi i k\u00ebsaj situate t\u00eb pa precedent q\u00eb po merr jet\u00ebn e shum\u00eb njer\u00ebzve dhe k\u00ebtu kujtoj vrasjen e shum\u00eb pengjeve, burrave, grave, f\u00ebmij\u00ebve q\u00eb \u00ebsht\u00eb b\u00ebr\u00eb shkak p\u00ebr nj\u00eb val\u00eb biblike emigracioni me njer\u00ebz q\u00eb ju ka mbetur si q\u00ebllim par\u00ebsor dhe i vet\u00ebm shp\u00ebtimi i jet\u00ebs s\u00eb tyre, numri i tyre \u00ebsht\u00eb gati 4 milion q\u00eb kan\u00eb emigruar nga Siria dhe 270 mij\u00eb kan\u00eb k\u00ebrkuar azil n\u00eb Europ\u00eb, ose sabotimi dhe hedhja n\u00eb er\u00eb e nj\u00eb avioni plot me turist\u00eb rus\u00eb n\u00eb Gadishullin Sinai ku mbet\u00ebn t\u00eb vdekur 224 viktima. Raporti i kombeve t\u00eb bashkuara na jep nj\u00eb statistik\u00eb se q\u00eb nga momenti q\u00eb u shfaq fenomeni ISIS deri n\u00eb prill t\u00eb vitit 2015 jan\u00eb vrar\u00eb n\u00eb Irak edhe Siri nga k\u00ebta ekstremist\u00eb gati 25\u2019000 njer\u00ebz dhe po t\u2019i shtojm\u00eb viktimat gjat\u00eb k\u00ebtyre muajve ky bilanc b\u00ebhet m\u00eb tragjik.<\/span><\/p>\n<p style=\"text-align: justify;\"><span style=\"color: #000000;\"><span style=\"font-size: 12pt; font-family: helvetica;\"><\/span><span style=\"font-size: 12pt; font-family: helvetica;\">&nbsp; &nbsp; T\u00eb gjitha k\u00ebto ngjarje q\u00eb pushtojn\u00eb lajmet e t\u00eb gjith\u00eb bot\u00ebs \u00e7do dit\u00eb po na shfaqen si nj\u00eb reaksion zinxhir q\u00eb nuk po ndalet ose si nj\u00eb vorbull q\u00eb brenda saj po na g\u00eblltit dal\u00ebngadal\u00eb t\u00eb gjith\u00ebve dhe p\u00ebr shum\u00ebkush \u00ebsht\u00eb prologu i nj\u00eb lufte t\u00eb tret\u00eb bot\u00ebrore. Edhe p\u00ebr Shqip\u00ebrin\u00eb dhe shqiptar\u00ebt kjo ngjarje ka nj\u00eb ndikim t\u00eb madh jo vet\u00ebm se jemi pjes\u00eb e kontinentit por t\u00eb ardhmen ton\u00eb e shohim n\u00eb perspektiv\u00ebn si vend an\u00ebtar i Europ\u00ebs. Nga Shqip\u00ebria dhe Kosova jan\u00eb rekrutuar nga ISIS-i element\u00eb ekstremist\u00eb dhe terrorist\u00eb, q\u00eb jan\u00eb b\u00ebr\u00eb pjes\u00eb e k\u00ebsaj ushtrie t\u00eb zez\u00eb dhe kur ndonj\u00eb prej tyre shfaqet n\u00eb ekranet mediatik\u00eb dhe k\u00ebrc\u00ebnon p\u00ebr shkat\u00ebrrim, terror dhe vdekje besoj se t\u00eb gjith\u00eb nuk ndjehemi mir\u00eb dhe nuk do t\u00eb donim q\u00eb ai t\u00eb ishte shqiptar terrorist. Shteti Shqiptar duke b\u00ebr\u00eb aleanc\u00eb me vendet e BE kund\u00ebr terrorizmit me veprime konkrete \u00ebsht\u00eb i k\u00ebrc\u00ebnuar me hakmarrje nga terrorist\u00ebt.<\/span><\/span><\/p>\n<p style=\"text-align: justify;\"><span style=\"color: #000000;\"><span style=\"font-size: 12pt; font-family: helvetica;\"><\/span><strong><span style=\"font-size: 12pt; font-family: helvetica;\">&nbsp; &nbsp; Por kush \u00ebsht\u00eb fajtori p\u00ebr k\u00ebt\u00eb situat\u00eb?<\/span><\/strong><\/span><\/p>\n<p style=\"text-align: justify;\"><span style=\"color: #000000;\"><span style=\"font-size: 12pt; font-family: helvetica;\"><\/span><span style=\"font-size: 12pt; font-family: helvetica;\">&nbsp; &nbsp; Opinionet jan\u00eb nga m\u00eb t\u00eb ndryshmet deri tek ato m\u00eb konspirativet, madje kur d\u00ebgjuam edhe nga nj\u00eb kryetar i nj\u00eb shteti t\u00eb fuqish\u00ebm si Vladimir Putin q\u00eb ISIS e financojn\u00eb dhe b\u00ebjn\u00eb tregti me t\u00eb gati 40 vende dhe 12 prej tyre nga G20 situata b\u00ebhet akoma m\u00eb e nd\u00ebrlikuar deri n\u00eb ankth kur mendon \u00e7do t\u00eb sjell\u00eb e nes\u00ebrmja.<\/span><\/span><\/p>\n<p style=\"text-align: justify;\"><span style=\"color: #000000;\"><span style=\"font-size: 12pt; font-family: helvetica;\"><\/span><span style=\"font-size: 12pt; font-family: helvetica;\">&nbsp; &nbsp; Por ajo q\u00eb m\u00eb shqet\u00ebson m\u00eb shum\u00eb dhe m\u00eb nxit p\u00ebr t\u00eb shkruar k\u00ebt\u00eb shkrim \u00ebsht\u00eb opinioni ose p\u00ebrcaktimi i k\u00ebsaj situate si nj\u00eb luft\u00eb fetare mes myslimanizmit dhe krisht\u00ebrimit dhe anasjelltas. Kjo akuz\u00eb b\u00ebhet nga opinionist\u00eb ateist\u00eb q\u00eb i q\u00ebndrojn\u00eb kundra Zotit dhe n.q.s. ky \u00ebsht\u00eb nj\u00eb konstatim i drejt\u00eb at\u00ebher\u00eb fajtori \u00ebsht\u00eb Zoti dhe faji besimi n\u00eb Zot q\u00eb p\u00ebr ateist\u00ebt \u00ebsht\u00eb shkaku i shum\u00eb luft\u00ebrave dhe tragjedive t\u00eb pa nevojshme gjat\u00eb shekujve t\u00eb padijes. Por a \u00ebsht\u00eb Zoti fajtor i cili i frym\u00ebzon fetar\u00ebt t\u00eb urrejn\u00eb dhe luftoj\u00eb nj\u00ebri -tjetrin q\u00eb n\u00eb m\u00ebnyr\u00eb paradoksale k\u00ebto luft\u00ebra midis tyre i b\u00ebjn\u00eb k\u00ebt\u00eb n\u00eb em\u00ebr t\u00eb Nj\u00eb Zoti, Krijuesit. Q\u00eb t\u2019i japim p\u00ebrgjigje k\u00ebsaj duhet t\u00eb tregojm\u00eb shkurtimisht konceptin e Zotit si nj\u00eb qenie personale si dhe marr\u00ebdh\u00ebnien e tij me njeriun besimtar. Zoti Per\u00ebndi \u00ebsht\u00eb nj\u00eb Qenie Hyjnore q\u00eb ekziston nga vetvetja, i p\u00ebrjetsh\u00ebm q\u00eb nuk ka as fillim, as mbarim dhe p\u00ebrtej perceptimeve tona t\u00eb \u00e7do feje apo kulture,prandaj asnj\u00eb fjal\u00eb, asnj\u00eb koncept dhe asnj\u00eb p\u00ebrkufizim nuk mund ta p\u00ebrcaktoj\u00eb plot\u00ebsisht at\u00eb. Ai \u00ebsht\u00eb i vet\u00ebmjaftuesh\u00ebm, nuk ka nevoj\u00eb p\u00ebr sh\u00ebrbim. Ai \u00ebsht\u00eb i p\u00ebrsosur n\u00eb t\u00eb gjitha atributet d.m.th. \u00ebsht\u00eb i gjith\u00ebfuqish\u00ebm, i gjith\u00ebditur, i gjith\u00ebmir\u00eb dhe burim i mir\u00ebsis\u00eb,i gjith\u00ebdrejt\u00eb dhe gjykat\u00ebs me drejt\u00ebsi, i gjithi dashuri. Pra nj\u00eb qenie e p\u00ebrsosur absolutisht e bukur dhe e lumtur. Duke qen\u00eb i gjithi dashuri Ai \u00ebsht\u00eb krijues nga hi\u00e7i i t\u00eb gjitha atyre, q\u00eb ne i shohim dhe nuk i shohim, dhe n\u00eb m\u00ebnyr\u00eb t\u00eb ve\u00e7ant\u00eb i njeriut q\u00eb ndryshe nga kafsh\u00ebt, q\u00eb udh\u00ebhiqen nga instinkti, njeriu \u00ebsht\u00eb i krijuar sipas ikon\u00ebs imazhit t\u00eb Per\u00ebndis\u00eb, pra me shpirt t\u00eb arsyesh\u00ebm, i lir\u00eb p\u00ebr t\u00eb zgjedhur,i p\u00ebrgjegjsh\u00ebm p\u00ebr veprimet e tij,i aft\u00eb p\u00ebr t\u00eb ushtruar sundimin mbi t\u00eb gjith\u00eb krijimin me dashuri. N\u00eb \u00e7do fe monoteiste njeriu vjen nga nj\u00eb far\u00eb e vetme njer\u00ebzore dhe pavar\u00ebsisht se \u00ebsht\u00eb i ndar\u00eb n\u00eb raca, gjuh\u00eb dhe kombe ai n\u00eb thelb \u00ebsht\u00eb v\u00eblla me tjetrin. Njeriu duhet t\u2019i bindet vullnetit dhe porosive t\u00eb Zotit t\u00eb tij t\u00eb cilat p\u00ebrmblidhen n\u00eb k\u00ebto dy porosi, duaje Zotin dhe duaje t\u00eb af\u00ebrmin si veten. Njeriu duke qen\u00eb i krijuar sipas ikon\u00ebs s\u00eb Per\u00ebndis\u00eb ka aft\u00ebsi dhe mund ta b\u00ebj\u00eb k\u00ebt\u00eb psh. ashtu si Per\u00ebndia \u00ebsht\u00eb i p\u00ebrsosur edhe njeriu mund dhe duhet t\u00eb jet\u00eb i p\u00ebrsosur, i past\u00ebr moralisht, i m\u00ebshirsh\u00ebm, i duruar, i but\u00eb, i dashur, i lir\u00eb, vetvendos\u00ebs p\u00ebr ekzistenc\u00ebn e tij d.m.th. realizues i gjith\u00e7kaje t\u00eb mir\u00eb. K\u00ebshtu duhet t\u00eb jet\u00eb njeriu besimtar, n\u00eb k\u00ebt\u00eb m\u00ebnyr\u00eb gjithmon\u00eb duke u rritur dhe duke u zhvilluar n\u00eb virtytin dhe p\u00ebrsosjen hyjnore p\u00ebr jet\u00eb t\u00eb jet\u00ebs me an\u00eb t\u00eb vullnetit t\u00eb fuqis\u00eb s\u00eb Per\u00ebndis\u00eb. P\u00ebrsosja e njeriut \u00ebsht\u00eb rritja e tij n\u00eb p\u00ebrsosjen pa mbarim t\u00eb Per\u00ebndis\u00eb, prandaj ne t\u00eb krishter\u00ebt besojm\u00eb dhe pohojm\u00eb se Per\u00ebndia u b\u00eb njeri n\u00eb Jisu Krishtin q\u00eb njeriu t\u00eb b\u00ebhet per\u00ebndi sipas hirit. U zgjata n\u00eb k\u00ebt\u00eb pik\u00eb, se p\u00ebr ne t\u00eb krishter\u00ebt, nuk ka dhe nuk mund t\u00eb ket\u00eb luft\u00eb fetare, sepse Zoti Krisht q\u00eb ne besojm\u00eb dhe imitojm\u00eb,\u00ebsht\u00eb kund\u00ebr dhun\u00ebs dhe luft\u00ebs, shkat\u00ebrrimit dhe vdekjes q\u00eb ajo l\u00eb pas. N\u00eb Ungjill na thuhet se kur nj\u00ebri nga nx\u00ebn\u00ebsit k\u00ebrkonte ta mbronte At\u00eb duke nxjerr\u00eb thik\u00ebn p\u00ebr t\u00eb vrar\u00eb armiqt\u00eb, Krishti i tha: Petro fute thik\u00ebn n\u00eb k\u00ebll\u00ebf, se kush merr thik\u00ebn nga thika do t\u00eb vdes\u00eb. Krisht\u00ebrimi si besim kurr\u00eb nuk mund t\u00eb p\u00ebrhapet me an\u00eb t\u00eb dhun\u00ebs si psikologjike dhe fizike.<\/span><\/span><\/p>\n<p style=\"text-align: justify;\"><img class=\"lazyload\" decoding=\"async\" src=\"data:image\/svg+xml,%3Csvg%20xmlns%3D%27http%3A%2F%2Fwww.w3.org%2F2000%2Fsvg%27%20width%3D%27450%27%20height%3D%27267%27%20viewBox%3D%270%200%20450%20267%27%3E%3Crect%20width%3D%27450%27%20height%3D%27267%27%20fill-opacity%3D%220%22%2F%3E%3C%2Fsvg%3E\" data-orig-src=\"https:\/\/lh3.googleusercontent.com\/-x1i1QPyqEgQ\/Vk7vg8U1nGI\/AAAAAAAAQNI\/5DTgt7bfGHQ\/w640-h380-no\/Kryepeshkopi.jpg\" width=\"450\" height=\"267\" style=\"display: block; margin: 10px auto; border: 1px solid #000000;\" \/><\/p>\n<p style=\"text-align: justify;\"><span style=\"color: #000000;\"><span style=\"font-size: 12pt; font-family: helvetica;\"><\/span><span style=\"font-size: 12pt; font-family: helvetica;\">&nbsp; &nbsp; Kur disa ateist\u00eb p\u00ebrdorin fakte p\u00ebr luft\u00eb fetare dhe p\u00ebr k\u00ebt\u00eb i referohen Bibl\u00ebs n\u00eb Dhjat\u00ebn e Vjet\u00ebr ku na flitet p\u00ebr luft\u00ebrat e Izraelit me kombet, interpretimi i tyre \u00ebsht\u00eb i gabuar n\u00eb kontekstin si luft\u00eb fetare sot. Izraeli ishte nj\u00eb komb q\u00eb k\u00ebrkonte nj\u00eb vend dhe nj\u00eb mbret\u00ebri n\u00eb tok\u00eb t\u00eb cil\u00ebn e mori me luft\u00eb. Me ardhjen e Krishtit kjo mbret\u00ebri tok\u00ebsore nuk ekziston m\u00eb, sepse mbret\u00ebria e Zotit q\u00eb themeloi Krishti nuk \u00ebsht\u00eb n\u00eb ndonj\u00eb vend t\u00eb duksh\u00ebm tok\u00ebsor por n\u00eb zemrat e besimtar\u00ebve. Ai tha: \u201cMbret\u00ebria e Per\u00ebndis\u00eb nuk vjen n\u00eb m\u00ebnyr\u00eb t\u00eb dukshme, as nuk mund t\u00eb thuhet k\u00ebtu ose aty, por ja mbret\u00ebria e Per\u00ebndis\u00eb \u00ebsht\u00eb n\u00eb mesin tuaj\u201d (Lk. 17:21) Prandaj Krishti dhe Kisha nuk k\u00ebrkojn\u00eb nj\u00eb komb dhe nj\u00eb mbret\u00ebri tok\u00ebsore, k\u00ebshtu nuk mund t\u00eb p\u00ebrdorim mjetet e dhunshme t\u00eb k\u00ebsaj bote p\u00ebr mbrojtje dhe ekspansion. Ashtu si Krishti i p\u00ebrgjigjet Pilatit: \u201cMbret\u00ebria ime nuk \u00ebsht\u00eb e k\u00ebsaj jete, po t\u00eb ishte prej k\u00ebsaj bote mbret\u00ebria ime, sh\u00ebrb\u00ebtor\u00ebt e mi do t\u00eb p\u00ebrpiqeshin q\u00eb t\u00eb mos jepem n\u00eb duart e judenjve\u201d (Ll. 18: 36-37)<\/span><\/span><\/p>\n<p style=\"text-align: justify;\"><span style=\"color: #000000;\"><span style=\"font-size: 12pt; font-family: helvetica;\"><\/span><span style=\"font-size: 12pt; font-family: helvetica;\">&nbsp; &nbsp; Kur kjo ka ndodhur ndonj\u00ebher\u00eb gjat\u00eb historis\u00eb 2000 vje\u00e7are t\u00eb krishterimit, kjo nuk ka qen\u00eb nga i gjith\u00eb krisht\u00ebrimi dhe aq m\u00eb tep\u00ebr ka qen\u00eb nj\u00eb devijim i frym\u00ebs s\u00eb krishter\u00eb q\u00eb pavar\u00ebsisht se k\u00ebto kryq\u00ebzata u drejtuan kund\u00ebr armiqve t\u00eb kryqit degjeneruan dhe d\u00ebmtuan vet\u00eb t\u00eb krishter\u00ebt, sidomos kryq\u00ebzata e kat\u00ebrt 1204 q\u00eb sulmoi Kostandinopoj\u00ebn dhe terrorizoi popullat\u00ebn e krishter\u00eb orthodhokse dhe ata q\u00eb ndjehen p\u00ebrgjegj\u00ebs p\u00ebr k\u00ebto veprime sot kan\u00eb k\u00ebrkuar falje.<\/span><\/span><\/p>\n<p style=\"text-align: justify;\"><span style=\"color: #000000;\"><span style=\"font-size: 12pt; font-family: helvetica;\"><\/span><span style=\"font-size: 12pt; font-family: helvetica;\">&nbsp; &nbsp; Por edhe muslimanizmi q\u00eb \u00ebsht\u00eb nj\u00eb fe monoteiste nuk e shikon luft\u00ebn si t\u00eb shenjt\u00eb sepse kjo bie n\u00eb kontradikt\u00eb me vet\u00eb islamin q\u00eb do t\u00eb thot\u00eb paqe. Shum\u00eb teolog\u00eb t\u00eb sot\u00ebm mysliman\u00eb termin kuranor xhihad e p\u00ebrkthejn\u00eb n\u00eb katarsis t\u00eb brendsh\u00ebm d.m.th. me luft\u00eb q\u00eb b\u00ebn besimtari p\u00ebr t\u2019u pastruar nga pasionet m\u00ebkatare, q\u00eb nd\u00ebrfuten midis Zotit dhe njeriut dhe e prishin harmonin\u00eb e fes\u00eb. Prandaj nga ajo q\u00eb tham\u00eb m\u00eb sip\u00ebr as Zoti nuk e do luft\u00ebn, as fetar\u00ebt q\u00eb i besojn\u00eb Atij me t\u00eb v\u00ebrtet\u00eb nuk e duan. Sepse atje ku ka luft\u00eb nuk ka m\u00eb fe sepse nuk ka m\u00eb liri dhe atje ku nuk ka liri nuk ka m\u00eb Per\u00ebndi. Q\u00eb fetar\u00ebt e v\u00ebrtet\u00eb nuk e duan luft\u00ebn e v\u00ebrteton bashk\u00ebjetesa nd\u00ebr shekuj e t\u00eb krishter\u00ebve dhe e mysliman\u00ebve edhe n\u00eb ato vende ku sot ka konflikt dhe dhun\u00eb fetare. Ose nj\u00eb shembull m\u00eb t\u00eb preksh\u00ebm mund t\u00eb marrim vendin ton\u00eb ku t\u00eb krishter\u00ebt dhe mysliman\u00ebt jo vet\u00ebm bashk\u00ebjetojn\u00eb, por kan\u00eb edhe lidhje familjare dhe kjo nuk i pengon q\u00eb duke qen\u00eb t\u00eb ndrysh\u00ebm si fetar\u00eb t\u00eb jen\u00eb t\u00eb nj\u00ebjt\u00eb si familjar\u00eb, qytetar\u00eb dhe bashkatdhetar\u00eb.<\/span><\/span><\/p>\n<p style=\"text-align: justify;\"><span style=\"color: #000000;\"><span style=\"font-size: 12pt; font-family: helvetica;\"><\/span><strong><span style=\"font-size: 12pt; font-family: helvetica;\">&nbsp; &nbsp; Por kush \u00ebsht\u00eb fajtori?<\/span><\/strong><\/span><\/p>\n<p style=\"text-align: justify;\"><span style=\"color: #000000;\"><span style=\"font-size: 12pt; font-family: helvetica;\"><\/span><span style=\"font-size: 12pt; font-family: helvetica;\">&nbsp; &nbsp; P\u00ebr besimtarin shkaku i s\u00eb keqes nuk \u00ebsht\u00eb njeriu por ai q\u00eb e frym\u00ebzon at\u00eb p\u00ebr t\u00eb keqen dhe ky \u00ebsht\u00eb djalli, nj\u00eb engj\u00ebll rebel q\u00eb u largua nga prania e Zotit dhe e urren At\u00eb dhe gjith\u00eb vepr\u00ebn e tij dhe n\u00eb m\u00ebnyr\u00eb t\u00eb ve\u00e7ant\u00eb njeriun se te \u00e7do njeri ai shikon Zotin. Ky quhet babai i g\u00ebnjeshtr\u00ebs dhe njerivras\u00ebs q\u00eb nga fillimi. Ai ka emra t\u00eb ndrysh\u00ebm n\u00eb fe t\u00eb ndryshme si dragua, satan, shejtan,por \u00ebsht\u00eb i nj\u00ebjti, ai \u00ebsht\u00eb shkaku i par\u00eb i v\u00ebllavrasjes, i shkat\u00ebrrimit dhe i vdekjes. Ai \u00ebsht\u00eb mjesht\u00ebr i kamuflimit dhe me rrjet\u00ebn e tij t\u00eb madhe t\u00eb g\u00ebnjeshtr\u00ebs kap brenda saj shum\u00eb\u201cpeshq\u201d d.m.th. njer\u00ebz q\u00eb e humbin arsyen. Brenda saj gjejm\u00eb fetar\u00eb hipokrit\u00eb, heretik\u00eb, fondamentalist\u00eb ekstremist\u00eb,ateist\u00eb blasfemues, nacionalist\u00eb pa moral, lakmitar\u00eb t\u00eb pa ngopur, diktator\u00eb t\u00eb friksh\u00ebm, maskilist\u00eb, feminist\u00eb, t\u00eb devijuar, prind\u00ebr t\u00eb pap\u00ebrgjegjsh\u00ebm, t\u00eb rinj pa p\u00ebrvoj\u00eb, t\u00eb paditur deri tek indiferent\u00ebt dhe t\u00eb gjith\u00eb k\u00ebta mbasi i peshkon me rrjet\u00ebn e tij, i p\u00ebrplas me nj\u00ebri-tjetrin n\u00eb trullosje deri n\u00eb asgj\u00ebsim.<\/span><\/span><\/p>\n<p style=\"text-align: justify;\"><span style=\"color: #000000;\"><span style=\"font-size: 12pt; font-family: helvetica;\"><\/span><span style=\"font-size: 12pt; font-family: helvetica;\">&nbsp; &nbsp; P\u00ebr ironi t\u00eb fatit t\u00eb keq kur grupi i rrokut Eagles of Death Metal q\u00eb po performonte n\u00eb sall\u00ebn e koncerteve Bataclan po i k\u00ebndonte djallit duke i thirrur me aprovimin e turm\u00ebs \u201ckiss the devil\u201d, puth djallin, n\u00eb k\u00ebt\u00eb moment u d\u00ebgjuan krismat e arm\u00ebve dhe u vran\u00eb viktimat e para nga tre ekstremist\u00eb.<\/span><\/span><\/p>\n<p style=\"text-align: justify;\"><span style=\"color: #000000;\"><span style=\"font-size: 12pt; font-family: helvetica;\"><\/span><span style=\"font-size: 12pt; font-family: helvetica;\">&nbsp; &nbsp; Tani e gjet\u00ebm fajtorin, \u00ebsht\u00eb djalli dhe le ta godasim me gur\u00eb. T\u00eb nj\u00ebjt\u00ebn gj\u00eb b\u00ebri edhe \u00e7ifti i par\u00eb i njer\u00ebzimit q\u00eb kur Zoti po i k\u00ebrkonte llogari p\u00ebr m\u00ebkatin ata than\u00eb fajin e ka djalli. Por nuk \u00ebsht\u00eb vet\u00ebm faji i djallit i k\u00ebsaj t\u00eb keqeje kund\u00ebr njer\u00ebzimit, por dhe i vet\u00eb njer\u00ebzimit q\u00eb shpeshher\u00eb gjat\u00eb historis\u00eb s\u00eb tij e ka d\u00ebgjuar at\u00eb duke i sjell\u00eb luft\u00eb dhe vdekje vetvetes. Prandaj t\u00eb gjitha k\u00ebto q\u00eb po ndodhin duhet t\u00eb na tronditin n\u00eb themel t\u00eb qenies son\u00eb dhe duhet t\u00eb d\u00ebgjojm\u00eb z\u00ebrin e nd\u00ebrgjegjes q\u00eb \u00ebsht\u00eb z\u00ebri i Zotit te \u00e7dokush dhe na qorton duke na th\u00ebn\u00eb jeni duke gabuar r\u00ebnd\u00eb. Duhet t\u00eb reflektojm\u00eb sa m\u00eb shpejt dhe t\u00eb b\u00ebjm\u00eb nj\u00eb kthim nga rruga e gabuar ku po ecim.<\/span><\/span><\/p>\n<p style=\"text-align: justify;\"><span style=\"color: #000000;\"><span style=\"font-size: 12pt; font-family: helvetica;\"><\/span><span style=\"font-size: 12pt; font-family: helvetica;\">&nbsp; &nbsp; P\u00ebrgjegj\u00ebsin\u00eb e par\u00eb e kan\u00eb drejtuesit fetar\u00eb q\u00eb t\u00eb mos lejojn\u00eb me predikimet dhe shembullin e tyre t\u00eb tjet\u00ebrsohet imazhi i drejt\u00eb dhe i v\u00ebrtet\u00eb i Zotit t\u00eb paqes dhe dashuris\u00eb. Duhen marr\u00eb veprime konkrete dhe n\u00eb k\u00ebt\u00eb situat\u00eb m\u00eb kujtohet th\u00ebnia lapidare e Kryepiskopit t\u00eb Kish\u00ebs Orthodhokse Autoqefale t\u00eb Shqip\u00ebris\u00eb, Fortlumturis\u00eb s\u00eb tij Anastasit, i cili nd\u00ebrhyri p\u00ebr shuarjen e konfliktit t\u00eb serb\u00ebve dhe kosovar\u00ebve q\u00eb disa k\u00ebrkuan ta paraqisnin si nj\u00eb konflikt fetar,ai i tha: \u201caskush mos t\u00eb p\u00ebrdor\u00eb vajin e kandilit t\u00eb kish\u00ebs p\u00ebr t\u00eb ndezur zjarrin e urrejtjes fetare\u201d,madje mbas mbarimit t\u00eb luft\u00ebs ai b\u00ebri nj\u00eb veprim p\u00ebr t\u00eb qen\u00eb shembull, grumbulloi nga njer\u00ebz q\u00eb e duan paqen para dhe ua ofroi ato serb\u00ebve p\u00ebr t\u00eb rind\u00ebrtuar nj\u00eb kish\u00eb t\u00eb djegur nga kosovar\u00ebt dhe kosovar\u00ebve p\u00ebr t\u00eb nd\u00ebrtuar nj\u00eb xhami nga ekstremist\u00ebt serb\u00eb. Gjithashtu \u00ebsht\u00eb i spikatur kontributi i tij dhe i Kish\u00ebs Orthodhokse p\u00ebr p\u00ebrkujdesjen e 33\u2019000 kosovar\u00ebve q\u00eb shumica e tyre i p\u00ebrkisnin besimit mysliman, t\u00eb cil\u00ebt kur provuan mikpritjen humane t\u00eb Kish\u00ebs Orthodhokse than\u00eb: ne i dinim ndryshe t\u00eb krishter\u00ebt \u201cshkja\u201d, por na u b\u00ebn\u00eb v\u00ebllez\u00ebr. Po jo vet\u00ebm Kisha Orthodhokse por t\u00eb gjitha komunitet fetare kan\u00eb kontribuar n\u00eb ndihm\u00ebn shpirt\u00ebrore dhe sociale t\u00eb vendit dhe sidomos n\u00eb bashk\u00ebjetes\u00ebn fetare q\u00eb \u00ebsht\u00eb si nj\u00eb kuror\u00eb nderi p\u00ebr kombin.<\/span><\/span><\/p>\n<p style=\"text-align: justify;\"><span style=\"color: #000000;\"><span style=\"font-size: 12pt; font-family: helvetica;\"><\/span><span style=\"font-size: 12pt; font-family: helvetica;\">&nbsp; &nbsp; Gjithashtu kan\u00eb p\u00ebrgjegj\u00ebsi shtetar\u00ebt e vendit q\u00eb ta ruajn\u00eb k\u00ebt\u00eb mozaik t\u00eb bukur t\u00eb harmonis\u00eb fetare,ku shum\u00eb vende t\u00eb bot\u00ebs s\u00eb civilizuar me shum\u00eb se ne, na kane zili dhe e promovojn\u00eb Shqip\u00ebrin\u00eb si vendin e harmonis\u00eb dhe v\u00ebllaz\u00ebris\u00eb fetare duke e par\u00eb at\u00eb si nj\u00eb vend t\u00eb sigurt\u00eb p\u00ebr t\u00eb organizuar konferenca globale si ajo p\u00ebr paqen n\u00eb bot\u00eb n\u00eb datat 6 \u2013 8 shtator me tem\u00eb: \u201cPaqja \u00ebsht\u00eb gjithmon\u00eb e mundshme\u201d e organizuar nga komuniteti i Sant Egidios, Kish\u00ebs Orthodhokse dhe Kish\u00ebs Katolike n\u00eb bashk\u00ebpunim me Shtetin Shqiptar ku mor\u00ebn pjes\u00eb 500 delegat\u00eb nga 30 besime t\u00eb ndryshme nga e gjith\u00eb bota.<\/span><\/span><\/p>\n<p style=\"text-align: justify;\"><span style=\"color: #000000;\"><span style=\"font-size: 12pt; font-family: helvetica;\"><\/span><span style=\"font-size: 12pt; font-family: helvetica;\">&nbsp; &nbsp; Por shteti duhet t\u00eb ruaj\u00eb balanca t\u00eb barabarta dhe mos lejoj\u00eb diskriminim t\u00eb nj\u00eb grupi t\u00eb caktuar fetar dhe t\u00eb nd\u00ebrhyj\u00eb sipas ligjit p\u00ebr t\u00eb izoluar \u00e7do individ dhe grup q\u00eb k\u00ebrkon t\u00eb prish\u00eb k\u00ebt\u00eb harmoni, k\u00ebt\u00eb bashk\u00ebjetes\u00eb fetare,dhe t\u00eb mos i lejoj\u00eb q\u00eb t\u00eb prishin imazhin e brisht\u00eb t\u00eb Shqip\u00ebris\u00ebdhe ta b\u00ebj\u00eb at\u00eb nj\u00eb vend furnizues me element\u00eb terrorist\u00eb q\u00eb rrezikojn\u00eb paqen n\u00eb bot\u00eb. Por jo vet\u00ebm ekstremist\u00ebt fetar\u00eb por edhe ekstremist\u00ebt nacionalist\u00eb duhen ndaluar, se alkimia e k\u00ebtyre dy grupimeve prodhon energji shum\u00eb negative t\u00eb pamenaxhueshme p\u00ebr destabilitetin e vendit dhe rajonit.<\/span><\/span><\/p>\n<p style=\"text-align: justify;\"><span style=\"color: #000000;\"><span style=\"font-size: 12pt; font-family: helvetica;\"><\/span><span style=\"font-size: 12pt; font-family: helvetica;\">&nbsp; &nbsp; Gjithashtu ateist\u00ebt n\u00eb k\u00ebt\u00eb vend dhe n\u00eb t\u00eb gjith\u00eb bot\u00ebn e civilizuar t\u00eb mos akuzojn\u00eb vet\u00ebm fetar\u00ebt duke ia faturuar atyre t\u00eb gjith\u00eb d\u00ebmin, por t\u00eb b\u00ebjn\u00eb autokritik\u00ebn e tyre, t\u00eb mbajn\u00eb p\u00ebrgjegj\u00ebsi p\u00ebr \u00e7far\u00eb po ndodh si\u00e7 thuhet: \u201chipokrit hiqe m\u00eb par\u00eb trarin nga syri yt pastaj ashkl\u00ebn nga syri tjetrit\u201d t\u00eb mos blasfemojn\u00eb duke fyer sentimentin fetar dhe k\u00ebshtu krijojn\u00eb nj\u00eb fondamentalist ateist q\u00eb n\u00eb m\u00ebnyr\u00eb ekstreme i p\u00ebrndjek fetar\u00ebt duke qen\u00eb vet ata shembulli negativ i shkeljeve t\u00eb t\u00eb drejtave dhe liris\u00eb s\u00eb njeriut q\u00eb si parim themelor ka: \u201cLiria jote mbaron kur fillon liria e tjetrit\u201d. T\u00eb pushtetshmit dhe t\u00eb pasurit e bot\u00ebs, ata q\u00eb me an\u00eb t\u00eb paras\u00eb mendojn\u00eb se mund t\u00eb kontrollojn\u00eb dhe vendosin p\u00ebr gjith\u00e7ka, duhet t\u00eb kuptojn\u00eb se shkak i terrorizmit \u00ebsht\u00eb edhe varf\u00ebria me padrejt\u00ebsin\u00eb. Gjithashtu duhet t\u00eb kuptojn\u00eb se nuk jan\u00eb \u201czot\u201d por njer\u00ebz t\u00eb vdeksh\u00ebm dhe lufta \u00ebsht\u00eb nj\u00eb fatkeq\u00ebsi p\u00ebr t\u00eb gjith\u00eb dhe nga hiri i shkat\u00ebrrimit mund t\u00eb mbij\u00eb bari i fush\u00ebs por jo qytet\u00ebrimi human. T\u00eb gjith\u00eb njer\u00ebzit duhet t\u00eb kuptojn\u00eb se: \u201ci Zotit \u00ebsht\u00eb dheu dhe gjith\u00e7ka \u00ebsht\u00eb n\u00eb t\u00eb\u201c. Dhe se fundmi p\u00ebr mua kjo nuk \u00ebsht\u00eb luft\u00eb fetare as p\u00ebrplasje qytet\u00ebrimesh apo kulture dhe zona influence por mbrapa t\u00eb gjithave \u00ebsht\u00eb e keqja kund\u00ebr gjith\u00eb njer\u00ebzimit.<\/span><\/span><\/p>\n<p style=\"text-align: justify;\"><span style=\"color: #000000;\"><span style=\"font-size: 12pt; font-family: helvetica;\"><\/span><span style=\"font-size: 12pt; font-family: helvetica;\">&nbsp; &nbsp; Le ta ndalojm\u00eb s\u00eb bashku, fetar\u00eb dhe ateist\u00eb, k\u00ebt\u00eb t\u00eb keqe sa nuk \u00ebsht\u00eb von\u00eb p\u00ebr t\u00eb gjith\u00eb!<\/span><\/span><\/p>\n<p style=\"text-align: justify;\">&nbsp;<\/p>\n<p style=\"text-align: right;\"><span style=\"color: #000000;\"><span style=\"font-size: 12pt; font-family: helvetica;\"><\/span><strong><span style=\"font-size: 12pt; font-family: helvetica;\">Nga Miron \u00c7ako,&nbsp;P\u00ebrgjegj\u00ebs i Zyr\u00ebs s\u00eb Katekizmit<\/span><\/strong><\/span><\/p>\n<p style=\"text-align: right;\">&nbsp;<\/p>\n<p style=\"text-align: center;\"><img class=\"lazyload\" decoding=\"async\" style=\"display: block; margin: 10px auto; border: 1px solid #000000;\" alt=\"\" src=\"data:image\/svg+xml,%3Csvg%20xmlns%3D%27http%3A%2F%2Fwww.w3.org%2F2000%2Fsvg%27%20width%3D%27450%27%20height%3D%27412%27%20viewBox%3D%270%200%20450%20412%27%3E%3Crect%20width%3D%27450%27%20height%3D%27412%27%20fill-opacity%3D%220%22%2F%3E%3C%2Fsvg%3E\" data-orig-src=\"https:\/\/lh4.googleusercontent.com\/-f0vUlAK2sGY\/VjsT5bpaH1I\/AAAAAAAAQEk\/69ARUi8GJlo\/w631-h578-no\/foto+mironi+web+2.JPG\" height=\"412\" width=\"450\" \/><\/p>\n","protected":false},"excerpt":{"rendered":"<p>Botuar n\u00eb gazet\u00ebn &#8220;Tirana Observer&#8221; &amp; &#8220;Balkanweb&#8221; online, dt. 19, 20 n\u00ebntor 2015 &nbsp; &nbsp; Duke par\u00eb dhe duke d\u00ebgjuar p\u00ebrgjat\u00eb gjith\u00eb k\u00ebtyre dit\u00ebve, t\u00eb mbushura me tension p\u00ebr t\u00eb vrar\u00ebt 129 viktima dhe t\u00eb plagosurit e shumt\u00eb n\u00eb rrug\u00ebt e Parisit, nga dhuna patologjike e disa njer\u00ebzve fondamentalist\u00eb ekstremist\u00eb, t\u00eb cil\u00ebt mendojn\u00eb se duke vrar\u00eb veten dhe t\u00eb tjer\u00ebt i sh\u00ebrbejn\u00eb Zotit (Allahut), instinkti<\/p>\n","protected":false},"author":1,"featured_media":4240,"comment_status":"open","ping_status":"open","sticky":false,"template":"","format":"standard","meta":{"_acf_changed":false,"pagelayer_contact_templates":[],"_pagelayer_content":"","inline_featured_image":false,"fifu_image_url":"","fifu_image_alt":"","footnotes":""},"categories":[108],"tags":[139,196,212],"class_list":["post-4269","post","type-post","status-publish","format-standard","has-post-thumbnail","hentry","category-lajme","tag-139","tag-tirane","tag-lajme-d27"],"acf":[],"yoast_head":"<!-- This site is optimized with the Yoast SEO plugin v27.2 - https:\/\/yoast.com\/product\/yoast-seo-wordpress\/ -->\n<title>A \u00ebsht\u00eb feja shkak i luft\u00ebrave? - Kisha Orthodh\u03bfkse Autoqefale e Shqip\u00ebris\u00eb<\/title>\n<meta name=\"robots\" content=\"index, follow, max-snippet:-1, max-image-preview:large, max-video-preview:-1\" \/>\n<link rel=\"canonical\" href=\"https:\/\/orthodoxalbania.org\/2020\/2015\/11\/20\/a-eshte-feja-shkak-i-lufterave\/\" \/>\n<meta property=\"og:locale\" content=\"en_US\" \/>\n<meta property=\"og:type\" content=\"article\" \/>\n<meta property=\"og:title\" content=\"A \u00ebsht\u00eb feja shkak i luft\u00ebrave? - Kisha Orthodh\u03bfkse Autoqefale e Shqip\u00ebris\u00eb\" \/>\n<meta property=\"og:description\" content=\"Botuar n\u00eb gazet\u00ebn &#8220;Tirana Observer&#8221; &amp; &#8220;Balkanweb&#8221; online, dt. 19, 20 n\u00ebntor 2015 &nbsp; &nbsp; Duke par\u00eb dhe duke d\u00ebgjuar p\u00ebrgjat\u00eb gjith\u00eb k\u00ebtyre dit\u00ebve, t\u00eb mbushura me tension p\u00ebr t\u00eb vrar\u00ebt 129 viktima dhe t\u00eb plagosurit e shumt\u00eb n\u00eb rrug\u00ebt e Parisit, nga dhuna patologjike e disa njer\u00ebzve fondamentalist\u00eb ekstremist\u00eb, t\u00eb cil\u00ebt mendojn\u00eb se duke vrar\u00eb veten dhe t\u00eb tjer\u00ebt i sh\u00ebrbejn\u00eb Zotit (Allahut), instinkti\" \/>\n<meta property=\"og:url\" content=\"https:\/\/orthodoxalbania.org\/2020\/2015\/11\/20\/a-eshte-feja-shkak-i-lufterave\/\" \/>\n<meta property=\"og:site_name\" content=\"Kisha Orthodh\u03bfkse Autoqefale e Shqip\u00ebris\u00eb\" \/>\n<meta property=\"article:publisher\" content=\"https:\/\/www.facebook.com\/koash1991\" \/>\n<meta property=\"article:published_time\" content=\"2015-11-20T09:48:55+00:00\" \/>\n<meta property=\"article:modified_time\" content=\"2020-04-06T20:02:05+00:00\" \/>\n<meta property=\"og:image\" content=\"https:\/\/orthodoxalbania.org\/2020\/wp-content\/uploads\/2020\/04\/foto%2Bmironi%2Bweb%2B2.JPG\" \/>\n\t<meta property=\"og:image:width\" content=\"150\" \/>\n\t<meta property=\"og:image:height\" content=\"150\" \/>\n\t<meta property=\"og:image:type\" content=\"image\/jpeg\" \/>\n<meta name=\"author\" content=\"Kisha Orthodhokse\" \/>\n<meta name=\"twitter:card\" content=\"summary_large_image\" \/>\n<meta name=\"twitter:label1\" content=\"Written by\" \/>\n\t<meta name=\"twitter:data1\" content=\"Kisha Orthodhokse\" \/>\n\t<meta name=\"twitter:label2\" content=\"Est. reading time\" \/>\n\t<meta name=\"twitter:data2\" content=\"15 minutes\" \/>\n<script type=\"application\/ld+json\" class=\"yoast-schema-graph\">{\"@context\":\"https:\/\/schema.org\",\"@graph\":[{\"@type\":\"Article\",\"@id\":\"https:\/\/orthodoxalbania.org\/2020\/2015\/11\/20\/a-eshte-feja-shkak-i-lufterave\/#article\",\"isPartOf\":{\"@id\":\"https:\/\/orthodoxalbania.org\/2020\/2015\/11\/20\/a-eshte-feja-shkak-i-lufterave\/\"},\"author\":{\"name\":\"Kisha Orthodhokse\",\"@id\":\"https:\/\/orthodoxalbania.org\/2020\/#\/schema\/person\/0c387634a7063ac612d7ed9ce71c7e86\"},\"headline\":\"A \u00ebsht\u00eb feja shkak i luft\u00ebrave?\",\"datePublished\":\"2015-11-20T09:48:55+00:00\",\"dateModified\":\"2020-04-06T20:02:05+00:00\",\"mainEntityOfPage\":{\"@id\":\"https:\/\/orthodoxalbania.org\/2020\/2015\/11\/20\/a-eshte-feja-shkak-i-lufterave\/\"},\"wordCount\":3007,\"commentCount\":0,\"publisher\":{\"@id\":\"https:\/\/orthodoxalbania.org\/2020\/#organization\"},\"image\":{\"@id\":\"https:\/\/orthodoxalbania.org\/2020\/2015\/11\/20\/a-eshte-feja-shkak-i-lufterave\/#primaryimage\"},\"thumbnailUrl\":\"https:\/\/orthodoxalbania.org\/2020\/wp-content\/uploads\/2020\/04\/foto%2Bmironi%2Bweb%2B2.JPG\",\"keywords\":[\"2015\",\"Kryepiskopata Tiran\u00eb\",\"lajme\"],\"articleSection\":[\"Lajme\"],\"inLanguage\":\"en-US\"},{\"@type\":\"WebPage\",\"@id\":\"https:\/\/orthodoxalbania.org\/2020\/2015\/11\/20\/a-eshte-feja-shkak-i-lufterave\/\",\"url\":\"https:\/\/orthodoxalbania.org\/2020\/2015\/11\/20\/a-eshte-feja-shkak-i-lufterave\/\",\"name\":\"A \u00ebsht\u00eb feja shkak i luft\u00ebrave? - Kisha Orthodh\u03bfkse Autoqefale e Shqip\u00ebris\u00eb\",\"isPartOf\":{\"@id\":\"https:\/\/orthodoxalbania.org\/2020\/#website\"},\"primaryImageOfPage\":{\"@id\":\"https:\/\/orthodoxalbania.org\/2020\/2015\/11\/20\/a-eshte-feja-shkak-i-lufterave\/#primaryimage\"},\"image\":{\"@id\":\"https:\/\/orthodoxalbania.org\/2020\/2015\/11\/20\/a-eshte-feja-shkak-i-lufterave\/#primaryimage\"},\"thumbnailUrl\":\"https:\/\/orthodoxalbania.org\/2020\/wp-content\/uploads\/2020\/04\/foto%2Bmironi%2Bweb%2B2.JPG\",\"datePublished\":\"2015-11-20T09:48:55+00:00\",\"dateModified\":\"2020-04-06T20:02:05+00:00\",\"breadcrumb\":{\"@id\":\"https:\/\/orthodoxalbania.org\/2020\/2015\/11\/20\/a-eshte-feja-shkak-i-lufterave\/#breadcrumb\"},\"inLanguage\":\"en-US\",\"potentialAction\":[{\"@type\":\"ReadAction\",\"target\":[\"https:\/\/orthodoxalbania.org\/2020\/2015\/11\/20\/a-eshte-feja-shkak-i-lufterave\/\"]}]},{\"@type\":\"ImageObject\",\"inLanguage\":\"en-US\",\"@id\":\"https:\/\/orthodoxalbania.org\/2020\/2015\/11\/20\/a-eshte-feja-shkak-i-lufterave\/#primaryimage\",\"url\":\"https:\/\/orthodoxalbania.org\/2020\/wp-content\/uploads\/2020\/04\/foto%2Bmironi%2Bweb%2B2.JPG\",\"contentUrl\":\"https:\/\/orthodoxalbania.org\/2020\/wp-content\/uploads\/2020\/04\/foto%2Bmironi%2Bweb%2B2.JPG\",\"width\":150,\"height\":150},{\"@type\":\"BreadcrumbList\",\"@id\":\"https:\/\/orthodoxalbania.org\/2020\/2015\/11\/20\/a-eshte-feja-shkak-i-lufterave\/#breadcrumb\",\"itemListElement\":[{\"@type\":\"ListItem\",\"position\":1,\"name\":\"Home\",\"item\":\"https:\/\/orthodoxalbania.org\/2020\/\"},{\"@type\":\"ListItem\",\"position\":2,\"name\":\"A \u00ebsht\u00eb feja shkak i luft\u00ebrave?\"}]},{\"@type\":\"WebSite\",\"@id\":\"https:\/\/orthodoxalbania.org\/2020\/#website\",\"url\":\"https:\/\/orthodoxalbania.org\/2020\/\",\"name\":\"Kisha Orthodh\u03bfkse Autoqefale e Shqip\u00ebris\u00eb\",\"description\":\"Fqja Zyrtare e Kish\u00ebs Orthodhokse Autoqefale e Shqip\u00ebris\u00eb me lajmet edhe informacionet zyrtare p\u00ebr struktur\u00ebn edhe veprimtarin e saj.\",\"publisher\":{\"@id\":\"https:\/\/orthodoxalbania.org\/2020\/#organization\"},\"potentialAction\":[{\"@type\":\"SearchAction\",\"target\":{\"@type\":\"EntryPoint\",\"urlTemplate\":\"https:\/\/orthodoxalbania.org\/2020\/?s={search_term_string}\"},\"query-input\":{\"@type\":\"PropertyValueSpecification\",\"valueRequired\":true,\"valueName\":\"search_term_string\"}}],\"inLanguage\":\"en-US\"},{\"@type\":\"Organization\",\"@id\":\"https:\/\/orthodoxalbania.org\/2020\/#organization\",\"name\":\"Kisha Orthodhokse Autoqefale e Shqip\u00ebris\u00eb\",\"url\":\"https:\/\/orthodoxalbania.org\/2020\/\",\"logo\":{\"@type\":\"ImageObject\",\"inLanguage\":\"en-US\",\"@id\":\"https:\/\/orthodoxalbania.org\/2020\/#\/schema\/logo\/image\/\",\"url\":\"https:\/\/orthodoxalbania.org\/2020\/wp-content\/uploads\/2020\/05\/albania.jpeg\",\"contentUrl\":\"https:\/\/orthodoxalbania.org\/2020\/wp-content\/uploads\/2020\/05\/albania.jpeg\",\"width\":540,\"height\":540,\"caption\":\"Kisha Orthodhokse Autoqefale e Shqip\u00ebris\u00eb\"},\"image\":{\"@id\":\"https:\/\/orthodoxalbania.org\/2020\/#\/schema\/logo\/image\/\"},\"sameAs\":[\"https:\/\/www.facebook.com\/koash1991\"]},{\"@type\":\"Person\",\"@id\":\"https:\/\/orthodoxalbania.org\/2020\/#\/schema\/person\/0c387634a7063ac612d7ed9ce71c7e86\",\"name\":\"Kisha Orthodhokse\",\"image\":{\"@type\":\"ImageObject\",\"inLanguage\":\"en-US\",\"@id\":\"https:\/\/secure.gravatar.com\/avatar\/596e7c417251e30f2fbb9c00e026fce61a695a00e51c889caded71c96cbbdde5?s=96&d=mm&r=g\",\"url\":\"https:\/\/secure.gravatar.com\/avatar\/596e7c417251e30f2fbb9c00e026fce61a695a00e51c889caded71c96cbbdde5?s=96&d=mm&r=g\",\"contentUrl\":\"https:\/\/secure.gravatar.com\/avatar\/596e7c417251e30f2fbb9c00e026fce61a695a00e51c889caded71c96cbbdde5?s=96&d=mm&r=g\",\"caption\":\"Kisha Orthodhokse\"}}]}<\/script>\n<!-- \/ Yoast SEO plugin. -->","yoast_head_json":{"title":"A \u00ebsht\u00eb feja shkak i luft\u00ebrave? - Kisha Orthodh\u03bfkse Autoqefale e Shqip\u00ebris\u00eb","robots":{"index":"index","follow":"follow","max-snippet":"max-snippet:-1","max-image-preview":"max-image-preview:large","max-video-preview":"max-video-preview:-1"},"canonical":"https:\/\/orthodoxalbania.org\/2020\/2015\/11\/20\/a-eshte-feja-shkak-i-lufterave\/","og_locale":"en_US","og_type":"article","og_title":"A \u00ebsht\u00eb feja shkak i luft\u00ebrave? - Kisha Orthodh\u03bfkse Autoqefale e Shqip\u00ebris\u00eb","og_description":"Botuar n\u00eb gazet\u00ebn &#8220;Tirana Observer&#8221; &amp; &#8220;Balkanweb&#8221; online, dt. 19, 20 n\u00ebntor 2015 &nbsp; &nbsp; Duke par\u00eb dhe duke d\u00ebgjuar p\u00ebrgjat\u00eb gjith\u00eb k\u00ebtyre dit\u00ebve, t\u00eb mbushura me tension p\u00ebr t\u00eb vrar\u00ebt 129 viktima dhe t\u00eb plagosurit e shumt\u00eb n\u00eb rrug\u00ebt e Parisit, nga dhuna patologjike e disa njer\u00ebzve fondamentalist\u00eb ekstremist\u00eb, t\u00eb cil\u00ebt mendojn\u00eb se duke vrar\u00eb veten dhe t\u00eb tjer\u00ebt i sh\u00ebrbejn\u00eb Zotit (Allahut), instinkti","og_url":"https:\/\/orthodoxalbania.org\/2020\/2015\/11\/20\/a-eshte-feja-shkak-i-lufterave\/","og_site_name":"Kisha Orthodh\u03bfkse Autoqefale e Shqip\u00ebris\u00eb","article_publisher":"https:\/\/www.facebook.com\/koash1991","article_published_time":"2015-11-20T09:48:55+00:00","article_modified_time":"2020-04-06T20:02:05+00:00","og_image":[{"width":150,"height":150,"url":"https:\/\/orthodoxalbania.org\/2020\/wp-content\/uploads\/2020\/04\/foto%2Bmironi%2Bweb%2B2.JPG","type":"image\/jpeg"}],"author":"Kisha Orthodhokse","twitter_card":"summary_large_image","twitter_misc":{"Written by":"Kisha Orthodhokse","Est. reading time":"15 minutes"},"schema":{"@context":"https:\/\/schema.org","@graph":[{"@type":"Article","@id":"https:\/\/orthodoxalbania.org\/2020\/2015\/11\/20\/a-eshte-feja-shkak-i-lufterave\/#article","isPartOf":{"@id":"https:\/\/orthodoxalbania.org\/2020\/2015\/11\/20\/a-eshte-feja-shkak-i-lufterave\/"},"author":{"name":"Kisha Orthodhokse","@id":"https:\/\/orthodoxalbania.org\/2020\/#\/schema\/person\/0c387634a7063ac612d7ed9ce71c7e86"},"headline":"A \u00ebsht\u00eb feja shkak i luft\u00ebrave?","datePublished":"2015-11-20T09:48:55+00:00","dateModified":"2020-04-06T20:02:05+00:00","mainEntityOfPage":{"@id":"https:\/\/orthodoxalbania.org\/2020\/2015\/11\/20\/a-eshte-feja-shkak-i-lufterave\/"},"wordCount":3007,"commentCount":0,"publisher":{"@id":"https:\/\/orthodoxalbania.org\/2020\/#organization"},"image":{"@id":"https:\/\/orthodoxalbania.org\/2020\/2015\/11\/20\/a-eshte-feja-shkak-i-lufterave\/#primaryimage"},"thumbnailUrl":"https:\/\/orthodoxalbania.org\/2020\/wp-content\/uploads\/2020\/04\/foto%2Bmironi%2Bweb%2B2.JPG","keywords":["2015","Kryepiskopata Tiran\u00eb","lajme"],"articleSection":["Lajme"],"inLanguage":"en-US"},{"@type":"WebPage","@id":"https:\/\/orthodoxalbania.org\/2020\/2015\/11\/20\/a-eshte-feja-shkak-i-lufterave\/","url":"https:\/\/orthodoxalbania.org\/2020\/2015\/11\/20\/a-eshte-feja-shkak-i-lufterave\/","name":"A \u00ebsht\u00eb feja shkak i luft\u00ebrave? - Kisha Orthodh\u03bfkse Autoqefale e Shqip\u00ebris\u00eb","isPartOf":{"@id":"https:\/\/orthodoxalbania.org\/2020\/#website"},"primaryImageOfPage":{"@id":"https:\/\/orthodoxalbania.org\/2020\/2015\/11\/20\/a-eshte-feja-shkak-i-lufterave\/#primaryimage"},"image":{"@id":"https:\/\/orthodoxalbania.org\/2020\/2015\/11\/20\/a-eshte-feja-shkak-i-lufterave\/#primaryimage"},"thumbnailUrl":"https:\/\/orthodoxalbania.org\/2020\/wp-content\/uploads\/2020\/04\/foto%2Bmironi%2Bweb%2B2.JPG","datePublished":"2015-11-20T09:48:55+00:00","dateModified":"2020-04-06T20:02:05+00:00","breadcrumb":{"@id":"https:\/\/orthodoxalbania.org\/2020\/2015\/11\/20\/a-eshte-feja-shkak-i-lufterave\/#breadcrumb"},"inLanguage":"en-US","potentialAction":[{"@type":"ReadAction","target":["https:\/\/orthodoxalbania.org\/2020\/2015\/11\/20\/a-eshte-feja-shkak-i-lufterave\/"]}]},{"@type":"ImageObject","inLanguage":"en-US","@id":"https:\/\/orthodoxalbania.org\/2020\/2015\/11\/20\/a-eshte-feja-shkak-i-lufterave\/#primaryimage","url":"https:\/\/orthodoxalbania.org\/2020\/wp-content\/uploads\/2020\/04\/foto%2Bmironi%2Bweb%2B2.JPG","contentUrl":"https:\/\/orthodoxalbania.org\/2020\/wp-content\/uploads\/2020\/04\/foto%2Bmironi%2Bweb%2B2.JPG","width":150,"height":150},{"@type":"BreadcrumbList","@id":"https:\/\/orthodoxalbania.org\/2020\/2015\/11\/20\/a-eshte-feja-shkak-i-lufterave\/#breadcrumb","itemListElement":[{"@type":"ListItem","position":1,"name":"Home","item":"https:\/\/orthodoxalbania.org\/2020\/"},{"@type":"ListItem","position":2,"name":"A \u00ebsht\u00eb feja shkak i luft\u00ebrave?"}]},{"@type":"WebSite","@id":"https:\/\/orthodoxalbania.org\/2020\/#website","url":"https:\/\/orthodoxalbania.org\/2020\/","name":"Kisha Orthodh\u03bfkse Autoqefale e Shqip\u00ebris\u00eb","description":"Fqja Zyrtare e Kish\u00ebs Orthodhokse Autoqefale e Shqip\u00ebris\u00eb me lajmet edhe informacionet zyrtare p\u00ebr struktur\u00ebn edhe veprimtarin e saj.","publisher":{"@id":"https:\/\/orthodoxalbania.org\/2020\/#organization"},"potentialAction":[{"@type":"SearchAction","target":{"@type":"EntryPoint","urlTemplate":"https:\/\/orthodoxalbania.org\/2020\/?s={search_term_string}"},"query-input":{"@type":"PropertyValueSpecification","valueRequired":true,"valueName":"search_term_string"}}],"inLanguage":"en-US"},{"@type":"Organization","@id":"https:\/\/orthodoxalbania.org\/2020\/#organization","name":"Kisha Orthodhokse Autoqefale e Shqip\u00ebris\u00eb","url":"https:\/\/orthodoxalbania.org\/2020\/","logo":{"@type":"ImageObject","inLanguage":"en-US","@id":"https:\/\/orthodoxalbania.org\/2020\/#\/schema\/logo\/image\/","url":"https:\/\/orthodoxalbania.org\/2020\/wp-content\/uploads\/2020\/05\/albania.jpeg","contentUrl":"https:\/\/orthodoxalbania.org\/2020\/wp-content\/uploads\/2020\/05\/albania.jpeg","width":540,"height":540,"caption":"Kisha Orthodhokse Autoqefale e Shqip\u00ebris\u00eb"},"image":{"@id":"https:\/\/orthodoxalbania.org\/2020\/#\/schema\/logo\/image\/"},"sameAs":["https:\/\/www.facebook.com\/koash1991"]},{"@type":"Person","@id":"https:\/\/orthodoxalbania.org\/2020\/#\/schema\/person\/0c387634a7063ac612d7ed9ce71c7e86","name":"Kisha Orthodhokse","image":{"@type":"ImageObject","inLanguage":"en-US","@id":"https:\/\/secure.gravatar.com\/avatar\/596e7c417251e30f2fbb9c00e026fce61a695a00e51c889caded71c96cbbdde5?s=96&d=mm&r=g","url":"https:\/\/secure.gravatar.com\/avatar\/596e7c417251e30f2fbb9c00e026fce61a695a00e51c889caded71c96cbbdde5?s=96&d=mm&r=g","contentUrl":"https:\/\/secure.gravatar.com\/avatar\/596e7c417251e30f2fbb9c00e026fce61a695a00e51c889caded71c96cbbdde5?s=96&d=mm&r=g","caption":"Kisha Orthodhokse"}}]}},"_links":{"self":[{"href":"https:\/\/orthodoxalbania.org\/2020\/wp-json\/wp\/v2\/posts\/4269","targetHints":{"allow":["GET"]}}],"collection":[{"href":"https:\/\/orthodoxalbania.org\/2020\/wp-json\/wp\/v2\/posts"}],"about":[{"href":"https:\/\/orthodoxalbania.org\/2020\/wp-json\/wp\/v2\/types\/post"}],"author":[{"embeddable":true,"href":"https:\/\/orthodoxalbania.org\/2020\/wp-json\/wp\/v2\/users\/1"}],"replies":[{"embeddable":true,"href":"https:\/\/orthodoxalbania.org\/2020\/wp-json\/wp\/v2\/comments?post=4269"}],"version-history":[{"count":1,"href":"https:\/\/orthodoxalbania.org\/2020\/wp-json\/wp\/v2\/posts\/4269\/revisions"}],"predecessor-version":[{"id":14944,"href":"https:\/\/orthodoxalbania.org\/2020\/wp-json\/wp\/v2\/posts\/4269\/revisions\/14944"}],"wp:featuredmedia":[{"embeddable":true,"href":"https:\/\/orthodoxalbania.org\/2020\/wp-json\/wp\/v2\/media\/4240"}],"wp:attachment":[{"href":"https:\/\/orthodoxalbania.org\/2020\/wp-json\/wp\/v2\/media?parent=4269"}],"wp:term":[{"taxonomy":"category","embeddable":true,"href":"https:\/\/orthodoxalbania.org\/2020\/wp-json\/wp\/v2\/categories?post=4269"},{"taxonomy":"post_tag","embeddable":true,"href":"https:\/\/orthodoxalbania.org\/2020\/wp-json\/wp\/v2\/tags?post=4269"}],"curies":[{"name":"wp","href":"https:\/\/api.w.org\/{rel}","templated":true}]}}