{"id":4251,"date":"2015-11-10T11:38:12","date_gmt":"2015-11-10T11:38:12","guid":{"rendered":""},"modified":"2020-04-06T22:02:05","modified_gmt":"2020-04-06T20:02:05","slug":"vatikan-kryepiskopit-anastas-i-jepet-cmimi-giuseppe-sciacca","status":"publish","type":"post","link":"https:\/\/orthodoxalbania.org\/2020\/2015\/11\/10\/vatikan-kryepiskopit-anastas-i-jepet-cmimi-giuseppe-sciacca\/","title":{"rendered":"Vatikan \u2013 Kryepiskopit Anastas, i jepet \u00c7mimi \u201cGiuseppe Sciacca\u201d"},"content":{"rendered":"<p style=\"text-align: justify;\">\n\t&nbsp;<\/p>\n<p> <\/p>\n<p>\n\t&nbsp;<\/p>\n<p style=\"text-align: justify;\">\n\t<span style=\"font-size: 12pt; font-family: helvetica; color: #000000;\">&nbsp; <span style=\"color: #ff6600;\">&nbsp; <span style=\"color: #000000;\">M\u00eb 7 n\u00ebntor 2015, n\u00eb or\u00ebn 17.30, u zhvillua ceremonia zyrtare e dor\u00ebzimit t\u00eb \u00c7mimeve Nd\u00ebrkomb\u00ebtare \u201cGiuseppe Shacca\u201d, n\u00eb Aula Magna t\u00eb Universitetit Pontifik Urbaniana, n\u00eb qytetin e Vatikanit. Dor\u00ebzimi u b\u00eb n\u00eb nj\u00eb sall\u00eb t\u00eb mbushur plot e p\u00ebrplot, n\u00eb prani t\u00eb autoriteteve t\u00eb larta kishtare, ku dalloheshin kardinal\u00ebt Dario Kastrillon Hoyos, George Pell dhe Raffaele Farina, p\u00ebrfaq\u00ebsuesve t\u00eb lart\u00eb politik\u00eb, t\u00eb magjistratur\u00ebs, t\u00eb Forcave t\u00eb Armatosura, intelektual\u00ebve dhe artist\u00ebve t\u00eb njohur etj. Kishte edhe nj\u00eb pjes\u00ebmarrje t\u00eb gjer\u00eb t\u00eb mediave vendase e nd\u00ebrkomb\u00ebtare.<\/span><\/span><\/span><\/p>\n<p style=\"text-align: justify;\">\n\t<span style=\"font-size: 12pt; font-family: helvetica; color: #000000;\">&nbsp; &nbsp; Nj\u00eb nga \u00c7mimet kryesore iu dor\u00ebzua Kryepiskopit t\u00eb Tiran\u00ebs, Durr\u00ebsit dhe t\u00eb Gjith\u00eb Shqip\u00ebris\u00eb, Prof. Dr. Anastasit \u201cP\u00ebr Aktivitet hierapostolik, Solidaritet social dhe Humaniz\u00ebm\u201d, duke vler\u00ebsuar vepr\u00ebn e jasht\u00ebzakonshme dhe rrezatuese t\u00eb Fortlumturis\u00eb s\u00eb Tij gjat\u00eb gjith\u00eb jet\u00ebs dhe kudo ku ka sh\u00ebrbyer, duke ve\u00e7uar vepr\u00ebn e tij si teolog dhe historian i feve, vepr\u00ebn e madhe sociale n\u00eb ndihm\u00eb t\u00eb m\u00eb t\u00eb privuarve, 10 vitet e sh\u00ebrbimit n\u00eb Afrik\u00eb dhe vepr\u00ebn e jasht\u00ebzakonshme p\u00ebr ringritjen nga g\u00ebrmadhat t\u00eb Kish\u00ebs Orthodhokse Autoqefale t\u00eb Shqip\u00ebris\u00eb. <\/span><\/p>\n<p style=\"text-align: justify;\">\n\t<span style=\"font-size: 12pt; font-family: helvetica; color: #000000;\">&nbsp; &nbsp; Mes duartrokitjeve t\u00eb ngrohta t\u00eb t\u00eb pranishm\u00ebve, Presidenti i \u00c7mimit, Prof. Rev. Bruno Lima i dor\u00ebzoi Kryepsikopit Anastas statuj\u00ebn e kristalt\u00eb. M\u00eb pas, Kryepsikopi b\u00ebri nj\u00eb fal\u00ebnderim t\u00eb shkurt\u00ebr, duke theksuar se duhet t\u00eb ofrojm\u00eb veten ton\u00eb, duke ndar\u00eb me p\u00ebrul\u00ebsi at\u00eb q\u00eb kemi marr\u00eb nga Per\u00ebndia &#8211; ky \u00ebsht\u00eb principi q\u00eb mbetet themelor p\u00ebr individ\u00eb, familje apo kombe. P\u00ebrsh\u00ebndetja e Fortlumturis\u00eb s\u00eb Tij u shoq\u00ebruan s\u00ebrish m\u00eb duartrokitje t\u00eb gjata dhe t\u00eb nxehta.<\/span><\/p>\n<p style=\"text-align: justify;\">\n\t<span style=\"font-size: 12pt; font-family: helvetica; color: #000000;\">&nbsp; &nbsp;\u00c7mimi nd\u00ebrkomb\u00ebtar \u201cGiuseppe Shacca\u201d (www.premiosciacca.it), \u00ebsht\u00eb n\u00ebn p\u00ebrkujdesjen e Presidenc\u00ebs s\u00eb Republik\u00ebs Italiane, t\u00eb ministrive italiane, t\u00eb komiteteve olimpike komb\u00ebtare, t\u00eb universiteteve etj. dhe \u00ebsht\u00eb nj\u00eb prej institucioneve m\u00eb t\u00eb m\u00ebdha n\u00eb shkall\u00eb bot\u00ebrore. Ka si q\u00ebllim vullnetarizmin kulturor, shkencor e social, miq\u00ebsin\u00eb dhe p\u00ebrparimin e p\u00ebrbashk\u00ebt t\u00eb kombeve, vlerat njer\u00ebzore dhe t\u00eb rinjt\u00eb. Gjithashtu, ky fondacion kryen edhe veprimtari bamir\u00ebse, duke mbledhur donacione p\u00ebr spitale f\u00ebmij\u00ebsh etj.<\/span><\/p>\n<p style=\"text-align: justify;\">\n\t<span style=\"font-size: 12pt; font-family: helvetica; color: #000000;\">&nbsp; &nbsp; President Nderi i \u00c7mimit \u00ebsht\u00eb kardinali Dario Castrillon Hoyos dhe President prof. Rev. Bruno Lima, klerik dhe intelektual i njohur, q\u00eb \u00ebsht\u00eb edhe themeluesi i tij. Kryetar i Komisionit t\u00eb Vler\u00ebsimit \u00ebsht\u00eb gjykat\u00ebsi dhe Presidenti i nderit i K\u00ebshillit t\u00eb Shtetit, Giuseppe Santanielo dhe Sekretare e P\u00ebrgjithshme, arkeologia dhe specialistja e \u00e7\u00ebshtjeve t\u00eb komunikimit, prof. Bafataki. \u00cbsht\u00eb themeluar para 14 vjet\u00ebsh, n\u00eb kujtim t\u00eb Giuseppe Shacca, studenti 26-vje\u00e7ar i arkitektur\u00ebs, shembull i moralit dhe i kontributit n\u00eb shoq\u00ebri.<\/span><\/p>\n<p style=\"text-align: justify;\">\n\t&nbsp;<\/p>\n<p style=\"text-align: justify;\">\n\t&nbsp;<\/p>\n<p style=\"text-align: center;\">\n\t<iframe allowfullscreen=\"\" frameborder=\"0\" height=\"315\" src=\"https:\/\/www.youtube.com\/embed\/F8s0kIqVz40?rel=0\" width=\"560\"><\/iframe><\/p>\n<p style=\"text-align: justify;\">\n\t&nbsp;<\/p>\n<p style=\"text-align: center;\">\n\t<img class=\"lazyload\" decoding=\"async\" height=\"300\" src=\"data:image\/svg+xml,%3Csvg%20xmlns%3D%27http%3A%2F%2Fwww.w3.org%2F2000%2Fsvg%27%20width%3D%27450%27%20height%3D%27300%27%20viewBox%3D%270%200%20450%20300%27%3E%3Crect%20width%3D%27450%27%20height%3D%27300%27%20fill-opacity%3D%220%22%2F%3E%3C%2Fsvg%3E\" data-orig-src=\"https:\/\/lh6.googleusercontent.com\/-M9p2T3b0Wgk\/VkBXamBUqII\/AAAAAAAAQJk\/gJos_UJG_fg\/w958-h639-no\/12208663_523742037800819_4381047565666991770_n+%281%29.jpg\" style=\"display: block; margin: 10px auto; border: 1px solid #000000;\" width=\"450\" \/><img class=\"lazyload\" decoding=\"async\" height=\"253\" src=\"data:image\/svg+xml,%3Csvg%20xmlns%3D%27http%3A%2F%2Fwww.w3.org%2F2000%2Fsvg%27%20width%3D%27450%27%20height%3D%27253%27%20viewBox%3D%270%200%20450%20253%27%3E%3Crect%20width%3D%27450%27%20height%3D%27253%27%20fill-opacity%3D%220%22%2F%3E%3C%2Fsvg%3E\" data-orig-src=\"https:\/\/lh5.googleusercontent.com\/-p718qXwvWIc\/VkBXZslSCTI\/AAAAAAAAQJ8\/MJW04zq39YY\/w958-h539-no\/12190133_523742034467486_6033658187524570058_n.jpg\" style=\"display: block; margin: 10px auto; border: 1px solid #000000;\" width=\"450\" \/><\/p>\n<p style=\"text-align: center;\">\n\t<img class=\"lazyload\" decoding=\"async\" height=\"300\" src=\"data:image\/svg+xml,%3Csvg%20xmlns%3D%27http%3A%2F%2Fwww.w3.org%2F2000%2Fsvg%27%20width%3D%27450%27%20height%3D%27300%27%20viewBox%3D%270%200%20450%20300%27%3E%3Crect%20width%3D%27450%27%20height%3D%27300%27%20fill-opacity%3D%220%22%2F%3E%3C%2Fsvg%3E\" data-orig-src=\"https:\/\/lh4.googleusercontent.com\/-J2hUA1fuVdw\/VkBXaCs-z4I\/AAAAAAAAQJg\/T0TryR-kiTE\/w958-h639-no\/12208602_523742121134144_569342495476243601_n.jpg\" style=\"display: block; margin: 10px auto; border: 1px solid #000000;\" width=\"450\" \/><\/p>\n<p style=\"text-align: center;\">\n\t<img class=\"lazyload\" decoding=\"async\" height=\"253\" src=\"data:image\/svg+xml,%3Csvg%20xmlns%3D%27http%3A%2F%2Fwww.w3.org%2F2000%2Fsvg%27%20width%3D%27450%27%20height%3D%27253%27%20viewBox%3D%270%200%20450%20253%27%3E%3Crect%20width%3D%27450%27%20height%3D%27253%27%20fill-opacity%3D%220%22%2F%3E%3C%2Fsvg%3E\" data-orig-src=\"https:\/\/lh5.googleusercontent.com\/-zbKWd9mUPd4\/VkBXY8CHXbI\/AAAAAAAAQJ4\/blD2xZ1ZfxE\/w958-h539-no\/11707470_523742117800811_4582269256083159425_n.jpg\" style=\"display: block; margin: 10px auto; border: 1px solid #000000;\" width=\"450\" \/><\/p>\n<p style=\"text-align: center;\">\n\t<img class=\"lazyload\" decoding=\"async\" height=\"300\" src=\"data:image\/svg+xml,%3Csvg%20xmlns%3D%27http%3A%2F%2Fwww.w3.org%2F2000%2Fsvg%27%20width%3D%27450%27%20height%3D%27300%27%20viewBox%3D%270%200%20450%20300%27%3E%3Crect%20width%3D%27450%27%20height%3D%27300%27%20fill-opacity%3D%220%22%2F%3E%3C%2Fsvg%3E\" data-orig-src=\"https:\/\/lh6.googleusercontent.com\/-8ZCteRhiWpk\/VkBXaDS31UI\/AAAAAAAAQJ0\/Fbp8PnnXG-I\/w958-h639-no\/12208564_523742247800798_8982261155481868219_n.jpg\" style=\"display: block; margin: 10px auto; border: 1px solid #000000;\" width=\"450\" \/><\/p>\n<p style=\"text-align: center;\">\n\t<img decoding=\"async\" class=\"lazyload cke-resize cke-resize\" src=\"data:image\/gif;base64,R0lGODlhAQABAAAAACH5BAEKAAEALAAAAAABAAEAAAICTAEAOw==\" data-orig-src=\"https:\/\/lh6.googleusercontent.com\/-Zevzbfar0dA\/VkBXZmQC3uI\/AAAAAAAAQJw\/JdFfyC2c3S8\/w958-h639-no\/12193657_523742381134118_6245046858750069570_n.jpg\" style=\"height: 300px; width: 450px; border-width: 1px; border-style: solid; margin-right: 10px; margin-left: 10px;\" \/><\/p>\n<p style=\"text-align: center;\">\n\t<img class=\"lazyload\" decoding=\"async\" height=\"300\" src=\"data:image\/svg+xml,%3Csvg%20xmlns%3D%27http%3A%2F%2Fwww.w3.org%2F2000%2Fsvg%27%20width%3D%27450%27%20height%3D%27300%27%20viewBox%3D%270%200%20450%20300%27%3E%3Crect%20width%3D%27450%27%20height%3D%27300%27%20fill-opacity%3D%220%22%2F%3E%3C%2Fsvg%3E\" data-orig-src=\"https:\/\/lh6.googleusercontent.com\/-3PyUF3it-3E\/VkBXZLWIDPI\/AAAAAAAAQJI\/43BhuZd1pEA\/w958-h639-no\/11058125_523742221134134_6331223981390049120_n.jpg\" style=\"display: block; margin: 10px auto; border: 1px solid #000000;\" width=\"450\" \/><\/p>\n<p style=\"text-align: center;\">\n\t<img class=\"lazyload\" decoding=\"async\" height=\"270\" src=\"data:image\/svg+xml,%3Csvg%20xmlns%3D%27http%3A%2F%2Fwww.w3.org%2F2000%2Fsvg%27%20width%3D%27450%27%20height%3D%27270%27%20viewBox%3D%270%200%20450%20270%27%3E%3Crect%20width%3D%27450%27%20height%3D%27270%27%20fill-opacity%3D%220%22%2F%3E%3C%2Fsvg%3E\" data-orig-src=\"https:\/\/lh5.googleusercontent.com\/-fCPNpmSGriM\/VkBXamRCnnI\/AAAAAAAAQJo\/E1qXzPlOygU\/w958-h575-no\/12219520_523742314467458_1031152763733729319_n.jpg\" style=\"display: block; margin: 10px auto; border: 1px solid #000000;\" width=\"450\" \/><\/p>\n<p style=\"text-align: center;\">\n\t<img class=\"lazyload\" decoding=\"async\" height=\"300\" src=\"data:image\/svg+xml,%3Csvg%20xmlns%3D%27http%3A%2F%2Fwww.w3.org%2F2000%2Fsvg%27%20width%3D%27450%27%20height%3D%27300%27%20viewBox%3D%270%200%20450%20300%27%3E%3Crect%20width%3D%27450%27%20height%3D%27300%27%20fill-opacity%3D%220%22%2F%3E%3C%2Fsvg%3E\" data-orig-src=\"https:\/\/lh6.googleusercontent.com\/-zirMwVRENlE\/VkBXZit6eNI\/AAAAAAAAQJs\/Y3TLKglNHjY\/w958-h639-no\/12196100_523742214467468_1776568472786320117_n.jpg\" style=\"display: block; margin: 10px auto; border: 1px solid #000000;\" width=\"450\" \/><\/p>\n<p style=\"text-align: center;\">\n\t<img class=\"lazyload\" decoding=\"async\" height=\"300\" src=\"data:image\/svg+xml,%3Csvg%20xmlns%3D%27http%3A%2F%2Fwww.w3.org%2F2000%2Fsvg%27%20width%3D%27450%27%20height%3D%27300%27%20viewBox%3D%270%200%20450%20300%27%3E%3Crect%20width%3D%27450%27%20height%3D%27300%27%20fill-opacity%3D%220%22%2F%3E%3C%2Fsvg%3E\" data-orig-src=\"https:\/\/lh4.googleusercontent.com\/-vdw702X_W5c\/VkBXZNJQV5I\/AAAAAAAAQJE\/mBqT77M75tg\/w958-h639-no\/12187649_523742294467460_962401966262544671_n.jpg\" style=\"display: block; margin: 10px auto; border: 1px solid #000000;\" width=\"450\" \/><\/p>\n<div id=\"ckimgrsz\" style=\"left: 18px; top: 2718px;\">\n<div class=\"preview\">\n\t\t&nbsp;<\/div>\n<\/div>\n<div id=\"ckimgrsz\" style=\"left: 18px; top: 2718px;\">\n<div class=\"preview\">\n\t\t&nbsp;<\/div>\n<\/div>\n","protected":false},"excerpt":{"rendered":"<p>&nbsp; &nbsp; &nbsp; &nbsp; M\u00eb 7 n\u00ebntor 2015, n\u00eb or\u00ebn 17.30, u zhvillua ceremonia zyrtare e dor\u00ebzimit t\u00eb \u00c7mimeve Nd\u00ebrkomb\u00ebtare \u201cGiuseppe Shacca\u201d, n\u00eb Aula Magna t\u00eb Universitetit Pontifik Urbaniana, n\u00eb qytetin e Vatikanit. Dor\u00ebzimi u b\u00eb n\u00eb nj\u00eb sall\u00eb t\u00eb mbushur plot e p\u00ebrplot, n\u00eb prani t\u00eb autoriteteve t\u00eb larta kishtare, ku dalloheshin kardinal\u00ebt Dario Kastrillon Hoyos, George Pell dhe Raffaele Farina, p\u00ebrfaq\u00ebsuesve t\u00eb lart\u00eb<\/p>\n","protected":false},"author":1,"featured_media":4252,"comment_status":"open","ping_status":"open","sticky":false,"template":"","format":"standard","meta":{"_acf_changed":false,"pagelayer_contact_templates":[],"_pagelayer_content":"","inline_featured_image":false,"fifu_image_url":"","fifu_image_alt":"","footnotes":""},"categories":[108],"tags":[139,196,201,212],"class_list":["post-4251","post","type-post","status-publish","format-standard","has-post-thumbnail","hentry","category-lajme","tag-139","tag-tirane","tag-kryepiskopi-anastas","tag-lajme-d27"],"acf":[],"yoast_head":"<!-- This site is optimized with the Yoast SEO plugin v27.2 - https:\/\/yoast.com\/product\/yoast-seo-wordpress\/ -->\n<title>Vatikan \u2013 Kryepiskopit Anastas, i jepet \u00c7mimi \u201cGiuseppe Sciacca\u201d - Kisha Orthodh\u03bfkse Autoqefale e Shqip\u00ebris\u00eb<\/title>\n<meta name=\"robots\" content=\"index, follow, max-snippet:-1, max-image-preview:large, max-video-preview:-1\" \/>\n<link rel=\"canonical\" href=\"https:\/\/orthodoxalbania.org\/2020\/2015\/11\/10\/vatikan-kryepiskopit-anastas-i-jepet-cmimi-giuseppe-sciacca\/\" \/>\n<meta property=\"og:locale\" content=\"en_US\" \/>\n<meta property=\"og:type\" content=\"article\" \/>\n<meta property=\"og:title\" content=\"Vatikan \u2013 Kryepiskopit Anastas, i jepet \u00c7mimi \u201cGiuseppe Sciacca\u201d - Kisha Orthodh\u03bfkse Autoqefale e Shqip\u00ebris\u00eb\" \/>\n<meta property=\"og:description\" content=\"&nbsp; &nbsp; &nbsp; &nbsp; M\u00eb 7 n\u00ebntor 2015, n\u00eb or\u00ebn 17.30, u zhvillua ceremonia zyrtare e dor\u00ebzimit t\u00eb \u00c7mimeve Nd\u00ebrkomb\u00ebtare \u201cGiuseppe Shacca\u201d, n\u00eb Aula Magna t\u00eb Universitetit Pontifik Urbaniana, n\u00eb qytetin e Vatikanit. Dor\u00ebzimi u b\u00eb n\u00eb nj\u00eb sall\u00eb t\u00eb mbushur plot e p\u00ebrplot, n\u00eb prani t\u00eb autoriteteve t\u00eb larta kishtare, ku dalloheshin kardinal\u00ebt Dario Kastrillon Hoyos, George Pell dhe Raffaele Farina, p\u00ebrfaq\u00ebsuesve t\u00eb lart\u00eb\" \/>\n<meta property=\"og:url\" content=\"https:\/\/orthodoxalbania.org\/2020\/2015\/11\/10\/vatikan-kryepiskopit-anastas-i-jepet-cmimi-giuseppe-sciacca\/\" \/>\n<meta property=\"og:site_name\" content=\"Kisha Orthodh\u03bfkse Autoqefale e Shqip\u00ebris\u00eb\" \/>\n<meta property=\"article:publisher\" content=\"https:\/\/www.facebook.com\/koash1991\" \/>\n<meta property=\"article:published_time\" content=\"2015-11-10T11:38:12+00:00\" \/>\n<meta property=\"article:modified_time\" content=\"2020-04-06T20:02:05+00:00\" \/>\n<meta property=\"og:image\" content=\"https:\/\/orthodoxalbania.org\/2020\/wp-content\/uploads\/2020\/04\/11058125_523742221134134_6331223981390049120_n_800x533.jpg\" \/>\n\t<meta property=\"og:image:width\" content=\"150\" \/>\n\t<meta property=\"og:image:height\" content=\"150\" \/>\n\t<meta property=\"og:image:type\" content=\"image\/jpeg\" \/>\n<meta name=\"author\" content=\"Kisha Orthodhokse\" \/>\n<meta name=\"twitter:card\" content=\"summary_large_image\" \/>\n<meta name=\"twitter:label1\" content=\"Written by\" \/>\n\t<meta name=\"twitter:data1\" content=\"Kisha Orthodhokse\" \/>\n\t<meta name=\"twitter:label2\" content=\"Est. reading time\" \/>\n\t<meta name=\"twitter:data2\" content=\"2 minutes\" \/>\n<script type=\"application\/ld+json\" class=\"yoast-schema-graph\">{\"@context\":\"https:\/\/schema.org\",\"@graph\":[{\"@type\":\"Article\",\"@id\":\"https:\/\/orthodoxalbania.org\/2020\/2015\/11\/10\/vatikan-kryepiskopit-anastas-i-jepet-cmimi-giuseppe-sciacca\/#article\",\"isPartOf\":{\"@id\":\"https:\/\/orthodoxalbania.org\/2020\/2015\/11\/10\/vatikan-kryepiskopit-anastas-i-jepet-cmimi-giuseppe-sciacca\/\"},\"author\":{\"name\":\"Kisha Orthodhokse\",\"@id\":\"https:\/\/orthodoxalbania.org\/2020\/#\/schema\/person\/0c387634a7063ac612d7ed9ce71c7e86\"},\"headline\":\"Vatikan \u2013 Kryepiskopit Anastas, i jepet \u00c7mimi \u201cGiuseppe Sciacca\u201d\",\"datePublished\":\"2015-11-10T11:38:12+00:00\",\"dateModified\":\"2020-04-06T20:02:05+00:00\",\"mainEntityOfPage\":{\"@id\":\"https:\/\/orthodoxalbania.org\/2020\/2015\/11\/10\/vatikan-kryepiskopit-anastas-i-jepet-cmimi-giuseppe-sciacca\/\"},\"wordCount\":489,\"commentCount\":0,\"publisher\":{\"@id\":\"https:\/\/orthodoxalbania.org\/2020\/#organization\"},\"image\":{\"@id\":\"https:\/\/orthodoxalbania.org\/2020\/2015\/11\/10\/vatikan-kryepiskopit-anastas-i-jepet-cmimi-giuseppe-sciacca\/#primaryimage\"},\"thumbnailUrl\":\"https:\/\/orthodoxalbania.org\/2020\/wp-content\/uploads\/2020\/04\/11058125_523742221134134_6331223981390049120_n_800x533.jpg\",\"keywords\":[\"2015\",\"Kryepiskopata Tiran\u00eb\",\"Kryepiskopi Anastas\",\"lajme\"],\"articleSection\":[\"Lajme\"],\"inLanguage\":\"en-US\"},{\"@type\":\"WebPage\",\"@id\":\"https:\/\/orthodoxalbania.org\/2020\/2015\/11\/10\/vatikan-kryepiskopit-anastas-i-jepet-cmimi-giuseppe-sciacca\/\",\"url\":\"https:\/\/orthodoxalbania.org\/2020\/2015\/11\/10\/vatikan-kryepiskopit-anastas-i-jepet-cmimi-giuseppe-sciacca\/\",\"name\":\"Vatikan \u2013 Kryepiskopit Anastas, i jepet \u00c7mimi \u201cGiuseppe Sciacca\u201d - Kisha Orthodh\u03bfkse Autoqefale e Shqip\u00ebris\u00eb\",\"isPartOf\":{\"@id\":\"https:\/\/orthodoxalbania.org\/2020\/#website\"},\"primaryImageOfPage\":{\"@id\":\"https:\/\/orthodoxalbania.org\/2020\/2015\/11\/10\/vatikan-kryepiskopit-anastas-i-jepet-cmimi-giuseppe-sciacca\/#primaryimage\"},\"image\":{\"@id\":\"https:\/\/orthodoxalbania.org\/2020\/2015\/11\/10\/vatikan-kryepiskopit-anastas-i-jepet-cmimi-giuseppe-sciacca\/#primaryimage\"},\"thumbnailUrl\":\"https:\/\/orthodoxalbania.org\/2020\/wp-content\/uploads\/2020\/04\/11058125_523742221134134_6331223981390049120_n_800x533.jpg\",\"datePublished\":\"2015-11-10T11:38:12+00:00\",\"dateModified\":\"2020-04-06T20:02:05+00:00\",\"breadcrumb\":{\"@id\":\"https:\/\/orthodoxalbania.org\/2020\/2015\/11\/10\/vatikan-kryepiskopit-anastas-i-jepet-cmimi-giuseppe-sciacca\/#breadcrumb\"},\"inLanguage\":\"en-US\",\"potentialAction\":[{\"@type\":\"ReadAction\",\"target\":[\"https:\/\/orthodoxalbania.org\/2020\/2015\/11\/10\/vatikan-kryepiskopit-anastas-i-jepet-cmimi-giuseppe-sciacca\/\"]}]},{\"@type\":\"ImageObject\",\"inLanguage\":\"en-US\",\"@id\":\"https:\/\/orthodoxalbania.org\/2020\/2015\/11\/10\/vatikan-kryepiskopit-anastas-i-jepet-cmimi-giuseppe-sciacca\/#primaryimage\",\"url\":\"https:\/\/orthodoxalbania.org\/2020\/wp-content\/uploads\/2020\/04\/11058125_523742221134134_6331223981390049120_n_800x533.jpg\",\"contentUrl\":\"https:\/\/orthodoxalbania.org\/2020\/wp-content\/uploads\/2020\/04\/11058125_523742221134134_6331223981390049120_n_800x533.jpg\",\"width\":150,\"height\":150},{\"@type\":\"BreadcrumbList\",\"@id\":\"https:\/\/orthodoxalbania.org\/2020\/2015\/11\/10\/vatikan-kryepiskopit-anastas-i-jepet-cmimi-giuseppe-sciacca\/#breadcrumb\",\"itemListElement\":[{\"@type\":\"ListItem\",\"position\":1,\"name\":\"Home\",\"item\":\"https:\/\/orthodoxalbania.org\/2020\/\"},{\"@type\":\"ListItem\",\"position\":2,\"name\":\"Vatikan \u2013 Kryepiskopit Anastas, i jepet \u00c7mimi \u201cGiuseppe Sciacca\u201d\"}]},{\"@type\":\"WebSite\",\"@id\":\"https:\/\/orthodoxalbania.org\/2020\/#website\",\"url\":\"https:\/\/orthodoxalbania.org\/2020\/\",\"name\":\"Kisha Orthodh\u03bfkse Autoqefale e Shqip\u00ebris\u00eb\",\"description\":\"Fqja Zyrtare e Kish\u00ebs Orthodhokse Autoqefale e Shqip\u00ebris\u00eb me lajmet edhe informacionet zyrtare p\u00ebr struktur\u00ebn edhe veprimtarin e saj.\",\"publisher\":{\"@id\":\"https:\/\/orthodoxalbania.org\/2020\/#organization\"},\"potentialAction\":[{\"@type\":\"SearchAction\",\"target\":{\"@type\":\"EntryPoint\",\"urlTemplate\":\"https:\/\/orthodoxalbania.org\/2020\/?s={search_term_string}\"},\"query-input\":{\"@type\":\"PropertyValueSpecification\",\"valueRequired\":true,\"valueName\":\"search_term_string\"}}],\"inLanguage\":\"en-US\"},{\"@type\":\"Organization\",\"@id\":\"https:\/\/orthodoxalbania.org\/2020\/#organization\",\"name\":\"Kisha Orthodhokse Autoqefale e Shqip\u00ebris\u00eb\",\"url\":\"https:\/\/orthodoxalbania.org\/2020\/\",\"logo\":{\"@type\":\"ImageObject\",\"inLanguage\":\"en-US\",\"@id\":\"https:\/\/orthodoxalbania.org\/2020\/#\/schema\/logo\/image\/\",\"url\":\"https:\/\/orthodoxalbania.org\/2020\/wp-content\/uploads\/2020\/05\/albania.jpeg\",\"contentUrl\":\"https:\/\/orthodoxalbania.org\/2020\/wp-content\/uploads\/2020\/05\/albania.jpeg\",\"width\":540,\"height\":540,\"caption\":\"Kisha Orthodhokse Autoqefale e Shqip\u00ebris\u00eb\"},\"image\":{\"@id\":\"https:\/\/orthodoxalbania.org\/2020\/#\/schema\/logo\/image\/\"},\"sameAs\":[\"https:\/\/www.facebook.com\/koash1991\"]},{\"@type\":\"Person\",\"@id\":\"https:\/\/orthodoxalbania.org\/2020\/#\/schema\/person\/0c387634a7063ac612d7ed9ce71c7e86\",\"name\":\"Kisha Orthodhokse\",\"image\":{\"@type\":\"ImageObject\",\"inLanguage\":\"en-US\",\"@id\":\"https:\/\/secure.gravatar.com\/avatar\/596e7c417251e30f2fbb9c00e026fce61a695a00e51c889caded71c96cbbdde5?s=96&d=mm&r=g\",\"url\":\"https:\/\/secure.gravatar.com\/avatar\/596e7c417251e30f2fbb9c00e026fce61a695a00e51c889caded71c96cbbdde5?s=96&d=mm&r=g\",\"contentUrl\":\"https:\/\/secure.gravatar.com\/avatar\/596e7c417251e30f2fbb9c00e026fce61a695a00e51c889caded71c96cbbdde5?s=96&d=mm&r=g\",\"caption\":\"Kisha Orthodhokse\"}}]}<\/script>\n<!-- \/ Yoast SEO plugin. -->","yoast_head_json":{"title":"Vatikan \u2013 Kryepiskopit Anastas, i jepet \u00c7mimi \u201cGiuseppe Sciacca\u201d - Kisha Orthodh\u03bfkse Autoqefale e Shqip\u00ebris\u00eb","robots":{"index":"index","follow":"follow","max-snippet":"max-snippet:-1","max-image-preview":"max-image-preview:large","max-video-preview":"max-video-preview:-1"},"canonical":"https:\/\/orthodoxalbania.org\/2020\/2015\/11\/10\/vatikan-kryepiskopit-anastas-i-jepet-cmimi-giuseppe-sciacca\/","og_locale":"en_US","og_type":"article","og_title":"Vatikan \u2013 Kryepiskopit Anastas, i jepet \u00c7mimi \u201cGiuseppe Sciacca\u201d - Kisha Orthodh\u03bfkse Autoqefale e Shqip\u00ebris\u00eb","og_description":"&nbsp; &nbsp; &nbsp; &nbsp; M\u00eb 7 n\u00ebntor 2015, n\u00eb or\u00ebn 17.30, u zhvillua ceremonia zyrtare e dor\u00ebzimit t\u00eb \u00c7mimeve Nd\u00ebrkomb\u00ebtare \u201cGiuseppe Shacca\u201d, n\u00eb Aula Magna t\u00eb Universitetit Pontifik Urbaniana, n\u00eb qytetin e Vatikanit. Dor\u00ebzimi u b\u00eb n\u00eb nj\u00eb sall\u00eb t\u00eb mbushur plot e p\u00ebrplot, n\u00eb prani t\u00eb autoriteteve t\u00eb larta kishtare, ku dalloheshin kardinal\u00ebt Dario Kastrillon Hoyos, George Pell dhe Raffaele Farina, p\u00ebrfaq\u00ebsuesve t\u00eb lart\u00eb","og_url":"https:\/\/orthodoxalbania.org\/2020\/2015\/11\/10\/vatikan-kryepiskopit-anastas-i-jepet-cmimi-giuseppe-sciacca\/","og_site_name":"Kisha Orthodh\u03bfkse Autoqefale e Shqip\u00ebris\u00eb","article_publisher":"https:\/\/www.facebook.com\/koash1991","article_published_time":"2015-11-10T11:38:12+00:00","article_modified_time":"2020-04-06T20:02:05+00:00","og_image":[{"width":150,"height":150,"url":"https:\/\/orthodoxalbania.org\/2020\/wp-content\/uploads\/2020\/04\/11058125_523742221134134_6331223981390049120_n_800x533.jpg","type":"image\/jpeg"}],"author":"Kisha Orthodhokse","twitter_card":"summary_large_image","twitter_misc":{"Written by":"Kisha Orthodhokse","Est. reading time":"2 minutes"},"schema":{"@context":"https:\/\/schema.org","@graph":[{"@type":"Article","@id":"https:\/\/orthodoxalbania.org\/2020\/2015\/11\/10\/vatikan-kryepiskopit-anastas-i-jepet-cmimi-giuseppe-sciacca\/#article","isPartOf":{"@id":"https:\/\/orthodoxalbania.org\/2020\/2015\/11\/10\/vatikan-kryepiskopit-anastas-i-jepet-cmimi-giuseppe-sciacca\/"},"author":{"name":"Kisha Orthodhokse","@id":"https:\/\/orthodoxalbania.org\/2020\/#\/schema\/person\/0c387634a7063ac612d7ed9ce71c7e86"},"headline":"Vatikan \u2013 Kryepiskopit Anastas, i jepet \u00c7mimi \u201cGiuseppe Sciacca\u201d","datePublished":"2015-11-10T11:38:12+00:00","dateModified":"2020-04-06T20:02:05+00:00","mainEntityOfPage":{"@id":"https:\/\/orthodoxalbania.org\/2020\/2015\/11\/10\/vatikan-kryepiskopit-anastas-i-jepet-cmimi-giuseppe-sciacca\/"},"wordCount":489,"commentCount":0,"publisher":{"@id":"https:\/\/orthodoxalbania.org\/2020\/#organization"},"image":{"@id":"https:\/\/orthodoxalbania.org\/2020\/2015\/11\/10\/vatikan-kryepiskopit-anastas-i-jepet-cmimi-giuseppe-sciacca\/#primaryimage"},"thumbnailUrl":"https:\/\/orthodoxalbania.org\/2020\/wp-content\/uploads\/2020\/04\/11058125_523742221134134_6331223981390049120_n_800x533.jpg","keywords":["2015","Kryepiskopata Tiran\u00eb","Kryepiskopi Anastas","lajme"],"articleSection":["Lajme"],"inLanguage":"en-US"},{"@type":"WebPage","@id":"https:\/\/orthodoxalbania.org\/2020\/2015\/11\/10\/vatikan-kryepiskopit-anastas-i-jepet-cmimi-giuseppe-sciacca\/","url":"https:\/\/orthodoxalbania.org\/2020\/2015\/11\/10\/vatikan-kryepiskopit-anastas-i-jepet-cmimi-giuseppe-sciacca\/","name":"Vatikan \u2013 Kryepiskopit Anastas, i jepet \u00c7mimi \u201cGiuseppe Sciacca\u201d - Kisha Orthodh\u03bfkse Autoqefale e Shqip\u00ebris\u00eb","isPartOf":{"@id":"https:\/\/orthodoxalbania.org\/2020\/#website"},"primaryImageOfPage":{"@id":"https:\/\/orthodoxalbania.org\/2020\/2015\/11\/10\/vatikan-kryepiskopit-anastas-i-jepet-cmimi-giuseppe-sciacca\/#primaryimage"},"image":{"@id":"https:\/\/orthodoxalbania.org\/2020\/2015\/11\/10\/vatikan-kryepiskopit-anastas-i-jepet-cmimi-giuseppe-sciacca\/#primaryimage"},"thumbnailUrl":"https:\/\/orthodoxalbania.org\/2020\/wp-content\/uploads\/2020\/04\/11058125_523742221134134_6331223981390049120_n_800x533.jpg","datePublished":"2015-11-10T11:38:12+00:00","dateModified":"2020-04-06T20:02:05+00:00","breadcrumb":{"@id":"https:\/\/orthodoxalbania.org\/2020\/2015\/11\/10\/vatikan-kryepiskopit-anastas-i-jepet-cmimi-giuseppe-sciacca\/#breadcrumb"},"inLanguage":"en-US","potentialAction":[{"@type":"ReadAction","target":["https:\/\/orthodoxalbania.org\/2020\/2015\/11\/10\/vatikan-kryepiskopit-anastas-i-jepet-cmimi-giuseppe-sciacca\/"]}]},{"@type":"ImageObject","inLanguage":"en-US","@id":"https:\/\/orthodoxalbania.org\/2020\/2015\/11\/10\/vatikan-kryepiskopit-anastas-i-jepet-cmimi-giuseppe-sciacca\/#primaryimage","url":"https:\/\/orthodoxalbania.org\/2020\/wp-content\/uploads\/2020\/04\/11058125_523742221134134_6331223981390049120_n_800x533.jpg","contentUrl":"https:\/\/orthodoxalbania.org\/2020\/wp-content\/uploads\/2020\/04\/11058125_523742221134134_6331223981390049120_n_800x533.jpg","width":150,"height":150},{"@type":"BreadcrumbList","@id":"https:\/\/orthodoxalbania.org\/2020\/2015\/11\/10\/vatikan-kryepiskopit-anastas-i-jepet-cmimi-giuseppe-sciacca\/#breadcrumb","itemListElement":[{"@type":"ListItem","position":1,"name":"Home","item":"https:\/\/orthodoxalbania.org\/2020\/"},{"@type":"ListItem","position":2,"name":"Vatikan \u2013 Kryepiskopit Anastas, i jepet \u00c7mimi \u201cGiuseppe Sciacca\u201d"}]},{"@type":"WebSite","@id":"https:\/\/orthodoxalbania.org\/2020\/#website","url":"https:\/\/orthodoxalbania.org\/2020\/","name":"Kisha Orthodh\u03bfkse Autoqefale e Shqip\u00ebris\u00eb","description":"Fqja Zyrtare e Kish\u00ebs Orthodhokse Autoqefale e Shqip\u00ebris\u00eb me lajmet edhe informacionet zyrtare p\u00ebr struktur\u00ebn edhe veprimtarin e saj.","publisher":{"@id":"https:\/\/orthodoxalbania.org\/2020\/#organization"},"potentialAction":[{"@type":"SearchAction","target":{"@type":"EntryPoint","urlTemplate":"https:\/\/orthodoxalbania.org\/2020\/?s={search_term_string}"},"query-input":{"@type":"PropertyValueSpecification","valueRequired":true,"valueName":"search_term_string"}}],"inLanguage":"en-US"},{"@type":"Organization","@id":"https:\/\/orthodoxalbania.org\/2020\/#organization","name":"Kisha Orthodhokse Autoqefale e Shqip\u00ebris\u00eb","url":"https:\/\/orthodoxalbania.org\/2020\/","logo":{"@type":"ImageObject","inLanguage":"en-US","@id":"https:\/\/orthodoxalbania.org\/2020\/#\/schema\/logo\/image\/","url":"https:\/\/orthodoxalbania.org\/2020\/wp-content\/uploads\/2020\/05\/albania.jpeg","contentUrl":"https:\/\/orthodoxalbania.org\/2020\/wp-content\/uploads\/2020\/05\/albania.jpeg","width":540,"height":540,"caption":"Kisha Orthodhokse Autoqefale e Shqip\u00ebris\u00eb"},"image":{"@id":"https:\/\/orthodoxalbania.org\/2020\/#\/schema\/logo\/image\/"},"sameAs":["https:\/\/www.facebook.com\/koash1991"]},{"@type":"Person","@id":"https:\/\/orthodoxalbania.org\/2020\/#\/schema\/person\/0c387634a7063ac612d7ed9ce71c7e86","name":"Kisha Orthodhokse","image":{"@type":"ImageObject","inLanguage":"en-US","@id":"https:\/\/secure.gravatar.com\/avatar\/596e7c417251e30f2fbb9c00e026fce61a695a00e51c889caded71c96cbbdde5?s=96&d=mm&r=g","url":"https:\/\/secure.gravatar.com\/avatar\/596e7c417251e30f2fbb9c00e026fce61a695a00e51c889caded71c96cbbdde5?s=96&d=mm&r=g","contentUrl":"https:\/\/secure.gravatar.com\/avatar\/596e7c417251e30f2fbb9c00e026fce61a695a00e51c889caded71c96cbbdde5?s=96&d=mm&r=g","caption":"Kisha Orthodhokse"}}]}},"_links":{"self":[{"href":"https:\/\/orthodoxalbania.org\/2020\/wp-json\/wp\/v2\/posts\/4251","targetHints":{"allow":["GET"]}}],"collection":[{"href":"https:\/\/orthodoxalbania.org\/2020\/wp-json\/wp\/v2\/posts"}],"about":[{"href":"https:\/\/orthodoxalbania.org\/2020\/wp-json\/wp\/v2\/types\/post"}],"author":[{"embeddable":true,"href":"https:\/\/orthodoxalbania.org\/2020\/wp-json\/wp\/v2\/users\/1"}],"replies":[{"embeddable":true,"href":"https:\/\/orthodoxalbania.org\/2020\/wp-json\/wp\/v2\/comments?post=4251"}],"version-history":[{"count":1,"href":"https:\/\/orthodoxalbania.org\/2020\/wp-json\/wp\/v2\/posts\/4251\/revisions"}],"predecessor-version":[{"id":14946,"href":"https:\/\/orthodoxalbania.org\/2020\/wp-json\/wp\/v2\/posts\/4251\/revisions\/14946"}],"wp:featuredmedia":[{"embeddable":true,"href":"https:\/\/orthodoxalbania.org\/2020\/wp-json\/wp\/v2\/media\/4252"}],"wp:attachment":[{"href":"https:\/\/orthodoxalbania.org\/2020\/wp-json\/wp\/v2\/media?parent=4251"}],"wp:term":[{"taxonomy":"category","embeddable":true,"href":"https:\/\/orthodoxalbania.org\/2020\/wp-json\/wp\/v2\/categories?post=4251"},{"taxonomy":"post_tag","embeddable":true,"href":"https:\/\/orthodoxalbania.org\/2020\/wp-json\/wp\/v2\/tags?post=4251"}],"curies":[{"name":"wp","href":"https:\/\/api.w.org\/{rel}","templated":true}]}}