{"id":4245,"date":"2015-11-07T09:57:21","date_gmt":"2015-11-07T09:57:21","guid":{"rendered":""},"modified":"2020-04-06T22:02:05","modified_gmt":"2020-04-06T20:02:05","slug":"kryepiskopit-anastas-i-jepet-cmimi-giuseppe-sciacca","status":"publish","type":"post","link":"https:\/\/orthodoxalbania.org\/2020\/2015\/11\/07\/kryepiskopit-anastas-i-jepet-cmimi-giuseppe-sciacca\/","title":{"rendered":"Njoftim &#8211; Kryepiskopit Anastas i jepet \u00c7mimi \u201cGiuseppe Sciacca\u201d"},"content":{"rendered":"<p style=\"text-align: center;\"><img class=\"lazyload\" decoding=\"async\" style=\"display: block; margin: 10px auto;\" alt=\"\" src=\"data:image\/svg+xml,%3Csvg%20xmlns%3D%27http%3A%2F%2Fwww.w3.org%2F2000%2Fsvg%27%20width%3D%2745%27%20height%3D%2745%27%20viewBox%3D%270%200%2045%2045%27%3E%3Crect%20width%3D%2745%27%20height%3D%2745%27%20fill-opacity%3D%220%22%2F%3E%3C%2Fsvg%3E\" data-orig-src=\"https:\/\/lh4.googleusercontent.com\/-p6oTSlUmOrM\/U0UABsfjknI\/AAAAAAAAATs\/zlJeoFRksRE\/s577-no\/logo.png\" height=\"45\" width=\"45\" \/><\/p>\n<p style=\"text-align: center;\"><span style=\"font-size: 12pt; font-family: helvetica; color: #000000;\">Kisha Orthodhokse Autoqefale e Shqip\u00ebris\u00eb<\/span><\/p>\n<p style=\"text-align: center;\"><span style=\"color: #000000;\"><strong><span style=\"font-size: 12pt; font-family: helvetica;\">Njoftim<\/span><\/strong><\/span><\/p>\n<p style=\"text-align: center;\"><span style=\"color: #000000;\"><strong><span style=\"font-size: 12pt; font-family: helvetica;\">Kryepiskopit Anastas i jepet \u00c7mimi \u201cGiuseppe Sciacca\u201d<\/span><\/strong><\/span><\/p>\n<p style=\"text-align: center;\"><span style=\"color: #000000;\"><\/span><\/p>\n<p style=\"text-align: justify;\"><span style=\"font-size: 12pt; font-family: helvetica; color: #000000;\">&nbsp; &nbsp;<\/span><\/p>\n<p style=\"text-align: justify;\"><span style=\"font-size: 12pt; font-family: helvetica; color: #000000;\"><strong>&nbsp; &nbsp; Rom\u00eb, e shtun\u00eb 7 n\u00ebntor 2015<\/strong><\/span><\/p>\n<p style=\"text-align: justify;\"><span style=\"font-size: 12pt; font-family: helvetica; color: #000000;\">&nbsp; &nbsp; \u00c7mimet nd\u00ebrkomb\u00ebtare \u201cGiuseppe Shakka\u201d do t\u00eb nderojn\u00eb me \u00e7mim kryesor t\u00eb Komisionit Organizator \u201cP\u00ebr Aktivitet hierapostolik, Solidaritet social dhe Humaniz\u00ebm\u201d, nj\u00eb prej personaliteteve m\u00eb t\u00eb m\u00ebdhej t\u00eb epok\u00ebs son\u00eb, me rrezatim bot\u00ebror, Kryepiskopin e Tiran\u00ebs, Durr\u00ebsit dhe t\u00eb Gjith\u00eb Shqip\u00ebris\u00eb, Prof. Dr. Anastasin. Ceremonia e 14-t\u00eb zyrtare e ndarjes s\u00eb \u00e7mimeve, do t\u00eb zhvillohet dit\u00ebn e shtun\u00eb, 7 n\u00ebntor 2015, n\u00eb or\u00ebn 5.30 pasdite, n\u00eb Aula Magna t\u00eb Universitetit Pontifik Urbaniana, n\u00eb qytetin e Vatikanit, n\u00eb prani t\u00eb autoriteteve kishtare, politike, ushtarake, t\u00eb shkenc\u00ebtar\u00ebve dhe t\u00eb artist\u00ebve, si dhe me pjes\u00ebmarrjen e shtypit vendas dhe atij nd\u00ebrkomb\u00ebtar e t\u00eb rrjeteve televizive.<\/span><\/p>\n<p style=\"text-align: justify;\"><span style=\"font-size: 12pt; font-family: helvetica; color: #000000;\">&nbsp; &nbsp; Propozimi p\u00ebr dh\u00ebnien e \u00e7mimit Kryepiskopit Anastas u b\u00eb nga Sekretarja e P\u00ebrgjithshme Vasiliki Bafataki, e cila deklaroi pas lajmit se:<\/span><\/p>\n<p style=\"text-align: justify;\"><span style=\"font-size: 12pt; font-family: helvetica; color: #000000;\">&nbsp; &nbsp; \u201cDh\u00ebnia e \u00e7mimit Kryepiskopit Anastas, k\u00ebtij hierarku t\u00eb r\u00ebnd\u00ebsish\u00ebm, k\u00ebtij njeriu unik, q\u00eb ia p\u00ebrkushtoi jet\u00ebn e tij njeriut dhe qytet\u00ebrimit, \u00ebsht\u00eb nder shum\u00eb i madh p\u00ebr t\u00eb gjith\u00eb ne. Ai na udh\u00ebheq me an\u00eb t\u00eb urt\u00ebsis\u00eb s\u00eb tij n\u00eb fushat plot drit\u00eb t\u00eb spiritualitetit dhe t\u00eb humanizmit.<\/span><\/p>\n<p style=\"text-align: justify;\"><span style=\"font-size: 12pt; font-family: helvetica; color: #000000;\">&nbsp; &nbsp; Primati i Kish\u00ebs Orthodhokse Autoqefale t\u00eb Shqip\u00ebris\u00eb, me studime n\u00eb theologji, fetarologji, etnologji, \u00ebsht\u00eb midis t\u00eb tjerave edhe Profesor Nderi i Universitetit komb\u00ebtar Kapodistrian t\u00eb Athin\u00ebs, An\u00ebtar Nderi i Akademis\u00eb s\u00eb Athin\u00ebs dhe Doktor i Theologjis\u00eb dhe i Filozofis\u00eb n\u00eb shum\u00eb universitete n\u00eb mbar\u00eb bot\u00ebn. Gjithashtu \u00ebsht\u00eb zgjedhur President i K\u00ebshillit Bot\u00ebror t\u00eb Kishave (2006-) dhe President Nderi i Konferenc\u00ebs \u201cFete p\u00ebr Paqen\u201d (2006-).<\/span><\/p>\n<p style=\"text-align: justify;\"><span style=\"font-size: 12pt; font-family: helvetica; color: #000000;\">&nbsp; &nbsp; Ai ka kryer nj\u00eb vep\u00ebr t\u00eb gjer\u00eb hierapostolike dhe sociale p\u00ebr shum\u00eb vite. N\u00eb kuad\u00ebr t\u00eb nj\u00eb perspektive globale, luan rol par\u00ebsor n\u00eb zbatimin e programeve novatore n\u00eb Shqip\u00ebri n\u00eb fushat e arsimit, sh\u00ebndet\u00ebsis\u00eb, p\u00ebrkujdesjes sociale, zhvillimit rural, kultur\u00ebs dhe ekologjis\u00eb, duke kontribuuar n\u00eb m\u00ebnyr\u00eb p\u00ebrcaktuese n\u00eb krijimin e fytyr\u00ebs evropiane. Nj\u00ebkoh\u00ebsisht, ka luajtur rol par\u00ebsor n\u00eb zbutjen e kund\u00ebrv\u00ebnieve n\u00eb Ballkan. Njoh\u00ebs i shum\u00eb gjuh\u00ebve dhe autor i shum\u00eb botimeve, \u00ebsht\u00eb nderuar me nj\u00eb s\u00ebr\u00eb \u00e7mime nd\u00ebrkomb\u00ebtare, nd\u00ebrsa n\u00eb vitin 2000 ka qen\u00eb kandidat p\u00ebr \u00e7mimin Nobel t\u00eb Paqes.<\/span><\/p>\n<p style=\"text-align: justify;\"><span style=\"font-size: 12pt; font-family: helvetica; color: #000000;\">&nbsp; &nbsp; P\u00ebrtej vepr\u00ebs s\u00eb tij sociale, ka krijuar nj\u00eb identitet modern kulturor p\u00ebr vendin, me n\u00eb krye kompleksin e nd\u00ebrtesave n\u00eb qend\u00ebr t\u00eb Tiran\u00ebs, i p\u00ebrb\u00ebr\u00eb nga Kisha e re Katedrale \u201cNgjallja e Krishtit\u201d, Kambanorja, Selia e Sinodit t\u00eb Shenjt\u00eb, Qendra Kulturore dhe Paraklisi i Lindjes s\u00eb Krishtit., atje ku piktori Kristo Papanikolau zbaton teknik\u00ebn e \u201cdrit\u00ebhijes vij\u00ebzuese n\u00eb monokromi\u201d, nj\u00eb risi n\u00eb piktur\u00ebn kishtare. Kemi t\u00eb b\u00ebjm\u00eb me nj\u00eb arritje t\u00eb madhe arkitektonike dhe estetike, simbol i unitetit dhe i rilindjes s\u00eb vendit, q\u00eb p\u00ebrb\u00ebn nj\u00eb \u201cvler\u00eb\u201d t\u00eb shoq\u00ebris\u00eb shqiptare\u201d.<\/span><\/p>\n<p style=\"text-align: justify;\"><span style=\"font-size: 12pt; font-family: helvetica; color: #000000;\">&nbsp; &nbsp; \u00c7mimi nd\u00ebrkomb\u00ebtar \u201cXhuzeppe Shakka\u201d (www.premiosciacca.it), ndodhet n\u00ebn p\u00ebrkujdesjen e Presidenc\u00ebs s\u00eb Republik\u00ebs Italiane, t\u00eb ministrive italiane, t\u00eb komiteteve olimpike komb\u00ebtare, t\u00eb universiteteve etj. dhe \u00ebsht\u00eb nj\u00eb prej institucioneve m\u00eb t\u00eb m\u00ebdha n\u00eb shkall\u00eb bot\u00ebrore. Kan\u00eb si q\u00ebllim t\u00eb tyre vullnetarizmin kulturor, shkencor e social, miq\u00ebsin\u00eb dhe p\u00ebrparimin e p\u00ebrbashk\u00ebt t\u00eb kombeve, vlerat njer\u00ebzore dhe t\u00eb rinjt\u00eb. \u00cbsht\u00eb themeluar para 14 vjet\u00ebsh, nga kleriku dhe profesori i Jurisprudenc\u00ebs Don Bruno Lima, n\u00eb kujtim t\u00eb Xhuzeppe Shakka, studenti 26-vje\u00e7ar i arkitektur\u00ebs, shembull i moralit dhe i kontributit n\u00eb shoq\u00ebri.<\/span><\/p>\n<p style=\"text-align: justify;\"><span style=\"font-size: 12pt; font-family: helvetica; color: #000000;\">&nbsp; &nbsp; Prej shum\u00eb personaliteteve t\u00eb r\u00ebnd\u00ebsishme q\u00eb jan\u00eb nderuar p\u00ebrmendim 16-vje\u00e7arin amerikan Jacob Barnet me autiz\u00ebm, gjeni n\u00eb matematik\u00eb dhe n\u00eb fizik\u00eb, me tregues t\u00eb inteligjenc\u00ebs m\u00eb t\u00eb lart\u00eb se ai i Anshtajnit; amerikanin Cody McCasland, fitues i medaljes s\u00eb arit n\u00eb loj\u00ebrat paraolimpike, 10-vje\u00e7ari ukrainas Vitali Ne\u00e7ajev, me inteligjenc\u00eb t\u00eb jasht\u00ebzakonshme n\u00eb histori; profesorin e pediokardiokirurgjis\u00eb Afksentios Kalagos; studiuesin Jack Andraka etj.\u201d<\/span><\/p>\n<p style=\"text-align: justify;\"><span style=\"font-size: 12pt; font-family: helvetica; color: #000000;\">&nbsp; &nbsp; President Nderi i \u00c7mimit \u00ebsht\u00eb kardinali Dario Castrillon Hoyos dhe President prof. Rev. Bruno Lima. Kryetar i Komisionit t\u00eb Vler\u00ebsimit \u00ebsht\u00eb gjykat\u00ebsi dhe Presidenti i nderit i K\u00ebshillit t\u00eb Shtetit, Xhuzeppe Santanielo dhe Sekretare e P\u00ebrgjithshme, arkeologia dhe specialistja e \u00e7\u00ebshtjeve t\u00eb komunikimit, prof. Bafataki. P\u00ebrve\u00e7 ceremonis\u00eb s\u00eb dh\u00ebnies s\u00eb \u00e7mimeve, n\u00eb k\u00ebt\u00eb eveniment planifikohen edhe aktivitete kulturore e sociale n\u00eb mbar\u00eb bot\u00ebn.<\/span><\/p>\n<p style=\"text-align: justify;\"><span style=\"color: #000000;\"><\/span><\/p>\n<p style=\"text-align: center;\"><span style=\"color: #000000;\"><strong><span style=\"font-size: 12pt; font-family: helvetica;\">Zyra e Shtypit<\/span><\/strong><\/span><\/p>\n<p><span style=\"font-size: 12pt; font-family: helvetica;\"><a href=\"http:\/\/premiosciacca.it\/?p=4554\">http:\/\/premiosciacca.it\/?p=4554<\/a><a href=\"http:\/\/premiosciacca.it\/?p=4554\"><\/a><\/span><\/p>\n<p>&nbsp;<\/p>\n<p style=\"text-align: center;\"><img class=\"lazyload\" decoding=\"async\" style=\"display: block; margin: 10px auto; border: 1px solid #000000;\" alt=\"\" src=\"data:image\/svg+xml,%3Csvg%20xmlns%3D%27http%3A%2F%2Fwww.w3.org%2F2000%2Fsvg%27%20width%3D%27450%27%20height%3D%27300%27%20viewBox%3D%270%200%20450%20300%27%3E%3Crect%20width%3D%27450%27%20height%3D%27300%27%20fill-opacity%3D%220%22%2F%3E%3C%2Fsvg%3E\" data-orig-src=\"https:\/\/lh5.googleusercontent.com\/-oQFPplwJmp0\/VfFufcvLrcI\/AAAAAAAAPnU\/2kW-63nqMKQ\/w800-h533-no\/Peace_Conference.Prayer-106_800x533.jpg\" height=\"300\" width=\"450\" \/><\/p>\n","protected":false},"excerpt":{"rendered":"<p>Kisha Orthodhokse Autoqefale e Shqip\u00ebris\u00eb Njoftim Kryepiskopit Anastas i jepet \u00c7mimi \u201cGiuseppe Sciacca\u201d &nbsp; &nbsp; &nbsp; &nbsp; Rom\u00eb, e shtun\u00eb 7 n\u00ebntor 2015 &nbsp; &nbsp; \u00c7mimet nd\u00ebrkomb\u00ebtare \u201cGiuseppe Shakka\u201d do t\u00eb nderojn\u00eb me \u00e7mim kryesor t\u00eb Komisionit Organizator \u201cP\u00ebr Aktivitet hierapostolik, Solidaritet social dhe Humaniz\u00ebm\u201d, nj\u00eb prej personaliteteve m\u00eb t\u00eb m\u00ebdhej t\u00eb epok\u00ebs son\u00eb, me rrezatim bot\u00ebror, Kryepiskopin e Tiran\u00ebs, Durr\u00ebsit dhe t\u00eb Gjith\u00eb Shqip\u00ebris\u00eb,<\/p>\n","protected":false},"author":1,"featured_media":4171,"comment_status":"open","ping_status":"open","sticky":false,"template":"","format":"standard","meta":{"_acf_changed":false,"pagelayer_contact_templates":[],"_pagelayer_content":"","inline_featured_image":false,"fifu_image_url":"","fifu_image_alt":"","footnotes":""},"categories":[108],"tags":[139,196,201,212],"class_list":["post-4245","post","type-post","status-publish","format-standard","has-post-thumbnail","hentry","category-lajme","tag-139","tag-tirane","tag-kryepiskopi-anastas","tag-lajme-d27"],"acf":[],"yoast_head":"<!-- This site is optimized with the Yoast SEO plugin v27.2 - https:\/\/yoast.com\/product\/yoast-seo-wordpress\/ -->\n<title>Njoftim - Kryepiskopit Anastas i jepet \u00c7mimi \u201cGiuseppe Sciacca\u201d - Kisha Orthodh\u03bfkse Autoqefale e Shqip\u00ebris\u00eb<\/title>\n<meta name=\"robots\" content=\"index, follow, max-snippet:-1, max-image-preview:large, max-video-preview:-1\" \/>\n<link rel=\"canonical\" href=\"https:\/\/orthodoxalbania.org\/2020\/2015\/11\/07\/kryepiskopit-anastas-i-jepet-cmimi-giuseppe-sciacca\/\" \/>\n<meta property=\"og:locale\" content=\"en_US\" \/>\n<meta property=\"og:type\" content=\"article\" \/>\n<meta property=\"og:title\" content=\"Njoftim - Kryepiskopit Anastas i jepet \u00c7mimi \u201cGiuseppe Sciacca\u201d - Kisha Orthodh\u03bfkse Autoqefale e Shqip\u00ebris\u00eb\" \/>\n<meta property=\"og:description\" content=\"Kisha Orthodhokse Autoqefale e Shqip\u00ebris\u00eb Njoftim Kryepiskopit Anastas i jepet \u00c7mimi \u201cGiuseppe Sciacca\u201d &nbsp; &nbsp; &nbsp; &nbsp; Rom\u00eb, e shtun\u00eb 7 n\u00ebntor 2015 &nbsp; &nbsp; \u00c7mimet nd\u00ebrkomb\u00ebtare \u201cGiuseppe Shakka\u201d do t\u00eb nderojn\u00eb me \u00e7mim kryesor t\u00eb Komisionit Organizator \u201cP\u00ebr Aktivitet hierapostolik, Solidaritet social dhe Humaniz\u00ebm\u201d, nj\u00eb prej personaliteteve m\u00eb t\u00eb m\u00ebdhej t\u00eb epok\u00ebs son\u00eb, me rrezatim bot\u00ebror, Kryepiskopin e Tiran\u00ebs, Durr\u00ebsit dhe t\u00eb Gjith\u00eb Shqip\u00ebris\u00eb,\" \/>\n<meta property=\"og:url\" content=\"https:\/\/orthodoxalbania.org\/2020\/2015\/11\/07\/kryepiskopit-anastas-i-jepet-cmimi-giuseppe-sciacca\/\" \/>\n<meta property=\"og:site_name\" content=\"Kisha Orthodh\u03bfkse Autoqefale e Shqip\u00ebris\u00eb\" \/>\n<meta property=\"article:publisher\" content=\"https:\/\/www.facebook.com\/koash1991\" \/>\n<meta property=\"article:published_time\" content=\"2015-11-07T09:57:21+00:00\" \/>\n<meta property=\"article:modified_time\" content=\"2020-04-06T20:02:05+00:00\" \/>\n<meta property=\"og:image\" content=\"https:\/\/orthodoxalbania.org\/2020\/wp-content\/uploads\/2020\/04\/Peace_Conference.Prayer-106_800x533.jpg\" \/>\n\t<meta property=\"og:image:width\" content=\"150\" \/>\n\t<meta property=\"og:image:height\" content=\"150\" \/>\n\t<meta property=\"og:image:type\" content=\"image\/jpeg\" \/>\n<meta name=\"author\" content=\"Kisha Orthodhokse\" \/>\n<meta name=\"twitter:card\" content=\"summary_large_image\" \/>\n<meta name=\"twitter:label1\" content=\"Written by\" \/>\n\t<meta name=\"twitter:data1\" content=\"Kisha Orthodhokse\" \/>\n\t<meta name=\"twitter:label2\" content=\"Est. reading time\" \/>\n\t<meta name=\"twitter:data2\" content=\"4 minutes\" \/>\n<script type=\"application\/ld+json\" class=\"yoast-schema-graph\">{\"@context\":\"https:\/\/schema.org\",\"@graph\":[{\"@type\":\"Article\",\"@id\":\"https:\/\/orthodoxalbania.org\/2020\/2015\/11\/07\/kryepiskopit-anastas-i-jepet-cmimi-giuseppe-sciacca\/#article\",\"isPartOf\":{\"@id\":\"https:\/\/orthodoxalbania.org\/2020\/2015\/11\/07\/kryepiskopit-anastas-i-jepet-cmimi-giuseppe-sciacca\/\"},\"author\":{\"name\":\"Kisha Orthodhokse\",\"@id\":\"https:\/\/orthodoxalbania.org\/2020\/#\/schema\/person\/0c387634a7063ac612d7ed9ce71c7e86\"},\"headline\":\"Njoftim &#8211; Kryepiskopit Anastas i jepet \u00c7mimi \u201cGiuseppe Sciacca\u201d\",\"datePublished\":\"2015-11-07T09:57:21+00:00\",\"dateModified\":\"2020-04-06T20:02:05+00:00\",\"mainEntityOfPage\":{\"@id\":\"https:\/\/orthodoxalbania.org\/2020\/2015\/11\/07\/kryepiskopit-anastas-i-jepet-cmimi-giuseppe-sciacca\/\"},\"wordCount\":804,\"commentCount\":0,\"publisher\":{\"@id\":\"https:\/\/orthodoxalbania.org\/2020\/#organization\"},\"image\":{\"@id\":\"https:\/\/orthodoxalbania.org\/2020\/2015\/11\/07\/kryepiskopit-anastas-i-jepet-cmimi-giuseppe-sciacca\/#primaryimage\"},\"thumbnailUrl\":\"https:\/\/orthodoxalbania.org\/2020\/wp-content\/uploads\/2020\/04\/Peace_Conference.Prayer-106_800x533.jpg\",\"keywords\":[\"2015\",\"Kryepiskopata Tiran\u00eb\",\"Kryepiskopi Anastas\",\"lajme\"],\"articleSection\":[\"Lajme\"],\"inLanguage\":\"en-US\"},{\"@type\":\"WebPage\",\"@id\":\"https:\/\/orthodoxalbania.org\/2020\/2015\/11\/07\/kryepiskopit-anastas-i-jepet-cmimi-giuseppe-sciacca\/\",\"url\":\"https:\/\/orthodoxalbania.org\/2020\/2015\/11\/07\/kryepiskopit-anastas-i-jepet-cmimi-giuseppe-sciacca\/\",\"name\":\"Njoftim - Kryepiskopit Anastas i jepet \u00c7mimi \u201cGiuseppe Sciacca\u201d - Kisha Orthodh\u03bfkse Autoqefale e Shqip\u00ebris\u00eb\",\"isPartOf\":{\"@id\":\"https:\/\/orthodoxalbania.org\/2020\/#website\"},\"primaryImageOfPage\":{\"@id\":\"https:\/\/orthodoxalbania.org\/2020\/2015\/11\/07\/kryepiskopit-anastas-i-jepet-cmimi-giuseppe-sciacca\/#primaryimage\"},\"image\":{\"@id\":\"https:\/\/orthodoxalbania.org\/2020\/2015\/11\/07\/kryepiskopit-anastas-i-jepet-cmimi-giuseppe-sciacca\/#primaryimage\"},\"thumbnailUrl\":\"https:\/\/orthodoxalbania.org\/2020\/wp-content\/uploads\/2020\/04\/Peace_Conference.Prayer-106_800x533.jpg\",\"datePublished\":\"2015-11-07T09:57:21+00:00\",\"dateModified\":\"2020-04-06T20:02:05+00:00\",\"breadcrumb\":{\"@id\":\"https:\/\/orthodoxalbania.org\/2020\/2015\/11\/07\/kryepiskopit-anastas-i-jepet-cmimi-giuseppe-sciacca\/#breadcrumb\"},\"inLanguage\":\"en-US\",\"potentialAction\":[{\"@type\":\"ReadAction\",\"target\":[\"https:\/\/orthodoxalbania.org\/2020\/2015\/11\/07\/kryepiskopit-anastas-i-jepet-cmimi-giuseppe-sciacca\/\"]}]},{\"@type\":\"ImageObject\",\"inLanguage\":\"en-US\",\"@id\":\"https:\/\/orthodoxalbania.org\/2020\/2015\/11\/07\/kryepiskopit-anastas-i-jepet-cmimi-giuseppe-sciacca\/#primaryimage\",\"url\":\"https:\/\/orthodoxalbania.org\/2020\/wp-content\/uploads\/2020\/04\/Peace_Conference.Prayer-106_800x533.jpg\",\"contentUrl\":\"https:\/\/orthodoxalbania.org\/2020\/wp-content\/uploads\/2020\/04\/Peace_Conference.Prayer-106_800x533.jpg\",\"width\":150,\"height\":150},{\"@type\":\"BreadcrumbList\",\"@id\":\"https:\/\/orthodoxalbania.org\/2020\/2015\/11\/07\/kryepiskopit-anastas-i-jepet-cmimi-giuseppe-sciacca\/#breadcrumb\",\"itemListElement\":[{\"@type\":\"ListItem\",\"position\":1,\"name\":\"Home\",\"item\":\"https:\/\/orthodoxalbania.org\/2020\/\"},{\"@type\":\"ListItem\",\"position\":2,\"name\":\"Njoftim &#8211; Kryepiskopit Anastas i jepet \u00c7mimi \u201cGiuseppe Sciacca\u201d\"}]},{\"@type\":\"WebSite\",\"@id\":\"https:\/\/orthodoxalbania.org\/2020\/#website\",\"url\":\"https:\/\/orthodoxalbania.org\/2020\/\",\"name\":\"Kisha Orthodh\u03bfkse Autoqefale e Shqip\u00ebris\u00eb\",\"description\":\"Fqja Zyrtare e Kish\u00ebs Orthodhokse Autoqefale e Shqip\u00ebris\u00eb me lajmet edhe informacionet zyrtare p\u00ebr struktur\u00ebn edhe veprimtarin e saj.\",\"publisher\":{\"@id\":\"https:\/\/orthodoxalbania.org\/2020\/#organization\"},\"potentialAction\":[{\"@type\":\"SearchAction\",\"target\":{\"@type\":\"EntryPoint\",\"urlTemplate\":\"https:\/\/orthodoxalbania.org\/2020\/?s={search_term_string}\"},\"query-input\":{\"@type\":\"PropertyValueSpecification\",\"valueRequired\":true,\"valueName\":\"search_term_string\"}}],\"inLanguage\":\"en-US\"},{\"@type\":\"Organization\",\"@id\":\"https:\/\/orthodoxalbania.org\/2020\/#organization\",\"name\":\"Kisha Orthodhokse Autoqefale e Shqip\u00ebris\u00eb\",\"url\":\"https:\/\/orthodoxalbania.org\/2020\/\",\"logo\":{\"@type\":\"ImageObject\",\"inLanguage\":\"en-US\",\"@id\":\"https:\/\/orthodoxalbania.org\/2020\/#\/schema\/logo\/image\/\",\"url\":\"https:\/\/orthodoxalbania.org\/2020\/wp-content\/uploads\/2020\/05\/albania.jpeg\",\"contentUrl\":\"https:\/\/orthodoxalbania.org\/2020\/wp-content\/uploads\/2020\/05\/albania.jpeg\",\"width\":540,\"height\":540,\"caption\":\"Kisha Orthodhokse Autoqefale e Shqip\u00ebris\u00eb\"},\"image\":{\"@id\":\"https:\/\/orthodoxalbania.org\/2020\/#\/schema\/logo\/image\/\"},\"sameAs\":[\"https:\/\/www.facebook.com\/koash1991\"]},{\"@type\":\"Person\",\"@id\":\"https:\/\/orthodoxalbania.org\/2020\/#\/schema\/person\/0c387634a7063ac612d7ed9ce71c7e86\",\"name\":\"Kisha Orthodhokse\",\"image\":{\"@type\":\"ImageObject\",\"inLanguage\":\"en-US\",\"@id\":\"https:\/\/secure.gravatar.com\/avatar\/596e7c417251e30f2fbb9c00e026fce61a695a00e51c889caded71c96cbbdde5?s=96&d=mm&r=g\",\"url\":\"https:\/\/secure.gravatar.com\/avatar\/596e7c417251e30f2fbb9c00e026fce61a695a00e51c889caded71c96cbbdde5?s=96&d=mm&r=g\",\"contentUrl\":\"https:\/\/secure.gravatar.com\/avatar\/596e7c417251e30f2fbb9c00e026fce61a695a00e51c889caded71c96cbbdde5?s=96&d=mm&r=g\",\"caption\":\"Kisha Orthodhokse\"}}]}<\/script>\n<!-- \/ Yoast SEO plugin. -->","yoast_head_json":{"title":"Njoftim - Kryepiskopit Anastas i jepet \u00c7mimi \u201cGiuseppe Sciacca\u201d - Kisha Orthodh\u03bfkse Autoqefale e Shqip\u00ebris\u00eb","robots":{"index":"index","follow":"follow","max-snippet":"max-snippet:-1","max-image-preview":"max-image-preview:large","max-video-preview":"max-video-preview:-1"},"canonical":"https:\/\/orthodoxalbania.org\/2020\/2015\/11\/07\/kryepiskopit-anastas-i-jepet-cmimi-giuseppe-sciacca\/","og_locale":"en_US","og_type":"article","og_title":"Njoftim - Kryepiskopit Anastas i jepet \u00c7mimi \u201cGiuseppe Sciacca\u201d - Kisha Orthodh\u03bfkse Autoqefale e Shqip\u00ebris\u00eb","og_description":"Kisha Orthodhokse Autoqefale e Shqip\u00ebris\u00eb Njoftim Kryepiskopit Anastas i jepet \u00c7mimi \u201cGiuseppe Sciacca\u201d &nbsp; &nbsp; &nbsp; &nbsp; Rom\u00eb, e shtun\u00eb 7 n\u00ebntor 2015 &nbsp; &nbsp; \u00c7mimet nd\u00ebrkomb\u00ebtare \u201cGiuseppe Shakka\u201d do t\u00eb nderojn\u00eb me \u00e7mim kryesor t\u00eb Komisionit Organizator \u201cP\u00ebr Aktivitet hierapostolik, Solidaritet social dhe Humaniz\u00ebm\u201d, nj\u00eb prej personaliteteve m\u00eb t\u00eb m\u00ebdhej t\u00eb epok\u00ebs son\u00eb, me rrezatim bot\u00ebror, Kryepiskopin e Tiran\u00ebs, Durr\u00ebsit dhe t\u00eb Gjith\u00eb Shqip\u00ebris\u00eb,","og_url":"https:\/\/orthodoxalbania.org\/2020\/2015\/11\/07\/kryepiskopit-anastas-i-jepet-cmimi-giuseppe-sciacca\/","og_site_name":"Kisha Orthodh\u03bfkse Autoqefale e Shqip\u00ebris\u00eb","article_publisher":"https:\/\/www.facebook.com\/koash1991","article_published_time":"2015-11-07T09:57:21+00:00","article_modified_time":"2020-04-06T20:02:05+00:00","og_image":[{"width":150,"height":150,"url":"https:\/\/orthodoxalbania.org\/2020\/wp-content\/uploads\/2020\/04\/Peace_Conference.Prayer-106_800x533.jpg","type":"image\/jpeg"}],"author":"Kisha Orthodhokse","twitter_card":"summary_large_image","twitter_misc":{"Written by":"Kisha Orthodhokse","Est. reading time":"4 minutes"},"schema":{"@context":"https:\/\/schema.org","@graph":[{"@type":"Article","@id":"https:\/\/orthodoxalbania.org\/2020\/2015\/11\/07\/kryepiskopit-anastas-i-jepet-cmimi-giuseppe-sciacca\/#article","isPartOf":{"@id":"https:\/\/orthodoxalbania.org\/2020\/2015\/11\/07\/kryepiskopit-anastas-i-jepet-cmimi-giuseppe-sciacca\/"},"author":{"name":"Kisha Orthodhokse","@id":"https:\/\/orthodoxalbania.org\/2020\/#\/schema\/person\/0c387634a7063ac612d7ed9ce71c7e86"},"headline":"Njoftim &#8211; Kryepiskopit Anastas i jepet \u00c7mimi \u201cGiuseppe Sciacca\u201d","datePublished":"2015-11-07T09:57:21+00:00","dateModified":"2020-04-06T20:02:05+00:00","mainEntityOfPage":{"@id":"https:\/\/orthodoxalbania.org\/2020\/2015\/11\/07\/kryepiskopit-anastas-i-jepet-cmimi-giuseppe-sciacca\/"},"wordCount":804,"commentCount":0,"publisher":{"@id":"https:\/\/orthodoxalbania.org\/2020\/#organization"},"image":{"@id":"https:\/\/orthodoxalbania.org\/2020\/2015\/11\/07\/kryepiskopit-anastas-i-jepet-cmimi-giuseppe-sciacca\/#primaryimage"},"thumbnailUrl":"https:\/\/orthodoxalbania.org\/2020\/wp-content\/uploads\/2020\/04\/Peace_Conference.Prayer-106_800x533.jpg","keywords":["2015","Kryepiskopata Tiran\u00eb","Kryepiskopi Anastas","lajme"],"articleSection":["Lajme"],"inLanguage":"en-US"},{"@type":"WebPage","@id":"https:\/\/orthodoxalbania.org\/2020\/2015\/11\/07\/kryepiskopit-anastas-i-jepet-cmimi-giuseppe-sciacca\/","url":"https:\/\/orthodoxalbania.org\/2020\/2015\/11\/07\/kryepiskopit-anastas-i-jepet-cmimi-giuseppe-sciacca\/","name":"Njoftim - Kryepiskopit Anastas i jepet \u00c7mimi \u201cGiuseppe Sciacca\u201d - Kisha Orthodh\u03bfkse Autoqefale e Shqip\u00ebris\u00eb","isPartOf":{"@id":"https:\/\/orthodoxalbania.org\/2020\/#website"},"primaryImageOfPage":{"@id":"https:\/\/orthodoxalbania.org\/2020\/2015\/11\/07\/kryepiskopit-anastas-i-jepet-cmimi-giuseppe-sciacca\/#primaryimage"},"image":{"@id":"https:\/\/orthodoxalbania.org\/2020\/2015\/11\/07\/kryepiskopit-anastas-i-jepet-cmimi-giuseppe-sciacca\/#primaryimage"},"thumbnailUrl":"https:\/\/orthodoxalbania.org\/2020\/wp-content\/uploads\/2020\/04\/Peace_Conference.Prayer-106_800x533.jpg","datePublished":"2015-11-07T09:57:21+00:00","dateModified":"2020-04-06T20:02:05+00:00","breadcrumb":{"@id":"https:\/\/orthodoxalbania.org\/2020\/2015\/11\/07\/kryepiskopit-anastas-i-jepet-cmimi-giuseppe-sciacca\/#breadcrumb"},"inLanguage":"en-US","potentialAction":[{"@type":"ReadAction","target":["https:\/\/orthodoxalbania.org\/2020\/2015\/11\/07\/kryepiskopit-anastas-i-jepet-cmimi-giuseppe-sciacca\/"]}]},{"@type":"ImageObject","inLanguage":"en-US","@id":"https:\/\/orthodoxalbania.org\/2020\/2015\/11\/07\/kryepiskopit-anastas-i-jepet-cmimi-giuseppe-sciacca\/#primaryimage","url":"https:\/\/orthodoxalbania.org\/2020\/wp-content\/uploads\/2020\/04\/Peace_Conference.Prayer-106_800x533.jpg","contentUrl":"https:\/\/orthodoxalbania.org\/2020\/wp-content\/uploads\/2020\/04\/Peace_Conference.Prayer-106_800x533.jpg","width":150,"height":150},{"@type":"BreadcrumbList","@id":"https:\/\/orthodoxalbania.org\/2020\/2015\/11\/07\/kryepiskopit-anastas-i-jepet-cmimi-giuseppe-sciacca\/#breadcrumb","itemListElement":[{"@type":"ListItem","position":1,"name":"Home","item":"https:\/\/orthodoxalbania.org\/2020\/"},{"@type":"ListItem","position":2,"name":"Njoftim &#8211; Kryepiskopit Anastas i jepet \u00c7mimi \u201cGiuseppe Sciacca\u201d"}]},{"@type":"WebSite","@id":"https:\/\/orthodoxalbania.org\/2020\/#website","url":"https:\/\/orthodoxalbania.org\/2020\/","name":"Kisha Orthodh\u03bfkse Autoqefale e Shqip\u00ebris\u00eb","description":"Fqja Zyrtare e Kish\u00ebs Orthodhokse Autoqefale e Shqip\u00ebris\u00eb me lajmet edhe informacionet zyrtare p\u00ebr struktur\u00ebn edhe veprimtarin e saj.","publisher":{"@id":"https:\/\/orthodoxalbania.org\/2020\/#organization"},"potentialAction":[{"@type":"SearchAction","target":{"@type":"EntryPoint","urlTemplate":"https:\/\/orthodoxalbania.org\/2020\/?s={search_term_string}"},"query-input":{"@type":"PropertyValueSpecification","valueRequired":true,"valueName":"search_term_string"}}],"inLanguage":"en-US"},{"@type":"Organization","@id":"https:\/\/orthodoxalbania.org\/2020\/#organization","name":"Kisha Orthodhokse Autoqefale e Shqip\u00ebris\u00eb","url":"https:\/\/orthodoxalbania.org\/2020\/","logo":{"@type":"ImageObject","inLanguage":"en-US","@id":"https:\/\/orthodoxalbania.org\/2020\/#\/schema\/logo\/image\/","url":"https:\/\/orthodoxalbania.org\/2020\/wp-content\/uploads\/2020\/05\/albania.jpeg","contentUrl":"https:\/\/orthodoxalbania.org\/2020\/wp-content\/uploads\/2020\/05\/albania.jpeg","width":540,"height":540,"caption":"Kisha Orthodhokse Autoqefale e Shqip\u00ebris\u00eb"},"image":{"@id":"https:\/\/orthodoxalbania.org\/2020\/#\/schema\/logo\/image\/"},"sameAs":["https:\/\/www.facebook.com\/koash1991"]},{"@type":"Person","@id":"https:\/\/orthodoxalbania.org\/2020\/#\/schema\/person\/0c387634a7063ac612d7ed9ce71c7e86","name":"Kisha Orthodhokse","image":{"@type":"ImageObject","inLanguage":"en-US","@id":"https:\/\/secure.gravatar.com\/avatar\/596e7c417251e30f2fbb9c00e026fce61a695a00e51c889caded71c96cbbdde5?s=96&d=mm&r=g","url":"https:\/\/secure.gravatar.com\/avatar\/596e7c417251e30f2fbb9c00e026fce61a695a00e51c889caded71c96cbbdde5?s=96&d=mm&r=g","contentUrl":"https:\/\/secure.gravatar.com\/avatar\/596e7c417251e30f2fbb9c00e026fce61a695a00e51c889caded71c96cbbdde5?s=96&d=mm&r=g","caption":"Kisha Orthodhokse"}}]}},"_links":{"self":[{"href":"https:\/\/orthodoxalbania.org\/2020\/wp-json\/wp\/v2\/posts\/4245","targetHints":{"allow":["GET"]}}],"collection":[{"href":"https:\/\/orthodoxalbania.org\/2020\/wp-json\/wp\/v2\/posts"}],"about":[{"href":"https:\/\/orthodoxalbania.org\/2020\/wp-json\/wp\/v2\/types\/post"}],"author":[{"embeddable":true,"href":"https:\/\/orthodoxalbania.org\/2020\/wp-json\/wp\/v2\/users\/1"}],"replies":[{"embeddable":true,"href":"https:\/\/orthodoxalbania.org\/2020\/wp-json\/wp\/v2\/comments?post=4245"}],"version-history":[{"count":1,"href":"https:\/\/orthodoxalbania.org\/2020\/wp-json\/wp\/v2\/posts\/4245\/revisions"}],"predecessor-version":[{"id":14947,"href":"https:\/\/orthodoxalbania.org\/2020\/wp-json\/wp\/v2\/posts\/4245\/revisions\/14947"}],"wp:featuredmedia":[{"embeddable":true,"href":"https:\/\/orthodoxalbania.org\/2020\/wp-json\/wp\/v2\/media\/4171"}],"wp:attachment":[{"href":"https:\/\/orthodoxalbania.org\/2020\/wp-json\/wp\/v2\/media?parent=4245"}],"wp:term":[{"taxonomy":"category","embeddable":true,"href":"https:\/\/orthodoxalbania.org\/2020\/wp-json\/wp\/v2\/categories?post=4245"},{"taxonomy":"post_tag","embeddable":true,"href":"https:\/\/orthodoxalbania.org\/2020\/wp-json\/wp\/v2\/tags?post=4245"}],"curies":[{"name":"wp","href":"https:\/\/api.w.org\/{rel}","templated":true}]}}