{"id":4241,"date":"2015-11-06T14:13:44","date_gmt":"2015-11-06T14:13:44","guid":{"rendered":""},"modified":"2020-04-06T22:02:05","modified_gmt":"2020-04-06T20:02:05","slug":"mbledhje-historike-e-kishave-te-krishtera-nga-65-vende-te-ndryshme-te-botes","status":"publish","type":"post","link":"https:\/\/orthodoxalbania.org\/2020\/2015\/11\/06\/mbledhje-historike-e-kishave-te-krishtera-nga-65-vende-te-ndryshme-te-botes\/","title":{"rendered":"Mbledhje historike e Kishave t\u00eb Krishtera nga 65 vende t\u00eb ndryshme t\u00eb Bot\u00ebs"},"content":{"rendered":"<p style=\"text-align: center;\"><span style=\"color: #000000;\"><strong><span style=\"font-size: 12pt; font-family: helvetica;\">Mbledhje historike e Kishave t\u00eb Krishtera<\/span><\/strong><\/span><\/p>\n<p style=\"text-align: center;\"><span style=\"color: #000000;\"><strong><span style=\"font-size: 12pt; font-family: helvetica;\"><\/span><span style=\"font-size: 12pt; font-family: helvetica;\">nga 65 vende t\u00eb ndryshme t\u00eb Bot\u00ebs<\/span><\/strong><\/span><\/p>\n<p style=\"text-align: center;\">&nbsp;<\/p>\n<p style=\"text-align: justify;\"><span style=\"color: #000000;\"><\/span><\/p>\n<p style=\"text-align: justify;\"><span style=\"color: #000000;\"><span style=\"font-size: 12pt; font-family: helvetica;\"><\/span><span style=\"font-size: 12pt; font-family: helvetica;\">&nbsp; &nbsp; Nga 2-4 n\u00ebntor 2015, n\u00eb Tiran\u00eb u zhvillua Konsultimi i par\u00eb Nd\u00ebrkomb\u00ebtar p\u00ebr tem\u00ebn &#8220;Diskriminim, persekutim, martirizim\u201d dhe pasojat e tyre tek t\u00eb krishter\u00ebt n\u00eb mbar\u00eb bot\u00ebn. N\u00eb takim mor\u00ebn pjes\u00eb mbi 150 pjes\u00ebmarr\u00ebs, nga 65 shtete, nga t\u00eb 6 kontinentet, t\u00eb gjith\u00eb lider\u00eb t\u00eb krishter\u00eb n\u00eb kishat e tyre, p\u00ebrfaq\u00ebsues t\u00eb t\u00eb gjitha rrymave t\u00eb Krishterimit bot\u00ebror, ku p\u00ebrfshiheshin Orthodhoks\u00ebt, Katolik\u00ebt, Evangjelist\u00ebt dhe Pentekostal\u00ebt.<\/span><\/span><\/p>\n<p style=\"text-align: justify;\"><span style=\"color: #000000;\"><span style=\"font-size: 12pt; font-family: helvetica;\"><\/span><span style=\"font-size: 12pt; font-family: helvetica;\">&nbsp; &nbsp; Veprimtaria, e organizuar nga Forumi i Krishter\u00eb Bot\u00ebror, i zhvilloi punimet n\u00eb sall\u00ebn e madhe n\u00eb mjediset e Qendr\u00ebs Kulturore t\u00eb Katedrales Orthodhokse \u201cNgjallja e Krishtit\u201d. Shqip\u00ebria u zgjodh si vend p\u00ebr zhvillimin e Konferenc\u00ebs p\u00ebr shkak t\u00eb p\u00ebrvoj\u00ebs historike t\u00eb persekutimit t\u00eb t\u00eb dyja feve, Myslimane dhe t\u00eb Krishter\u00eb, gjat\u00eb komunizmit dhe d\u00ebshir\u00ebs q\u00eb ka n\u00eb shoq\u00ebrin\u00eb shqiptare p\u00ebr bashk\u00ebjetes\u00ebs nd\u00ebrfetare paq\u00ebsore.<\/span><\/span><\/p>\n<p style=\"text-align: justify;\"><span style=\"color: #000000;\"><span style=\"font-size: 12pt; font-family: helvetica;\"><\/span><span style=\"font-size: 12pt; font-family: helvetica;\">&nbsp; &nbsp; Kisha Orthodhokse Autoqefale e Shqip\u00ebris\u00eb, Kisha Katolike n\u00eb Shqip\u00ebri dhe Aleanca Ungjillore e Shqip\u00ebris\u00eb ishin t\u00eb gjitha t\u00eb p\u00ebrfshira n\u00eb planifikimin, organizmin dhe mbar\u00ebvajtjen e Konferenc\u00ebs. Organizator\u00ebt ishin vazhdimisht n\u00eb kontakt dhe me organet m\u00eb t\u00eb larta shtet\u00ebrore.<\/span><\/span><\/p>\n<p style=\"text-align: justify;\"><span style=\"color: #000000;\"><span style=\"font-size: 12pt; font-family: helvetica;\"><\/span><span style=\"font-size: 12pt; font-family: helvetica;\">&nbsp; &nbsp; Konferenca nuk ishte drejtuar kund\u00ebr ndonj\u00eb feje tjet\u00ebr apo autoriteti. P\u00ebrkundrazi, ajo u p\u00ebrpoq t\u00eb nxis\u00eb komunitetet, organizatat dhe kishat p\u00ebr t\u00eb vepruar me dashuri, toleranc\u00eb dhe drejt\u00ebsi p\u00ebr \u00e7\u00ebshtjet q\u00eb prekin shum\u00eb njer\u00ebz n\u00eb kontekste t\u00eb ndryshme globale.<\/span><\/span><\/p>\n<p style=\"text-align: justify;\"><span style=\"color: #000000;\"><span style=\"font-size: 12pt; font-family: helvetica;\"><\/span><span style=\"font-size: 12pt; font-family: helvetica;\">&nbsp; &nbsp; Veprimtaria u hap m\u00eb 2 n\u00ebntor, me fjalimet e mir\u00ebseardhjes nga Kryepiskopi Anastas, nga Sekretari i Konferenc\u00ebs Ipeshkvnore t\u00eb Shqip\u00ebris\u00eb, Mons. George Frendo, nga Sekretari i Global Christian Forum, rev. Larry Miller, Sekretari i P\u00ebrgjithsh\u00ebm i K\u00ebshillit Bot\u00ebror t\u00eb Kishave, Rev. Fr. Olav Fykse Tveit, nga Kardinali Kurt Koch, Presidenti i K\u00ebshillit Papnor p\u00ebr Promovimin e Unitetit t\u00eb Krishter\u00eb (i cili lexoi edhe nj\u00eb mesazh t\u00eb Papa Franceskut) etj.<\/span><\/span><\/p>\n<p style=\"text-align: justify;\"><span style=\"color: #000000;\"><span style=\"font-size: 12pt; font-family: helvetica;\"><\/span><span style=\"font-size: 12pt; font-family: helvetica;\">&nbsp; &nbsp; Themeluesi i Fondacionit Sant\u2019Egidio, Prof. Dr. Andrea Rikardi mbajti nj\u00eb nga dy fjalimet ky\u00e7 t\u00eb veprimtaris\u00eb, duke u ndalur n\u00eb trajtimin historik t\u00eb synimit t\u00eb Konsultimit, me tem\u00eb \u201cDiskriminim, persekutim dhe martirizim n\u00eb shekullin e 21-t\u00eb\u201d. Kryepiskopi i Tiran\u00ebs, Durr\u00ebsit dhe i Gjith\u00eb Shqip\u00ebris\u00eb, Prof. Dr. Anastasi, mbajti tem\u00ebn e dyt\u00eb ky\u00e7 t\u00eb aktivitetit, q\u00eb ishte e p\u00ebrqendruar n\u00eb aspektin teologjik t\u00eb tem\u00ebs: \u201cPerspektiva Biblike dhe Theologjike\u201d. Fortlumturia e Tij theksoi nd\u00ebr t\u00eb tjera, se \u201cNj\u00eb problem tjet\u00ebr m\u00eb i p\u00ebrgjithsh\u00ebm, p\u00ebr t\u00eb cilin duhet punuar n\u00eb m\u00ebnyr\u00eb konstante, \u00ebsht\u00eb marr\u00ebdh\u00ebnia e ngusht\u00eb midis paqes globale, drejt\u00ebsis\u00eb dhe zhvillimit. Varf\u00ebria mbetet lloji m\u00eb i keq i shtypjes. N\u00eb shekullin e 21-t\u00eb ne duhet t\u00eb kultivojm\u00eb m\u00eb shum\u00eb dhe t\u00eb forcojm\u00eb solidaritetin e gjith\u00eb t\u00eb Krishter\u00ebve&#8230;\u201d.<\/span><\/span><\/p>\n<p style=\"text-align: justify;\"><span style=\"color: #000000;\"><span style=\"font-size: 12pt; font-family: helvetica;\"><\/span><span style=\"font-size: 12pt; font-family: helvetica;\">&nbsp; &nbsp; Konsultimi pati edhe mjaft diskutime p\u00ebr temat dhe takime n\u00eb grupe pune dhe n\u00eb fund t\u00eb seancave t\u00eb dit\u00ebs s\u00eb tret\u00eb u aprovua nj\u00eb Mesazh final, n\u00eb t\u00eb cilin u p\u00ebrfshin\u00eb shum\u00eb nga pikat e shtruara n\u00eb fjal\u00ebn e Kryepiskopit, Prof. Dr. Anastasit. Mesazhi u b\u00ebn thirrje gjith\u00eb qeverive dhe Kishave t\u00eb bot\u00ebs q\u00eb t\u00eb \u201crespektojn\u00eb dhe mbrojn\u00eb lirin\u00eb e besimit\u201d, si nj\u00eb e drejt\u00eb themelore e njeriut. Lider\u00ebt e Kishave i b\u00ebjn\u00eb apel qeverive dhe organizatave nd\u00ebrkomb\u00ebtare q\u00eb t\u00eb nd\u00ebrmarrin masa p\u00ebr t\u00eb \u201crespektuar dhe mbrojtur t\u00eb krishter\u00ebt dhe gjith\u00eb njer\u00ebzit e tjer\u00eb me vullnet t\u00eb mir\u00eb nga k\u00ebrc\u00ebnimet e dhun\u00ebs s\u00eb ushtruar n\u00eb em\u00ebr t\u00eb fes\u00eb\u201d. Gjithashtu, i b\u00ebhet apel kishave dhe besimtar\u00ebve t\u00eb risin solidaritetin dhe bashk\u00ebpunimin, p\u00ebr t\u00eb ndihmuar nj\u00ebri tjetrin p\u00ebr t\u00eb p\u00ebrballuar k\u00ebto sfida. Nd\u00ebr t\u00eb tjera, n\u00eb Mesazhu pohua se: \u201cm\u00eb 1967 Shqip\u00ebria u deklarua n\u00eb Kushtetut\u00eb si shtet ateist, dhe sot aty kishat po zhvillohen e p\u00ebrparojn\u00eb n\u00eb nj\u00eb kuad\u00ebr lirie fetare, pavar\u00ebsisht se disa diskriminime mbeten ende\u201d.<\/span><\/span><\/p>\n<p style=\"text-align: justify;\"><span style=\"color: #000000;\"><span style=\"font-size: 12pt; font-family: helvetica;\"><\/span><span style=\"font-size: 12pt; font-family: helvetica;\">&nbsp; &nbsp; N\u00eb mbyllje, mbr\u00ebmjen e dt. 4 n\u00ebntor, pjes\u00ebmarr\u00ebsit mor\u00ebn pjes\u00eb n\u00eb pritjen e organizuar n\u00eb Pallatin e Brigadave nga Presidenti i Republik\u00ebs, Z. Bujar Nishani<\/span><\/span><\/p>\n<p style=\"text-align: justify;\"><span style=\"color: #000000;\"><span style=\"font-size: 12pt; font-family: helvetica;\"><\/span><span style=\"font-size: 12pt; font-family: helvetica;\">&nbsp; &nbsp; Edhe n\u00eb dat\u00eb 5 n\u00ebntor, p\u00ebr pjes\u00ebmarr\u00ebsit q\u00eb nuk ishin larguar ende, u zhvilluan vizita n\u00eb kishat e ndryshme t\u00eb krishtera, n\u00eb qytetin e Durr\u00ebsit, n\u00eb Manastirin e Sh\u00ebn Vlashit etj.<\/span><\/span><\/p>\n<p style=\"text-align: justify;\">&nbsp;<\/p>\n<p style=\"text-align: right;\"><span style=\"color: #000000;\"><span style=\"font-size: 12pt; font-family: helvetica;\"><\/span><strong><span style=\"font-size: 12pt; font-family: helvetica;\">Tiran\u00eb, 6 n\u00ebntor 2015<\/span><\/strong><\/span><\/p>\n<p style=\"text-align: center;\"><span style=\"color: #000000;\"><\/span><\/p>\n<p style=\"text-align: center;\"><span style=\"color: #000000;\"><span style=\"font-size: 12pt; font-family: helvetica;\"><\/span><span style=\"font-size: 12pt; font-family: helvetica;\">Zyra e Shtypit<\/span><\/span><\/p>\n<p style=\"text-align: center;\"><span style=\"font-size: 12pt; font-family: helvetica; color: #000000;\">e Kish\u00ebs Orthodhokse Autoqefale t\u00eb Shqip\u00ebris\u00eb<\/span><\/p>\n<p style=\"text-align: center;\">&nbsp;<\/p>\n<p style=\"text-align: center;\"><img class=\"lazyload\" decoding=\"async\" style=\"display: block; margin: 10px auto; border: 1px solid #000000;\" alt=\"\" src=\"data:image\/svg+xml,%3Csvg%20xmlns%3D%27http%3A%2F%2Fwww.w3.org%2F2000%2Fsvg%27%20width%3D%27450%27%20height%3D%27300%27%20viewBox%3D%270%200%20450%20300%27%3E%3Crect%20width%3D%27450%27%20height%3D%27300%27%20fill-opacity%3D%220%22%2F%3E%3C%2Fsvg%3E\" data-orig-src=\"https:\/\/lh5.googleusercontent.com\/-EGCANbjJCBE\/VjyyFmdOU4I\/AAAAAAAAQGc\/b88D_UcB88Y\/w640-h427-no\/DSC_0003.JPG\" height=\"300\" width=\"450\" \/><\/p>\n<p style=\"text-align: center;\"><img class=\"lazyload\" decoding=\"async\" style=\"display: block; margin: 10px auto; border: 1px solid #000000;\" alt=\"\" src=\"data:image\/svg+xml,%3Csvg%20xmlns%3D%27http%3A%2F%2Fwww.w3.org%2F2000%2Fsvg%27%20width%3D%27450%27%20height%3D%27245%27%20viewBox%3D%270%200%20450%20245%27%3E%3Crect%20width%3D%27450%27%20height%3D%27245%27%20fill-opacity%3D%220%22%2F%3E%3C%2Fsvg%3E\" data-orig-src=\"https:\/\/lh6.googleusercontent.com\/-nBbCc0aDv9o\/VjyyFg59qPI\/AAAAAAAAQGU\/CeKycaP9wXo\/w958-h521-no\/DSC_0060.JPG\" height=\"245\" width=\"450\" \/><\/p>\n<p style=\"text-align: center;\"><img class=\"lazyload\" decoding=\"async\" style=\"display: block; margin: 10px auto; border: 1px solid #000000;\" alt=\"\" src=\"data:image\/svg+xml,%3Csvg%20xmlns%3D%27http%3A%2F%2Fwww.w3.org%2F2000%2Fsvg%27%20width%3D%27450%27%20height%3D%27300%27%20viewBox%3D%270%200%20450%20300%27%3E%3Crect%20width%3D%27450%27%20height%3D%27300%27%20fill-opacity%3D%220%22%2F%3E%3C%2Fsvg%3E\" data-orig-src=\"https:\/\/lh5.googleusercontent.com\/-9d9r_IIm7pc\/VjyyFQInZQI\/AAAAAAAAQFw\/IhiLndz4gVo\/w640-h427-no\/DSC_0070.JPG\" height=\"300\" width=\"450\" \/><\/p>\n<p style=\"text-align: center;\"><img class=\"lazyload\" decoding=\"async\" style=\"display: block; margin: 10px auto; border: 1px solid #000000;\" alt=\"\" src=\"data:image\/svg+xml,%3Csvg%20xmlns%3D%27http%3A%2F%2Fwww.w3.org%2F2000%2Fsvg%27%20width%3D%27450%27%20height%3D%27300%27%20viewBox%3D%270%200%20450%20300%27%3E%3Crect%20width%3D%27450%27%20height%3D%27300%27%20fill-opacity%3D%220%22%2F%3E%3C%2Fsvg%3E\" data-orig-src=\"https:\/\/lh5.googleusercontent.com\/-tZD80Q43H70\/VjyyF6bZSwI\/AAAAAAAAQGY\/1OPql1OZU14\/w640-h427-no\/DSC_0072.JPG\" height=\"300\" width=\"450\" \/><\/p>\n<p style=\"text-align: center;\"><img class=\"lazyload\" decoding=\"async\" style=\"display: block; margin: 10px auto; border: 1px solid #000000;\" alt=\"\" src=\"data:image\/svg+xml,%3Csvg%20xmlns%3D%27http%3A%2F%2Fwww.w3.org%2F2000%2Fsvg%27%20width%3D%27450%27%20height%3D%27300%27%20viewBox%3D%270%200%20450%20300%27%3E%3Crect%20width%3D%27450%27%20height%3D%27300%27%20fill-opacity%3D%220%22%2F%3E%3C%2Fsvg%3E\" data-orig-src=\"https:\/\/lh5.googleusercontent.com\/-cPuCfOwAYh8\/VjyyGIl-H9I\/AAAAAAAAQGE\/AZw3aAxnRRU\/w640-h427-no\/DSC_0077.JPG\" height=\"300\" width=\"450\" \/><\/p>\n<p style=\"text-align: center;\"><img class=\"lazyload\" decoding=\"async\" style=\"display: block; margin: 10px auto; border: 1px solid #000000;\" alt=\"\" src=\"data:image\/svg+xml,%3Csvg%20xmlns%3D%27http%3A%2F%2Fwww.w3.org%2F2000%2Fsvg%27%20width%3D%27450%27%20height%3D%27300%27%20viewBox%3D%270%200%20450%20300%27%3E%3Crect%20width%3D%27450%27%20height%3D%27300%27%20fill-opacity%3D%220%22%2F%3E%3C%2Fsvg%3E\" data-orig-src=\"https:\/\/lh5.googleusercontent.com\/-ZhqPO3OAzqo\/VjyyGfW8w1I\/AAAAAAAAQF4\/bKYyZhdKodk\/w640-h427-no\/DSC_0081.JPG\" height=\"300\" width=\"450\" \/><\/p>\n<p style=\"text-align: center;\"><img class=\"lazyload\" decoding=\"async\" style=\"display: block; margin: 10px auto; border: 1px solid #000000;\" alt=\"\" src=\"data:image\/svg+xml,%3Csvg%20xmlns%3D%27http%3A%2F%2Fwww.w3.org%2F2000%2Fsvg%27%20width%3D%27450%27%20height%3D%27674%27%20viewBox%3D%270%200%20450%20674%27%3E%3Crect%20width%3D%27450%27%20height%3D%27674%27%20fill-opacity%3D%220%22%2F%3E%3C%2Fsvg%3E\" data-orig-src=\"https:\/\/lh3.googleusercontent.com\/-xl2nr9kYueQ\/VjyyGeqR99I\/AAAAAAAAQGA\/ky2YPun5xG0\/w427-h640-no\/DSC_0111.JPG\" height=\"674\" width=\"450\" \/><\/p>\n<p style=\"text-align: center;\"><img class=\"lazyload\" decoding=\"async\" style=\"display: block; margin: 10px auto; border: 1px solid #000000;\" alt=\"\" src=\"data:image\/svg+xml,%3Csvg%20xmlns%3D%27http%3A%2F%2Fwww.w3.org%2F2000%2Fsvg%27%20width%3D%27450%27%20height%3D%27300%27%20viewBox%3D%270%200%20450%20300%27%3E%3Crect%20width%3D%27450%27%20height%3D%27300%27%20fill-opacity%3D%220%22%2F%3E%3C%2Fsvg%3E\" data-orig-src=\"https:\/\/lh5.googleusercontent.com\/-B2SW35rYCzc\/VjyyGfUlgaI\/AAAAAAAAQGI\/dEI-O4rsHFU\/w640-h427-no\/DSC_0160.JPG\" height=\"300\" width=\"450\" \/><\/p>\n<p style=\"text-align: center;\"><img class=\"lazyload\" decoding=\"async\" style=\"display: block; margin: 10px auto; border: 1px solid #000000;\" alt=\"\" src=\"data:image\/svg+xml,%3Csvg%20xmlns%3D%27http%3A%2F%2Fwww.w3.org%2F2000%2Fsvg%27%20width%3D%27450%27%20height%3D%27300%27%20viewBox%3D%270%200%20450%20300%27%3E%3Crect%20width%3D%27450%27%20height%3D%27300%27%20fill-opacity%3D%220%22%2F%3E%3C%2Fsvg%3E\" data-orig-src=\"https:\/\/lh5.googleusercontent.com\/-Usqm6qS2xW0\/VjyyGuk7amI\/AAAAAAAAQGM\/79buXwhB3aY\/w840-h560-no\/presidenti-nishani-pritja-forumi-krishtere-2.jpg\" height=\"300\" width=\"450\" \/><\/p>\n<p style=\"text-align: center;\"><img class=\"lazyload\" decoding=\"async\" style=\"display: block; margin: 10px auto; border: 1px solid #000000;\" alt=\"\" src=\"data:image\/svg+xml,%3Csvg%20xmlns%3D%27http%3A%2F%2Fwww.w3.org%2F2000%2Fsvg%27%20width%3D%27450%27%20height%3D%27287%27%20viewBox%3D%270%200%20450%20287%27%3E%3Crect%20width%3D%27450%27%20height%3D%27287%27%20fill-opacity%3D%220%22%2F%3E%3C%2Fsvg%3E\" data-orig-src=\"https:\/\/lh6.googleusercontent.com\/-nX0A9ZcayIg\/VjyyGweaB6I\/AAAAAAAAQGQ\/8Evs5xw4t2M\/w840-h536-no\/presidenti-nishani-pritja-forumi-krishtere.jpg\" height=\"287\" width=\"450\" \/><\/p>\n","protected":false},"excerpt":{"rendered":"<p>Mbledhje historike e Kishave t\u00eb Krishtera nga 65 vende t\u00eb ndryshme t\u00eb Bot\u00ebs &nbsp; &nbsp; &nbsp; Nga 2-4 n\u00ebntor 2015, n\u00eb Tiran\u00eb u zhvillua Konsultimi i par\u00eb Nd\u00ebrkomb\u00ebtar p\u00ebr tem\u00ebn &#8220;Diskriminim, persekutim, martirizim\u201d dhe pasojat e tyre tek t\u00eb krishter\u00ebt n\u00eb mbar\u00eb bot\u00ebn. N\u00eb takim mor\u00ebn pjes\u00eb mbi 150 pjes\u00ebmarr\u00ebs, nga 65 shtete, nga t\u00eb 6 kontinentet, t\u00eb gjith\u00eb lider\u00eb t\u00eb krishter\u00eb n\u00eb kishat e<\/p>\n","protected":false},"author":1,"featured_media":4242,"comment_status":"open","ping_status":"open","sticky":false,"template":"","format":"standard","meta":{"_acf_changed":false,"pagelayer_contact_templates":[],"_pagelayer_content":"","inline_featured_image":false,"fifu_image_url":"","fifu_image_alt":"","footnotes":""},"categories":[108],"tags":[139,162,184,196,201,212],"class_list":["post-4241","post","type-post","status-publish","format-standard","has-post-thumbnail","hentry","category-lajme","tag-139","tag-aktivitete-nderfetare","tag-katedralja-ngjallja-e-krishtit-tirane","tag-tirane","tag-kryepiskopi-anastas","tag-lajme-d27"],"acf":[],"yoast_head":"<!-- This site is optimized with the Yoast SEO plugin v27.2 - https:\/\/yoast.com\/product\/yoast-seo-wordpress\/ -->\n<title>Mbledhje historike e Kishave t\u00eb Krishtera nga 65 vende t\u00eb ndryshme t\u00eb Bot\u00ebs - Kisha Orthodh\u03bfkse Autoqefale e Shqip\u00ebris\u00eb<\/title>\n<meta name=\"robots\" content=\"index, follow, max-snippet:-1, max-image-preview:large, max-video-preview:-1\" \/>\n<link rel=\"canonical\" href=\"https:\/\/orthodoxalbania.org\/2020\/2015\/11\/06\/mbledhje-historike-e-kishave-te-krishtera-nga-65-vende-te-ndryshme-te-botes\/\" \/>\n<meta property=\"og:locale\" content=\"en_US\" \/>\n<meta property=\"og:type\" content=\"article\" \/>\n<meta property=\"og:title\" content=\"Mbledhje historike e Kishave t\u00eb Krishtera nga 65 vende t\u00eb ndryshme t\u00eb Bot\u00ebs - Kisha Orthodh\u03bfkse Autoqefale e Shqip\u00ebris\u00eb\" \/>\n<meta property=\"og:description\" content=\"Mbledhje historike e Kishave t\u00eb Krishtera nga 65 vende t\u00eb ndryshme t\u00eb Bot\u00ebs &nbsp; &nbsp; &nbsp; Nga 2-4 n\u00ebntor 2015, n\u00eb Tiran\u00eb u zhvillua Konsultimi i par\u00eb Nd\u00ebrkomb\u00ebtar p\u00ebr tem\u00ebn &#8220;Diskriminim, persekutim, martirizim\u201d dhe pasojat e tyre tek t\u00eb krishter\u00ebt n\u00eb mbar\u00eb bot\u00ebn. N\u00eb takim mor\u00ebn pjes\u00eb mbi 150 pjes\u00ebmarr\u00ebs, nga 65 shtete, nga t\u00eb 6 kontinentet, t\u00eb gjith\u00eb lider\u00eb t\u00eb krishter\u00eb n\u00eb kishat e\" \/>\n<meta property=\"og:url\" content=\"https:\/\/orthodoxalbania.org\/2020\/2015\/11\/06\/mbledhje-historike-e-kishave-te-krishtera-nga-65-vende-te-ndryshme-te-botes\/\" \/>\n<meta property=\"og:site_name\" content=\"Kisha Orthodh\u03bfkse Autoqefale e Shqip\u00ebris\u00eb\" \/>\n<meta property=\"article:publisher\" content=\"https:\/\/www.facebook.com\/koash1991\" \/>\n<meta property=\"article:published_time\" content=\"2015-11-06T14:13:44+00:00\" \/>\n<meta property=\"article:modified_time\" content=\"2020-04-06T20:02:05+00:00\" \/>\n<meta property=\"og:image\" content=\"https:\/\/orthodoxalbania.org\/2020\/wp-content\/uploads\/2020\/04\/per%2Bweb.JPG\" \/>\n\t<meta property=\"og:image:width\" content=\"150\" \/>\n\t<meta property=\"og:image:height\" content=\"150\" \/>\n\t<meta property=\"og:image:type\" content=\"image\/jpeg\" \/>\n<meta name=\"author\" content=\"Kisha Orthodhokse\" \/>\n<meta name=\"twitter:card\" content=\"summary_large_image\" \/>\n<meta name=\"twitter:label1\" content=\"Written by\" \/>\n\t<meta name=\"twitter:data1\" content=\"Kisha Orthodhokse\" \/>\n\t<meta name=\"twitter:label2\" content=\"Est. reading time\" \/>\n\t<meta name=\"twitter:data2\" content=\"4 minutes\" \/>\n<script type=\"application\/ld+json\" class=\"yoast-schema-graph\">{\"@context\":\"https:\/\/schema.org\",\"@graph\":[{\"@type\":\"Article\",\"@id\":\"https:\/\/orthodoxalbania.org\/2020\/2015\/11\/06\/mbledhje-historike-e-kishave-te-krishtera-nga-65-vende-te-ndryshme-te-botes\/#article\",\"isPartOf\":{\"@id\":\"https:\/\/orthodoxalbania.org\/2020\/2015\/11\/06\/mbledhje-historike-e-kishave-te-krishtera-nga-65-vende-te-ndryshme-te-botes\/\"},\"author\":{\"name\":\"Kisha Orthodhokse\",\"@id\":\"https:\/\/orthodoxalbania.org\/2020\/#\/schema\/person\/0c387634a7063ac612d7ed9ce71c7e86\"},\"headline\":\"Mbledhje historike e Kishave t\u00eb Krishtera nga 65 vende t\u00eb ndryshme t\u00eb Bot\u00ebs\",\"datePublished\":\"2015-11-06T14:13:44+00:00\",\"dateModified\":\"2020-04-06T20:02:05+00:00\",\"mainEntityOfPage\":{\"@id\":\"https:\/\/orthodoxalbania.org\/2020\/2015\/11\/06\/mbledhje-historike-e-kishave-te-krishtera-nga-65-vende-te-ndryshme-te-botes\/\"},\"wordCount\":796,\"commentCount\":0,\"publisher\":{\"@id\":\"https:\/\/orthodoxalbania.org\/2020\/#organization\"},\"image\":{\"@id\":\"https:\/\/orthodoxalbania.org\/2020\/2015\/11\/06\/mbledhje-historike-e-kishave-te-krishtera-nga-65-vende-te-ndryshme-te-botes\/#primaryimage\"},\"thumbnailUrl\":\"https:\/\/orthodoxalbania.org\/2020\/wp-content\/uploads\/2020\/04\/per%2Bweb.JPG\",\"keywords\":[\"2015\",\"Aktivitete Nd\u00ebrfetare\",\"Katedralja \u201cNgjallja e Krishtit\u201d Tiran\u00eb\",\"Kryepiskopata Tiran\u00eb\",\"Kryepiskopi Anastas\",\"lajme\"],\"articleSection\":[\"Lajme\"],\"inLanguage\":\"en-US\"},{\"@type\":\"WebPage\",\"@id\":\"https:\/\/orthodoxalbania.org\/2020\/2015\/11\/06\/mbledhje-historike-e-kishave-te-krishtera-nga-65-vende-te-ndryshme-te-botes\/\",\"url\":\"https:\/\/orthodoxalbania.org\/2020\/2015\/11\/06\/mbledhje-historike-e-kishave-te-krishtera-nga-65-vende-te-ndryshme-te-botes\/\",\"name\":\"Mbledhje historike e Kishave t\u00eb Krishtera nga 65 vende t\u00eb ndryshme t\u00eb Bot\u00ebs - Kisha Orthodh\u03bfkse Autoqefale e Shqip\u00ebris\u00eb\",\"isPartOf\":{\"@id\":\"https:\/\/orthodoxalbania.org\/2020\/#website\"},\"primaryImageOfPage\":{\"@id\":\"https:\/\/orthodoxalbania.org\/2020\/2015\/11\/06\/mbledhje-historike-e-kishave-te-krishtera-nga-65-vende-te-ndryshme-te-botes\/#primaryimage\"},\"image\":{\"@id\":\"https:\/\/orthodoxalbania.org\/2020\/2015\/11\/06\/mbledhje-historike-e-kishave-te-krishtera-nga-65-vende-te-ndryshme-te-botes\/#primaryimage\"},\"thumbnailUrl\":\"https:\/\/orthodoxalbania.org\/2020\/wp-content\/uploads\/2020\/04\/per%2Bweb.JPG\",\"datePublished\":\"2015-11-06T14:13:44+00:00\",\"dateModified\":\"2020-04-06T20:02:05+00:00\",\"breadcrumb\":{\"@id\":\"https:\/\/orthodoxalbania.org\/2020\/2015\/11\/06\/mbledhje-historike-e-kishave-te-krishtera-nga-65-vende-te-ndryshme-te-botes\/#breadcrumb\"},\"inLanguage\":\"en-US\",\"potentialAction\":[{\"@type\":\"ReadAction\",\"target\":[\"https:\/\/orthodoxalbania.org\/2020\/2015\/11\/06\/mbledhje-historike-e-kishave-te-krishtera-nga-65-vende-te-ndryshme-te-botes\/\"]}]},{\"@type\":\"ImageObject\",\"inLanguage\":\"en-US\",\"@id\":\"https:\/\/orthodoxalbania.org\/2020\/2015\/11\/06\/mbledhje-historike-e-kishave-te-krishtera-nga-65-vende-te-ndryshme-te-botes\/#primaryimage\",\"url\":\"https:\/\/orthodoxalbania.org\/2020\/wp-content\/uploads\/2020\/04\/per%2Bweb.JPG\",\"contentUrl\":\"https:\/\/orthodoxalbania.org\/2020\/wp-content\/uploads\/2020\/04\/per%2Bweb.JPG\",\"width\":150,\"height\":150},{\"@type\":\"BreadcrumbList\",\"@id\":\"https:\/\/orthodoxalbania.org\/2020\/2015\/11\/06\/mbledhje-historike-e-kishave-te-krishtera-nga-65-vende-te-ndryshme-te-botes\/#breadcrumb\",\"itemListElement\":[{\"@type\":\"ListItem\",\"position\":1,\"name\":\"Home\",\"item\":\"https:\/\/orthodoxalbania.org\/2020\/\"},{\"@type\":\"ListItem\",\"position\":2,\"name\":\"Mbledhje historike e Kishave t\u00eb Krishtera nga 65 vende t\u00eb ndryshme t\u00eb Bot\u00ebs\"}]},{\"@type\":\"WebSite\",\"@id\":\"https:\/\/orthodoxalbania.org\/2020\/#website\",\"url\":\"https:\/\/orthodoxalbania.org\/2020\/\",\"name\":\"Kisha Orthodh\u03bfkse Autoqefale e Shqip\u00ebris\u00eb\",\"description\":\"Fqja Zyrtare e Kish\u00ebs Orthodhokse Autoqefale e Shqip\u00ebris\u00eb me lajmet edhe informacionet zyrtare p\u00ebr struktur\u00ebn edhe veprimtarin e saj.\",\"publisher\":{\"@id\":\"https:\/\/orthodoxalbania.org\/2020\/#organization\"},\"potentialAction\":[{\"@type\":\"SearchAction\",\"target\":{\"@type\":\"EntryPoint\",\"urlTemplate\":\"https:\/\/orthodoxalbania.org\/2020\/?s={search_term_string}\"},\"query-input\":{\"@type\":\"PropertyValueSpecification\",\"valueRequired\":true,\"valueName\":\"search_term_string\"}}],\"inLanguage\":\"en-US\"},{\"@type\":\"Organization\",\"@id\":\"https:\/\/orthodoxalbania.org\/2020\/#organization\",\"name\":\"Kisha Orthodhokse Autoqefale e Shqip\u00ebris\u00eb\",\"url\":\"https:\/\/orthodoxalbania.org\/2020\/\",\"logo\":{\"@type\":\"ImageObject\",\"inLanguage\":\"en-US\",\"@id\":\"https:\/\/orthodoxalbania.org\/2020\/#\/schema\/logo\/image\/\",\"url\":\"https:\/\/orthodoxalbania.org\/2020\/wp-content\/uploads\/2020\/05\/albania.jpeg\",\"contentUrl\":\"https:\/\/orthodoxalbania.org\/2020\/wp-content\/uploads\/2020\/05\/albania.jpeg\",\"width\":540,\"height\":540,\"caption\":\"Kisha Orthodhokse Autoqefale e Shqip\u00ebris\u00eb\"},\"image\":{\"@id\":\"https:\/\/orthodoxalbania.org\/2020\/#\/schema\/logo\/image\/\"},\"sameAs\":[\"https:\/\/www.facebook.com\/koash1991\"]},{\"@type\":\"Person\",\"@id\":\"https:\/\/orthodoxalbania.org\/2020\/#\/schema\/person\/0c387634a7063ac612d7ed9ce71c7e86\",\"name\":\"Kisha Orthodhokse\",\"image\":{\"@type\":\"ImageObject\",\"inLanguage\":\"en-US\",\"@id\":\"https:\/\/secure.gravatar.com\/avatar\/596e7c417251e30f2fbb9c00e026fce61a695a00e51c889caded71c96cbbdde5?s=96&d=mm&r=g\",\"url\":\"https:\/\/secure.gravatar.com\/avatar\/596e7c417251e30f2fbb9c00e026fce61a695a00e51c889caded71c96cbbdde5?s=96&d=mm&r=g\",\"contentUrl\":\"https:\/\/secure.gravatar.com\/avatar\/596e7c417251e30f2fbb9c00e026fce61a695a00e51c889caded71c96cbbdde5?s=96&d=mm&r=g\",\"caption\":\"Kisha Orthodhokse\"}}]}<\/script>\n<!-- \/ Yoast SEO plugin. -->","yoast_head_json":{"title":"Mbledhje historike e Kishave t\u00eb Krishtera nga 65 vende t\u00eb ndryshme t\u00eb Bot\u00ebs - Kisha Orthodh\u03bfkse Autoqefale e Shqip\u00ebris\u00eb","robots":{"index":"index","follow":"follow","max-snippet":"max-snippet:-1","max-image-preview":"max-image-preview:large","max-video-preview":"max-video-preview:-1"},"canonical":"https:\/\/orthodoxalbania.org\/2020\/2015\/11\/06\/mbledhje-historike-e-kishave-te-krishtera-nga-65-vende-te-ndryshme-te-botes\/","og_locale":"en_US","og_type":"article","og_title":"Mbledhje historike e Kishave t\u00eb Krishtera nga 65 vende t\u00eb ndryshme t\u00eb Bot\u00ebs - Kisha Orthodh\u03bfkse Autoqefale e Shqip\u00ebris\u00eb","og_description":"Mbledhje historike e Kishave t\u00eb Krishtera nga 65 vende t\u00eb ndryshme t\u00eb Bot\u00ebs &nbsp; &nbsp; &nbsp; Nga 2-4 n\u00ebntor 2015, n\u00eb Tiran\u00eb u zhvillua Konsultimi i par\u00eb Nd\u00ebrkomb\u00ebtar p\u00ebr tem\u00ebn &#8220;Diskriminim, persekutim, martirizim\u201d dhe pasojat e tyre tek t\u00eb krishter\u00ebt n\u00eb mbar\u00eb bot\u00ebn. N\u00eb takim mor\u00ebn pjes\u00eb mbi 150 pjes\u00ebmarr\u00ebs, nga 65 shtete, nga t\u00eb 6 kontinentet, t\u00eb gjith\u00eb lider\u00eb t\u00eb krishter\u00eb n\u00eb kishat e","og_url":"https:\/\/orthodoxalbania.org\/2020\/2015\/11\/06\/mbledhje-historike-e-kishave-te-krishtera-nga-65-vende-te-ndryshme-te-botes\/","og_site_name":"Kisha Orthodh\u03bfkse Autoqefale e Shqip\u00ebris\u00eb","article_publisher":"https:\/\/www.facebook.com\/koash1991","article_published_time":"2015-11-06T14:13:44+00:00","article_modified_time":"2020-04-06T20:02:05+00:00","og_image":[{"width":150,"height":150,"url":"https:\/\/orthodoxalbania.org\/2020\/wp-content\/uploads\/2020\/04\/per%2Bweb.JPG","type":"image\/jpeg"}],"author":"Kisha Orthodhokse","twitter_card":"summary_large_image","twitter_misc":{"Written by":"Kisha Orthodhokse","Est. reading time":"4 minutes"},"schema":{"@context":"https:\/\/schema.org","@graph":[{"@type":"Article","@id":"https:\/\/orthodoxalbania.org\/2020\/2015\/11\/06\/mbledhje-historike-e-kishave-te-krishtera-nga-65-vende-te-ndryshme-te-botes\/#article","isPartOf":{"@id":"https:\/\/orthodoxalbania.org\/2020\/2015\/11\/06\/mbledhje-historike-e-kishave-te-krishtera-nga-65-vende-te-ndryshme-te-botes\/"},"author":{"name":"Kisha Orthodhokse","@id":"https:\/\/orthodoxalbania.org\/2020\/#\/schema\/person\/0c387634a7063ac612d7ed9ce71c7e86"},"headline":"Mbledhje historike e Kishave t\u00eb Krishtera nga 65 vende t\u00eb ndryshme t\u00eb Bot\u00ebs","datePublished":"2015-11-06T14:13:44+00:00","dateModified":"2020-04-06T20:02:05+00:00","mainEntityOfPage":{"@id":"https:\/\/orthodoxalbania.org\/2020\/2015\/11\/06\/mbledhje-historike-e-kishave-te-krishtera-nga-65-vende-te-ndryshme-te-botes\/"},"wordCount":796,"commentCount":0,"publisher":{"@id":"https:\/\/orthodoxalbania.org\/2020\/#organization"},"image":{"@id":"https:\/\/orthodoxalbania.org\/2020\/2015\/11\/06\/mbledhje-historike-e-kishave-te-krishtera-nga-65-vende-te-ndryshme-te-botes\/#primaryimage"},"thumbnailUrl":"https:\/\/orthodoxalbania.org\/2020\/wp-content\/uploads\/2020\/04\/per%2Bweb.JPG","keywords":["2015","Aktivitete Nd\u00ebrfetare","Katedralja \u201cNgjallja e Krishtit\u201d Tiran\u00eb","Kryepiskopata Tiran\u00eb","Kryepiskopi Anastas","lajme"],"articleSection":["Lajme"],"inLanguage":"en-US"},{"@type":"WebPage","@id":"https:\/\/orthodoxalbania.org\/2020\/2015\/11\/06\/mbledhje-historike-e-kishave-te-krishtera-nga-65-vende-te-ndryshme-te-botes\/","url":"https:\/\/orthodoxalbania.org\/2020\/2015\/11\/06\/mbledhje-historike-e-kishave-te-krishtera-nga-65-vende-te-ndryshme-te-botes\/","name":"Mbledhje historike e Kishave t\u00eb Krishtera nga 65 vende t\u00eb ndryshme t\u00eb Bot\u00ebs - Kisha Orthodh\u03bfkse Autoqefale e Shqip\u00ebris\u00eb","isPartOf":{"@id":"https:\/\/orthodoxalbania.org\/2020\/#website"},"primaryImageOfPage":{"@id":"https:\/\/orthodoxalbania.org\/2020\/2015\/11\/06\/mbledhje-historike-e-kishave-te-krishtera-nga-65-vende-te-ndryshme-te-botes\/#primaryimage"},"image":{"@id":"https:\/\/orthodoxalbania.org\/2020\/2015\/11\/06\/mbledhje-historike-e-kishave-te-krishtera-nga-65-vende-te-ndryshme-te-botes\/#primaryimage"},"thumbnailUrl":"https:\/\/orthodoxalbania.org\/2020\/wp-content\/uploads\/2020\/04\/per%2Bweb.JPG","datePublished":"2015-11-06T14:13:44+00:00","dateModified":"2020-04-06T20:02:05+00:00","breadcrumb":{"@id":"https:\/\/orthodoxalbania.org\/2020\/2015\/11\/06\/mbledhje-historike-e-kishave-te-krishtera-nga-65-vende-te-ndryshme-te-botes\/#breadcrumb"},"inLanguage":"en-US","potentialAction":[{"@type":"ReadAction","target":["https:\/\/orthodoxalbania.org\/2020\/2015\/11\/06\/mbledhje-historike-e-kishave-te-krishtera-nga-65-vende-te-ndryshme-te-botes\/"]}]},{"@type":"ImageObject","inLanguage":"en-US","@id":"https:\/\/orthodoxalbania.org\/2020\/2015\/11\/06\/mbledhje-historike-e-kishave-te-krishtera-nga-65-vende-te-ndryshme-te-botes\/#primaryimage","url":"https:\/\/orthodoxalbania.org\/2020\/wp-content\/uploads\/2020\/04\/per%2Bweb.JPG","contentUrl":"https:\/\/orthodoxalbania.org\/2020\/wp-content\/uploads\/2020\/04\/per%2Bweb.JPG","width":150,"height":150},{"@type":"BreadcrumbList","@id":"https:\/\/orthodoxalbania.org\/2020\/2015\/11\/06\/mbledhje-historike-e-kishave-te-krishtera-nga-65-vende-te-ndryshme-te-botes\/#breadcrumb","itemListElement":[{"@type":"ListItem","position":1,"name":"Home","item":"https:\/\/orthodoxalbania.org\/2020\/"},{"@type":"ListItem","position":2,"name":"Mbledhje historike e Kishave t\u00eb Krishtera nga 65 vende t\u00eb ndryshme t\u00eb Bot\u00ebs"}]},{"@type":"WebSite","@id":"https:\/\/orthodoxalbania.org\/2020\/#website","url":"https:\/\/orthodoxalbania.org\/2020\/","name":"Kisha Orthodh\u03bfkse Autoqefale e Shqip\u00ebris\u00eb","description":"Fqja Zyrtare e Kish\u00ebs Orthodhokse Autoqefale e Shqip\u00ebris\u00eb me lajmet edhe informacionet zyrtare p\u00ebr struktur\u00ebn edhe veprimtarin e saj.","publisher":{"@id":"https:\/\/orthodoxalbania.org\/2020\/#organization"},"potentialAction":[{"@type":"SearchAction","target":{"@type":"EntryPoint","urlTemplate":"https:\/\/orthodoxalbania.org\/2020\/?s={search_term_string}"},"query-input":{"@type":"PropertyValueSpecification","valueRequired":true,"valueName":"search_term_string"}}],"inLanguage":"en-US"},{"@type":"Organization","@id":"https:\/\/orthodoxalbania.org\/2020\/#organization","name":"Kisha Orthodhokse Autoqefale e Shqip\u00ebris\u00eb","url":"https:\/\/orthodoxalbania.org\/2020\/","logo":{"@type":"ImageObject","inLanguage":"en-US","@id":"https:\/\/orthodoxalbania.org\/2020\/#\/schema\/logo\/image\/","url":"https:\/\/orthodoxalbania.org\/2020\/wp-content\/uploads\/2020\/05\/albania.jpeg","contentUrl":"https:\/\/orthodoxalbania.org\/2020\/wp-content\/uploads\/2020\/05\/albania.jpeg","width":540,"height":540,"caption":"Kisha Orthodhokse Autoqefale e Shqip\u00ebris\u00eb"},"image":{"@id":"https:\/\/orthodoxalbania.org\/2020\/#\/schema\/logo\/image\/"},"sameAs":["https:\/\/www.facebook.com\/koash1991"]},{"@type":"Person","@id":"https:\/\/orthodoxalbania.org\/2020\/#\/schema\/person\/0c387634a7063ac612d7ed9ce71c7e86","name":"Kisha Orthodhokse","image":{"@type":"ImageObject","inLanguage":"en-US","@id":"https:\/\/secure.gravatar.com\/avatar\/596e7c417251e30f2fbb9c00e026fce61a695a00e51c889caded71c96cbbdde5?s=96&d=mm&r=g","url":"https:\/\/secure.gravatar.com\/avatar\/596e7c417251e30f2fbb9c00e026fce61a695a00e51c889caded71c96cbbdde5?s=96&d=mm&r=g","contentUrl":"https:\/\/secure.gravatar.com\/avatar\/596e7c417251e30f2fbb9c00e026fce61a695a00e51c889caded71c96cbbdde5?s=96&d=mm&r=g","caption":"Kisha Orthodhokse"}}]}},"_links":{"self":[{"href":"https:\/\/orthodoxalbania.org\/2020\/wp-json\/wp\/v2\/posts\/4241","targetHints":{"allow":["GET"]}}],"collection":[{"href":"https:\/\/orthodoxalbania.org\/2020\/wp-json\/wp\/v2\/posts"}],"about":[{"href":"https:\/\/orthodoxalbania.org\/2020\/wp-json\/wp\/v2\/types\/post"}],"author":[{"embeddable":true,"href":"https:\/\/orthodoxalbania.org\/2020\/wp-json\/wp\/v2\/users\/1"}],"replies":[{"embeddable":true,"href":"https:\/\/orthodoxalbania.org\/2020\/wp-json\/wp\/v2\/comments?post=4241"}],"version-history":[{"count":1,"href":"https:\/\/orthodoxalbania.org\/2020\/wp-json\/wp\/v2\/posts\/4241\/revisions"}],"predecessor-version":[{"id":14949,"href":"https:\/\/orthodoxalbania.org\/2020\/wp-json\/wp\/v2\/posts\/4241\/revisions\/14949"}],"wp:featuredmedia":[{"embeddable":true,"href":"https:\/\/orthodoxalbania.org\/2020\/wp-json\/wp\/v2\/media\/4242"}],"wp:attachment":[{"href":"https:\/\/orthodoxalbania.org\/2020\/wp-json\/wp\/v2\/media?parent=4241"}],"wp:term":[{"taxonomy":"category","embeddable":true,"href":"https:\/\/orthodoxalbania.org\/2020\/wp-json\/wp\/v2\/categories?post=4241"},{"taxonomy":"post_tag","embeddable":true,"href":"https:\/\/orthodoxalbania.org\/2020\/wp-json\/wp\/v2\/tags?post=4241"}],"curies":[{"name":"wp","href":"https:\/\/api.w.org\/{rel}","templated":true}]}}