{"id":4230,"date":"2015-10-30T14:07:53","date_gmt":"2015-10-30T14:07:53","guid":{"rendered":""},"modified":"2020-04-06T22:02:06","modified_gmt":"2020-04-06T20:02:06","slug":"njoftim-ne-lidhje-me-paketen-e-re-te-shpifjeve-te-nikolla-markut","status":"publish","type":"post","link":"https:\/\/orthodoxalbania.org\/2020\/2015\/10\/30\/njoftim-ne-lidhje-me-paketen-e-re-te-shpifjeve-te-nikolla-markut\/","title":{"rendered":"Njoftim &#8211; N\u00eb lidhje me paket\u00ebn e re t\u00eb shpifjeve t\u00eb Nikolla Markut"},"content":{"rendered":"<p style=\"text-align: center;\"><span style=\"font-size: 12pt; color: #000000;\"><img class=\"lazyload\" decoding=\"async\" style=\"display: block; margin-left: auto; margin-right: auto;\" alt=\"\" src=\"data:image\/svg+xml,%3Csvg%20xmlns%3D%27http%3A%2F%2Fwww.w3.org%2F2000%2Fsvg%27%20width%3D%2745%27%20height%3D%2745%27%20viewBox%3D%270%200%2045%2045%27%3E%3Crect%20width%3D%2745%27%20height%3D%2745%27%20fill-opacity%3D%220%22%2F%3E%3C%2Fsvg%3E\" data-orig-src=\"https:\/\/lh4.googleusercontent.com\/-p6oTSlUmOrM\/U0UABsfjknI\/AAAAAAAAATs\/zlJeoFRksRE\/s577-no\/logo.png\" height=\"45\" width=\"45\" \/><\/span><\/p>\n<p style=\"text-align: center;\"><span style=\"font-size: 12pt; font-family: helvetica; color: #000000;\">Kisha Orthodhokse Autoqefale e Shqip\u00ebris\u00eb<\/span><\/p>\n<p style=\"text-align: center;\"><span style=\"color: #000000;\"><\/span><\/p>\n<p style=\"text-align: center;\"><span style=\"color: #000000;\"><strong><span style=\"font-size: 12pt; font-family: helvetica;\">Njoftim<\/span><\/strong><\/span><\/p>\n<p style=\"text-align: center;\"><span style=\"color: #000000;\"><strong><span style=\"font-size: 12pt; font-family: helvetica;\">N\u00eb lidhje me paket\u00ebn e re t\u00eb shpifjeve t\u00eb Nikolla Markut<\/span><\/strong><\/span><\/p>\n<p style=\"text-align: center;\">&nbsp;<\/p>\n<p style=\"text-align: justify;\"><span style=\"color: #000000;\"><strong><span style=\"font-size: 12pt; font-family: helvetica;\"><\/span><\/strong><span style=\"font-size: 12pt; font-family: helvetica;\">&nbsp; &nbsp; Para disa dit\u00ebsh, 27 \u2013 28 tetor 2015, z. Nikolla Marku u rikthye p\u00ebrmes mediave, me nj\u00eb sajes\u00eb tjet\u00ebr, shpifjesh t\u00eb pabaza dhe k\u00ebrc\u00ebnimesh t\u00eb paturpshme kund\u00ebr Kish\u00ebs Orthodhokse Autoqefale t\u00eb Shqip\u00ebris\u00eb dhe primatit t\u00eb saj. Jemi t\u00eb detyruar p\u00ebrs\u00ebri t\u00eb informojm\u00eb p\u00ebrmbledhtazi opinionin publik se:<\/span><\/span><\/p>\n<p style=\"text-align: justify;\"><span style=\"font-size: 12pt; font-family: helvetica; color: #000000;\"><\/span><\/p>\n<p style=\"text-align: justify;\"><span style=\"font-size: 12pt; font-family: helvetica; color: #000000;\">&nbsp; &nbsp; 1. Nikolla Marku nuk ka asnj\u00eb lidhje me Kish\u00ebn Orthodhokse Autoqefale t\u00eb Shqip\u00ebris\u00eb, t\u00eb njohur nga Shteti Shqiptar. Marr\u00ebdh\u00ebniet midis Kish\u00ebs Orthodhokse dhe Shtetit jan\u00eb p\u00ebrcaktuar p\u00ebrfundimisht me ligjin nr. 10057\/22.1.2009, \u201cMarr\u00ebveshja nd\u00ebrmjet Kish\u00ebs Orthodhokse Autoqefale t\u00eb Shqip\u00ebris\u00eb dhe K\u00ebshillit t\u00eb Ministrave t\u00eb Republik\u00ebs s\u00eb Shqip\u00ebris\u00eb p\u00ebr rregullimin e marr\u00ebdh\u00ebnieve t\u00eb nd\u00ebrsjella\u201d, t\u00eb hartuar sipas detyrimit t\u00eb p\u00ebrcaktuar n\u00eb Kushtetut\u00ebn e Republik\u00ebs s\u00eb Shqip\u00ebris\u00eb.<\/span><br \/><span style=\"font-size: 12pt; font-family: helvetica; color: #000000;\"><\/span><\/p>\n<p style=\"text-align: justify;\"><span style=\"font-size: 12pt; font-family: helvetica; color: #000000;\">&nbsp; &nbsp; 2. Asnj\u00eb Kish\u00eb Orthodhokse dhe asnj\u00eb Kish\u00eb tjet\u00ebr n\u00eb bot\u00eb nuk e njeh at\u00eb si klerik.<\/span><br \/><span style=\"font-size: 12pt; font-family: helvetica; color: #000000;\"><\/span><\/p>\n<p style=\"text-align: justify;\"><span style=\"font-size: 12pt; font-family: helvetica; color: #000000;\">&nbsp; &nbsp; 3. Si p\u00ebrdhos\u00ebs, q\u00eb nuk ndalet p\u00ebrpara asgj\u00ebje, ai ka uzurpuar n\u00eb m\u00ebnyr\u00eb t\u00eb paligjshme kish\u00ebn e s\u00eb T\u00ebr\u00ebshenjt\u00ebs Mari n\u00eb Elbasan, q\u00eb \u00ebsht\u00eb monument kulture dhe, sipas ligjit t\u00eb lartp\u00ebrmendur (neni 23\/1), \u00ebsht\u00eb n\u00eb pron\u00ebsi t\u00eb Kish\u00ebs Orthodhokse Autoqefale t\u00eb Shqip\u00ebris\u00eb.<\/span><br \/><span style=\"font-size: 12pt; font-family: helvetica; color: #000000;\"><\/span><\/p>\n<p style=\"text-align: justify;\"><span style=\"font-size: 12pt; font-family: helvetica; color: #000000;\">&nbsp; &nbsp; \u201cKomiteti p\u00ebr mbrojtjen e pavar\u00ebsis\u00eb s\u00eb kish\u00ebs ortodokse t\u00eb pavarur komb\u00ebtare shqiptare\u201d, kryetar i t\u00eb cilit ai e deklaron veten, nuk \u00ebsht\u00eb \u201cKish\u00eb\u201d, \u00ebsht\u00eb thjesht nj\u00eb komitet lagjeje i nj\u00eb qyteti dhe nuk njihet nga Komiteti Shtet\u00ebror i Kulteve t\u00eb Shqip\u00ebris\u00eb si komunitet fetar. Si vul\u00eb zyrtare p\u00ebrdor n\u00eb m\u00ebnyr\u00eb tin\u00ebzare titullin: \u201cKisha Orthodhokse Autoqefale Komb\u00ebtare Shqiptare, Kala, Elbasan.\u201d N\u00eb k\u00ebt\u00eb rast kemi nj\u00eb falsifikim fare t\u00eb duksh\u00ebm dhe nj\u00eb mashtrim t\u00eb madh. N\u00eb baz\u00eb t\u00eb ligjit t\u00eb lartp\u00ebrmendur, nr. 10057\/ 22.01.2009, Neni 5, paragrafi 1, p\u00ebrcaktohet n\u00eb m\u00ebnyr\u00eb t\u00eb qart\u00eb se: \u201cShteti respekton Kish\u00ebn Orthodhokse Autoqefale t\u00eb Shqip\u00ebris\u00eb dhe njeh si p\u00ebrfaq\u00ebsues t\u00eb saj vet\u00ebm personat e autorizuar nga Sinodi i Shenjt\u00eb i k\u00ebsaj Kishe dhe garanton mbrojtjen e Kish\u00ebs Orthodhokse Autoqefale t\u00eb Shqip\u00ebris\u00eb nga \u00e7do person ose grup q\u00eb pretendon emrin, objektet e kultit, pronat, simbolet ose vul\u00ebn e saj\u201d.<\/span><br \/><span style=\"font-size: 12pt; font-family: helvetica; color: #000000;\"><\/span><\/p>\n<p style=\"text-align: justify;\"><span style=\"font-size: 12pt; font-family: helvetica; color: #000000;\">&nbsp; &nbsp; 4. P\u00ebr ata q\u00eb i njohin \u00e7\u00ebshtjet fetare, deklaratat e Nikolla Markut jan\u00eb fjal\u00eb boshe dhe qesharake, q\u00eb p\u00ebrs\u00ebrisin fantazi mjerane dhe dyshime t\u00eb pabaza. At\u00eb e p\u00ebrdorin qarqe ekstreme, q\u00eb kan\u00eb akses n\u00eb media, p\u00ebr t\u00eb akuzuar vazhdimisht dhe pa ndonj\u00eb shkak Kish\u00ebn Orthodhokse, si dhe p\u00ebr t\u00eb mbajtur gjall\u00eb nj\u00eb propagand\u00eb t\u00eb s\u00ebmur\u00eb antigreke, gj\u00eb q\u00eb sigurisht nuk i shkon p\u00ebr shtat orientimit evropian t\u00eb vendit.<\/span><br \/><span style=\"font-size: 12pt; font-family: helvetica; color: #000000;\"><\/span><\/p>\n<p style=\"text-align: justify;\"><span style=\"font-size: 12pt; font-family: helvetica; color: #000000;\">&nbsp; &nbsp; \u00c7do qytetar i interesuar mund t\u00eb gjej\u00eb edhe deklaratat e m\u00ebparshme t\u00eb Kish\u00ebs son\u00eb, t\u00eb cilat hedhin posht\u00eb qartazi dhe me holl\u00ebsi t\u00eb gjitha deklarimet e tij, q\u00eb i p\u00ebrs\u00ebrit her\u00eb pas here n\u00eb m\u00ebnyr\u00eb monotone.<\/span><\/p>\n<p style=\"text-align: justify;\">&nbsp;<\/p>\n<p style=\"text-align: right;\"><span style=\"color: #000000;\"><span style=\"font-size: 12pt; font-family: helvetica;\"><\/span><strong><span style=\"font-size: 12pt; font-family: helvetica;\">30 tetor 2015<\/span><\/strong><\/span><\/p>\n<p style=\"text-align: center;\"><span style=\"color: #000000;\"><strong style=\"font-family: Verdana, Arial, Helvetica, sans-serif; font-size: 11px; line-height: 24px; text-align: right; background-color: #ffffff;\"><span style=\"font-size: 12pt; font-family: helvetica;\">Nga Kryepiskopata e Hirshme&nbsp;<\/span><\/strong><\/span><\/p>\n<p style=\"text-align: right;\">&nbsp;<\/p>\n<p style=\"text-align: center;\"><img class=\"lazyload\" decoding=\"async\" style=\"display: block; margin: 10px auto; border: 1px solid #000000;\" alt=\"\" src=\"data:image\/svg+xml,%3Csvg%20xmlns%3D%27http%3A%2F%2Fwww.w3.org%2F2000%2Fsvg%27%20width%3D%27450%27%20height%3D%27334%27%20viewBox%3D%270%200%20450%20334%27%3E%3Crect%20width%3D%27450%27%20height%3D%27334%27%20fill-opacity%3D%220%22%2F%3E%3C%2Fsvg%3E\" data-orig-src=\"https:\/\/lh5.googleusercontent.com\/-uDa55ybeaNQ\/VjOIZ5zgrII\/AAAAAAAAQD4\/7BWjnfykV6Q\/w800-h593-no\/faqja+7+poshte_800x593.jpg\" height=\"334\" width=\"450\" \/><\/p>\n","protected":false},"excerpt":{"rendered":"<p>Kisha Orthodhokse Autoqefale e Shqip\u00ebris\u00eb Njoftim N\u00eb lidhje me paket\u00ebn e re t\u00eb shpifjeve t\u00eb Nikolla Markut &nbsp; &nbsp; &nbsp; Para disa dit\u00ebsh, 27 \u2013 28 tetor 2015, z. Nikolla Marku u rikthye p\u00ebrmes mediave, me nj\u00eb sajes\u00eb tjet\u00ebr, shpifjesh t\u00eb pabaza dhe k\u00ebrc\u00ebnimesh t\u00eb paturpshme kund\u00ebr Kish\u00ebs Orthodhokse Autoqefale t\u00eb Shqip\u00ebris\u00eb dhe primatit t\u00eb saj. Jemi t\u00eb detyruar p\u00ebrs\u00ebri t\u00eb informojm\u00eb p\u00ebrmbledhtazi opinionin publik<\/p>\n","protected":false},"author":1,"featured_media":4231,"comment_status":"open","ping_status":"open","sticky":false,"template":"","format":"standard","meta":{"_acf_changed":false,"pagelayer_contact_templates":[],"_pagelayer_content":"","inline_featured_image":false,"fifu_image_url":"","fifu_image_alt":"","footnotes":""},"categories":[108],"tags":[139,196,212,203],"class_list":["post-4230","post","type-post","status-publish","format-standard","has-post-thumbnail","hentry","category-lajme","tag-139","tag-tirane","tag-lajme-d27","tag-pergjigje-ndaj-akuzave"],"acf":[],"yoast_head":"<!-- This site is optimized with the Yoast SEO plugin v27.2 - https:\/\/yoast.com\/product\/yoast-seo-wordpress\/ -->\n<title>Njoftim - N\u00eb lidhje me paket\u00ebn e re t\u00eb shpifjeve t\u00eb Nikolla Markut - Kisha Orthodh\u03bfkse Autoqefale e Shqip\u00ebris\u00eb<\/title>\n<meta name=\"robots\" content=\"index, follow, max-snippet:-1, max-image-preview:large, max-video-preview:-1\" \/>\n<link rel=\"canonical\" href=\"https:\/\/orthodoxalbania.org\/2020\/2015\/10\/30\/njoftim-ne-lidhje-me-paketen-e-re-te-shpifjeve-te-nikolla-markut\/\" \/>\n<meta property=\"og:locale\" content=\"en_US\" \/>\n<meta property=\"og:type\" content=\"article\" \/>\n<meta property=\"og:title\" content=\"Njoftim - N\u00eb lidhje me paket\u00ebn e re t\u00eb shpifjeve t\u00eb Nikolla Markut - Kisha Orthodh\u03bfkse Autoqefale e Shqip\u00ebris\u00eb\" \/>\n<meta property=\"og:description\" content=\"Kisha Orthodhokse Autoqefale e Shqip\u00ebris\u00eb Njoftim N\u00eb lidhje me paket\u00ebn e re t\u00eb shpifjeve t\u00eb Nikolla Markut &nbsp; &nbsp; &nbsp; Para disa dit\u00ebsh, 27 \u2013 28 tetor 2015, z. Nikolla Marku u rikthye p\u00ebrmes mediave, me nj\u00eb sajes\u00eb tjet\u00ebr, shpifjesh t\u00eb pabaza dhe k\u00ebrc\u00ebnimesh t\u00eb paturpshme kund\u00ebr Kish\u00ebs Orthodhokse Autoqefale t\u00eb Shqip\u00ebris\u00eb dhe primatit t\u00eb saj. Jemi t\u00eb detyruar p\u00ebrs\u00ebri t\u00eb informojm\u00eb p\u00ebrmbledhtazi opinionin publik\" \/>\n<meta property=\"og:url\" content=\"https:\/\/orthodoxalbania.org\/2020\/2015\/10\/30\/njoftim-ne-lidhje-me-paketen-e-re-te-shpifjeve-te-nikolla-markut\/\" \/>\n<meta property=\"og:site_name\" content=\"Kisha Orthodh\u03bfkse Autoqefale e Shqip\u00ebris\u00eb\" \/>\n<meta property=\"article:publisher\" content=\"https:\/\/www.facebook.com\/koash1991\" \/>\n<meta property=\"article:published_time\" content=\"2015-10-30T14:07:53+00:00\" \/>\n<meta property=\"article:modified_time\" content=\"2020-04-06T20:02:06+00:00\" \/>\n<meta property=\"og:image\" content=\"https:\/\/orthodoxalbania.org\/2020\/wp-content\/uploads\/2020\/04\/faqja%2B7%2Bposhte_800x593.jpg\" \/>\n\t<meta property=\"og:image:width\" content=\"150\" \/>\n\t<meta property=\"og:image:height\" content=\"150\" \/>\n\t<meta property=\"og:image:type\" content=\"image\/jpeg\" \/>\n<meta name=\"author\" content=\"Kisha Orthodhokse\" \/>\n<meta name=\"twitter:card\" content=\"summary_large_image\" \/>\n<meta name=\"twitter:label1\" content=\"Written by\" \/>\n\t<meta name=\"twitter:data1\" content=\"Kisha Orthodhokse\" \/>\n\t<meta name=\"twitter:label2\" content=\"Est. reading time\" \/>\n\t<meta name=\"twitter:data2\" content=\"3 minutes\" \/>\n<script type=\"application\/ld+json\" class=\"yoast-schema-graph\">{\"@context\":\"https:\/\/schema.org\",\"@graph\":[{\"@type\":\"Article\",\"@id\":\"https:\/\/orthodoxalbania.org\/2020\/2015\/10\/30\/njoftim-ne-lidhje-me-paketen-e-re-te-shpifjeve-te-nikolla-markut\/#article\",\"isPartOf\":{\"@id\":\"https:\/\/orthodoxalbania.org\/2020\/2015\/10\/30\/njoftim-ne-lidhje-me-paketen-e-re-te-shpifjeve-te-nikolla-markut\/\"},\"author\":{\"name\":\"Kisha Orthodhokse\",\"@id\":\"https:\/\/orthodoxalbania.org\/2020\/#\/schema\/person\/0c387634a7063ac612d7ed9ce71c7e86\"},\"headline\":\"Njoftim &#8211; N\u00eb lidhje me paket\u00ebn e re t\u00eb shpifjeve t\u00eb Nikolla Markut\",\"datePublished\":\"2015-10-30T14:07:53+00:00\",\"dateModified\":\"2020-04-06T20:02:06+00:00\",\"mainEntityOfPage\":{\"@id\":\"https:\/\/orthodoxalbania.org\/2020\/2015\/10\/30\/njoftim-ne-lidhje-me-paketen-e-re-te-shpifjeve-te-nikolla-markut\/\"},\"wordCount\":542,\"commentCount\":0,\"publisher\":{\"@id\":\"https:\/\/orthodoxalbania.org\/2020\/#organization\"},\"image\":{\"@id\":\"https:\/\/orthodoxalbania.org\/2020\/2015\/10\/30\/njoftim-ne-lidhje-me-paketen-e-re-te-shpifjeve-te-nikolla-markut\/#primaryimage\"},\"thumbnailUrl\":\"https:\/\/orthodoxalbania.org\/2020\/wp-content\/uploads\/2020\/04\/faqja%2B7%2Bposhte_800x593.jpg\",\"keywords\":[\"2015\",\"Kryepiskopata Tiran\u00eb\",\"lajme\",\"P\u00ebrgjigje ndaj akuzave\"],\"articleSection\":[\"Lajme\"],\"inLanguage\":\"en-US\"},{\"@type\":\"WebPage\",\"@id\":\"https:\/\/orthodoxalbania.org\/2020\/2015\/10\/30\/njoftim-ne-lidhje-me-paketen-e-re-te-shpifjeve-te-nikolla-markut\/\",\"url\":\"https:\/\/orthodoxalbania.org\/2020\/2015\/10\/30\/njoftim-ne-lidhje-me-paketen-e-re-te-shpifjeve-te-nikolla-markut\/\",\"name\":\"Njoftim - N\u00eb lidhje me paket\u00ebn e re t\u00eb shpifjeve t\u00eb Nikolla Markut - Kisha Orthodh\u03bfkse Autoqefale e Shqip\u00ebris\u00eb\",\"isPartOf\":{\"@id\":\"https:\/\/orthodoxalbania.org\/2020\/#website\"},\"primaryImageOfPage\":{\"@id\":\"https:\/\/orthodoxalbania.org\/2020\/2015\/10\/30\/njoftim-ne-lidhje-me-paketen-e-re-te-shpifjeve-te-nikolla-markut\/#primaryimage\"},\"image\":{\"@id\":\"https:\/\/orthodoxalbania.org\/2020\/2015\/10\/30\/njoftim-ne-lidhje-me-paketen-e-re-te-shpifjeve-te-nikolla-markut\/#primaryimage\"},\"thumbnailUrl\":\"https:\/\/orthodoxalbania.org\/2020\/wp-content\/uploads\/2020\/04\/faqja%2B7%2Bposhte_800x593.jpg\",\"datePublished\":\"2015-10-30T14:07:53+00:00\",\"dateModified\":\"2020-04-06T20:02:06+00:00\",\"breadcrumb\":{\"@id\":\"https:\/\/orthodoxalbania.org\/2020\/2015\/10\/30\/njoftim-ne-lidhje-me-paketen-e-re-te-shpifjeve-te-nikolla-markut\/#breadcrumb\"},\"inLanguage\":\"en-US\",\"potentialAction\":[{\"@type\":\"ReadAction\",\"target\":[\"https:\/\/orthodoxalbania.org\/2020\/2015\/10\/30\/njoftim-ne-lidhje-me-paketen-e-re-te-shpifjeve-te-nikolla-markut\/\"]}]},{\"@type\":\"ImageObject\",\"inLanguage\":\"en-US\",\"@id\":\"https:\/\/orthodoxalbania.org\/2020\/2015\/10\/30\/njoftim-ne-lidhje-me-paketen-e-re-te-shpifjeve-te-nikolla-markut\/#primaryimage\",\"url\":\"https:\/\/orthodoxalbania.org\/2020\/wp-content\/uploads\/2020\/04\/faqja%2B7%2Bposhte_800x593.jpg\",\"contentUrl\":\"https:\/\/orthodoxalbania.org\/2020\/wp-content\/uploads\/2020\/04\/faqja%2B7%2Bposhte_800x593.jpg\",\"width\":150,\"height\":150},{\"@type\":\"BreadcrumbList\",\"@id\":\"https:\/\/orthodoxalbania.org\/2020\/2015\/10\/30\/njoftim-ne-lidhje-me-paketen-e-re-te-shpifjeve-te-nikolla-markut\/#breadcrumb\",\"itemListElement\":[{\"@type\":\"ListItem\",\"position\":1,\"name\":\"Home\",\"item\":\"https:\/\/orthodoxalbania.org\/2020\/\"},{\"@type\":\"ListItem\",\"position\":2,\"name\":\"Njoftim &#8211; N\u00eb lidhje me paket\u00ebn e re t\u00eb shpifjeve t\u00eb Nikolla Markut\"}]},{\"@type\":\"WebSite\",\"@id\":\"https:\/\/orthodoxalbania.org\/2020\/#website\",\"url\":\"https:\/\/orthodoxalbania.org\/2020\/\",\"name\":\"Kisha Orthodh\u03bfkse Autoqefale e Shqip\u00ebris\u00eb\",\"description\":\"Fqja Zyrtare e Kish\u00ebs Orthodhokse Autoqefale e Shqip\u00ebris\u00eb me lajmet edhe informacionet zyrtare p\u00ebr struktur\u00ebn edhe veprimtarin e saj.\",\"publisher\":{\"@id\":\"https:\/\/orthodoxalbania.org\/2020\/#organization\"},\"potentialAction\":[{\"@type\":\"SearchAction\",\"target\":{\"@type\":\"EntryPoint\",\"urlTemplate\":\"https:\/\/orthodoxalbania.org\/2020\/?s={search_term_string}\"},\"query-input\":{\"@type\":\"PropertyValueSpecification\",\"valueRequired\":true,\"valueName\":\"search_term_string\"}}],\"inLanguage\":\"en-US\"},{\"@type\":\"Organization\",\"@id\":\"https:\/\/orthodoxalbania.org\/2020\/#organization\",\"name\":\"Kisha Orthodhokse Autoqefale e Shqip\u00ebris\u00eb\",\"url\":\"https:\/\/orthodoxalbania.org\/2020\/\",\"logo\":{\"@type\":\"ImageObject\",\"inLanguage\":\"en-US\",\"@id\":\"https:\/\/orthodoxalbania.org\/2020\/#\/schema\/logo\/image\/\",\"url\":\"https:\/\/orthodoxalbania.org\/2020\/wp-content\/uploads\/2020\/05\/albania.jpeg\",\"contentUrl\":\"https:\/\/orthodoxalbania.org\/2020\/wp-content\/uploads\/2020\/05\/albania.jpeg\",\"width\":540,\"height\":540,\"caption\":\"Kisha Orthodhokse Autoqefale e Shqip\u00ebris\u00eb\"},\"image\":{\"@id\":\"https:\/\/orthodoxalbania.org\/2020\/#\/schema\/logo\/image\/\"},\"sameAs\":[\"https:\/\/www.facebook.com\/koash1991\"]},{\"@type\":\"Person\",\"@id\":\"https:\/\/orthodoxalbania.org\/2020\/#\/schema\/person\/0c387634a7063ac612d7ed9ce71c7e86\",\"name\":\"Kisha Orthodhokse\",\"image\":{\"@type\":\"ImageObject\",\"inLanguage\":\"en-US\",\"@id\":\"https:\/\/secure.gravatar.com\/avatar\/596e7c417251e30f2fbb9c00e026fce61a695a00e51c889caded71c96cbbdde5?s=96&d=mm&r=g\",\"url\":\"https:\/\/secure.gravatar.com\/avatar\/596e7c417251e30f2fbb9c00e026fce61a695a00e51c889caded71c96cbbdde5?s=96&d=mm&r=g\",\"contentUrl\":\"https:\/\/secure.gravatar.com\/avatar\/596e7c417251e30f2fbb9c00e026fce61a695a00e51c889caded71c96cbbdde5?s=96&d=mm&r=g\",\"caption\":\"Kisha Orthodhokse\"}}]}<\/script>\n<!-- \/ Yoast SEO plugin. -->","yoast_head_json":{"title":"Njoftim - N\u00eb lidhje me paket\u00ebn e re t\u00eb shpifjeve t\u00eb Nikolla Markut - Kisha Orthodh\u03bfkse Autoqefale e Shqip\u00ebris\u00eb","robots":{"index":"index","follow":"follow","max-snippet":"max-snippet:-1","max-image-preview":"max-image-preview:large","max-video-preview":"max-video-preview:-1"},"canonical":"https:\/\/orthodoxalbania.org\/2020\/2015\/10\/30\/njoftim-ne-lidhje-me-paketen-e-re-te-shpifjeve-te-nikolla-markut\/","og_locale":"en_US","og_type":"article","og_title":"Njoftim - N\u00eb lidhje me paket\u00ebn e re t\u00eb shpifjeve t\u00eb Nikolla Markut - Kisha Orthodh\u03bfkse Autoqefale e Shqip\u00ebris\u00eb","og_description":"Kisha Orthodhokse Autoqefale e Shqip\u00ebris\u00eb Njoftim N\u00eb lidhje me paket\u00ebn e re t\u00eb shpifjeve t\u00eb Nikolla Markut &nbsp; &nbsp; &nbsp; Para disa dit\u00ebsh, 27 \u2013 28 tetor 2015, z. Nikolla Marku u rikthye p\u00ebrmes mediave, me nj\u00eb sajes\u00eb tjet\u00ebr, shpifjesh t\u00eb pabaza dhe k\u00ebrc\u00ebnimesh t\u00eb paturpshme kund\u00ebr Kish\u00ebs Orthodhokse Autoqefale t\u00eb Shqip\u00ebris\u00eb dhe primatit t\u00eb saj. Jemi t\u00eb detyruar p\u00ebrs\u00ebri t\u00eb informojm\u00eb p\u00ebrmbledhtazi opinionin publik","og_url":"https:\/\/orthodoxalbania.org\/2020\/2015\/10\/30\/njoftim-ne-lidhje-me-paketen-e-re-te-shpifjeve-te-nikolla-markut\/","og_site_name":"Kisha Orthodh\u03bfkse Autoqefale e Shqip\u00ebris\u00eb","article_publisher":"https:\/\/www.facebook.com\/koash1991","article_published_time":"2015-10-30T14:07:53+00:00","article_modified_time":"2020-04-06T20:02:06+00:00","og_image":[{"width":150,"height":150,"url":"https:\/\/orthodoxalbania.org\/2020\/wp-content\/uploads\/2020\/04\/faqja%2B7%2Bposhte_800x593.jpg","type":"image\/jpeg"}],"author":"Kisha Orthodhokse","twitter_card":"summary_large_image","twitter_misc":{"Written by":"Kisha Orthodhokse","Est. reading time":"3 minutes"},"schema":{"@context":"https:\/\/schema.org","@graph":[{"@type":"Article","@id":"https:\/\/orthodoxalbania.org\/2020\/2015\/10\/30\/njoftim-ne-lidhje-me-paketen-e-re-te-shpifjeve-te-nikolla-markut\/#article","isPartOf":{"@id":"https:\/\/orthodoxalbania.org\/2020\/2015\/10\/30\/njoftim-ne-lidhje-me-paketen-e-re-te-shpifjeve-te-nikolla-markut\/"},"author":{"name":"Kisha Orthodhokse","@id":"https:\/\/orthodoxalbania.org\/2020\/#\/schema\/person\/0c387634a7063ac612d7ed9ce71c7e86"},"headline":"Njoftim &#8211; N\u00eb lidhje me paket\u00ebn e re t\u00eb shpifjeve t\u00eb Nikolla Markut","datePublished":"2015-10-30T14:07:53+00:00","dateModified":"2020-04-06T20:02:06+00:00","mainEntityOfPage":{"@id":"https:\/\/orthodoxalbania.org\/2020\/2015\/10\/30\/njoftim-ne-lidhje-me-paketen-e-re-te-shpifjeve-te-nikolla-markut\/"},"wordCount":542,"commentCount":0,"publisher":{"@id":"https:\/\/orthodoxalbania.org\/2020\/#organization"},"image":{"@id":"https:\/\/orthodoxalbania.org\/2020\/2015\/10\/30\/njoftim-ne-lidhje-me-paketen-e-re-te-shpifjeve-te-nikolla-markut\/#primaryimage"},"thumbnailUrl":"https:\/\/orthodoxalbania.org\/2020\/wp-content\/uploads\/2020\/04\/faqja%2B7%2Bposhte_800x593.jpg","keywords":["2015","Kryepiskopata Tiran\u00eb","lajme","P\u00ebrgjigje ndaj akuzave"],"articleSection":["Lajme"],"inLanguage":"en-US"},{"@type":"WebPage","@id":"https:\/\/orthodoxalbania.org\/2020\/2015\/10\/30\/njoftim-ne-lidhje-me-paketen-e-re-te-shpifjeve-te-nikolla-markut\/","url":"https:\/\/orthodoxalbania.org\/2020\/2015\/10\/30\/njoftim-ne-lidhje-me-paketen-e-re-te-shpifjeve-te-nikolla-markut\/","name":"Njoftim - N\u00eb lidhje me paket\u00ebn e re t\u00eb shpifjeve t\u00eb Nikolla Markut - Kisha Orthodh\u03bfkse Autoqefale e Shqip\u00ebris\u00eb","isPartOf":{"@id":"https:\/\/orthodoxalbania.org\/2020\/#website"},"primaryImageOfPage":{"@id":"https:\/\/orthodoxalbania.org\/2020\/2015\/10\/30\/njoftim-ne-lidhje-me-paketen-e-re-te-shpifjeve-te-nikolla-markut\/#primaryimage"},"image":{"@id":"https:\/\/orthodoxalbania.org\/2020\/2015\/10\/30\/njoftim-ne-lidhje-me-paketen-e-re-te-shpifjeve-te-nikolla-markut\/#primaryimage"},"thumbnailUrl":"https:\/\/orthodoxalbania.org\/2020\/wp-content\/uploads\/2020\/04\/faqja%2B7%2Bposhte_800x593.jpg","datePublished":"2015-10-30T14:07:53+00:00","dateModified":"2020-04-06T20:02:06+00:00","breadcrumb":{"@id":"https:\/\/orthodoxalbania.org\/2020\/2015\/10\/30\/njoftim-ne-lidhje-me-paketen-e-re-te-shpifjeve-te-nikolla-markut\/#breadcrumb"},"inLanguage":"en-US","potentialAction":[{"@type":"ReadAction","target":["https:\/\/orthodoxalbania.org\/2020\/2015\/10\/30\/njoftim-ne-lidhje-me-paketen-e-re-te-shpifjeve-te-nikolla-markut\/"]}]},{"@type":"ImageObject","inLanguage":"en-US","@id":"https:\/\/orthodoxalbania.org\/2020\/2015\/10\/30\/njoftim-ne-lidhje-me-paketen-e-re-te-shpifjeve-te-nikolla-markut\/#primaryimage","url":"https:\/\/orthodoxalbania.org\/2020\/wp-content\/uploads\/2020\/04\/faqja%2B7%2Bposhte_800x593.jpg","contentUrl":"https:\/\/orthodoxalbania.org\/2020\/wp-content\/uploads\/2020\/04\/faqja%2B7%2Bposhte_800x593.jpg","width":150,"height":150},{"@type":"BreadcrumbList","@id":"https:\/\/orthodoxalbania.org\/2020\/2015\/10\/30\/njoftim-ne-lidhje-me-paketen-e-re-te-shpifjeve-te-nikolla-markut\/#breadcrumb","itemListElement":[{"@type":"ListItem","position":1,"name":"Home","item":"https:\/\/orthodoxalbania.org\/2020\/"},{"@type":"ListItem","position":2,"name":"Njoftim &#8211; N\u00eb lidhje me paket\u00ebn e re t\u00eb shpifjeve t\u00eb Nikolla Markut"}]},{"@type":"WebSite","@id":"https:\/\/orthodoxalbania.org\/2020\/#website","url":"https:\/\/orthodoxalbania.org\/2020\/","name":"Kisha Orthodh\u03bfkse Autoqefale e Shqip\u00ebris\u00eb","description":"Fqja Zyrtare e Kish\u00ebs Orthodhokse Autoqefale e Shqip\u00ebris\u00eb me lajmet edhe informacionet zyrtare p\u00ebr struktur\u00ebn edhe veprimtarin e saj.","publisher":{"@id":"https:\/\/orthodoxalbania.org\/2020\/#organization"},"potentialAction":[{"@type":"SearchAction","target":{"@type":"EntryPoint","urlTemplate":"https:\/\/orthodoxalbania.org\/2020\/?s={search_term_string}"},"query-input":{"@type":"PropertyValueSpecification","valueRequired":true,"valueName":"search_term_string"}}],"inLanguage":"en-US"},{"@type":"Organization","@id":"https:\/\/orthodoxalbania.org\/2020\/#organization","name":"Kisha Orthodhokse Autoqefale e Shqip\u00ebris\u00eb","url":"https:\/\/orthodoxalbania.org\/2020\/","logo":{"@type":"ImageObject","inLanguage":"en-US","@id":"https:\/\/orthodoxalbania.org\/2020\/#\/schema\/logo\/image\/","url":"https:\/\/orthodoxalbania.org\/2020\/wp-content\/uploads\/2020\/05\/albania.jpeg","contentUrl":"https:\/\/orthodoxalbania.org\/2020\/wp-content\/uploads\/2020\/05\/albania.jpeg","width":540,"height":540,"caption":"Kisha Orthodhokse Autoqefale e Shqip\u00ebris\u00eb"},"image":{"@id":"https:\/\/orthodoxalbania.org\/2020\/#\/schema\/logo\/image\/"},"sameAs":["https:\/\/www.facebook.com\/koash1991"]},{"@type":"Person","@id":"https:\/\/orthodoxalbania.org\/2020\/#\/schema\/person\/0c387634a7063ac612d7ed9ce71c7e86","name":"Kisha Orthodhokse","image":{"@type":"ImageObject","inLanguage":"en-US","@id":"https:\/\/secure.gravatar.com\/avatar\/596e7c417251e30f2fbb9c00e026fce61a695a00e51c889caded71c96cbbdde5?s=96&d=mm&r=g","url":"https:\/\/secure.gravatar.com\/avatar\/596e7c417251e30f2fbb9c00e026fce61a695a00e51c889caded71c96cbbdde5?s=96&d=mm&r=g","contentUrl":"https:\/\/secure.gravatar.com\/avatar\/596e7c417251e30f2fbb9c00e026fce61a695a00e51c889caded71c96cbbdde5?s=96&d=mm&r=g","caption":"Kisha Orthodhokse"}}]}},"_links":{"self":[{"href":"https:\/\/orthodoxalbania.org\/2020\/wp-json\/wp\/v2\/posts\/4230","targetHints":{"allow":["GET"]}}],"collection":[{"href":"https:\/\/orthodoxalbania.org\/2020\/wp-json\/wp\/v2\/posts"}],"about":[{"href":"https:\/\/orthodoxalbania.org\/2020\/wp-json\/wp\/v2\/types\/post"}],"author":[{"embeddable":true,"href":"https:\/\/orthodoxalbania.org\/2020\/wp-json\/wp\/v2\/users\/1"}],"replies":[{"embeddable":true,"href":"https:\/\/orthodoxalbania.org\/2020\/wp-json\/wp\/v2\/comments?post=4230"}],"version-history":[{"count":1,"href":"https:\/\/orthodoxalbania.org\/2020\/wp-json\/wp\/v2\/posts\/4230\/revisions"}],"predecessor-version":[{"id":14951,"href":"https:\/\/orthodoxalbania.org\/2020\/wp-json\/wp\/v2\/posts\/4230\/revisions\/14951"}],"wp:featuredmedia":[{"embeddable":true,"href":"https:\/\/orthodoxalbania.org\/2020\/wp-json\/wp\/v2\/media\/4231"}],"wp:attachment":[{"href":"https:\/\/orthodoxalbania.org\/2020\/wp-json\/wp\/v2\/media?parent=4230"}],"wp:term":[{"taxonomy":"category","embeddable":true,"href":"https:\/\/orthodoxalbania.org\/2020\/wp-json\/wp\/v2\/categories?post=4230"},{"taxonomy":"post_tag","embeddable":true,"href":"https:\/\/orthodoxalbania.org\/2020\/wp-json\/wp\/v2\/tags?post=4230"}],"curies":[{"name":"wp","href":"https:\/\/api.w.org\/{rel}","templated":true}]}}