{"id":4215,"date":"2015-10-19T10:35:31","date_gmt":"2015-10-19T10:35:31","guid":{"rendered":""},"modified":"2020-04-06T22:02:06","modified_gmt":"2020-04-06T20:02:06","slug":"rumani-pjesemarres-ne-kremtimin-e-shen-parashqevise-se-re","status":"publish","type":"post","link":"https:\/\/orthodoxalbania.org\/2020\/2015\/10\/19\/rumani-pjesemarres-ne-kremtimin-e-shen-parashqevise-se-re\/","title":{"rendered":"Rumani &#8211; Pjes\u00ebmarr\u00ebs n\u00eb kremtimin e Sh\u00ebn Parashqevis\u00eb s\u00eb Re"},"content":{"rendered":"<p style=\"text-align: justify;\"><span style=\"font-size: 12pt; font-family: helvetica; color: #800000;\">&nbsp; &nbsp;<span style=\"color: #000000;\">\u00c7do vit, m\u00eb 14 tetor, populli shpres\u00ebtar orthodhoks i Mitropolis\u00eb s\u00eb Moldavis\u00eb dhe Bukovin\u00ebs, n\u00eb Rumani, feston t\u00eb kremten e osh\u00ebnares Parashqevia e Re. N\u00eb kremtime mor\u00ebn pjes\u00eb p\u00ebrfaq\u00ebsues nga Kisha t\u00eb tjera Orthodhokse, nga Patriarkana e Jerusalemit, nga Kisha e Greqis\u00eb, nga Mali i Shenjt\u00eb, si dhe dhjet\u00ebra mitropolit\u00eb e episkop\u00eb t\u00eb Patriarkan\u00ebs s\u00eb Rumanis\u00eb. Nga Kisha Orthodhokse Autoqefale t\u00eb Shqip\u00ebris\u00eb, me ftes\u00eb t\u00eb Mitropolitit t\u00eb Moladavis\u00eb dhe Bukovin\u00ebs, Hir\u00ebsis\u00eb s\u00eb Tij Theofanit, mori pjes\u00eb n\u00eb festime episkopi ndihm\u00ebs i Kryepiskopit, Hir\u00ebsia e Tij Nikolla.<\/span><\/span><\/p>\n<p style=\"text-align: justify;\"><span style=\"font-size: 12pt; font-family: helvetica; color: #000000;\">&nbsp; &nbsp; Kremtimet u kuror\u00ebzuan me kryerjen e Liturgjis\u00eb Hyjnore, m\u00eb 14 tetor, n\u00eb Katedralen e Iashit, n\u00eb prani t\u00eb mbi 15 mij\u00eb besimtar\u00ebve t\u00eb ardhur nga e gjith\u00eb Rumania, por edhe nga vende t\u00eb tjera. Mor\u00ebn pjes\u00eb edhe mjaft p\u00ebrfaq\u00ebsues t\u00eb lart\u00eb t\u00eb pushtetit vendor e qendror. Besimtar\u00ebt kishin bekimin q\u00eb bashk\u00eb me lipsanin e osh\u00ebnares Parashqevi, t\u2019u faleshin edhe lipsaneve t\u00eb sh\u00ebn Joan Gojartit, sh\u00ebn Marin\u00ebs, dhe sh\u00ebn Maria Magdalen\u00ebs, t\u00eb sjella nga Mali i Shenjt\u00eb. Gjat\u00eb gjith\u00eb periudh\u00ebs s\u00eb pelegrinazhit dhe t\u00eb kremtimeve, filluar m\u00eb 9 tetor, lipsanet e shenjta t\u00eb vendosura n\u00eb katedrale i nderuan dhjet\u00ebra mij\u00eb besimtar\u00eb.<\/span><\/p>\n<p style=\"text-align: justify;\"><span style=\"font-size: 12pt; font-family: helvetica; color: #000000;\">&nbsp; &nbsp;Kjo e kremte pati nj\u00eb frym\u00eb shum\u00eb t\u00eb ngroht\u00eb v\u00ebllaz\u00ebrore mes gjith\u00eb pjes\u00ebmarr\u00ebsve dhe d\u00ebshmon edhe nj\u00eb her\u00eb unitetin dhe bashkimin e t\u00eb krishter\u00ebve orthodhoks\u00eb n\u00eb mbar\u00eb bot\u00ebn.<\/span><\/p>\n<p style=\"text-align: justify;\">&nbsp;<\/p>\n<p style=\"text-align: center;\"><img class=\"lazyload\" decoding=\"async\" style=\"display: block; margin: 10px auto; border: 1px solid #000000;\" alt=\"\" src=\"data:image\/svg+xml,%3Csvg%20xmlns%3D%27http%3A%2F%2Fwww.w3.org%2F2000%2Fsvg%27%20width%3D%27450%27%20height%3D%27300%27%20viewBox%3D%270%200%20450%20300%27%3E%3Crect%20width%3D%27450%27%20height%3D%27300%27%20fill-opacity%3D%220%22%2F%3E%3C%2Fsvg%3E\" data-orig-src=\"https:\/\/lh6.googleusercontent.com\/-bB90dwY9RY8\/ViTHZ-z3awI\/AAAAAAAAP_U\/rIFBiOpE87g\/w958-h639-no\/hram_sf_parascheva_bogdan_zamfirescu-2.jpg\" height=\"300\" width=\"450\" \/><\/p>\n<p style=\"text-align: center;\"><img class=\"lazyload\" decoding=\"async\" style=\"display: block; margin: 10px auto; border: 1px solid #000000;\" alt=\"\" src=\"data:image\/svg+xml,%3Csvg%20xmlns%3D%27http%3A%2F%2Fwww.w3.org%2F2000%2Fsvg%27%20width%3D%27450%27%20height%3D%27300%27%20viewBox%3D%270%200%20450%20300%27%3E%3Crect%20width%3D%27450%27%20height%3D%27300%27%20fill-opacity%3D%220%22%2F%3E%3C%2Fsvg%3E\" data-orig-src=\"https:\/\/lh6.googleusercontent.com\/-Z2HyM79u-xA\/ViTHZ1LU2xI\/AAAAAAAAP_A\/2p6HWFnAHDY\/w958-h639-no\/hram_sf_parascheva_bogdan_zamfirescu-3.jpg\" height=\"300\" width=\"450\" \/><\/p>\n<p style=\"text-align: center;\"><img class=\"lazyload\" decoding=\"async\" style=\"display: block; margin: 10px auto; border: 1px solid #000000;\" alt=\"\" src=\"data:image\/svg+xml,%3Csvg%20xmlns%3D%27http%3A%2F%2Fwww.w3.org%2F2000%2Fsvg%27%20width%3D%27450%27%20height%3D%27300%27%20viewBox%3D%270%200%20450%20300%27%3E%3Crect%20width%3D%27450%27%20height%3D%27300%27%20fill-opacity%3D%220%22%2F%3E%3C%2Fsvg%3E\" data-orig-src=\"https:\/\/lh6.googleusercontent.com\/-a7iF-m6rnsg\/ViTHaXnliEI\/AAAAAAAAP_I\/FmFVCDtsNLA\/w958-h639-no\/hram_sf_parascheva_bogdan_zamfirescu-6.jpg\" height=\"300\" width=\"450\" \/><\/p>\n<p style=\"text-align: center;\"><img class=\"lazyload\" decoding=\"async\" style=\"display: block; margin: 10px auto; border: 1px solid #000000;\" alt=\"\" src=\"data:image\/svg+xml,%3Csvg%20xmlns%3D%27http%3A%2F%2Fwww.w3.org%2F2000%2Fsvg%27%20width%3D%27450%27%20height%3D%27300%27%20viewBox%3D%270%200%20450%20300%27%3E%3Crect%20width%3D%27450%27%20height%3D%27300%27%20fill-opacity%3D%220%22%2F%3E%3C%2Fsvg%3E\" data-orig-src=\"https:\/\/lh6.googleusercontent.com\/-2nCNJ4PKLCw\/ViTHaokEEuI\/AAAAAAAAP_M\/FEHufTOTmGE\/w958-h639-no\/hram_sf_parascheva_tudorel_rusu-11.jpg\" height=\"300\" width=\"450\" \/><\/p>\n<p style=\"text-align: center;\"><img class=\"lazyload\" decoding=\"async\" style=\"display: block; margin: 10px auto; border: 1px solid #000000;\" alt=\"\" src=\"data:image\/svg+xml,%3Csvg%20xmlns%3D%27http%3A%2F%2Fwww.w3.org%2F2000%2Fsvg%27%20width%3D%27450%27%20height%3D%27300%27%20viewBox%3D%270%200%20450%20300%27%3E%3Crect%20width%3D%27450%27%20height%3D%27300%27%20fill-opacity%3D%220%22%2F%3E%3C%2Fsvg%3E\" data-orig-src=\"https:\/\/lh3.googleusercontent.com\/-tY25n4CXwWM\/ViTHbLAxssI\/AAAAAAAAP_Q\/Uv6ndyyvXSk\/w800-h533-no\/web.jpg\" height=\"300\" width=\"450\" \/><\/p>\n<p style=\"text-align: center;\"><img class=\"lazyload\" decoding=\"async\" style=\"display: block; margin: 10px auto; border: 1px solid #000000;\" alt=\"\" src=\"data:image\/svg+xml,%3Csvg%20xmlns%3D%27http%3A%2F%2Fwww.w3.org%2F2000%2Fsvg%27%20width%3D%27450%27%20height%3D%27300%27%20viewBox%3D%270%200%20450%20300%27%3E%3Crect%20width%3D%27450%27%20height%3D%27300%27%20fill-opacity%3D%220%22%2F%3E%3C%2Fsvg%3E\" data-orig-src=\"https:\/\/lh4.googleusercontent.com\/-6nvu3tYEgDc\/ViTHZkrYzEI\/AAAAAAAAP_E\/xy29cBKgYMA\/w958-h639-no\/hram_sf_parascheva-81.jpg\" height=\"300\" width=\"450\" \/><\/p>\n","protected":false},"excerpt":{"rendered":"<p>&nbsp; &nbsp;\u00c7do vit, m\u00eb 14 tetor, populli shpres\u00ebtar orthodhoks i Mitropolis\u00eb s\u00eb Moldavis\u00eb dhe Bukovin\u00ebs, n\u00eb Rumani, feston t\u00eb kremten e osh\u00ebnares Parashqevia e Re. N\u00eb kremtime mor\u00ebn pjes\u00eb p\u00ebrfaq\u00ebsues nga Kisha t\u00eb tjera Orthodhokse, nga Patriarkana e Jerusalemit, nga Kisha e Greqis\u00eb, nga Mali i Shenjt\u00eb, si dhe dhjet\u00ebra mitropolit\u00eb e episkop\u00eb t\u00eb Patriarkan\u00ebs s\u00eb Rumanis\u00eb. Nga Kisha Orthodhokse Autoqefale t\u00eb Shqip\u00ebris\u00eb, me ftes\u00eb<\/p>\n","protected":false},"author":1,"featured_media":4216,"comment_status":"open","ping_status":"open","sticky":false,"template":"","format":"standard","meta":{"_acf_changed":false,"pagelayer_contact_templates":[],"_pagelayer_content":"","inline_featured_image":false,"fifu_image_url":"","fifu_image_alt":"","footnotes":""},"categories":[108],"tags":[139,157,196,212],"class_list":["post-4215","post","type-post","status-publish","format-standard","has-post-thumbnail","hentry","category-lajme","tag-139","tag-kremtime","tag-tirane","tag-lajme-d27"],"acf":[],"yoast_head":"<!-- This site is optimized with the Yoast SEO plugin v27.2 - https:\/\/yoast.com\/product\/yoast-seo-wordpress\/ -->\n<title>Rumani - Pjes\u00ebmarr\u00ebs n\u00eb kremtimin e Sh\u00ebn Parashqevis\u00eb s\u00eb Re - Kisha Orthodh\u03bfkse Autoqefale e Shqip\u00ebris\u00eb<\/title>\n<meta name=\"robots\" content=\"index, follow, max-snippet:-1, max-image-preview:large, max-video-preview:-1\" \/>\n<link rel=\"canonical\" href=\"https:\/\/orthodoxalbania.org\/2020\/2015\/10\/19\/rumani-pjesemarres-ne-kremtimin-e-shen-parashqevise-se-re\/\" \/>\n<meta property=\"og:locale\" content=\"en_US\" \/>\n<meta property=\"og:type\" content=\"article\" \/>\n<meta property=\"og:title\" content=\"Rumani - Pjes\u00ebmarr\u00ebs n\u00eb kremtimin e Sh\u00ebn Parashqevis\u00eb s\u00eb Re - Kisha Orthodh\u03bfkse Autoqefale e Shqip\u00ebris\u00eb\" \/>\n<meta property=\"og:description\" content=\"&nbsp; &nbsp;\u00c7do vit, m\u00eb 14 tetor, populli shpres\u00ebtar orthodhoks i Mitropolis\u00eb s\u00eb Moldavis\u00eb dhe Bukovin\u00ebs, n\u00eb Rumani, feston t\u00eb kremten e osh\u00ebnares Parashqevia e Re. N\u00eb kremtime mor\u00ebn pjes\u00eb p\u00ebrfaq\u00ebsues nga Kisha t\u00eb tjera Orthodhokse, nga Patriarkana e Jerusalemit, nga Kisha e Greqis\u00eb, nga Mali i Shenjt\u00eb, si dhe dhjet\u00ebra mitropolit\u00eb e episkop\u00eb t\u00eb Patriarkan\u00ebs s\u00eb Rumanis\u00eb. Nga Kisha Orthodhokse Autoqefale t\u00eb Shqip\u00ebris\u00eb, me ftes\u00eb\" \/>\n<meta property=\"og:url\" content=\"https:\/\/orthodoxalbania.org\/2020\/2015\/10\/19\/rumani-pjesemarres-ne-kremtimin-e-shen-parashqevise-se-re\/\" \/>\n<meta property=\"og:site_name\" content=\"Kisha Orthodh\u03bfkse Autoqefale e Shqip\u00ebris\u00eb\" \/>\n<meta property=\"article:publisher\" content=\"https:\/\/www.facebook.com\/koash1991\" \/>\n<meta property=\"article:published_time\" content=\"2015-10-19T10:35:31+00:00\" \/>\n<meta property=\"article:modified_time\" content=\"2020-04-06T20:02:06+00:00\" \/>\n<meta property=\"og:image\" content=\"https:\/\/orthodoxalbania.org\/2020\/wp-content\/uploads\/2020\/04\/web.jpg\" \/>\n\t<meta property=\"og:image:width\" content=\"150\" \/>\n\t<meta property=\"og:image:height\" content=\"150\" \/>\n\t<meta property=\"og:image:type\" content=\"image\/jpeg\" \/>\n<meta name=\"author\" content=\"Kisha Orthodhokse\" \/>\n<meta name=\"twitter:card\" content=\"summary_large_image\" \/>\n<meta name=\"twitter:label1\" content=\"Written by\" \/>\n\t<meta name=\"twitter:data1\" content=\"Kisha Orthodhokse\" \/>\n\t<meta name=\"twitter:label2\" content=\"Est. reading time\" \/>\n\t<meta name=\"twitter:data2\" content=\"1 minute\" \/>\n<script type=\"application\/ld+json\" class=\"yoast-schema-graph\">{\"@context\":\"https:\/\/schema.org\",\"@graph\":[{\"@type\":\"Article\",\"@id\":\"https:\/\/orthodoxalbania.org\/2020\/2015\/10\/19\/rumani-pjesemarres-ne-kremtimin-e-shen-parashqevise-se-re\/#article\",\"isPartOf\":{\"@id\":\"https:\/\/orthodoxalbania.org\/2020\/2015\/10\/19\/rumani-pjesemarres-ne-kremtimin-e-shen-parashqevise-se-re\/\"},\"author\":{\"name\":\"Kisha Orthodhokse\",\"@id\":\"https:\/\/orthodoxalbania.org\/2020\/#\/schema\/person\/0c387634a7063ac612d7ed9ce71c7e86\"},\"headline\":\"Rumani &#8211; Pjes\u00ebmarr\u00ebs n\u00eb kremtimin e Sh\u00ebn Parashqevis\u00eb s\u00eb Re\",\"datePublished\":\"2015-10-19T10:35:31+00:00\",\"dateModified\":\"2020-04-06T20:02:06+00:00\",\"mainEntityOfPage\":{\"@id\":\"https:\/\/orthodoxalbania.org\/2020\/2015\/10\/19\/rumani-pjesemarres-ne-kremtimin-e-shen-parashqevise-se-re\/\"},\"wordCount\":265,\"commentCount\":0,\"publisher\":{\"@id\":\"https:\/\/orthodoxalbania.org\/2020\/#organization\"},\"image\":{\"@id\":\"https:\/\/orthodoxalbania.org\/2020\/2015\/10\/19\/rumani-pjesemarres-ne-kremtimin-e-shen-parashqevise-se-re\/#primaryimage\"},\"thumbnailUrl\":\"https:\/\/orthodoxalbania.org\/2020\/wp-content\/uploads\/2020\/04\/web.jpg\",\"keywords\":[\"2015\",\"Kremtime\",\"Kryepiskopata Tiran\u00eb\",\"lajme\"],\"articleSection\":[\"Lajme\"],\"inLanguage\":\"en-US\"},{\"@type\":\"WebPage\",\"@id\":\"https:\/\/orthodoxalbania.org\/2020\/2015\/10\/19\/rumani-pjesemarres-ne-kremtimin-e-shen-parashqevise-se-re\/\",\"url\":\"https:\/\/orthodoxalbania.org\/2020\/2015\/10\/19\/rumani-pjesemarres-ne-kremtimin-e-shen-parashqevise-se-re\/\",\"name\":\"Rumani - Pjes\u00ebmarr\u00ebs n\u00eb kremtimin e Sh\u00ebn Parashqevis\u00eb s\u00eb Re - Kisha Orthodh\u03bfkse Autoqefale e Shqip\u00ebris\u00eb\",\"isPartOf\":{\"@id\":\"https:\/\/orthodoxalbania.org\/2020\/#website\"},\"primaryImageOfPage\":{\"@id\":\"https:\/\/orthodoxalbania.org\/2020\/2015\/10\/19\/rumani-pjesemarres-ne-kremtimin-e-shen-parashqevise-se-re\/#primaryimage\"},\"image\":{\"@id\":\"https:\/\/orthodoxalbania.org\/2020\/2015\/10\/19\/rumani-pjesemarres-ne-kremtimin-e-shen-parashqevise-se-re\/#primaryimage\"},\"thumbnailUrl\":\"https:\/\/orthodoxalbania.org\/2020\/wp-content\/uploads\/2020\/04\/web.jpg\",\"datePublished\":\"2015-10-19T10:35:31+00:00\",\"dateModified\":\"2020-04-06T20:02:06+00:00\",\"breadcrumb\":{\"@id\":\"https:\/\/orthodoxalbania.org\/2020\/2015\/10\/19\/rumani-pjesemarres-ne-kremtimin-e-shen-parashqevise-se-re\/#breadcrumb\"},\"inLanguage\":\"en-US\",\"potentialAction\":[{\"@type\":\"ReadAction\",\"target\":[\"https:\/\/orthodoxalbania.org\/2020\/2015\/10\/19\/rumani-pjesemarres-ne-kremtimin-e-shen-parashqevise-se-re\/\"]}]},{\"@type\":\"ImageObject\",\"inLanguage\":\"en-US\",\"@id\":\"https:\/\/orthodoxalbania.org\/2020\/2015\/10\/19\/rumani-pjesemarres-ne-kremtimin-e-shen-parashqevise-se-re\/#primaryimage\",\"url\":\"https:\/\/orthodoxalbania.org\/2020\/wp-content\/uploads\/2020\/04\/web.jpg\",\"contentUrl\":\"https:\/\/orthodoxalbania.org\/2020\/wp-content\/uploads\/2020\/04\/web.jpg\",\"width\":150,\"height\":150},{\"@type\":\"BreadcrumbList\",\"@id\":\"https:\/\/orthodoxalbania.org\/2020\/2015\/10\/19\/rumani-pjesemarres-ne-kremtimin-e-shen-parashqevise-se-re\/#breadcrumb\",\"itemListElement\":[{\"@type\":\"ListItem\",\"position\":1,\"name\":\"Home\",\"item\":\"https:\/\/orthodoxalbania.org\/2020\/\"},{\"@type\":\"ListItem\",\"position\":2,\"name\":\"Rumani &#8211; Pjes\u00ebmarr\u00ebs n\u00eb kremtimin e Sh\u00ebn Parashqevis\u00eb s\u00eb Re\"}]},{\"@type\":\"WebSite\",\"@id\":\"https:\/\/orthodoxalbania.org\/2020\/#website\",\"url\":\"https:\/\/orthodoxalbania.org\/2020\/\",\"name\":\"Kisha Orthodh\u03bfkse Autoqefale e Shqip\u00ebris\u00eb\",\"description\":\"Fqja Zyrtare e Kish\u00ebs Orthodhokse Autoqefale e Shqip\u00ebris\u00eb me lajmet edhe informacionet zyrtare p\u00ebr struktur\u00ebn edhe veprimtarin e saj.\",\"publisher\":{\"@id\":\"https:\/\/orthodoxalbania.org\/2020\/#organization\"},\"potentialAction\":[{\"@type\":\"SearchAction\",\"target\":{\"@type\":\"EntryPoint\",\"urlTemplate\":\"https:\/\/orthodoxalbania.org\/2020\/?s={search_term_string}\"},\"query-input\":{\"@type\":\"PropertyValueSpecification\",\"valueRequired\":true,\"valueName\":\"search_term_string\"}}],\"inLanguage\":\"en-US\"},{\"@type\":\"Organization\",\"@id\":\"https:\/\/orthodoxalbania.org\/2020\/#organization\",\"name\":\"Kisha Orthodhokse Autoqefale e Shqip\u00ebris\u00eb\",\"url\":\"https:\/\/orthodoxalbania.org\/2020\/\",\"logo\":{\"@type\":\"ImageObject\",\"inLanguage\":\"en-US\",\"@id\":\"https:\/\/orthodoxalbania.org\/2020\/#\/schema\/logo\/image\/\",\"url\":\"https:\/\/orthodoxalbania.org\/2020\/wp-content\/uploads\/2020\/05\/albania.jpeg\",\"contentUrl\":\"https:\/\/orthodoxalbania.org\/2020\/wp-content\/uploads\/2020\/05\/albania.jpeg\",\"width\":540,\"height\":540,\"caption\":\"Kisha Orthodhokse Autoqefale e Shqip\u00ebris\u00eb\"},\"image\":{\"@id\":\"https:\/\/orthodoxalbania.org\/2020\/#\/schema\/logo\/image\/\"},\"sameAs\":[\"https:\/\/www.facebook.com\/koash1991\"]},{\"@type\":\"Person\",\"@id\":\"https:\/\/orthodoxalbania.org\/2020\/#\/schema\/person\/0c387634a7063ac612d7ed9ce71c7e86\",\"name\":\"Kisha Orthodhokse\",\"image\":{\"@type\":\"ImageObject\",\"inLanguage\":\"en-US\",\"@id\":\"https:\/\/secure.gravatar.com\/avatar\/596e7c417251e30f2fbb9c00e026fce61a695a00e51c889caded71c96cbbdde5?s=96&d=mm&r=g\",\"url\":\"https:\/\/secure.gravatar.com\/avatar\/596e7c417251e30f2fbb9c00e026fce61a695a00e51c889caded71c96cbbdde5?s=96&d=mm&r=g\",\"contentUrl\":\"https:\/\/secure.gravatar.com\/avatar\/596e7c417251e30f2fbb9c00e026fce61a695a00e51c889caded71c96cbbdde5?s=96&d=mm&r=g\",\"caption\":\"Kisha Orthodhokse\"}}]}<\/script>\n<!-- \/ Yoast SEO plugin. -->","yoast_head_json":{"title":"Rumani - Pjes\u00ebmarr\u00ebs n\u00eb kremtimin e Sh\u00ebn Parashqevis\u00eb s\u00eb Re - Kisha Orthodh\u03bfkse Autoqefale e Shqip\u00ebris\u00eb","robots":{"index":"index","follow":"follow","max-snippet":"max-snippet:-1","max-image-preview":"max-image-preview:large","max-video-preview":"max-video-preview:-1"},"canonical":"https:\/\/orthodoxalbania.org\/2020\/2015\/10\/19\/rumani-pjesemarres-ne-kremtimin-e-shen-parashqevise-se-re\/","og_locale":"en_US","og_type":"article","og_title":"Rumani - Pjes\u00ebmarr\u00ebs n\u00eb kremtimin e Sh\u00ebn Parashqevis\u00eb s\u00eb Re - Kisha Orthodh\u03bfkse Autoqefale e Shqip\u00ebris\u00eb","og_description":"&nbsp; &nbsp;\u00c7do vit, m\u00eb 14 tetor, populli shpres\u00ebtar orthodhoks i Mitropolis\u00eb s\u00eb Moldavis\u00eb dhe Bukovin\u00ebs, n\u00eb Rumani, feston t\u00eb kremten e osh\u00ebnares Parashqevia e Re. N\u00eb kremtime mor\u00ebn pjes\u00eb p\u00ebrfaq\u00ebsues nga Kisha t\u00eb tjera Orthodhokse, nga Patriarkana e Jerusalemit, nga Kisha e Greqis\u00eb, nga Mali i Shenjt\u00eb, si dhe dhjet\u00ebra mitropolit\u00eb e episkop\u00eb t\u00eb Patriarkan\u00ebs s\u00eb Rumanis\u00eb. Nga Kisha Orthodhokse Autoqefale t\u00eb Shqip\u00ebris\u00eb, me ftes\u00eb","og_url":"https:\/\/orthodoxalbania.org\/2020\/2015\/10\/19\/rumani-pjesemarres-ne-kremtimin-e-shen-parashqevise-se-re\/","og_site_name":"Kisha Orthodh\u03bfkse Autoqefale e Shqip\u00ebris\u00eb","article_publisher":"https:\/\/www.facebook.com\/koash1991","article_published_time":"2015-10-19T10:35:31+00:00","article_modified_time":"2020-04-06T20:02:06+00:00","og_image":[{"width":150,"height":150,"url":"https:\/\/orthodoxalbania.org\/2020\/wp-content\/uploads\/2020\/04\/web.jpg","type":"image\/jpeg"}],"author":"Kisha Orthodhokse","twitter_card":"summary_large_image","twitter_misc":{"Written by":"Kisha Orthodhokse","Est. reading time":"1 minute"},"schema":{"@context":"https:\/\/schema.org","@graph":[{"@type":"Article","@id":"https:\/\/orthodoxalbania.org\/2020\/2015\/10\/19\/rumani-pjesemarres-ne-kremtimin-e-shen-parashqevise-se-re\/#article","isPartOf":{"@id":"https:\/\/orthodoxalbania.org\/2020\/2015\/10\/19\/rumani-pjesemarres-ne-kremtimin-e-shen-parashqevise-se-re\/"},"author":{"name":"Kisha Orthodhokse","@id":"https:\/\/orthodoxalbania.org\/2020\/#\/schema\/person\/0c387634a7063ac612d7ed9ce71c7e86"},"headline":"Rumani &#8211; Pjes\u00ebmarr\u00ebs n\u00eb kremtimin e Sh\u00ebn Parashqevis\u00eb s\u00eb Re","datePublished":"2015-10-19T10:35:31+00:00","dateModified":"2020-04-06T20:02:06+00:00","mainEntityOfPage":{"@id":"https:\/\/orthodoxalbania.org\/2020\/2015\/10\/19\/rumani-pjesemarres-ne-kremtimin-e-shen-parashqevise-se-re\/"},"wordCount":265,"commentCount":0,"publisher":{"@id":"https:\/\/orthodoxalbania.org\/2020\/#organization"},"image":{"@id":"https:\/\/orthodoxalbania.org\/2020\/2015\/10\/19\/rumani-pjesemarres-ne-kremtimin-e-shen-parashqevise-se-re\/#primaryimage"},"thumbnailUrl":"https:\/\/orthodoxalbania.org\/2020\/wp-content\/uploads\/2020\/04\/web.jpg","keywords":["2015","Kremtime","Kryepiskopata Tiran\u00eb","lajme"],"articleSection":["Lajme"],"inLanguage":"en-US"},{"@type":"WebPage","@id":"https:\/\/orthodoxalbania.org\/2020\/2015\/10\/19\/rumani-pjesemarres-ne-kremtimin-e-shen-parashqevise-se-re\/","url":"https:\/\/orthodoxalbania.org\/2020\/2015\/10\/19\/rumani-pjesemarres-ne-kremtimin-e-shen-parashqevise-se-re\/","name":"Rumani - Pjes\u00ebmarr\u00ebs n\u00eb kremtimin e Sh\u00ebn Parashqevis\u00eb s\u00eb Re - Kisha Orthodh\u03bfkse Autoqefale e Shqip\u00ebris\u00eb","isPartOf":{"@id":"https:\/\/orthodoxalbania.org\/2020\/#website"},"primaryImageOfPage":{"@id":"https:\/\/orthodoxalbania.org\/2020\/2015\/10\/19\/rumani-pjesemarres-ne-kremtimin-e-shen-parashqevise-se-re\/#primaryimage"},"image":{"@id":"https:\/\/orthodoxalbania.org\/2020\/2015\/10\/19\/rumani-pjesemarres-ne-kremtimin-e-shen-parashqevise-se-re\/#primaryimage"},"thumbnailUrl":"https:\/\/orthodoxalbania.org\/2020\/wp-content\/uploads\/2020\/04\/web.jpg","datePublished":"2015-10-19T10:35:31+00:00","dateModified":"2020-04-06T20:02:06+00:00","breadcrumb":{"@id":"https:\/\/orthodoxalbania.org\/2020\/2015\/10\/19\/rumani-pjesemarres-ne-kremtimin-e-shen-parashqevise-se-re\/#breadcrumb"},"inLanguage":"en-US","potentialAction":[{"@type":"ReadAction","target":["https:\/\/orthodoxalbania.org\/2020\/2015\/10\/19\/rumani-pjesemarres-ne-kremtimin-e-shen-parashqevise-se-re\/"]}]},{"@type":"ImageObject","inLanguage":"en-US","@id":"https:\/\/orthodoxalbania.org\/2020\/2015\/10\/19\/rumani-pjesemarres-ne-kremtimin-e-shen-parashqevise-se-re\/#primaryimage","url":"https:\/\/orthodoxalbania.org\/2020\/wp-content\/uploads\/2020\/04\/web.jpg","contentUrl":"https:\/\/orthodoxalbania.org\/2020\/wp-content\/uploads\/2020\/04\/web.jpg","width":150,"height":150},{"@type":"BreadcrumbList","@id":"https:\/\/orthodoxalbania.org\/2020\/2015\/10\/19\/rumani-pjesemarres-ne-kremtimin-e-shen-parashqevise-se-re\/#breadcrumb","itemListElement":[{"@type":"ListItem","position":1,"name":"Home","item":"https:\/\/orthodoxalbania.org\/2020\/"},{"@type":"ListItem","position":2,"name":"Rumani &#8211; Pjes\u00ebmarr\u00ebs n\u00eb kremtimin e Sh\u00ebn Parashqevis\u00eb s\u00eb Re"}]},{"@type":"WebSite","@id":"https:\/\/orthodoxalbania.org\/2020\/#website","url":"https:\/\/orthodoxalbania.org\/2020\/","name":"Kisha Orthodh\u03bfkse Autoqefale e Shqip\u00ebris\u00eb","description":"Fqja Zyrtare e Kish\u00ebs Orthodhokse Autoqefale e Shqip\u00ebris\u00eb me lajmet edhe informacionet zyrtare p\u00ebr struktur\u00ebn edhe veprimtarin e saj.","publisher":{"@id":"https:\/\/orthodoxalbania.org\/2020\/#organization"},"potentialAction":[{"@type":"SearchAction","target":{"@type":"EntryPoint","urlTemplate":"https:\/\/orthodoxalbania.org\/2020\/?s={search_term_string}"},"query-input":{"@type":"PropertyValueSpecification","valueRequired":true,"valueName":"search_term_string"}}],"inLanguage":"en-US"},{"@type":"Organization","@id":"https:\/\/orthodoxalbania.org\/2020\/#organization","name":"Kisha Orthodhokse Autoqefale e Shqip\u00ebris\u00eb","url":"https:\/\/orthodoxalbania.org\/2020\/","logo":{"@type":"ImageObject","inLanguage":"en-US","@id":"https:\/\/orthodoxalbania.org\/2020\/#\/schema\/logo\/image\/","url":"https:\/\/orthodoxalbania.org\/2020\/wp-content\/uploads\/2020\/05\/albania.jpeg","contentUrl":"https:\/\/orthodoxalbania.org\/2020\/wp-content\/uploads\/2020\/05\/albania.jpeg","width":540,"height":540,"caption":"Kisha Orthodhokse Autoqefale e Shqip\u00ebris\u00eb"},"image":{"@id":"https:\/\/orthodoxalbania.org\/2020\/#\/schema\/logo\/image\/"},"sameAs":["https:\/\/www.facebook.com\/koash1991"]},{"@type":"Person","@id":"https:\/\/orthodoxalbania.org\/2020\/#\/schema\/person\/0c387634a7063ac612d7ed9ce71c7e86","name":"Kisha Orthodhokse","image":{"@type":"ImageObject","inLanguage":"en-US","@id":"https:\/\/secure.gravatar.com\/avatar\/596e7c417251e30f2fbb9c00e026fce61a695a00e51c889caded71c96cbbdde5?s=96&d=mm&r=g","url":"https:\/\/secure.gravatar.com\/avatar\/596e7c417251e30f2fbb9c00e026fce61a695a00e51c889caded71c96cbbdde5?s=96&d=mm&r=g","contentUrl":"https:\/\/secure.gravatar.com\/avatar\/596e7c417251e30f2fbb9c00e026fce61a695a00e51c889caded71c96cbbdde5?s=96&d=mm&r=g","caption":"Kisha Orthodhokse"}}]}},"_links":{"self":[{"href":"https:\/\/orthodoxalbania.org\/2020\/wp-json\/wp\/v2\/posts\/4215","targetHints":{"allow":["GET"]}}],"collection":[{"href":"https:\/\/orthodoxalbania.org\/2020\/wp-json\/wp\/v2\/posts"}],"about":[{"href":"https:\/\/orthodoxalbania.org\/2020\/wp-json\/wp\/v2\/types\/post"}],"author":[{"embeddable":true,"href":"https:\/\/orthodoxalbania.org\/2020\/wp-json\/wp\/v2\/users\/1"}],"replies":[{"embeddable":true,"href":"https:\/\/orthodoxalbania.org\/2020\/wp-json\/wp\/v2\/comments?post=4215"}],"version-history":[{"count":1,"href":"https:\/\/orthodoxalbania.org\/2020\/wp-json\/wp\/v2\/posts\/4215\/revisions"}],"predecessor-version":[{"id":14954,"href":"https:\/\/orthodoxalbania.org\/2020\/wp-json\/wp\/v2\/posts\/4215\/revisions\/14954"}],"wp:featuredmedia":[{"embeddable":true,"href":"https:\/\/orthodoxalbania.org\/2020\/wp-json\/wp\/v2\/media\/4216"}],"wp:attachment":[{"href":"https:\/\/orthodoxalbania.org\/2020\/wp-json\/wp\/v2\/media?parent=4215"}],"wp:term":[{"taxonomy":"category","embeddable":true,"href":"https:\/\/orthodoxalbania.org\/2020\/wp-json\/wp\/v2\/categories?post=4215"},{"taxonomy":"post_tag","embeddable":true,"href":"https:\/\/orthodoxalbania.org\/2020\/wp-json\/wp\/v2\/tags?post=4215"}],"curies":[{"name":"wp","href":"https:\/\/api.w.org\/{rel}","templated":true}]}}