{"id":421,"date":"2014-12-15T18:40:00","date_gmt":"2014-12-15T18:40:00","guid":{"rendered":""},"modified":"2020-04-06T22:02:20","modified_gmt":"2020-04-06T20:02:20","slug":"dolen-ne-qarkullim-kalendari-i-madh-dhe-i-vogel-kishtar","status":"publish","type":"post","link":"https:\/\/orthodoxalbania.org\/2020\/2014\/12\/15\/dolen-ne-qarkullim-kalendari-i-madh-dhe-i-vogel-kishtar\/","title":{"rendered":"Dol\u00ebn n\u00eb qarkullim Kalendari i madh dhe i vog\u00ebl kishtar"},"content":{"rendered":"<table style=\"margin-right: auto; margin-left: auto;\" border=\"1\">\n<tbody>\n<tr>\n<td style=\"text-align: center; width: 648px;\">\n<div><span style=\"font-family: helvetica; font-size: 12pt; color: #008000;\"><strong>&#8211; Dol\u00ebn n\u00eb qarkullim Kalendari i Madh dhe i Vog\u00ebl Kishtar &#8211;<\/strong><\/span><\/div>\n<\/td>\n<\/tr>\n<tr>\n<td style=\"text-align: center; width: 648px;\">\n<div><span style=\"font-size: 12pt; font-family: helvetica; color: #008000;\"><strong>&#8211; Kalendar\u00ebt ndodhen n\u00eb t\u00eb gjitha Kishat Orthodhokse &#8211;<\/strong><\/span><\/div>\n<\/td>\n<\/tr>\n<\/tbody>\n<\/table>\n<div style=\"text-align: center;\">&nbsp;<\/div>\n<div style=\"text-align: center;\"><span style=\"color: #ff0000; font-family: helvetica; font-size: 16px; text-align: center; background-color: #ffffff;\"><\/span><strong style=\"color: #ff0000; font-family: helvetica; font-size: 16px; text-align: center; background-color: #ffffff;\">Kalendari i Madh Kishtar<\/strong><\/div>\n<div style=\"text-align: center;\">&nbsp;<\/div>\n<div style=\"text-align: center;\"><img decoding=\"async\" class=\"lazyload HAa Eha\" style=\"width: 505px; margin: 10px auto; height: 382px; border-width: 1px; border-style: solid;\" alt=\"\" src=\"data:image\/gif;base64,R0lGODlhAQABAAAAACH5BAEKAAEALAAAAAABAAEAAAICTAEAOw==\" data-orig-src=\"https:\/\/lh3.googleusercontent.com\/-HMNWhDazTGI\/VJ0g5s2mfMI\/AAAAAAAAJoQ\/_MQwrImqluI\/w958-h718-no\/10827977_384671325041225_8586014747381064499_o.jpg\" width=\"230\" \/><\/div>\n<div style=\"text-align: center;\">&nbsp;<\/div>\n<div style=\"text-align: center;\">&nbsp;<strong style=\"color: #ff0000; font-family: helvetica; font-size: 16px; text-align: center; background-color: #ffffff;\">Kalendari i Vog\u00ebl Kishtar<\/strong><\/div>\n<div style=\"text-align: center;\">&nbsp;<\/div>\n<div style=\"text-align: center;\"><img decoding=\"async\" class=\"lazyload HAa Eha\" style=\"margin: 10px auto; display: block; border: 1px solid;\" alt=\"\" src=\"data:image\/svg+xml,%3Csvg%20xmlns%3D%27http%3A%2F%2Fwww.w3.org%2F2000%2Fsvg%27%20width%3D%27505%27%20height%3D%27367%27%20viewBox%3D%270%200%20505%20367%27%3E%3Crect%20width%3D%27505%27%20height%3D%27367%27%20fill-opacity%3D%220%22%2F%3E%3C%2Fsvg%3E\" data-orig-src=\"https:\/\/lh6.googleusercontent.com\/-D1t7gwau5XY\/VJ0g5QdUUwI\/AAAAAAAAJoU\/uMz9DkT3FwQ\/w958-h695-no\/kopertina+per+web.jpg\" height=\"367\" width=\"505\" \/><\/div>\n<div style=\"text-align: center;\">&nbsp;<\/div>\n","protected":false},"excerpt":{"rendered":"<p>&#8211; Dol\u00ebn n\u00eb qarkullim Kalendari i Madh dhe i Vog\u00ebl Kishtar &#8211; &#8211; Kalendar\u00ebt ndodhen n\u00eb t\u00eb gjitha Kishat Orthodhokse &#8211; &nbsp; Kalendari i Madh Kishtar &nbsp; &nbsp; &nbsp;Kalendari i Vog\u00ebl Kishtar &nbsp; &nbsp;<\/p>\n","protected":false},"author":1,"featured_media":422,"comment_status":"open","ping_status":"open","sticky":false,"template":"","format":"standard","meta":{"_acf_changed":false,"pagelayer_contact_templates":[],"_pagelayer_content":"","inline_featured_image":false,"fifu_image_url":"","fifu_image_alt":"","footnotes":""},"categories":[108],"tags":[140,165,196,212,607],"class_list":["post-421","post","type-post","status-publish","format-standard","has-post-thumbnail","hentry","category-lajme","tag-140","tag-kalendare-orthodhokse","tag-tirane","tag-lajme-d27","tag-promovimepublikime"],"acf":[],"yoast_head":"<!-- This site is optimized with the Yoast SEO plugin v27.2 - https:\/\/yoast.com\/product\/yoast-seo-wordpress\/ -->\n<title>Dol\u00ebn n\u00eb qarkullim Kalendari i madh dhe i vog\u00ebl kishtar - Kisha Orthodh\u03bfkse Autoqefale e Shqip\u00ebris\u00eb<\/title>\n<meta name=\"robots\" content=\"index, follow, max-snippet:-1, max-image-preview:large, max-video-preview:-1\" \/>\n<link rel=\"canonical\" href=\"https:\/\/orthodoxalbania.org\/2020\/2014\/12\/15\/dolen-ne-qarkullim-kalendari-i-madh-dhe-i-vogel-kishtar\/\" \/>\n<meta property=\"og:locale\" content=\"en_US\" \/>\n<meta property=\"og:type\" content=\"article\" \/>\n<meta property=\"og:title\" content=\"Dol\u00ebn n\u00eb qarkullim Kalendari i madh dhe i vog\u00ebl kishtar - Kisha Orthodh\u03bfkse Autoqefale e Shqip\u00ebris\u00eb\" \/>\n<meta property=\"og:description\" content=\"&#8211; Dol\u00ebn n\u00eb qarkullim Kalendari i Madh dhe i Vog\u00ebl Kishtar &#8211; &#8211; Kalendar\u00ebt ndodhen n\u00eb t\u00eb gjitha Kishat Orthodhokse &#8211; &nbsp; Kalendari i Madh Kishtar &nbsp; &nbsp; &nbsp;Kalendari i Vog\u00ebl Kishtar &nbsp; &nbsp;\" \/>\n<meta property=\"og:url\" content=\"https:\/\/orthodoxalbania.org\/2020\/2014\/12\/15\/dolen-ne-qarkullim-kalendari-i-madh-dhe-i-vogel-kishtar\/\" \/>\n<meta property=\"og:site_name\" content=\"Kisha Orthodh\u03bfkse Autoqefale e Shqip\u00ebris\u00eb\" \/>\n<meta property=\"article:publisher\" content=\"https:\/\/www.facebook.com\/koash1991\" \/>\n<meta property=\"article:published_time\" content=\"2014-12-15T18:40:00+00:00\" \/>\n<meta property=\"article:modified_time\" content=\"2020-04-06T20:02:20+00:00\" \/>\n<meta property=\"og:image\" content=\"https:\/\/orthodoxalbania.org\/2020\/wp-content\/uploads\/2020\/04\/10827977_384671325041225_8586014747381064499_o.jpg\" \/>\n\t<meta property=\"og:image:width\" content=\"150\" \/>\n\t<meta property=\"og:image:height\" content=\"150\" \/>\n\t<meta property=\"og:image:type\" content=\"image\/jpeg\" \/>\n<meta name=\"author\" content=\"Kisha Orthodhokse\" \/>\n<meta name=\"twitter:card\" content=\"summary_large_image\" \/>\n<meta name=\"twitter:label1\" content=\"Written by\" \/>\n\t<meta name=\"twitter:data1\" content=\"Kisha Orthodhokse\" \/>\n<script type=\"application\/ld+json\" class=\"yoast-schema-graph\">{\"@context\":\"https:\/\/schema.org\",\"@graph\":[{\"@type\":\"Article\",\"@id\":\"https:\/\/orthodoxalbania.org\/2020\/2014\/12\/15\/dolen-ne-qarkullim-kalendari-i-madh-dhe-i-vogel-kishtar\/#article\",\"isPartOf\":{\"@id\":\"https:\/\/orthodoxalbania.org\/2020\/2014\/12\/15\/dolen-ne-qarkullim-kalendari-i-madh-dhe-i-vogel-kishtar\/\"},\"author\":{\"name\":\"Kisha Orthodhokse\",\"@id\":\"https:\/\/orthodoxalbania.org\/2020\/#\/schema\/person\/0c387634a7063ac612d7ed9ce71c7e86\"},\"headline\":\"Dol\u00ebn n\u00eb qarkullim Kalendari i madh dhe i vog\u00ebl kishtar\",\"datePublished\":\"2014-12-15T18:40:00+00:00\",\"dateModified\":\"2020-04-06T20:02:20+00:00\",\"mainEntityOfPage\":{\"@id\":\"https:\/\/orthodoxalbania.org\/2020\/2014\/12\/15\/dolen-ne-qarkullim-kalendari-i-madh-dhe-i-vogel-kishtar\/\"},\"wordCount\":51,\"commentCount\":0,\"publisher\":{\"@id\":\"https:\/\/orthodoxalbania.org\/2020\/#organization\"},\"image\":{\"@id\":\"https:\/\/orthodoxalbania.org\/2020\/2014\/12\/15\/dolen-ne-qarkullim-kalendari-i-madh-dhe-i-vogel-kishtar\/#primaryimage\"},\"thumbnailUrl\":\"https:\/\/orthodoxalbania.org\/2020\/wp-content\/uploads\/2020\/04\/10827977_384671325041225_8586014747381064499_o.jpg\",\"keywords\":[\"2014\",\"Kalendar\u00eb Orthodhoks\u00eb\",\"Kryepiskopata Tiran\u00eb\",\"lajme\",\"PromovimePublikime\"],\"articleSection\":[\"Lajme\"],\"inLanguage\":\"en-US\"},{\"@type\":\"WebPage\",\"@id\":\"https:\/\/orthodoxalbania.org\/2020\/2014\/12\/15\/dolen-ne-qarkullim-kalendari-i-madh-dhe-i-vogel-kishtar\/\",\"url\":\"https:\/\/orthodoxalbania.org\/2020\/2014\/12\/15\/dolen-ne-qarkullim-kalendari-i-madh-dhe-i-vogel-kishtar\/\",\"name\":\"Dol\u00ebn n\u00eb qarkullim Kalendari i madh dhe i vog\u00ebl kishtar - Kisha Orthodh\u03bfkse Autoqefale e Shqip\u00ebris\u00eb\",\"isPartOf\":{\"@id\":\"https:\/\/orthodoxalbania.org\/2020\/#website\"},\"primaryImageOfPage\":{\"@id\":\"https:\/\/orthodoxalbania.org\/2020\/2014\/12\/15\/dolen-ne-qarkullim-kalendari-i-madh-dhe-i-vogel-kishtar\/#primaryimage\"},\"image\":{\"@id\":\"https:\/\/orthodoxalbania.org\/2020\/2014\/12\/15\/dolen-ne-qarkullim-kalendari-i-madh-dhe-i-vogel-kishtar\/#primaryimage\"},\"thumbnailUrl\":\"https:\/\/orthodoxalbania.org\/2020\/wp-content\/uploads\/2020\/04\/10827977_384671325041225_8586014747381064499_o.jpg\",\"datePublished\":\"2014-12-15T18:40:00+00:00\",\"dateModified\":\"2020-04-06T20:02:20+00:00\",\"breadcrumb\":{\"@id\":\"https:\/\/orthodoxalbania.org\/2020\/2014\/12\/15\/dolen-ne-qarkullim-kalendari-i-madh-dhe-i-vogel-kishtar\/#breadcrumb\"},\"inLanguage\":\"en-US\",\"potentialAction\":[{\"@type\":\"ReadAction\",\"target\":[\"https:\/\/orthodoxalbania.org\/2020\/2014\/12\/15\/dolen-ne-qarkullim-kalendari-i-madh-dhe-i-vogel-kishtar\/\"]}]},{\"@type\":\"ImageObject\",\"inLanguage\":\"en-US\",\"@id\":\"https:\/\/orthodoxalbania.org\/2020\/2014\/12\/15\/dolen-ne-qarkullim-kalendari-i-madh-dhe-i-vogel-kishtar\/#primaryimage\",\"url\":\"https:\/\/orthodoxalbania.org\/2020\/wp-content\/uploads\/2020\/04\/10827977_384671325041225_8586014747381064499_o.jpg\",\"contentUrl\":\"https:\/\/orthodoxalbania.org\/2020\/wp-content\/uploads\/2020\/04\/10827977_384671325041225_8586014747381064499_o.jpg\",\"width\":150,\"height\":150},{\"@type\":\"BreadcrumbList\",\"@id\":\"https:\/\/orthodoxalbania.org\/2020\/2014\/12\/15\/dolen-ne-qarkullim-kalendari-i-madh-dhe-i-vogel-kishtar\/#breadcrumb\",\"itemListElement\":[{\"@type\":\"ListItem\",\"position\":1,\"name\":\"Home\",\"item\":\"https:\/\/orthodoxalbania.org\/2020\/\"},{\"@type\":\"ListItem\",\"position\":2,\"name\":\"Dol\u00ebn n\u00eb qarkullim Kalendari i madh dhe i vog\u00ebl kishtar\"}]},{\"@type\":\"WebSite\",\"@id\":\"https:\/\/orthodoxalbania.org\/2020\/#website\",\"url\":\"https:\/\/orthodoxalbania.org\/2020\/\",\"name\":\"Kisha Orthodh\u03bfkse Autoqefale e Shqip\u00ebris\u00eb\",\"description\":\"Fqja Zyrtare e Kish\u00ebs Orthodhokse Autoqefale e Shqip\u00ebris\u00eb me lajmet edhe informacionet zyrtare p\u00ebr struktur\u00ebn edhe veprimtarin e saj.\",\"publisher\":{\"@id\":\"https:\/\/orthodoxalbania.org\/2020\/#organization\"},\"potentialAction\":[{\"@type\":\"SearchAction\",\"target\":{\"@type\":\"EntryPoint\",\"urlTemplate\":\"https:\/\/orthodoxalbania.org\/2020\/?s={search_term_string}\"},\"query-input\":{\"@type\":\"PropertyValueSpecification\",\"valueRequired\":true,\"valueName\":\"search_term_string\"}}],\"inLanguage\":\"en-US\"},{\"@type\":\"Organization\",\"@id\":\"https:\/\/orthodoxalbania.org\/2020\/#organization\",\"name\":\"Kisha Orthodhokse Autoqefale e Shqip\u00ebris\u00eb\",\"url\":\"https:\/\/orthodoxalbania.org\/2020\/\",\"logo\":{\"@type\":\"ImageObject\",\"inLanguage\":\"en-US\",\"@id\":\"https:\/\/orthodoxalbania.org\/2020\/#\/schema\/logo\/image\/\",\"url\":\"https:\/\/orthodoxalbania.org\/2020\/wp-content\/uploads\/2020\/05\/albania.jpeg\",\"contentUrl\":\"https:\/\/orthodoxalbania.org\/2020\/wp-content\/uploads\/2020\/05\/albania.jpeg\",\"width\":540,\"height\":540,\"caption\":\"Kisha Orthodhokse Autoqefale e Shqip\u00ebris\u00eb\"},\"image\":{\"@id\":\"https:\/\/orthodoxalbania.org\/2020\/#\/schema\/logo\/image\/\"},\"sameAs\":[\"https:\/\/www.facebook.com\/koash1991\"]},{\"@type\":\"Person\",\"@id\":\"https:\/\/orthodoxalbania.org\/2020\/#\/schema\/person\/0c387634a7063ac612d7ed9ce71c7e86\",\"name\":\"Kisha Orthodhokse\",\"image\":{\"@type\":\"ImageObject\",\"inLanguage\":\"en-US\",\"@id\":\"https:\/\/secure.gravatar.com\/avatar\/596e7c417251e30f2fbb9c00e026fce61a695a00e51c889caded71c96cbbdde5?s=96&d=mm&r=g\",\"url\":\"https:\/\/secure.gravatar.com\/avatar\/596e7c417251e30f2fbb9c00e026fce61a695a00e51c889caded71c96cbbdde5?s=96&d=mm&r=g\",\"contentUrl\":\"https:\/\/secure.gravatar.com\/avatar\/596e7c417251e30f2fbb9c00e026fce61a695a00e51c889caded71c96cbbdde5?s=96&d=mm&r=g\",\"caption\":\"Kisha Orthodhokse\"}}]}<\/script>\n<!-- \/ Yoast SEO plugin. -->","yoast_head_json":{"title":"Dol\u00ebn n\u00eb qarkullim Kalendari i madh dhe i vog\u00ebl kishtar - Kisha Orthodh\u03bfkse Autoqefale e Shqip\u00ebris\u00eb","robots":{"index":"index","follow":"follow","max-snippet":"max-snippet:-1","max-image-preview":"max-image-preview:large","max-video-preview":"max-video-preview:-1"},"canonical":"https:\/\/orthodoxalbania.org\/2020\/2014\/12\/15\/dolen-ne-qarkullim-kalendari-i-madh-dhe-i-vogel-kishtar\/","og_locale":"en_US","og_type":"article","og_title":"Dol\u00ebn n\u00eb qarkullim Kalendari i madh dhe i vog\u00ebl kishtar - Kisha Orthodh\u03bfkse Autoqefale e Shqip\u00ebris\u00eb","og_description":"&#8211; Dol\u00ebn n\u00eb qarkullim Kalendari i Madh dhe i Vog\u00ebl Kishtar &#8211; &#8211; Kalendar\u00ebt ndodhen n\u00eb t\u00eb gjitha Kishat Orthodhokse &#8211; &nbsp; Kalendari i Madh Kishtar &nbsp; &nbsp; &nbsp;Kalendari i Vog\u00ebl Kishtar &nbsp; &nbsp;","og_url":"https:\/\/orthodoxalbania.org\/2020\/2014\/12\/15\/dolen-ne-qarkullim-kalendari-i-madh-dhe-i-vogel-kishtar\/","og_site_name":"Kisha Orthodh\u03bfkse Autoqefale e Shqip\u00ebris\u00eb","article_publisher":"https:\/\/www.facebook.com\/koash1991","article_published_time":"2014-12-15T18:40:00+00:00","article_modified_time":"2020-04-06T20:02:20+00:00","og_image":[{"width":150,"height":150,"url":"https:\/\/orthodoxalbania.org\/2020\/wp-content\/uploads\/2020\/04\/10827977_384671325041225_8586014747381064499_o.jpg","type":"image\/jpeg"}],"author":"Kisha Orthodhokse","twitter_card":"summary_large_image","twitter_misc":{"Written by":"Kisha Orthodhokse"},"schema":{"@context":"https:\/\/schema.org","@graph":[{"@type":"Article","@id":"https:\/\/orthodoxalbania.org\/2020\/2014\/12\/15\/dolen-ne-qarkullim-kalendari-i-madh-dhe-i-vogel-kishtar\/#article","isPartOf":{"@id":"https:\/\/orthodoxalbania.org\/2020\/2014\/12\/15\/dolen-ne-qarkullim-kalendari-i-madh-dhe-i-vogel-kishtar\/"},"author":{"name":"Kisha Orthodhokse","@id":"https:\/\/orthodoxalbania.org\/2020\/#\/schema\/person\/0c387634a7063ac612d7ed9ce71c7e86"},"headline":"Dol\u00ebn n\u00eb qarkullim Kalendari i madh dhe i vog\u00ebl kishtar","datePublished":"2014-12-15T18:40:00+00:00","dateModified":"2020-04-06T20:02:20+00:00","mainEntityOfPage":{"@id":"https:\/\/orthodoxalbania.org\/2020\/2014\/12\/15\/dolen-ne-qarkullim-kalendari-i-madh-dhe-i-vogel-kishtar\/"},"wordCount":51,"commentCount":0,"publisher":{"@id":"https:\/\/orthodoxalbania.org\/2020\/#organization"},"image":{"@id":"https:\/\/orthodoxalbania.org\/2020\/2014\/12\/15\/dolen-ne-qarkullim-kalendari-i-madh-dhe-i-vogel-kishtar\/#primaryimage"},"thumbnailUrl":"https:\/\/orthodoxalbania.org\/2020\/wp-content\/uploads\/2020\/04\/10827977_384671325041225_8586014747381064499_o.jpg","keywords":["2014","Kalendar\u00eb Orthodhoks\u00eb","Kryepiskopata Tiran\u00eb","lajme","PromovimePublikime"],"articleSection":["Lajme"],"inLanguage":"en-US"},{"@type":"WebPage","@id":"https:\/\/orthodoxalbania.org\/2020\/2014\/12\/15\/dolen-ne-qarkullim-kalendari-i-madh-dhe-i-vogel-kishtar\/","url":"https:\/\/orthodoxalbania.org\/2020\/2014\/12\/15\/dolen-ne-qarkullim-kalendari-i-madh-dhe-i-vogel-kishtar\/","name":"Dol\u00ebn n\u00eb qarkullim Kalendari i madh dhe i vog\u00ebl kishtar - Kisha Orthodh\u03bfkse Autoqefale e Shqip\u00ebris\u00eb","isPartOf":{"@id":"https:\/\/orthodoxalbania.org\/2020\/#website"},"primaryImageOfPage":{"@id":"https:\/\/orthodoxalbania.org\/2020\/2014\/12\/15\/dolen-ne-qarkullim-kalendari-i-madh-dhe-i-vogel-kishtar\/#primaryimage"},"image":{"@id":"https:\/\/orthodoxalbania.org\/2020\/2014\/12\/15\/dolen-ne-qarkullim-kalendari-i-madh-dhe-i-vogel-kishtar\/#primaryimage"},"thumbnailUrl":"https:\/\/orthodoxalbania.org\/2020\/wp-content\/uploads\/2020\/04\/10827977_384671325041225_8586014747381064499_o.jpg","datePublished":"2014-12-15T18:40:00+00:00","dateModified":"2020-04-06T20:02:20+00:00","breadcrumb":{"@id":"https:\/\/orthodoxalbania.org\/2020\/2014\/12\/15\/dolen-ne-qarkullim-kalendari-i-madh-dhe-i-vogel-kishtar\/#breadcrumb"},"inLanguage":"en-US","potentialAction":[{"@type":"ReadAction","target":["https:\/\/orthodoxalbania.org\/2020\/2014\/12\/15\/dolen-ne-qarkullim-kalendari-i-madh-dhe-i-vogel-kishtar\/"]}]},{"@type":"ImageObject","inLanguage":"en-US","@id":"https:\/\/orthodoxalbania.org\/2020\/2014\/12\/15\/dolen-ne-qarkullim-kalendari-i-madh-dhe-i-vogel-kishtar\/#primaryimage","url":"https:\/\/orthodoxalbania.org\/2020\/wp-content\/uploads\/2020\/04\/10827977_384671325041225_8586014747381064499_o.jpg","contentUrl":"https:\/\/orthodoxalbania.org\/2020\/wp-content\/uploads\/2020\/04\/10827977_384671325041225_8586014747381064499_o.jpg","width":150,"height":150},{"@type":"BreadcrumbList","@id":"https:\/\/orthodoxalbania.org\/2020\/2014\/12\/15\/dolen-ne-qarkullim-kalendari-i-madh-dhe-i-vogel-kishtar\/#breadcrumb","itemListElement":[{"@type":"ListItem","position":1,"name":"Home","item":"https:\/\/orthodoxalbania.org\/2020\/"},{"@type":"ListItem","position":2,"name":"Dol\u00ebn n\u00eb qarkullim Kalendari i madh dhe i vog\u00ebl kishtar"}]},{"@type":"WebSite","@id":"https:\/\/orthodoxalbania.org\/2020\/#website","url":"https:\/\/orthodoxalbania.org\/2020\/","name":"Kisha Orthodh\u03bfkse Autoqefale e Shqip\u00ebris\u00eb","description":"Fqja Zyrtare e Kish\u00ebs Orthodhokse Autoqefale e Shqip\u00ebris\u00eb me lajmet edhe informacionet zyrtare p\u00ebr struktur\u00ebn edhe veprimtarin e saj.","publisher":{"@id":"https:\/\/orthodoxalbania.org\/2020\/#organization"},"potentialAction":[{"@type":"SearchAction","target":{"@type":"EntryPoint","urlTemplate":"https:\/\/orthodoxalbania.org\/2020\/?s={search_term_string}"},"query-input":{"@type":"PropertyValueSpecification","valueRequired":true,"valueName":"search_term_string"}}],"inLanguage":"en-US"},{"@type":"Organization","@id":"https:\/\/orthodoxalbania.org\/2020\/#organization","name":"Kisha Orthodhokse Autoqefale e Shqip\u00ebris\u00eb","url":"https:\/\/orthodoxalbania.org\/2020\/","logo":{"@type":"ImageObject","inLanguage":"en-US","@id":"https:\/\/orthodoxalbania.org\/2020\/#\/schema\/logo\/image\/","url":"https:\/\/orthodoxalbania.org\/2020\/wp-content\/uploads\/2020\/05\/albania.jpeg","contentUrl":"https:\/\/orthodoxalbania.org\/2020\/wp-content\/uploads\/2020\/05\/albania.jpeg","width":540,"height":540,"caption":"Kisha Orthodhokse Autoqefale e Shqip\u00ebris\u00eb"},"image":{"@id":"https:\/\/orthodoxalbania.org\/2020\/#\/schema\/logo\/image\/"},"sameAs":["https:\/\/www.facebook.com\/koash1991"]},{"@type":"Person","@id":"https:\/\/orthodoxalbania.org\/2020\/#\/schema\/person\/0c387634a7063ac612d7ed9ce71c7e86","name":"Kisha Orthodhokse","image":{"@type":"ImageObject","inLanguage":"en-US","@id":"https:\/\/secure.gravatar.com\/avatar\/596e7c417251e30f2fbb9c00e026fce61a695a00e51c889caded71c96cbbdde5?s=96&d=mm&r=g","url":"https:\/\/secure.gravatar.com\/avatar\/596e7c417251e30f2fbb9c00e026fce61a695a00e51c889caded71c96cbbdde5?s=96&d=mm&r=g","contentUrl":"https:\/\/secure.gravatar.com\/avatar\/596e7c417251e30f2fbb9c00e026fce61a695a00e51c889caded71c96cbbdde5?s=96&d=mm&r=g","caption":"Kisha Orthodhokse"}}]}},"_links":{"self":[{"href":"https:\/\/orthodoxalbania.org\/2020\/wp-json\/wp\/v2\/posts\/421","targetHints":{"allow":["GET"]}}],"collection":[{"href":"https:\/\/orthodoxalbania.org\/2020\/wp-json\/wp\/v2\/posts"}],"about":[{"href":"https:\/\/orthodoxalbania.org\/2020\/wp-json\/wp\/v2\/types\/post"}],"author":[{"embeddable":true,"href":"https:\/\/orthodoxalbania.org\/2020\/wp-json\/wp\/v2\/users\/1"}],"replies":[{"embeddable":true,"href":"https:\/\/orthodoxalbania.org\/2020\/wp-json\/wp\/v2\/comments?post=421"}],"version-history":[{"count":1,"href":"https:\/\/orthodoxalbania.org\/2020\/wp-json\/wp\/v2\/posts\/421\/revisions"}],"predecessor-version":[{"id":15040,"href":"https:\/\/orthodoxalbania.org\/2020\/wp-json\/wp\/v2\/posts\/421\/revisions\/15040"}],"wp:featuredmedia":[{"embeddable":true,"href":"https:\/\/orthodoxalbania.org\/2020\/wp-json\/wp\/v2\/media\/422"}],"wp:attachment":[{"href":"https:\/\/orthodoxalbania.org\/2020\/wp-json\/wp\/v2\/media?parent=421"}],"wp:term":[{"taxonomy":"category","embeddable":true,"href":"https:\/\/orthodoxalbania.org\/2020\/wp-json\/wp\/v2\/categories?post=421"},{"taxonomy":"post_tag","embeddable":true,"href":"https:\/\/orthodoxalbania.org\/2020\/wp-json\/wp\/v2\/tags?post=421"}],"curies":[{"name":"wp","href":"https:\/\/api.w.org\/{rel}","templated":true}]}}