{"id":420,"date":"2013-03-21T09:34:11","date_gmt":"2013-03-21T09:34:11","guid":{"rendered":""},"modified":"2020-04-06T22:32:05","modified_gmt":"2020-04-06T20:32:05","slug":"do-rihapet-mensa-e-te-varferve-ne-tirane","status":"publish","type":"post","link":"https:\/\/orthodoxalbania.org\/2020\/2013\/03\/21\/do-rihapet-mensa-e-te-varferve-ne-tirane\/","title":{"rendered":"Do rihapet mensa e t\u00eb varf\u00ebrve n\u00eb Tiran\u00eb. (Qershor 2011)"},"content":{"rendered":"<div class=\"style7\">\n<div class=\"style10\"><span style=\"color: #000000; font-size: 12pt;\"><span style=\"font-family: tahoma,geneva,sans-serif;\"><img decoding=\"async\" class=\"lazyload HAa Eha\" style=\"height: 181px; width: 242px; border-width: 1px; border-style: solid; margin: 10px; float: left;\" alt=\"\" src=\"data:image\/gif;base64,R0lGODlhAQABAAAAACH5BAEKAAEALAAAAAABAAEAAAICTAEAOw==\" data-orig-src=\"https:\/\/lh5.googleusercontent.com\/-MC3QahIOxf8\/VAGBY1yROVI\/AAAAAAAACWU\/uHDRbM7d4YA\/w350-h262-no\/1.jpg\" \/><span style=\"font-family: helvetica;\"> &nbsp; &nbsp; Me bekimin e Kryepiskopit Anastas s\u00eb shpejti do t\u00eb rihapet mensa e t\u00eb varf\u00ebrve n\u00eb Tiran\u00eb. Pun\u00ebn drejtuese dhe organizative e kan\u00eb marr\u00eb p\u00ebrsip\u00ebr ta ndjekin grat\u00eb e Lidhjes Orthodhokse t\u00eb Kryeqytit. Mensa do t\u00eb jet\u00eb e hapur dy her\u00eb n\u00eb jav\u00eb, t\u00eb&nbsp; mart\u00eb dhe t\u00eb enjte. Sipas gazve t\u00eb Lidhjes, n\u00eb fillim do&nbsp; &nbsp;sh\u00ebrbehet brenda menses te 30 persona &nbsp;nevojtar\u00eb dhe &nbsp;20-30 &nbsp;t\u00eb tjer\u00eb &nbsp;n\u00eb m\u00ebnyr\u00eb ambulante. N\u00eb lidhje me k\u00ebt\u00eb insiativ\u00eb, Kryepiskopi i b\u00ebri &nbsp;thirrje komunitetit besimtar t\u00eb Tiran\u00ebs p\u00ebr t\u00eb ofruar ndihmes\u00ebn e&nbsp; vet, sidomos Javen e Madhe t\u00eb Pashk\u00ebs. Nga kjo ftes\u00eb, brenda nj\u00eb dite u mblodh\u00ebn &nbsp;70 mij\u00eb lek\u00eb t\u00eb reja, nd\u00ebrkoh\u00eb q\u00eb edhe grat\u00eb vazhdojn\u00eb nd\u00ebrgjegj\u00ebsimin e besimtar\u00ebve, t\u00eb cil\u00ebt her\u00eb pas here derdhin kontributin e tyre.<\/span><\/span><\/span><\/div>\n<div class=\"style10\"><span style=\"font-size: 12pt; font-family: helvetica;\"><\/span><\/div>\n<div class=\"style10\"><span style=\"color: #000000; font-size: 12pt; font-family: helvetica;\"><img decoding=\"async\" class=\"lazyload HAa Eha\" style=\"height: 181px; width: 242px; border-width: 1px; border-style: solid; margin: 10px; float: right;\" alt=\"\" src=\"data:image\/gif;base64,R0lGODlhAQABAAAAACH5BAEKAAEALAAAAAABAAEAAAICTAEAOw==\" data-orig-src=\"https:\/\/lh3.googleusercontent.com\/-w8mk14CP1CM\/VAGBYp00lzI\/AAAAAAAACWQ\/gOhXXzwHLpg\/w350-h262-no\/2.jpg\" \/> <\/span><\/div>\n<div class=\"style10\"><span style=\"color: #000000; font-size: 12pt; font-family: helvetica;\">&nbsp;&nbsp;&nbsp; P\u00ebr t\u00eb rritur k\u00ebto t\u00eb ardhura, grat\u00eb aktiviste iu p\u00ebrgjigj\u00ebn k\u00ebrkes\u00ebs s\u00eb firm\u00ebs AIBA &nbsp;Co p\u00ebr ngjyrosjen e 6000 kokrave vez\u00eb te kuqe. Kjo b\u00ebri q\u00eb t\u00eb ardhurave nga komuniteti t\u2019i shtohej edhe nj\u00eb shum\u00eb prej 44 mij\u00eb lek\u00eb t\u00eb rinj nga fitimi q\u00eb&nbsp; u sigurua &nbsp;prej pun\u00ebs vullnetare &nbsp;5-ditore plot p\u00ebrkushtim te grave. <\/span><\/div>\n<div class=\"style10\"><span style=\"font-size: 12pt; font-family: helvetica;\"><\/span><\/div>\n<div class=\"style10\"><span style=\"color: #000000; font-size: 12pt; font-family: helvetica;\">&nbsp;&nbsp;&nbsp; N\u00eb vazhdim\u00ebsi, ftohen besimtar\u00ebt dhe dhurues t\u00eb tjer\u00eb t\u00eb ofrojn\u00eb kontributin e tyre pran\u00eb Zyr\u00ebs s\u00eb Grave t\u00eb &nbsp;Kish\u00ebs Orthodhokse Autoqefale t\u00eb Shqip\u00ebris\u00eb.<\/span><\/div>\n<p class=\"style10\"><span style=\"font-size: 12pt; font-family: helvetica;\"><\/span><\/p>\n<\/div>\n","protected":false},"excerpt":{"rendered":"<p>&nbsp; &nbsp; Me bekimin e Kryepiskopit Anastas s\u00eb shpejti do t\u00eb rihapet mensa e t\u00eb varf\u00ebrve n\u00eb Tiran\u00eb. Pun\u00ebn drejtuese dhe organizative e kan\u00eb marr\u00eb p\u00ebrsip\u00ebr ta ndjekin grat\u00eb e Lidhjes Orthodhokse t\u00eb Kryeqytit. Mensa do t\u00eb jet\u00eb e hapur dy her\u00eb n\u00eb jav\u00eb, t\u00eb&nbsp; mart\u00eb dhe t\u00eb enjte. Sipas gazve t\u00eb Lidhjes, n\u00eb fillim do&nbsp; &nbsp;sh\u00ebrbehet brenda menses te 30 persona &nbsp;nevojtar\u00eb dhe &nbsp;20-30<\/p>\n","protected":false},"author":1,"featured_media":0,"comment_status":"open","ping_status":"open","sticky":false,"template":"","format":"standard","meta":{"_acf_changed":false,"pagelayer_contact_templates":[],"_pagelayer_content":"","inline_featured_image":false,"fifu_image_url":"","fifu_image_alt":"","footnotes":""},"categories":[108],"tags":[143,633,196,212],"class_list":["post-420","post","type-post","status-publish","format-standard","hentry","category-lajme","tag-143","tag-donacionendihma","tag-tirane","tag-lajme-d27"],"acf":[],"yoast_head":"<!-- This site is optimized with the Yoast SEO plugin v27.2 - https:\/\/yoast.com\/product\/yoast-seo-wordpress\/ -->\n<title>Do rihapet mensa e t\u00eb varf\u00ebrve n\u00eb Tiran\u00eb. (Qershor 2011) - Kisha Orthodh\u03bfkse Autoqefale e Shqip\u00ebris\u00eb<\/title>\n<meta name=\"robots\" content=\"index, follow, max-snippet:-1, max-image-preview:large, max-video-preview:-1\" \/>\n<link rel=\"canonical\" href=\"https:\/\/orthodoxalbania.org\/2020\/2013\/03\/21\/do-rihapet-mensa-e-te-varferve-ne-tirane\/\" \/>\n<meta property=\"og:locale\" content=\"en_US\" \/>\n<meta property=\"og:type\" content=\"article\" \/>\n<meta property=\"og:title\" content=\"Do rihapet mensa e t\u00eb varf\u00ebrve n\u00eb Tiran\u00eb. (Qershor 2011) - Kisha Orthodh\u03bfkse Autoqefale e Shqip\u00ebris\u00eb\" \/>\n<meta property=\"og:description\" content=\"&nbsp; &nbsp; Me bekimin e Kryepiskopit Anastas s\u00eb shpejti do t\u00eb rihapet mensa e t\u00eb varf\u00ebrve n\u00eb Tiran\u00eb. Pun\u00ebn drejtuese dhe organizative e kan\u00eb marr\u00eb p\u00ebrsip\u00ebr ta ndjekin grat\u00eb e Lidhjes Orthodhokse t\u00eb Kryeqytit. Mensa do t\u00eb jet\u00eb e hapur dy her\u00eb n\u00eb jav\u00eb, t\u00eb&nbsp; mart\u00eb dhe t\u00eb enjte. Sipas gazve t\u00eb Lidhjes, n\u00eb fillim do&nbsp; &nbsp;sh\u00ebrbehet brenda menses te 30 persona &nbsp;nevojtar\u00eb dhe &nbsp;20-30\" \/>\n<meta property=\"og:url\" content=\"https:\/\/orthodoxalbania.org\/2020\/2013\/03\/21\/do-rihapet-mensa-e-te-varferve-ne-tirane\/\" \/>\n<meta property=\"og:site_name\" content=\"Kisha Orthodh\u03bfkse Autoqefale e Shqip\u00ebris\u00eb\" \/>\n<meta property=\"article:publisher\" content=\"https:\/\/www.facebook.com\/koash1991\" \/>\n<meta property=\"article:published_time\" content=\"2013-03-21T09:34:11+00:00\" \/>\n<meta property=\"article:modified_time\" content=\"2020-04-06T20:32:05+00:00\" \/>\n<meta property=\"og:image\" content=\"https:\/\/lh5.googleusercontent.com\/-MC3QahIOxf8\/VAGBY1yROVI\/AAAAAAAACWU\/uHDRbM7d4YA\/w350-h262-no\/1.jpg\" \/>\n<meta name=\"author\" content=\"Kisha Orthodhokse\" \/>\n<meta name=\"twitter:card\" content=\"summary_large_image\" \/>\n<meta name=\"twitter:label1\" content=\"Written by\" \/>\n\t<meta name=\"twitter:data1\" content=\"Kisha Orthodhokse\" \/>\n\t<meta name=\"twitter:label2\" content=\"Est. reading time\" \/>\n\t<meta name=\"twitter:data2\" content=\"1 minute\" \/>\n<script type=\"application\/ld+json\" class=\"yoast-schema-graph\">{\"@context\":\"https:\/\/schema.org\",\"@graph\":[{\"@type\":\"Article\",\"@id\":\"https:\/\/orthodoxalbania.org\/2020\/2013\/03\/21\/do-rihapet-mensa-e-te-varferve-ne-tirane\/#article\",\"isPartOf\":{\"@id\":\"https:\/\/orthodoxalbania.org\/2020\/2013\/03\/21\/do-rihapet-mensa-e-te-varferve-ne-tirane\/\"},\"author\":{\"name\":\"Kisha Orthodhokse\",\"@id\":\"https:\/\/orthodoxalbania.org\/2020\/#\/schema\/person\/0c387634a7063ac612d7ed9ce71c7e86\"},\"headline\":\"Do rihapet mensa e t\u00eb varf\u00ebrve n\u00eb Tiran\u00eb. (Qershor 2011)\",\"datePublished\":\"2013-03-21T09:34:11+00:00\",\"dateModified\":\"2020-04-06T20:32:05+00:00\",\"mainEntityOfPage\":{\"@id\":\"https:\/\/orthodoxalbania.org\/2020\/2013\/03\/21\/do-rihapet-mensa-e-te-varferve-ne-tirane\/\"},\"wordCount\":264,\"commentCount\":0,\"publisher\":{\"@id\":\"https:\/\/orthodoxalbania.org\/2020\/#organization\"},\"image\":{\"@id\":\"https:\/\/orthodoxalbania.org\/2020\/2013\/03\/21\/do-rihapet-mensa-e-te-varferve-ne-tirane\/#primaryimage\"},\"thumbnailUrl\":\"https:\/\/lh5.googleusercontent.com\/-MC3QahIOxf8\/VAGBY1yROVI\/AAAAAAAACWU\/uHDRbM7d4YA\/w350-h262-no\/1.jpg\",\"keywords\":[\"2011\",\"DonacioneNdihma\",\"Kryepiskopata Tiran\u00eb\",\"lajme\"],\"articleSection\":[\"Lajme\"],\"inLanguage\":\"en-US\"},{\"@type\":\"WebPage\",\"@id\":\"https:\/\/orthodoxalbania.org\/2020\/2013\/03\/21\/do-rihapet-mensa-e-te-varferve-ne-tirane\/\",\"url\":\"https:\/\/orthodoxalbania.org\/2020\/2013\/03\/21\/do-rihapet-mensa-e-te-varferve-ne-tirane\/\",\"name\":\"Do rihapet mensa e t\u00eb varf\u00ebrve n\u00eb Tiran\u00eb. (Qershor 2011) - Kisha Orthodh\u03bfkse Autoqefale e Shqip\u00ebris\u00eb\",\"isPartOf\":{\"@id\":\"https:\/\/orthodoxalbania.org\/2020\/#website\"},\"primaryImageOfPage\":{\"@id\":\"https:\/\/orthodoxalbania.org\/2020\/2013\/03\/21\/do-rihapet-mensa-e-te-varferve-ne-tirane\/#primaryimage\"},\"image\":{\"@id\":\"https:\/\/orthodoxalbania.org\/2020\/2013\/03\/21\/do-rihapet-mensa-e-te-varferve-ne-tirane\/#primaryimage\"},\"thumbnailUrl\":\"https:\/\/lh5.googleusercontent.com\/-MC3QahIOxf8\/VAGBY1yROVI\/AAAAAAAACWU\/uHDRbM7d4YA\/w350-h262-no\/1.jpg\",\"datePublished\":\"2013-03-21T09:34:11+00:00\",\"dateModified\":\"2020-04-06T20:32:05+00:00\",\"breadcrumb\":{\"@id\":\"https:\/\/orthodoxalbania.org\/2020\/2013\/03\/21\/do-rihapet-mensa-e-te-varferve-ne-tirane\/#breadcrumb\"},\"inLanguage\":\"en-US\",\"potentialAction\":[{\"@type\":\"ReadAction\",\"target\":[\"https:\/\/orthodoxalbania.org\/2020\/2013\/03\/21\/do-rihapet-mensa-e-te-varferve-ne-tirane\/\"]}]},{\"@type\":\"ImageObject\",\"inLanguage\":\"en-US\",\"@id\":\"https:\/\/orthodoxalbania.org\/2020\/2013\/03\/21\/do-rihapet-mensa-e-te-varferve-ne-tirane\/#primaryimage\",\"url\":\"https:\/\/lh5.googleusercontent.com\/-MC3QahIOxf8\/VAGBY1yROVI\/AAAAAAAACWU\/uHDRbM7d4YA\/w350-h262-no\/1.jpg\",\"contentUrl\":\"https:\/\/lh5.googleusercontent.com\/-MC3QahIOxf8\/VAGBY1yROVI\/AAAAAAAACWU\/uHDRbM7d4YA\/w350-h262-no\/1.jpg\"},{\"@type\":\"BreadcrumbList\",\"@id\":\"https:\/\/orthodoxalbania.org\/2020\/2013\/03\/21\/do-rihapet-mensa-e-te-varferve-ne-tirane\/#breadcrumb\",\"itemListElement\":[{\"@type\":\"ListItem\",\"position\":1,\"name\":\"Home\",\"item\":\"https:\/\/orthodoxalbania.org\/2020\/\"},{\"@type\":\"ListItem\",\"position\":2,\"name\":\"Do rihapet mensa e t\u00eb varf\u00ebrve n\u00eb Tiran\u00eb. (Qershor 2011)\"}]},{\"@type\":\"WebSite\",\"@id\":\"https:\/\/orthodoxalbania.org\/2020\/#website\",\"url\":\"https:\/\/orthodoxalbania.org\/2020\/\",\"name\":\"Kisha Orthodh\u03bfkse Autoqefale e Shqip\u00ebris\u00eb\",\"description\":\"Fqja Zyrtare e Kish\u00ebs Orthodhokse Autoqefale e Shqip\u00ebris\u00eb me lajmet edhe informacionet zyrtare p\u00ebr struktur\u00ebn edhe veprimtarin e saj.\",\"publisher\":{\"@id\":\"https:\/\/orthodoxalbania.org\/2020\/#organization\"},\"potentialAction\":[{\"@type\":\"SearchAction\",\"target\":{\"@type\":\"EntryPoint\",\"urlTemplate\":\"https:\/\/orthodoxalbania.org\/2020\/?s={search_term_string}\"},\"query-input\":{\"@type\":\"PropertyValueSpecification\",\"valueRequired\":true,\"valueName\":\"search_term_string\"}}],\"inLanguage\":\"en-US\"},{\"@type\":\"Organization\",\"@id\":\"https:\/\/orthodoxalbania.org\/2020\/#organization\",\"name\":\"Kisha Orthodhokse Autoqefale e Shqip\u00ebris\u00eb\",\"url\":\"https:\/\/orthodoxalbania.org\/2020\/\",\"logo\":{\"@type\":\"ImageObject\",\"inLanguage\":\"en-US\",\"@id\":\"https:\/\/orthodoxalbania.org\/2020\/#\/schema\/logo\/image\/\",\"url\":\"https:\/\/orthodoxalbania.org\/2020\/wp-content\/uploads\/2020\/05\/albania.jpeg\",\"contentUrl\":\"https:\/\/orthodoxalbania.org\/2020\/wp-content\/uploads\/2020\/05\/albania.jpeg\",\"width\":540,\"height\":540,\"caption\":\"Kisha Orthodhokse Autoqefale e Shqip\u00ebris\u00eb\"},\"image\":{\"@id\":\"https:\/\/orthodoxalbania.org\/2020\/#\/schema\/logo\/image\/\"},\"sameAs\":[\"https:\/\/www.facebook.com\/koash1991\"]},{\"@type\":\"Person\",\"@id\":\"https:\/\/orthodoxalbania.org\/2020\/#\/schema\/person\/0c387634a7063ac612d7ed9ce71c7e86\",\"name\":\"Kisha Orthodhokse\",\"image\":{\"@type\":\"ImageObject\",\"inLanguage\":\"en-US\",\"@id\":\"https:\/\/secure.gravatar.com\/avatar\/596e7c417251e30f2fbb9c00e026fce61a695a00e51c889caded71c96cbbdde5?s=96&d=mm&r=g\",\"url\":\"https:\/\/secure.gravatar.com\/avatar\/596e7c417251e30f2fbb9c00e026fce61a695a00e51c889caded71c96cbbdde5?s=96&d=mm&r=g\",\"contentUrl\":\"https:\/\/secure.gravatar.com\/avatar\/596e7c417251e30f2fbb9c00e026fce61a695a00e51c889caded71c96cbbdde5?s=96&d=mm&r=g\",\"caption\":\"Kisha Orthodhokse\"}}]}<\/script>\n<!-- \/ Yoast SEO plugin. -->","yoast_head_json":{"title":"Do rihapet mensa e t\u00eb varf\u00ebrve n\u00eb Tiran\u00eb. (Qershor 2011) - Kisha Orthodh\u03bfkse Autoqefale e Shqip\u00ebris\u00eb","robots":{"index":"index","follow":"follow","max-snippet":"max-snippet:-1","max-image-preview":"max-image-preview:large","max-video-preview":"max-video-preview:-1"},"canonical":"https:\/\/orthodoxalbania.org\/2020\/2013\/03\/21\/do-rihapet-mensa-e-te-varferve-ne-tirane\/","og_locale":"en_US","og_type":"article","og_title":"Do rihapet mensa e t\u00eb varf\u00ebrve n\u00eb Tiran\u00eb. (Qershor 2011) - Kisha Orthodh\u03bfkse Autoqefale e Shqip\u00ebris\u00eb","og_description":"&nbsp; &nbsp; Me bekimin e Kryepiskopit Anastas s\u00eb shpejti do t\u00eb rihapet mensa e t\u00eb varf\u00ebrve n\u00eb Tiran\u00eb. Pun\u00ebn drejtuese dhe organizative e kan\u00eb marr\u00eb p\u00ebrsip\u00ebr ta ndjekin grat\u00eb e Lidhjes Orthodhokse t\u00eb Kryeqytit. Mensa do t\u00eb jet\u00eb e hapur dy her\u00eb n\u00eb jav\u00eb, t\u00eb&nbsp; mart\u00eb dhe t\u00eb enjte. Sipas gazve t\u00eb Lidhjes, n\u00eb fillim do&nbsp; &nbsp;sh\u00ebrbehet brenda menses te 30 persona &nbsp;nevojtar\u00eb dhe &nbsp;20-30","og_url":"https:\/\/orthodoxalbania.org\/2020\/2013\/03\/21\/do-rihapet-mensa-e-te-varferve-ne-tirane\/","og_site_name":"Kisha Orthodh\u03bfkse Autoqefale e Shqip\u00ebris\u00eb","article_publisher":"https:\/\/www.facebook.com\/koash1991","article_published_time":"2013-03-21T09:34:11+00:00","article_modified_time":"2020-04-06T20:32:05+00:00","og_image":[{"url":"https:\/\/lh5.googleusercontent.com\/-MC3QahIOxf8\/VAGBY1yROVI\/AAAAAAAACWU\/uHDRbM7d4YA\/w350-h262-no\/1.jpg","type":"","width":"","height":""}],"author":"Kisha Orthodhokse","twitter_card":"summary_large_image","twitter_misc":{"Written by":"Kisha Orthodhokse","Est. reading time":"1 minute"},"schema":{"@context":"https:\/\/schema.org","@graph":[{"@type":"Article","@id":"https:\/\/orthodoxalbania.org\/2020\/2013\/03\/21\/do-rihapet-mensa-e-te-varferve-ne-tirane\/#article","isPartOf":{"@id":"https:\/\/orthodoxalbania.org\/2020\/2013\/03\/21\/do-rihapet-mensa-e-te-varferve-ne-tirane\/"},"author":{"name":"Kisha Orthodhokse","@id":"https:\/\/orthodoxalbania.org\/2020\/#\/schema\/person\/0c387634a7063ac612d7ed9ce71c7e86"},"headline":"Do rihapet mensa e t\u00eb varf\u00ebrve n\u00eb Tiran\u00eb. (Qershor 2011)","datePublished":"2013-03-21T09:34:11+00:00","dateModified":"2020-04-06T20:32:05+00:00","mainEntityOfPage":{"@id":"https:\/\/orthodoxalbania.org\/2020\/2013\/03\/21\/do-rihapet-mensa-e-te-varferve-ne-tirane\/"},"wordCount":264,"commentCount":0,"publisher":{"@id":"https:\/\/orthodoxalbania.org\/2020\/#organization"},"image":{"@id":"https:\/\/orthodoxalbania.org\/2020\/2013\/03\/21\/do-rihapet-mensa-e-te-varferve-ne-tirane\/#primaryimage"},"thumbnailUrl":"https:\/\/lh5.googleusercontent.com\/-MC3QahIOxf8\/VAGBY1yROVI\/AAAAAAAACWU\/uHDRbM7d4YA\/w350-h262-no\/1.jpg","keywords":["2011","DonacioneNdihma","Kryepiskopata Tiran\u00eb","lajme"],"articleSection":["Lajme"],"inLanguage":"en-US"},{"@type":"WebPage","@id":"https:\/\/orthodoxalbania.org\/2020\/2013\/03\/21\/do-rihapet-mensa-e-te-varferve-ne-tirane\/","url":"https:\/\/orthodoxalbania.org\/2020\/2013\/03\/21\/do-rihapet-mensa-e-te-varferve-ne-tirane\/","name":"Do rihapet mensa e t\u00eb varf\u00ebrve n\u00eb Tiran\u00eb. (Qershor 2011) - Kisha Orthodh\u03bfkse Autoqefale e Shqip\u00ebris\u00eb","isPartOf":{"@id":"https:\/\/orthodoxalbania.org\/2020\/#website"},"primaryImageOfPage":{"@id":"https:\/\/orthodoxalbania.org\/2020\/2013\/03\/21\/do-rihapet-mensa-e-te-varferve-ne-tirane\/#primaryimage"},"image":{"@id":"https:\/\/orthodoxalbania.org\/2020\/2013\/03\/21\/do-rihapet-mensa-e-te-varferve-ne-tirane\/#primaryimage"},"thumbnailUrl":"https:\/\/lh5.googleusercontent.com\/-MC3QahIOxf8\/VAGBY1yROVI\/AAAAAAAACWU\/uHDRbM7d4YA\/w350-h262-no\/1.jpg","datePublished":"2013-03-21T09:34:11+00:00","dateModified":"2020-04-06T20:32:05+00:00","breadcrumb":{"@id":"https:\/\/orthodoxalbania.org\/2020\/2013\/03\/21\/do-rihapet-mensa-e-te-varferve-ne-tirane\/#breadcrumb"},"inLanguage":"en-US","potentialAction":[{"@type":"ReadAction","target":["https:\/\/orthodoxalbania.org\/2020\/2013\/03\/21\/do-rihapet-mensa-e-te-varferve-ne-tirane\/"]}]},{"@type":"ImageObject","inLanguage":"en-US","@id":"https:\/\/orthodoxalbania.org\/2020\/2013\/03\/21\/do-rihapet-mensa-e-te-varferve-ne-tirane\/#primaryimage","url":"https:\/\/lh5.googleusercontent.com\/-MC3QahIOxf8\/VAGBY1yROVI\/AAAAAAAACWU\/uHDRbM7d4YA\/w350-h262-no\/1.jpg","contentUrl":"https:\/\/lh5.googleusercontent.com\/-MC3QahIOxf8\/VAGBY1yROVI\/AAAAAAAACWU\/uHDRbM7d4YA\/w350-h262-no\/1.jpg"},{"@type":"BreadcrumbList","@id":"https:\/\/orthodoxalbania.org\/2020\/2013\/03\/21\/do-rihapet-mensa-e-te-varferve-ne-tirane\/#breadcrumb","itemListElement":[{"@type":"ListItem","position":1,"name":"Home","item":"https:\/\/orthodoxalbania.org\/2020\/"},{"@type":"ListItem","position":2,"name":"Do rihapet mensa e t\u00eb varf\u00ebrve n\u00eb Tiran\u00eb. (Qershor 2011)"}]},{"@type":"WebSite","@id":"https:\/\/orthodoxalbania.org\/2020\/#website","url":"https:\/\/orthodoxalbania.org\/2020\/","name":"Kisha Orthodh\u03bfkse Autoqefale e Shqip\u00ebris\u00eb","description":"Fqja Zyrtare e Kish\u00ebs Orthodhokse Autoqefale e Shqip\u00ebris\u00eb me lajmet edhe informacionet zyrtare p\u00ebr struktur\u00ebn edhe veprimtarin e saj.","publisher":{"@id":"https:\/\/orthodoxalbania.org\/2020\/#organization"},"potentialAction":[{"@type":"SearchAction","target":{"@type":"EntryPoint","urlTemplate":"https:\/\/orthodoxalbania.org\/2020\/?s={search_term_string}"},"query-input":{"@type":"PropertyValueSpecification","valueRequired":true,"valueName":"search_term_string"}}],"inLanguage":"en-US"},{"@type":"Organization","@id":"https:\/\/orthodoxalbania.org\/2020\/#organization","name":"Kisha Orthodhokse Autoqefale e Shqip\u00ebris\u00eb","url":"https:\/\/orthodoxalbania.org\/2020\/","logo":{"@type":"ImageObject","inLanguage":"en-US","@id":"https:\/\/orthodoxalbania.org\/2020\/#\/schema\/logo\/image\/","url":"https:\/\/orthodoxalbania.org\/2020\/wp-content\/uploads\/2020\/05\/albania.jpeg","contentUrl":"https:\/\/orthodoxalbania.org\/2020\/wp-content\/uploads\/2020\/05\/albania.jpeg","width":540,"height":540,"caption":"Kisha Orthodhokse Autoqefale e Shqip\u00ebris\u00eb"},"image":{"@id":"https:\/\/orthodoxalbania.org\/2020\/#\/schema\/logo\/image\/"},"sameAs":["https:\/\/www.facebook.com\/koash1991"]},{"@type":"Person","@id":"https:\/\/orthodoxalbania.org\/2020\/#\/schema\/person\/0c387634a7063ac612d7ed9ce71c7e86","name":"Kisha Orthodhokse","image":{"@type":"ImageObject","inLanguage":"en-US","@id":"https:\/\/secure.gravatar.com\/avatar\/596e7c417251e30f2fbb9c00e026fce61a695a00e51c889caded71c96cbbdde5?s=96&d=mm&r=g","url":"https:\/\/secure.gravatar.com\/avatar\/596e7c417251e30f2fbb9c00e026fce61a695a00e51c889caded71c96cbbdde5?s=96&d=mm&r=g","contentUrl":"https:\/\/secure.gravatar.com\/avatar\/596e7c417251e30f2fbb9c00e026fce61a695a00e51c889caded71c96cbbdde5?s=96&d=mm&r=g","caption":"Kisha Orthodhokse"}}]}},"_links":{"self":[{"href":"https:\/\/orthodoxalbania.org\/2020\/wp-json\/wp\/v2\/posts\/420","targetHints":{"allow":["GET"]}}],"collection":[{"href":"https:\/\/orthodoxalbania.org\/2020\/wp-json\/wp\/v2\/posts"}],"about":[{"href":"https:\/\/orthodoxalbania.org\/2020\/wp-json\/wp\/v2\/types\/post"}],"author":[{"embeddable":true,"href":"https:\/\/orthodoxalbania.org\/2020\/wp-json\/wp\/v2\/users\/1"}],"replies":[{"embeddable":true,"href":"https:\/\/orthodoxalbania.org\/2020\/wp-json\/wp\/v2\/comments?post=420"}],"version-history":[{"count":1,"href":"https:\/\/orthodoxalbania.org\/2020\/wp-json\/wp\/v2\/posts\/420\/revisions"}],"predecessor-version":[{"id":15391,"href":"https:\/\/orthodoxalbania.org\/2020\/wp-json\/wp\/v2\/posts\/420\/revisions\/15391"}],"wp:attachment":[{"href":"https:\/\/orthodoxalbania.org\/2020\/wp-json\/wp\/v2\/media?parent=420"}],"wp:term":[{"taxonomy":"category","embeddable":true,"href":"https:\/\/orthodoxalbania.org\/2020\/wp-json\/wp\/v2\/categories?post=420"},{"taxonomy":"post_tag","embeddable":true,"href":"https:\/\/orthodoxalbania.org\/2020\/wp-json\/wp\/v2\/tags?post=420"}],"curies":[{"name":"wp","href":"https:\/\/api.w.org\/{rel}","templated":true}]}}