{"id":4195,"date":"2015-09-29T13:03:07","date_gmt":"2015-09-29T13:03:07","guid":{"rendered":""},"modified":"2020-04-06T22:02:06","modified_gmt":"2020-04-06T20:02:06","slug":"ne-diten-kombetare-te-trashegimise-kulturore-duhet-te-kujtojme-edhe-kishen-orthodhokse-autoqefale-te-shqiperise","status":"publish","type":"post","link":"https:\/\/orthodoxalbania.org\/2020\/2015\/09\/29\/ne-diten-kombetare-te-trashegimise-kulturore-duhet-te-kujtojme-edhe-kishen-orthodhokse-autoqefale-te-shqiperise\/","title":{"rendered":"N\u00eb Dit\u00ebn Komb\u00ebtare t\u00eb Trash\u00ebgimis\u00eb Kulturore duhet t\u00eb kujtojm\u00eb edhe Kish\u00ebn Orthodhokse Autoqefale t\u00eb Shqip\u00ebris\u00eb"},"content":{"rendered":"<p style=\"text-align: justify;\"><span style=\"font-size: 12pt; font-family: helvetica;\">&nbsp; <span style=\"color: #ff6600;\">&nbsp;<span style=\"color: #000000;\"> Duke u nisur si referenc\u00eb nga dita e sotme 29 Shtator, Dita Komb\u00ebtare e Trash\u00ebgimis\u00eb Kulturore, duhet t\u00eb kujtojm\u00eb kontributin e madh t\u00eb Kish\u00ebs Orthodhokse Autoqefale t\u00eb Shqip\u00ebris\u00eb n\u00eb k\u00ebt\u00eb trash\u00ebgimi. Gjat\u00eb 25 viteve t\u00eb zhvillimeve demokratike t\u00eb vendit, Kisha Orthodhokse Autoqefale e Shqip\u00ebris\u00eb \u00ebsht\u00eb kujdesur n\u00eb m\u00ebnyr\u00eb t\u00eb vecant\u00eb p\u00ebr monumentet e trash\u00ebgimis\u00eb kulturore orthodhokse t\u00eb vendit.<\/span><\/span><\/span><\/p>\n<p style=\"text-align: justify;\"><span style=\"font-size: 12pt; font-family: helvetica; color: #000000;\">&nbsp; &nbsp; Jan\u00eb kryer restaurime t\u00eb plota t\u00eb 62 monumenteve nga 165 q\u00eb jan\u00eb n\u00eb total t\u00eb besimit orthodhoks, q\u00eb kapin shifr\u00ebn rreth 8 milion euro. P\u00ebrve\u00e7 k\u00ebtyre jan\u00eb kryer edhe studime, simpoziume, projekte restaurimesh dhe hulumtime n\u00eb fush\u00ebn e trash\u00ebgimis\u00eb dhe n\u00eb mbrojtje t\u00eb monumenteve.<\/span><\/p>\n<p style=\"text-align: justify;\"><span style=\"font-size: 12pt; font-family: helvetica; color: #000000;\">&nbsp; &nbsp; T\u00eb gjitha k\u00ebto jan\u00eb b\u00ebr\u00eb n\u00ebn kujdesin dhe interesimin e drejtp\u00ebrdrejt\u00eb t\u00eb Kryepiskopit Anastas, duke k\u00ebrkuar dhe gjetur fonde n\u00eb k\u00ebt\u00eb drejtim, si nj\u00eb pjes\u00eb e r\u00ebnd\u00ebsishme e shp\u00ebtimit t\u00eb monumenteve t\u00eb trash\u00ebgimis\u00eb kulturore t\u00eb Shqip\u00ebris\u00eb.<\/span><\/p>\n<p style=\"text-align: justify;\">&nbsp;<\/p>\n<p style=\"text-align: center;\"><img class=\"lazyload\" decoding=\"async\" style=\"display: block; margin: 10px auto; border: 1px solid #000000;\" alt=\"\" src=\"data:image\/svg+xml,%3Csvg%20xmlns%3D%27http%3A%2F%2Fwww.w3.org%2F2000%2Fsvg%27%20width%3D%27450%27%20height%3D%27635%27%20viewBox%3D%270%200%20450%20635%27%3E%3Crect%20width%3D%27450%27%20height%3D%27635%27%20fill-opacity%3D%220%22%2F%3E%3C%2Fsvg%3E\" data-orig-src=\"https:\/\/lh4.googleusercontent.com\/-bgbgq7SpzQU\/VgqK-ErCAOI\/AAAAAAAAPyA\/6JkZCmGZ6pM\/w590-h833-no\/Manastiri-i-Shen-Marise-Ne-kakome-Sarande.jpg\" height=\"635\" width=\"450\" \/><img class=\"lazyload\" decoding=\"async\" style=\"display: block; margin: 10px auto; border: 1px solid #000000;\" alt=\"\" src=\"data:image\/svg+xml,%3Csvg%20xmlns%3D%27http%3A%2F%2Fwww.w3.org%2F2000%2Fsvg%27%20width%3D%27450%27%20height%3D%27636%27%20viewBox%3D%270%200%20450%20636%27%3E%3Crect%20width%3D%27450%27%20height%3D%27636%27%20fill-opacity%3D%220%22%2F%3E%3C%2Fsvg%3E\" data-orig-src=\"https:\/\/lh6.googleusercontent.com\/-dS7ON1RoRBY\/VgqK-NE7mVI\/AAAAAAAAPyA\/YLg55pF1xFk\/w589-h833-no\/Kisha-e-manastirit-te-Kryeengjellit-Mihail-Nivan-Zagori-Gjirokaster.jpg\" height=\"636\" width=\"450\" \/><\/p>\n<p style=\"text-align: center;\"><img class=\"lazyload\" decoding=\"async\" style=\"display: block; margin: 10px auto; border: 1px solid #000000;\" alt=\"\" src=\"data:image\/svg+xml,%3Csvg%20xmlns%3D%27http%3A%2F%2Fwww.w3.org%2F2000%2Fsvg%27%20width%3D%27450%27%20height%3D%27635%27%20viewBox%3D%270%200%20450%20635%27%3E%3Crect%20width%3D%27450%27%20height%3D%27635%27%20fill-opacity%3D%220%22%2F%3E%3C%2Fsvg%3E\" data-orig-src=\"https:\/\/lh6.googleusercontent.com\/-u38dLPWRYfQ\/VgqK-CxOV_I\/AAAAAAAAPyA\/3QZwxHSU4Cs\/w590-h833-no\/Kisha-e-manastirit-te-shen-Prodhromit-ne-Voskopoje.jpg\" height=\"635\" width=\"450\" \/><\/p>\n<p style=\"text-align: center;\"><img class=\"lazyload\" decoding=\"async\" style=\"display: block; margin: 10px auto; border: 1px solid #000000;\" alt=\"\" src=\"data:image\/svg+xml,%3Csvg%20xmlns%3D%27http%3A%2F%2Fwww.w3.org%2F2000%2Fsvg%27%20width%3D%27450%27%20height%3D%27635%27%20viewBox%3D%270%200%20450%20635%27%3E%3Crect%20width%3D%27450%27%20height%3D%27635%27%20fill-opacity%3D%220%22%2F%3E%3C%2Fsvg%3E\" data-orig-src=\"https:\/\/lh4.googleusercontent.com\/-v4VX7YxyFS0\/VgqK-MZ9xzI\/AAAAAAAAPyA\/urPuBOTLVxQ\/w590-h833-no\/kisha-e-Shen-e-Premtes-%C3%87ete-Kavaje.jpg\" height=\"635\" width=\"450\" \/><\/p>\n<p style=\"text-align: justify;\">&nbsp;<\/p>\n<p style=\"text-align: center;\">&nbsp;<\/p>\n","protected":false},"excerpt":{"rendered":"<p>&nbsp; &nbsp; Duke u nisur si referenc\u00eb nga dita e sotme 29 Shtator, Dita Komb\u00ebtare e Trash\u00ebgimis\u00eb Kulturore, duhet t\u00eb kujtojm\u00eb kontributin e madh t\u00eb Kish\u00ebs Orthodhokse Autoqefale t\u00eb Shqip\u00ebris\u00eb n\u00eb k\u00ebt\u00eb trash\u00ebgimi. Gjat\u00eb 25 viteve t\u00eb zhvillimeve demokratike t\u00eb vendit, Kisha Orthodhokse Autoqefale e Shqip\u00ebris\u00eb \u00ebsht\u00eb kujdesur n\u00eb m\u00ebnyr\u00eb t\u00eb vecant\u00eb p\u00ebr monumentet e trash\u00ebgimis\u00eb kulturore orthodhokse t\u00eb vendit. &nbsp; &nbsp; Jan\u00eb kryer restaurime<\/p>\n","protected":false},"author":1,"featured_media":4196,"comment_status":"open","ping_status":"open","sticky":false,"template":"","format":"standard","meta":{"_acf_changed":false,"pagelayer_contact_templates":[],"_pagelayer_content":"","inline_featured_image":false,"fifu_image_url":"","fifu_image_alt":"","footnotes":""},"categories":[108],"tags":[139,196,212],"class_list":["post-4195","post","type-post","status-publish","format-standard","has-post-thumbnail","hentry","category-lajme","tag-139","tag-tirane","tag-lajme-d27"],"acf":[],"yoast_head":"<!-- This site is optimized with the Yoast SEO plugin v27.2 - https:\/\/yoast.com\/product\/yoast-seo-wordpress\/ -->\n<title>N\u00eb Dit\u00ebn Komb\u00ebtare t\u00eb Trash\u00ebgimis\u00eb Kulturore duhet t\u00eb kujtojm\u00eb edhe Kish\u00ebn Orthodhokse Autoqefale t\u00eb Shqip\u00ebris\u00eb - Kisha Orthodh\u03bfkse Autoqefale e Shqip\u00ebris\u00eb<\/title>\n<meta name=\"robots\" content=\"index, follow, max-snippet:-1, max-image-preview:large, max-video-preview:-1\" \/>\n<link rel=\"canonical\" href=\"https:\/\/orthodoxalbania.org\/2020\/2015\/09\/29\/ne-diten-kombetare-te-trashegimise-kulturore-duhet-te-kujtojme-edhe-kishen-orthodhokse-autoqefale-te-shqiperise\/\" \/>\n<meta property=\"og:locale\" content=\"en_US\" \/>\n<meta property=\"og:type\" content=\"article\" \/>\n<meta property=\"og:title\" content=\"N\u00eb Dit\u00ebn Komb\u00ebtare t\u00eb Trash\u00ebgimis\u00eb Kulturore duhet t\u00eb kujtojm\u00eb edhe Kish\u00ebn Orthodhokse Autoqefale t\u00eb Shqip\u00ebris\u00eb - Kisha Orthodh\u03bfkse Autoqefale e Shqip\u00ebris\u00eb\" \/>\n<meta property=\"og:description\" content=\"&nbsp; &nbsp; Duke u nisur si referenc\u00eb nga dita e sotme 29 Shtator, Dita Komb\u00ebtare e Trash\u00ebgimis\u00eb Kulturore, duhet t\u00eb kujtojm\u00eb kontributin e madh t\u00eb Kish\u00ebs Orthodhokse Autoqefale t\u00eb Shqip\u00ebris\u00eb n\u00eb k\u00ebt\u00eb trash\u00ebgimi. Gjat\u00eb 25 viteve t\u00eb zhvillimeve demokratike t\u00eb vendit, Kisha Orthodhokse Autoqefale e Shqip\u00ebris\u00eb \u00ebsht\u00eb kujdesur n\u00eb m\u00ebnyr\u00eb t\u00eb vecant\u00eb p\u00ebr monumentet e trash\u00ebgimis\u00eb kulturore orthodhokse t\u00eb vendit. &nbsp; &nbsp; Jan\u00eb kryer restaurime\" \/>\n<meta property=\"og:url\" content=\"https:\/\/orthodoxalbania.org\/2020\/2015\/09\/29\/ne-diten-kombetare-te-trashegimise-kulturore-duhet-te-kujtojme-edhe-kishen-orthodhokse-autoqefale-te-shqiperise\/\" \/>\n<meta property=\"og:site_name\" content=\"Kisha Orthodh\u03bfkse Autoqefale e Shqip\u00ebris\u00eb\" \/>\n<meta property=\"article:publisher\" content=\"https:\/\/www.facebook.com\/koash1991\" \/>\n<meta property=\"article:published_time\" content=\"2015-09-29T13:03:07+00:00\" \/>\n<meta property=\"article:modified_time\" content=\"2020-04-06T20:02:06+00:00\" \/>\n<meta property=\"og:image\" content=\"https:\/\/orthodoxalbania.org\/2020\/wp-content\/uploads\/2020\/04\/Capture_800x600.JPG\" \/>\n\t<meta property=\"og:image:width\" content=\"150\" \/>\n\t<meta property=\"og:image:height\" content=\"150\" \/>\n\t<meta property=\"og:image:type\" content=\"image\/jpeg\" \/>\n<meta name=\"author\" content=\"Kisha Orthodhokse\" \/>\n<meta name=\"twitter:card\" content=\"summary_large_image\" \/>\n<meta name=\"twitter:label1\" content=\"Written by\" \/>\n\t<meta name=\"twitter:data1\" content=\"Kisha Orthodhokse\" \/>\n\t<meta name=\"twitter:label2\" content=\"Est. reading time\" \/>\n\t<meta name=\"twitter:data2\" content=\"1 minute\" \/>\n<script type=\"application\/ld+json\" class=\"yoast-schema-graph\">{\"@context\":\"https:\/\/schema.org\",\"@graph\":[{\"@type\":\"Article\",\"@id\":\"https:\/\/orthodoxalbania.org\/2020\/2015\/09\/29\/ne-diten-kombetare-te-trashegimise-kulturore-duhet-te-kujtojme-edhe-kishen-orthodhokse-autoqefale-te-shqiperise\/#article\",\"isPartOf\":{\"@id\":\"https:\/\/orthodoxalbania.org\/2020\/2015\/09\/29\/ne-diten-kombetare-te-trashegimise-kulturore-duhet-te-kujtojme-edhe-kishen-orthodhokse-autoqefale-te-shqiperise\/\"},\"author\":{\"name\":\"Kisha Orthodhokse\",\"@id\":\"https:\/\/orthodoxalbania.org\/2020\/#\/schema\/person\/0c387634a7063ac612d7ed9ce71c7e86\"},\"headline\":\"N\u00eb Dit\u00ebn Komb\u00ebtare t\u00eb Trash\u00ebgimis\u00eb Kulturore duhet t\u00eb kujtojm\u00eb edhe Kish\u00ebn Orthodhokse Autoqefale t\u00eb Shqip\u00ebris\u00eb\",\"datePublished\":\"2015-09-29T13:03:07+00:00\",\"dateModified\":\"2020-04-06T20:02:06+00:00\",\"mainEntityOfPage\":{\"@id\":\"https:\/\/orthodoxalbania.org\/2020\/2015\/09\/29\/ne-diten-kombetare-te-trashegimise-kulturore-duhet-te-kujtojme-edhe-kishen-orthodhokse-autoqefale-te-shqiperise\/\"},\"wordCount\":188,\"commentCount\":0,\"publisher\":{\"@id\":\"https:\/\/orthodoxalbania.org\/2020\/#organization\"},\"image\":{\"@id\":\"https:\/\/orthodoxalbania.org\/2020\/2015\/09\/29\/ne-diten-kombetare-te-trashegimise-kulturore-duhet-te-kujtojme-edhe-kishen-orthodhokse-autoqefale-te-shqiperise\/#primaryimage\"},\"thumbnailUrl\":\"https:\/\/orthodoxalbania.org\/2020\/wp-content\/uploads\/2020\/04\/Capture_800x600.JPG\",\"keywords\":[\"2015\",\"Kryepiskopata Tiran\u00eb\",\"lajme\"],\"articleSection\":[\"Lajme\"],\"inLanguage\":\"en-US\"},{\"@type\":\"WebPage\",\"@id\":\"https:\/\/orthodoxalbania.org\/2020\/2015\/09\/29\/ne-diten-kombetare-te-trashegimise-kulturore-duhet-te-kujtojme-edhe-kishen-orthodhokse-autoqefale-te-shqiperise\/\",\"url\":\"https:\/\/orthodoxalbania.org\/2020\/2015\/09\/29\/ne-diten-kombetare-te-trashegimise-kulturore-duhet-te-kujtojme-edhe-kishen-orthodhokse-autoqefale-te-shqiperise\/\",\"name\":\"N\u00eb Dit\u00ebn Komb\u00ebtare t\u00eb Trash\u00ebgimis\u00eb Kulturore duhet t\u00eb kujtojm\u00eb edhe Kish\u00ebn Orthodhokse Autoqefale t\u00eb Shqip\u00ebris\u00eb - Kisha Orthodh\u03bfkse Autoqefale e Shqip\u00ebris\u00eb\",\"isPartOf\":{\"@id\":\"https:\/\/orthodoxalbania.org\/2020\/#website\"},\"primaryImageOfPage\":{\"@id\":\"https:\/\/orthodoxalbania.org\/2020\/2015\/09\/29\/ne-diten-kombetare-te-trashegimise-kulturore-duhet-te-kujtojme-edhe-kishen-orthodhokse-autoqefale-te-shqiperise\/#primaryimage\"},\"image\":{\"@id\":\"https:\/\/orthodoxalbania.org\/2020\/2015\/09\/29\/ne-diten-kombetare-te-trashegimise-kulturore-duhet-te-kujtojme-edhe-kishen-orthodhokse-autoqefale-te-shqiperise\/#primaryimage\"},\"thumbnailUrl\":\"https:\/\/orthodoxalbania.org\/2020\/wp-content\/uploads\/2020\/04\/Capture_800x600.JPG\",\"datePublished\":\"2015-09-29T13:03:07+00:00\",\"dateModified\":\"2020-04-06T20:02:06+00:00\",\"breadcrumb\":{\"@id\":\"https:\/\/orthodoxalbania.org\/2020\/2015\/09\/29\/ne-diten-kombetare-te-trashegimise-kulturore-duhet-te-kujtojme-edhe-kishen-orthodhokse-autoqefale-te-shqiperise\/#breadcrumb\"},\"inLanguage\":\"en-US\",\"potentialAction\":[{\"@type\":\"ReadAction\",\"target\":[\"https:\/\/orthodoxalbania.org\/2020\/2015\/09\/29\/ne-diten-kombetare-te-trashegimise-kulturore-duhet-te-kujtojme-edhe-kishen-orthodhokse-autoqefale-te-shqiperise\/\"]}]},{\"@type\":\"ImageObject\",\"inLanguage\":\"en-US\",\"@id\":\"https:\/\/orthodoxalbania.org\/2020\/2015\/09\/29\/ne-diten-kombetare-te-trashegimise-kulturore-duhet-te-kujtojme-edhe-kishen-orthodhokse-autoqefale-te-shqiperise\/#primaryimage\",\"url\":\"https:\/\/orthodoxalbania.org\/2020\/wp-content\/uploads\/2020\/04\/Capture_800x600.JPG\",\"contentUrl\":\"https:\/\/orthodoxalbania.org\/2020\/wp-content\/uploads\/2020\/04\/Capture_800x600.JPG\",\"width\":150,\"height\":150},{\"@type\":\"BreadcrumbList\",\"@id\":\"https:\/\/orthodoxalbania.org\/2020\/2015\/09\/29\/ne-diten-kombetare-te-trashegimise-kulturore-duhet-te-kujtojme-edhe-kishen-orthodhokse-autoqefale-te-shqiperise\/#breadcrumb\",\"itemListElement\":[{\"@type\":\"ListItem\",\"position\":1,\"name\":\"Home\",\"item\":\"https:\/\/orthodoxalbania.org\/2020\/\"},{\"@type\":\"ListItem\",\"position\":2,\"name\":\"N\u00eb Dit\u00ebn Komb\u00ebtare t\u00eb Trash\u00ebgimis\u00eb Kulturore duhet t\u00eb kujtojm\u00eb edhe Kish\u00ebn Orthodhokse Autoqefale t\u00eb Shqip\u00ebris\u00eb\"}]},{\"@type\":\"WebSite\",\"@id\":\"https:\/\/orthodoxalbania.org\/2020\/#website\",\"url\":\"https:\/\/orthodoxalbania.org\/2020\/\",\"name\":\"Kisha Orthodh\u03bfkse Autoqefale e Shqip\u00ebris\u00eb\",\"description\":\"Fqja Zyrtare e Kish\u00ebs Orthodhokse Autoqefale e Shqip\u00ebris\u00eb me lajmet edhe informacionet zyrtare p\u00ebr struktur\u00ebn edhe veprimtarin e saj.\",\"publisher\":{\"@id\":\"https:\/\/orthodoxalbania.org\/2020\/#organization\"},\"potentialAction\":[{\"@type\":\"SearchAction\",\"target\":{\"@type\":\"EntryPoint\",\"urlTemplate\":\"https:\/\/orthodoxalbania.org\/2020\/?s={search_term_string}\"},\"query-input\":{\"@type\":\"PropertyValueSpecification\",\"valueRequired\":true,\"valueName\":\"search_term_string\"}}],\"inLanguage\":\"en-US\"},{\"@type\":\"Organization\",\"@id\":\"https:\/\/orthodoxalbania.org\/2020\/#organization\",\"name\":\"Kisha Orthodhokse Autoqefale e Shqip\u00ebris\u00eb\",\"url\":\"https:\/\/orthodoxalbania.org\/2020\/\",\"logo\":{\"@type\":\"ImageObject\",\"inLanguage\":\"en-US\",\"@id\":\"https:\/\/orthodoxalbania.org\/2020\/#\/schema\/logo\/image\/\",\"url\":\"https:\/\/orthodoxalbania.org\/2020\/wp-content\/uploads\/2020\/05\/albania.jpeg\",\"contentUrl\":\"https:\/\/orthodoxalbania.org\/2020\/wp-content\/uploads\/2020\/05\/albania.jpeg\",\"width\":540,\"height\":540,\"caption\":\"Kisha Orthodhokse Autoqefale e Shqip\u00ebris\u00eb\"},\"image\":{\"@id\":\"https:\/\/orthodoxalbania.org\/2020\/#\/schema\/logo\/image\/\"},\"sameAs\":[\"https:\/\/www.facebook.com\/koash1991\"]},{\"@type\":\"Person\",\"@id\":\"https:\/\/orthodoxalbania.org\/2020\/#\/schema\/person\/0c387634a7063ac612d7ed9ce71c7e86\",\"name\":\"Kisha Orthodhokse\",\"image\":{\"@type\":\"ImageObject\",\"inLanguage\":\"en-US\",\"@id\":\"https:\/\/secure.gravatar.com\/avatar\/596e7c417251e30f2fbb9c00e026fce61a695a00e51c889caded71c96cbbdde5?s=96&d=mm&r=g\",\"url\":\"https:\/\/secure.gravatar.com\/avatar\/596e7c417251e30f2fbb9c00e026fce61a695a00e51c889caded71c96cbbdde5?s=96&d=mm&r=g\",\"contentUrl\":\"https:\/\/secure.gravatar.com\/avatar\/596e7c417251e30f2fbb9c00e026fce61a695a00e51c889caded71c96cbbdde5?s=96&d=mm&r=g\",\"caption\":\"Kisha Orthodhokse\"}}]}<\/script>\n<!-- \/ Yoast SEO plugin. -->","yoast_head_json":{"title":"N\u00eb Dit\u00ebn Komb\u00ebtare t\u00eb Trash\u00ebgimis\u00eb Kulturore duhet t\u00eb kujtojm\u00eb edhe Kish\u00ebn Orthodhokse Autoqefale t\u00eb Shqip\u00ebris\u00eb - Kisha Orthodh\u03bfkse Autoqefale e Shqip\u00ebris\u00eb","robots":{"index":"index","follow":"follow","max-snippet":"max-snippet:-1","max-image-preview":"max-image-preview:large","max-video-preview":"max-video-preview:-1"},"canonical":"https:\/\/orthodoxalbania.org\/2020\/2015\/09\/29\/ne-diten-kombetare-te-trashegimise-kulturore-duhet-te-kujtojme-edhe-kishen-orthodhokse-autoqefale-te-shqiperise\/","og_locale":"en_US","og_type":"article","og_title":"N\u00eb Dit\u00ebn Komb\u00ebtare t\u00eb Trash\u00ebgimis\u00eb Kulturore duhet t\u00eb kujtojm\u00eb edhe Kish\u00ebn Orthodhokse Autoqefale t\u00eb Shqip\u00ebris\u00eb - Kisha Orthodh\u03bfkse Autoqefale e Shqip\u00ebris\u00eb","og_description":"&nbsp; &nbsp; Duke u nisur si referenc\u00eb nga dita e sotme 29 Shtator, Dita Komb\u00ebtare e Trash\u00ebgimis\u00eb Kulturore, duhet t\u00eb kujtojm\u00eb kontributin e madh t\u00eb Kish\u00ebs Orthodhokse Autoqefale t\u00eb Shqip\u00ebris\u00eb n\u00eb k\u00ebt\u00eb trash\u00ebgimi. Gjat\u00eb 25 viteve t\u00eb zhvillimeve demokratike t\u00eb vendit, Kisha Orthodhokse Autoqefale e Shqip\u00ebris\u00eb \u00ebsht\u00eb kujdesur n\u00eb m\u00ebnyr\u00eb t\u00eb vecant\u00eb p\u00ebr monumentet e trash\u00ebgimis\u00eb kulturore orthodhokse t\u00eb vendit. &nbsp; &nbsp; Jan\u00eb kryer restaurime","og_url":"https:\/\/orthodoxalbania.org\/2020\/2015\/09\/29\/ne-diten-kombetare-te-trashegimise-kulturore-duhet-te-kujtojme-edhe-kishen-orthodhokse-autoqefale-te-shqiperise\/","og_site_name":"Kisha Orthodh\u03bfkse Autoqefale e Shqip\u00ebris\u00eb","article_publisher":"https:\/\/www.facebook.com\/koash1991","article_published_time":"2015-09-29T13:03:07+00:00","article_modified_time":"2020-04-06T20:02:06+00:00","og_image":[{"width":150,"height":150,"url":"https:\/\/orthodoxalbania.org\/2020\/wp-content\/uploads\/2020\/04\/Capture_800x600.JPG","type":"image\/jpeg"}],"author":"Kisha Orthodhokse","twitter_card":"summary_large_image","twitter_misc":{"Written by":"Kisha Orthodhokse","Est. reading time":"1 minute"},"schema":{"@context":"https:\/\/schema.org","@graph":[{"@type":"Article","@id":"https:\/\/orthodoxalbania.org\/2020\/2015\/09\/29\/ne-diten-kombetare-te-trashegimise-kulturore-duhet-te-kujtojme-edhe-kishen-orthodhokse-autoqefale-te-shqiperise\/#article","isPartOf":{"@id":"https:\/\/orthodoxalbania.org\/2020\/2015\/09\/29\/ne-diten-kombetare-te-trashegimise-kulturore-duhet-te-kujtojme-edhe-kishen-orthodhokse-autoqefale-te-shqiperise\/"},"author":{"name":"Kisha Orthodhokse","@id":"https:\/\/orthodoxalbania.org\/2020\/#\/schema\/person\/0c387634a7063ac612d7ed9ce71c7e86"},"headline":"N\u00eb Dit\u00ebn Komb\u00ebtare t\u00eb Trash\u00ebgimis\u00eb Kulturore duhet t\u00eb kujtojm\u00eb edhe Kish\u00ebn Orthodhokse Autoqefale t\u00eb Shqip\u00ebris\u00eb","datePublished":"2015-09-29T13:03:07+00:00","dateModified":"2020-04-06T20:02:06+00:00","mainEntityOfPage":{"@id":"https:\/\/orthodoxalbania.org\/2020\/2015\/09\/29\/ne-diten-kombetare-te-trashegimise-kulturore-duhet-te-kujtojme-edhe-kishen-orthodhokse-autoqefale-te-shqiperise\/"},"wordCount":188,"commentCount":0,"publisher":{"@id":"https:\/\/orthodoxalbania.org\/2020\/#organization"},"image":{"@id":"https:\/\/orthodoxalbania.org\/2020\/2015\/09\/29\/ne-diten-kombetare-te-trashegimise-kulturore-duhet-te-kujtojme-edhe-kishen-orthodhokse-autoqefale-te-shqiperise\/#primaryimage"},"thumbnailUrl":"https:\/\/orthodoxalbania.org\/2020\/wp-content\/uploads\/2020\/04\/Capture_800x600.JPG","keywords":["2015","Kryepiskopata Tiran\u00eb","lajme"],"articleSection":["Lajme"],"inLanguage":"en-US"},{"@type":"WebPage","@id":"https:\/\/orthodoxalbania.org\/2020\/2015\/09\/29\/ne-diten-kombetare-te-trashegimise-kulturore-duhet-te-kujtojme-edhe-kishen-orthodhokse-autoqefale-te-shqiperise\/","url":"https:\/\/orthodoxalbania.org\/2020\/2015\/09\/29\/ne-diten-kombetare-te-trashegimise-kulturore-duhet-te-kujtojme-edhe-kishen-orthodhokse-autoqefale-te-shqiperise\/","name":"N\u00eb Dit\u00ebn Komb\u00ebtare t\u00eb Trash\u00ebgimis\u00eb Kulturore duhet t\u00eb kujtojm\u00eb edhe Kish\u00ebn Orthodhokse Autoqefale t\u00eb Shqip\u00ebris\u00eb - Kisha Orthodh\u03bfkse Autoqefale e Shqip\u00ebris\u00eb","isPartOf":{"@id":"https:\/\/orthodoxalbania.org\/2020\/#website"},"primaryImageOfPage":{"@id":"https:\/\/orthodoxalbania.org\/2020\/2015\/09\/29\/ne-diten-kombetare-te-trashegimise-kulturore-duhet-te-kujtojme-edhe-kishen-orthodhokse-autoqefale-te-shqiperise\/#primaryimage"},"image":{"@id":"https:\/\/orthodoxalbania.org\/2020\/2015\/09\/29\/ne-diten-kombetare-te-trashegimise-kulturore-duhet-te-kujtojme-edhe-kishen-orthodhokse-autoqefale-te-shqiperise\/#primaryimage"},"thumbnailUrl":"https:\/\/orthodoxalbania.org\/2020\/wp-content\/uploads\/2020\/04\/Capture_800x600.JPG","datePublished":"2015-09-29T13:03:07+00:00","dateModified":"2020-04-06T20:02:06+00:00","breadcrumb":{"@id":"https:\/\/orthodoxalbania.org\/2020\/2015\/09\/29\/ne-diten-kombetare-te-trashegimise-kulturore-duhet-te-kujtojme-edhe-kishen-orthodhokse-autoqefale-te-shqiperise\/#breadcrumb"},"inLanguage":"en-US","potentialAction":[{"@type":"ReadAction","target":["https:\/\/orthodoxalbania.org\/2020\/2015\/09\/29\/ne-diten-kombetare-te-trashegimise-kulturore-duhet-te-kujtojme-edhe-kishen-orthodhokse-autoqefale-te-shqiperise\/"]}]},{"@type":"ImageObject","inLanguage":"en-US","@id":"https:\/\/orthodoxalbania.org\/2020\/2015\/09\/29\/ne-diten-kombetare-te-trashegimise-kulturore-duhet-te-kujtojme-edhe-kishen-orthodhokse-autoqefale-te-shqiperise\/#primaryimage","url":"https:\/\/orthodoxalbania.org\/2020\/wp-content\/uploads\/2020\/04\/Capture_800x600.JPG","contentUrl":"https:\/\/orthodoxalbania.org\/2020\/wp-content\/uploads\/2020\/04\/Capture_800x600.JPG","width":150,"height":150},{"@type":"BreadcrumbList","@id":"https:\/\/orthodoxalbania.org\/2020\/2015\/09\/29\/ne-diten-kombetare-te-trashegimise-kulturore-duhet-te-kujtojme-edhe-kishen-orthodhokse-autoqefale-te-shqiperise\/#breadcrumb","itemListElement":[{"@type":"ListItem","position":1,"name":"Home","item":"https:\/\/orthodoxalbania.org\/2020\/"},{"@type":"ListItem","position":2,"name":"N\u00eb Dit\u00ebn Komb\u00ebtare t\u00eb Trash\u00ebgimis\u00eb Kulturore duhet t\u00eb kujtojm\u00eb edhe Kish\u00ebn Orthodhokse Autoqefale t\u00eb Shqip\u00ebris\u00eb"}]},{"@type":"WebSite","@id":"https:\/\/orthodoxalbania.org\/2020\/#website","url":"https:\/\/orthodoxalbania.org\/2020\/","name":"Kisha Orthodh\u03bfkse Autoqefale e Shqip\u00ebris\u00eb","description":"Fqja Zyrtare e Kish\u00ebs Orthodhokse Autoqefale e Shqip\u00ebris\u00eb me lajmet edhe informacionet zyrtare p\u00ebr struktur\u00ebn edhe veprimtarin e saj.","publisher":{"@id":"https:\/\/orthodoxalbania.org\/2020\/#organization"},"potentialAction":[{"@type":"SearchAction","target":{"@type":"EntryPoint","urlTemplate":"https:\/\/orthodoxalbania.org\/2020\/?s={search_term_string}"},"query-input":{"@type":"PropertyValueSpecification","valueRequired":true,"valueName":"search_term_string"}}],"inLanguage":"en-US"},{"@type":"Organization","@id":"https:\/\/orthodoxalbania.org\/2020\/#organization","name":"Kisha Orthodhokse Autoqefale e Shqip\u00ebris\u00eb","url":"https:\/\/orthodoxalbania.org\/2020\/","logo":{"@type":"ImageObject","inLanguage":"en-US","@id":"https:\/\/orthodoxalbania.org\/2020\/#\/schema\/logo\/image\/","url":"https:\/\/orthodoxalbania.org\/2020\/wp-content\/uploads\/2020\/05\/albania.jpeg","contentUrl":"https:\/\/orthodoxalbania.org\/2020\/wp-content\/uploads\/2020\/05\/albania.jpeg","width":540,"height":540,"caption":"Kisha Orthodhokse Autoqefale e Shqip\u00ebris\u00eb"},"image":{"@id":"https:\/\/orthodoxalbania.org\/2020\/#\/schema\/logo\/image\/"},"sameAs":["https:\/\/www.facebook.com\/koash1991"]},{"@type":"Person","@id":"https:\/\/orthodoxalbania.org\/2020\/#\/schema\/person\/0c387634a7063ac612d7ed9ce71c7e86","name":"Kisha Orthodhokse","image":{"@type":"ImageObject","inLanguage":"en-US","@id":"https:\/\/secure.gravatar.com\/avatar\/596e7c417251e30f2fbb9c00e026fce61a695a00e51c889caded71c96cbbdde5?s=96&d=mm&r=g","url":"https:\/\/secure.gravatar.com\/avatar\/596e7c417251e30f2fbb9c00e026fce61a695a00e51c889caded71c96cbbdde5?s=96&d=mm&r=g","contentUrl":"https:\/\/secure.gravatar.com\/avatar\/596e7c417251e30f2fbb9c00e026fce61a695a00e51c889caded71c96cbbdde5?s=96&d=mm&r=g","caption":"Kisha Orthodhokse"}}]}},"_links":{"self":[{"href":"https:\/\/orthodoxalbania.org\/2020\/wp-json\/wp\/v2\/posts\/4195","targetHints":{"allow":["GET"]}}],"collection":[{"href":"https:\/\/orthodoxalbania.org\/2020\/wp-json\/wp\/v2\/posts"}],"about":[{"href":"https:\/\/orthodoxalbania.org\/2020\/wp-json\/wp\/v2\/types\/post"}],"author":[{"embeddable":true,"href":"https:\/\/orthodoxalbania.org\/2020\/wp-json\/wp\/v2\/users\/1"}],"replies":[{"embeddable":true,"href":"https:\/\/orthodoxalbania.org\/2020\/wp-json\/wp\/v2\/comments?post=4195"}],"version-history":[{"count":1,"href":"https:\/\/orthodoxalbania.org\/2020\/wp-json\/wp\/v2\/posts\/4195\/revisions"}],"predecessor-version":[{"id":14956,"href":"https:\/\/orthodoxalbania.org\/2020\/wp-json\/wp\/v2\/posts\/4195\/revisions\/14956"}],"wp:featuredmedia":[{"embeddable":true,"href":"https:\/\/orthodoxalbania.org\/2020\/wp-json\/wp\/v2\/media\/4196"}],"wp:attachment":[{"href":"https:\/\/orthodoxalbania.org\/2020\/wp-json\/wp\/v2\/media?parent=4195"}],"wp:term":[{"taxonomy":"category","embeddable":true,"href":"https:\/\/orthodoxalbania.org\/2020\/wp-json\/wp\/v2\/categories?post=4195"},{"taxonomy":"post_tag","embeddable":true,"href":"https:\/\/orthodoxalbania.org\/2020\/wp-json\/wp\/v2\/tags?post=4195"}],"curies":[{"name":"wp","href":"https:\/\/api.w.org\/{rel}","templated":true}]}}