{"id":419,"date":"2013-03-21T12:00:20","date_gmt":"2013-03-21T12:00:20","guid":{"rendered":""},"modified":"2020-04-06T22:06:03","modified_gmt":"2020-04-06T20:06:03","slug":"dite-diplomimi-ne-akademine-theologjike-ngjallja-e-krishtit","status":"publish","type":"post","link":"https:\/\/orthodoxalbania.org\/2020\/2013\/03\/21\/dite-diplomimi-ne-akademine-theologjike-ngjallja-e-krishtit\/","title":{"rendered":"Dit\u00eb diplomimi n\u00eb Akademin\u00eb Theologjike \u201cNgjallja e Krishtit\u201d. (12 Qershor 2012)"},"content":{"rendered":"<div class=\"yiv1869343253MsoNormal\" style=\"text-align: justify;\">\n\t<span style=\"color:#000000;\"><span style=\"font-family: tahoma,geneva,sans-serif;\"><span style=\"font-size: 12px;\"><img class=\"lazyload\" decoding=\"async\" alt=\"\" src=\"data:image\/gif;base64,R0lGODlhAQABAAAAACH5BAEKAAEALAAAAAABAAEAAAICTAEAOw==\" data-orig-src=\"https:\/\/lh3.googleusercontent.com\/-XYg3D71LzVA\/T98fVwPEO9I\/AAAAAAAAAKQ\/oMmnxQhP8ew\/s800\/foto%20pjesemarresit.jpg\" style=\"border-width: 1px; border-style: solid; margin: 10px; float: left; width: 280px; height: 187px;\" \/>&nbsp; &nbsp; Klerik\u00eb, pedagog\u00eb dhe student\u00eb, meshuan s\u00eb bashku ne kish\u00ebn e Manastirit t\u00eb sh\u00ebn Vlashit p\u00ebr her\u00eb t\u00eb fundit p\u00ebr vitin akademik 2011-2012. Data 12 qershor ishte dita e diplomimit t\u00eb student\u00ebve t\u00eb vitit t\u00eb kat\u00ebrt dhe si\u00e7 \u00ebsht\u00eb b\u00ebr\u00eb tradit\u00eb, pas Liturgjise Hyjnore, organizohet nj\u00eb fest\u00eb n\u00eb sall\u00ebn \u201cSion\u201d t\u00eb Manastirit.<\/span><\/span><\/span><\/div>\n<div class=\"yiv1869343253MsoNormal\" style=\"text-align: justify;\">\n\t<br \/>\n\t<span style=\"color:#000000;\"><span style=\"font-family: tahoma,geneva,sans-serif;\"><span style=\"font-size: 12px;\">&nbsp; &nbsp; P\u00ebr t\u00eb nderuar k\u00ebt\u00eb fest\u00eb, kishin ardhur: Kryepiskopi i Anastas, Mitropoliti i Beratit, Ignati, Mitropoliti i Kor\u00e7\u00ebs, Joani, Episkopi i Kruj\u00ebs<span lang=\"SQ\">, Andoni, Episkopi i Amantias Nathanaili, Episkopi i Bylisit, Asti, drejtori i Akademis\u00eb Theologjike, Episkopi i Apollonis\u00eb, Nikolla, etj.<\/span><\/span><\/span><\/span><\/div>\n<div class=\"yiv1869343253MsoNormal\" style=\"text-align: justify;\">\n\t<br \/>\n\t<span style=\"color:#000000;\"><span style=\"font-family: tahoma,geneva,sans-serif;\"><span style=\"font-size: 12px;\"><span lang=\"SQ\">&nbsp;&nbsp;&nbsp; Fest\u00ebn e hapi Hir\u00ebsi Nikolla, i cili kujtoi vitet e para t\u00eb ringritjes s\u00eb Kish\u00ebs, &nbsp;v\u00ebshtir\u00ebsit\u00eb dhe pun\u00ebn e madhe q\u00eb ka b\u00ebr\u00eb Kryepiskopi Anastas, i cili q\u00eb me ardhjen e tij n\u00eb Shqip\u00ebri ngriti seminarin e p\u00ebrgatitjes s\u00eb klerik\u00ebve dhe theolog\u00ebve.<\/span><\/span><\/span><\/span><\/div>\n<div class=\"yiv1869343253MsoNormal\" style=\"text-align: justify;\">\n\t<br \/>\n\t<span style=\"color:#000000;\"><span style=\"font-family: tahoma,geneva,sans-serif;\"><span style=\"font-size: 12px;\"><span lang=\"SQ\">&nbsp;&nbsp;&nbsp; \u201cMe dashurin\u00eb q\u00eb tregojm\u00eb p\u00ebr nj\u00ebri-tjetrin i tregojm\u00eb bot\u00ebs se jemi nx\u00ebn\u00ebs t\u00eb Krishtit\u201d \u2013 theksoi Hir\u00ebsi Nikolla. <\/span><\/span><\/span><\/span><\/div>\n<div class=\"yiv1869343253MsoNormal\" style=\"text-align: justify;\">\n\t<br \/>\n\t<span style=\"color:#000000;\"><span style=\"font-family: tahoma,geneva,sans-serif;\"><span style=\"font-size: 12px;\"><span lang=\"SQ\">&nbsp;&nbsp;&nbsp; Fjal\u00ebn e rastit e mbajti, Kristina Tolaj, studentja m\u00eb e mir\u00eb e vitit IV, e cila tregoi se vinte nga \u201cSht\u00ebpia e Shpres\u00ebs\u201d dhe ishte nd\u00ebr f\u00ebmij\u00ebt e par\u00eb q\u00eb jetonte aty. Kristina tregoi kujdesin e ve\u00e7ant\u00eb t\u00eb Kryepiskopit p\u00ebr t\u00eb gjith\u00eb f\u00ebmij\u00ebt e k\u00ebsaj sht\u00ebpi. M\u00eb pas ajo kujtoi dhe fal\u00ebnderoi t\u00eb gjith\u00eb ata q\u00eb e kishin ndihmuar q\u00eb t\u00eb rritej, t\u00eb formohej e p\u00ebrgatitej p\u00ebr t\u00eb dal\u00eb n\u00eb jet\u00eb. \u201cLavdi Per\u00ebndis\u00eb\u201d ishte dhe p\u00ebrsh\u00ebndetja e fundit q\u00eb &nbsp;dha Kristina n\u00eb fjal\u00ebn e saj.<\/span><\/span><\/span><\/span><\/div>\n<div class=\"yiv1869343253MsoNormal\" style=\"text-align: justify;\">\n\t<br \/>\n\t<span style=\"color:#000000;\"><span style=\"font-family: tahoma,geneva,sans-serif;\"><span style=\"font-size: 12px;\"><span lang=\"SQ\">&nbsp;&nbsp;&nbsp; N\u00eb fund e mori fjal\u00ebn Kryepiskopi Anastas. Kat\u00ebr aspekte cil\u00ebsoi n\u00eb p\u00ebrsh\u00ebndetjen e tij, Imzot Anastasi: Mir\u00ebnjohje, P\u00ebrgjegjshm\u00ebri, P\u00ebrpjekje dhe Shenjt\u00ebrim.<\/span><\/span><\/span><\/span><\/div>\n<div class=\"yiv1869343253MsoNormal\" style=\"text-align: justify;\">\n\t<br \/>\n\t<span style=\"color:#000000;\"><span style=\"font-family: tahoma,geneva,sans-serif;\"><span style=\"font-size: 12px;\"><span lang=\"SQ\">&nbsp;&nbsp;&nbsp; \u201cMirenjohje p\u00ebr Per\u00ebndin\u00eb, &nbsp;p\u00ebr \u00e7far\u00eb na ka falur deri tani. Mir\u00ebnjohje ju student\u00eb p\u00ebr sa Per\u00ebndia ju ka falur p\u00ebr studimet tuaja n\u00eb kat\u00ebr vite n\u00eb k\u00ebt\u00eb vend. Fjal\u00ebt e bukura jan\u00eb shum\u00eb t\u00eb lehta p\u00ebr t\u2019u th\u00ebn\u00eb, por n\u00eb \u00e7aste kritike dallohen njer\u00ebzit e v\u00ebrtet\u00eb q\u00eb kan\u00eb mir\u00ebnjohje.\u201d<\/span><\/span><\/span><\/span><\/div>\n<div class=\"yiv1869343253MsoNormal\" style=\"text-align: justify;\">\n\t<br \/>\n\t<span style=\"color:#000000;\"><span style=\"font-family: tahoma,geneva,sans-serif;\"><span style=\"font-size: 12px;\"><span lang=\"SQ\">&nbsp;&nbsp;&nbsp; \u201cFjala e dyt\u00eb q\u00eb dua t\u00eb n\u00ebnvizoj \u00ebsht\u00eb P\u00ebrgjegjshm\u00ebria. Ateizmi ende jeton tek njer\u00ebzit. Puna q\u00eb duhet t\u00eb b\u00ebjm\u00eb me t\u00eb rinjt\u00eb dhe q\u00eb t\u00eb mb\u00ebshtesim f\u00ebmij\u00ebt q\u00eb n\u00eb vitet e para n\u00eb besim \u00ebsht\u00eb nj\u00eb vep\u00ebr shum\u00eb e madhe dhe k\u00ebrkon p\u00ebrgjegj\u00ebsi t\u00eb jasht\u00ebzakonshme nga t\u00eb gjith\u00eb}.<\/span><\/span><\/span><\/span><\/div>\n<div class=\"yiv1869343253MsoNormal\" style=\"text-align: justify;\">\n\t<br \/>\n\t<span style=\"color:#000000;\"><span style=\"font-family: tahoma,geneva,sans-serif;\"><span style=\"font-size: 12px;\"><span lang=\"SQ\">&nbsp;&nbsp;&nbsp; \u201cPerpjekja e vazhdueshme \u00ebsht\u00eb karakt\u00ebristik\u00eb e shEnjtor\u00ebve. Jo te gjith\u00eb shenjtor\u00ebt b\u00ebn\u00eb mrekulli, jo t\u00eb gjith\u00eb shkuan drejt martirizimit, por t\u00eb gjith\u00eb shenjtor\u00ebt luftuan, b\u00ebn p\u00ebrpjekje p\u00ebr shenjt\u00ebrimin e tyre me shum\u00eb besim dhe me shume dashuri, me shume guxim dhe burr\u00ebri, me frym\u00eb sakrifice dhe flijimi deri n\u00eb fund\u201d.<\/span><\/span><\/span><\/span><\/div>\n<div class=\"yiv1869343253MsoNormal\" style=\"text-align: justify;\">\n\t<br \/>\n\t<span style=\"color:#000000;\"><span style=\"font-family: tahoma,geneva,sans-serif;\"><span style=\"font-size: 12px;\"><span lang=\"SQ\">&nbsp;&nbsp;&nbsp; Shenjt\u00ebrimi ishte \u00e7\u00ebshtja e fundit ku u ndal Kryepiskopi<\/span><\/span><\/span><\/span><\/div>\n<div class=\"yiv1869343253MsoNormal\" style=\"text-align: justify;\">\n\t<br \/>\n\t<span style=\"color:#000000;\"><span style=\"font-family: tahoma,geneva,sans-serif;\"><span style=\"font-size: 12px;\"><span lang=\"SQ\">&nbsp;&nbsp; \u201cPer\u00ebndia nuk do nga ne q\u00eb t\u00eb jemi njer\u00ebz t\u00eb mir\u00eb. Per\u00ebndia ka v\u00ebn\u00eb nj\u00eb q\u00ebllim shume te lart\u00eb p\u00ebr ne, me nj\u00eb bukuri t\u00eb paimagjinueshme dhe r\u00ebnd\u00ebsi t\u00eb jasht\u00ebzakonshme, \u00ebsht\u00eb shenjt\u00ebrimi. Kjo \u00ebsht\u00eb fjala e kat\u00ebrt, q\u00eb m\u00eb sakt\u00eb \u00ebsht\u00eb \u201cJemi thirrur p\u00ebr t\u2019u shenjt\u00ebruar\u201d.<\/span><\/span><\/span><\/span><\/div>\n<div class=\"yiv1869343253MsoNormal\" style=\"text-align: justify;\">\n\t<br \/>\n\t<span style=\"color:#000000;\"><span style=\"font-family: tahoma,geneva,sans-serif;\"><span style=\"font-size: 12px;\"><span lang=\"SQ\">&nbsp;&nbsp;&nbsp; N\u00eb fund t\u00eb veprimtaris\u00eb, p\u00ebr t\u00eb gjith\u00eb student\u00ebt e vitit t\u00eb kat\u00ebrt u ndan\u00eb diplomat.<span>&nbsp;&nbsp;&nbsp;<\/span><\/span><\/span><\/span><\/span><\/div>\n<div class=\"yiv1869343253MsoNormal\" style=\"text-align: justify;\">\n\t<span style=\"color:#000000;\"><span style=\"font-family: tahoma,geneva,sans-serif;\"><span style=\"font-size: 12px;\"><span lang=\"SQ\"><span>&nbsp;&nbsp;&nbsp;&nbsp;&nbsp;&nbsp;&nbsp;&nbsp;&nbsp;&nbsp;&nbsp;&nbsp;&nbsp;&nbsp;&nbsp;&nbsp;&nbsp;&nbsp;&nbsp;&nbsp;&nbsp;&nbsp;&nbsp;&nbsp;&nbsp;&nbsp;&nbsp;&nbsp;&nbsp;&nbsp;&nbsp;&nbsp;&nbsp;&nbsp;&nbsp;&nbsp;&nbsp;&nbsp;&nbsp;&nbsp; <\/span><\/span><\/span><\/span><\/span><\/div>\n<div class=\"yiv1869343253MsoNormal\" style=\"text-align: justify;\">\n\t<span style=\"color:#000000;\"><span style=\"font-family: tahoma,geneva,sans-serif;\"><span style=\"font-size: 12px;\"><span lang=\"SQ\"><span>&nbsp;&nbsp;&nbsp;&nbsp;&nbsp;&nbsp;&nbsp;&nbsp;&nbsp;&nbsp;&nbsp;&nbsp;&nbsp;&nbsp;&nbsp;&nbsp;&nbsp;&nbsp;&nbsp;&nbsp;&nbsp;&nbsp;&nbsp;&nbsp;&nbsp;&nbsp;&nbsp;&nbsp;&nbsp;&nbsp;&nbsp;&nbsp;&nbsp;&nbsp;&nbsp;&nbsp;&nbsp;&nbsp;&nbsp;&nbsp;&nbsp;&nbsp;&nbsp;&nbsp;&nbsp;&nbsp;&nbsp;&nbsp;&nbsp;&nbsp;&nbsp;&nbsp;&nbsp;&nbsp;&nbsp;&nbsp;&nbsp;&nbsp;&nbsp;&nbsp;&nbsp;&nbsp;&nbsp;&nbsp;&nbsp;&nbsp;&nbsp;&nbsp;&nbsp;&nbsp;&nbsp;&nbsp;&nbsp;&nbsp;&nbsp;&nbsp;&nbsp;&nbsp;&nbsp;&nbsp;&nbsp;&nbsp;&nbsp; <\/span><strong><span>&nbsp;&nbsp;&nbsp;&nbsp;&nbsp;&nbsp;&nbsp;&nbsp;&nbsp;&nbsp;&nbsp; <\/span><\/strong><\/span><\/span><\/span><\/span><\/div>\n<div class=\"yiv1869343253MsoNormal\" style=\"text-align: right;\">\n\t<span style=\"color:#000000;\"><span style=\"font-family: tahoma,geneva,sans-serif;\"><span style=\"font-size: 12px;\"><strong><span lang=\"SQ\">Julia Pjetri<\/span><\/strong><\/span><\/span><\/span><\/div>\n<div class=\"yiv1869343253MsoNormal\" style=\"text-align: justify;\">\n\t&nbsp;<\/div>\n<div class=\"yiv1869343253MsoNormal\" style=\"text-align: center;\">\n\t<span style=\"color:#000000;\"><span style=\"font-family: tahoma,geneva,sans-serif;\"><span style=\"font-size: 12px;\"><span lang=\"SQ\">&nbsp;<\/span><img class=\"lazyload\" decoding=\"async\" align=\"middle\" alt=\"\" src=\"data:image\/gif;base64,R0lGODlhAQABAAAAACH5BAEKAAEALAAAAAABAAEAAAICTAEAOw==\" data-orig-src=\"https:\/\/lh3.googleusercontent.com\/-DqGH8BYsmsg\/T98fVH-H45I\/AAAAAAAAAKI\/G37zQApEguE\/s800\/fjala%20e%20Kryepeshkopit.jpg\" style=\"border-width: 1px; border-style: solid; width: 650px; height: 428px; margin: 10px;\" \/><\/span><\/span><\/span><\/div>\n<div class=\"yiv1869343253MsoNormal\" style=\"text-align: center;\">\n\t<span style=\"color:#000000;\"><span style=\"font-family: tahoma,geneva,sans-serif;\"><span style=\"font-size: 12px;\"><img class=\"lazyload\" decoding=\"async\" align=\"middle\" alt=\"\" src=\"data:image\/gif;base64,R0lGODlhAQABAAAAACH5BAEKAAEALAAAAAABAAEAAAICTAEAOw==\" data-orig-src=\"https:\/\/lh5.googleusercontent.com\/-woI7xpmYQag\/T98fW3zOK5I\/AAAAAAAAAKU\/tI-6B-6nN2o\/s912\/hiresi%20Nikolla%20para%20studenteve.jpg\" style=\"border-width: 1px; border-style: solid; width: 650px; height: 400px; margin: 10px;\" \/><\/span><\/span><\/span><\/div>\n<div class=\"yiv1869343253MsoNormal\" style=\"text-align: center;\">\n\t<span style=\"color:#000000;\"><span style=\"font-family: tahoma,geneva,sans-serif;\"><span style=\"font-size: 12px;\"><img class=\"lazyload\" decoding=\"async\" align=\"middle\" alt=\"\" src=\"data:image\/gif;base64,R0lGODlhAQABAAAAACH5BAEKAAEALAAAAAABAAEAAAICTAEAOw==\" data-orig-src=\"https:\/\/lh3.googleusercontent.com\/-CDZiqVzmAMA\/T98fXXyK7tI\/AAAAAAAAAKc\/xR5UVjDs_Tw\/s576\/ndarja%20e%20diplomave.jpg\" style=\"border-width: 1px; border-style: solid; width: 400px; height: 658px; margin: 10px;\" \/><\/span><\/span><\/span><\/div>\n<div class=\"yiv1869343253MsoNormal\" style=\"text-align: center;\">\n\t<span style=\"color:#000000;\"><span style=\"font-family: tahoma,geneva,sans-serif;\"><span style=\"font-size: 12px;\"><img class=\"lazyload\" decoding=\"async\" align=\"middle\" alt=\"\" src=\"data:image\/gif;base64,R0lGODlhAQABAAAAACH5BAEKAAEALAAAAAABAAEAAAICTAEAOw==\" data-orig-src=\"https:\/\/lh4.googleusercontent.com\/-youoQBeCE8k\/T98fYNuE7MI\/AAAAAAAAAKk\/Hfb8yP2wHEg\/s800\/studentet%20e%20sapodiplomuar%20me%20diplomat%20ne%20duar.jpg\" style=\"border-width: 1px; border-style: solid; width: 650px; height: 443px; margin: 10px;\" \/><\/span><\/span><\/span><\/div>\n","protected":false},"excerpt":{"rendered":"<p>&nbsp; &nbsp; Klerik\u00eb, pedagog\u00eb dhe student\u00eb, meshuan s\u00eb bashku ne kish\u00ebn e Manastirit t\u00eb sh\u00ebn Vlashit p\u00ebr her\u00eb t\u00eb fundit p\u00ebr vitin akademik 2011-2012. Data 12 qershor ishte dita e diplomimit t\u00eb student\u00ebve t\u00eb vitit t\u00eb kat\u00ebrt dhe si\u00e7 \u00ebsht\u00eb b\u00ebr\u00eb tradit\u00eb, pas Liturgjise Hyjnore, organizohet nj\u00eb fest\u00eb n\u00eb sall\u00ebn \u201cSion\u201d t\u00eb Manastirit. &nbsp; &nbsp; P\u00ebr t\u00eb nderuar k\u00ebt\u00eb fest\u00eb, kishin ardhur: Kryepiskopi i Anastas,<\/p>\n","protected":false},"author":1,"featured_media":0,"comment_status":"open","ping_status":"open","sticky":false,"template":"","format":"standard","meta":{"_acf_changed":false,"pagelayer_contact_templates":[],"_pagelayer_content":"","inline_featured_image":false,"fifu_image_url":"","fifu_image_alt":"","footnotes":""},"categories":[108],"tags":[142,169,168,196,201,212],"class_list":["post-419","post","type-post","status-publish","format-standard","hentry","category-lajme","tag-142","tag-akademia-teologjike","tag-diplomime","tag-tirane","tag-kryepiskopi-anastas","tag-lajme-d27"],"acf":[],"yoast_head":"<!-- This site is optimized with the Yoast SEO plugin v27.2 - https:\/\/yoast.com\/product\/yoast-seo-wordpress\/ -->\n<title>Dit\u00eb diplomimi n\u00eb Akademin\u00eb Theologjike \u201cNgjallja e Krishtit\u201d. (12 Qershor 2012) - Kisha Orthodh\u03bfkse Autoqefale e Shqip\u00ebris\u00eb<\/title>\n<meta name=\"robots\" content=\"index, follow, max-snippet:-1, max-image-preview:large, max-video-preview:-1\" \/>\n<link rel=\"canonical\" href=\"https:\/\/orthodoxalbania.org\/2020\/2013\/03\/21\/dite-diplomimi-ne-akademine-theologjike-ngjallja-e-krishtit\/\" \/>\n<meta property=\"og:locale\" content=\"en_US\" \/>\n<meta property=\"og:type\" content=\"article\" \/>\n<meta property=\"og:title\" content=\"Dit\u00eb diplomimi n\u00eb Akademin\u00eb Theologjike \u201cNgjallja e Krishtit\u201d. (12 Qershor 2012) - Kisha Orthodh\u03bfkse Autoqefale e Shqip\u00ebris\u00eb\" \/>\n<meta property=\"og:description\" content=\"&nbsp; &nbsp; Klerik\u00eb, pedagog\u00eb dhe student\u00eb, meshuan s\u00eb bashku ne kish\u00ebn e Manastirit t\u00eb sh\u00ebn Vlashit p\u00ebr her\u00eb t\u00eb fundit p\u00ebr vitin akademik 2011-2012. Data 12 qershor ishte dita e diplomimit t\u00eb student\u00ebve t\u00eb vitit t\u00eb kat\u00ebrt dhe si\u00e7 \u00ebsht\u00eb b\u00ebr\u00eb tradit\u00eb, pas Liturgjise Hyjnore, organizohet nj\u00eb fest\u00eb n\u00eb sall\u00ebn \u201cSion\u201d t\u00eb Manastirit. &nbsp; &nbsp; P\u00ebr t\u00eb nderuar k\u00ebt\u00eb fest\u00eb, kishin ardhur: Kryepiskopi i Anastas,\" \/>\n<meta property=\"og:url\" content=\"https:\/\/orthodoxalbania.org\/2020\/2013\/03\/21\/dite-diplomimi-ne-akademine-theologjike-ngjallja-e-krishtit\/\" \/>\n<meta property=\"og:site_name\" content=\"Kisha Orthodh\u03bfkse Autoqefale e Shqip\u00ebris\u00eb\" \/>\n<meta property=\"article:publisher\" content=\"https:\/\/www.facebook.com\/koash1991\" \/>\n<meta property=\"article:published_time\" content=\"2013-03-21T12:00:20+00:00\" \/>\n<meta property=\"article:modified_time\" content=\"2020-04-06T20:06:03+00:00\" \/>\n<meta property=\"og:image\" content=\"https:\/\/lh3.googleusercontent.com\/-XYg3D71LzVA\/T98fVwPEO9I\/AAAAAAAAAKQ\/oMmnxQhP8ew\/s800\/foto%20pjesemarresit.jpg\" \/>\n<meta name=\"author\" content=\"Kisha Orthodhokse\" \/>\n<meta name=\"twitter:card\" content=\"summary_large_image\" \/>\n<meta name=\"twitter:label1\" content=\"Written by\" \/>\n\t<meta name=\"twitter:data1\" content=\"Kisha Orthodhokse\" \/>\n\t<meta name=\"twitter:label2\" content=\"Est. reading time\" \/>\n\t<meta name=\"twitter:data2\" content=\"4 minutes\" \/>\n<script type=\"application\/ld+json\" class=\"yoast-schema-graph\">{\"@context\":\"https:\/\/schema.org\",\"@graph\":[{\"@type\":\"Article\",\"@id\":\"https:\/\/orthodoxalbania.org\/2020\/2013\/03\/21\/dite-diplomimi-ne-akademine-theologjike-ngjallja-e-krishtit\/#article\",\"isPartOf\":{\"@id\":\"https:\/\/orthodoxalbania.org\/2020\/2013\/03\/21\/dite-diplomimi-ne-akademine-theologjike-ngjallja-e-krishtit\/\"},\"author\":{\"name\":\"Kisha Orthodhokse\",\"@id\":\"https:\/\/orthodoxalbania.org\/2020\/#\/schema\/person\/0c387634a7063ac612d7ed9ce71c7e86\"},\"headline\":\"Dit\u00eb diplomimi n\u00eb Akademin\u00eb Theologjike \u201cNgjallja e Krishtit\u201d. (12 Qershor 2012)\",\"datePublished\":\"2013-03-21T12:00:20+00:00\",\"dateModified\":\"2020-04-06T20:06:03+00:00\",\"mainEntityOfPage\":{\"@id\":\"https:\/\/orthodoxalbania.org\/2020\/2013\/03\/21\/dite-diplomimi-ne-akademine-theologjike-ngjallja-e-krishtit\/\"},\"wordCount\":772,\"commentCount\":0,\"publisher\":{\"@id\":\"https:\/\/orthodoxalbania.org\/2020\/#organization\"},\"image\":{\"@id\":\"https:\/\/orthodoxalbania.org\/2020\/2013\/03\/21\/dite-diplomimi-ne-akademine-theologjike-ngjallja-e-krishtit\/#primaryimage\"},\"thumbnailUrl\":\"https:\/\/lh3.googleusercontent.com\/-XYg3D71LzVA\/T98fVwPEO9I\/AAAAAAAAAKQ\/oMmnxQhP8ew\/s800\/foto%20pjesemarresit.jpg\",\"keywords\":[\"2012\",\"Akademia Teologjike\",\"Diplomime\",\"Kryepiskopata Tiran\u00eb\",\"Kryepiskopi Anastas\",\"lajme\"],\"articleSection\":[\"Lajme\"],\"inLanguage\":\"en-US\"},{\"@type\":\"WebPage\",\"@id\":\"https:\/\/orthodoxalbania.org\/2020\/2013\/03\/21\/dite-diplomimi-ne-akademine-theologjike-ngjallja-e-krishtit\/\",\"url\":\"https:\/\/orthodoxalbania.org\/2020\/2013\/03\/21\/dite-diplomimi-ne-akademine-theologjike-ngjallja-e-krishtit\/\",\"name\":\"Dit\u00eb diplomimi n\u00eb Akademin\u00eb Theologjike \u201cNgjallja e Krishtit\u201d. (12 Qershor 2012) - Kisha Orthodh\u03bfkse Autoqefale e Shqip\u00ebris\u00eb\",\"isPartOf\":{\"@id\":\"https:\/\/orthodoxalbania.org\/2020\/#website\"},\"primaryImageOfPage\":{\"@id\":\"https:\/\/orthodoxalbania.org\/2020\/2013\/03\/21\/dite-diplomimi-ne-akademine-theologjike-ngjallja-e-krishtit\/#primaryimage\"},\"image\":{\"@id\":\"https:\/\/orthodoxalbania.org\/2020\/2013\/03\/21\/dite-diplomimi-ne-akademine-theologjike-ngjallja-e-krishtit\/#primaryimage\"},\"thumbnailUrl\":\"https:\/\/lh3.googleusercontent.com\/-XYg3D71LzVA\/T98fVwPEO9I\/AAAAAAAAAKQ\/oMmnxQhP8ew\/s800\/foto%20pjesemarresit.jpg\",\"datePublished\":\"2013-03-21T12:00:20+00:00\",\"dateModified\":\"2020-04-06T20:06:03+00:00\",\"breadcrumb\":{\"@id\":\"https:\/\/orthodoxalbania.org\/2020\/2013\/03\/21\/dite-diplomimi-ne-akademine-theologjike-ngjallja-e-krishtit\/#breadcrumb\"},\"inLanguage\":\"en-US\",\"potentialAction\":[{\"@type\":\"ReadAction\",\"target\":[\"https:\/\/orthodoxalbania.org\/2020\/2013\/03\/21\/dite-diplomimi-ne-akademine-theologjike-ngjallja-e-krishtit\/\"]}]},{\"@type\":\"ImageObject\",\"inLanguage\":\"en-US\",\"@id\":\"https:\/\/orthodoxalbania.org\/2020\/2013\/03\/21\/dite-diplomimi-ne-akademine-theologjike-ngjallja-e-krishtit\/#primaryimage\",\"url\":\"https:\/\/lh3.googleusercontent.com\/-XYg3D71LzVA\/T98fVwPEO9I\/AAAAAAAAAKQ\/oMmnxQhP8ew\/s800\/foto%20pjesemarresit.jpg\",\"contentUrl\":\"https:\/\/lh3.googleusercontent.com\/-XYg3D71LzVA\/T98fVwPEO9I\/AAAAAAAAAKQ\/oMmnxQhP8ew\/s800\/foto%20pjesemarresit.jpg\"},{\"@type\":\"BreadcrumbList\",\"@id\":\"https:\/\/orthodoxalbania.org\/2020\/2013\/03\/21\/dite-diplomimi-ne-akademine-theologjike-ngjallja-e-krishtit\/#breadcrumb\",\"itemListElement\":[{\"@type\":\"ListItem\",\"position\":1,\"name\":\"Home\",\"item\":\"https:\/\/orthodoxalbania.org\/2020\/\"},{\"@type\":\"ListItem\",\"position\":2,\"name\":\"Dit\u00eb diplomimi n\u00eb Akademin\u00eb Theologjike \u201cNgjallja e Krishtit\u201d. (12 Qershor 2012)\"}]},{\"@type\":\"WebSite\",\"@id\":\"https:\/\/orthodoxalbania.org\/2020\/#website\",\"url\":\"https:\/\/orthodoxalbania.org\/2020\/\",\"name\":\"Kisha Orthodh\u03bfkse Autoqefale e Shqip\u00ebris\u00eb\",\"description\":\"Fqja Zyrtare e Kish\u00ebs Orthodhokse Autoqefale e Shqip\u00ebris\u00eb me lajmet edhe informacionet zyrtare p\u00ebr struktur\u00ebn edhe veprimtarin e saj.\",\"publisher\":{\"@id\":\"https:\/\/orthodoxalbania.org\/2020\/#organization\"},\"potentialAction\":[{\"@type\":\"SearchAction\",\"target\":{\"@type\":\"EntryPoint\",\"urlTemplate\":\"https:\/\/orthodoxalbania.org\/2020\/?s={search_term_string}\"},\"query-input\":{\"@type\":\"PropertyValueSpecification\",\"valueRequired\":true,\"valueName\":\"search_term_string\"}}],\"inLanguage\":\"en-US\"},{\"@type\":\"Organization\",\"@id\":\"https:\/\/orthodoxalbania.org\/2020\/#organization\",\"name\":\"Kisha Orthodhokse Autoqefale e Shqip\u00ebris\u00eb\",\"url\":\"https:\/\/orthodoxalbania.org\/2020\/\",\"logo\":{\"@type\":\"ImageObject\",\"inLanguage\":\"en-US\",\"@id\":\"https:\/\/orthodoxalbania.org\/2020\/#\/schema\/logo\/image\/\",\"url\":\"https:\/\/orthodoxalbania.org\/2020\/wp-content\/uploads\/2020\/05\/albania.jpeg\",\"contentUrl\":\"https:\/\/orthodoxalbania.org\/2020\/wp-content\/uploads\/2020\/05\/albania.jpeg\",\"width\":540,\"height\":540,\"caption\":\"Kisha Orthodhokse Autoqefale e Shqip\u00ebris\u00eb\"},\"image\":{\"@id\":\"https:\/\/orthodoxalbania.org\/2020\/#\/schema\/logo\/image\/\"},\"sameAs\":[\"https:\/\/www.facebook.com\/koash1991\"]},{\"@type\":\"Person\",\"@id\":\"https:\/\/orthodoxalbania.org\/2020\/#\/schema\/person\/0c387634a7063ac612d7ed9ce71c7e86\",\"name\":\"Kisha Orthodhokse\",\"image\":{\"@type\":\"ImageObject\",\"inLanguage\":\"en-US\",\"@id\":\"https:\/\/secure.gravatar.com\/avatar\/596e7c417251e30f2fbb9c00e026fce61a695a00e51c889caded71c96cbbdde5?s=96&d=mm&r=g\",\"url\":\"https:\/\/secure.gravatar.com\/avatar\/596e7c417251e30f2fbb9c00e026fce61a695a00e51c889caded71c96cbbdde5?s=96&d=mm&r=g\",\"contentUrl\":\"https:\/\/secure.gravatar.com\/avatar\/596e7c417251e30f2fbb9c00e026fce61a695a00e51c889caded71c96cbbdde5?s=96&d=mm&r=g\",\"caption\":\"Kisha Orthodhokse\"}}]}<\/script>\n<!-- \/ Yoast SEO plugin. -->","yoast_head_json":{"title":"Dit\u00eb diplomimi n\u00eb Akademin\u00eb Theologjike \u201cNgjallja e Krishtit\u201d. (12 Qershor 2012) - Kisha Orthodh\u03bfkse Autoqefale e Shqip\u00ebris\u00eb","robots":{"index":"index","follow":"follow","max-snippet":"max-snippet:-1","max-image-preview":"max-image-preview:large","max-video-preview":"max-video-preview:-1"},"canonical":"https:\/\/orthodoxalbania.org\/2020\/2013\/03\/21\/dite-diplomimi-ne-akademine-theologjike-ngjallja-e-krishtit\/","og_locale":"en_US","og_type":"article","og_title":"Dit\u00eb diplomimi n\u00eb Akademin\u00eb Theologjike \u201cNgjallja e Krishtit\u201d. (12 Qershor 2012) - Kisha Orthodh\u03bfkse Autoqefale e Shqip\u00ebris\u00eb","og_description":"&nbsp; &nbsp; Klerik\u00eb, pedagog\u00eb dhe student\u00eb, meshuan s\u00eb bashku ne kish\u00ebn e Manastirit t\u00eb sh\u00ebn Vlashit p\u00ebr her\u00eb t\u00eb fundit p\u00ebr vitin akademik 2011-2012. Data 12 qershor ishte dita e diplomimit t\u00eb student\u00ebve t\u00eb vitit t\u00eb kat\u00ebrt dhe si\u00e7 \u00ebsht\u00eb b\u00ebr\u00eb tradit\u00eb, pas Liturgjise Hyjnore, organizohet nj\u00eb fest\u00eb n\u00eb sall\u00ebn \u201cSion\u201d t\u00eb Manastirit. &nbsp; &nbsp; P\u00ebr t\u00eb nderuar k\u00ebt\u00eb fest\u00eb, kishin ardhur: Kryepiskopi i Anastas,","og_url":"https:\/\/orthodoxalbania.org\/2020\/2013\/03\/21\/dite-diplomimi-ne-akademine-theologjike-ngjallja-e-krishtit\/","og_site_name":"Kisha Orthodh\u03bfkse Autoqefale e Shqip\u00ebris\u00eb","article_publisher":"https:\/\/www.facebook.com\/koash1991","article_published_time":"2013-03-21T12:00:20+00:00","article_modified_time":"2020-04-06T20:06:03+00:00","og_image":[{"url":"https:\/\/lh3.googleusercontent.com\/-XYg3D71LzVA\/T98fVwPEO9I\/AAAAAAAAAKQ\/oMmnxQhP8ew\/s800\/foto%20pjesemarresit.jpg","type":"","width":"","height":""}],"author":"Kisha Orthodhokse","twitter_card":"summary_large_image","twitter_misc":{"Written by":"Kisha Orthodhokse","Est. reading time":"4 minutes"},"schema":{"@context":"https:\/\/schema.org","@graph":[{"@type":"Article","@id":"https:\/\/orthodoxalbania.org\/2020\/2013\/03\/21\/dite-diplomimi-ne-akademine-theologjike-ngjallja-e-krishtit\/#article","isPartOf":{"@id":"https:\/\/orthodoxalbania.org\/2020\/2013\/03\/21\/dite-diplomimi-ne-akademine-theologjike-ngjallja-e-krishtit\/"},"author":{"name":"Kisha Orthodhokse","@id":"https:\/\/orthodoxalbania.org\/2020\/#\/schema\/person\/0c387634a7063ac612d7ed9ce71c7e86"},"headline":"Dit\u00eb diplomimi n\u00eb Akademin\u00eb Theologjike \u201cNgjallja e Krishtit\u201d. (12 Qershor 2012)","datePublished":"2013-03-21T12:00:20+00:00","dateModified":"2020-04-06T20:06:03+00:00","mainEntityOfPage":{"@id":"https:\/\/orthodoxalbania.org\/2020\/2013\/03\/21\/dite-diplomimi-ne-akademine-theologjike-ngjallja-e-krishtit\/"},"wordCount":772,"commentCount":0,"publisher":{"@id":"https:\/\/orthodoxalbania.org\/2020\/#organization"},"image":{"@id":"https:\/\/orthodoxalbania.org\/2020\/2013\/03\/21\/dite-diplomimi-ne-akademine-theologjike-ngjallja-e-krishtit\/#primaryimage"},"thumbnailUrl":"https:\/\/lh3.googleusercontent.com\/-XYg3D71LzVA\/T98fVwPEO9I\/AAAAAAAAAKQ\/oMmnxQhP8ew\/s800\/foto%20pjesemarresit.jpg","keywords":["2012","Akademia Teologjike","Diplomime","Kryepiskopata Tiran\u00eb","Kryepiskopi Anastas","lajme"],"articleSection":["Lajme"],"inLanguage":"en-US"},{"@type":"WebPage","@id":"https:\/\/orthodoxalbania.org\/2020\/2013\/03\/21\/dite-diplomimi-ne-akademine-theologjike-ngjallja-e-krishtit\/","url":"https:\/\/orthodoxalbania.org\/2020\/2013\/03\/21\/dite-diplomimi-ne-akademine-theologjike-ngjallja-e-krishtit\/","name":"Dit\u00eb diplomimi n\u00eb Akademin\u00eb Theologjike \u201cNgjallja e Krishtit\u201d. (12 Qershor 2012) - Kisha Orthodh\u03bfkse Autoqefale e Shqip\u00ebris\u00eb","isPartOf":{"@id":"https:\/\/orthodoxalbania.org\/2020\/#website"},"primaryImageOfPage":{"@id":"https:\/\/orthodoxalbania.org\/2020\/2013\/03\/21\/dite-diplomimi-ne-akademine-theologjike-ngjallja-e-krishtit\/#primaryimage"},"image":{"@id":"https:\/\/orthodoxalbania.org\/2020\/2013\/03\/21\/dite-diplomimi-ne-akademine-theologjike-ngjallja-e-krishtit\/#primaryimage"},"thumbnailUrl":"https:\/\/lh3.googleusercontent.com\/-XYg3D71LzVA\/T98fVwPEO9I\/AAAAAAAAAKQ\/oMmnxQhP8ew\/s800\/foto%20pjesemarresit.jpg","datePublished":"2013-03-21T12:00:20+00:00","dateModified":"2020-04-06T20:06:03+00:00","breadcrumb":{"@id":"https:\/\/orthodoxalbania.org\/2020\/2013\/03\/21\/dite-diplomimi-ne-akademine-theologjike-ngjallja-e-krishtit\/#breadcrumb"},"inLanguage":"en-US","potentialAction":[{"@type":"ReadAction","target":["https:\/\/orthodoxalbania.org\/2020\/2013\/03\/21\/dite-diplomimi-ne-akademine-theologjike-ngjallja-e-krishtit\/"]}]},{"@type":"ImageObject","inLanguage":"en-US","@id":"https:\/\/orthodoxalbania.org\/2020\/2013\/03\/21\/dite-diplomimi-ne-akademine-theologjike-ngjallja-e-krishtit\/#primaryimage","url":"https:\/\/lh3.googleusercontent.com\/-XYg3D71LzVA\/T98fVwPEO9I\/AAAAAAAAAKQ\/oMmnxQhP8ew\/s800\/foto%20pjesemarresit.jpg","contentUrl":"https:\/\/lh3.googleusercontent.com\/-XYg3D71LzVA\/T98fVwPEO9I\/AAAAAAAAAKQ\/oMmnxQhP8ew\/s800\/foto%20pjesemarresit.jpg"},{"@type":"BreadcrumbList","@id":"https:\/\/orthodoxalbania.org\/2020\/2013\/03\/21\/dite-diplomimi-ne-akademine-theologjike-ngjallja-e-krishtit\/#breadcrumb","itemListElement":[{"@type":"ListItem","position":1,"name":"Home","item":"https:\/\/orthodoxalbania.org\/2020\/"},{"@type":"ListItem","position":2,"name":"Dit\u00eb diplomimi n\u00eb Akademin\u00eb Theologjike \u201cNgjallja e Krishtit\u201d. (12 Qershor 2012)"}]},{"@type":"WebSite","@id":"https:\/\/orthodoxalbania.org\/2020\/#website","url":"https:\/\/orthodoxalbania.org\/2020\/","name":"Kisha Orthodh\u03bfkse Autoqefale e Shqip\u00ebris\u00eb","description":"Fqja Zyrtare e Kish\u00ebs Orthodhokse Autoqefale e Shqip\u00ebris\u00eb me lajmet edhe informacionet zyrtare p\u00ebr struktur\u00ebn edhe veprimtarin e saj.","publisher":{"@id":"https:\/\/orthodoxalbania.org\/2020\/#organization"},"potentialAction":[{"@type":"SearchAction","target":{"@type":"EntryPoint","urlTemplate":"https:\/\/orthodoxalbania.org\/2020\/?s={search_term_string}"},"query-input":{"@type":"PropertyValueSpecification","valueRequired":true,"valueName":"search_term_string"}}],"inLanguage":"en-US"},{"@type":"Organization","@id":"https:\/\/orthodoxalbania.org\/2020\/#organization","name":"Kisha Orthodhokse Autoqefale e Shqip\u00ebris\u00eb","url":"https:\/\/orthodoxalbania.org\/2020\/","logo":{"@type":"ImageObject","inLanguage":"en-US","@id":"https:\/\/orthodoxalbania.org\/2020\/#\/schema\/logo\/image\/","url":"https:\/\/orthodoxalbania.org\/2020\/wp-content\/uploads\/2020\/05\/albania.jpeg","contentUrl":"https:\/\/orthodoxalbania.org\/2020\/wp-content\/uploads\/2020\/05\/albania.jpeg","width":540,"height":540,"caption":"Kisha Orthodhokse Autoqefale e Shqip\u00ebris\u00eb"},"image":{"@id":"https:\/\/orthodoxalbania.org\/2020\/#\/schema\/logo\/image\/"},"sameAs":["https:\/\/www.facebook.com\/koash1991"]},{"@type":"Person","@id":"https:\/\/orthodoxalbania.org\/2020\/#\/schema\/person\/0c387634a7063ac612d7ed9ce71c7e86","name":"Kisha Orthodhokse","image":{"@type":"ImageObject","inLanguage":"en-US","@id":"https:\/\/secure.gravatar.com\/avatar\/596e7c417251e30f2fbb9c00e026fce61a695a00e51c889caded71c96cbbdde5?s=96&d=mm&r=g","url":"https:\/\/secure.gravatar.com\/avatar\/596e7c417251e30f2fbb9c00e026fce61a695a00e51c889caded71c96cbbdde5?s=96&d=mm&r=g","contentUrl":"https:\/\/secure.gravatar.com\/avatar\/596e7c417251e30f2fbb9c00e026fce61a695a00e51c889caded71c96cbbdde5?s=96&d=mm&r=g","caption":"Kisha Orthodhokse"}}]}},"_links":{"self":[{"href":"https:\/\/orthodoxalbania.org\/2020\/wp-json\/wp\/v2\/posts\/419","targetHints":{"allow":["GET"]}}],"collection":[{"href":"https:\/\/orthodoxalbania.org\/2020\/wp-json\/wp\/v2\/posts"}],"about":[{"href":"https:\/\/orthodoxalbania.org\/2020\/wp-json\/wp\/v2\/types\/post"}],"author":[{"embeddable":true,"href":"https:\/\/orthodoxalbania.org\/2020\/wp-json\/wp\/v2\/users\/1"}],"replies":[{"embeddable":true,"href":"https:\/\/orthodoxalbania.org\/2020\/wp-json\/wp\/v2\/comments?post=419"}],"version-history":[{"count":1,"href":"https:\/\/orthodoxalbania.org\/2020\/wp-json\/wp\/v2\/posts\/419\/revisions"}],"predecessor-version":[{"id":15315,"href":"https:\/\/orthodoxalbania.org\/2020\/wp-json\/wp\/v2\/posts\/419\/revisions\/15315"}],"wp:attachment":[{"href":"https:\/\/orthodoxalbania.org\/2020\/wp-json\/wp\/v2\/media?parent=419"}],"wp:term":[{"taxonomy":"category","embeddable":true,"href":"https:\/\/orthodoxalbania.org\/2020\/wp-json\/wp\/v2\/categories?post=419"},{"taxonomy":"post_tag","embeddable":true,"href":"https:\/\/orthodoxalbania.org\/2020\/wp-json\/wp\/v2\/tags?post=419"}],"curies":[{"name":"wp","href":"https:\/\/api.w.org\/{rel}","templated":true}]}}