{"id":4187,"date":"2015-09-26T08:01:18","date_gmt":"2015-09-26T08:01:18","guid":{"rendered":""},"modified":"2020-04-06T22:02:06","modified_gmt":"2020-04-06T20:02:06","slug":"doli-ne-qarkullim-gazeta-ngjallja-e-muajit-shtator-2015","status":"publish","type":"post","link":"https:\/\/orthodoxalbania.org\/2020\/2015\/09\/26\/doli-ne-qarkullim-gazeta-ngjallja-e-muajit-shtator-2015\/","title":{"rendered":"Doli n\u00eb qarkullim gazeta &#8220;Ngjallja&#8221; e muajit Shtator 2015"},"content":{"rendered":"<p style=\"text-align: center;\"><strong><span style=\"font-size: 12pt; font-family: helvetica; color: #800000;\">Doli n\u00eb qarkullim gazeta &#8220;Ngjallja&#8221; e muajit Shtator 2015<\/span><\/strong><\/p>\n<p style=\"text-align: center;\"><strong><span style=\"font-size: 12pt; font-family: helvetica; color: #800000;\">N\u00eb k\u00ebt\u00eb num\u00ebr do t\u00eb lexoni:<\/span><\/strong><\/p>\n<p style=\"text-align: justify;\">&nbsp;<\/p>\n<p style=\"text-align: justify;\">&nbsp;<\/p>\n<p style=\"text-align: justify;\"><span style=\"font-size: 12pt; font-family: helvetica; color: #000000;\">&#8211; U zhvillua Takimi Nd\u00ebrkomb\u00ebtar Nd\u00ebrfetar &#8211; \u201cPaqja \u00ebsht\u00eb gjithmon\u00eb e mundshme\u201d<\/span><\/p>\n<p style=\"text-align: justify;\"><span style=\"font-size: 12pt; font-family: helvetica; color: #000000;\">&#8211; \u00c7do dhun\u00eb n\u00eb em\u00ebr t\u00eb fes\u00eb dhunon esenc\u00ebn e fes\u00eb &#8211; nga Anastasi, Kryepiskop i Tiran\u00ebs, Durr\u00ebsit dhe i Gjith\u00eb Shqip\u00ebris\u00eb<\/span><\/p>\n<p style=\"text-align: justify;\"><span style=\"font-size: 12pt; font-family: helvetica; color: #000000;\">&#8211; U shkat\u00ebrrua kisha orthodhokse e Sh\u00ebn Athanasit &#8211; nga Zyra e Shtypit e Kish\u00ebs Orthodhokse Autoqefale t\u00eb Shqip\u00ebris\u00eb<\/span><\/p>\n<p style=\"text-align: justify;\"><span style=\"font-size: 12pt; font-family: helvetica; color: #000000;\">&#8211; N\u00ebse ne shpresojm\u00eb q\u00eb t\u00eb shikojm\u00eb paqe dhe pajtim&#8230; at\u00ebher\u00eb kjo shpres\u00eb duhet t\u00eb ekzistoj\u00eb fillimisht dhe mbi t\u00eb gjitha midis feve t\u00eb bot\u00ebs son\u00eb &#8211;&nbsp;P\u00ebrsh\u00ebndetja e T\u00ebr\u00ebshenjt\u00ebris\u00eb s\u00eb Tij, Patriarkut Ekumenik, Vartholomeu I, me rastin e zhvillimit t\u00eb Takimit Nd\u00ebrkomb\u00ebtar Nd\u00ebrfetar &#8211; \u201cPaqja \u00ebsht\u00eb gjithmon\u00eb e mundshme\u201d<\/span><\/p>\n<p style=\"text-align: justify;\"><span style=\"font-size: 12pt; font-family: helvetica; color: #000000;\">&#8211; E kund\u00ebrta e paqes nuk \u00ebsht\u00eb lufta, por egocentrizmi &#8211; nga Prof. Dr. Anastasi, Kryepiskop i Tiran\u00ebs, Durr\u00ebsit dhe i Gjith\u00eb Shqip\u00ebris\u00eb, An\u00ebtar Nderi i Akademis\u00eb s\u00eb Athin\u00ebs<\/span><\/p>\n<p style=\"text-align: justify;\"><span style=\"font-size: 12pt; font-family: helvetica; color: #000000;\">&#8211; Rumani &#8211; T\u00eb rinjt\u00eb e krishter\u00eb s\u00eb bashku p\u00ebr t\u00eb ardhmen e Evrop\u00ebs &#8211; nga&nbsp;Ingrida Bida,&nbsp;Adion Gjoni<\/span><\/p>\n<p style=\"text-align: justify;\"><span style=\"font-size: 12pt; font-family: helvetica; color: #000000;\">&#8211; Kisha e Dh\u00ebrmiut, jasht\u00eb list\u00ebs s\u00eb monumenteve m\u00eb 1967 &#8211; nga Sokol \u00c7UNGA<\/span><\/p>\n<p style=\"text-align: justify;\"><span style=\"font-size: 12pt; font-family: helvetica; color: #000000;\">&#8211; Filloi viti i ri m\u00ebsimor 2015 &#8211; 2016 n\u00eb shkollat e Kish\u00ebs &#8211; nga Niko Zharkalli<\/span><\/p>\n<p style=\"text-align: justify;\"><span style=\"font-size: 12pt; font-family: helvetica; color: #000000;\">&#8211; Tjet\u00ebr Protest\u00eb Publike &#8211; P\u00ebr shkat\u00ebrrimin e kish\u00ebs s\u00eb Sh\u00ebn Athanasit n\u00eb Dh\u00ebrmi &#8211; nga Kryepiskopata e Hirshme, 10 shtator 2015<\/span><\/p>\n<p style=\"text-align: justify;\">&nbsp;<\/p>\n<p style=\"text-align: center;\"><img class=\"lazyload\" decoding=\"async\" style=\"display: block; margin: 10px auto; border: 1px solid #000000;\" alt=\"\" src=\"data:image\/svg+xml,%3Csvg%20xmlns%3D%27http%3A%2F%2Fwww.w3.org%2F2000%2Fsvg%27%20width%3D%27450%27%20height%3D%27593%27%20viewBox%3D%270%200%20450%20593%27%3E%3Crect%20width%3D%27450%27%20height%3D%27593%27%20fill-opacity%3D%220%22%2F%3E%3C%2Fsvg%3E\" data-orig-src=\"https:\/\/lh4.googleusercontent.com\/-J0jH924NUIk\/VgZRuRNC6DI\/AAAAAAAAPv0\/06gNrUq29TU\/w455-h600-no\/gazeta+shtator+web_455x600.JPG\" height=\"593\" width=\"450\" \/><\/p>\n","protected":false},"excerpt":{"rendered":"<p>Doli n\u00eb qarkullim gazeta &#8220;Ngjallja&#8221; e muajit Shtator 2015 N\u00eb k\u00ebt\u00eb num\u00ebr do t\u00eb lexoni: &nbsp; &nbsp; &#8211; U zhvillua Takimi Nd\u00ebrkomb\u00ebtar Nd\u00ebrfetar &#8211; \u201cPaqja \u00ebsht\u00eb gjithmon\u00eb e mundshme\u201d &#8211; \u00c7do dhun\u00eb n\u00eb em\u00ebr t\u00eb fes\u00eb dhunon esenc\u00ebn e fes\u00eb &#8211; nga Anastasi, Kryepiskop i Tiran\u00ebs, Durr\u00ebsit dhe i Gjith\u00eb Shqip\u00ebris\u00eb &#8211; U shkat\u00ebrrua kisha orthodhokse e Sh\u00ebn Athanasit &#8211; nga Zyra e Shtypit e<\/p>\n","protected":false},"author":1,"featured_media":4188,"comment_status":"open","ping_status":"open","sticky":false,"template":"","format":"standard","meta":{"_acf_changed":false,"pagelayer_contact_templates":[],"_pagelayer_content":"","inline_featured_image":false,"fifu_image_url":"","fifu_image_alt":"","footnotes":""},"categories":[108],"tags":[139,161,196,212,607],"class_list":["post-4187","post","type-post","status-publish","format-standard","has-post-thumbnail","hentry","category-lajme","tag-139","tag-gazeta-ngjallja","tag-tirane","tag-lajme-d27","tag-promovimepublikime"],"acf":[],"yoast_head":"<!-- This site is optimized with the Yoast SEO plugin v27.2 - https:\/\/yoast.com\/product\/yoast-seo-wordpress\/ -->\n<title>Doli n\u00eb qarkullim gazeta &quot;Ngjallja&quot; e muajit Shtator 2015 - Kisha Orthodh\u03bfkse Autoqefale e Shqip\u00ebris\u00eb<\/title>\n<meta name=\"robots\" content=\"index, follow, max-snippet:-1, max-image-preview:large, max-video-preview:-1\" \/>\n<link rel=\"canonical\" href=\"https:\/\/orthodoxalbania.org\/2020\/2015\/09\/26\/doli-ne-qarkullim-gazeta-ngjallja-e-muajit-shtator-2015\/\" \/>\n<meta property=\"og:locale\" content=\"en_US\" \/>\n<meta property=\"og:type\" content=\"article\" \/>\n<meta property=\"og:title\" content=\"Doli n\u00eb qarkullim gazeta &quot;Ngjallja&quot; e muajit Shtator 2015 - Kisha Orthodh\u03bfkse Autoqefale e Shqip\u00ebris\u00eb\" \/>\n<meta property=\"og:description\" content=\"Doli n\u00eb qarkullim gazeta &#8220;Ngjallja&#8221; e muajit Shtator 2015 N\u00eb k\u00ebt\u00eb num\u00ebr do t\u00eb lexoni: &nbsp; &nbsp; &#8211; U zhvillua Takimi Nd\u00ebrkomb\u00ebtar Nd\u00ebrfetar &#8211; \u201cPaqja \u00ebsht\u00eb gjithmon\u00eb e mundshme\u201d &#8211; \u00c7do dhun\u00eb n\u00eb em\u00ebr t\u00eb fes\u00eb dhunon esenc\u00ebn e fes\u00eb &#8211; nga Anastasi, Kryepiskop i Tiran\u00ebs, Durr\u00ebsit dhe i Gjith\u00eb Shqip\u00ebris\u00eb &#8211; U shkat\u00ebrrua kisha orthodhokse e Sh\u00ebn Athanasit &#8211; nga Zyra e Shtypit e\" \/>\n<meta property=\"og:url\" content=\"https:\/\/orthodoxalbania.org\/2020\/2015\/09\/26\/doli-ne-qarkullim-gazeta-ngjallja-e-muajit-shtator-2015\/\" \/>\n<meta property=\"og:site_name\" content=\"Kisha Orthodh\u03bfkse Autoqefale e Shqip\u00ebris\u00eb\" \/>\n<meta property=\"article:publisher\" content=\"https:\/\/www.facebook.com\/koash1991\" \/>\n<meta property=\"article:published_time\" content=\"2015-09-26T08:01:18+00:00\" \/>\n<meta property=\"article:modified_time\" content=\"2020-04-06T20:02:06+00:00\" \/>\n<meta property=\"og:image\" content=\"https:\/\/orthodoxalbania.org\/2020\/wp-content\/uploads\/2020\/04\/gazeta%2Bshtator%2Bweb_455x600.JPG\" \/>\n\t<meta property=\"og:image:width\" content=\"150\" \/>\n\t<meta property=\"og:image:height\" content=\"150\" \/>\n\t<meta property=\"og:image:type\" content=\"image\/jpeg\" \/>\n<meta name=\"author\" content=\"Kisha Orthodhokse\" \/>\n<meta name=\"twitter:card\" content=\"summary_large_image\" \/>\n<meta name=\"twitter:label1\" content=\"Written by\" \/>\n\t<meta name=\"twitter:data1\" content=\"Kisha Orthodhokse\" \/>\n\t<meta name=\"twitter:label2\" content=\"Est. reading time\" \/>\n\t<meta name=\"twitter:data2\" content=\"1 minute\" \/>\n<script type=\"application\/ld+json\" class=\"yoast-schema-graph\">{\"@context\":\"https:\/\/schema.org\",\"@graph\":[{\"@type\":\"Article\",\"@id\":\"https:\/\/orthodoxalbania.org\/2020\/2015\/09\/26\/doli-ne-qarkullim-gazeta-ngjallja-e-muajit-shtator-2015\/#article\",\"isPartOf\":{\"@id\":\"https:\/\/orthodoxalbania.org\/2020\/2015\/09\/26\/doli-ne-qarkullim-gazeta-ngjallja-e-muajit-shtator-2015\/\"},\"author\":{\"name\":\"Kisha Orthodhokse\",\"@id\":\"https:\/\/orthodoxalbania.org\/2020\/#\/schema\/person\/0c387634a7063ac612d7ed9ce71c7e86\"},\"headline\":\"Doli n\u00eb qarkullim gazeta &#8220;Ngjallja&#8221; e muajit Shtator 2015\",\"datePublished\":\"2015-09-26T08:01:18+00:00\",\"dateModified\":\"2020-04-06T20:02:06+00:00\",\"mainEntityOfPage\":{\"@id\":\"https:\/\/orthodoxalbania.org\/2020\/2015\/09\/26\/doli-ne-qarkullim-gazeta-ngjallja-e-muajit-shtator-2015\/\"},\"wordCount\":271,\"commentCount\":0,\"publisher\":{\"@id\":\"https:\/\/orthodoxalbania.org\/2020\/#organization\"},\"image\":{\"@id\":\"https:\/\/orthodoxalbania.org\/2020\/2015\/09\/26\/doli-ne-qarkullim-gazeta-ngjallja-e-muajit-shtator-2015\/#primaryimage\"},\"thumbnailUrl\":\"https:\/\/orthodoxalbania.org\/2020\/wp-content\/uploads\/2020\/04\/gazeta%2Bshtator%2Bweb_455x600.JPG\",\"keywords\":[\"2015\",\"Gazeta \\\"Ngjallja\\\"\",\"Kryepiskopata Tiran\u00eb\",\"lajme\",\"PromovimePublikime\"],\"articleSection\":[\"Lajme\"],\"inLanguage\":\"en-US\"},{\"@type\":\"WebPage\",\"@id\":\"https:\/\/orthodoxalbania.org\/2020\/2015\/09\/26\/doli-ne-qarkullim-gazeta-ngjallja-e-muajit-shtator-2015\/\",\"url\":\"https:\/\/orthodoxalbania.org\/2020\/2015\/09\/26\/doli-ne-qarkullim-gazeta-ngjallja-e-muajit-shtator-2015\/\",\"name\":\"Doli n\u00eb qarkullim gazeta \\\"Ngjallja\\\" e muajit Shtator 2015 - Kisha Orthodh\u03bfkse Autoqefale e Shqip\u00ebris\u00eb\",\"isPartOf\":{\"@id\":\"https:\/\/orthodoxalbania.org\/2020\/#website\"},\"primaryImageOfPage\":{\"@id\":\"https:\/\/orthodoxalbania.org\/2020\/2015\/09\/26\/doli-ne-qarkullim-gazeta-ngjallja-e-muajit-shtator-2015\/#primaryimage\"},\"image\":{\"@id\":\"https:\/\/orthodoxalbania.org\/2020\/2015\/09\/26\/doli-ne-qarkullim-gazeta-ngjallja-e-muajit-shtator-2015\/#primaryimage\"},\"thumbnailUrl\":\"https:\/\/orthodoxalbania.org\/2020\/wp-content\/uploads\/2020\/04\/gazeta%2Bshtator%2Bweb_455x600.JPG\",\"datePublished\":\"2015-09-26T08:01:18+00:00\",\"dateModified\":\"2020-04-06T20:02:06+00:00\",\"breadcrumb\":{\"@id\":\"https:\/\/orthodoxalbania.org\/2020\/2015\/09\/26\/doli-ne-qarkullim-gazeta-ngjallja-e-muajit-shtator-2015\/#breadcrumb\"},\"inLanguage\":\"en-US\",\"potentialAction\":[{\"@type\":\"ReadAction\",\"target\":[\"https:\/\/orthodoxalbania.org\/2020\/2015\/09\/26\/doli-ne-qarkullim-gazeta-ngjallja-e-muajit-shtator-2015\/\"]}]},{\"@type\":\"ImageObject\",\"inLanguage\":\"en-US\",\"@id\":\"https:\/\/orthodoxalbania.org\/2020\/2015\/09\/26\/doli-ne-qarkullim-gazeta-ngjallja-e-muajit-shtator-2015\/#primaryimage\",\"url\":\"https:\/\/orthodoxalbania.org\/2020\/wp-content\/uploads\/2020\/04\/gazeta%2Bshtator%2Bweb_455x600.JPG\",\"contentUrl\":\"https:\/\/orthodoxalbania.org\/2020\/wp-content\/uploads\/2020\/04\/gazeta%2Bshtator%2Bweb_455x600.JPG\",\"width\":150,\"height\":150},{\"@type\":\"BreadcrumbList\",\"@id\":\"https:\/\/orthodoxalbania.org\/2020\/2015\/09\/26\/doli-ne-qarkullim-gazeta-ngjallja-e-muajit-shtator-2015\/#breadcrumb\",\"itemListElement\":[{\"@type\":\"ListItem\",\"position\":1,\"name\":\"Home\",\"item\":\"https:\/\/orthodoxalbania.org\/2020\/\"},{\"@type\":\"ListItem\",\"position\":2,\"name\":\"Doli n\u00eb qarkullim gazeta &#8220;Ngjallja&#8221; e muajit Shtator 2015\"}]},{\"@type\":\"WebSite\",\"@id\":\"https:\/\/orthodoxalbania.org\/2020\/#website\",\"url\":\"https:\/\/orthodoxalbania.org\/2020\/\",\"name\":\"Kisha Orthodh\u03bfkse Autoqefale e Shqip\u00ebris\u00eb\",\"description\":\"Fqja Zyrtare e Kish\u00ebs Orthodhokse Autoqefale e Shqip\u00ebris\u00eb me lajmet edhe informacionet zyrtare p\u00ebr struktur\u00ebn edhe veprimtarin e saj.\",\"publisher\":{\"@id\":\"https:\/\/orthodoxalbania.org\/2020\/#organization\"},\"potentialAction\":[{\"@type\":\"SearchAction\",\"target\":{\"@type\":\"EntryPoint\",\"urlTemplate\":\"https:\/\/orthodoxalbania.org\/2020\/?s={search_term_string}\"},\"query-input\":{\"@type\":\"PropertyValueSpecification\",\"valueRequired\":true,\"valueName\":\"search_term_string\"}}],\"inLanguage\":\"en-US\"},{\"@type\":\"Organization\",\"@id\":\"https:\/\/orthodoxalbania.org\/2020\/#organization\",\"name\":\"Kisha Orthodhokse Autoqefale e Shqip\u00ebris\u00eb\",\"url\":\"https:\/\/orthodoxalbania.org\/2020\/\",\"logo\":{\"@type\":\"ImageObject\",\"inLanguage\":\"en-US\",\"@id\":\"https:\/\/orthodoxalbania.org\/2020\/#\/schema\/logo\/image\/\",\"url\":\"https:\/\/orthodoxalbania.org\/2020\/wp-content\/uploads\/2020\/05\/albania.jpeg\",\"contentUrl\":\"https:\/\/orthodoxalbania.org\/2020\/wp-content\/uploads\/2020\/05\/albania.jpeg\",\"width\":540,\"height\":540,\"caption\":\"Kisha Orthodhokse Autoqefale e Shqip\u00ebris\u00eb\"},\"image\":{\"@id\":\"https:\/\/orthodoxalbania.org\/2020\/#\/schema\/logo\/image\/\"},\"sameAs\":[\"https:\/\/www.facebook.com\/koash1991\"]},{\"@type\":\"Person\",\"@id\":\"https:\/\/orthodoxalbania.org\/2020\/#\/schema\/person\/0c387634a7063ac612d7ed9ce71c7e86\",\"name\":\"Kisha Orthodhokse\",\"image\":{\"@type\":\"ImageObject\",\"inLanguage\":\"en-US\",\"@id\":\"https:\/\/secure.gravatar.com\/avatar\/596e7c417251e30f2fbb9c00e026fce61a695a00e51c889caded71c96cbbdde5?s=96&d=mm&r=g\",\"url\":\"https:\/\/secure.gravatar.com\/avatar\/596e7c417251e30f2fbb9c00e026fce61a695a00e51c889caded71c96cbbdde5?s=96&d=mm&r=g\",\"contentUrl\":\"https:\/\/secure.gravatar.com\/avatar\/596e7c417251e30f2fbb9c00e026fce61a695a00e51c889caded71c96cbbdde5?s=96&d=mm&r=g\",\"caption\":\"Kisha Orthodhokse\"}}]}<\/script>\n<!-- \/ Yoast SEO plugin. -->","yoast_head_json":{"title":"Doli n\u00eb qarkullim gazeta \"Ngjallja\" e muajit Shtator 2015 - Kisha Orthodh\u03bfkse Autoqefale e Shqip\u00ebris\u00eb","robots":{"index":"index","follow":"follow","max-snippet":"max-snippet:-1","max-image-preview":"max-image-preview:large","max-video-preview":"max-video-preview:-1"},"canonical":"https:\/\/orthodoxalbania.org\/2020\/2015\/09\/26\/doli-ne-qarkullim-gazeta-ngjallja-e-muajit-shtator-2015\/","og_locale":"en_US","og_type":"article","og_title":"Doli n\u00eb qarkullim gazeta \"Ngjallja\" e muajit Shtator 2015 - Kisha Orthodh\u03bfkse Autoqefale e Shqip\u00ebris\u00eb","og_description":"Doli n\u00eb qarkullim gazeta &#8220;Ngjallja&#8221; e muajit Shtator 2015 N\u00eb k\u00ebt\u00eb num\u00ebr do t\u00eb lexoni: &nbsp; &nbsp; &#8211; U zhvillua Takimi Nd\u00ebrkomb\u00ebtar Nd\u00ebrfetar &#8211; \u201cPaqja \u00ebsht\u00eb gjithmon\u00eb e mundshme\u201d &#8211; \u00c7do dhun\u00eb n\u00eb em\u00ebr t\u00eb fes\u00eb dhunon esenc\u00ebn e fes\u00eb &#8211; nga Anastasi, Kryepiskop i Tiran\u00ebs, Durr\u00ebsit dhe i Gjith\u00eb Shqip\u00ebris\u00eb &#8211; U shkat\u00ebrrua kisha orthodhokse e Sh\u00ebn Athanasit &#8211; nga Zyra e Shtypit e","og_url":"https:\/\/orthodoxalbania.org\/2020\/2015\/09\/26\/doli-ne-qarkullim-gazeta-ngjallja-e-muajit-shtator-2015\/","og_site_name":"Kisha Orthodh\u03bfkse Autoqefale e Shqip\u00ebris\u00eb","article_publisher":"https:\/\/www.facebook.com\/koash1991","article_published_time":"2015-09-26T08:01:18+00:00","article_modified_time":"2020-04-06T20:02:06+00:00","og_image":[{"width":150,"height":150,"url":"https:\/\/orthodoxalbania.org\/2020\/wp-content\/uploads\/2020\/04\/gazeta%2Bshtator%2Bweb_455x600.JPG","type":"image\/jpeg"}],"author":"Kisha Orthodhokse","twitter_card":"summary_large_image","twitter_misc":{"Written by":"Kisha Orthodhokse","Est. reading time":"1 minute"},"schema":{"@context":"https:\/\/schema.org","@graph":[{"@type":"Article","@id":"https:\/\/orthodoxalbania.org\/2020\/2015\/09\/26\/doli-ne-qarkullim-gazeta-ngjallja-e-muajit-shtator-2015\/#article","isPartOf":{"@id":"https:\/\/orthodoxalbania.org\/2020\/2015\/09\/26\/doli-ne-qarkullim-gazeta-ngjallja-e-muajit-shtator-2015\/"},"author":{"name":"Kisha Orthodhokse","@id":"https:\/\/orthodoxalbania.org\/2020\/#\/schema\/person\/0c387634a7063ac612d7ed9ce71c7e86"},"headline":"Doli n\u00eb qarkullim gazeta &#8220;Ngjallja&#8221; e muajit Shtator 2015","datePublished":"2015-09-26T08:01:18+00:00","dateModified":"2020-04-06T20:02:06+00:00","mainEntityOfPage":{"@id":"https:\/\/orthodoxalbania.org\/2020\/2015\/09\/26\/doli-ne-qarkullim-gazeta-ngjallja-e-muajit-shtator-2015\/"},"wordCount":271,"commentCount":0,"publisher":{"@id":"https:\/\/orthodoxalbania.org\/2020\/#organization"},"image":{"@id":"https:\/\/orthodoxalbania.org\/2020\/2015\/09\/26\/doli-ne-qarkullim-gazeta-ngjallja-e-muajit-shtator-2015\/#primaryimage"},"thumbnailUrl":"https:\/\/orthodoxalbania.org\/2020\/wp-content\/uploads\/2020\/04\/gazeta%2Bshtator%2Bweb_455x600.JPG","keywords":["2015","Gazeta \"Ngjallja\"","Kryepiskopata Tiran\u00eb","lajme","PromovimePublikime"],"articleSection":["Lajme"],"inLanguage":"en-US"},{"@type":"WebPage","@id":"https:\/\/orthodoxalbania.org\/2020\/2015\/09\/26\/doli-ne-qarkullim-gazeta-ngjallja-e-muajit-shtator-2015\/","url":"https:\/\/orthodoxalbania.org\/2020\/2015\/09\/26\/doli-ne-qarkullim-gazeta-ngjallja-e-muajit-shtator-2015\/","name":"Doli n\u00eb qarkullim gazeta \"Ngjallja\" e muajit Shtator 2015 - Kisha Orthodh\u03bfkse Autoqefale e Shqip\u00ebris\u00eb","isPartOf":{"@id":"https:\/\/orthodoxalbania.org\/2020\/#website"},"primaryImageOfPage":{"@id":"https:\/\/orthodoxalbania.org\/2020\/2015\/09\/26\/doli-ne-qarkullim-gazeta-ngjallja-e-muajit-shtator-2015\/#primaryimage"},"image":{"@id":"https:\/\/orthodoxalbania.org\/2020\/2015\/09\/26\/doli-ne-qarkullim-gazeta-ngjallja-e-muajit-shtator-2015\/#primaryimage"},"thumbnailUrl":"https:\/\/orthodoxalbania.org\/2020\/wp-content\/uploads\/2020\/04\/gazeta%2Bshtator%2Bweb_455x600.JPG","datePublished":"2015-09-26T08:01:18+00:00","dateModified":"2020-04-06T20:02:06+00:00","breadcrumb":{"@id":"https:\/\/orthodoxalbania.org\/2020\/2015\/09\/26\/doli-ne-qarkullim-gazeta-ngjallja-e-muajit-shtator-2015\/#breadcrumb"},"inLanguage":"en-US","potentialAction":[{"@type":"ReadAction","target":["https:\/\/orthodoxalbania.org\/2020\/2015\/09\/26\/doli-ne-qarkullim-gazeta-ngjallja-e-muajit-shtator-2015\/"]}]},{"@type":"ImageObject","inLanguage":"en-US","@id":"https:\/\/orthodoxalbania.org\/2020\/2015\/09\/26\/doli-ne-qarkullim-gazeta-ngjallja-e-muajit-shtator-2015\/#primaryimage","url":"https:\/\/orthodoxalbania.org\/2020\/wp-content\/uploads\/2020\/04\/gazeta%2Bshtator%2Bweb_455x600.JPG","contentUrl":"https:\/\/orthodoxalbania.org\/2020\/wp-content\/uploads\/2020\/04\/gazeta%2Bshtator%2Bweb_455x600.JPG","width":150,"height":150},{"@type":"BreadcrumbList","@id":"https:\/\/orthodoxalbania.org\/2020\/2015\/09\/26\/doli-ne-qarkullim-gazeta-ngjallja-e-muajit-shtator-2015\/#breadcrumb","itemListElement":[{"@type":"ListItem","position":1,"name":"Home","item":"https:\/\/orthodoxalbania.org\/2020\/"},{"@type":"ListItem","position":2,"name":"Doli n\u00eb qarkullim gazeta &#8220;Ngjallja&#8221; e muajit Shtator 2015"}]},{"@type":"WebSite","@id":"https:\/\/orthodoxalbania.org\/2020\/#website","url":"https:\/\/orthodoxalbania.org\/2020\/","name":"Kisha Orthodh\u03bfkse Autoqefale e Shqip\u00ebris\u00eb","description":"Fqja Zyrtare e Kish\u00ebs Orthodhokse Autoqefale e Shqip\u00ebris\u00eb me lajmet edhe informacionet zyrtare p\u00ebr struktur\u00ebn edhe veprimtarin e saj.","publisher":{"@id":"https:\/\/orthodoxalbania.org\/2020\/#organization"},"potentialAction":[{"@type":"SearchAction","target":{"@type":"EntryPoint","urlTemplate":"https:\/\/orthodoxalbania.org\/2020\/?s={search_term_string}"},"query-input":{"@type":"PropertyValueSpecification","valueRequired":true,"valueName":"search_term_string"}}],"inLanguage":"en-US"},{"@type":"Organization","@id":"https:\/\/orthodoxalbania.org\/2020\/#organization","name":"Kisha Orthodhokse Autoqefale e Shqip\u00ebris\u00eb","url":"https:\/\/orthodoxalbania.org\/2020\/","logo":{"@type":"ImageObject","inLanguage":"en-US","@id":"https:\/\/orthodoxalbania.org\/2020\/#\/schema\/logo\/image\/","url":"https:\/\/orthodoxalbania.org\/2020\/wp-content\/uploads\/2020\/05\/albania.jpeg","contentUrl":"https:\/\/orthodoxalbania.org\/2020\/wp-content\/uploads\/2020\/05\/albania.jpeg","width":540,"height":540,"caption":"Kisha Orthodhokse Autoqefale e Shqip\u00ebris\u00eb"},"image":{"@id":"https:\/\/orthodoxalbania.org\/2020\/#\/schema\/logo\/image\/"},"sameAs":["https:\/\/www.facebook.com\/koash1991"]},{"@type":"Person","@id":"https:\/\/orthodoxalbania.org\/2020\/#\/schema\/person\/0c387634a7063ac612d7ed9ce71c7e86","name":"Kisha Orthodhokse","image":{"@type":"ImageObject","inLanguage":"en-US","@id":"https:\/\/secure.gravatar.com\/avatar\/596e7c417251e30f2fbb9c00e026fce61a695a00e51c889caded71c96cbbdde5?s=96&d=mm&r=g","url":"https:\/\/secure.gravatar.com\/avatar\/596e7c417251e30f2fbb9c00e026fce61a695a00e51c889caded71c96cbbdde5?s=96&d=mm&r=g","contentUrl":"https:\/\/secure.gravatar.com\/avatar\/596e7c417251e30f2fbb9c00e026fce61a695a00e51c889caded71c96cbbdde5?s=96&d=mm&r=g","caption":"Kisha Orthodhokse"}}]}},"_links":{"self":[{"href":"https:\/\/orthodoxalbania.org\/2020\/wp-json\/wp\/v2\/posts\/4187","targetHints":{"allow":["GET"]}}],"collection":[{"href":"https:\/\/orthodoxalbania.org\/2020\/wp-json\/wp\/v2\/posts"}],"about":[{"href":"https:\/\/orthodoxalbania.org\/2020\/wp-json\/wp\/v2\/types\/post"}],"author":[{"embeddable":true,"href":"https:\/\/orthodoxalbania.org\/2020\/wp-json\/wp\/v2\/users\/1"}],"replies":[{"embeddable":true,"href":"https:\/\/orthodoxalbania.org\/2020\/wp-json\/wp\/v2\/comments?post=4187"}],"version-history":[{"count":1,"href":"https:\/\/orthodoxalbania.org\/2020\/wp-json\/wp\/v2\/posts\/4187\/revisions"}],"predecessor-version":[{"id":14957,"href":"https:\/\/orthodoxalbania.org\/2020\/wp-json\/wp\/v2\/posts\/4187\/revisions\/14957"}],"wp:featuredmedia":[{"embeddable":true,"href":"https:\/\/orthodoxalbania.org\/2020\/wp-json\/wp\/v2\/media\/4188"}],"wp:attachment":[{"href":"https:\/\/orthodoxalbania.org\/2020\/wp-json\/wp\/v2\/media?parent=4187"}],"wp:term":[{"taxonomy":"category","embeddable":true,"href":"https:\/\/orthodoxalbania.org\/2020\/wp-json\/wp\/v2\/categories?post=4187"},{"taxonomy":"post_tag","embeddable":true,"href":"https:\/\/orthodoxalbania.org\/2020\/wp-json\/wp\/v2\/tags?post=4187"}],"curies":[{"name":"wp","href":"https:\/\/api.w.org\/{rel}","templated":true}]}}