{"id":4174,"date":"2015-09-11T08:18:47","date_gmt":"2015-09-11T08:18:47","guid":{"rendered":""},"modified":"2020-04-12T17:35:04","modified_gmt":"2020-04-12T15:35:04","slug":"a-new-public-protest-about-the-demolition-of-the-church-of-st-athanasius-in-dhermi","status":"publish","type":"post","link":"https:\/\/orthodoxalbania.org\/2020\/2015\/09\/11\/a-new-public-protest-about-the-demolition-of-the-church-of-st-athanasius-in-dhermi\/","title":{"rendered":"A New Public Protest &#8211; About the Demolition of the Church of St. Athanasius in Dhermi"},"content":{"rendered":"<p>&nbsp;<\/p>\n<p style=\"text-align: center;\"><span style=\"color: #000000;\"><img class=\"lazyload\" decoding=\"async\" style=\"display: block; margin: 10px auto;\" alt=\"\" src=\"data:image\/svg+xml,%3Csvg%20xmlns%3D%27http%3A%2F%2Fwww.w3.org%2F2000%2Fsvg%27%20width%3D%2751%27%20height%3D%2751%27%20viewBox%3D%270%200%2051%2051%27%3E%3Crect%20width%3D%2751%27%20height%3D%2751%27%20fill-opacity%3D%220%22%2F%3E%3C%2Fsvg%3E\" data-orig-src=\"https:\/\/lh4.googleusercontent.com\/-p6oTSlUmOrM\/U0UABsfjknI\/AAAAAAAAATs\/zlJeoFRksRE\/s577-no\/logo.png\" height=\"51\" width=\"51\" \/><\/span><\/p>\n<p style=\"text-align: center;\"><span style=\"font-size: 12pt; font-family: helvetica; color: #000000;\">&nbsp;ORTHODOX AUTOCEPHALOUS CHURCH OF ALBANIA<\/span><\/p>\n<p style=\"text-align: center;\">&nbsp;<\/p>\n<p style=\"text-align: center;\"><span style=\"color: #000000;\"><strong><span style=\"font-size: 12pt; font-family: helvetica;\">A New Public Protest<\/span><\/strong><\/span><\/p>\n<p style=\"text-align: center;\"><span style=\"color: #000000;\"><strong><span style=\"font-size: 12pt; font-family: helvetica;\">About the Demolition of the Church of St. Athanasius in Dhermi<\/span><\/strong><\/span><\/p>\n<p style=\"text-align: justify;\">&nbsp;<\/p>\n<p style=\"text-align: justify;\"><span style=\"font-size: 12pt; font-family: helvetica; color: #000000;\">&nbsp; &nbsp; Official government institutions across the country have declared that the Orthodox Autocephalous Church of Albania did not complain about the events concerning the demolition of the Church of St. Athanasius in Dhermi. The truth is that the Church has already issued three public announcement-protests: the first two on August 20th and 21st, in order to stop the demolition plans and a third strong protest on the 26th after the demolition.<\/span><\/p>\n<p style=\"text-align: justify;\"><span style=\"font-size: 12pt; font-family: helvetica; color: #000000;\">&nbsp; &nbsp; More specifically, in the protest of August 21st, it was emphasized that \u201cThe Orthodox Autocephalous Church of Albania\u201d harshly condemns such events which affect the property and freedom of religious faith. It asked from the faithful to maintain their composure in the face of these challenges and to remain committed to the defense of the Church. It required the state to assume the legal responsibilities arising from Law No. 10057 \/ 22.01.2009.&#8221;<\/span><\/p>\n<p style=\"text-align: justify;\"><span style=\"font-size: 12pt; font-family: helvetica; color: #000000;\">&nbsp; &nbsp; The third protest, highlighted above all the sacrilege, the arbitrariness and the provocative illegality: \u201cThis action is a brutal violation of Law No. 10057 \/ 22.01.2009, of \u2018Ratification of the Agreement between the Cabinet of Ministers of the Republic of Albania and the Orthodox Autocephalous Church of Albania\u2019, Article 21 \/ 1.2 according to which: \u20181. The buildings and objects used for religious functions are considered sacred by the Orthodox Autocephalous Church of Albania. The intervention of State authorities is prohibited, except in specific cases, when this involves a court order, judgment or executive order or in case of a possible threat. 2. The State guarantees that the public space be intact and protects the objects and the specific religious sites in accordance with the Law.\u2019\u201d<\/span><\/p>\n<p style=\"text-align: justify;\"><span style=\"font-size: 12pt; font-family: helvetica; color: #000000;\">&nbsp; &nbsp; Therefore, it is completely untrue that the Orthodox Autocephalous Church of Albania did not complain about these events.<\/span><\/p>\n<p style=\"text-align: justify;\"><span style=\"font-size: 12pt; font-family: helvetica; color: #000000;\">&nbsp; &nbsp; The Orthodox Church as one of the co-organizers of the &#8220;International Meeting for Peace&#8221;, which was held in Tirana on the 6th and 8th of September, discreetly refrained from creating turmoil about the scandalous sacrilege of religious freedom. Nevertheless, it remains inexplicable that without any communication with the Orthodox Church, State authorities took the offensive action against the Orthodox. The Church has already protested and will not cease to defend truth and justice.<\/span><\/p>\n<p style=\"text-align: justify;\">&nbsp;<\/p>\n<p style=\"text-align: right;\"><span style=\"color: #000000;\"><strong><span style=\"font-size: 12pt; font-family: helvetica;\">From Archdiocese on September 10, 2015<\/span><\/strong><\/span><\/p>\n<p style=\"text-align: right;\">&nbsp;<\/p>\n<div>&nbsp;<\/div>\n<div>\n<p style=\"margin: 0px 0px 15px; color: #a8a8a8; font-family: Roboto, Verdana, Helvetica, Arial, sans-serif; font-size: 15px; line-height: 26px; background-color: #ffffff;\"><img class=\"lazyload\" decoding=\"async\" style=\"max-width: 100%; height: auto; vertical-align: middle; border: 1px solid #000000; margin: 10px auto; display: block;\" alt=\"\" src=\"data:image\/svg+xml,%3Csvg%20xmlns%3D%27http%3A%2F%2Fwww.w3.org%2F2000%2Fsvg%27%20width%3D%27450%27%20height%3D%27272%27%20viewBox%3D%270%200%20450%20272%27%3E%3Crect%20width%3D%27450%27%20height%3D%27272%27%20fill-opacity%3D%220%22%2F%3E%3C%2Fsvg%3E\" data-orig-src=\"https:\/\/lh5.googleusercontent.com\/-L0ZAr_PreRI\/VfF1dcb6LnI\/AAAAAAAAPo8\/yvtxe3IYXgY\/w800-h483-no\/11866335_497031843805172_7695583574405966252_n_800x483.jpg\" height=\"272\" width=\"450\" \/><\/p>\n<p style=\"margin: 0px 0px 15px; color: #a8a8a8; font-family: Roboto, Verdana, Helvetica, Arial, sans-serif; font-size: 15px; line-height: 26px; background-color: #ffffff;\"><img class=\"lazyload\" decoding=\"async\" style=\"max-width: 100%; height: auto; vertical-align: middle; border: 1px solid #000000; margin: 10px auto; display: block;\" alt=\"\" src=\"data:image\/svg+xml,%3Csvg%20xmlns%3D%27http%3A%2F%2Fwww.w3.org%2F2000%2Fsvg%27%20width%3D%27450%27%20height%3D%27338%27%20viewBox%3D%270%200%20450%20338%27%3E%3Crect%20width%3D%27450%27%20height%3D%27338%27%20fill-opacity%3D%220%22%2F%3E%3C%2Fsvg%3E\" data-orig-src=\"https:\/\/lh6.googleusercontent.com\/-1TGU6Ymbe5g\/VfF1dYnv9jI\/AAAAAAAAPo8\/hvvKABe1eUk\/w506-h380-no\/KISHA+%281%29.jpg\" height=\"338\" width=\"450\" \/><\/p>\n<p style=\"margin: 0px 0px 15px; color: #a8a8a8; font-family: Roboto, Verdana, Helvetica, Arial, sans-serif; font-size: 15px; line-height: 26px; background-color: #ffffff;\"><img class=\"lazyload\" decoding=\"async\" style=\"max-width: 100%; height: auto; vertical-align: middle; border: 1px solid #000000; margin: 10px auto; display: block;\" alt=\"\" src=\"data:image\/svg+xml,%3Csvg%20xmlns%3D%27http%3A%2F%2Fwww.w3.org%2F2000%2Fsvg%27%20width%3D%27450%27%20height%3D%27337%27%20viewBox%3D%270%200%20450%20337%27%3E%3Crect%20width%3D%27450%27%20height%3D%27337%27%20fill-opacity%3D%220%22%2F%3E%3C%2Fsvg%3E\" data-orig-src=\"https:\/\/lh5.googleusercontent.com\/-1nJ0vAQuUCc\/VfF1dfUAsAI\/AAAAAAAAPo8\/FmTBKY24Z3k\/w958-h719-no\/11887980_10207823700497069_9057669781849901309_n.jpg\" height=\"337\" width=\"450\" \/><\/p>\n<p style=\"margin: 0px 0px 15px; color: #a8a8a8; font-family: Roboto, Verdana, Helvetica, Arial, sans-serif; font-size: 15px; line-height: 26px; background-color: #ffffff;\"><img class=\"lazyload\" decoding=\"async\" style=\"max-width: 100%; height: auto; vertical-align: middle; border: 1px solid #000000; margin: 10px auto; display: block;\" alt=\"\" src=\"data:image\/svg+xml,%3Csvg%20xmlns%3D%27http%3A%2F%2Fwww.w3.org%2F2000%2Fsvg%27%20width%3D%27450%27%20height%3D%27337%27%20viewBox%3D%270%200%20450%20337%27%3E%3Crect%20width%3D%27450%27%20height%3D%27337%27%20fill-opacity%3D%220%22%2F%3E%3C%2Fsvg%3E\" data-orig-src=\"https:\/\/lh5.googleusercontent.com\/-it1zL1pew2U\/VfF1dcMWF3I\/AAAAAAAAPo8\/ke8ivuPOk8k\/w958-h719-no\/11035735_10207823700537070_1838860871209210742_n.jpg\" height=\"337\" width=\"450\" \/><\/p>\n<\/div>\n","protected":false},"excerpt":{"rendered":"<p>&nbsp; &nbsp;ORTHODOX AUTOCEPHALOUS CHURCH OF ALBANIA &nbsp; A New Public Protest About the Demolition of the Church of St. Athanasius in Dhermi &nbsp; &nbsp; &nbsp; Official government institutions across the country have declared that the Orthodox Autocephalous Church of Albania did not complain about the events concerning the demolition of the Church of St. Athanasius in Dhermi. The truth is that the Church has already<\/p>\n","protected":false},"author":7,"featured_media":4134,"comment_status":"open","ping_status":"open","sticky":false,"template":"","format":"standard","meta":{"_acf_changed":false,"pagelayer_contact_templates":[],"_pagelayer_content":"","inline_featured_image":false,"fifu_image_url":"","fifu_image_alt":"","footnotes":""},"categories":[1935],"tags":[139,196,203],"class_list":["post-4174","post","type-post","status-publish","format-standard","has-post-thumbnail","hentry","category-news-sq","tag-139","tag-tirane","tag-pergjigje-ndaj-akuzave"],"acf":[],"yoast_head":"<!-- This site is optimized with the Yoast SEO plugin v27.2 - https:\/\/yoast.com\/product\/yoast-seo-wordpress\/ -->\n<title>A New Public Protest - About the Demolition of the Church of St. Athanasius in Dhermi - Kisha Orthodh\u03bfkse Autoqefale e Shqip\u00ebris\u00eb<\/title>\n<meta name=\"robots\" content=\"index, follow, max-snippet:-1, max-image-preview:large, max-video-preview:-1\" \/>\n<link rel=\"canonical\" href=\"https:\/\/orthodoxalbania.org\/2020\/2015\/09\/11\/a-new-public-protest-about-the-demolition-of-the-church-of-st-athanasius-in-dhermi\/\" \/>\n<meta property=\"og:locale\" content=\"en_US\" \/>\n<meta property=\"og:type\" content=\"article\" \/>\n<meta property=\"og:title\" content=\"A New Public Protest - About the Demolition of the Church of St. Athanasius in Dhermi - Kisha Orthodh\u03bfkse Autoqefale e Shqip\u00ebris\u00eb\" \/>\n<meta property=\"og:description\" content=\"&nbsp; &nbsp;ORTHODOX AUTOCEPHALOUS CHURCH OF ALBANIA &nbsp; A New Public Protest About the Demolition of the Church of St. Athanasius in Dhermi &nbsp; &nbsp; &nbsp; Official government institutions across the country have declared that the Orthodox Autocephalous Church of Albania did not complain about the events concerning the demolition of the Church of St. Athanasius in Dhermi. The truth is that the Church has already\" \/>\n<meta property=\"og:url\" content=\"https:\/\/orthodoxalbania.org\/2020\/2015\/09\/11\/a-new-public-protest-about-the-demolition-of-the-church-of-st-athanasius-in-dhermi\/\" \/>\n<meta property=\"og:site_name\" content=\"Kisha Orthodh\u03bfkse Autoqefale e Shqip\u00ebris\u00eb\" \/>\n<meta property=\"article:publisher\" content=\"https:\/\/www.facebook.com\/koash1991\" \/>\n<meta property=\"article:published_time\" content=\"2015-09-11T08:18:47+00:00\" \/>\n<meta property=\"article:modified_time\" content=\"2020-04-12T15:35:04+00:00\" \/>\n<meta property=\"og:image\" content=\"https:\/\/orthodoxalbania.org\/2020\/wp-content\/uploads\/2020\/04\/_k4BIuMqkrXLx77OfEU0r2gecWZ9_RHuk_1q7GWdNwY-w960-h720-no.jpg\" \/>\n\t<meta property=\"og:image:width\" content=\"150\" \/>\n\t<meta property=\"og:image:height\" content=\"150\" \/>\n\t<meta property=\"og:image:type\" content=\"image\/jpeg\" \/>\n<meta name=\"author\" content=\"Kisha Orthodhokse\" \/>\n<meta name=\"twitter:card\" content=\"summary_large_image\" \/>\n<meta name=\"twitter:label1\" content=\"Written by\" \/>\n\t<meta name=\"twitter:data1\" content=\"Kisha Orthodhokse\" \/>\n\t<meta name=\"twitter:label2\" content=\"Est. reading time\" \/>\n\t<meta name=\"twitter:data2\" content=\"2 minutes\" \/>\n<script type=\"application\/ld+json\" class=\"yoast-schema-graph\">{\"@context\":\"https:\/\/schema.org\",\"@graph\":[{\"@type\":\"Article\",\"@id\":\"https:\/\/orthodoxalbania.org\/2020\/2015\/09\/11\/a-new-public-protest-about-the-demolition-of-the-church-of-st-athanasius-in-dhermi\/#article\",\"isPartOf\":{\"@id\":\"https:\/\/orthodoxalbania.org\/2020\/2015\/09\/11\/a-new-public-protest-about-the-demolition-of-the-church-of-st-athanasius-in-dhermi\/\"},\"author\":{\"name\":\"Kisha Orthodhokse\",\"@id\":\"https:\/\/orthodoxalbania.org\/2020\/#\/schema\/person\/df745f942b70e045b3dc05a30211f0de\"},\"headline\":\"A New Public Protest &#8211; About the Demolition of the Church of St. Athanasius in Dhermi\",\"datePublished\":\"2015-09-11T08:18:47+00:00\",\"dateModified\":\"2020-04-12T15:35:04+00:00\",\"mainEntityOfPage\":{\"@id\":\"https:\/\/orthodoxalbania.org\/2020\/2015\/09\/11\/a-new-public-protest-about-the-demolition-of-the-church-of-st-athanasius-in-dhermi\/\"},\"wordCount\":405,\"commentCount\":0,\"publisher\":{\"@id\":\"https:\/\/orthodoxalbania.org\/2020\/#organization\"},\"image\":{\"@id\":\"https:\/\/orthodoxalbania.org\/2020\/2015\/09\/11\/a-new-public-protest-about-the-demolition-of-the-church-of-st-athanasius-in-dhermi\/#primaryimage\"},\"thumbnailUrl\":\"https:\/\/orthodoxalbania.org\/2020\/wp-content\/uploads\/2020\/04\/_k4BIuMqkrXLx77OfEU0r2gecWZ9_RHuk_1q7GWdNwY-w960-h720-no.jpg\",\"keywords\":[\"2015\",\"Kryepiskopata Tiran\u00eb\",\"P\u00ebrgjigje ndaj akuzave\"],\"articleSection\":[\"Lajme AL\"],\"inLanguage\":\"en-US\"},{\"@type\":\"WebPage\",\"@id\":\"https:\/\/orthodoxalbania.org\/2020\/2015\/09\/11\/a-new-public-protest-about-the-demolition-of-the-church-of-st-athanasius-in-dhermi\/\",\"url\":\"https:\/\/orthodoxalbania.org\/2020\/2015\/09\/11\/a-new-public-protest-about-the-demolition-of-the-church-of-st-athanasius-in-dhermi\/\",\"name\":\"A New Public Protest - About the Demolition of the Church of St. Athanasius in Dhermi - Kisha Orthodh\u03bfkse Autoqefale e Shqip\u00ebris\u00eb\",\"isPartOf\":{\"@id\":\"https:\/\/orthodoxalbania.org\/2020\/#website\"},\"primaryImageOfPage\":{\"@id\":\"https:\/\/orthodoxalbania.org\/2020\/2015\/09\/11\/a-new-public-protest-about-the-demolition-of-the-church-of-st-athanasius-in-dhermi\/#primaryimage\"},\"image\":{\"@id\":\"https:\/\/orthodoxalbania.org\/2020\/2015\/09\/11\/a-new-public-protest-about-the-demolition-of-the-church-of-st-athanasius-in-dhermi\/#primaryimage\"},\"thumbnailUrl\":\"https:\/\/orthodoxalbania.org\/2020\/wp-content\/uploads\/2020\/04\/_k4BIuMqkrXLx77OfEU0r2gecWZ9_RHuk_1q7GWdNwY-w960-h720-no.jpg\",\"datePublished\":\"2015-09-11T08:18:47+00:00\",\"dateModified\":\"2020-04-12T15:35:04+00:00\",\"breadcrumb\":{\"@id\":\"https:\/\/orthodoxalbania.org\/2020\/2015\/09\/11\/a-new-public-protest-about-the-demolition-of-the-church-of-st-athanasius-in-dhermi\/#breadcrumb\"},\"inLanguage\":\"en-US\",\"potentialAction\":[{\"@type\":\"ReadAction\",\"target\":[\"https:\/\/orthodoxalbania.org\/2020\/2015\/09\/11\/a-new-public-protest-about-the-demolition-of-the-church-of-st-athanasius-in-dhermi\/\"]}]},{\"@type\":\"ImageObject\",\"inLanguage\":\"en-US\",\"@id\":\"https:\/\/orthodoxalbania.org\/2020\/2015\/09\/11\/a-new-public-protest-about-the-demolition-of-the-church-of-st-athanasius-in-dhermi\/#primaryimage\",\"url\":\"https:\/\/orthodoxalbania.org\/2020\/wp-content\/uploads\/2020\/04\/_k4BIuMqkrXLx77OfEU0r2gecWZ9_RHuk_1q7GWdNwY-w960-h720-no.jpg\",\"contentUrl\":\"https:\/\/orthodoxalbania.org\/2020\/wp-content\/uploads\/2020\/04\/_k4BIuMqkrXLx77OfEU0r2gecWZ9_RHuk_1q7GWdNwY-w960-h720-no.jpg\",\"width\":150,\"height\":150},{\"@type\":\"BreadcrumbList\",\"@id\":\"https:\/\/orthodoxalbania.org\/2020\/2015\/09\/11\/a-new-public-protest-about-the-demolition-of-the-church-of-st-athanasius-in-dhermi\/#breadcrumb\",\"itemListElement\":[{\"@type\":\"ListItem\",\"position\":1,\"name\":\"Home\",\"item\":\"https:\/\/orthodoxalbania.org\/2020\/\"},{\"@type\":\"ListItem\",\"position\":2,\"name\":\"A New Public Protest &#8211; About the Demolition of the Church of St. Athanasius in Dhermi\"}]},{\"@type\":\"WebSite\",\"@id\":\"https:\/\/orthodoxalbania.org\/2020\/#website\",\"url\":\"https:\/\/orthodoxalbania.org\/2020\/\",\"name\":\"Kisha Orthodh\u03bfkse Autoqefale e Shqip\u00ebris\u00eb\",\"description\":\"Fqja Zyrtare e Kish\u00ebs Orthodhokse Autoqefale e Shqip\u00ebris\u00eb me lajmet edhe informacionet zyrtare p\u00ebr struktur\u00ebn edhe veprimtarin e saj.\",\"publisher\":{\"@id\":\"https:\/\/orthodoxalbania.org\/2020\/#organization\"},\"potentialAction\":[{\"@type\":\"SearchAction\",\"target\":{\"@type\":\"EntryPoint\",\"urlTemplate\":\"https:\/\/orthodoxalbania.org\/2020\/?s={search_term_string}\"},\"query-input\":{\"@type\":\"PropertyValueSpecification\",\"valueRequired\":true,\"valueName\":\"search_term_string\"}}],\"inLanguage\":\"en-US\"},{\"@type\":\"Organization\",\"@id\":\"https:\/\/orthodoxalbania.org\/2020\/#organization\",\"name\":\"Kisha Orthodhokse Autoqefale e Shqip\u00ebris\u00eb\",\"url\":\"https:\/\/orthodoxalbania.org\/2020\/\",\"logo\":{\"@type\":\"ImageObject\",\"inLanguage\":\"en-US\",\"@id\":\"https:\/\/orthodoxalbania.org\/2020\/#\/schema\/logo\/image\/\",\"url\":\"https:\/\/orthodoxalbania.org\/2020\/wp-content\/uploads\/2020\/05\/albania.jpeg\",\"contentUrl\":\"https:\/\/orthodoxalbania.org\/2020\/wp-content\/uploads\/2020\/05\/albania.jpeg\",\"width\":540,\"height\":540,\"caption\":\"Kisha Orthodhokse Autoqefale e Shqip\u00ebris\u00eb\"},\"image\":{\"@id\":\"https:\/\/orthodoxalbania.org\/2020\/#\/schema\/logo\/image\/\"},\"sameAs\":[\"https:\/\/www.facebook.com\/koash1991\"]},{\"@type\":\"Person\",\"@id\":\"https:\/\/orthodoxalbania.org\/2020\/#\/schema\/person\/df745f942b70e045b3dc05a30211f0de\",\"name\":\"Kisha Orthodhokse\",\"image\":{\"@type\":\"ImageObject\",\"inLanguage\":\"en-US\",\"@id\":\"https:\/\/secure.gravatar.com\/avatar\/2676eb8d97178435c9f691a7871595a1da6c33542dec218bce40885573150e28?s=96&d=mm&r=g\",\"url\":\"https:\/\/secure.gravatar.com\/avatar\/2676eb8d97178435c9f691a7871595a1da6c33542dec218bce40885573150e28?s=96&d=mm&r=g\",\"contentUrl\":\"https:\/\/secure.gravatar.com\/avatar\/2676eb8d97178435c9f691a7871595a1da6c33542dec218bce40885573150e28?s=96&d=mm&r=g\",\"caption\":\"Kisha Orthodhokse\"}}]}<\/script>\n<!-- \/ Yoast SEO plugin. -->","yoast_head_json":{"title":"A New Public Protest - About the Demolition of the Church of St. Athanasius in Dhermi - Kisha Orthodh\u03bfkse Autoqefale e Shqip\u00ebris\u00eb","robots":{"index":"index","follow":"follow","max-snippet":"max-snippet:-1","max-image-preview":"max-image-preview:large","max-video-preview":"max-video-preview:-1"},"canonical":"https:\/\/orthodoxalbania.org\/2020\/2015\/09\/11\/a-new-public-protest-about-the-demolition-of-the-church-of-st-athanasius-in-dhermi\/","og_locale":"en_US","og_type":"article","og_title":"A New Public Protest - About the Demolition of the Church of St. Athanasius in Dhermi - Kisha Orthodh\u03bfkse Autoqefale e Shqip\u00ebris\u00eb","og_description":"&nbsp; &nbsp;ORTHODOX AUTOCEPHALOUS CHURCH OF ALBANIA &nbsp; A New Public Protest About the Demolition of the Church of St. Athanasius in Dhermi &nbsp; &nbsp; &nbsp; Official government institutions across the country have declared that the Orthodox Autocephalous Church of Albania did not complain about the events concerning the demolition of the Church of St. Athanasius in Dhermi. The truth is that the Church has already","og_url":"https:\/\/orthodoxalbania.org\/2020\/2015\/09\/11\/a-new-public-protest-about-the-demolition-of-the-church-of-st-athanasius-in-dhermi\/","og_site_name":"Kisha Orthodh\u03bfkse Autoqefale e Shqip\u00ebris\u00eb","article_publisher":"https:\/\/www.facebook.com\/koash1991","article_published_time":"2015-09-11T08:18:47+00:00","article_modified_time":"2020-04-12T15:35:04+00:00","og_image":[{"width":150,"height":150,"url":"https:\/\/orthodoxalbania.org\/2020\/wp-content\/uploads\/2020\/04\/_k4BIuMqkrXLx77OfEU0r2gecWZ9_RHuk_1q7GWdNwY-w960-h720-no.jpg","type":"image\/jpeg"}],"author":"Kisha Orthodhokse","twitter_card":"summary_large_image","twitter_misc":{"Written by":"Kisha Orthodhokse","Est. reading time":"2 minutes"},"schema":{"@context":"https:\/\/schema.org","@graph":[{"@type":"Article","@id":"https:\/\/orthodoxalbania.org\/2020\/2015\/09\/11\/a-new-public-protest-about-the-demolition-of-the-church-of-st-athanasius-in-dhermi\/#article","isPartOf":{"@id":"https:\/\/orthodoxalbania.org\/2020\/2015\/09\/11\/a-new-public-protest-about-the-demolition-of-the-church-of-st-athanasius-in-dhermi\/"},"author":{"name":"Kisha Orthodhokse","@id":"https:\/\/orthodoxalbania.org\/2020\/#\/schema\/person\/df745f942b70e045b3dc05a30211f0de"},"headline":"A New Public Protest &#8211; About the Demolition of the Church of St. Athanasius in Dhermi","datePublished":"2015-09-11T08:18:47+00:00","dateModified":"2020-04-12T15:35:04+00:00","mainEntityOfPage":{"@id":"https:\/\/orthodoxalbania.org\/2020\/2015\/09\/11\/a-new-public-protest-about-the-demolition-of-the-church-of-st-athanasius-in-dhermi\/"},"wordCount":405,"commentCount":0,"publisher":{"@id":"https:\/\/orthodoxalbania.org\/2020\/#organization"},"image":{"@id":"https:\/\/orthodoxalbania.org\/2020\/2015\/09\/11\/a-new-public-protest-about-the-demolition-of-the-church-of-st-athanasius-in-dhermi\/#primaryimage"},"thumbnailUrl":"https:\/\/orthodoxalbania.org\/2020\/wp-content\/uploads\/2020\/04\/_k4BIuMqkrXLx77OfEU0r2gecWZ9_RHuk_1q7GWdNwY-w960-h720-no.jpg","keywords":["2015","Kryepiskopata Tiran\u00eb","P\u00ebrgjigje ndaj akuzave"],"articleSection":["Lajme AL"],"inLanguage":"en-US"},{"@type":"WebPage","@id":"https:\/\/orthodoxalbania.org\/2020\/2015\/09\/11\/a-new-public-protest-about-the-demolition-of-the-church-of-st-athanasius-in-dhermi\/","url":"https:\/\/orthodoxalbania.org\/2020\/2015\/09\/11\/a-new-public-protest-about-the-demolition-of-the-church-of-st-athanasius-in-dhermi\/","name":"A New Public Protest - About the Demolition of the Church of St. Athanasius in Dhermi - Kisha Orthodh\u03bfkse Autoqefale e Shqip\u00ebris\u00eb","isPartOf":{"@id":"https:\/\/orthodoxalbania.org\/2020\/#website"},"primaryImageOfPage":{"@id":"https:\/\/orthodoxalbania.org\/2020\/2015\/09\/11\/a-new-public-protest-about-the-demolition-of-the-church-of-st-athanasius-in-dhermi\/#primaryimage"},"image":{"@id":"https:\/\/orthodoxalbania.org\/2020\/2015\/09\/11\/a-new-public-protest-about-the-demolition-of-the-church-of-st-athanasius-in-dhermi\/#primaryimage"},"thumbnailUrl":"https:\/\/orthodoxalbania.org\/2020\/wp-content\/uploads\/2020\/04\/_k4BIuMqkrXLx77OfEU0r2gecWZ9_RHuk_1q7GWdNwY-w960-h720-no.jpg","datePublished":"2015-09-11T08:18:47+00:00","dateModified":"2020-04-12T15:35:04+00:00","breadcrumb":{"@id":"https:\/\/orthodoxalbania.org\/2020\/2015\/09\/11\/a-new-public-protest-about-the-demolition-of-the-church-of-st-athanasius-in-dhermi\/#breadcrumb"},"inLanguage":"en-US","potentialAction":[{"@type":"ReadAction","target":["https:\/\/orthodoxalbania.org\/2020\/2015\/09\/11\/a-new-public-protest-about-the-demolition-of-the-church-of-st-athanasius-in-dhermi\/"]}]},{"@type":"ImageObject","inLanguage":"en-US","@id":"https:\/\/orthodoxalbania.org\/2020\/2015\/09\/11\/a-new-public-protest-about-the-demolition-of-the-church-of-st-athanasius-in-dhermi\/#primaryimage","url":"https:\/\/orthodoxalbania.org\/2020\/wp-content\/uploads\/2020\/04\/_k4BIuMqkrXLx77OfEU0r2gecWZ9_RHuk_1q7GWdNwY-w960-h720-no.jpg","contentUrl":"https:\/\/orthodoxalbania.org\/2020\/wp-content\/uploads\/2020\/04\/_k4BIuMqkrXLx77OfEU0r2gecWZ9_RHuk_1q7GWdNwY-w960-h720-no.jpg","width":150,"height":150},{"@type":"BreadcrumbList","@id":"https:\/\/orthodoxalbania.org\/2020\/2015\/09\/11\/a-new-public-protest-about-the-demolition-of-the-church-of-st-athanasius-in-dhermi\/#breadcrumb","itemListElement":[{"@type":"ListItem","position":1,"name":"Home","item":"https:\/\/orthodoxalbania.org\/2020\/"},{"@type":"ListItem","position":2,"name":"A New Public Protest &#8211; About the Demolition of the Church of St. Athanasius in Dhermi"}]},{"@type":"WebSite","@id":"https:\/\/orthodoxalbania.org\/2020\/#website","url":"https:\/\/orthodoxalbania.org\/2020\/","name":"Kisha Orthodh\u03bfkse Autoqefale e Shqip\u00ebris\u00eb","description":"Fqja Zyrtare e Kish\u00ebs Orthodhokse Autoqefale e Shqip\u00ebris\u00eb me lajmet edhe informacionet zyrtare p\u00ebr struktur\u00ebn edhe veprimtarin e saj.","publisher":{"@id":"https:\/\/orthodoxalbania.org\/2020\/#organization"},"potentialAction":[{"@type":"SearchAction","target":{"@type":"EntryPoint","urlTemplate":"https:\/\/orthodoxalbania.org\/2020\/?s={search_term_string}"},"query-input":{"@type":"PropertyValueSpecification","valueRequired":true,"valueName":"search_term_string"}}],"inLanguage":"en-US"},{"@type":"Organization","@id":"https:\/\/orthodoxalbania.org\/2020\/#organization","name":"Kisha Orthodhokse Autoqefale e Shqip\u00ebris\u00eb","url":"https:\/\/orthodoxalbania.org\/2020\/","logo":{"@type":"ImageObject","inLanguage":"en-US","@id":"https:\/\/orthodoxalbania.org\/2020\/#\/schema\/logo\/image\/","url":"https:\/\/orthodoxalbania.org\/2020\/wp-content\/uploads\/2020\/05\/albania.jpeg","contentUrl":"https:\/\/orthodoxalbania.org\/2020\/wp-content\/uploads\/2020\/05\/albania.jpeg","width":540,"height":540,"caption":"Kisha Orthodhokse Autoqefale e Shqip\u00ebris\u00eb"},"image":{"@id":"https:\/\/orthodoxalbania.org\/2020\/#\/schema\/logo\/image\/"},"sameAs":["https:\/\/www.facebook.com\/koash1991"]},{"@type":"Person","@id":"https:\/\/orthodoxalbania.org\/2020\/#\/schema\/person\/df745f942b70e045b3dc05a30211f0de","name":"Kisha Orthodhokse","image":{"@type":"ImageObject","inLanguage":"en-US","@id":"https:\/\/secure.gravatar.com\/avatar\/2676eb8d97178435c9f691a7871595a1da6c33542dec218bce40885573150e28?s=96&d=mm&r=g","url":"https:\/\/secure.gravatar.com\/avatar\/2676eb8d97178435c9f691a7871595a1da6c33542dec218bce40885573150e28?s=96&d=mm&r=g","contentUrl":"https:\/\/secure.gravatar.com\/avatar\/2676eb8d97178435c9f691a7871595a1da6c33542dec218bce40885573150e28?s=96&d=mm&r=g","caption":"Kisha Orthodhokse"}}]}},"_links":{"self":[{"href":"https:\/\/orthodoxalbania.org\/2020\/wp-json\/wp\/v2\/posts\/4174","targetHints":{"allow":["GET"]}}],"collection":[{"href":"https:\/\/orthodoxalbania.org\/2020\/wp-json\/wp\/v2\/posts"}],"about":[{"href":"https:\/\/orthodoxalbania.org\/2020\/wp-json\/wp\/v2\/types\/post"}],"author":[{"embeddable":true,"href":"https:\/\/orthodoxalbania.org\/2020\/wp-json\/wp\/v2\/users\/7"}],"replies":[{"embeddable":true,"href":"https:\/\/orthodoxalbania.org\/2020\/wp-json\/wp\/v2\/comments?post=4174"}],"version-history":[{"count":1,"href":"https:\/\/orthodoxalbania.org\/2020\/wp-json\/wp\/v2\/posts\/4174\/revisions"}],"predecessor-version":[{"id":18106,"href":"https:\/\/orthodoxalbania.org\/2020\/wp-json\/wp\/v2\/posts\/4174\/revisions\/18106"}],"wp:featuredmedia":[{"embeddable":true,"href":"https:\/\/orthodoxalbania.org\/2020\/wp-json\/wp\/v2\/media\/4134"}],"wp:attachment":[{"href":"https:\/\/orthodoxalbania.org\/2020\/wp-json\/wp\/v2\/media?parent=4174"}],"wp:term":[{"taxonomy":"category","embeddable":true,"href":"https:\/\/orthodoxalbania.org\/2020\/wp-json\/wp\/v2\/categories?post=4174"},{"taxonomy":"post_tag","embeddable":true,"href":"https:\/\/orthodoxalbania.org\/2020\/wp-json\/wp\/v2\/tags?post=4174"}],"curies":[{"name":"wp","href":"https:\/\/api.w.org\/{rel}","templated":true}]}}