{"id":4172,"date":"2015-09-10T12:07:10","date_gmt":"2015-09-10T12:07:10","guid":{"rendered":""},"modified":"2020-04-06T22:02:07","modified_gmt":"2020-04-06T20:02:07","slug":"tjeter-proteste-publike-per-shkaterrimin-e-kishes-se-shen-athanasit-dhermi","status":"publish","type":"post","link":"https:\/\/orthodoxalbania.org\/2020\/2015\/09\/10\/tjeter-proteste-publike-per-shkaterrimin-e-kishes-se-shen-athanasit-dhermi\/","title":{"rendered":"TJET\u00cbR PROTEST\u00cb PUBLIKE &#8211; P\u00ebr shkat\u00ebrrimin e kish\u00ebs s\u00eb Sh\u00ebn Athanasit Dh\u00ebrmi"},"content":{"rendered":"<p style=\"text-align: justify;\">&nbsp;<\/p>\n<p style=\"text-align: center;\"><span style=\"color: #000000;\"><img class=\"lazyload\" decoding=\"async\" style=\"display: block; margin: 10px auto;\" alt=\"\" src=\"data:image\/svg+xml,%3Csvg%20xmlns%3D%27http%3A%2F%2Fwww.w3.org%2F2000%2Fsvg%27%20width%3D%2751%27%20height%3D%2751%27%20viewBox%3D%270%200%2051%2051%27%3E%3Crect%20width%3D%2751%27%20height%3D%2751%27%20fill-opacity%3D%220%22%2F%3E%3C%2Fsvg%3E\" data-orig-src=\"https:\/\/lh4.googleusercontent.com\/-p6oTSlUmOrM\/U0UABsfjknI\/AAAAAAAAATs\/zlJeoFRksRE\/s577-no\/logo.png\" height=\"51\" width=\"51\" \/><\/span><\/p>\n<p style=\"text-align: center;\"><span style=\"font-size: 12pt; font-family: helvetica; color: #000000;\">KISHA ORTHODHOKSE AUTOQEFALE E SHQIP\u00cbRIS\u00cb<\/span><\/p>\n<p style=\"text-align: center;\"><span style=\"color: #000000;\"><span style=\"font-size: 12pt; font-family: helvetica;\"><\/span><\/span><\/p>\n<p style=\"text-align: center;\"><span style=\"color: #000000;\"><strong><span style=\"font-size: 12pt; font-family: helvetica;\">TJET<strong style=\"font-family: Verdana, Arial, Helvetica, sans-serif; font-size: 11px; line-height: 24px; text-align: center; background-color: #ffffff;\"><span style=\"font-size: 12pt; font-family: helvetica;\">\u00cb<\/span><\/strong>R PROTEST\u00cb PUBLIKE<\/span><\/strong><\/span><\/p>\n<p style=\"text-align: center;\"><span style=\"color: #000000;\"><strong><span style=\"font-size: 12pt; font-family: helvetica;\"><\/span><span style=\"font-size: 12pt; font-family: helvetica;\">P\u00ebr shkat\u00ebrrimin e kish\u00ebs s\u00eb Sh\u00ebn Athanasit Dh\u00ebrmi<\/span><\/strong><\/span><\/p>\n<p style=\"text-align: center;\">&nbsp;<\/p>\n<p style=\"text-align: justify;\"><span style=\"color: #000000;\"><\/span><\/p>\n<p style=\"text-align: justify;\"><span style=\"color: #000000;\"><span style=\"font-size: 12pt; font-family: helvetica;\"><\/span><span style=\"font-size: 12pt; font-family: helvetica;\">&nbsp; &nbsp; Zyrtar\u00eb t\u00eb lart\u00eb t\u00eb shtetit p\u00ebrhap\u00ebn publikisht lajmin se Kisha Orthodhokse Autoqefale e Shqip\u00ebris\u00eb nuk ka protestuar p\u00ebr ngjarjet e shkat\u00ebrrimit t\u00eb kish\u00ebs s\u00eb hirshme t\u00eb Sh\u00ebn Athanasit n\u00eb Dh\u00ebrmi. E v\u00ebrteta \u00ebsht\u00eb se Kisha ka b\u00ebr\u00eb tri deklarata-protesta. Dy t\u00eb parat m\u00eb 20 dhe 21 gusht, p\u00ebr t\u00eb ndaluar planet e shkat\u00ebrrimit dhe e treta m\u00eb 26 gusht, ku protestohet me tone t\u00eb forta kund\u00ebr shkat\u00ebrrimit.<\/span><\/span><\/p>\n<p style=\"text-align: justify;\"><span style=\"color: #000000;\"><span style=\"font-size: 12pt; font-family: helvetica;\"><\/span><span style=\"font-size: 12pt; font-family: helvetica;\">&nbsp; &nbsp; Konkretisht n\u00eb Protest\u00ebn e dat\u00ebs 21 gusht theksohet se: \u201cKisha Orthodhokse Autoqefale e Shqip\u00ebris\u00eb d\u00ebnon ashp\u00ebr k\u00ebto ngjarje, q\u00eb cenojn\u00eb pron\u00ebn dhe lirin\u00eb e besimit fetar. Ajo i b\u00ebn thirrje besimtar\u00ebve q\u00eb t\u00eb ruajn\u00eb qet\u00ebsin\u00eb p\u00ebrpara k\u00ebtyre provokimeve dhe t\u00eb q\u00ebndrojn\u00eb t\u00eb vendosur n\u00eb mbrojtje t\u00eb kish\u00ebs. Ajo k\u00ebrkon nga shteti t\u00eb marr\u00eb p\u00ebrsip\u00ebr detyrimet ligjore q\u00eb rrjedhin nga Ligji nr. 10057\/22.01.2009&#8230;\u201d.<\/span><\/span><\/p>\n<p style=\"text-align: justify;\"><span style=\"font-family: helvetica; font-size: 12pt; color: #000000;\">&nbsp; &nbsp; N\u00eb protest\u00ebn e tret\u00eb, t\u00eb dat\u00ebs 26 gusht, theksohet midis t\u00eb tjerave edhe sakrilegji, arbitrariteti dhe shkelja flagrante e ligjit: \u201cKy veprim \u00ebsht\u00eb n\u00eb shkelje flagrante t\u00eb Ligjit nr. 10057, 22.01.2009, \u201cP\u00ebr ratifikimin e marr\u00ebveshjes nd\u00ebrmjet K\u00ebshillit t\u00eb Ministrave t\u00eb Republik\u00ebs s\u00eb Shqip\u00ebris\u00eb dhe Kish\u00ebs Orthodhokse Autoqefale t\u00eb Shqip\u00ebris\u00eb\u201d, Neni 21\/1,2: \u201cNd\u00ebrtesat dhe objektet q\u00eb sh\u00ebrbejn\u00eb p\u00ebr kryerjen e ceremonive fetare konsiderohen t\u00eb shenjta nga Kisha Ortodokse Autoqefale e Shqip\u00ebris\u00eb. Nd\u00ebrhyrja e autoriteteve shtet\u00ebrore n\u00eb to \u00ebsht\u00eb e ndaluar, me p\u00ebrjashtim t\u00eb rasteve t\u00eb flagranc\u00ebs, kur nj\u00eb gj\u00eb e till\u00eb k\u00ebrkohet n\u00eb zbatim t\u00eb nj\u00eb urdhri t\u00eb prokuroris\u00eb, t\u00eb nj\u00eb vendimi gjyq\u00ebsor ose titulli ekzekutiv, ose n\u00eb rast t\u00eb kanosjes s\u00eb nj\u00eb rreziku t\u00eb af\u00ebrm. 2. Paprekshm\u00ebria e hap\u00ebsir\u00ebs publike garantohet nga Shteti. Shteti mbron objektet dhe vendet e caktuara fetare, n\u00eb p\u00ebrputhje me Ligjin.\u201d<\/span><\/p>\n<p style=\"text-align: justify;\"><span style=\"font-family: helvetica; font-size: 12pt; color: #000000;\">&nbsp; &nbsp;Pra, \u00ebsht\u00eb krejt\u00ebsisht e pav\u00ebrtet\u00eb se Kisha Orthodhokse Autoqefale e Shqip\u00ebris\u00eb nuk ka protestuar kund\u00ebr k\u00ebtyre ngjarjeve.<\/span><\/p>\n<p style=\"text-align: justify;\"><span style=\"font-family: helvetica; font-size: 12pt; color: #000000;\">&nbsp; &nbsp; Kisha Orthodhokse Autoqefale e Shqip\u00ebris\u00eb, si bashkorganizatore e \u201cTakimit Nd\u00ebrkomb\u00ebtar p\u00ebr Paqen\u201d, q\u00eb u zhvillua n\u00eb Tiran\u00eb nga 6-8 shtator 2015, shmangu me takt gjat\u00eb k\u00ebtyre dit\u00ebve zhurm\u00ebn e nj\u00eb proteste publike kund\u00ebr k\u00ebsaj shkeljeje skandaloze t\u00eb liris\u00eb fetare dhe sakrilegji ndaj vendeve t\u00eb shenjta t\u00eb kultit. Edhe sot e k\u00ebsaj dite mbetet e pashpjeguar nga ana e autoriteteve shtet\u00ebrore se si e kryen k\u00ebt\u00eb akt t\u00eb r\u00ebnd\u00eb fyes p\u00ebr orthodhoksin\u00eb, pa asnj\u00eb lloj komunikimi paraprak me Kish\u00ebn Orthodhokse. Kisha ka protestuar me forc\u00eb ndaj k\u00ebtij veprimi t\u00eb r\u00ebnd\u00eb dhe nuk do t\u00eb resht\u00eb kurr\u00eb s\u00eb mbrojturi t\u00eb v\u00ebrtet\u00ebn dhe t\u00eb drejt\u00ebn.<\/span><\/p>\n<p style=\"text-align: justify;\"><span style=\"font-size: 12pt; font-family: helvetica; color: #000000;\"><\/span><\/p>\n<p style=\"text-align: right;\"><span style=\"color: #000000;\">&nbsp;<strong><span style=\"font-size: 12pt; font-family: helvetica;\">Nga Kryepiskopata e Hirshme, 10 shtator 2015<\/span><\/strong><\/span><\/p>\n<p style=\"text-align: right;\">&nbsp;<\/p>\n<p style=\"text-align: center;\"><img class=\"lazyload\" decoding=\"async\" style=\"display: block; margin: 10px auto; border: 1px solid #000000;\" alt=\"\" src=\"data:image\/svg+xml,%3Csvg%20xmlns%3D%27http%3A%2F%2Fwww.w3.org%2F2000%2Fsvg%27%20width%3D%27450%27%20height%3D%27272%27%20viewBox%3D%270%200%20450%20272%27%3E%3Crect%20width%3D%27450%27%20height%3D%27272%27%20fill-opacity%3D%220%22%2F%3E%3C%2Fsvg%3E\" data-orig-src=\"https:\/\/lh5.googleusercontent.com\/-L0ZAr_PreRI\/VfF1dcb6LnI\/AAAAAAAAPo8\/yvtxe3IYXgY\/w800-h483-no\/11866335_497031843805172_7695583574405966252_n_800x483.jpg\" height=\"272\" width=\"450\" \/><\/p>\n<p style=\"text-align: center;\"><img class=\"lazyload\" decoding=\"async\" style=\"display: block; margin: 10px auto; border: 1px solid #000000;\" alt=\"\" src=\"data:image\/svg+xml,%3Csvg%20xmlns%3D%27http%3A%2F%2Fwww.w3.org%2F2000%2Fsvg%27%20width%3D%27450%27%20height%3D%27338%27%20viewBox%3D%270%200%20450%20338%27%3E%3Crect%20width%3D%27450%27%20height%3D%27338%27%20fill-opacity%3D%220%22%2F%3E%3C%2Fsvg%3E\" data-orig-src=\"https:\/\/lh6.googleusercontent.com\/-1TGU6Ymbe5g\/VfF1dYnv9jI\/AAAAAAAAPo8\/hvvKABe1eUk\/w506-h380-no\/KISHA+%281%29.jpg\" height=\"338\" width=\"450\" \/><\/p>\n<p style=\"text-align: center;\"><img class=\"lazyload\" decoding=\"async\" style=\"display: block; margin: 10px auto; border: 1px solid #000000;\" alt=\"\" src=\"data:image\/svg+xml,%3Csvg%20xmlns%3D%27http%3A%2F%2Fwww.w3.org%2F2000%2Fsvg%27%20width%3D%27450%27%20height%3D%27337%27%20viewBox%3D%270%200%20450%20337%27%3E%3Crect%20width%3D%27450%27%20height%3D%27337%27%20fill-opacity%3D%220%22%2F%3E%3C%2Fsvg%3E\" data-orig-src=\"https:\/\/lh5.googleusercontent.com\/-1nJ0vAQuUCc\/VfF1dfUAsAI\/AAAAAAAAPo8\/FmTBKY24Z3k\/w958-h719-no\/11887980_10207823700497069_9057669781849901309_n.jpg\" height=\"337\" width=\"450\" \/><\/p>\n<p style=\"text-align: center;\"><img class=\"lazyload\" decoding=\"async\" style=\"display: block; margin: 10px auto; border: 1px solid #000000;\" alt=\"\" src=\"data:image\/svg+xml,%3Csvg%20xmlns%3D%27http%3A%2F%2Fwww.w3.org%2F2000%2Fsvg%27%20width%3D%27450%27%20height%3D%27337%27%20viewBox%3D%270%200%20450%20337%27%3E%3Crect%20width%3D%27450%27%20height%3D%27337%27%20fill-opacity%3D%220%22%2F%3E%3C%2Fsvg%3E\" data-orig-src=\"https:\/\/lh5.googleusercontent.com\/-it1zL1pew2U\/VfF1dcMWF3I\/AAAAAAAAPo8\/ke8ivuPOk8k\/w958-h719-no\/11035735_10207823700537070_1838860871209210742_n.jpg\" height=\"337\" width=\"450\" \/><\/p>\n","protected":false},"excerpt":{"rendered":"<p>&nbsp; KISHA ORTHODHOKSE AUTOQEFALE E SHQIP\u00cbRIS\u00cb TJET\u00cbR PROTEST\u00cb PUBLIKE P\u00ebr shkat\u00ebrrimin e kish\u00ebs s\u00eb Sh\u00ebn Athanasit Dh\u00ebrmi &nbsp; &nbsp; &nbsp; Zyrtar\u00eb t\u00eb lart\u00eb t\u00eb shtetit p\u00ebrhap\u00ebn publikisht lajmin se Kisha Orthodhokse Autoqefale e Shqip\u00ebris\u00eb nuk ka protestuar p\u00ebr ngjarjet e shkat\u00ebrrimit t\u00eb kish\u00ebs s\u00eb hirshme t\u00eb Sh\u00ebn Athanasit n\u00eb Dh\u00ebrmi. E v\u00ebrteta \u00ebsht\u00eb se Kisha ka b\u00ebr\u00eb tri deklarata-protesta. Dy t\u00eb parat m\u00eb 20 dhe<\/p>\n","protected":false},"author":1,"featured_media":4134,"comment_status":"open","ping_status":"open","sticky":false,"template":"","format":"standard","meta":{"_acf_changed":false,"pagelayer_contact_templates":[],"_pagelayer_content":"","inline_featured_image":false,"fifu_image_url":"","fifu_image_alt":"","footnotes":""},"categories":[108],"tags":[139,196,212,203],"class_list":["post-4172","post","type-post","status-publish","format-standard","has-post-thumbnail","hentry","category-lajme","tag-139","tag-tirane","tag-lajme-d27","tag-pergjigje-ndaj-akuzave"],"acf":[],"yoast_head":"<!-- This site is optimized with the Yoast SEO plugin v27.2 - https:\/\/yoast.com\/product\/yoast-seo-wordpress\/ -->\n<title>TJET\u00cbR PROTEST\u00cb PUBLIKE - P\u00ebr shkat\u00ebrrimin e kish\u00ebs s\u00eb Sh\u00ebn Athanasit Dh\u00ebrmi - Kisha Orthodh\u03bfkse Autoqefale e Shqip\u00ebris\u00eb<\/title>\n<meta name=\"robots\" content=\"index, follow, max-snippet:-1, max-image-preview:large, max-video-preview:-1\" \/>\n<link rel=\"canonical\" href=\"https:\/\/orthodoxalbania.org\/2020\/2015\/09\/10\/tjeter-proteste-publike-per-shkaterrimin-e-kishes-se-shen-athanasit-dhermi\/\" \/>\n<meta property=\"og:locale\" content=\"en_US\" \/>\n<meta property=\"og:type\" content=\"article\" \/>\n<meta property=\"og:title\" content=\"TJET\u00cbR PROTEST\u00cb PUBLIKE - P\u00ebr shkat\u00ebrrimin e kish\u00ebs s\u00eb Sh\u00ebn Athanasit Dh\u00ebrmi - Kisha Orthodh\u03bfkse Autoqefale e Shqip\u00ebris\u00eb\" \/>\n<meta property=\"og:description\" content=\"&nbsp; KISHA ORTHODHOKSE AUTOQEFALE E SHQIP\u00cbRIS\u00cb TJET\u00cbR PROTEST\u00cb PUBLIKE P\u00ebr shkat\u00ebrrimin e kish\u00ebs s\u00eb Sh\u00ebn Athanasit Dh\u00ebrmi &nbsp; &nbsp; &nbsp; Zyrtar\u00eb t\u00eb lart\u00eb t\u00eb shtetit p\u00ebrhap\u00ebn publikisht lajmin se Kisha Orthodhokse Autoqefale e Shqip\u00ebris\u00eb nuk ka protestuar p\u00ebr ngjarjet e shkat\u00ebrrimit t\u00eb kish\u00ebs s\u00eb hirshme t\u00eb Sh\u00ebn Athanasit n\u00eb Dh\u00ebrmi. E v\u00ebrteta \u00ebsht\u00eb se Kisha ka b\u00ebr\u00eb tri deklarata-protesta. Dy t\u00eb parat m\u00eb 20 dhe\" \/>\n<meta property=\"og:url\" content=\"https:\/\/orthodoxalbania.org\/2020\/2015\/09\/10\/tjeter-proteste-publike-per-shkaterrimin-e-kishes-se-shen-athanasit-dhermi\/\" \/>\n<meta property=\"og:site_name\" content=\"Kisha Orthodh\u03bfkse Autoqefale e Shqip\u00ebris\u00eb\" \/>\n<meta property=\"article:publisher\" content=\"https:\/\/www.facebook.com\/koash1991\" \/>\n<meta property=\"article:published_time\" content=\"2015-09-10T12:07:10+00:00\" \/>\n<meta property=\"article:modified_time\" content=\"2020-04-06T20:02:07+00:00\" \/>\n<meta property=\"og:image\" content=\"https:\/\/orthodoxalbania.org\/2020\/wp-content\/uploads\/2020\/04\/_k4BIuMqkrXLx77OfEU0r2gecWZ9_RHuk_1q7GWdNwY-w960-h720-no.jpg\" \/>\n\t<meta property=\"og:image:width\" content=\"150\" \/>\n\t<meta property=\"og:image:height\" content=\"150\" \/>\n\t<meta property=\"og:image:type\" content=\"image\/jpeg\" \/>\n<meta name=\"author\" content=\"Kisha Orthodhokse\" \/>\n<meta name=\"twitter:card\" content=\"summary_large_image\" \/>\n<meta name=\"twitter:label1\" content=\"Written by\" \/>\n\t<meta name=\"twitter:data1\" content=\"Kisha Orthodhokse\" \/>\n\t<meta name=\"twitter:label2\" content=\"Est. reading time\" \/>\n\t<meta name=\"twitter:data2\" content=\"2 minutes\" \/>\n<script type=\"application\/ld+json\" class=\"yoast-schema-graph\">{\"@context\":\"https:\/\/schema.org\",\"@graph\":[{\"@type\":\"Article\",\"@id\":\"https:\/\/orthodoxalbania.org\/2020\/2015\/09\/10\/tjeter-proteste-publike-per-shkaterrimin-e-kishes-se-shen-athanasit-dhermi\/#article\",\"isPartOf\":{\"@id\":\"https:\/\/orthodoxalbania.org\/2020\/2015\/09\/10\/tjeter-proteste-publike-per-shkaterrimin-e-kishes-se-shen-athanasit-dhermi\/\"},\"author\":{\"name\":\"Kisha Orthodhokse\",\"@id\":\"https:\/\/orthodoxalbania.org\/2020\/#\/schema\/person\/0c387634a7063ac612d7ed9ce71c7e86\"},\"headline\":\"TJET\u00cbR PROTEST\u00cb PUBLIKE &#8211; P\u00ebr shkat\u00ebrrimin e kish\u00ebs s\u00eb Sh\u00ebn Athanasit Dh\u00ebrmi\",\"datePublished\":\"2015-09-10T12:07:10+00:00\",\"dateModified\":\"2020-04-06T20:02:07+00:00\",\"mainEntityOfPage\":{\"@id\":\"https:\/\/orthodoxalbania.org\/2020\/2015\/09\/10\/tjeter-proteste-publike-per-shkaterrimin-e-kishes-se-shen-athanasit-dhermi\/\"},\"wordCount\":513,\"commentCount\":0,\"publisher\":{\"@id\":\"https:\/\/orthodoxalbania.org\/2020\/#organization\"},\"image\":{\"@id\":\"https:\/\/orthodoxalbania.org\/2020\/2015\/09\/10\/tjeter-proteste-publike-per-shkaterrimin-e-kishes-se-shen-athanasit-dhermi\/#primaryimage\"},\"thumbnailUrl\":\"https:\/\/orthodoxalbania.org\/2020\/wp-content\/uploads\/2020\/04\/_k4BIuMqkrXLx77OfEU0r2gecWZ9_RHuk_1q7GWdNwY-w960-h720-no.jpg\",\"keywords\":[\"2015\",\"Kryepiskopata Tiran\u00eb\",\"lajme\",\"P\u00ebrgjigje ndaj akuzave\"],\"articleSection\":[\"Lajme\"],\"inLanguage\":\"en-US\"},{\"@type\":\"WebPage\",\"@id\":\"https:\/\/orthodoxalbania.org\/2020\/2015\/09\/10\/tjeter-proteste-publike-per-shkaterrimin-e-kishes-se-shen-athanasit-dhermi\/\",\"url\":\"https:\/\/orthodoxalbania.org\/2020\/2015\/09\/10\/tjeter-proteste-publike-per-shkaterrimin-e-kishes-se-shen-athanasit-dhermi\/\",\"name\":\"TJET\u00cbR PROTEST\u00cb PUBLIKE - P\u00ebr shkat\u00ebrrimin e kish\u00ebs s\u00eb Sh\u00ebn Athanasit Dh\u00ebrmi - Kisha Orthodh\u03bfkse Autoqefale e Shqip\u00ebris\u00eb\",\"isPartOf\":{\"@id\":\"https:\/\/orthodoxalbania.org\/2020\/#website\"},\"primaryImageOfPage\":{\"@id\":\"https:\/\/orthodoxalbania.org\/2020\/2015\/09\/10\/tjeter-proteste-publike-per-shkaterrimin-e-kishes-se-shen-athanasit-dhermi\/#primaryimage\"},\"image\":{\"@id\":\"https:\/\/orthodoxalbania.org\/2020\/2015\/09\/10\/tjeter-proteste-publike-per-shkaterrimin-e-kishes-se-shen-athanasit-dhermi\/#primaryimage\"},\"thumbnailUrl\":\"https:\/\/orthodoxalbania.org\/2020\/wp-content\/uploads\/2020\/04\/_k4BIuMqkrXLx77OfEU0r2gecWZ9_RHuk_1q7GWdNwY-w960-h720-no.jpg\",\"datePublished\":\"2015-09-10T12:07:10+00:00\",\"dateModified\":\"2020-04-06T20:02:07+00:00\",\"breadcrumb\":{\"@id\":\"https:\/\/orthodoxalbania.org\/2020\/2015\/09\/10\/tjeter-proteste-publike-per-shkaterrimin-e-kishes-se-shen-athanasit-dhermi\/#breadcrumb\"},\"inLanguage\":\"en-US\",\"potentialAction\":[{\"@type\":\"ReadAction\",\"target\":[\"https:\/\/orthodoxalbania.org\/2020\/2015\/09\/10\/tjeter-proteste-publike-per-shkaterrimin-e-kishes-se-shen-athanasit-dhermi\/\"]}]},{\"@type\":\"ImageObject\",\"inLanguage\":\"en-US\",\"@id\":\"https:\/\/orthodoxalbania.org\/2020\/2015\/09\/10\/tjeter-proteste-publike-per-shkaterrimin-e-kishes-se-shen-athanasit-dhermi\/#primaryimage\",\"url\":\"https:\/\/orthodoxalbania.org\/2020\/wp-content\/uploads\/2020\/04\/_k4BIuMqkrXLx77OfEU0r2gecWZ9_RHuk_1q7GWdNwY-w960-h720-no.jpg\",\"contentUrl\":\"https:\/\/orthodoxalbania.org\/2020\/wp-content\/uploads\/2020\/04\/_k4BIuMqkrXLx77OfEU0r2gecWZ9_RHuk_1q7GWdNwY-w960-h720-no.jpg\",\"width\":150,\"height\":150},{\"@type\":\"BreadcrumbList\",\"@id\":\"https:\/\/orthodoxalbania.org\/2020\/2015\/09\/10\/tjeter-proteste-publike-per-shkaterrimin-e-kishes-se-shen-athanasit-dhermi\/#breadcrumb\",\"itemListElement\":[{\"@type\":\"ListItem\",\"position\":1,\"name\":\"Home\",\"item\":\"https:\/\/orthodoxalbania.org\/2020\/\"},{\"@type\":\"ListItem\",\"position\":2,\"name\":\"TJET\u00cbR PROTEST\u00cb PUBLIKE &#8211; P\u00ebr shkat\u00ebrrimin e kish\u00ebs s\u00eb Sh\u00ebn Athanasit Dh\u00ebrmi\"}]},{\"@type\":\"WebSite\",\"@id\":\"https:\/\/orthodoxalbania.org\/2020\/#website\",\"url\":\"https:\/\/orthodoxalbania.org\/2020\/\",\"name\":\"Kisha Orthodh\u03bfkse Autoqefale e Shqip\u00ebris\u00eb\",\"description\":\"Fqja Zyrtare e Kish\u00ebs Orthodhokse Autoqefale e Shqip\u00ebris\u00eb me lajmet edhe informacionet zyrtare p\u00ebr struktur\u00ebn edhe veprimtarin e saj.\",\"publisher\":{\"@id\":\"https:\/\/orthodoxalbania.org\/2020\/#organization\"},\"potentialAction\":[{\"@type\":\"SearchAction\",\"target\":{\"@type\":\"EntryPoint\",\"urlTemplate\":\"https:\/\/orthodoxalbania.org\/2020\/?s={search_term_string}\"},\"query-input\":{\"@type\":\"PropertyValueSpecification\",\"valueRequired\":true,\"valueName\":\"search_term_string\"}}],\"inLanguage\":\"en-US\"},{\"@type\":\"Organization\",\"@id\":\"https:\/\/orthodoxalbania.org\/2020\/#organization\",\"name\":\"Kisha Orthodhokse Autoqefale e Shqip\u00ebris\u00eb\",\"url\":\"https:\/\/orthodoxalbania.org\/2020\/\",\"logo\":{\"@type\":\"ImageObject\",\"inLanguage\":\"en-US\",\"@id\":\"https:\/\/orthodoxalbania.org\/2020\/#\/schema\/logo\/image\/\",\"url\":\"https:\/\/orthodoxalbania.org\/2020\/wp-content\/uploads\/2020\/05\/albania.jpeg\",\"contentUrl\":\"https:\/\/orthodoxalbania.org\/2020\/wp-content\/uploads\/2020\/05\/albania.jpeg\",\"width\":540,\"height\":540,\"caption\":\"Kisha Orthodhokse Autoqefale e Shqip\u00ebris\u00eb\"},\"image\":{\"@id\":\"https:\/\/orthodoxalbania.org\/2020\/#\/schema\/logo\/image\/\"},\"sameAs\":[\"https:\/\/www.facebook.com\/koash1991\"]},{\"@type\":\"Person\",\"@id\":\"https:\/\/orthodoxalbania.org\/2020\/#\/schema\/person\/0c387634a7063ac612d7ed9ce71c7e86\",\"name\":\"Kisha Orthodhokse\",\"image\":{\"@type\":\"ImageObject\",\"inLanguage\":\"en-US\",\"@id\":\"https:\/\/secure.gravatar.com\/avatar\/596e7c417251e30f2fbb9c00e026fce61a695a00e51c889caded71c96cbbdde5?s=96&d=mm&r=g\",\"url\":\"https:\/\/secure.gravatar.com\/avatar\/596e7c417251e30f2fbb9c00e026fce61a695a00e51c889caded71c96cbbdde5?s=96&d=mm&r=g\",\"contentUrl\":\"https:\/\/secure.gravatar.com\/avatar\/596e7c417251e30f2fbb9c00e026fce61a695a00e51c889caded71c96cbbdde5?s=96&d=mm&r=g\",\"caption\":\"Kisha Orthodhokse\"}}]}<\/script>\n<!-- \/ Yoast SEO plugin. -->","yoast_head_json":{"title":"TJET\u00cbR PROTEST\u00cb PUBLIKE - P\u00ebr shkat\u00ebrrimin e kish\u00ebs s\u00eb Sh\u00ebn Athanasit Dh\u00ebrmi - Kisha Orthodh\u03bfkse Autoqefale e Shqip\u00ebris\u00eb","robots":{"index":"index","follow":"follow","max-snippet":"max-snippet:-1","max-image-preview":"max-image-preview:large","max-video-preview":"max-video-preview:-1"},"canonical":"https:\/\/orthodoxalbania.org\/2020\/2015\/09\/10\/tjeter-proteste-publike-per-shkaterrimin-e-kishes-se-shen-athanasit-dhermi\/","og_locale":"en_US","og_type":"article","og_title":"TJET\u00cbR PROTEST\u00cb PUBLIKE - P\u00ebr shkat\u00ebrrimin e kish\u00ebs s\u00eb Sh\u00ebn Athanasit Dh\u00ebrmi - Kisha Orthodh\u03bfkse Autoqefale e Shqip\u00ebris\u00eb","og_description":"&nbsp; KISHA ORTHODHOKSE AUTOQEFALE E SHQIP\u00cbRIS\u00cb TJET\u00cbR PROTEST\u00cb PUBLIKE P\u00ebr shkat\u00ebrrimin e kish\u00ebs s\u00eb Sh\u00ebn Athanasit Dh\u00ebrmi &nbsp; &nbsp; &nbsp; Zyrtar\u00eb t\u00eb lart\u00eb t\u00eb shtetit p\u00ebrhap\u00ebn publikisht lajmin se Kisha Orthodhokse Autoqefale e Shqip\u00ebris\u00eb nuk ka protestuar p\u00ebr ngjarjet e shkat\u00ebrrimit t\u00eb kish\u00ebs s\u00eb hirshme t\u00eb Sh\u00ebn Athanasit n\u00eb Dh\u00ebrmi. E v\u00ebrteta \u00ebsht\u00eb se Kisha ka b\u00ebr\u00eb tri deklarata-protesta. Dy t\u00eb parat m\u00eb 20 dhe","og_url":"https:\/\/orthodoxalbania.org\/2020\/2015\/09\/10\/tjeter-proteste-publike-per-shkaterrimin-e-kishes-se-shen-athanasit-dhermi\/","og_site_name":"Kisha Orthodh\u03bfkse Autoqefale e Shqip\u00ebris\u00eb","article_publisher":"https:\/\/www.facebook.com\/koash1991","article_published_time":"2015-09-10T12:07:10+00:00","article_modified_time":"2020-04-06T20:02:07+00:00","og_image":[{"width":150,"height":150,"url":"https:\/\/orthodoxalbania.org\/2020\/wp-content\/uploads\/2020\/04\/_k4BIuMqkrXLx77OfEU0r2gecWZ9_RHuk_1q7GWdNwY-w960-h720-no.jpg","type":"image\/jpeg"}],"author":"Kisha Orthodhokse","twitter_card":"summary_large_image","twitter_misc":{"Written by":"Kisha Orthodhokse","Est. reading time":"2 minutes"},"schema":{"@context":"https:\/\/schema.org","@graph":[{"@type":"Article","@id":"https:\/\/orthodoxalbania.org\/2020\/2015\/09\/10\/tjeter-proteste-publike-per-shkaterrimin-e-kishes-se-shen-athanasit-dhermi\/#article","isPartOf":{"@id":"https:\/\/orthodoxalbania.org\/2020\/2015\/09\/10\/tjeter-proteste-publike-per-shkaterrimin-e-kishes-se-shen-athanasit-dhermi\/"},"author":{"name":"Kisha Orthodhokse","@id":"https:\/\/orthodoxalbania.org\/2020\/#\/schema\/person\/0c387634a7063ac612d7ed9ce71c7e86"},"headline":"TJET\u00cbR PROTEST\u00cb PUBLIKE &#8211; P\u00ebr shkat\u00ebrrimin e kish\u00ebs s\u00eb Sh\u00ebn Athanasit Dh\u00ebrmi","datePublished":"2015-09-10T12:07:10+00:00","dateModified":"2020-04-06T20:02:07+00:00","mainEntityOfPage":{"@id":"https:\/\/orthodoxalbania.org\/2020\/2015\/09\/10\/tjeter-proteste-publike-per-shkaterrimin-e-kishes-se-shen-athanasit-dhermi\/"},"wordCount":513,"commentCount":0,"publisher":{"@id":"https:\/\/orthodoxalbania.org\/2020\/#organization"},"image":{"@id":"https:\/\/orthodoxalbania.org\/2020\/2015\/09\/10\/tjeter-proteste-publike-per-shkaterrimin-e-kishes-se-shen-athanasit-dhermi\/#primaryimage"},"thumbnailUrl":"https:\/\/orthodoxalbania.org\/2020\/wp-content\/uploads\/2020\/04\/_k4BIuMqkrXLx77OfEU0r2gecWZ9_RHuk_1q7GWdNwY-w960-h720-no.jpg","keywords":["2015","Kryepiskopata Tiran\u00eb","lajme","P\u00ebrgjigje ndaj akuzave"],"articleSection":["Lajme"],"inLanguage":"en-US"},{"@type":"WebPage","@id":"https:\/\/orthodoxalbania.org\/2020\/2015\/09\/10\/tjeter-proteste-publike-per-shkaterrimin-e-kishes-se-shen-athanasit-dhermi\/","url":"https:\/\/orthodoxalbania.org\/2020\/2015\/09\/10\/tjeter-proteste-publike-per-shkaterrimin-e-kishes-se-shen-athanasit-dhermi\/","name":"TJET\u00cbR PROTEST\u00cb PUBLIKE - P\u00ebr shkat\u00ebrrimin e kish\u00ebs s\u00eb Sh\u00ebn Athanasit Dh\u00ebrmi - Kisha Orthodh\u03bfkse Autoqefale e Shqip\u00ebris\u00eb","isPartOf":{"@id":"https:\/\/orthodoxalbania.org\/2020\/#website"},"primaryImageOfPage":{"@id":"https:\/\/orthodoxalbania.org\/2020\/2015\/09\/10\/tjeter-proteste-publike-per-shkaterrimin-e-kishes-se-shen-athanasit-dhermi\/#primaryimage"},"image":{"@id":"https:\/\/orthodoxalbania.org\/2020\/2015\/09\/10\/tjeter-proteste-publike-per-shkaterrimin-e-kishes-se-shen-athanasit-dhermi\/#primaryimage"},"thumbnailUrl":"https:\/\/orthodoxalbania.org\/2020\/wp-content\/uploads\/2020\/04\/_k4BIuMqkrXLx77OfEU0r2gecWZ9_RHuk_1q7GWdNwY-w960-h720-no.jpg","datePublished":"2015-09-10T12:07:10+00:00","dateModified":"2020-04-06T20:02:07+00:00","breadcrumb":{"@id":"https:\/\/orthodoxalbania.org\/2020\/2015\/09\/10\/tjeter-proteste-publike-per-shkaterrimin-e-kishes-se-shen-athanasit-dhermi\/#breadcrumb"},"inLanguage":"en-US","potentialAction":[{"@type":"ReadAction","target":["https:\/\/orthodoxalbania.org\/2020\/2015\/09\/10\/tjeter-proteste-publike-per-shkaterrimin-e-kishes-se-shen-athanasit-dhermi\/"]}]},{"@type":"ImageObject","inLanguage":"en-US","@id":"https:\/\/orthodoxalbania.org\/2020\/2015\/09\/10\/tjeter-proteste-publike-per-shkaterrimin-e-kishes-se-shen-athanasit-dhermi\/#primaryimage","url":"https:\/\/orthodoxalbania.org\/2020\/wp-content\/uploads\/2020\/04\/_k4BIuMqkrXLx77OfEU0r2gecWZ9_RHuk_1q7GWdNwY-w960-h720-no.jpg","contentUrl":"https:\/\/orthodoxalbania.org\/2020\/wp-content\/uploads\/2020\/04\/_k4BIuMqkrXLx77OfEU0r2gecWZ9_RHuk_1q7GWdNwY-w960-h720-no.jpg","width":150,"height":150},{"@type":"BreadcrumbList","@id":"https:\/\/orthodoxalbania.org\/2020\/2015\/09\/10\/tjeter-proteste-publike-per-shkaterrimin-e-kishes-se-shen-athanasit-dhermi\/#breadcrumb","itemListElement":[{"@type":"ListItem","position":1,"name":"Home","item":"https:\/\/orthodoxalbania.org\/2020\/"},{"@type":"ListItem","position":2,"name":"TJET\u00cbR PROTEST\u00cb PUBLIKE &#8211; P\u00ebr shkat\u00ebrrimin e kish\u00ebs s\u00eb Sh\u00ebn Athanasit Dh\u00ebrmi"}]},{"@type":"WebSite","@id":"https:\/\/orthodoxalbania.org\/2020\/#website","url":"https:\/\/orthodoxalbania.org\/2020\/","name":"Kisha Orthodh\u03bfkse Autoqefale e Shqip\u00ebris\u00eb","description":"Fqja Zyrtare e Kish\u00ebs Orthodhokse Autoqefale e Shqip\u00ebris\u00eb me lajmet edhe informacionet zyrtare p\u00ebr struktur\u00ebn edhe veprimtarin e saj.","publisher":{"@id":"https:\/\/orthodoxalbania.org\/2020\/#organization"},"potentialAction":[{"@type":"SearchAction","target":{"@type":"EntryPoint","urlTemplate":"https:\/\/orthodoxalbania.org\/2020\/?s={search_term_string}"},"query-input":{"@type":"PropertyValueSpecification","valueRequired":true,"valueName":"search_term_string"}}],"inLanguage":"en-US"},{"@type":"Organization","@id":"https:\/\/orthodoxalbania.org\/2020\/#organization","name":"Kisha Orthodhokse Autoqefale e Shqip\u00ebris\u00eb","url":"https:\/\/orthodoxalbania.org\/2020\/","logo":{"@type":"ImageObject","inLanguage":"en-US","@id":"https:\/\/orthodoxalbania.org\/2020\/#\/schema\/logo\/image\/","url":"https:\/\/orthodoxalbania.org\/2020\/wp-content\/uploads\/2020\/05\/albania.jpeg","contentUrl":"https:\/\/orthodoxalbania.org\/2020\/wp-content\/uploads\/2020\/05\/albania.jpeg","width":540,"height":540,"caption":"Kisha Orthodhokse Autoqefale e Shqip\u00ebris\u00eb"},"image":{"@id":"https:\/\/orthodoxalbania.org\/2020\/#\/schema\/logo\/image\/"},"sameAs":["https:\/\/www.facebook.com\/koash1991"]},{"@type":"Person","@id":"https:\/\/orthodoxalbania.org\/2020\/#\/schema\/person\/0c387634a7063ac612d7ed9ce71c7e86","name":"Kisha Orthodhokse","image":{"@type":"ImageObject","inLanguage":"en-US","@id":"https:\/\/secure.gravatar.com\/avatar\/596e7c417251e30f2fbb9c00e026fce61a695a00e51c889caded71c96cbbdde5?s=96&d=mm&r=g","url":"https:\/\/secure.gravatar.com\/avatar\/596e7c417251e30f2fbb9c00e026fce61a695a00e51c889caded71c96cbbdde5?s=96&d=mm&r=g","contentUrl":"https:\/\/secure.gravatar.com\/avatar\/596e7c417251e30f2fbb9c00e026fce61a695a00e51c889caded71c96cbbdde5?s=96&d=mm&r=g","caption":"Kisha Orthodhokse"}}]}},"_links":{"self":[{"href":"https:\/\/orthodoxalbania.org\/2020\/wp-json\/wp\/v2\/posts\/4172","targetHints":{"allow":["GET"]}}],"collection":[{"href":"https:\/\/orthodoxalbania.org\/2020\/wp-json\/wp\/v2\/posts"}],"about":[{"href":"https:\/\/orthodoxalbania.org\/2020\/wp-json\/wp\/v2\/types\/post"}],"author":[{"embeddable":true,"href":"https:\/\/orthodoxalbania.org\/2020\/wp-json\/wp\/v2\/users\/1"}],"replies":[{"embeddable":true,"href":"https:\/\/orthodoxalbania.org\/2020\/wp-json\/wp\/v2\/comments?post=4172"}],"version-history":[{"count":1,"href":"https:\/\/orthodoxalbania.org\/2020\/wp-json\/wp\/v2\/posts\/4172\/revisions"}],"predecessor-version":[{"id":14959,"href":"https:\/\/orthodoxalbania.org\/2020\/wp-json\/wp\/v2\/posts\/4172\/revisions\/14959"}],"wp:featuredmedia":[{"embeddable":true,"href":"https:\/\/orthodoxalbania.org\/2020\/wp-json\/wp\/v2\/media\/4134"}],"wp:attachment":[{"href":"https:\/\/orthodoxalbania.org\/2020\/wp-json\/wp\/v2\/media?parent=4172"}],"wp:term":[{"taxonomy":"category","embeddable":true,"href":"https:\/\/orthodoxalbania.org\/2020\/wp-json\/wp\/v2\/categories?post=4172"},{"taxonomy":"post_tag","embeddable":true,"href":"https:\/\/orthodoxalbania.org\/2020\/wp-json\/wp\/v2\/tags?post=4172"}],"curies":[{"name":"wp","href":"https:\/\/api.w.org\/{rel}","templated":true}]}}