{"id":4170,"date":"2015-09-10T11:52:24","date_gmt":"2015-09-10T11:52:24","guid":{"rendered":""},"modified":"2020-04-06T22:02:07","modified_gmt":"2020-04-06T20:02:07","slug":"u-mbyll-takimi-nderkombetar-paqja-eshte-gjithmone-e-mundshme","status":"publish","type":"post","link":"https:\/\/orthodoxalbania.org\/2020\/2015\/09\/10\/u-mbyll-takimi-nderkombetar-paqja-eshte-gjithmone-e-mundshme\/","title":{"rendered":"U mbyll takimi nd\u00ebrkomb\u00ebtar; \u201cPaqja \u00ebsht\u00eb gjithmon\u00eb e mundshme\u201d"},"content":{"rendered":"<p style=\"text-align: justify;\">&nbsp;<\/p>\n<p style=\"text-align: center;\"><strong><span style=\"font-size: 12pt; font-family: helvetica; color: #000000;\">U mbyll takimi nd\u00ebrkomb\u00ebtar<\/span><\/strong><\/p>\n<p style=\"text-align: center;\"><span style=\"color: #800000;\"><strong><span style=\"font-size: 12pt; font-family: helvetica;\">\u201cPaqja \u00ebsht\u00eb gjithmon\u00eb e mundshme\u201d<\/span><\/strong><\/span><\/p>\n<p style=\"text-align: justify;\">&nbsp;<\/p>\n<p style=\"text-align: justify;\"><span style=\"font-size: 12pt; font-family: helvetica; color: #000000;\">&nbsp; &nbsp; Me disa veprimtari masive u mbyll n\u00eb pasditet e 8 shtatorit takimi nd\u00ebrkomb\u00ebtar nd\u00ebrfetar \u201cPaqja \u00ebsht\u00eb gjithmon\u00eb e mundshme \u2013 dialogu midis besimeve dhe kulturave\u201d. Ajo u organizua nga Komuniteti SantEgidio, n\u00eb bashk\u00ebpunim me Kish\u00ebs Orthodhokse Autoqefale t\u00eb Shqip\u00ebris\u00eb dhe Konferenc\u00ebn Ipeshkvnore t\u00eb Shqip\u00ebris\u00eb, me pjes\u00ebmarrjen edhe nga komunitetet e tjera fetare n\u00eb vend.<\/span><\/p>\n<p style=\"text-align: justify;\"><span style=\"font-size: 12pt; font-family: helvetica; color: #000000;\">&nbsp; &nbsp; Aktivitetet e pasdites u hap\u00ebn me nj\u00eb veprimtari lutjeje, ndar\u00eb n\u00eb grupe sipas grupeve t\u00eb besimeve. Besimet e krishtera u mblodh\u00ebn n\u00eb sheshin e Katedrales \u201cNgjallja e Krishtit\u201d. Ishin t\u00eb pranish\u00ebm edhe Kryepiskopi Anastas dhe an\u00ebtar\u00eb t\u00eb Sinodit t\u00eb Shenjt\u00eb dhe Mitropolit\u00ebt dhe Episkop\u00ebt q\u00eb kishin ardhur si p\u00ebrfaq\u00ebsues t\u00eb Kishave Orthodhokse. P\u00ebrfaq\u00ebsuesi i Patriarkan\u00ebs Ekumenike, Mitropoliti Athinagora, lexoi mesazhin e ve\u00e7ant\u00eb me k\u00ebt\u00eb rast t\u00eb Patriarkut Ekumenik Vartholomeut.<\/span><\/p>\n<p style=\"text-align: justify;\"><span style=\"font-size: 12pt; font-family: helvetica; color: #000000;\">&nbsp; &nbsp; N\u00eb or\u00ebn 18.30, t\u00eb gjith\u00eb t\u00eb pranishmit u nis\u00ebn s\u00eb bashku n\u00ebp\u00ebr rrug\u00ebn krah katedrales e m\u00eb pas n\u00eb Bulevardin D\u00ebshmor\u00ebt e Kombit drejt sheshit para godin\u00ebs s\u00eb \u201cpiramid\u00ebs\u201d, ku do b\u00ebhej mbyllja e veprimtaris\u00eb. Rrug\u00ebs u bashkuan edhe me dy grupet e tjera dhe vazhduan si nj\u00eb lum shum\u00ebngjyr\u00ebsh besimesh. Me nj\u00eb koreografi shum\u00ebngjyr\u00ebshe, para vendit q\u00eb duhet t\u00eb p\u00ebrkujtonte diktatorin q\u00eb kujtoi se mund t\u2019u ndalonte njer\u00ebzve t\u00eb drejt\u00ebn p\u00ebr t\u2019iu lutur Per\u00ebndis\u00eb, takimi filloi me nj\u00eb p\u00ebrsh\u00ebndetje t\u00eb Kryetarit t\u00eb Bashkis\u00eb, Erion Veliaj, q\u00eb ftoi p\u00ebrfaq\u00ebsuesit e komuniteteve t\u00eb ndryshme fetare t\u00eb Shqip\u00ebris\u00eb q\u00eb t\u00eb mbillnin nj\u00eb pem\u00eb ulliri n\u00eb shenj\u00eb paqeje, si dhe tema e takimit, por edhe si pema e par\u00eb e kopshtit t\u00eb besimeve q\u00eb do realizohet aty.<\/span><\/p>\n<p style=\"text-align: justify;\"><span style=\"font-size: 12pt; font-family: helvetica; color: #000000;\">&nbsp; &nbsp; Veprimtarin\u00eb e p\u00ebrsh\u00ebndeti pastaj Presidenti i Republik\u00ebs, z. Bujar Nishani, I cili tha se ky takim do t\u00eb ruaj\u00eb nj\u00eb pozicion nderi, sepse iu kushtua kryetem\u00ebs dhe kryeaspirat\u00ebs, paqes dhe liris\u00eb s\u00eb besimit.<\/span><\/p>\n<p style=\"text-align: justify;\"><span style=\"font-size: 12pt; font-family: helvetica; color: #000000;\">&nbsp; &nbsp; Kryepiskopi i Tiran\u00ebs, Durr\u00ebsit dhe i Gjith\u00eb Shqip\u00ebris\u00eb Anastasi, mbajti nj\u00eb nga fjal\u00ebt p\u00ebrmbyll\u00ebse. Ai tha nd\u00ebr t\u00eb tjera se: Per\u00ebndia \u00ebsht\u00eb gjithmon\u00eb me paqeb\u00ebr\u00ebsit dhe na frym\u00ebzon e mb\u00ebshtet n\u00eb p\u00ebrpjekjet dhe mundimet tona. Ne t\u00eb krishter\u00ebt dim\u00eb se Per\u00ebndia vet\u00eb \u00ebsht\u00eb dashuri dhe ai q\u00eb q\u00ebndron n\u00eb dashuri, q\u00ebndron n\u00eb Per\u00ebndin\u00eb dhe Per\u00ebndia n\u00eb at\u00eb (1 Jn. 4:16). \u00c7do dhun\u00eb n\u00eb em\u00ebr t\u00eb fes\u00eb dhunon esenc\u00ebn e fes\u00eb.<\/span><\/p>\n<p style=\"text-align: justify;\"><span style=\"font-size: 12pt; font-family: helvetica; color: #000000;\">&nbsp; &nbsp; N\u00eb vazhdim foli dhe themeluesi i Komunitetit SantEgidio Andrea Rikardi dhe u mbajt nj\u00eb minut\u00eb heshtje p\u00ebr viktimat e dhun\u00ebs, luft\u00ebrave, emigracionit etj.<\/span><\/p>\n<p style=\"text-align: justify;\"><span style=\"font-size: 12pt; font-family: helvetica; color: #000000;\">&nbsp; &nbsp; N\u00eb fund, u krye apeli i Paqes i pjes\u00ebmarr\u00ebsve n\u00eb Takim, e cila m\u00eb pas u firmos nga t\u00eb gjith\u00eb ata.<\/span><\/p>\n<p style=\"text-align: justify;\">&nbsp;<\/p>\n<p style=\"text-align: center;\"><img class=\"lazyload\" decoding=\"async\" style=\"display: block; margin: 10px auto; border: 1px solid #000000;\" alt=\"\" src=\"data:image\/svg+xml,%3Csvg%20xmlns%3D%27http%3A%2F%2Fwww.w3.org%2F2000%2Fsvg%27%20width%3D%27571%27%20height%3D%27380%27%20viewBox%3D%270%200%20571%20380%27%3E%3Crect%20width%3D%27571%27%20height%3D%27380%27%20fill-opacity%3D%220%22%2F%3E%3C%2Fsvg%3E\" data-orig-src=\"https:\/\/lh5.googleusercontent.com\/-oQFPplwJmp0\/VfFufcvLrcI\/AAAAAAAAPnU\/2kW-63nqMKQ\/w800-h533-no\/Peace_Conference.Prayer-106_800x533.jpg\" height=\"380\" width=\"571\" \/><\/p>\n","protected":false},"excerpt":{"rendered":"<p>&nbsp; U mbyll takimi nd\u00ebrkomb\u00ebtar \u201cPaqja \u00ebsht\u00eb gjithmon\u00eb e mundshme\u201d &nbsp; &nbsp; &nbsp; Me disa veprimtari masive u mbyll n\u00eb pasditet e 8 shtatorit takimi nd\u00ebrkomb\u00ebtar nd\u00ebrfetar \u201cPaqja \u00ebsht\u00eb gjithmon\u00eb e mundshme \u2013 dialogu midis besimeve dhe kulturave\u201d. Ajo u organizua nga Komuniteti SantEgidio, n\u00eb bashk\u00ebpunim me Kish\u00ebs Orthodhokse Autoqefale t\u00eb Shqip\u00ebris\u00eb dhe Konferenc\u00ebn Ipeshkvnore t\u00eb Shqip\u00ebris\u00eb, me pjes\u00ebmarrjen edhe nga komunitetet e tjera fetare<\/p>\n","protected":false},"author":1,"featured_media":4171,"comment_status":"open","ping_status":"open","sticky":false,"template":"","format":"standard","meta":{"_acf_changed":false,"pagelayer_contact_templates":[],"_pagelayer_content":"","inline_featured_image":false,"fifu_image_url":"","fifu_image_alt":"","footnotes":""},"categories":[108],"tags":[139,162,196,201,212],"class_list":["post-4170","post","type-post","status-publish","format-standard","has-post-thumbnail","hentry","category-lajme","tag-139","tag-aktivitete-nderfetare","tag-tirane","tag-kryepiskopi-anastas","tag-lajme-d27"],"acf":[],"yoast_head":"<!-- This site is optimized with the Yoast SEO plugin v27.2 - https:\/\/yoast.com\/product\/yoast-seo-wordpress\/ -->\n<title>U mbyll takimi nd\u00ebrkomb\u00ebtar; \u201cPaqja \u00ebsht\u00eb gjithmon\u00eb e mundshme\u201d - Kisha Orthodh\u03bfkse Autoqefale e Shqip\u00ebris\u00eb<\/title>\n<meta name=\"robots\" content=\"index, follow, max-snippet:-1, max-image-preview:large, max-video-preview:-1\" \/>\n<link rel=\"canonical\" href=\"https:\/\/orthodoxalbania.org\/2020\/2015\/09\/10\/u-mbyll-takimi-nderkombetar-paqja-eshte-gjithmone-e-mundshme\/\" \/>\n<meta property=\"og:locale\" content=\"en_US\" \/>\n<meta property=\"og:type\" content=\"article\" \/>\n<meta property=\"og:title\" content=\"U mbyll takimi nd\u00ebrkomb\u00ebtar; \u201cPaqja \u00ebsht\u00eb gjithmon\u00eb e mundshme\u201d - Kisha Orthodh\u03bfkse Autoqefale e Shqip\u00ebris\u00eb\" \/>\n<meta property=\"og:description\" content=\"&nbsp; U mbyll takimi nd\u00ebrkomb\u00ebtar \u201cPaqja \u00ebsht\u00eb gjithmon\u00eb e mundshme\u201d &nbsp; &nbsp; &nbsp; Me disa veprimtari masive u mbyll n\u00eb pasditet e 8 shtatorit takimi nd\u00ebrkomb\u00ebtar nd\u00ebrfetar \u201cPaqja \u00ebsht\u00eb gjithmon\u00eb e mundshme \u2013 dialogu midis besimeve dhe kulturave\u201d. Ajo u organizua nga Komuniteti SantEgidio, n\u00eb bashk\u00ebpunim me Kish\u00ebs Orthodhokse Autoqefale t\u00eb Shqip\u00ebris\u00eb dhe Konferenc\u00ebn Ipeshkvnore t\u00eb Shqip\u00ebris\u00eb, me pjes\u00ebmarrjen edhe nga komunitetet e tjera fetare\" \/>\n<meta property=\"og:url\" content=\"https:\/\/orthodoxalbania.org\/2020\/2015\/09\/10\/u-mbyll-takimi-nderkombetar-paqja-eshte-gjithmone-e-mundshme\/\" \/>\n<meta property=\"og:site_name\" content=\"Kisha Orthodh\u03bfkse Autoqefale e Shqip\u00ebris\u00eb\" \/>\n<meta property=\"article:publisher\" content=\"https:\/\/www.facebook.com\/koash1991\" \/>\n<meta property=\"article:published_time\" content=\"2015-09-10T11:52:24+00:00\" \/>\n<meta property=\"article:modified_time\" content=\"2020-04-06T20:02:07+00:00\" \/>\n<meta property=\"og:image\" content=\"https:\/\/orthodoxalbania.org\/2020\/wp-content\/uploads\/2020\/04\/Peace_Conference.Prayer-106_800x533.jpg\" \/>\n\t<meta property=\"og:image:width\" content=\"150\" \/>\n\t<meta property=\"og:image:height\" content=\"150\" \/>\n\t<meta property=\"og:image:type\" content=\"image\/jpeg\" \/>\n<meta name=\"author\" content=\"Kisha Orthodhokse\" \/>\n<meta name=\"twitter:card\" content=\"summary_large_image\" \/>\n<meta name=\"twitter:label1\" content=\"Written by\" \/>\n\t<meta name=\"twitter:data1\" content=\"Kisha Orthodhokse\" \/>\n\t<meta name=\"twitter:label2\" content=\"Est. reading time\" \/>\n\t<meta name=\"twitter:data2\" content=\"2 minutes\" \/>\n<script type=\"application\/ld+json\" class=\"yoast-schema-graph\">{\"@context\":\"https:\/\/schema.org\",\"@graph\":[{\"@type\":\"Article\",\"@id\":\"https:\/\/orthodoxalbania.org\/2020\/2015\/09\/10\/u-mbyll-takimi-nderkombetar-paqja-eshte-gjithmone-e-mundshme\/#article\",\"isPartOf\":{\"@id\":\"https:\/\/orthodoxalbania.org\/2020\/2015\/09\/10\/u-mbyll-takimi-nderkombetar-paqja-eshte-gjithmone-e-mundshme\/\"},\"author\":{\"name\":\"Kisha Orthodhokse\",\"@id\":\"https:\/\/orthodoxalbania.org\/2020\/#\/schema\/person\/0c387634a7063ac612d7ed9ce71c7e86\"},\"headline\":\"U mbyll takimi nd\u00ebrkomb\u00ebtar; \u201cPaqja \u00ebsht\u00eb gjithmon\u00eb e mundshme\u201d\",\"datePublished\":\"2015-09-10T11:52:24+00:00\",\"dateModified\":\"2020-04-06T20:02:07+00:00\",\"mainEntityOfPage\":{\"@id\":\"https:\/\/orthodoxalbania.org\/2020\/2015\/09\/10\/u-mbyll-takimi-nderkombetar-paqja-eshte-gjithmone-e-mundshme\/\"},\"wordCount\":508,\"commentCount\":0,\"publisher\":{\"@id\":\"https:\/\/orthodoxalbania.org\/2020\/#organization\"},\"image\":{\"@id\":\"https:\/\/orthodoxalbania.org\/2020\/2015\/09\/10\/u-mbyll-takimi-nderkombetar-paqja-eshte-gjithmone-e-mundshme\/#primaryimage\"},\"thumbnailUrl\":\"https:\/\/orthodoxalbania.org\/2020\/wp-content\/uploads\/2020\/04\/Peace_Conference.Prayer-106_800x533.jpg\",\"keywords\":[\"2015\",\"Aktivitete Nd\u00ebrfetare\",\"Kryepiskopata Tiran\u00eb\",\"Kryepiskopi Anastas\",\"lajme\"],\"articleSection\":[\"Lajme\"],\"inLanguage\":\"en-US\"},{\"@type\":\"WebPage\",\"@id\":\"https:\/\/orthodoxalbania.org\/2020\/2015\/09\/10\/u-mbyll-takimi-nderkombetar-paqja-eshte-gjithmone-e-mundshme\/\",\"url\":\"https:\/\/orthodoxalbania.org\/2020\/2015\/09\/10\/u-mbyll-takimi-nderkombetar-paqja-eshte-gjithmone-e-mundshme\/\",\"name\":\"U mbyll takimi nd\u00ebrkomb\u00ebtar; \u201cPaqja \u00ebsht\u00eb gjithmon\u00eb e mundshme\u201d - Kisha Orthodh\u03bfkse Autoqefale e Shqip\u00ebris\u00eb\",\"isPartOf\":{\"@id\":\"https:\/\/orthodoxalbania.org\/2020\/#website\"},\"primaryImageOfPage\":{\"@id\":\"https:\/\/orthodoxalbania.org\/2020\/2015\/09\/10\/u-mbyll-takimi-nderkombetar-paqja-eshte-gjithmone-e-mundshme\/#primaryimage\"},\"image\":{\"@id\":\"https:\/\/orthodoxalbania.org\/2020\/2015\/09\/10\/u-mbyll-takimi-nderkombetar-paqja-eshte-gjithmone-e-mundshme\/#primaryimage\"},\"thumbnailUrl\":\"https:\/\/orthodoxalbania.org\/2020\/wp-content\/uploads\/2020\/04\/Peace_Conference.Prayer-106_800x533.jpg\",\"datePublished\":\"2015-09-10T11:52:24+00:00\",\"dateModified\":\"2020-04-06T20:02:07+00:00\",\"breadcrumb\":{\"@id\":\"https:\/\/orthodoxalbania.org\/2020\/2015\/09\/10\/u-mbyll-takimi-nderkombetar-paqja-eshte-gjithmone-e-mundshme\/#breadcrumb\"},\"inLanguage\":\"en-US\",\"potentialAction\":[{\"@type\":\"ReadAction\",\"target\":[\"https:\/\/orthodoxalbania.org\/2020\/2015\/09\/10\/u-mbyll-takimi-nderkombetar-paqja-eshte-gjithmone-e-mundshme\/\"]}]},{\"@type\":\"ImageObject\",\"inLanguage\":\"en-US\",\"@id\":\"https:\/\/orthodoxalbania.org\/2020\/2015\/09\/10\/u-mbyll-takimi-nderkombetar-paqja-eshte-gjithmone-e-mundshme\/#primaryimage\",\"url\":\"https:\/\/orthodoxalbania.org\/2020\/wp-content\/uploads\/2020\/04\/Peace_Conference.Prayer-106_800x533.jpg\",\"contentUrl\":\"https:\/\/orthodoxalbania.org\/2020\/wp-content\/uploads\/2020\/04\/Peace_Conference.Prayer-106_800x533.jpg\",\"width\":150,\"height\":150},{\"@type\":\"BreadcrumbList\",\"@id\":\"https:\/\/orthodoxalbania.org\/2020\/2015\/09\/10\/u-mbyll-takimi-nderkombetar-paqja-eshte-gjithmone-e-mundshme\/#breadcrumb\",\"itemListElement\":[{\"@type\":\"ListItem\",\"position\":1,\"name\":\"Home\",\"item\":\"https:\/\/orthodoxalbania.org\/2020\/\"},{\"@type\":\"ListItem\",\"position\":2,\"name\":\"U mbyll takimi nd\u00ebrkomb\u00ebtar; \u201cPaqja \u00ebsht\u00eb gjithmon\u00eb e mundshme\u201d\"}]},{\"@type\":\"WebSite\",\"@id\":\"https:\/\/orthodoxalbania.org\/2020\/#website\",\"url\":\"https:\/\/orthodoxalbania.org\/2020\/\",\"name\":\"Kisha Orthodh\u03bfkse Autoqefale e Shqip\u00ebris\u00eb\",\"description\":\"Fqja Zyrtare e Kish\u00ebs Orthodhokse Autoqefale e Shqip\u00ebris\u00eb me lajmet edhe informacionet zyrtare p\u00ebr struktur\u00ebn edhe veprimtarin e saj.\",\"publisher\":{\"@id\":\"https:\/\/orthodoxalbania.org\/2020\/#organization\"},\"potentialAction\":[{\"@type\":\"SearchAction\",\"target\":{\"@type\":\"EntryPoint\",\"urlTemplate\":\"https:\/\/orthodoxalbania.org\/2020\/?s={search_term_string}\"},\"query-input\":{\"@type\":\"PropertyValueSpecification\",\"valueRequired\":true,\"valueName\":\"search_term_string\"}}],\"inLanguage\":\"en-US\"},{\"@type\":\"Organization\",\"@id\":\"https:\/\/orthodoxalbania.org\/2020\/#organization\",\"name\":\"Kisha Orthodhokse Autoqefale e Shqip\u00ebris\u00eb\",\"url\":\"https:\/\/orthodoxalbania.org\/2020\/\",\"logo\":{\"@type\":\"ImageObject\",\"inLanguage\":\"en-US\",\"@id\":\"https:\/\/orthodoxalbania.org\/2020\/#\/schema\/logo\/image\/\",\"url\":\"https:\/\/orthodoxalbania.org\/2020\/wp-content\/uploads\/2020\/05\/albania.jpeg\",\"contentUrl\":\"https:\/\/orthodoxalbania.org\/2020\/wp-content\/uploads\/2020\/05\/albania.jpeg\",\"width\":540,\"height\":540,\"caption\":\"Kisha Orthodhokse Autoqefale e Shqip\u00ebris\u00eb\"},\"image\":{\"@id\":\"https:\/\/orthodoxalbania.org\/2020\/#\/schema\/logo\/image\/\"},\"sameAs\":[\"https:\/\/www.facebook.com\/koash1991\"]},{\"@type\":\"Person\",\"@id\":\"https:\/\/orthodoxalbania.org\/2020\/#\/schema\/person\/0c387634a7063ac612d7ed9ce71c7e86\",\"name\":\"Kisha Orthodhokse\",\"image\":{\"@type\":\"ImageObject\",\"inLanguage\":\"en-US\",\"@id\":\"https:\/\/secure.gravatar.com\/avatar\/596e7c417251e30f2fbb9c00e026fce61a695a00e51c889caded71c96cbbdde5?s=96&d=mm&r=g\",\"url\":\"https:\/\/secure.gravatar.com\/avatar\/596e7c417251e30f2fbb9c00e026fce61a695a00e51c889caded71c96cbbdde5?s=96&d=mm&r=g\",\"contentUrl\":\"https:\/\/secure.gravatar.com\/avatar\/596e7c417251e30f2fbb9c00e026fce61a695a00e51c889caded71c96cbbdde5?s=96&d=mm&r=g\",\"caption\":\"Kisha Orthodhokse\"}}]}<\/script>\n<!-- \/ Yoast SEO plugin. -->","yoast_head_json":{"title":"U mbyll takimi nd\u00ebrkomb\u00ebtar; \u201cPaqja \u00ebsht\u00eb gjithmon\u00eb e mundshme\u201d - Kisha Orthodh\u03bfkse Autoqefale e Shqip\u00ebris\u00eb","robots":{"index":"index","follow":"follow","max-snippet":"max-snippet:-1","max-image-preview":"max-image-preview:large","max-video-preview":"max-video-preview:-1"},"canonical":"https:\/\/orthodoxalbania.org\/2020\/2015\/09\/10\/u-mbyll-takimi-nderkombetar-paqja-eshte-gjithmone-e-mundshme\/","og_locale":"en_US","og_type":"article","og_title":"U mbyll takimi nd\u00ebrkomb\u00ebtar; \u201cPaqja \u00ebsht\u00eb gjithmon\u00eb e mundshme\u201d - Kisha Orthodh\u03bfkse Autoqefale e Shqip\u00ebris\u00eb","og_description":"&nbsp; U mbyll takimi nd\u00ebrkomb\u00ebtar \u201cPaqja \u00ebsht\u00eb gjithmon\u00eb e mundshme\u201d &nbsp; &nbsp; &nbsp; Me disa veprimtari masive u mbyll n\u00eb pasditet e 8 shtatorit takimi nd\u00ebrkomb\u00ebtar nd\u00ebrfetar \u201cPaqja \u00ebsht\u00eb gjithmon\u00eb e mundshme \u2013 dialogu midis besimeve dhe kulturave\u201d. Ajo u organizua nga Komuniteti SantEgidio, n\u00eb bashk\u00ebpunim me Kish\u00ebs Orthodhokse Autoqefale t\u00eb Shqip\u00ebris\u00eb dhe Konferenc\u00ebn Ipeshkvnore t\u00eb Shqip\u00ebris\u00eb, me pjes\u00ebmarrjen edhe nga komunitetet e tjera fetare","og_url":"https:\/\/orthodoxalbania.org\/2020\/2015\/09\/10\/u-mbyll-takimi-nderkombetar-paqja-eshte-gjithmone-e-mundshme\/","og_site_name":"Kisha Orthodh\u03bfkse Autoqefale e Shqip\u00ebris\u00eb","article_publisher":"https:\/\/www.facebook.com\/koash1991","article_published_time":"2015-09-10T11:52:24+00:00","article_modified_time":"2020-04-06T20:02:07+00:00","og_image":[{"width":150,"height":150,"url":"https:\/\/orthodoxalbania.org\/2020\/wp-content\/uploads\/2020\/04\/Peace_Conference.Prayer-106_800x533.jpg","type":"image\/jpeg"}],"author":"Kisha Orthodhokse","twitter_card":"summary_large_image","twitter_misc":{"Written by":"Kisha Orthodhokse","Est. reading time":"2 minutes"},"schema":{"@context":"https:\/\/schema.org","@graph":[{"@type":"Article","@id":"https:\/\/orthodoxalbania.org\/2020\/2015\/09\/10\/u-mbyll-takimi-nderkombetar-paqja-eshte-gjithmone-e-mundshme\/#article","isPartOf":{"@id":"https:\/\/orthodoxalbania.org\/2020\/2015\/09\/10\/u-mbyll-takimi-nderkombetar-paqja-eshte-gjithmone-e-mundshme\/"},"author":{"name":"Kisha Orthodhokse","@id":"https:\/\/orthodoxalbania.org\/2020\/#\/schema\/person\/0c387634a7063ac612d7ed9ce71c7e86"},"headline":"U mbyll takimi nd\u00ebrkomb\u00ebtar; \u201cPaqja \u00ebsht\u00eb gjithmon\u00eb e mundshme\u201d","datePublished":"2015-09-10T11:52:24+00:00","dateModified":"2020-04-06T20:02:07+00:00","mainEntityOfPage":{"@id":"https:\/\/orthodoxalbania.org\/2020\/2015\/09\/10\/u-mbyll-takimi-nderkombetar-paqja-eshte-gjithmone-e-mundshme\/"},"wordCount":508,"commentCount":0,"publisher":{"@id":"https:\/\/orthodoxalbania.org\/2020\/#organization"},"image":{"@id":"https:\/\/orthodoxalbania.org\/2020\/2015\/09\/10\/u-mbyll-takimi-nderkombetar-paqja-eshte-gjithmone-e-mundshme\/#primaryimage"},"thumbnailUrl":"https:\/\/orthodoxalbania.org\/2020\/wp-content\/uploads\/2020\/04\/Peace_Conference.Prayer-106_800x533.jpg","keywords":["2015","Aktivitete Nd\u00ebrfetare","Kryepiskopata Tiran\u00eb","Kryepiskopi Anastas","lajme"],"articleSection":["Lajme"],"inLanguage":"en-US"},{"@type":"WebPage","@id":"https:\/\/orthodoxalbania.org\/2020\/2015\/09\/10\/u-mbyll-takimi-nderkombetar-paqja-eshte-gjithmone-e-mundshme\/","url":"https:\/\/orthodoxalbania.org\/2020\/2015\/09\/10\/u-mbyll-takimi-nderkombetar-paqja-eshte-gjithmone-e-mundshme\/","name":"U mbyll takimi nd\u00ebrkomb\u00ebtar; \u201cPaqja \u00ebsht\u00eb gjithmon\u00eb e mundshme\u201d - Kisha Orthodh\u03bfkse Autoqefale e Shqip\u00ebris\u00eb","isPartOf":{"@id":"https:\/\/orthodoxalbania.org\/2020\/#website"},"primaryImageOfPage":{"@id":"https:\/\/orthodoxalbania.org\/2020\/2015\/09\/10\/u-mbyll-takimi-nderkombetar-paqja-eshte-gjithmone-e-mundshme\/#primaryimage"},"image":{"@id":"https:\/\/orthodoxalbania.org\/2020\/2015\/09\/10\/u-mbyll-takimi-nderkombetar-paqja-eshte-gjithmone-e-mundshme\/#primaryimage"},"thumbnailUrl":"https:\/\/orthodoxalbania.org\/2020\/wp-content\/uploads\/2020\/04\/Peace_Conference.Prayer-106_800x533.jpg","datePublished":"2015-09-10T11:52:24+00:00","dateModified":"2020-04-06T20:02:07+00:00","breadcrumb":{"@id":"https:\/\/orthodoxalbania.org\/2020\/2015\/09\/10\/u-mbyll-takimi-nderkombetar-paqja-eshte-gjithmone-e-mundshme\/#breadcrumb"},"inLanguage":"en-US","potentialAction":[{"@type":"ReadAction","target":["https:\/\/orthodoxalbania.org\/2020\/2015\/09\/10\/u-mbyll-takimi-nderkombetar-paqja-eshte-gjithmone-e-mundshme\/"]}]},{"@type":"ImageObject","inLanguage":"en-US","@id":"https:\/\/orthodoxalbania.org\/2020\/2015\/09\/10\/u-mbyll-takimi-nderkombetar-paqja-eshte-gjithmone-e-mundshme\/#primaryimage","url":"https:\/\/orthodoxalbania.org\/2020\/wp-content\/uploads\/2020\/04\/Peace_Conference.Prayer-106_800x533.jpg","contentUrl":"https:\/\/orthodoxalbania.org\/2020\/wp-content\/uploads\/2020\/04\/Peace_Conference.Prayer-106_800x533.jpg","width":150,"height":150},{"@type":"BreadcrumbList","@id":"https:\/\/orthodoxalbania.org\/2020\/2015\/09\/10\/u-mbyll-takimi-nderkombetar-paqja-eshte-gjithmone-e-mundshme\/#breadcrumb","itemListElement":[{"@type":"ListItem","position":1,"name":"Home","item":"https:\/\/orthodoxalbania.org\/2020\/"},{"@type":"ListItem","position":2,"name":"U mbyll takimi nd\u00ebrkomb\u00ebtar; \u201cPaqja \u00ebsht\u00eb gjithmon\u00eb e mundshme\u201d"}]},{"@type":"WebSite","@id":"https:\/\/orthodoxalbania.org\/2020\/#website","url":"https:\/\/orthodoxalbania.org\/2020\/","name":"Kisha Orthodh\u03bfkse Autoqefale e Shqip\u00ebris\u00eb","description":"Fqja Zyrtare e Kish\u00ebs Orthodhokse Autoqefale e Shqip\u00ebris\u00eb me lajmet edhe informacionet zyrtare p\u00ebr struktur\u00ebn edhe veprimtarin e saj.","publisher":{"@id":"https:\/\/orthodoxalbania.org\/2020\/#organization"},"potentialAction":[{"@type":"SearchAction","target":{"@type":"EntryPoint","urlTemplate":"https:\/\/orthodoxalbania.org\/2020\/?s={search_term_string}"},"query-input":{"@type":"PropertyValueSpecification","valueRequired":true,"valueName":"search_term_string"}}],"inLanguage":"en-US"},{"@type":"Organization","@id":"https:\/\/orthodoxalbania.org\/2020\/#organization","name":"Kisha Orthodhokse Autoqefale e Shqip\u00ebris\u00eb","url":"https:\/\/orthodoxalbania.org\/2020\/","logo":{"@type":"ImageObject","inLanguage":"en-US","@id":"https:\/\/orthodoxalbania.org\/2020\/#\/schema\/logo\/image\/","url":"https:\/\/orthodoxalbania.org\/2020\/wp-content\/uploads\/2020\/05\/albania.jpeg","contentUrl":"https:\/\/orthodoxalbania.org\/2020\/wp-content\/uploads\/2020\/05\/albania.jpeg","width":540,"height":540,"caption":"Kisha Orthodhokse Autoqefale e Shqip\u00ebris\u00eb"},"image":{"@id":"https:\/\/orthodoxalbania.org\/2020\/#\/schema\/logo\/image\/"},"sameAs":["https:\/\/www.facebook.com\/koash1991"]},{"@type":"Person","@id":"https:\/\/orthodoxalbania.org\/2020\/#\/schema\/person\/0c387634a7063ac612d7ed9ce71c7e86","name":"Kisha Orthodhokse","image":{"@type":"ImageObject","inLanguage":"en-US","@id":"https:\/\/secure.gravatar.com\/avatar\/596e7c417251e30f2fbb9c00e026fce61a695a00e51c889caded71c96cbbdde5?s=96&d=mm&r=g","url":"https:\/\/secure.gravatar.com\/avatar\/596e7c417251e30f2fbb9c00e026fce61a695a00e51c889caded71c96cbbdde5?s=96&d=mm&r=g","contentUrl":"https:\/\/secure.gravatar.com\/avatar\/596e7c417251e30f2fbb9c00e026fce61a695a00e51c889caded71c96cbbdde5?s=96&d=mm&r=g","caption":"Kisha Orthodhokse"}}]}},"_links":{"self":[{"href":"https:\/\/orthodoxalbania.org\/2020\/wp-json\/wp\/v2\/posts\/4170","targetHints":{"allow":["GET"]}}],"collection":[{"href":"https:\/\/orthodoxalbania.org\/2020\/wp-json\/wp\/v2\/posts"}],"about":[{"href":"https:\/\/orthodoxalbania.org\/2020\/wp-json\/wp\/v2\/types\/post"}],"author":[{"embeddable":true,"href":"https:\/\/orthodoxalbania.org\/2020\/wp-json\/wp\/v2\/users\/1"}],"replies":[{"embeddable":true,"href":"https:\/\/orthodoxalbania.org\/2020\/wp-json\/wp\/v2\/comments?post=4170"}],"version-history":[{"count":1,"href":"https:\/\/orthodoxalbania.org\/2020\/wp-json\/wp\/v2\/posts\/4170\/revisions"}],"predecessor-version":[{"id":14960,"href":"https:\/\/orthodoxalbania.org\/2020\/wp-json\/wp\/v2\/posts\/4170\/revisions\/14960"}],"wp:featuredmedia":[{"embeddable":true,"href":"https:\/\/orthodoxalbania.org\/2020\/wp-json\/wp\/v2\/media\/4171"}],"wp:attachment":[{"href":"https:\/\/orthodoxalbania.org\/2020\/wp-json\/wp\/v2\/media?parent=4170"}],"wp:term":[{"taxonomy":"category","embeddable":true,"href":"https:\/\/orthodoxalbania.org\/2020\/wp-json\/wp\/v2\/categories?post=4170"},{"taxonomy":"post_tag","embeddable":true,"href":"https:\/\/orthodoxalbania.org\/2020\/wp-json\/wp\/v2\/tags?post=4170"}],"curies":[{"name":"wp","href":"https:\/\/api.w.org\/{rel}","templated":true}]}}