{"id":416,"date":"2014-11-21T12:50:58","date_gmt":"2014-11-21T12:50:58","guid":{"rendered":""},"modified":"2020-04-06T22:02:21","modified_gmt":"2020-04-06T20:02:21","slug":"diplomohet-brezi-i-pare-i-studenteve-ne-shkollen-e-muzikes-bizantine","status":"publish","type":"post","link":"https:\/\/orthodoxalbania.org\/2020\/2014\/11\/21\/diplomohet-brezi-i-pare-i-studenteve-ne-shkollen-e-muzikes-bizantine\/","title":{"rendered":"Diplomohet brezi i par\u00eb i student\u00ebve n\u00eb Shkoll\u00ebn e Muzik\u00ebs Bizantine"},"content":{"rendered":"<p style=\"text-align: justify;\">\n\t<span style=\"color: #000000; font-size: 12pt; font-family: helvetica;\">&nbsp;&nbsp;&nbsp; Shkolla e Muzik\u00ebs Bizantine \u00ebsht\u00eb tashm\u00eb nj\u00eb realitet i bukur. B\u00ebhet fjal\u00eb jo vet\u00ebm p\u00ebr ringjalljen e nj\u00eb tradite mij\u00ebvje\u00e7are, por edhe p\u00ebr nj\u00eb hap cil\u00ebsor, duke p\u00ebrgatitur psalt\u00eb me njohuri t\u00eb gjera p\u00ebr muzik\u00ebn bizantine dhe at\u00eb n\u00eb p\u00ebrgjith\u00ebsi. Ndaj e diela e 16-t\u00eb n\u00ebntorit, ishte nj\u00eb dit\u00eb historike, sepse u diplomua&nbsp; brezi i par\u00eb i psalt\u00ebve profesionist\u00eb.<\/span><\/p>\n<p style=\"text-align: justify;\">\n\t<span style=\"color: #000000; font-size: 12pt; font-family: helvetica;\">&nbsp;&nbsp; Kjo ceremoni u krye nga presidenti i shkoll\u00ebs, Kryepiskopi Anastas, n\u00eb kish\u00ebn katedrale \u201cNgjallja e Krishtit\u201d n\u00eb Tiran\u00eb, n\u00eb fund t\u00eb Liturgjis\u00eb Hyjnore, n\u00eb pranin\u00eb e episkop\u00ebve, klerit, student\u00ebve, pedagog\u00ebve dhe besimtar\u00ebve t\u00eb shumt\u00eb.<\/span><\/p>\n<p style=\"text-align: justify;\">\n\t<span style=\"color: #000000; font-size: 12pt; font-family: helvetica;\">&nbsp;&nbsp; N\u00eb fillim t\u00eb saj foli Fortlumturia e Tij Anastasi, duke theksuar se: \u201c\u00cbsht\u00eb b\u00ebr\u00eb nj\u00eb p\u00ebrpjekje p\u00ebr shum\u00eb vjet nga shum\u00eb bashk\u00ebpun\u00ebtor\u00eb t\u00eb shtrenjt\u00eb dhe t\u00eb dashur p\u00ebr t\u00eb pasur sa m\u00eb shum\u00eb psalt\u00eb jo vet\u00ebm n\u00eb Tiran\u00eb, por n\u00eb mbar\u00eb Shqip\u00ebrin\u00eb. Un\u00eb dua t\u00eb fal\u00ebnderoj dy koret tona, q\u00eb na p\u00ebrfaq\u00ebsojn\u00eb m\u00eb s\u00eb miri. Sepse koret p\u00ebrfaq\u00ebsojn\u00eb z\u00ebrin e popullit dhe n\u00ebp\u00ebrmjet tyre ne mund t\u00eb ndjejm\u00eb m\u00eb shum\u00eb Liturgjin\u00eb Hyjnore. Dua t\u00eb fal\u00ebnderoj korin e z. Milto Vako, si dhe korin bizantin, q\u00eb drejton me shum\u00eb p\u00ebrkujdesje z. Theodhor Peci\u201d.<\/span><\/p>\n<p style=\"text-align: justify;\">\n\t<span style=\"color: #000000; font-size: 12pt; font-family: helvetica;\">&nbsp;&nbsp;&nbsp; P\u00ebrpara besimtar\u00ebve u ndan\u00eb diplomat p\u00ebr gjasht\u00eb student\u00ebt q\u00eb p\u00ebrfunduan studimet, brenda nj\u00eb atmosfere festive shoq\u00ebruar me shum\u00eb duartrokitje.<\/span><\/p>\n<p style=\"text-align: justify;\">\n\t<span style=\"color: #000000; font-size: 12pt; font-family: helvetica;\">&nbsp;&nbsp; M\u00eb pas Kryepiskopi Anastas shtoi:\u201cMe sa kuptoj duartrokitjet nuk jan\u00eb vet\u00ebm p\u00ebr t\u00eb tashmen por dhe p\u00ebr t\u00eb ardhmen q\u00eb k\u00ebta student\u00eb t\u00eb mos jen\u00eb t\u00eb mir\u00eb, por t\u00eb shk\u00eblqyer n\u00eb k\u00ebt\u00eb art. K\u00ebta djem ishin bursant\u00ebt tan\u00eb p\u00ebr dy vjet dhe kushtet n\u00eb konviktin e Thavorit jan\u00eb shum\u00eb t\u00eb mira. Prandaj ka r\u00ebnd\u00ebsi ajo q\u00eb thot\u00eb Zoti se\u201ckujt i jepet shum\u00eb, shum\u00eb ka p\u00ebr t\u2019iu k\u00ebrkuar\u201d. Pra, vazhdim t\u00eb mbar\u00eb q\u00eb e gjith\u00eb Shqip\u00ebria t\u00eb g\u00ebzoj\u00eb tradit\u00ebn e bukur t\u00eb Muzik\u00ebs Bizantine. Por kjo nuk do t\u00eb thot\u00eb q\u00eb ju t\u2019i lini vet\u00ebm k\u00ebta q\u00eb t\u00eb psalin, se ata psalin si p\u00ebrfaq\u00ebsuesit tan\u00eb, ne duhet t\u00eb m\u00ebsojm\u00eb m\u00eb shum\u00eb himne q\u00eb t\u00eb psalim s\u00eb bashku n\u00eb adhurim\u201d. &nbsp;&nbsp; <\/span><\/p>\n<p style=\"text-align: justify;\">\n\t<span style=\"color: #000000; font-size: 12pt; font-family: helvetica;\">&nbsp;&nbsp;&nbsp; Ceremonia u mbyll duke u psalur nga t\u00eb gjith\u00eb himni \u201cCili Per\u00ebndi \u00ebsht\u00eb aq i madh sa Per\u00ebndia yn\u00eb. Ti je Per\u00ebndi i vet\u00ebm q\u00eb b\u00ebn \u00e7udira\u201d. &nbsp;&nbsp; &nbsp;&nbsp;&nbsp; &nbsp;&nbsp;&nbsp; &nbsp;&nbsp;&nbsp; &nbsp;&nbsp;&nbsp;&nbsp; <\/span><\/p>\n<p style=\"text-align: justify;\">\n\t&nbsp;<\/p>\n<p style=\"text-align: right;\">\n\t<span style=\"color: #000000; font-size: 12pt; font-family: helvetica;\"><strong>Theodhor Peci<\/strong><\/span><\/p>\n<div style=\"text-align: right;\">\n\t&nbsp;<\/div>\n<div>\n\t<img decoding=\"async\" alt=\"\" class=\"lazyload HAa Eha\" src=\"data:image\/gif;base64,R0lGODlhAQABAAAAACH5BAEKAAEALAAAAAABAAEAAAICTAEAOw==\" data-orig-src=\"https:\/\/lh4.googleusercontent.com\/-x48wBjOAuhQ\/VG8yQ2lm_wI\/AAAAAAAAEw8\/OAbYWDhJflo\/w958-h639-no\/Diploma2014-8.JPG\" style=\"border-width: 1px; border-style: solid; margin: 10px auto; display: block;\" \/><\/div>\n<div>\n\t<img decoding=\"async\" alt=\"\" class=\"lazyload HAa Eha\" src=\"data:image\/gif;base64,R0lGODlhAQABAAAAACH5BAEKAAEALAAAAAABAAEAAAICTAEAOw==\" data-orig-src=\"https:\/\/lh3.googleusercontent.com\/-F1FV40TH7AU\/VG8x-1XdvPI\/AAAAAAAAEwU\/JOYFM8SmKXk\/w958-h639-no\/Diploma2014-11.JPG\" style=\"border-width: 1px; border-style: solid; margin: 10px auto; display: block;\" \/><\/div>\n<div>\n\t<img decoding=\"async\" alt=\"\" class=\"lazyload HAa Eha\" src=\"data:image\/gif;base64,R0lGODlhAQABAAAAACH5BAEKAAEALAAAAAABAAEAAAICTAEAOw==\" data-orig-src=\"https:\/\/lh5.googleusercontent.com\/-j-zdeeNuugU\/VG8yDha5k1I\/AAAAAAAAEwk\/JjHHvQTVrpo\/w549-h823-no\/Diploma2014-13.JPG\" style=\"border-width: 1px; border-style: solid; margin: 10px auto; display: block;\" \/><\/div>\n<div>\n\t<img decoding=\"async\" alt=\"\" class=\"lazyload HAa Eha\" src=\"data:image\/gif;base64,R0lGODlhAQABAAAAACH5BAEKAAEALAAAAAABAAEAAAICTAEAOw==\" data-orig-src=\"https:\/\/lh6.googleusercontent.com\/-y-u3iYW-jqY\/VG8yAbZWtgI\/AAAAAAAAEwc\/nQMAIjhUh6s\/w958-h639-no\/Diploma2014-10.JPG\" style=\"border-width: 1px; border-style: solid; margin: 10px auto; display: block;\" \/><\/div>\n<div>\n\t<img decoding=\"async\" alt=\"\" class=\"lazyload HAa Eha\" src=\"data:image\/gif;base64,R0lGODlhAQABAAAAACH5BAEKAAEALAAAAAABAAEAAAICTAEAOw==\" data-orig-src=\"https:\/\/lh3.googleusercontent.com\/-8pLDVSWxc2s\/VG8yMfccDqI\/AAAAAAAAEw0\/Ruun4016P8I\/w549-h823-no\/Diploma2014-17.JPG\" style=\"border-width: 1px; border-style: solid; margin: 10px auto; display: block;\" \/><\/div>\n<div>\n\t<img decoding=\"async\" alt=\"\" class=\"lazyload HAa Eha\" src=\"data:image\/gif;base64,R0lGODlhAQABAAAAACH5BAEKAAEALAAAAAABAAEAAAICTAEAOw==\" data-orig-src=\"https:\/\/lh4.googleusercontent.com\/-wedfoz6JIM0\/VG8yL8Mx3iI\/AAAAAAAAEww\/xyBYXcg2ryw\/w957-h675-no\/Diploma2014-18.JPG\" style=\"border-width: 1px; border-style: solid; margin: 10px auto; display: block;\" \/><\/div>\n<div style=\"text-align: center;\">\n\t&nbsp;<\/div>\n<div style=\"text-align: center;\">\n\t&nbsp;<\/div>\n<div style=\"text-align: center;\">\n\t&nbsp;<\/div>\n<div style=\"text-align: center;\">\n\t&nbsp;<\/div>\n<div style=\"text-align: center;\">\n\t&nbsp;<\/div>\n<div>\n<p>\t&nbsp;<\/p><\/div>\n","protected":false},"excerpt":{"rendered":"<p>&nbsp;&nbsp;&nbsp; Shkolla e Muzik\u00ebs Bizantine \u00ebsht\u00eb tashm\u00eb nj\u00eb realitet i bukur. B\u00ebhet fjal\u00eb jo vet\u00ebm p\u00ebr ringjalljen e nj\u00eb tradite mij\u00ebvje\u00e7are, por edhe p\u00ebr nj\u00eb hap cil\u00ebsor, duke p\u00ebrgatitur psalt\u00eb me njohuri t\u00eb gjera p\u00ebr muzik\u00ebn bizantine dhe at\u00eb n\u00eb p\u00ebrgjith\u00ebsi. Ndaj e diela e 16-t\u00eb n\u00ebntorit, ishte nj\u00eb dit\u00eb historike, sepse u diplomua&nbsp; brezi i par\u00eb i psalt\u00ebve profesionist\u00eb. &nbsp;&nbsp; Kjo ceremoni u krye<\/p>\n","protected":false},"author":1,"featured_media":417,"comment_status":"open","ping_status":"open","sticky":false,"template":"","format":"standard","meta":{"_acf_changed":false,"pagelayer_contact_templates":[],"_pagelayer_content":"","inline_featured_image":false,"fifu_image_url":"","fifu_image_alt":"","footnotes":""},"categories":[108],"tags":[140,168,196,212,170],"class_list":["post-416","post","type-post","status-publish","format-standard","has-post-thumbnail","hentry","category-lajme","tag-140","tag-diplomime","tag-tirane","tag-lajme-d27","tag-shkolla-e-muzikes-bizantine"],"acf":[],"yoast_head":"<!-- This site is optimized with the Yoast SEO plugin v27.2 - https:\/\/yoast.com\/product\/yoast-seo-wordpress\/ -->\n<title>Diplomohet brezi i par\u00eb i student\u00ebve n\u00eb Shkoll\u00ebn e Muzik\u00ebs Bizantine - Kisha Orthodh\u03bfkse Autoqefale e Shqip\u00ebris\u00eb<\/title>\n<meta name=\"robots\" content=\"index, follow, max-snippet:-1, max-image-preview:large, max-video-preview:-1\" \/>\n<link rel=\"canonical\" href=\"https:\/\/orthodoxalbania.org\/2020\/2014\/11\/21\/diplomohet-brezi-i-pare-i-studenteve-ne-shkollen-e-muzikes-bizantine\/\" \/>\n<meta property=\"og:locale\" content=\"en_US\" \/>\n<meta property=\"og:type\" content=\"article\" \/>\n<meta property=\"og:title\" content=\"Diplomohet brezi i par\u00eb i student\u00ebve n\u00eb Shkoll\u00ebn e Muzik\u00ebs Bizantine - Kisha Orthodh\u03bfkse Autoqefale e Shqip\u00ebris\u00eb\" \/>\n<meta property=\"og:description\" content=\"&nbsp;&nbsp;&nbsp; Shkolla e Muzik\u00ebs Bizantine \u00ebsht\u00eb tashm\u00eb nj\u00eb realitet i bukur. B\u00ebhet fjal\u00eb jo vet\u00ebm p\u00ebr ringjalljen e nj\u00eb tradite mij\u00ebvje\u00e7are, por edhe p\u00ebr nj\u00eb hap cil\u00ebsor, duke p\u00ebrgatitur psalt\u00eb me njohuri t\u00eb gjera p\u00ebr muzik\u00ebn bizantine dhe at\u00eb n\u00eb p\u00ebrgjith\u00ebsi. Ndaj e diela e 16-t\u00eb n\u00ebntorit, ishte nj\u00eb dit\u00eb historike, sepse u diplomua&nbsp; brezi i par\u00eb i psalt\u00ebve profesionist\u00eb. &nbsp;&nbsp; Kjo ceremoni u krye\" \/>\n<meta property=\"og:url\" content=\"https:\/\/orthodoxalbania.org\/2020\/2014\/11\/21\/diplomohet-brezi-i-pare-i-studenteve-ne-shkollen-e-muzikes-bizantine\/\" \/>\n<meta property=\"og:site_name\" content=\"Kisha Orthodh\u03bfkse Autoqefale e Shqip\u00ebris\u00eb\" \/>\n<meta property=\"article:publisher\" content=\"https:\/\/www.facebook.com\/koash1991\" \/>\n<meta property=\"article:published_time\" content=\"2014-11-21T12:50:58+00:00\" \/>\n<meta property=\"article:modified_time\" content=\"2020-04-06T20:02:21+00:00\" \/>\n<meta property=\"og:image\" content=\"https:\/\/orthodoxalbania.org\/2020\/wp-content\/uploads\/2020\/04\/Diploma2014-18.JPG\" \/>\n\t<meta property=\"og:image:width\" content=\"150\" \/>\n\t<meta property=\"og:image:height\" content=\"150\" \/>\n\t<meta property=\"og:image:type\" content=\"image\/jpeg\" \/>\n<meta name=\"author\" content=\"Kisha Orthodhokse\" \/>\n<meta name=\"twitter:card\" content=\"summary_large_image\" \/>\n<meta name=\"twitter:label1\" content=\"Written by\" \/>\n\t<meta name=\"twitter:data1\" content=\"Kisha Orthodhokse\" \/>\n\t<meta name=\"twitter:label2\" content=\"Est. reading time\" \/>\n\t<meta name=\"twitter:data2\" content=\"2 minutes\" \/>\n<script type=\"application\/ld+json\" class=\"yoast-schema-graph\">{\"@context\":\"https:\/\/schema.org\",\"@graph\":[{\"@type\":\"Article\",\"@id\":\"https:\/\/orthodoxalbania.org\/2020\/2014\/11\/21\/diplomohet-brezi-i-pare-i-studenteve-ne-shkollen-e-muzikes-bizantine\/#article\",\"isPartOf\":{\"@id\":\"https:\/\/orthodoxalbania.org\/2020\/2014\/11\/21\/diplomohet-brezi-i-pare-i-studenteve-ne-shkollen-e-muzikes-bizantine\/\"},\"author\":{\"name\":\"Kisha Orthodhokse\",\"@id\":\"https:\/\/orthodoxalbania.org\/2020\/#\/schema\/person\/0c387634a7063ac612d7ed9ce71c7e86\"},\"headline\":\"Diplomohet brezi i par\u00eb i student\u00ebve n\u00eb Shkoll\u00ebn e Muzik\u00ebs Bizantine\",\"datePublished\":\"2014-11-21T12:50:58+00:00\",\"dateModified\":\"2020-04-06T20:02:21+00:00\",\"mainEntityOfPage\":{\"@id\":\"https:\/\/orthodoxalbania.org\/2020\/2014\/11\/21\/diplomohet-brezi-i-pare-i-studenteve-ne-shkollen-e-muzikes-bizantine\/\"},\"wordCount\":482,\"commentCount\":0,\"publisher\":{\"@id\":\"https:\/\/orthodoxalbania.org\/2020\/#organization\"},\"image\":{\"@id\":\"https:\/\/orthodoxalbania.org\/2020\/2014\/11\/21\/diplomohet-brezi-i-pare-i-studenteve-ne-shkollen-e-muzikes-bizantine\/#primaryimage\"},\"thumbnailUrl\":\"https:\/\/orthodoxalbania.org\/2020\/wp-content\/uploads\/2020\/04\/Diploma2014-18.JPG\",\"keywords\":[\"2014\",\"Diplomime\",\"Kryepiskopata Tiran\u00eb\",\"lajme\",\"Shkolla e Muzik\u00ebs Bizantine\"],\"articleSection\":[\"Lajme\"],\"inLanguage\":\"en-US\"},{\"@type\":\"WebPage\",\"@id\":\"https:\/\/orthodoxalbania.org\/2020\/2014\/11\/21\/diplomohet-brezi-i-pare-i-studenteve-ne-shkollen-e-muzikes-bizantine\/\",\"url\":\"https:\/\/orthodoxalbania.org\/2020\/2014\/11\/21\/diplomohet-brezi-i-pare-i-studenteve-ne-shkollen-e-muzikes-bizantine\/\",\"name\":\"Diplomohet brezi i par\u00eb i student\u00ebve n\u00eb Shkoll\u00ebn e Muzik\u00ebs Bizantine - Kisha Orthodh\u03bfkse Autoqefale e Shqip\u00ebris\u00eb\",\"isPartOf\":{\"@id\":\"https:\/\/orthodoxalbania.org\/2020\/#website\"},\"primaryImageOfPage\":{\"@id\":\"https:\/\/orthodoxalbania.org\/2020\/2014\/11\/21\/diplomohet-brezi-i-pare-i-studenteve-ne-shkollen-e-muzikes-bizantine\/#primaryimage\"},\"image\":{\"@id\":\"https:\/\/orthodoxalbania.org\/2020\/2014\/11\/21\/diplomohet-brezi-i-pare-i-studenteve-ne-shkollen-e-muzikes-bizantine\/#primaryimage\"},\"thumbnailUrl\":\"https:\/\/orthodoxalbania.org\/2020\/wp-content\/uploads\/2020\/04\/Diploma2014-18.JPG\",\"datePublished\":\"2014-11-21T12:50:58+00:00\",\"dateModified\":\"2020-04-06T20:02:21+00:00\",\"breadcrumb\":{\"@id\":\"https:\/\/orthodoxalbania.org\/2020\/2014\/11\/21\/diplomohet-brezi-i-pare-i-studenteve-ne-shkollen-e-muzikes-bizantine\/#breadcrumb\"},\"inLanguage\":\"en-US\",\"potentialAction\":[{\"@type\":\"ReadAction\",\"target\":[\"https:\/\/orthodoxalbania.org\/2020\/2014\/11\/21\/diplomohet-brezi-i-pare-i-studenteve-ne-shkollen-e-muzikes-bizantine\/\"]}]},{\"@type\":\"ImageObject\",\"inLanguage\":\"en-US\",\"@id\":\"https:\/\/orthodoxalbania.org\/2020\/2014\/11\/21\/diplomohet-brezi-i-pare-i-studenteve-ne-shkollen-e-muzikes-bizantine\/#primaryimage\",\"url\":\"https:\/\/orthodoxalbania.org\/2020\/wp-content\/uploads\/2020\/04\/Diploma2014-18.JPG\",\"contentUrl\":\"https:\/\/orthodoxalbania.org\/2020\/wp-content\/uploads\/2020\/04\/Diploma2014-18.JPG\",\"width\":150,\"height\":150},{\"@type\":\"BreadcrumbList\",\"@id\":\"https:\/\/orthodoxalbania.org\/2020\/2014\/11\/21\/diplomohet-brezi-i-pare-i-studenteve-ne-shkollen-e-muzikes-bizantine\/#breadcrumb\",\"itemListElement\":[{\"@type\":\"ListItem\",\"position\":1,\"name\":\"Home\",\"item\":\"https:\/\/orthodoxalbania.org\/2020\/\"},{\"@type\":\"ListItem\",\"position\":2,\"name\":\"Diplomohet brezi i par\u00eb i student\u00ebve n\u00eb Shkoll\u00ebn e Muzik\u00ebs Bizantine\"}]},{\"@type\":\"WebSite\",\"@id\":\"https:\/\/orthodoxalbania.org\/2020\/#website\",\"url\":\"https:\/\/orthodoxalbania.org\/2020\/\",\"name\":\"Kisha Orthodh\u03bfkse Autoqefale e Shqip\u00ebris\u00eb\",\"description\":\"Fqja Zyrtare e Kish\u00ebs Orthodhokse Autoqefale e Shqip\u00ebris\u00eb me lajmet edhe informacionet zyrtare p\u00ebr struktur\u00ebn edhe veprimtarin e saj.\",\"publisher\":{\"@id\":\"https:\/\/orthodoxalbania.org\/2020\/#organization\"},\"potentialAction\":[{\"@type\":\"SearchAction\",\"target\":{\"@type\":\"EntryPoint\",\"urlTemplate\":\"https:\/\/orthodoxalbania.org\/2020\/?s={search_term_string}\"},\"query-input\":{\"@type\":\"PropertyValueSpecification\",\"valueRequired\":true,\"valueName\":\"search_term_string\"}}],\"inLanguage\":\"en-US\"},{\"@type\":\"Organization\",\"@id\":\"https:\/\/orthodoxalbania.org\/2020\/#organization\",\"name\":\"Kisha Orthodhokse Autoqefale e Shqip\u00ebris\u00eb\",\"url\":\"https:\/\/orthodoxalbania.org\/2020\/\",\"logo\":{\"@type\":\"ImageObject\",\"inLanguage\":\"en-US\",\"@id\":\"https:\/\/orthodoxalbania.org\/2020\/#\/schema\/logo\/image\/\",\"url\":\"https:\/\/orthodoxalbania.org\/2020\/wp-content\/uploads\/2020\/05\/albania.jpeg\",\"contentUrl\":\"https:\/\/orthodoxalbania.org\/2020\/wp-content\/uploads\/2020\/05\/albania.jpeg\",\"width\":540,\"height\":540,\"caption\":\"Kisha Orthodhokse Autoqefale e Shqip\u00ebris\u00eb\"},\"image\":{\"@id\":\"https:\/\/orthodoxalbania.org\/2020\/#\/schema\/logo\/image\/\"},\"sameAs\":[\"https:\/\/www.facebook.com\/koash1991\"]},{\"@type\":\"Person\",\"@id\":\"https:\/\/orthodoxalbania.org\/2020\/#\/schema\/person\/0c387634a7063ac612d7ed9ce71c7e86\",\"name\":\"Kisha Orthodhokse\",\"image\":{\"@type\":\"ImageObject\",\"inLanguage\":\"en-US\",\"@id\":\"https:\/\/secure.gravatar.com\/avatar\/596e7c417251e30f2fbb9c00e026fce61a695a00e51c889caded71c96cbbdde5?s=96&d=mm&r=g\",\"url\":\"https:\/\/secure.gravatar.com\/avatar\/596e7c417251e30f2fbb9c00e026fce61a695a00e51c889caded71c96cbbdde5?s=96&d=mm&r=g\",\"contentUrl\":\"https:\/\/secure.gravatar.com\/avatar\/596e7c417251e30f2fbb9c00e026fce61a695a00e51c889caded71c96cbbdde5?s=96&d=mm&r=g\",\"caption\":\"Kisha Orthodhokse\"}}]}<\/script>\n<!-- \/ Yoast SEO plugin. -->","yoast_head_json":{"title":"Diplomohet brezi i par\u00eb i student\u00ebve n\u00eb Shkoll\u00ebn e Muzik\u00ebs Bizantine - Kisha Orthodh\u03bfkse Autoqefale e Shqip\u00ebris\u00eb","robots":{"index":"index","follow":"follow","max-snippet":"max-snippet:-1","max-image-preview":"max-image-preview:large","max-video-preview":"max-video-preview:-1"},"canonical":"https:\/\/orthodoxalbania.org\/2020\/2014\/11\/21\/diplomohet-brezi-i-pare-i-studenteve-ne-shkollen-e-muzikes-bizantine\/","og_locale":"en_US","og_type":"article","og_title":"Diplomohet brezi i par\u00eb i student\u00ebve n\u00eb Shkoll\u00ebn e Muzik\u00ebs Bizantine - Kisha Orthodh\u03bfkse Autoqefale e Shqip\u00ebris\u00eb","og_description":"&nbsp;&nbsp;&nbsp; Shkolla e Muzik\u00ebs Bizantine \u00ebsht\u00eb tashm\u00eb nj\u00eb realitet i bukur. B\u00ebhet fjal\u00eb jo vet\u00ebm p\u00ebr ringjalljen e nj\u00eb tradite mij\u00ebvje\u00e7are, por edhe p\u00ebr nj\u00eb hap cil\u00ebsor, duke p\u00ebrgatitur psalt\u00eb me njohuri t\u00eb gjera p\u00ebr muzik\u00ebn bizantine dhe at\u00eb n\u00eb p\u00ebrgjith\u00ebsi. Ndaj e diela e 16-t\u00eb n\u00ebntorit, ishte nj\u00eb dit\u00eb historike, sepse u diplomua&nbsp; brezi i par\u00eb i psalt\u00ebve profesionist\u00eb. &nbsp;&nbsp; Kjo ceremoni u krye","og_url":"https:\/\/orthodoxalbania.org\/2020\/2014\/11\/21\/diplomohet-brezi-i-pare-i-studenteve-ne-shkollen-e-muzikes-bizantine\/","og_site_name":"Kisha Orthodh\u03bfkse Autoqefale e Shqip\u00ebris\u00eb","article_publisher":"https:\/\/www.facebook.com\/koash1991","article_published_time":"2014-11-21T12:50:58+00:00","article_modified_time":"2020-04-06T20:02:21+00:00","og_image":[{"width":150,"height":150,"url":"https:\/\/orthodoxalbania.org\/2020\/wp-content\/uploads\/2020\/04\/Diploma2014-18.JPG","type":"image\/jpeg"}],"author":"Kisha Orthodhokse","twitter_card":"summary_large_image","twitter_misc":{"Written by":"Kisha Orthodhokse","Est. reading time":"2 minutes"},"schema":{"@context":"https:\/\/schema.org","@graph":[{"@type":"Article","@id":"https:\/\/orthodoxalbania.org\/2020\/2014\/11\/21\/diplomohet-brezi-i-pare-i-studenteve-ne-shkollen-e-muzikes-bizantine\/#article","isPartOf":{"@id":"https:\/\/orthodoxalbania.org\/2020\/2014\/11\/21\/diplomohet-brezi-i-pare-i-studenteve-ne-shkollen-e-muzikes-bizantine\/"},"author":{"name":"Kisha Orthodhokse","@id":"https:\/\/orthodoxalbania.org\/2020\/#\/schema\/person\/0c387634a7063ac612d7ed9ce71c7e86"},"headline":"Diplomohet brezi i par\u00eb i student\u00ebve n\u00eb Shkoll\u00ebn e Muzik\u00ebs Bizantine","datePublished":"2014-11-21T12:50:58+00:00","dateModified":"2020-04-06T20:02:21+00:00","mainEntityOfPage":{"@id":"https:\/\/orthodoxalbania.org\/2020\/2014\/11\/21\/diplomohet-brezi-i-pare-i-studenteve-ne-shkollen-e-muzikes-bizantine\/"},"wordCount":482,"commentCount":0,"publisher":{"@id":"https:\/\/orthodoxalbania.org\/2020\/#organization"},"image":{"@id":"https:\/\/orthodoxalbania.org\/2020\/2014\/11\/21\/diplomohet-brezi-i-pare-i-studenteve-ne-shkollen-e-muzikes-bizantine\/#primaryimage"},"thumbnailUrl":"https:\/\/orthodoxalbania.org\/2020\/wp-content\/uploads\/2020\/04\/Diploma2014-18.JPG","keywords":["2014","Diplomime","Kryepiskopata Tiran\u00eb","lajme","Shkolla e Muzik\u00ebs Bizantine"],"articleSection":["Lajme"],"inLanguage":"en-US"},{"@type":"WebPage","@id":"https:\/\/orthodoxalbania.org\/2020\/2014\/11\/21\/diplomohet-brezi-i-pare-i-studenteve-ne-shkollen-e-muzikes-bizantine\/","url":"https:\/\/orthodoxalbania.org\/2020\/2014\/11\/21\/diplomohet-brezi-i-pare-i-studenteve-ne-shkollen-e-muzikes-bizantine\/","name":"Diplomohet brezi i par\u00eb i student\u00ebve n\u00eb Shkoll\u00ebn e Muzik\u00ebs Bizantine - Kisha Orthodh\u03bfkse Autoqefale e Shqip\u00ebris\u00eb","isPartOf":{"@id":"https:\/\/orthodoxalbania.org\/2020\/#website"},"primaryImageOfPage":{"@id":"https:\/\/orthodoxalbania.org\/2020\/2014\/11\/21\/diplomohet-brezi-i-pare-i-studenteve-ne-shkollen-e-muzikes-bizantine\/#primaryimage"},"image":{"@id":"https:\/\/orthodoxalbania.org\/2020\/2014\/11\/21\/diplomohet-brezi-i-pare-i-studenteve-ne-shkollen-e-muzikes-bizantine\/#primaryimage"},"thumbnailUrl":"https:\/\/orthodoxalbania.org\/2020\/wp-content\/uploads\/2020\/04\/Diploma2014-18.JPG","datePublished":"2014-11-21T12:50:58+00:00","dateModified":"2020-04-06T20:02:21+00:00","breadcrumb":{"@id":"https:\/\/orthodoxalbania.org\/2020\/2014\/11\/21\/diplomohet-brezi-i-pare-i-studenteve-ne-shkollen-e-muzikes-bizantine\/#breadcrumb"},"inLanguage":"en-US","potentialAction":[{"@type":"ReadAction","target":["https:\/\/orthodoxalbania.org\/2020\/2014\/11\/21\/diplomohet-brezi-i-pare-i-studenteve-ne-shkollen-e-muzikes-bizantine\/"]}]},{"@type":"ImageObject","inLanguage":"en-US","@id":"https:\/\/orthodoxalbania.org\/2020\/2014\/11\/21\/diplomohet-brezi-i-pare-i-studenteve-ne-shkollen-e-muzikes-bizantine\/#primaryimage","url":"https:\/\/orthodoxalbania.org\/2020\/wp-content\/uploads\/2020\/04\/Diploma2014-18.JPG","contentUrl":"https:\/\/orthodoxalbania.org\/2020\/wp-content\/uploads\/2020\/04\/Diploma2014-18.JPG","width":150,"height":150},{"@type":"BreadcrumbList","@id":"https:\/\/orthodoxalbania.org\/2020\/2014\/11\/21\/diplomohet-brezi-i-pare-i-studenteve-ne-shkollen-e-muzikes-bizantine\/#breadcrumb","itemListElement":[{"@type":"ListItem","position":1,"name":"Home","item":"https:\/\/orthodoxalbania.org\/2020\/"},{"@type":"ListItem","position":2,"name":"Diplomohet brezi i par\u00eb i student\u00ebve n\u00eb Shkoll\u00ebn e Muzik\u00ebs Bizantine"}]},{"@type":"WebSite","@id":"https:\/\/orthodoxalbania.org\/2020\/#website","url":"https:\/\/orthodoxalbania.org\/2020\/","name":"Kisha Orthodh\u03bfkse Autoqefale e Shqip\u00ebris\u00eb","description":"Fqja Zyrtare e Kish\u00ebs Orthodhokse Autoqefale e Shqip\u00ebris\u00eb me lajmet edhe informacionet zyrtare p\u00ebr struktur\u00ebn edhe veprimtarin e saj.","publisher":{"@id":"https:\/\/orthodoxalbania.org\/2020\/#organization"},"potentialAction":[{"@type":"SearchAction","target":{"@type":"EntryPoint","urlTemplate":"https:\/\/orthodoxalbania.org\/2020\/?s={search_term_string}"},"query-input":{"@type":"PropertyValueSpecification","valueRequired":true,"valueName":"search_term_string"}}],"inLanguage":"en-US"},{"@type":"Organization","@id":"https:\/\/orthodoxalbania.org\/2020\/#organization","name":"Kisha Orthodhokse Autoqefale e Shqip\u00ebris\u00eb","url":"https:\/\/orthodoxalbania.org\/2020\/","logo":{"@type":"ImageObject","inLanguage":"en-US","@id":"https:\/\/orthodoxalbania.org\/2020\/#\/schema\/logo\/image\/","url":"https:\/\/orthodoxalbania.org\/2020\/wp-content\/uploads\/2020\/05\/albania.jpeg","contentUrl":"https:\/\/orthodoxalbania.org\/2020\/wp-content\/uploads\/2020\/05\/albania.jpeg","width":540,"height":540,"caption":"Kisha Orthodhokse Autoqefale e Shqip\u00ebris\u00eb"},"image":{"@id":"https:\/\/orthodoxalbania.org\/2020\/#\/schema\/logo\/image\/"},"sameAs":["https:\/\/www.facebook.com\/koash1991"]},{"@type":"Person","@id":"https:\/\/orthodoxalbania.org\/2020\/#\/schema\/person\/0c387634a7063ac612d7ed9ce71c7e86","name":"Kisha Orthodhokse","image":{"@type":"ImageObject","inLanguage":"en-US","@id":"https:\/\/secure.gravatar.com\/avatar\/596e7c417251e30f2fbb9c00e026fce61a695a00e51c889caded71c96cbbdde5?s=96&d=mm&r=g","url":"https:\/\/secure.gravatar.com\/avatar\/596e7c417251e30f2fbb9c00e026fce61a695a00e51c889caded71c96cbbdde5?s=96&d=mm&r=g","contentUrl":"https:\/\/secure.gravatar.com\/avatar\/596e7c417251e30f2fbb9c00e026fce61a695a00e51c889caded71c96cbbdde5?s=96&d=mm&r=g","caption":"Kisha Orthodhokse"}}]}},"_links":{"self":[{"href":"https:\/\/orthodoxalbania.org\/2020\/wp-json\/wp\/v2\/posts\/416","targetHints":{"allow":["GET"]}}],"collection":[{"href":"https:\/\/orthodoxalbania.org\/2020\/wp-json\/wp\/v2\/posts"}],"about":[{"href":"https:\/\/orthodoxalbania.org\/2020\/wp-json\/wp\/v2\/types\/post"}],"author":[{"embeddable":true,"href":"https:\/\/orthodoxalbania.org\/2020\/wp-json\/wp\/v2\/users\/1"}],"replies":[{"embeddable":true,"href":"https:\/\/orthodoxalbania.org\/2020\/wp-json\/wp\/v2\/comments?post=416"}],"version-history":[{"count":1,"href":"https:\/\/orthodoxalbania.org\/2020\/wp-json\/wp\/v2\/posts\/416\/revisions"}],"predecessor-version":[{"id":15045,"href":"https:\/\/orthodoxalbania.org\/2020\/wp-json\/wp\/v2\/posts\/416\/revisions\/15045"}],"wp:featuredmedia":[{"embeddable":true,"href":"https:\/\/orthodoxalbania.org\/2020\/wp-json\/wp\/v2\/media\/417"}],"wp:attachment":[{"href":"https:\/\/orthodoxalbania.org\/2020\/wp-json\/wp\/v2\/media?parent=416"}],"wp:term":[{"taxonomy":"category","embeddable":true,"href":"https:\/\/orthodoxalbania.org\/2020\/wp-json\/wp\/v2\/categories?post=416"},{"taxonomy":"post_tag","embeddable":true,"href":"https:\/\/orthodoxalbania.org\/2020\/wp-json\/wp\/v2\/tags?post=416"}],"curies":[{"name":"wp","href":"https:\/\/api.w.org\/{rel}","templated":true}]}}