{"id":415,"date":"2008-02-26T00:00:00","date_gmt":"2008-02-26T00:00:00","guid":{"rendered":""},"modified":"2020-04-06T22:35:23","modified_gmt":"2020-04-06T20:35:23","slug":"diplomohen-studentet-e-vitit-te-katert-ne-akademine-teologjike-ngjallja-e-krishtit-qershor-2008","status":"publish","type":"post","link":"https:\/\/orthodoxalbania.org\/2020\/2008\/02\/26\/diplomohen-studentet-e-vitit-te-katert-ne-akademine-teologjike-ngjallja-e-krishtit-qershor-2008\/","title":{"rendered":"Diplomohen student\u00ebt e vitit t\u00eb kat\u00ebrt n\u00eb Akademin\u00eb Teologjike \u201cNgjallja e Krishtit\u201d. (Qershor 2008)"},"content":{"rendered":"<table id=\"AutoNumber2\" border=\"0\">\n<tbody>\n<tr>\n<td>\n<div><span style=\"color: #000000; font-size: 12pt;\"><span style=\"font-family: tahoma,geneva,sans-serif;\"><img decoding=\"async\" class=\"lazyload HAa Eha\" style=\"border-width: 1px; border-style: solid; margin: 10px auto; display: block;\" alt=\"\" src=\"data:image\/gif;base64,R0lGODlhAQABAAAAACH5BAEKAAEALAAAAAABAAEAAAICTAEAOw==\" data-orig-src=\"https:\/\/lh6.googleusercontent.com\/-6lL3xvTuRY8\/VI7M06gE8dI\/AAAAAAAAHv8\/8wcPZ7lWCOI\/w400-h300-no\/1.jpg\" \/><\/span><\/span><\/div>\n<\/td>\n<td>\n<div><span style=\"color: #000000; font-size: 12pt; font-family: helvetica;\">&nbsp;&nbsp;&nbsp;<\/span><\/div>\n<div style=\"text-align: justify;\"><span style=\"color: #000000; font-size: 12pt; font-family: helvetica;\">&nbsp;&nbsp;&nbsp; N\u00eb 16 qershor, student\u00ebt e vitit t\u00eb fundit t\u00eb Akademis\u00eb Teologjike \u201cNgjallja e Krishtit\u201d, n\u00eb Sh\u00ebn Vlash t\u00eb Durr\u00ebsit, u mblodh\u00ebn s\u00eb bashku n\u00eb sall\u00ebn \u201cSion\u201d me pedagog\u00ebt dhe t\u00eb af\u00ebrm p\u00ebr t\u00eb festuar dit\u00ebn e diplomimit. \u201cK\u00ebto kat\u00ebr vjet do t\u00eb mbeten n\u00eb kujtes\u00eb si vitet m\u00eb t\u00eb bukura dhe mbres\u00ebl\u00ebn\u00ebse n\u00eb jet\u00ebn e tyre, sepse asnj\u00eb shkoll\u00eb tjet\u00ebr n\u00eb vendin ton\u00eb nuk do t\u00eb jepte mund\u00ebsin\u00eb t\u00eb m\u00ebsonit dije teologjike.<\/span><\/div>\n<\/td>\n<\/tr>\n<tr>\n<td>\n<div style=\"text-align: justify;\"><span style=\"color: #000000; font-size: 12pt; font-family: helvetica;\">&nbsp;&nbsp;&nbsp; Asnj\u00eb vend nuk mund t\u00eb krijonte mund\u00ebsin\u00eb p\u00ebr t\u00eb p\u00ebrjetuar k\u00ebt\u00eb besim, jet\u00ebn adhuruese dhe nd\u00ebrtimin shpirt\u00ebror. P\u00ebr t\u00eb gjitha kushtet q\u00eb u jan\u00eb krijuar student\u00ebve, dua t\u00eb fal\u00ebnderoj Kryepiskopin Anastas, sepse gjith\u00e7ka ka qen\u00eb dhurat\u00eb prej tij\u201d \u2013 theksoi n\u00eb fjal\u00ebn hap\u00ebse z\u00ebvend\u00ebsdrejtori i Akademis\u00eb, Episkop Nikolla.<\/span><\/div>\n<\/td>\n<td>\n<div><span style=\"color: #000000; font-size: 12pt; font-family: helvetica;\"><img decoding=\"async\" class=\"lazyload HAa Eha\" style=\"border-width: 1px; border-style: solid; margin: 10px auto; display: block;\" alt=\"\" src=\"data:image\/gif;base64,R0lGODlhAQABAAAAACH5BAEKAAEALAAAAAABAAEAAAICTAEAOw==\" data-orig-src=\"https:\/\/lh4.googleusercontent.com\/-QvNvMNOzvWk\/VI7M1NnGgkI\/AAAAAAAAHv4\/C2cgoJA6TSs\/w400-h307-no\/2.jpg\" \/><\/span><\/div>\n<\/td>\n<\/tr>\n<tr>\n<td>\n<div><span style=\"color: #000000; font-size: 12pt; font-family: helvetica;\"><img decoding=\"async\" class=\"lazyload HAa Eha\" style=\"border-width: 1px; border-style: solid; margin: 10px auto; display: block;\" alt=\"\" src=\"data:image\/gif;base64,R0lGODlhAQABAAAAACH5BAEKAAEALAAAAAABAAEAAAICTAEAOw==\" data-orig-src=\"https:\/\/lh3.googleusercontent.com\/-lj7L3SyN6JM\/VI7M1KS2FqI\/AAAAAAAAHvs\/ij0hgaEZSOM\/w400-h300-no\/3.jpg\" \/><\/span><\/div>\n<\/td>\n<td>\n<div><span style=\"color: #000000; font-size: 12pt; font-family: helvetica;\">&nbsp;&nbsp;&nbsp;&nbsp;<\/span><\/div>\n<div style=\"text-align: justify;\"><span style=\"color: #000000; font-size: 12pt; font-family: helvetica;\">&nbsp;&nbsp;&nbsp; Dita e h\u00ebn\u00eb, data 16 qershor, ishte dita e kremtimit t\u00eb Shpirtit t\u00eb Shenjt\u00eb. Apostujt k\u00ebrkonin vazhdimisht Shpirtin e Shenjt dhe mbusheshin me t\u00eb. \u201cKy Shpirt i Shenjt q\u00eb ndryshoi kaq rr\u00ebnj\u00ebsisht dhe drejtoi jet\u00ebt e apostujve \u00ebsht\u00eb i gatsh\u00ebm t\u00eb jetoj\u00eb dhe t\u00eb veproj\u00eb brenda nesh sot, duke ndryshuar edhe jet\u00ebt tona. Kjo dit\u00eb e sh\u00ebnuar b\u00ebhet edhe m\u00eb e ve\u00e7ant\u00eb n\u00eb ceremonin\u00eb e diplomimit t\u00eb student\u00ebve t\u00eb vitit t\u00eb kat\u00ebrt, pjes\u00eb e t\u00eb cil\u00ebve jam edhe un\u00eb\u201d \u2013 tha studentja m\u00eb e mir\u00eb, e sapodiplomuar, Theano Kostoli.<\/span><\/div>\n<div><span style=\"font-size: 12pt; font-family: helvetica;\"><\/span><\/div>\n<\/td>\n<\/tr>\n<tr>\n<td>\n<div><span style=\"color: #000000; font-size: 12pt; font-family: helvetica;\">&nbsp;&nbsp;&nbsp;&nbsp;<\/span><\/div>\n<div style=\"text-align: justify;\"><span style=\"color: #000000; font-size: 12pt; font-family: helvetica;\">&nbsp;&nbsp;&nbsp; N\u00eb vazhdim t\u00eb fjal\u00ebs tradicionale t\u00eb studentit m\u00eb t\u00eb mir\u00eb, ajo tha se rruga p\u00ebr t\u00eb arritur n\u00eb k\u00ebt\u00eb faz\u00eb t\u00eb jet\u00ebs nuk ka qen\u00eb e leht\u00eb, por me p\u00ebrpjekje t\u00eb vazhdueshme, me lodhje, mundim dhe mbi t\u00eb gjitha me shpres\u00ebn p\u00ebr t\u00eb ecur p\u00ebrpara. Pas gjith\u00eb k\u00ebtyre fshihet shpresa, besimi dhe dashuria q\u00eb buron nga Per\u00ebndia\u201d.<\/span><\/div>\n<div><span style=\"font-size: 12pt; font-family: helvetica;\"><\/span><\/div>\n<\/td>\n<td>\n<div><span style=\"color: #000000; font-size: 12pt; font-family: helvetica;\"><img decoding=\"async\" class=\"lazyload HAa Eha\" style=\"border-width: 1px; border-style: solid; margin: 10px auto; display: block;\" alt=\"\" src=\"data:image\/gif;base64,R0lGODlhAQABAAAAACH5BAEKAAEALAAAAAABAAEAAAICTAEAOw==\" data-orig-src=\"https:\/\/lh5.googleusercontent.com\/-4it5rxWfAuQ\/VI7M1SVvDZI\/AAAAAAAAHv0\/Rs6_pC_zQ14\/w400-h300-no\/4.jpg\" \/><\/span><\/div>\n<\/td>\n<\/tr>\n<tr>\n<td>\n<div><span style=\"color: #000000; font-size: 12pt; font-family: helvetica;\"><img decoding=\"async\" class=\"lazyload HAa Eha\" style=\"border-width: 1px; border-style: solid; margin: 10px auto; display: block;\" alt=\"\" src=\"data:image\/gif;base64,R0lGODlhAQABAAAAACH5BAEKAAEALAAAAAABAAEAAAICTAEAOw==\" data-orig-src=\"https:\/\/lh4.googleusercontent.com\/-efh7M5MeIZ8\/VI7M1ijxnoI\/AAAAAAAAHvw\/n2RMlNGM6Nw\/w400-h300-no\/5.jpg\" \/><\/span><\/div>\n<\/td>\n<td>\n<div style=\"text-align: justify;\"><span style=\"color: #000000; font-size: 12pt; font-family: helvetica;\">&nbsp;&nbsp;&nbsp; N\u00eb k\u00ebt\u00eb dit\u00eb t\u00eb r\u00ebnd\u00ebsishme akademike n\u00eb ambientet e Akademis\u00eb u organizua nj\u00eb program festiv me fjalime, meditime, himne dhe nj\u00eb drek\u00eb me t\u00eb gjith\u00eb t\u00eb pranishmit. Me t\u00eb v\u00ebrtet\u00eb Akademia dhe Kisha festonte kuror\u00ebzimin e studimeve t\u00eb k\u00ebtij brezi student\u00ebsh, duke i p\u00ebrgatitur k\u00ebshtu ata, si bashk\u00ebpun\u00ebtor\u00eb t\u00eb rinj dhe t\u00eb zellsh\u00ebm p\u00ebr vepr\u00ebn shpirt\u00ebrore e sociale t\u00eb Kish\u00ebs n\u00eb t\u00eb gjith\u00eb Shqip\u00ebrin\u00eb. N\u00eb k\u00ebt\u00eb festim kishte ardhur edhe Fortlumturia e Tij, Kryepiskopi i Tiran\u00ebs, Durr\u00ebsit dhe gjith\u00eb Shqip\u00ebris\u00eb, Anastasi, Episkop Andoni (dikur student i k\u00ebsaj Akademie), klerik\u00eb dhe pedagog\u00eb etj.<\/span><\/div>\n<\/td>\n<\/tr>\n<tr>\n<td dir=\"ltr\" colspan=\"2\">\n<div style=\"text-align: justify;\"><span style=\"color: #000000; font-size: 12pt; font-family: helvetica;\"> &nbsp;&nbsp;&nbsp; N\u00eb fjal\u00ebn e tij p\u00ebrsh\u00ebndet\u00ebse, Kryepiskopi Anastas tha: \u201cDuke ndjekur k\u00ebt\u00eb fest\u00eb t\u00eb sotme m\u00eb vijn\u00eb n\u00eb mend fjal\u00ebt e psalmistit q\u00eb thot\u00eb: \u201cLe t\u00eb bekojm\u00eb Zotin n\u00eb \u00e7do koh\u00eb. Zemra mbushet me lavd\u00ebrim p\u00ebr Per\u00ebndin\u00eb dhe mendja kthehet mbrapa at\u00ebher\u00eb kur n\u00eb k\u00ebt\u00eb vend ishte nj\u00eb g\u00ebrmadh\u00eb. Q\u00eb nga viti 1992 e deri m\u00eb sot \u00ebsht\u00eb kryer nj\u00eb pun\u00eb shum\u00eb e madhe. Kur isha n\u00eb Afrik\u00eb, atje ishte zakon q\u00eb n\u00eb p\u00ebrfundim t\u00eb Sh\u00ebrbes\u00ebs s\u00eb Mbr\u00ebm\u00ebsores kishte shum\u00eb valle dhe g\u00ebzim. Atyre u thash\u00eb se \u00ebsht\u00eb nj\u00eb vend q\u00eb quhet Shqip\u00ebri dhe p\u00ebr 23 vjet me radh\u00eb ata i kan\u00eb ndaluar krejt\u00ebsisht q\u00eb t\u00eb lexojn\u00eb Shkrimin e Shenjt\u00eb, t\u00eb ndezin qiri ose t\u00eb ken\u00eb ikonat e tyre. Syt\u00eb e t\u00eb gjith\u00ebve u mall\u00ebngjyen e u \u00e7el\u00ebn. M\u00eb tej, un\u00eb u thash\u00eb q\u00eb jam ngarkuar nga Patriarkana q\u00eb ka nj\u00eb p\u00ebrgjegj\u00ebsi p\u00ebr mbar\u00eb bot\u00ebn q\u00eb t\u00eb shkoj dhe t\u00eb jap ndihmes\u00ebn time. \u00c7far\u00eb thoni? Ra heshtje e thell\u00eb. Un\u00eb u thash\u00eb se jeni ju q\u00eb duhet t\u00eb m\u00eb jepni bekimin dhe urat\u00ebn tuaj dhe do t\u00eb b\u00ebni nj\u00eb lutje t\u00eb vazhdueshme k\u00ebtu, n\u00eb k\u00ebt\u00eb vend p\u00ebr mua, sepse ju thash\u00eb q\u00eb rruga mesa duket ka p\u00ebr t\u00eb qen\u00eb tep\u00ebr e v\u00ebshtir\u00eb. Dhe ishte nj\u00eb nga net\u00ebt m\u00eb mall\u00ebngjyese. Historia k\u00ebtu n\u00eb Shqip\u00ebri e ka zanafill\u00ebn n\u00eb Afrik\u00eb. Me t\u00eb v\u00ebrtet\u00eb gj\u00ebrat k\u00ebtu ishin shum\u00eb t\u00eb v\u00ebshtira. Liturgjit\u00eb e para i b\u00ebnim n\u00ebn pem\u00eb ose n\u00eb g\u00ebrmadhat e kishave. I kujtojm\u00eb k\u00ebto koh\u00eb, q\u00eb zemra jon\u00eb t\u00eb mbushet me fal\u00ebnderim p\u00ebr Per\u00ebndin\u00eb p\u00ebr t\u00eb gjitha gj\u00ebrat q\u00eb na ka falur\u201d.<\/span><\/div>\n<div style=\"text-align: justify;\"><span style=\"font-size: 12pt; font-family: helvetica;\"><\/span><\/div>\n<div style=\"text-align: justify;\"><span style=\"color: #000000; font-size: 12pt; font-family: helvetica;\">&nbsp;&nbsp;&nbsp; Pas fjalimeve dhe himneve n\u00eb k\u00ebt\u00eb sall\u00eb pasoi edhe ndarja e diplomave si edhe g\u00ebzimi i urimeve dhe p\u00ebrg\u00ebzimeve t\u00eb ngrohta drejtuar t\u00eb sapodiplomuarve, duke vazhduar k\u00ebto edhe n\u00eb drek\u00ebn festive. Edhe k\u00ebtu Kryepiskopi iu drejtua student\u00ebve t\u00eb sapodiplomuar duke i uruar q\u00eb t\u00eb ken\u00eb gjithmon\u00eb nj\u00eb kujtes\u00eb t\u00eb gjall\u00eb, kujtes\u00eb t\u00eb dhuratave t\u00eb Per\u00ebndis\u00eb, ashtu si edhe populli izraelit i Dhiat\u00ebs s\u00eb Vjet\u00ebr, t\u00eb ndjejn\u00eb p\u00ebrgjegj\u00ebsin\u00eb e detyr\u00ebs tuaj ndaj Kish\u00ebs, t\u00eb ken\u00eb guxim, zell n\u00eb pun\u00eb e n\u00eb frym\u00eb, duke d\u00ebshmuar Krishtin n\u00eb \u00e7do koh\u00eb, . M\u00eb tej edhe prind\u00ebr e student\u00eb uruan ashtu si edhe Kristi, student q\u00eb sapo p\u00ebrfundoi vitin e dyt\u00eb: \u201cI uroj shok\u00ebt e mi m\u00eb t\u00eb m\u00ebdhenj, q\u00eb sapo u diplomuan, t\u00eb mbajn\u00eb lidhjen me Kish\u00ebn dhe t\u00eb japin \u00e7far\u00eb ata ndjejn\u00eb n\u00eb thell\u00ebsi t\u00eb zemrave t\u00eb tyre, duke qen\u00eb t\u00eb gatsh\u00ebm n\u00eb \u00e7do koh\u00eb q\u00eb Kisha ka nevoj\u00eb p\u00ebr ta\u201d. N\u00eb fund student\u00ebt u ndan\u00eb me p\u00ebrqafime dhe lot g\u00ebzimi e me d\u00ebshir\u00ebn p\u00ebr t\u00eb ofruar n\u00eb Kish\u00eb e shoq\u00ebri bagazhin teologjik, shpirt\u00ebror e social q\u00eb mor\u00ebn n\u00eb k\u00ebt\u00eb Akademi.<\/span><\/div>\n<div><span style=\"font-size: 12pt; font-family: helvetica;\"><\/span><\/div>\n<\/td>\n<\/tr>\n<tr>\n<td dir=\"ltr\" colspan=\"2\">\n<div><span style=\"color: #000000; font-size: 12pt; font-family: helvetica;\"><strong>Julia Pjetri<\/strong><\/span><\/div>\n<\/td>\n<\/tr>\n<\/tbody>\n<\/table>\n<p>&nbsp;<\/p>\n","protected":false},"excerpt":{"rendered":"<p>&nbsp;&nbsp;&nbsp; &nbsp;&nbsp;&nbsp; N\u00eb 16 qershor, student\u00ebt e vitit t\u00eb fundit t\u00eb Akademis\u00eb Teologjike \u201cNgjallja e Krishtit\u201d, n\u00eb Sh\u00ebn Vlash t\u00eb Durr\u00ebsit, u mblodh\u00ebn s\u00eb bashku n\u00eb sall\u00ebn \u201cSion\u201d me pedagog\u00ebt dhe t\u00eb af\u00ebrm p\u00ebr t\u00eb festuar dit\u00ebn e diplomimit. \u201cK\u00ebto kat\u00ebr vjet do t\u00eb mbeten n\u00eb kujtes\u00eb si vitet m\u00eb t\u00eb bukura dhe mbres\u00ebl\u00ebn\u00ebse n\u00eb jet\u00ebn e tyre, sepse asnj\u00eb shkoll\u00eb tjet\u00ebr n\u00eb vendin ton\u00eb<\/p>\n","protected":false},"author":1,"featured_media":0,"comment_status":"open","ping_status":"open","sticky":false,"template":"","format":"standard","meta":{"_acf_changed":false,"pagelayer_contact_templates":[],"_pagelayer_content":"","inline_featured_image":false,"fifu_image_url":"","fifu_image_alt":"","footnotes":""},"categories":[108],"tags":[146,169,168,196,201,212],"class_list":["post-415","post","type-post","status-publish","format-standard","hentry","category-lajme","tag-146","tag-akademia-teologjike","tag-diplomime","tag-tirane","tag-kryepiskopi-anastas","tag-lajme-d27"],"acf":[],"yoast_head":"<!-- This site is optimized with the Yoast SEO plugin v27.2 - https:\/\/yoast.com\/product\/yoast-seo-wordpress\/ -->\n<title>Diplomohen student\u00ebt e vitit t\u00eb kat\u00ebrt n\u00eb Akademin\u00eb Teologjike \u201cNgjallja e Krishtit\u201d. (Qershor 2008) - Kisha Orthodh\u03bfkse Autoqefale e Shqip\u00ebris\u00eb<\/title>\n<meta name=\"robots\" content=\"index, follow, max-snippet:-1, max-image-preview:large, max-video-preview:-1\" \/>\n<link rel=\"canonical\" href=\"https:\/\/orthodoxalbania.org\/2020\/2008\/02\/26\/diplomohen-studentet-e-vitit-te-katert-ne-akademine-teologjike-ngjallja-e-krishtit-qershor-2008\/\" \/>\n<meta property=\"og:locale\" content=\"en_US\" \/>\n<meta property=\"og:type\" content=\"article\" \/>\n<meta property=\"og:title\" content=\"Diplomohen student\u00ebt e vitit t\u00eb kat\u00ebrt n\u00eb Akademin\u00eb Teologjike \u201cNgjallja e Krishtit\u201d. (Qershor 2008) - Kisha Orthodh\u03bfkse Autoqefale e Shqip\u00ebris\u00eb\" \/>\n<meta property=\"og:description\" content=\"&nbsp;&nbsp;&nbsp; &nbsp;&nbsp;&nbsp; N\u00eb 16 qershor, student\u00ebt e vitit t\u00eb fundit t\u00eb Akademis\u00eb Teologjike \u201cNgjallja e Krishtit\u201d, n\u00eb Sh\u00ebn Vlash t\u00eb Durr\u00ebsit, u mblodh\u00ebn s\u00eb bashku n\u00eb sall\u00ebn \u201cSion\u201d me pedagog\u00ebt dhe t\u00eb af\u00ebrm p\u00ebr t\u00eb festuar dit\u00ebn e diplomimit. \u201cK\u00ebto kat\u00ebr vjet do t\u00eb mbeten n\u00eb kujtes\u00eb si vitet m\u00eb t\u00eb bukura dhe mbres\u00ebl\u00ebn\u00ebse n\u00eb jet\u00ebn e tyre, sepse asnj\u00eb shkoll\u00eb tjet\u00ebr n\u00eb vendin ton\u00eb\" \/>\n<meta property=\"og:url\" content=\"https:\/\/orthodoxalbania.org\/2020\/2008\/02\/26\/diplomohen-studentet-e-vitit-te-katert-ne-akademine-teologjike-ngjallja-e-krishtit-qershor-2008\/\" \/>\n<meta property=\"og:site_name\" content=\"Kisha Orthodh\u03bfkse Autoqefale e Shqip\u00ebris\u00eb\" \/>\n<meta property=\"article:publisher\" content=\"https:\/\/www.facebook.com\/koash1991\" \/>\n<meta property=\"article:published_time\" content=\"2008-02-26T00:00:00+00:00\" \/>\n<meta property=\"article:modified_time\" content=\"2020-04-06T20:35:23+00:00\" \/>\n<meta property=\"og:image\" content=\"https:\/\/lh6.googleusercontent.com\/-6lL3xvTuRY8\/VI7M06gE8dI\/AAAAAAAAHv8\/8wcPZ7lWCOI\/w400-h300-no\/1.jpg\" \/>\n<meta name=\"author\" content=\"Kisha Orthodhokse\" \/>\n<meta name=\"twitter:card\" content=\"summary_large_image\" \/>\n<meta name=\"twitter:label1\" content=\"Written by\" \/>\n\t<meta name=\"twitter:data1\" content=\"Kisha Orthodhokse\" \/>\n\t<meta name=\"twitter:label2\" content=\"Est. reading time\" \/>\n\t<meta name=\"twitter:data2\" content=\"5 minutes\" \/>\n<script type=\"application\/ld+json\" class=\"yoast-schema-graph\">{\"@context\":\"https:\/\/schema.org\",\"@graph\":[{\"@type\":\"Article\",\"@id\":\"https:\/\/orthodoxalbania.org\/2020\/2008\/02\/26\/diplomohen-studentet-e-vitit-te-katert-ne-akademine-teologjike-ngjallja-e-krishtit-qershor-2008\/#article\",\"isPartOf\":{\"@id\":\"https:\/\/orthodoxalbania.org\/2020\/2008\/02\/26\/diplomohen-studentet-e-vitit-te-katert-ne-akademine-teologjike-ngjallja-e-krishtit-qershor-2008\/\"},\"author\":{\"name\":\"Kisha Orthodhokse\",\"@id\":\"https:\/\/orthodoxalbania.org\/2020\/#\/schema\/person\/0c387634a7063ac612d7ed9ce71c7e86\"},\"headline\":\"Diplomohen student\u00ebt e vitit t\u00eb kat\u00ebrt n\u00eb Akademin\u00eb Teologjike \u201cNgjallja e Krishtit\u201d. (Qershor 2008)\",\"datePublished\":\"2008-02-26T00:00:00+00:00\",\"dateModified\":\"2020-04-06T20:35:23+00:00\",\"mainEntityOfPage\":{\"@id\":\"https:\/\/orthodoxalbania.org\/2020\/2008\/02\/26\/diplomohen-studentet-e-vitit-te-katert-ne-akademine-teologjike-ngjallja-e-krishtit-qershor-2008\/\"},\"wordCount\":1005,\"commentCount\":0,\"publisher\":{\"@id\":\"https:\/\/orthodoxalbania.org\/2020\/#organization\"},\"image\":{\"@id\":\"https:\/\/orthodoxalbania.org\/2020\/2008\/02\/26\/diplomohen-studentet-e-vitit-te-katert-ne-akademine-teologjike-ngjallja-e-krishtit-qershor-2008\/#primaryimage\"},\"thumbnailUrl\":\"https:\/\/lh6.googleusercontent.com\/-6lL3xvTuRY8\/VI7M06gE8dI\/AAAAAAAAHv8\/8wcPZ7lWCOI\/w400-h300-no\/1.jpg\",\"keywords\":[\"2008\",\"Akademia Teologjike\",\"Diplomime\",\"Kryepiskopata Tiran\u00eb\",\"Kryepiskopi Anastas\",\"lajme\"],\"articleSection\":[\"Lajme\"],\"inLanguage\":\"en-US\"},{\"@type\":\"WebPage\",\"@id\":\"https:\/\/orthodoxalbania.org\/2020\/2008\/02\/26\/diplomohen-studentet-e-vitit-te-katert-ne-akademine-teologjike-ngjallja-e-krishtit-qershor-2008\/\",\"url\":\"https:\/\/orthodoxalbania.org\/2020\/2008\/02\/26\/diplomohen-studentet-e-vitit-te-katert-ne-akademine-teologjike-ngjallja-e-krishtit-qershor-2008\/\",\"name\":\"Diplomohen student\u00ebt e vitit t\u00eb kat\u00ebrt n\u00eb Akademin\u00eb Teologjike \u201cNgjallja e Krishtit\u201d. (Qershor 2008) - Kisha Orthodh\u03bfkse Autoqefale e Shqip\u00ebris\u00eb\",\"isPartOf\":{\"@id\":\"https:\/\/orthodoxalbania.org\/2020\/#website\"},\"primaryImageOfPage\":{\"@id\":\"https:\/\/orthodoxalbania.org\/2020\/2008\/02\/26\/diplomohen-studentet-e-vitit-te-katert-ne-akademine-teologjike-ngjallja-e-krishtit-qershor-2008\/#primaryimage\"},\"image\":{\"@id\":\"https:\/\/orthodoxalbania.org\/2020\/2008\/02\/26\/diplomohen-studentet-e-vitit-te-katert-ne-akademine-teologjike-ngjallja-e-krishtit-qershor-2008\/#primaryimage\"},\"thumbnailUrl\":\"https:\/\/lh6.googleusercontent.com\/-6lL3xvTuRY8\/VI7M06gE8dI\/AAAAAAAAHv8\/8wcPZ7lWCOI\/w400-h300-no\/1.jpg\",\"datePublished\":\"2008-02-26T00:00:00+00:00\",\"dateModified\":\"2020-04-06T20:35:23+00:00\",\"breadcrumb\":{\"@id\":\"https:\/\/orthodoxalbania.org\/2020\/2008\/02\/26\/diplomohen-studentet-e-vitit-te-katert-ne-akademine-teologjike-ngjallja-e-krishtit-qershor-2008\/#breadcrumb\"},\"inLanguage\":\"en-US\",\"potentialAction\":[{\"@type\":\"ReadAction\",\"target\":[\"https:\/\/orthodoxalbania.org\/2020\/2008\/02\/26\/diplomohen-studentet-e-vitit-te-katert-ne-akademine-teologjike-ngjallja-e-krishtit-qershor-2008\/\"]}]},{\"@type\":\"ImageObject\",\"inLanguage\":\"en-US\",\"@id\":\"https:\/\/orthodoxalbania.org\/2020\/2008\/02\/26\/diplomohen-studentet-e-vitit-te-katert-ne-akademine-teologjike-ngjallja-e-krishtit-qershor-2008\/#primaryimage\",\"url\":\"https:\/\/lh6.googleusercontent.com\/-6lL3xvTuRY8\/VI7M06gE8dI\/AAAAAAAAHv8\/8wcPZ7lWCOI\/w400-h300-no\/1.jpg\",\"contentUrl\":\"https:\/\/lh6.googleusercontent.com\/-6lL3xvTuRY8\/VI7M06gE8dI\/AAAAAAAAHv8\/8wcPZ7lWCOI\/w400-h300-no\/1.jpg\"},{\"@type\":\"BreadcrumbList\",\"@id\":\"https:\/\/orthodoxalbania.org\/2020\/2008\/02\/26\/diplomohen-studentet-e-vitit-te-katert-ne-akademine-teologjike-ngjallja-e-krishtit-qershor-2008\/#breadcrumb\",\"itemListElement\":[{\"@type\":\"ListItem\",\"position\":1,\"name\":\"Home\",\"item\":\"https:\/\/orthodoxalbania.org\/2020\/\"},{\"@type\":\"ListItem\",\"position\":2,\"name\":\"Diplomohen student\u00ebt e vitit t\u00eb kat\u00ebrt n\u00eb Akademin\u00eb Teologjike \u201cNgjallja e Krishtit\u201d. (Qershor 2008)\"}]},{\"@type\":\"WebSite\",\"@id\":\"https:\/\/orthodoxalbania.org\/2020\/#website\",\"url\":\"https:\/\/orthodoxalbania.org\/2020\/\",\"name\":\"Kisha Orthodh\u03bfkse Autoqefale e Shqip\u00ebris\u00eb\",\"description\":\"Fqja Zyrtare e Kish\u00ebs Orthodhokse Autoqefale e Shqip\u00ebris\u00eb me lajmet edhe informacionet zyrtare p\u00ebr struktur\u00ebn edhe veprimtarin e saj.\",\"publisher\":{\"@id\":\"https:\/\/orthodoxalbania.org\/2020\/#organization\"},\"potentialAction\":[{\"@type\":\"SearchAction\",\"target\":{\"@type\":\"EntryPoint\",\"urlTemplate\":\"https:\/\/orthodoxalbania.org\/2020\/?s={search_term_string}\"},\"query-input\":{\"@type\":\"PropertyValueSpecification\",\"valueRequired\":true,\"valueName\":\"search_term_string\"}}],\"inLanguage\":\"en-US\"},{\"@type\":\"Organization\",\"@id\":\"https:\/\/orthodoxalbania.org\/2020\/#organization\",\"name\":\"Kisha Orthodhokse Autoqefale e Shqip\u00ebris\u00eb\",\"url\":\"https:\/\/orthodoxalbania.org\/2020\/\",\"logo\":{\"@type\":\"ImageObject\",\"inLanguage\":\"en-US\",\"@id\":\"https:\/\/orthodoxalbania.org\/2020\/#\/schema\/logo\/image\/\",\"url\":\"https:\/\/orthodoxalbania.org\/2020\/wp-content\/uploads\/2020\/05\/albania.jpeg\",\"contentUrl\":\"https:\/\/orthodoxalbania.org\/2020\/wp-content\/uploads\/2020\/05\/albania.jpeg\",\"width\":540,\"height\":540,\"caption\":\"Kisha Orthodhokse Autoqefale e Shqip\u00ebris\u00eb\"},\"image\":{\"@id\":\"https:\/\/orthodoxalbania.org\/2020\/#\/schema\/logo\/image\/\"},\"sameAs\":[\"https:\/\/www.facebook.com\/koash1991\"]},{\"@type\":\"Person\",\"@id\":\"https:\/\/orthodoxalbania.org\/2020\/#\/schema\/person\/0c387634a7063ac612d7ed9ce71c7e86\",\"name\":\"Kisha Orthodhokse\",\"image\":{\"@type\":\"ImageObject\",\"inLanguage\":\"en-US\",\"@id\":\"https:\/\/secure.gravatar.com\/avatar\/596e7c417251e30f2fbb9c00e026fce61a695a00e51c889caded71c96cbbdde5?s=96&d=mm&r=g\",\"url\":\"https:\/\/secure.gravatar.com\/avatar\/596e7c417251e30f2fbb9c00e026fce61a695a00e51c889caded71c96cbbdde5?s=96&d=mm&r=g\",\"contentUrl\":\"https:\/\/secure.gravatar.com\/avatar\/596e7c417251e30f2fbb9c00e026fce61a695a00e51c889caded71c96cbbdde5?s=96&d=mm&r=g\",\"caption\":\"Kisha Orthodhokse\"}}]}<\/script>\n<!-- \/ Yoast SEO plugin. -->","yoast_head_json":{"title":"Diplomohen student\u00ebt e vitit t\u00eb kat\u00ebrt n\u00eb Akademin\u00eb Teologjike \u201cNgjallja e Krishtit\u201d. (Qershor 2008) - Kisha Orthodh\u03bfkse Autoqefale e Shqip\u00ebris\u00eb","robots":{"index":"index","follow":"follow","max-snippet":"max-snippet:-1","max-image-preview":"max-image-preview:large","max-video-preview":"max-video-preview:-1"},"canonical":"https:\/\/orthodoxalbania.org\/2020\/2008\/02\/26\/diplomohen-studentet-e-vitit-te-katert-ne-akademine-teologjike-ngjallja-e-krishtit-qershor-2008\/","og_locale":"en_US","og_type":"article","og_title":"Diplomohen student\u00ebt e vitit t\u00eb kat\u00ebrt n\u00eb Akademin\u00eb Teologjike \u201cNgjallja e Krishtit\u201d. (Qershor 2008) - Kisha Orthodh\u03bfkse Autoqefale e Shqip\u00ebris\u00eb","og_description":"&nbsp;&nbsp;&nbsp; &nbsp;&nbsp;&nbsp; N\u00eb 16 qershor, student\u00ebt e vitit t\u00eb fundit t\u00eb Akademis\u00eb Teologjike \u201cNgjallja e Krishtit\u201d, n\u00eb Sh\u00ebn Vlash t\u00eb Durr\u00ebsit, u mblodh\u00ebn s\u00eb bashku n\u00eb sall\u00ebn \u201cSion\u201d me pedagog\u00ebt dhe t\u00eb af\u00ebrm p\u00ebr t\u00eb festuar dit\u00ebn e diplomimit. \u201cK\u00ebto kat\u00ebr vjet do t\u00eb mbeten n\u00eb kujtes\u00eb si vitet m\u00eb t\u00eb bukura dhe mbres\u00ebl\u00ebn\u00ebse n\u00eb jet\u00ebn e tyre, sepse asnj\u00eb shkoll\u00eb tjet\u00ebr n\u00eb vendin ton\u00eb","og_url":"https:\/\/orthodoxalbania.org\/2020\/2008\/02\/26\/diplomohen-studentet-e-vitit-te-katert-ne-akademine-teologjike-ngjallja-e-krishtit-qershor-2008\/","og_site_name":"Kisha Orthodh\u03bfkse Autoqefale e Shqip\u00ebris\u00eb","article_publisher":"https:\/\/www.facebook.com\/koash1991","article_published_time":"2008-02-26T00:00:00+00:00","article_modified_time":"2020-04-06T20:35:23+00:00","og_image":[{"url":"https:\/\/lh6.googleusercontent.com\/-6lL3xvTuRY8\/VI7M06gE8dI\/AAAAAAAAHv8\/8wcPZ7lWCOI\/w400-h300-no\/1.jpg","type":"","width":"","height":""}],"author":"Kisha Orthodhokse","twitter_card":"summary_large_image","twitter_misc":{"Written by":"Kisha Orthodhokse","Est. reading time":"5 minutes"},"schema":{"@context":"https:\/\/schema.org","@graph":[{"@type":"Article","@id":"https:\/\/orthodoxalbania.org\/2020\/2008\/02\/26\/diplomohen-studentet-e-vitit-te-katert-ne-akademine-teologjike-ngjallja-e-krishtit-qershor-2008\/#article","isPartOf":{"@id":"https:\/\/orthodoxalbania.org\/2020\/2008\/02\/26\/diplomohen-studentet-e-vitit-te-katert-ne-akademine-teologjike-ngjallja-e-krishtit-qershor-2008\/"},"author":{"name":"Kisha Orthodhokse","@id":"https:\/\/orthodoxalbania.org\/2020\/#\/schema\/person\/0c387634a7063ac612d7ed9ce71c7e86"},"headline":"Diplomohen student\u00ebt e vitit t\u00eb kat\u00ebrt n\u00eb Akademin\u00eb Teologjike \u201cNgjallja e Krishtit\u201d. (Qershor 2008)","datePublished":"2008-02-26T00:00:00+00:00","dateModified":"2020-04-06T20:35:23+00:00","mainEntityOfPage":{"@id":"https:\/\/orthodoxalbania.org\/2020\/2008\/02\/26\/diplomohen-studentet-e-vitit-te-katert-ne-akademine-teologjike-ngjallja-e-krishtit-qershor-2008\/"},"wordCount":1005,"commentCount":0,"publisher":{"@id":"https:\/\/orthodoxalbania.org\/2020\/#organization"},"image":{"@id":"https:\/\/orthodoxalbania.org\/2020\/2008\/02\/26\/diplomohen-studentet-e-vitit-te-katert-ne-akademine-teologjike-ngjallja-e-krishtit-qershor-2008\/#primaryimage"},"thumbnailUrl":"https:\/\/lh6.googleusercontent.com\/-6lL3xvTuRY8\/VI7M06gE8dI\/AAAAAAAAHv8\/8wcPZ7lWCOI\/w400-h300-no\/1.jpg","keywords":["2008","Akademia Teologjike","Diplomime","Kryepiskopata Tiran\u00eb","Kryepiskopi Anastas","lajme"],"articleSection":["Lajme"],"inLanguage":"en-US"},{"@type":"WebPage","@id":"https:\/\/orthodoxalbania.org\/2020\/2008\/02\/26\/diplomohen-studentet-e-vitit-te-katert-ne-akademine-teologjike-ngjallja-e-krishtit-qershor-2008\/","url":"https:\/\/orthodoxalbania.org\/2020\/2008\/02\/26\/diplomohen-studentet-e-vitit-te-katert-ne-akademine-teologjike-ngjallja-e-krishtit-qershor-2008\/","name":"Diplomohen student\u00ebt e vitit t\u00eb kat\u00ebrt n\u00eb Akademin\u00eb Teologjike \u201cNgjallja e Krishtit\u201d. (Qershor 2008) - Kisha Orthodh\u03bfkse Autoqefale e Shqip\u00ebris\u00eb","isPartOf":{"@id":"https:\/\/orthodoxalbania.org\/2020\/#website"},"primaryImageOfPage":{"@id":"https:\/\/orthodoxalbania.org\/2020\/2008\/02\/26\/diplomohen-studentet-e-vitit-te-katert-ne-akademine-teologjike-ngjallja-e-krishtit-qershor-2008\/#primaryimage"},"image":{"@id":"https:\/\/orthodoxalbania.org\/2020\/2008\/02\/26\/diplomohen-studentet-e-vitit-te-katert-ne-akademine-teologjike-ngjallja-e-krishtit-qershor-2008\/#primaryimage"},"thumbnailUrl":"https:\/\/lh6.googleusercontent.com\/-6lL3xvTuRY8\/VI7M06gE8dI\/AAAAAAAAHv8\/8wcPZ7lWCOI\/w400-h300-no\/1.jpg","datePublished":"2008-02-26T00:00:00+00:00","dateModified":"2020-04-06T20:35:23+00:00","breadcrumb":{"@id":"https:\/\/orthodoxalbania.org\/2020\/2008\/02\/26\/diplomohen-studentet-e-vitit-te-katert-ne-akademine-teologjike-ngjallja-e-krishtit-qershor-2008\/#breadcrumb"},"inLanguage":"en-US","potentialAction":[{"@type":"ReadAction","target":["https:\/\/orthodoxalbania.org\/2020\/2008\/02\/26\/diplomohen-studentet-e-vitit-te-katert-ne-akademine-teologjike-ngjallja-e-krishtit-qershor-2008\/"]}]},{"@type":"ImageObject","inLanguage":"en-US","@id":"https:\/\/orthodoxalbania.org\/2020\/2008\/02\/26\/diplomohen-studentet-e-vitit-te-katert-ne-akademine-teologjike-ngjallja-e-krishtit-qershor-2008\/#primaryimage","url":"https:\/\/lh6.googleusercontent.com\/-6lL3xvTuRY8\/VI7M06gE8dI\/AAAAAAAAHv8\/8wcPZ7lWCOI\/w400-h300-no\/1.jpg","contentUrl":"https:\/\/lh6.googleusercontent.com\/-6lL3xvTuRY8\/VI7M06gE8dI\/AAAAAAAAHv8\/8wcPZ7lWCOI\/w400-h300-no\/1.jpg"},{"@type":"BreadcrumbList","@id":"https:\/\/orthodoxalbania.org\/2020\/2008\/02\/26\/diplomohen-studentet-e-vitit-te-katert-ne-akademine-teologjike-ngjallja-e-krishtit-qershor-2008\/#breadcrumb","itemListElement":[{"@type":"ListItem","position":1,"name":"Home","item":"https:\/\/orthodoxalbania.org\/2020\/"},{"@type":"ListItem","position":2,"name":"Diplomohen student\u00ebt e vitit t\u00eb kat\u00ebrt n\u00eb Akademin\u00eb Teologjike \u201cNgjallja e Krishtit\u201d. (Qershor 2008)"}]},{"@type":"WebSite","@id":"https:\/\/orthodoxalbania.org\/2020\/#website","url":"https:\/\/orthodoxalbania.org\/2020\/","name":"Kisha Orthodh\u03bfkse Autoqefale e Shqip\u00ebris\u00eb","description":"Fqja Zyrtare e Kish\u00ebs Orthodhokse Autoqefale e Shqip\u00ebris\u00eb me lajmet edhe informacionet zyrtare p\u00ebr struktur\u00ebn edhe veprimtarin e saj.","publisher":{"@id":"https:\/\/orthodoxalbania.org\/2020\/#organization"},"potentialAction":[{"@type":"SearchAction","target":{"@type":"EntryPoint","urlTemplate":"https:\/\/orthodoxalbania.org\/2020\/?s={search_term_string}"},"query-input":{"@type":"PropertyValueSpecification","valueRequired":true,"valueName":"search_term_string"}}],"inLanguage":"en-US"},{"@type":"Organization","@id":"https:\/\/orthodoxalbania.org\/2020\/#organization","name":"Kisha Orthodhokse Autoqefale e Shqip\u00ebris\u00eb","url":"https:\/\/orthodoxalbania.org\/2020\/","logo":{"@type":"ImageObject","inLanguage":"en-US","@id":"https:\/\/orthodoxalbania.org\/2020\/#\/schema\/logo\/image\/","url":"https:\/\/orthodoxalbania.org\/2020\/wp-content\/uploads\/2020\/05\/albania.jpeg","contentUrl":"https:\/\/orthodoxalbania.org\/2020\/wp-content\/uploads\/2020\/05\/albania.jpeg","width":540,"height":540,"caption":"Kisha Orthodhokse Autoqefale e Shqip\u00ebris\u00eb"},"image":{"@id":"https:\/\/orthodoxalbania.org\/2020\/#\/schema\/logo\/image\/"},"sameAs":["https:\/\/www.facebook.com\/koash1991"]},{"@type":"Person","@id":"https:\/\/orthodoxalbania.org\/2020\/#\/schema\/person\/0c387634a7063ac612d7ed9ce71c7e86","name":"Kisha Orthodhokse","image":{"@type":"ImageObject","inLanguage":"en-US","@id":"https:\/\/secure.gravatar.com\/avatar\/596e7c417251e30f2fbb9c00e026fce61a695a00e51c889caded71c96cbbdde5?s=96&d=mm&r=g","url":"https:\/\/secure.gravatar.com\/avatar\/596e7c417251e30f2fbb9c00e026fce61a695a00e51c889caded71c96cbbdde5?s=96&d=mm&r=g","contentUrl":"https:\/\/secure.gravatar.com\/avatar\/596e7c417251e30f2fbb9c00e026fce61a695a00e51c889caded71c96cbbdde5?s=96&d=mm&r=g","caption":"Kisha Orthodhokse"}}]}},"_links":{"self":[{"href":"https:\/\/orthodoxalbania.org\/2020\/wp-json\/wp\/v2\/posts\/415","targetHints":{"allow":["GET"]}}],"collection":[{"href":"https:\/\/orthodoxalbania.org\/2020\/wp-json\/wp\/v2\/posts"}],"about":[{"href":"https:\/\/orthodoxalbania.org\/2020\/wp-json\/wp\/v2\/types\/post"}],"author":[{"embeddable":true,"href":"https:\/\/orthodoxalbania.org\/2020\/wp-json\/wp\/v2\/users\/1"}],"replies":[{"embeddable":true,"href":"https:\/\/orthodoxalbania.org\/2020\/wp-json\/wp\/v2\/comments?post=415"}],"version-history":[{"count":1,"href":"https:\/\/orthodoxalbania.org\/2020\/wp-json\/wp\/v2\/posts\/415\/revisions"}],"predecessor-version":[{"id":15668,"href":"https:\/\/orthodoxalbania.org\/2020\/wp-json\/wp\/v2\/posts\/415\/revisions\/15668"}],"wp:attachment":[{"href":"https:\/\/orthodoxalbania.org\/2020\/wp-json\/wp\/v2\/media?parent=415"}],"wp:term":[{"taxonomy":"category","embeddable":true,"href":"https:\/\/orthodoxalbania.org\/2020\/wp-json\/wp\/v2\/categories?post=415"},{"taxonomy":"post_tag","embeddable":true,"href":"https:\/\/orthodoxalbania.org\/2020\/wp-json\/wp\/v2\/tags?post=415"}],"curies":[{"name":"wp","href":"https:\/\/api.w.org\/{rel}","templated":true}]}}