{"id":4149,"date":"2015-09-04T09:30:32","date_gmt":"2015-09-04T09:30:32","guid":{"rendered":""},"modified":"2020-04-06T22:02:08","modified_gmt":"2020-04-06T20:02:08","slug":"kisha-e-dhermiut-jashte-listes-se-monumenteve-me-1967-argumente","status":"publish","type":"post","link":"https:\/\/orthodoxalbania.org\/2020\/2015\/09\/04\/kisha-e-dhermiut-jashte-listes-se-monumenteve-me-1967-argumente\/","title":{"rendered":"Kisha e Dh\u00ebrmiut, jasht\u00eb list\u00ebs s\u00eb monumenteve m\u00eb 1967"},"content":{"rendered":"<p style=\"text-align: justify;\">&nbsp;<\/p>\n<p style=\"text-align: right;\"><span style=\"color: #800000;\"><strong><span style=\"font-size: 12pt; font-family: helvetica;\">Botuar te gazeta &#8220;Shqiptare&#8221;, 3 shtator 2015<\/span><\/strong><\/span><\/p>\n<p style=\"text-align: justify;\"><span style=\"color: #000000;\">&nbsp;<span style=\"font-size: 12pt; font-family: helvetica;\">&nbsp; &nbsp; Pas nj\u00eb periudhe jo t\u00eb shkurt\u00ebr heshtjeje, z. Artan Shkreli, k\u00ebshilltar i Kryeministrit p\u00ebr \u00e7\u00ebshtjet e kultur\u00ebs, reagoi me nj\u00eb p\u00ebrgjigje sa profesionale, aq edhe nacional-oratorike, ndaj kritikave q\u00eb u b\u00ebn\u00eb n\u00eb mjetet e informimit publik p\u00ebr prishjen e tempullit t\u00eb Sh\u00ebn Athanasit n\u00eb Dh\u00ebrmi. Me \u00e7\u00ebshtjet polemizuese dhe ngjyrimet nacionaliste, nuk do t\u00eb merremi, pasi mendojm\u00eb se e \u00e7ojn\u00eb ujin n\u00eb mullirin e gabuar dhe shmangim v\u00ebmendjen nga problemi real.<\/span><\/span><\/p>\n<p style=\"text-align: justify;\"><span style=\"color: #000000; font-size: 12pt; font-family: helvetica;\">&nbsp; &nbsp; Shembja e nj\u00eb nd\u00ebrtese, e cila nuk g\u00ebzon aspak hire estetike p\u00ebr syt\u00eb e nj\u00eb pjese t\u00eb shqiptar\u00ebve, p\u00ebrfshi dhe kreun e Ekzekutivit, por e shenjt\u00eb p\u00ebr syt\u00eb e t\u00eb tjer\u00ebve, qoft\u00eb n\u00eb aspektin religjioz, qoft\u00eb lidhur me t\u00eb drejtat e shenjta t\u00eb njeriut, solli tollovi n\u00eb shkrimet dhe mendjet e jo pak shqiptar\u00ebve.<\/span><\/p>\n<p style=\"text-align: justify;\"><span style=\"color: #000000;\"><span style=\"font-size: 12pt; font-family: helvetica;\"><\/span><span style=\"font-size: 12pt; font-family: helvetica;\">&nbsp; &nbsp; Shp\u00ebrfolja q\u00eb jep Qeveria, si n\u00eb nivel qendror, ashtu dhe n\u00eb at\u00eb lokal, mb\u00ebshtetet fort n\u00eb statusin \u201cMonument Kulture\u201d q\u00eb pask\u00ebrka pasur tempulli i Sh\u00ebn Athanasit. Kjo rezultoi e pav\u00ebrtet\u00eb pa v\u00ebn\u00eb aspak mund: mjafton t\u00eb shikohet lista e monumenteve t\u00eb kultur\u00ebs s\u00eb Qarkut Vlor\u00eb (ende sipas ndarjes s\u00eb vjet\u00ebr administrative), p\u00ebr t\u00eb konstatuar se nuk p\u00ebrmendet askund ndonj\u00eb kish\u00eb e ndonj\u00eb Sh\u00ebn Athanasi, aq m\u00eb pak n\u00eb Dh\u00ebrmi. <\/span><\/span><\/p>\n<p style=\"text-align: justify;\"><span style=\"font-size: 12pt; font-family: helvetica; color: #000000;\">&nbsp; &nbsp; P\u00ebr statusin \u201cmonument\u201d t\u00eb kish\u00ebs s\u00eb Sh\u00ebn Athanasit, z. Shkreli (n\u00eb nj\u00eb artikull t\u00eb dt. 01.09.2015 n\u00eb \u201cGazeta Shqiptare\u201d) argumenton: \u201cAjo \u00ebsht\u00eb shpallur e till\u00eb me Vendim nr. 6, dat\u00eb 15.01.1963, mb\u00ebshtetur n\u00eb VKM nr. 130, dt. 09.04.1955, n\u00eb baz\u00eb t\u00eb t\u00eb cilit Kisha e Sh\u00ebn Thanasit, me nr. rendor 24 n\u00eb list\u00ebn p\u00ebrkat\u00ebse t\u00eb monumenteve, \u2018vihet n\u00eb mbrojtjen e shtetit duke marr\u00eb parasysh vler\u00ebn historike, shkencore dhe artistike&#8230;\u2019\u201d. N\u00eb Fletoren Zyrtare t\u00eb atij viti konstatuam se informacioni ishte i v\u00ebrtet\u00eb. Na u duk e \u00e7uditshme, nd\u00ebrkoh\u00eb, mosprania e k\u00ebtij monumenti n\u00eb list\u00ebn aktuale.<\/span><\/p>\n<p style=\"text-align: justify;\"><span style=\"color: #000000; font-size: 12pt; font-family: helvetica;\">&nbsp; &nbsp; Lidhur me k\u00ebt\u00eb, z. Shkreli thot\u00eb: \u201cK\u00ebshtu, edhe pas rr\u00ebnimit t\u00eb mureve [t\u00eb tempullit t\u00eb Sh\u00ebn Athanasit], nuk doli asnj\u00eb akt ministror apo qeveritar q\u00eb ta hiqte kish\u00ebn nga lista e monumenteve dhe fakti q\u00eb n\u00eb listat e p\u00ebrdit\u00ebsuara ajo nuk rezulton, nuk ka t\u00eb b\u00ebj\u00eb me statusin e rr\u00ebnojave t\u00eb saj dhe t\u00eb truallit, por me pranin\u00eb fizike aktuale. Objektivisht vendi, themelet, gur\u00ebt e varret e saj jan\u00eb ende aty&#8230;\u201d. Por fraza q\u00eb na nxiti t\u00eb shkruajm\u00eb k\u00ebto radh\u00eb vjen m\u00eb posht\u00eb: \u201cFakti q\u00eb kisha e vjet\u00ebr nuk \u00ebsht\u00eb m\u00eb mbi kuot\u00ebn e truallit, p\u00ebr rastin e nj\u00eb monumenti kulturor nuk do t\u00eb thot\u00eb asgj\u00eb [&#8230;]\u201d?!? Dometh\u00ebn\u00eb, edhe kemi, edhe s\u2019kemi monument, edhe kemi, edhe s\u2019kemi kish\u00eb&#8230;. \u00cbsht\u00eb lapsus i autorit, apo i ligjeve t\u00eb shqiptar\u00ebve?<\/span><\/p>\n<p style=\"text-align: justify;\"><span style=\"color: #000000; font-size: 12pt; font-family: helvetica;\">&nbsp; &nbsp; P\u00ebr t\u00eb sqaruar habin\u00eb k\u00ebrkuam gjurm\u00ebt e tempullit n\u00eb periudh\u00ebn nd\u00ebrmjet\u00ebse mes shpalljes \u201cmonument\u201d dhe vitit t\u00eb shkat\u00ebrrimit t\u00eb saj. N\u00eb vitin 1967, vitin kur lufta e famshme kund\u00ebr zakoneve prapanike arriti kulmin (luft\u00eb n\u00eb t\u00eb cil\u00ebn, madje, pati marr\u00eb pjes\u00eb edhe ndonj\u00ebri q\u00eb sot ngrihet n\u00eb mbrojtje t\u00eb identitetit katolik t\u00eb tempullit t\u00eb Sh\u00ebn Athanasit dhe t\u00eb shenjt\u00ebris\u00eb s\u00eb at\u00eb Nilo Catalano-s), ministri i Arsimit dhe i Kultur\u00ebs s\u00eb asaj kohe, Thoma Deliana, i d\u00ebrgonte Komitetit Qendror t\u00eb Partis\u00eb nj\u00eb \u201cRelacion mbi shkurtimin e numrit t\u00eb Monumenteve fetare\u201d. <\/span><\/p>\n<p style=\"text-align: justify;\"><span style=\"color: #000000; font-size: 12pt; font-family: helvetica;\">&nbsp; &nbsp; Ky relacion (AQSh, Fondi 490, Dosja 515, f. 1-11), leht\u00ebsisht i gjetsh\u00ebm edhe n\u00eb indeksin e dokumenteve t\u00eb portalit cod.al, daton m\u00eb 17.10.1967 dhe i paraqet KQP arsyetimin se numri aktual i objekteve t\u00eb kultit q\u00eb jan\u00eb monumente kulture arrin n\u00eb 294 (nga totali prej 1536), t\u00eb cilat i p\u00ebrkisnin Kish\u00ebs Ortodokse, Kish\u00ebs Katolike, Komunitetit Mysliman dhe Komunitetit Bektashi. Meqen\u00ebse numri i k\u00ebtyre monumenteve ishte shum\u00eb i madh, nj\u00eb komision i posa\u00e7\u00ebm shqyrtoi edhe nj\u00eb her\u00eb monumentet, duke zvog\u00ebluar me 70% numrin e tyre. Monumentet duhej t\u00eb kishin nj\u00eb mosh\u00eb t\u00eb konsiderueshme, duhej t\u00eb paraqisnin vlera t\u00eb p\u00ebrve\u00e7me pamore dhe arkitekturore, n\u00eb m\u00ebnyr\u00eb q\u00eb t\u00eb mbeteshin n\u00eb list\u00eb.<\/span><\/p>\n<p style=\"text-align: justify;\"><span style=\"color: #000000; font-size: 12pt; font-family: helvetica;\">&nbsp; &nbsp; Ato monumente q\u00eb p\u00ebrjashtoheshin nga statusi \u201cmonument kulture\u201d dhe, automatikisht, nuk mbroheshin m\u00eb nga shteti, do t\u2019u jepeshin Komiteteve Ekzekutive t\u00eb rretheve, n\u00eb m\u00ebnyr\u00eb q\u00eb t\u2019i p\u00ebrdorin sipas nevojave. Para k\u00ebsaj faze do t\u00eb kryhej p\u00ebrpilimi i dokumentacionit p\u00ebrkat\u00ebs p\u00ebr \u00e7do monument, duke e shtyr\u00eb \u00e7astin e dor\u00ebzimit p\u00ebr muajin e tret\u00eb t\u00eb vitit pasardh\u00ebs (1968). Nd\u00ebrkoh\u00eb, mes monumenteve q\u00eb p\u00ebrjashtoheshin nga lista e ruajtjes, ishin disa t\u00eb cilat nuk kishin nevoj\u00eb t\u00eb pajiseshin me dokumentacion. N\u00eb fund t\u00eb list\u00ebs, n\u00ebn z\u00ebrin \u201cRrethi i Vlor\u00ebs\u201d, me num\u00ebr rendor 4, lista p\u00ebrcakton: \u201cKisha e Sh. Thanasit \u2013 Dh\u00ebrmi\u201d. <\/span><\/p>\n<p style=\"text-align: justify;\"><span style=\"color: #000000; font-size: 12pt; font-family: helvetica;\">&nbsp; &nbsp; N\u00eb list\u00ebn e Monumenteve t\u00eb Kultur\u00ebs t\u00eb vitit 1969 tempulli i Sh\u00ebn Athanasit mungon edhe nga lista e monumenteve t\u00eb mbrojtura, edhe nga ajo e t\u00eb pa mbrojturave (AQSh, Fondi 511, Dosja 66, f. 1-46, 57-65), \u00e7ka do t\u00eb thot\u00eb se i ishte kthyer KQ t\u00eb rrethit q\u00eb m\u00eb 1967-\u201968. P\u00ebr k\u00ebt\u00eb arsye mungon edhe nga listat e sotshme. Pra, ekziston nj\u00eb akt ministror q\u00eb e heq kish\u00ebn nga lista e monumenteve. Tempulli \u00ebsht\u00eb shkat\u00ebrruar pasi \u00ebsht\u00eb p\u00ebrjashtuar nga lista e monumenteve t\u00eb mbrojtura. Duhet theksuar kjo gj\u00eb pasi, tregon, brenda relativitetit t\u00eb vet, se shteti i komunist\u00ebve respektoi, aq sa mund t\u00eb quhet \u201crespekt\u201d, ligjet e veta.<\/span><\/p>\n<p style=\"text-align: justify;\"><span style=\"color: #000000; font-size: 12pt; font-family: helvetica;\">&nbsp; &nbsp; Shohim, fatkeq\u00ebsisht, se g\u00ebnjeshtra dhe gjakimi p\u00ebr t\u00eb mbuluar t\u00eb v\u00ebrtet\u00ebn ka arritur shum\u00eb lart&#8230;. Mir\u00ebpo, p\u00ebrpos k\u00ebsaj, p\u00ebrse gjith\u00eb ky kujdes e mund p\u00ebr ta p\u00ebrcaktuar tempullin e Sh\u00ebn Athanasit si \u201cmonument kulture\u201d? 1. Sepse nj\u00eb status i till\u00eb i jep t\u00eb drejt\u00ebn pushtetit qendror dhe vendor t\u00eb nd\u00ebrhyj\u00eb p\u00ebr rind\u00ebrtimin e tempullit, edhe kur monumenti ndodhet n\u00eb pron\u00eb private. 2. <\/span><\/p>\n<p style=\"text-align: justify;\"><span style=\"color: #000000; font-size: 12pt; font-family: helvetica;\">&nbsp; &nbsp; Por qeveria k\u00ebrkon t\u00eb arrij\u00eb edhe nj\u00eb q\u00ebllim tjet\u00ebr: t\u00eb bind\u00eb gjith\u00eb shqiptar\u00ebt, ashtu si\u00e7 rreket rr\u00ebmbaj-k\u00ebmbaj z. Shkreli t\u00eb bind\u00eb publicistin, z. Fatos Lubonja, se Himara ka nj\u00eb identitet unik komb\u00ebtar e kulturor, i cili, i n\u00ebnkuptuar, por jo i th\u00ebn\u00eb qart\u00eb nga z. Shkreli, \u00ebsht\u00eb vet\u00ebm shqiptar. Teksa lexoja k\u00ebto, m\u00eb kujtohej dyshtet\u00ebsia e kryetarit t\u00eb Bashkis\u00eb s\u00eb Himar\u00ebs&#8230;.<\/span><\/p>\n<p style=\"text-align: justify;\"><span style=\"color: #000000; font-size: 12pt; font-family: helvetica;\">&nbsp; &nbsp; Rind\u00ebrtimi i kujtes\u00ebs dhe i historis\u00eb nuk mund t\u00eb mbruhet me arbitraritetin q\u00eb po derdhet n\u00eb themelet e tempullit qeveritar t\u00eb Sh\u00ebn Athanasit, as me teorit\u00eb neo-patriotike q\u00eb evokojn\u00eb nacionaliz\u00ebm arrogant. Q\u00eb nes\u00ebr t\u00eb mos turp\u00ebrohen autor\u00ebt e k\u00ebtij themelimi t\u00eb \u00e7uditsh\u00ebm, t\u00eb denj\u00eb p\u00ebr legjenda, por as pasardh\u00ebsit tan\u00eb nd\u00ebr breza t\u00eb mos na kritikojn\u00eb p\u00ebr k\u00ebto \u00e7udira me brir\u00eb, nevojitet urgjentisht nj\u00eb nd\u00ebrhyrje e ligjshme. <\/span><\/p>\n<p style=\"text-align: justify;\"><span style=\"color: #000000; font-size: 12pt; font-family: helvetica;\">&nbsp; &nbsp; Po nuk nd\u00ebrhyri Kisha Ortodokse Autoqefale e Shqip\u00ebris\u00eb, duke ushtruar t\u00eb drejt\u00ebn mbi at\u00eb q\u00eb duket se i takon, at\u00ebher\u00eb, t\u00eb pakt\u00ebn, t\u00eb nd\u00ebrhyjn\u00eb institucionet kompetente p\u00ebr t\u00eb shpallur, edhe nj\u00eb her\u00eb, \u201cmonument kulture\u201d truallin dhe rr\u00ebnojat e tempullit t\u00eb Sh\u00ebn Athanasit, n\u00eb m\u00ebnyr\u00eb q\u00eb formalisht pun\u00ebt t\u00eb vihen n\u00eb vij\u00eb, dhe e nes\u00ebrmja t\u00eb mos na shoh\u00eb me p\u00ebrbuzje.<\/span><\/p>\n<p style=\"text-align: justify;\"><span style=\"color: #000000;\"><\/span><\/p>\n<p style=\"text-align: right;\">&nbsp;<\/p>\n<p style=\"text-align: right;\"><span style=\"color: #000000;\"><strong><span style=\"font-size: 12pt; font-family: helvetica;\">Nga: Sokol \u00c7unga,&nbsp;Studiues<\/span><\/strong><\/span><\/p>\n<p style=\"text-align: right;\"><span style=\"color: #000000; font-size: 12pt; font-family: helvetica;\">Titulli n\u00eb origjinal: \u201cKritik\u00eb kritikave t\u00eb nj\u00eb kritizeri t\u00eb pasinqert\u00eb\u201d.<\/span><\/p>\n<p style=\"text-align: right;\">&nbsp;<\/p>\n<p style=\"text-align: center;\"><img class=\"lazyload\" decoding=\"async\" src=\"data:image\/svg+xml,%3Csvg%20xmlns%3D%27http%3A%2F%2Fwww.w3.org%2F2000%2Fsvg%27%20width%3D%27450%27%20height%3D%27284%27%20viewBox%3D%270%200%20450%20284%27%3E%3Crect%20width%3D%27450%27%20height%3D%27284%27%20fill-opacity%3D%220%22%2F%3E%3C%2Fsvg%3E\" data-orig-src=\"https:\/\/lh5.googleusercontent.com\/-g2eqjT8yweI\/Ve07JL5PCqI\/AAAAAAAAO3o\/e4pilgJhXLY\/w300-h189-no\/sokol+1.png\" width=\"450\" height=\"284\" style=\"display: block; margin: 10px auto; border: 1px solid #000000;\" \/><\/p>\n<p style=\"text-align: center;\"><img class=\"lazyload\" decoding=\"async\" src=\"data:image\/svg+xml,%3Csvg%20xmlns%3D%27http%3A%2F%2Fwww.w3.org%2F2000%2Fsvg%27%20width%3D%27450%27%20height%3D%27253%27%20viewBox%3D%270%200%20450%20253%27%3E%3Crect%20width%3D%27450%27%20height%3D%27253%27%20fill-opacity%3D%220%22%2F%3E%3C%2Fsvg%3E\" data-orig-src=\"https:\/\/lh3.googleusercontent.com\/-Zqb354ZmXdI\/Ve07I4WrDzI\/AAAAAAAAO3s\/hzmc7v2wOco\/w800-h450-no\/sokol+2.jpg\" width=\"450\" height=\"253\" style=\"display: block; margin: 10px auto; border: 1px solid #000000;\" \/><\/p>\n<p style=\"text-align: center;\">&nbsp;<\/p>\n<p>&nbsp;<\/p>\n","protected":false},"excerpt":{"rendered":"<p>&nbsp; Botuar te gazeta &#8220;Shqiptare&#8221;, 3 shtator 2015 &nbsp;&nbsp; &nbsp; Pas nj\u00eb periudhe jo t\u00eb shkurt\u00ebr heshtjeje, z. Artan Shkreli, k\u00ebshilltar i Kryeministrit p\u00ebr \u00e7\u00ebshtjet e kultur\u00ebs, reagoi me nj\u00eb p\u00ebrgjigje sa profesionale, aq edhe nacional-oratorike, ndaj kritikave q\u00eb u b\u00ebn\u00eb n\u00eb mjetet e informimit publik p\u00ebr prishjen e tempullit t\u00eb Sh\u00ebn Athanasit n\u00eb Dh\u00ebrmi. Me \u00e7\u00ebshtjet polemizuese dhe ngjyrimet nacionaliste, nuk do t\u00eb merremi,<\/p>\n","protected":false},"author":1,"featured_media":4150,"comment_status":"open","ping_status":"open","sticky":false,"template":"","format":"standard","meta":{"_acf_changed":false,"pagelayer_contact_templates":[],"_pagelayer_content":"","inline_featured_image":false,"fifu_image_url":"","fifu_image_alt":"","footnotes":""},"categories":[108],"tags":[139,196,212,203],"class_list":["post-4149","post","type-post","status-publish","format-standard","has-post-thumbnail","hentry","category-lajme","tag-139","tag-tirane","tag-lajme-d27","tag-pergjigje-ndaj-akuzave"],"acf":[],"yoast_head":"<!-- This site is optimized with the Yoast SEO plugin v27.2 - https:\/\/yoast.com\/product\/yoast-seo-wordpress\/ -->\n<title>Kisha e Dh\u00ebrmiut, jasht\u00eb list\u00ebs s\u00eb monumenteve m\u00eb 1967 - Kisha Orthodh\u03bfkse Autoqefale e Shqip\u00ebris\u00eb<\/title>\n<meta name=\"robots\" content=\"index, follow, max-snippet:-1, max-image-preview:large, max-video-preview:-1\" \/>\n<link rel=\"canonical\" href=\"https:\/\/orthodoxalbania.org\/2020\/2015\/09\/04\/kisha-e-dhermiut-jashte-listes-se-monumenteve-me-1967-argumente\/\" \/>\n<meta property=\"og:locale\" content=\"en_US\" \/>\n<meta property=\"og:type\" content=\"article\" \/>\n<meta property=\"og:title\" content=\"Kisha e Dh\u00ebrmiut, jasht\u00eb list\u00ebs s\u00eb monumenteve m\u00eb 1967 - Kisha Orthodh\u03bfkse Autoqefale e Shqip\u00ebris\u00eb\" \/>\n<meta property=\"og:description\" content=\"&nbsp; Botuar te gazeta &#8220;Shqiptare&#8221;, 3 shtator 2015 &nbsp;&nbsp; &nbsp; Pas nj\u00eb periudhe jo t\u00eb shkurt\u00ebr heshtjeje, z. Artan Shkreli, k\u00ebshilltar i Kryeministrit p\u00ebr \u00e7\u00ebshtjet e kultur\u00ebs, reagoi me nj\u00eb p\u00ebrgjigje sa profesionale, aq edhe nacional-oratorike, ndaj kritikave q\u00eb u b\u00ebn\u00eb n\u00eb mjetet e informimit publik p\u00ebr prishjen e tempullit t\u00eb Sh\u00ebn Athanasit n\u00eb Dh\u00ebrmi. Me \u00e7\u00ebshtjet polemizuese dhe ngjyrimet nacionaliste, nuk do t\u00eb merremi,\" \/>\n<meta property=\"og:url\" content=\"https:\/\/orthodoxalbania.org\/2020\/2015\/09\/04\/kisha-e-dhermiut-jashte-listes-se-monumenteve-me-1967-argumente\/\" \/>\n<meta property=\"og:site_name\" content=\"Kisha Orthodh\u03bfkse Autoqefale e Shqip\u00ebris\u00eb\" \/>\n<meta property=\"article:publisher\" content=\"https:\/\/www.facebook.com\/koash1991\" \/>\n<meta property=\"article:published_time\" content=\"2015-09-04T09:30:32+00:00\" \/>\n<meta property=\"article:modified_time\" content=\"2020-04-06T20:02:08+00:00\" \/>\n<meta property=\"og:image\" content=\"https:\/\/orthodoxalbania.org\/2020\/wp-content\/uploads\/2020\/04\/sokol%2B2.jpg\" \/>\n\t<meta property=\"og:image:width\" content=\"150\" \/>\n\t<meta property=\"og:image:height\" content=\"150\" \/>\n\t<meta property=\"og:image:type\" content=\"image\/jpeg\" \/>\n<meta name=\"author\" content=\"Kisha Orthodhokse\" \/>\n<meta name=\"twitter:card\" content=\"summary_large_image\" \/>\n<meta name=\"twitter:label1\" content=\"Written by\" \/>\n\t<meta name=\"twitter:data1\" content=\"Kisha Orthodhokse\" \/>\n\t<meta name=\"twitter:label2\" content=\"Est. reading time\" \/>\n\t<meta name=\"twitter:data2\" content=\"6 minutes\" \/>\n<script type=\"application\/ld+json\" class=\"yoast-schema-graph\">{\"@context\":\"https:\/\/schema.org\",\"@graph\":[{\"@type\":\"Article\",\"@id\":\"https:\/\/orthodoxalbania.org\/2020\/2015\/09\/04\/kisha-e-dhermiut-jashte-listes-se-monumenteve-me-1967-argumente\/#article\",\"isPartOf\":{\"@id\":\"https:\/\/orthodoxalbania.org\/2020\/2015\/09\/04\/kisha-e-dhermiut-jashte-listes-se-monumenteve-me-1967-argumente\/\"},\"author\":{\"name\":\"Kisha Orthodhokse\",\"@id\":\"https:\/\/orthodoxalbania.org\/2020\/#\/schema\/person\/0c387634a7063ac612d7ed9ce71c7e86\"},\"headline\":\"Kisha e Dh\u00ebrmiut, jasht\u00eb list\u00ebs s\u00eb monumenteve m\u00eb 1967\",\"datePublished\":\"2015-09-04T09:30:32+00:00\",\"dateModified\":\"2020-04-06T20:02:08+00:00\",\"mainEntityOfPage\":{\"@id\":\"https:\/\/orthodoxalbania.org\/2020\/2015\/09\/04\/kisha-e-dhermiut-jashte-listes-se-monumenteve-me-1967-argumente\/\"},\"wordCount\":1283,\"commentCount\":0,\"publisher\":{\"@id\":\"https:\/\/orthodoxalbania.org\/2020\/#organization\"},\"image\":{\"@id\":\"https:\/\/orthodoxalbania.org\/2020\/2015\/09\/04\/kisha-e-dhermiut-jashte-listes-se-monumenteve-me-1967-argumente\/#primaryimage\"},\"thumbnailUrl\":\"https:\/\/orthodoxalbania.org\/2020\/wp-content\/uploads\/2020\/04\/sokol%2B2.jpg\",\"keywords\":[\"2015\",\"Kryepiskopata Tiran\u00eb\",\"lajme\",\"P\u00ebrgjigje ndaj akuzave\"],\"articleSection\":[\"Lajme\"],\"inLanguage\":\"en-US\"},{\"@type\":\"WebPage\",\"@id\":\"https:\/\/orthodoxalbania.org\/2020\/2015\/09\/04\/kisha-e-dhermiut-jashte-listes-se-monumenteve-me-1967-argumente\/\",\"url\":\"https:\/\/orthodoxalbania.org\/2020\/2015\/09\/04\/kisha-e-dhermiut-jashte-listes-se-monumenteve-me-1967-argumente\/\",\"name\":\"Kisha e Dh\u00ebrmiut, jasht\u00eb list\u00ebs s\u00eb monumenteve m\u00eb 1967 - Kisha Orthodh\u03bfkse Autoqefale e Shqip\u00ebris\u00eb\",\"isPartOf\":{\"@id\":\"https:\/\/orthodoxalbania.org\/2020\/#website\"},\"primaryImageOfPage\":{\"@id\":\"https:\/\/orthodoxalbania.org\/2020\/2015\/09\/04\/kisha-e-dhermiut-jashte-listes-se-monumenteve-me-1967-argumente\/#primaryimage\"},\"image\":{\"@id\":\"https:\/\/orthodoxalbania.org\/2020\/2015\/09\/04\/kisha-e-dhermiut-jashte-listes-se-monumenteve-me-1967-argumente\/#primaryimage\"},\"thumbnailUrl\":\"https:\/\/orthodoxalbania.org\/2020\/wp-content\/uploads\/2020\/04\/sokol%2B2.jpg\",\"datePublished\":\"2015-09-04T09:30:32+00:00\",\"dateModified\":\"2020-04-06T20:02:08+00:00\",\"breadcrumb\":{\"@id\":\"https:\/\/orthodoxalbania.org\/2020\/2015\/09\/04\/kisha-e-dhermiut-jashte-listes-se-monumenteve-me-1967-argumente\/#breadcrumb\"},\"inLanguage\":\"en-US\",\"potentialAction\":[{\"@type\":\"ReadAction\",\"target\":[\"https:\/\/orthodoxalbania.org\/2020\/2015\/09\/04\/kisha-e-dhermiut-jashte-listes-se-monumenteve-me-1967-argumente\/\"]}]},{\"@type\":\"ImageObject\",\"inLanguage\":\"en-US\",\"@id\":\"https:\/\/orthodoxalbania.org\/2020\/2015\/09\/04\/kisha-e-dhermiut-jashte-listes-se-monumenteve-me-1967-argumente\/#primaryimage\",\"url\":\"https:\/\/orthodoxalbania.org\/2020\/wp-content\/uploads\/2020\/04\/sokol%2B2.jpg\",\"contentUrl\":\"https:\/\/orthodoxalbania.org\/2020\/wp-content\/uploads\/2020\/04\/sokol%2B2.jpg\",\"width\":150,\"height\":150},{\"@type\":\"BreadcrumbList\",\"@id\":\"https:\/\/orthodoxalbania.org\/2020\/2015\/09\/04\/kisha-e-dhermiut-jashte-listes-se-monumenteve-me-1967-argumente\/#breadcrumb\",\"itemListElement\":[{\"@type\":\"ListItem\",\"position\":1,\"name\":\"Home\",\"item\":\"https:\/\/orthodoxalbania.org\/2020\/\"},{\"@type\":\"ListItem\",\"position\":2,\"name\":\"Kisha e Dh\u00ebrmiut, jasht\u00eb list\u00ebs s\u00eb monumenteve m\u00eb 1967\"}]},{\"@type\":\"WebSite\",\"@id\":\"https:\/\/orthodoxalbania.org\/2020\/#website\",\"url\":\"https:\/\/orthodoxalbania.org\/2020\/\",\"name\":\"Kisha Orthodh\u03bfkse Autoqefale e Shqip\u00ebris\u00eb\",\"description\":\"Fqja Zyrtare e Kish\u00ebs Orthodhokse Autoqefale e Shqip\u00ebris\u00eb me lajmet edhe informacionet zyrtare p\u00ebr struktur\u00ebn edhe veprimtarin e saj.\",\"publisher\":{\"@id\":\"https:\/\/orthodoxalbania.org\/2020\/#organization\"},\"potentialAction\":[{\"@type\":\"SearchAction\",\"target\":{\"@type\":\"EntryPoint\",\"urlTemplate\":\"https:\/\/orthodoxalbania.org\/2020\/?s={search_term_string}\"},\"query-input\":{\"@type\":\"PropertyValueSpecification\",\"valueRequired\":true,\"valueName\":\"search_term_string\"}}],\"inLanguage\":\"en-US\"},{\"@type\":\"Organization\",\"@id\":\"https:\/\/orthodoxalbania.org\/2020\/#organization\",\"name\":\"Kisha Orthodhokse Autoqefale e Shqip\u00ebris\u00eb\",\"url\":\"https:\/\/orthodoxalbania.org\/2020\/\",\"logo\":{\"@type\":\"ImageObject\",\"inLanguage\":\"en-US\",\"@id\":\"https:\/\/orthodoxalbania.org\/2020\/#\/schema\/logo\/image\/\",\"url\":\"https:\/\/orthodoxalbania.org\/2020\/wp-content\/uploads\/2020\/05\/albania.jpeg\",\"contentUrl\":\"https:\/\/orthodoxalbania.org\/2020\/wp-content\/uploads\/2020\/05\/albania.jpeg\",\"width\":540,\"height\":540,\"caption\":\"Kisha Orthodhokse Autoqefale e Shqip\u00ebris\u00eb\"},\"image\":{\"@id\":\"https:\/\/orthodoxalbania.org\/2020\/#\/schema\/logo\/image\/\"},\"sameAs\":[\"https:\/\/www.facebook.com\/koash1991\"]},{\"@type\":\"Person\",\"@id\":\"https:\/\/orthodoxalbania.org\/2020\/#\/schema\/person\/0c387634a7063ac612d7ed9ce71c7e86\",\"name\":\"Kisha Orthodhokse\",\"image\":{\"@type\":\"ImageObject\",\"inLanguage\":\"en-US\",\"@id\":\"https:\/\/secure.gravatar.com\/avatar\/596e7c417251e30f2fbb9c00e026fce61a695a00e51c889caded71c96cbbdde5?s=96&d=mm&r=g\",\"url\":\"https:\/\/secure.gravatar.com\/avatar\/596e7c417251e30f2fbb9c00e026fce61a695a00e51c889caded71c96cbbdde5?s=96&d=mm&r=g\",\"contentUrl\":\"https:\/\/secure.gravatar.com\/avatar\/596e7c417251e30f2fbb9c00e026fce61a695a00e51c889caded71c96cbbdde5?s=96&d=mm&r=g\",\"caption\":\"Kisha Orthodhokse\"}}]}<\/script>\n<!-- \/ Yoast SEO plugin. -->","yoast_head_json":{"title":"Kisha e Dh\u00ebrmiut, jasht\u00eb list\u00ebs s\u00eb monumenteve m\u00eb 1967 - Kisha Orthodh\u03bfkse Autoqefale e Shqip\u00ebris\u00eb","robots":{"index":"index","follow":"follow","max-snippet":"max-snippet:-1","max-image-preview":"max-image-preview:large","max-video-preview":"max-video-preview:-1"},"canonical":"https:\/\/orthodoxalbania.org\/2020\/2015\/09\/04\/kisha-e-dhermiut-jashte-listes-se-monumenteve-me-1967-argumente\/","og_locale":"en_US","og_type":"article","og_title":"Kisha e Dh\u00ebrmiut, jasht\u00eb list\u00ebs s\u00eb monumenteve m\u00eb 1967 - Kisha Orthodh\u03bfkse Autoqefale e Shqip\u00ebris\u00eb","og_description":"&nbsp; Botuar te gazeta &#8220;Shqiptare&#8221;, 3 shtator 2015 &nbsp;&nbsp; &nbsp; Pas nj\u00eb periudhe jo t\u00eb shkurt\u00ebr heshtjeje, z. Artan Shkreli, k\u00ebshilltar i Kryeministrit p\u00ebr \u00e7\u00ebshtjet e kultur\u00ebs, reagoi me nj\u00eb p\u00ebrgjigje sa profesionale, aq edhe nacional-oratorike, ndaj kritikave q\u00eb u b\u00ebn\u00eb n\u00eb mjetet e informimit publik p\u00ebr prishjen e tempullit t\u00eb Sh\u00ebn Athanasit n\u00eb Dh\u00ebrmi. Me \u00e7\u00ebshtjet polemizuese dhe ngjyrimet nacionaliste, nuk do t\u00eb merremi,","og_url":"https:\/\/orthodoxalbania.org\/2020\/2015\/09\/04\/kisha-e-dhermiut-jashte-listes-se-monumenteve-me-1967-argumente\/","og_site_name":"Kisha Orthodh\u03bfkse Autoqefale e Shqip\u00ebris\u00eb","article_publisher":"https:\/\/www.facebook.com\/koash1991","article_published_time":"2015-09-04T09:30:32+00:00","article_modified_time":"2020-04-06T20:02:08+00:00","og_image":[{"width":150,"height":150,"url":"https:\/\/orthodoxalbania.org\/2020\/wp-content\/uploads\/2020\/04\/sokol%2B2.jpg","type":"image\/jpeg"}],"author":"Kisha Orthodhokse","twitter_card":"summary_large_image","twitter_misc":{"Written by":"Kisha Orthodhokse","Est. reading time":"6 minutes"},"schema":{"@context":"https:\/\/schema.org","@graph":[{"@type":"Article","@id":"https:\/\/orthodoxalbania.org\/2020\/2015\/09\/04\/kisha-e-dhermiut-jashte-listes-se-monumenteve-me-1967-argumente\/#article","isPartOf":{"@id":"https:\/\/orthodoxalbania.org\/2020\/2015\/09\/04\/kisha-e-dhermiut-jashte-listes-se-monumenteve-me-1967-argumente\/"},"author":{"name":"Kisha Orthodhokse","@id":"https:\/\/orthodoxalbania.org\/2020\/#\/schema\/person\/0c387634a7063ac612d7ed9ce71c7e86"},"headline":"Kisha e Dh\u00ebrmiut, jasht\u00eb list\u00ebs s\u00eb monumenteve m\u00eb 1967","datePublished":"2015-09-04T09:30:32+00:00","dateModified":"2020-04-06T20:02:08+00:00","mainEntityOfPage":{"@id":"https:\/\/orthodoxalbania.org\/2020\/2015\/09\/04\/kisha-e-dhermiut-jashte-listes-se-monumenteve-me-1967-argumente\/"},"wordCount":1283,"commentCount":0,"publisher":{"@id":"https:\/\/orthodoxalbania.org\/2020\/#organization"},"image":{"@id":"https:\/\/orthodoxalbania.org\/2020\/2015\/09\/04\/kisha-e-dhermiut-jashte-listes-se-monumenteve-me-1967-argumente\/#primaryimage"},"thumbnailUrl":"https:\/\/orthodoxalbania.org\/2020\/wp-content\/uploads\/2020\/04\/sokol%2B2.jpg","keywords":["2015","Kryepiskopata Tiran\u00eb","lajme","P\u00ebrgjigje ndaj akuzave"],"articleSection":["Lajme"],"inLanguage":"en-US"},{"@type":"WebPage","@id":"https:\/\/orthodoxalbania.org\/2020\/2015\/09\/04\/kisha-e-dhermiut-jashte-listes-se-monumenteve-me-1967-argumente\/","url":"https:\/\/orthodoxalbania.org\/2020\/2015\/09\/04\/kisha-e-dhermiut-jashte-listes-se-monumenteve-me-1967-argumente\/","name":"Kisha e Dh\u00ebrmiut, jasht\u00eb list\u00ebs s\u00eb monumenteve m\u00eb 1967 - Kisha Orthodh\u03bfkse Autoqefale e Shqip\u00ebris\u00eb","isPartOf":{"@id":"https:\/\/orthodoxalbania.org\/2020\/#website"},"primaryImageOfPage":{"@id":"https:\/\/orthodoxalbania.org\/2020\/2015\/09\/04\/kisha-e-dhermiut-jashte-listes-se-monumenteve-me-1967-argumente\/#primaryimage"},"image":{"@id":"https:\/\/orthodoxalbania.org\/2020\/2015\/09\/04\/kisha-e-dhermiut-jashte-listes-se-monumenteve-me-1967-argumente\/#primaryimage"},"thumbnailUrl":"https:\/\/orthodoxalbania.org\/2020\/wp-content\/uploads\/2020\/04\/sokol%2B2.jpg","datePublished":"2015-09-04T09:30:32+00:00","dateModified":"2020-04-06T20:02:08+00:00","breadcrumb":{"@id":"https:\/\/orthodoxalbania.org\/2020\/2015\/09\/04\/kisha-e-dhermiut-jashte-listes-se-monumenteve-me-1967-argumente\/#breadcrumb"},"inLanguage":"en-US","potentialAction":[{"@type":"ReadAction","target":["https:\/\/orthodoxalbania.org\/2020\/2015\/09\/04\/kisha-e-dhermiut-jashte-listes-se-monumenteve-me-1967-argumente\/"]}]},{"@type":"ImageObject","inLanguage":"en-US","@id":"https:\/\/orthodoxalbania.org\/2020\/2015\/09\/04\/kisha-e-dhermiut-jashte-listes-se-monumenteve-me-1967-argumente\/#primaryimage","url":"https:\/\/orthodoxalbania.org\/2020\/wp-content\/uploads\/2020\/04\/sokol%2B2.jpg","contentUrl":"https:\/\/orthodoxalbania.org\/2020\/wp-content\/uploads\/2020\/04\/sokol%2B2.jpg","width":150,"height":150},{"@type":"BreadcrumbList","@id":"https:\/\/orthodoxalbania.org\/2020\/2015\/09\/04\/kisha-e-dhermiut-jashte-listes-se-monumenteve-me-1967-argumente\/#breadcrumb","itemListElement":[{"@type":"ListItem","position":1,"name":"Home","item":"https:\/\/orthodoxalbania.org\/2020\/"},{"@type":"ListItem","position":2,"name":"Kisha e Dh\u00ebrmiut, jasht\u00eb list\u00ebs s\u00eb monumenteve m\u00eb 1967"}]},{"@type":"WebSite","@id":"https:\/\/orthodoxalbania.org\/2020\/#website","url":"https:\/\/orthodoxalbania.org\/2020\/","name":"Kisha Orthodh\u03bfkse Autoqefale e Shqip\u00ebris\u00eb","description":"Fqja Zyrtare e Kish\u00ebs Orthodhokse Autoqefale e Shqip\u00ebris\u00eb me lajmet edhe informacionet zyrtare p\u00ebr struktur\u00ebn edhe veprimtarin e saj.","publisher":{"@id":"https:\/\/orthodoxalbania.org\/2020\/#organization"},"potentialAction":[{"@type":"SearchAction","target":{"@type":"EntryPoint","urlTemplate":"https:\/\/orthodoxalbania.org\/2020\/?s={search_term_string}"},"query-input":{"@type":"PropertyValueSpecification","valueRequired":true,"valueName":"search_term_string"}}],"inLanguage":"en-US"},{"@type":"Organization","@id":"https:\/\/orthodoxalbania.org\/2020\/#organization","name":"Kisha Orthodhokse Autoqefale e Shqip\u00ebris\u00eb","url":"https:\/\/orthodoxalbania.org\/2020\/","logo":{"@type":"ImageObject","inLanguage":"en-US","@id":"https:\/\/orthodoxalbania.org\/2020\/#\/schema\/logo\/image\/","url":"https:\/\/orthodoxalbania.org\/2020\/wp-content\/uploads\/2020\/05\/albania.jpeg","contentUrl":"https:\/\/orthodoxalbania.org\/2020\/wp-content\/uploads\/2020\/05\/albania.jpeg","width":540,"height":540,"caption":"Kisha Orthodhokse Autoqefale e Shqip\u00ebris\u00eb"},"image":{"@id":"https:\/\/orthodoxalbania.org\/2020\/#\/schema\/logo\/image\/"},"sameAs":["https:\/\/www.facebook.com\/koash1991"]},{"@type":"Person","@id":"https:\/\/orthodoxalbania.org\/2020\/#\/schema\/person\/0c387634a7063ac612d7ed9ce71c7e86","name":"Kisha Orthodhokse","image":{"@type":"ImageObject","inLanguage":"en-US","@id":"https:\/\/secure.gravatar.com\/avatar\/596e7c417251e30f2fbb9c00e026fce61a695a00e51c889caded71c96cbbdde5?s=96&d=mm&r=g","url":"https:\/\/secure.gravatar.com\/avatar\/596e7c417251e30f2fbb9c00e026fce61a695a00e51c889caded71c96cbbdde5?s=96&d=mm&r=g","contentUrl":"https:\/\/secure.gravatar.com\/avatar\/596e7c417251e30f2fbb9c00e026fce61a695a00e51c889caded71c96cbbdde5?s=96&d=mm&r=g","caption":"Kisha Orthodhokse"}}]}},"_links":{"self":[{"href":"https:\/\/orthodoxalbania.org\/2020\/wp-json\/wp\/v2\/posts\/4149","targetHints":{"allow":["GET"]}}],"collection":[{"href":"https:\/\/orthodoxalbania.org\/2020\/wp-json\/wp\/v2\/posts"}],"about":[{"href":"https:\/\/orthodoxalbania.org\/2020\/wp-json\/wp\/v2\/types\/post"}],"author":[{"embeddable":true,"href":"https:\/\/orthodoxalbania.org\/2020\/wp-json\/wp\/v2\/users\/1"}],"replies":[{"embeddable":true,"href":"https:\/\/orthodoxalbania.org\/2020\/wp-json\/wp\/v2\/comments?post=4149"}],"version-history":[{"count":1,"href":"https:\/\/orthodoxalbania.org\/2020\/wp-json\/wp\/v2\/posts\/4149\/revisions"}],"predecessor-version":[{"id":14966,"href":"https:\/\/orthodoxalbania.org\/2020\/wp-json\/wp\/v2\/posts\/4149\/revisions\/14966"}],"wp:featuredmedia":[{"embeddable":true,"href":"https:\/\/orthodoxalbania.org\/2020\/wp-json\/wp\/v2\/media\/4150"}],"wp:attachment":[{"href":"https:\/\/orthodoxalbania.org\/2020\/wp-json\/wp\/v2\/media?parent=4149"}],"wp:term":[{"taxonomy":"category","embeddable":true,"href":"https:\/\/orthodoxalbania.org\/2020\/wp-json\/wp\/v2\/categories?post=4149"},{"taxonomy":"post_tag","embeddable":true,"href":"https:\/\/orthodoxalbania.org\/2020\/wp-json\/wp\/v2\/tags?post=4149"}],"curies":[{"name":"wp","href":"https:\/\/api.w.org\/{rel}","templated":true}]}}