{"id":414,"date":"2013-03-21T09:38:49","date_gmt":"2013-03-21T09:38:49","guid":{"rendered":""},"modified":"2020-04-06T22:32:03","modified_gmt":"2020-04-06T20:32:03","slug":"diplomohen-studentet-e-vitit-iv-te-akademise-teologjike-ngjallja-e-krishtit","status":"publish","type":"post","link":"https:\/\/orthodoxalbania.org\/2020\/2013\/03\/21\/diplomohen-studentet-e-vitit-iv-te-akademise-teologjike-ngjallja-e-krishtit\/","title":{"rendered":"Diplomohen student\u00ebt e vitit IV t\u00eb Akademis\u00eb Teologjike \u201cNgjallja e Krishtit\u201d. (13 Qershor 2011)"},"content":{"rendered":"<table style=\"width: 847px; height: 877px;\" border=\"0\">\n<tbody>\n<tr>\n<td style=\"text-align: justify;\">\n<div><span style=\"font-size: 12pt; font-family: helvetica;\"><\/span><\/div>\n<div style=\"text-align: justify;\"><span style=\"color: #000000; font-size: 12pt; font-family: helvetica;\"><img decoding=\"async\" class=\"lazyload HAa Eha\" style=\"height: 224px; width: 400px; border-width: 1px; border-style: solid; margin: 10px; float: left;\" alt=\"\" src=\"data:image\/gif;base64,R0lGODlhAQABAAAAACH5BAEKAAEALAAAAAABAAEAAAICTAEAOw==\" data-orig-src=\"https:\/\/lh4.googleusercontent.com\/-Z-HDRWTNmwU\/VAGQWk2UoCI\/AAAAAAAACa0\/w0iTdEEkT1g\/w640-h359-no\/1%2Bne%2Btekst.JPG\" \/>&nbsp; &nbsp; 13 qershori, dita e t\u00eb kremtes s\u00eb Shpirtit t\u00eb Shenjt\u00eb, p\u00ebr t\u00eb diplomuarit e rinj t\u00eb Akademis\u00eb Teologjike \u201cNgjallja e Krishtit\u201d n\u00eb sh\u00ebn Vlash t\u00eb Durr\u00ebsit, ishte m\u00eb shum\u00eb se nj\u00eb ceremoni tradicionale festive. N\u00eb k\u00ebt\u00eb dit\u00eb kaq t\u00eb ve\u00e7ant\u00eb, merrte pjes\u00eb Kryepiskopi Anastas bashk\u00eb me disa an\u00ebtar\u00eb t\u00eb Sinodit t\u00eb Shenjt\u00eb, Mitropolitin e Beratit Ignati, Ndihm\u00ebs-Dekani i Akademis\u00eb, Episkop Nikolla, Protopresviter Jani Trebicka si edhe klerik\u00eb t\u00eb ardhur nga disa qytete t\u00eb vendit, familjar\u00eb t\u00eb t\u00eb sapodiplomuarve, pedagog\u00eb, student\u00eb si edhe t\u00eb ftuar t\u00eb tjer\u00eb. Pas Liturgjis\u00eb Hyjnore, t\u00eb gjith\u00eb t\u00eb pranishmit u mblodh\u00ebn n\u00eb sall\u00ebn \u201cSion\u201d, p\u00ebr t\u00eb ndjekur programin e p\u00ebrgatitur posa\u00e7\u00ebrisht p\u00ebr k\u00ebt\u00eb ceremoni.<\/span><\/div>\n<div style=\"text-align: justify;\"><span style=\"color: #000000; font-size: 12pt; font-family: helvetica;\"> &nbsp;&nbsp;&nbsp; Fjal\u00ebn e hapjes e mbajti Hir\u00ebsi Nikolla, i cili theksoi r\u00ebnd\u00ebsin\u00eb e sakrific\u00ebs: \u201c<em>N\u00ebse do duhet t\u00eb punojm\u00eb n\u00eb vreshtin e Zotit, duhet sakrific\u00eb. N\u00eb Kish\u00eb nuk ka pun\u00eb, por sh\u00ebrbes\u00eb. Tani p\u00ebr ju student\u00eb do nis\u00eb nj\u00eb periudh\u00eb e re me angazhime dhe me v\u00ebshtir\u00ebsi, por mos u shqet\u00ebsoni. Per\u00ebndia do t\u2019ju jap\u00eb at\u00eb \u00e7far\u00eb \u00ebsht\u00eb m\u00eb e mira. Kujtoni Apostull Petron kur thot\u00eb: \u201cP\u00ebruluni n\u00eb dor\u00ebn e p\u00ebrjetshme t\u00eb Per\u00ebndis\u00eb, q\u00eb ai t\u2019ju lart\u00ebsoj\u00eb n\u00eb koh\u00ebn e duhur<\/em>\u201d.<\/span><\/div>\n<div style=\"text-align: justify;\"><span style=\"color: #000000; font-size: 12pt; font-family: helvetica;\"> <img decoding=\"async\" class=\"lazyload HAa Eha\" style=\"height: 209px; width: 184px; border-width: 1px; border-style: solid; margin: 10px; float: right;\" alt=\"\" src=\"data:image\/gif;base64,R0lGODlhAQABAAAAACH5BAEKAAEALAAAAAABAAEAAAICTAEAOw==\" data-orig-src=\"https:\/\/lh5.googleusercontent.com\/-1Cb_Vre_y4g\/VAGQW9tJedI\/AAAAAAAACbE\/vNr2icXWNOA\/w704-h799-no\/2%2Bne%2Btekst.JPG\" \/> &nbsp; &nbsp; M\u00eb tej p\u00ebrsh\u00ebndeti kori i Akademis\u00eb, p\u00ebr t\u00eb pasuar leximin e tekstit \u201cR\u00ebnd\u00ebsia e Ngush\u00eblluesit n\u00eb jet\u00ebt tona\u201d, nga nj\u00eb prej studenteve m\u00eb t\u00eb mira t\u00eb k\u00ebtij brezi, Odeta Davidhi. Pas saj, u mbajt fjalimi i studentit m\u00eb t\u00eb mir\u00eb. K\u00ebt\u00eb vit, studentja nga Gjirokastra, Gabriela Dalipi, u zgjodh m\u00eb e spikatura n\u00eb m\u00ebsime, duke merituar edhe fjalimin, n\u00eb t\u00eb cilin ajo d\u00ebshmoi si u b\u00eb an\u00ebtare e Kish\u00ebs, bekimet q\u00eb p\u00ebrfitoi gjat\u00eb kat\u00ebr viteve t\u00eb shkoll\u00ebs si edhe gatishm\u00ebrin\u00eb p\u00ebr t\u00eb kontribuar n\u00eb vazhdim\u00ebsi n\u00eb vreshtin e Zotit.<\/span><\/div>\n<div style=\"text-align: justify;\"><span style=\"color: #000000; font-size: 12pt; font-family: helvetica;\"> &nbsp;&nbsp;&nbsp; Pas emocioneve q\u00eb p\u00ebrcolli Gabriela, fjal\u00ebn e mori Kryepiskopi Anastas, i cili ndau me student\u00ebt e diplomuar dhe t\u00eb gjith\u00eb t\u00eb pranishmit shum\u00eb mesazhe dhe p\u00ebrjetime:<\/span><\/div>\n<div style=\"text-align: justify;\"><span style=\"color: #000000; font-size: 12pt; font-family: helvetica;\"> &nbsp; &nbsp; \u201c<em>T\u00eb fal\u00ebnderojm\u00eb Per\u00ebndin\u00eb, sepse Shpirti i Shenjt\u00eb brenda situatave shum\u00eb t\u00eb v\u00ebshtira vazhdon t\u00eb drejtoj\u00eb Kish\u00ebn ton\u00eb n\u00eb rrug\u00eb t\u00eb bekuara, me vet\u00ebsakrifikimin e njer\u00ebzve t\u00eb njohur e t\u00eb panjohur. Shum\u00eb njer\u00ebz u gjend\u00ebn jasht\u00eb besimit dhe Shpirti i Shenjt\u00eb i ka sjell\u00eb dhe orientuar n\u00eb Kish\u00eb. Ka me mij\u00ebra t\u00eb rinj q\u00eb presin t\u00eb njohin t\u00eb v\u00ebrtet\u00ebn dhe ju duhet t\u00eb b\u00ebheni mbart\u00ebs t\u00eb Shpirtit t\u00eb Shenjt\u00eb p\u00ebr t\u00eb vazhduar misionin. Nevojat n\u00eb Shqip\u00ebri jan\u00eb t\u00eb shumta. Kisha e Shqip\u00ebris\u00eb nuk \u00ebsht\u00eb e vog\u00ebl, jemi me mij\u00ebra, por duhet t\u00eb jemi llambadhe t\u00eb ndezura, jo t\u00eb fikura. P\u00ebrpiquni t\u00eb jeni t\u00eb bashkuar, vet\u00ebm at\u00ebher\u00eb Shpirti i Shenjt\u00eb, \u00ebsht\u00eb m\u00eb i kapsh\u00ebm dhe m\u00eb i ndjesh\u00ebm n\u00eb jet\u00ebn ton\u00eb. Bekimet e Per\u00ebndis\u00eb t\u00eb mos i mbajm\u00eb vet\u00ebm p\u00ebr veten, por t\u2019i shp\u00ebrndajm\u00eb edhe te t\u00eb tjer\u00ebt, q\u00eb t\u2019iu japim m\u00eb shum\u00eb dashuri. Duhet t\u00eb kemi m\u00eb shum\u00eb shpres\u00eb dhe optimiz\u00ebm<\/em>\u201d &#8211; theksoi Kryepiskopi.<\/span><\/div>\n<div style=\"text-align: justify;\"><span style=\"color: #000000; font-size: 12pt; font-family: helvetica;\"> &nbsp; &nbsp; N\u00eb fund t\u00eb ceremonis\u00eb u shp\u00ebrndan\u00eb diplomat dhe p\u00ebr t\u00eb gjith\u00eb s\u00eb bashku dreka n\u00eb sall\u00ebn e ngr\u00ebnies s\u00eb Akademis\u00eb, ku harmonia, k\u00ebng\u00ebt, kujtimet dhe fal\u00ebnderimet e student\u00ebve dhe t\u00eb prind\u00ebrve t\u00eb tyre e b\u00ebn\u00eb m\u00eb t\u00eb ngroht\u00eb k\u00ebt\u00eb dit\u00eb t\u00eb bukur jo vet\u00ebm p\u00ebr t\u00eb diplomuarit, por edhe p\u00ebr t\u00eb pranishmit e tjer\u00eb.<\/span><\/div>\n<div style=\"text-align: justify;\"><span style=\"font-size: 12pt; font-family: helvetica;\"><\/span><\/div>\n<div style=\"text-align: right;\"><span style=\"color: #000000; font-size: 12pt; font-family: helvetica;\"><strong>Isidor Koti<\/strong><\/span><\/div>\n<div style=\"text-align: right;\"><span style=\"font-size: 12pt; font-family: helvetica;\"><\/span><\/div>\n<div style=\"text-align: right;\"><span style=\"font-size: 12pt; font-family: helvetica;\"><\/span><\/div>\n<div><span style=\"font-size: 12pt; font-family: helvetica;\"><img decoding=\"async\" class=\"lazyload HAa Eha\" style=\"height: 171px; width: 300px; border-width: 1px; border-style: solid; margin: 10px auto; display: block;\" alt=\"\" src=\"data:image\/gif;base64,R0lGODlhAQABAAAAACH5BAEKAAEALAAAAAABAAEAAAICTAEAOw==\" data-orig-src=\"https:\/\/lh5.googleusercontent.com\/-xyxtWQsJ7SY\/VAGQW6XkY8I\/AAAAAAAACbA\/4yDbGblq_EI\/w640-h364-no\/3.JPG\" \/><\/span><\/div>\n<p><span style=\"font-size: 12pt; font-family: helvetica;\"><img decoding=\"async\" class=\"lazyload HAa Eha\" style=\"height: 168px; width: 300px; margin: 10px auto; display: block; border: 1px solid;\" alt=\"\" src=\"data:image\/svg+xml,%3Csvg%20xmlns%3D%27http%3A%2F%2Fwww.w3.org%2F2000%2Fsvg%27%20width%3D%27300%27%20height%3D%27168%27%20viewBox%3D%270%200%20300%20168%27%3E%3Crect%20width%3D%27300%27%20height%3D%27168%27%20fill-opacity%3D%220%22%2F%3E%3C%2Fsvg%3E\" data-orig-src=\"https:\/\/lh5.googleusercontent.com\/-o4lPb6P0a-k\/VAGQXmpTXTI\/AAAAAAAACbI\/3K_4UXFoaAk\/w640-h359-no\/4.JPG\" height=\"168px\" width=\"300px\" \/><\/span><\/p>\n<div style=\"text-align: center;\"><span style=\"font-size: 12pt; font-family: helvetica;\"><\/span><\/div>\n<div style=\"text-align: right;\"><span style=\"font-size: 12pt; font-family: helvetica;\"><\/span><\/div>\n<\/td>\n<\/tr>\n<\/tbody>\n<\/table>\n<p>&nbsp;<\/p>\n","protected":false},"excerpt":{"rendered":"<p>&nbsp; &nbsp; 13 qershori, dita e t\u00eb kremtes s\u00eb Shpirtit t\u00eb Shenjt\u00eb, p\u00ebr t\u00eb diplomuarit e rinj t\u00eb Akademis\u00eb Teologjike \u201cNgjallja e Krishtit\u201d n\u00eb sh\u00ebn Vlash t\u00eb Durr\u00ebsit, ishte m\u00eb shum\u00eb se nj\u00eb ceremoni tradicionale festive. N\u00eb k\u00ebt\u00eb dit\u00eb kaq t\u00eb ve\u00e7ant\u00eb, merrte pjes\u00eb Kryepiskopi Anastas bashk\u00eb me disa an\u00ebtar\u00eb t\u00eb Sinodit t\u00eb Shenjt\u00eb, Mitropolitin e Beratit Ignati, Ndihm\u00ebs-Dekani i Akademis\u00eb, Episkop Nikolla, Protopresviter Jani<\/p>\n","protected":false},"author":1,"featured_media":0,"comment_status":"open","ping_status":"open","sticky":false,"template":"","format":"standard","meta":{"_acf_changed":false,"pagelayer_contact_templates":[],"_pagelayer_content":"","inline_featured_image":false,"fifu_image_url":"","fifu_image_alt":"","footnotes":""},"categories":[108],"tags":[143,169,168,196,201,212],"class_list":["post-414","post","type-post","status-publish","format-standard","hentry","category-lajme","tag-143","tag-akademia-teologjike","tag-diplomime","tag-tirane","tag-kryepiskopi-anastas","tag-lajme-d27"],"acf":[],"yoast_head":"<!-- This site is optimized with the Yoast SEO plugin v27.2 - https:\/\/yoast.com\/product\/yoast-seo-wordpress\/ -->\n<title>Diplomohen student\u00ebt e vitit IV t\u00eb Akademis\u00eb Teologjike \u201cNgjallja e Krishtit\u201d. (13 Qershor 2011) - Kisha Orthodh\u03bfkse Autoqefale e Shqip\u00ebris\u00eb<\/title>\n<meta name=\"robots\" content=\"index, follow, max-snippet:-1, max-image-preview:large, max-video-preview:-1\" \/>\n<link rel=\"canonical\" href=\"https:\/\/orthodoxalbania.org\/2020\/2013\/03\/21\/diplomohen-studentet-e-vitit-iv-te-akademise-teologjike-ngjallja-e-krishtit\/\" \/>\n<meta property=\"og:locale\" content=\"en_US\" \/>\n<meta property=\"og:type\" content=\"article\" \/>\n<meta property=\"og:title\" content=\"Diplomohen student\u00ebt e vitit IV t\u00eb Akademis\u00eb Teologjike \u201cNgjallja e Krishtit\u201d. (13 Qershor 2011) - Kisha Orthodh\u03bfkse Autoqefale e Shqip\u00ebris\u00eb\" \/>\n<meta property=\"og:description\" content=\"&nbsp; &nbsp; 13 qershori, dita e t\u00eb kremtes s\u00eb Shpirtit t\u00eb Shenjt\u00eb, p\u00ebr t\u00eb diplomuarit e rinj t\u00eb Akademis\u00eb Teologjike \u201cNgjallja e Krishtit\u201d n\u00eb sh\u00ebn Vlash t\u00eb Durr\u00ebsit, ishte m\u00eb shum\u00eb se nj\u00eb ceremoni tradicionale festive. N\u00eb k\u00ebt\u00eb dit\u00eb kaq t\u00eb ve\u00e7ant\u00eb, merrte pjes\u00eb Kryepiskopi Anastas bashk\u00eb me disa an\u00ebtar\u00eb t\u00eb Sinodit t\u00eb Shenjt\u00eb, Mitropolitin e Beratit Ignati, Ndihm\u00ebs-Dekani i Akademis\u00eb, Episkop Nikolla, Protopresviter Jani\" \/>\n<meta property=\"og:url\" content=\"https:\/\/orthodoxalbania.org\/2020\/2013\/03\/21\/diplomohen-studentet-e-vitit-iv-te-akademise-teologjike-ngjallja-e-krishtit\/\" \/>\n<meta property=\"og:site_name\" content=\"Kisha Orthodh\u03bfkse Autoqefale e Shqip\u00ebris\u00eb\" \/>\n<meta property=\"article:publisher\" content=\"https:\/\/www.facebook.com\/koash1991\" \/>\n<meta property=\"article:published_time\" content=\"2013-03-21T09:38:49+00:00\" \/>\n<meta property=\"article:modified_time\" content=\"2020-04-06T20:32:03+00:00\" \/>\n<meta property=\"og:image\" content=\"https:\/\/lh4.googleusercontent.com\/-Z-HDRWTNmwU\/VAGQWk2UoCI\/AAAAAAAACa0\/w0iTdEEkT1g\/w640-h359-no\/1%2Bne%2Btekst.JPG\" \/>\n<meta name=\"author\" content=\"Kisha Orthodhokse\" \/>\n<meta name=\"twitter:card\" content=\"summary_large_image\" \/>\n<meta name=\"twitter:label1\" content=\"Written by\" \/>\n\t<meta name=\"twitter:data1\" content=\"Kisha Orthodhokse\" \/>\n\t<meta name=\"twitter:label2\" content=\"Est. reading time\" \/>\n\t<meta name=\"twitter:data2\" content=\"3 minutes\" \/>\n<script type=\"application\/ld+json\" class=\"yoast-schema-graph\">{\"@context\":\"https:\/\/schema.org\",\"@graph\":[{\"@type\":\"Article\",\"@id\":\"https:\/\/orthodoxalbania.org\/2020\/2013\/03\/21\/diplomohen-studentet-e-vitit-iv-te-akademise-teologjike-ngjallja-e-krishtit\/#article\",\"isPartOf\":{\"@id\":\"https:\/\/orthodoxalbania.org\/2020\/2013\/03\/21\/diplomohen-studentet-e-vitit-iv-te-akademise-teologjike-ngjallja-e-krishtit\/\"},\"author\":{\"name\":\"Kisha Orthodhokse\",\"@id\":\"https:\/\/orthodoxalbania.org\/2020\/#\/schema\/person\/0c387634a7063ac612d7ed9ce71c7e86\"},\"headline\":\"Diplomohen student\u00ebt e vitit IV t\u00eb Akademis\u00eb Teologjike \u201cNgjallja e Krishtit\u201d. (13 Qershor 2011)\",\"datePublished\":\"2013-03-21T09:38:49+00:00\",\"dateModified\":\"2020-04-06T20:32:03+00:00\",\"mainEntityOfPage\":{\"@id\":\"https:\/\/orthodoxalbania.org\/2020\/2013\/03\/21\/diplomohen-studentet-e-vitit-iv-te-akademise-teologjike-ngjallja-e-krishtit\/\"},\"wordCount\":642,\"commentCount\":0,\"publisher\":{\"@id\":\"https:\/\/orthodoxalbania.org\/2020\/#organization\"},\"image\":{\"@id\":\"https:\/\/orthodoxalbania.org\/2020\/2013\/03\/21\/diplomohen-studentet-e-vitit-iv-te-akademise-teologjike-ngjallja-e-krishtit\/#primaryimage\"},\"thumbnailUrl\":\"https:\/\/lh4.googleusercontent.com\/-Z-HDRWTNmwU\/VAGQWk2UoCI\/AAAAAAAACa0\/w0iTdEEkT1g\/w640-h359-no\/1%2Bne%2Btekst.JPG\",\"keywords\":[\"2011\",\"Akademia Teologjike\",\"Diplomime\",\"Kryepiskopata Tiran\u00eb\",\"Kryepiskopi Anastas\",\"lajme\"],\"articleSection\":[\"Lajme\"],\"inLanguage\":\"en-US\"},{\"@type\":\"WebPage\",\"@id\":\"https:\/\/orthodoxalbania.org\/2020\/2013\/03\/21\/diplomohen-studentet-e-vitit-iv-te-akademise-teologjike-ngjallja-e-krishtit\/\",\"url\":\"https:\/\/orthodoxalbania.org\/2020\/2013\/03\/21\/diplomohen-studentet-e-vitit-iv-te-akademise-teologjike-ngjallja-e-krishtit\/\",\"name\":\"Diplomohen student\u00ebt e vitit IV t\u00eb Akademis\u00eb Teologjike \u201cNgjallja e Krishtit\u201d. (13 Qershor 2011) - Kisha Orthodh\u03bfkse Autoqefale e Shqip\u00ebris\u00eb\",\"isPartOf\":{\"@id\":\"https:\/\/orthodoxalbania.org\/2020\/#website\"},\"primaryImageOfPage\":{\"@id\":\"https:\/\/orthodoxalbania.org\/2020\/2013\/03\/21\/diplomohen-studentet-e-vitit-iv-te-akademise-teologjike-ngjallja-e-krishtit\/#primaryimage\"},\"image\":{\"@id\":\"https:\/\/orthodoxalbania.org\/2020\/2013\/03\/21\/diplomohen-studentet-e-vitit-iv-te-akademise-teologjike-ngjallja-e-krishtit\/#primaryimage\"},\"thumbnailUrl\":\"https:\/\/lh4.googleusercontent.com\/-Z-HDRWTNmwU\/VAGQWk2UoCI\/AAAAAAAACa0\/w0iTdEEkT1g\/w640-h359-no\/1%2Bne%2Btekst.JPG\",\"datePublished\":\"2013-03-21T09:38:49+00:00\",\"dateModified\":\"2020-04-06T20:32:03+00:00\",\"breadcrumb\":{\"@id\":\"https:\/\/orthodoxalbania.org\/2020\/2013\/03\/21\/diplomohen-studentet-e-vitit-iv-te-akademise-teologjike-ngjallja-e-krishtit\/#breadcrumb\"},\"inLanguage\":\"en-US\",\"potentialAction\":[{\"@type\":\"ReadAction\",\"target\":[\"https:\/\/orthodoxalbania.org\/2020\/2013\/03\/21\/diplomohen-studentet-e-vitit-iv-te-akademise-teologjike-ngjallja-e-krishtit\/\"]}]},{\"@type\":\"ImageObject\",\"inLanguage\":\"en-US\",\"@id\":\"https:\/\/orthodoxalbania.org\/2020\/2013\/03\/21\/diplomohen-studentet-e-vitit-iv-te-akademise-teologjike-ngjallja-e-krishtit\/#primaryimage\",\"url\":\"https:\/\/lh4.googleusercontent.com\/-Z-HDRWTNmwU\/VAGQWk2UoCI\/AAAAAAAACa0\/w0iTdEEkT1g\/w640-h359-no\/1%2Bne%2Btekst.JPG\",\"contentUrl\":\"https:\/\/lh4.googleusercontent.com\/-Z-HDRWTNmwU\/VAGQWk2UoCI\/AAAAAAAACa0\/w0iTdEEkT1g\/w640-h359-no\/1%2Bne%2Btekst.JPG\"},{\"@type\":\"BreadcrumbList\",\"@id\":\"https:\/\/orthodoxalbania.org\/2020\/2013\/03\/21\/diplomohen-studentet-e-vitit-iv-te-akademise-teologjike-ngjallja-e-krishtit\/#breadcrumb\",\"itemListElement\":[{\"@type\":\"ListItem\",\"position\":1,\"name\":\"Home\",\"item\":\"https:\/\/orthodoxalbania.org\/2020\/\"},{\"@type\":\"ListItem\",\"position\":2,\"name\":\"Diplomohen student\u00ebt e vitit IV t\u00eb Akademis\u00eb Teologjike \u201cNgjallja e Krishtit\u201d. (13 Qershor 2011)\"}]},{\"@type\":\"WebSite\",\"@id\":\"https:\/\/orthodoxalbania.org\/2020\/#website\",\"url\":\"https:\/\/orthodoxalbania.org\/2020\/\",\"name\":\"Kisha Orthodh\u03bfkse Autoqefale e Shqip\u00ebris\u00eb\",\"description\":\"Fqja Zyrtare e Kish\u00ebs Orthodhokse Autoqefale e Shqip\u00ebris\u00eb me lajmet edhe informacionet zyrtare p\u00ebr struktur\u00ebn edhe veprimtarin e saj.\",\"publisher\":{\"@id\":\"https:\/\/orthodoxalbania.org\/2020\/#organization\"},\"potentialAction\":[{\"@type\":\"SearchAction\",\"target\":{\"@type\":\"EntryPoint\",\"urlTemplate\":\"https:\/\/orthodoxalbania.org\/2020\/?s={search_term_string}\"},\"query-input\":{\"@type\":\"PropertyValueSpecification\",\"valueRequired\":true,\"valueName\":\"search_term_string\"}}],\"inLanguage\":\"en-US\"},{\"@type\":\"Organization\",\"@id\":\"https:\/\/orthodoxalbania.org\/2020\/#organization\",\"name\":\"Kisha Orthodhokse Autoqefale e Shqip\u00ebris\u00eb\",\"url\":\"https:\/\/orthodoxalbania.org\/2020\/\",\"logo\":{\"@type\":\"ImageObject\",\"inLanguage\":\"en-US\",\"@id\":\"https:\/\/orthodoxalbania.org\/2020\/#\/schema\/logo\/image\/\",\"url\":\"https:\/\/orthodoxalbania.org\/2020\/wp-content\/uploads\/2020\/05\/albania.jpeg\",\"contentUrl\":\"https:\/\/orthodoxalbania.org\/2020\/wp-content\/uploads\/2020\/05\/albania.jpeg\",\"width\":540,\"height\":540,\"caption\":\"Kisha Orthodhokse Autoqefale e Shqip\u00ebris\u00eb\"},\"image\":{\"@id\":\"https:\/\/orthodoxalbania.org\/2020\/#\/schema\/logo\/image\/\"},\"sameAs\":[\"https:\/\/www.facebook.com\/koash1991\"]},{\"@type\":\"Person\",\"@id\":\"https:\/\/orthodoxalbania.org\/2020\/#\/schema\/person\/0c387634a7063ac612d7ed9ce71c7e86\",\"name\":\"Kisha Orthodhokse\",\"image\":{\"@type\":\"ImageObject\",\"inLanguage\":\"en-US\",\"@id\":\"https:\/\/secure.gravatar.com\/avatar\/596e7c417251e30f2fbb9c00e026fce61a695a00e51c889caded71c96cbbdde5?s=96&d=mm&r=g\",\"url\":\"https:\/\/secure.gravatar.com\/avatar\/596e7c417251e30f2fbb9c00e026fce61a695a00e51c889caded71c96cbbdde5?s=96&d=mm&r=g\",\"contentUrl\":\"https:\/\/secure.gravatar.com\/avatar\/596e7c417251e30f2fbb9c00e026fce61a695a00e51c889caded71c96cbbdde5?s=96&d=mm&r=g\",\"caption\":\"Kisha Orthodhokse\"}}]}<\/script>\n<!-- \/ Yoast SEO plugin. -->","yoast_head_json":{"title":"Diplomohen student\u00ebt e vitit IV t\u00eb Akademis\u00eb Teologjike \u201cNgjallja e Krishtit\u201d. (13 Qershor 2011) - Kisha Orthodh\u03bfkse Autoqefale e Shqip\u00ebris\u00eb","robots":{"index":"index","follow":"follow","max-snippet":"max-snippet:-1","max-image-preview":"max-image-preview:large","max-video-preview":"max-video-preview:-1"},"canonical":"https:\/\/orthodoxalbania.org\/2020\/2013\/03\/21\/diplomohen-studentet-e-vitit-iv-te-akademise-teologjike-ngjallja-e-krishtit\/","og_locale":"en_US","og_type":"article","og_title":"Diplomohen student\u00ebt e vitit IV t\u00eb Akademis\u00eb Teologjike \u201cNgjallja e Krishtit\u201d. (13 Qershor 2011) - Kisha Orthodh\u03bfkse Autoqefale e Shqip\u00ebris\u00eb","og_description":"&nbsp; &nbsp; 13 qershori, dita e t\u00eb kremtes s\u00eb Shpirtit t\u00eb Shenjt\u00eb, p\u00ebr t\u00eb diplomuarit e rinj t\u00eb Akademis\u00eb Teologjike \u201cNgjallja e Krishtit\u201d n\u00eb sh\u00ebn Vlash t\u00eb Durr\u00ebsit, ishte m\u00eb shum\u00eb se nj\u00eb ceremoni tradicionale festive. N\u00eb k\u00ebt\u00eb dit\u00eb kaq t\u00eb ve\u00e7ant\u00eb, merrte pjes\u00eb Kryepiskopi Anastas bashk\u00eb me disa an\u00ebtar\u00eb t\u00eb Sinodit t\u00eb Shenjt\u00eb, Mitropolitin e Beratit Ignati, Ndihm\u00ebs-Dekani i Akademis\u00eb, Episkop Nikolla, Protopresviter Jani","og_url":"https:\/\/orthodoxalbania.org\/2020\/2013\/03\/21\/diplomohen-studentet-e-vitit-iv-te-akademise-teologjike-ngjallja-e-krishtit\/","og_site_name":"Kisha Orthodh\u03bfkse Autoqefale e Shqip\u00ebris\u00eb","article_publisher":"https:\/\/www.facebook.com\/koash1991","article_published_time":"2013-03-21T09:38:49+00:00","article_modified_time":"2020-04-06T20:32:03+00:00","og_image":[{"url":"https:\/\/lh4.googleusercontent.com\/-Z-HDRWTNmwU\/VAGQWk2UoCI\/AAAAAAAACa0\/w0iTdEEkT1g\/w640-h359-no\/1%2Bne%2Btekst.JPG","type":"","width":"","height":""}],"author":"Kisha Orthodhokse","twitter_card":"summary_large_image","twitter_misc":{"Written by":"Kisha Orthodhokse","Est. reading time":"3 minutes"},"schema":{"@context":"https:\/\/schema.org","@graph":[{"@type":"Article","@id":"https:\/\/orthodoxalbania.org\/2020\/2013\/03\/21\/diplomohen-studentet-e-vitit-iv-te-akademise-teologjike-ngjallja-e-krishtit\/#article","isPartOf":{"@id":"https:\/\/orthodoxalbania.org\/2020\/2013\/03\/21\/diplomohen-studentet-e-vitit-iv-te-akademise-teologjike-ngjallja-e-krishtit\/"},"author":{"name":"Kisha Orthodhokse","@id":"https:\/\/orthodoxalbania.org\/2020\/#\/schema\/person\/0c387634a7063ac612d7ed9ce71c7e86"},"headline":"Diplomohen student\u00ebt e vitit IV t\u00eb Akademis\u00eb Teologjike \u201cNgjallja e Krishtit\u201d. (13 Qershor 2011)","datePublished":"2013-03-21T09:38:49+00:00","dateModified":"2020-04-06T20:32:03+00:00","mainEntityOfPage":{"@id":"https:\/\/orthodoxalbania.org\/2020\/2013\/03\/21\/diplomohen-studentet-e-vitit-iv-te-akademise-teologjike-ngjallja-e-krishtit\/"},"wordCount":642,"commentCount":0,"publisher":{"@id":"https:\/\/orthodoxalbania.org\/2020\/#organization"},"image":{"@id":"https:\/\/orthodoxalbania.org\/2020\/2013\/03\/21\/diplomohen-studentet-e-vitit-iv-te-akademise-teologjike-ngjallja-e-krishtit\/#primaryimage"},"thumbnailUrl":"https:\/\/lh4.googleusercontent.com\/-Z-HDRWTNmwU\/VAGQWk2UoCI\/AAAAAAAACa0\/w0iTdEEkT1g\/w640-h359-no\/1%2Bne%2Btekst.JPG","keywords":["2011","Akademia Teologjike","Diplomime","Kryepiskopata Tiran\u00eb","Kryepiskopi Anastas","lajme"],"articleSection":["Lajme"],"inLanguage":"en-US"},{"@type":"WebPage","@id":"https:\/\/orthodoxalbania.org\/2020\/2013\/03\/21\/diplomohen-studentet-e-vitit-iv-te-akademise-teologjike-ngjallja-e-krishtit\/","url":"https:\/\/orthodoxalbania.org\/2020\/2013\/03\/21\/diplomohen-studentet-e-vitit-iv-te-akademise-teologjike-ngjallja-e-krishtit\/","name":"Diplomohen student\u00ebt e vitit IV t\u00eb Akademis\u00eb Teologjike \u201cNgjallja e Krishtit\u201d. (13 Qershor 2011) - Kisha Orthodh\u03bfkse Autoqefale e Shqip\u00ebris\u00eb","isPartOf":{"@id":"https:\/\/orthodoxalbania.org\/2020\/#website"},"primaryImageOfPage":{"@id":"https:\/\/orthodoxalbania.org\/2020\/2013\/03\/21\/diplomohen-studentet-e-vitit-iv-te-akademise-teologjike-ngjallja-e-krishtit\/#primaryimage"},"image":{"@id":"https:\/\/orthodoxalbania.org\/2020\/2013\/03\/21\/diplomohen-studentet-e-vitit-iv-te-akademise-teologjike-ngjallja-e-krishtit\/#primaryimage"},"thumbnailUrl":"https:\/\/lh4.googleusercontent.com\/-Z-HDRWTNmwU\/VAGQWk2UoCI\/AAAAAAAACa0\/w0iTdEEkT1g\/w640-h359-no\/1%2Bne%2Btekst.JPG","datePublished":"2013-03-21T09:38:49+00:00","dateModified":"2020-04-06T20:32:03+00:00","breadcrumb":{"@id":"https:\/\/orthodoxalbania.org\/2020\/2013\/03\/21\/diplomohen-studentet-e-vitit-iv-te-akademise-teologjike-ngjallja-e-krishtit\/#breadcrumb"},"inLanguage":"en-US","potentialAction":[{"@type":"ReadAction","target":["https:\/\/orthodoxalbania.org\/2020\/2013\/03\/21\/diplomohen-studentet-e-vitit-iv-te-akademise-teologjike-ngjallja-e-krishtit\/"]}]},{"@type":"ImageObject","inLanguage":"en-US","@id":"https:\/\/orthodoxalbania.org\/2020\/2013\/03\/21\/diplomohen-studentet-e-vitit-iv-te-akademise-teologjike-ngjallja-e-krishtit\/#primaryimage","url":"https:\/\/lh4.googleusercontent.com\/-Z-HDRWTNmwU\/VAGQWk2UoCI\/AAAAAAAACa0\/w0iTdEEkT1g\/w640-h359-no\/1%2Bne%2Btekst.JPG","contentUrl":"https:\/\/lh4.googleusercontent.com\/-Z-HDRWTNmwU\/VAGQWk2UoCI\/AAAAAAAACa0\/w0iTdEEkT1g\/w640-h359-no\/1%2Bne%2Btekst.JPG"},{"@type":"BreadcrumbList","@id":"https:\/\/orthodoxalbania.org\/2020\/2013\/03\/21\/diplomohen-studentet-e-vitit-iv-te-akademise-teologjike-ngjallja-e-krishtit\/#breadcrumb","itemListElement":[{"@type":"ListItem","position":1,"name":"Home","item":"https:\/\/orthodoxalbania.org\/2020\/"},{"@type":"ListItem","position":2,"name":"Diplomohen student\u00ebt e vitit IV t\u00eb Akademis\u00eb Teologjike \u201cNgjallja e Krishtit\u201d. (13 Qershor 2011)"}]},{"@type":"WebSite","@id":"https:\/\/orthodoxalbania.org\/2020\/#website","url":"https:\/\/orthodoxalbania.org\/2020\/","name":"Kisha Orthodh\u03bfkse Autoqefale e Shqip\u00ebris\u00eb","description":"Fqja Zyrtare e Kish\u00ebs Orthodhokse Autoqefale e Shqip\u00ebris\u00eb me lajmet edhe informacionet zyrtare p\u00ebr struktur\u00ebn edhe veprimtarin e saj.","publisher":{"@id":"https:\/\/orthodoxalbania.org\/2020\/#organization"},"potentialAction":[{"@type":"SearchAction","target":{"@type":"EntryPoint","urlTemplate":"https:\/\/orthodoxalbania.org\/2020\/?s={search_term_string}"},"query-input":{"@type":"PropertyValueSpecification","valueRequired":true,"valueName":"search_term_string"}}],"inLanguage":"en-US"},{"@type":"Organization","@id":"https:\/\/orthodoxalbania.org\/2020\/#organization","name":"Kisha Orthodhokse Autoqefale e Shqip\u00ebris\u00eb","url":"https:\/\/orthodoxalbania.org\/2020\/","logo":{"@type":"ImageObject","inLanguage":"en-US","@id":"https:\/\/orthodoxalbania.org\/2020\/#\/schema\/logo\/image\/","url":"https:\/\/orthodoxalbania.org\/2020\/wp-content\/uploads\/2020\/05\/albania.jpeg","contentUrl":"https:\/\/orthodoxalbania.org\/2020\/wp-content\/uploads\/2020\/05\/albania.jpeg","width":540,"height":540,"caption":"Kisha Orthodhokse Autoqefale e Shqip\u00ebris\u00eb"},"image":{"@id":"https:\/\/orthodoxalbania.org\/2020\/#\/schema\/logo\/image\/"},"sameAs":["https:\/\/www.facebook.com\/koash1991"]},{"@type":"Person","@id":"https:\/\/orthodoxalbania.org\/2020\/#\/schema\/person\/0c387634a7063ac612d7ed9ce71c7e86","name":"Kisha Orthodhokse","image":{"@type":"ImageObject","inLanguage":"en-US","@id":"https:\/\/secure.gravatar.com\/avatar\/596e7c417251e30f2fbb9c00e026fce61a695a00e51c889caded71c96cbbdde5?s=96&d=mm&r=g","url":"https:\/\/secure.gravatar.com\/avatar\/596e7c417251e30f2fbb9c00e026fce61a695a00e51c889caded71c96cbbdde5?s=96&d=mm&r=g","contentUrl":"https:\/\/secure.gravatar.com\/avatar\/596e7c417251e30f2fbb9c00e026fce61a695a00e51c889caded71c96cbbdde5?s=96&d=mm&r=g","caption":"Kisha Orthodhokse"}}]}},"_links":{"self":[{"href":"https:\/\/orthodoxalbania.org\/2020\/wp-json\/wp\/v2\/posts\/414","targetHints":{"allow":["GET"]}}],"collection":[{"href":"https:\/\/orthodoxalbania.org\/2020\/wp-json\/wp\/v2\/posts"}],"about":[{"href":"https:\/\/orthodoxalbania.org\/2020\/wp-json\/wp\/v2\/types\/post"}],"author":[{"embeddable":true,"href":"https:\/\/orthodoxalbania.org\/2020\/wp-json\/wp\/v2\/users\/1"}],"replies":[{"embeddable":true,"href":"https:\/\/orthodoxalbania.org\/2020\/wp-json\/wp\/v2\/comments?post=414"}],"version-history":[{"count":1,"href":"https:\/\/orthodoxalbania.org\/2020\/wp-json\/wp\/v2\/posts\/414\/revisions"}],"predecessor-version":[{"id":15384,"href":"https:\/\/orthodoxalbania.org\/2020\/wp-json\/wp\/v2\/posts\/414\/revisions\/15384"}],"wp:attachment":[{"href":"https:\/\/orthodoxalbania.org\/2020\/wp-json\/wp\/v2\/media?parent=414"}],"wp:term":[{"taxonomy":"category","embeddable":true,"href":"https:\/\/orthodoxalbania.org\/2020\/wp-json\/wp\/v2\/categories?post=414"},{"taxonomy":"post_tag","embeddable":true,"href":"https:\/\/orthodoxalbania.org\/2020\/wp-json\/wp\/v2\/tags?post=414"}],"curies":[{"name":"wp","href":"https:\/\/api.w.org\/{rel}","templated":true}]}}