{"id":4133,"date":"2015-08-26T12:10:43","date_gmt":"2015-08-26T12:10:43","guid":{"rendered":""},"modified":"2020-04-06T22:02:08","modified_gmt":"2020-04-06T20:02:08","slug":"njoftim-shtypi-per-shkaterrimin-e-plote-te-kishes-sh-athanasit-dhermi-26-8-2015","status":"publish","type":"post","link":"https:\/\/orthodoxalbania.org\/2020\/2015\/08\/26\/njoftim-shtypi-per-shkaterrimin-e-plote-te-kishes-sh-athanasit-dhermi-26-8-2015\/","title":{"rendered":"Njoftim shtypi p\u00ebr shkat\u00ebrrimin e plot\u00eb t\u00eb kish\u00ebs sh. Athanasit, Dh\u00ebrmi, 26.8.2015"},"content":{"rendered":"<p style=\"text-align: justify;\"><img class=\"lazyload\" decoding=\"async\" style=\"display: block; margin-left: auto; margin-right: auto; margin-top: 10px;\" alt=\"\" src=\"data:image\/svg+xml,%3Csvg%20xmlns%3D%27http%3A%2F%2Fwww.w3.org%2F2000%2Fsvg%27%20width%3D%2751%27%20height%3D%2751%27%20viewBox%3D%270%200%2051%2051%27%3E%3Crect%20width%3D%2751%27%20height%3D%2751%27%20fill-opacity%3D%220%22%2F%3E%3C%2Fsvg%3E\" data-orig-src=\"https:\/\/lh4.googleusercontent.com\/-p6oTSlUmOrM\/U0UABsfjknI\/AAAAAAAAATs\/zlJeoFRksRE\/s577-no\/logo.png\" height=\"51\" width=\"51\" \/><\/p>\n<p style=\"text-align: center;\"><span style=\"color: #000000;\"><strong><span style=\"font-size: 12pt; font-family: helvetica;\">Zyra e shtypit<\/span><\/strong><\/span><br \/><span style=\"color: #000000;\"><strong><span style=\"font-size: 12pt; font-family: helvetica;\"><\/span><\/strong><\/span><\/p>\n<p style=\"text-align: center;\">&nbsp;<\/p>\n<p style=\"text-align: center;\"><span style=\"color: #000000;\"><strong><span style=\"font-size: 12pt; font-family: helvetica;\">Njoftim p\u00ebr shtyp<\/span><\/strong><\/span><\/p>\n<p style=\"text-align: justify;\">&nbsp;<\/p>\n<p style=\"text-align: justify;\"><span style=\"font-size: 12pt; font-family: helvetica; color: #000000;\">&nbsp; &nbsp; Sot, 26 gusht 2015, n\u00eb or\u00ebn 4 t\u00ebm\u00ebngjesit, pa zbardhur dita, n\u00eb m\u00ebnyr\u00eb t\u00eb fsheht\u00eb e tin\u00ebzare, p\u00ebr t\u2019iu shmangur ballafaqimit me banor\u00ebt e Dh\u00ebrmiut, n\u00eb Himar\u00eb, u shkat\u00ebrrua nga forca t\u00eb inspektoratit nd\u00ebrtimor t\u00eb ardhura nga zona t\u00eb tjera t\u00eb vendit, kisha orthodhokse e Sh\u00ebn Athanasit.<\/span><br \/><span style=\"font-size: 12pt; font-family: helvetica; color: #000000;\"><\/span><\/p>\n<p style=\"text-align: justify;\"><span style=\"font-size: 12pt; font-family: helvetica; color: #000000;\">&nbsp; &nbsp; Ishin d\u00ebshp\u00ebruese dhe fyese q\u00eb n\u00eb dit\u00ebt tona t\u00eb shihje se shkat\u00ebrrimi varrosi n\u00ebn g\u00ebrmadha Ungjillin e shenjt\u00eb, ikonat dhe objekte t\u00eb shenjta, pamje q\u00eb t\u00eb kujtonin p\u00ebrdhosjen n\u00eb Kish\u00ebn e Sh\u00ebn Maris\u00eb n\u00eb P\u00ebrmet, ku ato u hodh\u00ebn n\u00eb kamionin e plehrave.<\/span><br \/><span style=\"font-size: 12pt; font-family: helvetica; color: #000000;\"><\/span><\/p>\n<p style=\"text-align: justify;\"><span style=\"font-size: 12pt; font-family: helvetica; color: #000000;\">&nbsp; &nbsp; Ky veprim \u00ebsht\u00eb n\u00eb shkelje flagrante t\u00eb Ligjit nr. 10057, 22.01.2009, \u201cP\u00ebr ratifikimin e marr\u00ebveshjes nd\u00ebrmjet K\u00ebshillit t\u00eb Ministrave t\u00eb Republik\u00ebs s\u00eb Shqip\u00ebris\u00eb dhe Kish\u00ebs Orthodhokse Autoqefale t\u00eb Shqip\u00ebris\u00eb\u201d, Neni 21\/1,2: \u201cNd\u00ebrtesat dhe objektet q\u00eb sh\u00ebrbejn\u00eb p\u00ebr kryerjen e ceremonive fetare konsiderohen t\u00eb shenjta nga Kisha Ortodokse Autoqefale e Shqip\u00ebris\u00eb. Nd\u00ebrhyrja e autoriteteve shtet\u00ebrore n\u00eb to \u00ebsht\u00eb e ndaluar, me p\u00ebrjashtim t\u00eb rasteve t\u00eb flagranc\u00ebs, kur nj\u00eb gj\u00eb e till\u00eb k\u00ebrkohet n\u00eb zbatim t\u00eb nj\u00eb urdh\u00ebri t\u00eb prokuroris\u00eb, t\u00eb nj\u00eb vendimi gjyq\u00ebsor ose titulli ekzekutiv, ose n\u00eb rast t\u00eb kanosjes s\u00eb nj\u00eb rreziku t\u00eb af\u00ebrm. 2. Paprekshm\u00ebria e hap\u00ebsir\u00ebs publike garantohet nga Shteti. Shteti mbron objektet dhe vendet e caktuara fetare, n\u00eb p\u00ebrputhje me Ligjin.\u201d Nd\u00ebrhyrja u b\u00eb pa as nj\u00eb njoftim zyrtar ose informal si dhe u shp\u00ebrfill\u00ebn klerik\u00ebt tan\u00eb, p\u00ebrfaq\u00ebsuesit arkieratik Protopresviter At\u00eb Pandeli Mitru, At\u00eb Efthim Bixhili, At\u00eb Athanas Qerimi, t\u00eb cil\u00ebt k\u00ebrkuan shpjegime p\u00ebr nj\u00eb nd\u00ebrhyrje t\u00eb till\u00eb nga organet vendore.<\/span><br \/><span style=\"font-size: 12pt; font-family: helvetica; color: #000000;\"><\/span><\/p>\n<p style=\"text-align: justify;\"><span style=\"font-size: 12pt; font-family: helvetica; color: #000000;\">&nbsp; &nbsp; Q\u00eb n\u00eb fillim, ata q\u00eb kishin planifikuar shkat\u00ebrrimin e k\u00ebtij vendi t\u00eb shenjt\u00eb ishin kontradiktor\u00eb, megaloman\u00eb dhe konfuz\u00eb n\u00eb deklarimet, pretendimet dhe veprimet e tyre: Deklaruan se ishte nj\u00eb nd\u00ebrtim pa leje i b\u00ebr\u00eb s\u00eb fundmi dhe doli se ishte ngritur nga vet\u00eb besimtar\u00ebt n\u00eb fillimet e Demokracis\u00eb, n\u00eb t\u00eb nj\u00ebjtin vend ku ngrihej kisha e rrafshuar nga komunizmi. Deklaruan q\u00eb kisha ishte monument kulture dhe doli q\u00eb nuk ishte e v\u00ebrtet\u00eb. Deklaruan se Kisha nuk ishte pronare dhe u d\u00ebshmua me dokumente e kund\u00ebrta. U deklarua se soleta ishte hedhur mbi muret e vjetra historike dhe pastaj i rrafshuan atoetj.<\/span><br \/><span style=\"font-size: 12pt; font-family: helvetica; color: #000000;\"><\/span><\/p>\n<p style=\"text-align: justify;\"><span style=\"font-size: 12pt; font-family: helvetica; color: #000000;\">&nbsp; &nbsp; Kjo ngjarje \u00ebsht\u00eb nj\u00eb shkelje e s\u00eb drejt\u00ebs universale t\u00eb besimit dhe laicitetit t\u00ebshpallur n\u00eb Kushtetut\u00eb t\u00eb shtetit, i cili merr p\u00ebrsip\u00ebr n\u00eb m\u00ebnyr\u00eb t\u00ebnj\u00ebanshme prishjen e nj\u00eb objekti kulti ortodoks dhe n\u00eb vend t\u00eb tij t\u00eb ngrej\u00eb nj\u00eb tjet\u00ebr, duke marr\u00ebiniciativa dhe angazhime q\u00eb nuk i takojn\u00eb dhe p\u00ebrb\u00ebjn\u00eb nd\u00ebrhyrje n\u00eb\u00e7\u00ebshtjet e brendshme fetare. Veprime t\u00eb tilla t\u00eb pap\u00ebrgjegjshme dhe aventureske v\u00ebn\u00eb n\u00eb rrezik harmonin\u00eb fetare n\u00eb vend, duke krijuar konflikte midis besimeve dhe komuniteteve fetare.<\/span><br \/><span style=\"font-size: 12pt; font-family: helvetica; color: #000000;\"><\/span><\/p>\n<p style=\"text-align: justify;\"><span style=\"font-size: 12pt; font-family: helvetica; color: #000000;\">&nbsp; &nbsp; Gjithashtu, n\u00eb nj\u00eb koh\u00eb kur Kisha Orthodhokse Autoqefale e Shqip\u00ebris\u00eb, s\u00eb bashku me Komunitetin e SantEgidios dhe Kish\u00ebn Katolike n\u00eb Shqip\u00ebri n\u00eb fillim t\u00eb muajit shtator, p\u00ebrgatiten p\u00ebr t\u00ebpritur veprimtarin\u00eb e madhe nd\u00ebrfetare \u201cPaqja \u00ebsht\u00eb gjithmon\u00eb e mundshme\u201d, ku do t\u00eb marrin pjes\u00eb 500 delegat\u00eb, nga 30 besime t\u00eb ndryshme nga e gjith\u00eb bota, nj\u00eb ngjarje historike p\u00ebr Shqip\u00ebrin\u00eb, veprime t\u00eb tilla bien ndesh me frym\u00ebn q\u00eb ajo promovon dhe zbeh imazhin e vendit dhe popullit ton\u00eb.<\/span><br \/><span style=\"font-size: 12pt; font-family: helvetica; color: #000000;\"><\/span><\/p>\n<p style=\"text-align: justify;\">&nbsp;<\/p>\n<p style=\"text-align: center;\"><span style=\"color: #000000;\"><strong><span style=\"font-size: 12pt; font-family: helvetica;\">Zyra e Shtypit<\/span><\/strong><\/span><br \/><span style=\"color: #000000;\"><strong><span style=\"font-size: 12pt; font-family: helvetica;\">e Kish\u00ebs Orthodhokse Autoqefale t\u00eb Shqip\u00ebris\u00eb<\/span><\/strong><\/span><\/p>\n<p style=\"text-align: center;\">&nbsp;<\/p>\n<p style=\"text-align: center;\"><img class=\"lazyload\" decoding=\"async\" style=\"display: block; margin: 10px auto; border: 1px solid #000000;\" alt=\"\" src=\"data:image\/svg+xml,%3Csvg%20xmlns%3D%27http%3A%2F%2Fwww.w3.org%2F2000%2Fsvg%27%20width%3D%27450%27%20height%3D%27337%27%20viewBox%3D%270%200%20450%20337%27%3E%3Crect%20width%3D%27450%27%20height%3D%27337%27%20fill-opacity%3D%220%22%2F%3E%3C%2Fsvg%3E\" data-orig-src=\"https:\/\/lh3.googleusercontent.com\/_k4BIuMqkrXLx77OfEU0r2gecWZ9_RHuk_1q7GWdNwY=w960-h720-no\" height=\"337\" width=\"450\" \/><\/p>\n<p style=\"text-align: center;\"><img class=\"lazyload\" decoding=\"async\" style=\"display: block; margin: 10px auto; border: 1px solid #000000;\" alt=\"\" src=\"data:image\/svg+xml,%3Csvg%20xmlns%3D%27http%3A%2F%2Fwww.w3.org%2F2000%2Fsvg%27%20width%3D%27450%27%20height%3D%27337%27%20viewBox%3D%270%200%20450%20337%27%3E%3Crect%20width%3D%27450%27%20height%3D%27337%27%20fill-opacity%3D%220%22%2F%3E%3C%2Fsvg%3E\" data-orig-src=\"https:\/\/lh3.googleusercontent.com\/9_bXWUFJC6FKefNq9t_G3XcKlSI905v2Eh-ff4xdYjs=w960-h720-no\" height=\"337\" width=\"450\" \/><\/p>\n","protected":false},"excerpt":{"rendered":"<p>Zyra e shtypit &nbsp; Njoftim p\u00ebr shtyp &nbsp; &nbsp; &nbsp; Sot, 26 gusht 2015, n\u00eb or\u00ebn 4 t\u00ebm\u00ebngjesit, pa zbardhur dita, n\u00eb m\u00ebnyr\u00eb t\u00eb fsheht\u00eb e tin\u00ebzare, p\u00ebr t\u2019iu shmangur ballafaqimit me banor\u00ebt e Dh\u00ebrmiut, n\u00eb Himar\u00eb, u shkat\u00ebrrua nga forca t\u00eb inspektoratit nd\u00ebrtimor t\u00eb ardhura nga zona t\u00eb tjera t\u00eb vendit, kisha orthodhokse e Sh\u00ebn Athanasit. &nbsp; &nbsp; Ishin d\u00ebshp\u00ebruese dhe fyese q\u00eb n\u00eb<\/p>\n","protected":false},"author":1,"featured_media":4134,"comment_status":"open","ping_status":"open","sticky":false,"template":"","format":"standard","meta":{"_acf_changed":false,"pagelayer_contact_templates":[],"_pagelayer_content":"","inline_featured_image":false,"fifu_image_url":"","fifu_image_alt":"","footnotes":""},"categories":[108],"tags":[139,196,212],"class_list":["post-4133","post","type-post","status-publish","format-standard","has-post-thumbnail","hentry","category-lajme","tag-139","tag-tirane","tag-lajme-d27"],"acf":[],"yoast_head":"<!-- This site is optimized with the Yoast SEO plugin v27.2 - https:\/\/yoast.com\/product\/yoast-seo-wordpress\/ -->\n<title>Njoftim shtypi p\u00ebr shkat\u00ebrrimin e plot\u00eb t\u00eb kish\u00ebs sh. Athanasit, Dh\u00ebrmi, 26.8.2015 - Kisha Orthodh\u03bfkse Autoqefale e Shqip\u00ebris\u00eb<\/title>\n<meta name=\"robots\" content=\"index, follow, max-snippet:-1, max-image-preview:large, max-video-preview:-1\" \/>\n<link rel=\"canonical\" href=\"https:\/\/orthodoxalbania.org\/2020\/2015\/08\/26\/njoftim-shtypi-per-shkaterrimin-e-plote-te-kishes-sh-athanasit-dhermi-26-8-2015\/\" \/>\n<meta property=\"og:locale\" content=\"en_US\" \/>\n<meta property=\"og:type\" content=\"article\" \/>\n<meta property=\"og:title\" content=\"Njoftim shtypi p\u00ebr shkat\u00ebrrimin e plot\u00eb t\u00eb kish\u00ebs sh. Athanasit, Dh\u00ebrmi, 26.8.2015 - Kisha Orthodh\u03bfkse Autoqefale e Shqip\u00ebris\u00eb\" \/>\n<meta property=\"og:description\" content=\"Zyra e shtypit &nbsp; Njoftim p\u00ebr shtyp &nbsp; &nbsp; &nbsp; Sot, 26 gusht 2015, n\u00eb or\u00ebn 4 t\u00ebm\u00ebngjesit, pa zbardhur dita, n\u00eb m\u00ebnyr\u00eb t\u00eb fsheht\u00eb e tin\u00ebzare, p\u00ebr t\u2019iu shmangur ballafaqimit me banor\u00ebt e Dh\u00ebrmiut, n\u00eb Himar\u00eb, u shkat\u00ebrrua nga forca t\u00eb inspektoratit nd\u00ebrtimor t\u00eb ardhura nga zona t\u00eb tjera t\u00eb vendit, kisha orthodhokse e Sh\u00ebn Athanasit. &nbsp; &nbsp; Ishin d\u00ebshp\u00ebruese dhe fyese q\u00eb n\u00eb\" \/>\n<meta property=\"og:url\" content=\"https:\/\/orthodoxalbania.org\/2020\/2015\/08\/26\/njoftim-shtypi-per-shkaterrimin-e-plote-te-kishes-sh-athanasit-dhermi-26-8-2015\/\" \/>\n<meta property=\"og:site_name\" content=\"Kisha Orthodh\u03bfkse Autoqefale e Shqip\u00ebris\u00eb\" \/>\n<meta property=\"article:publisher\" content=\"https:\/\/www.facebook.com\/koash1991\" \/>\n<meta property=\"article:published_time\" content=\"2015-08-26T12:10:43+00:00\" \/>\n<meta property=\"article:modified_time\" content=\"2020-04-06T20:02:08+00:00\" \/>\n<meta property=\"og:image\" content=\"https:\/\/orthodoxalbania.org\/2020\/wp-content\/uploads\/2020\/04\/_k4BIuMqkrXLx77OfEU0r2gecWZ9_RHuk_1q7GWdNwY-w960-h720-no.jpg\" \/>\n\t<meta property=\"og:image:width\" content=\"150\" \/>\n\t<meta property=\"og:image:height\" content=\"150\" \/>\n\t<meta property=\"og:image:type\" content=\"image\/jpeg\" \/>\n<meta name=\"author\" content=\"Kisha Orthodhokse\" \/>\n<meta name=\"twitter:card\" content=\"summary_large_image\" \/>\n<meta name=\"twitter:label1\" content=\"Written by\" \/>\n\t<meta name=\"twitter:data1\" content=\"Kisha Orthodhokse\" \/>\n\t<meta name=\"twitter:label2\" content=\"Est. reading time\" \/>\n\t<meta name=\"twitter:data2\" content=\"3 minutes\" \/>\n<script type=\"application\/ld+json\" class=\"yoast-schema-graph\">{\"@context\":\"https:\/\/schema.org\",\"@graph\":[{\"@type\":\"Article\",\"@id\":\"https:\/\/orthodoxalbania.org\/2020\/2015\/08\/26\/njoftim-shtypi-per-shkaterrimin-e-plote-te-kishes-sh-athanasit-dhermi-26-8-2015\/#article\",\"isPartOf\":{\"@id\":\"https:\/\/orthodoxalbania.org\/2020\/2015\/08\/26\/njoftim-shtypi-per-shkaterrimin-e-plote-te-kishes-sh-athanasit-dhermi-26-8-2015\/\"},\"author\":{\"name\":\"Kisha Orthodhokse\",\"@id\":\"https:\/\/orthodoxalbania.org\/2020\/#\/schema\/person\/0c387634a7063ac612d7ed9ce71c7e86\"},\"headline\":\"Njoftim shtypi p\u00ebr shkat\u00ebrrimin e plot\u00eb t\u00eb kish\u00ebs sh. Athanasit, Dh\u00ebrmi, 26.8.2015\",\"datePublished\":\"2015-08-26T12:10:43+00:00\",\"dateModified\":\"2020-04-06T20:02:08+00:00\",\"mainEntityOfPage\":{\"@id\":\"https:\/\/orthodoxalbania.org\/2020\/2015\/08\/26\/njoftim-shtypi-per-shkaterrimin-e-plote-te-kishes-sh-athanasit-dhermi-26-8-2015\/\"},\"wordCount\":631,\"commentCount\":0,\"publisher\":{\"@id\":\"https:\/\/orthodoxalbania.org\/2020\/#organization\"},\"image\":{\"@id\":\"https:\/\/orthodoxalbania.org\/2020\/2015\/08\/26\/njoftim-shtypi-per-shkaterrimin-e-plote-te-kishes-sh-athanasit-dhermi-26-8-2015\/#primaryimage\"},\"thumbnailUrl\":\"https:\/\/orthodoxalbania.org\/2020\/wp-content\/uploads\/2020\/04\/_k4BIuMqkrXLx77OfEU0r2gecWZ9_RHuk_1q7GWdNwY-w960-h720-no.jpg\",\"keywords\":[\"2015\",\"Kryepiskopata Tiran\u00eb\",\"lajme\"],\"articleSection\":[\"Lajme\"],\"inLanguage\":\"en-US\"},{\"@type\":\"WebPage\",\"@id\":\"https:\/\/orthodoxalbania.org\/2020\/2015\/08\/26\/njoftim-shtypi-per-shkaterrimin-e-plote-te-kishes-sh-athanasit-dhermi-26-8-2015\/\",\"url\":\"https:\/\/orthodoxalbania.org\/2020\/2015\/08\/26\/njoftim-shtypi-per-shkaterrimin-e-plote-te-kishes-sh-athanasit-dhermi-26-8-2015\/\",\"name\":\"Njoftim shtypi p\u00ebr shkat\u00ebrrimin e plot\u00eb t\u00eb kish\u00ebs sh. Athanasit, Dh\u00ebrmi, 26.8.2015 - Kisha Orthodh\u03bfkse Autoqefale e Shqip\u00ebris\u00eb\",\"isPartOf\":{\"@id\":\"https:\/\/orthodoxalbania.org\/2020\/#website\"},\"primaryImageOfPage\":{\"@id\":\"https:\/\/orthodoxalbania.org\/2020\/2015\/08\/26\/njoftim-shtypi-per-shkaterrimin-e-plote-te-kishes-sh-athanasit-dhermi-26-8-2015\/#primaryimage\"},\"image\":{\"@id\":\"https:\/\/orthodoxalbania.org\/2020\/2015\/08\/26\/njoftim-shtypi-per-shkaterrimin-e-plote-te-kishes-sh-athanasit-dhermi-26-8-2015\/#primaryimage\"},\"thumbnailUrl\":\"https:\/\/orthodoxalbania.org\/2020\/wp-content\/uploads\/2020\/04\/_k4BIuMqkrXLx77OfEU0r2gecWZ9_RHuk_1q7GWdNwY-w960-h720-no.jpg\",\"datePublished\":\"2015-08-26T12:10:43+00:00\",\"dateModified\":\"2020-04-06T20:02:08+00:00\",\"breadcrumb\":{\"@id\":\"https:\/\/orthodoxalbania.org\/2020\/2015\/08\/26\/njoftim-shtypi-per-shkaterrimin-e-plote-te-kishes-sh-athanasit-dhermi-26-8-2015\/#breadcrumb\"},\"inLanguage\":\"en-US\",\"potentialAction\":[{\"@type\":\"ReadAction\",\"target\":[\"https:\/\/orthodoxalbania.org\/2020\/2015\/08\/26\/njoftim-shtypi-per-shkaterrimin-e-plote-te-kishes-sh-athanasit-dhermi-26-8-2015\/\"]}]},{\"@type\":\"ImageObject\",\"inLanguage\":\"en-US\",\"@id\":\"https:\/\/orthodoxalbania.org\/2020\/2015\/08\/26\/njoftim-shtypi-per-shkaterrimin-e-plote-te-kishes-sh-athanasit-dhermi-26-8-2015\/#primaryimage\",\"url\":\"https:\/\/orthodoxalbania.org\/2020\/wp-content\/uploads\/2020\/04\/_k4BIuMqkrXLx77OfEU0r2gecWZ9_RHuk_1q7GWdNwY-w960-h720-no.jpg\",\"contentUrl\":\"https:\/\/orthodoxalbania.org\/2020\/wp-content\/uploads\/2020\/04\/_k4BIuMqkrXLx77OfEU0r2gecWZ9_RHuk_1q7GWdNwY-w960-h720-no.jpg\",\"width\":150,\"height\":150},{\"@type\":\"BreadcrumbList\",\"@id\":\"https:\/\/orthodoxalbania.org\/2020\/2015\/08\/26\/njoftim-shtypi-per-shkaterrimin-e-plote-te-kishes-sh-athanasit-dhermi-26-8-2015\/#breadcrumb\",\"itemListElement\":[{\"@type\":\"ListItem\",\"position\":1,\"name\":\"Home\",\"item\":\"https:\/\/orthodoxalbania.org\/2020\/\"},{\"@type\":\"ListItem\",\"position\":2,\"name\":\"Njoftim shtypi p\u00ebr shkat\u00ebrrimin e plot\u00eb t\u00eb kish\u00ebs sh. Athanasit, Dh\u00ebrmi, 26.8.2015\"}]},{\"@type\":\"WebSite\",\"@id\":\"https:\/\/orthodoxalbania.org\/2020\/#website\",\"url\":\"https:\/\/orthodoxalbania.org\/2020\/\",\"name\":\"Kisha Orthodh\u03bfkse Autoqefale e Shqip\u00ebris\u00eb\",\"description\":\"Fqja Zyrtare e Kish\u00ebs Orthodhokse Autoqefale e Shqip\u00ebris\u00eb me lajmet edhe informacionet zyrtare p\u00ebr struktur\u00ebn edhe veprimtarin e saj.\",\"publisher\":{\"@id\":\"https:\/\/orthodoxalbania.org\/2020\/#organization\"},\"potentialAction\":[{\"@type\":\"SearchAction\",\"target\":{\"@type\":\"EntryPoint\",\"urlTemplate\":\"https:\/\/orthodoxalbania.org\/2020\/?s={search_term_string}\"},\"query-input\":{\"@type\":\"PropertyValueSpecification\",\"valueRequired\":true,\"valueName\":\"search_term_string\"}}],\"inLanguage\":\"en-US\"},{\"@type\":\"Organization\",\"@id\":\"https:\/\/orthodoxalbania.org\/2020\/#organization\",\"name\":\"Kisha Orthodhokse Autoqefale e Shqip\u00ebris\u00eb\",\"url\":\"https:\/\/orthodoxalbania.org\/2020\/\",\"logo\":{\"@type\":\"ImageObject\",\"inLanguage\":\"en-US\",\"@id\":\"https:\/\/orthodoxalbania.org\/2020\/#\/schema\/logo\/image\/\",\"url\":\"https:\/\/orthodoxalbania.org\/2020\/wp-content\/uploads\/2020\/05\/albania.jpeg\",\"contentUrl\":\"https:\/\/orthodoxalbania.org\/2020\/wp-content\/uploads\/2020\/05\/albania.jpeg\",\"width\":540,\"height\":540,\"caption\":\"Kisha Orthodhokse Autoqefale e Shqip\u00ebris\u00eb\"},\"image\":{\"@id\":\"https:\/\/orthodoxalbania.org\/2020\/#\/schema\/logo\/image\/\"},\"sameAs\":[\"https:\/\/www.facebook.com\/koash1991\"]},{\"@type\":\"Person\",\"@id\":\"https:\/\/orthodoxalbania.org\/2020\/#\/schema\/person\/0c387634a7063ac612d7ed9ce71c7e86\",\"name\":\"Kisha Orthodhokse\",\"image\":{\"@type\":\"ImageObject\",\"inLanguage\":\"en-US\",\"@id\":\"https:\/\/secure.gravatar.com\/avatar\/596e7c417251e30f2fbb9c00e026fce61a695a00e51c889caded71c96cbbdde5?s=96&d=mm&r=g\",\"url\":\"https:\/\/secure.gravatar.com\/avatar\/596e7c417251e30f2fbb9c00e026fce61a695a00e51c889caded71c96cbbdde5?s=96&d=mm&r=g\",\"contentUrl\":\"https:\/\/secure.gravatar.com\/avatar\/596e7c417251e30f2fbb9c00e026fce61a695a00e51c889caded71c96cbbdde5?s=96&d=mm&r=g\",\"caption\":\"Kisha Orthodhokse\"}}]}<\/script>\n<!-- \/ Yoast SEO plugin. -->","yoast_head_json":{"title":"Njoftim shtypi p\u00ebr shkat\u00ebrrimin e plot\u00eb t\u00eb kish\u00ebs sh. Athanasit, Dh\u00ebrmi, 26.8.2015 - Kisha Orthodh\u03bfkse Autoqefale e Shqip\u00ebris\u00eb","robots":{"index":"index","follow":"follow","max-snippet":"max-snippet:-1","max-image-preview":"max-image-preview:large","max-video-preview":"max-video-preview:-1"},"canonical":"https:\/\/orthodoxalbania.org\/2020\/2015\/08\/26\/njoftim-shtypi-per-shkaterrimin-e-plote-te-kishes-sh-athanasit-dhermi-26-8-2015\/","og_locale":"en_US","og_type":"article","og_title":"Njoftim shtypi p\u00ebr shkat\u00ebrrimin e plot\u00eb t\u00eb kish\u00ebs sh. Athanasit, Dh\u00ebrmi, 26.8.2015 - Kisha Orthodh\u03bfkse Autoqefale e Shqip\u00ebris\u00eb","og_description":"Zyra e shtypit &nbsp; Njoftim p\u00ebr shtyp &nbsp; &nbsp; &nbsp; Sot, 26 gusht 2015, n\u00eb or\u00ebn 4 t\u00ebm\u00ebngjesit, pa zbardhur dita, n\u00eb m\u00ebnyr\u00eb t\u00eb fsheht\u00eb e tin\u00ebzare, p\u00ebr t\u2019iu shmangur ballafaqimit me banor\u00ebt e Dh\u00ebrmiut, n\u00eb Himar\u00eb, u shkat\u00ebrrua nga forca t\u00eb inspektoratit nd\u00ebrtimor t\u00eb ardhura nga zona t\u00eb tjera t\u00eb vendit, kisha orthodhokse e Sh\u00ebn Athanasit. &nbsp; &nbsp; Ishin d\u00ebshp\u00ebruese dhe fyese q\u00eb n\u00eb","og_url":"https:\/\/orthodoxalbania.org\/2020\/2015\/08\/26\/njoftim-shtypi-per-shkaterrimin-e-plote-te-kishes-sh-athanasit-dhermi-26-8-2015\/","og_site_name":"Kisha Orthodh\u03bfkse Autoqefale e Shqip\u00ebris\u00eb","article_publisher":"https:\/\/www.facebook.com\/koash1991","article_published_time":"2015-08-26T12:10:43+00:00","article_modified_time":"2020-04-06T20:02:08+00:00","og_image":[{"width":150,"height":150,"url":"https:\/\/orthodoxalbania.org\/2020\/wp-content\/uploads\/2020\/04\/_k4BIuMqkrXLx77OfEU0r2gecWZ9_RHuk_1q7GWdNwY-w960-h720-no.jpg","type":"image\/jpeg"}],"author":"Kisha Orthodhokse","twitter_card":"summary_large_image","twitter_misc":{"Written by":"Kisha Orthodhokse","Est. reading time":"3 minutes"},"schema":{"@context":"https:\/\/schema.org","@graph":[{"@type":"Article","@id":"https:\/\/orthodoxalbania.org\/2020\/2015\/08\/26\/njoftim-shtypi-per-shkaterrimin-e-plote-te-kishes-sh-athanasit-dhermi-26-8-2015\/#article","isPartOf":{"@id":"https:\/\/orthodoxalbania.org\/2020\/2015\/08\/26\/njoftim-shtypi-per-shkaterrimin-e-plote-te-kishes-sh-athanasit-dhermi-26-8-2015\/"},"author":{"name":"Kisha Orthodhokse","@id":"https:\/\/orthodoxalbania.org\/2020\/#\/schema\/person\/0c387634a7063ac612d7ed9ce71c7e86"},"headline":"Njoftim shtypi p\u00ebr shkat\u00ebrrimin e plot\u00eb t\u00eb kish\u00ebs sh. Athanasit, Dh\u00ebrmi, 26.8.2015","datePublished":"2015-08-26T12:10:43+00:00","dateModified":"2020-04-06T20:02:08+00:00","mainEntityOfPage":{"@id":"https:\/\/orthodoxalbania.org\/2020\/2015\/08\/26\/njoftim-shtypi-per-shkaterrimin-e-plote-te-kishes-sh-athanasit-dhermi-26-8-2015\/"},"wordCount":631,"commentCount":0,"publisher":{"@id":"https:\/\/orthodoxalbania.org\/2020\/#organization"},"image":{"@id":"https:\/\/orthodoxalbania.org\/2020\/2015\/08\/26\/njoftim-shtypi-per-shkaterrimin-e-plote-te-kishes-sh-athanasit-dhermi-26-8-2015\/#primaryimage"},"thumbnailUrl":"https:\/\/orthodoxalbania.org\/2020\/wp-content\/uploads\/2020\/04\/_k4BIuMqkrXLx77OfEU0r2gecWZ9_RHuk_1q7GWdNwY-w960-h720-no.jpg","keywords":["2015","Kryepiskopata Tiran\u00eb","lajme"],"articleSection":["Lajme"],"inLanguage":"en-US"},{"@type":"WebPage","@id":"https:\/\/orthodoxalbania.org\/2020\/2015\/08\/26\/njoftim-shtypi-per-shkaterrimin-e-plote-te-kishes-sh-athanasit-dhermi-26-8-2015\/","url":"https:\/\/orthodoxalbania.org\/2020\/2015\/08\/26\/njoftim-shtypi-per-shkaterrimin-e-plote-te-kishes-sh-athanasit-dhermi-26-8-2015\/","name":"Njoftim shtypi p\u00ebr shkat\u00ebrrimin e plot\u00eb t\u00eb kish\u00ebs sh. Athanasit, Dh\u00ebrmi, 26.8.2015 - Kisha Orthodh\u03bfkse Autoqefale e Shqip\u00ebris\u00eb","isPartOf":{"@id":"https:\/\/orthodoxalbania.org\/2020\/#website"},"primaryImageOfPage":{"@id":"https:\/\/orthodoxalbania.org\/2020\/2015\/08\/26\/njoftim-shtypi-per-shkaterrimin-e-plote-te-kishes-sh-athanasit-dhermi-26-8-2015\/#primaryimage"},"image":{"@id":"https:\/\/orthodoxalbania.org\/2020\/2015\/08\/26\/njoftim-shtypi-per-shkaterrimin-e-plote-te-kishes-sh-athanasit-dhermi-26-8-2015\/#primaryimage"},"thumbnailUrl":"https:\/\/orthodoxalbania.org\/2020\/wp-content\/uploads\/2020\/04\/_k4BIuMqkrXLx77OfEU0r2gecWZ9_RHuk_1q7GWdNwY-w960-h720-no.jpg","datePublished":"2015-08-26T12:10:43+00:00","dateModified":"2020-04-06T20:02:08+00:00","breadcrumb":{"@id":"https:\/\/orthodoxalbania.org\/2020\/2015\/08\/26\/njoftim-shtypi-per-shkaterrimin-e-plote-te-kishes-sh-athanasit-dhermi-26-8-2015\/#breadcrumb"},"inLanguage":"en-US","potentialAction":[{"@type":"ReadAction","target":["https:\/\/orthodoxalbania.org\/2020\/2015\/08\/26\/njoftim-shtypi-per-shkaterrimin-e-plote-te-kishes-sh-athanasit-dhermi-26-8-2015\/"]}]},{"@type":"ImageObject","inLanguage":"en-US","@id":"https:\/\/orthodoxalbania.org\/2020\/2015\/08\/26\/njoftim-shtypi-per-shkaterrimin-e-plote-te-kishes-sh-athanasit-dhermi-26-8-2015\/#primaryimage","url":"https:\/\/orthodoxalbania.org\/2020\/wp-content\/uploads\/2020\/04\/_k4BIuMqkrXLx77OfEU0r2gecWZ9_RHuk_1q7GWdNwY-w960-h720-no.jpg","contentUrl":"https:\/\/orthodoxalbania.org\/2020\/wp-content\/uploads\/2020\/04\/_k4BIuMqkrXLx77OfEU0r2gecWZ9_RHuk_1q7GWdNwY-w960-h720-no.jpg","width":150,"height":150},{"@type":"BreadcrumbList","@id":"https:\/\/orthodoxalbania.org\/2020\/2015\/08\/26\/njoftim-shtypi-per-shkaterrimin-e-plote-te-kishes-sh-athanasit-dhermi-26-8-2015\/#breadcrumb","itemListElement":[{"@type":"ListItem","position":1,"name":"Home","item":"https:\/\/orthodoxalbania.org\/2020\/"},{"@type":"ListItem","position":2,"name":"Njoftim shtypi p\u00ebr shkat\u00ebrrimin e plot\u00eb t\u00eb kish\u00ebs sh. Athanasit, Dh\u00ebrmi, 26.8.2015"}]},{"@type":"WebSite","@id":"https:\/\/orthodoxalbania.org\/2020\/#website","url":"https:\/\/orthodoxalbania.org\/2020\/","name":"Kisha Orthodh\u03bfkse Autoqefale e Shqip\u00ebris\u00eb","description":"Fqja Zyrtare e Kish\u00ebs Orthodhokse Autoqefale e Shqip\u00ebris\u00eb me lajmet edhe informacionet zyrtare p\u00ebr struktur\u00ebn edhe veprimtarin e saj.","publisher":{"@id":"https:\/\/orthodoxalbania.org\/2020\/#organization"},"potentialAction":[{"@type":"SearchAction","target":{"@type":"EntryPoint","urlTemplate":"https:\/\/orthodoxalbania.org\/2020\/?s={search_term_string}"},"query-input":{"@type":"PropertyValueSpecification","valueRequired":true,"valueName":"search_term_string"}}],"inLanguage":"en-US"},{"@type":"Organization","@id":"https:\/\/orthodoxalbania.org\/2020\/#organization","name":"Kisha Orthodhokse Autoqefale e Shqip\u00ebris\u00eb","url":"https:\/\/orthodoxalbania.org\/2020\/","logo":{"@type":"ImageObject","inLanguage":"en-US","@id":"https:\/\/orthodoxalbania.org\/2020\/#\/schema\/logo\/image\/","url":"https:\/\/orthodoxalbania.org\/2020\/wp-content\/uploads\/2020\/05\/albania.jpeg","contentUrl":"https:\/\/orthodoxalbania.org\/2020\/wp-content\/uploads\/2020\/05\/albania.jpeg","width":540,"height":540,"caption":"Kisha Orthodhokse Autoqefale e Shqip\u00ebris\u00eb"},"image":{"@id":"https:\/\/orthodoxalbania.org\/2020\/#\/schema\/logo\/image\/"},"sameAs":["https:\/\/www.facebook.com\/koash1991"]},{"@type":"Person","@id":"https:\/\/orthodoxalbania.org\/2020\/#\/schema\/person\/0c387634a7063ac612d7ed9ce71c7e86","name":"Kisha Orthodhokse","image":{"@type":"ImageObject","inLanguage":"en-US","@id":"https:\/\/secure.gravatar.com\/avatar\/596e7c417251e30f2fbb9c00e026fce61a695a00e51c889caded71c96cbbdde5?s=96&d=mm&r=g","url":"https:\/\/secure.gravatar.com\/avatar\/596e7c417251e30f2fbb9c00e026fce61a695a00e51c889caded71c96cbbdde5?s=96&d=mm&r=g","contentUrl":"https:\/\/secure.gravatar.com\/avatar\/596e7c417251e30f2fbb9c00e026fce61a695a00e51c889caded71c96cbbdde5?s=96&d=mm&r=g","caption":"Kisha Orthodhokse"}}]}},"_links":{"self":[{"href":"https:\/\/orthodoxalbania.org\/2020\/wp-json\/wp\/v2\/posts\/4133","targetHints":{"allow":["GET"]}}],"collection":[{"href":"https:\/\/orthodoxalbania.org\/2020\/wp-json\/wp\/v2\/posts"}],"about":[{"href":"https:\/\/orthodoxalbania.org\/2020\/wp-json\/wp\/v2\/types\/post"}],"author":[{"embeddable":true,"href":"https:\/\/orthodoxalbania.org\/2020\/wp-json\/wp\/v2\/users\/1"}],"replies":[{"embeddable":true,"href":"https:\/\/orthodoxalbania.org\/2020\/wp-json\/wp\/v2\/comments?post=4133"}],"version-history":[{"count":1,"href":"https:\/\/orthodoxalbania.org\/2020\/wp-json\/wp\/v2\/posts\/4133\/revisions"}],"predecessor-version":[{"id":14971,"href":"https:\/\/orthodoxalbania.org\/2020\/wp-json\/wp\/v2\/posts\/4133\/revisions\/14971"}],"wp:featuredmedia":[{"embeddable":true,"href":"https:\/\/orthodoxalbania.org\/2020\/wp-json\/wp\/v2\/media\/4134"}],"wp:attachment":[{"href":"https:\/\/orthodoxalbania.org\/2020\/wp-json\/wp\/v2\/media?parent=4133"}],"wp:term":[{"taxonomy":"category","embeddable":true,"href":"https:\/\/orthodoxalbania.org\/2020\/wp-json\/wp\/v2\/categories?post=4133"},{"taxonomy":"post_tag","embeddable":true,"href":"https:\/\/orthodoxalbania.org\/2020\/wp-json\/wp\/v2\/tags?post=4133"}],"curies":[{"name":"wp","href":"https:\/\/api.w.org\/{rel}","templated":true}]}}