{"id":413,"date":"2009-03-19T00:00:00","date_gmt":"2009-03-19T00:00:00","guid":{"rendered":""},"modified":"2020-04-06T22:32:39","modified_gmt":"2020-04-06T20:32:39","slug":"diplomohen-studentet-e-akademise-teologjike-per-vitin-2009-2009","status":"publish","type":"post","link":"https:\/\/orthodoxalbania.org\/2020\/2009\/03\/19\/diplomohen-studentet-e-akademise-teologjike-per-vitin-2009-2009\/","title":{"rendered":"Diplomohen student\u00ebt e Akademis\u00eb Teologjike p\u00ebr vitin 2009. (2009)"},"content":{"rendered":"<div class=\"style1\" style=\"text-align: justify;\"><span style=\"color: #000000; font-size: 12pt;\"> <span style=\"font-family: tahoma,geneva,sans-serif;\"><img decoding=\"async\" class=\"lazyload HAa Eha\" style=\"border-width: 1px; border-style: solid; margin: 10px; height: 206px; width: 350px; float: left;\" alt=\"\" src=\"data:image\/gif;base64,R0lGODlhAQABAAAAACH5BAEKAAEALAAAAAABAAEAAAICTAEAOw==\" data-orig-src=\"https:\/\/lh5.googleusercontent.com\/-v_Bty9Q-u6Q\/VJLDebT6ifI\/AAAAAAAAIos\/i-Zos7ZFArM\/w448-h264-no\/1.jpg\" \/><span style=\"font-family: helvetica;\">&nbsp;&nbsp;&nbsp; T\u00eb diplomuarit e rinj t\u00eb Akademis\u00eb Theologjike \u201cNgjallja e Krishtit\u201d n\u00eb sh\u00ebn Vlash t\u00eb Durr\u00ebsit, u p\u00ebrcoll\u00ebn me ceremonin\u00eb&nbsp; tradicionale festive t\u00eb fundvitit shkollor. M\u00eb 16 qershor, ata lan\u00eb stafet\u00ebn tek brezat e rinj p\u00ebr t\u00eb vazhduar misionin e tyre n\u00eb veprimtarit\u00eb e Kish\u00ebs. N\u00eb k\u00ebt\u00eb ceremoni merrte pjes\u00eb Kryepiskopi Anastas bashk\u00eb me an\u00ebtar\u00ebt e tjer\u00eb t\u00eb Sinodit t\u00eb Shenjt\u00eb, Mitropoliti i Beratit Ignati, Dekani i Akademis\u00eb, Episkop Ilia Ketri, Episkop Nikolla, Episkop Andoni, Protopresviter Jani Trebicka si edhe klerik\u00eb t\u00eb ardhur nga disa qytete t\u00eb vendit, familjar\u00eb t\u00eb t\u00eb sapodiplomuarve, pedagog\u00ebt dhe student\u00eb.<\/span><\/span><\/span><\/div>\n<div class=\"style1\" style=\"text-align: justify;\"><span style=\"color: #000000; font-size: 12pt; font-family: helvetica;\"> &nbsp;&nbsp;&nbsp; Fjal\u00ebn p\u00ebrsh\u00ebndet\u00ebse e kreu Dekani i Akademis\u00eb Teologjike, Hir\u00ebsi Ilia, i cili iu b\u00ebri thirrje student\u00ebve t\u00eb b\u00ebhen mbajt\u00ebs t\u00eb fjal\u00ebs s\u00eb Zotit me m\u00ebsimet q\u00eb kan\u00eb kryer, me zhvillimin e tyre shpirt\u00ebror, me veprimtarin\u00eb n\u00eb sh\u00ebrbimet e Kish\u00ebs, por mbi t\u00eb gjitha me vendosm\u00ebrin\u00eb q\u00eb me an\u00ebn e jet\u00ebs s\u00eb devotshme ndaj Krishtit, do kontribuojn\u00eb n\u00eb nd\u00ebrtimin e Kish\u00ebs s\u00eb Tij n\u00eb Shqip\u00ebri, do zbukurojn\u00eb shoq\u00ebrin\u00eb e sotme me sjelljen fisnike, do t\u00eb pastrojn\u00eb njollat e mjedisit, do p\u00ebrcjellin shpres\u00ebn e Zotit n\u00eb nj\u00eb bot\u00eb t\u00eb helmuar nga luft\u00ebrat, urrejtjet dhe padrejt\u00ebsit\u00eb.<\/span><\/div>\n<div class=\"style1\" style=\"text-align: justify;\"><span style=\"color: #000000; font-size: 12pt; font-family: helvetica;\"> <img decoding=\"async\" class=\"lazyload HAa Eha\" style=\"border-width: 1px; border-style: solid; margin: 10px; float: right; height: 169px; width: 300px;\" alt=\"\" src=\"data:image\/gif;base64,R0lGODlhAQABAAAAACH5BAEKAAEALAAAAAABAAEAAAICTAEAOw==\" data-orig-src=\"https:\/\/lh3.googleusercontent.com\/-f2xFakCOe24\/VJLDesgKjAI\/AAAAAAAAIow\/uQCgIUNhOgM\/w448-h252-no\/2.jpg\" \/>&nbsp;&nbsp;&nbsp; M\u00eb tej, dy student\u00ebt m\u00eb t\u00eb mir\u00eb t\u00eb diplomuar, Parashqevi Gega dhe Elizabeta Shqau mbajt\u00ebn fjalimet e rastit. Studentja E. Shqau lexoi pjes\u00ebn: \u201cA mund t\u00eb jet\u00eb ndonj\u00eb lavd\u00ebrim i denj\u00eb p\u00ebr madh\u00ebshtin\u00eb e Per\u00ebndis\u00eb?, nga sh\u00ebn Augustini. Nd\u00ebrsa studentja m\u00eb e mir\u00eb e k\u00ebtij brezi t\u00eb diplomuarish, Parashqevi Gega n\u00ebnvizoi: \u201cE dim\u00eb dhe e kemi p\u00ebrjetuar p\u00ebrgjat\u00eb k\u00ebtyre viteve q\u00eb thirrja e Tij nuk na premton jet\u00eb t\u00eb rehatshme, pa v\u00ebshtir\u00ebsi e mundime, p\u00ebrkundrazi, Ai na porositi ta ngrem\u00eb kryqin ton\u00eb e ta ndjekim, duke besuar se Ai do t\u00eb jet\u00eb me ne deri n\u00eb fund t\u00eb jet\u00ebs\u201d.<\/span><\/div>\n<div class=\"style1\" style=\"text-align: justify;\"><span style=\"color: #000000; font-size: 12pt; font-family: helvetica;\"> &nbsp;&nbsp;&nbsp; N\u00eb fund, fjal\u00ebn p\u00ebrsh\u00ebndet\u00ebse e mbajti Kryepiskopi Anastas, i cili theksoi: \u201cNe guxojm\u00eb q\u00eb t\u00eb shpresojm\u00eb dhe baza e k\u00ebsaj shprese nuk \u00ebsht\u00eb pa optimiz\u00ebm. N\u00eb personin e Zotit Jisu Krisht mb\u00ebshtesim besimin p\u00ebr t\u00eb ardhmen. Sot ka nj\u00eb re tjet\u00ebr d\u00ebshp\u00ebrimi q\u00eb r\u00ebndon mbi zemrat e njer\u00ebzve, sepse pas gjith\u00eb asaj peripecie ne ec\u00ebm n\u00ebn ren\u00eb e err\u00ebt dhe ne guxojm\u00eb q\u00eb t\u00eb shpresojm\u00eb. Kjo gjendje mund t\u00eb ket\u00eb ndikuar edhe n\u00eb Kish\u00ebn ton\u00eb. Ne nuk mbetemi n\u00eb cekt\u00ebsi kur ngjitemi n\u00eb mal, por shikojm\u00eb maj\u00ebn e malit. Me k\u00ebt\u00eb guxim duhet t\u00eb ecim p\u00ebrpara, duke dh\u00ebn\u00eb shpres\u00eb tek t\u00eb tjer\u00ebt. K\u00ebt\u00eb shpres\u00eb duhet ta transmetojm\u00eb n\u00eb t\u00eb gjitha vendet ku shkojm\u00eb. Jo me d\u00ebshirat tona, por me fuqin\u00eb e Shpirtit t\u00eb Shenjt\u00eb, Zoti do t\u00eb na ndihmoj\u00eb q\u00eb t\u00eb ecim n\u00eb vepr\u00ebn ton\u00eb aty ku t\u00eb gjith\u00eb jemi thirrur n\u00eb nj\u00eb shpres\u00eb t\u00eb p\u00ebrbashk\u00ebt\u201d.<\/span><\/div>\n<div class=\"style1\" style=\"text-align: justify;\"><span style=\"color: #000000; font-size: 12pt; font-family: helvetica;\"> <img decoding=\"async\" class=\"lazyload HAa Eha\" style=\"border-width: 1px; border-style: solid; margin: 10px; height: 169px; width: 300px; float: left;\" alt=\"\" src=\"data:image\/gif;base64,R0lGODlhAQABAAAAACH5BAEKAAEALAAAAAABAAEAAAICTAEAOw==\" data-orig-src=\"https:\/\/lh4.googleusercontent.com\/-AjyXBSy-xSo\/VJLDenJl2qI\/AAAAAAAAIo0\/TVLm0MQEyeE\/w448-h252-no\/3.jpg\" \/>&nbsp;&nbsp;&nbsp; Programi vijoi me k\u00ebng\u00eb dhe himne t\u00eb k\u00ebnduara nga kori i Akademis\u00eb dhe me ndarjen e diplomave, t\u00eb cilat i shp\u00ebrndau Kryepiskopi.<\/span><\/div>\n<div class=\"style1\" style=\"text-align: justify;\"><span style=\"color: #000000; font-size: 12pt; font-family: helvetica;\"> &nbsp;&nbsp;&nbsp; Gjithashtu, gjat\u00eb drek\u00ebs q\u00eb u shtrua p\u00ebr nder t\u00eb pranishm\u00ebve foli edhe Mitropoliti i Beratit, Hir\u00ebsi Ignati, i cili tha se: \u201cKjo \u00ebsht\u00eb nj\u00eb dit\u00eb e sh\u00ebnuar q\u00eb t\u00eb korrim kallirin me kokrra t\u00eb k\u00ebsaj pune t\u00eb shk\u00eblqyer n\u00eb k\u00ebt\u00eb shkoll\u00eb. Fal\u00ebnderojm\u00eb Zotin p\u00ebr k\u00ebt\u00eb begati q\u00eb na ka dhuruar. Ftohemi t\u2019i praktikojm\u00eb t\u00eb gjitha ato q\u00eb kemi m\u00ebsuar. T\u00eb gjith\u00eb jemi t\u00eb zgjedhur nga Zoti. Ai na d\u00ebrgon si apostujt e Tij dhe misionar\u00eb t\u00eb k\u00ebtij misioni t\u00eb shk\u00eblqyer\u201d.<\/span><\/div>\n<div class=\"style1\" style=\"text-align: justify;\"><span style=\"color: #000000; font-size: 12pt; font-family: helvetica;\"> &nbsp;&nbsp;&nbsp; N\u00eb fund t\u00eb k\u00ebsaj dite, student\u00ebt e sapodiplomuar u larguan mes shum\u00eb urimeve dhe p\u00ebrg\u00ebzimeve t\u00eb marra nga koleg\u00ebt e tyre, pedagog\u00ebt dhe t\u00eb gjith\u00eb t\u00eb pranishmit.<\/span><\/div>\n<div class=\"style1\" style=\"text-align: justify;\"><span style=\"font-size: 12pt; font-family: helvetica;\"><\/span><\/div>\n<div class=\"style1\" style=\"text-align: justify;\"><span style=\"color: #000000; font-size: 12pt; font-family: helvetica;\"><strong>Isidori Koti<\/strong><\/span><\/div>\n","protected":false},"excerpt":{"rendered":"<p>&nbsp;&nbsp;&nbsp; T\u00eb diplomuarit e rinj t\u00eb Akademis\u00eb Theologjike \u201cNgjallja e Krishtit\u201d n\u00eb sh\u00ebn Vlash t\u00eb Durr\u00ebsit, u p\u00ebrcoll\u00ebn me ceremonin\u00eb&nbsp; tradicionale festive t\u00eb fundvitit shkollor. M\u00eb 16 qershor, ata lan\u00eb stafet\u00ebn tek brezat e rinj p\u00ebr t\u00eb vazhduar misionin e tyre n\u00eb veprimtarit\u00eb e Kish\u00ebs. N\u00eb k\u00ebt\u00eb ceremoni merrte pjes\u00eb Kryepiskopi Anastas bashk\u00eb me an\u00ebtar\u00ebt e tjer\u00eb t\u00eb Sinodit t\u00eb Shenjt\u00eb, Mitropoliti i Beratit Ignati,<\/p>\n","protected":false},"author":1,"featured_media":0,"comment_status":"open","ping_status":"open","sticky":false,"template":"","format":"standard","meta":{"_acf_changed":false,"pagelayer_contact_templates":[],"_pagelayer_content":"","inline_featured_image":false,"fifu_image_url":"","fifu_image_alt":"","footnotes":""},"categories":[108],"tags":[145,169,168,196,201,212],"class_list":["post-413","post","type-post","status-publish","format-standard","hentry","category-lajme","tag-145","tag-akademia-teologjike","tag-diplomime","tag-tirane","tag-kryepiskopi-anastas","tag-lajme-d27"],"acf":[],"yoast_head":"<!-- This site is optimized with the Yoast SEO plugin v27.2 - https:\/\/yoast.com\/product\/yoast-seo-wordpress\/ -->\n<title>Diplomohen student\u00ebt e Akademis\u00eb Teologjike p\u00ebr vitin 2009. (2009) - Kisha Orthodh\u03bfkse Autoqefale e Shqip\u00ebris\u00eb<\/title>\n<meta name=\"robots\" content=\"index, follow, max-snippet:-1, max-image-preview:large, max-video-preview:-1\" \/>\n<link rel=\"canonical\" href=\"https:\/\/orthodoxalbania.org\/2020\/2009\/03\/19\/diplomohen-studentet-e-akademise-teologjike-per-vitin-2009-2009\/\" \/>\n<meta property=\"og:locale\" content=\"en_US\" \/>\n<meta property=\"og:type\" content=\"article\" \/>\n<meta property=\"og:title\" content=\"Diplomohen student\u00ebt e Akademis\u00eb Teologjike p\u00ebr vitin 2009. (2009) - Kisha Orthodh\u03bfkse Autoqefale e Shqip\u00ebris\u00eb\" \/>\n<meta property=\"og:description\" content=\"&nbsp;&nbsp;&nbsp; T\u00eb diplomuarit e rinj t\u00eb Akademis\u00eb Theologjike \u201cNgjallja e Krishtit\u201d n\u00eb sh\u00ebn Vlash t\u00eb Durr\u00ebsit, u p\u00ebrcoll\u00ebn me ceremonin\u00eb&nbsp; tradicionale festive t\u00eb fundvitit shkollor. M\u00eb 16 qershor, ata lan\u00eb stafet\u00ebn tek brezat e rinj p\u00ebr t\u00eb vazhduar misionin e tyre n\u00eb veprimtarit\u00eb e Kish\u00ebs. N\u00eb k\u00ebt\u00eb ceremoni merrte pjes\u00eb Kryepiskopi Anastas bashk\u00eb me an\u00ebtar\u00ebt e tjer\u00eb t\u00eb Sinodit t\u00eb Shenjt\u00eb, Mitropoliti i Beratit Ignati,\" \/>\n<meta property=\"og:url\" content=\"https:\/\/orthodoxalbania.org\/2020\/2009\/03\/19\/diplomohen-studentet-e-akademise-teologjike-per-vitin-2009-2009\/\" \/>\n<meta property=\"og:site_name\" content=\"Kisha Orthodh\u03bfkse Autoqefale e Shqip\u00ebris\u00eb\" \/>\n<meta property=\"article:publisher\" content=\"https:\/\/www.facebook.com\/koash1991\" \/>\n<meta property=\"article:published_time\" content=\"2009-03-19T00:00:00+00:00\" \/>\n<meta property=\"article:modified_time\" content=\"2020-04-06T20:32:39+00:00\" \/>\n<meta property=\"og:image\" content=\"https:\/\/lh5.googleusercontent.com\/-v_Bty9Q-u6Q\/VJLDebT6ifI\/AAAAAAAAIos\/i-Zos7ZFArM\/w448-h264-no\/1.jpg\" \/>\n<meta name=\"author\" content=\"Kisha Orthodhokse\" \/>\n<meta name=\"twitter:card\" content=\"summary_large_image\" \/>\n<meta name=\"twitter:label1\" content=\"Written by\" \/>\n\t<meta name=\"twitter:data1\" content=\"Kisha Orthodhokse\" \/>\n\t<meta name=\"twitter:label2\" content=\"Est. reading time\" \/>\n\t<meta name=\"twitter:data2\" content=\"3 minutes\" \/>\n<script type=\"application\/ld+json\" class=\"yoast-schema-graph\">{\"@context\":\"https:\/\/schema.org\",\"@graph\":[{\"@type\":\"Article\",\"@id\":\"https:\/\/orthodoxalbania.org\/2020\/2009\/03\/19\/diplomohen-studentet-e-akademise-teologjike-per-vitin-2009-2009\/#article\",\"isPartOf\":{\"@id\":\"https:\/\/orthodoxalbania.org\/2020\/2009\/03\/19\/diplomohen-studentet-e-akademise-teologjike-per-vitin-2009-2009\/\"},\"author\":{\"name\":\"Kisha Orthodhokse\",\"@id\":\"https:\/\/orthodoxalbania.org\/2020\/#\/schema\/person\/0c387634a7063ac612d7ed9ce71c7e86\"},\"headline\":\"Diplomohen student\u00ebt e Akademis\u00eb Teologjike p\u00ebr vitin 2009. (2009)\",\"datePublished\":\"2009-03-19T00:00:00+00:00\",\"dateModified\":\"2020-04-06T20:32:39+00:00\",\"mainEntityOfPage\":{\"@id\":\"https:\/\/orthodoxalbania.org\/2020\/2009\/03\/19\/diplomohen-studentet-e-akademise-teologjike-per-vitin-2009-2009\/\"},\"wordCount\":700,\"commentCount\":0,\"publisher\":{\"@id\":\"https:\/\/orthodoxalbania.org\/2020\/#organization\"},\"image\":{\"@id\":\"https:\/\/orthodoxalbania.org\/2020\/2009\/03\/19\/diplomohen-studentet-e-akademise-teologjike-per-vitin-2009-2009\/#primaryimage\"},\"thumbnailUrl\":\"https:\/\/lh5.googleusercontent.com\/-v_Bty9Q-u6Q\/VJLDebT6ifI\/AAAAAAAAIos\/i-Zos7ZFArM\/w448-h264-no\/1.jpg\",\"keywords\":[\"2009\",\"Akademia Teologjike\",\"Diplomime\",\"Kryepiskopata Tiran\u00eb\",\"Kryepiskopi Anastas\",\"lajme\"],\"articleSection\":[\"Lajme\"],\"inLanguage\":\"en-US\"},{\"@type\":\"WebPage\",\"@id\":\"https:\/\/orthodoxalbania.org\/2020\/2009\/03\/19\/diplomohen-studentet-e-akademise-teologjike-per-vitin-2009-2009\/\",\"url\":\"https:\/\/orthodoxalbania.org\/2020\/2009\/03\/19\/diplomohen-studentet-e-akademise-teologjike-per-vitin-2009-2009\/\",\"name\":\"Diplomohen student\u00ebt e Akademis\u00eb Teologjike p\u00ebr vitin 2009. (2009) - Kisha Orthodh\u03bfkse Autoqefale e Shqip\u00ebris\u00eb\",\"isPartOf\":{\"@id\":\"https:\/\/orthodoxalbania.org\/2020\/#website\"},\"primaryImageOfPage\":{\"@id\":\"https:\/\/orthodoxalbania.org\/2020\/2009\/03\/19\/diplomohen-studentet-e-akademise-teologjike-per-vitin-2009-2009\/#primaryimage\"},\"image\":{\"@id\":\"https:\/\/orthodoxalbania.org\/2020\/2009\/03\/19\/diplomohen-studentet-e-akademise-teologjike-per-vitin-2009-2009\/#primaryimage\"},\"thumbnailUrl\":\"https:\/\/lh5.googleusercontent.com\/-v_Bty9Q-u6Q\/VJLDebT6ifI\/AAAAAAAAIos\/i-Zos7ZFArM\/w448-h264-no\/1.jpg\",\"datePublished\":\"2009-03-19T00:00:00+00:00\",\"dateModified\":\"2020-04-06T20:32:39+00:00\",\"breadcrumb\":{\"@id\":\"https:\/\/orthodoxalbania.org\/2020\/2009\/03\/19\/diplomohen-studentet-e-akademise-teologjike-per-vitin-2009-2009\/#breadcrumb\"},\"inLanguage\":\"en-US\",\"potentialAction\":[{\"@type\":\"ReadAction\",\"target\":[\"https:\/\/orthodoxalbania.org\/2020\/2009\/03\/19\/diplomohen-studentet-e-akademise-teologjike-per-vitin-2009-2009\/\"]}]},{\"@type\":\"ImageObject\",\"inLanguage\":\"en-US\",\"@id\":\"https:\/\/orthodoxalbania.org\/2020\/2009\/03\/19\/diplomohen-studentet-e-akademise-teologjike-per-vitin-2009-2009\/#primaryimage\",\"url\":\"https:\/\/lh5.googleusercontent.com\/-v_Bty9Q-u6Q\/VJLDebT6ifI\/AAAAAAAAIos\/i-Zos7ZFArM\/w448-h264-no\/1.jpg\",\"contentUrl\":\"https:\/\/lh5.googleusercontent.com\/-v_Bty9Q-u6Q\/VJLDebT6ifI\/AAAAAAAAIos\/i-Zos7ZFArM\/w448-h264-no\/1.jpg\"},{\"@type\":\"BreadcrumbList\",\"@id\":\"https:\/\/orthodoxalbania.org\/2020\/2009\/03\/19\/diplomohen-studentet-e-akademise-teologjike-per-vitin-2009-2009\/#breadcrumb\",\"itemListElement\":[{\"@type\":\"ListItem\",\"position\":1,\"name\":\"Home\",\"item\":\"https:\/\/orthodoxalbania.org\/2020\/\"},{\"@type\":\"ListItem\",\"position\":2,\"name\":\"Diplomohen student\u00ebt e Akademis\u00eb Teologjike p\u00ebr vitin 2009. (2009)\"}]},{\"@type\":\"WebSite\",\"@id\":\"https:\/\/orthodoxalbania.org\/2020\/#website\",\"url\":\"https:\/\/orthodoxalbania.org\/2020\/\",\"name\":\"Kisha Orthodh\u03bfkse Autoqefale e Shqip\u00ebris\u00eb\",\"description\":\"Fqja Zyrtare e Kish\u00ebs Orthodhokse Autoqefale e Shqip\u00ebris\u00eb me lajmet edhe informacionet zyrtare p\u00ebr struktur\u00ebn edhe veprimtarin e saj.\",\"publisher\":{\"@id\":\"https:\/\/orthodoxalbania.org\/2020\/#organization\"},\"potentialAction\":[{\"@type\":\"SearchAction\",\"target\":{\"@type\":\"EntryPoint\",\"urlTemplate\":\"https:\/\/orthodoxalbania.org\/2020\/?s={search_term_string}\"},\"query-input\":{\"@type\":\"PropertyValueSpecification\",\"valueRequired\":true,\"valueName\":\"search_term_string\"}}],\"inLanguage\":\"en-US\"},{\"@type\":\"Organization\",\"@id\":\"https:\/\/orthodoxalbania.org\/2020\/#organization\",\"name\":\"Kisha Orthodhokse Autoqefale e Shqip\u00ebris\u00eb\",\"url\":\"https:\/\/orthodoxalbania.org\/2020\/\",\"logo\":{\"@type\":\"ImageObject\",\"inLanguage\":\"en-US\",\"@id\":\"https:\/\/orthodoxalbania.org\/2020\/#\/schema\/logo\/image\/\",\"url\":\"https:\/\/orthodoxalbania.org\/2020\/wp-content\/uploads\/2020\/05\/albania.jpeg\",\"contentUrl\":\"https:\/\/orthodoxalbania.org\/2020\/wp-content\/uploads\/2020\/05\/albania.jpeg\",\"width\":540,\"height\":540,\"caption\":\"Kisha Orthodhokse Autoqefale e Shqip\u00ebris\u00eb\"},\"image\":{\"@id\":\"https:\/\/orthodoxalbania.org\/2020\/#\/schema\/logo\/image\/\"},\"sameAs\":[\"https:\/\/www.facebook.com\/koash1991\"]},{\"@type\":\"Person\",\"@id\":\"https:\/\/orthodoxalbania.org\/2020\/#\/schema\/person\/0c387634a7063ac612d7ed9ce71c7e86\",\"name\":\"Kisha Orthodhokse\",\"image\":{\"@type\":\"ImageObject\",\"inLanguage\":\"en-US\",\"@id\":\"https:\/\/secure.gravatar.com\/avatar\/596e7c417251e30f2fbb9c00e026fce61a695a00e51c889caded71c96cbbdde5?s=96&d=mm&r=g\",\"url\":\"https:\/\/secure.gravatar.com\/avatar\/596e7c417251e30f2fbb9c00e026fce61a695a00e51c889caded71c96cbbdde5?s=96&d=mm&r=g\",\"contentUrl\":\"https:\/\/secure.gravatar.com\/avatar\/596e7c417251e30f2fbb9c00e026fce61a695a00e51c889caded71c96cbbdde5?s=96&d=mm&r=g\",\"caption\":\"Kisha Orthodhokse\"}}]}<\/script>\n<!-- \/ Yoast SEO plugin. -->","yoast_head_json":{"title":"Diplomohen student\u00ebt e Akademis\u00eb Teologjike p\u00ebr vitin 2009. (2009) - Kisha Orthodh\u03bfkse Autoqefale e Shqip\u00ebris\u00eb","robots":{"index":"index","follow":"follow","max-snippet":"max-snippet:-1","max-image-preview":"max-image-preview:large","max-video-preview":"max-video-preview:-1"},"canonical":"https:\/\/orthodoxalbania.org\/2020\/2009\/03\/19\/diplomohen-studentet-e-akademise-teologjike-per-vitin-2009-2009\/","og_locale":"en_US","og_type":"article","og_title":"Diplomohen student\u00ebt e Akademis\u00eb Teologjike p\u00ebr vitin 2009. (2009) - Kisha Orthodh\u03bfkse Autoqefale e Shqip\u00ebris\u00eb","og_description":"&nbsp;&nbsp;&nbsp; T\u00eb diplomuarit e rinj t\u00eb Akademis\u00eb Theologjike \u201cNgjallja e Krishtit\u201d n\u00eb sh\u00ebn Vlash t\u00eb Durr\u00ebsit, u p\u00ebrcoll\u00ebn me ceremonin\u00eb&nbsp; tradicionale festive t\u00eb fundvitit shkollor. M\u00eb 16 qershor, ata lan\u00eb stafet\u00ebn tek brezat e rinj p\u00ebr t\u00eb vazhduar misionin e tyre n\u00eb veprimtarit\u00eb e Kish\u00ebs. N\u00eb k\u00ebt\u00eb ceremoni merrte pjes\u00eb Kryepiskopi Anastas bashk\u00eb me an\u00ebtar\u00ebt e tjer\u00eb t\u00eb Sinodit t\u00eb Shenjt\u00eb, Mitropoliti i Beratit Ignati,","og_url":"https:\/\/orthodoxalbania.org\/2020\/2009\/03\/19\/diplomohen-studentet-e-akademise-teologjike-per-vitin-2009-2009\/","og_site_name":"Kisha Orthodh\u03bfkse Autoqefale e Shqip\u00ebris\u00eb","article_publisher":"https:\/\/www.facebook.com\/koash1991","article_published_time":"2009-03-19T00:00:00+00:00","article_modified_time":"2020-04-06T20:32:39+00:00","og_image":[{"url":"https:\/\/lh5.googleusercontent.com\/-v_Bty9Q-u6Q\/VJLDebT6ifI\/AAAAAAAAIos\/i-Zos7ZFArM\/w448-h264-no\/1.jpg","type":"","width":"","height":""}],"author":"Kisha Orthodhokse","twitter_card":"summary_large_image","twitter_misc":{"Written by":"Kisha Orthodhokse","Est. reading time":"3 minutes"},"schema":{"@context":"https:\/\/schema.org","@graph":[{"@type":"Article","@id":"https:\/\/orthodoxalbania.org\/2020\/2009\/03\/19\/diplomohen-studentet-e-akademise-teologjike-per-vitin-2009-2009\/#article","isPartOf":{"@id":"https:\/\/orthodoxalbania.org\/2020\/2009\/03\/19\/diplomohen-studentet-e-akademise-teologjike-per-vitin-2009-2009\/"},"author":{"name":"Kisha Orthodhokse","@id":"https:\/\/orthodoxalbania.org\/2020\/#\/schema\/person\/0c387634a7063ac612d7ed9ce71c7e86"},"headline":"Diplomohen student\u00ebt e Akademis\u00eb Teologjike p\u00ebr vitin 2009. (2009)","datePublished":"2009-03-19T00:00:00+00:00","dateModified":"2020-04-06T20:32:39+00:00","mainEntityOfPage":{"@id":"https:\/\/orthodoxalbania.org\/2020\/2009\/03\/19\/diplomohen-studentet-e-akademise-teologjike-per-vitin-2009-2009\/"},"wordCount":700,"commentCount":0,"publisher":{"@id":"https:\/\/orthodoxalbania.org\/2020\/#organization"},"image":{"@id":"https:\/\/orthodoxalbania.org\/2020\/2009\/03\/19\/diplomohen-studentet-e-akademise-teologjike-per-vitin-2009-2009\/#primaryimage"},"thumbnailUrl":"https:\/\/lh5.googleusercontent.com\/-v_Bty9Q-u6Q\/VJLDebT6ifI\/AAAAAAAAIos\/i-Zos7ZFArM\/w448-h264-no\/1.jpg","keywords":["2009","Akademia Teologjike","Diplomime","Kryepiskopata Tiran\u00eb","Kryepiskopi Anastas","lajme"],"articleSection":["Lajme"],"inLanguage":"en-US"},{"@type":"WebPage","@id":"https:\/\/orthodoxalbania.org\/2020\/2009\/03\/19\/diplomohen-studentet-e-akademise-teologjike-per-vitin-2009-2009\/","url":"https:\/\/orthodoxalbania.org\/2020\/2009\/03\/19\/diplomohen-studentet-e-akademise-teologjike-per-vitin-2009-2009\/","name":"Diplomohen student\u00ebt e Akademis\u00eb Teologjike p\u00ebr vitin 2009. (2009) - Kisha Orthodh\u03bfkse Autoqefale e Shqip\u00ebris\u00eb","isPartOf":{"@id":"https:\/\/orthodoxalbania.org\/2020\/#website"},"primaryImageOfPage":{"@id":"https:\/\/orthodoxalbania.org\/2020\/2009\/03\/19\/diplomohen-studentet-e-akademise-teologjike-per-vitin-2009-2009\/#primaryimage"},"image":{"@id":"https:\/\/orthodoxalbania.org\/2020\/2009\/03\/19\/diplomohen-studentet-e-akademise-teologjike-per-vitin-2009-2009\/#primaryimage"},"thumbnailUrl":"https:\/\/lh5.googleusercontent.com\/-v_Bty9Q-u6Q\/VJLDebT6ifI\/AAAAAAAAIos\/i-Zos7ZFArM\/w448-h264-no\/1.jpg","datePublished":"2009-03-19T00:00:00+00:00","dateModified":"2020-04-06T20:32:39+00:00","breadcrumb":{"@id":"https:\/\/orthodoxalbania.org\/2020\/2009\/03\/19\/diplomohen-studentet-e-akademise-teologjike-per-vitin-2009-2009\/#breadcrumb"},"inLanguage":"en-US","potentialAction":[{"@type":"ReadAction","target":["https:\/\/orthodoxalbania.org\/2020\/2009\/03\/19\/diplomohen-studentet-e-akademise-teologjike-per-vitin-2009-2009\/"]}]},{"@type":"ImageObject","inLanguage":"en-US","@id":"https:\/\/orthodoxalbania.org\/2020\/2009\/03\/19\/diplomohen-studentet-e-akademise-teologjike-per-vitin-2009-2009\/#primaryimage","url":"https:\/\/lh5.googleusercontent.com\/-v_Bty9Q-u6Q\/VJLDebT6ifI\/AAAAAAAAIos\/i-Zos7ZFArM\/w448-h264-no\/1.jpg","contentUrl":"https:\/\/lh5.googleusercontent.com\/-v_Bty9Q-u6Q\/VJLDebT6ifI\/AAAAAAAAIos\/i-Zos7ZFArM\/w448-h264-no\/1.jpg"},{"@type":"BreadcrumbList","@id":"https:\/\/orthodoxalbania.org\/2020\/2009\/03\/19\/diplomohen-studentet-e-akademise-teologjike-per-vitin-2009-2009\/#breadcrumb","itemListElement":[{"@type":"ListItem","position":1,"name":"Home","item":"https:\/\/orthodoxalbania.org\/2020\/"},{"@type":"ListItem","position":2,"name":"Diplomohen student\u00ebt e Akademis\u00eb Teologjike p\u00ebr vitin 2009. (2009)"}]},{"@type":"WebSite","@id":"https:\/\/orthodoxalbania.org\/2020\/#website","url":"https:\/\/orthodoxalbania.org\/2020\/","name":"Kisha Orthodh\u03bfkse Autoqefale e Shqip\u00ebris\u00eb","description":"Fqja Zyrtare e Kish\u00ebs Orthodhokse Autoqefale e Shqip\u00ebris\u00eb me lajmet edhe informacionet zyrtare p\u00ebr struktur\u00ebn edhe veprimtarin e saj.","publisher":{"@id":"https:\/\/orthodoxalbania.org\/2020\/#organization"},"potentialAction":[{"@type":"SearchAction","target":{"@type":"EntryPoint","urlTemplate":"https:\/\/orthodoxalbania.org\/2020\/?s={search_term_string}"},"query-input":{"@type":"PropertyValueSpecification","valueRequired":true,"valueName":"search_term_string"}}],"inLanguage":"en-US"},{"@type":"Organization","@id":"https:\/\/orthodoxalbania.org\/2020\/#organization","name":"Kisha Orthodhokse Autoqefale e Shqip\u00ebris\u00eb","url":"https:\/\/orthodoxalbania.org\/2020\/","logo":{"@type":"ImageObject","inLanguage":"en-US","@id":"https:\/\/orthodoxalbania.org\/2020\/#\/schema\/logo\/image\/","url":"https:\/\/orthodoxalbania.org\/2020\/wp-content\/uploads\/2020\/05\/albania.jpeg","contentUrl":"https:\/\/orthodoxalbania.org\/2020\/wp-content\/uploads\/2020\/05\/albania.jpeg","width":540,"height":540,"caption":"Kisha Orthodhokse Autoqefale e Shqip\u00ebris\u00eb"},"image":{"@id":"https:\/\/orthodoxalbania.org\/2020\/#\/schema\/logo\/image\/"},"sameAs":["https:\/\/www.facebook.com\/koash1991"]},{"@type":"Person","@id":"https:\/\/orthodoxalbania.org\/2020\/#\/schema\/person\/0c387634a7063ac612d7ed9ce71c7e86","name":"Kisha Orthodhokse","image":{"@type":"ImageObject","inLanguage":"en-US","@id":"https:\/\/secure.gravatar.com\/avatar\/596e7c417251e30f2fbb9c00e026fce61a695a00e51c889caded71c96cbbdde5?s=96&d=mm&r=g","url":"https:\/\/secure.gravatar.com\/avatar\/596e7c417251e30f2fbb9c00e026fce61a695a00e51c889caded71c96cbbdde5?s=96&d=mm&r=g","contentUrl":"https:\/\/secure.gravatar.com\/avatar\/596e7c417251e30f2fbb9c00e026fce61a695a00e51c889caded71c96cbbdde5?s=96&d=mm&r=g","caption":"Kisha Orthodhokse"}}]}},"_links":{"self":[{"href":"https:\/\/orthodoxalbania.org\/2020\/wp-json\/wp\/v2\/posts\/413","targetHints":{"allow":["GET"]}}],"collection":[{"href":"https:\/\/orthodoxalbania.org\/2020\/wp-json\/wp\/v2\/posts"}],"about":[{"href":"https:\/\/orthodoxalbania.org\/2020\/wp-json\/wp\/v2\/types\/post"}],"author":[{"embeddable":true,"href":"https:\/\/orthodoxalbania.org\/2020\/wp-json\/wp\/v2\/users\/1"}],"replies":[{"embeddable":true,"href":"https:\/\/orthodoxalbania.org\/2020\/wp-json\/wp\/v2\/comments?post=413"}],"version-history":[{"count":1,"href":"https:\/\/orthodoxalbania.org\/2020\/wp-json\/wp\/v2\/posts\/413\/revisions"}],"predecessor-version":[{"id":15561,"href":"https:\/\/orthodoxalbania.org\/2020\/wp-json\/wp\/v2\/posts\/413\/revisions\/15561"}],"wp:attachment":[{"href":"https:\/\/orthodoxalbania.org\/2020\/wp-json\/wp\/v2\/media?parent=413"}],"wp:term":[{"taxonomy":"category","embeddable":true,"href":"https:\/\/orthodoxalbania.org\/2020\/wp-json\/wp\/v2\/categories?post=413"},{"taxonomy":"post_tag","embeddable":true,"href":"https:\/\/orthodoxalbania.org\/2020\/wp-json\/wp\/v2\/tags?post=413"}],"curies":[{"name":"wp","href":"https:\/\/api.w.org\/{rel}","templated":true}]}}