{"id":4122,"date":"2015-08-21T18:49:46","date_gmt":"2015-08-21T18:49:46","guid":{"rendered":""},"modified":"2020-04-06T22:02:09","modified_gmt":"2020-04-06T20:02:09","slug":"dhunohet-serish-kisha-e-shen-athanasit-dhe-kercenohet-jeta-e-priftit","status":"publish","type":"post","link":"https:\/\/orthodoxalbania.org\/2020\/2015\/08\/21\/dhunohet-serish-kisha-e-shen-athanasit-dhe-kercenohet-jeta-e-priftit\/","title":{"rendered":"Dhunohet s\u00ebrish kisha e Sh\u00ebn Athanasit  dhe k\u00ebrc\u00ebnohet jeta e priftit"},"content":{"rendered":"<p style=\"text-align: center;\">&nbsp;<\/p>\n<p style=\"text-align: center;\"><img class=\"lazyload\" decoding=\"async\" style=\"margin: 10px auto; display: block;\" alt=\"\" src=\"data:image\/svg+xml,%3Csvg%20xmlns%3D%27http%3A%2F%2Fwww.w3.org%2F2000%2Fsvg%27%20width%3D%2754%27%20height%3D%2754%27%20viewBox%3D%270%200%2054%2054%27%3E%3Crect%20width%3D%2754%27%20height%3D%2754%27%20fill-opacity%3D%220%22%2F%3E%3C%2Fsvg%3E\" data-orig-src=\"https:\/\/lh4.googleusercontent.com\/-p6oTSlUmOrM\/U0UABsfjknI\/AAAAAAAAATs\/zlJeoFRksRE\/s577-no\/logo.png\" height=\"54\" width=\"54\" \/><span style=\"font-size: 12pt; font-family: helvetica; color: #000000;\"> KISHA ORTHODHOKSE AUTOQEFALE E SHQIP\u00cbRIS\u00cb<\/span><\/p>\n<p style=\"text-align: center;\"><span style=\"font-size: 12pt; font-family: helvetica; color: #000000;\">Zyra e Shtypit<\/span><\/p>\n<p style=\"text-align: center;\">&nbsp;<\/p>\n<p style=\"text-align: center;\"><span style=\"color: #000000;\">&nbsp;<strong><span style=\"font-size: 12pt; font-family: helvetica;\">NJOFTIM P\u00cbR SHTYP<\/span><\/strong><\/span><\/p>\n<p style=\"text-align: center;\">&nbsp;<\/p>\n<p style=\"text-align: center;\"><span style=\"color: #000000;\">&nbsp;<strong><span style=\"font-size: 12pt; font-family: helvetica;\">Dhunohet s\u00ebrish kisha e Sh\u00ebn Athanasit<\/span><\/strong><\/span><br \/><span style=\"color: #000000;\"><strong><span style=\"font-size: 12pt; font-family: helvetica;\">dhe k\u00ebrc\u00ebnohet jeta e priftit<\/span><\/strong><\/span><\/p>\n<p style=\"text-align: center;\">&nbsp;<\/p>\n<p style=\"text-align: justify;\"><span style=\"color: #000000;\"><\/span><\/p>\n<p style=\"text-align: justify;\"><span style=\"color: #000000;\"><span style=\"font-size: 12pt; font-family: helvetica;\">&nbsp;&nbsp;&nbsp; Sot, e premte, 21 gusht 2015, nj\u00eb ngjarje edhe m\u00eb e r\u00ebnd\u00eb ndodhi n\u00eb Kish\u00ebn e hirshme t\u00eb Sh\u00ebn Athanasit n\u00eb Dh\u00ebrmi. Persona t\u00eb paidentifikuar dhe me makina pa targa, duke shfryt\u00ebzuar koh\u00ebn e drek\u00ebs, rr\u00ebzuan vandalisht mbules\u00ebn me solet\u00eb t\u00eb kish\u00ebs. N\u00eb momentin q\u00eb u diktuan nga prifti, banor i Dh\u00ebrmiut, n\u00eb ngutje p\u00ebr t\u2019u larguar gati e shtyp\u00ebn, duke i rrezikuar seriozisht jet\u00ebn.<\/span><span style=\"font-size: 12pt; font-family: helvetica;\"><\/span><\/span><\/p>\n<p style=\"text-align: justify;\"><span style=\"color: #000000;\"><span style=\"font-size: 12pt; font-family: helvetica;\">&nbsp;&nbsp;&nbsp; Nga ana e autoritetit kishtar lokal u b\u00eb denoncimi penal ndaj aktit t\u00eb shkat\u00ebrrimit t\u00eb pron\u00ebs me cil\u00ebsi t\u00eb ve\u00e7anta, p\u00ebr tentativ\u00eb t\u00eb q\u00ebllimshme aksidentimi dhe nxitje konflikti social.<\/span><span style=\"font-size: 12pt; font-family: helvetica;\"><\/span><\/span><\/p>\n<p style=\"text-align: justify;\"><span style=\"color: #000000;\"><span style=\"font-size: 12pt; font-family: helvetica;\">&nbsp;&nbsp;&nbsp; Besimtar\u00ebt orthodhoks\u00eb t\u00eb Dh\u00ebrmiut jan\u00eb t\u00eb shokuar nga kjo dhun\u00eb e verb\u00ebr ndaj k\u00ebtij vendi t\u00eb shenjt\u00eb p\u00ebr ta dhe nga p\u00ebrshkall\u00ebzimi i p\u00ebrdhosjes dhe shkat\u00ebrrimit t\u00eb tij. Ata k\u00ebrkojn\u00eb me forc\u00eb q\u00eb autoritetet shtet\u00ebrore kompetente t\u00eb reagojn\u00eb n\u00eb m\u00ebnyr\u00eb urgjente p\u00ebr gjetjen e fajtor\u00ebve dhe t\u00eb nd\u00ebrhyj\u00eb p\u00ebr t\u00eb ndalur \u00e7do lloj tentative t\u00eb m\u00ebtejshme shkat\u00ebrrimi. Besimtar\u00ebt jan\u00eb t\u00eb revoltuar ve\u00e7an\u00ebrisht edhe nga q\u00ebndrimi i disa mediave dhe individ\u00ebve, q\u00eb p\u00ebrpiqen ta politizojn\u00eb dhe legjitimojn\u00eb shkat\u00ebrrimin dhe dhun\u00ebn, madje edhe t\u00eb krijojn\u00eb p\u00ebr\u00e7arje pseudonacionaliste.<\/span><span style=\"font-size: 12pt; font-family: helvetica;\"><\/span><\/span><\/p>\n<p style=\"text-align: justify;\"><span style=\"color: #000000;\"><span style=\"font-size: 12pt; font-family: helvetica;\">&nbsp;&nbsp;&nbsp; Kisha Orthodhokse Autoqefale e Shqip\u00ebris\u00eb d\u00ebnon ashp\u00ebr k\u00ebto ngjarje, q\u00eb cenojn\u00eb pron\u00ebn dhe lirin\u00eb e besimit fetar. Ajo i b\u00ebn thirrje besimtar\u00ebve q\u00eb t\u00eb ruajn\u00eb qet\u00ebsin\u00eb p\u00ebrpara k\u00ebtyre provokimeve dhe t\u00eb q\u00ebndrojn\u00eb t\u00eb vendosur n\u00eb mbrojtje t\u00eb kish\u00ebs. Ajo k\u00ebrkon nga shteti t\u00eb marr\u00eb p\u00ebrsip\u00ebr detyrimet ligjore q\u00eb rrjedhin nga Ligji nr. 10057\/22.01.2009\/ \u201cP\u00ebr ratifikimin e marr\u00ebveshjes nd\u00ebrmjet K\u00ebshillit t\u00eb Ministrave t\u00eb Republik\u00ebs s\u00eb Shqip\u00ebris\u00eb dhe Kish\u00ebs Orthodhokse Autoqefale t\u00eb Shqip\u00ebris\u00eb\u201d, q\u00eb garanton paprekshm\u00ebrin\u00eb e vendeve t\u00eb kultit dhe mbrojtjen e tyre nga shteti.<\/span><span style=\"font-size: 12pt; font-family: helvetica;\"><\/span><\/span><\/p>\n<p style=\"text-align: justify;\"><span style=\"font-size: 12pt; font-family: helvetica; color: #000000;\">&nbsp;&nbsp;&nbsp; Kisha Orthodhokse Autoqefale t\u00eb Shqip\u00ebris\u00eb do ta rikonstruktoj\u00eb Kish\u00ebn e Sh\u00ebn Athanasit n\u00eb Dh\u00ebrmi, e cila \u00ebsht\u00eb pron\u00eb e saj sipas akteve ligjore dhe vendimeve gjyq\u00ebsore. Kisha \u00ebsht\u00eb i vetmi autoritet i njohur nga ligji q\u00eb mund t\u00eb nd\u00ebrmarr\u00eb ngritjen e objekteve orthodhokse t\u00eb kultit. Si\u00e7 njihet dhe nga Ministria e Kultur\u00ebs dhe Instituti i Monumenteve, kjo kish\u00eb nuk \u00ebsht\u00eb monument kulture.<\/span><\/p>\n<p style=\"text-align: justify;\">&nbsp;<\/p>\n<p style=\"text-align: justify;\"><span style=\"color: #000000;\"><\/span><\/p>\n<p style=\"text-align: center;\"><span style=\"color: #000000;\"><strong><span style=\"font-size: 12pt; font-family: helvetica;\">Zyra e Shtypit<\/span><\/strong><\/span><br \/><span style=\"color: #000000;\"><strong><span style=\"font-size: 12pt; font-family: helvetica;\">e Kish\u00ebs Orthodhokse Autoqefale t\u00eb Shqip\u00ebris\u00eb<\/span><\/strong><\/span><\/p>\n<p style=\"text-align: center;\">&nbsp;<\/p>\n<p style=\"text-align: center;\">&nbsp;<\/p>\n<p style=\"text-align: center;\"><img decoding=\"async\" class=\"lazyload HAa Eha\" style=\"display: block; margin: 10px auto; border: 1px solid #000000;\" alt=\"\" src=\"data:image\/svg+xml,%3Csvg%20xmlns%3D%27http%3A%2F%2Fwww.w3.org%2F2000%2Fsvg%27%20width%3D%27450%27%20height%3D%27272%27%20viewBox%3D%270%200%20450%20272%27%3E%3Crect%20width%3D%27450%27%20height%3D%27272%27%20fill-opacity%3D%220%22%2F%3E%3C%2Fsvg%3E\" data-orig-src=\"https:\/\/lh5.googleusercontent.com\/-CbbnvnGnyNw\/Vdd5u3297gI\/AAAAAAAAOMg\/MvlzvnkKUOI\/w800-h483-no\/11866335_497031843805172_7695583574405966252_n_800x483.jpg\" height=\"272\" width=\"450\" \/><\/p>\n<div style=\"text-align: right;\">\n<div>\n<p><img decoding=\"async\" class=\"lazyload cke-resize\" style=\"margin: 10px auto; border: 1px solid #000000; display: block;\" alt=\"\" src=\"data:image\/svg+xml,%3Csvg%20xmlns%3D%27http%3A%2F%2Fwww.w3.org%2F2000%2Fsvg%27%20width%3D%27450%27%20height%3D%27338%27%20viewBox%3D%270%200%20450%20338%27%3E%3Crect%20width%3D%27450%27%20height%3D%27338%27%20fill-opacity%3D%220%22%2F%3E%3C%2Fsvg%3E\" data-orig-src=\"https:\/\/lh3.googleusercontent.com\/NwUpNK5YalMl0bwYrCK6YsvfMm9hKJz1ACwc-9C-eSQ=w506-h380-no\" height=\"338\" width=\"450\" \/><\/p>\n<p><img class=\"lazyload\" decoding=\"async\" style=\"margin: 10px auto; border: 1px solid #000000; display: block;\" alt=\"\" src=\"data:image\/svg+xml,%3Csvg%20xmlns%3D%27http%3A%2F%2Fwww.w3.org%2F2000%2Fsvg%27%20width%3D%27450%27%20height%3D%27281%27%20viewBox%3D%270%200%20450%20281%27%3E%3Crect%20width%3D%27450%27%20height%3D%27281%27%20fill-opacity%3D%220%22%2F%3E%3C%2Fsvg%3E\" data-orig-src=\"https:\/\/lh3.googleusercontent.com\/VF1bdYrvW2u3yM4VJqTC5zRGnKWu5-ek_LiG-Uz9PrU=w700-h437-no\" height=\"281\" width=\"450\" \/><\/p>\n<p><img class=\"lazyload\" decoding=\"async\" style=\"margin: 10px auto; border: 1px solid #000000; display: block;\" alt=\"\" src=\"data:image\/svg+xml,%3Csvg%20xmlns%3D%27http%3A%2F%2Fwww.w3.org%2F2000%2Fsvg%27%20width%3D%27450%27%20height%3D%27285%27%20viewBox%3D%270%200%20450%20285%27%3E%3Crect%20width%3D%27450%27%20height%3D%27285%27%20fill-opacity%3D%220%22%2F%3E%3C%2Fsvg%3E\" data-orig-src=\"https:\/\/lh3.googleusercontent.com\/brJefo2hMTTreLXbeof4SEvYZnKePd_hXbYbtYOx9JE=w680-h431-no\" height=\"285\" width=\"450\" \/><\/p>\n<\/div>\n<\/div>\n","protected":false},"excerpt":{"rendered":"<p>&nbsp; KISHA ORTHODHOKSE AUTOQEFALE E SHQIP\u00cbRIS\u00cb Zyra e Shtypit &nbsp; &nbsp;NJOFTIM P\u00cbR SHTYP &nbsp; &nbsp;Dhunohet s\u00ebrish kisha e Sh\u00ebn Athanasitdhe k\u00ebrc\u00ebnohet jeta e priftit &nbsp; &nbsp;&nbsp;&nbsp; Sot, e premte, 21 gusht 2015, nj\u00eb ngjarje edhe m\u00eb e r\u00ebnd\u00eb ndodhi n\u00eb Kish\u00ebn e hirshme t\u00eb Sh\u00ebn Athanasit n\u00eb Dh\u00ebrmi. Persona t\u00eb paidentifikuar dhe me makina pa targa, duke shfryt\u00ebzuar koh\u00ebn e drek\u00ebs, rr\u00ebzuan vandalisht mbules\u00ebn me<\/p>\n","protected":false},"author":1,"featured_media":4123,"comment_status":"open","ping_status":"open","sticky":false,"template":"","format":"standard","meta":{"_acf_changed":false,"pagelayer_contact_templates":[],"_pagelayer_content":"","inline_featured_image":false,"fifu_image_url":"","fifu_image_alt":"","footnotes":""},"categories":[108],"tags":[139,196,212,198],"class_list":["post-4122","post","type-post","status-publish","format-standard","has-post-thumbnail","hentry","category-lajme","tag-139","tag-tirane","tag-lajme-d27","tag-gjirokaster"],"acf":[],"yoast_head":"<!-- This site is optimized with the Yoast SEO plugin v27.2 - https:\/\/yoast.com\/product\/yoast-seo-wordpress\/ -->\n<title>Dhunohet s\u00ebrish kisha e Sh\u00ebn Athanasit dhe k\u00ebrc\u00ebnohet jeta e priftit - Kisha Orthodh\u03bfkse Autoqefale e Shqip\u00ebris\u00eb<\/title>\n<meta name=\"robots\" content=\"index, follow, max-snippet:-1, max-image-preview:large, max-video-preview:-1\" \/>\n<link rel=\"canonical\" href=\"https:\/\/orthodoxalbania.org\/2020\/2015\/08\/21\/dhunohet-serish-kisha-e-shen-athanasit-dhe-kercenohet-jeta-e-priftit\/\" \/>\n<meta property=\"og:locale\" content=\"en_US\" \/>\n<meta property=\"og:type\" content=\"article\" \/>\n<meta property=\"og:title\" content=\"Dhunohet s\u00ebrish kisha e Sh\u00ebn Athanasit dhe k\u00ebrc\u00ebnohet jeta e priftit - Kisha Orthodh\u03bfkse Autoqefale e Shqip\u00ebris\u00eb\" \/>\n<meta property=\"og:description\" content=\"&nbsp; KISHA ORTHODHOKSE AUTOQEFALE E SHQIP\u00cbRIS\u00cb Zyra e Shtypit &nbsp; &nbsp;NJOFTIM P\u00cbR SHTYP &nbsp; &nbsp;Dhunohet s\u00ebrish kisha e Sh\u00ebn Athanasitdhe k\u00ebrc\u00ebnohet jeta e priftit &nbsp; &nbsp;&nbsp;&nbsp; Sot, e premte, 21 gusht 2015, nj\u00eb ngjarje edhe m\u00eb e r\u00ebnd\u00eb ndodhi n\u00eb Kish\u00ebn e hirshme t\u00eb Sh\u00ebn Athanasit n\u00eb Dh\u00ebrmi. Persona t\u00eb paidentifikuar dhe me makina pa targa, duke shfryt\u00ebzuar koh\u00ebn e drek\u00ebs, rr\u00ebzuan vandalisht mbules\u00ebn me\" \/>\n<meta property=\"og:url\" content=\"https:\/\/orthodoxalbania.org\/2020\/2015\/08\/21\/dhunohet-serish-kisha-e-shen-athanasit-dhe-kercenohet-jeta-e-priftit\/\" \/>\n<meta property=\"og:site_name\" content=\"Kisha Orthodh\u03bfkse Autoqefale e Shqip\u00ebris\u00eb\" \/>\n<meta property=\"article:publisher\" content=\"https:\/\/www.facebook.com\/koash1991\" \/>\n<meta property=\"article:published_time\" content=\"2015-08-21T18:49:46+00:00\" \/>\n<meta property=\"article:modified_time\" content=\"2020-04-06T20:02:09+00:00\" \/>\n<meta property=\"og:image\" content=\"https:\/\/orthodoxalbania.org\/2020\/wp-content\/uploads\/2020\/04\/11866335_497031843805172_7695583574405966252_n_800x483.jpg\" \/>\n\t<meta property=\"og:image:width\" content=\"150\" \/>\n\t<meta property=\"og:image:height\" content=\"150\" \/>\n\t<meta property=\"og:image:type\" content=\"image\/jpeg\" \/>\n<meta name=\"author\" content=\"Kisha Orthodhokse\" \/>\n<meta name=\"twitter:card\" content=\"summary_large_image\" \/>\n<meta name=\"twitter:label1\" content=\"Written by\" \/>\n\t<meta name=\"twitter:data1\" content=\"Kisha Orthodhokse\" \/>\n\t<meta name=\"twitter:label2\" content=\"Est. reading time\" \/>\n\t<meta name=\"twitter:data2\" content=\"2 minutes\" \/>\n<script type=\"application\/ld+json\" class=\"yoast-schema-graph\">{\"@context\":\"https:\/\/schema.org\",\"@graph\":[{\"@type\":\"Article\",\"@id\":\"https:\/\/orthodoxalbania.org\/2020\/2015\/08\/21\/dhunohet-serish-kisha-e-shen-athanasit-dhe-kercenohet-jeta-e-priftit\/#article\",\"isPartOf\":{\"@id\":\"https:\/\/orthodoxalbania.org\/2020\/2015\/08\/21\/dhunohet-serish-kisha-e-shen-athanasit-dhe-kercenohet-jeta-e-priftit\/\"},\"author\":{\"name\":\"Kisha Orthodhokse\",\"@id\":\"https:\/\/orthodoxalbania.org\/2020\/#\/schema\/person\/0c387634a7063ac612d7ed9ce71c7e86\"},\"headline\":\"Dhunohet s\u00ebrish kisha e Sh\u00ebn Athanasit dhe k\u00ebrc\u00ebnohet jeta e priftit\",\"datePublished\":\"2015-08-21T18:49:46+00:00\",\"dateModified\":\"2020-04-06T20:02:09+00:00\",\"mainEntityOfPage\":{\"@id\":\"https:\/\/orthodoxalbania.org\/2020\/2015\/08\/21\/dhunohet-serish-kisha-e-shen-athanasit-dhe-kercenohet-jeta-e-priftit\/\"},\"wordCount\":480,\"commentCount\":0,\"publisher\":{\"@id\":\"https:\/\/orthodoxalbania.org\/2020\/#organization\"},\"image\":{\"@id\":\"https:\/\/orthodoxalbania.org\/2020\/2015\/08\/21\/dhunohet-serish-kisha-e-shen-athanasit-dhe-kercenohet-jeta-e-priftit\/#primaryimage\"},\"thumbnailUrl\":\"https:\/\/orthodoxalbania.org\/2020\/wp-content\/uploads\/2020\/04\/11866335_497031843805172_7695583574405966252_n_800x483.jpg\",\"keywords\":[\"2015\",\"Kryepiskopata Tiran\u00eb\",\"lajme\",\"Mitropolia Gjirokast\u00ebr\"],\"articleSection\":[\"Lajme\"],\"inLanguage\":\"en-US\"},{\"@type\":\"WebPage\",\"@id\":\"https:\/\/orthodoxalbania.org\/2020\/2015\/08\/21\/dhunohet-serish-kisha-e-shen-athanasit-dhe-kercenohet-jeta-e-priftit\/\",\"url\":\"https:\/\/orthodoxalbania.org\/2020\/2015\/08\/21\/dhunohet-serish-kisha-e-shen-athanasit-dhe-kercenohet-jeta-e-priftit\/\",\"name\":\"Dhunohet s\u00ebrish kisha e Sh\u00ebn Athanasit dhe k\u00ebrc\u00ebnohet jeta e priftit - Kisha Orthodh\u03bfkse Autoqefale e Shqip\u00ebris\u00eb\",\"isPartOf\":{\"@id\":\"https:\/\/orthodoxalbania.org\/2020\/#website\"},\"primaryImageOfPage\":{\"@id\":\"https:\/\/orthodoxalbania.org\/2020\/2015\/08\/21\/dhunohet-serish-kisha-e-shen-athanasit-dhe-kercenohet-jeta-e-priftit\/#primaryimage\"},\"image\":{\"@id\":\"https:\/\/orthodoxalbania.org\/2020\/2015\/08\/21\/dhunohet-serish-kisha-e-shen-athanasit-dhe-kercenohet-jeta-e-priftit\/#primaryimage\"},\"thumbnailUrl\":\"https:\/\/orthodoxalbania.org\/2020\/wp-content\/uploads\/2020\/04\/11866335_497031843805172_7695583574405966252_n_800x483.jpg\",\"datePublished\":\"2015-08-21T18:49:46+00:00\",\"dateModified\":\"2020-04-06T20:02:09+00:00\",\"breadcrumb\":{\"@id\":\"https:\/\/orthodoxalbania.org\/2020\/2015\/08\/21\/dhunohet-serish-kisha-e-shen-athanasit-dhe-kercenohet-jeta-e-priftit\/#breadcrumb\"},\"inLanguage\":\"en-US\",\"potentialAction\":[{\"@type\":\"ReadAction\",\"target\":[\"https:\/\/orthodoxalbania.org\/2020\/2015\/08\/21\/dhunohet-serish-kisha-e-shen-athanasit-dhe-kercenohet-jeta-e-priftit\/\"]}]},{\"@type\":\"ImageObject\",\"inLanguage\":\"en-US\",\"@id\":\"https:\/\/orthodoxalbania.org\/2020\/2015\/08\/21\/dhunohet-serish-kisha-e-shen-athanasit-dhe-kercenohet-jeta-e-priftit\/#primaryimage\",\"url\":\"https:\/\/orthodoxalbania.org\/2020\/wp-content\/uploads\/2020\/04\/11866335_497031843805172_7695583574405966252_n_800x483.jpg\",\"contentUrl\":\"https:\/\/orthodoxalbania.org\/2020\/wp-content\/uploads\/2020\/04\/11866335_497031843805172_7695583574405966252_n_800x483.jpg\",\"width\":150,\"height\":150},{\"@type\":\"BreadcrumbList\",\"@id\":\"https:\/\/orthodoxalbania.org\/2020\/2015\/08\/21\/dhunohet-serish-kisha-e-shen-athanasit-dhe-kercenohet-jeta-e-priftit\/#breadcrumb\",\"itemListElement\":[{\"@type\":\"ListItem\",\"position\":1,\"name\":\"Home\",\"item\":\"https:\/\/orthodoxalbania.org\/2020\/\"},{\"@type\":\"ListItem\",\"position\":2,\"name\":\"Dhunohet s\u00ebrish kisha e Sh\u00ebn Athanasit dhe k\u00ebrc\u00ebnohet jeta e priftit\"}]},{\"@type\":\"WebSite\",\"@id\":\"https:\/\/orthodoxalbania.org\/2020\/#website\",\"url\":\"https:\/\/orthodoxalbania.org\/2020\/\",\"name\":\"Kisha Orthodh\u03bfkse Autoqefale e Shqip\u00ebris\u00eb\",\"description\":\"Fqja Zyrtare e Kish\u00ebs Orthodhokse Autoqefale e Shqip\u00ebris\u00eb me lajmet edhe informacionet zyrtare p\u00ebr struktur\u00ebn edhe veprimtarin e saj.\",\"publisher\":{\"@id\":\"https:\/\/orthodoxalbania.org\/2020\/#organization\"},\"potentialAction\":[{\"@type\":\"SearchAction\",\"target\":{\"@type\":\"EntryPoint\",\"urlTemplate\":\"https:\/\/orthodoxalbania.org\/2020\/?s={search_term_string}\"},\"query-input\":{\"@type\":\"PropertyValueSpecification\",\"valueRequired\":true,\"valueName\":\"search_term_string\"}}],\"inLanguage\":\"en-US\"},{\"@type\":\"Organization\",\"@id\":\"https:\/\/orthodoxalbania.org\/2020\/#organization\",\"name\":\"Kisha Orthodhokse Autoqefale e Shqip\u00ebris\u00eb\",\"url\":\"https:\/\/orthodoxalbania.org\/2020\/\",\"logo\":{\"@type\":\"ImageObject\",\"inLanguage\":\"en-US\",\"@id\":\"https:\/\/orthodoxalbania.org\/2020\/#\/schema\/logo\/image\/\",\"url\":\"https:\/\/orthodoxalbania.org\/2020\/wp-content\/uploads\/2020\/05\/albania.jpeg\",\"contentUrl\":\"https:\/\/orthodoxalbania.org\/2020\/wp-content\/uploads\/2020\/05\/albania.jpeg\",\"width\":540,\"height\":540,\"caption\":\"Kisha Orthodhokse Autoqefale e Shqip\u00ebris\u00eb\"},\"image\":{\"@id\":\"https:\/\/orthodoxalbania.org\/2020\/#\/schema\/logo\/image\/\"},\"sameAs\":[\"https:\/\/www.facebook.com\/koash1991\"]},{\"@type\":\"Person\",\"@id\":\"https:\/\/orthodoxalbania.org\/2020\/#\/schema\/person\/0c387634a7063ac612d7ed9ce71c7e86\",\"name\":\"Kisha Orthodhokse\",\"image\":{\"@type\":\"ImageObject\",\"inLanguage\":\"en-US\",\"@id\":\"https:\/\/secure.gravatar.com\/avatar\/596e7c417251e30f2fbb9c00e026fce61a695a00e51c889caded71c96cbbdde5?s=96&d=mm&r=g\",\"url\":\"https:\/\/secure.gravatar.com\/avatar\/596e7c417251e30f2fbb9c00e026fce61a695a00e51c889caded71c96cbbdde5?s=96&d=mm&r=g\",\"contentUrl\":\"https:\/\/secure.gravatar.com\/avatar\/596e7c417251e30f2fbb9c00e026fce61a695a00e51c889caded71c96cbbdde5?s=96&d=mm&r=g\",\"caption\":\"Kisha Orthodhokse\"}}]}<\/script>\n<!-- \/ Yoast SEO plugin. -->","yoast_head_json":{"title":"Dhunohet s\u00ebrish kisha e Sh\u00ebn Athanasit dhe k\u00ebrc\u00ebnohet jeta e priftit - Kisha Orthodh\u03bfkse Autoqefale e Shqip\u00ebris\u00eb","robots":{"index":"index","follow":"follow","max-snippet":"max-snippet:-1","max-image-preview":"max-image-preview:large","max-video-preview":"max-video-preview:-1"},"canonical":"https:\/\/orthodoxalbania.org\/2020\/2015\/08\/21\/dhunohet-serish-kisha-e-shen-athanasit-dhe-kercenohet-jeta-e-priftit\/","og_locale":"en_US","og_type":"article","og_title":"Dhunohet s\u00ebrish kisha e Sh\u00ebn Athanasit dhe k\u00ebrc\u00ebnohet jeta e priftit - Kisha Orthodh\u03bfkse Autoqefale e Shqip\u00ebris\u00eb","og_description":"&nbsp; KISHA ORTHODHOKSE AUTOQEFALE E SHQIP\u00cbRIS\u00cb Zyra e Shtypit &nbsp; &nbsp;NJOFTIM P\u00cbR SHTYP &nbsp; &nbsp;Dhunohet s\u00ebrish kisha e Sh\u00ebn Athanasitdhe k\u00ebrc\u00ebnohet jeta e priftit &nbsp; &nbsp;&nbsp;&nbsp; Sot, e premte, 21 gusht 2015, nj\u00eb ngjarje edhe m\u00eb e r\u00ebnd\u00eb ndodhi n\u00eb Kish\u00ebn e hirshme t\u00eb Sh\u00ebn Athanasit n\u00eb Dh\u00ebrmi. Persona t\u00eb paidentifikuar dhe me makina pa targa, duke shfryt\u00ebzuar koh\u00ebn e drek\u00ebs, rr\u00ebzuan vandalisht mbules\u00ebn me","og_url":"https:\/\/orthodoxalbania.org\/2020\/2015\/08\/21\/dhunohet-serish-kisha-e-shen-athanasit-dhe-kercenohet-jeta-e-priftit\/","og_site_name":"Kisha Orthodh\u03bfkse Autoqefale e Shqip\u00ebris\u00eb","article_publisher":"https:\/\/www.facebook.com\/koash1991","article_published_time":"2015-08-21T18:49:46+00:00","article_modified_time":"2020-04-06T20:02:09+00:00","og_image":[{"width":150,"height":150,"url":"https:\/\/orthodoxalbania.org\/2020\/wp-content\/uploads\/2020\/04\/11866335_497031843805172_7695583574405966252_n_800x483.jpg","type":"image\/jpeg"}],"author":"Kisha Orthodhokse","twitter_card":"summary_large_image","twitter_misc":{"Written by":"Kisha Orthodhokse","Est. reading time":"2 minutes"},"schema":{"@context":"https:\/\/schema.org","@graph":[{"@type":"Article","@id":"https:\/\/orthodoxalbania.org\/2020\/2015\/08\/21\/dhunohet-serish-kisha-e-shen-athanasit-dhe-kercenohet-jeta-e-priftit\/#article","isPartOf":{"@id":"https:\/\/orthodoxalbania.org\/2020\/2015\/08\/21\/dhunohet-serish-kisha-e-shen-athanasit-dhe-kercenohet-jeta-e-priftit\/"},"author":{"name":"Kisha Orthodhokse","@id":"https:\/\/orthodoxalbania.org\/2020\/#\/schema\/person\/0c387634a7063ac612d7ed9ce71c7e86"},"headline":"Dhunohet s\u00ebrish kisha e Sh\u00ebn Athanasit dhe k\u00ebrc\u00ebnohet jeta e priftit","datePublished":"2015-08-21T18:49:46+00:00","dateModified":"2020-04-06T20:02:09+00:00","mainEntityOfPage":{"@id":"https:\/\/orthodoxalbania.org\/2020\/2015\/08\/21\/dhunohet-serish-kisha-e-shen-athanasit-dhe-kercenohet-jeta-e-priftit\/"},"wordCount":480,"commentCount":0,"publisher":{"@id":"https:\/\/orthodoxalbania.org\/2020\/#organization"},"image":{"@id":"https:\/\/orthodoxalbania.org\/2020\/2015\/08\/21\/dhunohet-serish-kisha-e-shen-athanasit-dhe-kercenohet-jeta-e-priftit\/#primaryimage"},"thumbnailUrl":"https:\/\/orthodoxalbania.org\/2020\/wp-content\/uploads\/2020\/04\/11866335_497031843805172_7695583574405966252_n_800x483.jpg","keywords":["2015","Kryepiskopata Tiran\u00eb","lajme","Mitropolia Gjirokast\u00ebr"],"articleSection":["Lajme"],"inLanguage":"en-US"},{"@type":"WebPage","@id":"https:\/\/orthodoxalbania.org\/2020\/2015\/08\/21\/dhunohet-serish-kisha-e-shen-athanasit-dhe-kercenohet-jeta-e-priftit\/","url":"https:\/\/orthodoxalbania.org\/2020\/2015\/08\/21\/dhunohet-serish-kisha-e-shen-athanasit-dhe-kercenohet-jeta-e-priftit\/","name":"Dhunohet s\u00ebrish kisha e Sh\u00ebn Athanasit dhe k\u00ebrc\u00ebnohet jeta e priftit - Kisha Orthodh\u03bfkse Autoqefale e Shqip\u00ebris\u00eb","isPartOf":{"@id":"https:\/\/orthodoxalbania.org\/2020\/#website"},"primaryImageOfPage":{"@id":"https:\/\/orthodoxalbania.org\/2020\/2015\/08\/21\/dhunohet-serish-kisha-e-shen-athanasit-dhe-kercenohet-jeta-e-priftit\/#primaryimage"},"image":{"@id":"https:\/\/orthodoxalbania.org\/2020\/2015\/08\/21\/dhunohet-serish-kisha-e-shen-athanasit-dhe-kercenohet-jeta-e-priftit\/#primaryimage"},"thumbnailUrl":"https:\/\/orthodoxalbania.org\/2020\/wp-content\/uploads\/2020\/04\/11866335_497031843805172_7695583574405966252_n_800x483.jpg","datePublished":"2015-08-21T18:49:46+00:00","dateModified":"2020-04-06T20:02:09+00:00","breadcrumb":{"@id":"https:\/\/orthodoxalbania.org\/2020\/2015\/08\/21\/dhunohet-serish-kisha-e-shen-athanasit-dhe-kercenohet-jeta-e-priftit\/#breadcrumb"},"inLanguage":"en-US","potentialAction":[{"@type":"ReadAction","target":["https:\/\/orthodoxalbania.org\/2020\/2015\/08\/21\/dhunohet-serish-kisha-e-shen-athanasit-dhe-kercenohet-jeta-e-priftit\/"]}]},{"@type":"ImageObject","inLanguage":"en-US","@id":"https:\/\/orthodoxalbania.org\/2020\/2015\/08\/21\/dhunohet-serish-kisha-e-shen-athanasit-dhe-kercenohet-jeta-e-priftit\/#primaryimage","url":"https:\/\/orthodoxalbania.org\/2020\/wp-content\/uploads\/2020\/04\/11866335_497031843805172_7695583574405966252_n_800x483.jpg","contentUrl":"https:\/\/orthodoxalbania.org\/2020\/wp-content\/uploads\/2020\/04\/11866335_497031843805172_7695583574405966252_n_800x483.jpg","width":150,"height":150},{"@type":"BreadcrumbList","@id":"https:\/\/orthodoxalbania.org\/2020\/2015\/08\/21\/dhunohet-serish-kisha-e-shen-athanasit-dhe-kercenohet-jeta-e-priftit\/#breadcrumb","itemListElement":[{"@type":"ListItem","position":1,"name":"Home","item":"https:\/\/orthodoxalbania.org\/2020\/"},{"@type":"ListItem","position":2,"name":"Dhunohet s\u00ebrish kisha e Sh\u00ebn Athanasit dhe k\u00ebrc\u00ebnohet jeta e priftit"}]},{"@type":"WebSite","@id":"https:\/\/orthodoxalbania.org\/2020\/#website","url":"https:\/\/orthodoxalbania.org\/2020\/","name":"Kisha Orthodh\u03bfkse Autoqefale e Shqip\u00ebris\u00eb","description":"Fqja Zyrtare e Kish\u00ebs Orthodhokse Autoqefale e Shqip\u00ebris\u00eb me lajmet edhe informacionet zyrtare p\u00ebr struktur\u00ebn edhe veprimtarin e saj.","publisher":{"@id":"https:\/\/orthodoxalbania.org\/2020\/#organization"},"potentialAction":[{"@type":"SearchAction","target":{"@type":"EntryPoint","urlTemplate":"https:\/\/orthodoxalbania.org\/2020\/?s={search_term_string}"},"query-input":{"@type":"PropertyValueSpecification","valueRequired":true,"valueName":"search_term_string"}}],"inLanguage":"en-US"},{"@type":"Organization","@id":"https:\/\/orthodoxalbania.org\/2020\/#organization","name":"Kisha Orthodhokse Autoqefale e Shqip\u00ebris\u00eb","url":"https:\/\/orthodoxalbania.org\/2020\/","logo":{"@type":"ImageObject","inLanguage":"en-US","@id":"https:\/\/orthodoxalbania.org\/2020\/#\/schema\/logo\/image\/","url":"https:\/\/orthodoxalbania.org\/2020\/wp-content\/uploads\/2020\/05\/albania.jpeg","contentUrl":"https:\/\/orthodoxalbania.org\/2020\/wp-content\/uploads\/2020\/05\/albania.jpeg","width":540,"height":540,"caption":"Kisha Orthodhokse Autoqefale e Shqip\u00ebris\u00eb"},"image":{"@id":"https:\/\/orthodoxalbania.org\/2020\/#\/schema\/logo\/image\/"},"sameAs":["https:\/\/www.facebook.com\/koash1991"]},{"@type":"Person","@id":"https:\/\/orthodoxalbania.org\/2020\/#\/schema\/person\/0c387634a7063ac612d7ed9ce71c7e86","name":"Kisha Orthodhokse","image":{"@type":"ImageObject","inLanguage":"en-US","@id":"https:\/\/secure.gravatar.com\/avatar\/596e7c417251e30f2fbb9c00e026fce61a695a00e51c889caded71c96cbbdde5?s=96&d=mm&r=g","url":"https:\/\/secure.gravatar.com\/avatar\/596e7c417251e30f2fbb9c00e026fce61a695a00e51c889caded71c96cbbdde5?s=96&d=mm&r=g","contentUrl":"https:\/\/secure.gravatar.com\/avatar\/596e7c417251e30f2fbb9c00e026fce61a695a00e51c889caded71c96cbbdde5?s=96&d=mm&r=g","caption":"Kisha Orthodhokse"}}]}},"_links":{"self":[{"href":"https:\/\/orthodoxalbania.org\/2020\/wp-json\/wp\/v2\/posts\/4122","targetHints":{"allow":["GET"]}}],"collection":[{"href":"https:\/\/orthodoxalbania.org\/2020\/wp-json\/wp\/v2\/posts"}],"about":[{"href":"https:\/\/orthodoxalbania.org\/2020\/wp-json\/wp\/v2\/types\/post"}],"author":[{"embeddable":true,"href":"https:\/\/orthodoxalbania.org\/2020\/wp-json\/wp\/v2\/users\/1"}],"replies":[{"embeddable":true,"href":"https:\/\/orthodoxalbania.org\/2020\/wp-json\/wp\/v2\/comments?post=4122"}],"version-history":[{"count":1,"href":"https:\/\/orthodoxalbania.org\/2020\/wp-json\/wp\/v2\/posts\/4122\/revisions"}],"predecessor-version":[{"id":14972,"href":"https:\/\/orthodoxalbania.org\/2020\/wp-json\/wp\/v2\/posts\/4122\/revisions\/14972"}],"wp:featuredmedia":[{"embeddable":true,"href":"https:\/\/orthodoxalbania.org\/2020\/wp-json\/wp\/v2\/media\/4123"}],"wp:attachment":[{"href":"https:\/\/orthodoxalbania.org\/2020\/wp-json\/wp\/v2\/media?parent=4122"}],"wp:term":[{"taxonomy":"category","embeddable":true,"href":"https:\/\/orthodoxalbania.org\/2020\/wp-json\/wp\/v2\/categories?post=4122"},{"taxonomy":"post_tag","embeddable":true,"href":"https:\/\/orthodoxalbania.org\/2020\/wp-json\/wp\/v2\/tags?post=4122"}],"curies":[{"name":"wp","href":"https:\/\/api.w.org\/{rel}","templated":true}]}}