{"id":4121,"date":"2015-08-21T11:38:36","date_gmt":"2015-08-21T11:38:36","guid":{"rendered":""},"modified":"2020-04-06T22:02:09","modified_gmt":"2020-04-06T20:02:09","slug":"ato-qe-thuhen-mbi-problemet-shendetesore-te-kryepiskopit-anastas-jane-trillime","status":"publish","type":"post","link":"https:\/\/orthodoxalbania.org\/2020\/2015\/08\/21\/ato-qe-thuhen-mbi-problemet-shendetesore-te-kryepiskopit-anastas-jane-trillime\/","title":{"rendered":"Ato q\u00eb thuhen mbi problemet sh\u00ebndet\u00ebsore t\u00eb Kryepiskopit Anastas jan\u00eb trillime."},"content":{"rendered":"<p style=\"text-align: center;\"><img class=\"lazyload\" decoding=\"async\" style=\"display: block; margin-left: auto; margin-right: auto;\" alt=\"\" src=\"data:image\/svg+xml,%3Csvg%20xmlns%3D%27http%3A%2F%2Fwww.w3.org%2F2000%2Fsvg%27%20width%3D%2756%27%20height%3D%2756%27%20viewBox%3D%270%200%2056%2056%27%3E%3Crect%20width%3D%2756%27%20height%3D%2756%27%20fill-opacity%3D%220%22%2F%3E%3C%2Fsvg%3E\" data-orig-src=\"https:\/\/lh4.googleusercontent.com\/-p6oTSlUmOrM\/U0UABsfjknI\/AAAAAAAAATs\/zlJeoFRksRE\/s577-no\/logo.png\" height=\"56\" width=\"56\" \/><\/p>\n<p style=\"text-align: center;\"><span style=\"font-size: 12pt; font-family: helvetica; color: #000000;\">KISHA ORTHODHOKSE AUTOQEFALE E SHQIP\u00cbRIS\u00cb<\/span><\/p>\n<p style=\"text-align: center;\">&nbsp;<\/p>\n<p style=\"text-align: center;\"><span style=\"color: #000000;\"><strong><span style=\"font-size: 12pt; font-family: helvetica;\">Ato q\u00eb thuhen mbi problemet sh\u00ebndet\u00ebsore t\u00eb Kryepiskopit Anastas jan\u00eb trillime.<\/span><\/strong><\/span><\/p>\n<p style=\"text-align: justify;\">&nbsp;<\/p>\n<p style=\"text-align: justify;\"><span style=\"font-size: 12pt; font-family: helvetica; color: #000000;\">&nbsp;&nbsp;&nbsp; Ato q\u00eb thuhen lidhur me problemet sh\u00ebndet\u00ebsore t\u00eb Kryepiskopit t\u00eb Tiran\u00ebs, Durr\u00ebsit dhe t\u00eb gjith\u00eb Shqip\u00ebris\u00eb, Fortlumturis\u00eb s\u00eb tij, Anastasit, jan\u00eb trillime, t\u00eb cilat qarkulluan koh\u00ebt e fundit nga nj\u00eb gazet\u00eb politike n\u00eb Shqip\u00ebri dhe m\u00eb von\u00eb u riprodhuan n\u00eb m\u00ebnyr\u00eb fragmentare nga disa rrjete sociale.<\/span><\/p>\n<p style=\"text-align: justify;\"><span style=\"font-size: 12pt; font-family: helvetica; color: #000000;\">&nbsp;&nbsp;&nbsp; \u00cbsht\u00eb p\u00ebr t\u2019u v\u00ebn\u00eb re se edhe n\u00eb vitet e m\u00ebparshme, gjat\u00eb muajit gusht, jan\u00eb nd\u00ebrmarr\u00eb sulme t\u00eb \u00e7uditshme ndaj Kish\u00ebs Orthodhokse Autoqefale t\u00eb Shqip\u00ebris\u00eb.<\/span><\/p>\n<p style=\"text-align: justify;\"><span style=\"font-size: 12pt; font-family: helvetica; color: #000000;\">&nbsp;&nbsp;&nbsp; Kryepiskopi Anastas \u00ebsht\u00eb p\u00ebrballur koh\u00ebt e fundit me nj\u00eb problem muskuloskeletal, i cili u kurua me fizioterapi. Ai ka kryer n\u00eb m\u00ebnyr\u00eb t\u00eb p\u00ebrs\u00ebritur Liturgji Hyjnore n\u00eb Tiran\u00eb (m\u00eb dt. 2, 6, 9, 16 gusht) si edhe p\u00ebr fest\u00ebn e Fjetjes s\u00eb Hyjlind\u00ebses, m\u00eb 15 gusht. Kryesoi mbledhjen e Sinodit t\u00eb Hirsh\u00ebm m\u00eb 3 gusht, asamblen\u00eb e klerik\u00ebve t\u00eb zon\u00ebs s\u00eb Kryepiskopat\u00ebs s\u00eb Tiran\u00ebs m\u00eb 11 gusht nd\u00ebrkoh\u00eb q\u00eb, m\u00eb 10 gusht, vizitoi edhe vepr\u00ebn e r\u00ebnd\u00ebsishme hidroelektrike t\u00eb Kish\u00ebs s\u00eb Shqip\u00ebris\u00eb n\u00eb qytetin e Librazhdit.<\/span><\/p>\n<p style=\"text-align: right;\">&nbsp;<\/p>\n<p style=\"text-align: right;\"><span style=\"font-size: 12pt; font-family: helvetica; color: #000000;\">Nga Kryepiskopata e Hirshme, 20 gusht 2015<\/span><\/p>\n<p style=\"text-align: right;\">&nbsp;<\/p>\n<p><img class=\"lazyload\" decoding=\"async\" style=\"margin-top: 10px; border: 1px solid #000000; display: block; margin-left: auto; margin-right: auto;\" alt=\"\" src=\"data:image\/svg+xml,%3Csvg%20xmlns%3D%27http%3A%2F%2Fwww.w3.org%2F2000%2Fsvg%27%20width%3D%27450%27%20height%3D%27300%27%20viewBox%3D%270%200%20450%20300%27%3E%3Crect%20width%3D%27450%27%20height%3D%27300%27%20fill-opacity%3D%220%22%2F%3E%3C%2Fsvg%3E\" data-orig-src=\"https:\/\/lh3.googleusercontent.com\/-j5FKBzX2hYI\/VdZHbLfdb1I\/AAAAAAAAOLY\/yYWYfdRfT4g\/w800-h533-no\/3_800x533_800x533.JPG\" height=\"300\" width=\"450\" \/><\/p>\n<p><img class=\"lazyload\" decoding=\"async\" style=\"margin: 10px auto; border: 1px solid #000000; display: block;\" alt=\"\" src=\"data:image\/svg+xml,%3Csvg%20xmlns%3D%27http%3A%2F%2Fwww.w3.org%2F2000%2Fsvg%27%20width%3D%27450%27%20height%3D%27357%27%20viewBox%3D%270%200%20450%20357%27%3E%3Crect%20width%3D%27450%27%20height%3D%27357%27%20fill-opacity%3D%220%22%2F%3E%3C%2Fsvg%3E\" data-orig-src=\"https:\/\/lh4.googleusercontent.com\/-f0LZ-IZ7OsY\/VcRLY8S1GHI\/AAAAAAAAOJI\/5YXRq_tTmKQ\/w957-h760-no\/11059627_491506897691000_6599945201920371939_n.jpg\" height=\"357\" width=\"450\" \/><\/p>\n<p><img class=\"lazyload\" decoding=\"async\" style=\"margin: 10px auto; border: 1px solid #000000; display: block;\" alt=\"\" src=\"data:image\/svg+xml,%3Csvg%20xmlns%3D%27http%3A%2F%2Fwww.w3.org%2F2000%2Fsvg%27%20width%3D%27450%27%20height%3D%27300%27%20viewBox%3D%270%200%20450%20300%27%3E%3Crect%20width%3D%27450%27%20height%3D%27300%27%20fill-opacity%3D%220%22%2F%3E%3C%2Fsvg%3E\" data-orig-src=\"https:\/\/lh6.googleusercontent.com\/--dcC1nsAfSE\/VcRLY14HxOI\/AAAAAAAAOJM\/KRUP2g5SBws\/w958-h639-no\/11222178_491506924357664_36157293108583567_n.jpg\" height=\"300\" width=\"450\" \/><\/p>\n<p><img class=\"lazyload\" decoding=\"async\" style=\"margin: 10px auto; border: 1px solid #000000; display: block;\" alt=\"\" src=\"data:image\/svg+xml,%3Csvg%20xmlns%3D%27http%3A%2F%2Fwww.w3.org%2F2000%2Fsvg%27%20width%3D%27450%27%20height%3D%27675%27%20viewBox%3D%270%200%20450%20675%27%3E%3Crect%20width%3D%27450%27%20height%3D%27675%27%20fill-opacity%3D%220%22%2F%3E%3C%2Fsvg%3E\" data-orig-src=\"https:\/\/lh5.googleusercontent.com\/-4H9Y7WlErpg\/VcRLbwz84GI\/AAAAAAAAOI4\/X8vwhL0E6_U\/w549-h823-no\/11855765_491506894357667_2074110330316831150_n.jpg\" height=\"675\" width=\"450\" \/><\/p>\n","protected":false},"excerpt":{"rendered":"<p>KISHA ORTHODHOKSE AUTOQEFALE E SHQIP\u00cbRIS\u00cb &nbsp; Ato q\u00eb thuhen mbi problemet sh\u00ebndet\u00ebsore t\u00eb Kryepiskopit Anastas jan\u00eb trillime. &nbsp; &nbsp;&nbsp;&nbsp; Ato q\u00eb thuhen lidhur me problemet sh\u00ebndet\u00ebsore t\u00eb Kryepiskopit t\u00eb Tiran\u00ebs, Durr\u00ebsit dhe t\u00eb gjith\u00eb Shqip\u00ebris\u00eb, Fortlumturis\u00eb s\u00eb tij, Anastasit, jan\u00eb trillime, t\u00eb cilat qarkulluan koh\u00ebt e fundit nga nj\u00eb gazet\u00eb politike n\u00eb Shqip\u00ebri dhe m\u00eb von\u00eb u riprodhuan n\u00eb m\u00ebnyr\u00eb fragmentare nga disa rrjete sociale.<\/p>\n","protected":false},"author":1,"featured_media":4120,"comment_status":"open","ping_status":"open","sticky":false,"template":"","format":"standard","meta":{"_acf_changed":false,"pagelayer_contact_templates":[],"_pagelayer_content":"","inline_featured_image":false,"fifu_image_url":"","fifu_image_alt":"","footnotes":""},"categories":[108],"tags":[139,196,201,212],"class_list":["post-4121","post","type-post","status-publish","format-standard","has-post-thumbnail","hentry","category-lajme","tag-139","tag-tirane","tag-kryepiskopi-anastas","tag-lajme-d27"],"acf":[],"yoast_head":"<!-- This site is optimized with the Yoast SEO plugin v27.2 - https:\/\/yoast.com\/product\/yoast-seo-wordpress\/ -->\n<title>Ato q\u00eb thuhen mbi problemet sh\u00ebndet\u00ebsore t\u00eb Kryepiskopit Anastas jan\u00eb trillime. - Kisha Orthodh\u03bfkse Autoqefale e Shqip\u00ebris\u00eb<\/title>\n<meta name=\"robots\" content=\"index, follow, max-snippet:-1, max-image-preview:large, max-video-preview:-1\" \/>\n<link rel=\"canonical\" href=\"https:\/\/orthodoxalbania.org\/2020\/2015\/08\/21\/ato-qe-thuhen-mbi-problemet-shendetesore-te-kryepiskopit-anastas-jane-trillime\/\" \/>\n<meta property=\"og:locale\" content=\"en_US\" \/>\n<meta property=\"og:type\" content=\"article\" \/>\n<meta property=\"og:title\" content=\"Ato q\u00eb thuhen mbi problemet sh\u00ebndet\u00ebsore t\u00eb Kryepiskopit Anastas jan\u00eb trillime. - Kisha Orthodh\u03bfkse Autoqefale e Shqip\u00ebris\u00eb\" \/>\n<meta property=\"og:description\" content=\"KISHA ORTHODHOKSE AUTOQEFALE E SHQIP\u00cbRIS\u00cb &nbsp; Ato q\u00eb thuhen mbi problemet sh\u00ebndet\u00ebsore t\u00eb Kryepiskopit Anastas jan\u00eb trillime. &nbsp; &nbsp;&nbsp;&nbsp; Ato q\u00eb thuhen lidhur me problemet sh\u00ebndet\u00ebsore t\u00eb Kryepiskopit t\u00eb Tiran\u00ebs, Durr\u00ebsit dhe t\u00eb gjith\u00eb Shqip\u00ebris\u00eb, Fortlumturis\u00eb s\u00eb tij, Anastasit, jan\u00eb trillime, t\u00eb cilat qarkulluan koh\u00ebt e fundit nga nj\u00eb gazet\u00eb politike n\u00eb Shqip\u00ebri dhe m\u00eb von\u00eb u riprodhuan n\u00eb m\u00ebnyr\u00eb fragmentare nga disa rrjete sociale.\" \/>\n<meta property=\"og:url\" content=\"https:\/\/orthodoxalbania.org\/2020\/2015\/08\/21\/ato-qe-thuhen-mbi-problemet-shendetesore-te-kryepiskopit-anastas-jane-trillime\/\" \/>\n<meta property=\"og:site_name\" content=\"Kisha Orthodh\u03bfkse Autoqefale e Shqip\u00ebris\u00eb\" \/>\n<meta property=\"article:publisher\" content=\"https:\/\/www.facebook.com\/koash1991\" \/>\n<meta property=\"article:published_time\" content=\"2015-08-21T11:38:36+00:00\" \/>\n<meta property=\"article:modified_time\" content=\"2020-04-06T20:02:09+00:00\" \/>\n<meta property=\"og:image\" content=\"https:\/\/orthodoxalbania.org\/2020\/wp-content\/uploads\/2020\/04\/3_800x533_800x533.JPG\" \/>\n\t<meta property=\"og:image:width\" content=\"150\" \/>\n\t<meta property=\"og:image:height\" content=\"150\" \/>\n\t<meta property=\"og:image:type\" content=\"image\/jpeg\" \/>\n<meta name=\"author\" content=\"Kisha Orthodhokse\" \/>\n<meta name=\"twitter:card\" content=\"summary_large_image\" \/>\n<meta name=\"twitter:label1\" content=\"Written by\" \/>\n\t<meta name=\"twitter:data1\" content=\"Kisha Orthodhokse\" \/>\n\t<meta name=\"twitter:label2\" content=\"Est. reading time\" \/>\n\t<meta name=\"twitter:data2\" content=\"1 minute\" \/>\n<script type=\"application\/ld+json\" class=\"yoast-schema-graph\">{\"@context\":\"https:\/\/schema.org\",\"@graph\":[{\"@type\":\"Article\",\"@id\":\"https:\/\/orthodoxalbania.org\/2020\/2015\/08\/21\/ato-qe-thuhen-mbi-problemet-shendetesore-te-kryepiskopit-anastas-jane-trillime\/#article\",\"isPartOf\":{\"@id\":\"https:\/\/orthodoxalbania.org\/2020\/2015\/08\/21\/ato-qe-thuhen-mbi-problemet-shendetesore-te-kryepiskopit-anastas-jane-trillime\/\"},\"author\":{\"name\":\"Kisha Orthodhokse\",\"@id\":\"https:\/\/orthodoxalbania.org\/2020\/#\/schema\/person\/0c387634a7063ac612d7ed9ce71c7e86\"},\"headline\":\"Ato q\u00eb thuhen mbi problemet sh\u00ebndet\u00ebsore t\u00eb Kryepiskopit Anastas jan\u00eb trillime.\",\"datePublished\":\"2015-08-21T11:38:36+00:00\",\"dateModified\":\"2020-04-06T20:02:09+00:00\",\"mainEntityOfPage\":{\"@id\":\"https:\/\/orthodoxalbania.org\/2020\/2015\/08\/21\/ato-qe-thuhen-mbi-problemet-shendetesore-te-kryepiskopit-anastas-jane-trillime\/\"},\"wordCount\":233,\"commentCount\":0,\"publisher\":{\"@id\":\"https:\/\/orthodoxalbania.org\/2020\/#organization\"},\"image\":{\"@id\":\"https:\/\/orthodoxalbania.org\/2020\/2015\/08\/21\/ato-qe-thuhen-mbi-problemet-shendetesore-te-kryepiskopit-anastas-jane-trillime\/#primaryimage\"},\"thumbnailUrl\":\"https:\/\/orthodoxalbania.org\/2020\/wp-content\/uploads\/2020\/04\/3_800x533_800x533.JPG\",\"keywords\":[\"2015\",\"Kryepiskopata Tiran\u00eb\",\"Kryepiskopi Anastas\",\"lajme\"],\"articleSection\":[\"Lajme\"],\"inLanguage\":\"en-US\"},{\"@type\":\"WebPage\",\"@id\":\"https:\/\/orthodoxalbania.org\/2020\/2015\/08\/21\/ato-qe-thuhen-mbi-problemet-shendetesore-te-kryepiskopit-anastas-jane-trillime\/\",\"url\":\"https:\/\/orthodoxalbania.org\/2020\/2015\/08\/21\/ato-qe-thuhen-mbi-problemet-shendetesore-te-kryepiskopit-anastas-jane-trillime\/\",\"name\":\"Ato q\u00eb thuhen mbi problemet sh\u00ebndet\u00ebsore t\u00eb Kryepiskopit Anastas jan\u00eb trillime. - Kisha Orthodh\u03bfkse Autoqefale e Shqip\u00ebris\u00eb\",\"isPartOf\":{\"@id\":\"https:\/\/orthodoxalbania.org\/2020\/#website\"},\"primaryImageOfPage\":{\"@id\":\"https:\/\/orthodoxalbania.org\/2020\/2015\/08\/21\/ato-qe-thuhen-mbi-problemet-shendetesore-te-kryepiskopit-anastas-jane-trillime\/#primaryimage\"},\"image\":{\"@id\":\"https:\/\/orthodoxalbania.org\/2020\/2015\/08\/21\/ato-qe-thuhen-mbi-problemet-shendetesore-te-kryepiskopit-anastas-jane-trillime\/#primaryimage\"},\"thumbnailUrl\":\"https:\/\/orthodoxalbania.org\/2020\/wp-content\/uploads\/2020\/04\/3_800x533_800x533.JPG\",\"datePublished\":\"2015-08-21T11:38:36+00:00\",\"dateModified\":\"2020-04-06T20:02:09+00:00\",\"breadcrumb\":{\"@id\":\"https:\/\/orthodoxalbania.org\/2020\/2015\/08\/21\/ato-qe-thuhen-mbi-problemet-shendetesore-te-kryepiskopit-anastas-jane-trillime\/#breadcrumb\"},\"inLanguage\":\"en-US\",\"potentialAction\":[{\"@type\":\"ReadAction\",\"target\":[\"https:\/\/orthodoxalbania.org\/2020\/2015\/08\/21\/ato-qe-thuhen-mbi-problemet-shendetesore-te-kryepiskopit-anastas-jane-trillime\/\"]}]},{\"@type\":\"ImageObject\",\"inLanguage\":\"en-US\",\"@id\":\"https:\/\/orthodoxalbania.org\/2020\/2015\/08\/21\/ato-qe-thuhen-mbi-problemet-shendetesore-te-kryepiskopit-anastas-jane-trillime\/#primaryimage\",\"url\":\"https:\/\/orthodoxalbania.org\/2020\/wp-content\/uploads\/2020\/04\/3_800x533_800x533.JPG\",\"contentUrl\":\"https:\/\/orthodoxalbania.org\/2020\/wp-content\/uploads\/2020\/04\/3_800x533_800x533.JPG\",\"width\":150,\"height\":150},{\"@type\":\"BreadcrumbList\",\"@id\":\"https:\/\/orthodoxalbania.org\/2020\/2015\/08\/21\/ato-qe-thuhen-mbi-problemet-shendetesore-te-kryepiskopit-anastas-jane-trillime\/#breadcrumb\",\"itemListElement\":[{\"@type\":\"ListItem\",\"position\":1,\"name\":\"Home\",\"item\":\"https:\/\/orthodoxalbania.org\/2020\/\"},{\"@type\":\"ListItem\",\"position\":2,\"name\":\"Ato q\u00eb thuhen mbi problemet sh\u00ebndet\u00ebsore t\u00eb Kryepiskopit Anastas jan\u00eb trillime.\"}]},{\"@type\":\"WebSite\",\"@id\":\"https:\/\/orthodoxalbania.org\/2020\/#website\",\"url\":\"https:\/\/orthodoxalbania.org\/2020\/\",\"name\":\"Kisha Orthodh\u03bfkse Autoqefale e Shqip\u00ebris\u00eb\",\"description\":\"Fqja Zyrtare e Kish\u00ebs Orthodhokse Autoqefale e Shqip\u00ebris\u00eb me lajmet edhe informacionet zyrtare p\u00ebr struktur\u00ebn edhe veprimtarin e saj.\",\"publisher\":{\"@id\":\"https:\/\/orthodoxalbania.org\/2020\/#organization\"},\"potentialAction\":[{\"@type\":\"SearchAction\",\"target\":{\"@type\":\"EntryPoint\",\"urlTemplate\":\"https:\/\/orthodoxalbania.org\/2020\/?s={search_term_string}\"},\"query-input\":{\"@type\":\"PropertyValueSpecification\",\"valueRequired\":true,\"valueName\":\"search_term_string\"}}],\"inLanguage\":\"en-US\"},{\"@type\":\"Organization\",\"@id\":\"https:\/\/orthodoxalbania.org\/2020\/#organization\",\"name\":\"Kisha Orthodhokse Autoqefale e Shqip\u00ebris\u00eb\",\"url\":\"https:\/\/orthodoxalbania.org\/2020\/\",\"logo\":{\"@type\":\"ImageObject\",\"inLanguage\":\"en-US\",\"@id\":\"https:\/\/orthodoxalbania.org\/2020\/#\/schema\/logo\/image\/\",\"url\":\"https:\/\/orthodoxalbania.org\/2020\/wp-content\/uploads\/2020\/05\/albania.jpeg\",\"contentUrl\":\"https:\/\/orthodoxalbania.org\/2020\/wp-content\/uploads\/2020\/05\/albania.jpeg\",\"width\":540,\"height\":540,\"caption\":\"Kisha Orthodhokse Autoqefale e Shqip\u00ebris\u00eb\"},\"image\":{\"@id\":\"https:\/\/orthodoxalbania.org\/2020\/#\/schema\/logo\/image\/\"},\"sameAs\":[\"https:\/\/www.facebook.com\/koash1991\"]},{\"@type\":\"Person\",\"@id\":\"https:\/\/orthodoxalbania.org\/2020\/#\/schema\/person\/0c387634a7063ac612d7ed9ce71c7e86\",\"name\":\"Kisha Orthodhokse\",\"image\":{\"@type\":\"ImageObject\",\"inLanguage\":\"en-US\",\"@id\":\"https:\/\/secure.gravatar.com\/avatar\/596e7c417251e30f2fbb9c00e026fce61a695a00e51c889caded71c96cbbdde5?s=96&d=mm&r=g\",\"url\":\"https:\/\/secure.gravatar.com\/avatar\/596e7c417251e30f2fbb9c00e026fce61a695a00e51c889caded71c96cbbdde5?s=96&d=mm&r=g\",\"contentUrl\":\"https:\/\/secure.gravatar.com\/avatar\/596e7c417251e30f2fbb9c00e026fce61a695a00e51c889caded71c96cbbdde5?s=96&d=mm&r=g\",\"caption\":\"Kisha Orthodhokse\"}}]}<\/script>\n<!-- \/ Yoast SEO plugin. -->","yoast_head_json":{"title":"Ato q\u00eb thuhen mbi problemet sh\u00ebndet\u00ebsore t\u00eb Kryepiskopit Anastas jan\u00eb trillime. - Kisha Orthodh\u03bfkse Autoqefale e Shqip\u00ebris\u00eb","robots":{"index":"index","follow":"follow","max-snippet":"max-snippet:-1","max-image-preview":"max-image-preview:large","max-video-preview":"max-video-preview:-1"},"canonical":"https:\/\/orthodoxalbania.org\/2020\/2015\/08\/21\/ato-qe-thuhen-mbi-problemet-shendetesore-te-kryepiskopit-anastas-jane-trillime\/","og_locale":"en_US","og_type":"article","og_title":"Ato q\u00eb thuhen mbi problemet sh\u00ebndet\u00ebsore t\u00eb Kryepiskopit Anastas jan\u00eb trillime. - Kisha Orthodh\u03bfkse Autoqefale e Shqip\u00ebris\u00eb","og_description":"KISHA ORTHODHOKSE AUTOQEFALE E SHQIP\u00cbRIS\u00cb &nbsp; Ato q\u00eb thuhen mbi problemet sh\u00ebndet\u00ebsore t\u00eb Kryepiskopit Anastas jan\u00eb trillime. &nbsp; &nbsp;&nbsp;&nbsp; Ato q\u00eb thuhen lidhur me problemet sh\u00ebndet\u00ebsore t\u00eb Kryepiskopit t\u00eb Tiran\u00ebs, Durr\u00ebsit dhe t\u00eb gjith\u00eb Shqip\u00ebris\u00eb, Fortlumturis\u00eb s\u00eb tij, Anastasit, jan\u00eb trillime, t\u00eb cilat qarkulluan koh\u00ebt e fundit nga nj\u00eb gazet\u00eb politike n\u00eb Shqip\u00ebri dhe m\u00eb von\u00eb u riprodhuan n\u00eb m\u00ebnyr\u00eb fragmentare nga disa rrjete sociale.","og_url":"https:\/\/orthodoxalbania.org\/2020\/2015\/08\/21\/ato-qe-thuhen-mbi-problemet-shendetesore-te-kryepiskopit-anastas-jane-trillime\/","og_site_name":"Kisha Orthodh\u03bfkse Autoqefale e Shqip\u00ebris\u00eb","article_publisher":"https:\/\/www.facebook.com\/koash1991","article_published_time":"2015-08-21T11:38:36+00:00","article_modified_time":"2020-04-06T20:02:09+00:00","og_image":[{"width":150,"height":150,"url":"https:\/\/orthodoxalbania.org\/2020\/wp-content\/uploads\/2020\/04\/3_800x533_800x533.JPG","type":"image\/jpeg"}],"author":"Kisha Orthodhokse","twitter_card":"summary_large_image","twitter_misc":{"Written by":"Kisha Orthodhokse","Est. reading time":"1 minute"},"schema":{"@context":"https:\/\/schema.org","@graph":[{"@type":"Article","@id":"https:\/\/orthodoxalbania.org\/2020\/2015\/08\/21\/ato-qe-thuhen-mbi-problemet-shendetesore-te-kryepiskopit-anastas-jane-trillime\/#article","isPartOf":{"@id":"https:\/\/orthodoxalbania.org\/2020\/2015\/08\/21\/ato-qe-thuhen-mbi-problemet-shendetesore-te-kryepiskopit-anastas-jane-trillime\/"},"author":{"name":"Kisha Orthodhokse","@id":"https:\/\/orthodoxalbania.org\/2020\/#\/schema\/person\/0c387634a7063ac612d7ed9ce71c7e86"},"headline":"Ato q\u00eb thuhen mbi problemet sh\u00ebndet\u00ebsore t\u00eb Kryepiskopit Anastas jan\u00eb trillime.","datePublished":"2015-08-21T11:38:36+00:00","dateModified":"2020-04-06T20:02:09+00:00","mainEntityOfPage":{"@id":"https:\/\/orthodoxalbania.org\/2020\/2015\/08\/21\/ato-qe-thuhen-mbi-problemet-shendetesore-te-kryepiskopit-anastas-jane-trillime\/"},"wordCount":233,"commentCount":0,"publisher":{"@id":"https:\/\/orthodoxalbania.org\/2020\/#organization"},"image":{"@id":"https:\/\/orthodoxalbania.org\/2020\/2015\/08\/21\/ato-qe-thuhen-mbi-problemet-shendetesore-te-kryepiskopit-anastas-jane-trillime\/#primaryimage"},"thumbnailUrl":"https:\/\/orthodoxalbania.org\/2020\/wp-content\/uploads\/2020\/04\/3_800x533_800x533.JPG","keywords":["2015","Kryepiskopata Tiran\u00eb","Kryepiskopi Anastas","lajme"],"articleSection":["Lajme"],"inLanguage":"en-US"},{"@type":"WebPage","@id":"https:\/\/orthodoxalbania.org\/2020\/2015\/08\/21\/ato-qe-thuhen-mbi-problemet-shendetesore-te-kryepiskopit-anastas-jane-trillime\/","url":"https:\/\/orthodoxalbania.org\/2020\/2015\/08\/21\/ato-qe-thuhen-mbi-problemet-shendetesore-te-kryepiskopit-anastas-jane-trillime\/","name":"Ato q\u00eb thuhen mbi problemet sh\u00ebndet\u00ebsore t\u00eb Kryepiskopit Anastas jan\u00eb trillime. - Kisha Orthodh\u03bfkse Autoqefale e Shqip\u00ebris\u00eb","isPartOf":{"@id":"https:\/\/orthodoxalbania.org\/2020\/#website"},"primaryImageOfPage":{"@id":"https:\/\/orthodoxalbania.org\/2020\/2015\/08\/21\/ato-qe-thuhen-mbi-problemet-shendetesore-te-kryepiskopit-anastas-jane-trillime\/#primaryimage"},"image":{"@id":"https:\/\/orthodoxalbania.org\/2020\/2015\/08\/21\/ato-qe-thuhen-mbi-problemet-shendetesore-te-kryepiskopit-anastas-jane-trillime\/#primaryimage"},"thumbnailUrl":"https:\/\/orthodoxalbania.org\/2020\/wp-content\/uploads\/2020\/04\/3_800x533_800x533.JPG","datePublished":"2015-08-21T11:38:36+00:00","dateModified":"2020-04-06T20:02:09+00:00","breadcrumb":{"@id":"https:\/\/orthodoxalbania.org\/2020\/2015\/08\/21\/ato-qe-thuhen-mbi-problemet-shendetesore-te-kryepiskopit-anastas-jane-trillime\/#breadcrumb"},"inLanguage":"en-US","potentialAction":[{"@type":"ReadAction","target":["https:\/\/orthodoxalbania.org\/2020\/2015\/08\/21\/ato-qe-thuhen-mbi-problemet-shendetesore-te-kryepiskopit-anastas-jane-trillime\/"]}]},{"@type":"ImageObject","inLanguage":"en-US","@id":"https:\/\/orthodoxalbania.org\/2020\/2015\/08\/21\/ato-qe-thuhen-mbi-problemet-shendetesore-te-kryepiskopit-anastas-jane-trillime\/#primaryimage","url":"https:\/\/orthodoxalbania.org\/2020\/wp-content\/uploads\/2020\/04\/3_800x533_800x533.JPG","contentUrl":"https:\/\/orthodoxalbania.org\/2020\/wp-content\/uploads\/2020\/04\/3_800x533_800x533.JPG","width":150,"height":150},{"@type":"BreadcrumbList","@id":"https:\/\/orthodoxalbania.org\/2020\/2015\/08\/21\/ato-qe-thuhen-mbi-problemet-shendetesore-te-kryepiskopit-anastas-jane-trillime\/#breadcrumb","itemListElement":[{"@type":"ListItem","position":1,"name":"Home","item":"https:\/\/orthodoxalbania.org\/2020\/"},{"@type":"ListItem","position":2,"name":"Ato q\u00eb thuhen mbi problemet sh\u00ebndet\u00ebsore t\u00eb Kryepiskopit Anastas jan\u00eb trillime."}]},{"@type":"WebSite","@id":"https:\/\/orthodoxalbania.org\/2020\/#website","url":"https:\/\/orthodoxalbania.org\/2020\/","name":"Kisha Orthodh\u03bfkse Autoqefale e Shqip\u00ebris\u00eb","description":"Fqja Zyrtare e Kish\u00ebs Orthodhokse Autoqefale e Shqip\u00ebris\u00eb me lajmet edhe informacionet zyrtare p\u00ebr struktur\u00ebn edhe veprimtarin e saj.","publisher":{"@id":"https:\/\/orthodoxalbania.org\/2020\/#organization"},"potentialAction":[{"@type":"SearchAction","target":{"@type":"EntryPoint","urlTemplate":"https:\/\/orthodoxalbania.org\/2020\/?s={search_term_string}"},"query-input":{"@type":"PropertyValueSpecification","valueRequired":true,"valueName":"search_term_string"}}],"inLanguage":"en-US"},{"@type":"Organization","@id":"https:\/\/orthodoxalbania.org\/2020\/#organization","name":"Kisha Orthodhokse Autoqefale e Shqip\u00ebris\u00eb","url":"https:\/\/orthodoxalbania.org\/2020\/","logo":{"@type":"ImageObject","inLanguage":"en-US","@id":"https:\/\/orthodoxalbania.org\/2020\/#\/schema\/logo\/image\/","url":"https:\/\/orthodoxalbania.org\/2020\/wp-content\/uploads\/2020\/05\/albania.jpeg","contentUrl":"https:\/\/orthodoxalbania.org\/2020\/wp-content\/uploads\/2020\/05\/albania.jpeg","width":540,"height":540,"caption":"Kisha Orthodhokse Autoqefale e Shqip\u00ebris\u00eb"},"image":{"@id":"https:\/\/orthodoxalbania.org\/2020\/#\/schema\/logo\/image\/"},"sameAs":["https:\/\/www.facebook.com\/koash1991"]},{"@type":"Person","@id":"https:\/\/orthodoxalbania.org\/2020\/#\/schema\/person\/0c387634a7063ac612d7ed9ce71c7e86","name":"Kisha Orthodhokse","image":{"@type":"ImageObject","inLanguage":"en-US","@id":"https:\/\/secure.gravatar.com\/avatar\/596e7c417251e30f2fbb9c00e026fce61a695a00e51c889caded71c96cbbdde5?s=96&d=mm&r=g","url":"https:\/\/secure.gravatar.com\/avatar\/596e7c417251e30f2fbb9c00e026fce61a695a00e51c889caded71c96cbbdde5?s=96&d=mm&r=g","contentUrl":"https:\/\/secure.gravatar.com\/avatar\/596e7c417251e30f2fbb9c00e026fce61a695a00e51c889caded71c96cbbdde5?s=96&d=mm&r=g","caption":"Kisha Orthodhokse"}}]}},"_links":{"self":[{"href":"https:\/\/orthodoxalbania.org\/2020\/wp-json\/wp\/v2\/posts\/4121","targetHints":{"allow":["GET"]}}],"collection":[{"href":"https:\/\/orthodoxalbania.org\/2020\/wp-json\/wp\/v2\/posts"}],"about":[{"href":"https:\/\/orthodoxalbania.org\/2020\/wp-json\/wp\/v2\/types\/post"}],"author":[{"embeddable":true,"href":"https:\/\/orthodoxalbania.org\/2020\/wp-json\/wp\/v2\/users\/1"}],"replies":[{"embeddable":true,"href":"https:\/\/orthodoxalbania.org\/2020\/wp-json\/wp\/v2\/comments?post=4121"}],"version-history":[{"count":1,"href":"https:\/\/orthodoxalbania.org\/2020\/wp-json\/wp\/v2\/posts\/4121\/revisions"}],"predecessor-version":[{"id":14973,"href":"https:\/\/orthodoxalbania.org\/2020\/wp-json\/wp\/v2\/posts\/4121\/revisions\/14973"}],"wp:featuredmedia":[{"embeddable":true,"href":"https:\/\/orthodoxalbania.org\/2020\/wp-json\/wp\/v2\/media\/4120"}],"wp:attachment":[{"href":"https:\/\/orthodoxalbania.org\/2020\/wp-json\/wp\/v2\/media?parent=4121"}],"wp:term":[{"taxonomy":"category","embeddable":true,"href":"https:\/\/orthodoxalbania.org\/2020\/wp-json\/wp\/v2\/categories?post=4121"},{"taxonomy":"post_tag","embeddable":true,"href":"https:\/\/orthodoxalbania.org\/2020\/wp-json\/wp\/v2\/tags?post=4121"}],"curies":[{"name":"wp","href":"https:\/\/api.w.org\/{rel}","templated":true}]}}