{"id":4117,"date":"2015-08-20T20:24:34","date_gmt":"2015-08-20T20:24:34","guid":{"rendered":""},"modified":"2020-04-06T22:02:09","modified_gmt":"2020-04-06T20:02:09","slug":"njoftim-per-shtyp-incident-dhunohet-kisha-e-sh-athanasit-ne-dhermi","status":"publish","type":"post","link":"https:\/\/orthodoxalbania.org\/2020\/2015\/08\/20\/njoftim-per-shtyp-incident-dhunohet-kisha-e-sh-athanasit-ne-dhermi\/","title":{"rendered":"Njoftim p\u00ebr shtyp &#8211; Incident, dhunohet kisha e sh. Athanasit n\u00eb Dh\u00ebrmi"},"content":{"rendered":"<p style=\"text-align: center;\"><img class=\"lazyload\" decoding=\"async\" style=\"margin-left: auto; margin-right: auto;\" alt=\"\" src=\"data:image\/svg+xml,%3Csvg%20xmlns%3D%27http%3A%2F%2Fwww.w3.org%2F2000%2Fsvg%27%20width%3D%2753%27%20height%3D%2753%27%20viewBox%3D%270%200%2053%2053%27%3E%3Crect%20width%3D%2753%27%20height%3D%2753%27%20fill-opacity%3D%220%22%2F%3E%3C%2Fsvg%3E\" data-orig-src=\"https:\/\/lh4.googleusercontent.com\/-p6oTSlUmOrM\/U0UABsfjknI\/AAAAAAAAATs\/zlJeoFRksRE\/s577-no\/logo.png\" height=\"53\" width=\"53\" \/><\/p>\n<p style=\"text-align: center;\"><span style=\"color: #000000;\"><strong><span style=\"font-size: 12pt; font-family: helvetica;\">Kisha Orthodhokse Autoqefale e Shqip\u00ebris\u00eb<\/span><\/strong><\/span><\/p>\n<p style=\"text-align: center;\"><span style=\"color: #000000;\"><strong><span style=\"font-size: 12pt; font-family: helvetica;\">Zyra e shtypit<\/span><\/strong><\/span><\/p>\n<p style=\"text-align: center;\">&nbsp;<\/p>\n<p style=\"text-align: center;\"><span style=\"color: #000000;\"><strong><span style=\"font-size: 12pt; font-family: helvetica;\">Njoftim p\u00ebr shtyp<\/span><\/strong><\/span><\/p>\n<p style=\"text-align: justify;\">&nbsp;<\/p>\n<p style=\"text-align: justify;\"><span style=\"font-size: 12pt; font-family: helvetica; color: #000000;\">&nbsp; &nbsp; Sot, dt. 20 gusht 2015, n\u00eb qytez\u00ebn e Dh\u00ebrmiut, n\u00eb Himar\u00eb, komuniteti lokal i besimtar\u00ebve Orthodhoks\u00eb, n\u00eb periudh\u00ebn festive t\u00eb s\u00eb Kremtes s\u00eb T\u00ebr\u00ebshenjt\u00ebs Mari, u provokua nga nj\u00eb incident i r\u00ebnd\u00eb, shkaktuar nga struktura t\u00eb pushtetit lokal me mb\u00ebshtetjen e organeve t\u00eb rendit. N\u00eb m\u00ebnyr\u00eb t\u00eb befasishme, punonj\u00ebs t\u00eb Bashkis\u00eb Himar\u00eb shkuan n\u00eb kish\u00ebn e Sh\u00ebn Athanasit, hoq\u00ebn ikonat dhe sende t\u00eb tjera t\u00eb shenjta dhe nis\u00ebn ta shkat\u00ebrronin at\u00eb. K\u00ebto veprime u b\u00ebn\u00eb pa dijenin\u00eb e Komunitetit Orthodhoks, pa asnj\u00eb njoftim paraprak dhe pa asnj\u00eb dokumentacion ligjor.<\/span><\/p>\n<p style=\"text-align: justify;\"><span style=\"color: #000000;\"><span style=\"font-size: 12pt; font-family: helvetica;\">&nbsp; &nbsp; Sapo ky veprim u b\u00eb i njohur, besimtar\u00eb bashk\u00eb me klerikun shkuan n\u00eb kish\u00eb, protestuan, nd\u00ebrhyn\u00eb dhe e ndaluan shkat\u00ebrrimin e m\u00ebtejsh\u00ebm. Ata shpreh\u00ebn indinjat\u00ebn e tyre p\u00ebr k\u00ebto akte flagrante dhe jan\u00eb t\u00eb gatsh\u00ebm n\u00eb \u00e7do moment ta mbrojn\u00eb kish\u00ebn e tyre n\u00ebse do t\u00eb ritentohet t\u00eb shembet ky vend i shenjt\u00eb. Edhe pasdite ata u mblodh\u00ebn p\u00ebrs\u00ebri p\u00ebr t\u00eb protestuar.<\/span><\/span><\/p>\n<p style=\"text-align: justify;\"><span style=\"color: #000000;\"><span style=\"font-size: 12pt; font-family: helvetica;\">&nbsp; &nbsp; Tentativa p\u00ebr t\u00eb d\u00ebbuar besimtar\u00ebt nga nj\u00eb kish\u00eb e tyre, pron\u00eb e Komunitetit Orthodhoks, \u00ebsht\u00eb edhe m\u00eb skandaloze po t\u00eb mendosh se u b\u00eb n\u00eb shkelje t\u00eb t\u00eb gjitha ligjeve t\u00eb mundshme, fshehurazi dhe n\u00eb m\u00ebnyr\u00eb tinzare. Ngjarja d\u00ebshmoi nj\u00eb munges\u00eb t\u00eb thell\u00eb t\u00eb respektit ndaj besimit dhe komunitetit fetar, t\u00eb ngjash\u00ebm me at\u00eb t\u00eb sistemit ateist komunist, q\u00eb shkat\u00ebrroi kish\u00ebn p\u00ebr her\u00eb t\u00eb par\u00eb n\u00eb vitin 1972 dhe gur\u00ebt i p\u00ebrdori p\u00ebr t\u00eb nd\u00ebrtuar depon e ujit. N\u00eb vitin 1992, n\u00eb vendin ku kishte qen\u00eb kisha e vjet\u00ebr, banor\u00ebt ngrit\u00ebn nj\u00eb kish\u00eb t\u00eb thjesht\u00eb, e cila ka 23 vjet q\u00eb i sh\u00ebrben si vend adhurimi komunitetit. Por p\u00ebrs\u00ebri dikush po p\u00ebrpiqet ta shemb\u00eb, si 43 vjet m\u00eb par\u00eb!<\/span><\/span><\/p>\n<p style=\"text-align: justify;\"><span style=\"color: #000000;\"><span style=\"font-size: 12pt; font-family: helvetica;\">&nbsp; &nbsp;Ky veprim abuziv i disa punonj\u00ebsve shtet\u00ebror\u00eb, p\u00ebrb\u00ebn ve\u00e7 t\u00eb tjerash edhe shkelje flagrante t\u00eb Ligjit nr. 10057\/22.01.2009\/ \u201cP\u00ebr ratifikimin e marr\u00ebveshjes nd\u00ebrmjet K\u00ebshillit t\u00eb Ministrave t\u00eb Republik\u00ebs s\u00eb Shqip\u00ebris\u00eb dhe Kish\u00ebs Orthodhokse Autoqefale t\u00eb Shqip\u00ebris\u00eb\u201d, q\u00eb garanton paprekshm\u00ebrin\u00eb e vendeve t\u00eb kultit dhe mbrojtjen e tyre nga shteti. Iniciativa t\u00eb tilla abuzive private n\u00ebn petkun zyrtar, duke iu n\u00ebnshtruar interesave ogurzeza, duhen d\u00ebnuar me forc\u00eb nga organet shtet\u00ebrore, pasi cenojn\u00eb r\u00ebnd\u00eb marr\u00ebdh\u00ebniet me komunitetet fetare. Aq m\u00eb shum\u00eb q\u00eb akte t\u00eb tilla kan\u00eb ndodhur vet\u00ebm me objektet orthodhokse t\u00eb kultit.<\/span><\/span><\/p>\n<p style=\"text-align: justify;\"><span style=\"color: #000000;\"><span style=\"font-size: 12pt; font-family: helvetica;\">&nbsp; &nbsp; Shpresojm\u00eb q\u00eb n\u00eb vazhdim ata q\u00eb u implikuan n\u00eb k\u00ebt\u00eb skandal, do t\u00eb kuptojn\u00eb se kan\u00eb vepruar n\u00eb m\u00ebnyr\u00eb t\u00eb gabuar dhe do t\u00eb pendohen p\u00ebrpara Per\u00ebndis\u00eb dhe komunitetit p\u00ebr p\u00ebrdhosjen e nj\u00eb vendi t\u00eb shenjt\u00eb dhe do t\u00eb respektojn\u00eb ligjin.<\/span><\/span><\/p>\n<p style=\"text-align: justify;\">&nbsp;<\/p>\n<p style=\"text-align: justify;\">&nbsp;<\/p>\n<p style=\"text-align: center;\"><span style=\"color: #000000;\"><strong><span style=\"font-size: 12pt; font-family: helvetica;\">Zyra e Shtypit<\/span><\/strong><\/span><br \/> <span style=\"color: #000000;\"><strong><span style=\"font-size: 12pt; font-family: helvetica;\">e Kish\u00ebs Orthodhokse Autoqefale t\u00eb Shqip\u00ebris\u00eb<\/span><\/strong><\/span><\/p>\n<p style=\"text-align: center;\">&nbsp;<\/p>\n<p>&nbsp;<img decoding=\"async\" class=\"lazyload HAa Eha\" style=\"margin: 10px auto; border: 1px solid #000000; display: block;\" alt=\"\" src=\"data:image\/svg+xml,%3Csvg%20xmlns%3D%27http%3A%2F%2Fwww.w3.org%2F2000%2Fsvg%27%20width%3D%27450%27%20height%3D%27272%27%20viewBox%3D%270%200%20450%20272%27%3E%3Crect%20width%3D%27450%27%20height%3D%27272%27%20fill-opacity%3D%220%22%2F%3E%3C%2Fsvg%3E\" data-orig-src=\"https:\/\/lh5.googleusercontent.com\/-CbbnvnGnyNw\/Vdd5u3297gI\/AAAAAAAAOMg\/MvlzvnkKUOI\/w800-h483-no\/11866335_497031843805172_7695583574405966252_n_800x483.jpg\" height=\"272\" width=\"450\" \/><\/p>\n<p><img decoding=\"async\" class=\"lazyload cke-resize\" style=\"display: block; margin: 10px auto; border: 1px solid #000000;\" alt=\"\" src=\"data:image\/svg+xml,%3Csvg%20xmlns%3D%27http%3A%2F%2Fwww.w3.org%2F2000%2Fsvg%27%20width%3D%27450%27%20height%3D%27338%27%20viewBox%3D%270%200%20450%20338%27%3E%3Crect%20width%3D%27450%27%20height%3D%27338%27%20fill-opacity%3D%220%22%2F%3E%3C%2Fsvg%3E\" data-orig-src=\"https:\/\/lh3.googleusercontent.com\/NwUpNK5YalMl0bwYrCK6YsvfMm9hKJz1ACwc-9C-eSQ=w506-h380-no\" height=\"338\" width=\"450\" \/><\/p>\n<p><img class=\"lazyload\" decoding=\"async\" style=\"display: block; margin: 10px auto; border: 1px solid #000000;\" alt=\"\" src=\"data:image\/svg+xml,%3Csvg%20xmlns%3D%27http%3A%2F%2Fwww.w3.org%2F2000%2Fsvg%27%20width%3D%27450%27%20height%3D%27281%27%20viewBox%3D%270%200%20450%20281%27%3E%3Crect%20width%3D%27450%27%20height%3D%27281%27%20fill-opacity%3D%220%22%2F%3E%3C%2Fsvg%3E\" data-orig-src=\"https:\/\/lh3.googleusercontent.com\/VF1bdYrvW2u3yM4VJqTC5zRGnKWu5-ek_LiG-Uz9PrU=w700-h437-no\" height=\"281\" width=\"450\" \/><\/p>\n<p><img class=\"lazyload\" decoding=\"async\" style=\"display: block; margin: 10px auto; border: 1px solid #000000;\" alt=\"\" src=\"data:image\/svg+xml,%3Csvg%20xmlns%3D%27http%3A%2F%2Fwww.w3.org%2F2000%2Fsvg%27%20width%3D%27450%27%20height%3D%27285%27%20viewBox%3D%270%200%20450%20285%27%3E%3Crect%20width%3D%27450%27%20height%3D%27285%27%20fill-opacity%3D%220%22%2F%3E%3C%2Fsvg%3E\" data-orig-src=\"https:\/\/lh3.googleusercontent.com\/brJefo2hMTTreLXbeof4SEvYZnKePd_hXbYbtYOx9JE=w680-h431-no\" height=\"285\" width=\"450\" \/><\/p>\n<div id=\"ckimgrsz\" style=\"left: 7.99715900421143px; top: 1159.61645107427px;\">\n<div class=\"preview\">&nbsp;<\/div>\n<\/div>\n","protected":false},"excerpt":{"rendered":"<p>Kisha Orthodhokse Autoqefale e Shqip\u00ebris\u00eb Zyra e shtypit &nbsp; Njoftim p\u00ebr shtyp &nbsp; &nbsp; &nbsp; Sot, dt. 20 gusht 2015, n\u00eb qytez\u00ebn e Dh\u00ebrmiut, n\u00eb Himar\u00eb, komuniteti lokal i besimtar\u00ebve Orthodhoks\u00eb, n\u00eb periudh\u00ebn festive t\u00eb s\u00eb Kremtes s\u00eb T\u00ebr\u00ebshenjt\u00ebs Mari, u provokua nga nj\u00eb incident i r\u00ebnd\u00eb, shkaktuar nga struktura t\u00eb pushtetit lokal me mb\u00ebshtetjen e organeve t\u00eb rendit. N\u00eb m\u00ebnyr\u00eb t\u00eb befasishme, punonj\u00ebs t\u00eb<\/p>\n","protected":false},"author":1,"featured_media":4118,"comment_status":"open","ping_status":"open","sticky":false,"template":"","format":"standard","meta":{"_acf_changed":false,"pagelayer_contact_templates":[],"_pagelayer_content":"","inline_featured_image":false,"fifu_image_url":"","fifu_image_alt":"","footnotes":""},"categories":[108],"tags":[139,196,212,198],"class_list":["post-4117","post","type-post","status-publish","format-standard","has-post-thumbnail","hentry","category-lajme","tag-139","tag-tirane","tag-lajme-d27","tag-gjirokaster"],"acf":[],"yoast_head":"<!-- This site is optimized with the Yoast SEO plugin v27.2 - https:\/\/yoast.com\/product\/yoast-seo-wordpress\/ -->\n<title>Njoftim p\u00ebr shtyp - Incident, dhunohet kisha e sh. Athanasit n\u00eb Dh\u00ebrmi - Kisha Orthodh\u03bfkse Autoqefale e Shqip\u00ebris\u00eb<\/title>\n<meta name=\"robots\" content=\"index, follow, max-snippet:-1, max-image-preview:large, max-video-preview:-1\" \/>\n<link rel=\"canonical\" href=\"https:\/\/orthodoxalbania.org\/2020\/2015\/08\/20\/njoftim-per-shtyp-incident-dhunohet-kisha-e-sh-athanasit-ne-dhermi\/\" \/>\n<meta property=\"og:locale\" content=\"en_US\" \/>\n<meta property=\"og:type\" content=\"article\" \/>\n<meta property=\"og:title\" content=\"Njoftim p\u00ebr shtyp - Incident, dhunohet kisha e sh. Athanasit n\u00eb Dh\u00ebrmi - Kisha Orthodh\u03bfkse Autoqefale e Shqip\u00ebris\u00eb\" \/>\n<meta property=\"og:description\" content=\"Kisha Orthodhokse Autoqefale e Shqip\u00ebris\u00eb Zyra e shtypit &nbsp; Njoftim p\u00ebr shtyp &nbsp; &nbsp; &nbsp; Sot, dt. 20 gusht 2015, n\u00eb qytez\u00ebn e Dh\u00ebrmiut, n\u00eb Himar\u00eb, komuniteti lokal i besimtar\u00ebve Orthodhoks\u00eb, n\u00eb periudh\u00ebn festive t\u00eb s\u00eb Kremtes s\u00eb T\u00ebr\u00ebshenjt\u00ebs Mari, u provokua nga nj\u00eb incident i r\u00ebnd\u00eb, shkaktuar nga struktura t\u00eb pushtetit lokal me mb\u00ebshtetjen e organeve t\u00eb rendit. N\u00eb m\u00ebnyr\u00eb t\u00eb befasishme, punonj\u00ebs t\u00eb\" \/>\n<meta property=\"og:url\" content=\"https:\/\/orthodoxalbania.org\/2020\/2015\/08\/20\/njoftim-per-shtyp-incident-dhunohet-kisha-e-sh-athanasit-ne-dhermi\/\" \/>\n<meta property=\"og:site_name\" content=\"Kisha Orthodh\u03bfkse Autoqefale e Shqip\u00ebris\u00eb\" \/>\n<meta property=\"article:publisher\" content=\"https:\/\/www.facebook.com\/koash1991\" \/>\n<meta property=\"article:published_time\" content=\"2015-08-20T20:24:34+00:00\" \/>\n<meta property=\"article:modified_time\" content=\"2020-04-06T20:02:09+00:00\" \/>\n<meta property=\"og:image\" content=\"https:\/\/orthodoxalbania.org\/2020\/wp-content\/uploads\/2020\/04\/NwUpNK5YalMl0bwYrCK6YsvfMm9hKJz1ACwc-9C-eSQ-w506-h380-no.jpg\" \/>\n\t<meta property=\"og:image:width\" content=\"506\" \/>\n\t<meta property=\"og:image:height\" content=\"380\" \/>\n\t<meta property=\"og:image:type\" content=\"image\/jpeg\" \/>\n<meta name=\"author\" content=\"Kisha Orthodhokse\" \/>\n<meta name=\"twitter:card\" content=\"summary_large_image\" \/>\n<meta name=\"twitter:label1\" content=\"Written by\" \/>\n\t<meta name=\"twitter:data1\" content=\"Kisha Orthodhokse\" \/>\n\t<meta name=\"twitter:label2\" content=\"Est. reading time\" \/>\n\t<meta name=\"twitter:data2\" content=\"3 minutes\" \/>\n<script type=\"application\/ld+json\" class=\"yoast-schema-graph\">{\"@context\":\"https:\/\/schema.org\",\"@graph\":[{\"@type\":\"Article\",\"@id\":\"https:\/\/orthodoxalbania.org\/2020\/2015\/08\/20\/njoftim-per-shtyp-incident-dhunohet-kisha-e-sh-athanasit-ne-dhermi\/#article\",\"isPartOf\":{\"@id\":\"https:\/\/orthodoxalbania.org\/2020\/2015\/08\/20\/njoftim-per-shtyp-incident-dhunohet-kisha-e-sh-athanasit-ne-dhermi\/\"},\"author\":{\"name\":\"Kisha Orthodhokse\",\"@id\":\"https:\/\/orthodoxalbania.org\/2020\/#\/schema\/person\/0c387634a7063ac612d7ed9ce71c7e86\"},\"headline\":\"Njoftim p\u00ebr shtyp &#8211; Incident, dhunohet kisha e sh. Athanasit n\u00eb Dh\u00ebrmi\",\"datePublished\":\"2015-08-20T20:24:34+00:00\",\"dateModified\":\"2020-04-06T20:02:09+00:00\",\"mainEntityOfPage\":{\"@id\":\"https:\/\/orthodoxalbania.org\/2020\/2015\/08\/20\/njoftim-per-shtyp-incident-dhunohet-kisha-e-sh-athanasit-ne-dhermi\/\"},\"wordCount\":530,\"commentCount\":0,\"publisher\":{\"@id\":\"https:\/\/orthodoxalbania.org\/2020\/#organization\"},\"image\":{\"@id\":\"https:\/\/orthodoxalbania.org\/2020\/2015\/08\/20\/njoftim-per-shtyp-incident-dhunohet-kisha-e-sh-athanasit-ne-dhermi\/#primaryimage\"},\"thumbnailUrl\":\"https:\/\/orthodoxalbania.org\/2020\/wp-content\/uploads\/2020\/04\/NwUpNK5YalMl0bwYrCK6YsvfMm9hKJz1ACwc-9C-eSQ-w506-h380-no.jpg\",\"keywords\":[\"2015\",\"Kryepiskopata Tiran\u00eb\",\"lajme\",\"Mitropolia Gjirokast\u00ebr\"],\"articleSection\":[\"Lajme\"],\"inLanguage\":\"en-US\"},{\"@type\":\"WebPage\",\"@id\":\"https:\/\/orthodoxalbania.org\/2020\/2015\/08\/20\/njoftim-per-shtyp-incident-dhunohet-kisha-e-sh-athanasit-ne-dhermi\/\",\"url\":\"https:\/\/orthodoxalbania.org\/2020\/2015\/08\/20\/njoftim-per-shtyp-incident-dhunohet-kisha-e-sh-athanasit-ne-dhermi\/\",\"name\":\"Njoftim p\u00ebr shtyp - Incident, dhunohet kisha e sh. Athanasit n\u00eb Dh\u00ebrmi - Kisha Orthodh\u03bfkse Autoqefale e Shqip\u00ebris\u00eb\",\"isPartOf\":{\"@id\":\"https:\/\/orthodoxalbania.org\/2020\/#website\"},\"primaryImageOfPage\":{\"@id\":\"https:\/\/orthodoxalbania.org\/2020\/2015\/08\/20\/njoftim-per-shtyp-incident-dhunohet-kisha-e-sh-athanasit-ne-dhermi\/#primaryimage\"},\"image\":{\"@id\":\"https:\/\/orthodoxalbania.org\/2020\/2015\/08\/20\/njoftim-per-shtyp-incident-dhunohet-kisha-e-sh-athanasit-ne-dhermi\/#primaryimage\"},\"thumbnailUrl\":\"https:\/\/orthodoxalbania.org\/2020\/wp-content\/uploads\/2020\/04\/NwUpNK5YalMl0bwYrCK6YsvfMm9hKJz1ACwc-9C-eSQ-w506-h380-no.jpg\",\"datePublished\":\"2015-08-20T20:24:34+00:00\",\"dateModified\":\"2020-04-06T20:02:09+00:00\",\"breadcrumb\":{\"@id\":\"https:\/\/orthodoxalbania.org\/2020\/2015\/08\/20\/njoftim-per-shtyp-incident-dhunohet-kisha-e-sh-athanasit-ne-dhermi\/#breadcrumb\"},\"inLanguage\":\"en-US\",\"potentialAction\":[{\"@type\":\"ReadAction\",\"target\":[\"https:\/\/orthodoxalbania.org\/2020\/2015\/08\/20\/njoftim-per-shtyp-incident-dhunohet-kisha-e-sh-athanasit-ne-dhermi\/\"]}]},{\"@type\":\"ImageObject\",\"inLanguage\":\"en-US\",\"@id\":\"https:\/\/orthodoxalbania.org\/2020\/2015\/08\/20\/njoftim-per-shtyp-incident-dhunohet-kisha-e-sh-athanasit-ne-dhermi\/#primaryimage\",\"url\":\"https:\/\/orthodoxalbania.org\/2020\/wp-content\/uploads\/2020\/04\/NwUpNK5YalMl0bwYrCK6YsvfMm9hKJz1ACwc-9C-eSQ-w506-h380-no.jpg\",\"contentUrl\":\"https:\/\/orthodoxalbania.org\/2020\/wp-content\/uploads\/2020\/04\/NwUpNK5YalMl0bwYrCK6YsvfMm9hKJz1ACwc-9C-eSQ-w506-h380-no.jpg\",\"width\":506,\"height\":380},{\"@type\":\"BreadcrumbList\",\"@id\":\"https:\/\/orthodoxalbania.org\/2020\/2015\/08\/20\/njoftim-per-shtyp-incident-dhunohet-kisha-e-sh-athanasit-ne-dhermi\/#breadcrumb\",\"itemListElement\":[{\"@type\":\"ListItem\",\"position\":1,\"name\":\"Home\",\"item\":\"https:\/\/orthodoxalbania.org\/2020\/\"},{\"@type\":\"ListItem\",\"position\":2,\"name\":\"Njoftim p\u00ebr shtyp &#8211; Incident, dhunohet kisha e sh. Athanasit n\u00eb Dh\u00ebrmi\"}]},{\"@type\":\"WebSite\",\"@id\":\"https:\/\/orthodoxalbania.org\/2020\/#website\",\"url\":\"https:\/\/orthodoxalbania.org\/2020\/\",\"name\":\"Kisha Orthodh\u03bfkse Autoqefale e Shqip\u00ebris\u00eb\",\"description\":\"Fqja Zyrtare e Kish\u00ebs Orthodhokse Autoqefale e Shqip\u00ebris\u00eb me lajmet edhe informacionet zyrtare p\u00ebr struktur\u00ebn edhe veprimtarin e saj.\",\"publisher\":{\"@id\":\"https:\/\/orthodoxalbania.org\/2020\/#organization\"},\"potentialAction\":[{\"@type\":\"SearchAction\",\"target\":{\"@type\":\"EntryPoint\",\"urlTemplate\":\"https:\/\/orthodoxalbania.org\/2020\/?s={search_term_string}\"},\"query-input\":{\"@type\":\"PropertyValueSpecification\",\"valueRequired\":true,\"valueName\":\"search_term_string\"}}],\"inLanguage\":\"en-US\"},{\"@type\":\"Organization\",\"@id\":\"https:\/\/orthodoxalbania.org\/2020\/#organization\",\"name\":\"Kisha Orthodhokse Autoqefale e Shqip\u00ebris\u00eb\",\"url\":\"https:\/\/orthodoxalbania.org\/2020\/\",\"logo\":{\"@type\":\"ImageObject\",\"inLanguage\":\"en-US\",\"@id\":\"https:\/\/orthodoxalbania.org\/2020\/#\/schema\/logo\/image\/\",\"url\":\"https:\/\/orthodoxalbania.org\/2020\/wp-content\/uploads\/2020\/05\/albania.jpeg\",\"contentUrl\":\"https:\/\/orthodoxalbania.org\/2020\/wp-content\/uploads\/2020\/05\/albania.jpeg\",\"width\":540,\"height\":540,\"caption\":\"Kisha Orthodhokse Autoqefale e Shqip\u00ebris\u00eb\"},\"image\":{\"@id\":\"https:\/\/orthodoxalbania.org\/2020\/#\/schema\/logo\/image\/\"},\"sameAs\":[\"https:\/\/www.facebook.com\/koash1991\"]},{\"@type\":\"Person\",\"@id\":\"https:\/\/orthodoxalbania.org\/2020\/#\/schema\/person\/0c387634a7063ac612d7ed9ce71c7e86\",\"name\":\"Kisha Orthodhokse\",\"image\":{\"@type\":\"ImageObject\",\"inLanguage\":\"en-US\",\"@id\":\"https:\/\/secure.gravatar.com\/avatar\/596e7c417251e30f2fbb9c00e026fce61a695a00e51c889caded71c96cbbdde5?s=96&d=mm&r=g\",\"url\":\"https:\/\/secure.gravatar.com\/avatar\/596e7c417251e30f2fbb9c00e026fce61a695a00e51c889caded71c96cbbdde5?s=96&d=mm&r=g\",\"contentUrl\":\"https:\/\/secure.gravatar.com\/avatar\/596e7c417251e30f2fbb9c00e026fce61a695a00e51c889caded71c96cbbdde5?s=96&d=mm&r=g\",\"caption\":\"Kisha Orthodhokse\"}}]}<\/script>\n<!-- \/ Yoast SEO plugin. -->","yoast_head_json":{"title":"Njoftim p\u00ebr shtyp - Incident, dhunohet kisha e sh. Athanasit n\u00eb Dh\u00ebrmi - Kisha Orthodh\u03bfkse Autoqefale e Shqip\u00ebris\u00eb","robots":{"index":"index","follow":"follow","max-snippet":"max-snippet:-1","max-image-preview":"max-image-preview:large","max-video-preview":"max-video-preview:-1"},"canonical":"https:\/\/orthodoxalbania.org\/2020\/2015\/08\/20\/njoftim-per-shtyp-incident-dhunohet-kisha-e-sh-athanasit-ne-dhermi\/","og_locale":"en_US","og_type":"article","og_title":"Njoftim p\u00ebr shtyp - Incident, dhunohet kisha e sh. Athanasit n\u00eb Dh\u00ebrmi - Kisha Orthodh\u03bfkse Autoqefale e Shqip\u00ebris\u00eb","og_description":"Kisha Orthodhokse Autoqefale e Shqip\u00ebris\u00eb Zyra e shtypit &nbsp; Njoftim p\u00ebr shtyp &nbsp; &nbsp; &nbsp; Sot, dt. 20 gusht 2015, n\u00eb qytez\u00ebn e Dh\u00ebrmiut, n\u00eb Himar\u00eb, komuniteti lokal i besimtar\u00ebve Orthodhoks\u00eb, n\u00eb periudh\u00ebn festive t\u00eb s\u00eb Kremtes s\u00eb T\u00ebr\u00ebshenjt\u00ebs Mari, u provokua nga nj\u00eb incident i r\u00ebnd\u00eb, shkaktuar nga struktura t\u00eb pushtetit lokal me mb\u00ebshtetjen e organeve t\u00eb rendit. N\u00eb m\u00ebnyr\u00eb t\u00eb befasishme, punonj\u00ebs t\u00eb","og_url":"https:\/\/orthodoxalbania.org\/2020\/2015\/08\/20\/njoftim-per-shtyp-incident-dhunohet-kisha-e-sh-athanasit-ne-dhermi\/","og_site_name":"Kisha Orthodh\u03bfkse Autoqefale e Shqip\u00ebris\u00eb","article_publisher":"https:\/\/www.facebook.com\/koash1991","article_published_time":"2015-08-20T20:24:34+00:00","article_modified_time":"2020-04-06T20:02:09+00:00","og_image":[{"width":506,"height":380,"url":"https:\/\/orthodoxalbania.org\/2020\/wp-content\/uploads\/2020\/04\/NwUpNK5YalMl0bwYrCK6YsvfMm9hKJz1ACwc-9C-eSQ-w506-h380-no.jpg","type":"image\/jpeg"}],"author":"Kisha Orthodhokse","twitter_card":"summary_large_image","twitter_misc":{"Written by":"Kisha Orthodhokse","Est. reading time":"3 minutes"},"schema":{"@context":"https:\/\/schema.org","@graph":[{"@type":"Article","@id":"https:\/\/orthodoxalbania.org\/2020\/2015\/08\/20\/njoftim-per-shtyp-incident-dhunohet-kisha-e-sh-athanasit-ne-dhermi\/#article","isPartOf":{"@id":"https:\/\/orthodoxalbania.org\/2020\/2015\/08\/20\/njoftim-per-shtyp-incident-dhunohet-kisha-e-sh-athanasit-ne-dhermi\/"},"author":{"name":"Kisha Orthodhokse","@id":"https:\/\/orthodoxalbania.org\/2020\/#\/schema\/person\/0c387634a7063ac612d7ed9ce71c7e86"},"headline":"Njoftim p\u00ebr shtyp &#8211; Incident, dhunohet kisha e sh. Athanasit n\u00eb Dh\u00ebrmi","datePublished":"2015-08-20T20:24:34+00:00","dateModified":"2020-04-06T20:02:09+00:00","mainEntityOfPage":{"@id":"https:\/\/orthodoxalbania.org\/2020\/2015\/08\/20\/njoftim-per-shtyp-incident-dhunohet-kisha-e-sh-athanasit-ne-dhermi\/"},"wordCount":530,"commentCount":0,"publisher":{"@id":"https:\/\/orthodoxalbania.org\/2020\/#organization"},"image":{"@id":"https:\/\/orthodoxalbania.org\/2020\/2015\/08\/20\/njoftim-per-shtyp-incident-dhunohet-kisha-e-sh-athanasit-ne-dhermi\/#primaryimage"},"thumbnailUrl":"https:\/\/orthodoxalbania.org\/2020\/wp-content\/uploads\/2020\/04\/NwUpNK5YalMl0bwYrCK6YsvfMm9hKJz1ACwc-9C-eSQ-w506-h380-no.jpg","keywords":["2015","Kryepiskopata Tiran\u00eb","lajme","Mitropolia Gjirokast\u00ebr"],"articleSection":["Lajme"],"inLanguage":"en-US"},{"@type":"WebPage","@id":"https:\/\/orthodoxalbania.org\/2020\/2015\/08\/20\/njoftim-per-shtyp-incident-dhunohet-kisha-e-sh-athanasit-ne-dhermi\/","url":"https:\/\/orthodoxalbania.org\/2020\/2015\/08\/20\/njoftim-per-shtyp-incident-dhunohet-kisha-e-sh-athanasit-ne-dhermi\/","name":"Njoftim p\u00ebr shtyp - Incident, dhunohet kisha e sh. Athanasit n\u00eb Dh\u00ebrmi - Kisha Orthodh\u03bfkse Autoqefale e Shqip\u00ebris\u00eb","isPartOf":{"@id":"https:\/\/orthodoxalbania.org\/2020\/#website"},"primaryImageOfPage":{"@id":"https:\/\/orthodoxalbania.org\/2020\/2015\/08\/20\/njoftim-per-shtyp-incident-dhunohet-kisha-e-sh-athanasit-ne-dhermi\/#primaryimage"},"image":{"@id":"https:\/\/orthodoxalbania.org\/2020\/2015\/08\/20\/njoftim-per-shtyp-incident-dhunohet-kisha-e-sh-athanasit-ne-dhermi\/#primaryimage"},"thumbnailUrl":"https:\/\/orthodoxalbania.org\/2020\/wp-content\/uploads\/2020\/04\/NwUpNK5YalMl0bwYrCK6YsvfMm9hKJz1ACwc-9C-eSQ-w506-h380-no.jpg","datePublished":"2015-08-20T20:24:34+00:00","dateModified":"2020-04-06T20:02:09+00:00","breadcrumb":{"@id":"https:\/\/orthodoxalbania.org\/2020\/2015\/08\/20\/njoftim-per-shtyp-incident-dhunohet-kisha-e-sh-athanasit-ne-dhermi\/#breadcrumb"},"inLanguage":"en-US","potentialAction":[{"@type":"ReadAction","target":["https:\/\/orthodoxalbania.org\/2020\/2015\/08\/20\/njoftim-per-shtyp-incident-dhunohet-kisha-e-sh-athanasit-ne-dhermi\/"]}]},{"@type":"ImageObject","inLanguage":"en-US","@id":"https:\/\/orthodoxalbania.org\/2020\/2015\/08\/20\/njoftim-per-shtyp-incident-dhunohet-kisha-e-sh-athanasit-ne-dhermi\/#primaryimage","url":"https:\/\/orthodoxalbania.org\/2020\/wp-content\/uploads\/2020\/04\/NwUpNK5YalMl0bwYrCK6YsvfMm9hKJz1ACwc-9C-eSQ-w506-h380-no.jpg","contentUrl":"https:\/\/orthodoxalbania.org\/2020\/wp-content\/uploads\/2020\/04\/NwUpNK5YalMl0bwYrCK6YsvfMm9hKJz1ACwc-9C-eSQ-w506-h380-no.jpg","width":506,"height":380},{"@type":"BreadcrumbList","@id":"https:\/\/orthodoxalbania.org\/2020\/2015\/08\/20\/njoftim-per-shtyp-incident-dhunohet-kisha-e-sh-athanasit-ne-dhermi\/#breadcrumb","itemListElement":[{"@type":"ListItem","position":1,"name":"Home","item":"https:\/\/orthodoxalbania.org\/2020\/"},{"@type":"ListItem","position":2,"name":"Njoftim p\u00ebr shtyp &#8211; Incident, dhunohet kisha e sh. Athanasit n\u00eb Dh\u00ebrmi"}]},{"@type":"WebSite","@id":"https:\/\/orthodoxalbania.org\/2020\/#website","url":"https:\/\/orthodoxalbania.org\/2020\/","name":"Kisha Orthodh\u03bfkse Autoqefale e Shqip\u00ebris\u00eb","description":"Fqja Zyrtare e Kish\u00ebs Orthodhokse Autoqefale e Shqip\u00ebris\u00eb me lajmet edhe informacionet zyrtare p\u00ebr struktur\u00ebn edhe veprimtarin e saj.","publisher":{"@id":"https:\/\/orthodoxalbania.org\/2020\/#organization"},"potentialAction":[{"@type":"SearchAction","target":{"@type":"EntryPoint","urlTemplate":"https:\/\/orthodoxalbania.org\/2020\/?s={search_term_string}"},"query-input":{"@type":"PropertyValueSpecification","valueRequired":true,"valueName":"search_term_string"}}],"inLanguage":"en-US"},{"@type":"Organization","@id":"https:\/\/orthodoxalbania.org\/2020\/#organization","name":"Kisha Orthodhokse Autoqefale e Shqip\u00ebris\u00eb","url":"https:\/\/orthodoxalbania.org\/2020\/","logo":{"@type":"ImageObject","inLanguage":"en-US","@id":"https:\/\/orthodoxalbania.org\/2020\/#\/schema\/logo\/image\/","url":"https:\/\/orthodoxalbania.org\/2020\/wp-content\/uploads\/2020\/05\/albania.jpeg","contentUrl":"https:\/\/orthodoxalbania.org\/2020\/wp-content\/uploads\/2020\/05\/albania.jpeg","width":540,"height":540,"caption":"Kisha Orthodhokse Autoqefale e Shqip\u00ebris\u00eb"},"image":{"@id":"https:\/\/orthodoxalbania.org\/2020\/#\/schema\/logo\/image\/"},"sameAs":["https:\/\/www.facebook.com\/koash1991"]},{"@type":"Person","@id":"https:\/\/orthodoxalbania.org\/2020\/#\/schema\/person\/0c387634a7063ac612d7ed9ce71c7e86","name":"Kisha Orthodhokse","image":{"@type":"ImageObject","inLanguage":"en-US","@id":"https:\/\/secure.gravatar.com\/avatar\/596e7c417251e30f2fbb9c00e026fce61a695a00e51c889caded71c96cbbdde5?s=96&d=mm&r=g","url":"https:\/\/secure.gravatar.com\/avatar\/596e7c417251e30f2fbb9c00e026fce61a695a00e51c889caded71c96cbbdde5?s=96&d=mm&r=g","contentUrl":"https:\/\/secure.gravatar.com\/avatar\/596e7c417251e30f2fbb9c00e026fce61a695a00e51c889caded71c96cbbdde5?s=96&d=mm&r=g","caption":"Kisha Orthodhokse"}}]}},"_links":{"self":[{"href":"https:\/\/orthodoxalbania.org\/2020\/wp-json\/wp\/v2\/posts\/4117","targetHints":{"allow":["GET"]}}],"collection":[{"href":"https:\/\/orthodoxalbania.org\/2020\/wp-json\/wp\/v2\/posts"}],"about":[{"href":"https:\/\/orthodoxalbania.org\/2020\/wp-json\/wp\/v2\/types\/post"}],"author":[{"embeddable":true,"href":"https:\/\/orthodoxalbania.org\/2020\/wp-json\/wp\/v2\/users\/1"}],"replies":[{"embeddable":true,"href":"https:\/\/orthodoxalbania.org\/2020\/wp-json\/wp\/v2\/comments?post=4117"}],"version-history":[{"count":1,"href":"https:\/\/orthodoxalbania.org\/2020\/wp-json\/wp\/v2\/posts\/4117\/revisions"}],"predecessor-version":[{"id":14975,"href":"https:\/\/orthodoxalbania.org\/2020\/wp-json\/wp\/v2\/posts\/4117\/revisions\/14975"}],"wp:featuredmedia":[{"embeddable":true,"href":"https:\/\/orthodoxalbania.org\/2020\/wp-json\/wp\/v2\/media\/4118"}],"wp:attachment":[{"href":"https:\/\/orthodoxalbania.org\/2020\/wp-json\/wp\/v2\/media?parent=4117"}],"wp:term":[{"taxonomy":"category","embeddable":true,"href":"https:\/\/orthodoxalbania.org\/2020\/wp-json\/wp\/v2\/categories?post=4117"},{"taxonomy":"post_tag","embeddable":true,"href":"https:\/\/orthodoxalbania.org\/2020\/wp-json\/wp\/v2\/tags?post=4117"}],"curies":[{"name":"wp","href":"https:\/\/api.w.org\/{rel}","templated":true}]}}