{"id":4115,"date":"2015-08-07T06:27:01","date_gmt":"2015-08-07T06:27:01","guid":{"rendered":""},"modified":"2020-04-06T22:02:09","modified_gmt":"2020-04-06T20:02:09","slug":"tirane-u-kremtua-e-kremtja-e-metamorfozes-se-shpetimtarit","status":"publish","type":"post","link":"https:\/\/orthodoxalbania.org\/2020\/2015\/08\/07\/tirane-u-kremtua-e-kremtja-e-metamorfozes-se-shpetimtarit\/","title":{"rendered":"Tiran\u00eb &#8211; u kremtua e kremtja e Metamorfoz\u00ebs s\u00eb Shp\u00ebtimtarit"},"content":{"rendered":"<p style=\"text-align: justify;\"> <\/p>\n<p style=\"text-align: justify;\"><span style=\"font-size: 12pt; font-family: helvetica; color: #000000;\">&nbsp;&nbsp;&nbsp; M\u00eb 6 gusht Kisha Orthodhokse kremton Metamorfoz\u00ebn e Shp\u00ebtimtarit (Sotirit). Kjo ngjarje ndodhi 40 dit\u00eb para vuajtjeve t\u00eb Krishtit. Ai e zgjodhi k\u00ebt\u00eb moment t\u00eb ve\u00e7ant\u00eb q\u00eb t\u2019u shfaqte dishepujve di\u00e7ka nga lavdia e Tij hyjnore, me q\u00ebllim q\u00eb t\u00eb b\u00ebhej gati t\u00eb duronte vuajtjet mbi kryq.<\/span><\/p>\n<p style=\"text-align: justify;\"><span style=\"font-size: 12pt; font-family: helvetica; color: #000000;\">&nbsp;&nbsp;&nbsp; Krishti iu shfaq dishepujve n\u00eb Malin Tabor jo si nj\u00eb sh\u00ebrb\u00ebtor, por n\u00eb form\u00ebn e Per\u00ebndis\u00eb, si personi i tret\u00eb i Trinis\u00eb s\u00eb Shenjt\u00eb. Ky trup\u00ebzim mbetet i pandash\u00ebm nga natyra e tij hyjnore, e cila \u00ebsht\u00eb e p\u00ebrbashk\u00ebt me Atin dhe Shpirtin e Shenjt\u00eb.<\/span><\/p>\n<p style=\"text-align: justify;\"><span style=\"font-size: 12pt; font-family: helvetica; color: #000000;\">&nbsp;&nbsp;&nbsp; Shfaqja e hyjnis\u00eb s\u00eb Krishtit \u00ebsht\u00eb nj\u00ebkoh\u00ebsisht nj\u00eb theofani (shfaqje) e Trinis\u00eb. &#8220;Ati me an\u00ebn e z\u00ebrit d\u00ebshmoi Birin e tij t\u00eb dashur, nd\u00ebrsa Shpirti i Shenjt\u00eb u ndri\u00e7ua bashk\u00eb me t\u00eb me an\u00ebn e res\u00eb s\u00eb shndritshme&#8221;.<\/span><\/p>\n<p style=\"text-align: justify;\"><span style=\"font-size: 12pt; font-family: helvetica; color: #000000;\">&nbsp;&nbsp;&nbsp; Me rastin e k\u00ebsaj t\u00eb kremteje n\u00eb t\u00eb gjitha mitropolit\u00eb dhe n\u00eb Kryepiskopat\u00ebn e Hirshme u kryen Liturgji Hyjnore festive, e ve\u00e7an\u00ebrisht m\u00eb e ndjer\u00eb ishte kjo dit\u00eb e sh\u00ebnuar aty ku ka kisha q\u00eb mbajn\u00eb k\u00ebt\u00eb em\u00ebr.<\/span><\/p>\n<p style=\"text-align: justify;\"><span style=\"font-size: 12pt; font-family: helvetica; color: #000000;\">&nbsp;&nbsp;&nbsp; N\u00eb Tiran\u00eb, p\u00ebrve\u00e7 kremtimit n\u00eb Katedralen \u201cNgjallja e Krishtit\u201d, u kremtua edhe n\u00eb qendr\u00ebn \u201cThavor\u201d, n\u00eb zon\u00ebn e Shkoz\u00ebs, pran\u00eb malit t\u00eb Dajtit, ku ngrihet kisha e bukur e Metamorfoz\u00ebs, e nd\u00ebrtuar vitet e fundit. Liturgjin\u00eb Hyjnore e kreu Kryepiskopi Anastas, i ndihmuar nga Hir\u00ebsi Nathanaili dhe klerik\u00eb t\u00eb tjer\u00eb t\u00eb Kryepiskopat\u00ebs. Me gjith\u00eb vap\u00ebn e madhe t\u00eb k\u00ebsaj periudhe dhe larg\u00ebsin\u00eb e kish\u00ebs nga qendra, p\u00ebr t\u00eb kremtuar kishin ardhur edhe shum\u00eb besimtar\u00eb.<\/span><\/p>\n<p style=\"text-align: justify;\"><span style=\"font-size: 12pt; font-family: helvetica; color: #000000;\">&nbsp;&nbsp;&nbsp; At\u00eb Kozma Sovjani foli p\u00ebr fest\u00ebn dhe p\u00ebr qendr\u00ebn \u201cThavor\u201d, e cila \u00ebsht\u00eb b\u00ebr\u00eb nj\u00eb qend\u00ebr e r\u00ebnd\u00ebsishme edukative dhe kulturore p\u00ebr Kish\u00ebn ton\u00eb, duke sh\u00ebrbyer si shkoll\u00eb, p\u00ebr veprimtari t\u00eb shumta, ku dhe zhvillon veprimtarin\u00eb shkolla e muzik\u00ebs bizantine etj.<\/span><\/p>\n<p style=\"text-align: justify;\"><span style=\"font-size: 12pt; font-family: helvetica; color: #000000;\">&nbsp;&nbsp;&nbsp; Bekimin e rrushit, e cila \u00ebsht\u00eb e lidhur ngusht\u00eb me kuptimin e fest\u00ebs, e kreu Hir\u00ebsi Nathanaili, nd\u00ebrsa n\u00eb fund Kryepiskopi Anastas u foli besimtar\u00ebve p\u00ebr r\u00ebnd\u00ebsin\u00eb dhe dometh\u00ebnien e k\u00ebsaj t\u00eb kremteje.<\/span><\/p>\n<p style=\"text-align: justify;\">&nbsp;<\/p>\n<p style=\"text-align: center;\">&nbsp;<\/p>\n<p style=\"text-align: center;\"><img decoding=\"async\" style=\"display: block; margin: 10px auto; border: 1px solid #000000;\" class=\"lazyload HAa Eha\" src=\"data:image\/svg+xml,%3Csvg%20xmlns%3D%27http%3A%2F%2Fwww.w3.org%2F2000%2Fsvg%27%20width%3D%27450%27%20height%3D%27357%27%20viewBox%3D%270%200%20450%20357%27%3E%3Crect%20width%3D%27450%27%20height%3D%27357%27%20fill-opacity%3D%220%22%2F%3E%3C%2Fsvg%3E\" data-orig-src=\"https:\/\/lh4.googleusercontent.com\/-f0LZ-IZ7OsY\/VcRLY8S1GHI\/AAAAAAAAOJI\/5YXRq_tTmKQ\/w957-h760-no\/11059627_491506897691000_6599945201920371939_n.jpg\" height=\"357\" width=\"450\" \/><img decoding=\"async\" style=\"display: block; margin: 10px auto; border: 1px solid #000000;\" class=\"lazyload HAa Eha\" src=\"data:image\/svg+xml,%3Csvg%20xmlns%3D%27http%3A%2F%2Fwww.w3.org%2F2000%2Fsvg%27%20width%3D%27450%27%20height%3D%27300%27%20viewBox%3D%270%200%20450%20300%27%3E%3Crect%20width%3D%27450%27%20height%3D%27300%27%20fill-opacity%3D%220%22%2F%3E%3C%2Fsvg%3E\" data-orig-src=\"https:\/\/lh6.googleusercontent.com\/-4EP_7s04_-E\/VcRLbbyew_I\/AAAAAAAAOI0\/Xb3QFJ-FY-M\/w958-h639-no\/11845076_491506994357657_3154169507996232535_o.jpg\" height=\"300\" width=\"450\" \/><\/p>\n<p style=\"text-align: center;\"><img decoding=\"async\" style=\"display: block; margin: 10px auto; border: 1px solid #000000;\" class=\"lazyload HAa Eha\" src=\"data:image\/svg+xml,%3Csvg%20xmlns%3D%27http%3A%2F%2Fwww.w3.org%2F2000%2Fsvg%27%20width%3D%27450%27%20height%3D%27300%27%20viewBox%3D%270%200%20450%20300%27%3E%3Crect%20width%3D%27450%27%20height%3D%27300%27%20fill-opacity%3D%220%22%2F%3E%3C%2Fsvg%3E\" data-orig-src=\"https:\/\/lh6.googleusercontent.com\/-8--bJA-FUmQ\/VcRLaPYQkTI\/AAAAAAAAOI8\/UTa8rMs4ltw\/w958-h639-no\/11802748_491507001024323_8903540543192732330_o.jpg\" height=\"300\" width=\"450\" \/><\/p>\n<p style=\"text-align: center;\"><img decoding=\"async\" style=\"display: block; margin: 10px auto; border: 1px solid #000000;\" class=\"lazyload HAa Eha\" src=\"data:image\/svg+xml,%3Csvg%20xmlns%3D%27http%3A%2F%2Fwww.w3.org%2F2000%2Fsvg%27%20width%3D%27450%27%20height%3D%27675%27%20viewBox%3D%270%200%20450%20675%27%3E%3Crect%20width%3D%27450%27%20height%3D%27675%27%20fill-opacity%3D%220%22%2F%3E%3C%2Fsvg%3E\" data-orig-src=\"https:\/\/lh5.googleusercontent.com\/-4H9Y7WlErpg\/VcRLbwz84GI\/AAAAAAAAOI4\/X8vwhL0E6_U\/w549-h823-no\/11855765_491506894357667_2074110330316831150_n.jpg\" height=\"675\" width=\"450\" \/><\/p>\n<p style=\"text-align: center;\"><img decoding=\"async\" style=\"display: block; margin: 10px auto; border: 1px solid #000000;\" class=\"lazyload HAa Eha\" src=\"data:image\/svg+xml,%3Csvg%20xmlns%3D%27http%3A%2F%2Fwww.w3.org%2F2000%2Fsvg%27%20width%3D%27450%27%20height%3D%27300%27%20viewBox%3D%270%200%20450%20300%27%3E%3Crect%20width%3D%27450%27%20height%3D%27300%27%20fill-opacity%3D%220%22%2F%3E%3C%2Fsvg%3E\" data-orig-src=\"https:\/\/lh6.googleusercontent.com\/--dcC1nsAfSE\/VcRLY14HxOI\/AAAAAAAAOJM\/KRUP2g5SBws\/w958-h639-no\/11222178_491506924357664_36157293108583567_n.jpg\" height=\"300\" width=\"450\" \/><\/p>\n<p style=\"text-align: center;\"><img decoding=\"async\" style=\"display: block; margin: 10px auto; border: 1px solid #000000;\" class=\"lazyload HAa Eha\" src=\"data:image\/svg+xml,%3Csvg%20xmlns%3D%27http%3A%2F%2Fwww.w3.org%2F2000%2Fsvg%27%20width%3D%27450%27%20height%3D%27300%27%20viewBox%3D%270%200%20450%20300%27%3E%3Crect%20width%3D%27450%27%20height%3D%27300%27%20fill-opacity%3D%220%22%2F%3E%3C%2Fsvg%3E\" data-orig-src=\"https:\/\/lh6.googleusercontent.com\/-gQ8Nypc0-ek\/VcRM3wWMXoI\/AAAAAAAAOJ8\/TR7tcxdiFFg\/w958-h639-no\/11059591_491507061024317_6917094551162905651_o%281%29.jpg\" height=\"300\" width=\"450\" \/><\/p>\n<p style=\"text-align: center;\"><img decoding=\"async\" style=\"display: block; margin: 10px auto; border: 1px solid #000000;\" class=\"lazyload HAa Eha\" src=\"data:image\/svg+xml,%3Csvg%20xmlns%3D%27http%3A%2F%2Fwww.w3.org%2F2000%2Fsvg%27%20width%3D%27450%27%20height%3D%27331%27%20viewBox%3D%270%200%20450%20331%27%3E%3Crect%20width%3D%27450%27%20height%3D%27331%27%20fill-opacity%3D%220%22%2F%3E%3C%2Fsvg%3E\" data-orig-src=\"https:\/\/lh3.googleusercontent.com\/-78oc78_FB6Q\/VcRMHuP4xpI\/AAAAAAAAOJk\/98vwv7D7Rzg\/w800-h588-no\/11242074_491506891024334_4518699942290657951_n_800x588.jpg\" height=\"331\" width=\"450\" \/><\/p>\n<p style=\"text-align: center;\"><img decoding=\"async\" style=\"display: block; margin: 10px auto; border: 1px solid #000000;\" class=\"lazyload HAa Eha\" src=\"data:image\/svg+xml,%3Csvg%20xmlns%3D%27http%3A%2F%2Fwww.w3.org%2F2000%2Fsvg%27%20width%3D%27450%27%20height%3D%27300%27%20viewBox%3D%270%200%20450%20300%27%3E%3Crect%20width%3D%27450%27%20height%3D%27300%27%20fill-opacity%3D%220%22%2F%3E%3C%2Fsvg%3E\" data-orig-src=\"https:\/\/lh6.googleusercontent.com\/-_mq37vIxQ0M\/VcRLadPpoaI\/AAAAAAAAOJQ\/i_l0ZV2J-XA\/w958-h639-no\/11838666_491507004357656_3855597988578485546_o.jpg\" height=\"300\" width=\"450\" \/><\/p>\n<p style=\"text-align: center;\"><img decoding=\"async\" style=\"display: block; margin: 10px auto; border: 1px solid #000000;\" class=\"lazyload HAa Eha\" src=\"data:image\/svg+xml,%3Csvg%20xmlns%3D%27http%3A%2F%2Fwww.w3.org%2F2000%2Fsvg%27%20width%3D%27450%27%20height%3D%27300%27%20viewBox%3D%270%200%20450%20300%27%3E%3Crect%20width%3D%27450%27%20height%3D%27300%27%20fill-opacity%3D%220%22%2F%3E%3C%2Fsvg%3E\" data-orig-src=\"https:\/\/lh6.googleusercontent.com\/-ECJfRol3KRU\/VcRLapEN76I\/AAAAAAAAOIw\/9A-oAYc6vuE\/w958-h639-no\/11838676_491507074357649_8724968807547785572_o.jpg\" height=\"300\" width=\"450\" \/><\/p>\n","protected":false},"excerpt":{"rendered":"<p>&nbsp;&nbsp;&nbsp; M\u00eb 6 gusht Kisha Orthodhokse kremton Metamorfoz\u00ebn e Shp\u00ebtimtarit (Sotirit). Kjo ngjarje ndodhi 40 dit\u00eb para vuajtjeve t\u00eb Krishtit. Ai e zgjodhi k\u00ebt\u00eb moment t\u00eb ve\u00e7ant\u00eb q\u00eb t\u2019u shfaqte dishepujve di\u00e7ka nga lavdia e Tij hyjnore, me q\u00ebllim q\u00eb t\u00eb b\u00ebhej gati t\u00eb duronte vuajtjet mbi kryq. &nbsp;&nbsp;&nbsp; Krishti iu shfaq dishepujve n\u00eb Malin Tabor jo si nj\u00eb sh\u00ebrb\u00ebtor, por n\u00eb form\u00ebn e Per\u00ebndis\u00eb,<\/p>\n","protected":false},"author":1,"featured_media":4116,"comment_status":"open","ping_status":"open","sticky":false,"template":"","format":"standard","meta":{"_acf_changed":false,"pagelayer_contact_templates":[],"_pagelayer_content":"","inline_featured_image":false,"fifu_image_url":"","fifu_image_alt":"","footnotes":""},"categories":[108],"tags":[139,157,196,201,212],"class_list":["post-4115","post","type-post","status-publish","format-standard","has-post-thumbnail","hentry","category-lajme","tag-139","tag-kremtime","tag-tirane","tag-kryepiskopi-anastas","tag-lajme-d27"],"acf":[],"yoast_head":"<!-- This site is optimized with the Yoast SEO plugin v27.2 - https:\/\/yoast.com\/product\/yoast-seo-wordpress\/ -->\n<title>Tiran\u00eb - u kremtua e kremtja e Metamorfoz\u00ebs s\u00eb Shp\u00ebtimtarit - Kisha Orthodh\u03bfkse Autoqefale e Shqip\u00ebris\u00eb<\/title>\n<meta name=\"robots\" content=\"index, follow, max-snippet:-1, max-image-preview:large, max-video-preview:-1\" \/>\n<link rel=\"canonical\" href=\"https:\/\/orthodoxalbania.org\/2020\/2015\/08\/07\/tirane-u-kremtua-e-kremtja-e-metamorfozes-se-shpetimtarit\/\" \/>\n<meta property=\"og:locale\" content=\"en_US\" \/>\n<meta property=\"og:type\" content=\"article\" \/>\n<meta property=\"og:title\" content=\"Tiran\u00eb - u kremtua e kremtja e Metamorfoz\u00ebs s\u00eb Shp\u00ebtimtarit - Kisha Orthodh\u03bfkse Autoqefale e Shqip\u00ebris\u00eb\" \/>\n<meta property=\"og:description\" content=\"&nbsp;&nbsp;&nbsp; M\u00eb 6 gusht Kisha Orthodhokse kremton Metamorfoz\u00ebn e Shp\u00ebtimtarit (Sotirit). Kjo ngjarje ndodhi 40 dit\u00eb para vuajtjeve t\u00eb Krishtit. Ai e zgjodhi k\u00ebt\u00eb moment t\u00eb ve\u00e7ant\u00eb q\u00eb t\u2019u shfaqte dishepujve di\u00e7ka nga lavdia e Tij hyjnore, me q\u00ebllim q\u00eb t\u00eb b\u00ebhej gati t\u00eb duronte vuajtjet mbi kryq. &nbsp;&nbsp;&nbsp; Krishti iu shfaq dishepujve n\u00eb Malin Tabor jo si nj\u00eb sh\u00ebrb\u00ebtor, por n\u00eb form\u00ebn e Per\u00ebndis\u00eb,\" \/>\n<meta property=\"og:url\" content=\"https:\/\/orthodoxalbania.org\/2020\/2015\/08\/07\/tirane-u-kremtua-e-kremtja-e-metamorfozes-se-shpetimtarit\/\" \/>\n<meta property=\"og:site_name\" content=\"Kisha Orthodh\u03bfkse Autoqefale e Shqip\u00ebris\u00eb\" \/>\n<meta property=\"article:publisher\" content=\"https:\/\/www.facebook.com\/koash1991\" \/>\n<meta property=\"article:published_time\" content=\"2015-08-07T06:27:01+00:00\" \/>\n<meta property=\"article:modified_time\" content=\"2020-04-06T20:02:09+00:00\" \/>\n<meta property=\"og:image\" content=\"https:\/\/orthodoxalbania.org\/2020\/wp-content\/uploads\/2020\/04\/11242074_491506891024334_4518699942290657951_n_800x588.jpg\" \/>\n\t<meta property=\"og:image:width\" content=\"150\" \/>\n\t<meta property=\"og:image:height\" content=\"150\" \/>\n\t<meta property=\"og:image:type\" content=\"image\/jpeg\" \/>\n<meta name=\"author\" content=\"Kisha Orthodhokse\" \/>\n<meta name=\"twitter:card\" content=\"summary_large_image\" \/>\n<meta name=\"twitter:label1\" content=\"Written by\" \/>\n\t<meta name=\"twitter:data1\" content=\"Kisha Orthodhokse\" \/>\n\t<meta name=\"twitter:label2\" content=\"Est. reading time\" \/>\n\t<meta name=\"twitter:data2\" content=\"2 minutes\" \/>\n<script type=\"application\/ld+json\" class=\"yoast-schema-graph\">{\"@context\":\"https:\/\/schema.org\",\"@graph\":[{\"@type\":\"Article\",\"@id\":\"https:\/\/orthodoxalbania.org\/2020\/2015\/08\/07\/tirane-u-kremtua-e-kremtja-e-metamorfozes-se-shpetimtarit\/#article\",\"isPartOf\":{\"@id\":\"https:\/\/orthodoxalbania.org\/2020\/2015\/08\/07\/tirane-u-kremtua-e-kremtja-e-metamorfozes-se-shpetimtarit\/\"},\"author\":{\"name\":\"Kisha Orthodhokse\",\"@id\":\"https:\/\/orthodoxalbania.org\/2020\/#\/schema\/person\/0c387634a7063ac612d7ed9ce71c7e86\"},\"headline\":\"Tiran\u00eb &#8211; u kremtua e kremtja e Metamorfoz\u00ebs s\u00eb Shp\u00ebtimtarit\",\"datePublished\":\"2015-08-07T06:27:01+00:00\",\"dateModified\":\"2020-04-06T20:02:09+00:00\",\"mainEntityOfPage\":{\"@id\":\"https:\/\/orthodoxalbania.org\/2020\/2015\/08\/07\/tirane-u-kremtua-e-kremtja-e-metamorfozes-se-shpetimtarit\/\"},\"wordCount\":415,\"commentCount\":0,\"publisher\":{\"@id\":\"https:\/\/orthodoxalbania.org\/2020\/#organization\"},\"image\":{\"@id\":\"https:\/\/orthodoxalbania.org\/2020\/2015\/08\/07\/tirane-u-kremtua-e-kremtja-e-metamorfozes-se-shpetimtarit\/#primaryimage\"},\"thumbnailUrl\":\"https:\/\/orthodoxalbania.org\/2020\/wp-content\/uploads\/2020\/04\/11242074_491506891024334_4518699942290657951_n_800x588.jpg\",\"keywords\":[\"2015\",\"Kremtime\",\"Kryepiskopata Tiran\u00eb\",\"Kryepiskopi Anastas\",\"lajme\"],\"articleSection\":[\"Lajme\"],\"inLanguage\":\"en-US\"},{\"@type\":\"WebPage\",\"@id\":\"https:\/\/orthodoxalbania.org\/2020\/2015\/08\/07\/tirane-u-kremtua-e-kremtja-e-metamorfozes-se-shpetimtarit\/\",\"url\":\"https:\/\/orthodoxalbania.org\/2020\/2015\/08\/07\/tirane-u-kremtua-e-kremtja-e-metamorfozes-se-shpetimtarit\/\",\"name\":\"Tiran\u00eb - u kremtua e kremtja e Metamorfoz\u00ebs s\u00eb Shp\u00ebtimtarit - Kisha Orthodh\u03bfkse Autoqefale e Shqip\u00ebris\u00eb\",\"isPartOf\":{\"@id\":\"https:\/\/orthodoxalbania.org\/2020\/#website\"},\"primaryImageOfPage\":{\"@id\":\"https:\/\/orthodoxalbania.org\/2020\/2015\/08\/07\/tirane-u-kremtua-e-kremtja-e-metamorfozes-se-shpetimtarit\/#primaryimage\"},\"image\":{\"@id\":\"https:\/\/orthodoxalbania.org\/2020\/2015\/08\/07\/tirane-u-kremtua-e-kremtja-e-metamorfozes-se-shpetimtarit\/#primaryimage\"},\"thumbnailUrl\":\"https:\/\/orthodoxalbania.org\/2020\/wp-content\/uploads\/2020\/04\/11242074_491506891024334_4518699942290657951_n_800x588.jpg\",\"datePublished\":\"2015-08-07T06:27:01+00:00\",\"dateModified\":\"2020-04-06T20:02:09+00:00\",\"breadcrumb\":{\"@id\":\"https:\/\/orthodoxalbania.org\/2020\/2015\/08\/07\/tirane-u-kremtua-e-kremtja-e-metamorfozes-se-shpetimtarit\/#breadcrumb\"},\"inLanguage\":\"en-US\",\"potentialAction\":[{\"@type\":\"ReadAction\",\"target\":[\"https:\/\/orthodoxalbania.org\/2020\/2015\/08\/07\/tirane-u-kremtua-e-kremtja-e-metamorfozes-se-shpetimtarit\/\"]}]},{\"@type\":\"ImageObject\",\"inLanguage\":\"en-US\",\"@id\":\"https:\/\/orthodoxalbania.org\/2020\/2015\/08\/07\/tirane-u-kremtua-e-kremtja-e-metamorfozes-se-shpetimtarit\/#primaryimage\",\"url\":\"https:\/\/orthodoxalbania.org\/2020\/wp-content\/uploads\/2020\/04\/11242074_491506891024334_4518699942290657951_n_800x588.jpg\",\"contentUrl\":\"https:\/\/orthodoxalbania.org\/2020\/wp-content\/uploads\/2020\/04\/11242074_491506891024334_4518699942290657951_n_800x588.jpg\",\"width\":150,\"height\":150},{\"@type\":\"BreadcrumbList\",\"@id\":\"https:\/\/orthodoxalbania.org\/2020\/2015\/08\/07\/tirane-u-kremtua-e-kremtja-e-metamorfozes-se-shpetimtarit\/#breadcrumb\",\"itemListElement\":[{\"@type\":\"ListItem\",\"position\":1,\"name\":\"Home\",\"item\":\"https:\/\/orthodoxalbania.org\/2020\/\"},{\"@type\":\"ListItem\",\"position\":2,\"name\":\"Tiran\u00eb &#8211; u kremtua e kremtja e Metamorfoz\u00ebs s\u00eb Shp\u00ebtimtarit\"}]},{\"@type\":\"WebSite\",\"@id\":\"https:\/\/orthodoxalbania.org\/2020\/#website\",\"url\":\"https:\/\/orthodoxalbania.org\/2020\/\",\"name\":\"Kisha Orthodh\u03bfkse Autoqefale e Shqip\u00ebris\u00eb\",\"description\":\"Fqja Zyrtare e Kish\u00ebs Orthodhokse Autoqefale e Shqip\u00ebris\u00eb me lajmet edhe informacionet zyrtare p\u00ebr struktur\u00ebn edhe veprimtarin e saj.\",\"publisher\":{\"@id\":\"https:\/\/orthodoxalbania.org\/2020\/#organization\"},\"potentialAction\":[{\"@type\":\"SearchAction\",\"target\":{\"@type\":\"EntryPoint\",\"urlTemplate\":\"https:\/\/orthodoxalbania.org\/2020\/?s={search_term_string}\"},\"query-input\":{\"@type\":\"PropertyValueSpecification\",\"valueRequired\":true,\"valueName\":\"search_term_string\"}}],\"inLanguage\":\"en-US\"},{\"@type\":\"Organization\",\"@id\":\"https:\/\/orthodoxalbania.org\/2020\/#organization\",\"name\":\"Kisha Orthodhokse Autoqefale e Shqip\u00ebris\u00eb\",\"url\":\"https:\/\/orthodoxalbania.org\/2020\/\",\"logo\":{\"@type\":\"ImageObject\",\"inLanguage\":\"en-US\",\"@id\":\"https:\/\/orthodoxalbania.org\/2020\/#\/schema\/logo\/image\/\",\"url\":\"https:\/\/orthodoxalbania.org\/2020\/wp-content\/uploads\/2020\/05\/albania.jpeg\",\"contentUrl\":\"https:\/\/orthodoxalbania.org\/2020\/wp-content\/uploads\/2020\/05\/albania.jpeg\",\"width\":540,\"height\":540,\"caption\":\"Kisha Orthodhokse Autoqefale e Shqip\u00ebris\u00eb\"},\"image\":{\"@id\":\"https:\/\/orthodoxalbania.org\/2020\/#\/schema\/logo\/image\/\"},\"sameAs\":[\"https:\/\/www.facebook.com\/koash1991\"]},{\"@type\":\"Person\",\"@id\":\"https:\/\/orthodoxalbania.org\/2020\/#\/schema\/person\/0c387634a7063ac612d7ed9ce71c7e86\",\"name\":\"Kisha Orthodhokse\",\"image\":{\"@type\":\"ImageObject\",\"inLanguage\":\"en-US\",\"@id\":\"https:\/\/secure.gravatar.com\/avatar\/596e7c417251e30f2fbb9c00e026fce61a695a00e51c889caded71c96cbbdde5?s=96&d=mm&r=g\",\"url\":\"https:\/\/secure.gravatar.com\/avatar\/596e7c417251e30f2fbb9c00e026fce61a695a00e51c889caded71c96cbbdde5?s=96&d=mm&r=g\",\"contentUrl\":\"https:\/\/secure.gravatar.com\/avatar\/596e7c417251e30f2fbb9c00e026fce61a695a00e51c889caded71c96cbbdde5?s=96&d=mm&r=g\",\"caption\":\"Kisha Orthodhokse\"}}]}<\/script>\n<!-- \/ Yoast SEO plugin. -->","yoast_head_json":{"title":"Tiran\u00eb - u kremtua e kremtja e Metamorfoz\u00ebs s\u00eb Shp\u00ebtimtarit - Kisha Orthodh\u03bfkse Autoqefale e Shqip\u00ebris\u00eb","robots":{"index":"index","follow":"follow","max-snippet":"max-snippet:-1","max-image-preview":"max-image-preview:large","max-video-preview":"max-video-preview:-1"},"canonical":"https:\/\/orthodoxalbania.org\/2020\/2015\/08\/07\/tirane-u-kremtua-e-kremtja-e-metamorfozes-se-shpetimtarit\/","og_locale":"en_US","og_type":"article","og_title":"Tiran\u00eb - u kremtua e kremtja e Metamorfoz\u00ebs s\u00eb Shp\u00ebtimtarit - Kisha Orthodh\u03bfkse Autoqefale e Shqip\u00ebris\u00eb","og_description":"&nbsp;&nbsp;&nbsp; M\u00eb 6 gusht Kisha Orthodhokse kremton Metamorfoz\u00ebn e Shp\u00ebtimtarit (Sotirit). Kjo ngjarje ndodhi 40 dit\u00eb para vuajtjeve t\u00eb Krishtit. Ai e zgjodhi k\u00ebt\u00eb moment t\u00eb ve\u00e7ant\u00eb q\u00eb t\u2019u shfaqte dishepujve di\u00e7ka nga lavdia e Tij hyjnore, me q\u00ebllim q\u00eb t\u00eb b\u00ebhej gati t\u00eb duronte vuajtjet mbi kryq. &nbsp;&nbsp;&nbsp; Krishti iu shfaq dishepujve n\u00eb Malin Tabor jo si nj\u00eb sh\u00ebrb\u00ebtor, por n\u00eb form\u00ebn e Per\u00ebndis\u00eb,","og_url":"https:\/\/orthodoxalbania.org\/2020\/2015\/08\/07\/tirane-u-kremtua-e-kremtja-e-metamorfozes-se-shpetimtarit\/","og_site_name":"Kisha Orthodh\u03bfkse Autoqefale e Shqip\u00ebris\u00eb","article_publisher":"https:\/\/www.facebook.com\/koash1991","article_published_time":"2015-08-07T06:27:01+00:00","article_modified_time":"2020-04-06T20:02:09+00:00","og_image":[{"width":150,"height":150,"url":"https:\/\/orthodoxalbania.org\/2020\/wp-content\/uploads\/2020\/04\/11242074_491506891024334_4518699942290657951_n_800x588.jpg","type":"image\/jpeg"}],"author":"Kisha Orthodhokse","twitter_card":"summary_large_image","twitter_misc":{"Written by":"Kisha Orthodhokse","Est. reading time":"2 minutes"},"schema":{"@context":"https:\/\/schema.org","@graph":[{"@type":"Article","@id":"https:\/\/orthodoxalbania.org\/2020\/2015\/08\/07\/tirane-u-kremtua-e-kremtja-e-metamorfozes-se-shpetimtarit\/#article","isPartOf":{"@id":"https:\/\/orthodoxalbania.org\/2020\/2015\/08\/07\/tirane-u-kremtua-e-kremtja-e-metamorfozes-se-shpetimtarit\/"},"author":{"name":"Kisha Orthodhokse","@id":"https:\/\/orthodoxalbania.org\/2020\/#\/schema\/person\/0c387634a7063ac612d7ed9ce71c7e86"},"headline":"Tiran\u00eb &#8211; u kremtua e kremtja e Metamorfoz\u00ebs s\u00eb Shp\u00ebtimtarit","datePublished":"2015-08-07T06:27:01+00:00","dateModified":"2020-04-06T20:02:09+00:00","mainEntityOfPage":{"@id":"https:\/\/orthodoxalbania.org\/2020\/2015\/08\/07\/tirane-u-kremtua-e-kremtja-e-metamorfozes-se-shpetimtarit\/"},"wordCount":415,"commentCount":0,"publisher":{"@id":"https:\/\/orthodoxalbania.org\/2020\/#organization"},"image":{"@id":"https:\/\/orthodoxalbania.org\/2020\/2015\/08\/07\/tirane-u-kremtua-e-kremtja-e-metamorfozes-se-shpetimtarit\/#primaryimage"},"thumbnailUrl":"https:\/\/orthodoxalbania.org\/2020\/wp-content\/uploads\/2020\/04\/11242074_491506891024334_4518699942290657951_n_800x588.jpg","keywords":["2015","Kremtime","Kryepiskopata Tiran\u00eb","Kryepiskopi Anastas","lajme"],"articleSection":["Lajme"],"inLanguage":"en-US"},{"@type":"WebPage","@id":"https:\/\/orthodoxalbania.org\/2020\/2015\/08\/07\/tirane-u-kremtua-e-kremtja-e-metamorfozes-se-shpetimtarit\/","url":"https:\/\/orthodoxalbania.org\/2020\/2015\/08\/07\/tirane-u-kremtua-e-kremtja-e-metamorfozes-se-shpetimtarit\/","name":"Tiran\u00eb - u kremtua e kremtja e Metamorfoz\u00ebs s\u00eb Shp\u00ebtimtarit - Kisha Orthodh\u03bfkse Autoqefale e Shqip\u00ebris\u00eb","isPartOf":{"@id":"https:\/\/orthodoxalbania.org\/2020\/#website"},"primaryImageOfPage":{"@id":"https:\/\/orthodoxalbania.org\/2020\/2015\/08\/07\/tirane-u-kremtua-e-kremtja-e-metamorfozes-se-shpetimtarit\/#primaryimage"},"image":{"@id":"https:\/\/orthodoxalbania.org\/2020\/2015\/08\/07\/tirane-u-kremtua-e-kremtja-e-metamorfozes-se-shpetimtarit\/#primaryimage"},"thumbnailUrl":"https:\/\/orthodoxalbania.org\/2020\/wp-content\/uploads\/2020\/04\/11242074_491506891024334_4518699942290657951_n_800x588.jpg","datePublished":"2015-08-07T06:27:01+00:00","dateModified":"2020-04-06T20:02:09+00:00","breadcrumb":{"@id":"https:\/\/orthodoxalbania.org\/2020\/2015\/08\/07\/tirane-u-kremtua-e-kremtja-e-metamorfozes-se-shpetimtarit\/#breadcrumb"},"inLanguage":"en-US","potentialAction":[{"@type":"ReadAction","target":["https:\/\/orthodoxalbania.org\/2020\/2015\/08\/07\/tirane-u-kremtua-e-kremtja-e-metamorfozes-se-shpetimtarit\/"]}]},{"@type":"ImageObject","inLanguage":"en-US","@id":"https:\/\/orthodoxalbania.org\/2020\/2015\/08\/07\/tirane-u-kremtua-e-kremtja-e-metamorfozes-se-shpetimtarit\/#primaryimage","url":"https:\/\/orthodoxalbania.org\/2020\/wp-content\/uploads\/2020\/04\/11242074_491506891024334_4518699942290657951_n_800x588.jpg","contentUrl":"https:\/\/orthodoxalbania.org\/2020\/wp-content\/uploads\/2020\/04\/11242074_491506891024334_4518699942290657951_n_800x588.jpg","width":150,"height":150},{"@type":"BreadcrumbList","@id":"https:\/\/orthodoxalbania.org\/2020\/2015\/08\/07\/tirane-u-kremtua-e-kremtja-e-metamorfozes-se-shpetimtarit\/#breadcrumb","itemListElement":[{"@type":"ListItem","position":1,"name":"Home","item":"https:\/\/orthodoxalbania.org\/2020\/"},{"@type":"ListItem","position":2,"name":"Tiran\u00eb &#8211; u kremtua e kremtja e Metamorfoz\u00ebs s\u00eb Shp\u00ebtimtarit"}]},{"@type":"WebSite","@id":"https:\/\/orthodoxalbania.org\/2020\/#website","url":"https:\/\/orthodoxalbania.org\/2020\/","name":"Kisha Orthodh\u03bfkse Autoqefale e Shqip\u00ebris\u00eb","description":"Fqja Zyrtare e Kish\u00ebs Orthodhokse Autoqefale e Shqip\u00ebris\u00eb me lajmet edhe informacionet zyrtare p\u00ebr struktur\u00ebn edhe veprimtarin e saj.","publisher":{"@id":"https:\/\/orthodoxalbania.org\/2020\/#organization"},"potentialAction":[{"@type":"SearchAction","target":{"@type":"EntryPoint","urlTemplate":"https:\/\/orthodoxalbania.org\/2020\/?s={search_term_string}"},"query-input":{"@type":"PropertyValueSpecification","valueRequired":true,"valueName":"search_term_string"}}],"inLanguage":"en-US"},{"@type":"Organization","@id":"https:\/\/orthodoxalbania.org\/2020\/#organization","name":"Kisha Orthodhokse Autoqefale e Shqip\u00ebris\u00eb","url":"https:\/\/orthodoxalbania.org\/2020\/","logo":{"@type":"ImageObject","inLanguage":"en-US","@id":"https:\/\/orthodoxalbania.org\/2020\/#\/schema\/logo\/image\/","url":"https:\/\/orthodoxalbania.org\/2020\/wp-content\/uploads\/2020\/05\/albania.jpeg","contentUrl":"https:\/\/orthodoxalbania.org\/2020\/wp-content\/uploads\/2020\/05\/albania.jpeg","width":540,"height":540,"caption":"Kisha Orthodhokse Autoqefale e Shqip\u00ebris\u00eb"},"image":{"@id":"https:\/\/orthodoxalbania.org\/2020\/#\/schema\/logo\/image\/"},"sameAs":["https:\/\/www.facebook.com\/koash1991"]},{"@type":"Person","@id":"https:\/\/orthodoxalbania.org\/2020\/#\/schema\/person\/0c387634a7063ac612d7ed9ce71c7e86","name":"Kisha Orthodhokse","image":{"@type":"ImageObject","inLanguage":"en-US","@id":"https:\/\/secure.gravatar.com\/avatar\/596e7c417251e30f2fbb9c00e026fce61a695a00e51c889caded71c96cbbdde5?s=96&d=mm&r=g","url":"https:\/\/secure.gravatar.com\/avatar\/596e7c417251e30f2fbb9c00e026fce61a695a00e51c889caded71c96cbbdde5?s=96&d=mm&r=g","contentUrl":"https:\/\/secure.gravatar.com\/avatar\/596e7c417251e30f2fbb9c00e026fce61a695a00e51c889caded71c96cbbdde5?s=96&d=mm&r=g","caption":"Kisha Orthodhokse"}}]}},"_links":{"self":[{"href":"https:\/\/orthodoxalbania.org\/2020\/wp-json\/wp\/v2\/posts\/4115","targetHints":{"allow":["GET"]}}],"collection":[{"href":"https:\/\/orthodoxalbania.org\/2020\/wp-json\/wp\/v2\/posts"}],"about":[{"href":"https:\/\/orthodoxalbania.org\/2020\/wp-json\/wp\/v2\/types\/post"}],"author":[{"embeddable":true,"href":"https:\/\/orthodoxalbania.org\/2020\/wp-json\/wp\/v2\/users\/1"}],"replies":[{"embeddable":true,"href":"https:\/\/orthodoxalbania.org\/2020\/wp-json\/wp\/v2\/comments?post=4115"}],"version-history":[{"count":1,"href":"https:\/\/orthodoxalbania.org\/2020\/wp-json\/wp\/v2\/posts\/4115\/revisions"}],"predecessor-version":[{"id":14976,"href":"https:\/\/orthodoxalbania.org\/2020\/wp-json\/wp\/v2\/posts\/4115\/revisions\/14976"}],"wp:featuredmedia":[{"embeddable":true,"href":"https:\/\/orthodoxalbania.org\/2020\/wp-json\/wp\/v2\/media\/4116"}],"wp:attachment":[{"href":"https:\/\/orthodoxalbania.org\/2020\/wp-json\/wp\/v2\/media?parent=4115"}],"wp:term":[{"taxonomy":"category","embeddable":true,"href":"https:\/\/orthodoxalbania.org\/2020\/wp-json\/wp\/v2\/categories?post=4115"},{"taxonomy":"post_tag","embeddable":true,"href":"https:\/\/orthodoxalbania.org\/2020\/wp-json\/wp\/v2\/tags?post=4115"}],"curies":[{"name":"wp","href":"https:\/\/api.w.org\/{rel}","templated":true}]}}