{"id":4113,"date":"2015-08-04T06:14:46","date_gmt":"2015-08-04T06:14:46","guid":{"rendered":""},"modified":"2020-04-06T22:02:09","modified_gmt":"2020-04-06T20:02:09","slug":"kremtim-festiv-i-sinodit-te-shenjte-ne-pervjetorin-e-23-te-te-fronezimit-te-kryepiskopit","status":"publish","type":"post","link":"https:\/\/orthodoxalbania.org\/2020\/2015\/08\/04\/kremtim-festiv-i-sinodit-te-shenjte-ne-pervjetorin-e-23-te-te-fronezimit-te-kryepiskopit\/","title":{"rendered":"Kremtim festiv i Sinodit t\u00eb Shenjt\u00eb n\u00eb p\u00ebrvjetorin e 23-t\u00eb t\u00eb Fron\u00ebzimit t\u00eb Kryepiskopit"},"content":{"rendered":"<p style=\"text-align: center;\">\n\t&nbsp;<\/p>\n<p> <\/p>\n<p style=\"text-align: justify;\">\n\t<span style=\"font-size: 12pt; font-family: helvetica; color: #000000;\">&nbsp; &nbsp; Periudha e ver\u00ebs \u00e7do vit sh\u00ebnohet nga 3 kremtime t\u00eb r\u00ebnd\u00ebsishme p\u00ebrvjetor\u00ebsh t\u00eb lidhur me ringritjen kanonike t\u00eb Kish\u00ebs Orthodhokse Autoqefale t\u00eb Shqip\u00ebris\u00eb dhe ve\u00e7an\u00ebrisht me vepr\u00ebn e jasht\u00ebzakonshme t\u00eb Kryepiskopit Anastas.<\/span><\/p>\n<p style=\"text-align: justify;\">\n\t<span style=\"color: #000000; font-size: 12pt; font-family: helvetica;\">&nbsp; &nbsp; 1 qershori (2014), kur p\u00ebr shenjt\u00ebrimin e katedrales \u201cNgjallja e Krishtit\u201d u mblodh\u00ebn n\u00eb Tiran\u00eb primat\u00eb dhe p\u00ebrfaq\u00ebsues t\u00eb t\u00eb gjitha Kishave Orthodhokse kanonike t\u00eb bot\u00ebs, duke afirmuar p\u00ebrfundimisht vendin e barabart\u00eb q\u00eb Kisha jon\u00eb ka tashm\u00eb p\u00ebrkrah simotrave.<\/span><\/p>\n<p style=\"text-align: justify;\">\n\t<span style=\"color: #000000; font-size: 12pt; font-family: helvetica;\">&nbsp; &nbsp; 24 qershori (1992), kur me zgjedhjen e Fortlumturis\u00eb s\u00eb Tij Anastasit, si Kryepiskop i Tiran\u00ebs, Durr\u00ebsit dhe i gjith\u00eb Shqip\u00ebris\u00eb nga Patriarkana Ekumenike e Konstandinopoj\u00ebs nisi ringritja kanonike e Kish\u00ebs son\u00eb.<\/span><\/p>\n<p style=\"text-align: justify;\">\n\t<span style=\"font-family: helvetica; font-size: 12pt; color: #000000;\">&nbsp; &nbsp; 2 gushti (1992), kur Fortlumturia e Tij u prezantua dhe u fron\u00ebzua para besimtar\u00ebve si Kryepiskopi i tyre dhe mori prej tyre at\u00eb mb\u00ebshtetje t\u00eb patundur q\u00eb e ka shoq\u00ebruar n\u00eb t\u00eb gjith\u00eb k\u00ebto vite.<\/span><\/p>\n<p style=\"text-align: justify;\">\n\t<span style=\"color: #000000; font-size: 12pt; font-family: helvetica;\">&nbsp; &nbsp; Me rastin e nj\u00eb prej k\u00ebtyre dit\u00ebve t\u00eb sh\u00ebnuara, pra t\u00eb 2 gushtit, n\u00eb Katedralen \u201cNgjallja e Krishtit\u201d, n\u00eb Tiran\u00eb, u zhvillua t\u00eb diel\u00ebn Liturgjia Hyjnore festive, e drejtuar nga Kryepiskopi Anastas, ku mor\u00ebn pjes\u00eb t\u00eb gjith\u00eb an\u00ebtar\u00ebt e Sinodit t\u00eb Shenjt\u00eb, klerik\u00eb dhe laik\u00eb.<\/span><\/p>\n<p style=\"text-align: justify;\">\n\t<span style=\"font-size: 12pt; font-family: helvetica; color: #000000;\">&nbsp; &nbsp; N\u00eb k\u00ebt\u00eb dit\u00eb t\u00eb sh\u00ebnuar nderoi me pranin\u00eb e tij Mitropoliti i Pisidis\u00eb, Hir\u00ebsi Sotiri, an\u00ebtar i Sinodit t\u00eb Shenjt\u00eb t\u00eb Patriarkan\u00ebs Ekumenike dhe mik prej afro 70 vjet\u00ebsh i Kryepiskopit Anastas, i cili p\u00ebr 40 vjet ka drejtuar Kish\u00ebn Orthodhokse t\u00eb Kores\u00eb.<\/span><\/p>\n<p style=\"text-align: justify;\">\n\t<span style=\"color: #000000; font-size: 12pt; font-family: helvetica;\">&nbsp; &nbsp; N\u00eb fund Kryepiskopi Anastas u foli t\u00eb pranishm\u00ebve p\u00ebr k\u00ebt\u00eb dit\u00eb t\u00eb sh\u00ebnuar, duke kujtuar se v\u00ebshtir\u00ebsit\u00eb e pengesat nuk e ndal\u00ebn dot ecjen p\u00ebrpara t\u00eb Kish\u00ebs son\u00eb.<\/span><\/p>\n<p style=\"text-align: justify;\">\n\t<span style=\"color: #000000; font-size: 12pt; font-family: helvetica;\">&nbsp; &nbsp; Kryepiskopin Anastas e p\u00ebrsh\u00ebndeti me rastin e k\u00ebtij p\u00ebrvjetori edhe Mitropoliti Sotir, i cili mes t\u00eb tjerash rikujtoi fjal\u00ebt e Patriarkut Ekumenik Vartholomeut, se kushdo q\u00eb do t\u00eb shikoj\u00eb mrekulli duhet t\u00eb vizitoj\u00eb Kish\u00ebn e Shqip\u00ebris\u00eb.<\/span><\/p>\n<p style=\"text-align: justify;\">\n\t<span style=\"font-family: helvetica; font-size: 12pt; color: #000000;\">&nbsp; &nbsp; N\u00eb em\u00ebr t\u00eb an\u00ebtar\u00ebve t\u00eb Sinodit t\u00eb Shenjt\u00eb Fortlumturin\u00eb e Tij e p\u00ebrsh\u00ebndeti Mitropoliti i Beratit, Hir\u00ebsi Ignati.<\/span><\/p>\n<p style=\"text-align: justify;\">\n\t<span style=\"font-family: helvetica; font-size: 12pt; color: #000000;\">&nbsp; &nbsp; N\u00eb fund, Kryepiskopi Anastas ndau nafor\u00ebn, duke marr\u00eb nj\u00ebkoh\u00ebsisht edhe urimet \u201cP\u00ebr shum\u00eb vjet, o Kryezot\u201d t\u00eb gjith\u00eb t\u00eb pranishm\u00ebve.<\/span><\/p>\n<p style=\"text-align: justify;\">\n\t&nbsp;<\/p>\n<p style=\"text-align: justify;\">\n\t&nbsp;<\/p>\n<p style=\"text-align: justify;\">\n\t<img class=\"lazyload\" decoding=\"async\" alt=\"\" height=\"300\" src=\"data:image\/svg+xml,%3Csvg%20xmlns%3D%27http%3A%2F%2Fwww.w3.org%2F2000%2Fsvg%27%20width%3D%27450%27%20height%3D%27300%27%20viewBox%3D%270%200%20450%20300%27%3E%3Crect%20width%3D%27450%27%20height%3D%27300%27%20fill-opacity%3D%220%22%2F%3E%3C%2Fsvg%3E\" data-orig-src=\"https:\/\/lh6.googleusercontent.com\/-c6indO_X8DE\/VcBWucSsLqI\/AAAAAAAAOHw\/XyhtiqZUA5g\/w958-h639-no\/1.JPG\" style=\"display: block; margin: 10px auto; border: 1px solid #000000;\" width=\"450\" \/><\/p>\n<p style=\"text-align: center;\">\n\t<img class=\"lazyload\" decoding=\"async\" alt=\"\" height=\"675\" src=\"data:image\/svg+xml,%3Csvg%20xmlns%3D%27http%3A%2F%2Fwww.w3.org%2F2000%2Fsvg%27%20width%3D%27450%27%20height%3D%27675%27%20viewBox%3D%270%200%20450%20675%27%3E%3Crect%20width%3D%27450%27%20height%3D%27675%27%20fill-opacity%3D%220%22%2F%3E%3C%2Fsvg%3E\" data-orig-src=\"https:\/\/lh3.googleusercontent.com\/-GMEsNkxYiHI\/VcBWuTb1dhI\/AAAAAAAAOH0\/g8H9cejqRQI\/w555-h833-no\/2.JPG\" style=\"display: block; margin: 10px auto; border: 1px solid #000000;\" width=\"450\" \/><\/p>\n<p style=\"text-align: center;\">\n\t<img class=\"lazyload\" decoding=\"async\" alt=\"\" height=\"300\" src=\"data:image\/svg+xml,%3Csvg%20xmlns%3D%27http%3A%2F%2Fwww.w3.org%2F2000%2Fsvg%27%20width%3D%27450%27%20height%3D%27300%27%20viewBox%3D%270%200%20450%20300%27%3E%3Crect%20width%3D%27450%27%20height%3D%27300%27%20fill-opacity%3D%220%22%2F%3E%3C%2Fsvg%3E\" data-orig-src=\"https:\/\/lh5.googleusercontent.com\/-uXnGaczmxOg\/VcBWtJul22I\/AAAAAAAAOHk\/2A_sfgY7X4Q\/w800-h533-no\/3_800x533.JPG\" style=\"display: block; margin: 10px auto; border: 1px solid #000000;\" width=\"450\" \/><\/p>\n<p style=\"text-align: center;\">\n\t<iframe allowfullscreen=\"\" frameborder=\"0\" height=\"315\" src=\"https:\/\/www.youtube.com\/embed\/jQwwJJD8ous\" width=\"560\"><\/iframe><\/p>\n","protected":false},"excerpt":{"rendered":"<p>&nbsp; &nbsp; &nbsp; Periudha e ver\u00ebs \u00e7do vit sh\u00ebnohet nga 3 kremtime t\u00eb r\u00ebnd\u00ebsishme p\u00ebrvjetor\u00ebsh t\u00eb lidhur me ringritjen kanonike t\u00eb Kish\u00ebs Orthodhokse Autoqefale t\u00eb Shqip\u00ebris\u00eb dhe ve\u00e7an\u00ebrisht me vepr\u00ebn e jasht\u00ebzakonshme t\u00eb Kryepiskopit Anastas. &nbsp; &nbsp; 1 qershori (2014), kur p\u00ebr shenjt\u00ebrimin e katedrales \u201cNgjallja e Krishtit\u201d u mblodh\u00ebn n\u00eb Tiran\u00eb primat\u00eb dhe p\u00ebrfaq\u00ebsues t\u00eb t\u00eb gjitha Kishave Orthodhokse kanonike t\u00eb bot\u00ebs, duke afirmuar<\/p>\n","protected":false},"author":1,"featured_media":4114,"comment_status":"open","ping_status":"open","sticky":false,"template":"","format":"standard","meta":{"_acf_changed":false,"pagelayer_contact_templates":[],"_pagelayer_content":"","inline_featured_image":false,"fifu_image_url":"","fifu_image_alt":"","footnotes":""},"categories":[108],"tags":[139,184,157,196,201,212],"class_list":["post-4113","post","type-post","status-publish","format-standard","has-post-thumbnail","hentry","category-lajme","tag-139","tag-katedralja-ngjallja-e-krishtit-tirane","tag-kremtime","tag-tirane","tag-kryepiskopi-anastas","tag-lajme-d27"],"acf":[],"yoast_head":"<!-- This site is optimized with the Yoast SEO plugin v27.2 - https:\/\/yoast.com\/product\/yoast-seo-wordpress\/ -->\n<title>Kremtim festiv i Sinodit t\u00eb Shenjt\u00eb n\u00eb p\u00ebrvjetorin e 23-t\u00eb t\u00eb Fron\u00ebzimit t\u00eb Kryepiskopit - Kisha Orthodh\u03bfkse Autoqefale e Shqip\u00ebris\u00eb<\/title>\n<meta name=\"robots\" content=\"index, follow, max-snippet:-1, max-image-preview:large, max-video-preview:-1\" \/>\n<link rel=\"canonical\" href=\"https:\/\/orthodoxalbania.org\/2020\/2015\/08\/04\/kremtim-festiv-i-sinodit-te-shenjte-ne-pervjetorin-e-23-te-te-fronezimit-te-kryepiskopit\/\" \/>\n<meta property=\"og:locale\" content=\"en_US\" \/>\n<meta property=\"og:type\" content=\"article\" \/>\n<meta property=\"og:title\" content=\"Kremtim festiv i Sinodit t\u00eb Shenjt\u00eb n\u00eb p\u00ebrvjetorin e 23-t\u00eb t\u00eb Fron\u00ebzimit t\u00eb Kryepiskopit - Kisha Orthodh\u03bfkse Autoqefale e Shqip\u00ebris\u00eb\" \/>\n<meta property=\"og:description\" content=\"&nbsp; &nbsp; &nbsp; Periudha e ver\u00ebs \u00e7do vit sh\u00ebnohet nga 3 kremtime t\u00eb r\u00ebnd\u00ebsishme p\u00ebrvjetor\u00ebsh t\u00eb lidhur me ringritjen kanonike t\u00eb Kish\u00ebs Orthodhokse Autoqefale t\u00eb Shqip\u00ebris\u00eb dhe ve\u00e7an\u00ebrisht me vepr\u00ebn e jasht\u00ebzakonshme t\u00eb Kryepiskopit Anastas. &nbsp; &nbsp; 1 qershori (2014), kur p\u00ebr shenjt\u00ebrimin e katedrales \u201cNgjallja e Krishtit\u201d u mblodh\u00ebn n\u00eb Tiran\u00eb primat\u00eb dhe p\u00ebrfaq\u00ebsues t\u00eb t\u00eb gjitha Kishave Orthodhokse kanonike t\u00eb bot\u00ebs, duke afirmuar\" \/>\n<meta property=\"og:url\" content=\"https:\/\/orthodoxalbania.org\/2020\/2015\/08\/04\/kremtim-festiv-i-sinodit-te-shenjte-ne-pervjetorin-e-23-te-te-fronezimit-te-kryepiskopit\/\" \/>\n<meta property=\"og:site_name\" content=\"Kisha Orthodh\u03bfkse Autoqefale e Shqip\u00ebris\u00eb\" \/>\n<meta property=\"article:publisher\" content=\"https:\/\/www.facebook.com\/koash1991\" \/>\n<meta property=\"article:published_time\" content=\"2015-08-04T06:14:46+00:00\" \/>\n<meta property=\"article:modified_time\" content=\"2020-04-06T20:02:09+00:00\" \/>\n<meta property=\"og:image\" content=\"https:\/\/orthodoxalbania.org\/2020\/wp-content\/uploads\/2020\/04\/3_800x533.JPG\" \/>\n\t<meta property=\"og:image:width\" content=\"150\" \/>\n\t<meta property=\"og:image:height\" content=\"150\" \/>\n\t<meta property=\"og:image:type\" content=\"image\/jpeg\" \/>\n<meta name=\"author\" content=\"Kisha Orthodhokse\" \/>\n<meta name=\"twitter:card\" content=\"summary_large_image\" \/>\n<meta name=\"twitter:label1\" content=\"Written by\" \/>\n\t<meta name=\"twitter:data1\" content=\"Kisha Orthodhokse\" \/>\n\t<meta name=\"twitter:label2\" content=\"Est. reading time\" \/>\n\t<meta name=\"twitter:data2\" content=\"2 minutes\" \/>\n<script type=\"application\/ld+json\" class=\"yoast-schema-graph\">{\"@context\":\"https:\/\/schema.org\",\"@graph\":[{\"@type\":\"Article\",\"@id\":\"https:\/\/orthodoxalbania.org\/2020\/2015\/08\/04\/kremtim-festiv-i-sinodit-te-shenjte-ne-pervjetorin-e-23-te-te-fronezimit-te-kryepiskopit\/#article\",\"isPartOf\":{\"@id\":\"https:\/\/orthodoxalbania.org\/2020\/2015\/08\/04\/kremtim-festiv-i-sinodit-te-shenjte-ne-pervjetorin-e-23-te-te-fronezimit-te-kryepiskopit\/\"},\"author\":{\"name\":\"Kisha Orthodhokse\",\"@id\":\"https:\/\/orthodoxalbania.org\/2020\/#\/schema\/person\/0c387634a7063ac612d7ed9ce71c7e86\"},\"headline\":\"Kremtim festiv i Sinodit t\u00eb Shenjt\u00eb n\u00eb p\u00ebrvjetorin e 23-t\u00eb t\u00eb Fron\u00ebzimit t\u00eb Kryepiskopit\",\"datePublished\":\"2015-08-04T06:14:46+00:00\",\"dateModified\":\"2020-04-06T20:02:09+00:00\",\"mainEntityOfPage\":{\"@id\":\"https:\/\/orthodoxalbania.org\/2020\/2015\/08\/04\/kremtim-festiv-i-sinodit-te-shenjte-ne-pervjetorin-e-23-te-te-fronezimit-te-kryepiskopit\/\"},\"wordCount\":428,\"commentCount\":0,\"publisher\":{\"@id\":\"https:\/\/orthodoxalbania.org\/2020\/#organization\"},\"image\":{\"@id\":\"https:\/\/orthodoxalbania.org\/2020\/2015\/08\/04\/kremtim-festiv-i-sinodit-te-shenjte-ne-pervjetorin-e-23-te-te-fronezimit-te-kryepiskopit\/#primaryimage\"},\"thumbnailUrl\":\"https:\/\/orthodoxalbania.org\/2020\/wp-content\/uploads\/2020\/04\/3_800x533.JPG\",\"keywords\":[\"2015\",\"Katedralja \u201cNgjallja e Krishtit\u201d Tiran\u00eb\",\"Kremtime\",\"Kryepiskopata Tiran\u00eb\",\"Kryepiskopi Anastas\",\"lajme\"],\"articleSection\":[\"Lajme\"],\"inLanguage\":\"en-US\"},{\"@type\":\"WebPage\",\"@id\":\"https:\/\/orthodoxalbania.org\/2020\/2015\/08\/04\/kremtim-festiv-i-sinodit-te-shenjte-ne-pervjetorin-e-23-te-te-fronezimit-te-kryepiskopit\/\",\"url\":\"https:\/\/orthodoxalbania.org\/2020\/2015\/08\/04\/kremtim-festiv-i-sinodit-te-shenjte-ne-pervjetorin-e-23-te-te-fronezimit-te-kryepiskopit\/\",\"name\":\"Kremtim festiv i Sinodit t\u00eb Shenjt\u00eb n\u00eb p\u00ebrvjetorin e 23-t\u00eb t\u00eb Fron\u00ebzimit t\u00eb Kryepiskopit - Kisha Orthodh\u03bfkse Autoqefale e Shqip\u00ebris\u00eb\",\"isPartOf\":{\"@id\":\"https:\/\/orthodoxalbania.org\/2020\/#website\"},\"primaryImageOfPage\":{\"@id\":\"https:\/\/orthodoxalbania.org\/2020\/2015\/08\/04\/kremtim-festiv-i-sinodit-te-shenjte-ne-pervjetorin-e-23-te-te-fronezimit-te-kryepiskopit\/#primaryimage\"},\"image\":{\"@id\":\"https:\/\/orthodoxalbania.org\/2020\/2015\/08\/04\/kremtim-festiv-i-sinodit-te-shenjte-ne-pervjetorin-e-23-te-te-fronezimit-te-kryepiskopit\/#primaryimage\"},\"thumbnailUrl\":\"https:\/\/orthodoxalbania.org\/2020\/wp-content\/uploads\/2020\/04\/3_800x533.JPG\",\"datePublished\":\"2015-08-04T06:14:46+00:00\",\"dateModified\":\"2020-04-06T20:02:09+00:00\",\"breadcrumb\":{\"@id\":\"https:\/\/orthodoxalbania.org\/2020\/2015\/08\/04\/kremtim-festiv-i-sinodit-te-shenjte-ne-pervjetorin-e-23-te-te-fronezimit-te-kryepiskopit\/#breadcrumb\"},\"inLanguage\":\"en-US\",\"potentialAction\":[{\"@type\":\"ReadAction\",\"target\":[\"https:\/\/orthodoxalbania.org\/2020\/2015\/08\/04\/kremtim-festiv-i-sinodit-te-shenjte-ne-pervjetorin-e-23-te-te-fronezimit-te-kryepiskopit\/\"]}]},{\"@type\":\"ImageObject\",\"inLanguage\":\"en-US\",\"@id\":\"https:\/\/orthodoxalbania.org\/2020\/2015\/08\/04\/kremtim-festiv-i-sinodit-te-shenjte-ne-pervjetorin-e-23-te-te-fronezimit-te-kryepiskopit\/#primaryimage\",\"url\":\"https:\/\/orthodoxalbania.org\/2020\/wp-content\/uploads\/2020\/04\/3_800x533.JPG\",\"contentUrl\":\"https:\/\/orthodoxalbania.org\/2020\/wp-content\/uploads\/2020\/04\/3_800x533.JPG\",\"width\":150,\"height\":150},{\"@type\":\"BreadcrumbList\",\"@id\":\"https:\/\/orthodoxalbania.org\/2020\/2015\/08\/04\/kremtim-festiv-i-sinodit-te-shenjte-ne-pervjetorin-e-23-te-te-fronezimit-te-kryepiskopit\/#breadcrumb\",\"itemListElement\":[{\"@type\":\"ListItem\",\"position\":1,\"name\":\"Home\",\"item\":\"https:\/\/orthodoxalbania.org\/2020\/\"},{\"@type\":\"ListItem\",\"position\":2,\"name\":\"Kremtim festiv i Sinodit t\u00eb Shenjt\u00eb n\u00eb p\u00ebrvjetorin e 23-t\u00eb t\u00eb Fron\u00ebzimit t\u00eb Kryepiskopit\"}]},{\"@type\":\"WebSite\",\"@id\":\"https:\/\/orthodoxalbania.org\/2020\/#website\",\"url\":\"https:\/\/orthodoxalbania.org\/2020\/\",\"name\":\"Kisha Orthodh\u03bfkse Autoqefale e Shqip\u00ebris\u00eb\",\"description\":\"Fqja Zyrtare e Kish\u00ebs Orthodhokse Autoqefale e Shqip\u00ebris\u00eb me lajmet edhe informacionet zyrtare p\u00ebr struktur\u00ebn edhe veprimtarin e saj.\",\"publisher\":{\"@id\":\"https:\/\/orthodoxalbania.org\/2020\/#organization\"},\"potentialAction\":[{\"@type\":\"SearchAction\",\"target\":{\"@type\":\"EntryPoint\",\"urlTemplate\":\"https:\/\/orthodoxalbania.org\/2020\/?s={search_term_string}\"},\"query-input\":{\"@type\":\"PropertyValueSpecification\",\"valueRequired\":true,\"valueName\":\"search_term_string\"}}],\"inLanguage\":\"en-US\"},{\"@type\":\"Organization\",\"@id\":\"https:\/\/orthodoxalbania.org\/2020\/#organization\",\"name\":\"Kisha Orthodhokse Autoqefale e Shqip\u00ebris\u00eb\",\"url\":\"https:\/\/orthodoxalbania.org\/2020\/\",\"logo\":{\"@type\":\"ImageObject\",\"inLanguage\":\"en-US\",\"@id\":\"https:\/\/orthodoxalbania.org\/2020\/#\/schema\/logo\/image\/\",\"url\":\"https:\/\/orthodoxalbania.org\/2020\/wp-content\/uploads\/2020\/05\/albania.jpeg\",\"contentUrl\":\"https:\/\/orthodoxalbania.org\/2020\/wp-content\/uploads\/2020\/05\/albania.jpeg\",\"width\":540,\"height\":540,\"caption\":\"Kisha Orthodhokse Autoqefale e Shqip\u00ebris\u00eb\"},\"image\":{\"@id\":\"https:\/\/orthodoxalbania.org\/2020\/#\/schema\/logo\/image\/\"},\"sameAs\":[\"https:\/\/www.facebook.com\/koash1991\"]},{\"@type\":\"Person\",\"@id\":\"https:\/\/orthodoxalbania.org\/2020\/#\/schema\/person\/0c387634a7063ac612d7ed9ce71c7e86\",\"name\":\"Kisha Orthodhokse\",\"image\":{\"@type\":\"ImageObject\",\"inLanguage\":\"en-US\",\"@id\":\"https:\/\/secure.gravatar.com\/avatar\/596e7c417251e30f2fbb9c00e026fce61a695a00e51c889caded71c96cbbdde5?s=96&d=mm&r=g\",\"url\":\"https:\/\/secure.gravatar.com\/avatar\/596e7c417251e30f2fbb9c00e026fce61a695a00e51c889caded71c96cbbdde5?s=96&d=mm&r=g\",\"contentUrl\":\"https:\/\/secure.gravatar.com\/avatar\/596e7c417251e30f2fbb9c00e026fce61a695a00e51c889caded71c96cbbdde5?s=96&d=mm&r=g\",\"caption\":\"Kisha Orthodhokse\"}}]}<\/script>\n<!-- \/ Yoast SEO plugin. -->","yoast_head_json":{"title":"Kremtim festiv i Sinodit t\u00eb Shenjt\u00eb n\u00eb p\u00ebrvjetorin e 23-t\u00eb t\u00eb Fron\u00ebzimit t\u00eb Kryepiskopit - Kisha Orthodh\u03bfkse Autoqefale e Shqip\u00ebris\u00eb","robots":{"index":"index","follow":"follow","max-snippet":"max-snippet:-1","max-image-preview":"max-image-preview:large","max-video-preview":"max-video-preview:-1"},"canonical":"https:\/\/orthodoxalbania.org\/2020\/2015\/08\/04\/kremtim-festiv-i-sinodit-te-shenjte-ne-pervjetorin-e-23-te-te-fronezimit-te-kryepiskopit\/","og_locale":"en_US","og_type":"article","og_title":"Kremtim festiv i Sinodit t\u00eb Shenjt\u00eb n\u00eb p\u00ebrvjetorin e 23-t\u00eb t\u00eb Fron\u00ebzimit t\u00eb Kryepiskopit - Kisha Orthodh\u03bfkse Autoqefale e Shqip\u00ebris\u00eb","og_description":"&nbsp; &nbsp; &nbsp; Periudha e ver\u00ebs \u00e7do vit sh\u00ebnohet nga 3 kremtime t\u00eb r\u00ebnd\u00ebsishme p\u00ebrvjetor\u00ebsh t\u00eb lidhur me ringritjen kanonike t\u00eb Kish\u00ebs Orthodhokse Autoqefale t\u00eb Shqip\u00ebris\u00eb dhe ve\u00e7an\u00ebrisht me vepr\u00ebn e jasht\u00ebzakonshme t\u00eb Kryepiskopit Anastas. &nbsp; &nbsp; 1 qershori (2014), kur p\u00ebr shenjt\u00ebrimin e katedrales \u201cNgjallja e Krishtit\u201d u mblodh\u00ebn n\u00eb Tiran\u00eb primat\u00eb dhe p\u00ebrfaq\u00ebsues t\u00eb t\u00eb gjitha Kishave Orthodhokse kanonike t\u00eb bot\u00ebs, duke afirmuar","og_url":"https:\/\/orthodoxalbania.org\/2020\/2015\/08\/04\/kremtim-festiv-i-sinodit-te-shenjte-ne-pervjetorin-e-23-te-te-fronezimit-te-kryepiskopit\/","og_site_name":"Kisha Orthodh\u03bfkse Autoqefale e Shqip\u00ebris\u00eb","article_publisher":"https:\/\/www.facebook.com\/koash1991","article_published_time":"2015-08-04T06:14:46+00:00","article_modified_time":"2020-04-06T20:02:09+00:00","og_image":[{"width":150,"height":150,"url":"https:\/\/orthodoxalbania.org\/2020\/wp-content\/uploads\/2020\/04\/3_800x533.JPG","type":"image\/jpeg"}],"author":"Kisha Orthodhokse","twitter_card":"summary_large_image","twitter_misc":{"Written by":"Kisha Orthodhokse","Est. reading time":"2 minutes"},"schema":{"@context":"https:\/\/schema.org","@graph":[{"@type":"Article","@id":"https:\/\/orthodoxalbania.org\/2020\/2015\/08\/04\/kremtim-festiv-i-sinodit-te-shenjte-ne-pervjetorin-e-23-te-te-fronezimit-te-kryepiskopit\/#article","isPartOf":{"@id":"https:\/\/orthodoxalbania.org\/2020\/2015\/08\/04\/kremtim-festiv-i-sinodit-te-shenjte-ne-pervjetorin-e-23-te-te-fronezimit-te-kryepiskopit\/"},"author":{"name":"Kisha Orthodhokse","@id":"https:\/\/orthodoxalbania.org\/2020\/#\/schema\/person\/0c387634a7063ac612d7ed9ce71c7e86"},"headline":"Kremtim festiv i Sinodit t\u00eb Shenjt\u00eb n\u00eb p\u00ebrvjetorin e 23-t\u00eb t\u00eb Fron\u00ebzimit t\u00eb Kryepiskopit","datePublished":"2015-08-04T06:14:46+00:00","dateModified":"2020-04-06T20:02:09+00:00","mainEntityOfPage":{"@id":"https:\/\/orthodoxalbania.org\/2020\/2015\/08\/04\/kremtim-festiv-i-sinodit-te-shenjte-ne-pervjetorin-e-23-te-te-fronezimit-te-kryepiskopit\/"},"wordCount":428,"commentCount":0,"publisher":{"@id":"https:\/\/orthodoxalbania.org\/2020\/#organization"},"image":{"@id":"https:\/\/orthodoxalbania.org\/2020\/2015\/08\/04\/kremtim-festiv-i-sinodit-te-shenjte-ne-pervjetorin-e-23-te-te-fronezimit-te-kryepiskopit\/#primaryimage"},"thumbnailUrl":"https:\/\/orthodoxalbania.org\/2020\/wp-content\/uploads\/2020\/04\/3_800x533.JPG","keywords":["2015","Katedralja \u201cNgjallja e Krishtit\u201d Tiran\u00eb","Kremtime","Kryepiskopata Tiran\u00eb","Kryepiskopi Anastas","lajme"],"articleSection":["Lajme"],"inLanguage":"en-US"},{"@type":"WebPage","@id":"https:\/\/orthodoxalbania.org\/2020\/2015\/08\/04\/kremtim-festiv-i-sinodit-te-shenjte-ne-pervjetorin-e-23-te-te-fronezimit-te-kryepiskopit\/","url":"https:\/\/orthodoxalbania.org\/2020\/2015\/08\/04\/kremtim-festiv-i-sinodit-te-shenjte-ne-pervjetorin-e-23-te-te-fronezimit-te-kryepiskopit\/","name":"Kremtim festiv i Sinodit t\u00eb Shenjt\u00eb n\u00eb p\u00ebrvjetorin e 23-t\u00eb t\u00eb Fron\u00ebzimit t\u00eb Kryepiskopit - Kisha Orthodh\u03bfkse Autoqefale e Shqip\u00ebris\u00eb","isPartOf":{"@id":"https:\/\/orthodoxalbania.org\/2020\/#website"},"primaryImageOfPage":{"@id":"https:\/\/orthodoxalbania.org\/2020\/2015\/08\/04\/kremtim-festiv-i-sinodit-te-shenjte-ne-pervjetorin-e-23-te-te-fronezimit-te-kryepiskopit\/#primaryimage"},"image":{"@id":"https:\/\/orthodoxalbania.org\/2020\/2015\/08\/04\/kremtim-festiv-i-sinodit-te-shenjte-ne-pervjetorin-e-23-te-te-fronezimit-te-kryepiskopit\/#primaryimage"},"thumbnailUrl":"https:\/\/orthodoxalbania.org\/2020\/wp-content\/uploads\/2020\/04\/3_800x533.JPG","datePublished":"2015-08-04T06:14:46+00:00","dateModified":"2020-04-06T20:02:09+00:00","breadcrumb":{"@id":"https:\/\/orthodoxalbania.org\/2020\/2015\/08\/04\/kremtim-festiv-i-sinodit-te-shenjte-ne-pervjetorin-e-23-te-te-fronezimit-te-kryepiskopit\/#breadcrumb"},"inLanguage":"en-US","potentialAction":[{"@type":"ReadAction","target":["https:\/\/orthodoxalbania.org\/2020\/2015\/08\/04\/kremtim-festiv-i-sinodit-te-shenjte-ne-pervjetorin-e-23-te-te-fronezimit-te-kryepiskopit\/"]}]},{"@type":"ImageObject","inLanguage":"en-US","@id":"https:\/\/orthodoxalbania.org\/2020\/2015\/08\/04\/kremtim-festiv-i-sinodit-te-shenjte-ne-pervjetorin-e-23-te-te-fronezimit-te-kryepiskopit\/#primaryimage","url":"https:\/\/orthodoxalbania.org\/2020\/wp-content\/uploads\/2020\/04\/3_800x533.JPG","contentUrl":"https:\/\/orthodoxalbania.org\/2020\/wp-content\/uploads\/2020\/04\/3_800x533.JPG","width":150,"height":150},{"@type":"BreadcrumbList","@id":"https:\/\/orthodoxalbania.org\/2020\/2015\/08\/04\/kremtim-festiv-i-sinodit-te-shenjte-ne-pervjetorin-e-23-te-te-fronezimit-te-kryepiskopit\/#breadcrumb","itemListElement":[{"@type":"ListItem","position":1,"name":"Home","item":"https:\/\/orthodoxalbania.org\/2020\/"},{"@type":"ListItem","position":2,"name":"Kremtim festiv i Sinodit t\u00eb Shenjt\u00eb n\u00eb p\u00ebrvjetorin e 23-t\u00eb t\u00eb Fron\u00ebzimit t\u00eb Kryepiskopit"}]},{"@type":"WebSite","@id":"https:\/\/orthodoxalbania.org\/2020\/#website","url":"https:\/\/orthodoxalbania.org\/2020\/","name":"Kisha Orthodh\u03bfkse Autoqefale e Shqip\u00ebris\u00eb","description":"Fqja Zyrtare e Kish\u00ebs Orthodhokse Autoqefale e Shqip\u00ebris\u00eb me lajmet edhe informacionet zyrtare p\u00ebr struktur\u00ebn edhe veprimtarin e saj.","publisher":{"@id":"https:\/\/orthodoxalbania.org\/2020\/#organization"},"potentialAction":[{"@type":"SearchAction","target":{"@type":"EntryPoint","urlTemplate":"https:\/\/orthodoxalbania.org\/2020\/?s={search_term_string}"},"query-input":{"@type":"PropertyValueSpecification","valueRequired":true,"valueName":"search_term_string"}}],"inLanguage":"en-US"},{"@type":"Organization","@id":"https:\/\/orthodoxalbania.org\/2020\/#organization","name":"Kisha Orthodhokse Autoqefale e Shqip\u00ebris\u00eb","url":"https:\/\/orthodoxalbania.org\/2020\/","logo":{"@type":"ImageObject","inLanguage":"en-US","@id":"https:\/\/orthodoxalbania.org\/2020\/#\/schema\/logo\/image\/","url":"https:\/\/orthodoxalbania.org\/2020\/wp-content\/uploads\/2020\/05\/albania.jpeg","contentUrl":"https:\/\/orthodoxalbania.org\/2020\/wp-content\/uploads\/2020\/05\/albania.jpeg","width":540,"height":540,"caption":"Kisha Orthodhokse Autoqefale e Shqip\u00ebris\u00eb"},"image":{"@id":"https:\/\/orthodoxalbania.org\/2020\/#\/schema\/logo\/image\/"},"sameAs":["https:\/\/www.facebook.com\/koash1991"]},{"@type":"Person","@id":"https:\/\/orthodoxalbania.org\/2020\/#\/schema\/person\/0c387634a7063ac612d7ed9ce71c7e86","name":"Kisha Orthodhokse","image":{"@type":"ImageObject","inLanguage":"en-US","@id":"https:\/\/secure.gravatar.com\/avatar\/596e7c417251e30f2fbb9c00e026fce61a695a00e51c889caded71c96cbbdde5?s=96&d=mm&r=g","url":"https:\/\/secure.gravatar.com\/avatar\/596e7c417251e30f2fbb9c00e026fce61a695a00e51c889caded71c96cbbdde5?s=96&d=mm&r=g","contentUrl":"https:\/\/secure.gravatar.com\/avatar\/596e7c417251e30f2fbb9c00e026fce61a695a00e51c889caded71c96cbbdde5?s=96&d=mm&r=g","caption":"Kisha Orthodhokse"}}]}},"_links":{"self":[{"href":"https:\/\/orthodoxalbania.org\/2020\/wp-json\/wp\/v2\/posts\/4113","targetHints":{"allow":["GET"]}}],"collection":[{"href":"https:\/\/orthodoxalbania.org\/2020\/wp-json\/wp\/v2\/posts"}],"about":[{"href":"https:\/\/orthodoxalbania.org\/2020\/wp-json\/wp\/v2\/types\/post"}],"author":[{"embeddable":true,"href":"https:\/\/orthodoxalbania.org\/2020\/wp-json\/wp\/v2\/users\/1"}],"replies":[{"embeddable":true,"href":"https:\/\/orthodoxalbania.org\/2020\/wp-json\/wp\/v2\/comments?post=4113"}],"version-history":[{"count":1,"href":"https:\/\/orthodoxalbania.org\/2020\/wp-json\/wp\/v2\/posts\/4113\/revisions"}],"predecessor-version":[{"id":14977,"href":"https:\/\/orthodoxalbania.org\/2020\/wp-json\/wp\/v2\/posts\/4113\/revisions\/14977"}],"wp:featuredmedia":[{"embeddable":true,"href":"https:\/\/orthodoxalbania.org\/2020\/wp-json\/wp\/v2\/media\/4114"}],"wp:attachment":[{"href":"https:\/\/orthodoxalbania.org\/2020\/wp-json\/wp\/v2\/media?parent=4113"}],"wp:term":[{"taxonomy":"category","embeddable":true,"href":"https:\/\/orthodoxalbania.org\/2020\/wp-json\/wp\/v2\/categories?post=4113"},{"taxonomy":"post_tag","embeddable":true,"href":"https:\/\/orthodoxalbania.org\/2020\/wp-json\/wp\/v2\/tags?post=4113"}],"curies":[{"name":"wp","href":"https:\/\/api.w.org\/{rel}","templated":true}]}}