{"id":410,"date":"2006-02-26T00:00:00","date_gmt":"2006-02-26T00:00:00","guid":{"rendered":""},"modified":"2020-04-06T22:36:00","modified_gmt":"2020-04-06T20:36:00","slug":"diplomimi-i-vitit-te-katert-te-akademise-teologjike-ngjallja-e-krishtit-qershor-06","status":"publish","type":"post","link":"https:\/\/orthodoxalbania.org\/2020\/2006\/02\/26\/diplomimi-i-vitit-te-katert-te-akademise-teologjike-ngjallja-e-krishtit-qershor-06\/","title":{"rendered":"Diplomimi i vitit t\u00eb kat\u00ebrt t\u00eb Akademis\u00eb Teologjike &#8220;Ngjallja e Krishtit&#8221;. (12 Qershor 2006)"},"content":{"rendered":"<div style=\"text-align: justify;\"><span style=\"color: #000000; font-size: 12pt;\"><span style=\"font-family: tahoma,geneva,sans-serif;\"><img decoding=\"async\" class=\"lazyload HAa Eha\" style=\"height: 200px; width: 300px; border-width: 1px; border-style: solid; margin: 10px; float: left;\" alt=\"\" src=\"data:image\/gif;base64,R0lGODlhAQABAAAAACH5BAEKAAEALAAAAAABAAEAAAICTAEAOw==\" data-orig-src=\"https:\/\/lh4.googleusercontent.com\/-py8VQJmi4ig\/VIbrNn2E0DI\/AAAAAAAAFeY\/yeWv7Dzll-g\/w350-h233-no\/1text.jpg\" \/><span style=\"font-family: helvetica;\">&nbsp;&nbsp;&nbsp;&nbsp; Klerik\u00eb, prind\u00ebr, pedagog\u00eb, student\u00eb dhe shum\u00eb t\u00eb ftuar p\u00ebrcoll\u00ebn n\u00eb nj\u00eb ceremoni festive 13 t\u00eb diplomuarit e rinj t\u00eb Akademis\u00eb Teologjik\u00eb n\u00eb Sh\u00ebn Vlash t\u00eb Durr\u00ebsit. Dit\u00ebn e t\u00eb kremtes s\u00eb Shpirtit t\u00eb Shenjt\u00eb m\u00eb 12 qershor, Kryepiskopi Anastas bashk\u00eb me an\u00ebtar\u00ebt e tjer\u00eb t\u00eb Sinodit t\u00eb Shenjt\u00eb, Mitropoliti i Beratit Ignati, Mitropoliti i Kor\u00e7\u00ebs Joani, Dekani i Akademis\u00eb Teologjike Episkop Ilia Ketri dhe Protopresviter Jani Trebicka si dhe klerik\u00eb t\u00eb ardhur nga disa qytete t\u00eb vendit n\u00eb prani t\u00eb shum\u00eb besimtar\u00ebve mor\u00ebn pjes\u00eb n\u00eb mesh\u00ebn episkopale q\u00eb u krye n\u00eb kish\u00ebn e Manastirit t\u00eb Sh\u00ebn Vlashit.<\/span><br \/> <\/span><\/span><\/div>\n<div style=\"text-align: justify;\"><span style=\"font-size: 12pt; font-family: helvetica;\"><\/span><\/div>\n<div style=\"text-align: justify;\"><span style=\"color: #000000; font-size: 12pt; font-family: helvetica;\">&nbsp;&nbsp;&nbsp; Gjat\u00eb predikimit, dhjakon Hektori foli p\u00ebr q\u00ebllimin e jet\u00ebs s\u00eb krishter\u00eb. \u201cShpirti i Shenjt\u00eb nuk pushon kurr\u00eb s\u00eb vepruari n\u00eb Kish\u00eb. Por pjesa m\u00eb e madhe e t\u00eb krishter\u00ebve nuk e lejojn\u00eb t\u00eb punoj\u00eb brenda jet\u00ebs s\u00eb tyre. Vet\u00eb student\u00ebt e teologjis\u00eb shpesh ndihen inferior\u00eb ndaj student\u00ebve t\u00eb deg\u00ebve t\u00eb tjera dhe kjo frik\u00eb vjen kur kemi larg Shpirtin e Shenjt\u00eb. Edhe sikur t\u00eb studiojm\u00eb teologji, pa Shpirtin e Shenjt\u00eb jemi t\u00eb dob\u00ebt. Kreshmimet, lutjet dhe \u00e7do gj\u00eb q\u00eb b\u00ebn nj\u00eb i krishter\u00eb n\u00eb emrin e Krishtit e b\u00ebn p\u00ebr t\u00eb fituar Shpirtin e Shenjt\u00eb\u201d- theksoi dhjak Hektori.<br \/> <\/span><\/div>\n<div style=\"text-align: justify;\"><span style=\"font-size: 12pt; font-family: helvetica;\"><\/span><\/div>\n<div style=\"text-align: justify;\"><span style=\"color: #000000; font-size: 12pt; font-family: helvetica;\">&nbsp;&nbsp;&nbsp; N\u00eb p\u00ebrfundim t\u00eb Liturgjis\u00eb Hyjnore, Kryepiskopi Anastas fal\u00ebnderoi dy misionar\u00ebt amerikan\u00eb Panajot dhe Shanon Sakelariu, t\u00eb cil\u00ebt pas disa vitesh kontributi n\u00eb vendin ton\u00eb do t\u00eb largohen n\u00eb vendlindjen e tyre, duke iu kujtuar q\u00eb kjo \u00ebsht\u00eb nj\u00eb \u201cleje e p\u00ebrkohshme\u201d p\u00ebr t\u2019u rikthyer s\u00ebrish n\u00eb sh\u00ebrbim t\u00eb Kish\u00ebs n\u00eb Shqip\u00ebri.<br \/> <\/span><\/div>\n<div style=\"text-align: justify;\"><span style=\"font-size: 12pt; font-family: helvetica;\"><\/span><\/div>\n<div style=\"text-align: justify;\"><span style=\"color: #000000; font-size: 12pt; font-family: helvetica;\"><img decoding=\"async\" class=\"lazyload HAa Eha\" style=\"height: 225px; width: 300px; border-width: 1px; border-style: solid; margin: 10px; float: left;\" alt=\"\" src=\"data:image\/gif;base64,R0lGODlhAQABAAAAACH5BAEKAAEALAAAAAABAAEAAAICTAEAOw==\" data-orig-src=\"https:\/\/lh3.googleusercontent.com\/-1ndieWOiZpE\/VIbrN-6g-fI\/AAAAAAAAFeM\/R0N03z455-s\/w350-h262-no\/2text.jpg\" \/>&nbsp;&nbsp;&nbsp; N\u00eb ceremonin\u00eb e ndarjes s\u00eb diplomave fjal\u00ebn p\u00ebrsh\u00ebndet\u00ebse e mbajti Dekani i Akademis\u00eb Teologjike, Hir\u00ebsi Ilia, i cili n\u00ebnvizoi: \u201cFortlumturia e Tij, i p\u00ebrulur, por me v\u00ebshtrimin drejt Per\u00ebndis\u00eb ngre n\u00eb sup kryqin e r\u00ebnd\u00eb t\u00eb fyerjeve q\u00eb i b\u00ebhen nga element\u00eb t\u00eb pap\u00ebrgjegjsh\u00ebm t\u00eb shoq\u00ebris\u00eb. N\u00eb fillim t\u00eb shkoll\u00ebs, Kryepiskopi p\u00ebrcolli dy mesazhe. Askush nuk ka ardhur k\u00ebtu n\u00eb m\u00ebnyr\u00eb t\u00eb rast\u00ebsishme, por Zoti ju ka folur n\u00eb m\u00ebnyr\u00eb t\u00eb ve\u00e7ant\u00eb. Gjithashtu mos e pranoni Hirin e Zotit n\u00eb t\u00eb kot\u00eb, por t\u2019i ndiqni m\u00ebsimet me shum\u00eb dashuri dhe zell. Besoj, se ju student\u00eb t\u00eb vitit t\u00eb kat\u00ebrt i keni zbatuar k\u00ebto porosi. T\u00eb dashurit e mi, sot ju prezantoj ta pranoni veten tuaj n\u00eb radh\u00ebn e pun\u00ebtor\u00ebve t\u00eb vreshtit t\u00eb Zotit. Ve\u00e7an\u00ebrisht ju p\u00ebrsh\u00ebndes ju prind\u00ebr q\u00eb f\u00ebmij\u00ebt ia keni kushtuar Zotit me dashuri dhe besnik\u00ebri\u201d.<br \/> <\/span><\/div>\n<div style=\"text-align: justify;\"><span style=\"font-size: 12pt; font-family: helvetica;\"><\/span><\/div>\n<div style=\"text-align: justify;\"><span style=\"color: #000000; font-size: 12pt; font-family: helvetica;\">&nbsp;&nbsp;&nbsp; M\u00eb tej dy student\u00ebt m\u00eb t\u00eb mir\u00eb t\u00eb porsa diplomuar Theodhor Peci dhe Elena Krakulli mbajt\u00ebn fjalimet e rastit. Studentja E. Krakulli lexoi pjes\u00ebn \u201cMbi Shpirtin e Shenjt\u00eb\u201d t\u00eb Sh\u00ebn Vasilit t\u00eb Madh nd\u00ebrsa studenti tjet\u00ebr Th. Peci iu tha t\u00eb pranishm\u00ebve se k\u00ebta student\u00eb dalin me angazhim t\u00eb plot\u00eb n\u00eb sh\u00ebrbim t\u00eb Kish\u00ebs Orthodhokse Autoqefale t\u00eb Shqip\u00ebris\u00eb.<br \/> <\/span><\/div>\n<div style=\"text-align: justify;\"><span style=\"font-size: 12pt; font-family: helvetica;\"><\/span><\/div>\n<div style=\"text-align: justify;\"><span style=\"color: #000000; font-size: 12pt; font-family: helvetica;\">&nbsp;&nbsp;&nbsp; Gjat\u00eb fjal\u00ebs p\u00ebrsh\u00ebndet\u00ebse, n\u00eb dit\u00ebn e kremtimit t\u00eb Shpirtit t\u00eb Shenjt\u00eb Kryepiskopi u shpreh se \u201cKjo \u00ebsht\u00eb nj\u00eb dit\u00eb fal\u00ebnderimi. Shpirti yn\u00eb duhet t\u00eb mbushet me mir\u00ebnjohje p\u00ebr t\u00eb gjitha k\u00ebto gj\u00ebra. Fal\u00ebnderoj familjet e student\u00ebve tan\u00eb dhe t\u00eb gjith\u00eb student\u00ebt p\u00ebr p\u00ebrpjekjet e tyre. Jemi me t\u00eb v\u00ebrtet\u00eb n\u00eb ndihm\u00ebn e Zotit. N\u00eb jet\u00ebn shpirt\u00ebrore jan\u00eb tre faza t\u00eb kthimit te Per\u00ebndia: takimi i shpirtit ton\u00eb me Zotin,&nbsp; p\u00ebrvoja personale e faljes q\u00eb ai na dhuron dhe Pendikostia, ardhja e Shpirtit t\u00eb Shenjt\u00eb dhe \u00ebsht\u00eb kjo ardhje q\u00eb i jep nj\u00eb frym\u00eb t\u00eb re ekzistenc\u00ebs son\u00eb. T\u00eb tria k\u00ebto faza jan\u00eb t\u00eb lidhura me ndryshimin, rikthimin dhe rilindjen n\u00eb jet\u00ebn shpirt\u00ebrore.<br \/> <\/span><\/div>\n<div style=\"text-align: justify;\"><span style=\"color: #000000; font-size: 12pt; font-family: helvetica;\"><img decoding=\"async\" class=\"lazyload HAa Eha\" style=\"height: 225px; width: 300px; border-width: 1px; border-style: solid; margin: 10px; float: left;\" alt=\"\" src=\"data:image\/gif;base64,R0lGODlhAQABAAAAACH5BAEKAAEALAAAAAABAAEAAAICTAEAOw==\" data-orig-src=\"https:\/\/lh4.googleusercontent.com\/-XgpkpmRSLlo\/VIbrN1CZcuI\/AAAAAAAAFeU\/9gZg2BqLTpw\/w350-h262-no\/3text.jpg\" \/><\/span><\/div>\n<div style=\"text-align: justify;\"><span style=\"font-size: 12pt; font-family: helvetica;\"><\/span><\/div>\n<div style=\"text-align: justify;\"><span style=\"color: #000000; font-size: 12pt; font-family: helvetica;\">&nbsp;&nbsp;&nbsp; Le t\u00eb k\u00ebrkojm\u00eb nga vet\u00eb Ngush\u00ebllimtari q\u00eb t\u00eb ecim p\u00ebrpara, sepse Shpirti i Shenjt\u00eb \u00ebsht\u00eb shpirti i s\u00eb v\u00ebrtet\u00ebs, i bashkimit dhe i v\u00ebllaz\u00ebrimit. Mbar\u00eb orthodhoks\u00ebt p\u00ebrb\u00ebjn\u00eb nj\u00eb familje t\u00eb vetme. N\u00eb rrug\u00ebtimin tuaj keni p\u00ebr t\u2019u p\u00ebrballur me v\u00ebshtir\u00ebsi. Dua t\u2019ju uroj q\u00eb jeta juaj t\u00eb kaloj\u00eb n\u00eb rrezatimin e Shpirtit t\u00eb Shenjt\u00eb dhe p\u00ebrpiquni ta shp\u00ebrndani tek persona t\u00eb tjer\u00eb\u201d. Programi vijoi me k\u00ebng\u00eb dhe himne t\u00eb k\u00ebnduara nga kori i Akademis\u00eb dhe me ndarjen e diplomave, t\u00eb cilat i shp\u00ebrndau Kryepiskopi, duke iu dhuruar student\u00ebve edhe librin e tij \u201cGlobalizmi dhe Orthodhoksia\u201d.<br \/> <\/span><\/div>\n<div style=\"text-align: justify;\"><span style=\"font-size: 12pt; font-family: helvetica;\"><\/span><\/div>\n<div style=\"text-align: justify;\"><span style=\"color: #000000; font-size: 12pt; font-family: helvetica;\">&nbsp;&nbsp;&nbsp; Gjithashtu, gjat\u00eb drek\u00ebs q\u00eb u shtrua p\u00ebr nder t\u00eb pranishm\u00ebve fol\u00ebn edhe dy mitropolit\u00ebt, Hir\u00ebsi Ignati dhe Hir\u00ebsi Joani t\u00eb cil\u00ebt uruan student\u00ebt p\u00ebr t\u00eb vazhduar me zell dhe p\u00ebrkushtim jet\u00ebn shpirt\u00ebrore dhe pun\u00ebn brenda Kish\u00ebs.<br \/> <\/span><\/div>\n<div style=\"text-align: justify;\"><span style=\"font-size: 12pt; font-family: helvetica;\"><\/span><\/div>\n<div style=\"text-align: justify;\"><span style=\"color: #000000; font-size: 12pt; font-family: helvetica;\">&nbsp;&nbsp;&nbsp; Mes shum\u00eb k\u00ebng\u00ebve dhe atmosfer\u00ebs festive n\u00eb Akademin\u00eb Teologjike, vargjet e himnit t\u00eb k\u00ebsaj shkolle shoq\u00ebruan t\u00eb gjith\u00eb pjes\u00ebmarr\u00ebsit: \u201cUdh\u00ebtimin un\u00eb e nisa, udh\u00ebrr\u00ebfyes Krishtin kisha, dhe nj\u00eb jet\u00eb t\u00eb past\u00ebr zgjodha veshur me pendimin shkova. N\u00eb avushat e misterit, po punoja dhe k\u00ebrkoja, lutja prek\u00ebse m\u00eb shoq\u00ebronte edhe Krishti lavd\u00ebronte. Z\u00eb nga qielli u d\u00ebgjua, cili do t\u00eb shkoj\u00eb p\u00ebr mua, z\u00ebri im tha pa ngurim, ja ku jam, o Zoti im. P\u00ebr mision m\u00eb thirri Zoti, n\u00eb Sh\u00ebn Vlash n\u00eb Akademi, t\u00eb ringjallim orthodhoksin\u00eb n\u00eb t\u00eb gjith\u00eb Shqip\u00ebrin\u00eb\u201d.<\/p>\n<p> &nbsp;<\/span><\/div>\n<div style=\"text-align: right;\"><span style=\"color: #000000; font-size: 12pt; font-family: helvetica;\"><strong>Isidor Koti<\/strong><\/span><\/div>\n<div style=\"text-align: right;\"><span style=\"font-size: 12pt; font-family: helvetica;\"><\/span><\/div>\n<div style=\"text-align: center;\"><span style=\"font-size: 12pt; font-family: helvetica;\"><img decoding=\"async\" class=\"lazyload HAa Eha\" style=\"border-width: 1px; border-style: solid; margin: 10px;\" alt=\"\" src=\"data:image\/svg+xml,%3Csvg%20xmlns%3D%27http%3A%2F%2Fwww.w3.org%2F2000%2Fsvg%27%20width%3D%27605%27%20height%3D%27452%27%20viewBox%3D%270%200%20605%20452%27%3E%3Crect%20width%3D%27605%27%20height%3D%27452%27%20fill-opacity%3D%220%22%2F%3E%3C%2Fsvg%3E\" data-orig-src=\"https:\/\/lh3.googleusercontent.com\/-QTXz-wX-G_8\/VIbrOHc5N4I\/AAAAAAAAFfM\/A46sRSyi7ko\/w350-h262-no\/4text.jpg\" height=\"452\" width=\"605\" \/><\/span><\/div>\n<div style=\"text-align: center;\"><span style=\"font-size: 12pt; font-family: helvetica;\"><\/span><\/div>\n<div style=\"text-align: center;\"><span style=\"font-size: 12pt; font-family: helvetica;\"><img decoding=\"async\" class=\"lazyload HAa Eha\" style=\"border-width: 1px; border-style: solid; margin: 10px;\" alt=\"\" src=\"data:image\/gif;base64,R0lGODlhAQABAAAAACH5BAEKAAEALAAAAAABAAEAAAICTAEAOw==\" data-orig-src=\"https:\/\/lh4.googleusercontent.com\/-mNMSc5XHuCo\/VIbrOw7eSII\/AAAAAAAAFfI\/zgIpJ7zulgw\/w600-h449-no\/untitled1.jpg\" \/><\/span><\/div>\n<div style=\"text-align: center;\"><span style=\"font-size: 12pt; font-family: helvetica;\"><\/span><\/div>\n<div style=\"text-align: center;\"><span style=\"font-size: 12pt; font-family: helvetica;\"><img decoding=\"async\" class=\"lazyload HAa Eha\" style=\"border-width: 1px; border-style: solid; margin: 10px;\" alt=\"\" src=\"data:image\/gif;base64,R0lGODlhAQABAAAAACH5BAEKAAEALAAAAAABAAEAAAICTAEAOw==\" data-orig-src=\"https:\/\/lh6.googleusercontent.com\/-76Z2ohpsYcY\/VIbrPIkFjGI\/AAAAAAAAFew\/UIp4D5OyiAY\/w600-h449-no\/untitled2.jpg\" \/><\/span><\/div>\n<div style=\"text-align: center;\"><span style=\"font-size: 12pt; font-family: helvetica;\"><\/span><\/div>\n<div style=\"text-align: center;\"><span style=\"font-size: 12pt; font-family: helvetica;\"><img decoding=\"async\" class=\"lazyload HAa Eha\" style=\"border-width: 1px; border-style: solid; margin: 10px;\" alt=\"\" src=\"data:image\/gif;base64,R0lGODlhAQABAAAAACH5BAEKAAEALAAAAAABAAEAAAICTAEAOw==\" data-orig-src=\"https:\/\/lh6.googleusercontent.com\/-26-VMSHnGg0\/VIbrPGVNX-I\/AAAAAAAAFeo\/Yh-1tPWOeFQ\/w600-h449-no\/untitled3.jpg\" \/><\/span><\/div>\n<div style=\"text-align: center;\"><span style=\"font-size: 12pt; font-family: helvetica;\"><\/span><\/div>\n<div style=\"text-align: center;\"><span style=\"font-size: 12pt; font-family: helvetica;\"><img decoding=\"async\" class=\"lazyload HAa Eha\" style=\"border-width: 1px; border-style: solid; margin: 10px;\" alt=\"\" src=\"data:image\/gif;base64,R0lGODlhAQABAAAAACH5BAEKAAEALAAAAAABAAEAAAICTAEAOw==\" data-orig-src=\"https:\/\/lh4.googleusercontent.com\/-MmQBcDnxD7M\/VIbrPkUlZ5I\/AAAAAAAAFe4\/LJpW-h8ps9k\/w600-h449-no\/untitled4.jpg\" \/><\/span><\/div>\n<div style=\"text-align: center;\"><span style=\"font-size: 12pt; font-family: helvetica;\"><\/span><\/div>\n<div style=\"text-align: center;\"><span style=\"font-size: 12pt; font-family: helvetica;\"><img decoding=\"async\" class=\"lazyload HAa Eha\" style=\"border-width: 1px; border-style: solid; margin: 10px;\" alt=\"\" src=\"data:image\/gif;base64,R0lGODlhAQABAAAAACH5BAEKAAEALAAAAAABAAEAAAICTAEAOw==\" data-orig-src=\"https:\/\/lh3.googleusercontent.com\/-56M7YvfVOmY\/VIbrQLdiQjI\/AAAAAAAAFfE\/xo4mLRYOYAY\/w600-h449-no\/untitled5.jpg\" \/><\/span><\/div>\n<div style=\"text-align: center;\"><span style=\"font-size: 12pt; font-family: helvetica;\"><\/span><\/div>\n<div style=\"text-align: center;\"><span style=\"font-size: 12pt; font-family: helvetica;\"><img decoding=\"async\" class=\"lazyload HAa Eha\" style=\"border-width: 1px; border-style: solid; margin: 10px;\" alt=\"\" src=\"data:image\/gif;base64,R0lGODlhAQABAAAAACH5BAEKAAEALAAAAAABAAEAAAICTAEAOw==\" data-orig-src=\"https:\/\/lh4.googleusercontent.com\/-JW3DrRQt-MQ\/VIbrQdHq2dI\/AAAAAAAAFfA\/ZB8xnNypxbU\/w600-h449-no\/untitled6.jpg\" \/><\/span><\/div>\n","protected":false},"excerpt":{"rendered":"<p>&nbsp;&nbsp;&nbsp;&nbsp; Klerik\u00eb, prind\u00ebr, pedagog\u00eb, student\u00eb dhe shum\u00eb t\u00eb ftuar p\u00ebrcoll\u00ebn n\u00eb nj\u00eb ceremoni festive 13 t\u00eb diplomuarit e rinj t\u00eb Akademis\u00eb Teologjik\u00eb n\u00eb Sh\u00ebn Vlash t\u00eb Durr\u00ebsit. Dit\u00ebn e t\u00eb kremtes s\u00eb Shpirtit t\u00eb Shenjt\u00eb m\u00eb 12 qershor, Kryepiskopi Anastas bashk\u00eb me an\u00ebtar\u00ebt e tjer\u00eb t\u00eb Sinodit t\u00eb Shenjt\u00eb, Mitropoliti i Beratit Ignati, Mitropoliti i Kor\u00e7\u00ebs Joani, Dekani i Akademis\u00eb Teologjike Episkop Ilia Ketri dhe<\/p>\n","protected":false},"author":1,"featured_media":0,"comment_status":"open","ping_status":"open","sticky":false,"template":"","format":"standard","meta":{"_acf_changed":false,"pagelayer_contact_templates":[],"_pagelayer_content":"","inline_featured_image":false,"fifu_image_url":"","fifu_image_alt":"","footnotes":""},"categories":[108],"tags":[148,169,168,196,201,212],"class_list":["post-410","post","type-post","status-publish","format-standard","hentry","category-lajme","tag-148","tag-akademia-teologjike","tag-diplomime","tag-tirane","tag-kryepiskopi-anastas","tag-lajme-d27"],"acf":[],"yoast_head":"<!-- This site is optimized with the Yoast SEO plugin v27.2 - https:\/\/yoast.com\/product\/yoast-seo-wordpress\/ -->\n<title>Diplomimi i vitit t\u00eb kat\u00ebrt t\u00eb Akademis\u00eb Teologjike &quot;Ngjallja e Krishtit&quot;. (12 Qershor 2006) - Kisha Orthodh\u03bfkse Autoqefale e Shqip\u00ebris\u00eb<\/title>\n<meta name=\"robots\" content=\"index, follow, max-snippet:-1, max-image-preview:large, max-video-preview:-1\" \/>\n<link rel=\"canonical\" href=\"https:\/\/orthodoxalbania.org\/2020\/2006\/02\/26\/diplomimi-i-vitit-te-katert-te-akademise-teologjike-ngjallja-e-krishtit-qershor-06\/\" \/>\n<meta property=\"og:locale\" content=\"en_US\" \/>\n<meta property=\"og:type\" content=\"article\" \/>\n<meta property=\"og:title\" content=\"Diplomimi i vitit t\u00eb kat\u00ebrt t\u00eb Akademis\u00eb Teologjike &quot;Ngjallja e Krishtit&quot;. (12 Qershor 2006) - Kisha Orthodh\u03bfkse Autoqefale e Shqip\u00ebris\u00eb\" \/>\n<meta property=\"og:description\" content=\"&nbsp;&nbsp;&nbsp;&nbsp; Klerik\u00eb, prind\u00ebr, pedagog\u00eb, student\u00eb dhe shum\u00eb t\u00eb ftuar p\u00ebrcoll\u00ebn n\u00eb nj\u00eb ceremoni festive 13 t\u00eb diplomuarit e rinj t\u00eb Akademis\u00eb Teologjik\u00eb n\u00eb Sh\u00ebn Vlash t\u00eb Durr\u00ebsit. Dit\u00ebn e t\u00eb kremtes s\u00eb Shpirtit t\u00eb Shenjt\u00eb m\u00eb 12 qershor, Kryepiskopi Anastas bashk\u00eb me an\u00ebtar\u00ebt e tjer\u00eb t\u00eb Sinodit t\u00eb Shenjt\u00eb, Mitropoliti i Beratit Ignati, Mitropoliti i Kor\u00e7\u00ebs Joani, Dekani i Akademis\u00eb Teologjike Episkop Ilia Ketri dhe\" \/>\n<meta property=\"og:url\" content=\"https:\/\/orthodoxalbania.org\/2020\/2006\/02\/26\/diplomimi-i-vitit-te-katert-te-akademise-teologjike-ngjallja-e-krishtit-qershor-06\/\" \/>\n<meta property=\"og:site_name\" content=\"Kisha Orthodh\u03bfkse Autoqefale e Shqip\u00ebris\u00eb\" \/>\n<meta property=\"article:publisher\" content=\"https:\/\/www.facebook.com\/koash1991\" \/>\n<meta property=\"article:published_time\" content=\"2006-02-26T00:00:00+00:00\" \/>\n<meta property=\"article:modified_time\" content=\"2020-04-06T20:36:00+00:00\" \/>\n<meta property=\"og:image\" content=\"https:\/\/lh4.googleusercontent.com\/-py8VQJmi4ig\/VIbrNn2E0DI\/AAAAAAAAFeY\/yeWv7Dzll-g\/w350-h233-no\/1text.jpg\" \/>\n<meta name=\"author\" content=\"Kisha Orthodhokse\" \/>\n<meta name=\"twitter:card\" content=\"summary_large_image\" \/>\n<meta name=\"twitter:label1\" content=\"Written by\" \/>\n\t<meta name=\"twitter:data1\" content=\"Kisha Orthodhokse\" \/>\n\t<meta name=\"twitter:label2\" content=\"Est. reading time\" \/>\n\t<meta name=\"twitter:data2\" content=\"5 minutes\" \/>\n<script type=\"application\/ld+json\" class=\"yoast-schema-graph\">{\"@context\":\"https:\/\/schema.org\",\"@graph\":[{\"@type\":\"Article\",\"@id\":\"https:\/\/orthodoxalbania.org\/2020\/2006\/02\/26\/diplomimi-i-vitit-te-katert-te-akademise-teologjike-ngjallja-e-krishtit-qershor-06\/#article\",\"isPartOf\":{\"@id\":\"https:\/\/orthodoxalbania.org\/2020\/2006\/02\/26\/diplomimi-i-vitit-te-katert-te-akademise-teologjike-ngjallja-e-krishtit-qershor-06\/\"},\"author\":{\"name\":\"Kisha Orthodhokse\",\"@id\":\"https:\/\/orthodoxalbania.org\/2020\/#\/schema\/person\/0c387634a7063ac612d7ed9ce71c7e86\"},\"headline\":\"Diplomimi i vitit t\u00eb kat\u00ebrt t\u00eb Akademis\u00eb Teologjike &#8220;Ngjallja e Krishtit&#8221;. (12 Qershor 2006)\",\"datePublished\":\"2006-02-26T00:00:00+00:00\",\"dateModified\":\"2020-04-06T20:36:00+00:00\",\"mainEntityOfPage\":{\"@id\":\"https:\/\/orthodoxalbania.org\/2020\/2006\/02\/26\/diplomimi-i-vitit-te-katert-te-akademise-teologjike-ngjallja-e-krishtit-qershor-06\/\"},\"wordCount\":987,\"commentCount\":0,\"publisher\":{\"@id\":\"https:\/\/orthodoxalbania.org\/2020\/#organization\"},\"image\":{\"@id\":\"https:\/\/orthodoxalbania.org\/2020\/2006\/02\/26\/diplomimi-i-vitit-te-katert-te-akademise-teologjike-ngjallja-e-krishtit-qershor-06\/#primaryimage\"},\"thumbnailUrl\":\"https:\/\/lh4.googleusercontent.com\/-py8VQJmi4ig\/VIbrNn2E0DI\/AAAAAAAAFeY\/yeWv7Dzll-g\/w350-h233-no\/1text.jpg\",\"keywords\":[\"2006\",\"Akademia Teologjike\",\"Diplomime\",\"Kryepiskopata Tiran\u00eb\",\"Kryepiskopi Anastas\",\"lajme\"],\"articleSection\":[\"Lajme\"],\"inLanguage\":\"en-US\"},{\"@type\":\"WebPage\",\"@id\":\"https:\/\/orthodoxalbania.org\/2020\/2006\/02\/26\/diplomimi-i-vitit-te-katert-te-akademise-teologjike-ngjallja-e-krishtit-qershor-06\/\",\"url\":\"https:\/\/orthodoxalbania.org\/2020\/2006\/02\/26\/diplomimi-i-vitit-te-katert-te-akademise-teologjike-ngjallja-e-krishtit-qershor-06\/\",\"name\":\"Diplomimi i vitit t\u00eb kat\u00ebrt t\u00eb Akademis\u00eb Teologjike \\\"Ngjallja e Krishtit\\\". (12 Qershor 2006) - Kisha Orthodh\u03bfkse Autoqefale e Shqip\u00ebris\u00eb\",\"isPartOf\":{\"@id\":\"https:\/\/orthodoxalbania.org\/2020\/#website\"},\"primaryImageOfPage\":{\"@id\":\"https:\/\/orthodoxalbania.org\/2020\/2006\/02\/26\/diplomimi-i-vitit-te-katert-te-akademise-teologjike-ngjallja-e-krishtit-qershor-06\/#primaryimage\"},\"image\":{\"@id\":\"https:\/\/orthodoxalbania.org\/2020\/2006\/02\/26\/diplomimi-i-vitit-te-katert-te-akademise-teologjike-ngjallja-e-krishtit-qershor-06\/#primaryimage\"},\"thumbnailUrl\":\"https:\/\/lh4.googleusercontent.com\/-py8VQJmi4ig\/VIbrNn2E0DI\/AAAAAAAAFeY\/yeWv7Dzll-g\/w350-h233-no\/1text.jpg\",\"datePublished\":\"2006-02-26T00:00:00+00:00\",\"dateModified\":\"2020-04-06T20:36:00+00:00\",\"breadcrumb\":{\"@id\":\"https:\/\/orthodoxalbania.org\/2020\/2006\/02\/26\/diplomimi-i-vitit-te-katert-te-akademise-teologjike-ngjallja-e-krishtit-qershor-06\/#breadcrumb\"},\"inLanguage\":\"en-US\",\"potentialAction\":[{\"@type\":\"ReadAction\",\"target\":[\"https:\/\/orthodoxalbania.org\/2020\/2006\/02\/26\/diplomimi-i-vitit-te-katert-te-akademise-teologjike-ngjallja-e-krishtit-qershor-06\/\"]}]},{\"@type\":\"ImageObject\",\"inLanguage\":\"en-US\",\"@id\":\"https:\/\/orthodoxalbania.org\/2020\/2006\/02\/26\/diplomimi-i-vitit-te-katert-te-akademise-teologjike-ngjallja-e-krishtit-qershor-06\/#primaryimage\",\"url\":\"https:\/\/lh4.googleusercontent.com\/-py8VQJmi4ig\/VIbrNn2E0DI\/AAAAAAAAFeY\/yeWv7Dzll-g\/w350-h233-no\/1text.jpg\",\"contentUrl\":\"https:\/\/lh4.googleusercontent.com\/-py8VQJmi4ig\/VIbrNn2E0DI\/AAAAAAAAFeY\/yeWv7Dzll-g\/w350-h233-no\/1text.jpg\"},{\"@type\":\"BreadcrumbList\",\"@id\":\"https:\/\/orthodoxalbania.org\/2020\/2006\/02\/26\/diplomimi-i-vitit-te-katert-te-akademise-teologjike-ngjallja-e-krishtit-qershor-06\/#breadcrumb\",\"itemListElement\":[{\"@type\":\"ListItem\",\"position\":1,\"name\":\"Home\",\"item\":\"https:\/\/orthodoxalbania.org\/2020\/\"},{\"@type\":\"ListItem\",\"position\":2,\"name\":\"Diplomimi i vitit t\u00eb kat\u00ebrt t\u00eb Akademis\u00eb Teologjike &#8220;Ngjallja e Krishtit&#8221;. (12 Qershor 2006)\"}]},{\"@type\":\"WebSite\",\"@id\":\"https:\/\/orthodoxalbania.org\/2020\/#website\",\"url\":\"https:\/\/orthodoxalbania.org\/2020\/\",\"name\":\"Kisha Orthodh\u03bfkse Autoqefale e Shqip\u00ebris\u00eb\",\"description\":\"Fqja Zyrtare e Kish\u00ebs Orthodhokse Autoqefale e Shqip\u00ebris\u00eb me lajmet edhe informacionet zyrtare p\u00ebr struktur\u00ebn edhe veprimtarin e saj.\",\"publisher\":{\"@id\":\"https:\/\/orthodoxalbania.org\/2020\/#organization\"},\"potentialAction\":[{\"@type\":\"SearchAction\",\"target\":{\"@type\":\"EntryPoint\",\"urlTemplate\":\"https:\/\/orthodoxalbania.org\/2020\/?s={search_term_string}\"},\"query-input\":{\"@type\":\"PropertyValueSpecification\",\"valueRequired\":true,\"valueName\":\"search_term_string\"}}],\"inLanguage\":\"en-US\"},{\"@type\":\"Organization\",\"@id\":\"https:\/\/orthodoxalbania.org\/2020\/#organization\",\"name\":\"Kisha Orthodhokse Autoqefale e Shqip\u00ebris\u00eb\",\"url\":\"https:\/\/orthodoxalbania.org\/2020\/\",\"logo\":{\"@type\":\"ImageObject\",\"inLanguage\":\"en-US\",\"@id\":\"https:\/\/orthodoxalbania.org\/2020\/#\/schema\/logo\/image\/\",\"url\":\"https:\/\/orthodoxalbania.org\/2020\/wp-content\/uploads\/2020\/05\/albania.jpeg\",\"contentUrl\":\"https:\/\/orthodoxalbania.org\/2020\/wp-content\/uploads\/2020\/05\/albania.jpeg\",\"width\":540,\"height\":540,\"caption\":\"Kisha Orthodhokse Autoqefale e Shqip\u00ebris\u00eb\"},\"image\":{\"@id\":\"https:\/\/orthodoxalbania.org\/2020\/#\/schema\/logo\/image\/\"},\"sameAs\":[\"https:\/\/www.facebook.com\/koash1991\"]},{\"@type\":\"Person\",\"@id\":\"https:\/\/orthodoxalbania.org\/2020\/#\/schema\/person\/0c387634a7063ac612d7ed9ce71c7e86\",\"name\":\"Kisha Orthodhokse\",\"image\":{\"@type\":\"ImageObject\",\"inLanguage\":\"en-US\",\"@id\":\"https:\/\/secure.gravatar.com\/avatar\/596e7c417251e30f2fbb9c00e026fce61a695a00e51c889caded71c96cbbdde5?s=96&d=mm&r=g\",\"url\":\"https:\/\/secure.gravatar.com\/avatar\/596e7c417251e30f2fbb9c00e026fce61a695a00e51c889caded71c96cbbdde5?s=96&d=mm&r=g\",\"contentUrl\":\"https:\/\/secure.gravatar.com\/avatar\/596e7c417251e30f2fbb9c00e026fce61a695a00e51c889caded71c96cbbdde5?s=96&d=mm&r=g\",\"caption\":\"Kisha Orthodhokse\"}}]}<\/script>\n<!-- \/ Yoast SEO plugin. -->","yoast_head_json":{"title":"Diplomimi i vitit t\u00eb kat\u00ebrt t\u00eb Akademis\u00eb Teologjike \"Ngjallja e Krishtit\". (12 Qershor 2006) - Kisha Orthodh\u03bfkse Autoqefale e Shqip\u00ebris\u00eb","robots":{"index":"index","follow":"follow","max-snippet":"max-snippet:-1","max-image-preview":"max-image-preview:large","max-video-preview":"max-video-preview:-1"},"canonical":"https:\/\/orthodoxalbania.org\/2020\/2006\/02\/26\/diplomimi-i-vitit-te-katert-te-akademise-teologjike-ngjallja-e-krishtit-qershor-06\/","og_locale":"en_US","og_type":"article","og_title":"Diplomimi i vitit t\u00eb kat\u00ebrt t\u00eb Akademis\u00eb Teologjike \"Ngjallja e Krishtit\". (12 Qershor 2006) - Kisha Orthodh\u03bfkse Autoqefale e Shqip\u00ebris\u00eb","og_description":"&nbsp;&nbsp;&nbsp;&nbsp; Klerik\u00eb, prind\u00ebr, pedagog\u00eb, student\u00eb dhe shum\u00eb t\u00eb ftuar p\u00ebrcoll\u00ebn n\u00eb nj\u00eb ceremoni festive 13 t\u00eb diplomuarit e rinj t\u00eb Akademis\u00eb Teologjik\u00eb n\u00eb Sh\u00ebn Vlash t\u00eb Durr\u00ebsit. Dit\u00ebn e t\u00eb kremtes s\u00eb Shpirtit t\u00eb Shenjt\u00eb m\u00eb 12 qershor, Kryepiskopi Anastas bashk\u00eb me an\u00ebtar\u00ebt e tjer\u00eb t\u00eb Sinodit t\u00eb Shenjt\u00eb, Mitropoliti i Beratit Ignati, Mitropoliti i Kor\u00e7\u00ebs Joani, Dekani i Akademis\u00eb Teologjike Episkop Ilia Ketri dhe","og_url":"https:\/\/orthodoxalbania.org\/2020\/2006\/02\/26\/diplomimi-i-vitit-te-katert-te-akademise-teologjike-ngjallja-e-krishtit-qershor-06\/","og_site_name":"Kisha Orthodh\u03bfkse Autoqefale e Shqip\u00ebris\u00eb","article_publisher":"https:\/\/www.facebook.com\/koash1991","article_published_time":"2006-02-26T00:00:00+00:00","article_modified_time":"2020-04-06T20:36:00+00:00","og_image":[{"url":"https:\/\/lh4.googleusercontent.com\/-py8VQJmi4ig\/VIbrNn2E0DI\/AAAAAAAAFeY\/yeWv7Dzll-g\/w350-h233-no\/1text.jpg","type":"","width":"","height":""}],"author":"Kisha Orthodhokse","twitter_card":"summary_large_image","twitter_misc":{"Written by":"Kisha Orthodhokse","Est. reading time":"5 minutes"},"schema":{"@context":"https:\/\/schema.org","@graph":[{"@type":"Article","@id":"https:\/\/orthodoxalbania.org\/2020\/2006\/02\/26\/diplomimi-i-vitit-te-katert-te-akademise-teologjike-ngjallja-e-krishtit-qershor-06\/#article","isPartOf":{"@id":"https:\/\/orthodoxalbania.org\/2020\/2006\/02\/26\/diplomimi-i-vitit-te-katert-te-akademise-teologjike-ngjallja-e-krishtit-qershor-06\/"},"author":{"name":"Kisha Orthodhokse","@id":"https:\/\/orthodoxalbania.org\/2020\/#\/schema\/person\/0c387634a7063ac612d7ed9ce71c7e86"},"headline":"Diplomimi i vitit t\u00eb kat\u00ebrt t\u00eb Akademis\u00eb Teologjike &#8220;Ngjallja e Krishtit&#8221;. (12 Qershor 2006)","datePublished":"2006-02-26T00:00:00+00:00","dateModified":"2020-04-06T20:36:00+00:00","mainEntityOfPage":{"@id":"https:\/\/orthodoxalbania.org\/2020\/2006\/02\/26\/diplomimi-i-vitit-te-katert-te-akademise-teologjike-ngjallja-e-krishtit-qershor-06\/"},"wordCount":987,"commentCount":0,"publisher":{"@id":"https:\/\/orthodoxalbania.org\/2020\/#organization"},"image":{"@id":"https:\/\/orthodoxalbania.org\/2020\/2006\/02\/26\/diplomimi-i-vitit-te-katert-te-akademise-teologjike-ngjallja-e-krishtit-qershor-06\/#primaryimage"},"thumbnailUrl":"https:\/\/lh4.googleusercontent.com\/-py8VQJmi4ig\/VIbrNn2E0DI\/AAAAAAAAFeY\/yeWv7Dzll-g\/w350-h233-no\/1text.jpg","keywords":["2006","Akademia Teologjike","Diplomime","Kryepiskopata Tiran\u00eb","Kryepiskopi Anastas","lajme"],"articleSection":["Lajme"],"inLanguage":"en-US"},{"@type":"WebPage","@id":"https:\/\/orthodoxalbania.org\/2020\/2006\/02\/26\/diplomimi-i-vitit-te-katert-te-akademise-teologjike-ngjallja-e-krishtit-qershor-06\/","url":"https:\/\/orthodoxalbania.org\/2020\/2006\/02\/26\/diplomimi-i-vitit-te-katert-te-akademise-teologjike-ngjallja-e-krishtit-qershor-06\/","name":"Diplomimi i vitit t\u00eb kat\u00ebrt t\u00eb Akademis\u00eb Teologjike \"Ngjallja e Krishtit\". (12 Qershor 2006) - Kisha Orthodh\u03bfkse Autoqefale e Shqip\u00ebris\u00eb","isPartOf":{"@id":"https:\/\/orthodoxalbania.org\/2020\/#website"},"primaryImageOfPage":{"@id":"https:\/\/orthodoxalbania.org\/2020\/2006\/02\/26\/diplomimi-i-vitit-te-katert-te-akademise-teologjike-ngjallja-e-krishtit-qershor-06\/#primaryimage"},"image":{"@id":"https:\/\/orthodoxalbania.org\/2020\/2006\/02\/26\/diplomimi-i-vitit-te-katert-te-akademise-teologjike-ngjallja-e-krishtit-qershor-06\/#primaryimage"},"thumbnailUrl":"https:\/\/lh4.googleusercontent.com\/-py8VQJmi4ig\/VIbrNn2E0DI\/AAAAAAAAFeY\/yeWv7Dzll-g\/w350-h233-no\/1text.jpg","datePublished":"2006-02-26T00:00:00+00:00","dateModified":"2020-04-06T20:36:00+00:00","breadcrumb":{"@id":"https:\/\/orthodoxalbania.org\/2020\/2006\/02\/26\/diplomimi-i-vitit-te-katert-te-akademise-teologjike-ngjallja-e-krishtit-qershor-06\/#breadcrumb"},"inLanguage":"en-US","potentialAction":[{"@type":"ReadAction","target":["https:\/\/orthodoxalbania.org\/2020\/2006\/02\/26\/diplomimi-i-vitit-te-katert-te-akademise-teologjike-ngjallja-e-krishtit-qershor-06\/"]}]},{"@type":"ImageObject","inLanguage":"en-US","@id":"https:\/\/orthodoxalbania.org\/2020\/2006\/02\/26\/diplomimi-i-vitit-te-katert-te-akademise-teologjike-ngjallja-e-krishtit-qershor-06\/#primaryimage","url":"https:\/\/lh4.googleusercontent.com\/-py8VQJmi4ig\/VIbrNn2E0DI\/AAAAAAAAFeY\/yeWv7Dzll-g\/w350-h233-no\/1text.jpg","contentUrl":"https:\/\/lh4.googleusercontent.com\/-py8VQJmi4ig\/VIbrNn2E0DI\/AAAAAAAAFeY\/yeWv7Dzll-g\/w350-h233-no\/1text.jpg"},{"@type":"BreadcrumbList","@id":"https:\/\/orthodoxalbania.org\/2020\/2006\/02\/26\/diplomimi-i-vitit-te-katert-te-akademise-teologjike-ngjallja-e-krishtit-qershor-06\/#breadcrumb","itemListElement":[{"@type":"ListItem","position":1,"name":"Home","item":"https:\/\/orthodoxalbania.org\/2020\/"},{"@type":"ListItem","position":2,"name":"Diplomimi i vitit t\u00eb kat\u00ebrt t\u00eb Akademis\u00eb Teologjike &#8220;Ngjallja e Krishtit&#8221;. (12 Qershor 2006)"}]},{"@type":"WebSite","@id":"https:\/\/orthodoxalbania.org\/2020\/#website","url":"https:\/\/orthodoxalbania.org\/2020\/","name":"Kisha Orthodh\u03bfkse Autoqefale e Shqip\u00ebris\u00eb","description":"Fqja Zyrtare e Kish\u00ebs Orthodhokse Autoqefale e Shqip\u00ebris\u00eb me lajmet edhe informacionet zyrtare p\u00ebr struktur\u00ebn edhe veprimtarin e saj.","publisher":{"@id":"https:\/\/orthodoxalbania.org\/2020\/#organization"},"potentialAction":[{"@type":"SearchAction","target":{"@type":"EntryPoint","urlTemplate":"https:\/\/orthodoxalbania.org\/2020\/?s={search_term_string}"},"query-input":{"@type":"PropertyValueSpecification","valueRequired":true,"valueName":"search_term_string"}}],"inLanguage":"en-US"},{"@type":"Organization","@id":"https:\/\/orthodoxalbania.org\/2020\/#organization","name":"Kisha Orthodhokse Autoqefale e Shqip\u00ebris\u00eb","url":"https:\/\/orthodoxalbania.org\/2020\/","logo":{"@type":"ImageObject","inLanguage":"en-US","@id":"https:\/\/orthodoxalbania.org\/2020\/#\/schema\/logo\/image\/","url":"https:\/\/orthodoxalbania.org\/2020\/wp-content\/uploads\/2020\/05\/albania.jpeg","contentUrl":"https:\/\/orthodoxalbania.org\/2020\/wp-content\/uploads\/2020\/05\/albania.jpeg","width":540,"height":540,"caption":"Kisha Orthodhokse Autoqefale e Shqip\u00ebris\u00eb"},"image":{"@id":"https:\/\/orthodoxalbania.org\/2020\/#\/schema\/logo\/image\/"},"sameAs":["https:\/\/www.facebook.com\/koash1991"]},{"@type":"Person","@id":"https:\/\/orthodoxalbania.org\/2020\/#\/schema\/person\/0c387634a7063ac612d7ed9ce71c7e86","name":"Kisha Orthodhokse","image":{"@type":"ImageObject","inLanguage":"en-US","@id":"https:\/\/secure.gravatar.com\/avatar\/596e7c417251e30f2fbb9c00e026fce61a695a00e51c889caded71c96cbbdde5?s=96&d=mm&r=g","url":"https:\/\/secure.gravatar.com\/avatar\/596e7c417251e30f2fbb9c00e026fce61a695a00e51c889caded71c96cbbdde5?s=96&d=mm&r=g","contentUrl":"https:\/\/secure.gravatar.com\/avatar\/596e7c417251e30f2fbb9c00e026fce61a695a00e51c889caded71c96cbbdde5?s=96&d=mm&r=g","caption":"Kisha Orthodhokse"}}]}},"_links":{"self":[{"href":"https:\/\/orthodoxalbania.org\/2020\/wp-json\/wp\/v2\/posts\/410","targetHints":{"allow":["GET"]}}],"collection":[{"href":"https:\/\/orthodoxalbania.org\/2020\/wp-json\/wp\/v2\/posts"}],"about":[{"href":"https:\/\/orthodoxalbania.org\/2020\/wp-json\/wp\/v2\/types\/post"}],"author":[{"embeddable":true,"href":"https:\/\/orthodoxalbania.org\/2020\/wp-json\/wp\/v2\/users\/1"}],"replies":[{"embeddable":true,"href":"https:\/\/orthodoxalbania.org\/2020\/wp-json\/wp\/v2\/comments?post=410"}],"version-history":[{"count":1,"href":"https:\/\/orthodoxalbania.org\/2020\/wp-json\/wp\/v2\/posts\/410\/revisions"}],"predecessor-version":[{"id":15821,"href":"https:\/\/orthodoxalbania.org\/2020\/wp-json\/wp\/v2\/posts\/410\/revisions\/15821"}],"wp:attachment":[{"href":"https:\/\/orthodoxalbania.org\/2020\/wp-json\/wp\/v2\/media?parent=410"}],"wp:term":[{"taxonomy":"category","embeddable":true,"href":"https:\/\/orthodoxalbania.org\/2020\/wp-json\/wp\/v2\/categories?post=410"},{"taxonomy":"post_tag","embeddable":true,"href":"https:\/\/orthodoxalbania.org\/2020\/wp-json\/wp\/v2\/tags?post=410"}],"curies":[{"name":"wp","href":"https:\/\/api.w.org\/{rel}","templated":true}]}}