{"id":4086,"date":"2015-07-04T09:37:46","date_gmt":"2015-07-04T09:37:46","guid":{"rendered":""},"modified":"2020-04-06T22:02:10","modified_gmt":"2020-04-06T20:02:10","slug":"filluan-kampet-verore-per-femijet-dhe-te-rinjte-orthodhokse","status":"publish","type":"post","link":"https:\/\/orthodoxalbania.org\/2020\/2015\/07\/04\/filluan-kampet-verore-per-femijet-dhe-te-rinjte-orthodhokse\/","title":{"rendered":"Filluan kampet verore p\u00ebr f\u00ebmij\u00ebt dhe t\u00eb rinjt\u00eb orthodhoks\u00eb"},"content":{"rendered":"<p style=\"text-align: center;\"><span style=\"color: #800000;\"><strong><span style=\"font-size: 12pt; font-family: helvetica;\">&#8211; Tema e tyre shpirt\u00ebrore k\u00ebt\u00eb vit do t\u00eb jet\u00eb \u201cUdh\u00ebto me zotin\u201d &#8211;<\/span><\/strong><\/span><\/p>\n<p style=\"text-align: justify;\">&nbsp;<\/p>\n<p style=\"text-align: justify;\"><span style=\"font-size: 12pt; font-family: helvetica; color: #000000;\">&nbsp;&nbsp;&nbsp; Periudha e ver\u00ebs \u00ebsht\u00eb nj\u00eb g\u00ebzim i ve\u00e7ant\u00eb p\u00ebr t\u00eb rinjt\u00eb dhe t\u00eb rejat orthodhokse. \u00cbsht\u00eb bekim i madh q\u00eb ata marrin pjes\u00eb n\u00eb nj\u00eb nga veprimtarit\u00eb m\u00eb t\u00eb r\u00ebnd\u00ebsishme dhe tradicionale q\u00eb Kisha Orthodhokse Autoqefale e Shqip\u00ebris\u00eb organizon \u00e7do vit prej dy dekadash p\u00ebr arg\u00ebtimin, formimin dhe edukimin e brezit t\u00eb ri, n\u00eb kampet verore p\u00ebr f\u00ebmij\u00eb e t\u00eb rinj. Ato nis\u00ebn m\u00eb 2 dhe 4 korrik dhe do t\u00eb p\u00ebrfundojn\u00eb n\u00eb fund t\u00eb muajit gusht, t\u00eb ndar\u00eb n\u00eb tre turne, sipas moshave, f\u00ebmij\u00eb, gjimnazist\u00eb dhe student\u00eb, t\u00eb ardhur nga Kryepiskopata dhe Mitropolit\u00eb.<\/span><\/p>\n<p style=\"text-align: justify;\"><span style=\"font-size: 12pt; font-family: helvetica; color: #000000;\">&nbsp;&nbsp;&nbsp; Tema e p\u00ebrbashk\u00ebt shpirt\u00ebrore p\u00ebr k\u00ebt\u00eb vit \u00ebsht\u00eb \u201cUdh\u00ebto me Zotin\u201d. Ajo do t\u00eb p\u00ebrqendrohet n\u00eb shembullin q\u00eb na jep jeta e Apostull Pavlit dhe do t\u00eb zhvillohet me veprimtari e referate, n\u00eb m\u00ebnyr\u00eb q\u00eb edhe t\u00eb rinjt\u00eb ta kuptojn\u00eb se si, ashtu si Apostulli, t\u00eb mund t\u00eb ecin s\u00eb bashku me Per\u00ebndin\u00eb n\u00eb rrug\u00ebtimin e tyre n\u00eb jet\u00eb. Kampet do t\u00eb ken\u00eb edhe veprimtari t\u00eb tjera t\u00eb larmishme, si shfaqje artistike e konkurse, aktivitete sportive, ekskursione, shkuarje n\u00eb plazh etj.<\/span><\/p>\n<p style=\"text-align: justify;\"><span style=\"font-size: 12pt; font-family: helvetica; color: #000000;\">&nbsp;&nbsp; Kampet zhvillohen n\u00ebn kujdesin dhe me mund\u00ebsit\u00eb e krijuara nga Fortlumturia e Tij, Kryepiskopi Anastas, i cili i konsideron ato si \u201cshkolla verore\u201d.<\/span><span style=\"font-size: 12pt; font-family: helvetica; color: #000000;\"><\/span><\/p>\n<p style=\"text-align: justify;\"><span style=\"font-size: 12pt; font-family: helvetica; color: #000000;\">&nbsp;&nbsp;&nbsp; Dy turnet e para t\u00eb kampit t\u00eb djemve do t\u00eb zhvillohen af\u00ebr qytetit t\u00eb Durr\u00ebsit, n\u00eb mjediset e bukura dhe t\u00eb pajisura me t\u00eb gjitha kushtet t\u00eb Manastrit t\u00eb ri t\u00eb Sh\u00ebn Vlashit dhe Akademis\u00eb Teologjike \u201cNgjallja e Krishtit\u201d, nd\u00ebrsa kampi i tret\u00eb, ai me student\u00ebt, do zhvillohen mes natyr\u00ebs s\u00eb mrekullueshme t\u00eb bregdetit n\u00eb Manastirin e Sh\u00ebn Jorgjit, n\u00eb \u00c7uk\u00eb, af\u00ebr Sarand\u00ebs.<\/span><\/p>\n<p style=\"text-align: justify;\"><span style=\"font-size: 12pt; font-family: helvetica; color: #000000;\">&nbsp;&nbsp;&nbsp; T\u00eb tri kampet e vajzave do t\u00eb zhvillohen n\u00eb mjediset e bukura dhe me t\u00eb gjitha kushtet e Manastirit historik t\u00eb Sh\u00ebn Joan Vladimirit, af\u00ebr Elbasanit.<\/span><\/p>\n<p style=\"text-align: justify;\">&nbsp;<\/p>\n<p style=\"text-align: justify;\">&nbsp;<\/p>\n<p style=\"text-align: justify;\"><img decoding=\"async\" class=\"lazyload HAa Eha\" style=\"display: block; margin: 10px auto; border: 1px solid #000000;\" alt=\"\" src=\"data:image\/svg+xml,%3Csvg%20xmlns%3D%27http%3A%2F%2Fwww.w3.org%2F2000%2Fsvg%27%20width%3D%27450%27%20height%3D%27318%27%20viewBox%3D%270%200%20450%20318%27%3E%3Crect%20width%3D%27450%27%20height%3D%27318%27%20fill-opacity%3D%220%22%2F%3E%3C%2Fsvg%3E\" data-orig-src=\"https:\/\/lh6.googleusercontent.com\/-5tImZaLKM84\/VZeqjVRiWZI\/AAAAAAAAODc\/1LamCV_SqsE\/w800-h565-no\/11168002_793521900754852_2364163380546935648_n_800x565.jpg\" height=\"318\" width=\"450\" \/><\/p>\n<p><img decoding=\"async\" class=\"lazyload HAa Eha\" style=\"display: block; margin: 10px auto; border: 1px solid #000000;\" alt=\"\" src=\"data:image\/svg+xml,%3Csvg%20xmlns%3D%27http%3A%2F%2Fwww.w3.org%2F2000%2Fsvg%27%20width%3D%27450%27%20height%3D%27253%27%20viewBox%3D%270%200%20450%20253%27%3E%3Crect%20width%3D%27450%27%20height%3D%27253%27%20fill-opacity%3D%220%22%2F%3E%3C%2Fsvg%3E\" data-orig-src=\"https:\/\/lh5.googleusercontent.com\/-nXFphH8N24E\/VZenhsL8bII\/AAAAAAAAODE\/di-6Fw8tOvc\/w640-h360-no\/1000880_596114237095387_1304973661_n.jpg\" height=\"253\" width=\"450\" \/><\/p>\n<p><img decoding=\"async\" class=\"lazyload HAa Eha\" style=\"display: block; margin: 10px auto; border: 1px solid #000000;\" alt=\"\" src=\"data:image\/svg+xml,%3Csvg%20xmlns%3D%27http%3A%2F%2Fwww.w3.org%2F2000%2Fsvg%27%20width%3D%27450%27%20height%3D%27251%27%20viewBox%3D%270%200%20450%20251%27%3E%3Crect%20width%3D%27450%27%20height%3D%27251%27%20fill-opacity%3D%220%22%2F%3E%3C%2Fsvg%3E\" data-orig-src=\"https:\/\/lh5.googleusercontent.com\/-DjMrGHR592g\/VZenh5WX7yI\/AAAAAAAAODM\/V3CcRd0fC1Q\/w958-h533-no\/t97.jpg\" height=\"251\" width=\"450\" \/><\/p>\n","protected":false},"excerpt":{"rendered":"<p>&#8211; Tema e tyre shpirt\u00ebrore k\u00ebt\u00eb vit do t\u00eb jet\u00eb \u201cUdh\u00ebto me zotin\u201d &#8211; &nbsp; &nbsp;&nbsp;&nbsp; Periudha e ver\u00ebs \u00ebsht\u00eb nj\u00eb g\u00ebzim i ve\u00e7ant\u00eb p\u00ebr t\u00eb rinjt\u00eb dhe t\u00eb rejat orthodhokse. \u00cbsht\u00eb bekim i madh q\u00eb ata marrin pjes\u00eb n\u00eb nj\u00eb nga veprimtarit\u00eb m\u00eb t\u00eb r\u00ebnd\u00ebsishme dhe tradicionale q\u00eb Kisha Orthodhokse Autoqefale e Shqip\u00ebris\u00eb organizon \u00e7do vit prej dy dekadash p\u00ebr arg\u00ebtimin, formimin dhe edukimin<\/p>\n","protected":false},"author":1,"featured_media":4087,"comment_status":"open","ping_status":"open","sticky":false,"template":"","format":"standard","meta":{"_acf_changed":false,"pagelayer_contact_templates":[],"_pagelayer_content":"","inline_featured_image":false,"fifu_image_url":"","fifu_image_alt":"","footnotes":""},"categories":[108],"tags":[139,154,200,196,212,176],"class_list":["post-4086","post","type-post","status-publish","format-standard","has-post-thumbnail","hentry","category-lajme","tag-139","tag-aktivitete","tag-kampe-verore","tag-tirane","tag-lajme-d27","tag-rinia-orthodhokse"],"acf":[],"yoast_head":"<!-- This site is optimized with the Yoast SEO plugin v27.2 - https:\/\/yoast.com\/product\/yoast-seo-wordpress\/ -->\n<title>Filluan kampet verore p\u00ebr f\u00ebmij\u00ebt dhe t\u00eb rinjt\u00eb orthodhoks\u00eb - Kisha Orthodh\u03bfkse Autoqefale e Shqip\u00ebris\u00eb<\/title>\n<meta name=\"robots\" content=\"index, follow, max-snippet:-1, max-image-preview:large, max-video-preview:-1\" \/>\n<link rel=\"canonical\" href=\"https:\/\/orthodoxalbania.org\/2020\/2015\/07\/04\/filluan-kampet-verore-per-femijet-dhe-te-rinjte-orthodhokse\/\" \/>\n<meta property=\"og:locale\" content=\"en_US\" \/>\n<meta property=\"og:type\" content=\"article\" \/>\n<meta property=\"og:title\" content=\"Filluan kampet verore p\u00ebr f\u00ebmij\u00ebt dhe t\u00eb rinjt\u00eb orthodhoks\u00eb - Kisha Orthodh\u03bfkse Autoqefale e Shqip\u00ebris\u00eb\" \/>\n<meta property=\"og:description\" content=\"&#8211; Tema e tyre shpirt\u00ebrore k\u00ebt\u00eb vit do t\u00eb jet\u00eb \u201cUdh\u00ebto me zotin\u201d &#8211; &nbsp; &nbsp;&nbsp;&nbsp; Periudha e ver\u00ebs \u00ebsht\u00eb nj\u00eb g\u00ebzim i ve\u00e7ant\u00eb p\u00ebr t\u00eb rinjt\u00eb dhe t\u00eb rejat orthodhokse. \u00cbsht\u00eb bekim i madh q\u00eb ata marrin pjes\u00eb n\u00eb nj\u00eb nga veprimtarit\u00eb m\u00eb t\u00eb r\u00ebnd\u00ebsishme dhe tradicionale q\u00eb Kisha Orthodhokse Autoqefale e Shqip\u00ebris\u00eb organizon \u00e7do vit prej dy dekadash p\u00ebr arg\u00ebtimin, formimin dhe edukimin\" \/>\n<meta property=\"og:url\" content=\"https:\/\/orthodoxalbania.org\/2020\/2015\/07\/04\/filluan-kampet-verore-per-femijet-dhe-te-rinjte-orthodhokse\/\" \/>\n<meta property=\"og:site_name\" content=\"Kisha Orthodh\u03bfkse Autoqefale e Shqip\u00ebris\u00eb\" \/>\n<meta property=\"article:publisher\" content=\"https:\/\/www.facebook.com\/koash1991\" \/>\n<meta property=\"article:published_time\" content=\"2015-07-04T09:37:46+00:00\" \/>\n<meta property=\"article:modified_time\" content=\"2020-04-06T20:02:10+00:00\" \/>\n<meta property=\"og:image\" content=\"https:\/\/orthodoxalbania.org\/2020\/wp-content\/uploads\/2020\/04\/11168002_793521900754852_2364163380546935648_n_800x565.jpg\" \/>\n\t<meta property=\"og:image:width\" content=\"150\" \/>\n\t<meta property=\"og:image:height\" content=\"150\" \/>\n\t<meta property=\"og:image:type\" content=\"image\/jpeg\" \/>\n<meta name=\"author\" content=\"Kisha Orthodhokse\" \/>\n<meta name=\"twitter:card\" content=\"summary_large_image\" \/>\n<meta name=\"twitter:label1\" content=\"Written by\" \/>\n\t<meta name=\"twitter:data1\" content=\"Kisha Orthodhokse\" \/>\n\t<meta name=\"twitter:label2\" content=\"Est. reading time\" \/>\n\t<meta name=\"twitter:data2\" content=\"2 minutes\" \/>\n<script type=\"application\/ld+json\" class=\"yoast-schema-graph\">{\"@context\":\"https:\/\/schema.org\",\"@graph\":[{\"@type\":\"Article\",\"@id\":\"https:\/\/orthodoxalbania.org\/2020\/2015\/07\/04\/filluan-kampet-verore-per-femijet-dhe-te-rinjte-orthodhokse\/#article\",\"isPartOf\":{\"@id\":\"https:\/\/orthodoxalbania.org\/2020\/2015\/07\/04\/filluan-kampet-verore-per-femijet-dhe-te-rinjte-orthodhokse\/\"},\"author\":{\"name\":\"Kisha Orthodhokse\",\"@id\":\"https:\/\/orthodoxalbania.org\/2020\/#\/schema\/person\/0c387634a7063ac612d7ed9ce71c7e86\"},\"headline\":\"Filluan kampet verore p\u00ebr f\u00ebmij\u00ebt dhe t\u00eb rinjt\u00eb orthodhoks\u00eb\",\"datePublished\":\"2015-07-04T09:37:46+00:00\",\"dateModified\":\"2020-04-06T20:02:10+00:00\",\"mainEntityOfPage\":{\"@id\":\"https:\/\/orthodoxalbania.org\/2020\/2015\/07\/04\/filluan-kampet-verore-per-femijet-dhe-te-rinjte-orthodhokse\/\"},\"wordCount\":368,\"commentCount\":0,\"publisher\":{\"@id\":\"https:\/\/orthodoxalbania.org\/2020\/#organization\"},\"image\":{\"@id\":\"https:\/\/orthodoxalbania.org\/2020\/2015\/07\/04\/filluan-kampet-verore-per-femijet-dhe-te-rinjte-orthodhokse\/#primaryimage\"},\"thumbnailUrl\":\"https:\/\/orthodoxalbania.org\/2020\/wp-content\/uploads\/2020\/04\/11168002_793521900754852_2364163380546935648_n_800x565.jpg\",\"keywords\":[\"2015\",\"Aktivitete\",\"Kampe verore\",\"Kryepiskopata Tiran\u00eb\",\"lajme\",\"Rinia Orthodhokse\"],\"articleSection\":[\"Lajme\"],\"inLanguage\":\"en-US\"},{\"@type\":\"WebPage\",\"@id\":\"https:\/\/orthodoxalbania.org\/2020\/2015\/07\/04\/filluan-kampet-verore-per-femijet-dhe-te-rinjte-orthodhokse\/\",\"url\":\"https:\/\/orthodoxalbania.org\/2020\/2015\/07\/04\/filluan-kampet-verore-per-femijet-dhe-te-rinjte-orthodhokse\/\",\"name\":\"Filluan kampet verore p\u00ebr f\u00ebmij\u00ebt dhe t\u00eb rinjt\u00eb orthodhoks\u00eb - Kisha Orthodh\u03bfkse Autoqefale e Shqip\u00ebris\u00eb\",\"isPartOf\":{\"@id\":\"https:\/\/orthodoxalbania.org\/2020\/#website\"},\"primaryImageOfPage\":{\"@id\":\"https:\/\/orthodoxalbania.org\/2020\/2015\/07\/04\/filluan-kampet-verore-per-femijet-dhe-te-rinjte-orthodhokse\/#primaryimage\"},\"image\":{\"@id\":\"https:\/\/orthodoxalbania.org\/2020\/2015\/07\/04\/filluan-kampet-verore-per-femijet-dhe-te-rinjte-orthodhokse\/#primaryimage\"},\"thumbnailUrl\":\"https:\/\/orthodoxalbania.org\/2020\/wp-content\/uploads\/2020\/04\/11168002_793521900754852_2364163380546935648_n_800x565.jpg\",\"datePublished\":\"2015-07-04T09:37:46+00:00\",\"dateModified\":\"2020-04-06T20:02:10+00:00\",\"breadcrumb\":{\"@id\":\"https:\/\/orthodoxalbania.org\/2020\/2015\/07\/04\/filluan-kampet-verore-per-femijet-dhe-te-rinjte-orthodhokse\/#breadcrumb\"},\"inLanguage\":\"en-US\",\"potentialAction\":[{\"@type\":\"ReadAction\",\"target\":[\"https:\/\/orthodoxalbania.org\/2020\/2015\/07\/04\/filluan-kampet-verore-per-femijet-dhe-te-rinjte-orthodhokse\/\"]}]},{\"@type\":\"ImageObject\",\"inLanguage\":\"en-US\",\"@id\":\"https:\/\/orthodoxalbania.org\/2020\/2015\/07\/04\/filluan-kampet-verore-per-femijet-dhe-te-rinjte-orthodhokse\/#primaryimage\",\"url\":\"https:\/\/orthodoxalbania.org\/2020\/wp-content\/uploads\/2020\/04\/11168002_793521900754852_2364163380546935648_n_800x565.jpg\",\"contentUrl\":\"https:\/\/orthodoxalbania.org\/2020\/wp-content\/uploads\/2020\/04\/11168002_793521900754852_2364163380546935648_n_800x565.jpg\",\"width\":150,\"height\":150},{\"@type\":\"BreadcrumbList\",\"@id\":\"https:\/\/orthodoxalbania.org\/2020\/2015\/07\/04\/filluan-kampet-verore-per-femijet-dhe-te-rinjte-orthodhokse\/#breadcrumb\",\"itemListElement\":[{\"@type\":\"ListItem\",\"position\":1,\"name\":\"Home\",\"item\":\"https:\/\/orthodoxalbania.org\/2020\/\"},{\"@type\":\"ListItem\",\"position\":2,\"name\":\"Filluan kampet verore p\u00ebr f\u00ebmij\u00ebt dhe t\u00eb rinjt\u00eb orthodhoks\u00eb\"}]},{\"@type\":\"WebSite\",\"@id\":\"https:\/\/orthodoxalbania.org\/2020\/#website\",\"url\":\"https:\/\/orthodoxalbania.org\/2020\/\",\"name\":\"Kisha Orthodh\u03bfkse Autoqefale e Shqip\u00ebris\u00eb\",\"description\":\"Fqja Zyrtare e Kish\u00ebs Orthodhokse Autoqefale e Shqip\u00ebris\u00eb me lajmet edhe informacionet zyrtare p\u00ebr struktur\u00ebn edhe veprimtarin e saj.\",\"publisher\":{\"@id\":\"https:\/\/orthodoxalbania.org\/2020\/#organization\"},\"potentialAction\":[{\"@type\":\"SearchAction\",\"target\":{\"@type\":\"EntryPoint\",\"urlTemplate\":\"https:\/\/orthodoxalbania.org\/2020\/?s={search_term_string}\"},\"query-input\":{\"@type\":\"PropertyValueSpecification\",\"valueRequired\":true,\"valueName\":\"search_term_string\"}}],\"inLanguage\":\"en-US\"},{\"@type\":\"Organization\",\"@id\":\"https:\/\/orthodoxalbania.org\/2020\/#organization\",\"name\":\"Kisha Orthodhokse Autoqefale e Shqip\u00ebris\u00eb\",\"url\":\"https:\/\/orthodoxalbania.org\/2020\/\",\"logo\":{\"@type\":\"ImageObject\",\"inLanguage\":\"en-US\",\"@id\":\"https:\/\/orthodoxalbania.org\/2020\/#\/schema\/logo\/image\/\",\"url\":\"https:\/\/orthodoxalbania.org\/2020\/wp-content\/uploads\/2020\/05\/albania.jpeg\",\"contentUrl\":\"https:\/\/orthodoxalbania.org\/2020\/wp-content\/uploads\/2020\/05\/albania.jpeg\",\"width\":540,\"height\":540,\"caption\":\"Kisha Orthodhokse Autoqefale e Shqip\u00ebris\u00eb\"},\"image\":{\"@id\":\"https:\/\/orthodoxalbania.org\/2020\/#\/schema\/logo\/image\/\"},\"sameAs\":[\"https:\/\/www.facebook.com\/koash1991\"]},{\"@type\":\"Person\",\"@id\":\"https:\/\/orthodoxalbania.org\/2020\/#\/schema\/person\/0c387634a7063ac612d7ed9ce71c7e86\",\"name\":\"Kisha Orthodhokse\",\"image\":{\"@type\":\"ImageObject\",\"inLanguage\":\"en-US\",\"@id\":\"https:\/\/secure.gravatar.com\/avatar\/596e7c417251e30f2fbb9c00e026fce61a695a00e51c889caded71c96cbbdde5?s=96&d=mm&r=g\",\"url\":\"https:\/\/secure.gravatar.com\/avatar\/596e7c417251e30f2fbb9c00e026fce61a695a00e51c889caded71c96cbbdde5?s=96&d=mm&r=g\",\"contentUrl\":\"https:\/\/secure.gravatar.com\/avatar\/596e7c417251e30f2fbb9c00e026fce61a695a00e51c889caded71c96cbbdde5?s=96&d=mm&r=g\",\"caption\":\"Kisha Orthodhokse\"}}]}<\/script>\n<!-- \/ Yoast SEO plugin. -->","yoast_head_json":{"title":"Filluan kampet verore p\u00ebr f\u00ebmij\u00ebt dhe t\u00eb rinjt\u00eb orthodhoks\u00eb - Kisha Orthodh\u03bfkse Autoqefale e Shqip\u00ebris\u00eb","robots":{"index":"index","follow":"follow","max-snippet":"max-snippet:-1","max-image-preview":"max-image-preview:large","max-video-preview":"max-video-preview:-1"},"canonical":"https:\/\/orthodoxalbania.org\/2020\/2015\/07\/04\/filluan-kampet-verore-per-femijet-dhe-te-rinjte-orthodhokse\/","og_locale":"en_US","og_type":"article","og_title":"Filluan kampet verore p\u00ebr f\u00ebmij\u00ebt dhe t\u00eb rinjt\u00eb orthodhoks\u00eb - Kisha Orthodh\u03bfkse Autoqefale e Shqip\u00ebris\u00eb","og_description":"&#8211; Tema e tyre shpirt\u00ebrore k\u00ebt\u00eb vit do t\u00eb jet\u00eb \u201cUdh\u00ebto me zotin\u201d &#8211; &nbsp; &nbsp;&nbsp;&nbsp; Periudha e ver\u00ebs \u00ebsht\u00eb nj\u00eb g\u00ebzim i ve\u00e7ant\u00eb p\u00ebr t\u00eb rinjt\u00eb dhe t\u00eb rejat orthodhokse. \u00cbsht\u00eb bekim i madh q\u00eb ata marrin pjes\u00eb n\u00eb nj\u00eb nga veprimtarit\u00eb m\u00eb t\u00eb r\u00ebnd\u00ebsishme dhe tradicionale q\u00eb Kisha Orthodhokse Autoqefale e Shqip\u00ebris\u00eb organizon \u00e7do vit prej dy dekadash p\u00ebr arg\u00ebtimin, formimin dhe edukimin","og_url":"https:\/\/orthodoxalbania.org\/2020\/2015\/07\/04\/filluan-kampet-verore-per-femijet-dhe-te-rinjte-orthodhokse\/","og_site_name":"Kisha Orthodh\u03bfkse Autoqefale e Shqip\u00ebris\u00eb","article_publisher":"https:\/\/www.facebook.com\/koash1991","article_published_time":"2015-07-04T09:37:46+00:00","article_modified_time":"2020-04-06T20:02:10+00:00","og_image":[{"width":150,"height":150,"url":"https:\/\/orthodoxalbania.org\/2020\/wp-content\/uploads\/2020\/04\/11168002_793521900754852_2364163380546935648_n_800x565.jpg","type":"image\/jpeg"}],"author":"Kisha Orthodhokse","twitter_card":"summary_large_image","twitter_misc":{"Written by":"Kisha Orthodhokse","Est. reading time":"2 minutes"},"schema":{"@context":"https:\/\/schema.org","@graph":[{"@type":"Article","@id":"https:\/\/orthodoxalbania.org\/2020\/2015\/07\/04\/filluan-kampet-verore-per-femijet-dhe-te-rinjte-orthodhokse\/#article","isPartOf":{"@id":"https:\/\/orthodoxalbania.org\/2020\/2015\/07\/04\/filluan-kampet-verore-per-femijet-dhe-te-rinjte-orthodhokse\/"},"author":{"name":"Kisha Orthodhokse","@id":"https:\/\/orthodoxalbania.org\/2020\/#\/schema\/person\/0c387634a7063ac612d7ed9ce71c7e86"},"headline":"Filluan kampet verore p\u00ebr f\u00ebmij\u00ebt dhe t\u00eb rinjt\u00eb orthodhoks\u00eb","datePublished":"2015-07-04T09:37:46+00:00","dateModified":"2020-04-06T20:02:10+00:00","mainEntityOfPage":{"@id":"https:\/\/orthodoxalbania.org\/2020\/2015\/07\/04\/filluan-kampet-verore-per-femijet-dhe-te-rinjte-orthodhokse\/"},"wordCount":368,"commentCount":0,"publisher":{"@id":"https:\/\/orthodoxalbania.org\/2020\/#organization"},"image":{"@id":"https:\/\/orthodoxalbania.org\/2020\/2015\/07\/04\/filluan-kampet-verore-per-femijet-dhe-te-rinjte-orthodhokse\/#primaryimage"},"thumbnailUrl":"https:\/\/orthodoxalbania.org\/2020\/wp-content\/uploads\/2020\/04\/11168002_793521900754852_2364163380546935648_n_800x565.jpg","keywords":["2015","Aktivitete","Kampe verore","Kryepiskopata Tiran\u00eb","lajme","Rinia Orthodhokse"],"articleSection":["Lajme"],"inLanguage":"en-US"},{"@type":"WebPage","@id":"https:\/\/orthodoxalbania.org\/2020\/2015\/07\/04\/filluan-kampet-verore-per-femijet-dhe-te-rinjte-orthodhokse\/","url":"https:\/\/orthodoxalbania.org\/2020\/2015\/07\/04\/filluan-kampet-verore-per-femijet-dhe-te-rinjte-orthodhokse\/","name":"Filluan kampet verore p\u00ebr f\u00ebmij\u00ebt dhe t\u00eb rinjt\u00eb orthodhoks\u00eb - Kisha Orthodh\u03bfkse Autoqefale e Shqip\u00ebris\u00eb","isPartOf":{"@id":"https:\/\/orthodoxalbania.org\/2020\/#website"},"primaryImageOfPage":{"@id":"https:\/\/orthodoxalbania.org\/2020\/2015\/07\/04\/filluan-kampet-verore-per-femijet-dhe-te-rinjte-orthodhokse\/#primaryimage"},"image":{"@id":"https:\/\/orthodoxalbania.org\/2020\/2015\/07\/04\/filluan-kampet-verore-per-femijet-dhe-te-rinjte-orthodhokse\/#primaryimage"},"thumbnailUrl":"https:\/\/orthodoxalbania.org\/2020\/wp-content\/uploads\/2020\/04\/11168002_793521900754852_2364163380546935648_n_800x565.jpg","datePublished":"2015-07-04T09:37:46+00:00","dateModified":"2020-04-06T20:02:10+00:00","breadcrumb":{"@id":"https:\/\/orthodoxalbania.org\/2020\/2015\/07\/04\/filluan-kampet-verore-per-femijet-dhe-te-rinjte-orthodhokse\/#breadcrumb"},"inLanguage":"en-US","potentialAction":[{"@type":"ReadAction","target":["https:\/\/orthodoxalbania.org\/2020\/2015\/07\/04\/filluan-kampet-verore-per-femijet-dhe-te-rinjte-orthodhokse\/"]}]},{"@type":"ImageObject","inLanguage":"en-US","@id":"https:\/\/orthodoxalbania.org\/2020\/2015\/07\/04\/filluan-kampet-verore-per-femijet-dhe-te-rinjte-orthodhokse\/#primaryimage","url":"https:\/\/orthodoxalbania.org\/2020\/wp-content\/uploads\/2020\/04\/11168002_793521900754852_2364163380546935648_n_800x565.jpg","contentUrl":"https:\/\/orthodoxalbania.org\/2020\/wp-content\/uploads\/2020\/04\/11168002_793521900754852_2364163380546935648_n_800x565.jpg","width":150,"height":150},{"@type":"BreadcrumbList","@id":"https:\/\/orthodoxalbania.org\/2020\/2015\/07\/04\/filluan-kampet-verore-per-femijet-dhe-te-rinjte-orthodhokse\/#breadcrumb","itemListElement":[{"@type":"ListItem","position":1,"name":"Home","item":"https:\/\/orthodoxalbania.org\/2020\/"},{"@type":"ListItem","position":2,"name":"Filluan kampet verore p\u00ebr f\u00ebmij\u00ebt dhe t\u00eb rinjt\u00eb orthodhoks\u00eb"}]},{"@type":"WebSite","@id":"https:\/\/orthodoxalbania.org\/2020\/#website","url":"https:\/\/orthodoxalbania.org\/2020\/","name":"Kisha Orthodh\u03bfkse Autoqefale e Shqip\u00ebris\u00eb","description":"Fqja Zyrtare e Kish\u00ebs Orthodhokse Autoqefale e Shqip\u00ebris\u00eb me lajmet edhe informacionet zyrtare p\u00ebr struktur\u00ebn edhe veprimtarin e saj.","publisher":{"@id":"https:\/\/orthodoxalbania.org\/2020\/#organization"},"potentialAction":[{"@type":"SearchAction","target":{"@type":"EntryPoint","urlTemplate":"https:\/\/orthodoxalbania.org\/2020\/?s={search_term_string}"},"query-input":{"@type":"PropertyValueSpecification","valueRequired":true,"valueName":"search_term_string"}}],"inLanguage":"en-US"},{"@type":"Organization","@id":"https:\/\/orthodoxalbania.org\/2020\/#organization","name":"Kisha Orthodhokse Autoqefale e Shqip\u00ebris\u00eb","url":"https:\/\/orthodoxalbania.org\/2020\/","logo":{"@type":"ImageObject","inLanguage":"en-US","@id":"https:\/\/orthodoxalbania.org\/2020\/#\/schema\/logo\/image\/","url":"https:\/\/orthodoxalbania.org\/2020\/wp-content\/uploads\/2020\/05\/albania.jpeg","contentUrl":"https:\/\/orthodoxalbania.org\/2020\/wp-content\/uploads\/2020\/05\/albania.jpeg","width":540,"height":540,"caption":"Kisha Orthodhokse Autoqefale e Shqip\u00ebris\u00eb"},"image":{"@id":"https:\/\/orthodoxalbania.org\/2020\/#\/schema\/logo\/image\/"},"sameAs":["https:\/\/www.facebook.com\/koash1991"]},{"@type":"Person","@id":"https:\/\/orthodoxalbania.org\/2020\/#\/schema\/person\/0c387634a7063ac612d7ed9ce71c7e86","name":"Kisha Orthodhokse","image":{"@type":"ImageObject","inLanguage":"en-US","@id":"https:\/\/secure.gravatar.com\/avatar\/596e7c417251e30f2fbb9c00e026fce61a695a00e51c889caded71c96cbbdde5?s=96&d=mm&r=g","url":"https:\/\/secure.gravatar.com\/avatar\/596e7c417251e30f2fbb9c00e026fce61a695a00e51c889caded71c96cbbdde5?s=96&d=mm&r=g","contentUrl":"https:\/\/secure.gravatar.com\/avatar\/596e7c417251e30f2fbb9c00e026fce61a695a00e51c889caded71c96cbbdde5?s=96&d=mm&r=g","caption":"Kisha Orthodhokse"}}]}},"_links":{"self":[{"href":"https:\/\/orthodoxalbania.org\/2020\/wp-json\/wp\/v2\/posts\/4086","targetHints":{"allow":["GET"]}}],"collection":[{"href":"https:\/\/orthodoxalbania.org\/2020\/wp-json\/wp\/v2\/posts"}],"about":[{"href":"https:\/\/orthodoxalbania.org\/2020\/wp-json\/wp\/v2\/types\/post"}],"author":[{"embeddable":true,"href":"https:\/\/orthodoxalbania.org\/2020\/wp-json\/wp\/v2\/users\/1"}],"replies":[{"embeddable":true,"href":"https:\/\/orthodoxalbania.org\/2020\/wp-json\/wp\/v2\/comments?post=4086"}],"version-history":[{"count":1,"href":"https:\/\/orthodoxalbania.org\/2020\/wp-json\/wp\/v2\/posts\/4086\/revisions"}],"predecessor-version":[{"id":14981,"href":"https:\/\/orthodoxalbania.org\/2020\/wp-json\/wp\/v2\/posts\/4086\/revisions\/14981"}],"wp:featuredmedia":[{"embeddable":true,"href":"https:\/\/orthodoxalbania.org\/2020\/wp-json\/wp\/v2\/media\/4087"}],"wp:attachment":[{"href":"https:\/\/orthodoxalbania.org\/2020\/wp-json\/wp\/v2\/media?parent=4086"}],"wp:term":[{"taxonomy":"category","embeddable":true,"href":"https:\/\/orthodoxalbania.org\/2020\/wp-json\/wp\/v2\/categories?post=4086"},{"taxonomy":"post_tag","embeddable":true,"href":"https:\/\/orthodoxalbania.org\/2020\/wp-json\/wp\/v2\/tags?post=4086"}],"curies":[{"name":"wp","href":"https:\/\/api.w.org\/{rel}","templated":true}]}}