{"id":4060,"date":"2015-06-02T10:55:16","date_gmt":"2015-06-02T10:55:16","guid":{"rendered":""},"modified":"2020-04-06T22:02:11","modified_gmt":"2020-04-06T20:02:11","slug":"festivali-i-16-te-i-rinise-orthodhokse-te-shqiperise","status":"publish","type":"post","link":"https:\/\/orthodoxalbania.org\/2020\/2015\/06\/02\/festivali-i-16-te-i-rinise-orthodhokse-te-shqiperise\/","title":{"rendered":"Festivali i 16-t\u00eb i Rinis\u00eb Orthodhokse t\u00eb Shqip\u00ebris\u00eb"},"content":{"rendered":"<p style=\"text-align: justify;\"><span style=\"font-size: 12pt; font-family: helvetica; color: #000000;\">&nbsp; &nbsp; T\u00eb diel\u00ebn, m\u00eb 31.05.2015, n\u00eb Qendr\u00ebn Kulturore pran\u00eb Katedrales \u201cNgjallja e Krishtit\u201d n\u00eb Tiran\u00eb, u organizua Festivali i 16-t\u00eb i Rinis\u00eb Orthodhokse t\u00eb Shqip\u00ebris\u00eb.<\/span><\/p>\n<p style=\"text-align: justify;\"><span style=\"color: #000000;\"><span style=\"font-size: 12pt; font-family: helvetica;\">&nbsp; &nbsp; Si\u00e7 \u00ebsht\u00eb b\u00ebr\u00eb tashm\u00eb tradit\u00eb, grupe rinore t\u00eb p\u00ebrzgjedhura nga i gjith\u00eb vendi mblidhen t\u00eb festojn\u00eb s\u00eb bashku n\u00eb nj\u00eb frym\u00eb dhe shoq\u00ebri dashurie. Por k\u00ebt\u00eb vit, nj\u00eb arsye m\u00eb shum\u00eb p\u00ebr t\u00eb festuar, ishte mir\u00ebnjohja ndaj t\u00eb gjith\u00eb dhuratave t\u00eb Per\u00ebndis\u00eb dhe kujtimi i nj\u00eb ngjarjeje t\u00eb r\u00ebnd\u00ebsishme p\u00ebr t\u00eb gjith\u00eb ne: kujtimi i 1-vjetorit t\u00eb Shenjt\u00ebrimit t\u00eb Katedrales \u201cNgjallja e Krishtit\u201d, e cila \u00ebsht\u00eb kthyer n\u00eb simbolin e ringritjes s\u00eb Kish\u00ebs Orthodhokse n\u00eb Shqip\u00ebri.<\/span><\/span><\/p>\n<p style=\"text-align: justify;\"><span style=\"color: #000000;\"><span style=\"font-size: 12pt; font-family: helvetica;\">&nbsp; &nbsp; Pas interpretimeve t\u00eb grupeve konkuruese, n\u00eb sken\u00eb u ngjit\u00ebn edhe grupe p\u00ebrsh\u00ebndet\u00ebse me tropare kishtare, k\u00ebng\u00eb e valle, nd\u00ebrkoh\u00eb q\u00eb juria u t\u00ebrhoq p\u00ebr t\u00eb marr\u00eb vendimin:<\/span><\/span><\/p>\n<ul>\n<li style=\"text-align: justify;\"><span style=\"color: #000000;\"><span style=\"font-size: 12pt; font-family: helvetica;\">\u00c7mimi i inkurajimit iu dha grupit rinor t\u00eb K\u00eblcyr\u00ebs.<\/span><\/span><\/li>\n<li style=\"text-align: justify;\"><span style=\"color: #000000;\"><span style=\"font-size: 12pt; font-family: helvetica;\">P\u00ebr vallet, \u00e7mimi i par\u00eb iu dha grupit t\u00eb f\u00ebmij\u00ebve t\u00eb Kor\u00e7\u00ebs dhe \u00e7mimi i dyt\u00eb grupit rinor t\u00eb Gjinarit (Elbasanit).<\/span><\/span><\/li>\n<li style=\"text-align: justify;\"><span style=\"font-size: 12pt; font-family: helvetica; color: #000000;\">P\u00ebr k\u00ebng\u00ebt, \u00e7mimi i par\u00eb iu dha korit dhe orkestrin\u00ebs s\u00eb Radios \u201cNgjallja\u201d dhe \u00e7mimi i dyt\u00eb grupit rinor t\u00eb Beratit.<\/span><\/li>\n<\/ul>\n<p style=\"text-align: justify;\"><span style=\"color: #000000;\"><span style=\"font-size: 12pt; font-family: helvetica;\">&nbsp; &nbsp; N\u00eb p\u00ebrfundim t\u00eb festimeve, Kryebariu yn\u00eb i dashur, Fortlumturia e Tij, Kryepiskopi Anastas, p\u00ebrsh\u00ebndeti pjes\u00ebmarr\u00ebsit \u201cme dy fjal\u00eb\u201d, si\u00e7 ai vet\u00eb tha:<\/span><\/span><\/p>\n<p style=\"text-align: justify;\"><span style=\"font-family: helvetica; font-size: 12pt; color: #000000;\">&nbsp; &nbsp; \u201cMe g\u00ebzim dhe dhimbje, lavdi Zotit!\u201d<\/span><\/p>\n<p style=\"text-align: justify;\"><span style=\"font-family: helvetica; font-size: 12pt; color: #000000;\">&nbsp; &nbsp; Dhe ne, nj\u00ebz\u00ebri fal\u00ebnderojm\u00eb Per\u00ebndin\u00eb p\u00ebr bekimet q\u00eb na jep gjithmon\u00eb, dhe ve\u00e7an\u00ebrisht p\u00ebr nj\u00eb bekim v\u00ebrtet shum\u00eb t\u00eb madh, p\u00ebr bashk\u00ebpun\u00ebtorin e Tij t\u00eb denj\u00eb dhe Kryepiskopin ton\u00eb t\u00eb dashur, Anastas!<\/span><\/p>\n<p style=\"text-align: justify;\">&nbsp;<\/p>\n<p style=\"text-align: right;\"><span style=\"color: #000000;\"><strong><span style=\"font-size: 12pt; font-family: helvetica;\">Maria Ta\u00e7i<\/span><\/strong><\/span><\/p>\n<p style=\"text-align: right;\">&nbsp;<\/p>\n<p style=\"text-align: center;\"><img decoding=\"async\" class=\"lazyload SzDcob\" style=\"display: block; margin: 10px auto; border: 1px solid #000000;\" alt=\"\" src=\"data:image\/svg+xml,%3Csvg%20xmlns%3D%27http%3A%2F%2Fwww.w3.org%2F2000%2Fsvg%27%20width%3D%27700%27%20height%3D%27466%27%20viewBox%3D%270%200%20700%20466%27%3E%3Crect%20width%3D%27700%27%20height%3D%27466%27%20fill-opacity%3D%220%22%2F%3E%3C%2Fsvg%3E\" data-orig-src=\"https:\/\/lh3.googleusercontent.com\/125UBylEIgtGtdR4y55stEXFG2vm9K2T4Uje0t6RZjU=w1280-h852-no\" height=\"466\" width=\"700\" \/><\/p>\n<p style=\"text-align: center;\"><img decoding=\"async\" class=\"lazyload SzDcob\" style=\"display: block; margin: 10px auto; border: 1px solid #000000;\" alt=\"\" src=\"data:image\/svg+xml,%3Csvg%20xmlns%3D%27http%3A%2F%2Fwww.w3.org%2F2000%2Fsvg%27%20width%3D%27700%27%20height%3D%27466%27%20viewBox%3D%270%200%20700%20466%27%3E%3Crect%20width%3D%27700%27%20height%3D%27466%27%20fill-opacity%3D%220%22%2F%3E%3C%2Fsvg%3E\" data-orig-src=\"https:\/\/lh3.googleusercontent.com\/wUjH1BknuknxCQOAbIMOQPACo8LCFtzQ4DONlpmrChU=w1280-h852-no\" height=\"466\" width=\"700\" \/><\/p>\n<p style=\"text-align: center;\"><img decoding=\"async\" class=\"lazyload SzDcob\" style=\"display: block; margin: 10px auto; border: 1px solid #000000;\" alt=\"\" src=\"data:image\/svg+xml,%3Csvg%20xmlns%3D%27http%3A%2F%2Fwww.w3.org%2F2000%2Fsvg%27%20width%3D%27700%27%20height%3D%27466%27%20viewBox%3D%270%200%20700%20466%27%3E%3Crect%20width%3D%27700%27%20height%3D%27466%27%20fill-opacity%3D%220%22%2F%3E%3C%2Fsvg%3E\" data-orig-src=\"https:\/\/lh3.googleusercontent.com\/z4VDyd0fs_kDajWvKSELVk1DTl3hCq2Ge4b8VkXlNIY=w1280-h852-no\" height=\"466\" width=\"700\" \/><\/p>\n<p style=\"text-align: center;\"><img decoding=\"async\" class=\"lazyload SzDcob\" style=\"display: block; margin: 10px auto; border: 1px solid #000000;\" alt=\"\" src=\"data:image\/svg+xml,%3Csvg%20xmlns%3D%27http%3A%2F%2Fwww.w3.org%2F2000%2Fsvg%27%20width%3D%27700%27%20height%3D%27466%27%20viewBox%3D%270%200%20700%20466%27%3E%3Crect%20width%3D%27700%27%20height%3D%27466%27%20fill-opacity%3D%220%22%2F%3E%3C%2Fsvg%3E\" data-orig-src=\"https:\/\/lh3.googleusercontent.com\/L0QSbgw_Jde0TQdrMS26GwD5NocCff2VMtCLmyJpslg=w1280-h852-no\" height=\"466\" width=\"700\" \/><\/p>\n<p style=\"text-align: center;\"><img decoding=\"async\" class=\"lazyload SzDcob\" style=\"display: block; margin: 10px auto; border: 1px solid #000000;\" alt=\"\" src=\"data:image\/svg+xml,%3Csvg%20xmlns%3D%27http%3A%2F%2Fwww.w3.org%2F2000%2Fsvg%27%20width%3D%27700%27%20height%3D%27466%27%20viewBox%3D%270%200%20700%20466%27%3E%3Crect%20width%3D%27700%27%20height%3D%27466%27%20fill-opacity%3D%220%22%2F%3E%3C%2Fsvg%3E\" data-orig-src=\"https:\/\/lh3.googleusercontent.com\/eMAZHy-HYo2Gcg-YhHwg4CjOCVrCuVxS58qrH73G20s=w1280-h852-no\" height=\"466\" width=\"700\" \/><\/p>\n<p style=\"text-align: center;\"><img decoding=\"async\" class=\"lazyload SzDcob\" style=\"display: block; margin: 10px auto; border: 1px solid #000000;\" alt=\"\" src=\"data:image\/svg+xml,%3Csvg%20xmlns%3D%27http%3A%2F%2Fwww.w3.org%2F2000%2Fsvg%27%20width%3D%27700%27%20height%3D%27466%27%20viewBox%3D%270%200%20700%20466%27%3E%3Crect%20width%3D%27700%27%20height%3D%27466%27%20fill-opacity%3D%220%22%2F%3E%3C%2Fsvg%3E\" data-orig-src=\"https:\/\/lh3.googleusercontent.com\/Dms0B2xeB7d5HxuExP1tZ3nIWqh65v3-0qLxa8cCnxY=w1280-h852-no\" height=\"466\" width=\"700\" \/><\/p>\n<p style=\"text-align: center;\"><img decoding=\"async\" class=\"lazyload spotlight\" style=\"width: 699px; height: 465px; display: block; margin: 10px auto; border: 1px solid #000000;\" alt=\"\" src=\"data:image\/svg+xml,%3Csvg%20xmlns%3D%27http%3A%2F%2Fwww.w3.org%2F2000%2Fsvg%27%20width%3D%27700%27%20height%3D%27446%27%20viewBox%3D%270%200%20700%20446%27%3E%3Crect%20width%3D%27700%27%20height%3D%27446%27%20fill-opacity%3D%220%22%2F%3E%3C%2Fsvg%3E\" data-orig-src=\"https:\/\/fbcdn-sphotos-d-a.akamaihd.net\/hphotos-ak-xft1\/v\/t1.0-9\/11391257_950627075000940_8807788273141678695_n.jpg?oh=78b98033c5ce16a645a5ffaa4080c908&amp;oe=5602475B&amp;__gda__=1442232017_7303356539d60f0faf9e695ce88cf21e\" height=\"446\" width=\"700\" \/><\/p>\n<p style=\"text-align: center;\"><img decoding=\"async\" class=\"lazyload SzDcob\" style=\"display: block; margin: 10px auto; border: 1px solid #000000;\" alt=\"\" src=\"data:image\/svg+xml,%3Csvg%20xmlns%3D%27http%3A%2F%2Fwww.w3.org%2F2000%2Fsvg%27%20width%3D%27700%27%20height%3D%27466%27%20viewBox%3D%270%200%20700%20466%27%3E%3Crect%20width%3D%27700%27%20height%3D%27466%27%20fill-opacity%3D%220%22%2F%3E%3C%2Fsvg%3E\" data-orig-src=\"https:\/\/lh3.googleusercontent.com\/A9PIRTlsfrDAb0OJSB14aBa8Tk9zh7p0Y3DvbFBKYxQ=w1280-h852-no\" height=\"466\" width=\"700\" \/><\/p>\n<p style=\"text-align: center;\"><img decoding=\"async\" class=\"lazyload SzDcob\" style=\"display: block; margin: 10px auto; border: 1px solid #000000;\" alt=\"\" src=\"data:image\/svg+xml,%3Csvg%20xmlns%3D%27http%3A%2F%2Fwww.w3.org%2F2000%2Fsvg%27%20width%3D%27700%27%20height%3D%27466%27%20viewBox%3D%270%200%20700%20466%27%3E%3Crect%20width%3D%27700%27%20height%3D%27466%27%20fill-opacity%3D%220%22%2F%3E%3C%2Fsvg%3E\" data-orig-src=\"https:\/\/lh3.googleusercontent.com\/rex7_Uaq3Fmzl3by0JKsNFnbT1-Lc-Sd3EFRJQKe_CU=w1280-h852-no\" height=\"466\" width=\"700\" \/><\/p>\n<p style=\"text-align: center;\"><img decoding=\"async\" class=\"lazyload SzDcob\" style=\"display: block; margin: 10px auto; border: 1px solid #000000;\" alt=\"\" src=\"data:image\/svg+xml,%3Csvg%20xmlns%3D%27http%3A%2F%2Fwww.w3.org%2F2000%2Fsvg%27%20width%3D%27700%27%20height%3D%27466%27%20viewBox%3D%270%200%20700%20466%27%3E%3Crect%20width%3D%27700%27%20height%3D%27466%27%20fill-opacity%3D%220%22%2F%3E%3C%2Fsvg%3E\" data-orig-src=\"https:\/\/lh3.googleusercontent.com\/XBEOZd8KgqmNaTTkJQZqGOlfyjXFnStuuMOgiDxFelU=w1280-h852-no\" height=\"466\" width=\"700\" \/><\/p>\n<p style=\"text-align: center;\"><img decoding=\"async\" class=\"lazyload SzDcob\" style=\"display: block; margin: 10px auto; border: 1px solid #000000;\" alt=\"\" src=\"data:image\/svg+xml,%3Csvg%20xmlns%3D%27http%3A%2F%2Fwww.w3.org%2F2000%2Fsvg%27%20width%3D%27700%27%20height%3D%27466%27%20viewBox%3D%270%200%20700%20466%27%3E%3Crect%20width%3D%27700%27%20height%3D%27466%27%20fill-opacity%3D%220%22%2F%3E%3C%2Fsvg%3E\" data-orig-src=\"https:\/\/lh3.googleusercontent.com\/npZeRvHD7tNkKd_itxCRuUo7CzVOfF-eOstFxxd-mg8=w1280-h852-no\" height=\"466\" width=\"700\" \/><\/p>\n<p style=\"text-align: center;\"><img decoding=\"async\" class=\"lazyload SzDcob\" style=\"display: block; margin: 10px auto; border: 1px solid #000000;\" alt=\"\" src=\"data:image\/svg+xml,%3Csvg%20xmlns%3D%27http%3A%2F%2Fwww.w3.org%2F2000%2Fsvg%27%20width%3D%27700%27%20height%3D%27466%27%20viewBox%3D%270%200%20700%20466%27%3E%3Crect%20width%3D%27700%27%20height%3D%27466%27%20fill-opacity%3D%220%22%2F%3E%3C%2Fsvg%3E\" data-orig-src=\"https:\/\/lh3.googleusercontent.com\/DcspttY5IaCBRU_MZjc7cV3Q-8sgsU28DlkgprkkUYM=w1280-h852-no\" height=\"466\" width=\"700\" \/><\/p>\n<p style=\"text-align: center;\"><img decoding=\"async\" class=\"lazyload SzDcob\" style=\"display: block; margin: 10px auto; border: 1px solid #000000;\" alt=\"\" src=\"data:image\/svg+xml,%3Csvg%20xmlns%3D%27http%3A%2F%2Fwww.w3.org%2F2000%2Fsvg%27%20width%3D%27700%27%20height%3D%27466%27%20viewBox%3D%270%200%20700%20466%27%3E%3Crect%20width%3D%27700%27%20height%3D%27466%27%20fill-opacity%3D%220%22%2F%3E%3C%2Fsvg%3E\" data-orig-src=\"https:\/\/lh3.googleusercontent.com\/jFW_KL4CIwd3EQmSNVlmSNQ5uB1BlRv22c6ZKtJx1f4=w960-h639-no\" height=\"466\" width=\"700\" \/><\/p>\n<p style=\"text-align: center;\"><img decoding=\"async\" class=\"lazyload SzDcob\" style=\"display: block; margin: 10px auto; border: 1px solid #000000;\" alt=\"\" src=\"data:image\/svg+xml,%3Csvg%20xmlns%3D%27http%3A%2F%2Fwww.w3.org%2F2000%2Fsvg%27%20width%3D%27700%27%20height%3D%27466%27%20viewBox%3D%270%200%20700%20466%27%3E%3Crect%20width%3D%27700%27%20height%3D%27466%27%20fill-opacity%3D%220%22%2F%3E%3C%2Fsvg%3E\" data-orig-src=\"https:\/\/lh3.googleusercontent.com\/HWUyfoA0lyswOCXB2O7_sPf_VwB4tMqRE2u9ELlCCVo=w1280-h852-no\" height=\"466\" width=\"700\" \/><\/p>\n<p style=\"text-align: center;\"><img decoding=\"async\" class=\"lazyload SzDcob\" style=\"display: block; margin: 10px auto; border: 1px solid #000000;\" alt=\"\" src=\"data:image\/svg+xml,%3Csvg%20xmlns%3D%27http%3A%2F%2Fwww.w3.org%2F2000%2Fsvg%27%20width%3D%27700%27%20height%3D%27466%27%20viewBox%3D%270%200%20700%20466%27%3E%3Crect%20width%3D%27700%27%20height%3D%27466%27%20fill-opacity%3D%220%22%2F%3E%3C%2Fsvg%3E\" data-orig-src=\"https:\/\/lh3.googleusercontent.com\/2qUDMph2YWlQZLz3st8fEsK8CViaijG74SzJayjTlfM=w1280-h852-no\" height=\"466\" width=\"700\" \/><\/p>\n<p style=\"text-align: center;\"><img decoding=\"async\" class=\"lazyload SzDcob\" style=\"display: block; margin: 10px auto; border: 1px solid #000000;\" alt=\"\" src=\"data:image\/svg+xml,%3Csvg%20xmlns%3D%27http%3A%2F%2Fwww.w3.org%2F2000%2Fsvg%27%20width%3D%27670%27%20height%3D%27446%27%20viewBox%3D%270%200%20670%20446%27%3E%3Crect%20width%3D%27670%27%20height%3D%27446%27%20fill-opacity%3D%220%22%2F%3E%3C%2Fsvg%3E\" data-orig-src=\"https:\/\/lh3.googleusercontent.com\/xX9whQi-pO63JZMf8ZIOYAVnJwEkTZiWToJCFB5FwAE=w1280-h852-no\" height=\"446\" width=\"670\" \/><\/p>\n<p style=\"text-align: center;\"><img decoding=\"async\" class=\"lazyload SzDcob\" style=\"display: block; margin: 10px auto; border: 1px solid #000000;\" alt=\"\" src=\"data:image\/svg+xml,%3Csvg%20xmlns%3D%27http%3A%2F%2Fwww.w3.org%2F2000%2Fsvg%27%20width%3D%27700%27%20height%3D%27466%27%20viewBox%3D%270%200%20700%20466%27%3E%3Crect%20width%3D%27700%27%20height%3D%27466%27%20fill-opacity%3D%220%22%2F%3E%3C%2Fsvg%3E\" data-orig-src=\"https:\/\/lh3.googleusercontent.com\/VYBP--qz8tMqKUVOzGu_gbu01C5CrNsPUsseWaCOEcM=w1280-h852-no\" height=\"466\" width=\"700\" \/><\/p>\n<p style=\"text-align: center;\"><img decoding=\"async\" class=\"lazyload SzDcob\" style=\"display: block; margin: 10px auto; border: 1px solid #000000;\" alt=\"\" src=\"data:image\/svg+xml,%3Csvg%20xmlns%3D%27http%3A%2F%2Fwww.w3.org%2F2000%2Fsvg%27%20width%3D%27700%27%20height%3D%27466%27%20viewBox%3D%270%200%20700%20466%27%3E%3Crect%20width%3D%27700%27%20height%3D%27466%27%20fill-opacity%3D%220%22%2F%3E%3C%2Fsvg%3E\" data-orig-src=\"https:\/\/lh3.googleusercontent.com\/3M930xGvkN9AEcL6SKzDsHeeOtD0lS9gZZhmj1qaFVU=w1280-h852-no\" height=\"466\" width=\"700\" \/><\/p>\n<p style=\"text-align: center;\">&nbsp;<\/p>\n<p style=\"text-align: center;\">&nbsp;<\/p>\n<p style=\"text-align: center;\">&nbsp;<\/p>\n<p style=\"text-align: center;\">&nbsp;<\/p>\n<p style=\"text-align: center;\">&nbsp;<\/p>\n","protected":false},"excerpt":{"rendered":"<p>&nbsp; &nbsp; T\u00eb diel\u00ebn, m\u00eb 31.05.2015, n\u00eb Qendr\u00ebn Kulturore pran\u00eb Katedrales \u201cNgjallja e Krishtit\u201d n\u00eb Tiran\u00eb, u organizua Festivali i 16-t\u00eb i Rinis\u00eb Orthodhokse t\u00eb Shqip\u00ebris\u00eb. &nbsp; &nbsp; Si\u00e7 \u00ebsht\u00eb b\u00ebr\u00eb tashm\u00eb tradit\u00eb, grupe rinore t\u00eb p\u00ebrzgjedhura nga i gjith\u00eb vendi mblidhen t\u00eb festojn\u00eb s\u00eb bashku n\u00eb nj\u00eb frym\u00eb dhe shoq\u00ebri dashurie. Por k\u00ebt\u00eb vit, nj\u00eb arsye m\u00eb shum\u00eb p\u00ebr t\u00eb festuar, ishte mir\u00ebnjohja ndaj<\/p>\n","protected":false},"author":1,"featured_media":4061,"comment_status":"open","ping_status":"open","sticky":false,"template":"","format":"standard","meta":{"_acf_changed":false,"pagelayer_contact_templates":[],"_pagelayer_content":"","inline_featured_image":false,"fifu_image_url":"","fifu_image_alt":"","footnotes":""},"categories":[108],"tags":[139,154,184,196,201,212,176],"class_list":["post-4060","post","type-post","status-publish","format-standard","has-post-thumbnail","hentry","category-lajme","tag-139","tag-aktivitete","tag-katedralja-ngjallja-e-krishtit-tirane","tag-tirane","tag-kryepiskopi-anastas","tag-lajme-d27","tag-rinia-orthodhokse"],"acf":[],"yoast_head":"<!-- This site is optimized with the Yoast SEO plugin v27.2 - https:\/\/yoast.com\/product\/yoast-seo-wordpress\/ -->\n<title>Festivali i 16-t\u00eb i Rinis\u00eb Orthodhokse t\u00eb Shqip\u00ebris\u00eb - Kisha Orthodh\u03bfkse Autoqefale e Shqip\u00ebris\u00eb<\/title>\n<meta name=\"robots\" content=\"index, follow, max-snippet:-1, max-image-preview:large, max-video-preview:-1\" \/>\n<link rel=\"canonical\" href=\"https:\/\/orthodoxalbania.org\/2020\/2015\/06\/02\/festivali-i-16-te-i-rinise-orthodhokse-te-shqiperise\/\" \/>\n<meta property=\"og:locale\" content=\"en_US\" \/>\n<meta property=\"og:type\" content=\"article\" \/>\n<meta property=\"og:title\" content=\"Festivali i 16-t\u00eb i Rinis\u00eb Orthodhokse t\u00eb Shqip\u00ebris\u00eb - Kisha Orthodh\u03bfkse Autoqefale e Shqip\u00ebris\u00eb\" \/>\n<meta property=\"og:description\" content=\"&nbsp; &nbsp; T\u00eb diel\u00ebn, m\u00eb 31.05.2015, n\u00eb Qendr\u00ebn Kulturore pran\u00eb Katedrales \u201cNgjallja e Krishtit\u201d n\u00eb Tiran\u00eb, u organizua Festivali i 16-t\u00eb i Rinis\u00eb Orthodhokse t\u00eb Shqip\u00ebris\u00eb. &nbsp; &nbsp; Si\u00e7 \u00ebsht\u00eb b\u00ebr\u00eb tashm\u00eb tradit\u00eb, grupe rinore t\u00eb p\u00ebrzgjedhura nga i gjith\u00eb vendi mblidhen t\u00eb festojn\u00eb s\u00eb bashku n\u00eb nj\u00eb frym\u00eb dhe shoq\u00ebri dashurie. Por k\u00ebt\u00eb vit, nj\u00eb arsye m\u00eb shum\u00eb p\u00ebr t\u00eb festuar, ishte mir\u00ebnjohja ndaj\" \/>\n<meta property=\"og:url\" content=\"https:\/\/orthodoxalbania.org\/2020\/2015\/06\/02\/festivali-i-16-te-i-rinise-orthodhokse-te-shqiperise\/\" \/>\n<meta property=\"og:site_name\" content=\"Kisha Orthodh\u03bfkse Autoqefale e Shqip\u00ebris\u00eb\" \/>\n<meta property=\"article:publisher\" content=\"https:\/\/www.facebook.com\/koash1991\" \/>\n<meta property=\"article:published_time\" content=\"2015-06-02T10:55:16+00:00\" \/>\n<meta property=\"article:modified_time\" content=\"2020-04-06T20:02:11+00:00\" \/>\n<meta property=\"og:image\" content=\"https:\/\/orthodoxalbania.org\/2020\/wp-content\/uploads\/2020\/04\/lLKb1ZbaNH8g2s6at4pU45ageB2YPftMnfz9oOl_FjU-w800-h532-no.jpg\" \/>\n\t<meta property=\"og:image:width\" content=\"150\" \/>\n\t<meta property=\"og:image:height\" content=\"150\" \/>\n\t<meta property=\"og:image:type\" content=\"image\/jpeg\" \/>\n<meta name=\"author\" content=\"Kisha Orthodhokse\" \/>\n<meta name=\"twitter:card\" content=\"summary_large_image\" \/>\n<meta name=\"twitter:label1\" content=\"Written by\" \/>\n\t<meta name=\"twitter:data1\" content=\"Kisha Orthodhokse\" \/>\n\t<meta name=\"twitter:label2\" content=\"Est. reading time\" \/>\n\t<meta name=\"twitter:data2\" content=\"2 minutes\" \/>\n<script type=\"application\/ld+json\" class=\"yoast-schema-graph\">{\"@context\":\"https:\/\/schema.org\",\"@graph\":[{\"@type\":\"Article\",\"@id\":\"https:\/\/orthodoxalbania.org\/2020\/2015\/06\/02\/festivali-i-16-te-i-rinise-orthodhokse-te-shqiperise\/#article\",\"isPartOf\":{\"@id\":\"https:\/\/orthodoxalbania.org\/2020\/2015\/06\/02\/festivali-i-16-te-i-rinise-orthodhokse-te-shqiperise\/\"},\"author\":{\"name\":\"Kisha Orthodhokse\",\"@id\":\"https:\/\/orthodoxalbania.org\/2020\/#\/schema\/person\/0c387634a7063ac612d7ed9ce71c7e86\"},\"headline\":\"Festivali i 16-t\u00eb i Rinis\u00eb Orthodhokse t\u00eb Shqip\u00ebris\u00eb\",\"datePublished\":\"2015-06-02T10:55:16+00:00\",\"dateModified\":\"2020-04-06T20:02:11+00:00\",\"mainEntityOfPage\":{\"@id\":\"https:\/\/orthodoxalbania.org\/2020\/2015\/06\/02\/festivali-i-16-te-i-rinise-orthodhokse-te-shqiperise\/\"},\"wordCount\":320,\"commentCount\":0,\"publisher\":{\"@id\":\"https:\/\/orthodoxalbania.org\/2020\/#organization\"},\"image\":{\"@id\":\"https:\/\/orthodoxalbania.org\/2020\/2015\/06\/02\/festivali-i-16-te-i-rinise-orthodhokse-te-shqiperise\/#primaryimage\"},\"thumbnailUrl\":\"https:\/\/orthodoxalbania.org\/2020\/wp-content\/uploads\/2020\/04\/lLKb1ZbaNH8g2s6at4pU45ageB2YPftMnfz9oOl_FjU-w800-h532-no.jpg\",\"keywords\":[\"2015\",\"Aktivitete\",\"Katedralja \u201cNgjallja e Krishtit\u201d Tiran\u00eb\",\"Kryepiskopata Tiran\u00eb\",\"Kryepiskopi Anastas\",\"lajme\",\"Rinia Orthodhokse\"],\"articleSection\":[\"Lajme\"],\"inLanguage\":\"en-US\"},{\"@type\":\"WebPage\",\"@id\":\"https:\/\/orthodoxalbania.org\/2020\/2015\/06\/02\/festivali-i-16-te-i-rinise-orthodhokse-te-shqiperise\/\",\"url\":\"https:\/\/orthodoxalbania.org\/2020\/2015\/06\/02\/festivali-i-16-te-i-rinise-orthodhokse-te-shqiperise\/\",\"name\":\"Festivali i 16-t\u00eb i Rinis\u00eb Orthodhokse t\u00eb Shqip\u00ebris\u00eb - Kisha Orthodh\u03bfkse Autoqefale e Shqip\u00ebris\u00eb\",\"isPartOf\":{\"@id\":\"https:\/\/orthodoxalbania.org\/2020\/#website\"},\"primaryImageOfPage\":{\"@id\":\"https:\/\/orthodoxalbania.org\/2020\/2015\/06\/02\/festivali-i-16-te-i-rinise-orthodhokse-te-shqiperise\/#primaryimage\"},\"image\":{\"@id\":\"https:\/\/orthodoxalbania.org\/2020\/2015\/06\/02\/festivali-i-16-te-i-rinise-orthodhokse-te-shqiperise\/#primaryimage\"},\"thumbnailUrl\":\"https:\/\/orthodoxalbania.org\/2020\/wp-content\/uploads\/2020\/04\/lLKb1ZbaNH8g2s6at4pU45ageB2YPftMnfz9oOl_FjU-w800-h532-no.jpg\",\"datePublished\":\"2015-06-02T10:55:16+00:00\",\"dateModified\":\"2020-04-06T20:02:11+00:00\",\"breadcrumb\":{\"@id\":\"https:\/\/orthodoxalbania.org\/2020\/2015\/06\/02\/festivali-i-16-te-i-rinise-orthodhokse-te-shqiperise\/#breadcrumb\"},\"inLanguage\":\"en-US\",\"potentialAction\":[{\"@type\":\"ReadAction\",\"target\":[\"https:\/\/orthodoxalbania.org\/2020\/2015\/06\/02\/festivali-i-16-te-i-rinise-orthodhokse-te-shqiperise\/\"]}]},{\"@type\":\"ImageObject\",\"inLanguage\":\"en-US\",\"@id\":\"https:\/\/orthodoxalbania.org\/2020\/2015\/06\/02\/festivali-i-16-te-i-rinise-orthodhokse-te-shqiperise\/#primaryimage\",\"url\":\"https:\/\/orthodoxalbania.org\/2020\/wp-content\/uploads\/2020\/04\/lLKb1ZbaNH8g2s6at4pU45ageB2YPftMnfz9oOl_FjU-w800-h532-no.jpg\",\"contentUrl\":\"https:\/\/orthodoxalbania.org\/2020\/wp-content\/uploads\/2020\/04\/lLKb1ZbaNH8g2s6at4pU45ageB2YPftMnfz9oOl_FjU-w800-h532-no.jpg\",\"width\":150,\"height\":150},{\"@type\":\"BreadcrumbList\",\"@id\":\"https:\/\/orthodoxalbania.org\/2020\/2015\/06\/02\/festivali-i-16-te-i-rinise-orthodhokse-te-shqiperise\/#breadcrumb\",\"itemListElement\":[{\"@type\":\"ListItem\",\"position\":1,\"name\":\"Home\",\"item\":\"https:\/\/orthodoxalbania.org\/2020\/\"},{\"@type\":\"ListItem\",\"position\":2,\"name\":\"Festivali i 16-t\u00eb i Rinis\u00eb Orthodhokse t\u00eb Shqip\u00ebris\u00eb\"}]},{\"@type\":\"WebSite\",\"@id\":\"https:\/\/orthodoxalbania.org\/2020\/#website\",\"url\":\"https:\/\/orthodoxalbania.org\/2020\/\",\"name\":\"Kisha Orthodh\u03bfkse Autoqefale e Shqip\u00ebris\u00eb\",\"description\":\"Fqja Zyrtare e Kish\u00ebs Orthodhokse Autoqefale e Shqip\u00ebris\u00eb me lajmet edhe informacionet zyrtare p\u00ebr struktur\u00ebn edhe veprimtarin e saj.\",\"publisher\":{\"@id\":\"https:\/\/orthodoxalbania.org\/2020\/#organization\"},\"potentialAction\":[{\"@type\":\"SearchAction\",\"target\":{\"@type\":\"EntryPoint\",\"urlTemplate\":\"https:\/\/orthodoxalbania.org\/2020\/?s={search_term_string}\"},\"query-input\":{\"@type\":\"PropertyValueSpecification\",\"valueRequired\":true,\"valueName\":\"search_term_string\"}}],\"inLanguage\":\"en-US\"},{\"@type\":\"Organization\",\"@id\":\"https:\/\/orthodoxalbania.org\/2020\/#organization\",\"name\":\"Kisha Orthodhokse Autoqefale e Shqip\u00ebris\u00eb\",\"url\":\"https:\/\/orthodoxalbania.org\/2020\/\",\"logo\":{\"@type\":\"ImageObject\",\"inLanguage\":\"en-US\",\"@id\":\"https:\/\/orthodoxalbania.org\/2020\/#\/schema\/logo\/image\/\",\"url\":\"https:\/\/orthodoxalbania.org\/2020\/wp-content\/uploads\/2020\/05\/albania.jpeg\",\"contentUrl\":\"https:\/\/orthodoxalbania.org\/2020\/wp-content\/uploads\/2020\/05\/albania.jpeg\",\"width\":540,\"height\":540,\"caption\":\"Kisha Orthodhokse Autoqefale e Shqip\u00ebris\u00eb\"},\"image\":{\"@id\":\"https:\/\/orthodoxalbania.org\/2020\/#\/schema\/logo\/image\/\"},\"sameAs\":[\"https:\/\/www.facebook.com\/koash1991\"]},{\"@type\":\"Person\",\"@id\":\"https:\/\/orthodoxalbania.org\/2020\/#\/schema\/person\/0c387634a7063ac612d7ed9ce71c7e86\",\"name\":\"Kisha Orthodhokse\",\"image\":{\"@type\":\"ImageObject\",\"inLanguage\":\"en-US\",\"@id\":\"https:\/\/secure.gravatar.com\/avatar\/596e7c417251e30f2fbb9c00e026fce61a695a00e51c889caded71c96cbbdde5?s=96&d=mm&r=g\",\"url\":\"https:\/\/secure.gravatar.com\/avatar\/596e7c417251e30f2fbb9c00e026fce61a695a00e51c889caded71c96cbbdde5?s=96&d=mm&r=g\",\"contentUrl\":\"https:\/\/secure.gravatar.com\/avatar\/596e7c417251e30f2fbb9c00e026fce61a695a00e51c889caded71c96cbbdde5?s=96&d=mm&r=g\",\"caption\":\"Kisha Orthodhokse\"}}]}<\/script>\n<!-- \/ Yoast SEO plugin. -->","yoast_head_json":{"title":"Festivali i 16-t\u00eb i Rinis\u00eb Orthodhokse t\u00eb Shqip\u00ebris\u00eb - Kisha Orthodh\u03bfkse Autoqefale e Shqip\u00ebris\u00eb","robots":{"index":"index","follow":"follow","max-snippet":"max-snippet:-1","max-image-preview":"max-image-preview:large","max-video-preview":"max-video-preview:-1"},"canonical":"https:\/\/orthodoxalbania.org\/2020\/2015\/06\/02\/festivali-i-16-te-i-rinise-orthodhokse-te-shqiperise\/","og_locale":"en_US","og_type":"article","og_title":"Festivali i 16-t\u00eb i Rinis\u00eb Orthodhokse t\u00eb Shqip\u00ebris\u00eb - Kisha Orthodh\u03bfkse Autoqefale e Shqip\u00ebris\u00eb","og_description":"&nbsp; &nbsp; T\u00eb diel\u00ebn, m\u00eb 31.05.2015, n\u00eb Qendr\u00ebn Kulturore pran\u00eb Katedrales \u201cNgjallja e Krishtit\u201d n\u00eb Tiran\u00eb, u organizua Festivali i 16-t\u00eb i Rinis\u00eb Orthodhokse t\u00eb Shqip\u00ebris\u00eb. &nbsp; &nbsp; Si\u00e7 \u00ebsht\u00eb b\u00ebr\u00eb tashm\u00eb tradit\u00eb, grupe rinore t\u00eb p\u00ebrzgjedhura nga i gjith\u00eb vendi mblidhen t\u00eb festojn\u00eb s\u00eb bashku n\u00eb nj\u00eb frym\u00eb dhe shoq\u00ebri dashurie. Por k\u00ebt\u00eb vit, nj\u00eb arsye m\u00eb shum\u00eb p\u00ebr t\u00eb festuar, ishte mir\u00ebnjohja ndaj","og_url":"https:\/\/orthodoxalbania.org\/2020\/2015\/06\/02\/festivali-i-16-te-i-rinise-orthodhokse-te-shqiperise\/","og_site_name":"Kisha Orthodh\u03bfkse Autoqefale e Shqip\u00ebris\u00eb","article_publisher":"https:\/\/www.facebook.com\/koash1991","article_published_time":"2015-06-02T10:55:16+00:00","article_modified_time":"2020-04-06T20:02:11+00:00","og_image":[{"width":150,"height":150,"url":"https:\/\/orthodoxalbania.org\/2020\/wp-content\/uploads\/2020\/04\/lLKb1ZbaNH8g2s6at4pU45ageB2YPftMnfz9oOl_FjU-w800-h532-no.jpg","type":"image\/jpeg"}],"author":"Kisha Orthodhokse","twitter_card":"summary_large_image","twitter_misc":{"Written by":"Kisha Orthodhokse","Est. reading time":"2 minutes"},"schema":{"@context":"https:\/\/schema.org","@graph":[{"@type":"Article","@id":"https:\/\/orthodoxalbania.org\/2020\/2015\/06\/02\/festivali-i-16-te-i-rinise-orthodhokse-te-shqiperise\/#article","isPartOf":{"@id":"https:\/\/orthodoxalbania.org\/2020\/2015\/06\/02\/festivali-i-16-te-i-rinise-orthodhokse-te-shqiperise\/"},"author":{"name":"Kisha Orthodhokse","@id":"https:\/\/orthodoxalbania.org\/2020\/#\/schema\/person\/0c387634a7063ac612d7ed9ce71c7e86"},"headline":"Festivali i 16-t\u00eb i Rinis\u00eb Orthodhokse t\u00eb Shqip\u00ebris\u00eb","datePublished":"2015-06-02T10:55:16+00:00","dateModified":"2020-04-06T20:02:11+00:00","mainEntityOfPage":{"@id":"https:\/\/orthodoxalbania.org\/2020\/2015\/06\/02\/festivali-i-16-te-i-rinise-orthodhokse-te-shqiperise\/"},"wordCount":320,"commentCount":0,"publisher":{"@id":"https:\/\/orthodoxalbania.org\/2020\/#organization"},"image":{"@id":"https:\/\/orthodoxalbania.org\/2020\/2015\/06\/02\/festivali-i-16-te-i-rinise-orthodhokse-te-shqiperise\/#primaryimage"},"thumbnailUrl":"https:\/\/orthodoxalbania.org\/2020\/wp-content\/uploads\/2020\/04\/lLKb1ZbaNH8g2s6at4pU45ageB2YPftMnfz9oOl_FjU-w800-h532-no.jpg","keywords":["2015","Aktivitete","Katedralja \u201cNgjallja e Krishtit\u201d Tiran\u00eb","Kryepiskopata Tiran\u00eb","Kryepiskopi Anastas","lajme","Rinia Orthodhokse"],"articleSection":["Lajme"],"inLanguage":"en-US"},{"@type":"WebPage","@id":"https:\/\/orthodoxalbania.org\/2020\/2015\/06\/02\/festivali-i-16-te-i-rinise-orthodhokse-te-shqiperise\/","url":"https:\/\/orthodoxalbania.org\/2020\/2015\/06\/02\/festivali-i-16-te-i-rinise-orthodhokse-te-shqiperise\/","name":"Festivali i 16-t\u00eb i Rinis\u00eb Orthodhokse t\u00eb Shqip\u00ebris\u00eb - Kisha Orthodh\u03bfkse Autoqefale e Shqip\u00ebris\u00eb","isPartOf":{"@id":"https:\/\/orthodoxalbania.org\/2020\/#website"},"primaryImageOfPage":{"@id":"https:\/\/orthodoxalbania.org\/2020\/2015\/06\/02\/festivali-i-16-te-i-rinise-orthodhokse-te-shqiperise\/#primaryimage"},"image":{"@id":"https:\/\/orthodoxalbania.org\/2020\/2015\/06\/02\/festivali-i-16-te-i-rinise-orthodhokse-te-shqiperise\/#primaryimage"},"thumbnailUrl":"https:\/\/orthodoxalbania.org\/2020\/wp-content\/uploads\/2020\/04\/lLKb1ZbaNH8g2s6at4pU45ageB2YPftMnfz9oOl_FjU-w800-h532-no.jpg","datePublished":"2015-06-02T10:55:16+00:00","dateModified":"2020-04-06T20:02:11+00:00","breadcrumb":{"@id":"https:\/\/orthodoxalbania.org\/2020\/2015\/06\/02\/festivali-i-16-te-i-rinise-orthodhokse-te-shqiperise\/#breadcrumb"},"inLanguage":"en-US","potentialAction":[{"@type":"ReadAction","target":["https:\/\/orthodoxalbania.org\/2020\/2015\/06\/02\/festivali-i-16-te-i-rinise-orthodhokse-te-shqiperise\/"]}]},{"@type":"ImageObject","inLanguage":"en-US","@id":"https:\/\/orthodoxalbania.org\/2020\/2015\/06\/02\/festivali-i-16-te-i-rinise-orthodhokse-te-shqiperise\/#primaryimage","url":"https:\/\/orthodoxalbania.org\/2020\/wp-content\/uploads\/2020\/04\/lLKb1ZbaNH8g2s6at4pU45ageB2YPftMnfz9oOl_FjU-w800-h532-no.jpg","contentUrl":"https:\/\/orthodoxalbania.org\/2020\/wp-content\/uploads\/2020\/04\/lLKb1ZbaNH8g2s6at4pU45ageB2YPftMnfz9oOl_FjU-w800-h532-no.jpg","width":150,"height":150},{"@type":"BreadcrumbList","@id":"https:\/\/orthodoxalbania.org\/2020\/2015\/06\/02\/festivali-i-16-te-i-rinise-orthodhokse-te-shqiperise\/#breadcrumb","itemListElement":[{"@type":"ListItem","position":1,"name":"Home","item":"https:\/\/orthodoxalbania.org\/2020\/"},{"@type":"ListItem","position":2,"name":"Festivali i 16-t\u00eb i Rinis\u00eb Orthodhokse t\u00eb Shqip\u00ebris\u00eb"}]},{"@type":"WebSite","@id":"https:\/\/orthodoxalbania.org\/2020\/#website","url":"https:\/\/orthodoxalbania.org\/2020\/","name":"Kisha Orthodh\u03bfkse Autoqefale e Shqip\u00ebris\u00eb","description":"Fqja Zyrtare e Kish\u00ebs Orthodhokse Autoqefale e Shqip\u00ebris\u00eb me lajmet edhe informacionet zyrtare p\u00ebr struktur\u00ebn edhe veprimtarin e saj.","publisher":{"@id":"https:\/\/orthodoxalbania.org\/2020\/#organization"},"potentialAction":[{"@type":"SearchAction","target":{"@type":"EntryPoint","urlTemplate":"https:\/\/orthodoxalbania.org\/2020\/?s={search_term_string}"},"query-input":{"@type":"PropertyValueSpecification","valueRequired":true,"valueName":"search_term_string"}}],"inLanguage":"en-US"},{"@type":"Organization","@id":"https:\/\/orthodoxalbania.org\/2020\/#organization","name":"Kisha Orthodhokse Autoqefale e Shqip\u00ebris\u00eb","url":"https:\/\/orthodoxalbania.org\/2020\/","logo":{"@type":"ImageObject","inLanguage":"en-US","@id":"https:\/\/orthodoxalbania.org\/2020\/#\/schema\/logo\/image\/","url":"https:\/\/orthodoxalbania.org\/2020\/wp-content\/uploads\/2020\/05\/albania.jpeg","contentUrl":"https:\/\/orthodoxalbania.org\/2020\/wp-content\/uploads\/2020\/05\/albania.jpeg","width":540,"height":540,"caption":"Kisha Orthodhokse Autoqefale e Shqip\u00ebris\u00eb"},"image":{"@id":"https:\/\/orthodoxalbania.org\/2020\/#\/schema\/logo\/image\/"},"sameAs":["https:\/\/www.facebook.com\/koash1991"]},{"@type":"Person","@id":"https:\/\/orthodoxalbania.org\/2020\/#\/schema\/person\/0c387634a7063ac612d7ed9ce71c7e86","name":"Kisha Orthodhokse","image":{"@type":"ImageObject","inLanguage":"en-US","@id":"https:\/\/secure.gravatar.com\/avatar\/596e7c417251e30f2fbb9c00e026fce61a695a00e51c889caded71c96cbbdde5?s=96&d=mm&r=g","url":"https:\/\/secure.gravatar.com\/avatar\/596e7c417251e30f2fbb9c00e026fce61a695a00e51c889caded71c96cbbdde5?s=96&d=mm&r=g","contentUrl":"https:\/\/secure.gravatar.com\/avatar\/596e7c417251e30f2fbb9c00e026fce61a695a00e51c889caded71c96cbbdde5?s=96&d=mm&r=g","caption":"Kisha Orthodhokse"}}]}},"_links":{"self":[{"href":"https:\/\/orthodoxalbania.org\/2020\/wp-json\/wp\/v2\/posts\/4060","targetHints":{"allow":["GET"]}}],"collection":[{"href":"https:\/\/orthodoxalbania.org\/2020\/wp-json\/wp\/v2\/posts"}],"about":[{"href":"https:\/\/orthodoxalbania.org\/2020\/wp-json\/wp\/v2\/types\/post"}],"author":[{"embeddable":true,"href":"https:\/\/orthodoxalbania.org\/2020\/wp-json\/wp\/v2\/users\/1"}],"replies":[{"embeddable":true,"href":"https:\/\/orthodoxalbania.org\/2020\/wp-json\/wp\/v2\/comments?post=4060"}],"version-history":[{"count":1,"href":"https:\/\/orthodoxalbania.org\/2020\/wp-json\/wp\/v2\/posts\/4060\/revisions"}],"predecessor-version":[{"id":14986,"href":"https:\/\/orthodoxalbania.org\/2020\/wp-json\/wp\/v2\/posts\/4060\/revisions\/14986"}],"wp:featuredmedia":[{"embeddable":true,"href":"https:\/\/orthodoxalbania.org\/2020\/wp-json\/wp\/v2\/media\/4061"}],"wp:attachment":[{"href":"https:\/\/orthodoxalbania.org\/2020\/wp-json\/wp\/v2\/media?parent=4060"}],"wp:term":[{"taxonomy":"category","embeddable":true,"href":"https:\/\/orthodoxalbania.org\/2020\/wp-json\/wp\/v2\/categories?post=4060"},{"taxonomy":"post_tag","embeddable":true,"href":"https:\/\/orthodoxalbania.org\/2020\/wp-json\/wp\/v2\/tags?post=4060"}],"curies":[{"name":"wp","href":"https:\/\/api.w.org\/{rel}","templated":true}]}}