{"id":402,"date":"2013-09-25T17:55:41","date_gmt":"2013-09-25T17:55:41","guid":{"rendered":""},"modified":"2020-04-06T22:05:33","modified_gmt":"2020-04-06T20:05:33","slug":"denoncim-publik-per-klimen-e-terrorit-ndaj-komunitetit-orthodhoks-ne-permet","status":"publish","type":"post","link":"https:\/\/orthodoxalbania.org\/2020\/2013\/09\/25\/denoncim-publik-per-klimen-e-terrorit-ndaj-komunitetit-orthodhoks-ne-permet\/","title":{"rendered":"Denoncim publik p\u00ebr klim\u00ebn e terrorit ndaj Komunitetit Orthodhoks n\u00eb P\u00ebrmet. (25 Shtator 2013)"},"content":{"rendered":"<div style=\"text-align: center;\"><span style=\"font-family: helvetica; font-size: 12pt;\"> <span style=\"color: #000000;\"><span style=\"background-color: #ffffff;\">KISHA ORTHODHOKSE AUTOQEFALE E SHQIP\u00cbRIS\u00cb<\/span><\/span><\/span><\/div>\n<div style=\"text-align: center;\"><span style=\"font-size: 12pt; font-family: helvetica;\"><\/span><\/div>\n<div style=\"text-align: center;\"><span style=\"font-family: helvetica; font-size: 12pt;\"><span style=\"color: #000000;\"><span style=\"background-color: #ffffff;\">MITROPOLIA E SHENJT\u00cb E GJIROKASTR\u00cbS<\/span><\/span><\/span><\/div>\n<div style=\"text-align: center;\"><span style=\"font-size: 12pt; font-family: helvetica;\"><\/span><\/div>\n<div style=\"text-align: center;\"><span style=\"font-family: helvetica; font-size: 12pt;\"><span style=\"color: #000000;\"><span style=\"background-color: #ffffff;\">Lagja 11 Janari \u2013 Gjirokast\u00ebr, tel. (00355)84264266, fax. (00355)84263773<\/span><\/span><\/span><\/div>\n<div style=\"text-align: center;\"><span style=\"font-size: 12pt; font-family: helvetica;\"><\/span><\/div>\n<div style=\"text-align: center;\"><span style=\"color: #b22222; font-size: 12pt; font-family: helvetica;\"><em><span style=\"background-color: #ffffff;\">Denoncim publik p\u00ebr klim\u00ebn e terrorit ndaj Komunitetit Orthodhoks n\u00eb P\u00ebrmet &#8211;&nbsp;<\/span>Deklarat\u00eb e P\u00ebrfaq\u00ebsuesve Arkieratik\u00eb t\u00eb Mitropolis\u00eb s\u00eb Shenjt\u00eb t\u00eb Gjirokastr\u00ebs<\/em><\/span><\/div>\n<div style=\"text-align: center;\"><span style=\"font-size: 12pt; font-family: helvetica;\"><\/span><\/div>\n<div style=\"text-align: justify;\"><span style=\"font-family: helvetica; font-size: 12pt;\"><span style=\"color: #000000;\">&nbsp;&nbsp;&nbsp; P\u00ebrfaq\u00ebsuesit Arkieratik\u00eb t\u00eb t\u00eb gjitha Periferive Arkieratike t\u00eb Mitropolis\u00eb s\u00eb Shenjt\u00eb t\u00eb Gjirokastr\u00ebs t\u00eb mbledhur sot m\u00eb 25 Shtator 2013, n\u00eb ve\u00e7anti i preokupoi situata e r\u00ebnd\u00eb p\u00ebr Komunitetin Orthodhoks n\u00eb qytetin e P\u00ebrmetit.<\/span><\/span><\/div>\n<div style=\"text-align: justify;\"><span style=\"font-size: 12pt; font-family: helvetica;\"><\/span><\/div>\n<div style=\"text-align: justify;\"><span style=\"font-family: helvetica; font-size: 12pt;\"><span style=\"color: #000000;\">&nbsp; &nbsp; Pas ndodhive t\u00eb r\u00ebnda t\u00eb dat\u00ebs 16 Gusht 2013, ku p\u00ebrmes dhun\u00ebs dhe sakrilegjit iu grabit k\u00ebtij Komuniteti, kisha e Hyrjes &nbsp;s\u00eb Per\u00ebndilind\u00ebses n\u00eb Tempull, q\u00eb kan\u00eb tronditur mbar\u00eb opinionin, vazhdon t\u00eb mbahet ndezur klima e terrorit psikologjik, dhun\u00ebs dhe frik\u00ebsimit t\u00eb besimtar\u00ebve. Ve\u00e7anarisht t\u00eb Diel\u00ebn, 22 Shtator 2013, besimtar\u00ebt Orthodhoks\u00eb q\u00eb ishin duke kryer Liturgjin\u00eb Hyjnore e pan\u00eb veten t\u00eb rrethuar nga forca t\u00eb shumta policore, grupe t\u00eb operacioneve speciale t\u00eb ardhura nga reparte ku ndodhen t\u00eb dislokuara dhe me synym pik\u00ebrisht terrorizimin e besimtar\u00ebve.<\/span><\/span><\/div>\n<div style=\"text-align: justify;\"><span style=\"font-size: 12pt; font-family: helvetica;\"><\/span><\/div>\n<div style=\"text-align: justify;\"><span style=\"font-family: helvetica; font-size: 12pt;\"><span style=\"color: #000000;\">&nbsp; &nbsp; Nj\u00eb klim\u00eb e till\u00eb e nder\u00eb konstatohet q\u00eb nga dita e rishtet\u00ebzimit t\u00eb Kish\u00ebs n\u00eb P\u00ebrmet dhe synon haptazi t\u00eb thyej\u00eb dhe dekurajoj\u00eb komunitetin e besimtar\u00ebve Orthodhoks\u00eb nga k\u00ebmb\u00ebngulja p\u00ebr t\u00eb gjetur t\u00eb drejt\u00ebn duke u b\u00ebr\u00eb nj\u00ebher\u00ebsh premis\u00eb e rrezikshme p\u00ebr bashk\u00ebjetes\u00ebn paq\u00ebsore aty. N\u00eb ve\u00e7anti shteti \u00ebsht\u00eb i ekspozuar n\u00eb k\u00ebt\u00eb rast sepse p\u00ebrve\u00e7 pengimit t\u00eb veprimtaris\u00eb s\u00eb lir\u00eb shpirt\u00ebrore po lejon edhe shtypje dhe diskriminim vet\u00ebm p\u00ebr arsye t\u00eb besimit fetar.<\/span><\/span><\/div>\n<div style=\"text-align: justify;\"><span style=\"font-size: 12pt; font-family: helvetica;\"><\/span><\/div>\n<div style=\"text-align: justify;\"><span style=\"font-family: helvetica; font-size: 12pt;\"><span style=\"color: #000000;\">&nbsp; &nbsp; Duke denoncuar k\u00ebt\u00eb klim\u00eb terrori dhe dhune psikologjike e fizike, &nbsp;edhe nj\u00eb her\u00eb tjet\u00ebr p\u00ebrs\u00ebrisim k\u00ebmb\u00ebnguljen ton\u00eb, e cila tanim\u00eb gjen edhe mb\u00ebshtetjen e fuqishme t\u00eb institucioneve Europiane se:<\/span><\/span><\/div>\n<div style=\"text-align: justify;\"><span style=\"font-size: 12pt; font-family: helvetica;\"><\/span><\/div>\n<div style=\"text-align: justify;\"><span style=\"font-family: helvetica; font-size: 12pt;\"><span style=\"color: #008000;\">&#8211; &nbsp; &nbsp; &nbsp; &nbsp; &nbsp;duhet menj\u00ebher\u00eb dhe pa asnj\u00eb kusht t\u2019i dor\u00ebzohet p\u00ebrs\u00ebri Kish\u00ebs, objekti i adhurimit<\/span><\/span><\/div>\n<div style=\"text-align: justify;\"><span style=\"font-family: helvetica; font-size: 12pt;\"><span style=\"color: #008000;\">&#8211; &nbsp; &nbsp; &nbsp; &nbsp; &nbsp;t\u00eb ndalohen lojrat e rrezikshme t\u00eb frik\u00ebsimit t\u00eb Orthodhoks\u00ebve<\/span><\/span><\/div>\n<div style=\"text-align: justify;\"><span style=\"font-family: helvetica; font-size: 12pt;\"><span style=\"color: #008000;\">&#8211; &nbsp; &nbsp; &nbsp; &nbsp; &nbsp;t\u00eb d\u00ebnohen n\u00eb m\u00ebnyr\u00eb shembullore sakrilegjet, dhuna fizike dhe terrori i ndodhur n\u00eb 16 Gusht 2013 n\u00eb P\u00ebrmet q\u00eb raste t\u00eb tilla t\u00eb mos p\u00ebrs\u00ebriten<\/span><\/span><\/div>\n<div style=\"text-align: justify;\"><span style=\"font-size: 12pt; font-family: helvetica;\"><\/span><\/div>\n<div style=\"text-align: justify;\"><span style=\"font-family: helvetica; font-size: 12pt;\"><span style=\"color: #000000;\">&nbsp; &nbsp; P\u00ebrsa koh\u00eb do t\u00eb vazhdoj\u00eb refuzimi i s\u00eb drejt\u00ebs baz\u00eb t\u00eb liris\u00eb s\u00eb besimit, frekuentimit t\u00eb vendeve t\u00eb shenjta sikund\u00ebr kisha e Hyrjes n\u00eb Tempull t\u00eb Per\u00ebndilind\u00ebse Mari, dhe terrorizmi p\u00ebr t\u00eb mbyllur goj\u00ebn ndaj k\u00ebsaj padrejt\u00ebsie, Komuniteti Orthodhoks nuk do t\u00eb rresht s\u00eb denoncuari me q\u00ebllim pik\u00ebrisht realizimin e t\u00eb drejtave kushtetuese.<\/span><\/span><\/div>\n<div style=\"text-align: right;\"><span style=\"font-size: 12pt; font-family: helvetica;\"><\/span><\/div>\n<div style=\"text-align: right;\"><span style=\"font-size: 12pt; font-family: helvetica;\"><strong><span style=\"color: #000000;\">Gjirokast\u00ebr, m\u00eb 25 Shtator 2013<\/span><\/strong><\/span><\/div>\n","protected":false},"excerpt":{"rendered":"<p>KISHA ORTHODHOKSE AUTOQEFALE E SHQIP\u00cbRIS\u00cb MITROPOLIA E SHENJT\u00cb E GJIROKASTR\u00cbS Lagja 11 Janari \u2013 Gjirokast\u00ebr, tel. (00355)84264266, fax. (00355)84263773 Denoncim publik p\u00ebr klim\u00ebn e terrorit ndaj Komunitetit Orthodhoks n\u00eb P\u00ebrmet &#8211;&nbsp;Deklarat\u00eb e P\u00ebrfaq\u00ebsuesve Arkieratik\u00eb t\u00eb Mitropolis\u00eb s\u00eb Shenjt\u00eb t\u00eb Gjirokastr\u00ebs &nbsp;&nbsp;&nbsp; P\u00ebrfaq\u00ebsuesit Arkieratik\u00eb t\u00eb t\u00eb gjitha Periferive Arkieratike t\u00eb Mitropolis\u00eb s\u00eb Shenjt\u00eb t\u00eb Gjirokastr\u00ebs t\u00eb mbledhur sot m\u00eb 25 Shtator 2013, n\u00eb ve\u00e7anti i preokupoi<\/p>\n","protected":false},"author":14,"featured_media":0,"comment_status":"open","ping_status":"open","sticky":false,"template":"","format":"standard","meta":{"_acf_changed":false,"pagelayer_contact_templates":[],"_pagelayer_content":"","inline_featured_image":false,"fifu_image_url":"","fifu_image_alt":"","footnotes":""},"categories":[108],"tags":[141,153,196,212,203],"class_list":["post-402","post","type-post","status-publish","format-standard","hentry","category-lajme","tag-141","tag-deklarata-njoftime-zyrtare-d75","tag-tirane","tag-lajme-d27","tag-pergjigje-ndaj-akuzave"],"acf":[],"yoast_head":"<!-- This site is optimized with the Yoast SEO plugin v27.2 - https:\/\/yoast.com\/product\/yoast-seo-wordpress\/ -->\n<title>Denoncim publik p\u00ebr klim\u00ebn e terrorit ndaj Komunitetit Orthodhoks n\u00eb P\u00ebrmet. (25 Shtator 2013) - Kisha Orthodh\u03bfkse Autoqefale e Shqip\u00ebris\u00eb<\/title>\n<meta name=\"robots\" content=\"index, follow, max-snippet:-1, max-image-preview:large, max-video-preview:-1\" \/>\n<link rel=\"canonical\" href=\"https:\/\/orthodoxalbania.org\/2020\/2013\/09\/25\/denoncim-publik-per-klimen-e-terrorit-ndaj-komunitetit-orthodhoks-ne-permet\/\" \/>\n<meta property=\"og:locale\" content=\"en_US\" \/>\n<meta property=\"og:type\" content=\"article\" \/>\n<meta property=\"og:title\" content=\"Denoncim publik p\u00ebr klim\u00ebn e terrorit ndaj Komunitetit Orthodhoks n\u00eb P\u00ebrmet. (25 Shtator 2013) - Kisha Orthodh\u03bfkse Autoqefale e Shqip\u00ebris\u00eb\" \/>\n<meta property=\"og:description\" content=\"KISHA ORTHODHOKSE AUTOQEFALE E SHQIP\u00cbRIS\u00cb MITROPOLIA E SHENJT\u00cb E GJIROKASTR\u00cbS Lagja 11 Janari \u2013 Gjirokast\u00ebr, tel. (00355)84264266, fax. (00355)84263773 Denoncim publik p\u00ebr klim\u00ebn e terrorit ndaj Komunitetit Orthodhoks n\u00eb P\u00ebrmet &#8211;&nbsp;Deklarat\u00eb e P\u00ebrfaq\u00ebsuesve Arkieratik\u00eb t\u00eb Mitropolis\u00eb s\u00eb Shenjt\u00eb t\u00eb Gjirokastr\u00ebs &nbsp;&nbsp;&nbsp; P\u00ebrfaq\u00ebsuesit Arkieratik\u00eb t\u00eb t\u00eb gjitha Periferive Arkieratike t\u00eb Mitropolis\u00eb s\u00eb Shenjt\u00eb t\u00eb Gjirokastr\u00ebs t\u00eb mbledhur sot m\u00eb 25 Shtator 2013, n\u00eb ve\u00e7anti i preokupoi\" \/>\n<meta property=\"og:url\" content=\"https:\/\/orthodoxalbania.org\/2020\/2013\/09\/25\/denoncim-publik-per-klimen-e-terrorit-ndaj-komunitetit-orthodhoks-ne-permet\/\" \/>\n<meta property=\"og:site_name\" content=\"Kisha Orthodh\u03bfkse Autoqefale e Shqip\u00ebris\u00eb\" \/>\n<meta property=\"article:publisher\" content=\"https:\/\/www.facebook.com\/koash1991\" \/>\n<meta property=\"article:published_time\" content=\"2013-09-25T17:55:41+00:00\" \/>\n<meta property=\"article:modified_time\" content=\"2020-04-06T20:05:33+00:00\" \/>\n<meta property=\"og:image\" content=\"https:\/\/orthodoxalbania.org\/2020\/wp-content\/uploads\/2021\/02\/LogoLastALb-200.png\" \/>\n\t<meta property=\"og:image:width\" content=\"200\" \/>\n\t<meta property=\"og:image:height\" content=\"172\" \/>\n\t<meta property=\"og:image:type\" content=\"image\/png\" \/>\n<meta name=\"author\" content=\"neo_admin\" \/>\n<meta name=\"twitter:card\" content=\"summary_large_image\" \/>\n<meta name=\"twitter:label1\" content=\"Written by\" \/>\n\t<meta name=\"twitter:data1\" content=\"neo_admin\" \/>\n\t<meta name=\"twitter:label2\" content=\"Est. reading time\" \/>\n\t<meta name=\"twitter:data2\" content=\"2 minutes\" \/>\n<script type=\"application\/ld+json\" class=\"yoast-schema-graph\">{\"@context\":\"https:\/\/schema.org\",\"@graph\":[{\"@type\":\"Article\",\"@id\":\"https:\/\/orthodoxalbania.org\/2020\/2013\/09\/25\/denoncim-publik-per-klimen-e-terrorit-ndaj-komunitetit-orthodhoks-ne-permet\/#article\",\"isPartOf\":{\"@id\":\"https:\/\/orthodoxalbania.org\/2020\/2013\/09\/25\/denoncim-publik-per-klimen-e-terrorit-ndaj-komunitetit-orthodhoks-ne-permet\/\"},\"author\":{\"name\":\"neo_admin\",\"@id\":\"https:\/\/orthodoxalbania.org\/2020\/#\/schema\/person\/dd2bdc135b53c60d45b8bb329565cf6d\"},\"headline\":\"Denoncim publik p\u00ebr klim\u00ebn e terrorit ndaj Komunitetit Orthodhoks n\u00eb P\u00ebrmet. (25 Shtator 2013)\",\"datePublished\":\"2013-09-25T17:55:41+00:00\",\"dateModified\":\"2020-04-06T20:05:33+00:00\",\"mainEntityOfPage\":{\"@id\":\"https:\/\/orthodoxalbania.org\/2020\/2013\/09\/25\/denoncim-publik-per-klimen-e-terrorit-ndaj-komunitetit-orthodhoks-ne-permet\/\"},\"wordCount\":486,\"commentCount\":0,\"publisher\":{\"@id\":\"https:\/\/orthodoxalbania.org\/2020\/#organization\"},\"keywords\":[\"2013\",\"Deklarata - Njoftime Zyrtare\",\"Kryepiskopata Tiran\u00eb\",\"lajme\",\"P\u00ebrgjigje ndaj akuzave\"],\"articleSection\":[\"Lajme\"],\"inLanguage\":\"en-US\"},{\"@type\":\"WebPage\",\"@id\":\"https:\/\/orthodoxalbania.org\/2020\/2013\/09\/25\/denoncim-publik-per-klimen-e-terrorit-ndaj-komunitetit-orthodhoks-ne-permet\/\",\"url\":\"https:\/\/orthodoxalbania.org\/2020\/2013\/09\/25\/denoncim-publik-per-klimen-e-terrorit-ndaj-komunitetit-orthodhoks-ne-permet\/\",\"name\":\"Denoncim publik p\u00ebr klim\u00ebn e terrorit ndaj Komunitetit Orthodhoks n\u00eb P\u00ebrmet. (25 Shtator 2013) - Kisha Orthodh\u03bfkse Autoqefale e Shqip\u00ebris\u00eb\",\"isPartOf\":{\"@id\":\"https:\/\/orthodoxalbania.org\/2020\/#website\"},\"datePublished\":\"2013-09-25T17:55:41+00:00\",\"dateModified\":\"2020-04-06T20:05:33+00:00\",\"breadcrumb\":{\"@id\":\"https:\/\/orthodoxalbania.org\/2020\/2013\/09\/25\/denoncim-publik-per-klimen-e-terrorit-ndaj-komunitetit-orthodhoks-ne-permet\/#breadcrumb\"},\"inLanguage\":\"en-US\",\"potentialAction\":[{\"@type\":\"ReadAction\",\"target\":[\"https:\/\/orthodoxalbania.org\/2020\/2013\/09\/25\/denoncim-publik-per-klimen-e-terrorit-ndaj-komunitetit-orthodhoks-ne-permet\/\"]}]},{\"@type\":\"BreadcrumbList\",\"@id\":\"https:\/\/orthodoxalbania.org\/2020\/2013\/09\/25\/denoncim-publik-per-klimen-e-terrorit-ndaj-komunitetit-orthodhoks-ne-permet\/#breadcrumb\",\"itemListElement\":[{\"@type\":\"ListItem\",\"position\":1,\"name\":\"Home\",\"item\":\"https:\/\/orthodoxalbania.org\/2020\/\"},{\"@type\":\"ListItem\",\"position\":2,\"name\":\"Denoncim publik p\u00ebr klim\u00ebn e terrorit ndaj Komunitetit Orthodhoks n\u00eb P\u00ebrmet. (25 Shtator 2013)\"}]},{\"@type\":\"WebSite\",\"@id\":\"https:\/\/orthodoxalbania.org\/2020\/#website\",\"url\":\"https:\/\/orthodoxalbania.org\/2020\/\",\"name\":\"Kisha Orthodh\u03bfkse Autoqefale e Shqip\u00ebris\u00eb\",\"description\":\"Fqja Zyrtare e Kish\u00ebs Orthodhokse Autoqefale e Shqip\u00ebris\u00eb me lajmet edhe informacionet zyrtare p\u00ebr struktur\u00ebn edhe veprimtarin e saj.\",\"publisher\":{\"@id\":\"https:\/\/orthodoxalbania.org\/2020\/#organization\"},\"potentialAction\":[{\"@type\":\"SearchAction\",\"target\":{\"@type\":\"EntryPoint\",\"urlTemplate\":\"https:\/\/orthodoxalbania.org\/2020\/?s={search_term_string}\"},\"query-input\":{\"@type\":\"PropertyValueSpecification\",\"valueRequired\":true,\"valueName\":\"search_term_string\"}}],\"inLanguage\":\"en-US\"},{\"@type\":\"Organization\",\"@id\":\"https:\/\/orthodoxalbania.org\/2020\/#organization\",\"name\":\"Kisha Orthodhokse Autoqefale e Shqip\u00ebris\u00eb\",\"url\":\"https:\/\/orthodoxalbania.org\/2020\/\",\"logo\":{\"@type\":\"ImageObject\",\"inLanguage\":\"en-US\",\"@id\":\"https:\/\/orthodoxalbania.org\/2020\/#\/schema\/logo\/image\/\",\"url\":\"https:\/\/orthodoxalbania.org\/2020\/wp-content\/uploads\/2020\/05\/albania.jpeg\",\"contentUrl\":\"https:\/\/orthodoxalbania.org\/2020\/wp-content\/uploads\/2020\/05\/albania.jpeg\",\"width\":540,\"height\":540,\"caption\":\"Kisha Orthodhokse Autoqefale e Shqip\u00ebris\u00eb\"},\"image\":{\"@id\":\"https:\/\/orthodoxalbania.org\/2020\/#\/schema\/logo\/image\/\"},\"sameAs\":[\"https:\/\/www.facebook.com\/koash1991\"]},{\"@type\":\"Person\",\"@id\":\"https:\/\/orthodoxalbania.org\/2020\/#\/schema\/person\/dd2bdc135b53c60d45b8bb329565cf6d\",\"name\":\"neo_admin\",\"image\":{\"@type\":\"ImageObject\",\"inLanguage\":\"en-US\",\"@id\":\"https:\/\/secure.gravatar.com\/avatar\/53e6cdc30765aade0129f85e5aeb50124b1d3f5bb9a70373be31e4eb328371e0?s=96&d=mm&r=g\",\"url\":\"https:\/\/secure.gravatar.com\/avatar\/53e6cdc30765aade0129f85e5aeb50124b1d3f5bb9a70373be31e4eb328371e0?s=96&d=mm&r=g\",\"contentUrl\":\"https:\/\/secure.gravatar.com\/avatar\/53e6cdc30765aade0129f85e5aeb50124b1d3f5bb9a70373be31e4eb328371e0?s=96&d=mm&r=g\",\"caption\":\"neo_admin\"}}]}<\/script>\n<!-- \/ Yoast SEO plugin. -->","yoast_head_json":{"title":"Denoncim publik p\u00ebr klim\u00ebn e terrorit ndaj Komunitetit Orthodhoks n\u00eb P\u00ebrmet. (25 Shtator 2013) - Kisha Orthodh\u03bfkse Autoqefale e Shqip\u00ebris\u00eb","robots":{"index":"index","follow":"follow","max-snippet":"max-snippet:-1","max-image-preview":"max-image-preview:large","max-video-preview":"max-video-preview:-1"},"canonical":"https:\/\/orthodoxalbania.org\/2020\/2013\/09\/25\/denoncim-publik-per-klimen-e-terrorit-ndaj-komunitetit-orthodhoks-ne-permet\/","og_locale":"en_US","og_type":"article","og_title":"Denoncim publik p\u00ebr klim\u00ebn e terrorit ndaj Komunitetit Orthodhoks n\u00eb P\u00ebrmet. (25 Shtator 2013) - Kisha Orthodh\u03bfkse Autoqefale e Shqip\u00ebris\u00eb","og_description":"KISHA ORTHODHOKSE AUTOQEFALE E SHQIP\u00cbRIS\u00cb MITROPOLIA E SHENJT\u00cb E GJIROKASTR\u00cbS Lagja 11 Janari \u2013 Gjirokast\u00ebr, tel. (00355)84264266, fax. (00355)84263773 Denoncim publik p\u00ebr klim\u00ebn e terrorit ndaj Komunitetit Orthodhoks n\u00eb P\u00ebrmet &#8211;&nbsp;Deklarat\u00eb e P\u00ebrfaq\u00ebsuesve Arkieratik\u00eb t\u00eb Mitropolis\u00eb s\u00eb Shenjt\u00eb t\u00eb Gjirokastr\u00ebs &nbsp;&nbsp;&nbsp; P\u00ebrfaq\u00ebsuesit Arkieratik\u00eb t\u00eb t\u00eb gjitha Periferive Arkieratike t\u00eb Mitropolis\u00eb s\u00eb Shenjt\u00eb t\u00eb Gjirokastr\u00ebs t\u00eb mbledhur sot m\u00eb 25 Shtator 2013, n\u00eb ve\u00e7anti i preokupoi","og_url":"https:\/\/orthodoxalbania.org\/2020\/2013\/09\/25\/denoncim-publik-per-klimen-e-terrorit-ndaj-komunitetit-orthodhoks-ne-permet\/","og_site_name":"Kisha Orthodh\u03bfkse Autoqefale e Shqip\u00ebris\u00eb","article_publisher":"https:\/\/www.facebook.com\/koash1991","article_published_time":"2013-09-25T17:55:41+00:00","article_modified_time":"2020-04-06T20:05:33+00:00","og_image":[{"width":200,"height":172,"url":"https:\/\/orthodoxalbania.org\/2020\/wp-content\/uploads\/2021\/02\/LogoLastALb-200.png","type":"image\/png"}],"author":"neo_admin","twitter_card":"summary_large_image","twitter_misc":{"Written by":"neo_admin","Est. reading time":"2 minutes"},"schema":{"@context":"https:\/\/schema.org","@graph":[{"@type":"Article","@id":"https:\/\/orthodoxalbania.org\/2020\/2013\/09\/25\/denoncim-publik-per-klimen-e-terrorit-ndaj-komunitetit-orthodhoks-ne-permet\/#article","isPartOf":{"@id":"https:\/\/orthodoxalbania.org\/2020\/2013\/09\/25\/denoncim-publik-per-klimen-e-terrorit-ndaj-komunitetit-orthodhoks-ne-permet\/"},"author":{"name":"neo_admin","@id":"https:\/\/orthodoxalbania.org\/2020\/#\/schema\/person\/dd2bdc135b53c60d45b8bb329565cf6d"},"headline":"Denoncim publik p\u00ebr klim\u00ebn e terrorit ndaj Komunitetit Orthodhoks n\u00eb P\u00ebrmet. (25 Shtator 2013)","datePublished":"2013-09-25T17:55:41+00:00","dateModified":"2020-04-06T20:05:33+00:00","mainEntityOfPage":{"@id":"https:\/\/orthodoxalbania.org\/2020\/2013\/09\/25\/denoncim-publik-per-klimen-e-terrorit-ndaj-komunitetit-orthodhoks-ne-permet\/"},"wordCount":486,"commentCount":0,"publisher":{"@id":"https:\/\/orthodoxalbania.org\/2020\/#organization"},"keywords":["2013","Deklarata - Njoftime Zyrtare","Kryepiskopata Tiran\u00eb","lajme","P\u00ebrgjigje ndaj akuzave"],"articleSection":["Lajme"],"inLanguage":"en-US"},{"@type":"WebPage","@id":"https:\/\/orthodoxalbania.org\/2020\/2013\/09\/25\/denoncim-publik-per-klimen-e-terrorit-ndaj-komunitetit-orthodhoks-ne-permet\/","url":"https:\/\/orthodoxalbania.org\/2020\/2013\/09\/25\/denoncim-publik-per-klimen-e-terrorit-ndaj-komunitetit-orthodhoks-ne-permet\/","name":"Denoncim publik p\u00ebr klim\u00ebn e terrorit ndaj Komunitetit Orthodhoks n\u00eb P\u00ebrmet. (25 Shtator 2013) - Kisha Orthodh\u03bfkse Autoqefale e Shqip\u00ebris\u00eb","isPartOf":{"@id":"https:\/\/orthodoxalbania.org\/2020\/#website"},"datePublished":"2013-09-25T17:55:41+00:00","dateModified":"2020-04-06T20:05:33+00:00","breadcrumb":{"@id":"https:\/\/orthodoxalbania.org\/2020\/2013\/09\/25\/denoncim-publik-per-klimen-e-terrorit-ndaj-komunitetit-orthodhoks-ne-permet\/#breadcrumb"},"inLanguage":"en-US","potentialAction":[{"@type":"ReadAction","target":["https:\/\/orthodoxalbania.org\/2020\/2013\/09\/25\/denoncim-publik-per-klimen-e-terrorit-ndaj-komunitetit-orthodhoks-ne-permet\/"]}]},{"@type":"BreadcrumbList","@id":"https:\/\/orthodoxalbania.org\/2020\/2013\/09\/25\/denoncim-publik-per-klimen-e-terrorit-ndaj-komunitetit-orthodhoks-ne-permet\/#breadcrumb","itemListElement":[{"@type":"ListItem","position":1,"name":"Home","item":"https:\/\/orthodoxalbania.org\/2020\/"},{"@type":"ListItem","position":2,"name":"Denoncim publik p\u00ebr klim\u00ebn e terrorit ndaj Komunitetit Orthodhoks n\u00eb P\u00ebrmet. (25 Shtator 2013)"}]},{"@type":"WebSite","@id":"https:\/\/orthodoxalbania.org\/2020\/#website","url":"https:\/\/orthodoxalbania.org\/2020\/","name":"Kisha Orthodh\u03bfkse Autoqefale e Shqip\u00ebris\u00eb","description":"Fqja Zyrtare e Kish\u00ebs Orthodhokse Autoqefale e Shqip\u00ebris\u00eb me lajmet edhe informacionet zyrtare p\u00ebr struktur\u00ebn edhe veprimtarin e saj.","publisher":{"@id":"https:\/\/orthodoxalbania.org\/2020\/#organization"},"potentialAction":[{"@type":"SearchAction","target":{"@type":"EntryPoint","urlTemplate":"https:\/\/orthodoxalbania.org\/2020\/?s={search_term_string}"},"query-input":{"@type":"PropertyValueSpecification","valueRequired":true,"valueName":"search_term_string"}}],"inLanguage":"en-US"},{"@type":"Organization","@id":"https:\/\/orthodoxalbania.org\/2020\/#organization","name":"Kisha Orthodhokse Autoqefale e Shqip\u00ebris\u00eb","url":"https:\/\/orthodoxalbania.org\/2020\/","logo":{"@type":"ImageObject","inLanguage":"en-US","@id":"https:\/\/orthodoxalbania.org\/2020\/#\/schema\/logo\/image\/","url":"https:\/\/orthodoxalbania.org\/2020\/wp-content\/uploads\/2020\/05\/albania.jpeg","contentUrl":"https:\/\/orthodoxalbania.org\/2020\/wp-content\/uploads\/2020\/05\/albania.jpeg","width":540,"height":540,"caption":"Kisha Orthodhokse Autoqefale e Shqip\u00ebris\u00eb"},"image":{"@id":"https:\/\/orthodoxalbania.org\/2020\/#\/schema\/logo\/image\/"},"sameAs":["https:\/\/www.facebook.com\/koash1991"]},{"@type":"Person","@id":"https:\/\/orthodoxalbania.org\/2020\/#\/schema\/person\/dd2bdc135b53c60d45b8bb329565cf6d","name":"neo_admin","image":{"@type":"ImageObject","inLanguage":"en-US","@id":"https:\/\/secure.gravatar.com\/avatar\/53e6cdc30765aade0129f85e5aeb50124b1d3f5bb9a70373be31e4eb328371e0?s=96&d=mm&r=g","url":"https:\/\/secure.gravatar.com\/avatar\/53e6cdc30765aade0129f85e5aeb50124b1d3f5bb9a70373be31e4eb328371e0?s=96&d=mm&r=g","contentUrl":"https:\/\/secure.gravatar.com\/avatar\/53e6cdc30765aade0129f85e5aeb50124b1d3f5bb9a70373be31e4eb328371e0?s=96&d=mm&r=g","caption":"neo_admin"}}]}},"_links":{"self":[{"href":"https:\/\/orthodoxalbania.org\/2020\/wp-json\/wp\/v2\/posts\/402","targetHints":{"allow":["GET"]}}],"collection":[{"href":"https:\/\/orthodoxalbania.org\/2020\/wp-json\/wp\/v2\/posts"}],"about":[{"href":"https:\/\/orthodoxalbania.org\/2020\/wp-json\/wp\/v2\/types\/post"}],"author":[{"embeddable":true,"href":"https:\/\/orthodoxalbania.org\/2020\/wp-json\/wp\/v2\/users\/14"}],"replies":[{"embeddable":true,"href":"https:\/\/orthodoxalbania.org\/2020\/wp-json\/wp\/v2\/comments?post=402"}],"version-history":[{"count":1,"href":"https:\/\/orthodoxalbania.org\/2020\/wp-json\/wp\/v2\/posts\/402\/revisions"}],"predecessor-version":[{"id":15174,"href":"https:\/\/orthodoxalbania.org\/2020\/wp-json\/wp\/v2\/posts\/402\/revisions\/15174"}],"wp:attachment":[{"href":"https:\/\/orthodoxalbania.org\/2020\/wp-json\/wp\/v2\/media?parent=402"}],"wp:term":[{"taxonomy":"category","embeddable":true,"href":"https:\/\/orthodoxalbania.org\/2020\/wp-json\/wp\/v2\/categories?post=402"},{"taxonomy":"post_tag","embeddable":true,"href":"https:\/\/orthodoxalbania.org\/2020\/wp-json\/wp\/v2\/tags?post=402"}],"curies":[{"name":"wp","href":"https:\/\/api.w.org\/{rel}","templated":true}]}}