{"id":400,"date":"2013-03-21T09:56:00","date_gmt":"2013-03-21T09:56:00","guid":{"rendered":""},"modified":"2020-04-06T22:32:01","modified_gmt":"2020-04-06T20:32:01","slug":"dekorate-nderimi-per-kryepiskopin-e-shqiperise-nga-kisha-e-anglise","status":"publish","type":"post","link":"https:\/\/orthodoxalbania.org\/2020\/2013\/03\/21\/dekorate-nderimi-per-kryepiskopin-e-shqiperise-nga-kisha-e-anglise\/","title":{"rendered":"Dekorat\u00eb nderimi p\u00ebr Kryepiskopin e Shqip\u00ebris\u00eb nga Kisha e Anglis\u00eb. (7 Korrik 2011)"},"content":{"rendered":"<div style=\"text-align: justify;\"><span style=\"color: #000000; font-size: 12pt;\"><span style=\"font-family: tahoma,geneva,sans-serif;\"><span class=\"style16\"><img decoding=\"async\" class=\"lazyload HAa Eha\" style=\"height: 278px; width: 182px; border-width: 1px; border-style: solid; margin: 10px; float: right;\" alt=\"\" src=\"data:image\/gif;base64,R0lGODlhAQABAAAAACH5BAEKAAEALAAAAAABAAEAAAICTAEAOw==\" data-orig-src=\"https:\/\/lh4.googleusercontent.com\/-TOePK19OHhQ\/VAGZZNEBLBI\/AAAAAAAACcY\/vBP3qM5uy5Q\/w314-h480-no\/FridaySynod17_314x480.jpg\" \/><span style=\"font-family: helvetica;\"> &nbsp;&nbsp;&nbsp; <\/span><\/span><span class=\"style10\" style=\"font-family: helvetica;\">\u201cKryqi i Lambethit\u201d, nj\u00eb dekorat\u00eb e ve\u00e7ant\u00eb p\u00ebr udh\u00ebheq\u00ebs t\u00eb huaj fetar\u00eb, iu akordua Kryepiskopit t\u00eb Shqip\u00ebris\u00eb, Fortlumturis\u00eb s\u00eb Tij z. Anastas nga dr. Rowan Williams, Kryepiskop i Kanterburit dhe an\u00ebtar i Dhom\u00ebs s\u00eb Lord\u00ebve.<\/span><\/span><\/span><\/div>\n<div style=\"text-align: justify;\"><span style=\"color: #000000; font-size: 12pt; font-family: helvetica;\"> <span class=\"style10\"><span class=\"style16\">&nbsp; &nbsp; <\/span>N\u00eb 7 korrik 2011, gjat\u00eb dark\u00ebs zyrtare n\u00eb Selin\u00eb Kryepiskopale t\u00eb qytetit t\u00eb Jorkut t\u00eb Anglis\u00eb, Kryepiskopi i Kanterburit dr. Williams, duke folur me nj\u00eb m\u00ebnyr\u00eb tep\u00ebr lavd\u00ebruese, i akordoi Kryepiskopit Anastas dekorat\u00ebn n\u00eb fjal\u00eb, nd\u00ebrsa Kryepiskopi Anastas gjat\u00eb fjal\u00ebs s\u00eb tij t\u00eb fal\u00ebnderimit midis t\u00eb tjerave tha:&nbsp; \u201cTeksa kundroj Kryqin e Lambethit sjell n\u00eb mendje vargjet e poetit nobelist T.S.Elliot: \u201cKu je o urt\u00ebsi q\u00eb t\u00eb humb\u00ebm brenda dijes? Dhe ku je o dije q\u00eb t\u00eb humb\u00ebm brenda informimit?\u201d Ka shum\u00eb informim n\u00eb lidhje me Kryqin. Madje akoma edhe m\u00eb tep\u00ebr, ka dije theologjike. Por ajo q\u00eb k\u00ebrkohet nga secili nga ne \u00ebsht\u00eb t\u2019i p\u00ebrafrohemi dhe t\u00eb familjarizohemi me \u201curt\u00ebsin\u00eb e Kryqit\u201d, urt\u00ebsi q\u00eb i referohet shp\u00ebtimit t\u00eb gjinis\u00eb njer\u00ebzore dhe q\u00eb mb\u00ebshtetet n\u00eb mir\u00ebnjohjen p\u00ebr m\u00ebshir\u00ebn e pafund t\u00eb Per\u00ebndis\u00eb, n\u00eb dashurin\u00eb, n\u00eb vet\u00ebsakrifikimin dhe n\u00eb kontributin e vazhduesh\u00ebm\u201d.<\/span><\/span><\/div>\n<div style=\"text-align: justify;\"><span style=\"color: #000000; font-size: 12pt; font-family: helvetica;\"> <span class=\"style10\"><span class=\"style16\">&nbsp; &nbsp; <\/span>P\u00ebrve\u00e7 k\u00ebsaj dit\u00ebn tjet\u00ebr, gjat\u00eb fillimit t\u00eb Sinodit t\u00eb P\u00ebrgjithsh\u00ebm t\u00eb Kish\u00ebs Anglikane, Kryepiskopi i Kanterburit duke e ftuar Kryepiskopin Anastas t\u00eb merrte fjal\u00ebn n\u00eb podium si fol\u00ebsi kryesor, e p\u00ebrfundoi p\u00ebrsh\u00ebndetjen e tij me fjal\u00ebt e m\u00ebposhtme: \u201cRigjall\u00ebrimi i Kish\u00ebs Orthodhokse n\u00eb Shqip\u00ebri i detyrohet gjith\u00e7ka nj\u00eb udh\u00ebheq\u00ebsi, aft\u00ebsit\u00eb shpirt\u00ebrore dhe intelektuale t\u00eb t\u00eb cilit, fuqia e personalitetit t\u00eb tij, p\u00ebrul\u00ebsia dhe shenjt\u00ebria e tij, kan\u00eb qen\u00eb p\u00ebr shum\u00eb vet\u00eb nj\u00eb far n\u00eb Evrop\u00ebn e epok\u00ebs son\u00eb. Kryepiskopi Anastas e nisi karrier\u00ebn e tij n\u00eb Afrik\u00eb, \u00ebsht\u00eb grek nga origjina, nj\u00eb theolog q\u00eb shk\u00eblqeu n\u00eb l\u00ebmin e misionarizmit. Ka dh\u00ebn\u00eb m\u00ebsim n\u00eb institucione t\u00eb ndryshme akademike, nd\u00ebrkoh\u00eb q\u00eb arriti t\u00eb ver\u00eb n\u00eb p\u00ebrdorim k\u00ebt\u00eb aft\u00ebsi theologjike, n\u00eb shkall\u00ebn m\u00eb sip\u00ebrore, me q\u00ebllim rilindjen e Kish\u00ebs Orthodhokse t\u00eb Shqip\u00ebris\u00eb\u201d.<\/span><\/span><\/div>\n<div style=\"text-align: justify;\"><span style=\"color: #000000; font-size: 12pt; font-family: helvetica;\"> <span class=\"style10\"><span class=\"style16\">&nbsp;&nbsp;&nbsp; <\/span>N\u00eb vazhdim, Kryepiskopi i Tiran\u00ebs dhe i gjith\u00eb Shqip\u00ebris\u00eb, Anastasi, p\u00ebrpara pes\u00ebqind an\u00ebtar\u00ebve t\u00eb Sinodit t\u00eb P\u00ebrgjithsh\u00ebm, klerik\u00eb t\u00eb t\u00eb gjitha gradave dhe an\u00ebtar\u00ebve t\u00eb shquar t\u00eb shoq\u00ebris\u00eb angleze, mbajti tem\u00ebn: \u201cTransmetimi i Ungjillit n\u00eb bot\u00ebn moderne &#8211; Ngritja e nj\u00eb Kishe lokale\u201d, e cila kishte si bosht kryesor eksperienc\u00ebn e tij nga ringritja e Kish\u00ebs Orthodhokse n\u00eb Shqip\u00ebri.<\/span><\/span><\/div>\n<div style=\"text-align: justify;\"><span style=\"color: #000000; font-size: 12pt; font-family: helvetica;\"> <span class=\"style10\"><span class=\"style16\"><img decoding=\"async\" class=\"lazyload HAa Eha\" style=\"height: 174px; width: 235px; border-width: 1px; border-style: solid; margin: 10px; float: left;\" alt=\"\" src=\"data:image\/gif;base64,R0lGODlhAQABAAAAACH5BAEKAAEALAAAAAABAAEAAAICTAEAOw==\" data-orig-src=\"https:\/\/lh5.googleusercontent.com\/-_KGyNlt_CI8\/VAGZY_Y07XI\/AAAAAAAACcU\/WdiU7pIcJKQ\/w310-h230-no\/210706_Page_01_Image_0002.jpg\" \/>&nbsp; &nbsp; <\/span>Fjalimi i Kryepiskopit Anastas u mbyll me meditimet e m\u00ebposhtme: \u201cKur i referohemi transmetimit t\u00eb Ungjillit, mendimi im shkon n\u00eb dy liqenet e Palestin\u00ebs: n\u00eb Detin e Galiles\u00eb dhe n\u00eb Detin e Vdekur.<\/span><\/span><\/div>\n<div style=\"text-align: justify;\"><span style=\"color: #000000; font-size: 12pt; font-family: helvetica;\"> <span class=\"style10\"><span class=\"style16\">&nbsp;&nbsp;&nbsp; <\/span>T\u00eb dy k\u00ebto liqene kan\u00eb nj\u00eb karakteristik\u00eb t\u00eb p\u00ebrbashk\u00ebt dhe nj\u00eb ndryshim esencial. T\u00eb dyja marrin uj\u00eb nga lumi Jordan. Liqeni i par\u00eb, i Galiles\u00eb, pranon ujin dhe e ofron q\u00eb t\u00eb vaditen zonat jugore. I dyti, Deti i Vdekur, pranon ujin, por e mban p\u00ebr veten e tij. N\u00eb liqenin e par\u00eb jeta gjallon brenda ujit dhe pran\u00eb brigjeve t\u00eb tij. N\u00eb t\u00eb dytin nuk ka gjurm\u00eb jete. Dhe e dim\u00eb se Zoti yn\u00eb nuk kishte asnj\u00eb lidhje me Detin e Vdekur. Ai e nisi misionin e tij publik dhe kreu shum\u00eb nga mrekullit\u00eb e tij n\u00eb Detin e Galiles\u00eb.<\/span><\/span><\/div>\n<div style=\"text-align: justify;\"><span style=\"color: #000000; font-size: 12pt; font-family: helvetica;\"> <span class=\"style10\"><span class=\"style16\">&nbsp;&nbsp;&nbsp; <\/span>Ne t\u00eb krishter\u00ebt kemi privilegjin t\u00eb marrim vazhdimisht ujin e gjall\u00eb t\u00eb Jordanit shpirt\u00ebror. Pranojm\u00eb pa kursim t\u00eb mira t\u00eb bollshme shpirt\u00ebrore dhe materiale. N\u00ebse i mbajm\u00eb vet\u00ebm p\u00ebr veten ton\u00eb, do t\u2019i humbasim. Deti i Vdekur ngelet simboli i atij q\u00eb pranon dhurata dhe q\u00eb i ruan p\u00ebr veten e tij. N\u00ebse i ndajm\u00eb me t\u00eb tjer\u00ebt do t\u00eb ngjasojm\u00eb me jet\u00ebn e gjall\u00eb t\u00eb Detit t\u00eb Galiles\u00eb. Kur dikush merr dhe e ndan at\u00eb \u00e7ka merr, ky \u00ebsht\u00eb sekreti p\u00ebr t\u00eb pasur jet\u00eb. M\u00eb sakt\u00eb Jet\u00ebn!\u201d. <\/span><\/span><\/div>\n<div style=\"text-align: justify;\"><span style=\"font-size: 12pt; font-family: helvetica;\"><\/span><\/div>\n<div style=\"text-align: right;\"><span style=\"color: #000000; font-size: 12pt; font-family: helvetica;\"><span class=\"style10\"><strong>Zyra e Shtypit e Kryepiskopat\u00ebs<\/strong><\/span><\/span><\/div>\n","protected":false},"excerpt":{"rendered":"<p>&nbsp;&nbsp;&nbsp; \u201cKryqi i Lambethit\u201d, nj\u00eb dekorat\u00eb e ve\u00e7ant\u00eb p\u00ebr udh\u00ebheq\u00ebs t\u00eb huaj fetar\u00eb, iu akordua Kryepiskopit t\u00eb Shqip\u00ebris\u00eb, Fortlumturis\u00eb s\u00eb Tij z. Anastas nga dr. Rowan Williams, Kryepiskop i Kanterburit dhe an\u00ebtar i Dhom\u00ebs s\u00eb Lord\u00ebve. &nbsp; &nbsp; N\u00eb 7 korrik 2011, gjat\u00eb dark\u00ebs zyrtare n\u00eb Selin\u00eb Kryepiskopale t\u00eb qytetit t\u00eb Jorkut t\u00eb Anglis\u00eb, Kryepiskopi i Kanterburit dr. Williams, duke folur me nj\u00eb m\u00ebnyr\u00eb tep\u00ebr<\/p>\n","protected":false},"author":1,"featured_media":0,"comment_status":"open","ping_status":"open","sticky":false,"template":"","format":"standard","meta":{"_acf_changed":false,"pagelayer_contact_templates":[],"_pagelayer_content":"","inline_featured_image":false,"fifu_image_url":"","fifu_image_alt":"","footnotes":""},"categories":[108],"tags":[143,153,196,201,212],"class_list":["post-400","post","type-post","status-publish","format-standard","hentry","category-lajme","tag-143","tag-deklarata-njoftime-zyrtare-d75","tag-tirane","tag-kryepiskopi-anastas","tag-lajme-d27"],"acf":[],"yoast_head":"<!-- This site is optimized with the Yoast SEO plugin v27.2 - https:\/\/yoast.com\/product\/yoast-seo-wordpress\/ -->\n<title>Dekorat\u00eb nderimi p\u00ebr Kryepiskopin e Shqip\u00ebris\u00eb nga Kisha e Anglis\u00eb. (7 Korrik 2011) - Kisha Orthodh\u03bfkse Autoqefale e Shqip\u00ebris\u00eb<\/title>\n<meta name=\"robots\" content=\"index, follow, max-snippet:-1, max-image-preview:large, max-video-preview:-1\" \/>\n<link rel=\"canonical\" href=\"https:\/\/orthodoxalbania.org\/2020\/2013\/03\/21\/dekorate-nderimi-per-kryepiskopin-e-shqiperise-nga-kisha-e-anglise\/\" \/>\n<meta property=\"og:locale\" content=\"en_US\" \/>\n<meta property=\"og:type\" content=\"article\" \/>\n<meta property=\"og:title\" content=\"Dekorat\u00eb nderimi p\u00ebr Kryepiskopin e Shqip\u00ebris\u00eb nga Kisha e Anglis\u00eb. (7 Korrik 2011) - Kisha Orthodh\u03bfkse Autoqefale e Shqip\u00ebris\u00eb\" \/>\n<meta property=\"og:description\" content=\"&nbsp;&nbsp;&nbsp; \u201cKryqi i Lambethit\u201d, nj\u00eb dekorat\u00eb e ve\u00e7ant\u00eb p\u00ebr udh\u00ebheq\u00ebs t\u00eb huaj fetar\u00eb, iu akordua Kryepiskopit t\u00eb Shqip\u00ebris\u00eb, Fortlumturis\u00eb s\u00eb Tij z. Anastas nga dr. Rowan Williams, Kryepiskop i Kanterburit dhe an\u00ebtar i Dhom\u00ebs s\u00eb Lord\u00ebve. &nbsp; &nbsp; N\u00eb 7 korrik 2011, gjat\u00eb dark\u00ebs zyrtare n\u00eb Selin\u00eb Kryepiskopale t\u00eb qytetit t\u00eb Jorkut t\u00eb Anglis\u00eb, Kryepiskopi i Kanterburit dr. Williams, duke folur me nj\u00eb m\u00ebnyr\u00eb tep\u00ebr\" \/>\n<meta property=\"og:url\" content=\"https:\/\/orthodoxalbania.org\/2020\/2013\/03\/21\/dekorate-nderimi-per-kryepiskopin-e-shqiperise-nga-kisha-e-anglise\/\" \/>\n<meta property=\"og:site_name\" content=\"Kisha Orthodh\u03bfkse Autoqefale e Shqip\u00ebris\u00eb\" \/>\n<meta property=\"article:publisher\" content=\"https:\/\/www.facebook.com\/koash1991\" \/>\n<meta property=\"article:published_time\" content=\"2013-03-21T09:56:00+00:00\" \/>\n<meta property=\"article:modified_time\" content=\"2020-04-06T20:32:01+00:00\" \/>\n<meta property=\"og:image\" content=\"https:\/\/lh4.googleusercontent.com\/-TOePK19OHhQ\/VAGZZNEBLBI\/AAAAAAAACcY\/vBP3qM5uy5Q\/w314-h480-no\/FridaySynod17_314x480.jpg\" \/>\n<meta name=\"author\" content=\"Kisha Orthodhokse\" \/>\n<meta name=\"twitter:card\" content=\"summary_large_image\" \/>\n<meta name=\"twitter:label1\" content=\"Written by\" \/>\n\t<meta name=\"twitter:data1\" content=\"Kisha Orthodhokse\" \/>\n\t<meta name=\"twitter:label2\" content=\"Est. reading time\" \/>\n\t<meta name=\"twitter:data2\" content=\"4 minutes\" \/>\n<script type=\"application\/ld+json\" class=\"yoast-schema-graph\">{\"@context\":\"https:\/\/schema.org\",\"@graph\":[{\"@type\":\"Article\",\"@id\":\"https:\/\/orthodoxalbania.org\/2020\/2013\/03\/21\/dekorate-nderimi-per-kryepiskopin-e-shqiperise-nga-kisha-e-anglise\/#article\",\"isPartOf\":{\"@id\":\"https:\/\/orthodoxalbania.org\/2020\/2013\/03\/21\/dekorate-nderimi-per-kryepiskopin-e-shqiperise-nga-kisha-e-anglise\/\"},\"author\":{\"name\":\"Kisha Orthodhokse\",\"@id\":\"https:\/\/orthodoxalbania.org\/2020\/#\/schema\/person\/0c387634a7063ac612d7ed9ce71c7e86\"},\"headline\":\"Dekorat\u00eb nderimi p\u00ebr Kryepiskopin e Shqip\u00ebris\u00eb nga Kisha e Anglis\u00eb. (7 Korrik 2011)\",\"datePublished\":\"2013-03-21T09:56:00+00:00\",\"dateModified\":\"2020-04-06T20:32:01+00:00\",\"mainEntityOfPage\":{\"@id\":\"https:\/\/orthodoxalbania.org\/2020\/2013\/03\/21\/dekorate-nderimi-per-kryepiskopin-e-shqiperise-nga-kisha-e-anglise\/\"},\"wordCount\":736,\"commentCount\":0,\"publisher\":{\"@id\":\"https:\/\/orthodoxalbania.org\/2020\/#organization\"},\"image\":{\"@id\":\"https:\/\/orthodoxalbania.org\/2020\/2013\/03\/21\/dekorate-nderimi-per-kryepiskopin-e-shqiperise-nga-kisha-e-anglise\/#primaryimage\"},\"thumbnailUrl\":\"https:\/\/lh4.googleusercontent.com\/-TOePK19OHhQ\/VAGZZNEBLBI\/AAAAAAAACcY\/vBP3qM5uy5Q\/w314-h480-no\/FridaySynod17_314x480.jpg\",\"keywords\":[\"2011\",\"Deklarata - Njoftime Zyrtare\",\"Kryepiskopata Tiran\u00eb\",\"Kryepiskopi Anastas\",\"lajme\"],\"articleSection\":[\"Lajme\"],\"inLanguage\":\"en-US\"},{\"@type\":\"WebPage\",\"@id\":\"https:\/\/orthodoxalbania.org\/2020\/2013\/03\/21\/dekorate-nderimi-per-kryepiskopin-e-shqiperise-nga-kisha-e-anglise\/\",\"url\":\"https:\/\/orthodoxalbania.org\/2020\/2013\/03\/21\/dekorate-nderimi-per-kryepiskopin-e-shqiperise-nga-kisha-e-anglise\/\",\"name\":\"Dekorat\u00eb nderimi p\u00ebr Kryepiskopin e Shqip\u00ebris\u00eb nga Kisha e Anglis\u00eb. (7 Korrik 2011) - Kisha Orthodh\u03bfkse Autoqefale e Shqip\u00ebris\u00eb\",\"isPartOf\":{\"@id\":\"https:\/\/orthodoxalbania.org\/2020\/#website\"},\"primaryImageOfPage\":{\"@id\":\"https:\/\/orthodoxalbania.org\/2020\/2013\/03\/21\/dekorate-nderimi-per-kryepiskopin-e-shqiperise-nga-kisha-e-anglise\/#primaryimage\"},\"image\":{\"@id\":\"https:\/\/orthodoxalbania.org\/2020\/2013\/03\/21\/dekorate-nderimi-per-kryepiskopin-e-shqiperise-nga-kisha-e-anglise\/#primaryimage\"},\"thumbnailUrl\":\"https:\/\/lh4.googleusercontent.com\/-TOePK19OHhQ\/VAGZZNEBLBI\/AAAAAAAACcY\/vBP3qM5uy5Q\/w314-h480-no\/FridaySynod17_314x480.jpg\",\"datePublished\":\"2013-03-21T09:56:00+00:00\",\"dateModified\":\"2020-04-06T20:32:01+00:00\",\"breadcrumb\":{\"@id\":\"https:\/\/orthodoxalbania.org\/2020\/2013\/03\/21\/dekorate-nderimi-per-kryepiskopin-e-shqiperise-nga-kisha-e-anglise\/#breadcrumb\"},\"inLanguage\":\"en-US\",\"potentialAction\":[{\"@type\":\"ReadAction\",\"target\":[\"https:\/\/orthodoxalbania.org\/2020\/2013\/03\/21\/dekorate-nderimi-per-kryepiskopin-e-shqiperise-nga-kisha-e-anglise\/\"]}]},{\"@type\":\"ImageObject\",\"inLanguage\":\"en-US\",\"@id\":\"https:\/\/orthodoxalbania.org\/2020\/2013\/03\/21\/dekorate-nderimi-per-kryepiskopin-e-shqiperise-nga-kisha-e-anglise\/#primaryimage\",\"url\":\"https:\/\/lh4.googleusercontent.com\/-TOePK19OHhQ\/VAGZZNEBLBI\/AAAAAAAACcY\/vBP3qM5uy5Q\/w314-h480-no\/FridaySynod17_314x480.jpg\",\"contentUrl\":\"https:\/\/lh4.googleusercontent.com\/-TOePK19OHhQ\/VAGZZNEBLBI\/AAAAAAAACcY\/vBP3qM5uy5Q\/w314-h480-no\/FridaySynod17_314x480.jpg\"},{\"@type\":\"BreadcrumbList\",\"@id\":\"https:\/\/orthodoxalbania.org\/2020\/2013\/03\/21\/dekorate-nderimi-per-kryepiskopin-e-shqiperise-nga-kisha-e-anglise\/#breadcrumb\",\"itemListElement\":[{\"@type\":\"ListItem\",\"position\":1,\"name\":\"Home\",\"item\":\"https:\/\/orthodoxalbania.org\/2020\/\"},{\"@type\":\"ListItem\",\"position\":2,\"name\":\"Dekorat\u00eb nderimi p\u00ebr Kryepiskopin e Shqip\u00ebris\u00eb nga Kisha e Anglis\u00eb. (7 Korrik 2011)\"}]},{\"@type\":\"WebSite\",\"@id\":\"https:\/\/orthodoxalbania.org\/2020\/#website\",\"url\":\"https:\/\/orthodoxalbania.org\/2020\/\",\"name\":\"Kisha Orthodh\u03bfkse Autoqefale e Shqip\u00ebris\u00eb\",\"description\":\"Fqja Zyrtare e Kish\u00ebs Orthodhokse Autoqefale e Shqip\u00ebris\u00eb me lajmet edhe informacionet zyrtare p\u00ebr struktur\u00ebn edhe veprimtarin e saj.\",\"publisher\":{\"@id\":\"https:\/\/orthodoxalbania.org\/2020\/#organization\"},\"potentialAction\":[{\"@type\":\"SearchAction\",\"target\":{\"@type\":\"EntryPoint\",\"urlTemplate\":\"https:\/\/orthodoxalbania.org\/2020\/?s={search_term_string}\"},\"query-input\":{\"@type\":\"PropertyValueSpecification\",\"valueRequired\":true,\"valueName\":\"search_term_string\"}}],\"inLanguage\":\"en-US\"},{\"@type\":\"Organization\",\"@id\":\"https:\/\/orthodoxalbania.org\/2020\/#organization\",\"name\":\"Kisha Orthodhokse Autoqefale e Shqip\u00ebris\u00eb\",\"url\":\"https:\/\/orthodoxalbania.org\/2020\/\",\"logo\":{\"@type\":\"ImageObject\",\"inLanguage\":\"en-US\",\"@id\":\"https:\/\/orthodoxalbania.org\/2020\/#\/schema\/logo\/image\/\",\"url\":\"https:\/\/orthodoxalbania.org\/2020\/wp-content\/uploads\/2020\/05\/albania.jpeg\",\"contentUrl\":\"https:\/\/orthodoxalbania.org\/2020\/wp-content\/uploads\/2020\/05\/albania.jpeg\",\"width\":540,\"height\":540,\"caption\":\"Kisha Orthodhokse Autoqefale e Shqip\u00ebris\u00eb\"},\"image\":{\"@id\":\"https:\/\/orthodoxalbania.org\/2020\/#\/schema\/logo\/image\/\"},\"sameAs\":[\"https:\/\/www.facebook.com\/koash1991\"]},{\"@type\":\"Person\",\"@id\":\"https:\/\/orthodoxalbania.org\/2020\/#\/schema\/person\/0c387634a7063ac612d7ed9ce71c7e86\",\"name\":\"Kisha Orthodhokse\",\"image\":{\"@type\":\"ImageObject\",\"inLanguage\":\"en-US\",\"@id\":\"https:\/\/secure.gravatar.com\/avatar\/596e7c417251e30f2fbb9c00e026fce61a695a00e51c889caded71c96cbbdde5?s=96&d=mm&r=g\",\"url\":\"https:\/\/secure.gravatar.com\/avatar\/596e7c417251e30f2fbb9c00e026fce61a695a00e51c889caded71c96cbbdde5?s=96&d=mm&r=g\",\"contentUrl\":\"https:\/\/secure.gravatar.com\/avatar\/596e7c417251e30f2fbb9c00e026fce61a695a00e51c889caded71c96cbbdde5?s=96&d=mm&r=g\",\"caption\":\"Kisha Orthodhokse\"}}]}<\/script>\n<!-- \/ Yoast SEO plugin. -->","yoast_head_json":{"title":"Dekorat\u00eb nderimi p\u00ebr Kryepiskopin e Shqip\u00ebris\u00eb nga Kisha e Anglis\u00eb. (7 Korrik 2011) - Kisha Orthodh\u03bfkse Autoqefale e Shqip\u00ebris\u00eb","robots":{"index":"index","follow":"follow","max-snippet":"max-snippet:-1","max-image-preview":"max-image-preview:large","max-video-preview":"max-video-preview:-1"},"canonical":"https:\/\/orthodoxalbania.org\/2020\/2013\/03\/21\/dekorate-nderimi-per-kryepiskopin-e-shqiperise-nga-kisha-e-anglise\/","og_locale":"en_US","og_type":"article","og_title":"Dekorat\u00eb nderimi p\u00ebr Kryepiskopin e Shqip\u00ebris\u00eb nga Kisha e Anglis\u00eb. (7 Korrik 2011) - Kisha Orthodh\u03bfkse Autoqefale e Shqip\u00ebris\u00eb","og_description":"&nbsp;&nbsp;&nbsp; \u201cKryqi i Lambethit\u201d, nj\u00eb dekorat\u00eb e ve\u00e7ant\u00eb p\u00ebr udh\u00ebheq\u00ebs t\u00eb huaj fetar\u00eb, iu akordua Kryepiskopit t\u00eb Shqip\u00ebris\u00eb, Fortlumturis\u00eb s\u00eb Tij z. Anastas nga dr. Rowan Williams, Kryepiskop i Kanterburit dhe an\u00ebtar i Dhom\u00ebs s\u00eb Lord\u00ebve. &nbsp; &nbsp; N\u00eb 7 korrik 2011, gjat\u00eb dark\u00ebs zyrtare n\u00eb Selin\u00eb Kryepiskopale t\u00eb qytetit t\u00eb Jorkut t\u00eb Anglis\u00eb, Kryepiskopi i Kanterburit dr. Williams, duke folur me nj\u00eb m\u00ebnyr\u00eb tep\u00ebr","og_url":"https:\/\/orthodoxalbania.org\/2020\/2013\/03\/21\/dekorate-nderimi-per-kryepiskopin-e-shqiperise-nga-kisha-e-anglise\/","og_site_name":"Kisha Orthodh\u03bfkse Autoqefale e Shqip\u00ebris\u00eb","article_publisher":"https:\/\/www.facebook.com\/koash1991","article_published_time":"2013-03-21T09:56:00+00:00","article_modified_time":"2020-04-06T20:32:01+00:00","og_image":[{"url":"https:\/\/lh4.googleusercontent.com\/-TOePK19OHhQ\/VAGZZNEBLBI\/AAAAAAAACcY\/vBP3qM5uy5Q\/w314-h480-no\/FridaySynod17_314x480.jpg","type":"","width":"","height":""}],"author":"Kisha Orthodhokse","twitter_card":"summary_large_image","twitter_misc":{"Written by":"Kisha Orthodhokse","Est. reading time":"4 minutes"},"schema":{"@context":"https:\/\/schema.org","@graph":[{"@type":"Article","@id":"https:\/\/orthodoxalbania.org\/2020\/2013\/03\/21\/dekorate-nderimi-per-kryepiskopin-e-shqiperise-nga-kisha-e-anglise\/#article","isPartOf":{"@id":"https:\/\/orthodoxalbania.org\/2020\/2013\/03\/21\/dekorate-nderimi-per-kryepiskopin-e-shqiperise-nga-kisha-e-anglise\/"},"author":{"name":"Kisha Orthodhokse","@id":"https:\/\/orthodoxalbania.org\/2020\/#\/schema\/person\/0c387634a7063ac612d7ed9ce71c7e86"},"headline":"Dekorat\u00eb nderimi p\u00ebr Kryepiskopin e Shqip\u00ebris\u00eb nga Kisha e Anglis\u00eb. (7 Korrik 2011)","datePublished":"2013-03-21T09:56:00+00:00","dateModified":"2020-04-06T20:32:01+00:00","mainEntityOfPage":{"@id":"https:\/\/orthodoxalbania.org\/2020\/2013\/03\/21\/dekorate-nderimi-per-kryepiskopin-e-shqiperise-nga-kisha-e-anglise\/"},"wordCount":736,"commentCount":0,"publisher":{"@id":"https:\/\/orthodoxalbania.org\/2020\/#organization"},"image":{"@id":"https:\/\/orthodoxalbania.org\/2020\/2013\/03\/21\/dekorate-nderimi-per-kryepiskopin-e-shqiperise-nga-kisha-e-anglise\/#primaryimage"},"thumbnailUrl":"https:\/\/lh4.googleusercontent.com\/-TOePK19OHhQ\/VAGZZNEBLBI\/AAAAAAAACcY\/vBP3qM5uy5Q\/w314-h480-no\/FridaySynod17_314x480.jpg","keywords":["2011","Deklarata - Njoftime Zyrtare","Kryepiskopata Tiran\u00eb","Kryepiskopi Anastas","lajme"],"articleSection":["Lajme"],"inLanguage":"en-US"},{"@type":"WebPage","@id":"https:\/\/orthodoxalbania.org\/2020\/2013\/03\/21\/dekorate-nderimi-per-kryepiskopin-e-shqiperise-nga-kisha-e-anglise\/","url":"https:\/\/orthodoxalbania.org\/2020\/2013\/03\/21\/dekorate-nderimi-per-kryepiskopin-e-shqiperise-nga-kisha-e-anglise\/","name":"Dekorat\u00eb nderimi p\u00ebr Kryepiskopin e Shqip\u00ebris\u00eb nga Kisha e Anglis\u00eb. (7 Korrik 2011) - Kisha Orthodh\u03bfkse Autoqefale e Shqip\u00ebris\u00eb","isPartOf":{"@id":"https:\/\/orthodoxalbania.org\/2020\/#website"},"primaryImageOfPage":{"@id":"https:\/\/orthodoxalbania.org\/2020\/2013\/03\/21\/dekorate-nderimi-per-kryepiskopin-e-shqiperise-nga-kisha-e-anglise\/#primaryimage"},"image":{"@id":"https:\/\/orthodoxalbania.org\/2020\/2013\/03\/21\/dekorate-nderimi-per-kryepiskopin-e-shqiperise-nga-kisha-e-anglise\/#primaryimage"},"thumbnailUrl":"https:\/\/lh4.googleusercontent.com\/-TOePK19OHhQ\/VAGZZNEBLBI\/AAAAAAAACcY\/vBP3qM5uy5Q\/w314-h480-no\/FridaySynod17_314x480.jpg","datePublished":"2013-03-21T09:56:00+00:00","dateModified":"2020-04-06T20:32:01+00:00","breadcrumb":{"@id":"https:\/\/orthodoxalbania.org\/2020\/2013\/03\/21\/dekorate-nderimi-per-kryepiskopin-e-shqiperise-nga-kisha-e-anglise\/#breadcrumb"},"inLanguage":"en-US","potentialAction":[{"@type":"ReadAction","target":["https:\/\/orthodoxalbania.org\/2020\/2013\/03\/21\/dekorate-nderimi-per-kryepiskopin-e-shqiperise-nga-kisha-e-anglise\/"]}]},{"@type":"ImageObject","inLanguage":"en-US","@id":"https:\/\/orthodoxalbania.org\/2020\/2013\/03\/21\/dekorate-nderimi-per-kryepiskopin-e-shqiperise-nga-kisha-e-anglise\/#primaryimage","url":"https:\/\/lh4.googleusercontent.com\/-TOePK19OHhQ\/VAGZZNEBLBI\/AAAAAAAACcY\/vBP3qM5uy5Q\/w314-h480-no\/FridaySynod17_314x480.jpg","contentUrl":"https:\/\/lh4.googleusercontent.com\/-TOePK19OHhQ\/VAGZZNEBLBI\/AAAAAAAACcY\/vBP3qM5uy5Q\/w314-h480-no\/FridaySynod17_314x480.jpg"},{"@type":"BreadcrumbList","@id":"https:\/\/orthodoxalbania.org\/2020\/2013\/03\/21\/dekorate-nderimi-per-kryepiskopin-e-shqiperise-nga-kisha-e-anglise\/#breadcrumb","itemListElement":[{"@type":"ListItem","position":1,"name":"Home","item":"https:\/\/orthodoxalbania.org\/2020\/"},{"@type":"ListItem","position":2,"name":"Dekorat\u00eb nderimi p\u00ebr Kryepiskopin e Shqip\u00ebris\u00eb nga Kisha e Anglis\u00eb. (7 Korrik 2011)"}]},{"@type":"WebSite","@id":"https:\/\/orthodoxalbania.org\/2020\/#website","url":"https:\/\/orthodoxalbania.org\/2020\/","name":"Kisha Orthodh\u03bfkse Autoqefale e Shqip\u00ebris\u00eb","description":"Fqja Zyrtare e Kish\u00ebs Orthodhokse Autoqefale e Shqip\u00ebris\u00eb me lajmet edhe informacionet zyrtare p\u00ebr struktur\u00ebn edhe veprimtarin e saj.","publisher":{"@id":"https:\/\/orthodoxalbania.org\/2020\/#organization"},"potentialAction":[{"@type":"SearchAction","target":{"@type":"EntryPoint","urlTemplate":"https:\/\/orthodoxalbania.org\/2020\/?s={search_term_string}"},"query-input":{"@type":"PropertyValueSpecification","valueRequired":true,"valueName":"search_term_string"}}],"inLanguage":"en-US"},{"@type":"Organization","@id":"https:\/\/orthodoxalbania.org\/2020\/#organization","name":"Kisha Orthodhokse Autoqefale e Shqip\u00ebris\u00eb","url":"https:\/\/orthodoxalbania.org\/2020\/","logo":{"@type":"ImageObject","inLanguage":"en-US","@id":"https:\/\/orthodoxalbania.org\/2020\/#\/schema\/logo\/image\/","url":"https:\/\/orthodoxalbania.org\/2020\/wp-content\/uploads\/2020\/05\/albania.jpeg","contentUrl":"https:\/\/orthodoxalbania.org\/2020\/wp-content\/uploads\/2020\/05\/albania.jpeg","width":540,"height":540,"caption":"Kisha Orthodhokse Autoqefale e Shqip\u00ebris\u00eb"},"image":{"@id":"https:\/\/orthodoxalbania.org\/2020\/#\/schema\/logo\/image\/"},"sameAs":["https:\/\/www.facebook.com\/koash1991"]},{"@type":"Person","@id":"https:\/\/orthodoxalbania.org\/2020\/#\/schema\/person\/0c387634a7063ac612d7ed9ce71c7e86","name":"Kisha Orthodhokse","image":{"@type":"ImageObject","inLanguage":"en-US","@id":"https:\/\/secure.gravatar.com\/avatar\/596e7c417251e30f2fbb9c00e026fce61a695a00e51c889caded71c96cbbdde5?s=96&d=mm&r=g","url":"https:\/\/secure.gravatar.com\/avatar\/596e7c417251e30f2fbb9c00e026fce61a695a00e51c889caded71c96cbbdde5?s=96&d=mm&r=g","contentUrl":"https:\/\/secure.gravatar.com\/avatar\/596e7c417251e30f2fbb9c00e026fce61a695a00e51c889caded71c96cbbdde5?s=96&d=mm&r=g","caption":"Kisha Orthodhokse"}}]}},"_links":{"self":[{"href":"https:\/\/orthodoxalbania.org\/2020\/wp-json\/wp\/v2\/posts\/400","targetHints":{"allow":["GET"]}}],"collection":[{"href":"https:\/\/orthodoxalbania.org\/2020\/wp-json\/wp\/v2\/posts"}],"about":[{"href":"https:\/\/orthodoxalbania.org\/2020\/wp-json\/wp\/v2\/types\/post"}],"author":[{"embeddable":true,"href":"https:\/\/orthodoxalbania.org\/2020\/wp-json\/wp\/v2\/users\/1"}],"replies":[{"embeddable":true,"href":"https:\/\/orthodoxalbania.org\/2020\/wp-json\/wp\/v2\/comments?post=400"}],"version-history":[{"count":1,"href":"https:\/\/orthodoxalbania.org\/2020\/wp-json\/wp\/v2\/posts\/400\/revisions"}],"predecessor-version":[{"id":15375,"href":"https:\/\/orthodoxalbania.org\/2020\/wp-json\/wp\/v2\/posts\/400\/revisions\/15375"}],"wp:attachment":[{"href":"https:\/\/orthodoxalbania.org\/2020\/wp-json\/wp\/v2\/media?parent=400"}],"wp:term":[{"taxonomy":"category","embeddable":true,"href":"https:\/\/orthodoxalbania.org\/2020\/wp-json\/wp\/v2\/categories?post=400"},{"taxonomy":"post_tag","embeddable":true,"href":"https:\/\/orthodoxalbania.org\/2020\/wp-json\/wp\/v2\/tags?post=400"}],"curies":[{"name":"wp","href":"https:\/\/api.w.org\/{rel}","templated":true}]}}