{"id":3928,"date":"2015-05-21T11:03:26","date_gmt":"2015-05-21T11:03:26","guid":{"rendered":""},"modified":"2020-04-06T22:02:11","modified_gmt":"2020-04-06T20:02:11","slug":"kongresi-i-pare-nderkombetar-per-mjetet-digjitale-dhe-pimantikes-orthodhokse","status":"publish","type":"post","link":"https:\/\/orthodoxalbania.org\/2020\/2015\/05\/21\/kongresi-i-pare-nderkombetar-per-mjetet-digjitale-dhe-pimantikes-orthodhokse\/","title":{"rendered":"Kongresi i par\u00eb nd\u00ebrkomb\u00ebtar p\u00ebr mjetet digjitale dhe pimantik\u00ebs orthodhokse"},"content":{"rendered":"<div style=\"text-align: justify;\"> <\/div>\n<p style=\"text-align: justify;\"><span style=\"font-size: 12pt; font-family: helvetica; color: #000000;\">&nbsp;&nbsp;&nbsp; N\u00eb 7-9 maj u zhvillua n\u00eb hotelin Divani Apollon Palace, n\u00eb Glifadha t\u00eb Athin\u00ebs, Kongresi i par\u00eb nd\u00ebrkomb\u00ebtar i mjeteve digjitale dhe Pimantik\u00ebs Orthodhokse me titull: \u201cUj\u00eb i gjall\u00eb\u201d, q\u00eb u organizua nga revista digjitale \u201cPemtousia\u201d, n\u00eb bashk\u00ebpunim me portalet n\u00eb internet \u201cOrthodox Christian Network\u201d (SHBA) dhe \u201cBogoslov\u201d (Rusi). Kongresi u realizua n\u00ebn kujdesjen e T\u00ebr\u00ebshenjt\u00ebris\u00eb s\u00eb Tij, Patriarkut Ekumenik Vartholomeut dhe n\u00eb t\u00eb mor\u00ebn pjes\u00eb 75 specialist\u00eb t\u00eb k\u00ebsaj fushe, klerik\u00eb orthodhoks\u00eb dhe laik\u00eb, nga 21 vende. N\u00eb k\u00ebt\u00eb forum u p\u00ebrfaq\u00ebsuan t\u00eb gjitha Kishat Orthodhokse Autoqefale dhe Kishat autonome.<\/span><\/p>\n<p style=\"text-align: justify;\"><span style=\"font-size: 12pt; font-family: helvetica; color: #000000;\">&nbsp;&nbsp;&nbsp; Me k\u00ebt\u00eb rast u lexuan p\u00ebrsh\u00ebndetjet- mesazhe t\u00eb primat\u00ebve t\u00eb tyre. Kjo ngjarje v\u00ebrteton interesimin e shtuar t\u00eb bot\u00ebs Orthodhokse p\u00ebr \u00e7\u00ebshtjen e p\u00ebrdorimit t\u00eb mjeteve digjitale n\u00eb vepr\u00ebn pimantike t\u00eb Kish\u00ebs, por edhe unitetin ekumenik t\u00eb Kish\u00ebs Orthodhokse. Nga Kisha Orthodhokse Autoqefale e Shqip\u00ebris\u00eb n\u00eb veprimtari mori pjes\u00eb at\u00eb Harallamb Gjoka. Q\u00ebllimi i k\u00ebtij takimi ishte njohja e nd\u00ebrsjell\u00eb e personave q\u00eb punojn\u00eb n\u00eb Mjetet Orthodhokse Digjitale dhe koordinimi i p\u00ebrpjekjeve t\u00eb tyre p\u00ebr nj\u00eb p\u00ebrhapje sa m\u00eb t\u00eb efektshme t\u00eb Ungjillit, si dhe p\u00ebr implementimin e tradit\u00ebs orthodhokse t\u00eb krishter\u00eb tek \u00e7do njeri q\u00eb ka vullnet t\u00eb mir\u00eb.<\/span><\/p>\n<p style=\"text-align: justify;\">&nbsp;<\/p>\n<div style=\"text-align: justify;\"><span style=\"font-size: 12pt; font-family: helvetica; color: #000000;\"><\/span><\/div>\n<p style=\"text-align: center;\"><span style=\"font-size: 12pt; font-family: helvetica; color: #000000;\"><\/span><\/p>\n<p><span style=\"font-size: 12pt; font-family: helvetica; color: #000000;\"><img class=\"lazyload\" decoding=\"async\" style=\"width: 47px; height: 43px; text-align: center; display: block; margin-left: auto; margin-right: auto;\" alt=\"\" src=\"data:image\/gif;base64,R0lGODlhAQABAAAAACH5BAEKAAEALAAAAAABAAEAAAICTAEAOw==\" data-orig-src=\"https:\/\/lh5.googleusercontent.com\/-vSZ1-aG5kqM\/VV26pULYbJI\/AAAAAAAAEEg\/4ONyoa5yu7M\/w319-h288-no\/Untitled.png\" \/><\/span><\/p>\n<div style=\"text-align: center;\">\n<p><span style=\"font-size: 12pt; font-family: helvetica; color: #000000;\"><strong><em>\u2020 Anastasi &nbsp;<\/em><\/strong><strong><em>Kryepiskop i Tiran\u00ebs, Durr\u00ebsit dhe i Gjith\u00eb Shqip\u00ebris\u00eb<\/em><\/strong><\/span><\/p>\n<\/div>\n<div style=\"text-align: justify;\">\n<h2 style=\"text-align: center;\"><span style=\"font-size: 12pt; font-family: helvetica; color: #000000;\">P\u00ebrgjegjshm\u00ebri p\u00ebr p\u00ebrdorimin e drejt\u00eb t\u00eb mjeteve digjitale<\/span><\/h2>\n<div style=\"text-align: center;\"><span style=\"font-size: 12pt; font-family: helvetica; color: #000000;\">MESAZH- P\u00cbRSH\u00cbNDETJE<\/span><\/div>\n<div style=\"text-align: center;\">&nbsp;<\/div>\n<div style=\"text-align: center;\"><span style=\"font-size: 12pt; font-family: helvetica; color: #000000;\">P\u00ebr organizator\u00ebt dhe pjes\u00ebmarr\u00ebsit n\u00eb Kongresin e Par\u00eb t\u00eb Mjeteve Digjitale dhe Pimantik\u00ebs Orthodhokse<\/span><\/div>\n<div style=\"text-align: center;\"><span style=\"font-size: 12pt; font-family: helvetica; color: #000000;\">Athin\u00eb 7-9 maj 2015<\/span><\/div>\n<div style=\"text-align: center;\">&nbsp;<\/div>\n<\/div>\n<div style=\"text-align: justify;\">\n<div style=\"text-align: left;\">&nbsp;<\/div>\n<p><span style=\"font-size: 12pt; font-family: helvetica; color: #000000;\">&nbsp;&nbsp;&nbsp; Fort t\u00eb dashurit e mi, Krishti u Ngjall!<\/span><\/p>\n<p><span style=\"font-size: 12pt; font-family: helvetica; color: #000000;\">&nbsp;&nbsp;&nbsp; Hapat e shkenc\u00ebs dhe t\u00eb teknologjis\u00eb n\u00eb fush\u00ebn e mjeteve elektronike t\u00eb komunikimit po na \u00e7ojn\u00eb nga nj\u00eb \u00e7udi n\u00eb tjetr\u00ebn. Si pasoj\u00eb direkte, sikurse dihet, sot kemi lidhjen e shpejt\u00eb e njer\u00ebzve dhe t\u00eb popujve midis tyre, me tri karakteristika t\u00eb qarta: Shtrirje globale, shpejt\u00ebsi, leht\u00ebsi p\u00ebrdorimi. K\u00ebtu kemi t\u00eb b\u00ebjm\u00eb me nj\u00eb revolucion q\u00eb ndodh p\u00ebr her\u00eb t\u00eb par\u00eb n\u00eb m\u00ebnyr\u00ebn e p\u00ebrhapjes s\u00eb ideve, pakrahasueshm\u00ebrisht m\u00eb tep\u00ebr mbres\u00ebl\u00ebn\u00ebs dhe m\u00eb I shum\u00ebanshm\u00ebm edhe se nga zbulimi i shtypit. Interneti dhe \u00e7do gj\u00eb q\u00eb lidhet me p\u00ebrdorimin e tij (Facebook, Tweeter, Live Streaming, YouTube etj.) p\u00ebrshpejton dinamik\u00ebn e globalizimit, zgjidh problem t\u00eb shum\u00ebllojta, duke krijuar t\u00eb rinj.<\/span><\/p>\n<p>&nbsp;<span style=\"font-size: 12pt; font-family: helvetica; color: #000000;\">&nbsp; &nbsp; N\u00eb k\u00ebto kushte t\u00eb pajetuara m\u00eb par\u00eb, ne t\u00eb krishter\u00ebt q\u00ebndrojm\u00eb me admirim duke p\u00ebrs\u00ebritur; \u201cSa t\u00eb m\u00ebdha jan\u00eb veprat e tua, o Zot, t\u00eb gjitha i ke b\u00ebr\u00eb me urt\u00ebsi (PS.103:24), sepse e dim\u00eb se \u00e7do arritje e njeriut ka si origjin\u00eb dhuratat dhe mund\u00ebsit\u00eb q\u00eb i fali Krijuesi i urt\u00eb. Dhe se krijueshm\u00ebria njer\u00ebzore \u00ebsht\u00eb nj\u00eb shprehje tjet\u00ebr e cil\u00ebsive t\u00eb njeriut t\u00eb krijuar \u201csipas ikon\u00ebs s\u00eb Per\u00ebndis\u00eb\u201d.<\/span><\/p>\n<p>&nbsp;<span style=\"font-size: 12pt; font-family: helvetica; color: #000000;\">&nbsp;&nbsp;&nbsp; Admirimin duhet ta shoq\u00ebroj\u00eb p\u00ebrgjegjshm\u00ebria,p\u00ebr p\u00ebrdorimin e drejt\u00eb t\u00eb mjeteve dixhitale t\u00eb p\u00ebrhapjes s\u00eb fjal\u00ebs shp\u00ebtimtare t\u00eb Per\u00ebndis\u00eb t\u00eb dashuris\u00eb, q\u00eb k\u00ebto mjete t\u00eb reja t\u00eb mos b\u00ebhen n\u00eb m\u00ebnyr\u00eb eksluzive mjete t\u00eb cilat fuqizojn\u00eb m\u00eb tej p\u00ebshtjellimin, urrejtjen, korrupsionin, mjete q\u00eb mb\u00ebshtesin nj\u00eb globalizim t\u00eb padrejt\u00ebsis\u00eb, t\u00eb g\u00ebnjeshtr\u00ebs dhe t\u00eb konflikteve. Por t\u00eb vihen n\u00eb sh\u00ebrbim t\u00eb Ungjillit, duke kontribuar n\u00eb nj\u00eb globalizim t\u00eb solidaritetit, paqes dhe drejt\u00ebsis\u00eb. K\u00ebtu gjendet edhe sfida e jasht\u00ebzakonshme edhe p\u00ebr orthodhoks\u00ebt e shekullit t\u00eb 21-t\u00eb.Lavd\u00ebrojm\u00eb Per\u00ebndin\u00eb Triadik, sepse thuajse t\u00eb gjitha Kishat Autoqefale Orthodhokse kan\u00eb treguar tashm\u00eb nj\u00eb interes t\u00eb r\u00ebnd\u00ebsish\u00ebm p\u00ebr k\u00ebt\u00eb sektor. P\u00ebrsh\u00ebndesim dhe p\u00ebrg\u00ebzojm\u00eb nga zemra organizator\u00ebt dhe pjes\u00ebmarr\u00ebsit n\u00eb k\u00ebt\u00eb \u201cKongres Nd\u00ebrkomb\u00ebtar\u201d, iniciativ\u00ebn e t\u00eb cilit me mori \u201cPemptousia\u201d n\u00ebn p\u00ebrkujdesjene Patriarkut Ekumenik Vartholomeut.<\/span><\/p>\n<p>&nbsp;<span style=\"font-size: 12pt; font-family: helvetica; color: #000000;\">&nbsp;&nbsp;&nbsp; Mund\u00ebsit\u00eb e reja q\u00eb ofrohen, \u00ebsht\u00eb nevoj\u00eb imperative t\u00eb vler\u00ebsohen drejt ve\u00e7an\u00ebrisht n\u00eb dy drejtime: N\u00eb unitetin e orthodhoksis\u00eb dhe n\u00eb d\u00ebshmin\u00eb e saj apostolike n\u00eb Bot\u00ebn e sotme. Si\u00e7 edhe u theksua n\u00eb mesazhet e dy Mbledhjeve t\u00eb fundit t\u00eb Primat\u00ebve t\u00eb Kishave Orthodhokse n\u00eb Konstandinopoj\u00eb, k\u00ebto t\u00eb dyja ngelen tema qendrore p\u00ebr Orthodhoksin\u00eb moderne. Mjetet dixhitale ftohen t\u00eb ofrojn\u00eb, p\u00ebrtej lajmeve, kontribut esencial n\u00eb fush\u00ebn e Pimantik\u00ebs dhe t\u00eb Theologjis\u00eb, p\u00ebr thellim n\u00eb kuptimin e shp\u00ebtimit m\u00eb Krishtin dhe p\u00ebrjetimin e Ungjillit n\u00eb kushtet e reja t\u00eb krijuara.<\/span><\/p>\n<p>&nbsp;<span style=\"font-size: 12pt; font-family: helvetica; color: #000000;\">&nbsp;&nbsp;&nbsp; Sfida e dyt\u00eb e madhe \u00ebsht\u00eb t\u00eb p\u00ebrdoren sakt\u00eb p\u00ebr d\u00ebshmin\u00eb e Orthodhoksis\u00eb n\u00eb bot\u00ebn e sotme. S\u00eb pari, p\u00ebr riungjillizimin e bashk\u00ebnjer\u00ebzve tan\u00eb, q\u00eb jan\u00eb zhytur n\u00eb padituri dhen\u00eb indiferenc\u00eb. S\u00eb dyti, p\u00ebr p\u00ebrhapjen e mesazhit orthodhoks n\u00eb ambiente t\u00eb reja. Kur Krishti i Ngjallur u dha apostujve porosin\u00eb e fundit t\u00eb tij, \u201cShkoni, m\u00ebsoni t\u00eb gjitha kombet\u201d (Matth.28:19), ata p\u00ebrdor\u00ebn mjetet e l\u00ebvizjes dhe t\u00eb komunikimit t\u00eb asaj epoke p\u00ebr t\u00eb kryer vepr\u00ebn e tyre: ecje n\u00eb k\u00ebmb\u00eb, karroca, anije, letra etj. Sot shtohen mund\u00ebsi t\u00eb reja. Porosia \u201cShkoni\u2026\u201d ngelet gjithnj\u00eb po ajo: Ecni p\u00ebrpara, transmetoni mesazhin shp\u00ebtimtar edhe n\u00eb zona t\u00eb tjera qytet\u00ebrimi. Kemi nevoj\u00eb p\u00ebr nj\u00eb dalje jasht\u00eb interesave tona q\u00eb kufizohen tek vetja jon\u00eb, enoria jon\u00eb, Kisha jon\u00eb lokale, duke pasur si horizont ekumenin, \u201ct\u00eb gjitha kombet\u201d. N\u00eb fund, duhet t\u00eb kemi kujdes q\u00eb t\u00eb mos p\u00ebrthithemi nga kopertina, nga paraqitja e jashtme e website-ve. Ajo q\u00eb \u00ebsht\u00eb e vyer, vazhdon t\u00eb ngelet p\u00ebrmbajtja e mesazhit. Dhe q\u00eb t\u2019ia dalim mban\u00eb k\u00ebsaj, duhet q\u00eb p\u00ebrpjekja t\u00eb b\u00ebhet me studim serioz, p\u00ebrul\u00ebsi, lutje, si shprehje e dashuris\u00eb p\u00ebr Per\u00ebndin\u00eb dhe p\u00ebr marr\u00ebsit. Si nj\u00eb liturgji mistike, q\u00eb vazhdimisht frym\u00ebzohet nga Liturgjia Hyjnore. Uroj me t\u00eb gjith\u00eb shpirtin, fryte t\u00eb pasura n\u00eb punimet e Kongresit, si edhe n\u00eb pun\u00ebt e \u00e7do pjes\u00ebmarr\u00ebsi t\u00eb tij, bashk\u00ebpunim krijues midis t\u00eb gjith\u00ebve ju n\u00eb n\u00eb t\u00eb ardhmen. \u201cPer\u00ebndia i \u00e7do hiri\u2026 ai ju b\u00ebft\u00eb t\u00eb p\u00ebrsosur, ju forcoft\u00eb, ju dh\u00ebnt\u00eb fuqi, ju themelost\u00eb. Atij i qoft\u00eb lavdia dhe pushteti n\u00eb jet\u00eb t\u00eb jet\u00ebve. Amin\u201d (1Petr.5:10).&nbsp;<\/span><\/p>\n<p><span style=\"font-size: 12pt; font-family: helvetica; color: #000000;\"><\/span><\/p>\n<p>&nbsp;<\/p>\n<p style=\"text-align: center;\"><span style=\"font-size: 12pt; font-family: helvetica; color: #000000;\">Me dashuri t\u00eb t\u00ebr\u00ebshpirtshme n\u00eb Krishtin e Ngjallur<\/span><\/p>\n<p style=\"text-align: center;\"><strong><span style=\"font-size: 12pt; font-family: helvetica; color: #000000;\">\u2020 Anastasi<\/span><\/strong><\/p>\n<\/div>\n<div style=\"text-align: justify;\">&nbsp;<\/div>\n<div><img class=\"lazyload\" decoding=\"async\" style=\"display: block; margin-left: auto; margin-right: auto; margin-top: 10px; border: 1px solid #000000;\" alt=\"\" src=\"data:image\/gif;base64,R0lGODlhAQABAAAAACH5BAEKAAEALAAAAAABAAEAAAICTAEAOw==\" data-orig-src=\"https:\/\/lh6.googleusercontent.com\/-u0NbGqS7aK8\/VV22hE_9yJI\/AAAAAAAAEDM\/NS9LZkG-R_U\/w948-h533-no\/digital-tunnel-wallpaper12.jpg\" \/><\/div>\n<div>&nbsp;<\/div>\n<div><img class=\"lazyload\" decoding=\"async\" style=\"display: block; margin-left: auto; margin-right: auto; margin-top: 10px; border: 1px solid #000000;\" alt=\"\" src=\"data:image\/gif;base64,R0lGODlhAQABAAAAACH5BAEKAAEALAAAAAABAAEAAAICTAEAOw==\" data-orig-src=\"https:\/\/lh4.googleusercontent.com\/-uEr_ZB7IaBw\/VV229VhfW3I\/AAAAAAAAEEI\/rfE9pAk7mDY\/w799-h533-no\/IMG_0014-1024x683.jpg\" \/><\/div>\n<div>&nbsp;<\/div>\n<div><img class=\"lazyload\" decoding=\"async\" style=\"display: block; margin-left: auto; margin-right: auto; margin-top: 10px; border: 1px solid #000000;\" alt=\"\" src=\"data:image\/gif;base64,R0lGODlhAQABAAAAACH5BAEKAAEALAAAAAABAAEAAAICTAEAOw==\" data-orig-src=\"https:\/\/lh4.googleusercontent.com\/-yMtJI2W5BeQ\/VV229foL-tI\/AAAAAAAAEDo\/mDbuAtEXFZU\/w799-h533-no\/IMG_0070.jpg\" \/><\/div>\n<div style=\"text-align: justify;\">&nbsp;<\/div>\n<div><img class=\"lazyload\" decoding=\"async\" style=\"display: block; margin-left: auto; margin-right: auto; margin-top: 10px; border: 1px solid #000000;\" alt=\"\" src=\"data:image\/gif;base64,R0lGODlhAQABAAAAACH5BAEKAAEALAAAAAABAAEAAAICTAEAOw==\" data-orig-src=\"https:\/\/lh4.googleusercontent.com\/-QnKcIiNMh-o\/VV2299s2nKI\/AAAAAAAAEEQ\/lKh7dyB_mjA\/w799-h533-no\/IMG_0159.jpg\" \/><\/div>\n<div>&nbsp;<\/div>\n<div><img class=\"lazyload\" decoding=\"async\" style=\"display: block; margin-left: auto; margin-right: auto; margin-top: 10px; border: 1px solid #000000;\" alt=\"\" src=\"data:image\/gif;base64,R0lGODlhAQABAAAAACH5BAEKAAEALAAAAAABAAEAAAICTAEAOw==\" data-orig-src=\"https:\/\/lh3.googleusercontent.com\/-ezW_5edXD2o\/VV22-LMHXHI\/AAAAAAAAED0\/e0bhj-dP88U\/w356-h533-no\/IMG_0167.jpg\" \/><\/div>\n<div>&nbsp;<\/div>\n<div><img class=\"lazyload\" decoding=\"async\" style=\"display: block; margin-left: auto; margin-right: auto; margin-top: 10px; border: 1px solid #000000;\" alt=\"\" src=\"data:image\/gif;base64,R0lGODlhAQABAAAAACH5BAEKAAEALAAAAAABAAEAAAICTAEAOw==\" data-orig-src=\"https:\/\/lh3.googleusercontent.com\/-ngbZzOCxuzA\/VV22-hLNDjI\/AAAAAAAAED4\/ok9h4kf0GPA\/w356-h533-no\/IMG_0192.jpg\" \/><\/div>\n<div>&nbsp;<\/div>\n<div><img class=\"lazyload\" decoding=\"async\" style=\"display: block; margin-left: auto; margin-right: auto; margin-top: 10px; border: 1px solid #000000;\" alt=\"\" src=\"data:image\/gif;base64,R0lGODlhAQABAAAAACH5BAEKAAEALAAAAAABAAEAAAICTAEAOw==\" data-orig-src=\"https:\/\/lh4.googleusercontent.com\/-hJJpEJ344ak\/VV22_DaoceI\/AAAAAAAAEEA\/owxZ6R2wESA\/w362-h533-no\/IMG_0242.jpg\" \/><\/div>\n<div style=\"text-align: justify;\">&nbsp;<\/div>\n<div style=\"text-align: justify;\">&nbsp;<\/div>\n","protected":false},"excerpt":{"rendered":"<p>&nbsp;&nbsp;&nbsp; N\u00eb 7-9 maj u zhvillua n\u00eb hotelin Divani Apollon Palace, n\u00eb Glifadha t\u00eb Athin\u00ebs, Kongresi i par\u00eb nd\u00ebrkomb\u00ebtar i mjeteve digjitale dhe Pimantik\u00ebs Orthodhokse me titull: \u201cUj\u00eb i gjall\u00eb\u201d, q\u00eb u organizua nga revista digjitale \u201cPemtousia\u201d, n\u00eb bashk\u00ebpunim me portalet n\u00eb internet \u201cOrthodox Christian Network\u201d (SHBA) dhe \u201cBogoslov\u201d (Rusi). Kongresi u realizua n\u00ebn kujdesjen e T\u00ebr\u00ebshenjt\u00ebris\u00eb s\u00eb Tij, Patriarkut Ekumenik Vartholomeut dhe n\u00eb t\u00eb<\/p>\n","protected":false},"author":14,"featured_media":3929,"comment_status":"open","ping_status":"open","sticky":false,"template":"","format":"standard","meta":{"_acf_changed":false,"pagelayer_contact_templates":[],"_pagelayer_content":"","inline_featured_image":false,"fifu_image_url":"","fifu_image_alt":"","footnotes":""},"categories":[108],"tags":[139,172,201,212],"class_list":["post-3928","post","type-post","status-publish","format-standard","has-post-thumbnail","hentry","category-lajme","tag-139","tag-konferenca","tag-kryepiskopi-anastas","tag-lajme-d27"],"acf":[],"yoast_head":"<!-- This site is optimized with the Yoast SEO plugin v27.2 - https:\/\/yoast.com\/product\/yoast-seo-wordpress\/ -->\n<title>Kongresi i par\u00eb nd\u00ebrkomb\u00ebtar p\u00ebr mjetet digjitale dhe pimantik\u00ebs orthodhokse - Kisha Orthodh\u03bfkse Autoqefale e Shqip\u00ebris\u00eb<\/title>\n<meta name=\"robots\" content=\"index, follow, max-snippet:-1, max-image-preview:large, max-video-preview:-1\" \/>\n<link rel=\"canonical\" href=\"https:\/\/orthodoxalbania.org\/2020\/2015\/05\/21\/kongresi-i-pare-nderkombetar-per-mjetet-digjitale-dhe-pimantikes-orthodhokse\/\" \/>\n<meta property=\"og:locale\" content=\"en_US\" \/>\n<meta property=\"og:type\" content=\"article\" \/>\n<meta property=\"og:title\" content=\"Kongresi i par\u00eb nd\u00ebrkomb\u00ebtar p\u00ebr mjetet digjitale dhe pimantik\u00ebs orthodhokse - Kisha Orthodh\u03bfkse Autoqefale e Shqip\u00ebris\u00eb\" \/>\n<meta property=\"og:description\" content=\"&nbsp;&nbsp;&nbsp; N\u00eb 7-9 maj u zhvillua n\u00eb hotelin Divani Apollon Palace, n\u00eb Glifadha t\u00eb Athin\u00ebs, Kongresi i par\u00eb nd\u00ebrkomb\u00ebtar i mjeteve digjitale dhe Pimantik\u00ebs Orthodhokse me titull: \u201cUj\u00eb i gjall\u00eb\u201d, q\u00eb u organizua nga revista digjitale \u201cPemtousia\u201d, n\u00eb bashk\u00ebpunim me portalet n\u00eb internet \u201cOrthodox Christian Network\u201d (SHBA) dhe \u201cBogoslov\u201d (Rusi). Kongresi u realizua n\u00ebn kujdesjen e T\u00ebr\u00ebshenjt\u00ebris\u00eb s\u00eb Tij, Patriarkut Ekumenik Vartholomeut dhe n\u00eb t\u00eb\" \/>\n<meta property=\"og:url\" content=\"https:\/\/orthodoxalbania.org\/2020\/2015\/05\/21\/kongresi-i-pare-nderkombetar-per-mjetet-digjitale-dhe-pimantikes-orthodhokse\/\" \/>\n<meta property=\"og:site_name\" content=\"Kisha Orthodh\u03bfkse Autoqefale e Shqip\u00ebris\u00eb\" \/>\n<meta property=\"article:publisher\" content=\"https:\/\/www.facebook.com\/koash1991\" \/>\n<meta property=\"article:published_time\" content=\"2015-05-21T11:03:26+00:00\" \/>\n<meta property=\"article:modified_time\" content=\"2020-04-06T20:02:11+00:00\" \/>\n<meta property=\"og:image\" content=\"https:\/\/orthodoxalbania.org\/2020\/wp-content\/uploads\/2020\/04\/digital-tunnel-wallpaper12.jpg\" \/>\n\t<meta property=\"og:image:width\" content=\"948\" \/>\n\t<meta property=\"og:image:height\" content=\"533\" \/>\n\t<meta property=\"og:image:type\" content=\"image\/jpeg\" \/>\n<meta name=\"author\" content=\"neo_admin\" \/>\n<meta name=\"twitter:card\" content=\"summary_large_image\" \/>\n<meta name=\"twitter:label1\" content=\"Written by\" \/>\n\t<meta name=\"twitter:data1\" content=\"neo_admin\" \/>\n\t<meta name=\"twitter:label2\" content=\"Est. reading time\" \/>\n\t<meta name=\"twitter:data2\" content=\"6 minutes\" \/>\n<script type=\"application\/ld+json\" class=\"yoast-schema-graph\">{\"@context\":\"https:\/\/schema.org\",\"@graph\":[{\"@type\":\"Article\",\"@id\":\"https:\/\/orthodoxalbania.org\/2020\/2015\/05\/21\/kongresi-i-pare-nderkombetar-per-mjetet-digjitale-dhe-pimantikes-orthodhokse\/#article\",\"isPartOf\":{\"@id\":\"https:\/\/orthodoxalbania.org\/2020\/2015\/05\/21\/kongresi-i-pare-nderkombetar-per-mjetet-digjitale-dhe-pimantikes-orthodhokse\/\"},\"author\":{\"name\":\"neo_admin\",\"@id\":\"https:\/\/orthodoxalbania.org\/2020\/#\/schema\/person\/dd2bdc135b53c60d45b8bb329565cf6d\"},\"headline\":\"Kongresi i par\u00eb nd\u00ebrkomb\u00ebtar p\u00ebr mjetet digjitale dhe pimantik\u00ebs orthodhokse\",\"datePublished\":\"2015-05-21T11:03:26+00:00\",\"dateModified\":\"2020-04-06T20:02:11+00:00\",\"mainEntityOfPage\":{\"@id\":\"https:\/\/orthodoxalbania.org\/2020\/2015\/05\/21\/kongresi-i-pare-nderkombetar-per-mjetet-digjitale-dhe-pimantikes-orthodhokse\/\"},\"wordCount\":1141,\"commentCount\":0,\"publisher\":{\"@id\":\"https:\/\/orthodoxalbania.org\/2020\/#organization\"},\"image\":{\"@id\":\"https:\/\/orthodoxalbania.org\/2020\/2015\/05\/21\/kongresi-i-pare-nderkombetar-per-mjetet-digjitale-dhe-pimantikes-orthodhokse\/#primaryimage\"},\"thumbnailUrl\":\"https:\/\/orthodoxalbania.org\/2020\/wp-content\/uploads\/2020\/04\/digital-tunnel-wallpaper12.jpg\",\"keywords\":[\"2015\",\"Konferenca\",\"Kryepiskopi Anastas\",\"lajme\"],\"articleSection\":[\"Lajme\"],\"inLanguage\":\"en-US\"},{\"@type\":\"WebPage\",\"@id\":\"https:\/\/orthodoxalbania.org\/2020\/2015\/05\/21\/kongresi-i-pare-nderkombetar-per-mjetet-digjitale-dhe-pimantikes-orthodhokse\/\",\"url\":\"https:\/\/orthodoxalbania.org\/2020\/2015\/05\/21\/kongresi-i-pare-nderkombetar-per-mjetet-digjitale-dhe-pimantikes-orthodhokse\/\",\"name\":\"Kongresi i par\u00eb nd\u00ebrkomb\u00ebtar p\u00ebr mjetet digjitale dhe pimantik\u00ebs orthodhokse - Kisha Orthodh\u03bfkse Autoqefale e Shqip\u00ebris\u00eb\",\"isPartOf\":{\"@id\":\"https:\/\/orthodoxalbania.org\/2020\/#website\"},\"primaryImageOfPage\":{\"@id\":\"https:\/\/orthodoxalbania.org\/2020\/2015\/05\/21\/kongresi-i-pare-nderkombetar-per-mjetet-digjitale-dhe-pimantikes-orthodhokse\/#primaryimage\"},\"image\":{\"@id\":\"https:\/\/orthodoxalbania.org\/2020\/2015\/05\/21\/kongresi-i-pare-nderkombetar-per-mjetet-digjitale-dhe-pimantikes-orthodhokse\/#primaryimage\"},\"thumbnailUrl\":\"https:\/\/orthodoxalbania.org\/2020\/wp-content\/uploads\/2020\/04\/digital-tunnel-wallpaper12.jpg\",\"datePublished\":\"2015-05-21T11:03:26+00:00\",\"dateModified\":\"2020-04-06T20:02:11+00:00\",\"breadcrumb\":{\"@id\":\"https:\/\/orthodoxalbania.org\/2020\/2015\/05\/21\/kongresi-i-pare-nderkombetar-per-mjetet-digjitale-dhe-pimantikes-orthodhokse\/#breadcrumb\"},\"inLanguage\":\"en-US\",\"potentialAction\":[{\"@type\":\"ReadAction\",\"target\":[\"https:\/\/orthodoxalbania.org\/2020\/2015\/05\/21\/kongresi-i-pare-nderkombetar-per-mjetet-digjitale-dhe-pimantikes-orthodhokse\/\"]}]},{\"@type\":\"ImageObject\",\"inLanguage\":\"en-US\",\"@id\":\"https:\/\/orthodoxalbania.org\/2020\/2015\/05\/21\/kongresi-i-pare-nderkombetar-per-mjetet-digjitale-dhe-pimantikes-orthodhokse\/#primaryimage\",\"url\":\"https:\/\/orthodoxalbania.org\/2020\/wp-content\/uploads\/2020\/04\/digital-tunnel-wallpaper12.jpg\",\"contentUrl\":\"https:\/\/orthodoxalbania.org\/2020\/wp-content\/uploads\/2020\/04\/digital-tunnel-wallpaper12.jpg\",\"width\":948,\"height\":533},{\"@type\":\"BreadcrumbList\",\"@id\":\"https:\/\/orthodoxalbania.org\/2020\/2015\/05\/21\/kongresi-i-pare-nderkombetar-per-mjetet-digjitale-dhe-pimantikes-orthodhokse\/#breadcrumb\",\"itemListElement\":[{\"@type\":\"ListItem\",\"position\":1,\"name\":\"Home\",\"item\":\"https:\/\/orthodoxalbania.org\/2020\/\"},{\"@type\":\"ListItem\",\"position\":2,\"name\":\"Kongresi i par\u00eb nd\u00ebrkomb\u00ebtar p\u00ebr mjetet digjitale dhe pimantik\u00ebs orthodhokse\"}]},{\"@type\":\"WebSite\",\"@id\":\"https:\/\/orthodoxalbania.org\/2020\/#website\",\"url\":\"https:\/\/orthodoxalbania.org\/2020\/\",\"name\":\"Kisha Orthodh\u03bfkse Autoqefale e Shqip\u00ebris\u00eb\",\"description\":\"Fqja Zyrtare e Kish\u00ebs Orthodhokse Autoqefale e Shqip\u00ebris\u00eb me lajmet edhe informacionet zyrtare p\u00ebr struktur\u00ebn edhe veprimtarin e saj.\",\"publisher\":{\"@id\":\"https:\/\/orthodoxalbania.org\/2020\/#organization\"},\"potentialAction\":[{\"@type\":\"SearchAction\",\"target\":{\"@type\":\"EntryPoint\",\"urlTemplate\":\"https:\/\/orthodoxalbania.org\/2020\/?s={search_term_string}\"},\"query-input\":{\"@type\":\"PropertyValueSpecification\",\"valueRequired\":true,\"valueName\":\"search_term_string\"}}],\"inLanguage\":\"en-US\"},{\"@type\":\"Organization\",\"@id\":\"https:\/\/orthodoxalbania.org\/2020\/#organization\",\"name\":\"Kisha Orthodhokse Autoqefale e Shqip\u00ebris\u00eb\",\"url\":\"https:\/\/orthodoxalbania.org\/2020\/\",\"logo\":{\"@type\":\"ImageObject\",\"inLanguage\":\"en-US\",\"@id\":\"https:\/\/orthodoxalbania.org\/2020\/#\/schema\/logo\/image\/\",\"url\":\"https:\/\/orthodoxalbania.org\/2020\/wp-content\/uploads\/2020\/05\/albania.jpeg\",\"contentUrl\":\"https:\/\/orthodoxalbania.org\/2020\/wp-content\/uploads\/2020\/05\/albania.jpeg\",\"width\":540,\"height\":540,\"caption\":\"Kisha Orthodhokse Autoqefale e Shqip\u00ebris\u00eb\"},\"image\":{\"@id\":\"https:\/\/orthodoxalbania.org\/2020\/#\/schema\/logo\/image\/\"},\"sameAs\":[\"https:\/\/www.facebook.com\/koash1991\"]},{\"@type\":\"Person\",\"@id\":\"https:\/\/orthodoxalbania.org\/2020\/#\/schema\/person\/dd2bdc135b53c60d45b8bb329565cf6d\",\"name\":\"neo_admin\",\"image\":{\"@type\":\"ImageObject\",\"inLanguage\":\"en-US\",\"@id\":\"https:\/\/secure.gravatar.com\/avatar\/53e6cdc30765aade0129f85e5aeb50124b1d3f5bb9a70373be31e4eb328371e0?s=96&d=mm&r=g\",\"url\":\"https:\/\/secure.gravatar.com\/avatar\/53e6cdc30765aade0129f85e5aeb50124b1d3f5bb9a70373be31e4eb328371e0?s=96&d=mm&r=g\",\"contentUrl\":\"https:\/\/secure.gravatar.com\/avatar\/53e6cdc30765aade0129f85e5aeb50124b1d3f5bb9a70373be31e4eb328371e0?s=96&d=mm&r=g\",\"caption\":\"neo_admin\"}}]}<\/script>\n<!-- \/ Yoast SEO plugin. -->","yoast_head_json":{"title":"Kongresi i par\u00eb nd\u00ebrkomb\u00ebtar p\u00ebr mjetet digjitale dhe pimantik\u00ebs orthodhokse - Kisha Orthodh\u03bfkse Autoqefale e Shqip\u00ebris\u00eb","robots":{"index":"index","follow":"follow","max-snippet":"max-snippet:-1","max-image-preview":"max-image-preview:large","max-video-preview":"max-video-preview:-1"},"canonical":"https:\/\/orthodoxalbania.org\/2020\/2015\/05\/21\/kongresi-i-pare-nderkombetar-per-mjetet-digjitale-dhe-pimantikes-orthodhokse\/","og_locale":"en_US","og_type":"article","og_title":"Kongresi i par\u00eb nd\u00ebrkomb\u00ebtar p\u00ebr mjetet digjitale dhe pimantik\u00ebs orthodhokse - Kisha Orthodh\u03bfkse Autoqefale e Shqip\u00ebris\u00eb","og_description":"&nbsp;&nbsp;&nbsp; N\u00eb 7-9 maj u zhvillua n\u00eb hotelin Divani Apollon Palace, n\u00eb Glifadha t\u00eb Athin\u00ebs, Kongresi i par\u00eb nd\u00ebrkomb\u00ebtar i mjeteve digjitale dhe Pimantik\u00ebs Orthodhokse me titull: \u201cUj\u00eb i gjall\u00eb\u201d, q\u00eb u organizua nga revista digjitale \u201cPemtousia\u201d, n\u00eb bashk\u00ebpunim me portalet n\u00eb internet \u201cOrthodox Christian Network\u201d (SHBA) dhe \u201cBogoslov\u201d (Rusi). Kongresi u realizua n\u00ebn kujdesjen e T\u00ebr\u00ebshenjt\u00ebris\u00eb s\u00eb Tij, Patriarkut Ekumenik Vartholomeut dhe n\u00eb t\u00eb","og_url":"https:\/\/orthodoxalbania.org\/2020\/2015\/05\/21\/kongresi-i-pare-nderkombetar-per-mjetet-digjitale-dhe-pimantikes-orthodhokse\/","og_site_name":"Kisha Orthodh\u03bfkse Autoqefale e Shqip\u00ebris\u00eb","article_publisher":"https:\/\/www.facebook.com\/koash1991","article_published_time":"2015-05-21T11:03:26+00:00","article_modified_time":"2020-04-06T20:02:11+00:00","og_image":[{"width":948,"height":533,"url":"https:\/\/orthodoxalbania.org\/2020\/wp-content\/uploads\/2020\/04\/digital-tunnel-wallpaper12.jpg","type":"image\/jpeg"}],"author":"neo_admin","twitter_card":"summary_large_image","twitter_misc":{"Written by":"neo_admin","Est. reading time":"6 minutes"},"schema":{"@context":"https:\/\/schema.org","@graph":[{"@type":"Article","@id":"https:\/\/orthodoxalbania.org\/2020\/2015\/05\/21\/kongresi-i-pare-nderkombetar-per-mjetet-digjitale-dhe-pimantikes-orthodhokse\/#article","isPartOf":{"@id":"https:\/\/orthodoxalbania.org\/2020\/2015\/05\/21\/kongresi-i-pare-nderkombetar-per-mjetet-digjitale-dhe-pimantikes-orthodhokse\/"},"author":{"name":"neo_admin","@id":"https:\/\/orthodoxalbania.org\/2020\/#\/schema\/person\/dd2bdc135b53c60d45b8bb329565cf6d"},"headline":"Kongresi i par\u00eb nd\u00ebrkomb\u00ebtar p\u00ebr mjetet digjitale dhe pimantik\u00ebs orthodhokse","datePublished":"2015-05-21T11:03:26+00:00","dateModified":"2020-04-06T20:02:11+00:00","mainEntityOfPage":{"@id":"https:\/\/orthodoxalbania.org\/2020\/2015\/05\/21\/kongresi-i-pare-nderkombetar-per-mjetet-digjitale-dhe-pimantikes-orthodhokse\/"},"wordCount":1141,"commentCount":0,"publisher":{"@id":"https:\/\/orthodoxalbania.org\/2020\/#organization"},"image":{"@id":"https:\/\/orthodoxalbania.org\/2020\/2015\/05\/21\/kongresi-i-pare-nderkombetar-per-mjetet-digjitale-dhe-pimantikes-orthodhokse\/#primaryimage"},"thumbnailUrl":"https:\/\/orthodoxalbania.org\/2020\/wp-content\/uploads\/2020\/04\/digital-tunnel-wallpaper12.jpg","keywords":["2015","Konferenca","Kryepiskopi Anastas","lajme"],"articleSection":["Lajme"],"inLanguage":"en-US"},{"@type":"WebPage","@id":"https:\/\/orthodoxalbania.org\/2020\/2015\/05\/21\/kongresi-i-pare-nderkombetar-per-mjetet-digjitale-dhe-pimantikes-orthodhokse\/","url":"https:\/\/orthodoxalbania.org\/2020\/2015\/05\/21\/kongresi-i-pare-nderkombetar-per-mjetet-digjitale-dhe-pimantikes-orthodhokse\/","name":"Kongresi i par\u00eb nd\u00ebrkomb\u00ebtar p\u00ebr mjetet digjitale dhe pimantik\u00ebs orthodhokse - Kisha Orthodh\u03bfkse Autoqefale e Shqip\u00ebris\u00eb","isPartOf":{"@id":"https:\/\/orthodoxalbania.org\/2020\/#website"},"primaryImageOfPage":{"@id":"https:\/\/orthodoxalbania.org\/2020\/2015\/05\/21\/kongresi-i-pare-nderkombetar-per-mjetet-digjitale-dhe-pimantikes-orthodhokse\/#primaryimage"},"image":{"@id":"https:\/\/orthodoxalbania.org\/2020\/2015\/05\/21\/kongresi-i-pare-nderkombetar-per-mjetet-digjitale-dhe-pimantikes-orthodhokse\/#primaryimage"},"thumbnailUrl":"https:\/\/orthodoxalbania.org\/2020\/wp-content\/uploads\/2020\/04\/digital-tunnel-wallpaper12.jpg","datePublished":"2015-05-21T11:03:26+00:00","dateModified":"2020-04-06T20:02:11+00:00","breadcrumb":{"@id":"https:\/\/orthodoxalbania.org\/2020\/2015\/05\/21\/kongresi-i-pare-nderkombetar-per-mjetet-digjitale-dhe-pimantikes-orthodhokse\/#breadcrumb"},"inLanguage":"en-US","potentialAction":[{"@type":"ReadAction","target":["https:\/\/orthodoxalbania.org\/2020\/2015\/05\/21\/kongresi-i-pare-nderkombetar-per-mjetet-digjitale-dhe-pimantikes-orthodhokse\/"]}]},{"@type":"ImageObject","inLanguage":"en-US","@id":"https:\/\/orthodoxalbania.org\/2020\/2015\/05\/21\/kongresi-i-pare-nderkombetar-per-mjetet-digjitale-dhe-pimantikes-orthodhokse\/#primaryimage","url":"https:\/\/orthodoxalbania.org\/2020\/wp-content\/uploads\/2020\/04\/digital-tunnel-wallpaper12.jpg","contentUrl":"https:\/\/orthodoxalbania.org\/2020\/wp-content\/uploads\/2020\/04\/digital-tunnel-wallpaper12.jpg","width":948,"height":533},{"@type":"BreadcrumbList","@id":"https:\/\/orthodoxalbania.org\/2020\/2015\/05\/21\/kongresi-i-pare-nderkombetar-per-mjetet-digjitale-dhe-pimantikes-orthodhokse\/#breadcrumb","itemListElement":[{"@type":"ListItem","position":1,"name":"Home","item":"https:\/\/orthodoxalbania.org\/2020\/"},{"@type":"ListItem","position":2,"name":"Kongresi i par\u00eb nd\u00ebrkomb\u00ebtar p\u00ebr mjetet digjitale dhe pimantik\u00ebs orthodhokse"}]},{"@type":"WebSite","@id":"https:\/\/orthodoxalbania.org\/2020\/#website","url":"https:\/\/orthodoxalbania.org\/2020\/","name":"Kisha Orthodh\u03bfkse Autoqefale e Shqip\u00ebris\u00eb","description":"Fqja Zyrtare e Kish\u00ebs Orthodhokse Autoqefale e Shqip\u00ebris\u00eb me lajmet edhe informacionet zyrtare p\u00ebr struktur\u00ebn edhe veprimtarin e saj.","publisher":{"@id":"https:\/\/orthodoxalbania.org\/2020\/#organization"},"potentialAction":[{"@type":"SearchAction","target":{"@type":"EntryPoint","urlTemplate":"https:\/\/orthodoxalbania.org\/2020\/?s={search_term_string}"},"query-input":{"@type":"PropertyValueSpecification","valueRequired":true,"valueName":"search_term_string"}}],"inLanguage":"en-US"},{"@type":"Organization","@id":"https:\/\/orthodoxalbania.org\/2020\/#organization","name":"Kisha Orthodhokse Autoqefale e Shqip\u00ebris\u00eb","url":"https:\/\/orthodoxalbania.org\/2020\/","logo":{"@type":"ImageObject","inLanguage":"en-US","@id":"https:\/\/orthodoxalbania.org\/2020\/#\/schema\/logo\/image\/","url":"https:\/\/orthodoxalbania.org\/2020\/wp-content\/uploads\/2020\/05\/albania.jpeg","contentUrl":"https:\/\/orthodoxalbania.org\/2020\/wp-content\/uploads\/2020\/05\/albania.jpeg","width":540,"height":540,"caption":"Kisha Orthodhokse Autoqefale e Shqip\u00ebris\u00eb"},"image":{"@id":"https:\/\/orthodoxalbania.org\/2020\/#\/schema\/logo\/image\/"},"sameAs":["https:\/\/www.facebook.com\/koash1991"]},{"@type":"Person","@id":"https:\/\/orthodoxalbania.org\/2020\/#\/schema\/person\/dd2bdc135b53c60d45b8bb329565cf6d","name":"neo_admin","image":{"@type":"ImageObject","inLanguage":"en-US","@id":"https:\/\/secure.gravatar.com\/avatar\/53e6cdc30765aade0129f85e5aeb50124b1d3f5bb9a70373be31e4eb328371e0?s=96&d=mm&r=g","url":"https:\/\/secure.gravatar.com\/avatar\/53e6cdc30765aade0129f85e5aeb50124b1d3f5bb9a70373be31e4eb328371e0?s=96&d=mm&r=g","contentUrl":"https:\/\/secure.gravatar.com\/avatar\/53e6cdc30765aade0129f85e5aeb50124b1d3f5bb9a70373be31e4eb328371e0?s=96&d=mm&r=g","caption":"neo_admin"}}]}},"_links":{"self":[{"href":"https:\/\/orthodoxalbania.org\/2020\/wp-json\/wp\/v2\/posts\/3928","targetHints":{"allow":["GET"]}}],"collection":[{"href":"https:\/\/orthodoxalbania.org\/2020\/wp-json\/wp\/v2\/posts"}],"about":[{"href":"https:\/\/orthodoxalbania.org\/2020\/wp-json\/wp\/v2\/types\/post"}],"author":[{"embeddable":true,"href":"https:\/\/orthodoxalbania.org\/2020\/wp-json\/wp\/v2\/users\/14"}],"replies":[{"embeddable":true,"href":"https:\/\/orthodoxalbania.org\/2020\/wp-json\/wp\/v2\/comments?post=3928"}],"version-history":[{"count":1,"href":"https:\/\/orthodoxalbania.org\/2020\/wp-json\/wp\/v2\/posts\/3928\/revisions"}],"predecessor-version":[{"id":14990,"href":"https:\/\/orthodoxalbania.org\/2020\/wp-json\/wp\/v2\/posts\/3928\/revisions\/14990"}],"wp:featuredmedia":[{"embeddable":true,"href":"https:\/\/orthodoxalbania.org\/2020\/wp-json\/wp\/v2\/media\/3929"}],"wp:attachment":[{"href":"https:\/\/orthodoxalbania.org\/2020\/wp-json\/wp\/v2\/media?parent=3928"}],"wp:term":[{"taxonomy":"category","embeddable":true,"href":"https:\/\/orthodoxalbania.org\/2020\/wp-json\/wp\/v2\/categories?post=3928"},{"taxonomy":"post_tag","embeddable":true,"href":"https:\/\/orthodoxalbania.org\/2020\/wp-json\/wp\/v2\/tags?post=3928"}],"curies":[{"name":"wp","href":"https:\/\/api.w.org\/{rel}","templated":true}]}}