{"id":390,"date":"2015-03-09T08:29:15","date_gmt":"2015-03-09T08:29:15","guid":{"rendered":""},"modified":"2020-04-06T22:02:17","modified_gmt":"2020-04-06T20:02:17","slug":"deklarate-per-mediat-nga-mitropolia-e-shenjte-korce","status":"publish","type":"post","link":"https:\/\/orthodoxalbania.org\/2020\/2015\/03\/09\/deklarate-per-mediat-nga-mitropolia-e-shenjte-korce\/","title":{"rendered":"Deklarat\u00eb p\u00ebr Mediat nga Mitropolia e Shenjt\u00eb Kor\u00e7\u00eb"},"content":{"rendered":"<p style=\"text-align: center;\">\n\t<span style=\"color: #000000; font-size: 12pt; font-family: helvetica;\"><strong>Deklarat\u00eb p\u00ebr Mediat nga Mitropolia e Shenjt\u00eb Kor\u00e7\u00eb&nbsp;<\/strong><\/span><\/p>\n<p style=\"text-align: center;\">\n\t<span style=\"color: #000000; font-size: 12pt; font-family: helvetica;\"><strong>pas prishjes s\u00eb rrethimit t\u00eb Katedrales &#8220;Ngjallja e Krishtit&#8221; Tiran\u00eb<\/strong><\/span><\/p>\n<p style=\"text-align: center;\">\n\t&nbsp;<\/p>\n<p style=\"text-align: center;\">\n\t<iframe allowfullscreen=\"\" frameborder=\"0\" height=\"315\" src=\"https:\/\/www.youtube.com\/embed\/hxMwdX_MNuo\" width=\"420\"><\/iframe><\/p>\n","protected":false},"excerpt":{"rendered":"<p>Deklarat\u00eb p\u00ebr Mediat nga Mitropolia e Shenjt\u00eb Kor\u00e7\u00eb&nbsp; pas prishjes s\u00eb rrethimit t\u00eb Katedrales &#8220;Ngjallja e Krishtit&#8221; Tiran\u00eb &nbsp;<\/p>\n","protected":false},"author":1,"featured_media":391,"comment_status":"open","ping_status":"open","sticky":false,"template":"","format":"standard","meta":{"_acf_changed":false,"pagelayer_contact_templates":[],"_pagelayer_content":"","inline_featured_image":false,"fifu_image_url":"","fifu_image_alt":"","footnotes":""},"categories":[108],"tags":[139,153,212,181,203],"class_list":["post-390","post","type-post","status-publish","format-standard","has-post-thumbnail","hentry","category-lajme","tag-139","tag-deklarata-njoftime-zyrtare-d75","tag-lajme-d27","tag-korce","tag-pergjigje-ndaj-akuzave"],"acf":[],"yoast_head":"<!-- This site is optimized with the Yoast SEO plugin v27.2 - https:\/\/yoast.com\/product\/yoast-seo-wordpress\/ -->\n<title>Deklarat\u00eb p\u00ebr Mediat nga Mitropolia e Shenjt\u00eb Kor\u00e7\u00eb - Kisha Orthodh\u03bfkse Autoqefale e Shqip\u00ebris\u00eb<\/title>\n<meta name=\"robots\" content=\"index, follow, max-snippet:-1, max-image-preview:large, max-video-preview:-1\" \/>\n<link rel=\"canonical\" href=\"https:\/\/orthodoxalbania.org\/2020\/2015\/03\/09\/deklarate-per-mediat-nga-mitropolia-e-shenjte-korce\/\" \/>\n<meta property=\"og:locale\" content=\"en_US\" \/>\n<meta property=\"og:type\" content=\"article\" \/>\n<meta property=\"og:title\" content=\"Deklarat\u00eb p\u00ebr Mediat nga Mitropolia e Shenjt\u00eb Kor\u00e7\u00eb - Kisha Orthodh\u03bfkse Autoqefale e Shqip\u00ebris\u00eb\" \/>\n<meta property=\"og:description\" content=\"Deklarat\u00eb p\u00ebr Mediat nga Mitropolia e Shenjt\u00eb Kor\u00e7\u00eb&nbsp; pas prishjes s\u00eb rrethimit t\u00eb Katedrales &#8220;Ngjallja e Krishtit&#8221; Tiran\u00eb &nbsp;\" \/>\n<meta property=\"og:url\" content=\"https:\/\/orthodoxalbania.org\/2020\/2015\/03\/09\/deklarate-per-mediat-nga-mitropolia-e-shenjte-korce\/\" \/>\n<meta property=\"og:site_name\" content=\"Kisha Orthodh\u03bfkse Autoqefale e Shqip\u00ebris\u00eb\" \/>\n<meta property=\"article:publisher\" content=\"https:\/\/www.facebook.com\/koash1991\" \/>\n<meta property=\"article:published_time\" content=\"2015-03-09T08:29:15+00:00\" \/>\n<meta property=\"article:modified_time\" content=\"2020-04-06T20:02:17+00:00\" \/>\n<meta property=\"og:image\" content=\"https:\/\/orthodoxalbania.org\/2020\/wp-content\/uploads\/2020\/04\/mitropolia-e1424175165408-700x350.jpg\" \/>\n\t<meta property=\"og:image:width\" content=\"150\" \/>\n\t<meta property=\"og:image:height\" content=\"150\" \/>\n\t<meta property=\"og:image:type\" content=\"image\/jpeg\" \/>\n<meta name=\"author\" content=\"Kisha Orthodhokse\" \/>\n<meta name=\"twitter:card\" content=\"summary_large_image\" \/>\n<meta name=\"twitter:label1\" content=\"Written by\" \/>\n\t<meta name=\"twitter:data1\" content=\"Kisha Orthodhokse\" \/>\n<script type=\"application\/ld+json\" class=\"yoast-schema-graph\">{\"@context\":\"https:\/\/schema.org\",\"@graph\":[{\"@type\":\"Article\",\"@id\":\"https:\/\/orthodoxalbania.org\/2020\/2015\/03\/09\/deklarate-per-mediat-nga-mitropolia-e-shenjte-korce\/#article\",\"isPartOf\":{\"@id\":\"https:\/\/orthodoxalbania.org\/2020\/2015\/03\/09\/deklarate-per-mediat-nga-mitropolia-e-shenjte-korce\/\"},\"author\":{\"name\":\"Kisha Orthodhokse\",\"@id\":\"https:\/\/orthodoxalbania.org\/2020\/#\/schema\/person\/0c387634a7063ac612d7ed9ce71c7e86\"},\"headline\":\"Deklarat\u00eb p\u00ebr Mediat nga Mitropolia e Shenjt\u00eb Kor\u00e7\u00eb\",\"datePublished\":\"2015-03-09T08:29:15+00:00\",\"dateModified\":\"2020-04-06T20:02:17+00:00\",\"mainEntityOfPage\":{\"@id\":\"https:\/\/orthodoxalbania.org\/2020\/2015\/03\/09\/deklarate-per-mediat-nga-mitropolia-e-shenjte-korce\/\"},\"wordCount\":30,\"commentCount\":0,\"publisher\":{\"@id\":\"https:\/\/orthodoxalbania.org\/2020\/#organization\"},\"image\":{\"@id\":\"https:\/\/orthodoxalbania.org\/2020\/2015\/03\/09\/deklarate-per-mediat-nga-mitropolia-e-shenjte-korce\/#primaryimage\"},\"thumbnailUrl\":\"https:\/\/orthodoxalbania.org\/2020\/wp-content\/uploads\/2020\/04\/mitropolia-e1424175165408-700x350.jpg\",\"keywords\":[\"2015\",\"Deklarata - Njoftime Zyrtare\",\"lajme\",\"Mitropolia Kor\u00e7\u00eb\",\"P\u00ebrgjigje ndaj akuzave\"],\"articleSection\":[\"Lajme\"],\"inLanguage\":\"en-US\"},{\"@type\":\"WebPage\",\"@id\":\"https:\/\/orthodoxalbania.org\/2020\/2015\/03\/09\/deklarate-per-mediat-nga-mitropolia-e-shenjte-korce\/\",\"url\":\"https:\/\/orthodoxalbania.org\/2020\/2015\/03\/09\/deklarate-per-mediat-nga-mitropolia-e-shenjte-korce\/\",\"name\":\"Deklarat\u00eb p\u00ebr Mediat nga Mitropolia e Shenjt\u00eb Kor\u00e7\u00eb - Kisha Orthodh\u03bfkse Autoqefale e Shqip\u00ebris\u00eb\",\"isPartOf\":{\"@id\":\"https:\/\/orthodoxalbania.org\/2020\/#website\"},\"primaryImageOfPage\":{\"@id\":\"https:\/\/orthodoxalbania.org\/2020\/2015\/03\/09\/deklarate-per-mediat-nga-mitropolia-e-shenjte-korce\/#primaryimage\"},\"image\":{\"@id\":\"https:\/\/orthodoxalbania.org\/2020\/2015\/03\/09\/deklarate-per-mediat-nga-mitropolia-e-shenjte-korce\/#primaryimage\"},\"thumbnailUrl\":\"https:\/\/orthodoxalbania.org\/2020\/wp-content\/uploads\/2020\/04\/mitropolia-e1424175165408-700x350.jpg\",\"datePublished\":\"2015-03-09T08:29:15+00:00\",\"dateModified\":\"2020-04-06T20:02:17+00:00\",\"breadcrumb\":{\"@id\":\"https:\/\/orthodoxalbania.org\/2020\/2015\/03\/09\/deklarate-per-mediat-nga-mitropolia-e-shenjte-korce\/#breadcrumb\"},\"inLanguage\":\"en-US\",\"potentialAction\":[{\"@type\":\"ReadAction\",\"target\":[\"https:\/\/orthodoxalbania.org\/2020\/2015\/03\/09\/deklarate-per-mediat-nga-mitropolia-e-shenjte-korce\/\"]}]},{\"@type\":\"ImageObject\",\"inLanguage\":\"en-US\",\"@id\":\"https:\/\/orthodoxalbania.org\/2020\/2015\/03\/09\/deklarate-per-mediat-nga-mitropolia-e-shenjte-korce\/#primaryimage\",\"url\":\"https:\/\/orthodoxalbania.org\/2020\/wp-content\/uploads\/2020\/04\/mitropolia-e1424175165408-700x350.jpg\",\"contentUrl\":\"https:\/\/orthodoxalbania.org\/2020\/wp-content\/uploads\/2020\/04\/mitropolia-e1424175165408-700x350.jpg\",\"width\":150,\"height\":150},{\"@type\":\"BreadcrumbList\",\"@id\":\"https:\/\/orthodoxalbania.org\/2020\/2015\/03\/09\/deklarate-per-mediat-nga-mitropolia-e-shenjte-korce\/#breadcrumb\",\"itemListElement\":[{\"@type\":\"ListItem\",\"position\":1,\"name\":\"Home\",\"item\":\"https:\/\/orthodoxalbania.org\/2020\/\"},{\"@type\":\"ListItem\",\"position\":2,\"name\":\"Deklarat\u00eb p\u00ebr Mediat nga Mitropolia e Shenjt\u00eb Kor\u00e7\u00eb\"}]},{\"@type\":\"WebSite\",\"@id\":\"https:\/\/orthodoxalbania.org\/2020\/#website\",\"url\":\"https:\/\/orthodoxalbania.org\/2020\/\",\"name\":\"Kisha Orthodh\u03bfkse Autoqefale e Shqip\u00ebris\u00eb\",\"description\":\"Fqja Zyrtare e Kish\u00ebs Orthodhokse Autoqefale e Shqip\u00ebris\u00eb me lajmet edhe informacionet zyrtare p\u00ebr struktur\u00ebn edhe veprimtarin e saj.\",\"publisher\":{\"@id\":\"https:\/\/orthodoxalbania.org\/2020\/#organization\"},\"potentialAction\":[{\"@type\":\"SearchAction\",\"target\":{\"@type\":\"EntryPoint\",\"urlTemplate\":\"https:\/\/orthodoxalbania.org\/2020\/?s={search_term_string}\"},\"query-input\":{\"@type\":\"PropertyValueSpecification\",\"valueRequired\":true,\"valueName\":\"search_term_string\"}}],\"inLanguage\":\"en-US\"},{\"@type\":\"Organization\",\"@id\":\"https:\/\/orthodoxalbania.org\/2020\/#organization\",\"name\":\"Kisha Orthodhokse Autoqefale e Shqip\u00ebris\u00eb\",\"url\":\"https:\/\/orthodoxalbania.org\/2020\/\",\"logo\":{\"@type\":\"ImageObject\",\"inLanguage\":\"en-US\",\"@id\":\"https:\/\/orthodoxalbania.org\/2020\/#\/schema\/logo\/image\/\",\"url\":\"https:\/\/orthodoxalbania.org\/2020\/wp-content\/uploads\/2020\/05\/albania.jpeg\",\"contentUrl\":\"https:\/\/orthodoxalbania.org\/2020\/wp-content\/uploads\/2020\/05\/albania.jpeg\",\"width\":540,\"height\":540,\"caption\":\"Kisha Orthodhokse Autoqefale e Shqip\u00ebris\u00eb\"},\"image\":{\"@id\":\"https:\/\/orthodoxalbania.org\/2020\/#\/schema\/logo\/image\/\"},\"sameAs\":[\"https:\/\/www.facebook.com\/koash1991\"]},{\"@type\":\"Person\",\"@id\":\"https:\/\/orthodoxalbania.org\/2020\/#\/schema\/person\/0c387634a7063ac612d7ed9ce71c7e86\",\"name\":\"Kisha Orthodhokse\",\"image\":{\"@type\":\"ImageObject\",\"inLanguage\":\"en-US\",\"@id\":\"https:\/\/secure.gravatar.com\/avatar\/596e7c417251e30f2fbb9c00e026fce61a695a00e51c889caded71c96cbbdde5?s=96&d=mm&r=g\",\"url\":\"https:\/\/secure.gravatar.com\/avatar\/596e7c417251e30f2fbb9c00e026fce61a695a00e51c889caded71c96cbbdde5?s=96&d=mm&r=g\",\"contentUrl\":\"https:\/\/secure.gravatar.com\/avatar\/596e7c417251e30f2fbb9c00e026fce61a695a00e51c889caded71c96cbbdde5?s=96&d=mm&r=g\",\"caption\":\"Kisha Orthodhokse\"}}]}<\/script>\n<!-- \/ Yoast SEO plugin. -->","yoast_head_json":{"title":"Deklarat\u00eb p\u00ebr Mediat nga Mitropolia e Shenjt\u00eb Kor\u00e7\u00eb - Kisha Orthodh\u03bfkse Autoqefale e Shqip\u00ebris\u00eb","robots":{"index":"index","follow":"follow","max-snippet":"max-snippet:-1","max-image-preview":"max-image-preview:large","max-video-preview":"max-video-preview:-1"},"canonical":"https:\/\/orthodoxalbania.org\/2020\/2015\/03\/09\/deklarate-per-mediat-nga-mitropolia-e-shenjte-korce\/","og_locale":"en_US","og_type":"article","og_title":"Deklarat\u00eb p\u00ebr Mediat nga Mitropolia e Shenjt\u00eb Kor\u00e7\u00eb - Kisha Orthodh\u03bfkse Autoqefale e Shqip\u00ebris\u00eb","og_description":"Deklarat\u00eb p\u00ebr Mediat nga Mitropolia e Shenjt\u00eb Kor\u00e7\u00eb&nbsp; pas prishjes s\u00eb rrethimit t\u00eb Katedrales &#8220;Ngjallja e Krishtit&#8221; Tiran\u00eb &nbsp;","og_url":"https:\/\/orthodoxalbania.org\/2020\/2015\/03\/09\/deklarate-per-mediat-nga-mitropolia-e-shenjte-korce\/","og_site_name":"Kisha Orthodh\u03bfkse Autoqefale e Shqip\u00ebris\u00eb","article_publisher":"https:\/\/www.facebook.com\/koash1991","article_published_time":"2015-03-09T08:29:15+00:00","article_modified_time":"2020-04-06T20:02:17+00:00","og_image":[{"width":150,"height":150,"url":"https:\/\/orthodoxalbania.org\/2020\/wp-content\/uploads\/2020\/04\/mitropolia-e1424175165408-700x350.jpg","type":"image\/jpeg"}],"author":"Kisha Orthodhokse","twitter_card":"summary_large_image","twitter_misc":{"Written by":"Kisha Orthodhokse"},"schema":{"@context":"https:\/\/schema.org","@graph":[{"@type":"Article","@id":"https:\/\/orthodoxalbania.org\/2020\/2015\/03\/09\/deklarate-per-mediat-nga-mitropolia-e-shenjte-korce\/#article","isPartOf":{"@id":"https:\/\/orthodoxalbania.org\/2020\/2015\/03\/09\/deklarate-per-mediat-nga-mitropolia-e-shenjte-korce\/"},"author":{"name":"Kisha Orthodhokse","@id":"https:\/\/orthodoxalbania.org\/2020\/#\/schema\/person\/0c387634a7063ac612d7ed9ce71c7e86"},"headline":"Deklarat\u00eb p\u00ebr Mediat nga Mitropolia e Shenjt\u00eb Kor\u00e7\u00eb","datePublished":"2015-03-09T08:29:15+00:00","dateModified":"2020-04-06T20:02:17+00:00","mainEntityOfPage":{"@id":"https:\/\/orthodoxalbania.org\/2020\/2015\/03\/09\/deklarate-per-mediat-nga-mitropolia-e-shenjte-korce\/"},"wordCount":30,"commentCount":0,"publisher":{"@id":"https:\/\/orthodoxalbania.org\/2020\/#organization"},"image":{"@id":"https:\/\/orthodoxalbania.org\/2020\/2015\/03\/09\/deklarate-per-mediat-nga-mitropolia-e-shenjte-korce\/#primaryimage"},"thumbnailUrl":"https:\/\/orthodoxalbania.org\/2020\/wp-content\/uploads\/2020\/04\/mitropolia-e1424175165408-700x350.jpg","keywords":["2015","Deklarata - Njoftime Zyrtare","lajme","Mitropolia Kor\u00e7\u00eb","P\u00ebrgjigje ndaj akuzave"],"articleSection":["Lajme"],"inLanguage":"en-US"},{"@type":"WebPage","@id":"https:\/\/orthodoxalbania.org\/2020\/2015\/03\/09\/deklarate-per-mediat-nga-mitropolia-e-shenjte-korce\/","url":"https:\/\/orthodoxalbania.org\/2020\/2015\/03\/09\/deklarate-per-mediat-nga-mitropolia-e-shenjte-korce\/","name":"Deklarat\u00eb p\u00ebr Mediat nga Mitropolia e Shenjt\u00eb Kor\u00e7\u00eb - Kisha Orthodh\u03bfkse Autoqefale e Shqip\u00ebris\u00eb","isPartOf":{"@id":"https:\/\/orthodoxalbania.org\/2020\/#website"},"primaryImageOfPage":{"@id":"https:\/\/orthodoxalbania.org\/2020\/2015\/03\/09\/deklarate-per-mediat-nga-mitropolia-e-shenjte-korce\/#primaryimage"},"image":{"@id":"https:\/\/orthodoxalbania.org\/2020\/2015\/03\/09\/deklarate-per-mediat-nga-mitropolia-e-shenjte-korce\/#primaryimage"},"thumbnailUrl":"https:\/\/orthodoxalbania.org\/2020\/wp-content\/uploads\/2020\/04\/mitropolia-e1424175165408-700x350.jpg","datePublished":"2015-03-09T08:29:15+00:00","dateModified":"2020-04-06T20:02:17+00:00","breadcrumb":{"@id":"https:\/\/orthodoxalbania.org\/2020\/2015\/03\/09\/deklarate-per-mediat-nga-mitropolia-e-shenjte-korce\/#breadcrumb"},"inLanguage":"en-US","potentialAction":[{"@type":"ReadAction","target":["https:\/\/orthodoxalbania.org\/2020\/2015\/03\/09\/deklarate-per-mediat-nga-mitropolia-e-shenjte-korce\/"]}]},{"@type":"ImageObject","inLanguage":"en-US","@id":"https:\/\/orthodoxalbania.org\/2020\/2015\/03\/09\/deklarate-per-mediat-nga-mitropolia-e-shenjte-korce\/#primaryimage","url":"https:\/\/orthodoxalbania.org\/2020\/wp-content\/uploads\/2020\/04\/mitropolia-e1424175165408-700x350.jpg","contentUrl":"https:\/\/orthodoxalbania.org\/2020\/wp-content\/uploads\/2020\/04\/mitropolia-e1424175165408-700x350.jpg","width":150,"height":150},{"@type":"BreadcrumbList","@id":"https:\/\/orthodoxalbania.org\/2020\/2015\/03\/09\/deklarate-per-mediat-nga-mitropolia-e-shenjte-korce\/#breadcrumb","itemListElement":[{"@type":"ListItem","position":1,"name":"Home","item":"https:\/\/orthodoxalbania.org\/2020\/"},{"@type":"ListItem","position":2,"name":"Deklarat\u00eb p\u00ebr Mediat nga Mitropolia e Shenjt\u00eb Kor\u00e7\u00eb"}]},{"@type":"WebSite","@id":"https:\/\/orthodoxalbania.org\/2020\/#website","url":"https:\/\/orthodoxalbania.org\/2020\/","name":"Kisha Orthodh\u03bfkse Autoqefale e Shqip\u00ebris\u00eb","description":"Fqja Zyrtare e Kish\u00ebs Orthodhokse Autoqefale e Shqip\u00ebris\u00eb me lajmet edhe informacionet zyrtare p\u00ebr struktur\u00ebn edhe veprimtarin e saj.","publisher":{"@id":"https:\/\/orthodoxalbania.org\/2020\/#organization"},"potentialAction":[{"@type":"SearchAction","target":{"@type":"EntryPoint","urlTemplate":"https:\/\/orthodoxalbania.org\/2020\/?s={search_term_string}"},"query-input":{"@type":"PropertyValueSpecification","valueRequired":true,"valueName":"search_term_string"}}],"inLanguage":"en-US"},{"@type":"Organization","@id":"https:\/\/orthodoxalbania.org\/2020\/#organization","name":"Kisha Orthodhokse Autoqefale e Shqip\u00ebris\u00eb","url":"https:\/\/orthodoxalbania.org\/2020\/","logo":{"@type":"ImageObject","inLanguage":"en-US","@id":"https:\/\/orthodoxalbania.org\/2020\/#\/schema\/logo\/image\/","url":"https:\/\/orthodoxalbania.org\/2020\/wp-content\/uploads\/2020\/05\/albania.jpeg","contentUrl":"https:\/\/orthodoxalbania.org\/2020\/wp-content\/uploads\/2020\/05\/albania.jpeg","width":540,"height":540,"caption":"Kisha Orthodhokse Autoqefale e Shqip\u00ebris\u00eb"},"image":{"@id":"https:\/\/orthodoxalbania.org\/2020\/#\/schema\/logo\/image\/"},"sameAs":["https:\/\/www.facebook.com\/koash1991"]},{"@type":"Person","@id":"https:\/\/orthodoxalbania.org\/2020\/#\/schema\/person\/0c387634a7063ac612d7ed9ce71c7e86","name":"Kisha Orthodhokse","image":{"@type":"ImageObject","inLanguage":"en-US","@id":"https:\/\/secure.gravatar.com\/avatar\/596e7c417251e30f2fbb9c00e026fce61a695a00e51c889caded71c96cbbdde5?s=96&d=mm&r=g","url":"https:\/\/secure.gravatar.com\/avatar\/596e7c417251e30f2fbb9c00e026fce61a695a00e51c889caded71c96cbbdde5?s=96&d=mm&r=g","contentUrl":"https:\/\/secure.gravatar.com\/avatar\/596e7c417251e30f2fbb9c00e026fce61a695a00e51c889caded71c96cbbdde5?s=96&d=mm&r=g","caption":"Kisha Orthodhokse"}}]}},"_links":{"self":[{"href":"https:\/\/orthodoxalbania.org\/2020\/wp-json\/wp\/v2\/posts\/390","targetHints":{"allow":["GET"]}}],"collection":[{"href":"https:\/\/orthodoxalbania.org\/2020\/wp-json\/wp\/v2\/posts"}],"about":[{"href":"https:\/\/orthodoxalbania.org\/2020\/wp-json\/wp\/v2\/types\/post"}],"author":[{"embeddable":true,"href":"https:\/\/orthodoxalbania.org\/2020\/wp-json\/wp\/v2\/users\/1"}],"replies":[{"embeddable":true,"href":"https:\/\/orthodoxalbania.org\/2020\/wp-json\/wp\/v2\/comments?post=390"}],"version-history":[{"count":1,"href":"https:\/\/orthodoxalbania.org\/2020\/wp-json\/wp\/v2\/posts\/390\/revisions"}],"predecessor-version":[{"id":15024,"href":"https:\/\/orthodoxalbania.org\/2020\/wp-json\/wp\/v2\/posts\/390\/revisions\/15024"}],"wp:featuredmedia":[{"embeddable":true,"href":"https:\/\/orthodoxalbania.org\/2020\/wp-json\/wp\/v2\/media\/391"}],"wp:attachment":[{"href":"https:\/\/orthodoxalbania.org\/2020\/wp-json\/wp\/v2\/media?parent=390"}],"wp:term":[{"taxonomy":"category","embeddable":true,"href":"https:\/\/orthodoxalbania.org\/2020\/wp-json\/wp\/v2\/categories?post=390"},{"taxonomy":"post_tag","embeddable":true,"href":"https:\/\/orthodoxalbania.org\/2020\/wp-json\/wp\/v2\/tags?post=390"}],"curies":[{"name":"wp","href":"https:\/\/api.w.org\/{rel}","templated":true}]}}